{"id":444,"date":"2016-08-12T16:55:50","date_gmt":"2016-08-12T14:55:50","guid":{"rendered":"https:\/\/dev.umweltperspektiven.ch\/?p=444"},"modified":"2016-08-12T16:55:50","modified_gmt":"2016-08-12T14:55:50","slug":"pestizid-verantwortlich-fuer-bienensterben","status":"publish","type":"post","link":"https:\/\/www.organisator.ch\/fr\/allgemein\/2016-08-12\/pestizid-verantwortlich-fuer-bienensterben\/","title":{"rendered":"Un pesticide responsable de la mort des abeilles"},"content":{"rendered":"<figure id=\"attachment_445\" aria-describedby=\"caption-attachment-445\" style=\"width: 680px\" class=\"wp-caption alignnone\"><a href=\"\/\/dev.umweltperspektiven.ch\/wp-content\/uploads\/2016\/12\/Pestizid-verantwortlich-f\u00fcr-Bienensterben-umweltperspektiven.jpg\"><img loading=\"lazy\" decoding=\"async\" class=\"wp-image-445 size-medium\" src=\"\/\/www.umweltperspektiven.ch\/wp-content\/uploads\/2016\/12\/Pestizid-verantwortlich-f\u00fcr-Bienensterben-umweltperspektiven.jpg\" alt=\"La mort de plusieurs colonies d&#039;abeilles est due \u00e0 une mauvaise utilisation des pesticides.\" width=\"680\" height=\"435\" \/><\/a><figcaption id=\"caption-attachment-445\" class=\"wp-caption-text\">La mort de plusieurs colonies d'abeilles est due \u00e0 une mauvaise utilisation des pesticides.<\/figcaption><\/figure>\n<p>Le service Criminalit\u00e9 environnementale et s\u00e9curit\u00e9 au travail de la police cantonale bernoise a termin\u00e9 son enqu\u00eate sur la mort d'abeilles survenue \u00e0 la mi-mai 2016 \u00e0 Z\u00e4ziwil. Celles-ci ont r\u00e9v\u00e9l\u00e9 que l'utilisation non conforme d'un produit phytosanitaire avait entra\u00een\u00e9 la mort de plusieurs colonies d'abeilles. Le responsable pr\u00e9sum\u00e9 a \u00e9galement pu \u00eatre identifi\u00e9 au cours des investigations.<\/p>\n<p>L'homme de 37 ans a pu \u00eatre prouv\u00e9 qu'il avait r\u00e9pandu le produit phytosanitaire. Il devra r\u00e9pondre devant la justice d'infractions \u00e0 la loi sur la protection de l'environnement, \u00e0 la loi sur l'agriculture et \u00e0 la loi sur les produits chimiques.<\/p>\n<p>Apr\u00e8s avoir constat\u00e9 \u00e0 la mi-mai 2016 que plusieurs colonies d'abeilles \u00e9taient mortes \u00e0 Z\u00e4ziwil, une taskforce compos\u00e9e du Service sanitaire apicole, du Service phytosanitaire, du Service v\u00e9t\u00e9rinaire et de la police cantonale bernoise a \u00e9t\u00e9 convoqu\u00e9e conform\u00e9ment au concept cantonal relatif \u00e0 la proc\u00e9dure \u00e0 suivre en cas d'empoisonnement des abeilles. Apr\u00e8s les premi\u00e8res enqu\u00eates men\u00e9es par les services impliqu\u00e9s, le soup\u00e7on que la mort des abeilles \u00e9tait due \u00e0 un empoisonnement s'est confirm\u00e9. L'affaire a ensuite \u00e9t\u00e9 transmise \u00e0 la police cantonale bernoise pour qu'elle poursuive son enqu\u00eate.<\/p>\n<p>(Police cantonale bernoise)<\/p>","protected":false},"excerpt":{"rendered":"<p>Die Fachstelle Umweltkriminalit\u00e4t und Arbeitssicherheit der Kantonspolizei Bern hat ihre Ermittlungen zu einem Bienensterben von Mitte Mai 2016 in Z\u00e4ziwil abgeschlossen. Diese ergaben, dass die nicht fachgerechte Anwendung eines Pflanzenschutzmittels zum Tod mehrerer Bienenv\u00f6lker gef\u00fchrt hatte. Der mutmassliche Verursacher konnte im Zuge der Abkl\u00e4rungen ebenfalls ermittelt werden. Dem 37-j\u00e4hrigen Mann konnte nachgewiesen werden, das Pflanzenschutzmittel [&hellip;]<\/p>\n","protected":false},"author":1,"featured_media":445,"comment_status":"open","ping_status":"open","sticky":false,"template":"","format":"standard","meta":{"_acf_changed":false,"_yoast_wpseo_focuskw":"Bienensterben","_yoast_wpseo_metadesc":"Die Kantonspolizei Bern hat ermittelt, was hinter einem Bienensterben Mitte Mai in Z\u00e4ziwil BE steckte: Schuld sind Pflanzschutzmittel.","articlekey":"","footnotes":""},"categories":[1],"tags":[809,1894,1904],"class_list":["post-444","post","type-post","status-publish","format-standard","has-post-thumbnail","hentry","category-allgemein","tag-bienensterben","tag-pestizide","tag-pflanzenschutzmittel"],"acf":[],"yoast_head":"<!-- This site is optimized with the Yoast SEO plugin v27.4 - https:\/\/yoast.com\/product\/yoast-seo-wordpress\/ -->\n<title>Pestizid verantwortlich f\u00fcr Bienensterben - Organisator<\/title>\n<meta name=\"description\" content=\"Die Kantonspolizei Bern hat ermittelt, was hinter einem Bienensterben Mitte Mai in Z\u00e4ziwil BE steckte: Schuld sind Pflanzschutzmittel.\" \/>\n<meta name=\"robots\" content=\"index, follow, max-snippet:-1, max-image-preview:large, max-video-preview:-1\" \/>\n<link rel=\"canonical\" href=\"https:\/\/www.organisator.ch\/fr\/general\/2016-08-12\/pestizid-verantwortlich-fuer-bienensterben\/\" \/>\n<meta property=\"og:locale\" content=\"fr_FR\" \/>\n<meta property=\"og:type\" content=\"article\" \/>\n<meta property=\"og:title\" content=\"Pestizid verantwortlich f\u00fcr Bienensterben - Organisator\" \/>\n<meta property=\"og:description\" content=\"Die Kantonspolizei Bern hat ermittelt, was hinter einem Bienensterben Mitte Mai in Z\u00e4ziwil BE steckte: Schuld sind Pflanzschutzmittel.\" \/>\n<meta property=\"og:url\" content=\"https:\/\/www.organisator.ch\/fr\/general\/2016-08-12\/pestizid-verantwortlich-fuer-bienensterben\/\" \/>\n<meta property=\"og:site_name\" content=\"Organisator\" \/>\n<meta property=\"article:publisher\" content=\"https:\/\/www.facebook.com\/OrganisatorFachmagazin\" \/>\n<meta property=\"article:published_time\" content=\"2016-08-12T14:55:50+00:00\" \/>\n<meta property=\"og:image\" content=\"https:\/\/www.organisator.ch\/wp-content\/uploads\/2016\/12\/Pestizid-verantwortlich-fuer-Bienensterben-umweltperspektiven.jpg\" \/>\n\t<meta property=\"og:image:width\" content=\"1000\" \/>\n\t<meta property=\"og:image:height\" content=\"640\" \/>\n\t<meta property=\"og:image:type\" content=\"image\/jpeg\" \/>\n<meta name=\"author\" content=\"admin\" \/>\n<meta name=\"twitter:card\" content=\"summary_large_image\" \/>\n<script type=\"application\/ld+json\" class=\"yoast-schema-graph\">{\"@context\":\"https:\\\/\\\/schema.org\",\"@graph\":[{\"@type\":\"Article\",\"@id\":\"https:\\\/\\\/www.organisator.ch\\\/en\\\/general\\\/2016-08-12\\\/pestizid-verantwortlich-fuer-bienensterben\\\/#article\",\"isPartOf\":{\"@id\":\"https:\\\/\\\/www.organisator.ch\\\/en\\\/general\\\/2016-08-12\\\/pestizid-verantwortlich-fuer-bienensterben\\\/\"},\"author\":{\"name\":\"admin\",\"@id\":\"https:\\\/\\\/www.organisator.ch\\\/#\\\/schema\\\/person\\\/aa2bace6c5c5aad60102004a50c4eb1c\"},\"headline\":\"Pestizid verantwortlich f\u00fcr Bienensterben\",\"datePublished\":\"2016-08-12T14:55:50+00:00\",\"mainEntityOfPage\":{\"@id\":\"https:\\\/\\\/www.organisator.ch\\\/en\\\/general\\\/2016-08-12\\\/pestizid-verantwortlich-fuer-bienensterben\\\/\"},\"wordCount\":191,\"commentCount\":0,\"publisher\":{\"@id\":\"https:\\\/\\\/www.organisator.ch\\\/#organization\"},\"image\":{\"@id\":\"https:\\\/\\\/www.organisator.ch\\\/en\\\/general\\\/2016-08-12\\\/pestizid-verantwortlich-fuer-bienensterben\\\/#primaryimage\"},\"thumbnailUrl\":\"https:\\\/\\\/www.organisator.ch\\\/wp-content\\\/uploads\\\/2016\\\/12\\\/Pestizid-verantwortlich-fuer-Bienensterben-umweltperspektiven.jpg\",\"keywords\":[\"Bienensterben\",\"Pestizide\",\"Pflanzenschutzmittel\"],\"articleSection\":[\"Allgemein\"],\"inLanguage\":\"fr-FR\"},{\"@type\":\"WebPage\",\"@id\":\"https:\\\/\\\/www.organisator.ch\\\/en\\\/general\\\/2016-08-12\\\/pestizid-verantwortlich-fuer-bienensterben\\\/\",\"url\":\"https:\\\/\\\/www.organisator.ch\\\/en\\\/general\\\/2016-08-12\\\/pestizid-verantwortlich-fuer-bienensterben\\\/\",\"name\":\"Pestizid verantwortlich f\u00fcr Bienensterben - Organisator\",\"isPartOf\":{\"@id\":\"https:\\\/\\\/www.organisator.ch\\\/#website\"},\"primaryImageOfPage\":{\"@id\":\"https:\\\/\\\/www.organisator.ch\\\/en\\\/general\\\/2016-08-12\\\/pestizid-verantwortlich-fuer-bienensterben\\\/#primaryimage\"},\"image\":{\"@id\":\"https:\\\/\\\/www.organisator.ch\\\/en\\\/general\\\/2016-08-12\\\/pestizid-verantwortlich-fuer-bienensterben\\\/#primaryimage\"},\"thumbnailUrl\":\"https:\\\/\\\/www.organisator.ch\\\/wp-content\\\/uploads\\\/2016\\\/12\\\/Pestizid-verantwortlich-fuer-Bienensterben-umweltperspektiven.jpg\",\"datePublished\":\"2016-08-12T14:55:50+00:00\",\"description\":\"Die Kantonspolizei Bern hat ermittelt, was hinter einem Bienensterben Mitte Mai in Z\u00e4ziwil BE steckte: Schuld sind Pflanzschutzmittel.\",\"breadcrumb\":{\"@id\":\"https:\\\/\\\/www.organisator.ch\\\/en\\\/general\\\/2016-08-12\\\/pestizid-verantwortlich-fuer-bienensterben\\\/#breadcrumb\"},\"inLanguage\":\"fr-FR\",\"potentialAction\":[{\"@type\":\"ReadAction\",\"target\":[\"https:\\\/\\\/www.organisator.ch\\\/en\\\/general\\\/2016-08-12\\\/pestizid-verantwortlich-fuer-bienensterben\\\/\"]}]},{\"@type\":\"ImageObject\",\"inLanguage\":\"fr-FR\",\"@id\":\"https:\\\/\\\/www.organisator.ch\\\/en\\\/general\\\/2016-08-12\\\/pestizid-verantwortlich-fuer-bienensterben\\\/#primaryimage\",\"url\":\"https:\\\/\\\/www.organisator.ch\\\/wp-content\\\/uploads\\\/2016\\\/12\\\/Pestizid-verantwortlich-fuer-Bienensterben-umweltperspektiven.jpg\",\"contentUrl\":\"https:\\\/\\\/www.organisator.ch\\\/wp-content\\\/uploads\\\/2016\\\/12\\\/Pestizid-verantwortlich-fuer-Bienensterben-umweltperspektiven.jpg\",\"width\":1000,\"height\":640,\"caption\":\"Schuld am Tod mehrerer Bienenv\u00f6lker ist der unsachgem\u00e4sse Umgang mit Pestiziden.\"},{\"@type\":\"BreadcrumbList\",\"@id\":\"https:\\\/\\\/www.organisator.ch\\\/en\\\/general\\\/2016-08-12\\\/pestizid-verantwortlich-fuer-bienensterben\\\/#breadcrumb\",\"itemListElement\":[{\"@type\":\"ListItem\",\"position\":1,\"name\":\"Home\",\"item\":\"https:\\\/\\\/www.organisator.ch\\\/\"},{\"@type\":\"ListItem\",\"position\":2,\"name\":\"Pestizid verantwortlich f\u00fcr Bienensterben\"}]},{\"@type\":\"WebSite\",\"@id\":\"https:\\\/\\\/www.organisator.ch\\\/#website\",\"url\":\"https:\\\/\\\/www.organisator.ch\\\/\",\"name\":\"Organisator\",\"description\":\"Kompetent. Praxisnah. Der ORGANISATOR bereitet in 10 Ausgaben pro Jahr die wesentlichen Themen f\u00fcr F\u00fchrungskr\u00e4fte von KMU auf.\",\"publisher\":{\"@id\":\"https:\\\/\\\/www.organisator.ch\\\/#organization\"},\"potentialAction\":[{\"@type\":\"SearchAction\",\"target\":{\"@type\":\"EntryPoint\",\"urlTemplate\":\"https:\\\/\\\/www.organisator.ch\\\/?s={search_term_string}\"},\"query-input\":{\"@type\":\"PropertyValueSpecification\",\"valueRequired\":true,\"valueName\":\"search_term_string\"}}],\"inLanguage\":\"fr-FR\"},{\"@type\":\"Organization\",\"@id\":\"https:\\\/\\\/www.organisator.ch\\\/#organization\",\"name\":\"Organisator\",\"url\":\"https:\\\/\\\/www.organisator.ch\\\/\",\"logo\":{\"@type\":\"ImageObject\",\"inLanguage\":\"fr-FR\",\"@id\":\"https:\\\/\\\/www.organisator.ch\\\/#\\\/schema\\\/logo\\\/image\\\/\",\"url\":\"https:\\\/\\\/www.organisator.ch\\\/wp-content\\\/uploads\\\/2022\\\/01\\\/Logo_Organisator_Website.png\",\"contentUrl\":\"https:\\\/\\\/www.organisator.ch\\\/wp-content\\\/uploads\\\/2022\\\/01\\\/Logo_Organisator_Website.png\",\"width\":800,\"height\":77,\"caption\":\"Organisator\"},\"image\":{\"@id\":\"https:\\\/\\\/www.organisator.ch\\\/#\\\/schema\\\/logo\\\/image\\\/\"},\"sameAs\":[\"https:\\\/\\\/www.facebook.com\\\/OrganisatorFachmagazin\",\"https:\\\/\\\/www.linkedin.com\\\/showcase\\\/organisator-das-magazin-fr-kmu\",\"https:\\\/\\\/www.xing.com\\\/news\\\/pages\\\/organisator-ch-695\",\"https:\\\/\\\/www.youtube.com\\\/channel\\\/UCGP2Sq0iWaZwT3BdIAQFYpw\"]},{\"@type\":\"Person\",\"@id\":\"https:\\\/\\\/www.organisator.ch\\\/#\\\/schema\\\/person\\\/aa2bace6c5c5aad60102004a50c4eb1c\",\"name\":\"admin\",\"image\":{\"@type\":\"ImageObject\",\"inLanguage\":\"fr-FR\",\"@id\":\"https:\\\/\\\/secure.gravatar.com\\\/avatar\\\/ae2f4d718e6c49043e314ce431e7e645d646302a24a5ef5a8bc8e3f5a032e319?s=96&d=mm&r=g\",\"url\":\"https:\\\/\\\/secure.gravatar.com\\\/avatar\\\/ae2f4d718e6c49043e314ce431e7e645d646302a24a5ef5a8bc8e3f5a032e319?s=96&d=mm&r=g\",\"contentUrl\":\"https:\\\/\\\/secure.gravatar.com\\\/avatar\\\/ae2f4d718e6c49043e314ce431e7e645d646302a24a5ef5a8bc8e3f5a032e319?s=96&d=mm&r=g\",\"caption\":\"admin\"},\"sameAs\":[\"https:\\\/\\\/www.organisator.ch\"],\"url\":\"https:\\\/\\\/www.organisator.ch\\\/fr\\\/author\\\/admin\\\/\"}]}<\/script>\n<!-- \/ Yoast SEO plugin. -->","yoast_head_json":{"title":"Un pesticide responsable de la mort des abeilles - Organisateur","description":"La police cantonale bernoise a d\u00e9termin\u00e9 ce qui se cachait derri\u00e8re la mort d'abeilles survenue \u00e0 la mi-mai \u00e0 Z\u00e4ziwil (BE) : les produits phytosanitaires en sont responsables.","robots":{"index":"index","follow":"follow","max-snippet":"max-snippet:-1","max-image-preview":"max-image-preview:large","max-video-preview":"max-video-preview:-1"},"canonical":"https:\/\/www.organisator.ch\/fr\/general\/2016-08-12\/pestizid-verantwortlich-fuer-bienensterben\/","og_locale":"fr_FR","og_type":"article","og_title":"Pestizid verantwortlich f\u00fcr Bienensterben - Organisator","og_description":"Die Kantonspolizei Bern hat ermittelt, was hinter einem Bienensterben Mitte Mai in Z\u00e4ziwil BE steckte: Schuld sind Pflanzschutzmittel.","og_url":"https:\/\/www.organisator.ch\/fr\/general\/2016-08-12\/pestizid-verantwortlich-fuer-bienensterben\/","og_site_name":"Organisator","article_publisher":"https:\/\/www.facebook.com\/OrganisatorFachmagazin","article_published_time":"2016-08-12T14:55:50+00:00","og_image":[{"width":1000,"height":640,"url":"https:\/\/www.organisator.ch\/wp-content\/uploads\/2016\/12\/Pestizid-verantwortlich-fuer-Bienensterben-umweltperspektiven.jpg","type":"image\/jpeg"}],"author":"admin","twitter_card":"summary_large_image","schema":{"@context":"https:\/\/schema.org","@graph":[{"@type":"Article","@id":"https:\/\/www.organisator.ch\/en\/general\/2016-08-12\/pestizid-verantwortlich-fuer-bienensterben\/#article","isPartOf":{"@id":"https:\/\/www.organisator.ch\/en\/general\/2016-08-12\/pestizid-verantwortlich-fuer-bienensterben\/"},"author":{"name":"admin","@id":"https:\/\/www.organisator.ch\/#\/schema\/person\/aa2bace6c5c5aad60102004a50c4eb1c"},"headline":"Pestizid verantwortlich f\u00fcr Bienensterben","datePublished":"2016-08-12T14:55:50+00:00","mainEntityOfPage":{"@id":"https:\/\/www.organisator.ch\/en\/general\/2016-08-12\/pestizid-verantwortlich-fuer-bienensterben\/"},"wordCount":191,"commentCount":0,"publisher":{"@id":"https:\/\/www.organisator.ch\/#organization"},"image":{"@id":"https:\/\/www.organisator.ch\/en\/general\/2016-08-12\/pestizid-verantwortlich-fuer-bienensterben\/#primaryimage"},"thumbnailUrl":"https:\/\/www.organisator.ch\/wp-content\/uploads\/2016\/12\/Pestizid-verantwortlich-fuer-Bienensterben-umweltperspektiven.jpg","keywords":["Bienensterben","Pestizide","Pflanzenschutzmittel"],"articleSection":["Allgemein"],"inLanguage":"fr-FR"},{"@type":"WebPage","@id":"https:\/\/www.organisator.ch\/en\/general\/2016-08-12\/pestizid-verantwortlich-fuer-bienensterben\/","url":"https:\/\/www.organisator.ch\/en\/general\/2016-08-12\/pestizid-verantwortlich-fuer-bienensterben\/","name":"Un pesticide responsable de la mort des abeilles - Organisateur","isPartOf":{"@id":"https:\/\/www.organisator.ch\/#website"},"primaryImageOfPage":{"@id":"https:\/\/www.organisator.ch\/en\/general\/2016-08-12\/pestizid-verantwortlich-fuer-bienensterben\/#primaryimage"},"image":{"@id":"https:\/\/www.organisator.ch\/en\/general\/2016-08-12\/pestizid-verantwortlich-fuer-bienensterben\/#primaryimage"},"thumbnailUrl":"https:\/\/www.organisator.ch\/wp-content\/uploads\/2016\/12\/Pestizid-verantwortlich-fuer-Bienensterben-umweltperspektiven.jpg","datePublished":"2016-08-12T14:55:50+00:00","description":"La police cantonale bernoise a d\u00e9termin\u00e9 ce qui se cachait derri\u00e8re la mort d'abeilles survenue \u00e0 la mi-mai \u00e0 Z\u00e4ziwil (BE) : les produits phytosanitaires en sont responsables.","breadcrumb":{"@id":"https:\/\/www.organisator.ch\/en\/general\/2016-08-12\/pestizid-verantwortlich-fuer-bienensterben\/#breadcrumb"},"inLanguage":"fr-FR","potentialAction":[{"@type":"ReadAction","target":["https:\/\/www.organisator.ch\/en\/general\/2016-08-12\/pestizid-verantwortlich-fuer-bienensterben\/"]}]},{"@type":"ImageObject","inLanguage":"fr-FR","@id":"https:\/\/www.organisator.ch\/en\/general\/2016-08-12\/pestizid-verantwortlich-fuer-bienensterben\/#primaryimage","url":"https:\/\/www.organisator.ch\/wp-content\/uploads\/2016\/12\/Pestizid-verantwortlich-fuer-Bienensterben-umweltperspektiven.jpg","contentUrl":"https:\/\/www.organisator.ch\/wp-content\/uploads\/2016\/12\/Pestizid-verantwortlich-fuer-Bienensterben-umweltperspektiven.jpg","width":1000,"height":640,"caption":"Schuld am Tod mehrerer Bienenv\u00f6lker ist der unsachgem\u00e4sse Umgang mit Pestiziden."},{"@type":"BreadcrumbList","@id":"https:\/\/www.organisator.ch\/en\/general\/2016-08-12\/pestizid-verantwortlich-fuer-bienensterben\/#breadcrumb","itemListElement":[{"@type":"ListItem","position":1,"name":"Home","item":"https:\/\/www.organisator.ch\/"},{"@type":"ListItem","position":2,"name":"Pestizid verantwortlich f\u00fcr Bienensterben"}]},{"@type":"WebSite","@id":"https:\/\/www.organisator.ch\/#website","url":"https:\/\/www.organisator.ch\/","name":"Organisateur","description":"Comp\u00e9tence et comp\u00e9tence. Proches de la pratique. L'ORGANISATEUR pr\u00e9pare 10 num\u00e9ros par an sur les th\u00e8mes essentiels pour les dirigeants de PME.","publisher":{"@id":"https:\/\/www.organisator.ch\/#organization"},"potentialAction":[{"@type":"SearchAction","target":{"@type":"EntryPoint","urlTemplate":"https:\/\/www.organisator.ch\/?s={search_term_string}"},"query-input":{"@type":"PropertyValueSpecification","valueRequired":true,"valueName":"search_term_string"}}],"inLanguage":"fr-FR"},{"@type":"Organization","@id":"https:\/\/www.organisator.ch\/#organization","name":"Organisateur","url":"https:\/\/www.organisator.ch\/","logo":{"@type":"ImageObject","inLanguage":"fr-FR","@id":"https:\/\/www.organisator.ch\/#\/schema\/logo\/image\/","url":"https:\/\/www.organisator.ch\/wp-content\/uploads\/2022\/01\/Logo_Organisator_Website.png","contentUrl":"https:\/\/www.organisator.ch\/wp-content\/uploads\/2022\/01\/Logo_Organisator_Website.png","width":800,"height":77,"caption":"Organisator"},"image":{"@id":"https:\/\/www.organisator.ch\/#\/schema\/logo\/image\/"},"sameAs":["https:\/\/www.facebook.com\/OrganisatorFachmagazin","https:\/\/www.linkedin.com\/showcase\/organisator-das-magazin-fr-kmu","https:\/\/www.xing.com\/news\/pages\/organisator-ch-695","https:\/\/www.youtube.com\/channel\/UCGP2Sq0iWaZwT3BdIAQFYpw"]},{"@type":"Person","@id":"https:\/\/www.organisator.ch\/#\/schema\/person\/aa2bace6c5c5aad60102004a50c4eb1c","name":"admin","image":{"@type":"ImageObject","inLanguage":"fr-FR","@id":"https:\/\/secure.gravatar.com\/avatar\/ae2f4d718e6c49043e314ce431e7e645d646302a24a5ef5a8bc8e3f5a032e319?s=96&d=mm&r=g","url":"https:\/\/secure.gravatar.com\/avatar\/ae2f4d718e6c49043e314ce431e7e645d646302a24a5ef5a8bc8e3f5a032e319?s=96&d=mm&r=g","contentUrl":"https:\/\/secure.gravatar.com\/avatar\/ae2f4d718e6c49043e314ce431e7e645d646302a24a5ef5a8bc8e3f5a032e319?s=96&d=mm&r=g","caption":"admin"},"sameAs":["https:\/\/www.organisator.ch"],"url":"https:\/\/www.organisator.ch\/fr\/author\/admin\/"}]}},"_links":{"self":[{"href":"https:\/\/www.organisator.ch\/fr\/wp-json\/wp\/v2\/posts\/444","targetHints":{"allow":["GET"]}}],"collection":[{"href":"https:\/\/www.organisator.ch\/fr\/wp-json\/wp\/v2\/posts"}],"about":[{"href":"https:\/\/www.organisator.ch\/fr\/wp-json\/wp\/v2\/types\/post"}],"author":[{"embeddable":true,"href":"https:\/\/www.organisator.ch\/fr\/wp-json\/wp\/v2\/users\/1"}],"replies":[{"embeddable":true,"href":"https:\/\/www.organisator.ch\/fr\/wp-json\/wp\/v2\/comments?post=444"}],"version-history":[{"count":0,"href":"https:\/\/www.organisator.ch\/fr\/wp-json\/wp\/v2\/posts\/444\/revisions"}],"wp:featuredmedia":[{"embeddable":true,"href":"https:\/\/www.organisator.ch\/fr\/wp-json\/wp\/v2\/media\/445"}],"wp:attachment":[{"href":"https:\/\/www.organisator.ch\/fr\/wp-json\/wp\/v2\/media?parent=444"}],"wp:term":[{"taxonomy":"category","embeddable":true,"href":"https:\/\/www.organisator.ch\/fr\/wp-json\/wp\/v2\/categories?post=444"},{"taxonomy":"post_tag","embeddable":true,"href":"https:\/\/www.organisator.ch\/fr\/wp-json\/wp\/v2\/tags?post=444"}],"curies":[{"name":"wp","href":"https:\/\/api.w.org\/{rel}","templated":true}]}}