{"id":44414,"date":"2026-02-11T07:58:51","date_gmt":"2026-02-11T06:58:51","guid":{"rendered":"https:\/\/www.organisator.ch\/de\/?p=44414"},"modified":"2026-02-11T07:58:51","modified_gmt":"2026-02-11T06:58:51","slug":"hr-festival-europe-2026-speed-meetings-und-input-referate-im-fokus","status":"publish","type":"post","link":"https:\/\/www.organisator.ch\/fr\/human-resources\/2026-02-11\/hr-festival-europe-2026-speed-meetings-und-input-referate-im-fokus\/","title":{"rendered":"HR FESTIVAL europe 2026 : Focus sur les speed-meetings et les expos\u00e9s d'input"},"content":{"rendered":"<figure>\n<figure style=\"width: 800px\" class=\"wp-caption alignnone\"><img loading=\"lazy\" decoding=\"async\" src=\"https:\/\/www.organisator.ch\/wp-content\/uploads\/2026\/02\/a57bf7b4-3ee0-3759-f928-49b1b35b5aa3.jpg\" alt=\"Entertainment, Crowd, Fun (1 personne)\" width=\"800\" height=\"400\" \/><figcaption class=\"wp-caption-text\">Le HR FESTIVAL europe est le principal lieu de rencontre des professionnels des ressources humaines en Suisse. Source : zvg<\/figcaption><\/figure><br \/>\n<\/figure>\n<p>Le HR FESTIVAL europe s'\u00e9tablit comme le point de rencontre central des professionnels RH en Suisse. Les 24 et 25 mars 2026, Messe Z\u00fcrich ouvrira ses portes \u00e0 plus de 6\u2019000 visiteurs et plus de 170 exposants innovants. L'\u00e9v\u00e9nement s'adresse \u00e0 l'ensemble de la communaut\u00e9 RH et propose un programme vari\u00e9 avec des intervenants de premier ordre.<\/p>\n<h3>Speed-Meetings : un \u00e9change compact d'experts<\/h3>\n<p>Les speed meetings se sont d\u00e9j\u00e0 impos\u00e9s l'ann\u00e9e derni\u00e8re comme l'un des points les plus appr\u00e9ci\u00e9s du programme. Ce format gratuit offre un aper\u00e7u rapide et concis des derniers produits et solutions des entreprises leaders du secteur RH. En petits groupes de 25 personnes maximum, les participants re\u00e7oivent des informations exclusives de la part d'experts du secteur et des solutions concr\u00e8tes \u00e0 leurs d\u00e9fis RH.<\/p>\n<p>Pour les speed-meetings, une inscription pr\u00e9alable est n\u00e9cessaire. Les personnes int\u00e9ress\u00e9es doivent d'abord r\u00e9server un billet d'entr\u00e9e au festival avant de pouvoir r\u00e9server leur speed-meeting.<\/p>\n<h3>Expos\u00e9s d'introduction sur des th\u00e8mes RH actuels<\/h3>\n<p>Environ 75 expos\u00e9s sur des th\u00e8mes RH actuels seront pr\u00e9sent\u00e9s sur cinq plateaux th\u00e9matiques. Les th\u00e8mes principaux sont la sant\u00e9 d'entreprise, la gestion des talents, l'apprentissage d'entreprise, le futur du travail et l'intelligence artificielle. Tous les expos\u00e9s sont gratuits et ne n\u00e9cessitent pas d'inscription. Dans le \u00abMeet the Speaker Corner\u00bb, les participants ont la possibilit\u00e9 de s'entretenir directement avec les intervenants apr\u00e8s chaque expos\u00e9.<\/p>\n<h3>Principales nouveaut\u00e9s 2026<\/h3>\n<p>Tous les Content Stages seront d\u00e9sormais des Silent Stages. Pour assister aux expos\u00e9s, les visiteurs re\u00e7oivent des \u00e9couteurs directement \u00e0 la sc\u00e8ne concern\u00e9e et doivent les y rendre. La participation n'est possible qu'avec ces \u00e9couteurs, il n'est pas possible d'utiliser ses propres \u00e9couteurs.<\/p>\n<p>Sur la Main Stage, tous les keynotes et panels seront traduits simultan\u00e9ment. La traduction sera disponible en allemand, fran\u00e7ais et anglais. Les organisateurs recommandent de t\u00e9l\u00e9charger l'application \u00abSyntax Translations\u00bb \u00e0 l'avance dans l'App Store ou Google Play Store. Les participants recevront de plus amples informations sur la traduction simultan\u00e9e directement sur place.<\/p>\n<p>L'espace start-up avec des pitchs constitue un autre point fort. Les pr\u00e9sentations de start-up ont lieu tous les jours \u00e0 11h00 et 14h00 et proposent des id\u00e9es innovantes et des impulsions fra\u00eeches pour le secteur des RH. Les HR Today Members b\u00e9n\u00e9ficient d'une entr\u00e9e gratuite et d'autres avantages.<\/p>\n<p><em>Plus d'informations : <a href=\"https:\/\/hrfestival.ch\/\">https:\/\/hrfestival.ch\/<\/a><\/em><\/p>","protected":false},"excerpt":{"rendered":"<p>Le HR FESTIVAL europe aura lieu les 24 et 25 mars 2026 \u00e0 Messe Z\u00fcrich et attend plus de 6\u2019000 visiteurs ainsi que plus de 170 exposants. Les billets pour l'\u00e9v\u00e9nement phare de la communaut\u00e9 RH suisse sont disponibles d\u00e8s maintenant. Parmi les points forts du programme figurent des speed-meetings avec des experts de la branche et quelque 75 expos\u00e9s d'entr\u00e9e sur cinq Content Stages th\u00e9matiques.<\/p>","protected":false},"author":107,"featured_media":44412,"comment_status":"closed","ping_status":"closed","sticky":false,"template":"","format":"standard","meta":{"_acf_changed":false,"_yoast_wpseo_focuskw":"HR FESTIVAL europe 2026","_yoast_wpseo_metadesc":"HR FESTIVAL europe am 24.\/25. M\u00e4rz 2026 in Z\u00fcrich mit Speed-Meetings, Input-Referaten und \u00fcber 170 Ausstellenden. Tickets jetzt erh\u00e4ltlich.","articlekey":"","footnotes":""},"categories":[579],"tags":[193,5818,254],"class_list":["post-44414","post","type-post","status-publish","format-standard","has-post-thumbnail","hentry","category-human-resources","tag-fachkongressfachmesse","tag-hr-festival","tag-hrm"],"acf":[],"yoast_head":"<!-- This site is optimized with the Yoast SEO plugin v27.5 - https:\/\/yoast.com\/product\/yoast-seo-wordpress\/ -->\n<title>HR FESTIVAL europe 2026: Speed-Meetings und Input-Referate im Fokus - Organisator<\/title>\n<meta name=\"description\" content=\"HR FESTIVAL europe am 24.\/25. M\u00e4rz 2026 in Z\u00fcrich mit Speed-Meetings, Input-Referaten und \u00fcber 170 Ausstellenden. Tickets jetzt erh\u00e4ltlich.\" \/>\n<meta name=\"robots\" content=\"index, follow, max-snippet:-1, max-image-preview:large, max-video-preview:-1\" \/>\n<link rel=\"canonical\" href=\"https:\/\/www.organisator.ch\/fr\/ressources-humaines\/2026-02-11\/hr-festival-europe-2026-speed-meetings-und-input-referate-im-fokus\/\" \/>\n<meta property=\"og:locale\" content=\"fr_FR\" \/>\n<meta property=\"og:type\" content=\"article\" \/>\n<meta property=\"og:title\" content=\"HR FESTIVAL europe 2026: Speed-Meetings und Input-Referate im Fokus\" \/>\n<meta property=\"og:description\" content=\"HR FESTIVAL europe am 24.\/25. M\u00e4rz 2026 in Z\u00fcrich mit Speed-Meetings, Input-Referaten und \u00fcber 170 Ausstellenden. Tickets jetzt erh\u00e4ltlich.\" \/>\n<meta property=\"og:url\" content=\"https:\/\/www.organisator.ch\/fr\/ressources-humaines\/2026-02-11\/hr-festival-europe-2026-speed-meetings-und-input-referate-im-fokus\/\" \/>\n<meta property=\"og:site_name\" content=\"Organisator\" \/>\n<meta property=\"article:publisher\" content=\"https:\/\/www.facebook.com\/OrganisatorFachmagazin\" \/>\n<meta property=\"article:published_time\" content=\"2026-02-11T06:58:51+00:00\" \/>\n<meta property=\"og:image\" content=\"https:\/\/www.organisator.ch\/wp-content\/uploads\/2026\/02\/a57bf7b4-3ee0-3759-f928-49b1b35b5aa3.jpg\" \/>\n\t<meta property=\"og:image:width\" content=\"800\" \/>\n\t<meta property=\"og:image:height\" content=\"400\" \/>\n\t<meta property=\"og:image:type\" content=\"image\/jpeg\" \/>\n<meta name=\"author\" content=\"n8n\" \/>\n<meta name=\"twitter:card\" content=\"summary_large_image\" \/>\n<meta name=\"twitter:title\" content=\"HR FESTIVAL europe 2026: #Speed-Meetings und #Input-Referate im Fokus\" \/>\n<meta name=\"twitter:description\" content=\"#HR FESTIVAL europe am 24.\/25. M\u00e4rz 2026 in Z\u00fcrich mit #Speed-Meetings, Input-Referaten und \u00fcber 170 Ausstellenden. Tickets jetzt erh\u00e4ltlich.\" \/>\n<meta name=\"twitter:image\" content=\"https:\/\/www.organisator.ch\/wp-content\/uploads\/2026\/02\/a57bf7b4-3ee0-3759-f928-49b1b35b5aa3.jpg\" \/>\n<script type=\"application\/ld+json\" class=\"yoast-schema-graph\">{\"@context\":\"https:\\\/\\\/schema.org\",\"@graph\":[{\"@type\":\"Article\",\"@id\":\"https:\\\/\\\/www.organisator.ch\\\/human-resources\\\/2026-02-11\\\/hr-festival-europe-2026-speed-meetings-und-input-referate-im-fokus\\\/#article\",\"isPartOf\":{\"@id\":\"https:\\\/\\\/www.organisator.ch\\\/human-resources\\\/2026-02-11\\\/hr-festival-europe-2026-speed-meetings-und-input-referate-im-fokus\\\/\"},\"author\":{\"name\":\"n8n\",\"@id\":\"https:\\\/\\\/www.organisator.ch\\\/#\\\/schema\\\/person\\\/a9d0e0eff238db87a8f840f3b50359f0\"},\"headline\":\"HR FESTIVAL europe 2026: Speed-Meetings und Input-Referate im Fokus\",\"datePublished\":\"2026-02-11T06:58:51+00:00\",\"mainEntityOfPage\":{\"@id\":\"https:\\\/\\\/www.organisator.ch\\\/human-resources\\\/2026-02-11\\\/hr-festival-europe-2026-speed-meetings-und-input-referate-im-fokus\\\/\"},\"wordCount\":392,\"publisher\":{\"@id\":\"https:\\\/\\\/www.organisator.ch\\\/#organization\"},\"image\":{\"@id\":\"https:\\\/\\\/www.organisator.ch\\\/human-resources\\\/2026-02-11\\\/hr-festival-europe-2026-speed-meetings-und-input-referate-im-fokus\\\/#primaryimage\"},\"thumbnailUrl\":\"https:\\\/\\\/www.organisator.ch\\\/wp-content\\\/uploads\\\/2026\\\/02\\\/a57bf7b4-3ee0-3759-f928-49b1b35b5aa3.jpg\",\"keywords\":[\"Fachkongress\\\/Fachmesse\",\"HR Festival\",\"HRM\"],\"articleSection\":[\"HUMAN RESOURCES\"],\"inLanguage\":\"fr-FR\"},{\"@type\":\"WebPage\",\"@id\":\"https:\\\/\\\/www.organisator.ch\\\/human-resources\\\/2026-02-11\\\/hr-festival-europe-2026-speed-meetings-und-input-referate-im-fokus\\\/\",\"url\":\"https:\\\/\\\/www.organisator.ch\\\/human-resources\\\/2026-02-11\\\/hr-festival-europe-2026-speed-meetings-und-input-referate-im-fokus\\\/\",\"name\":\"HR FESTIVAL europe 2026: Speed-Meetings und Input-Referate im Fokus - Organisator\",\"isPartOf\":{\"@id\":\"https:\\\/\\\/www.organisator.ch\\\/#website\"},\"primaryImageOfPage\":{\"@id\":\"https:\\\/\\\/www.organisator.ch\\\/human-resources\\\/2026-02-11\\\/hr-festival-europe-2026-speed-meetings-und-input-referate-im-fokus\\\/#primaryimage\"},\"image\":{\"@id\":\"https:\\\/\\\/www.organisator.ch\\\/human-resources\\\/2026-02-11\\\/hr-festival-europe-2026-speed-meetings-und-input-referate-im-fokus\\\/#primaryimage\"},\"thumbnailUrl\":\"https:\\\/\\\/www.organisator.ch\\\/wp-content\\\/uploads\\\/2026\\\/02\\\/a57bf7b4-3ee0-3759-f928-49b1b35b5aa3.jpg\",\"datePublished\":\"2026-02-11T06:58:51+00:00\",\"description\":\"HR FESTIVAL europe am 24.\\\/25. M\u00e4rz 2026 in Z\u00fcrich mit Speed-Meetings, Input-Referaten und \u00fcber 170 Ausstellenden. Tickets jetzt erh\u00e4ltlich.\",\"breadcrumb\":{\"@id\":\"https:\\\/\\\/www.organisator.ch\\\/human-resources\\\/2026-02-11\\\/hr-festival-europe-2026-speed-meetings-und-input-referate-im-fokus\\\/#breadcrumb\"},\"inLanguage\":\"fr-FR\",\"potentialAction\":[{\"@type\":\"ReadAction\",\"target\":[\"https:\\\/\\\/www.organisator.ch\\\/human-resources\\\/2026-02-11\\\/hr-festival-europe-2026-speed-meetings-und-input-referate-im-fokus\\\/\"]}]},{\"@type\":\"ImageObject\",\"inLanguage\":\"fr-FR\",\"@id\":\"https:\\\/\\\/www.organisator.ch\\\/human-resources\\\/2026-02-11\\\/hr-festival-europe-2026-speed-meetings-und-input-referate-im-fokus\\\/#primaryimage\",\"url\":\"https:\\\/\\\/www.organisator.ch\\\/wp-content\\\/uploads\\\/2026\\\/02\\\/a57bf7b4-3ee0-3759-f928-49b1b35b5aa3.jpg\",\"contentUrl\":\"https:\\\/\\\/www.organisator.ch\\\/wp-content\\\/uploads\\\/2026\\\/02\\\/a57bf7b4-3ee0-3759-f928-49b1b35b5aa3.jpg\",\"width\":800,\"height\":400},{\"@type\":\"BreadcrumbList\",\"@id\":\"https:\\\/\\\/www.organisator.ch\\\/human-resources\\\/2026-02-11\\\/hr-festival-europe-2026-speed-meetings-und-input-referate-im-fokus\\\/#breadcrumb\",\"itemListElement\":[{\"@type\":\"ListItem\",\"position\":1,\"name\":\"Home\",\"item\":\"https:\\\/\\\/www.organisator.ch\\\/\"},{\"@type\":\"ListItem\",\"position\":2,\"name\":\"HR FESTIVAL europe 2026: Speed-Meetings und Input-Referate im Fokus\"}]},{\"@type\":\"WebSite\",\"@id\":\"https:\\\/\\\/www.organisator.ch\\\/#website\",\"url\":\"https:\\\/\\\/www.organisator.ch\\\/\",\"name\":\"Organisator\",\"description\":\"Kompetent. Praxisnah. Der ORGANISATOR bereitet in 10 Ausgaben pro Jahr die wesentlichen Themen f\u00fcr F\u00fchrungskr\u00e4fte von KMU auf.\",\"publisher\":{\"@id\":\"https:\\\/\\\/www.organisator.ch\\\/#organization\"},\"potentialAction\":[{\"@type\":\"SearchAction\",\"target\":{\"@type\":\"EntryPoint\",\"urlTemplate\":\"https:\\\/\\\/www.organisator.ch\\\/?s={search_term_string}\"},\"query-input\":{\"@type\":\"PropertyValueSpecification\",\"valueRequired\":true,\"valueName\":\"search_term_string\"}}],\"inLanguage\":\"fr-FR\"},{\"@type\":\"Organization\",\"@id\":\"https:\\\/\\\/www.organisator.ch\\\/#organization\",\"name\":\"Organisator\",\"url\":\"https:\\\/\\\/www.organisator.ch\\\/\",\"logo\":{\"@type\":\"ImageObject\",\"inLanguage\":\"fr-FR\",\"@id\":\"https:\\\/\\\/www.organisator.ch\\\/#\\\/schema\\\/logo\\\/image\\\/\",\"url\":\"https:\\\/\\\/www.organisator.ch\\\/wp-content\\\/uploads\\\/2022\\\/01\\\/Logo_Organisator_Website.png\",\"contentUrl\":\"https:\\\/\\\/www.organisator.ch\\\/wp-content\\\/uploads\\\/2022\\\/01\\\/Logo_Organisator_Website.png\",\"width\":800,\"height\":77,\"caption\":\"Organisator\"},\"image\":{\"@id\":\"https:\\\/\\\/www.organisator.ch\\\/#\\\/schema\\\/logo\\\/image\\\/\"},\"sameAs\":[\"https:\\\/\\\/www.facebook.com\\\/OrganisatorFachmagazin\",\"https:\\\/\\\/www.linkedin.com\\\/showcase\\\/organisator-das-magazin-fr-kmu\",\"https:\\\/\\\/www.xing.com\\\/news\\\/pages\\\/organisator-ch-695\",\"https:\\\/\\\/www.youtube.com\\\/channel\\\/UCGP2Sq0iWaZwT3BdIAQFYpw\"]},{\"@type\":\"Person\",\"@id\":\"https:\\\/\\\/www.organisator.ch\\\/#\\\/schema\\\/person\\\/a9d0e0eff238db87a8f840f3b50359f0\",\"name\":\"n8n\",\"image\":{\"@type\":\"ImageObject\",\"inLanguage\":\"fr-FR\",\"@id\":\"https:\\\/\\\/secure.gravatar.com\\\/avatar\\\/5368fb9d03fd415a6f335cece4c15af2502d6ca8651efbd6e8f98427a9795400?s=96&d=mm&r=g\",\"url\":\"https:\\\/\\\/secure.gravatar.com\\\/avatar\\\/5368fb9d03fd415a6f335cece4c15af2502d6ca8651efbd6e8f98427a9795400?s=96&d=mm&r=g\",\"contentUrl\":\"https:\\\/\\\/secure.gravatar.com\\\/avatar\\\/5368fb9d03fd415a6f335cece4c15af2502d6ca8651efbd6e8f98427a9795400?s=96&d=mm&r=g\",\"caption\":\"n8n\"},\"url\":\"https:\\\/\\\/www.organisator.ch\\\/fr\\\/author\\\/n8n\\\/\"}]}<\/script>\n<!-- \/ Yoast SEO plugin. -->","yoast_head_json":{"title":"HR FESTIVAL europe 2026 : Focus sur les speed-meetings et les expos\u00e9s d'entr\u00e9e - Organisateur","description":"HR FESTIVAL europe les 24 et 25 mars 2026 \u00e0 Zurich avec des speed-meetings, des expos\u00e9s d'introduction et plus de 170 exposants. Billets disponibles d\u00e8s maintenant.","robots":{"index":"index","follow":"follow","max-snippet":"max-snippet:-1","max-image-preview":"max-image-preview:large","max-video-preview":"max-video-preview:-1"},"canonical":"https:\/\/www.organisator.ch\/fr\/ressources-humaines\/2026-02-11\/hr-festival-europe-2026-speed-meetings-und-input-referate-im-fokus\/","og_locale":"fr_FR","og_type":"article","og_title":"HR FESTIVAL europe 2026: Speed-Meetings und Input-Referate im Fokus","og_description":"HR FESTIVAL europe am 24.\/25. M\u00e4rz 2026 in Z\u00fcrich mit Speed-Meetings, Input-Referaten und \u00fcber 170 Ausstellenden. Tickets jetzt erh\u00e4ltlich.","og_url":"https:\/\/www.organisator.ch\/fr\/ressources-humaines\/2026-02-11\/hr-festival-europe-2026-speed-meetings-und-input-referate-im-fokus\/","og_site_name":"Organisator","article_publisher":"https:\/\/www.facebook.com\/OrganisatorFachmagazin","article_published_time":"2026-02-11T06:58:51+00:00","og_image":[{"width":800,"height":400,"url":"https:\/\/www.organisator.ch\/wp-content\/uploads\/2026\/02\/a57bf7b4-3ee0-3759-f928-49b1b35b5aa3.jpg","type":"image\/jpeg"}],"author":"n8n","twitter_card":"summary_large_image","twitter_title":"HR FESTIVAL europe 2026: #Speed-Meetings und #Input-Referate im Fokus","twitter_description":"#HR FESTIVAL europe am 24.\/25. M\u00e4rz 2026 in Z\u00fcrich mit #Speed-Meetings, Input-Referaten und \u00fcber 170 Ausstellenden. Tickets jetzt erh\u00e4ltlich.","twitter_image":"https:\/\/www.organisator.ch\/wp-content\/uploads\/2026\/02\/a57bf7b4-3ee0-3759-f928-49b1b35b5aa3.jpg","schema":{"@context":"https:\/\/schema.org","@graph":[{"@type":"Article","@id":"https:\/\/www.organisator.ch\/human-resources\/2026-02-11\/hr-festival-europe-2026-speed-meetings-und-input-referate-im-fokus\/#article","isPartOf":{"@id":"https:\/\/www.organisator.ch\/human-resources\/2026-02-11\/hr-festival-europe-2026-speed-meetings-und-input-referate-im-fokus\/"},"author":{"name":"n8n","@id":"https:\/\/www.organisator.ch\/#\/schema\/person\/a9d0e0eff238db87a8f840f3b50359f0"},"headline":"HR FESTIVAL europe 2026: Speed-Meetings und Input-Referate im Fokus","datePublished":"2026-02-11T06:58:51+00:00","mainEntityOfPage":{"@id":"https:\/\/www.organisator.ch\/human-resources\/2026-02-11\/hr-festival-europe-2026-speed-meetings-und-input-referate-im-fokus\/"},"wordCount":392,"publisher":{"@id":"https:\/\/www.organisator.ch\/#organization"},"image":{"@id":"https:\/\/www.organisator.ch\/human-resources\/2026-02-11\/hr-festival-europe-2026-speed-meetings-und-input-referate-im-fokus\/#primaryimage"},"thumbnailUrl":"https:\/\/www.organisator.ch\/wp-content\/uploads\/2026\/02\/a57bf7b4-3ee0-3759-f928-49b1b35b5aa3.jpg","keywords":["Fachkongress\/Fachmesse","HR Festival","HRM"],"articleSection":["HUMAN RESOURCES"],"inLanguage":"fr-FR"},{"@type":"WebPage","@id":"https:\/\/www.organisator.ch\/human-resources\/2026-02-11\/hr-festival-europe-2026-speed-meetings-und-input-referate-im-fokus\/","url":"https:\/\/www.organisator.ch\/human-resources\/2026-02-11\/hr-festival-europe-2026-speed-meetings-und-input-referate-im-fokus\/","name":"HR FESTIVAL europe 2026 : Focus sur les speed-meetings et les expos\u00e9s d'entr\u00e9e - Organisateur","isPartOf":{"@id":"https:\/\/www.organisator.ch\/#website"},"primaryImageOfPage":{"@id":"https:\/\/www.organisator.ch\/human-resources\/2026-02-11\/hr-festival-europe-2026-speed-meetings-und-input-referate-im-fokus\/#primaryimage"},"image":{"@id":"https:\/\/www.organisator.ch\/human-resources\/2026-02-11\/hr-festival-europe-2026-speed-meetings-und-input-referate-im-fokus\/#primaryimage"},"thumbnailUrl":"https:\/\/www.organisator.ch\/wp-content\/uploads\/2026\/02\/a57bf7b4-3ee0-3759-f928-49b1b35b5aa3.jpg","datePublished":"2026-02-11T06:58:51+00:00","description":"HR FESTIVAL europe les 24 et 25 mars 2026 \u00e0 Zurich avec des speed-meetings, des expos\u00e9s d'introduction et plus de 170 exposants. Billets disponibles d\u00e8s maintenant.","breadcrumb":{"@id":"https:\/\/www.organisator.ch\/human-resources\/2026-02-11\/hr-festival-europe-2026-speed-meetings-und-input-referate-im-fokus\/#breadcrumb"},"inLanguage":"fr-FR","potentialAction":[{"@type":"ReadAction","target":["https:\/\/www.organisator.ch\/human-resources\/2026-02-11\/hr-festival-europe-2026-speed-meetings-und-input-referate-im-fokus\/"]}]},{"@type":"ImageObject","inLanguage":"fr-FR","@id":"https:\/\/www.organisator.ch\/human-resources\/2026-02-11\/hr-festival-europe-2026-speed-meetings-und-input-referate-im-fokus\/#primaryimage","url":"https:\/\/www.organisator.ch\/wp-content\/uploads\/2026\/02\/a57bf7b4-3ee0-3759-f928-49b1b35b5aa3.jpg","contentUrl":"https:\/\/www.organisator.ch\/wp-content\/uploads\/2026\/02\/a57bf7b4-3ee0-3759-f928-49b1b35b5aa3.jpg","width":800,"height":400},{"@type":"BreadcrumbList","@id":"https:\/\/www.organisator.ch\/human-resources\/2026-02-11\/hr-festival-europe-2026-speed-meetings-und-input-referate-im-fokus\/#breadcrumb","itemListElement":[{"@type":"ListItem","position":1,"name":"Home","item":"https:\/\/www.organisator.ch\/"},{"@type":"ListItem","position":2,"name":"HR FESTIVAL europe 2026: Speed-Meetings und Input-Referate im Fokus"}]},{"@type":"WebSite","@id":"https:\/\/www.organisator.ch\/#website","url":"https:\/\/www.organisator.ch\/","name":"Organisateur","description":"Comp\u00e9tence et comp\u00e9tence. Proches de la pratique. L'ORGANISATEUR pr\u00e9pare 10 num\u00e9ros par an sur les th\u00e8mes essentiels pour les dirigeants de PME.","publisher":{"@id":"https:\/\/www.organisator.ch\/#organization"},"potentialAction":[{"@type":"SearchAction","target":{"@type":"EntryPoint","urlTemplate":"https:\/\/www.organisator.ch\/?s={search_term_string}"},"query-input":{"@type":"PropertyValueSpecification","valueRequired":true,"valueName":"search_term_string"}}],"inLanguage":"fr-FR"},{"@type":"Organization","@id":"https:\/\/www.organisator.ch\/#organization","name":"Organisateur","url":"https:\/\/www.organisator.ch\/","logo":{"@type":"ImageObject","inLanguage":"fr-FR","@id":"https:\/\/www.organisator.ch\/#\/schema\/logo\/image\/","url":"https:\/\/www.organisator.ch\/wp-content\/uploads\/2022\/01\/Logo_Organisator_Website.png","contentUrl":"https:\/\/www.organisator.ch\/wp-content\/uploads\/2022\/01\/Logo_Organisator_Website.png","width":800,"height":77,"caption":"Organisator"},"image":{"@id":"https:\/\/www.organisator.ch\/#\/schema\/logo\/image\/"},"sameAs":["https:\/\/www.facebook.com\/OrganisatorFachmagazin","https:\/\/www.linkedin.com\/showcase\/organisator-das-magazin-fr-kmu","https:\/\/www.xing.com\/news\/pages\/organisator-ch-695","https:\/\/www.youtube.com\/channel\/UCGP2Sq0iWaZwT3BdIAQFYpw"]},{"@type":"Person","@id":"https:\/\/www.organisator.ch\/#\/schema\/person\/a9d0e0eff238db87a8f840f3b50359f0","name":"n8n","image":{"@type":"ImageObject","inLanguage":"fr-FR","@id":"https:\/\/secure.gravatar.com\/avatar\/5368fb9d03fd415a6f335cece4c15af2502d6ca8651efbd6e8f98427a9795400?s=96&d=mm&r=g","url":"https:\/\/secure.gravatar.com\/avatar\/5368fb9d03fd415a6f335cece4c15af2502d6ca8651efbd6e8f98427a9795400?s=96&d=mm&r=g","contentUrl":"https:\/\/secure.gravatar.com\/avatar\/5368fb9d03fd415a6f335cece4c15af2502d6ca8651efbd6e8f98427a9795400?s=96&d=mm&r=g","caption":"n8n"},"url":"https:\/\/www.organisator.ch\/fr\/author\/n8n\/"}]}},"_links":{"self":[{"href":"https:\/\/www.organisator.ch\/fr\/wp-json\/wp\/v2\/posts\/44414","targetHints":{"allow":["GET"]}}],"collection":[{"href":"https:\/\/www.organisator.ch\/fr\/wp-json\/wp\/v2\/posts"}],"about":[{"href":"https:\/\/www.organisator.ch\/fr\/wp-json\/wp\/v2\/types\/post"}],"author":[{"embeddable":true,"href":"https:\/\/www.organisator.ch\/fr\/wp-json\/wp\/v2\/users\/107"}],"replies":[{"embeddable":true,"href":"https:\/\/www.organisator.ch\/fr\/wp-json\/wp\/v2\/comments?post=44414"}],"version-history":[{"count":3,"href":"https:\/\/www.organisator.ch\/fr\/wp-json\/wp\/v2\/posts\/44414\/revisions"}],"predecessor-version":[{"id":44469,"href":"https:\/\/www.organisator.ch\/fr\/wp-json\/wp\/v2\/posts\/44414\/revisions\/44469"}],"wp:featuredmedia":[{"embeddable":true,"href":"https:\/\/www.organisator.ch\/fr\/wp-json\/wp\/v2\/media\/44412"}],"wp:attachment":[{"href":"https:\/\/www.organisator.ch\/fr\/wp-json\/wp\/v2\/media?parent=44414"}],"wp:term":[{"taxonomy":"category","embeddable":true,"href":"https:\/\/www.organisator.ch\/fr\/wp-json\/wp\/v2\/categories?post=44414"},{"taxonomy":"post_tag","embeddable":true,"href":"https:\/\/www.organisator.ch\/fr\/wp-json\/wp\/v2\/tags?post=44414"}],"curies":[{"name":"wp","href":"https:\/\/api.w.org\/{rel}","templated":true}]}}