{"id":44436,"date":"2026-02-11T07:49:56","date_gmt":"2026-02-11T06:49:56","guid":{"rendered":"https:\/\/www.m-q.ch\/?p=22416"},"modified":"2026-02-11T13:14:14","modified_gmt":"2026-02-11T12:14:14","slug":"private-ai-als-antwort-auf-verschaerfte-datenschutzanforderungen","status":"publish","type":"post","link":"https:\/\/www.organisator.ch\/fr\/operational-excellence\/2026-02-11\/private-ai-als-antwort-auf-verschaerfte-datenschutzanforderungen\/","title":{"rendered":"L'IA priv\u00e9e en r\u00e9ponse au renforcement des exigences en mati\u00e8re de protection des donn\u00e9es"},"content":{"rendered":"<figure id=\"attachment_22417\" class=\"wp-caption alignnone\" style=\"width: 637px;\" aria-describedby=\"caption-attachment-22417\"><img class=\"size-full wp-image-22417\" src=\"https:\/\/www.m-q.ch\/wp-content\/uploads\/2026\/02\/Francisco20Mateo-SidrC3B3n-1.jpg\" sizes=\"(max-width: 637px) 100vw, 637px\" srcset=\"https:\/\/www.m-q.ch\/wp-content\/uploads\/2026\/02\/Francisco20Mateo-SidrC3B3n-1.jpg 637w, https:\/\/www.m-q.ch\/wp-content\/uploads\/2026\/02\/Francisco20Mateo-SidrC3B3n-1-18x12.jpg 18w, https:\/\/www.m-q.ch\/wp-content\/uploads\/2026\/02\/Francisco20Mateo-SidrC3B3n-1-375x248.jpg 375w, https:\/\/www.m-q.ch\/wp-content\/uploads\/2026\/02\/Francisco20Mateo-SidrC3B3n-1-530x350.jpg 530w\" alt=\"\" width=\"637\" height=\"421\" \/>\r\n<figcaption id=\"caption-attachment-22417\" class=\"wp-caption-text\">Francisco Mateo-Sidr\u00f3n, responsable EMEA chez Cloudera (Source : Cloudera)<\/figcaption>\r\n<\/figure>\r\n<p>Le d\u00e9bat autour de la Journ\u00e9e Safer Internet a radicalement chang\u00e9 ces derni\u00e8res ann\u00e9es. Au lieu de l'hygi\u00e8ne individuelle des mots de passe, ce sont des th\u00e8mes plus vastes tels que la r\u00e9glementation de l'intelligence artificielle qui sont au centre de l'attention en 2026. En Allemagne, le RGPD et le EU AI Act renforcent consid\u00e9rablement les exigences en mati\u00e8re de gestion des syst\u00e8mes d'IA. Parall\u00e8lement, les entreprises tentent de suivre le rythme des progr\u00e8s de l'IA et d'agir davantage en fonction des donn\u00e9es.<\/p>\r\n<p>Les donn\u00e9es constituent la base de l'utilisation de l'IA, surtout lorsque les entreprises disposent de grandes quantit\u00e9s d'informations sur les consommateurs. Selon une enqu\u00eate de Cloudera, cela se refl\u00e8te dans la culture des donn\u00e9es : en Allemagne, le pourcentage de personnes interrog\u00e9es qui classent leur culture d'entreprise comme \u00abextr\u00eamement ax\u00e9e sur les donn\u00e9es\u00bb est pass\u00e9 de 8 % (2024) \u00e0 30 % (2025).<\/p>\r\n<h3>Volatilit\u00e9 de la menace et tensions g\u00e9opolitiques<\/h3>\r\n<p>L'urgence de penser \u00e0 la protection des donn\u00e9es dans le cadre des strat\u00e9gies d'IA d\u00e9coule d'une situation de menaces volatiles et de tensions g\u00e9opolitiques. L'utilisation croissante de l'IA dans diff\u00e9rents domaines de l'entreprise augmente la surface d'attaque des cybermenaces. Le rapport Stanford AI Index 2025 documente une augmentation de plus de 56 % en un an des incidents de s\u00e9curit\u00e9 et de protection des donn\u00e9es dans l'environnement de l'IA.<\/p>\r\n<p>Les donn\u00e9es des consommateurs restent particuli\u00e8rement dans la ligne de mire des cybercriminels : Dans le rapport \u00abCost of a Data Breach\u00bb d'IBM, elles \u00e9taient le type de donn\u00e9es le plus souvent compromis dans le monde et apparaissaient dans 53% de toutes les violations de donn\u00e9es dans le commerce de d\u00e9tail. Les cybermenaces accumul\u00e9es ciblent les grands volumes de transactions et les donn\u00e9es personnelles sensibles g\u00e9r\u00e9es par les d\u00e9taillants et les institutions financi\u00e8res.<\/p>\r\n<p>De plus, les consommateurs sont de plus en plus conscients de la valeur de leurs donn\u00e9es, comme le montre l'\u00e9tude Cisco 2026 Data Privacy Benchmark. Selon cette \u00e9tude, 46% des entreprises mondiales indiquent qu'une communication claire sur la mani\u00e8re dont l'IA est form\u00e9e avec les donn\u00e9es des consommateurs est essentielle. C'est la seule fa\u00e7on de maintenir la confiance des utilisateurs dans une organisation.<\/p>\r\n<h3>L'IA priv\u00e9e surmonte le dilemme de la protection des donn\u00e9es<\/h3>\r\n<p>Les entreprises doivent g\u00e9rer et prot\u00e9ger de mani\u00e8re responsable les donn\u00e9es qui alimentent leur croissance afin de r\u00e9duire le risque de fuite de donn\u00e9es et d'acc\u00e8s non autoris\u00e9. Dans ces conditions, une seule infraction entra\u00eene non seulement des amendes, mais peut aussi nuire \u00e0 la r\u00e9putation et \u00e0 la valeur de la marque \u00e0 long terme. Parall\u00e8lement, il convient d'explorer les limites de l'IA afin de s'assurer un avantage concurrentiel.<\/p>\r\n<p>L'IA priv\u00e9e s'est impos\u00e9e comme un cadre essentiel pour les entreprises modernes. Il s'agit d'une approche strat\u00e9gique qui d\u00e9termine la mani\u00e8re dont les entreprises d\u00e9veloppent, exploitent et g\u00e8rent les syst\u00e8mes d'IA. Private AI garantit que les donn\u00e9es d'entr\u00e9e et de sortie des mod\u00e8les ne quittent jamais l'environnement de l'entreprise. Toutes les informations restent dans l'infrastructure de l'entreprise. Les entreprises peuvent ainsi surmonter le \u00abdilemme de la protection des donn\u00e9es\u00bb. Private AI r\u00e9fute l'hypoth\u00e8se selon laquelle les entreprises doivent choisir entre l'utilisation des donn\u00e9es pour l'innovation et leur blocage pour l'IA pour des raisons de conformit\u00e9.<\/p>\r\n<h3>Une visibilit\u00e9 absolue comme condition pr\u00e9alable<\/h3>\r\n<p>Une IA priv\u00e9e efficace n\u00e9cessite toutefois une visibilit\u00e9 absolue des donn\u00e9es. Selon le rapport sur la gestion des m\u00e9tadonn\u00e9es de Gartner, pr\u00e8s de 60 % des entreprises admettent ne pas savoir o\u00f9 se trouvent leurs donn\u00e9es critiques. Et ce que l'on ne peut pas voir, on ne peut pas non plus le contr\u00f4ler. Pour y rem\u00e9dier, les entreprises performantes utilisent aujourd'hui des plates-formes de donn\u00e9es unifi\u00e9es comme celles de Cloudera, qui offrent une ligne de donn\u00e9es sans faille. Elles suivent avec pr\u00e9cision l'origine des donn\u00e9es, la mani\u00e8re dont elles ont \u00e9t\u00e9 transform\u00e9es et qui y a eu acc\u00e8s.<\/p>\r\n<p>\u00c9tant donn\u00e9 que les agents d'IA g\u00e9n\u00e9rative font de plus en plus partie int\u00e9grante des processus de travail, il est n\u00e9cessaire de proc\u00e9der \u00e0 un examen minutieux des donn\u00e9es qui les alimentent. Les donn\u00e9es les plus pr\u00e9cieuses pour le r\u00e9glage fin de l'IA - les transcriptions d'assistance et l'historique des transactions - font souvent partie des informations les plus sensibles. La protection et la s\u00e9curit\u00e9 des donn\u00e9es peuvent ainsi devenir un moteur de valeur d\u00e9cisif. Dans un contexte de r\u00e9glementation renforc\u00e9e et d'incertitude g\u00e9opolitique croissante, les entreprises qui r\u00e9ussiront seront celles qui mettront en \u0153uvre des mesures de protection proactives et qui s'assureront que leur IA est priv\u00e9e, contr\u00f4l\u00e9e et fondamentalement s\u00fbre.<\/p>\r\n<p><em>Plus d'informations : <a href=\"https:\/\/www.cloudera.com\/\" rel=\"noopener\">www.cloudera.com<\/a><\/em><\/p>\n<p class=\"syndicated-attribution\">Cet article est paru initialement sur m-q.ch - <a href=\"https:\/\/www.m-q.ch\/de\/private-ai-als-antwort-auf-verschaerfte-datenschutzanforderungen\/\" target=\"_blank\">https:\/\/www.m-q.ch\/de\/private-ai-als-antwort-auf-verschaerfte-datenschutzanforderungen\/<\/a><\/p>","protected":false},"excerpt":{"rendered":"<p>\u00c0 l'occasion de la Journ\u00e9e Safer Internet 2026, l'accent est mis sur l'utilisation responsable de l'intelligence artificielle. Alors que les menaces se sont aggrav\u00e9es de plus de 56 % selon le rapport Stanford AI Index, les entreprises doivent simultan\u00e9ment se conformer au RGPD et \u00e0 la loi europ\u00e9enne sur l'intelligence artificielle. Private AI offre une approche de solution dans laquelle les donn\u00e9es sensibles ne quittent jamais l'environnement de l'entreprise.<\/p>","protected":false},"author":8,"featured_media":0,"comment_status":"closed","ping_status":"closed","sticky":false,"template":"","format":"standard","meta":{"_acf_changed":false,"_yoast_wpseo_focuskw":"Private AI","_yoast_wpseo_metadesc":"Private AI bietet einen L\u00f6sungsansatz, bei dem sensible Daten die Unternehmensumgebung niemals verlassen.","articlekey":"","footnotes":""},"categories":[582],"tags":[146,162,319,418,5817],"class_list":["post-44436","post","type-post","status-publish","format-standard","hentry","category-operational-excellence","tag-datenschutz","tag-dsgvo","tag-kuenstliche-intelligenz","tag-risikomanagement","tag-safer-internet-day"],"acf":[],"yoast_head":"<!-- This site is optimized with the Yoast SEO plugin v27.4 - https:\/\/yoast.com\/product\/yoast-seo-wordpress\/ -->\n<title>Private AI als Antwort auf versch\u00e4rfte Datenschutzanforderungen - Organisator<\/title>\n<meta name=\"description\" content=\"Private AI bietet einen L\u00f6sungsansatz, bei dem sensible Daten die Unternehmensumgebung niemals verlassen.\" \/>\n<meta name=\"robots\" content=\"index, follow, max-snippet:-1, max-image-preview:large, max-video-preview:-1\" \/>\n<link rel=\"canonical\" href=\"https:\/\/www.organisator.ch\/fr\/excellence-operationnelle\/2026-02-11\/private-ai-als-antwort-auf-verschaerfte-datenschutzanforderungen\/\" \/>\n<meta property=\"og:locale\" content=\"fr_FR\" \/>\n<meta property=\"og:type\" content=\"article\" \/>\n<meta property=\"og:title\" content=\"Private AI als Antwort auf versch\u00e4rfte Datenschutzanforderungen - Organisator\" \/>\n<meta property=\"og:description\" content=\"Private AI bietet einen L\u00f6sungsansatz, bei dem sensible Daten die Unternehmensumgebung niemals verlassen.\" \/>\n<meta property=\"og:url\" content=\"https:\/\/www.organisator.ch\/fr\/excellence-operationnelle\/2026-02-11\/private-ai-als-antwort-auf-verschaerfte-datenschutzanforderungen\/\" \/>\n<meta property=\"og:site_name\" content=\"Organisator\" \/>\n<meta property=\"article:publisher\" content=\"https:\/\/www.facebook.com\/OrganisatorFachmagazin\" \/>\n<meta property=\"article:published_time\" content=\"2026-02-11T06:49:56+00:00\" \/>\n<meta property=\"article:modified_time\" content=\"2026-02-11T12:14:14+00:00\" \/>\n<meta name=\"author\" content=\"galledia\" \/>\n<meta name=\"twitter:card\" content=\"summary_large_image\" \/>\n<meta name=\"twitter:creator\" content=\"@admin\" \/>\n<script type=\"application\/ld+json\" class=\"yoast-schema-graph\">{\"@context\":\"https:\\\/\\\/schema.org\",\"@graph\":[{\"@type\":\"Article\",\"@id\":\"https:\\\/\\\/www.organisator.ch\\\/operational-excellence\\\/2026-02-11\\\/private-ai-als-antwort-auf-verschaerfte-datenschutzanforderungen\\\/#article\",\"isPartOf\":{\"@id\":\"https:\\\/\\\/www.organisator.ch\\\/operational-excellence\\\/2026-02-11\\\/private-ai-als-antwort-auf-verschaerfte-datenschutzanforderungen\\\/\"},\"author\":{\"name\":\"galledia\",\"@id\":\"https:\\\/\\\/www.organisator.ch\\\/#\\\/schema\\\/person\\\/4e51799071cd2dd1232ac003643ef5f0\"},\"headline\":\"Private AI als Antwort auf versch\u00e4rfte Datenschutzanforderungen\",\"datePublished\":\"2026-02-11T06:49:56+00:00\",\"dateModified\":\"2026-02-11T12:14:14+00:00\",\"mainEntityOfPage\":{\"@id\":\"https:\\\/\\\/www.organisator.ch\\\/operational-excellence\\\/2026-02-11\\\/private-ai-als-antwort-auf-verschaerfte-datenschutzanforderungen\\\/\"},\"wordCount\":626,\"publisher\":{\"@id\":\"https:\\\/\\\/www.organisator.ch\\\/#organization\"},\"image\":{\"@id\":\"https:\\\/\\\/www.organisator.ch\\\/operational-excellence\\\/2026-02-11\\\/private-ai-als-antwort-auf-verschaerfte-datenschutzanforderungen\\\/#primaryimage\"},\"thumbnailUrl\":\"https:\\\/\\\/www.m-q.ch\\\/wp-content\\\/uploads\\\/2026\\\/02\\\/Francisco20Mateo-SidrC3B3n-1.jpg\",\"keywords\":[\"Datenschutz\",\"DSGVO\",\"K\u00fcnstliche Intelligenz\",\"Risikomanagement\",\"Safer Internet Day\"],\"articleSection\":[\"OPERATIONAL EXCELLENCE\"],\"inLanguage\":\"fr-FR\"},{\"@type\":\"WebPage\",\"@id\":\"https:\\\/\\\/www.organisator.ch\\\/operational-excellence\\\/2026-02-11\\\/private-ai-als-antwort-auf-verschaerfte-datenschutzanforderungen\\\/\",\"url\":\"https:\\\/\\\/www.organisator.ch\\\/operational-excellence\\\/2026-02-11\\\/private-ai-als-antwort-auf-verschaerfte-datenschutzanforderungen\\\/\",\"name\":\"Private AI als Antwort auf versch\u00e4rfte Datenschutzanforderungen - Organisator\",\"isPartOf\":{\"@id\":\"https:\\\/\\\/www.organisator.ch\\\/#website\"},\"primaryImageOfPage\":{\"@id\":\"https:\\\/\\\/www.organisator.ch\\\/operational-excellence\\\/2026-02-11\\\/private-ai-als-antwort-auf-verschaerfte-datenschutzanforderungen\\\/#primaryimage\"},\"image\":{\"@id\":\"https:\\\/\\\/www.organisator.ch\\\/operational-excellence\\\/2026-02-11\\\/private-ai-als-antwort-auf-verschaerfte-datenschutzanforderungen\\\/#primaryimage\"},\"thumbnailUrl\":\"https:\\\/\\\/www.m-q.ch\\\/wp-content\\\/uploads\\\/2026\\\/02\\\/Francisco20Mateo-SidrC3B3n-1.jpg\",\"datePublished\":\"2026-02-11T06:49:56+00:00\",\"dateModified\":\"2026-02-11T12:14:14+00:00\",\"description\":\"Private AI bietet einen L\u00f6sungsansatz, bei dem sensible Daten die Unternehmensumgebung niemals verlassen.\",\"breadcrumb\":{\"@id\":\"https:\\\/\\\/www.organisator.ch\\\/operational-excellence\\\/2026-02-11\\\/private-ai-als-antwort-auf-verschaerfte-datenschutzanforderungen\\\/#breadcrumb\"},\"inLanguage\":\"fr-FR\",\"potentialAction\":[{\"@type\":\"ReadAction\",\"target\":[\"https:\\\/\\\/www.organisator.ch\\\/operational-excellence\\\/2026-02-11\\\/private-ai-als-antwort-auf-verschaerfte-datenschutzanforderungen\\\/\"]}]},{\"@type\":\"ImageObject\",\"inLanguage\":\"fr-FR\",\"@id\":\"https:\\\/\\\/www.organisator.ch\\\/operational-excellence\\\/2026-02-11\\\/private-ai-als-antwort-auf-verschaerfte-datenschutzanforderungen\\\/#primaryimage\",\"url\":\"https:\\\/\\\/www.m-q.ch\\\/wp-content\\\/uploads\\\/2026\\\/02\\\/Francisco20Mateo-SidrC3B3n-1.jpg\",\"contentUrl\":\"https:\\\/\\\/www.m-q.ch\\\/wp-content\\\/uploads\\\/2026\\\/02\\\/Francisco20Mateo-SidrC3B3n-1.jpg\"},{\"@type\":\"BreadcrumbList\",\"@id\":\"https:\\\/\\\/www.organisator.ch\\\/operational-excellence\\\/2026-02-11\\\/private-ai-als-antwort-auf-verschaerfte-datenschutzanforderungen\\\/#breadcrumb\",\"itemListElement\":[{\"@type\":\"ListItem\",\"position\":1,\"name\":\"Home\",\"item\":\"https:\\\/\\\/www.organisator.ch\\\/\"},{\"@type\":\"ListItem\",\"position\":2,\"name\":\"Private AI als Antwort auf versch\u00e4rfte Datenschutzanforderungen\"}]},{\"@type\":\"WebSite\",\"@id\":\"https:\\\/\\\/www.organisator.ch\\\/#website\",\"url\":\"https:\\\/\\\/www.organisator.ch\\\/\",\"name\":\"Organisator\",\"description\":\"Kompetent. Praxisnah. Der ORGANISATOR bereitet in 10 Ausgaben pro Jahr die wesentlichen Themen f\u00fcr F\u00fchrungskr\u00e4fte von KMU auf.\",\"publisher\":{\"@id\":\"https:\\\/\\\/www.organisator.ch\\\/#organization\"},\"potentialAction\":[{\"@type\":\"SearchAction\",\"target\":{\"@type\":\"EntryPoint\",\"urlTemplate\":\"https:\\\/\\\/www.organisator.ch\\\/?s={search_term_string}\"},\"query-input\":{\"@type\":\"PropertyValueSpecification\",\"valueRequired\":true,\"valueName\":\"search_term_string\"}}],\"inLanguage\":\"fr-FR\"},{\"@type\":\"Organization\",\"@id\":\"https:\\\/\\\/www.organisator.ch\\\/#organization\",\"name\":\"Organisator\",\"url\":\"https:\\\/\\\/www.organisator.ch\\\/\",\"logo\":{\"@type\":\"ImageObject\",\"inLanguage\":\"fr-FR\",\"@id\":\"https:\\\/\\\/www.organisator.ch\\\/#\\\/schema\\\/logo\\\/image\\\/\",\"url\":\"https:\\\/\\\/www.organisator.ch\\\/wp-content\\\/uploads\\\/2022\\\/01\\\/Logo_Organisator_Website.png\",\"contentUrl\":\"https:\\\/\\\/www.organisator.ch\\\/wp-content\\\/uploads\\\/2022\\\/01\\\/Logo_Organisator_Website.png\",\"width\":800,\"height\":77,\"caption\":\"Organisator\"},\"image\":{\"@id\":\"https:\\\/\\\/www.organisator.ch\\\/#\\\/schema\\\/logo\\\/image\\\/\"},\"sameAs\":[\"https:\\\/\\\/www.facebook.com\\\/OrganisatorFachmagazin\",\"https:\\\/\\\/www.linkedin.com\\\/showcase\\\/organisator-das-magazin-fr-kmu\",\"https:\\\/\\\/www.xing.com\\\/news\\\/pages\\\/organisator-ch-695\",\"https:\\\/\\\/www.youtube.com\\\/channel\\\/UCGP2Sq0iWaZwT3BdIAQFYpw\"]},{\"@type\":\"Person\",\"@id\":\"https:\\\/\\\/www.organisator.ch\\\/#\\\/schema\\\/person\\\/4e51799071cd2dd1232ac003643ef5f0\",\"name\":\"galledia\",\"image\":{\"@type\":\"ImageObject\",\"inLanguage\":\"fr-FR\",\"@id\":\"https:\\\/\\\/secure.gravatar.com\\\/avatar\\\/78a7f90c01fc2bfc875782a0d4922b37cde2cf184ce347b91316d23cd7f69a36?s=96&d=mm&r=g\",\"url\":\"https:\\\/\\\/secure.gravatar.com\\\/avatar\\\/78a7f90c01fc2bfc875782a0d4922b37cde2cf184ce347b91316d23cd7f69a36?s=96&d=mm&r=g\",\"contentUrl\":\"https:\\\/\\\/secure.gravatar.com\\\/avatar\\\/78a7f90c01fc2bfc875782a0d4922b37cde2cf184ce347b91316d23cd7f69a36?s=96&d=mm&r=g\",\"caption\":\"galledia\"},\"sameAs\":[\"https:\\\/\\\/x.com\\\/admin\"],\"url\":\"https:\\\/\\\/www.organisator.ch\\\/fr\\\/author\\\/galledia\\\/\"}]}<\/script>\n<!-- \/ Yoast SEO plugin. -->","yoast_head_json":{"title":"L'IA priv\u00e9e en r\u00e9ponse au renforcement des exigences en mati\u00e8re de protection des donn\u00e9es - Organisateur","description":"Private AI offre une solution dans laquelle les donn\u00e9es sensibles ne quittent jamais l'environnement de l'entreprise.","robots":{"index":"index","follow":"follow","max-snippet":"max-snippet:-1","max-image-preview":"max-image-preview:large","max-video-preview":"max-video-preview:-1"},"canonical":"https:\/\/www.organisator.ch\/fr\/excellence-operationnelle\/2026-02-11\/private-ai-als-antwort-auf-verschaerfte-datenschutzanforderungen\/","og_locale":"fr_FR","og_type":"article","og_title":"Private AI als Antwort auf versch\u00e4rfte Datenschutzanforderungen - Organisator","og_description":"Private AI bietet einen L\u00f6sungsansatz, bei dem sensible Daten die Unternehmensumgebung niemals verlassen.","og_url":"https:\/\/www.organisator.ch\/fr\/excellence-operationnelle\/2026-02-11\/private-ai-als-antwort-auf-verschaerfte-datenschutzanforderungen\/","og_site_name":"Organisator","article_publisher":"https:\/\/www.facebook.com\/OrganisatorFachmagazin","article_published_time":"2026-02-11T06:49:56+00:00","article_modified_time":"2026-02-11T12:14:14+00:00","author":"galledia","twitter_card":"summary_large_image","twitter_creator":"@admin","schema":{"@context":"https:\/\/schema.org","@graph":[{"@type":"Article","@id":"https:\/\/www.organisator.ch\/operational-excellence\/2026-02-11\/private-ai-als-antwort-auf-verschaerfte-datenschutzanforderungen\/#article","isPartOf":{"@id":"https:\/\/www.organisator.ch\/operational-excellence\/2026-02-11\/private-ai-als-antwort-auf-verschaerfte-datenschutzanforderungen\/"},"author":{"name":"galledia","@id":"https:\/\/www.organisator.ch\/#\/schema\/person\/4e51799071cd2dd1232ac003643ef5f0"},"headline":"Private AI als Antwort auf versch\u00e4rfte Datenschutzanforderungen","datePublished":"2026-02-11T06:49:56+00:00","dateModified":"2026-02-11T12:14:14+00:00","mainEntityOfPage":{"@id":"https:\/\/www.organisator.ch\/operational-excellence\/2026-02-11\/private-ai-als-antwort-auf-verschaerfte-datenschutzanforderungen\/"},"wordCount":626,"publisher":{"@id":"https:\/\/www.organisator.ch\/#organization"},"image":{"@id":"https:\/\/www.organisator.ch\/operational-excellence\/2026-02-11\/private-ai-als-antwort-auf-verschaerfte-datenschutzanforderungen\/#primaryimage"},"thumbnailUrl":"https:\/\/www.m-q.ch\/wp-content\/uploads\/2026\/02\/Francisco20Mateo-SidrC3B3n-1.jpg","keywords":["Datenschutz","DSGVO","K\u00fcnstliche Intelligenz","Risikomanagement","Safer Internet Day"],"articleSection":["OPERATIONAL EXCELLENCE"],"inLanguage":"fr-FR"},{"@type":"WebPage","@id":"https:\/\/www.organisator.ch\/operational-excellence\/2026-02-11\/private-ai-als-antwort-auf-verschaerfte-datenschutzanforderungen\/","url":"https:\/\/www.organisator.ch\/operational-excellence\/2026-02-11\/private-ai-als-antwort-auf-verschaerfte-datenschutzanforderungen\/","name":"L'IA priv\u00e9e en r\u00e9ponse au renforcement des exigences en mati\u00e8re de protection des donn\u00e9es - Organisateur","isPartOf":{"@id":"https:\/\/www.organisator.ch\/#website"},"primaryImageOfPage":{"@id":"https:\/\/www.organisator.ch\/operational-excellence\/2026-02-11\/private-ai-als-antwort-auf-verschaerfte-datenschutzanforderungen\/#primaryimage"},"image":{"@id":"https:\/\/www.organisator.ch\/operational-excellence\/2026-02-11\/private-ai-als-antwort-auf-verschaerfte-datenschutzanforderungen\/#primaryimage"},"thumbnailUrl":"https:\/\/www.m-q.ch\/wp-content\/uploads\/2026\/02\/Francisco20Mateo-SidrC3B3n-1.jpg","datePublished":"2026-02-11T06:49:56+00:00","dateModified":"2026-02-11T12:14:14+00:00","description":"Private AI offre une solution dans laquelle les donn\u00e9es sensibles ne quittent jamais l'environnement de l'entreprise.","breadcrumb":{"@id":"https:\/\/www.organisator.ch\/operational-excellence\/2026-02-11\/private-ai-als-antwort-auf-verschaerfte-datenschutzanforderungen\/#breadcrumb"},"inLanguage":"fr-FR","potentialAction":[{"@type":"ReadAction","target":["https:\/\/www.organisator.ch\/operational-excellence\/2026-02-11\/private-ai-als-antwort-auf-verschaerfte-datenschutzanforderungen\/"]}]},{"@type":"ImageObject","inLanguage":"fr-FR","@id":"https:\/\/www.organisator.ch\/operational-excellence\/2026-02-11\/private-ai-als-antwort-auf-verschaerfte-datenschutzanforderungen\/#primaryimage","url":"https:\/\/www.m-q.ch\/wp-content\/uploads\/2026\/02\/Francisco20Mateo-SidrC3B3n-1.jpg","contentUrl":"https:\/\/www.m-q.ch\/wp-content\/uploads\/2026\/02\/Francisco20Mateo-SidrC3B3n-1.jpg"},{"@type":"BreadcrumbList","@id":"https:\/\/www.organisator.ch\/operational-excellence\/2026-02-11\/private-ai-als-antwort-auf-verschaerfte-datenschutzanforderungen\/#breadcrumb","itemListElement":[{"@type":"ListItem","position":1,"name":"Home","item":"https:\/\/www.organisator.ch\/"},{"@type":"ListItem","position":2,"name":"Private AI als Antwort auf versch\u00e4rfte Datenschutzanforderungen"}]},{"@type":"WebSite","@id":"https:\/\/www.organisator.ch\/#website","url":"https:\/\/www.organisator.ch\/","name":"Organisateur","description":"Comp\u00e9tence et comp\u00e9tence. Proches de la pratique. L'ORGANISATEUR pr\u00e9pare 10 num\u00e9ros par an sur les th\u00e8mes essentiels pour les dirigeants de PME.","publisher":{"@id":"https:\/\/www.organisator.ch\/#organization"},"potentialAction":[{"@type":"SearchAction","target":{"@type":"EntryPoint","urlTemplate":"https:\/\/www.organisator.ch\/?s={search_term_string}"},"query-input":{"@type":"PropertyValueSpecification","valueRequired":true,"valueName":"search_term_string"}}],"inLanguage":"fr-FR"},{"@type":"Organization","@id":"https:\/\/www.organisator.ch\/#organization","name":"Organisateur","url":"https:\/\/www.organisator.ch\/","logo":{"@type":"ImageObject","inLanguage":"fr-FR","@id":"https:\/\/www.organisator.ch\/#\/schema\/logo\/image\/","url":"https:\/\/www.organisator.ch\/wp-content\/uploads\/2022\/01\/Logo_Organisator_Website.png","contentUrl":"https:\/\/www.organisator.ch\/wp-content\/uploads\/2022\/01\/Logo_Organisator_Website.png","width":800,"height":77,"caption":"Organisator"},"image":{"@id":"https:\/\/www.organisator.ch\/#\/schema\/logo\/image\/"},"sameAs":["https:\/\/www.facebook.com\/OrganisatorFachmagazin","https:\/\/www.linkedin.com\/showcase\/organisator-das-magazin-fr-kmu","https:\/\/www.xing.com\/news\/pages\/organisator-ch-695","https:\/\/www.youtube.com\/channel\/UCGP2Sq0iWaZwT3BdIAQFYpw"]},{"@type":"Person","@id":"https:\/\/www.organisator.ch\/#\/schema\/person\/4e51799071cd2dd1232ac003643ef5f0","name":"galledia","image":{"@type":"ImageObject","inLanguage":"fr-FR","@id":"https:\/\/secure.gravatar.com\/avatar\/78a7f90c01fc2bfc875782a0d4922b37cde2cf184ce347b91316d23cd7f69a36?s=96&d=mm&r=g","url":"https:\/\/secure.gravatar.com\/avatar\/78a7f90c01fc2bfc875782a0d4922b37cde2cf184ce347b91316d23cd7f69a36?s=96&d=mm&r=g","contentUrl":"https:\/\/secure.gravatar.com\/avatar\/78a7f90c01fc2bfc875782a0d4922b37cde2cf184ce347b91316d23cd7f69a36?s=96&d=mm&r=g","caption":"galledia"},"sameAs":["https:\/\/x.com\/admin"],"url":"https:\/\/www.organisator.ch\/fr\/author\/galledia\/"}]}},"_links":{"self":[{"href":"https:\/\/www.organisator.ch\/fr\/wp-json\/wp\/v2\/posts\/44436","targetHints":{"allow":["GET"]}}],"collection":[{"href":"https:\/\/www.organisator.ch\/fr\/wp-json\/wp\/v2\/posts"}],"about":[{"href":"https:\/\/www.organisator.ch\/fr\/wp-json\/wp\/v2\/types\/post"}],"author":[{"embeddable":true,"href":"https:\/\/www.organisator.ch\/fr\/wp-json\/wp\/v2\/users\/8"}],"replies":[{"embeddable":true,"href":"https:\/\/www.organisator.ch\/fr\/wp-json\/wp\/v2\/comments?post=44436"}],"version-history":[{"count":5,"href":"https:\/\/www.organisator.ch\/fr\/wp-json\/wp\/v2\/posts\/44436\/revisions"}],"predecessor-version":[{"id":44478,"href":"https:\/\/www.organisator.ch\/fr\/wp-json\/wp\/v2\/posts\/44436\/revisions\/44478"}],"wp:attachment":[{"href":"https:\/\/www.organisator.ch\/fr\/wp-json\/wp\/v2\/media?parent=44436"}],"wp:term":[{"taxonomy":"category","embeddable":true,"href":"https:\/\/www.organisator.ch\/fr\/wp-json\/wp\/v2\/categories?post=44436"},{"taxonomy":"post_tag","embeddable":true,"href":"https:\/\/www.organisator.ch\/fr\/wp-json\/wp\/v2\/tags?post=44436"}],"curies":[{"name":"wp","href":"https:\/\/api.w.org\/{rel}","templated":true}]}}