{"id":44457,"date":"2026-02-11T11:09:42","date_gmt":"2026-02-11T10:09:42","guid":{"rendered":"https:\/\/www.markt-kom.com\/de\/?p=250802"},"modified":"2026-02-11T13:12:43","modified_gmt":"2026-02-11T12:12:43","slug":"comimpact-waehlt-valerio-stallone-und-adrian-wenzl-in-den-vorstand","status":"publish","type":"post","link":"https:\/\/www.organisator.ch\/fr\/marketing\/2026-02-11\/comimpact-waehlt-valerio-stallone-und-adrian-wenzl-in-den-vorstand\/","title":{"rendered":"ComImpact \u00e9lit Valerio Stallone et Adrian Wenzl au conseil d'administration"},"content":{"rendered":"<figure><img src=\"https:\/\/www.markt-kom.com\/wp-content\/uploads\/2026\/02\/Valerio-Stallone-scaled.jpg\" alt=\"Valerio Stallone, directeur du d\u00e9partement Marketing &amp; Digital \u00e0 la HWZ\" \/>\r\n<figcaption>Valerio Stallone, directeur du d\u00e9partement Marketing &amp; Digital \u00e0 la HWZ. Source : zvg<\/figcaption>\r\n<\/figure>\r\n<p>Cyril Meier, pr\u00e9sident du comit\u00e9 directeur de l'association professionnelle ComImpact, a pr\u00e9sid\u00e9 le 10 f\u00e9vrier l'assembl\u00e9e des membres qui s'est tenue sur le nouveau site de Farner dans le quartier de Sihlcity \u00e0 Zurich. \u00abC'est un grand plaisir pour moi d'inaugurer aujourd'hui l'ann\u00e9e du cinqui\u00e8me anniversaire de ComImpact\u00bb, a d\u00e9clar\u00e9 Meier. Depuis sa cr\u00e9ation en f\u00e9vrier 2021, l'association et ses membres ont d\u00e9j\u00e0 organis\u00e9 48 \u00e9v\u00e9nements pour la communaut\u00e9 du marketing et de la communication. Pour 2026 \u00e9galement, au moins un \u00e9v\u00e9nement par mois est pr\u00e9vu au programme.<\/p>\r\n<h3>\u00c9lection \u00e0 l'unanimit\u00e9 des nouveaux membres du comit\u00e9 directeur<\/h3>\r\n<p>Lors de l'assembl\u00e9e g\u00e9n\u00e9rale, Adrian Wenzl (Webrepublic) et Valerio Stallone (directeur du d\u00e9partement Marketing &amp; Digital HWZ) se sont pr\u00e9sent\u00e9s \u00e0 l'\u00e9lection au comit\u00e9 directeur, qui a eu lieu \u00e0 l'unanimit\u00e9. Selon Valerio Stallone, \u00abComImpact th\u00e9matise dans ses activit\u00e9s associatives pr\u00e9cis\u00e9ment les interfaces qui exigent des comp\u00e9tences \u00e9lev\u00e9es en communication - technologie, m\u00e9thodologie et succ\u00e8s mesurable. C'est-\u00e0-dire exactement ce que la HWZ priorise \u00e9galement dans la formation et la formation continue ainsi que dans la recherche\u00bb.\u00bb<\/p>\r\n<figure><img src=\"https:\/\/www.markt-kom.com\/wp-content\/uploads\/2026\/02\/Adrian-Wenzl.jpg\" alt=\"Adrian Wenzl, directeur client senior, Webrepublic\" \/>\r\n<figcaption>Adrian Wenzl, Senior Client Director, Webrepublic. Source : zvg<\/figcaption>\r\n<\/figure>\r\n<p>Tobias Zehnder, co-fondateur et directeur g\u00e9n\u00e9ral de Webrepublic et membre du conseil d'administration de ComImpact, passe d\u00e9sormais le relais \u00e0 son coll\u00e8gue de longue date de Webrepublic, Adrian Wenzl, directeur client senior. Selon Wenzl, il se r\u00e9jouit d'apporter sa longue exp\u00e9rience du marketing num\u00e9rique \u00e0 ComImpact et de renforcer l'\u00e9change de connaissances pratiques dans l'environnement complexe de la branche d'aujourd'hui.<\/p>\r\n<h3>Hommage au membre sortant du comit\u00e9 directeur<\/h3>\r\n<p>Cyril Meier a rendu hommage au r\u00f4le particulier jou\u00e9 par Tobias Zehnder, membre sortant du comit\u00e9 directeur, qui s'est engag\u00e9 \u00e0 l'\u00e9poque non seulement pour la cr\u00e9ation de ComImpact, mais aussi depuis lors toujours pour son d\u00e9veloppement continu en tant que plateforme d'\u00e9change simple de la branche.<\/p>\r\n<p>Sonja Kingsley-Curry (UBS), Irene Fischbach (La Mobili\u00e8re), Andreas J\u00e4ggi (directeur), Daniel J\u00f6rg (Farner), Cyril Meier (pr\u00e9sident) et Ueli Weber (Media Focus) ont \u00e9t\u00e9 confirm\u00e9s dans leur fonction de membres du comit\u00e9 par l'assembl\u00e9e g\u00e9n\u00e9rale.<\/p>\r\n<p>L'association ComImpact, fond\u00e9e en f\u00e9vrier 2021, est un r\u00e9seau visant \u00e0 promouvoir en particulier les comp\u00e9tences CommTech du secteur de la communication en Suisse. Ses membres organisent r\u00e9guli\u00e8rement des manifestations d'\u00e9change de savoir-faire. Les initiateurs sont Farner Consulting, la HWZ Hochschule f\u00fcr Wirtschaft Z\u00fcrich, Media Focus, la Mobili\u00e8re, l'UBS et Webrepublic. Les autres membres sont Aclevion, FMB, Digitas (Publicis Groupe), Dreifive, la Fachhochschule Nordwestschweiz, myconvento, OMD, la Poste Suisse, Swisscom, Swiss Re, Pressrelations, Sonova, Swiss Reputation Group et la ZHAW. Les associations IAB, LSA Leading Swiss Agencies, Page Society, PR Suisse ainsi que l'Association suisse des annonceurs (SWA) ont accord\u00e9 leur patronage.<\/p>\r\n<p>Le site web de l'association informe actuellement sur ses activit\u00e9s <a href=\"https:\/\/www.comimpact.ch\/\" rel=\"noopener\">www.comimpact.ch<\/a><\/p>","protected":false},"excerpt":{"rendered":"<p>Lors de l'assembl\u00e9e g\u00e9n\u00e9rale du 10 f\u00e9vrier, Valerio Stallone (HWZ) et Adrian Wenzl (Webrepublic) ont \u00e9t\u00e9 \u00e9lus au comit\u00e9 de l'association professionnelle ComImpact. L'association sp\u00e9cialis\u00e9e dans les aper\u00e7us des meilleures pratiques en mati\u00e8re de CommTech et d'IA f\u00eatera son cinqui\u00e8me anniversaire en 2026 et a d\u00e9j\u00e0 organis\u00e9 48 \u00e9v\u00e9nements pour la communaut\u00e9 du marketing et de la communication.<\/p>","protected":false},"author":107,"featured_media":0,"comment_status":"closed","ping_status":"closed","sticky":false,"template":"","format":"standard","meta":{"_acf_changed":false,"_yoast_wpseo_focuskw":"ComImpact","_yoast_wpseo_metadesc":"An der Mitgliederversammlung vom 10. Februar wurden Valerio Stallone und Adrian Wenzl in den Vorstand von ComImpact gew\u00e4hlt.","articlekey":"","footnotes":""},"categories":[29],"tags":[5102,4343,381,503],"class_list":["post-44457","post","type-post","status-publish","format-standard","hentry","category-marketing","tag-comimpact","tag-markom","tag-personalia","tag-verbaende"],"acf":[],"yoast_head":"<!-- This site is optimized with the Yoast SEO plugin v27.4 - https:\/\/yoast.com\/product\/yoast-seo-wordpress\/ -->\n<title>ComImpact w\u00e4hlt Valerio Stallone und Adrian Wenzl in den Vorstand - Organisator<\/title>\n<meta name=\"description\" content=\"An der Mitgliederversammlung vom 10. Februar wurden Valerio Stallone und Adrian Wenzl in den Vorstand von ComImpact gew\u00e4hlt.\" \/>\n<meta name=\"robots\" content=\"index, follow, max-snippet:-1, max-image-preview:large, max-video-preview:-1\" \/>\n<link rel=\"canonical\" href=\"https:\/\/www.organisator.ch\/fr\/marketing\/2026-02-11\/comimpact-waehlt-valerio-stallone-und-adrian-wenzl-in-den-vorstand\/\" \/>\n<meta property=\"og:locale\" content=\"fr_FR\" \/>\n<meta property=\"og:type\" content=\"article\" \/>\n<meta property=\"og:title\" content=\"ComImpact w\u00e4hlt Valerio Stallone und Adrian Wenzl in den Vorstand - Organisator\" \/>\n<meta property=\"og:description\" content=\"An der Mitgliederversammlung vom 10. Februar wurden Valerio Stallone und Adrian Wenzl in den Vorstand von ComImpact gew\u00e4hlt.\" \/>\n<meta property=\"og:url\" content=\"https:\/\/www.organisator.ch\/fr\/marketing\/2026-02-11\/comimpact-waehlt-valerio-stallone-und-adrian-wenzl-in-den-vorstand\/\" \/>\n<meta property=\"og:site_name\" content=\"Organisator\" \/>\n<meta property=\"article:publisher\" content=\"https:\/\/www.facebook.com\/OrganisatorFachmagazin\" \/>\n<meta property=\"article:published_time\" content=\"2026-02-11T10:09:42+00:00\" \/>\n<meta property=\"article:modified_time\" content=\"2026-02-11T12:12:43+00:00\" \/>\n<meta property=\"og:image\" content=\"https:\/\/www.markt-kom.com\/wp-content\/uploads\/2026\/02\/Valerio-Stallone-scaled.jpg\" \/>\n<meta name=\"author\" content=\"n8n\" \/>\n<meta name=\"twitter:card\" content=\"summary_large_image\" \/>\n<script type=\"application\/ld+json\" class=\"yoast-schema-graph\">{\"@context\":\"https:\\\/\\\/schema.org\",\"@graph\":[{\"@type\":\"Article\",\"@id\":\"https:\\\/\\\/www.organisator.ch\\\/marketing\\\/2026-02-11\\\/comimpact-waehlt-valerio-stallone-und-adrian-wenzl-in-den-vorstand\\\/#article\",\"isPartOf\":{\"@id\":\"https:\\\/\\\/www.organisator.ch\\\/marketing\\\/2026-02-11\\\/comimpact-waehlt-valerio-stallone-und-adrian-wenzl-in-den-vorstand\\\/\"},\"author\":{\"name\":\"n8n\",\"@id\":\"https:\\\/\\\/www.organisator.ch\\\/#\\\/schema\\\/person\\\/a9d0e0eff238db87a8f840f3b50359f0\"},\"headline\":\"ComImpact w\u00e4hlt Valerio Stallone und Adrian Wenzl in den Vorstand\",\"datePublished\":\"2026-02-11T10:09:42+00:00\",\"dateModified\":\"2026-02-11T12:12:43+00:00\",\"mainEntityOfPage\":{\"@id\":\"https:\\\/\\\/www.organisator.ch\\\/marketing\\\/2026-02-11\\\/comimpact-waehlt-valerio-stallone-und-adrian-wenzl-in-den-vorstand\\\/\"},\"wordCount\":423,\"publisher\":{\"@id\":\"https:\\\/\\\/www.organisator.ch\\\/#organization\"},\"image\":{\"@id\":\"https:\\\/\\\/www.organisator.ch\\\/marketing\\\/2026-02-11\\\/comimpact-waehlt-valerio-stallone-und-adrian-wenzl-in-den-vorstand\\\/#primaryimage\"},\"thumbnailUrl\":\"https:\\\/\\\/www.markt-kom.com\\\/wp-content\\\/uploads\\\/2026\\\/02\\\/Valerio-Stallone-scaled.jpg\",\"keywords\":[\"ComImpact\",\"MarKom\",\"Personalia\",\"Verb\u00e4nde\"],\"articleSection\":[\"MARKETING\"],\"inLanguage\":\"fr-FR\"},{\"@type\":\"WebPage\",\"@id\":\"https:\\\/\\\/www.organisator.ch\\\/marketing\\\/2026-02-11\\\/comimpact-waehlt-valerio-stallone-und-adrian-wenzl-in-den-vorstand\\\/\",\"url\":\"https:\\\/\\\/www.organisator.ch\\\/marketing\\\/2026-02-11\\\/comimpact-waehlt-valerio-stallone-und-adrian-wenzl-in-den-vorstand\\\/\",\"name\":\"ComImpact w\u00e4hlt Valerio Stallone und Adrian Wenzl in den Vorstand - Organisator\",\"isPartOf\":{\"@id\":\"https:\\\/\\\/www.organisator.ch\\\/#website\"},\"primaryImageOfPage\":{\"@id\":\"https:\\\/\\\/www.organisator.ch\\\/marketing\\\/2026-02-11\\\/comimpact-waehlt-valerio-stallone-und-adrian-wenzl-in-den-vorstand\\\/#primaryimage\"},\"image\":{\"@id\":\"https:\\\/\\\/www.organisator.ch\\\/marketing\\\/2026-02-11\\\/comimpact-waehlt-valerio-stallone-und-adrian-wenzl-in-den-vorstand\\\/#primaryimage\"},\"thumbnailUrl\":\"https:\\\/\\\/www.markt-kom.com\\\/wp-content\\\/uploads\\\/2026\\\/02\\\/Valerio-Stallone-scaled.jpg\",\"datePublished\":\"2026-02-11T10:09:42+00:00\",\"dateModified\":\"2026-02-11T12:12:43+00:00\",\"description\":\"An der Mitgliederversammlung vom 10. Februar wurden Valerio Stallone und Adrian Wenzl in den Vorstand von ComImpact gew\u00e4hlt.\",\"breadcrumb\":{\"@id\":\"https:\\\/\\\/www.organisator.ch\\\/marketing\\\/2026-02-11\\\/comimpact-waehlt-valerio-stallone-und-adrian-wenzl-in-den-vorstand\\\/#breadcrumb\"},\"inLanguage\":\"fr-FR\",\"potentialAction\":[{\"@type\":\"ReadAction\",\"target\":[\"https:\\\/\\\/www.organisator.ch\\\/marketing\\\/2026-02-11\\\/comimpact-waehlt-valerio-stallone-und-adrian-wenzl-in-den-vorstand\\\/\"]}]},{\"@type\":\"ImageObject\",\"inLanguage\":\"fr-FR\",\"@id\":\"https:\\\/\\\/www.organisator.ch\\\/marketing\\\/2026-02-11\\\/comimpact-waehlt-valerio-stallone-und-adrian-wenzl-in-den-vorstand\\\/#primaryimage\",\"url\":\"https:\\\/\\\/www.markt-kom.com\\\/wp-content\\\/uploads\\\/2026\\\/02\\\/Valerio-Stallone-scaled.jpg\",\"contentUrl\":\"https:\\\/\\\/www.markt-kom.com\\\/wp-content\\\/uploads\\\/2026\\\/02\\\/Valerio-Stallone-scaled.jpg\"},{\"@type\":\"BreadcrumbList\",\"@id\":\"https:\\\/\\\/www.organisator.ch\\\/marketing\\\/2026-02-11\\\/comimpact-waehlt-valerio-stallone-und-adrian-wenzl-in-den-vorstand\\\/#breadcrumb\",\"itemListElement\":[{\"@type\":\"ListItem\",\"position\":1,\"name\":\"Home\",\"item\":\"https:\\\/\\\/www.organisator.ch\\\/\"},{\"@type\":\"ListItem\",\"position\":2,\"name\":\"ComImpact w\u00e4hlt Valerio Stallone und Adrian Wenzl in den Vorstand\"}]},{\"@type\":\"WebSite\",\"@id\":\"https:\\\/\\\/www.organisator.ch\\\/#website\",\"url\":\"https:\\\/\\\/www.organisator.ch\\\/\",\"name\":\"Organisator\",\"description\":\"Kompetent. Praxisnah. Der ORGANISATOR bereitet in 10 Ausgaben pro Jahr die wesentlichen Themen f\u00fcr F\u00fchrungskr\u00e4fte von KMU auf.\",\"publisher\":{\"@id\":\"https:\\\/\\\/www.organisator.ch\\\/#organization\"},\"potentialAction\":[{\"@type\":\"SearchAction\",\"target\":{\"@type\":\"EntryPoint\",\"urlTemplate\":\"https:\\\/\\\/www.organisator.ch\\\/?s={search_term_string}\"},\"query-input\":{\"@type\":\"PropertyValueSpecification\",\"valueRequired\":true,\"valueName\":\"search_term_string\"}}],\"inLanguage\":\"fr-FR\"},{\"@type\":\"Organization\",\"@id\":\"https:\\\/\\\/www.organisator.ch\\\/#organization\",\"name\":\"Organisator\",\"url\":\"https:\\\/\\\/www.organisator.ch\\\/\",\"logo\":{\"@type\":\"ImageObject\",\"inLanguage\":\"fr-FR\",\"@id\":\"https:\\\/\\\/www.organisator.ch\\\/#\\\/schema\\\/logo\\\/image\\\/\",\"url\":\"https:\\\/\\\/www.organisator.ch\\\/wp-content\\\/uploads\\\/2022\\\/01\\\/Logo_Organisator_Website.png\",\"contentUrl\":\"https:\\\/\\\/www.organisator.ch\\\/wp-content\\\/uploads\\\/2022\\\/01\\\/Logo_Organisator_Website.png\",\"width\":800,\"height\":77,\"caption\":\"Organisator\"},\"image\":{\"@id\":\"https:\\\/\\\/www.organisator.ch\\\/#\\\/schema\\\/logo\\\/image\\\/\"},\"sameAs\":[\"https:\\\/\\\/www.facebook.com\\\/OrganisatorFachmagazin\",\"https:\\\/\\\/www.linkedin.com\\\/showcase\\\/organisator-das-magazin-fr-kmu\",\"https:\\\/\\\/www.xing.com\\\/news\\\/pages\\\/organisator-ch-695\",\"https:\\\/\\\/www.youtube.com\\\/channel\\\/UCGP2Sq0iWaZwT3BdIAQFYpw\"]},{\"@type\":\"Person\",\"@id\":\"https:\\\/\\\/www.organisator.ch\\\/#\\\/schema\\\/person\\\/a9d0e0eff238db87a8f840f3b50359f0\",\"name\":\"n8n\",\"image\":{\"@type\":\"ImageObject\",\"inLanguage\":\"fr-FR\",\"@id\":\"https:\\\/\\\/secure.gravatar.com\\\/avatar\\\/5368fb9d03fd415a6f335cece4c15af2502d6ca8651efbd6e8f98427a9795400?s=96&d=mm&r=g\",\"url\":\"https:\\\/\\\/secure.gravatar.com\\\/avatar\\\/5368fb9d03fd415a6f335cece4c15af2502d6ca8651efbd6e8f98427a9795400?s=96&d=mm&r=g\",\"contentUrl\":\"https:\\\/\\\/secure.gravatar.com\\\/avatar\\\/5368fb9d03fd415a6f335cece4c15af2502d6ca8651efbd6e8f98427a9795400?s=96&d=mm&r=g\",\"caption\":\"n8n\"},\"url\":\"https:\\\/\\\/www.organisator.ch\\\/fr\\\/author\\\/n8n\\\/\"}]}<\/script>\n<!-- \/ Yoast SEO plugin. -->","yoast_head_json":{"title":"ComImpact \u00e9lit Valerio Stallone et Adrian Wenzl au conseil d'administration - Organisateur","description":"Lors de l'assembl\u00e9e g\u00e9n\u00e9rale du 10 f\u00e9vrier, Valerio Stallone et Adrian Wenzl ont \u00e9t\u00e9 \u00e9lus au conseil d'administration de ComImpact.","robots":{"index":"index","follow":"follow","max-snippet":"max-snippet:-1","max-image-preview":"max-image-preview:large","max-video-preview":"max-video-preview:-1"},"canonical":"https:\/\/www.organisator.ch\/fr\/marketing\/2026-02-11\/comimpact-waehlt-valerio-stallone-und-adrian-wenzl-in-den-vorstand\/","og_locale":"fr_FR","og_type":"article","og_title":"ComImpact w\u00e4hlt Valerio Stallone und Adrian Wenzl in den Vorstand - Organisator","og_description":"An der Mitgliederversammlung vom 10. Februar wurden Valerio Stallone und Adrian Wenzl in den Vorstand von ComImpact gew\u00e4hlt.","og_url":"https:\/\/www.organisator.ch\/fr\/marketing\/2026-02-11\/comimpact-waehlt-valerio-stallone-und-adrian-wenzl-in-den-vorstand\/","og_site_name":"Organisator","article_publisher":"https:\/\/www.facebook.com\/OrganisatorFachmagazin","article_published_time":"2026-02-11T10:09:42+00:00","article_modified_time":"2026-02-11T12:12:43+00:00","og_image":[{"url":"https:\/\/www.markt-kom.com\/wp-content\/uploads\/2026\/02\/Valerio-Stallone-scaled.jpg","type":"","width":"","height":""}],"author":"n8n","twitter_card":"summary_large_image","schema":{"@context":"https:\/\/schema.org","@graph":[{"@type":"Article","@id":"https:\/\/www.organisator.ch\/marketing\/2026-02-11\/comimpact-waehlt-valerio-stallone-und-adrian-wenzl-in-den-vorstand\/#article","isPartOf":{"@id":"https:\/\/www.organisator.ch\/marketing\/2026-02-11\/comimpact-waehlt-valerio-stallone-und-adrian-wenzl-in-den-vorstand\/"},"author":{"name":"n8n","@id":"https:\/\/www.organisator.ch\/#\/schema\/person\/a9d0e0eff238db87a8f840f3b50359f0"},"headline":"ComImpact w\u00e4hlt Valerio Stallone und Adrian Wenzl in den Vorstand","datePublished":"2026-02-11T10:09:42+00:00","dateModified":"2026-02-11T12:12:43+00:00","mainEntityOfPage":{"@id":"https:\/\/www.organisator.ch\/marketing\/2026-02-11\/comimpact-waehlt-valerio-stallone-und-adrian-wenzl-in-den-vorstand\/"},"wordCount":423,"publisher":{"@id":"https:\/\/www.organisator.ch\/#organization"},"image":{"@id":"https:\/\/www.organisator.ch\/marketing\/2026-02-11\/comimpact-waehlt-valerio-stallone-und-adrian-wenzl-in-den-vorstand\/#primaryimage"},"thumbnailUrl":"https:\/\/www.markt-kom.com\/wp-content\/uploads\/2026\/02\/Valerio-Stallone-scaled.jpg","keywords":["ComImpact","MarKom","Personalia","Verb\u00e4nde"],"articleSection":["MARKETING"],"inLanguage":"fr-FR"},{"@type":"WebPage","@id":"https:\/\/www.organisator.ch\/marketing\/2026-02-11\/comimpact-waehlt-valerio-stallone-und-adrian-wenzl-in-den-vorstand\/","url":"https:\/\/www.organisator.ch\/marketing\/2026-02-11\/comimpact-waehlt-valerio-stallone-und-adrian-wenzl-in-den-vorstand\/","name":"ComImpact \u00e9lit Valerio Stallone et Adrian Wenzl au conseil d'administration - Organisateur","isPartOf":{"@id":"https:\/\/www.organisator.ch\/#website"},"primaryImageOfPage":{"@id":"https:\/\/www.organisator.ch\/marketing\/2026-02-11\/comimpact-waehlt-valerio-stallone-und-adrian-wenzl-in-den-vorstand\/#primaryimage"},"image":{"@id":"https:\/\/www.organisator.ch\/marketing\/2026-02-11\/comimpact-waehlt-valerio-stallone-und-adrian-wenzl-in-den-vorstand\/#primaryimage"},"thumbnailUrl":"https:\/\/www.markt-kom.com\/wp-content\/uploads\/2026\/02\/Valerio-Stallone-scaled.jpg","datePublished":"2026-02-11T10:09:42+00:00","dateModified":"2026-02-11T12:12:43+00:00","description":"Lors de l'assembl\u00e9e g\u00e9n\u00e9rale du 10 f\u00e9vrier, Valerio Stallone et Adrian Wenzl ont \u00e9t\u00e9 \u00e9lus au conseil d'administration de ComImpact.","breadcrumb":{"@id":"https:\/\/www.organisator.ch\/marketing\/2026-02-11\/comimpact-waehlt-valerio-stallone-und-adrian-wenzl-in-den-vorstand\/#breadcrumb"},"inLanguage":"fr-FR","potentialAction":[{"@type":"ReadAction","target":["https:\/\/www.organisator.ch\/marketing\/2026-02-11\/comimpact-waehlt-valerio-stallone-und-adrian-wenzl-in-den-vorstand\/"]}]},{"@type":"ImageObject","inLanguage":"fr-FR","@id":"https:\/\/www.organisator.ch\/marketing\/2026-02-11\/comimpact-waehlt-valerio-stallone-und-adrian-wenzl-in-den-vorstand\/#primaryimage","url":"https:\/\/www.markt-kom.com\/wp-content\/uploads\/2026\/02\/Valerio-Stallone-scaled.jpg","contentUrl":"https:\/\/www.markt-kom.com\/wp-content\/uploads\/2026\/02\/Valerio-Stallone-scaled.jpg"},{"@type":"BreadcrumbList","@id":"https:\/\/www.organisator.ch\/marketing\/2026-02-11\/comimpact-waehlt-valerio-stallone-und-adrian-wenzl-in-den-vorstand\/#breadcrumb","itemListElement":[{"@type":"ListItem","position":1,"name":"Home","item":"https:\/\/www.organisator.ch\/"},{"@type":"ListItem","position":2,"name":"ComImpact w\u00e4hlt Valerio Stallone und Adrian Wenzl in den Vorstand"}]},{"@type":"WebSite","@id":"https:\/\/www.organisator.ch\/#website","url":"https:\/\/www.organisator.ch\/","name":"Organisateur","description":"Comp\u00e9tence et comp\u00e9tence. Proches de la pratique. L'ORGANISATEUR pr\u00e9pare 10 num\u00e9ros par an sur les th\u00e8mes essentiels pour les dirigeants de PME.","publisher":{"@id":"https:\/\/www.organisator.ch\/#organization"},"potentialAction":[{"@type":"SearchAction","target":{"@type":"EntryPoint","urlTemplate":"https:\/\/www.organisator.ch\/?s={search_term_string}"},"query-input":{"@type":"PropertyValueSpecification","valueRequired":true,"valueName":"search_term_string"}}],"inLanguage":"fr-FR"},{"@type":"Organization","@id":"https:\/\/www.organisator.ch\/#organization","name":"Organisateur","url":"https:\/\/www.organisator.ch\/","logo":{"@type":"ImageObject","inLanguage":"fr-FR","@id":"https:\/\/www.organisator.ch\/#\/schema\/logo\/image\/","url":"https:\/\/www.organisator.ch\/wp-content\/uploads\/2022\/01\/Logo_Organisator_Website.png","contentUrl":"https:\/\/www.organisator.ch\/wp-content\/uploads\/2022\/01\/Logo_Organisator_Website.png","width":800,"height":77,"caption":"Organisator"},"image":{"@id":"https:\/\/www.organisator.ch\/#\/schema\/logo\/image\/"},"sameAs":["https:\/\/www.facebook.com\/OrganisatorFachmagazin","https:\/\/www.linkedin.com\/showcase\/organisator-das-magazin-fr-kmu","https:\/\/www.xing.com\/news\/pages\/organisator-ch-695","https:\/\/www.youtube.com\/channel\/UCGP2Sq0iWaZwT3BdIAQFYpw"]},{"@type":"Person","@id":"https:\/\/www.organisator.ch\/#\/schema\/person\/a9d0e0eff238db87a8f840f3b50359f0","name":"n8n","image":{"@type":"ImageObject","inLanguage":"fr-FR","@id":"https:\/\/secure.gravatar.com\/avatar\/5368fb9d03fd415a6f335cece4c15af2502d6ca8651efbd6e8f98427a9795400?s=96&d=mm&r=g","url":"https:\/\/secure.gravatar.com\/avatar\/5368fb9d03fd415a6f335cece4c15af2502d6ca8651efbd6e8f98427a9795400?s=96&d=mm&r=g","contentUrl":"https:\/\/secure.gravatar.com\/avatar\/5368fb9d03fd415a6f335cece4c15af2502d6ca8651efbd6e8f98427a9795400?s=96&d=mm&r=g","caption":"n8n"},"url":"https:\/\/www.organisator.ch\/fr\/author\/n8n\/"}]}},"_links":{"self":[{"href":"https:\/\/www.organisator.ch\/fr\/wp-json\/wp\/v2\/posts\/44457","targetHints":{"allow":["GET"]}}],"collection":[{"href":"https:\/\/www.organisator.ch\/fr\/wp-json\/wp\/v2\/posts"}],"about":[{"href":"https:\/\/www.organisator.ch\/fr\/wp-json\/wp\/v2\/types\/post"}],"author":[{"embeddable":true,"href":"https:\/\/www.organisator.ch\/fr\/wp-json\/wp\/v2\/users\/107"}],"replies":[{"embeddable":true,"href":"https:\/\/www.organisator.ch\/fr\/wp-json\/wp\/v2\/comments?post=44457"}],"version-history":[{"count":4,"href":"https:\/\/www.organisator.ch\/fr\/wp-json\/wp\/v2\/posts\/44457\/revisions"}],"predecessor-version":[{"id":44475,"href":"https:\/\/www.organisator.ch\/fr\/wp-json\/wp\/v2\/posts\/44457\/revisions\/44475"}],"wp:attachment":[{"href":"https:\/\/www.organisator.ch\/fr\/wp-json\/wp\/v2\/media?parent=44457"}],"wp:term":[{"taxonomy":"category","embeddable":true,"href":"https:\/\/www.organisator.ch\/fr\/wp-json\/wp\/v2\/categories?post=44457"},{"taxonomy":"post_tag","embeddable":true,"href":"https:\/\/www.organisator.ch\/fr\/wp-json\/wp\/v2\/tags?post=44457"}],"curies":[{"name":"wp","href":"https:\/\/api.w.org\/{rel}","templated":true}]}}