{"id":4450,"date":"2018-10-31T09:20:23","date_gmt":"2018-10-31T08:20:23","guid":{"rendered":"https:\/\/www.organisator.ch\/?p=4450"},"modified":"2018-10-31T09:20:23","modified_gmt":"2018-10-31T08:20:23","slug":"informationsmanagement-alle-daten-und-dokumente-im-griff","status":"publish","type":"post","link":"https:\/\/www.organisator.ch\/fr\/management\/it\/2018-10-31\/informationsmanagement-alle-daten-und-dokumente-im-griff\/","title":{"rendered":"Gestion de l'information : toutes les donn\u00e9es et tous les documents \u00e0 port\u00e9e de main"},"content":{"rendered":"<figure id=\"attachment_4451\" aria-describedby=\"caption-attachment-4451\" style=\"width: 640px\" class=\"wp-caption alignnone\"><img loading=\"lazy\" decoding=\"async\" class=\"size-full wp-image-4451\" src=\"https:\/\/www.organisator.ch\/wp-content\/uploads\/2018\/10\/Informationsmanagement-Alle-Daten-und-Dokumente-im-Griff_Organisator.jpg\" alt=\"\" width=\"640\" height=\"452\" srcset=\"https:\/\/www.organisator.ch\/wp-content\/uploads\/2018\/10\/Informationsmanagement-Alle-Daten-und-Dokumente-im-Griff_Organisator.jpg 640w, https:\/\/www.organisator.ch\/wp-content\/uploads\/2018\/10\/Informationsmanagement-Alle-Daten-und-Dokumente-im-Griff_Organisator-16x12.jpg 16w, https:\/\/www.organisator.ch\/wp-content\/uploads\/2018\/10\/Informationsmanagement-Alle-Daten-und-Dokumente-im-Griff_Organisator-248x175.jpg 248w, https:\/\/www.organisator.ch\/wp-content\/uploads\/2018\/10\/Informationsmanagement-Alle-Daten-und-Dokumente-im-Griff_Organisator-496x350.jpg 496w, https:\/\/www.organisator.ch\/wp-content\/uploads\/2018\/10\/Informationsmanagement-Alle-Daten-und-Dokumente-im-Griff_Organisator-300x212.jpg 300w\" sizes=\"auto, (max-width: 640px) 100vw, 640px\" \/><figcaption id=\"caption-attachment-4451\" class=\"wp-caption-text\">La gestion de l'information doit faire partie de toute strat\u00e9gie de num\u00e9risation.<\/figcaption><\/figure>\n<p>163 zettaoctets, soit 163 avec 21 z\u00e9ros : C'est la quantit\u00e9 gigantesque de donn\u00e9es produites dans le monde, selon une r\u00e9cente \u00e9tude. <a href=\"https:\/\/www.seagate.com\/de\/de\/our-story\/data-age-2025\/\">\u00c9tude IDC<\/a> d'ici 2025. Les entreprises qui veulent tirer le meilleur parti de cette \u00e9volution pour leur succ\u00e8s commercial doivent repenser leur gestion de l'information. C'est le conseil que donnent d\u00e9sormais les experts en logiciels d'entreprise de <a href=\"http:\/\/www.godesys.de\/\">godesys<\/a>un fabricant allemand de solutions ERP. Les strat\u00e9gies de num\u00e9risation devraient donc inclure d'urgence le domaine de la gestion et de l'analyse des donn\u00e9es. godesys cite les th\u00e8mes de la gestion des processus commerciaux (BPM), de la mobilit\u00e9, de l'omnicanal et de la gestion des informations dans sa campagne. <a href=\"https:\/\/digitalnormal.godesys.de\/\">#Normal num\u00e9rique<\/a> les piliers de la transformation num\u00e9rique. Les cinq raisons suivantes plaident en faveur d'une gestion plus r\u00e9fl\u00e9chie des informations internes et externes, bas\u00e9e sur les technologies de l'information.<\/p>\n<h2>Cinq raisons pour une gestion globale de l'information<\/h2>\n<ol>\n<li>La gestion des donn\u00e9es permet de gagner du temps : Une strat\u00e9gie de gestion de l'information associ\u00e9e \u00e0 des syst\u00e8mes de gestion des donn\u00e9es (DMS) permet de r\u00e9duire les temps de traitement et de retrouver rapidement et facilement les documents recherch\u00e9s tels que les commandes, les ordres, les factures, les contrats, les listes, les e-mails, les notes et autres. En automatisant les processus de classement r\u00e9currents, les entreprises permettent \u00e0 leurs collaborateurs de se concentrer sur leur activit\u00e9 principale.<\/li>\n<li>R\u00e9duire les co\u00fbts : La gestion de l'information assist\u00e9e par l'informatique r\u00e9duit les montagnes de papier. Il n'est plus n\u00e9cessaire non plus de pr\u00e9voir des espaces de stockage co\u00fbteux pour les classeurs et autres. De plus, la gestion num\u00e9rique des documents augmente la productivit\u00e9. Les entreprises peuvent investir les d\u00e9penses \u00e9conomis\u00e9es dans de nouvelles opportunit\u00e9s commerciales.<\/li>\n<li>La gestion de l'information accro\u00eet l'efficacit\u00e9 : les fonctions d'archivage et d'automatisation incluses dans l'outil de gestion documentaire rendent les processus compr\u00e9hensibles et transparents. Les entreprises peuvent ainsi optimiser la collaboration. En m\u00eame temps, la qualit\u00e9 de traitement augmente.<\/li>\n<li>La strat\u00e9gie des donn\u00e9es renforce la s\u00e9curit\u00e9 : les outils professionnels de GED cr\u00e9ent les meilleures conditions pour une gestion des donn\u00e9es conforme aux exigences de la r\u00e9vision. De la saisie \u00e0 la destruction, les donn\u00e9es peuvent \u00eatre archiv\u00e9es de mani\u00e8re fiable. Cela r\u00e9duit de mani\u00e8re significative le risque de perte de donn\u00e9es.<\/li>\n<li>Les entreprises augmentent leur productivit\u00e9 : gr\u00e2ce \u00e0 la gestion de l'information, elles am\u00e9liorent la vue d'ensemble de leurs documents et processus. Les fonctions qui assurent une interaction transparente entre les diff\u00e9rents syst\u00e8mes et collaborateurs ainsi que les fonctions sociales qui permettent \u00e0 tous les collaborateurs d'\u00eatre au m\u00eame niveau sont utiles \u00e0 cet \u00e9gard.<\/li>\n<\/ol>\n<h2>L'ERP comme plaque tournante<\/h2>\n<p>Hans-J\u00fcrgen Zinn, COO de godesys AG, commente : \"Les exigences d'une gestion efficace de l'information changent de plus en plus et augmentent constamment. D'une part, les fonctions frontales deviennent de plus en plus sp\u00e9cialis\u00e9es, d'autre part, tous les domaines internes \u00e0 l'entreprise, et parfois aussi interentreprises, doivent \u00eatre imbriqu\u00e9s de mani\u00e8re continue. Le syst\u00e8me ERP est ici la plaque tournante qui doit ma\u00eetriser des t\u00e2ches de plus en plus complexes. De plus, la quantit\u00e9 d'informations ne cesse d'augmenter. C'est pourquoi il ne s'agit plus seulement aujourd'hui de g\u00e9rer et de pr\u00e9parer ces informations en fonction des besoins, mais aussi de les traiter de mani\u00e8re cibl\u00e9e\".<\/p>\n<p>Dans ce contexte, un DMS moderne doit aller bien au-del\u00e0 d'une armoire \u00e0 dossiers virtuelle. L'accent est mis sur les processus \u00e0 l'\u00e9chelle de l'entreprise et des diff\u00e9rents sites. La gestion de l'information doit \u00eatre performante et fiable, comprendre les processus pertinents et savoir quel document va o\u00f9 et quelle est son importance ou sa destination. C'est la seule fa\u00e7on pour les entreprises de garder une vue d'ensemble, de profiter des avantages concurrentiels de la num\u00e9risation et de r\u00e9pondre aux exigences l\u00e9gales en constante \u00e9volution.<\/p>\n<p><em>Plus d'informations : <a href=\"http:\/\/www.godesys.de\">www.godesys.de<\/a><\/em><\/p>","protected":false},"excerpt":{"rendered":"<p>163 Zettabyte, also 163 mit 21 Nullen: Dieses gigantische Ausma\u00df soll die weltweit produzierte Menge an Daten laut einer aktuellen IDC-Studie bis 2025 erreichen. Unternehmen, die diese Entwicklung bestm\u00f6glich f\u00fcr ihren Gesch\u00e4ftserfolg nutzen wollen, m\u00fcssen ihr Informationsmanagement \u00fcberdenken. Diesen Rat geben nun die Gesch\u00e4ftssoftware-Experten von godesys, einem\u00a0deutschen\u00a0Hersteller von ERP-L\u00f6sungen.\u00a0Digitalisierungsstrategien m\u00fcssten demnach den Bereich Datenverwaltung und [&hellip;]<\/p>\n","protected":false},"author":4,"featured_media":4451,"comment_status":"open","ping_status":"open","sticky":false,"template":"","format":"standard","meta":{"_acf_changed":false,"_yoast_wpseo_focuskw":"Informationsmanagement","_yoast_wpseo_metadesc":"F\u00fcnf Gr\u00fcnde, warum umfassendes Informationsmanagement zentraler Baustein jeder Digitalisierungsstrategie sein sollte.","articlekey":"","footnotes":""},"categories":[27],"tags":[115,156,288],"class_list":["post-4450","post","type-post","status-publish","format-standard","has-post-thumbnail","hentry","category-it","tag-checklisten","tag-digitalisierung","tag-it-business-software"],"acf":[],"yoast_head":"<!-- This site is optimized with the Yoast SEO plugin v27.5 - https:\/\/yoast.com\/product\/yoast-seo-wordpress\/ -->\n<title>Informationsmanagement: Alle Daten und Dokumente im Griff - Organisator<\/title>\n<meta name=\"description\" content=\"F\u00fcnf Gr\u00fcnde, warum umfassendes Informationsmanagement zentraler Baustein jeder Digitalisierungsstrategie sein sollte.\" \/>\n<meta name=\"robots\" content=\"index, follow, max-snippet:-1, max-image-preview:large, max-video-preview:-1\" \/>\n<link rel=\"canonical\" href=\"https:\/\/www.organisator.ch\/fr\/gestion-2\/it\/2018-10-31\/informationsmanagement-alle-daten-und-dokumente-im-griff\/\" \/>\n<meta property=\"og:locale\" content=\"fr_FR\" \/>\n<meta property=\"og:type\" content=\"article\" \/>\n<meta property=\"og:title\" content=\"Informationsmanagement: Alle Daten und Dokumente im Griff\" \/>\n<meta property=\"og:description\" content=\"F\u00fcnf Gr\u00fcnde, warum umfassendes Informationsmanagement zentraler Baustein jeder Digitalisierungsstrategie sein sollte.\" \/>\n<meta property=\"og:url\" content=\"https:\/\/www.organisator.ch\/fr\/gestion-2\/it\/2018-10-31\/informationsmanagement-alle-daten-und-dokumente-im-griff\/\" \/>\n<meta property=\"og:site_name\" content=\"Organisator\" \/>\n<meta property=\"article:publisher\" content=\"https:\/\/www.facebook.com\/OrganisatorFachmagazin\" \/>\n<meta property=\"article:published_time\" content=\"2018-10-31T08:20:23+00:00\" \/>\n<meta property=\"og:image\" content=\"https:\/\/www.organisator.ch\/wp-content\/uploads\/2018\/10\/Informationsmanagement-Alle-Daten-und-Dokumente-im-Griff_Organisator.jpg\" \/>\n\t<meta property=\"og:image:width\" content=\"640\" \/>\n\t<meta property=\"og:image:height\" content=\"452\" \/>\n\t<meta property=\"og:image:type\" content=\"image\/jpeg\" \/>\n<meta name=\"author\" content=\"thomas.berner\" \/>\n<meta name=\"twitter:card\" content=\"summary_large_image\" \/>\n<meta name=\"twitter:title\" content=\"#Informationsmanagement: Alle Daten und Dokumente im Griff\" \/>\n<meta name=\"twitter:description\" content=\"F\u00fcnf Gr\u00fcnde, warum umfassendes #Informationsmanagement zentraler Baustein jeder Digitalisierungsstrategie sein sollte.\" \/>\n<meta name=\"twitter:image\" content=\"https:\/\/www.organisator.ch\/wp-content\/uploads\/2018\/10\/Informationsmanagement-Alle-Daten-und-Dokumente-im-Griff_Organisator.jpg\" \/>\n<script type=\"application\/ld+json\" class=\"yoast-schema-graph\">{\"@context\":\"https:\\\/\\\/schema.org\",\"@graph\":[{\"@type\":\"Article\",\"@id\":\"https:\\\/\\\/www.organisator.ch\\\/management\\\/it\\\/2018-10-31\\\/informationsmanagement-alle-daten-und-dokumente-im-griff\\\/#article\",\"isPartOf\":{\"@id\":\"https:\\\/\\\/www.organisator.ch\\\/management\\\/it\\\/2018-10-31\\\/informationsmanagement-alle-daten-und-dokumente-im-griff\\\/\"},\"author\":{\"name\":\"thomas.berner\",\"@id\":\"https:\\\/\\\/www.organisator.ch\\\/#\\\/schema\\\/person\\\/6f650f90b2842cd4c0cc334b4e36f67e\"},\"headline\":\"Informationsmanagement: Alle Daten und Dokumente im Griff\",\"datePublished\":\"2018-10-31T08:20:23+00:00\",\"mainEntityOfPage\":{\"@id\":\"https:\\\/\\\/www.organisator.ch\\\/management\\\/it\\\/2018-10-31\\\/informationsmanagement-alle-daten-und-dokumente-im-griff\\\/\"},\"wordCount\":494,\"commentCount\":0,\"publisher\":{\"@id\":\"https:\\\/\\\/www.organisator.ch\\\/#organization\"},\"image\":{\"@id\":\"https:\\\/\\\/www.organisator.ch\\\/management\\\/it\\\/2018-10-31\\\/informationsmanagement-alle-daten-und-dokumente-im-griff\\\/#primaryimage\"},\"thumbnailUrl\":\"https:\\\/\\\/www.organisator.ch\\\/wp-content\\\/uploads\\\/2018\\\/10\\\/Informationsmanagement-Alle-Daten-und-Dokumente-im-Griff_Organisator.jpg\",\"keywords\":[\"Checklisten\",\"Digitalisierung\",\"IT &amp; Business Software\"],\"articleSection\":[\"IT\"],\"inLanguage\":\"fr-FR\"},{\"@type\":\"WebPage\",\"@id\":\"https:\\\/\\\/www.organisator.ch\\\/management\\\/it\\\/2018-10-31\\\/informationsmanagement-alle-daten-und-dokumente-im-griff\\\/\",\"url\":\"https:\\\/\\\/www.organisator.ch\\\/management\\\/it\\\/2018-10-31\\\/informationsmanagement-alle-daten-und-dokumente-im-griff\\\/\",\"name\":\"Informationsmanagement: Alle Daten und Dokumente im Griff - Organisator\",\"isPartOf\":{\"@id\":\"https:\\\/\\\/www.organisator.ch\\\/#website\"},\"primaryImageOfPage\":{\"@id\":\"https:\\\/\\\/www.organisator.ch\\\/management\\\/it\\\/2018-10-31\\\/informationsmanagement-alle-daten-und-dokumente-im-griff\\\/#primaryimage\"},\"image\":{\"@id\":\"https:\\\/\\\/www.organisator.ch\\\/management\\\/it\\\/2018-10-31\\\/informationsmanagement-alle-daten-und-dokumente-im-griff\\\/#primaryimage\"},\"thumbnailUrl\":\"https:\\\/\\\/www.organisator.ch\\\/wp-content\\\/uploads\\\/2018\\\/10\\\/Informationsmanagement-Alle-Daten-und-Dokumente-im-Griff_Organisator.jpg\",\"datePublished\":\"2018-10-31T08:20:23+00:00\",\"description\":\"F\u00fcnf Gr\u00fcnde, warum umfassendes Informationsmanagement zentraler Baustein jeder Digitalisierungsstrategie sein sollte.\",\"breadcrumb\":{\"@id\":\"https:\\\/\\\/www.organisator.ch\\\/management\\\/it\\\/2018-10-31\\\/informationsmanagement-alle-daten-und-dokumente-im-griff\\\/#breadcrumb\"},\"inLanguage\":\"fr-FR\",\"potentialAction\":[{\"@type\":\"ReadAction\",\"target\":[\"https:\\\/\\\/www.organisator.ch\\\/management\\\/it\\\/2018-10-31\\\/informationsmanagement-alle-daten-und-dokumente-im-griff\\\/\"]}]},{\"@type\":\"ImageObject\",\"inLanguage\":\"fr-FR\",\"@id\":\"https:\\\/\\\/www.organisator.ch\\\/management\\\/it\\\/2018-10-31\\\/informationsmanagement-alle-daten-und-dokumente-im-griff\\\/#primaryimage\",\"url\":\"https:\\\/\\\/www.organisator.ch\\\/wp-content\\\/uploads\\\/2018\\\/10\\\/Informationsmanagement-Alle-Daten-und-Dokumente-im-Griff_Organisator.jpg\",\"contentUrl\":\"https:\\\/\\\/www.organisator.ch\\\/wp-content\\\/uploads\\\/2018\\\/10\\\/Informationsmanagement-Alle-Daten-und-Dokumente-im-Griff_Organisator.jpg\",\"width\":640,\"height\":452,\"caption\":\"Informationsmanagement muss Teil einer jeden Digitalisierungs-Strategie sein.\"},{\"@type\":\"BreadcrumbList\",\"@id\":\"https:\\\/\\\/www.organisator.ch\\\/management\\\/it\\\/2018-10-31\\\/informationsmanagement-alle-daten-und-dokumente-im-griff\\\/#breadcrumb\",\"itemListElement\":[{\"@type\":\"ListItem\",\"position\":1,\"name\":\"Home\",\"item\":\"https:\\\/\\\/www.organisator.ch\\\/\"},{\"@type\":\"ListItem\",\"position\":2,\"name\":\"Informationsmanagement: Alle Daten und Dokumente im Griff\"}]},{\"@type\":\"WebSite\",\"@id\":\"https:\\\/\\\/www.organisator.ch\\\/#website\",\"url\":\"https:\\\/\\\/www.organisator.ch\\\/\",\"name\":\"Organisator\",\"description\":\"Kompetent. Praxisnah. Der ORGANISATOR bereitet in 10 Ausgaben pro Jahr die wesentlichen Themen f\u00fcr F\u00fchrungskr\u00e4fte von KMU auf.\",\"publisher\":{\"@id\":\"https:\\\/\\\/www.organisator.ch\\\/#organization\"},\"potentialAction\":[{\"@type\":\"SearchAction\",\"target\":{\"@type\":\"EntryPoint\",\"urlTemplate\":\"https:\\\/\\\/www.organisator.ch\\\/?s={search_term_string}\"},\"query-input\":{\"@type\":\"PropertyValueSpecification\",\"valueRequired\":true,\"valueName\":\"search_term_string\"}}],\"inLanguage\":\"fr-FR\"},{\"@type\":\"Organization\",\"@id\":\"https:\\\/\\\/www.organisator.ch\\\/#organization\",\"name\":\"Organisator\",\"url\":\"https:\\\/\\\/www.organisator.ch\\\/\",\"logo\":{\"@type\":\"ImageObject\",\"inLanguage\":\"fr-FR\",\"@id\":\"https:\\\/\\\/www.organisator.ch\\\/#\\\/schema\\\/logo\\\/image\\\/\",\"url\":\"https:\\\/\\\/www.organisator.ch\\\/wp-content\\\/uploads\\\/2022\\\/01\\\/Logo_Organisator_Website.png\",\"contentUrl\":\"https:\\\/\\\/www.organisator.ch\\\/wp-content\\\/uploads\\\/2022\\\/01\\\/Logo_Organisator_Website.png\",\"width\":800,\"height\":77,\"caption\":\"Organisator\"},\"image\":{\"@id\":\"https:\\\/\\\/www.organisator.ch\\\/#\\\/schema\\\/logo\\\/image\\\/\"},\"sameAs\":[\"https:\\\/\\\/www.facebook.com\\\/OrganisatorFachmagazin\",\"https:\\\/\\\/www.linkedin.com\\\/showcase\\\/organisator-das-magazin-fr-kmu\",\"https:\\\/\\\/www.xing.com\\\/news\\\/pages\\\/organisator-ch-695\",\"https:\\\/\\\/www.youtube.com\\\/channel\\\/UCGP2Sq0iWaZwT3BdIAQFYpw\"]},{\"@type\":\"Person\",\"@id\":\"https:\\\/\\\/www.organisator.ch\\\/#\\\/schema\\\/person\\\/6f650f90b2842cd4c0cc334b4e36f67e\",\"name\":\"thomas.berner\",\"image\":{\"@type\":\"ImageObject\",\"inLanguage\":\"fr-FR\",\"@id\":\"https:\\\/\\\/secure.gravatar.com\\\/avatar\\\/ac5001d2a36cb6c6cd3e50789007ffca834b477b74a2144564522e944eabff61?s=96&d=mm&r=g\",\"url\":\"https:\\\/\\\/secure.gravatar.com\\\/avatar\\\/ac5001d2a36cb6c6cd3e50789007ffca834b477b74a2144564522e944eabff61?s=96&d=mm&r=g\",\"contentUrl\":\"https:\\\/\\\/secure.gravatar.com\\\/avatar\\\/ac5001d2a36cb6c6cd3e50789007ffca834b477b74a2144564522e944eabff61?s=96&d=mm&r=g\",\"caption\":\"thomas.berner\"},\"url\":\"https:\\\/\\\/www.organisator.ch\\\/fr\\\/author\\\/thomas-berner\\\/\"}]}<\/script>\n<!-- \/ Yoast SEO plugin. -->","yoast_head_json":{"title":"Gestion de l'information : toutes les donn\u00e9es et tous les documents \u00e0 port\u00e9e de main - Organisateur","description":"Cinq raisons pour lesquelles la gestion globale de l'information devrait \u00eatre un \u00e9l\u00e9ment central de toute strat\u00e9gie de num\u00e9risation.","robots":{"index":"index","follow":"follow","max-snippet":"max-snippet:-1","max-image-preview":"max-image-preview:large","max-video-preview":"max-video-preview:-1"},"canonical":"https:\/\/www.organisator.ch\/fr\/gestion-2\/it\/2018-10-31\/informationsmanagement-alle-daten-und-dokumente-im-griff\/","og_locale":"fr_FR","og_type":"article","og_title":"Informationsmanagement: Alle Daten und Dokumente im Griff","og_description":"F\u00fcnf Gr\u00fcnde, warum umfassendes Informationsmanagement zentraler Baustein jeder Digitalisierungsstrategie sein sollte.","og_url":"https:\/\/www.organisator.ch\/fr\/gestion-2\/it\/2018-10-31\/informationsmanagement-alle-daten-und-dokumente-im-griff\/","og_site_name":"Organisator","article_publisher":"https:\/\/www.facebook.com\/OrganisatorFachmagazin","article_published_time":"2018-10-31T08:20:23+00:00","og_image":[{"width":640,"height":452,"url":"https:\/\/www.organisator.ch\/wp-content\/uploads\/2018\/10\/Informationsmanagement-Alle-Daten-und-Dokumente-im-Griff_Organisator.jpg","type":"image\/jpeg"}],"author":"thomas.berner","twitter_card":"summary_large_image","twitter_title":"#Informationsmanagement: Alle Daten und Dokumente im Griff","twitter_description":"F\u00fcnf Gr\u00fcnde, warum umfassendes #Informationsmanagement zentraler Baustein jeder Digitalisierungsstrategie sein sollte.","twitter_image":"https:\/\/www.organisator.ch\/wp-content\/uploads\/2018\/10\/Informationsmanagement-Alle-Daten-und-Dokumente-im-Griff_Organisator.jpg","schema":{"@context":"https:\/\/schema.org","@graph":[{"@type":"Article","@id":"https:\/\/www.organisator.ch\/management\/it\/2018-10-31\/informationsmanagement-alle-daten-und-dokumente-im-griff\/#article","isPartOf":{"@id":"https:\/\/www.organisator.ch\/management\/it\/2018-10-31\/informationsmanagement-alle-daten-und-dokumente-im-griff\/"},"author":{"name":"thomas.berner","@id":"https:\/\/www.organisator.ch\/#\/schema\/person\/6f650f90b2842cd4c0cc334b4e36f67e"},"headline":"Informationsmanagement: Alle Daten und Dokumente im Griff","datePublished":"2018-10-31T08:20:23+00:00","mainEntityOfPage":{"@id":"https:\/\/www.organisator.ch\/management\/it\/2018-10-31\/informationsmanagement-alle-daten-und-dokumente-im-griff\/"},"wordCount":494,"commentCount":0,"publisher":{"@id":"https:\/\/www.organisator.ch\/#organization"},"image":{"@id":"https:\/\/www.organisator.ch\/management\/it\/2018-10-31\/informationsmanagement-alle-daten-und-dokumente-im-griff\/#primaryimage"},"thumbnailUrl":"https:\/\/www.organisator.ch\/wp-content\/uploads\/2018\/10\/Informationsmanagement-Alle-Daten-und-Dokumente-im-Griff_Organisator.jpg","keywords":["Checklisten","Digitalisierung","IT &amp; Business Software"],"articleSection":["IT"],"inLanguage":"fr-FR"},{"@type":"WebPage","@id":"https:\/\/www.organisator.ch\/management\/it\/2018-10-31\/informationsmanagement-alle-daten-und-dokumente-im-griff\/","url":"https:\/\/www.organisator.ch\/management\/it\/2018-10-31\/informationsmanagement-alle-daten-und-dokumente-im-griff\/","name":"Gestion de l'information : toutes les donn\u00e9es et tous les documents \u00e0 port\u00e9e de main - Organisateur","isPartOf":{"@id":"https:\/\/www.organisator.ch\/#website"},"primaryImageOfPage":{"@id":"https:\/\/www.organisator.ch\/management\/it\/2018-10-31\/informationsmanagement-alle-daten-und-dokumente-im-griff\/#primaryimage"},"image":{"@id":"https:\/\/www.organisator.ch\/management\/it\/2018-10-31\/informationsmanagement-alle-daten-und-dokumente-im-griff\/#primaryimage"},"thumbnailUrl":"https:\/\/www.organisator.ch\/wp-content\/uploads\/2018\/10\/Informationsmanagement-Alle-Daten-und-Dokumente-im-Griff_Organisator.jpg","datePublished":"2018-10-31T08:20:23+00:00","description":"Cinq raisons pour lesquelles la gestion globale de l'information devrait \u00eatre un \u00e9l\u00e9ment central de toute strat\u00e9gie de num\u00e9risation.","breadcrumb":{"@id":"https:\/\/www.organisator.ch\/management\/it\/2018-10-31\/informationsmanagement-alle-daten-und-dokumente-im-griff\/#breadcrumb"},"inLanguage":"fr-FR","potentialAction":[{"@type":"ReadAction","target":["https:\/\/www.organisator.ch\/management\/it\/2018-10-31\/informationsmanagement-alle-daten-und-dokumente-im-griff\/"]}]},{"@type":"ImageObject","inLanguage":"fr-FR","@id":"https:\/\/www.organisator.ch\/management\/it\/2018-10-31\/informationsmanagement-alle-daten-und-dokumente-im-griff\/#primaryimage","url":"https:\/\/www.organisator.ch\/wp-content\/uploads\/2018\/10\/Informationsmanagement-Alle-Daten-und-Dokumente-im-Griff_Organisator.jpg","contentUrl":"https:\/\/www.organisator.ch\/wp-content\/uploads\/2018\/10\/Informationsmanagement-Alle-Daten-und-Dokumente-im-Griff_Organisator.jpg","width":640,"height":452,"caption":"Informationsmanagement muss Teil einer jeden Digitalisierungs-Strategie sein."},{"@type":"BreadcrumbList","@id":"https:\/\/www.organisator.ch\/management\/it\/2018-10-31\/informationsmanagement-alle-daten-und-dokumente-im-griff\/#breadcrumb","itemListElement":[{"@type":"ListItem","position":1,"name":"Home","item":"https:\/\/www.organisator.ch\/"},{"@type":"ListItem","position":2,"name":"Informationsmanagement: Alle Daten und Dokumente im Griff"}]},{"@type":"WebSite","@id":"https:\/\/www.organisator.ch\/#website","url":"https:\/\/www.organisator.ch\/","name":"Organisateur","description":"Comp\u00e9tence et comp\u00e9tence. Proches de la pratique. L'ORGANISATEUR pr\u00e9pare 10 num\u00e9ros par an sur les th\u00e8mes essentiels pour les dirigeants de PME.","publisher":{"@id":"https:\/\/www.organisator.ch\/#organization"},"potentialAction":[{"@type":"SearchAction","target":{"@type":"EntryPoint","urlTemplate":"https:\/\/www.organisator.ch\/?s={search_term_string}"},"query-input":{"@type":"PropertyValueSpecification","valueRequired":true,"valueName":"search_term_string"}}],"inLanguage":"fr-FR"},{"@type":"Organization","@id":"https:\/\/www.organisator.ch\/#organization","name":"Organisateur","url":"https:\/\/www.organisator.ch\/","logo":{"@type":"ImageObject","inLanguage":"fr-FR","@id":"https:\/\/www.organisator.ch\/#\/schema\/logo\/image\/","url":"https:\/\/www.organisator.ch\/wp-content\/uploads\/2022\/01\/Logo_Organisator_Website.png","contentUrl":"https:\/\/www.organisator.ch\/wp-content\/uploads\/2022\/01\/Logo_Organisator_Website.png","width":800,"height":77,"caption":"Organisator"},"image":{"@id":"https:\/\/www.organisator.ch\/#\/schema\/logo\/image\/"},"sameAs":["https:\/\/www.facebook.com\/OrganisatorFachmagazin","https:\/\/www.linkedin.com\/showcase\/organisator-das-magazin-fr-kmu","https:\/\/www.xing.com\/news\/pages\/organisator-ch-695","https:\/\/www.youtube.com\/channel\/UCGP2Sq0iWaZwT3BdIAQFYpw"]},{"@type":"Person","@id":"https:\/\/www.organisator.ch\/#\/schema\/person\/6f650f90b2842cd4c0cc334b4e36f67e","name":"thomas.berner","image":{"@type":"ImageObject","inLanguage":"fr-FR","@id":"https:\/\/secure.gravatar.com\/avatar\/ac5001d2a36cb6c6cd3e50789007ffca834b477b74a2144564522e944eabff61?s=96&d=mm&r=g","url":"https:\/\/secure.gravatar.com\/avatar\/ac5001d2a36cb6c6cd3e50789007ffca834b477b74a2144564522e944eabff61?s=96&d=mm&r=g","contentUrl":"https:\/\/secure.gravatar.com\/avatar\/ac5001d2a36cb6c6cd3e50789007ffca834b477b74a2144564522e944eabff61?s=96&d=mm&r=g","caption":"thomas.berner"},"url":"https:\/\/www.organisator.ch\/fr\/author\/thomas-berner\/"}]}},"_links":{"self":[{"href":"https:\/\/www.organisator.ch\/fr\/wp-json\/wp\/v2\/posts\/4450","targetHints":{"allow":["GET"]}}],"collection":[{"href":"https:\/\/www.organisator.ch\/fr\/wp-json\/wp\/v2\/posts"}],"about":[{"href":"https:\/\/www.organisator.ch\/fr\/wp-json\/wp\/v2\/types\/post"}],"author":[{"embeddable":true,"href":"https:\/\/www.organisator.ch\/fr\/wp-json\/wp\/v2\/users\/4"}],"replies":[{"embeddable":true,"href":"https:\/\/www.organisator.ch\/fr\/wp-json\/wp\/v2\/comments?post=4450"}],"version-history":[{"count":0,"href":"https:\/\/www.organisator.ch\/fr\/wp-json\/wp\/v2\/posts\/4450\/revisions"}],"wp:featuredmedia":[{"embeddable":true,"href":"https:\/\/www.organisator.ch\/fr\/wp-json\/wp\/v2\/media\/4451"}],"wp:attachment":[{"href":"https:\/\/www.organisator.ch\/fr\/wp-json\/wp\/v2\/media?parent=4450"}],"wp:term":[{"taxonomy":"category","embeddable":true,"href":"https:\/\/www.organisator.ch\/fr\/wp-json\/wp\/v2\/categories?post=4450"},{"taxonomy":"post_tag","embeddable":true,"href":"https:\/\/www.organisator.ch\/fr\/wp-json\/wp\/v2\/tags?post=4450"}],"curies":[{"name":"wp","href":"https:\/\/api.w.org\/{rel}","templated":true}]}}