{"id":44543,"date":"2026-02-12T08:58:35","date_gmt":"2026-02-12T07:58:35","guid":{"rendered":"https:\/\/www.markt-kom.com\/de\/?p=250917"},"modified":"2026-02-12T14:10:13","modified_gmt":"2026-02-12T13:10:13","slug":"meta-hiltebrand-wird-markenbotschafterin-von-kuhn-rikon","status":"publish","type":"post","link":"https:\/\/www.organisator.ch\/fr\/marketing\/2026-02-12\/meta-hiltebrand-wird-markenbotschafterin-von-kuhn-rikon\/","title":{"rendered":"Meta Hiltebrand devient ambassadrice de la marque Kuhn Rikon"},"content":{"rendered":"[caption id=\"attachment_44565\" align=\"alignnone\" width=\"666\"]<img class=\"size-full wp-image-44565\" src=\"https:\/\/www.organisator.ch\/wp-content\/uploads\/2026\/02\/Meta-Hiltebrand-wird-Markenbotschafterin-von-Kuhn-Rikon_Organisator.jpg\" alt=\"\" width=\"666\" height=\"583\" \/> Neue Markenbotschafterin von Kuhn Rikon: Spitzenk\u00f6chin Meta Hildebrand. (Bild: zVg)[\/caption]\r\n\r\n<p>Die Schweizer Spitzenk\u00f6chin, TV-Pers\u00f6nlichkeit und Unternehmerin Meta Hiltebrand ist neue Markenbotschafterin von Kuhn Rikon. Die Zusammenarbeit verbindet kulinarische Leidenschaft, Schweizer Handwerk, Design und Kreativit\u00e4t. Mit dieser Partnerschaft soll eine Br\u00fccke zwischen dem Hobby- und dem Profikoch geschlagen werden \u2013 ein offener Austausch, um noch mehr Professionalit\u00e4t und Spass in die K\u00fcche zu bringen.<\/p>\r\n<p>Zwei, die dieselben Werte teilen und so gut zusammenpassen wie Topf und Deckel: die Traditionsmarke Kuhn Rikon und Profik\u00f6chin Meta Hiltebrand. In ihrer neuen Rolle als Markenbotschafterin bringt sie ihre Expertise k\u00fcnftig in Rezeptentwicklung, Kochformaten, Events sowie in der Markenkommunikation ein.<\/p>\r\n<h3>Verbunden seit der Kindheit<\/h3>\r\n<p>Mit der Marke verbindet die Gastronomin seit fr\u00fcher Kindheit eine besondere Beziehung. \u00abDie Magie des Topfes mit dem roten Deckel \u2013 dem Duromatic \u2013 hat mich in die K\u00fcche gezogen. Nicht, weil ich K\u00f6chin werden wollte, sondern weil meine Mutter t\u00e4glich frisch gekocht hat und f\u00fcr mich eine echte Zauberin war\u00bb, sagt Hiltebrand.<\/p>\r\n<p>In ihrer Familie hatten Schweizer Produkte einen hohen Stellenwert \u2013 besonders Pfannen und T\u00f6pfe sollten ein Leben lang halten. \u00abKuhn Rikon hat das versprochen \u2013 und auch eingehalten. Einige dieser T\u00f6pfe sind bei uns bis heute im Einsatz.\u00bb<\/p>\r\n<h3>Gemeinsame Werte wie Handwerk, Qualit\u00e4t, Freude<\/h3>\r\n<p>Was die Partnerschaft auszeichnet, sind gemeinsame Werte: Kulinarik, Freude am Kochen, handwerkliche Qualit\u00e4t und funktionales Design. Die Z\u00fcrcherin sch\u00e4tzt das breite Sortiment von Kuhn Rikon. Nebst klassischem Kochgeschirr nutzt sie sehr gerne etwa moderne K\u00fcchenhelfer wie den Pull Chop oder das gusseiserne orange-rote Caquelon, das bei ihr als Fondue-Liebhaberin regelm\u00e4ssig auf dem Tisch steht.<\/p>\r\n<p>\u00abMeta Hiltebrand steht f\u00fcr Leidenschaft, Authentizit\u00e4t und eine moderne Schweizer K\u00fcche. Genau diese Haltung pr\u00e4gt auch Kuhn Rikon: tief verwurzelt im Handwerk, aber stets offen f\u00fcr neue Ideen und L\u00f6sungen. Gemeinsam wollen wir zeigen, wie Tradition und Innovation den Kochalltag bereichern \u2013 hochwertig und nahbar\u00bb, sagt Peter Waltensp\u00fchl, Marketingleiter bei Kuhn Rikon.<\/p>\r\n<p>Die Traditionsmarke, die dieses Jahr ihr 100-j\u00e4hriges Jubil\u00e4um feiert, und ihre neue Markenbotschafterin wollen mit ihrer Passion den K\u00fcchenalltag beleben und Lust auf kulinarische Kreativit\u00e4t wecken. Oder wie Meta Hiltebrand augenzwinkernd sagt: \u00abZusammen sind wir Salz und Pfeffer: Salz macht jedes Gericht besser, die Prise Pfeffer macht es spannend.\u00bb<\/p>\r\n<h3>Lieblingsprodukt und pers\u00f6nliche Anekdote<\/h3>\r\n<p>Ihr Lieblingsprodukt ist ganz klar der Duromatic. \u00abDie Magie des roten Deckels h\u00e4lt an. Er verk\u00fcrzt Garzeiten und macht auch eher faserige Fleischst\u00fccke wunderbar zart. Zudem sch\u00e4tze ich hochwertige Materialien \u2013 die Haptik ist mir genauso wichtig wie der Geschmack. Das Kochen mit Kuhn Rikon T\u00f6pfen begeistert mich jedes Mal aufs Neue\u00bb, erkl\u00e4rt Hiltebrand.<\/p>\r\n<p>Zu ihrer Beziehung zur Marke geh\u00f6rt auch eine Anekdote: Seit ihrer Kindheit gibt es eine Kuhn Rikon Pfanne, die sie bei ihrer Mutter \u00abausgeliehen\u00bb \u2013 und wie das ganz oft so ist, bewusst nie zur\u00fcckgegeben hat. Leider stellte sie diese Pfanne \u2013 es war der doppelwandige Kopftop Durotherm mit goldigen Griffen \u2013 einmal mitsamt W\u00e4rmeuntersetzer auf den Herd und liess beides so lange drauf, bis sie zu einem Teil wurden. Die entsprechende Gr\u00f6sse fehlt im Set bei ihrer Mutter bis heute.<\/p>\r\n<p>Kuhn Rikon begeistert die Kochwelt seit 1926 mit innovativen Produkten rund ums Zubereiten, Servieren und Geniessen. Die Schweizer Marke entwickelt, designt und produziert innovative, hochwertige und nachhaltige Produkte, welche direkt, \u00fcber den Detail- und Fachhandel sowie online in der ganzen Welt vertrieben werden. Meta Hiltebrand z\u00e4hlt zu den bekanntesten Spitzenk\u00f6chinnen der Schweiz und betreibt heute mit CookCouture ein Studio f\u00fcr Rezeptentwicklung, Events und Medienproduktionen.<\/p>","protected":false},"excerpt":{"rendered":"<p>La grande cuisini\u00e8re suisse Meta Hiltebrand devient la nouvelle ambassadrice de la marque traditionnelle Kuhn Rikon. Ce partenariat allie passion culinaire, artisanat suisse et design. Hiltebrand apporte son expertise dans le d\u00e9veloppement de recettes, les formats de cuisine et la communication de la marque.<\/p>","protected":false},"author":107,"featured_media":44565,"comment_status":"closed","ping_status":"closed","sticky":false,"template":"","format":"standard","meta":{"_acf_changed":false,"_yoast_wpseo_focuskw":"Meta Hiltebrand","_yoast_wpseo_metadesc":"Die Schweizer Spitzenk\u00f6chin Meta Hiltebrand wird neue Markenbotschafterin der Traditionsmarke Kuhn Rikon.","articlekey":"","footnotes":""},"categories":[29],"tags":[3410,4343,3112],"class_list":["post-44543","post","type-post","status-publish","format-standard","has-post-thumbnail","hentry","category-marketing","tag-gastronomie","tag-markom","tag-meta-hiltebrand"],"acf":[],"yoast_head":"<!-- This site is optimized with the Yoast SEO plugin v27.5 - https:\/\/yoast.com\/product\/yoast-seo-wordpress\/ -->\n<title>Meta Hiltebrand wird Markenbotschafterin von Kuhn Rikon - Organisator<\/title>\n<meta name=\"description\" content=\"Die Schweizer Spitzenk\u00f6chin Meta Hiltebrand wird neue Markenbotschafterin der Traditionsmarke Kuhn Rikon.\" \/>\n<meta name=\"robots\" content=\"index, follow, max-snippet:-1, max-image-preview:large, max-video-preview:-1\" \/>\n<link rel=\"canonical\" href=\"https:\/\/www.organisator.ch\/fr\/marketing\/2026-02-12\/meta-hiltebrand-wird-markenbotschafterin-von-kuhn-rikon\/\" \/>\n<meta property=\"og:locale\" content=\"fr_FR\" \/>\n<meta property=\"og:type\" content=\"article\" \/>\n<meta property=\"og:title\" content=\"Meta Hiltebrand wird Markenbotschafterin von Kuhn Rikon - Organisator\" \/>\n<meta property=\"og:description\" content=\"Die Schweizer Spitzenk\u00f6chin Meta Hiltebrand wird neue Markenbotschafterin der Traditionsmarke Kuhn Rikon.\" \/>\n<meta property=\"og:url\" content=\"https:\/\/www.organisator.ch\/fr\/marketing\/2026-02-12\/meta-hiltebrand-wird-markenbotschafterin-von-kuhn-rikon\/\" \/>\n<meta property=\"og:site_name\" content=\"Organisator\" \/>\n<meta property=\"article:publisher\" content=\"https:\/\/www.facebook.com\/OrganisatorFachmagazin\" \/>\n<meta property=\"article:published_time\" content=\"2026-02-12T07:58:35+00:00\" \/>\n<meta property=\"article:modified_time\" content=\"2026-02-12T13:10:13+00:00\" \/>\n<meta property=\"og:image\" content=\"https:\/\/www.organisator.ch\/wp-content\/uploads\/2026\/02\/Meta-Hiltebrand-wird-Markenbotschafterin-von-Kuhn-Rikon_Organisator.jpg\" \/>\n\t<meta property=\"og:image:width\" content=\"666\" \/>\n\t<meta property=\"og:image:height\" content=\"583\" \/>\n\t<meta property=\"og:image:type\" content=\"image\/jpeg\" \/>\n<meta name=\"author\" content=\"n8n\" \/>\n<meta name=\"twitter:card\" content=\"summary_large_image\" \/>\n<script type=\"application\/ld+json\" class=\"yoast-schema-graph\">{\"@context\":\"https:\\\/\\\/schema.org\",\"@graph\":[{\"@type\":\"Article\",\"@id\":\"https:\\\/\\\/www.organisator.ch\\\/marketing\\\/2026-02-12\\\/meta-hiltebrand-wird-markenbotschafterin-von-kuhn-rikon\\\/#article\",\"isPartOf\":{\"@id\":\"https:\\\/\\\/www.organisator.ch\\\/marketing\\\/2026-02-12\\\/meta-hiltebrand-wird-markenbotschafterin-von-kuhn-rikon\\\/\"},\"author\":{\"name\":\"n8n\",\"@id\":\"https:\\\/\\\/www.organisator.ch\\\/#\\\/schema\\\/person\\\/a9d0e0eff238db87a8f840f3b50359f0\"},\"headline\":\"Meta Hiltebrand wird Markenbotschafterin von Kuhn Rikon\",\"datePublished\":\"2026-02-12T07:58:35+00:00\",\"dateModified\":\"2026-02-12T13:10:13+00:00\",\"mainEntityOfPage\":{\"@id\":\"https:\\\/\\\/www.organisator.ch\\\/marketing\\\/2026-02-12\\\/meta-hiltebrand-wird-markenbotschafterin-von-kuhn-rikon\\\/\"},\"wordCount\":613,\"publisher\":{\"@id\":\"https:\\\/\\\/www.organisator.ch\\\/#organization\"},\"image\":{\"@id\":\"https:\\\/\\\/www.organisator.ch\\\/marketing\\\/2026-02-12\\\/meta-hiltebrand-wird-markenbotschafterin-von-kuhn-rikon\\\/#primaryimage\"},\"thumbnailUrl\":\"https:\\\/\\\/www.organisator.ch\\\/wp-content\\\/uploads\\\/2026\\\/02\\\/Meta-Hiltebrand-wird-Markenbotschafterin-von-Kuhn-Rikon_Organisator.jpg\",\"keywords\":[\"Gastronomie\",\"MarKom\",\"Meta Hiltebrand\"],\"articleSection\":[\"MARKETING\"],\"inLanguage\":\"fr-FR\"},{\"@type\":\"WebPage\",\"@id\":\"https:\\\/\\\/www.organisator.ch\\\/marketing\\\/2026-02-12\\\/meta-hiltebrand-wird-markenbotschafterin-von-kuhn-rikon\\\/\",\"url\":\"https:\\\/\\\/www.organisator.ch\\\/marketing\\\/2026-02-12\\\/meta-hiltebrand-wird-markenbotschafterin-von-kuhn-rikon\\\/\",\"name\":\"Meta Hiltebrand wird Markenbotschafterin von Kuhn Rikon - Organisator\",\"isPartOf\":{\"@id\":\"https:\\\/\\\/www.organisator.ch\\\/#website\"},\"primaryImageOfPage\":{\"@id\":\"https:\\\/\\\/www.organisator.ch\\\/marketing\\\/2026-02-12\\\/meta-hiltebrand-wird-markenbotschafterin-von-kuhn-rikon\\\/#primaryimage\"},\"image\":{\"@id\":\"https:\\\/\\\/www.organisator.ch\\\/marketing\\\/2026-02-12\\\/meta-hiltebrand-wird-markenbotschafterin-von-kuhn-rikon\\\/#primaryimage\"},\"thumbnailUrl\":\"https:\\\/\\\/www.organisator.ch\\\/wp-content\\\/uploads\\\/2026\\\/02\\\/Meta-Hiltebrand-wird-Markenbotschafterin-von-Kuhn-Rikon_Organisator.jpg\",\"datePublished\":\"2026-02-12T07:58:35+00:00\",\"dateModified\":\"2026-02-12T13:10:13+00:00\",\"description\":\"Die Schweizer Spitzenk\u00f6chin Meta Hiltebrand wird neue Markenbotschafterin der Traditionsmarke Kuhn Rikon.\",\"breadcrumb\":{\"@id\":\"https:\\\/\\\/www.organisator.ch\\\/marketing\\\/2026-02-12\\\/meta-hiltebrand-wird-markenbotschafterin-von-kuhn-rikon\\\/#breadcrumb\"},\"inLanguage\":\"fr-FR\",\"potentialAction\":[{\"@type\":\"ReadAction\",\"target\":[\"https:\\\/\\\/www.organisator.ch\\\/marketing\\\/2026-02-12\\\/meta-hiltebrand-wird-markenbotschafterin-von-kuhn-rikon\\\/\"]}]},{\"@type\":\"ImageObject\",\"inLanguage\":\"fr-FR\",\"@id\":\"https:\\\/\\\/www.organisator.ch\\\/marketing\\\/2026-02-12\\\/meta-hiltebrand-wird-markenbotschafterin-von-kuhn-rikon\\\/#primaryimage\",\"url\":\"https:\\\/\\\/www.organisator.ch\\\/wp-content\\\/uploads\\\/2026\\\/02\\\/Meta-Hiltebrand-wird-Markenbotschafterin-von-Kuhn-Rikon_Organisator.jpg\",\"contentUrl\":\"https:\\\/\\\/www.organisator.ch\\\/wp-content\\\/uploads\\\/2026\\\/02\\\/Meta-Hiltebrand-wird-Markenbotschafterin-von-Kuhn-Rikon_Organisator.jpg\",\"width\":666,\"height\":583,\"caption\":\"Neue Markenbotschafterin von Kuhn Rikon: Spitzenk\u00f6chin Meta Hildebrand. (Bild: zVg)\"},{\"@type\":\"BreadcrumbList\",\"@id\":\"https:\\\/\\\/www.organisator.ch\\\/marketing\\\/2026-02-12\\\/meta-hiltebrand-wird-markenbotschafterin-von-kuhn-rikon\\\/#breadcrumb\",\"itemListElement\":[{\"@type\":\"ListItem\",\"position\":1,\"name\":\"Home\",\"item\":\"https:\\\/\\\/www.organisator.ch\\\/\"},{\"@type\":\"ListItem\",\"position\":2,\"name\":\"Meta Hiltebrand wird Markenbotschafterin von Kuhn Rikon\"}]},{\"@type\":\"WebSite\",\"@id\":\"https:\\\/\\\/www.organisator.ch\\\/#website\",\"url\":\"https:\\\/\\\/www.organisator.ch\\\/\",\"name\":\"Organisator\",\"description\":\"Kompetent. Praxisnah. Der ORGANISATOR bereitet in 10 Ausgaben pro Jahr die wesentlichen Themen f\u00fcr F\u00fchrungskr\u00e4fte von KMU auf.\",\"publisher\":{\"@id\":\"https:\\\/\\\/www.organisator.ch\\\/#organization\"},\"potentialAction\":[{\"@type\":\"SearchAction\",\"target\":{\"@type\":\"EntryPoint\",\"urlTemplate\":\"https:\\\/\\\/www.organisator.ch\\\/?s={search_term_string}\"},\"query-input\":{\"@type\":\"PropertyValueSpecification\",\"valueRequired\":true,\"valueName\":\"search_term_string\"}}],\"inLanguage\":\"fr-FR\"},{\"@type\":\"Organization\",\"@id\":\"https:\\\/\\\/www.organisator.ch\\\/#organization\",\"name\":\"Organisator\",\"url\":\"https:\\\/\\\/www.organisator.ch\\\/\",\"logo\":{\"@type\":\"ImageObject\",\"inLanguage\":\"fr-FR\",\"@id\":\"https:\\\/\\\/www.organisator.ch\\\/#\\\/schema\\\/logo\\\/image\\\/\",\"url\":\"https:\\\/\\\/www.organisator.ch\\\/wp-content\\\/uploads\\\/2022\\\/01\\\/Logo_Organisator_Website.png\",\"contentUrl\":\"https:\\\/\\\/www.organisator.ch\\\/wp-content\\\/uploads\\\/2022\\\/01\\\/Logo_Organisator_Website.png\",\"width\":800,\"height\":77,\"caption\":\"Organisator\"},\"image\":{\"@id\":\"https:\\\/\\\/www.organisator.ch\\\/#\\\/schema\\\/logo\\\/image\\\/\"},\"sameAs\":[\"https:\\\/\\\/www.facebook.com\\\/OrganisatorFachmagazin\",\"https:\\\/\\\/www.linkedin.com\\\/showcase\\\/organisator-das-magazin-fr-kmu\",\"https:\\\/\\\/www.xing.com\\\/news\\\/pages\\\/organisator-ch-695\",\"https:\\\/\\\/www.youtube.com\\\/channel\\\/UCGP2Sq0iWaZwT3BdIAQFYpw\"]},{\"@type\":\"Person\",\"@id\":\"https:\\\/\\\/www.organisator.ch\\\/#\\\/schema\\\/person\\\/a9d0e0eff238db87a8f840f3b50359f0\",\"name\":\"n8n\",\"image\":{\"@type\":\"ImageObject\",\"inLanguage\":\"fr-FR\",\"@id\":\"https:\\\/\\\/secure.gravatar.com\\\/avatar\\\/5368fb9d03fd415a6f335cece4c15af2502d6ca8651efbd6e8f98427a9795400?s=96&d=mm&r=g\",\"url\":\"https:\\\/\\\/secure.gravatar.com\\\/avatar\\\/5368fb9d03fd415a6f335cece4c15af2502d6ca8651efbd6e8f98427a9795400?s=96&d=mm&r=g\",\"contentUrl\":\"https:\\\/\\\/secure.gravatar.com\\\/avatar\\\/5368fb9d03fd415a6f335cece4c15af2502d6ca8651efbd6e8f98427a9795400?s=96&d=mm&r=g\",\"caption\":\"n8n\"},\"url\":\"https:\\\/\\\/www.organisator.ch\\\/fr\\\/author\\\/n8n\\\/\"}]}<\/script>\n<!-- \/ Yoast SEO plugin. -->","yoast_head_json":{"title":"Meta Hiltebrand devient ambassadrice de la marque Kuhn Rikon - Organisateur","description":"La grande cuisini\u00e8re suisse Meta Hiltebrand devient la nouvelle ambassadrice de la marque traditionnelle Kuhn Rikon.","robots":{"index":"index","follow":"follow","max-snippet":"max-snippet:-1","max-image-preview":"max-image-preview:large","max-video-preview":"max-video-preview:-1"},"canonical":"https:\/\/www.organisator.ch\/fr\/marketing\/2026-02-12\/meta-hiltebrand-wird-markenbotschafterin-von-kuhn-rikon\/","og_locale":"fr_FR","og_type":"article","og_title":"Meta Hiltebrand wird Markenbotschafterin von Kuhn Rikon - Organisator","og_description":"Die Schweizer Spitzenk\u00f6chin Meta Hiltebrand wird neue Markenbotschafterin der Traditionsmarke Kuhn Rikon.","og_url":"https:\/\/www.organisator.ch\/fr\/marketing\/2026-02-12\/meta-hiltebrand-wird-markenbotschafterin-von-kuhn-rikon\/","og_site_name":"Organisator","article_publisher":"https:\/\/www.facebook.com\/OrganisatorFachmagazin","article_published_time":"2026-02-12T07:58:35+00:00","article_modified_time":"2026-02-12T13:10:13+00:00","og_image":[{"width":666,"height":583,"url":"https:\/\/www.organisator.ch\/wp-content\/uploads\/2026\/02\/Meta-Hiltebrand-wird-Markenbotschafterin-von-Kuhn-Rikon_Organisator.jpg","type":"image\/jpeg"}],"author":"n8n","twitter_card":"summary_large_image","schema":{"@context":"https:\/\/schema.org","@graph":[{"@type":"Article","@id":"https:\/\/www.organisator.ch\/marketing\/2026-02-12\/meta-hiltebrand-wird-markenbotschafterin-von-kuhn-rikon\/#article","isPartOf":{"@id":"https:\/\/www.organisator.ch\/marketing\/2026-02-12\/meta-hiltebrand-wird-markenbotschafterin-von-kuhn-rikon\/"},"author":{"name":"n8n","@id":"https:\/\/www.organisator.ch\/#\/schema\/person\/a9d0e0eff238db87a8f840f3b50359f0"},"headline":"Meta Hiltebrand wird Markenbotschafterin von Kuhn Rikon","datePublished":"2026-02-12T07:58:35+00:00","dateModified":"2026-02-12T13:10:13+00:00","mainEntityOfPage":{"@id":"https:\/\/www.organisator.ch\/marketing\/2026-02-12\/meta-hiltebrand-wird-markenbotschafterin-von-kuhn-rikon\/"},"wordCount":613,"publisher":{"@id":"https:\/\/www.organisator.ch\/#organization"},"image":{"@id":"https:\/\/www.organisator.ch\/marketing\/2026-02-12\/meta-hiltebrand-wird-markenbotschafterin-von-kuhn-rikon\/#primaryimage"},"thumbnailUrl":"https:\/\/www.organisator.ch\/wp-content\/uploads\/2026\/02\/Meta-Hiltebrand-wird-Markenbotschafterin-von-Kuhn-Rikon_Organisator.jpg","keywords":["Gastronomie","MarKom","Meta Hiltebrand"],"articleSection":["MARKETING"],"inLanguage":"fr-FR"},{"@type":"WebPage","@id":"https:\/\/www.organisator.ch\/marketing\/2026-02-12\/meta-hiltebrand-wird-markenbotschafterin-von-kuhn-rikon\/","url":"https:\/\/www.organisator.ch\/marketing\/2026-02-12\/meta-hiltebrand-wird-markenbotschafterin-von-kuhn-rikon\/","name":"Meta Hiltebrand devient ambassadrice de la marque Kuhn Rikon - Organisateur","isPartOf":{"@id":"https:\/\/www.organisator.ch\/#website"},"primaryImageOfPage":{"@id":"https:\/\/www.organisator.ch\/marketing\/2026-02-12\/meta-hiltebrand-wird-markenbotschafterin-von-kuhn-rikon\/#primaryimage"},"image":{"@id":"https:\/\/www.organisator.ch\/marketing\/2026-02-12\/meta-hiltebrand-wird-markenbotschafterin-von-kuhn-rikon\/#primaryimage"},"thumbnailUrl":"https:\/\/www.organisator.ch\/wp-content\/uploads\/2026\/02\/Meta-Hiltebrand-wird-Markenbotschafterin-von-Kuhn-Rikon_Organisator.jpg","datePublished":"2026-02-12T07:58:35+00:00","dateModified":"2026-02-12T13:10:13+00:00","description":"La grande cuisini\u00e8re suisse Meta Hiltebrand devient la nouvelle ambassadrice de la marque traditionnelle Kuhn Rikon.","breadcrumb":{"@id":"https:\/\/www.organisator.ch\/marketing\/2026-02-12\/meta-hiltebrand-wird-markenbotschafterin-von-kuhn-rikon\/#breadcrumb"},"inLanguage":"fr-FR","potentialAction":[{"@type":"ReadAction","target":["https:\/\/www.organisator.ch\/marketing\/2026-02-12\/meta-hiltebrand-wird-markenbotschafterin-von-kuhn-rikon\/"]}]},{"@type":"ImageObject","inLanguage":"fr-FR","@id":"https:\/\/www.organisator.ch\/marketing\/2026-02-12\/meta-hiltebrand-wird-markenbotschafterin-von-kuhn-rikon\/#primaryimage","url":"https:\/\/www.organisator.ch\/wp-content\/uploads\/2026\/02\/Meta-Hiltebrand-wird-Markenbotschafterin-von-Kuhn-Rikon_Organisator.jpg","contentUrl":"https:\/\/www.organisator.ch\/wp-content\/uploads\/2026\/02\/Meta-Hiltebrand-wird-Markenbotschafterin-von-Kuhn-Rikon_Organisator.jpg","width":666,"height":583,"caption":"Neue Markenbotschafterin von Kuhn Rikon: Spitzenk\u00f6chin Meta Hildebrand. (Bild: zVg)"},{"@type":"BreadcrumbList","@id":"https:\/\/www.organisator.ch\/marketing\/2026-02-12\/meta-hiltebrand-wird-markenbotschafterin-von-kuhn-rikon\/#breadcrumb","itemListElement":[{"@type":"ListItem","position":1,"name":"Home","item":"https:\/\/www.organisator.ch\/"},{"@type":"ListItem","position":2,"name":"Meta Hiltebrand wird Markenbotschafterin von Kuhn Rikon"}]},{"@type":"WebSite","@id":"https:\/\/www.organisator.ch\/#website","url":"https:\/\/www.organisator.ch\/","name":"Organisateur","description":"Comp\u00e9tence et comp\u00e9tence. Proches de la pratique. L'ORGANISATEUR pr\u00e9pare 10 num\u00e9ros par an sur les th\u00e8mes essentiels pour les dirigeants de PME.","publisher":{"@id":"https:\/\/www.organisator.ch\/#organization"},"potentialAction":[{"@type":"SearchAction","target":{"@type":"EntryPoint","urlTemplate":"https:\/\/www.organisator.ch\/?s={search_term_string}"},"query-input":{"@type":"PropertyValueSpecification","valueRequired":true,"valueName":"search_term_string"}}],"inLanguage":"fr-FR"},{"@type":"Organization","@id":"https:\/\/www.organisator.ch\/#organization","name":"Organisateur","url":"https:\/\/www.organisator.ch\/","logo":{"@type":"ImageObject","inLanguage":"fr-FR","@id":"https:\/\/www.organisator.ch\/#\/schema\/logo\/image\/","url":"https:\/\/www.organisator.ch\/wp-content\/uploads\/2022\/01\/Logo_Organisator_Website.png","contentUrl":"https:\/\/www.organisator.ch\/wp-content\/uploads\/2022\/01\/Logo_Organisator_Website.png","width":800,"height":77,"caption":"Organisator"},"image":{"@id":"https:\/\/www.organisator.ch\/#\/schema\/logo\/image\/"},"sameAs":["https:\/\/www.facebook.com\/OrganisatorFachmagazin","https:\/\/www.linkedin.com\/showcase\/organisator-das-magazin-fr-kmu","https:\/\/www.xing.com\/news\/pages\/organisator-ch-695","https:\/\/www.youtube.com\/channel\/UCGP2Sq0iWaZwT3BdIAQFYpw"]},{"@type":"Person","@id":"https:\/\/www.organisator.ch\/#\/schema\/person\/a9d0e0eff238db87a8f840f3b50359f0","name":"n8n","image":{"@type":"ImageObject","inLanguage":"fr-FR","@id":"https:\/\/secure.gravatar.com\/avatar\/5368fb9d03fd415a6f335cece4c15af2502d6ca8651efbd6e8f98427a9795400?s=96&d=mm&r=g","url":"https:\/\/secure.gravatar.com\/avatar\/5368fb9d03fd415a6f335cece4c15af2502d6ca8651efbd6e8f98427a9795400?s=96&d=mm&r=g","contentUrl":"https:\/\/secure.gravatar.com\/avatar\/5368fb9d03fd415a6f335cece4c15af2502d6ca8651efbd6e8f98427a9795400?s=96&d=mm&r=g","caption":"n8n"},"url":"https:\/\/www.organisator.ch\/fr\/author\/n8n\/"}]}},"_links":{"self":[{"href":"https:\/\/www.organisator.ch\/fr\/wp-json\/wp\/v2\/posts\/44543","targetHints":{"allow":["GET"]}}],"collection":[{"href":"https:\/\/www.organisator.ch\/fr\/wp-json\/wp\/v2\/posts"}],"about":[{"href":"https:\/\/www.organisator.ch\/fr\/wp-json\/wp\/v2\/types\/post"}],"author":[{"embeddable":true,"href":"https:\/\/www.organisator.ch\/fr\/wp-json\/wp\/v2\/users\/107"}],"replies":[{"embeddable":true,"href":"https:\/\/www.organisator.ch\/fr\/wp-json\/wp\/v2\/comments?post=44543"}],"version-history":[{"count":4,"href":"https:\/\/www.organisator.ch\/fr\/wp-json\/wp\/v2\/posts\/44543\/revisions"}],"predecessor-version":[{"id":44566,"href":"https:\/\/www.organisator.ch\/fr\/wp-json\/wp\/v2\/posts\/44543\/revisions\/44566"}],"wp:featuredmedia":[{"embeddable":true,"href":"https:\/\/www.organisator.ch\/fr\/wp-json\/wp\/v2\/media\/44565"}],"wp:attachment":[{"href":"https:\/\/www.organisator.ch\/fr\/wp-json\/wp\/v2\/media?parent=44543"}],"wp:term":[{"taxonomy":"category","embeddable":true,"href":"https:\/\/www.organisator.ch\/fr\/wp-json\/wp\/v2\/categories?post=44543"},{"taxonomy":"post_tag","embeddable":true,"href":"https:\/\/www.organisator.ch\/fr\/wp-json\/wp\/v2\/tags?post=44543"}],"curies":[{"name":"wp","href":"https:\/\/api.w.org\/{rel}","templated":true}]}}