{"id":4458,"date":"2018-11-02T12:00:04","date_gmt":"2018-11-02T11:00:04","guid":{"rendered":"https:\/\/www.organisator.ch\/?p=4458"},"modified":"2018-11-02T12:00:04","modified_gmt":"2018-11-02T11:00:04","slug":"cno-panel-2018-die-schweiz-ist-noch-zu-stark-back-fuer-die-zukunft","status":"publish","type":"post","link":"https:\/\/www.organisator.ch\/fr\/allgemein\/2018-11-02\/cno-panel-2018-die-schweiz-ist-noch-zu-stark-back-fuer-die-zukunft\/","title":{"rendered":"Panel CNO 2018 : La Suisse est encore trop \"back\" pour l'avenir"},"content":{"rendered":"<figure id=\"attachment_4459\" aria-describedby=\"caption-attachment-4459\" style=\"width: 640px\" class=\"wp-caption alignnone\"><img loading=\"lazy\" decoding=\"async\" class=\"size-full wp-image-4459\" src=\"https:\/\/www.organisator.ch\/wp-content\/uploads\/2018\/11\/CNO-Panel-2018-Die-Schweiz-ist-noch-zu-stark-Back-fuer-die-Zukunft_Organisator.jpg\" alt=\"\" width=\"640\" height=\"360\" srcset=\"https:\/\/www.organisator.ch\/wp-content\/uploads\/2018\/11\/CNO-Panel-2018-Die-Schweiz-ist-noch-zu-stark-Back-fuer-die-Zukunft_Organisator.jpg 640w, https:\/\/www.organisator.ch\/wp-content\/uploads\/2018\/11\/CNO-Panel-2018-Die-Schweiz-ist-noch-zu-stark-Back-fuer-die-Zukunft_Organisator-16x9.jpg 16w, https:\/\/www.organisator.ch\/wp-content\/uploads\/2018\/11\/CNO-Panel-2018-Die-Schweiz-ist-noch-zu-stark-Back-fuer-die-Zukunft_Organisator-311x175.jpg 311w, https:\/\/www.organisator.ch\/wp-content\/uploads\/2018\/11\/CNO-Panel-2018-Die-Schweiz-ist-noch-zu-stark-Back-fuer-die-Zukunft_Organisator-622x350.jpg 622w, https:\/\/www.organisator.ch\/wp-content\/uploads\/2018\/11\/CNO-Panel-2018-Die-Schweiz-ist-noch-zu-stark-Back-fuer-die-Zukunft_Organisator-300x169.jpg 300w\" sizes=\"auto, (max-width: 640px) 100vw, 640px\" \/><figcaption id=\"caption-attachment-4459\" class=\"wp-caption-text\">Est-ce ainsi que nous envisageons l'avenir ? L'entrepreneur Internet J\u00f6rg Eugster a parl\u00e9 des m\u00e9gatendances importantes lors du CNO Panel 2018. (Image : Lindholm Photographie, <a href=\"http:\/\/www.lindholmfoto.ch\">www.lindholmfoto.ch<\/a>)<\/figcaption><\/figure>\n<p>\"Back to the Future - Utopie ou r\u00e9alit\u00e9 ?\", tel \u00e9tait le th\u00e8me de la s\u00e9rie de manifestations organis\u00e9e cette ann\u00e9e par sieber &amp; partners. Le panel CNO 2018 a ainsi invit\u00e9 les quelque 400 participants \u00e0 se poser des questions parfois d\u00e9licates mais tr\u00e8s int\u00e9ressantes, telles que : \"Comment allons-nous nous d\u00e9placer de Zurich \u00e0 Ostermundigen ?\", \"Serons-nous soign\u00e9s par des robots ?\", \"Est-il encore n\u00e9cessaire d'apprendre des langues ?\", \"Qui fera mon travail ?\", \"Et si les voitures autopilot\u00e9es existaient ?\" Dans le cadre d'ateliers, de pr\u00e9sentations et de points de rencontre, les experts et les participants ont abord\u00e9 ensemble de telles questions - et solutions - aigu\u00ebs pour l'avenir.<\/p>\n<h2>Trop \"organis\u00e9\" au lieu de plates-formes ouvertes<\/h2>\n<p>Pascal Sieber, fondateur et organisateur du panel CNO, tire un bilan plut\u00f4t mitig\u00e9 \u00e0 la question de savoir si la Suisse est \"pr\u00eate pour l'avenir\" : \"L'\u00c9tat et les entreprises proches de l'\u00c9tat sont en retard sur les \u00e9volutions actuelles. <span lang=\"DE\">dix \u00e0 vingt ans de retard. Dans le secteur priv\u00e9, nous sommes \u00e0 peu pr\u00e8s dans la moyenne\". En d'autres termes, \"Back to the Future\" semble donc s'appliquer \u00e0 notre pays de mani\u00e8re quasiment programmatique. Pascal Sieber cite toutefois quelques entreprises suisses qui proposent des solutions tr\u00e8s avanc\u00e9es pour la num\u00e9risation. \"Landis + Gyr en est un exemple : l'entreprise est leader en mati\u00e8re de solutions Energy-as-a-Service. Mais c'est pr\u00e9cis\u00e9ment ce qui n'est actuellement pas r\u00e9alisable en Suisse, car de nombreux fournisseurs d'\u00e9nergie proches de l'\u00c9tat veulent pr\u00e9server leurs pr\u00e9bendes\", d\u00e9plore Sieber. Dans l'ensemble, il estime que la Suisse est encore trop domin\u00e9e par des entreprises proches de l'\u00c9tat - par exemple dans les t\u00e9l\u00e9communications - et par des monopoles. L\u00e0 o\u00f9 des plateformes ouvertes voient le jour dans d'autres pays, la Suisse est encore trop \"organis\u00e9e\" \u00e0 bien des \u00e9gards et pr\u00e9f\u00e8re miser sur des solutions propri\u00e9taires inertes. <\/span><\/p>\n<h2>Ne pas se contenter de parler de mod\u00e8les commerciaux num\u00e9riques, mais passer \u00e0 l'action<\/h2>\n<p>Le soir, J\u00f6rg Eugster a parl\u00e9 de ce \u00e0 quoi l'avenir num\u00e9rique pourrait effectivement ressembler dans sa keynote. L'entrepreneur Internet \u00e0 succ\u00e8s et missionnaire du futur a pr\u00e9sent\u00e9 les m\u00e9gatendances num\u00e9riques de mani\u00e8re informative et divertissante lors du CNO Panel 2018, en racontant directement sa vie num\u00e9rique. La table ronde \"Trois Suisses sur le march\u00e9 mondial\" qui a suivi a montr\u00e9 qu'il existe de nombreux entrepreneurs suisses qui s'imposent avec leurs logiciels sur le march\u00e9 international et m\u00eame mondial - bien que la sc\u00e8ne logicielle suisse soit souvent qualifi\u00e9e de sc\u00e8ne de recherche et d\u00e9veloppement. Trois entrepreneurs ont donn\u00e9 un aper\u00e7u de leur exp\u00e9rience : Dorian Selz, CEO et fondateur de Squirro, Jens Thuesen, pr\u00e9sident du CA de BSI Software et Cristian Grossmann, CEO et cofondateur de Beekeeper. Cette entreprise a d\u00e9velopp\u00e9 une application pour les collaborateurs qui permet par exemple aux cols bleus qui n'ont pas de poste de travail personnel de mieux se mettre en r\u00e9seau. L'\u00e9change d'informations est ainsi simplifi\u00e9 - le logiciel ou l'informatique ne sert plus \"que\" de moyen pour atteindre la fin. Avec de telles solutions, la num\u00e9risation s'imposera de plus en plus dans le monde du travail de demain. <span lang=\"DE\">Pascal Sieber souhaite \u00e9galement que des manifestations telles que le CNO Panel puissent devenir une sorte de \"melting point\" o\u00f9 l'on ne se contente pas de parler des possibilit\u00e9s offertes par les mod\u00e8les commerciaux num\u00e9riques, mais o\u00f9 l'on agit aussi activement.<\/span><\/p>\n<p><a href=\"https:\/\/www.sieberpartners.com\/cno-content\/\"><em>Plus d'informations et d'impressions<\/em><\/a><\/p>","protected":false},"excerpt":{"rendered":"<p>\u201eBack to the Future &#8211; Utopie oder Realit\u00e4t?\u201d lautete das diesj\u00e4hrige Thema der Veranstaltungsreihe von sieber &amp; partners. Damit forderte das CNO Panel 2018\u00a0die rund 400 Teilnehmenden auf,\u00a0sich teils heiklen aber hochinteressanten Fragen zu stellen, wie etwa:\u00a0\u201eWie werden wir uns von Z\u00fcrich nach Ostermundigen bewegen?\u201c, \u201eWerden wir von Robotern gepflegt?\u201c, \u201eIst es noch notwendig, Sprachen [&hellip;]<\/p>\n","protected":false},"author":4,"featured_media":4459,"comment_status":"open","ping_status":"open","sticky":false,"template":"","format":"standard","meta":{"_acf_changed":false,"_yoast_wpseo_focuskw":"CNO Panel 2018","_yoast_wpseo_metadesc":"Das CNO Panel 2018 bot am 30. Oktober relevante Statements aus Wissenschaft, Politik und Praxis in der entspannten Atmosph\u00e4re eines Gala-Abends.","articlekey":"","footnotes":""},"categories":[1],"tags":[156,193,508,531],"class_list":["post-4458","post","type-post","status-publish","format-standard","has-post-thumbnail","hentry","category-allgemein","tag-digitalisierung","tag-fachkongressfachmesse","tag-vermischtes","tag-wirtschaftspolitik"],"acf":[],"yoast_head":"<!-- This site is optimized with the Yoast SEO plugin v27.5 - https:\/\/yoast.com\/product\/yoast-seo-wordpress\/ -->\n<title>CNO Panel 2018: Die Schweiz ist noch zu stark &quot;Back&quot; f\u00fcr die Zukunft - Organisator<\/title>\n<meta name=\"description\" content=\"Das CNO Panel 2018 bot am 30. Oktober relevante Statements aus Wissenschaft, Politik und Praxis in der entspannten Atmosph\u00e4re eines Gala-Abends.\" \/>\n<meta name=\"robots\" content=\"index, follow, max-snippet:-1, max-image-preview:large, max-video-preview:-1\" \/>\n<link rel=\"canonical\" href=\"https:\/\/www.organisator.ch\/fr\/general\/2018-11-02\/cno-panel-2018-die-schweiz-ist-noch-zu-stark-back-fuer-die-zukunft\/\" \/>\n<meta property=\"og:locale\" content=\"fr_FR\" \/>\n<meta property=\"og:type\" content=\"article\" \/>\n<meta property=\"og:title\" content=\"CNO Panel 2018: Die Schweiz ist noch zu stark &quot;Back&quot; f\u00fcr die Zukunft\" \/>\n<meta property=\"og:description\" content=\"Das CNO Panel 2018 bot am 30. Oktober relevante Statements aus Wissenschaft, Politik und Praxis in der entspannten Atmosph\u00e4re eines Gala-Abends.\" \/>\n<meta property=\"og:url\" content=\"https:\/\/www.organisator.ch\/fr\/general\/2018-11-02\/cno-panel-2018-die-schweiz-ist-noch-zu-stark-back-fuer-die-zukunft\/\" \/>\n<meta property=\"og:site_name\" content=\"Organisator\" \/>\n<meta property=\"article:publisher\" content=\"https:\/\/www.facebook.com\/OrganisatorFachmagazin\" \/>\n<meta property=\"article:published_time\" content=\"2018-11-02T11:00:04+00:00\" \/>\n<meta property=\"og:image\" content=\"https:\/\/www.organisator.ch\/wp-content\/uploads\/2018\/11\/CNO-Panel-2018-Die-Schweiz-ist-noch-zu-stark-Back-fuer-die-Zukunft_Organisator.jpg\" \/>\n\t<meta property=\"og:image:width\" content=\"640\" \/>\n\t<meta property=\"og:image:height\" content=\"360\" \/>\n\t<meta property=\"og:image:type\" content=\"image\/jpeg\" \/>\n<meta name=\"author\" content=\"thomas.berner\" \/>\n<meta name=\"twitter:card\" content=\"summary_large_image\" \/>\n<meta name=\"twitter:title\" content=\"#CNO Panel 2018: Die Schweiz ist noch zu stark &quot;Back&quot; f\u00fcr die Zukunft\" \/>\n<meta name=\"twitter:description\" content=\"Das #CNO Panel 2018 bot am 30. Oktober relevante Statements aus Wissenschaft, Politik und Praxis in der entspannten Atmosph\u00e4re eines Gala-Abends.\" \/>\n<meta name=\"twitter:image\" content=\"https:\/\/www.organisator.ch\/wp-content\/uploads\/2018\/11\/CNO-Panel-2018-Die-Schweiz-ist-noch-zu-stark-Back-f\u00fcr-die-Zukunft_Organisator.jpg\" \/>\n<script type=\"application\/ld+json\" class=\"yoast-schema-graph\">{\"@context\":\"https:\\\/\\\/schema.org\",\"@graph\":[{\"@type\":\"Article\",\"@id\":\"https:\\\/\\\/www.organisator.ch\\\/it\\\/generale\\\/2018-11-02\\\/cno-panel-2018-die-schweiz-ist-noch-zu-stark-back-fuer-die-zukunft\\\/#article\",\"isPartOf\":{\"@id\":\"https:\\\/\\\/www.organisator.ch\\\/it\\\/generale\\\/2018-11-02\\\/cno-panel-2018-die-schweiz-ist-noch-zu-stark-back-fuer-die-zukunft\\\/\"},\"author\":{\"name\":\"thomas.berner\",\"@id\":\"https:\\\/\\\/www.organisator.ch\\\/#\\\/schema\\\/person\\\/6f650f90b2842cd4c0cc334b4e36f67e\"},\"headline\":\"CNO Panel 2018: Die Schweiz ist noch zu stark &#8222;Back&#8220; f\u00fcr die Zukunft\",\"datePublished\":\"2018-11-02T11:00:04+00:00\",\"mainEntityOfPage\":{\"@id\":\"https:\\\/\\\/www.organisator.ch\\\/it\\\/generale\\\/2018-11-02\\\/cno-panel-2018-die-schweiz-ist-noch-zu-stark-back-fuer-die-zukunft\\\/\"},\"wordCount\":539,\"commentCount\":0,\"publisher\":{\"@id\":\"https:\\\/\\\/www.organisator.ch\\\/#organization\"},\"image\":{\"@id\":\"https:\\\/\\\/www.organisator.ch\\\/it\\\/generale\\\/2018-11-02\\\/cno-panel-2018-die-schweiz-ist-noch-zu-stark-back-fuer-die-zukunft\\\/#primaryimage\"},\"thumbnailUrl\":\"https:\\\/\\\/www.organisator.ch\\\/wp-content\\\/uploads\\\/2018\\\/11\\\/CNO-Panel-2018-Die-Schweiz-ist-noch-zu-stark-Back-fuer-die-Zukunft_Organisator.jpg\",\"keywords\":[\"Digitalisierung\",\"Fachkongress\\\/Fachmesse\",\"Vermischtes\",\"Wirtschaftspolitik\"],\"articleSection\":[\"Allgemein\"],\"inLanguage\":\"fr-FR\"},{\"@type\":\"WebPage\",\"@id\":\"https:\\\/\\\/www.organisator.ch\\\/it\\\/generale\\\/2018-11-02\\\/cno-panel-2018-die-schweiz-ist-noch-zu-stark-back-fuer-die-zukunft\\\/\",\"url\":\"https:\\\/\\\/www.organisator.ch\\\/it\\\/generale\\\/2018-11-02\\\/cno-panel-2018-die-schweiz-ist-noch-zu-stark-back-fuer-die-zukunft\\\/\",\"name\":\"CNO Panel 2018: Die Schweiz ist noch zu stark \\\"Back\\\" f\u00fcr die Zukunft - Organisator\",\"isPartOf\":{\"@id\":\"https:\\\/\\\/www.organisator.ch\\\/#website\"},\"primaryImageOfPage\":{\"@id\":\"https:\\\/\\\/www.organisator.ch\\\/it\\\/generale\\\/2018-11-02\\\/cno-panel-2018-die-schweiz-ist-noch-zu-stark-back-fuer-die-zukunft\\\/#primaryimage\"},\"image\":{\"@id\":\"https:\\\/\\\/www.organisator.ch\\\/it\\\/generale\\\/2018-11-02\\\/cno-panel-2018-die-schweiz-ist-noch-zu-stark-back-fuer-die-zukunft\\\/#primaryimage\"},\"thumbnailUrl\":\"https:\\\/\\\/www.organisator.ch\\\/wp-content\\\/uploads\\\/2018\\\/11\\\/CNO-Panel-2018-Die-Schweiz-ist-noch-zu-stark-Back-fuer-die-Zukunft_Organisator.jpg\",\"datePublished\":\"2018-11-02T11:00:04+00:00\",\"description\":\"Das CNO Panel 2018 bot am 30. Oktober relevante Statements aus Wissenschaft, Politik und Praxis in der entspannten Atmosph\u00e4re eines Gala-Abends.\",\"breadcrumb\":{\"@id\":\"https:\\\/\\\/www.organisator.ch\\\/it\\\/generale\\\/2018-11-02\\\/cno-panel-2018-die-schweiz-ist-noch-zu-stark-back-fuer-die-zukunft\\\/#breadcrumb\"},\"inLanguage\":\"fr-FR\",\"potentialAction\":[{\"@type\":\"ReadAction\",\"target\":[\"https:\\\/\\\/www.organisator.ch\\\/it\\\/generale\\\/2018-11-02\\\/cno-panel-2018-die-schweiz-ist-noch-zu-stark-back-fuer-die-zukunft\\\/\"]}]},{\"@type\":\"ImageObject\",\"inLanguage\":\"fr-FR\",\"@id\":\"https:\\\/\\\/www.organisator.ch\\\/it\\\/generale\\\/2018-11-02\\\/cno-panel-2018-die-schweiz-ist-noch-zu-stark-back-fuer-die-zukunft\\\/#primaryimage\",\"url\":\"https:\\\/\\\/www.organisator.ch\\\/wp-content\\\/uploads\\\/2018\\\/11\\\/CNO-Panel-2018-Die-Schweiz-ist-noch-zu-stark-Back-fuer-die-Zukunft_Organisator.jpg\",\"contentUrl\":\"https:\\\/\\\/www.organisator.ch\\\/wp-content\\\/uploads\\\/2018\\\/11\\\/CNO-Panel-2018-Die-Schweiz-ist-noch-zu-stark-Back-fuer-die-Zukunft_Organisator.jpg\",\"width\":640,\"height\":360,\"caption\":\"Blicken wir so in die Zukunft? Internet-Unternehmen J\u00f6rg Eugster sprach am CNO Panel 2018 \u00fcber wichtige Megatrends. (Bild: Lindholm Fotografie, www.lindholmfoto.ch)\"},{\"@type\":\"BreadcrumbList\",\"@id\":\"https:\\\/\\\/www.organisator.ch\\\/it\\\/generale\\\/2018-11-02\\\/cno-panel-2018-die-schweiz-ist-noch-zu-stark-back-fuer-die-zukunft\\\/#breadcrumb\",\"itemListElement\":[{\"@type\":\"ListItem\",\"position\":1,\"name\":\"Home\",\"item\":\"https:\\\/\\\/www.organisator.ch\\\/\"},{\"@type\":\"ListItem\",\"position\":2,\"name\":\"CNO Panel 2018: Die Schweiz ist noch zu stark &#8222;Back&#8220; f\u00fcr die Zukunft\"}]},{\"@type\":\"WebSite\",\"@id\":\"https:\\\/\\\/www.organisator.ch\\\/#website\",\"url\":\"https:\\\/\\\/www.organisator.ch\\\/\",\"name\":\"Organisator\",\"description\":\"Kompetent. Praxisnah. Der ORGANISATOR bereitet in 10 Ausgaben pro Jahr die wesentlichen Themen f\u00fcr F\u00fchrungskr\u00e4fte von KMU auf.\",\"publisher\":{\"@id\":\"https:\\\/\\\/www.organisator.ch\\\/#organization\"},\"potentialAction\":[{\"@type\":\"SearchAction\",\"target\":{\"@type\":\"EntryPoint\",\"urlTemplate\":\"https:\\\/\\\/www.organisator.ch\\\/?s={search_term_string}\"},\"query-input\":{\"@type\":\"PropertyValueSpecification\",\"valueRequired\":true,\"valueName\":\"search_term_string\"}}],\"inLanguage\":\"fr-FR\"},{\"@type\":\"Organization\",\"@id\":\"https:\\\/\\\/www.organisator.ch\\\/#organization\",\"name\":\"Organisator\",\"url\":\"https:\\\/\\\/www.organisator.ch\\\/\",\"logo\":{\"@type\":\"ImageObject\",\"inLanguage\":\"fr-FR\",\"@id\":\"https:\\\/\\\/www.organisator.ch\\\/#\\\/schema\\\/logo\\\/image\\\/\",\"url\":\"https:\\\/\\\/www.organisator.ch\\\/wp-content\\\/uploads\\\/2022\\\/01\\\/Logo_Organisator_Website.png\",\"contentUrl\":\"https:\\\/\\\/www.organisator.ch\\\/wp-content\\\/uploads\\\/2022\\\/01\\\/Logo_Organisator_Website.png\",\"width\":800,\"height\":77,\"caption\":\"Organisator\"},\"image\":{\"@id\":\"https:\\\/\\\/www.organisator.ch\\\/#\\\/schema\\\/logo\\\/image\\\/\"},\"sameAs\":[\"https:\\\/\\\/www.facebook.com\\\/OrganisatorFachmagazin\",\"https:\\\/\\\/www.linkedin.com\\\/showcase\\\/organisator-das-magazin-fr-kmu\",\"https:\\\/\\\/www.xing.com\\\/news\\\/pages\\\/organisator-ch-695\",\"https:\\\/\\\/www.youtube.com\\\/channel\\\/UCGP2Sq0iWaZwT3BdIAQFYpw\"]},{\"@type\":\"Person\",\"@id\":\"https:\\\/\\\/www.organisator.ch\\\/#\\\/schema\\\/person\\\/6f650f90b2842cd4c0cc334b4e36f67e\",\"name\":\"thomas.berner\",\"image\":{\"@type\":\"ImageObject\",\"inLanguage\":\"fr-FR\",\"@id\":\"https:\\\/\\\/secure.gravatar.com\\\/avatar\\\/ac5001d2a36cb6c6cd3e50789007ffca834b477b74a2144564522e944eabff61?s=96&d=mm&r=g\",\"url\":\"https:\\\/\\\/secure.gravatar.com\\\/avatar\\\/ac5001d2a36cb6c6cd3e50789007ffca834b477b74a2144564522e944eabff61?s=96&d=mm&r=g\",\"contentUrl\":\"https:\\\/\\\/secure.gravatar.com\\\/avatar\\\/ac5001d2a36cb6c6cd3e50789007ffca834b477b74a2144564522e944eabff61?s=96&d=mm&r=g\",\"caption\":\"thomas.berner\"},\"url\":\"https:\\\/\\\/www.organisator.ch\\\/fr\\\/author\\\/thomas-berner\\\/\"}]}<\/script>\n<!-- \/ Yoast SEO plugin. -->","yoast_head_json":{"title":"CNO Panel 2018 : La Suisse est encore trop \"back\" pour l'avenir - Organisateur","description":"Le 30 octobre, le CNO Panel 2018 a propos\u00e9 des d\u00e9clarations pertinentes de la science, de la politique et de la pratique dans l'atmosph\u00e8re d\u00e9tendue d'une soir\u00e9e de gala.","robots":{"index":"index","follow":"follow","max-snippet":"max-snippet:-1","max-image-preview":"max-image-preview:large","max-video-preview":"max-video-preview:-1"},"canonical":"https:\/\/www.organisator.ch\/fr\/general\/2018-11-02\/cno-panel-2018-die-schweiz-ist-noch-zu-stark-back-fuer-die-zukunft\/","og_locale":"fr_FR","og_type":"article","og_title":"CNO Panel 2018: Die Schweiz ist noch zu stark \"Back\" f\u00fcr die Zukunft","og_description":"Das CNO Panel 2018 bot am 30. Oktober relevante Statements aus Wissenschaft, Politik und Praxis in der entspannten Atmosph\u00e4re eines Gala-Abends.","og_url":"https:\/\/www.organisator.ch\/fr\/general\/2018-11-02\/cno-panel-2018-die-schweiz-ist-noch-zu-stark-back-fuer-die-zukunft\/","og_site_name":"Organisator","article_publisher":"https:\/\/www.facebook.com\/OrganisatorFachmagazin","article_published_time":"2018-11-02T11:00:04+00:00","og_image":[{"width":640,"height":360,"url":"https:\/\/www.organisator.ch\/wp-content\/uploads\/2018\/11\/CNO-Panel-2018-Die-Schweiz-ist-noch-zu-stark-Back-fuer-die-Zukunft_Organisator.jpg","type":"image\/jpeg"}],"author":"thomas.berner","twitter_card":"summary_large_image","twitter_title":"#CNO Panel 2018: Die Schweiz ist noch zu stark \"Back\" f\u00fcr die Zukunft","twitter_description":"Das #CNO Panel 2018 bot am 30. Oktober relevante Statements aus Wissenschaft, Politik und Praxis in der entspannten Atmosph\u00e4re eines Gala-Abends.","twitter_image":"https:\/\/www.organisator.ch\/wp-content\/uploads\/2018\/11\/CNO-Panel-2018-Die-Schweiz-ist-noch-zu-stark-Back-f\u00fcr-die-Zukunft_Organisator.jpg","schema":{"@context":"https:\/\/schema.org","@graph":[{"@type":"Article","@id":"https:\/\/www.organisator.ch\/it\/generale\/2018-11-02\/cno-panel-2018-die-schweiz-ist-noch-zu-stark-back-fuer-die-zukunft\/#article","isPartOf":{"@id":"https:\/\/www.organisator.ch\/it\/generale\/2018-11-02\/cno-panel-2018-die-schweiz-ist-noch-zu-stark-back-fuer-die-zukunft\/"},"author":{"name":"thomas.berner","@id":"https:\/\/www.organisator.ch\/#\/schema\/person\/6f650f90b2842cd4c0cc334b4e36f67e"},"headline":"CNO Panel 2018: Die Schweiz ist noch zu stark &#8222;Back&#8220; f\u00fcr die Zukunft","datePublished":"2018-11-02T11:00:04+00:00","mainEntityOfPage":{"@id":"https:\/\/www.organisator.ch\/it\/generale\/2018-11-02\/cno-panel-2018-die-schweiz-ist-noch-zu-stark-back-fuer-die-zukunft\/"},"wordCount":539,"commentCount":0,"publisher":{"@id":"https:\/\/www.organisator.ch\/#organization"},"image":{"@id":"https:\/\/www.organisator.ch\/it\/generale\/2018-11-02\/cno-panel-2018-die-schweiz-ist-noch-zu-stark-back-fuer-die-zukunft\/#primaryimage"},"thumbnailUrl":"https:\/\/www.organisator.ch\/wp-content\/uploads\/2018\/11\/CNO-Panel-2018-Die-Schweiz-ist-noch-zu-stark-Back-fuer-die-Zukunft_Organisator.jpg","keywords":["Digitalisierung","Fachkongress\/Fachmesse","Vermischtes","Wirtschaftspolitik"],"articleSection":["Allgemein"],"inLanguage":"fr-FR"},{"@type":"WebPage","@id":"https:\/\/www.organisator.ch\/it\/generale\/2018-11-02\/cno-panel-2018-die-schweiz-ist-noch-zu-stark-back-fuer-die-zukunft\/","url":"https:\/\/www.organisator.ch\/it\/generale\/2018-11-02\/cno-panel-2018-die-schweiz-ist-noch-zu-stark-back-fuer-die-zukunft\/","name":"CNO Panel 2018 : La Suisse est encore trop \"back\" pour l'avenir - Organisateur","isPartOf":{"@id":"https:\/\/www.organisator.ch\/#website"},"primaryImageOfPage":{"@id":"https:\/\/www.organisator.ch\/it\/generale\/2018-11-02\/cno-panel-2018-die-schweiz-ist-noch-zu-stark-back-fuer-die-zukunft\/#primaryimage"},"image":{"@id":"https:\/\/www.organisator.ch\/it\/generale\/2018-11-02\/cno-panel-2018-die-schweiz-ist-noch-zu-stark-back-fuer-die-zukunft\/#primaryimage"},"thumbnailUrl":"https:\/\/www.organisator.ch\/wp-content\/uploads\/2018\/11\/CNO-Panel-2018-Die-Schweiz-ist-noch-zu-stark-Back-fuer-die-Zukunft_Organisator.jpg","datePublished":"2018-11-02T11:00:04+00:00","description":"Le 30 octobre, le CNO Panel 2018 a propos\u00e9 des d\u00e9clarations pertinentes de la science, de la politique et de la pratique dans l'atmosph\u00e8re d\u00e9tendue d'une soir\u00e9e de gala.","breadcrumb":{"@id":"https:\/\/www.organisator.ch\/it\/generale\/2018-11-02\/cno-panel-2018-die-schweiz-ist-noch-zu-stark-back-fuer-die-zukunft\/#breadcrumb"},"inLanguage":"fr-FR","potentialAction":[{"@type":"ReadAction","target":["https:\/\/www.organisator.ch\/it\/generale\/2018-11-02\/cno-panel-2018-die-schweiz-ist-noch-zu-stark-back-fuer-die-zukunft\/"]}]},{"@type":"ImageObject","inLanguage":"fr-FR","@id":"https:\/\/www.organisator.ch\/it\/generale\/2018-11-02\/cno-panel-2018-die-schweiz-ist-noch-zu-stark-back-fuer-die-zukunft\/#primaryimage","url":"https:\/\/www.organisator.ch\/wp-content\/uploads\/2018\/11\/CNO-Panel-2018-Die-Schweiz-ist-noch-zu-stark-Back-fuer-die-Zukunft_Organisator.jpg","contentUrl":"https:\/\/www.organisator.ch\/wp-content\/uploads\/2018\/11\/CNO-Panel-2018-Die-Schweiz-ist-noch-zu-stark-Back-fuer-die-Zukunft_Organisator.jpg","width":640,"height":360,"caption":"Blicken wir so in die Zukunft? Internet-Unternehmen J\u00f6rg Eugster sprach am CNO Panel 2018 \u00fcber wichtige Megatrends. (Bild: Lindholm Fotografie, www.lindholmfoto.ch)"},{"@type":"BreadcrumbList","@id":"https:\/\/www.organisator.ch\/it\/generale\/2018-11-02\/cno-panel-2018-die-schweiz-ist-noch-zu-stark-back-fuer-die-zukunft\/#breadcrumb","itemListElement":[{"@type":"ListItem","position":1,"name":"Home","item":"https:\/\/www.organisator.ch\/"},{"@type":"ListItem","position":2,"name":"CNO Panel 2018: Die Schweiz ist noch zu stark &#8222;Back&#8220; f\u00fcr die Zukunft"}]},{"@type":"WebSite","@id":"https:\/\/www.organisator.ch\/#website","url":"https:\/\/www.organisator.ch\/","name":"Organisateur","description":"Comp\u00e9tence et comp\u00e9tence. Proches de la pratique. L'ORGANISATEUR pr\u00e9pare 10 num\u00e9ros par an sur les th\u00e8mes essentiels pour les dirigeants de PME.","publisher":{"@id":"https:\/\/www.organisator.ch\/#organization"},"potentialAction":[{"@type":"SearchAction","target":{"@type":"EntryPoint","urlTemplate":"https:\/\/www.organisator.ch\/?s={search_term_string}"},"query-input":{"@type":"PropertyValueSpecification","valueRequired":true,"valueName":"search_term_string"}}],"inLanguage":"fr-FR"},{"@type":"Organization","@id":"https:\/\/www.organisator.ch\/#organization","name":"Organisateur","url":"https:\/\/www.organisator.ch\/","logo":{"@type":"ImageObject","inLanguage":"fr-FR","@id":"https:\/\/www.organisator.ch\/#\/schema\/logo\/image\/","url":"https:\/\/www.organisator.ch\/wp-content\/uploads\/2022\/01\/Logo_Organisator_Website.png","contentUrl":"https:\/\/www.organisator.ch\/wp-content\/uploads\/2022\/01\/Logo_Organisator_Website.png","width":800,"height":77,"caption":"Organisator"},"image":{"@id":"https:\/\/www.organisator.ch\/#\/schema\/logo\/image\/"},"sameAs":["https:\/\/www.facebook.com\/OrganisatorFachmagazin","https:\/\/www.linkedin.com\/showcase\/organisator-das-magazin-fr-kmu","https:\/\/www.xing.com\/news\/pages\/organisator-ch-695","https:\/\/www.youtube.com\/channel\/UCGP2Sq0iWaZwT3BdIAQFYpw"]},{"@type":"Person","@id":"https:\/\/www.organisator.ch\/#\/schema\/person\/6f650f90b2842cd4c0cc334b4e36f67e","name":"thomas.berner","image":{"@type":"ImageObject","inLanguage":"fr-FR","@id":"https:\/\/secure.gravatar.com\/avatar\/ac5001d2a36cb6c6cd3e50789007ffca834b477b74a2144564522e944eabff61?s=96&d=mm&r=g","url":"https:\/\/secure.gravatar.com\/avatar\/ac5001d2a36cb6c6cd3e50789007ffca834b477b74a2144564522e944eabff61?s=96&d=mm&r=g","contentUrl":"https:\/\/secure.gravatar.com\/avatar\/ac5001d2a36cb6c6cd3e50789007ffca834b477b74a2144564522e944eabff61?s=96&d=mm&r=g","caption":"thomas.berner"},"url":"https:\/\/www.organisator.ch\/fr\/author\/thomas-berner\/"}]}},"_links":{"self":[{"href":"https:\/\/www.organisator.ch\/fr\/wp-json\/wp\/v2\/posts\/4458","targetHints":{"allow":["GET"]}}],"collection":[{"href":"https:\/\/www.organisator.ch\/fr\/wp-json\/wp\/v2\/posts"}],"about":[{"href":"https:\/\/www.organisator.ch\/fr\/wp-json\/wp\/v2\/types\/post"}],"author":[{"embeddable":true,"href":"https:\/\/www.organisator.ch\/fr\/wp-json\/wp\/v2\/users\/4"}],"replies":[{"embeddable":true,"href":"https:\/\/www.organisator.ch\/fr\/wp-json\/wp\/v2\/comments?post=4458"}],"version-history":[{"count":0,"href":"https:\/\/www.organisator.ch\/fr\/wp-json\/wp\/v2\/posts\/4458\/revisions"}],"wp:featuredmedia":[{"embeddable":true,"href":"https:\/\/www.organisator.ch\/fr\/wp-json\/wp\/v2\/media\/4459"}],"wp:attachment":[{"href":"https:\/\/www.organisator.ch\/fr\/wp-json\/wp\/v2\/media?parent=4458"}],"wp:term":[{"taxonomy":"category","embeddable":true,"href":"https:\/\/www.organisator.ch\/fr\/wp-json\/wp\/v2\/categories?post=4458"},{"taxonomy":"post_tag","embeddable":true,"href":"https:\/\/www.organisator.ch\/fr\/wp-json\/wp\/v2\/tags?post=4458"}],"curies":[{"name":"wp","href":"https:\/\/api.w.org\/{rel}","templated":true}]}}