{"id":44639,"date":"2026-02-16T11:06:34","date_gmt":"2026-02-16T10:06:34","guid":{"rendered":"https:\/\/www.organisator.ch\/de\/?p=44639"},"modified":"2026-02-16T11:06:34","modified_gmt":"2026-02-16T10:06:34","slug":"achim-schneider-wird-managing-partner-bei-retailsolutions","status":"publish","type":"post","link":"https:\/\/www.organisator.ch\/fr\/management\/2026-02-16\/achim-schneider-wird-managing-partner-bei-retailsolutions\/","title":{"rendered":"Achim Schneider devient Managing Partner chez Retailsolutions"},"content":{"rendered":"<figure>\n<figure style=\"width: 1080px\" class=\"wp-caption alignnone\"><img loading=\"lazy\" decoding=\"async\" src=\"https:\/\/www.organisator.ch\/wp-content\/uploads\/2026\/02\/Achim_Schneider.png\" alt=\"Achim Schneider\" width=\"1080\" height=\"1080\" \/><figcaption class=\"wp-caption-text\">Achim Schneider est le nouveau Managing Partner de Retailsolutions. Source : zvg<\/figcaption><\/figure><br \/>\n<\/figure>\n<p>La soci\u00e9t\u00e9 de conseil Retailsolutions de Zoug, l'une des principales entreprises de conseil SAP en Europe, renforce son management avec Achim Schneider. Depuis f\u00e9vrier, il est responsable du d\u00e9veloppement strat\u00e9gique global de l'entreprise en tant que nouveau Managing Partner.<\/p>\n<h3>27 ans d'exp\u00e9rience chez SAP<\/h3>\n<p>Schneider est pass\u00e9 de SAP \u00e0 Retailsolutions. Il a pass\u00e9 27 ans au sein du groupe de Walldorf, o\u00f9 il a travaill\u00e9 au niveau international dans les domaines du conseil, de la strat\u00e9gie produit, du go-to-market et de la gestion des solutions. Au cours des dix derni\u00e8res ann\u00e9es, en tant que Global Head de l'Industry Business Unit Retail &amp; Wholesale Distribution, il a \u00e9t\u00e9 responsable avec son \u00e9quipe, entre autres, de la strat\u00e9gie industrielle ainsi que du positionnement et du lancement \u00e0 l'\u00e9chelle mondiale de l'ensemble du portefeuille industriel pour le Retail, la Wholesale Distribution et la Fashion. Il a \u00e9galement pilot\u00e9 des programmes de transformation complexes pour des entreprises commerciales de premier plan, notamment dans la r\u00e9gion Asie-Pacifique et en Am\u00e9rique latine.<\/p>\n<h3>Focalisation sur la transformation num\u00e9rique<\/h3>\n<p>\u00abJe me r\u00e9jouis de mes nouvelles fonctions chez Retailsolutions et d'accompagner les d\u00e9taillants du monde entier dans leur transformation num\u00e9rique. Je mettrai clairement l'accent sur les relations \u00e0 long terme avec les clients, sur les avantages durables pour les clients et sur l'utilisation de solutions innovantes bas\u00e9es sur SAP tout au long de la cha\u00eene de cr\u00e9ation de valeur dans le commerce\u00bb, explique Schneider.<\/p>\n<p>Retailsolutions est l'une des principales soci\u00e9t\u00e9s de conseil en solutions SAP pour la vente au d\u00e9tail en Europe. Plus de 450 conseillers s'occupent des entreprises de commerce de d\u00e9tail depuis des sites en Suisse, en Allemagne, en Autriche, en Roumanie, en Su\u00e8de, en Espagne, en Afrique du Sud, aux \u00c9tats-Unis et au Royaume-Uni. Le portefeuille comprend des solutions tout au long de la cha\u00eene de cr\u00e9ation de valeur. L'entreprise doit notamment sa grande expertise \u00e0 son partenariat \u00e9troit avec l'\u00e9diteur de logiciels SAP, dont elle est issue en 2005 par le biais d'une spin-off.<\/p>\n<p>Plus d'informations : <a href=\"https:\/\/www.retailsolutions.ch\" target=\"_blank\" rel=\"noopener\">www.retailsolutions.ch<\/a><\/p>","protected":false},"excerpt":{"rendered":"<p>La soci\u00e9t\u00e9 de conseil Retailsolutions de Zoug renforce son management avec Achim Schneider. Depuis f\u00e9vrier, il est responsable du d\u00e9veloppement strat\u00e9gique global de l'entreprise en tant que nouveau Managing Partner. Apr\u00e8s 27 ans pass\u00e9s chez SAP, Schneider a rejoint Retailsolutions, o\u00f9 il occupait derni\u00e8rement le poste de Global Head de l'Industry Business Unit Retail &amp; Wholesale Distribution.<\/p>","protected":false},"author":107,"featured_media":44638,"comment_status":"closed","ping_status":"closed","sticky":false,"template":"","format":"standard","meta":{"_acf_changed":false,"_yoast_wpseo_focuskw":"Achim Schneider Retailsolutions Managing Partner","_yoast_wpseo_metadesc":"Achim Schneider wird Managing Partner bei Retailsolutions. Der ehemalige SAP-Manager verantwortet die globale Weiterentwicklung.","articlekey":"","footnotes":""},"categories":[28],"tags":[335,381,421,492],"class_list":["post-44639","post","type-post","status-publish","format-standard","has-post-thumbnail","hentry","category-management","tag-management-und-unternehmensfuehrung","tag-personalia","tag-sap","tag-unternehmen"],"acf":[],"yoast_head":"<!-- This site is optimized with the Yoast SEO plugin v27.4 - https:\/\/yoast.com\/product\/yoast-seo-wordpress\/ -->\n<title>Achim Schneider wird Managing Partner bei Retailsolutions - Organisator<\/title>\n<meta name=\"description\" content=\"Achim Schneider wird Managing Partner bei Retailsolutions. Der ehemalige SAP-Manager verantwortet die globale Weiterentwicklung.\" \/>\n<meta name=\"robots\" content=\"index, follow, max-snippet:-1, max-image-preview:large, max-video-preview:-1\" \/>\n<link rel=\"canonical\" href=\"https:\/\/www.organisator.ch\/fr\/gestion-2\/2026-02-16\/achim-schneider-wird-managing-partner-bei-retailsolutions\/\" \/>\n<meta property=\"og:locale\" content=\"fr_FR\" \/>\n<meta property=\"og:type\" content=\"article\" \/>\n<meta property=\"og:title\" content=\"Achim Schneider wird Managing Partner bei Retailsolutions\" \/>\n<meta property=\"og:description\" content=\"Achim Schneider wird Managing Partner bei Retailsolutions. Der ehemalige SAP-Manager verantwortet die globale Weiterentwicklung.\" \/>\n<meta property=\"og:url\" content=\"https:\/\/www.organisator.ch\/fr\/gestion-2\/2026-02-16\/achim-schneider-wird-managing-partner-bei-retailsolutions\/\" \/>\n<meta property=\"og:site_name\" content=\"Organisator\" \/>\n<meta property=\"article:publisher\" content=\"https:\/\/www.facebook.com\/OrganisatorFachmagazin\" \/>\n<meta property=\"article:published_time\" content=\"2026-02-16T10:06:34+00:00\" \/>\n<meta property=\"og:image\" content=\"https:\/\/www.organisator.ch\/wp-content\/uploads\/2026\/02\/Achim_Schneider-e1771236260134.png\" \/>\n\t<meta property=\"og:image:width\" content=\"1080\" \/>\n\t<meta property=\"og:image:height\" content=\"713\" \/>\n\t<meta property=\"og:image:type\" content=\"image\/png\" \/>\n<meta name=\"author\" content=\"n8n\" \/>\n<meta name=\"twitter:card\" content=\"summary_large_image\" \/>\n<meta name=\"twitter:title\" content=\"Achim Schneider wird Managing #Partner bei #Retailsolutions\" \/>\n<meta name=\"twitter:description\" content=\"Achim Schneider wird Managing Partner bei #Retailsolutions. Der ehemalige #SAP-Manager verantwortet die globale Weiterentwicklung.\" \/>\n<meta name=\"twitter:image\" content=\"https:\/\/www.organisator.ch\/wp-content\/uploads\/2026\/02\/Achim_Schneider-e1771236260134.png\" \/>\n<script type=\"application\/ld+json\" class=\"yoast-schema-graph\">{\"@context\":\"https:\\\/\\\/schema.org\",\"@graph\":[{\"@type\":\"Article\",\"@id\":\"https:\\\/\\\/www.organisator.ch\\\/management\\\/2026-02-16\\\/achim-schneider-wird-managing-partner-bei-retailsolutions\\\/#article\",\"isPartOf\":{\"@id\":\"https:\\\/\\\/www.organisator.ch\\\/management\\\/2026-02-16\\\/achim-schneider-wird-managing-partner-bei-retailsolutions\\\/\"},\"author\":{\"name\":\"n8n\",\"@id\":\"https:\\\/\\\/www.organisator.ch\\\/#\\\/schema\\\/person\\\/a9d0e0eff238db87a8f840f3b50359f0\"},\"headline\":\"Achim Schneider wird Managing Partner bei Retailsolutions\",\"datePublished\":\"2026-02-16T10:06:34+00:00\",\"mainEntityOfPage\":{\"@id\":\"https:\\\/\\\/www.organisator.ch\\\/management\\\/2026-02-16\\\/achim-schneider-wird-managing-partner-bei-retailsolutions\\\/\"},\"wordCount\":275,\"publisher\":{\"@id\":\"https:\\\/\\\/www.organisator.ch\\\/#organization\"},\"image\":{\"@id\":\"https:\\\/\\\/www.organisator.ch\\\/management\\\/2026-02-16\\\/achim-schneider-wird-managing-partner-bei-retailsolutions\\\/#primaryimage\"},\"thumbnailUrl\":\"https:\\\/\\\/www.organisator.ch\\\/wp-content\\\/uploads\\\/2026\\\/02\\\/Achim_Schneider-e1771236260134.png\",\"keywords\":[\"Management und Unternehmensf\u00fchrung\",\"Personalia\",\"SAP\",\"Unternehmen\"],\"articleSection\":[\"MANAGEMENT\"],\"inLanguage\":\"fr-FR\"},{\"@type\":\"WebPage\",\"@id\":\"https:\\\/\\\/www.organisator.ch\\\/management\\\/2026-02-16\\\/achim-schneider-wird-managing-partner-bei-retailsolutions\\\/\",\"url\":\"https:\\\/\\\/www.organisator.ch\\\/management\\\/2026-02-16\\\/achim-schneider-wird-managing-partner-bei-retailsolutions\\\/\",\"name\":\"Achim Schneider wird Managing Partner bei Retailsolutions - Organisator\",\"isPartOf\":{\"@id\":\"https:\\\/\\\/www.organisator.ch\\\/#website\"},\"primaryImageOfPage\":{\"@id\":\"https:\\\/\\\/www.organisator.ch\\\/management\\\/2026-02-16\\\/achim-schneider-wird-managing-partner-bei-retailsolutions\\\/#primaryimage\"},\"image\":{\"@id\":\"https:\\\/\\\/www.organisator.ch\\\/management\\\/2026-02-16\\\/achim-schneider-wird-managing-partner-bei-retailsolutions\\\/#primaryimage\"},\"thumbnailUrl\":\"https:\\\/\\\/www.organisator.ch\\\/wp-content\\\/uploads\\\/2026\\\/02\\\/Achim_Schneider-e1771236260134.png\",\"datePublished\":\"2026-02-16T10:06:34+00:00\",\"description\":\"Achim Schneider wird Managing Partner bei Retailsolutions. Der ehemalige SAP-Manager verantwortet die globale Weiterentwicklung.\",\"breadcrumb\":{\"@id\":\"https:\\\/\\\/www.organisator.ch\\\/management\\\/2026-02-16\\\/achim-schneider-wird-managing-partner-bei-retailsolutions\\\/#breadcrumb\"},\"inLanguage\":\"fr-FR\",\"potentialAction\":[{\"@type\":\"ReadAction\",\"target\":[\"https:\\\/\\\/www.organisator.ch\\\/management\\\/2026-02-16\\\/achim-schneider-wird-managing-partner-bei-retailsolutions\\\/\"]}]},{\"@type\":\"ImageObject\",\"inLanguage\":\"fr-FR\",\"@id\":\"https:\\\/\\\/www.organisator.ch\\\/management\\\/2026-02-16\\\/achim-schneider-wird-managing-partner-bei-retailsolutions\\\/#primaryimage\",\"url\":\"https:\\\/\\\/www.organisator.ch\\\/wp-content\\\/uploads\\\/2026\\\/02\\\/Achim_Schneider-e1771236260134.png\",\"contentUrl\":\"https:\\\/\\\/www.organisator.ch\\\/wp-content\\\/uploads\\\/2026\\\/02\\\/Achim_Schneider-e1771236260134.png\",\"width\":1080,\"height\":713},{\"@type\":\"BreadcrumbList\",\"@id\":\"https:\\\/\\\/www.organisator.ch\\\/management\\\/2026-02-16\\\/achim-schneider-wird-managing-partner-bei-retailsolutions\\\/#breadcrumb\",\"itemListElement\":[{\"@type\":\"ListItem\",\"position\":1,\"name\":\"Home\",\"item\":\"https:\\\/\\\/www.organisator.ch\\\/\"},{\"@type\":\"ListItem\",\"position\":2,\"name\":\"Achim Schneider wird Managing Partner bei Retailsolutions\"}]},{\"@type\":\"WebSite\",\"@id\":\"https:\\\/\\\/www.organisator.ch\\\/#website\",\"url\":\"https:\\\/\\\/www.organisator.ch\\\/\",\"name\":\"Organisator\",\"description\":\"Kompetent. Praxisnah. Der ORGANISATOR bereitet in 10 Ausgaben pro Jahr die wesentlichen Themen f\u00fcr F\u00fchrungskr\u00e4fte von KMU auf.\",\"publisher\":{\"@id\":\"https:\\\/\\\/www.organisator.ch\\\/#organization\"},\"potentialAction\":[{\"@type\":\"SearchAction\",\"target\":{\"@type\":\"EntryPoint\",\"urlTemplate\":\"https:\\\/\\\/www.organisator.ch\\\/?s={search_term_string}\"},\"query-input\":{\"@type\":\"PropertyValueSpecification\",\"valueRequired\":true,\"valueName\":\"search_term_string\"}}],\"inLanguage\":\"fr-FR\"},{\"@type\":\"Organization\",\"@id\":\"https:\\\/\\\/www.organisator.ch\\\/#organization\",\"name\":\"Organisator\",\"url\":\"https:\\\/\\\/www.organisator.ch\\\/\",\"logo\":{\"@type\":\"ImageObject\",\"inLanguage\":\"fr-FR\",\"@id\":\"https:\\\/\\\/www.organisator.ch\\\/#\\\/schema\\\/logo\\\/image\\\/\",\"url\":\"https:\\\/\\\/www.organisator.ch\\\/wp-content\\\/uploads\\\/2022\\\/01\\\/Logo_Organisator_Website.png\",\"contentUrl\":\"https:\\\/\\\/www.organisator.ch\\\/wp-content\\\/uploads\\\/2022\\\/01\\\/Logo_Organisator_Website.png\",\"width\":800,\"height\":77,\"caption\":\"Organisator\"},\"image\":{\"@id\":\"https:\\\/\\\/www.organisator.ch\\\/#\\\/schema\\\/logo\\\/image\\\/\"},\"sameAs\":[\"https:\\\/\\\/www.facebook.com\\\/OrganisatorFachmagazin\",\"https:\\\/\\\/www.linkedin.com\\\/showcase\\\/organisator-das-magazin-fr-kmu\",\"https:\\\/\\\/www.xing.com\\\/news\\\/pages\\\/organisator-ch-695\",\"https:\\\/\\\/www.youtube.com\\\/channel\\\/UCGP2Sq0iWaZwT3BdIAQFYpw\"]},{\"@type\":\"Person\",\"@id\":\"https:\\\/\\\/www.organisator.ch\\\/#\\\/schema\\\/person\\\/a9d0e0eff238db87a8f840f3b50359f0\",\"name\":\"n8n\",\"image\":{\"@type\":\"ImageObject\",\"inLanguage\":\"fr-FR\",\"@id\":\"https:\\\/\\\/secure.gravatar.com\\\/avatar\\\/5368fb9d03fd415a6f335cece4c15af2502d6ca8651efbd6e8f98427a9795400?s=96&d=mm&r=g\",\"url\":\"https:\\\/\\\/secure.gravatar.com\\\/avatar\\\/5368fb9d03fd415a6f335cece4c15af2502d6ca8651efbd6e8f98427a9795400?s=96&d=mm&r=g\",\"contentUrl\":\"https:\\\/\\\/secure.gravatar.com\\\/avatar\\\/5368fb9d03fd415a6f335cece4c15af2502d6ca8651efbd6e8f98427a9795400?s=96&d=mm&r=g\",\"caption\":\"n8n\"},\"url\":\"https:\\\/\\\/www.organisator.ch\\\/fr\\\/author\\\/n8n\\\/\"}]}<\/script>\n<!-- \/ Yoast SEO plugin. -->","yoast_head_json":{"title":"Achim Schneider devient Managing Partner chez Retailsolutions - Organisateur","description":"Achim Schneider devient Managing Partner chez Retailsolutions. L'ancien manager de SAP est responsable du d\u00e9veloppement global.","robots":{"index":"index","follow":"follow","max-snippet":"max-snippet:-1","max-image-preview":"max-image-preview:large","max-video-preview":"max-video-preview:-1"},"canonical":"https:\/\/www.organisator.ch\/fr\/gestion-2\/2026-02-16\/achim-schneider-wird-managing-partner-bei-retailsolutions\/","og_locale":"fr_FR","og_type":"article","og_title":"Achim Schneider wird Managing Partner bei Retailsolutions","og_description":"Achim Schneider wird Managing Partner bei Retailsolutions. Der ehemalige SAP-Manager verantwortet die globale Weiterentwicklung.","og_url":"https:\/\/www.organisator.ch\/fr\/gestion-2\/2026-02-16\/achim-schneider-wird-managing-partner-bei-retailsolutions\/","og_site_name":"Organisator","article_publisher":"https:\/\/www.facebook.com\/OrganisatorFachmagazin","article_published_time":"2026-02-16T10:06:34+00:00","og_image":[{"width":1080,"height":713,"url":"https:\/\/www.organisator.ch\/wp-content\/uploads\/2026\/02\/Achim_Schneider-e1771236260134.png","type":"image\/png"}],"author":"n8n","twitter_card":"summary_large_image","twitter_title":"Achim Schneider wird Managing #Partner bei #Retailsolutions","twitter_description":"Achim Schneider wird Managing Partner bei #Retailsolutions. Der ehemalige #SAP-Manager verantwortet die globale Weiterentwicklung.","twitter_image":"https:\/\/www.organisator.ch\/wp-content\/uploads\/2026\/02\/Achim_Schneider-e1771236260134.png","schema":{"@context":"https:\/\/schema.org","@graph":[{"@type":"Article","@id":"https:\/\/www.organisator.ch\/management\/2026-02-16\/achim-schneider-wird-managing-partner-bei-retailsolutions\/#article","isPartOf":{"@id":"https:\/\/www.organisator.ch\/management\/2026-02-16\/achim-schneider-wird-managing-partner-bei-retailsolutions\/"},"author":{"name":"n8n","@id":"https:\/\/www.organisator.ch\/#\/schema\/person\/a9d0e0eff238db87a8f840f3b50359f0"},"headline":"Achim Schneider wird Managing Partner bei Retailsolutions","datePublished":"2026-02-16T10:06:34+00:00","mainEntityOfPage":{"@id":"https:\/\/www.organisator.ch\/management\/2026-02-16\/achim-schneider-wird-managing-partner-bei-retailsolutions\/"},"wordCount":275,"publisher":{"@id":"https:\/\/www.organisator.ch\/#organization"},"image":{"@id":"https:\/\/www.organisator.ch\/management\/2026-02-16\/achim-schneider-wird-managing-partner-bei-retailsolutions\/#primaryimage"},"thumbnailUrl":"https:\/\/www.organisator.ch\/wp-content\/uploads\/2026\/02\/Achim_Schneider-e1771236260134.png","keywords":["Management und Unternehmensf\u00fchrung","Personalia","SAP","Unternehmen"],"articleSection":["MANAGEMENT"],"inLanguage":"fr-FR"},{"@type":"WebPage","@id":"https:\/\/www.organisator.ch\/management\/2026-02-16\/achim-schneider-wird-managing-partner-bei-retailsolutions\/","url":"https:\/\/www.organisator.ch\/management\/2026-02-16\/achim-schneider-wird-managing-partner-bei-retailsolutions\/","name":"Achim Schneider devient Managing Partner chez Retailsolutions - Organisateur","isPartOf":{"@id":"https:\/\/www.organisator.ch\/#website"},"primaryImageOfPage":{"@id":"https:\/\/www.organisator.ch\/management\/2026-02-16\/achim-schneider-wird-managing-partner-bei-retailsolutions\/#primaryimage"},"image":{"@id":"https:\/\/www.organisator.ch\/management\/2026-02-16\/achim-schneider-wird-managing-partner-bei-retailsolutions\/#primaryimage"},"thumbnailUrl":"https:\/\/www.organisator.ch\/wp-content\/uploads\/2026\/02\/Achim_Schneider-e1771236260134.png","datePublished":"2026-02-16T10:06:34+00:00","description":"Achim Schneider devient Managing Partner chez Retailsolutions. L'ancien manager de SAP est responsable du d\u00e9veloppement global.","breadcrumb":{"@id":"https:\/\/www.organisator.ch\/management\/2026-02-16\/achim-schneider-wird-managing-partner-bei-retailsolutions\/#breadcrumb"},"inLanguage":"fr-FR","potentialAction":[{"@type":"ReadAction","target":["https:\/\/www.organisator.ch\/management\/2026-02-16\/achim-schneider-wird-managing-partner-bei-retailsolutions\/"]}]},{"@type":"ImageObject","inLanguage":"fr-FR","@id":"https:\/\/www.organisator.ch\/management\/2026-02-16\/achim-schneider-wird-managing-partner-bei-retailsolutions\/#primaryimage","url":"https:\/\/www.organisator.ch\/wp-content\/uploads\/2026\/02\/Achim_Schneider-e1771236260134.png","contentUrl":"https:\/\/www.organisator.ch\/wp-content\/uploads\/2026\/02\/Achim_Schneider-e1771236260134.png","width":1080,"height":713},{"@type":"BreadcrumbList","@id":"https:\/\/www.organisator.ch\/management\/2026-02-16\/achim-schneider-wird-managing-partner-bei-retailsolutions\/#breadcrumb","itemListElement":[{"@type":"ListItem","position":1,"name":"Home","item":"https:\/\/www.organisator.ch\/"},{"@type":"ListItem","position":2,"name":"Achim Schneider wird Managing Partner bei Retailsolutions"}]},{"@type":"WebSite","@id":"https:\/\/www.organisator.ch\/#website","url":"https:\/\/www.organisator.ch\/","name":"Organisateur","description":"Comp\u00e9tence et comp\u00e9tence. Proches de la pratique. L'ORGANISATEUR pr\u00e9pare 10 num\u00e9ros par an sur les th\u00e8mes essentiels pour les dirigeants de PME.","publisher":{"@id":"https:\/\/www.organisator.ch\/#organization"},"potentialAction":[{"@type":"SearchAction","target":{"@type":"EntryPoint","urlTemplate":"https:\/\/www.organisator.ch\/?s={search_term_string}"},"query-input":{"@type":"PropertyValueSpecification","valueRequired":true,"valueName":"search_term_string"}}],"inLanguage":"fr-FR"},{"@type":"Organization","@id":"https:\/\/www.organisator.ch\/#organization","name":"Organisateur","url":"https:\/\/www.organisator.ch\/","logo":{"@type":"ImageObject","inLanguage":"fr-FR","@id":"https:\/\/www.organisator.ch\/#\/schema\/logo\/image\/","url":"https:\/\/www.organisator.ch\/wp-content\/uploads\/2022\/01\/Logo_Organisator_Website.png","contentUrl":"https:\/\/www.organisator.ch\/wp-content\/uploads\/2022\/01\/Logo_Organisator_Website.png","width":800,"height":77,"caption":"Organisator"},"image":{"@id":"https:\/\/www.organisator.ch\/#\/schema\/logo\/image\/"},"sameAs":["https:\/\/www.facebook.com\/OrganisatorFachmagazin","https:\/\/www.linkedin.com\/showcase\/organisator-das-magazin-fr-kmu","https:\/\/www.xing.com\/news\/pages\/organisator-ch-695","https:\/\/www.youtube.com\/channel\/UCGP2Sq0iWaZwT3BdIAQFYpw"]},{"@type":"Person","@id":"https:\/\/www.organisator.ch\/#\/schema\/person\/a9d0e0eff238db87a8f840f3b50359f0","name":"n8n","image":{"@type":"ImageObject","inLanguage":"fr-FR","@id":"https:\/\/secure.gravatar.com\/avatar\/5368fb9d03fd415a6f335cece4c15af2502d6ca8651efbd6e8f98427a9795400?s=96&d=mm&r=g","url":"https:\/\/secure.gravatar.com\/avatar\/5368fb9d03fd415a6f335cece4c15af2502d6ca8651efbd6e8f98427a9795400?s=96&d=mm&r=g","contentUrl":"https:\/\/secure.gravatar.com\/avatar\/5368fb9d03fd415a6f335cece4c15af2502d6ca8651efbd6e8f98427a9795400?s=96&d=mm&r=g","caption":"n8n"},"url":"https:\/\/www.organisator.ch\/fr\/author\/n8n\/"}]}},"_links":{"self":[{"href":"https:\/\/www.organisator.ch\/fr\/wp-json\/wp\/v2\/posts\/44639","targetHints":{"allow":["GET"]}}],"collection":[{"href":"https:\/\/www.organisator.ch\/fr\/wp-json\/wp\/v2\/posts"}],"about":[{"href":"https:\/\/www.organisator.ch\/fr\/wp-json\/wp\/v2\/types\/post"}],"author":[{"embeddable":true,"href":"https:\/\/www.organisator.ch\/fr\/wp-json\/wp\/v2\/users\/107"}],"replies":[{"embeddable":true,"href":"https:\/\/www.organisator.ch\/fr\/wp-json\/wp\/v2\/comments?post=44639"}],"version-history":[{"count":5,"href":"https:\/\/www.organisator.ch\/fr\/wp-json\/wp\/v2\/posts\/44639\/revisions"}],"predecessor-version":[{"id":44787,"href":"https:\/\/www.organisator.ch\/fr\/wp-json\/wp\/v2\/posts\/44639\/revisions\/44787"}],"wp:featuredmedia":[{"embeddable":true,"href":"https:\/\/www.organisator.ch\/fr\/wp-json\/wp\/v2\/media\/44638"}],"wp:attachment":[{"href":"https:\/\/www.organisator.ch\/fr\/wp-json\/wp\/v2\/media?parent=44639"}],"wp:term":[{"taxonomy":"category","embeddable":true,"href":"https:\/\/www.organisator.ch\/fr\/wp-json\/wp\/v2\/categories?post=44639"},{"taxonomy":"post_tag","embeddable":true,"href":"https:\/\/www.organisator.ch\/fr\/wp-json\/wp\/v2\/tags?post=44639"}],"curies":[{"name":"wp","href":"https:\/\/api.w.org\/{rel}","templated":true}]}}