{"id":4472,"date":"2018-11-05T17:03:04","date_gmt":"2018-11-05T16:03:04","guid":{"rendered":"https:\/\/www.organisator.ch\/?p=4472"},"modified":"2018-11-05T17:03:04","modified_gmt":"2018-11-05T16:03:04","slug":"cyber-angriffe-koennen-alle-treffen-auch-das-sicherste-kmu","status":"publish","type":"post","link":"https:\/\/www.organisator.ch\/fr\/management\/it\/2018-11-05\/cyber-angriffe-koennen-alle-treffen-auch-das-sicherste-kmu\/","title":{"rendered":"Les cyberattaques peuvent toucher tout le monde - m\u00eame la PME la plus s\u00fbre"},"content":{"rendered":"<figure id=\"attachment_4473\" aria-describedby=\"caption-attachment-4473\" style=\"width: 640px\" class=\"wp-caption alignnone\"><img loading=\"lazy\" decoding=\"async\" class=\"size-full wp-image-4473\" src=\"https:\/\/www.organisator.ch\/wp-content\/uploads\/2018\/11\/Cyber-Angriffe-koennen-alle-treffen-auch-das-sicherste-KMU_Organisator.jpg\" alt=\"\" width=\"640\" height=\"427\" srcset=\"https:\/\/www.organisator.ch\/wp-content\/uploads\/2018\/11\/Cyber-Angriffe-koennen-alle-treffen-auch-das-sicherste-KMU_Organisator.jpg 640w, https:\/\/www.organisator.ch\/wp-content\/uploads\/2018\/11\/Cyber-Angriffe-koennen-alle-treffen-auch-das-sicherste-KMU_Organisator-16x12.jpg 16w, https:\/\/www.organisator.ch\/wp-content\/uploads\/2018\/11\/Cyber-Angriffe-koennen-alle-treffen-auch-das-sicherste-KMU_Organisator-262x175.jpg 262w, https:\/\/www.organisator.ch\/wp-content\/uploads\/2018\/11\/Cyber-Angriffe-koennen-alle-treffen-auch-das-sicherste-KMU_Organisator-525x350.jpg 525w, https:\/\/www.organisator.ch\/wp-content\/uploads\/2018\/11\/Cyber-Angriffe-koennen-alle-treffen-auch-das-sicherste-KMU_Organisator-300x200.jpg 300w\" sizes=\"auto, (max-width: 640px) 100vw, 640px\" \/><figcaption id=\"caption-attachment-4473\" class=\"wp-caption-text\">Des experts ont inform\u00e9 les participants sur ce que les PME peuvent faire contre les cyber-attaques. (Image : zVg \/ GGA Maur)<\/figcaption><\/figure>\n<p><span style=\"font-size: medium;\">Le vendredi 2 novembre, l'entreprise de communication GGA Maur, en collaboration avec ewz et Studerus AG, a organis\u00e9 un \u00e9v\u00e9nement de formation continue et de r\u00e9seautage au Kraftwerk \u00e0 Zurich. Des experts de l'\u00e9conomie et de la science ont pr\u00e9sent\u00e9 \u00e0 plus de 90 participants des faits, des tendances et des bonnes pratiques sur les th\u00e8mes de la communication du futur et de la cybers\u00e9curit\u00e9. <\/span><\/p>\n<h2>Le changement technologique offre plus d'opportunit\u00e9s que de probl\u00e8mes<\/h2>\n<p>C'est J\u00fcrg Leuthold qui a ouvert le bal. Avec des faits et des chiffres impressionnants, le professeur de photonique et de communication de l'ETH Zurich a montr\u00e9 comment les technologies de l'information se d\u00e9velopperont \u00e0 l'avenir. \"En 2000, nous nous contentions d'un taux de transmission de 128 kbit\/seconde. Aujourd'hui, nous avons besoin de 1 Gbit\/seconde et d'ici 2030, plus de dix fois ce chiffre sera la norme\". Les cas d'application des nouvelles technologies sont presque illimit\u00e9s - des v\u00eatements personnalis\u00e9s imprim\u00e9s en 3D et de nombreuses applications m\u00e9dicales bas\u00e9es sur l'apprentissage automatique, en passant par la conduite autonome et les cyborgs. \"Les technologies de l'information vont am\u00e9liorer durablement notre niveau de vie. Mais pour cela, il est n\u00e9cessaire de d\u00e9velopper continuellement l'infrastructure existante\", a d\u00e9clar\u00e9 Leuthold.<\/p>\n<p>La physique n'est pas un probl\u00e8me, c'est certain. Selon le professeur de l'ETH, il est d\u00e9j\u00e0 possible d'atteindre en laboratoire des vitesses allant jusqu'\u00e0 1,01 p\u00e9taoctet par seconde dans une seule fibre optique. M\u00eame pour les donn\u00e9es mobiles, le potentiel en termes de capacit\u00e9 est encore loin d'\u00eatre \u00e9puis\u00e9. Les d\u00e9fis en mati\u00e8re de consommation d'\u00e9nergie, de puissance des processeurs et de composants optiques peuvent \u00eatre r\u00e9solus, Leuthold en est convaincu. Les d\u00e9fis sociaux d\u00e9coulant de l'\u00e9volution technologique sont plus difficiles \u00e0 relever - par exemple les \u00e9ventuelles nuisances pour la sant\u00e9 dues au rayonnement, les aspects de s\u00e9curit\u00e9 et les changements sur le march\u00e9 du travail et dans le syst\u00e8me \u00e9ducatif. \"Le changement technologique nous r\u00e9serve plus de chances que de probl\u00e8mes. Mais nous devons \u00eatre pr\u00eats \u00e0 nous adapter aux circonstances et aux r\u00e9alit\u00e9s. Nous ne contesterons pas l'avenir avec de vieilles ficelles\".<\/p>\n<h2>Quel est le niveau de s\u00e9curit\u00e9 possible ?<\/h2>\n<p>Marc Henauer de la Centrale d'enregistrement et d'analyse pour la s\u00fbret\u00e9 de l'information de la Conf\u00e9d\u00e9ration - en bref MELANI - a abord\u00e9 les cyberrisques et les d\u00e9fis dans son expos\u00e9. \"Les cyber-risques r\u00e9sultent de l'utilisation de l'informatique pour soutenir des processus et am\u00e9liorer l'efficacit\u00e9. Ils menacent toutes les entreprises, quels que soient leur secteur et leur taille\". Selon Henauer, l'importance croissante des technologies de l'information pour les entreprises augmente la mise en r\u00e9seau et la valeur de l'acc\u00e8s \u00e0 l'information. Parall\u00e8lement, les possibilit\u00e9s de fraude, d'espionnage, de chantage, de sabotage et d'autres cyber-attaques augmentent \u00e9galement. Henauer a illustr\u00e9 cela par diff\u00e9rents exemples, comme l'attaque WannaCry, qui a paralys\u00e9 de nombreux syst\u00e8mes informatiques dans le monde en 2017. \"Les cybercriminels travaillent en groupes organis\u00e9s et d\u00e9centralis\u00e9s, d\u00e9veloppent en permanence leurs m\u00e9thodes et s'attaquent \u00e0 leurs victimes aussi bien virtuellement que physiquement. Une protection compl\u00e8te est donc impossible\".<\/p>\n<p>Pour Henauer, la solution pour les entreprises se situe \u00e0 un autre niveau. Les cyber-risques ne sont qu'une partie de la s\u00e9curit\u00e9 de l'information d'une entreprise, car les risques physiques et personnels peuvent \u00e9galement conduire \u00e0 des attaques correspondantes. \"Une solution technologique a du sens en tant que mesure de s\u00e9curit\u00e9 pour l'informatique. Mais pour une protection globale de l'information, les entreprises ont besoin d'une approche sup\u00e9rieure de la s\u00e9curit\u00e9, qui devrait \u00eatre int\u00e9gr\u00e9e dans la gestion des risques au niveau de la direction\".<\/p>\n<h2>Du point de vue de l'adversaire<\/h2>\n<p>Ivan B\u00fctler, CEO de Compass Security AG, a ensuite propos\u00e9 un changement de perspective. En d\u00e9cembre 2017, B\u00fctler a r\u00e9ussi, malgr\u00e9 l'annonce, \u00e0 pirater le r\u00e9seau de l'entreprise d'approvisionnement en \u00e9nergie EBL dans le canton de B\u00e2le-Campagne pour le compte de la SRF et \u00e0 d\u00e9sactiver une partie des illuminations de No\u00ebl. \"Le talon d'Achille d'Internet, ce sont les gens qui tombent dans les histoires des pirates et leur donnent ainsi acc\u00e8s\". Cela se fait g\u00e9n\u00e9ralement par exemple par le biais d'une fausse candidature sur une cl\u00e9 USB ou d'une pi\u00e8ce jointe \u00e0 un mail. Dans le cas de l'EBL, ces approches n'ont toutefois pas fonctionn\u00e9, c'est pourquoi B\u00fctler a mis\u00e9 sur une autre astuce.<\/p>\n<p>Une simple man\u0153uvre de diversion \u00e0 la r\u00e9ception d'EBL a suffi \u00e0 faire entrer un technicien \u00e9tranger dans l'entreprise, qui a pu installer un programme malveillant sur le syst\u00e8me sans \u00eatre d\u00e9rang\u00e9. \"Il ne faut pas faire de cadeaux - une utilisation irr\u00e9fl\u00e9chie des pi\u00e8ces jointes aux e-mails, des liens ou des mots de passe est une invitation pour les pirates. Une saine dose de scepticisme est de mise\", r\u00e9sume B\u00fctler.<\/p>\n<h2>Conseils contre les cyber-attaques<\/h2>\n<p>Le th\u00e8me de la cybers\u00e9curit\u00e9 a \u00e9t\u00e9 compl\u00e9t\u00e9 par Hugo Bossard, CIO de Studerus SA. Il a expliqu\u00e9 comment les PME peuvent faire face aux programmes malveillants et a pr\u00e9sent\u00e9 des services de pare-feu concrets de Studerus SA comme GeoIP ou Content Filter pour la protection. Selon Bossard, les services antivirus et anti-spam sur le pare-feu sont moins efficaces.<\/p>\n<p>Dans une deuxi\u00e8me partie, Bossard a donn\u00e9 aux personnes pr\u00e9sentes cinq conseils pour la pr\u00e9vention des ransomwares :<\/p>\n<ol>\n<li>Comme premi\u00e8re d\u00e9fense solide, les PME devraient installer un pare-feu.<\/li>\n<li>Les PME devraient effectuer des sauvegardes r\u00e9guli\u00e8res, stock\u00e9es \u00e0 l'ext\u00e9rieur du b\u00e2timent et du r\u00e9seau et pouvant \u00eatre restaur\u00e9es en cas d'urgence.<\/li>\n<li>Le syst\u00e8me d'exploitation utilis\u00e9 devrait toujours \u00eatre \u00e0 jour sur tous les ordinateurs utilis\u00e9s. Les mises \u00e0 jour de s\u00e9curit\u00e9 r\u00e9duisent les possibilit\u00e9s pour les cybercriminels.<\/li>\n<li>Les pi\u00e8ces jointes aux e-mails et les liens inconnus doivent \u00eatre trait\u00e9s avec prudence et ne doivent pas \u00eatre ouverts en cas de doute.<\/li>\n<li>Un programme antivirus \u00e0 jour doit \u00eatre install\u00e9 sur chaque ordinateur de l'entreprise.<\/li>\n<\/ol>\n<p><em>Plus d'informations : <a href=\"http:\/\/www.gga.ch\">GGA Maur<\/a><\/em><\/p>\n<p>&nbsp;<\/p>","protected":false},"excerpt":{"rendered":"<p>Am Freitag, 2. November lud das Kommunikationsunternehmen GGA Maur zusammen mit dem ewz und Studerus AG zu einem Weiterbildungs- und Networking-Event im Kraftwerk in Z\u00fcrich ein. Experten aus Wirtschaft und Wissenschaft pr\u00e4sentierten den \u00fcber 90 Teilnehmenden Fakten, Trends und Best Practices zu den Themen Kommunikation der Zukunft und Cybersecurity. Technologischer Wandel bietet mehr Chancen als [&hellip;]<\/p>\n","protected":false},"author":4,"featured_media":4473,"comment_status":"open","ping_status":"open","sticky":false,"template":"","format":"standard","meta":{"_acf_changed":false,"_yoast_wpseo_focuskw":"Cyber-Angriffe","_yoast_wpseo_metadesc":"Die IT-Infrastruktur von KMU kann noch so modern sein \u2013 wenn deren Schutz nicht sichergestellt ist, \u00f6ffnet sie Cyber-Kriminellen T\u00fcr und Tor.","articlekey":"","footnotes":""},"categories":[27],"tags":[142,156,260,286],"class_list":["post-4472","post","type-post","status-publish","format-standard","has-post-thumbnail","hentry","category-it","tag-cyber-crime","tag-digitalisierung","tag-ict-sicherheit","tag-it"],"acf":[],"yoast_head":"<!-- This site is optimized with the Yoast SEO plugin v27.5 - https:\/\/yoast.com\/product\/yoast-seo-wordpress\/ -->\n<title>Cyber-Angriffe k\u00f6nnen alle treffen - auch das sicherste KMU - Organisator<\/title>\n<meta name=\"description\" content=\"Die IT-Infrastruktur von KMU kann noch so modern sein \u2013 wenn deren Schutz nicht sichergestellt ist, \u00f6ffnet sie Cyber-Kriminellen T\u00fcr und Tor.\" \/>\n<meta name=\"robots\" content=\"index, follow, max-snippet:-1, max-image-preview:large, max-video-preview:-1\" \/>\n<link rel=\"canonical\" href=\"https:\/\/www.organisator.ch\/fr\/gestion-2\/it\/2018-11-05\/cyber-angriffe-koennen-alle-treffen-auch-das-sicherste-kmu\/\" \/>\n<meta property=\"og:locale\" content=\"fr_FR\" \/>\n<meta property=\"og:type\" content=\"article\" \/>\n<meta property=\"og:title\" content=\"Cyber-Angriffe k\u00f6nnen alle treffen - auch das sicherste KMU\" \/>\n<meta property=\"og:description\" content=\"Die IT-Infrastruktur von KMU kann noch so modern sein \u2013 wenn deren Schutz nicht sichergestellt ist, \u00f6ffnet sie Cyber-Kriminellen T\u00fcr und Tor.\" \/>\n<meta property=\"og:url\" content=\"https:\/\/www.organisator.ch\/fr\/gestion-2\/it\/2018-11-05\/cyber-angriffe-koennen-alle-treffen-auch-das-sicherste-kmu\/\" \/>\n<meta property=\"og:site_name\" content=\"Organisator\" \/>\n<meta property=\"article:publisher\" content=\"https:\/\/www.facebook.com\/OrganisatorFachmagazin\" \/>\n<meta property=\"article:published_time\" content=\"2018-11-05T16:03:04+00:00\" \/>\n<meta property=\"og:image\" content=\"https:\/\/www.organisator.ch\/wp-content\/uploads\/2018\/11\/Cyber-Angriffe-koennen-alle-treffen-auch-das-sicherste-KMU_Organisator.jpg\" \/>\n\t<meta property=\"og:image:width\" content=\"640\" \/>\n\t<meta property=\"og:image:height\" content=\"427\" \/>\n\t<meta property=\"og:image:type\" content=\"image\/jpeg\" \/>\n<meta name=\"author\" content=\"thomas.berner\" \/>\n<meta name=\"twitter:card\" content=\"summary_large_image\" \/>\n<meta name=\"twitter:title\" content=\"#Cyber-Angriffe k\u00f6nnen alle treffen - auch das sicherste KMU\" \/>\n<meta name=\"twitter:description\" content=\"Die IT-Infrastruktur von KMU kann noch so modern sein \u2013 wenn deren Schutz nicht sichergestellt ist, \u00f6ffnet sie #Cyber-Kriminellen T\u00fcr und Tor.\" \/>\n<meta name=\"twitter:image\" content=\"https:\/\/www.organisator.ch\/wp-content\/uploads\/2018\/11\/Cyber-Angriffe-k\u00f6nnen-alle-treffen-auch-das-sicherste-KMU_Organisator.jpg\" \/>\n<script type=\"application\/ld+json\" class=\"yoast-schema-graph\">{\"@context\":\"https:\\\/\\\/schema.org\",\"@graph\":[{\"@type\":\"Article\",\"@id\":\"https:\\\/\\\/www.organisator.ch\\\/management\\\/it\\\/2018-11-05\\\/cyber-angriffe-koennen-alle-treffen-auch-das-sicherste-kmu\\\/#article\",\"isPartOf\":{\"@id\":\"https:\\\/\\\/www.organisator.ch\\\/management\\\/it\\\/2018-11-05\\\/cyber-angriffe-koennen-alle-treffen-auch-das-sicherste-kmu\\\/\"},\"author\":{\"name\":\"thomas.berner\",\"@id\":\"https:\\\/\\\/www.organisator.ch\\\/#\\\/schema\\\/person\\\/6f650f90b2842cd4c0cc334b4e36f67e\"},\"headline\":\"Cyber-Angriffe k\u00f6nnen alle treffen &#8211; auch das sicherste KMU\",\"datePublished\":\"2018-11-05T16:03:04+00:00\",\"mainEntityOfPage\":{\"@id\":\"https:\\\/\\\/www.organisator.ch\\\/management\\\/it\\\/2018-11-05\\\/cyber-angriffe-koennen-alle-treffen-auch-das-sicherste-kmu\\\/\"},\"wordCount\":841,\"commentCount\":0,\"publisher\":{\"@id\":\"https:\\\/\\\/www.organisator.ch\\\/#organization\"},\"image\":{\"@id\":\"https:\\\/\\\/www.organisator.ch\\\/management\\\/it\\\/2018-11-05\\\/cyber-angriffe-koennen-alle-treffen-auch-das-sicherste-kmu\\\/#primaryimage\"},\"thumbnailUrl\":\"https:\\\/\\\/www.organisator.ch\\\/wp-content\\\/uploads\\\/2018\\\/11\\\/Cyber-Angriffe-koennen-alle-treffen-auch-das-sicherste-KMU_Organisator.jpg\",\"keywords\":[\"Cyber-Crime\",\"Digitalisierung\",\"ICT-Sicherheit\",\"IT\"],\"articleSection\":[\"IT\"],\"inLanguage\":\"fr-FR\"},{\"@type\":\"WebPage\",\"@id\":\"https:\\\/\\\/www.organisator.ch\\\/management\\\/it\\\/2018-11-05\\\/cyber-angriffe-koennen-alle-treffen-auch-das-sicherste-kmu\\\/\",\"url\":\"https:\\\/\\\/www.organisator.ch\\\/management\\\/it\\\/2018-11-05\\\/cyber-angriffe-koennen-alle-treffen-auch-das-sicherste-kmu\\\/\",\"name\":\"Cyber-Angriffe k\u00f6nnen alle treffen - auch das sicherste KMU - Organisator\",\"isPartOf\":{\"@id\":\"https:\\\/\\\/www.organisator.ch\\\/#website\"},\"primaryImageOfPage\":{\"@id\":\"https:\\\/\\\/www.organisator.ch\\\/management\\\/it\\\/2018-11-05\\\/cyber-angriffe-koennen-alle-treffen-auch-das-sicherste-kmu\\\/#primaryimage\"},\"image\":{\"@id\":\"https:\\\/\\\/www.organisator.ch\\\/management\\\/it\\\/2018-11-05\\\/cyber-angriffe-koennen-alle-treffen-auch-das-sicherste-kmu\\\/#primaryimage\"},\"thumbnailUrl\":\"https:\\\/\\\/www.organisator.ch\\\/wp-content\\\/uploads\\\/2018\\\/11\\\/Cyber-Angriffe-koennen-alle-treffen-auch-das-sicherste-KMU_Organisator.jpg\",\"datePublished\":\"2018-11-05T16:03:04+00:00\",\"description\":\"Die IT-Infrastruktur von KMU kann noch so modern sein \u2013 wenn deren Schutz nicht sichergestellt ist, \u00f6ffnet sie Cyber-Kriminellen T\u00fcr und Tor.\",\"breadcrumb\":{\"@id\":\"https:\\\/\\\/www.organisator.ch\\\/management\\\/it\\\/2018-11-05\\\/cyber-angriffe-koennen-alle-treffen-auch-das-sicherste-kmu\\\/#breadcrumb\"},\"inLanguage\":\"fr-FR\",\"potentialAction\":[{\"@type\":\"ReadAction\",\"target\":[\"https:\\\/\\\/www.organisator.ch\\\/management\\\/it\\\/2018-11-05\\\/cyber-angriffe-koennen-alle-treffen-auch-das-sicherste-kmu\\\/\"]}]},{\"@type\":\"ImageObject\",\"inLanguage\":\"fr-FR\",\"@id\":\"https:\\\/\\\/www.organisator.ch\\\/management\\\/it\\\/2018-11-05\\\/cyber-angriffe-koennen-alle-treffen-auch-das-sicherste-kmu\\\/#primaryimage\",\"url\":\"https:\\\/\\\/www.organisator.ch\\\/wp-content\\\/uploads\\\/2018\\\/11\\\/Cyber-Angriffe-koennen-alle-treffen-auch-das-sicherste-KMU_Organisator.jpg\",\"contentUrl\":\"https:\\\/\\\/www.organisator.ch\\\/wp-content\\\/uploads\\\/2018\\\/11\\\/Cyber-Angriffe-koennen-alle-treffen-auch-das-sicherste-KMU_Organisator.jpg\",\"width\":640,\"height\":427,\"caption\":\"Experten informierten die Teilnehmenden, was KMU gegen Cyber-Angriffe tun k\u00f6nnen. (Bild: zVg \\\/ GGA Maur)\"},{\"@type\":\"BreadcrumbList\",\"@id\":\"https:\\\/\\\/www.organisator.ch\\\/management\\\/it\\\/2018-11-05\\\/cyber-angriffe-koennen-alle-treffen-auch-das-sicherste-kmu\\\/#breadcrumb\",\"itemListElement\":[{\"@type\":\"ListItem\",\"position\":1,\"name\":\"Home\",\"item\":\"https:\\\/\\\/www.organisator.ch\\\/\"},{\"@type\":\"ListItem\",\"position\":2,\"name\":\"Cyber-Angriffe k\u00f6nnen alle treffen &#8211; auch das sicherste KMU\"}]},{\"@type\":\"WebSite\",\"@id\":\"https:\\\/\\\/www.organisator.ch\\\/#website\",\"url\":\"https:\\\/\\\/www.organisator.ch\\\/\",\"name\":\"Organisator\",\"description\":\"Kompetent. Praxisnah. Der ORGANISATOR bereitet in 10 Ausgaben pro Jahr die wesentlichen Themen f\u00fcr F\u00fchrungskr\u00e4fte von KMU auf.\",\"publisher\":{\"@id\":\"https:\\\/\\\/www.organisator.ch\\\/#organization\"},\"potentialAction\":[{\"@type\":\"SearchAction\",\"target\":{\"@type\":\"EntryPoint\",\"urlTemplate\":\"https:\\\/\\\/www.organisator.ch\\\/?s={search_term_string}\"},\"query-input\":{\"@type\":\"PropertyValueSpecification\",\"valueRequired\":true,\"valueName\":\"search_term_string\"}}],\"inLanguage\":\"fr-FR\"},{\"@type\":\"Organization\",\"@id\":\"https:\\\/\\\/www.organisator.ch\\\/#organization\",\"name\":\"Organisator\",\"url\":\"https:\\\/\\\/www.organisator.ch\\\/\",\"logo\":{\"@type\":\"ImageObject\",\"inLanguage\":\"fr-FR\",\"@id\":\"https:\\\/\\\/www.organisator.ch\\\/#\\\/schema\\\/logo\\\/image\\\/\",\"url\":\"https:\\\/\\\/www.organisator.ch\\\/wp-content\\\/uploads\\\/2022\\\/01\\\/Logo_Organisator_Website.png\",\"contentUrl\":\"https:\\\/\\\/www.organisator.ch\\\/wp-content\\\/uploads\\\/2022\\\/01\\\/Logo_Organisator_Website.png\",\"width\":800,\"height\":77,\"caption\":\"Organisator\"},\"image\":{\"@id\":\"https:\\\/\\\/www.organisator.ch\\\/#\\\/schema\\\/logo\\\/image\\\/\"},\"sameAs\":[\"https:\\\/\\\/www.facebook.com\\\/OrganisatorFachmagazin\",\"https:\\\/\\\/www.linkedin.com\\\/showcase\\\/organisator-das-magazin-fr-kmu\",\"https:\\\/\\\/www.xing.com\\\/news\\\/pages\\\/organisator-ch-695\",\"https:\\\/\\\/www.youtube.com\\\/channel\\\/UCGP2Sq0iWaZwT3BdIAQFYpw\"]},{\"@type\":\"Person\",\"@id\":\"https:\\\/\\\/www.organisator.ch\\\/#\\\/schema\\\/person\\\/6f650f90b2842cd4c0cc334b4e36f67e\",\"name\":\"thomas.berner\",\"image\":{\"@type\":\"ImageObject\",\"inLanguage\":\"fr-FR\",\"@id\":\"https:\\\/\\\/secure.gravatar.com\\\/avatar\\\/ac5001d2a36cb6c6cd3e50789007ffca834b477b74a2144564522e944eabff61?s=96&d=mm&r=g\",\"url\":\"https:\\\/\\\/secure.gravatar.com\\\/avatar\\\/ac5001d2a36cb6c6cd3e50789007ffca834b477b74a2144564522e944eabff61?s=96&d=mm&r=g\",\"contentUrl\":\"https:\\\/\\\/secure.gravatar.com\\\/avatar\\\/ac5001d2a36cb6c6cd3e50789007ffca834b477b74a2144564522e944eabff61?s=96&d=mm&r=g\",\"caption\":\"thomas.berner\"},\"url\":\"https:\\\/\\\/www.organisator.ch\\\/fr\\\/author\\\/thomas-berner\\\/\"}]}<\/script>\n<!-- \/ Yoast SEO plugin. -->","yoast_head_json":{"title":"Les cyberattaques peuvent toucher tout le monde, m\u00eame la PME la plus s\u00fbre - Organisateur","description":"L'infrastructure informatique des PME a beau \u00eatre moderne, si sa protection n'est pas assur\u00e9e, elle ouvre la porte aux cybercriminels.","robots":{"index":"index","follow":"follow","max-snippet":"max-snippet:-1","max-image-preview":"max-image-preview:large","max-video-preview":"max-video-preview:-1"},"canonical":"https:\/\/www.organisator.ch\/fr\/gestion-2\/it\/2018-11-05\/cyber-angriffe-koennen-alle-treffen-auch-das-sicherste-kmu\/","og_locale":"fr_FR","og_type":"article","og_title":"Cyber-Angriffe k\u00f6nnen alle treffen - auch das sicherste KMU","og_description":"Die IT-Infrastruktur von KMU kann noch so modern sein \u2013 wenn deren Schutz nicht sichergestellt ist, \u00f6ffnet sie Cyber-Kriminellen T\u00fcr und Tor.","og_url":"https:\/\/www.organisator.ch\/fr\/gestion-2\/it\/2018-11-05\/cyber-angriffe-koennen-alle-treffen-auch-das-sicherste-kmu\/","og_site_name":"Organisator","article_publisher":"https:\/\/www.facebook.com\/OrganisatorFachmagazin","article_published_time":"2018-11-05T16:03:04+00:00","og_image":[{"width":640,"height":427,"url":"https:\/\/www.organisator.ch\/wp-content\/uploads\/2018\/11\/Cyber-Angriffe-koennen-alle-treffen-auch-das-sicherste-KMU_Organisator.jpg","type":"image\/jpeg"}],"author":"thomas.berner","twitter_card":"summary_large_image","twitter_title":"#Cyber-Angriffe k\u00f6nnen alle treffen - auch das sicherste KMU","twitter_description":"Die IT-Infrastruktur von KMU kann noch so modern sein \u2013 wenn deren Schutz nicht sichergestellt ist, \u00f6ffnet sie #Cyber-Kriminellen T\u00fcr und Tor.","twitter_image":"https:\/\/www.organisator.ch\/wp-content\/uploads\/2018\/11\/Cyber-Angriffe-k\u00f6nnen-alle-treffen-auch-das-sicherste-KMU_Organisator.jpg","schema":{"@context":"https:\/\/schema.org","@graph":[{"@type":"Article","@id":"https:\/\/www.organisator.ch\/management\/it\/2018-11-05\/cyber-angriffe-koennen-alle-treffen-auch-das-sicherste-kmu\/#article","isPartOf":{"@id":"https:\/\/www.organisator.ch\/management\/it\/2018-11-05\/cyber-angriffe-koennen-alle-treffen-auch-das-sicherste-kmu\/"},"author":{"name":"thomas.berner","@id":"https:\/\/www.organisator.ch\/#\/schema\/person\/6f650f90b2842cd4c0cc334b4e36f67e"},"headline":"Cyber-Angriffe k\u00f6nnen alle treffen &#8211; auch das sicherste KMU","datePublished":"2018-11-05T16:03:04+00:00","mainEntityOfPage":{"@id":"https:\/\/www.organisator.ch\/management\/it\/2018-11-05\/cyber-angriffe-koennen-alle-treffen-auch-das-sicherste-kmu\/"},"wordCount":841,"commentCount":0,"publisher":{"@id":"https:\/\/www.organisator.ch\/#organization"},"image":{"@id":"https:\/\/www.organisator.ch\/management\/it\/2018-11-05\/cyber-angriffe-koennen-alle-treffen-auch-das-sicherste-kmu\/#primaryimage"},"thumbnailUrl":"https:\/\/www.organisator.ch\/wp-content\/uploads\/2018\/11\/Cyber-Angriffe-koennen-alle-treffen-auch-das-sicherste-KMU_Organisator.jpg","keywords":["Cyber-Crime","Digitalisierung","ICT-Sicherheit","IT"],"articleSection":["IT"],"inLanguage":"fr-FR"},{"@type":"WebPage","@id":"https:\/\/www.organisator.ch\/management\/it\/2018-11-05\/cyber-angriffe-koennen-alle-treffen-auch-das-sicherste-kmu\/","url":"https:\/\/www.organisator.ch\/management\/it\/2018-11-05\/cyber-angriffe-koennen-alle-treffen-auch-das-sicherste-kmu\/","name":"Les cyberattaques peuvent toucher tout le monde, m\u00eame la PME la plus s\u00fbre - Organisateur","isPartOf":{"@id":"https:\/\/www.organisator.ch\/#website"},"primaryImageOfPage":{"@id":"https:\/\/www.organisator.ch\/management\/it\/2018-11-05\/cyber-angriffe-koennen-alle-treffen-auch-das-sicherste-kmu\/#primaryimage"},"image":{"@id":"https:\/\/www.organisator.ch\/management\/it\/2018-11-05\/cyber-angriffe-koennen-alle-treffen-auch-das-sicherste-kmu\/#primaryimage"},"thumbnailUrl":"https:\/\/www.organisator.ch\/wp-content\/uploads\/2018\/11\/Cyber-Angriffe-koennen-alle-treffen-auch-das-sicherste-KMU_Organisator.jpg","datePublished":"2018-11-05T16:03:04+00:00","description":"L'infrastructure informatique des PME a beau \u00eatre moderne, si sa protection n'est pas assur\u00e9e, elle ouvre la porte aux cybercriminels.","breadcrumb":{"@id":"https:\/\/www.organisator.ch\/management\/it\/2018-11-05\/cyber-angriffe-koennen-alle-treffen-auch-das-sicherste-kmu\/#breadcrumb"},"inLanguage":"fr-FR","potentialAction":[{"@type":"ReadAction","target":["https:\/\/www.organisator.ch\/management\/it\/2018-11-05\/cyber-angriffe-koennen-alle-treffen-auch-das-sicherste-kmu\/"]}]},{"@type":"ImageObject","inLanguage":"fr-FR","@id":"https:\/\/www.organisator.ch\/management\/it\/2018-11-05\/cyber-angriffe-koennen-alle-treffen-auch-das-sicherste-kmu\/#primaryimage","url":"https:\/\/www.organisator.ch\/wp-content\/uploads\/2018\/11\/Cyber-Angriffe-koennen-alle-treffen-auch-das-sicherste-KMU_Organisator.jpg","contentUrl":"https:\/\/www.organisator.ch\/wp-content\/uploads\/2018\/11\/Cyber-Angriffe-koennen-alle-treffen-auch-das-sicherste-KMU_Organisator.jpg","width":640,"height":427,"caption":"Experten informierten die Teilnehmenden, was KMU gegen Cyber-Angriffe tun k\u00f6nnen. (Bild: zVg \/ GGA Maur)"},{"@type":"BreadcrumbList","@id":"https:\/\/www.organisator.ch\/management\/it\/2018-11-05\/cyber-angriffe-koennen-alle-treffen-auch-das-sicherste-kmu\/#breadcrumb","itemListElement":[{"@type":"ListItem","position":1,"name":"Home","item":"https:\/\/www.organisator.ch\/"},{"@type":"ListItem","position":2,"name":"Cyber-Angriffe k\u00f6nnen alle treffen &#8211; auch das sicherste KMU"}]},{"@type":"WebSite","@id":"https:\/\/www.organisator.ch\/#website","url":"https:\/\/www.organisator.ch\/","name":"Organisateur","description":"Comp\u00e9tence et comp\u00e9tence. Proches de la pratique. L'ORGANISATEUR pr\u00e9pare 10 num\u00e9ros par an sur les th\u00e8mes essentiels pour les dirigeants de PME.","publisher":{"@id":"https:\/\/www.organisator.ch\/#organization"},"potentialAction":[{"@type":"SearchAction","target":{"@type":"EntryPoint","urlTemplate":"https:\/\/www.organisator.ch\/?s={search_term_string}"},"query-input":{"@type":"PropertyValueSpecification","valueRequired":true,"valueName":"search_term_string"}}],"inLanguage":"fr-FR"},{"@type":"Organization","@id":"https:\/\/www.organisator.ch\/#organization","name":"Organisateur","url":"https:\/\/www.organisator.ch\/","logo":{"@type":"ImageObject","inLanguage":"fr-FR","@id":"https:\/\/www.organisator.ch\/#\/schema\/logo\/image\/","url":"https:\/\/www.organisator.ch\/wp-content\/uploads\/2022\/01\/Logo_Organisator_Website.png","contentUrl":"https:\/\/www.organisator.ch\/wp-content\/uploads\/2022\/01\/Logo_Organisator_Website.png","width":800,"height":77,"caption":"Organisator"},"image":{"@id":"https:\/\/www.organisator.ch\/#\/schema\/logo\/image\/"},"sameAs":["https:\/\/www.facebook.com\/OrganisatorFachmagazin","https:\/\/www.linkedin.com\/showcase\/organisator-das-magazin-fr-kmu","https:\/\/www.xing.com\/news\/pages\/organisator-ch-695","https:\/\/www.youtube.com\/channel\/UCGP2Sq0iWaZwT3BdIAQFYpw"]},{"@type":"Person","@id":"https:\/\/www.organisator.ch\/#\/schema\/person\/6f650f90b2842cd4c0cc334b4e36f67e","name":"thomas.berner","image":{"@type":"ImageObject","inLanguage":"fr-FR","@id":"https:\/\/secure.gravatar.com\/avatar\/ac5001d2a36cb6c6cd3e50789007ffca834b477b74a2144564522e944eabff61?s=96&d=mm&r=g","url":"https:\/\/secure.gravatar.com\/avatar\/ac5001d2a36cb6c6cd3e50789007ffca834b477b74a2144564522e944eabff61?s=96&d=mm&r=g","contentUrl":"https:\/\/secure.gravatar.com\/avatar\/ac5001d2a36cb6c6cd3e50789007ffca834b477b74a2144564522e944eabff61?s=96&d=mm&r=g","caption":"thomas.berner"},"url":"https:\/\/www.organisator.ch\/fr\/author\/thomas-berner\/"}]}},"_links":{"self":[{"href":"https:\/\/www.organisator.ch\/fr\/wp-json\/wp\/v2\/posts\/4472","targetHints":{"allow":["GET"]}}],"collection":[{"href":"https:\/\/www.organisator.ch\/fr\/wp-json\/wp\/v2\/posts"}],"about":[{"href":"https:\/\/www.organisator.ch\/fr\/wp-json\/wp\/v2\/types\/post"}],"author":[{"embeddable":true,"href":"https:\/\/www.organisator.ch\/fr\/wp-json\/wp\/v2\/users\/4"}],"replies":[{"embeddable":true,"href":"https:\/\/www.organisator.ch\/fr\/wp-json\/wp\/v2\/comments?post=4472"}],"version-history":[{"count":0,"href":"https:\/\/www.organisator.ch\/fr\/wp-json\/wp\/v2\/posts\/4472\/revisions"}],"wp:featuredmedia":[{"embeddable":true,"href":"https:\/\/www.organisator.ch\/fr\/wp-json\/wp\/v2\/media\/4473"}],"wp:attachment":[{"href":"https:\/\/www.organisator.ch\/fr\/wp-json\/wp\/v2\/media?parent=4472"}],"wp:term":[{"taxonomy":"category","embeddable":true,"href":"https:\/\/www.organisator.ch\/fr\/wp-json\/wp\/v2\/categories?post=4472"},{"taxonomy":"post_tag","embeddable":true,"href":"https:\/\/www.organisator.ch\/fr\/wp-json\/wp\/v2\/tags?post=4472"}],"curies":[{"name":"wp","href":"https:\/\/api.w.org\/{rel}","templated":true}]}}