{"id":44739,"date":"2026-02-18T09:53:03","date_gmt":"2026-02-18T08:53:03","guid":{"rendered":"https:\/\/www.organisator.ch\/de\/?p=44739"},"modified":"2026-02-18T09:53:03","modified_gmt":"2026-02-18T08:53:03","slug":"das-zid-bernapark-laedt-zu-pitch-night-workshops-und-networking","status":"publish","type":"post","link":"https:\/\/www.organisator.ch\/fr\/management\/2026-02-18\/das-zid-bernapark-laedt-zu-pitch-night-workshops-und-networking\/","title":{"rendered":"Le ZID Bernapark invite \u00e0 une Pitch Night, des ateliers et du networking"},"content":{"rendered":"<figure id=\"attachment_44741\" aria-describedby=\"caption-attachment-44741\" style=\"width: 680px\" class=\"wp-caption alignnone\"><img loading=\"lazy\" decoding=\"async\" class=\"size-full wp-image-44741\" src=\"https:\/\/www.organisator.ch\/wp-content\/uploads\/2026\/02\/Das-ZID-Bernapark-laedt-zu-Pitch-Night-Workshops-und-Networking_Organisator.jpg\" alt=\"\" width=\"680\" height=\"453\" srcset=\"https:\/\/www.organisator.ch\/wp-content\/uploads\/2026\/02\/Das-ZID-Bernapark-laedt-zu-Pitch-Night-Workshops-und-Networking_Organisator.jpg 680w, https:\/\/www.organisator.ch\/wp-content\/uploads\/2026\/02\/Das-ZID-Bernapark-laedt-zu-Pitch-Night-Workshops-und-Networking_Organisator-18x12.jpg 18w, https:\/\/www.organisator.ch\/wp-content\/uploads\/2026\/02\/Das-ZID-Bernapark-laedt-zu-Pitch-Night-Workshops-und-Networking_Organisator-375x250.jpg 375w, https:\/\/www.organisator.ch\/wp-content\/uploads\/2026\/02\/Das-ZID-Bernapark-laedt-zu-Pitch-Night-Workshops-und-Networking_Organisator-525x350.jpg 525w\" sizes=\"auto, (max-width: 680px) 100vw, 680px\" \/><figcaption id=\"caption-attachment-44741\" class=\"wp-caption-text\">La salle de spectacle du Bernapark, o\u00f9 se trouve \u00e9galement le ZID. (Image : zVg \/ Bernapark)<\/figcaption><\/figure>\n<p>Le Centre pour l'innovation et la num\u00e9risation (ZID) du Bernapark propose aux start-up, aux PME et aux personnes int\u00e9ress\u00e9es par l'innovation un programme vari\u00e9. Des \u00e9v\u00e9nements de pitch aux possibilit\u00e9s de r\u00e9seautage en passant par des ateliers pratiques, le ZID se positionne comme un point de contact central pour le paysage r\u00e9gional de l'innovation.<\/p>\n<h3>Pitch Night Berne le 12 mars 2026<\/h3>\n<p>Le 12 mars 2026, Berne sera la sc\u00e8ne des id\u00e9es fra\u00eeches et des fondateurs audacieux. La Pitch Night Bern r\u00e9unit des startups, des investisseurs, des experts et des personnes int\u00e9ress\u00e9es par l'innovation pour une soir\u00e9e inspirante. Dix startups seront s\u00e9lectionn\u00e9es parmi toutes les candidatures et pr\u00e9senteront leur id\u00e9e commerciale en direct sur sc\u00e8ne - en seulement trois minutes de pitch plus deux minutes de questions-r\u00e9ponses. La startup la plus convaincante recevra un prix d'une valeur de plus de 10 000 francs \u00e0 la fin de la soir\u00e9e. En tant que coorganisateur, le ZID se r\u00e9jouit de renforcer activement le paysage r\u00e9gional de l'innovation et d'offrir une sc\u00e8ne aux fondateurs.<\/p>\n<h3>Atelier sur la due diligence pour les start-ups<\/h3>\n<p>Le 25 f\u00e9vrier 2026, de 14h00 \u00e0 19h00, aura lieu un atelier sur le th\u00e8me \u00abDue Diligence pour les startups - se pr\u00e9parer de mani\u00e8re optimale au pitch de l'investisseur\u00bb. En compagnie de Dominik Witz, cofondateur de Konsento, les participants pourront v\u00e9rifier si la structure, la gouvernance et la documentation sont vraiment \u00abinvestor ready\u00bb. Le registre des actions sera num\u00e9ris\u00e9, les documents centraux seront analys\u00e9s du point de vue des investisseurs et les \u00e9ventuelles lacunes seront combl\u00e9es \u00e0 temps. L'atelier se terminera par un ap\u00e9ritif de r\u00e9seautage.<\/p>\n<h3>Microsoft Copilot en entreprise<\/h3>\n<p>Apr\u00e8s le succ\u00e8s de la mise \u00e0 jour PME du 20 janvier 2026 avec Tobias Kluge d'Incratec, un atelier d'approfondissement suivra le 26 mars 2026 de 08h00 \u00e0 12h00. Les participants apprendront comment introduire Microsoft Copilot de mani\u00e8re cibl\u00e9e dans la PME et l'utiliser directement de mani\u00e8re productive. L'atelier traite du prompting efficace, de la mise en place d'un Copilot personnel et de l'automatisation des t\u00e2ches r\u00e9p\u00e9titives avec les agents Copilot. En outre, les participants re\u00e7oivent des informations pratiques sur la protection des donn\u00e9es, la s\u00e9curit\u00e9 et la gouvernance ainsi qu'une feuille de route claire pour l'introduction. L'atelier sera suivi d'un suivi et d'un acc\u00e8s \u00e0 la documentation et \u00e0 la biblioth\u00e8que Prompt.<\/p>\n<h3>Masterclass Sictic sur l'acquisition et les plans d'int\u00e9ressement des salari\u00e9s<\/h3>\n<p>Le 3 mars 2026, de 17h30 \u00e0 19h30, une masterclass sictique aura lieu au ZID Bernapark. Claudio G\u00fcr, partenaire chez Domenik &amp; Partner, transmettra la signification des ESOP, PSOP et actions fant\u00f4mes. Lors d'un \u00e9change interactif avec Ralph Mogicato (membre du comit\u00e9 de direction de Sictic) et R\u00fcdiger Petrikowski (directeur r\u00e9gional de Berne Sictic et CEO &amp; CFO MIHM Ventures), les participants apprendront pourquoi le d\u00e9lai d'exercice est important et quelle est sa signification pour les fondateurs et les investisseurs. L'\u00e9v\u00e9nement est ouvert \u00e0 tous les investisseurs.<\/p>\n<h3>Solutions de bureau flexibles au ZID<\/h3>\n<p>Le ZID propose des Serviced Offices modernes avec de la place pour tous les besoins - du pupitre individuel compact pour un travail focalis\u00e9 jusqu'aux surfaces g\u00e9n\u00e9reuses pour des \u00e9quipes comptant jusqu'\u00e0 40 postes de travail. Chaque espace peut \u00eatre am\u00e9nag\u00e9 individuellement. Le \u00abpackage sans souci\u00bb \u00e0 tarif unique comprend l'Internet rapide, des salles de r\u00e9union et l'acc\u00e8s \u00e0 une communaut\u00e9 inspirante. Les locaux se trouvent dans les halles historiques de l'ancienne usine de carton \u00e0 Deisswil, aujourd'hui connue sous le nom de Bernapark.<\/p>\n<p>Pour plus d'informations sur le programme et les offres du ZID Bernapark, voir le <a href=\"https:\/\/www.zid-bernapark.ch\" target=\"_blank\" rel=\"noopener\">Site web du Centre d'innovation et de num\u00e9risation<\/a>.<\/p>","protected":false},"excerpt":{"rendered":"<p>Le Centre pour l'innovation et la num\u00e9risation (CID) pr\u00e9sente son programme actuel pour les startups et les PME. Outre la Pitch Night Bern du 12 mars, des ateliers pratiques sur la Due Diligence et Microsoft Copilot sont \u00e0 l'ordre du jour. En outre, le ZID propose des solutions de bureau flexibles pour les \u00e9quipes innovantes.<\/p>","protected":false},"author":107,"featured_media":44741,"comment_status":"closed","ping_status":"closed","sticky":false,"template":"","format":"standard","meta":{"_acf_changed":false,"_yoast_wpseo_focuskw":"ZID Bernapark","_yoast_wpseo_metadesc":"Das ZID Bernapark bietet Startups und KMU Pitch Events, Workshops zu Copilot und Due Diligence sowie flexible B\u00fcrol\u00f6sungen im Bernapark.","articlekey":"","footnotes":""},"categories":[28],"tags":[5828,193,335,451],"class_list":["post-44739","post","type-post","status-publish","format-standard","has-post-thumbnail","hentry","category-management","tag-bernapark","tag-fachkongressfachmesse","tag-management-und-unternehmensfuehrung","tag-startups"],"acf":[],"yoast_head":"<!-- This site is optimized with the Yoast SEO plugin v27.4 - https:\/\/yoast.com\/product\/yoast-seo-wordpress\/ -->\n<title>Das ZID Bernapark l\u00e4dt zu Pitch Night, Workshops und Networking - Organisator<\/title>\n<meta name=\"description\" content=\"Das ZID Bernapark bietet Startups und KMU Pitch Events, Workshops zu Copilot und Due Diligence sowie flexible B\u00fcrol\u00f6sungen im Bernapark.\" \/>\n<meta name=\"robots\" content=\"index, follow, max-snippet:-1, max-image-preview:large, max-video-preview:-1\" \/>\n<link rel=\"canonical\" href=\"https:\/\/www.organisator.ch\/fr\/gestion-2\/2026-02-18\/das-zid-bernapark-laedt-zu-pitch-night-workshops-und-networking\/\" \/>\n<meta property=\"og:locale\" content=\"fr_FR\" \/>\n<meta property=\"og:type\" content=\"article\" \/>\n<meta property=\"og:title\" content=\"Das ZID Bernapark l\u00e4dt zu Pitch Night, Workshops und Networking\" \/>\n<meta property=\"og:description\" content=\"Das ZID Bernapark bietet Startups und KMU Pitch Events, Workshops zu Copilot und Due Diligence sowie flexible B\u00fcrol\u00f6sungen im Bernapark.\" \/>\n<meta property=\"og:url\" content=\"https:\/\/www.organisator.ch\/fr\/gestion-2\/2026-02-18\/das-zid-bernapark-laedt-zu-pitch-night-workshops-und-networking\/\" \/>\n<meta property=\"og:site_name\" content=\"Organisator\" \/>\n<meta property=\"article:publisher\" content=\"https:\/\/www.facebook.com\/OrganisatorFachmagazin\" \/>\n<meta property=\"article:published_time\" content=\"2026-02-18T08:53:03+00:00\" \/>\n<meta property=\"og:image\" content=\"https:\/\/www.organisator.ch\/wp-content\/uploads\/2026\/02\/Das-ZID-Bernapark-laedt-zu-Pitch-Night-Workshops-und-Networking_Organisator.jpg\" \/>\n\t<meta property=\"og:image:width\" content=\"680\" \/>\n\t<meta property=\"og:image:height\" content=\"453\" \/>\n\t<meta property=\"og:image:type\" content=\"image\/jpeg\" \/>\n<meta name=\"author\" content=\"n8n\" \/>\n<meta name=\"twitter:card\" content=\"summary_large_image\" \/>\n<meta name=\"twitter:title\" content=\"Das #ZID Bernapark l\u00e4dt zu Pitch Night, #Workshops und #Networking\" \/>\n<meta name=\"twitter:description\" content=\"Das #ZID #Bernapark bietet #Startups und KMU Pitch Events, Workshops zu Copilot und Due Diligence sowie flexible B\u00fcrol\u00f6sungen im Bernapark.\" \/>\n<meta name=\"twitter:image\" content=\"https:\/\/www.organisator.ch\/wp-content\/uploads\/2026\/02\/Das-ZID-Bernapark-laedt-zu-Pitch-Night-Workshops-und-Networking_Organisator.jpg\" \/>\n<script type=\"application\/ld+json\" class=\"yoast-schema-graph\">{\"@context\":\"https:\\\/\\\/schema.org\",\"@graph\":[{\"@type\":\"Article\",\"@id\":\"https:\\\/\\\/www.organisator.ch\\\/management\\\/2026-02-18\\\/das-zid-bernapark-laedt-zu-pitch-night-workshops-und-networking\\\/#article\",\"isPartOf\":{\"@id\":\"https:\\\/\\\/www.organisator.ch\\\/management\\\/2026-02-18\\\/das-zid-bernapark-laedt-zu-pitch-night-workshops-und-networking\\\/\"},\"author\":{\"name\":\"n8n\",\"@id\":\"https:\\\/\\\/www.organisator.ch\\\/#\\\/schema\\\/person\\\/a9d0e0eff238db87a8f840f3b50359f0\"},\"headline\":\"Das ZID Bernapark l\u00e4dt zu Pitch Night, Workshops und Networking\",\"datePublished\":\"2026-02-18T08:53:03+00:00\",\"mainEntityOfPage\":{\"@id\":\"https:\\\/\\\/www.organisator.ch\\\/management\\\/2026-02-18\\\/das-zid-bernapark-laedt-zu-pitch-night-workshops-und-networking\\\/\"},\"wordCount\":533,\"publisher\":{\"@id\":\"https:\\\/\\\/www.organisator.ch\\\/#organization\"},\"image\":{\"@id\":\"https:\\\/\\\/www.organisator.ch\\\/management\\\/2026-02-18\\\/das-zid-bernapark-laedt-zu-pitch-night-workshops-und-networking\\\/#primaryimage\"},\"thumbnailUrl\":\"https:\\\/\\\/www.organisator.ch\\\/wp-content\\\/uploads\\\/2026\\\/02\\\/Das-ZID-Bernapark-laedt-zu-Pitch-Night-Workshops-und-Networking_Organisator.jpg\",\"keywords\":[\"Bernapark\",\"Fachkongress\\\/Fachmesse\",\"Management und Unternehmensf\u00fchrung\",\"Startups\"],\"articleSection\":[\"MANAGEMENT\"],\"inLanguage\":\"fr-FR\"},{\"@type\":\"WebPage\",\"@id\":\"https:\\\/\\\/www.organisator.ch\\\/management\\\/2026-02-18\\\/das-zid-bernapark-laedt-zu-pitch-night-workshops-und-networking\\\/\",\"url\":\"https:\\\/\\\/www.organisator.ch\\\/management\\\/2026-02-18\\\/das-zid-bernapark-laedt-zu-pitch-night-workshops-und-networking\\\/\",\"name\":\"Das ZID Bernapark l\u00e4dt zu Pitch Night, Workshops und Networking - Organisator\",\"isPartOf\":{\"@id\":\"https:\\\/\\\/www.organisator.ch\\\/#website\"},\"primaryImageOfPage\":{\"@id\":\"https:\\\/\\\/www.organisator.ch\\\/management\\\/2026-02-18\\\/das-zid-bernapark-laedt-zu-pitch-night-workshops-und-networking\\\/#primaryimage\"},\"image\":{\"@id\":\"https:\\\/\\\/www.organisator.ch\\\/management\\\/2026-02-18\\\/das-zid-bernapark-laedt-zu-pitch-night-workshops-und-networking\\\/#primaryimage\"},\"thumbnailUrl\":\"https:\\\/\\\/www.organisator.ch\\\/wp-content\\\/uploads\\\/2026\\\/02\\\/Das-ZID-Bernapark-laedt-zu-Pitch-Night-Workshops-und-Networking_Organisator.jpg\",\"datePublished\":\"2026-02-18T08:53:03+00:00\",\"description\":\"Das ZID Bernapark bietet Startups und KMU Pitch Events, Workshops zu Copilot und Due Diligence sowie flexible B\u00fcrol\u00f6sungen im Bernapark.\",\"breadcrumb\":{\"@id\":\"https:\\\/\\\/www.organisator.ch\\\/management\\\/2026-02-18\\\/das-zid-bernapark-laedt-zu-pitch-night-workshops-und-networking\\\/#breadcrumb\"},\"inLanguage\":\"fr-FR\",\"potentialAction\":[{\"@type\":\"ReadAction\",\"target\":[\"https:\\\/\\\/www.organisator.ch\\\/management\\\/2026-02-18\\\/das-zid-bernapark-laedt-zu-pitch-night-workshops-und-networking\\\/\"]}]},{\"@type\":\"ImageObject\",\"inLanguage\":\"fr-FR\",\"@id\":\"https:\\\/\\\/www.organisator.ch\\\/management\\\/2026-02-18\\\/das-zid-bernapark-laedt-zu-pitch-night-workshops-und-networking\\\/#primaryimage\",\"url\":\"https:\\\/\\\/www.organisator.ch\\\/wp-content\\\/uploads\\\/2026\\\/02\\\/Das-ZID-Bernapark-laedt-zu-Pitch-Night-Workshops-und-Networking_Organisator.jpg\",\"contentUrl\":\"https:\\\/\\\/www.organisator.ch\\\/wp-content\\\/uploads\\\/2026\\\/02\\\/Das-ZID-Bernapark-laedt-zu-Pitch-Night-Workshops-und-Networking_Organisator.jpg\",\"width\":680,\"height\":453,\"caption\":\"Die Eventhalle im Bernapark. (Bild: zVg \\\/ Bernapark)\"},{\"@type\":\"BreadcrumbList\",\"@id\":\"https:\\\/\\\/www.organisator.ch\\\/management\\\/2026-02-18\\\/das-zid-bernapark-laedt-zu-pitch-night-workshops-und-networking\\\/#breadcrumb\",\"itemListElement\":[{\"@type\":\"ListItem\",\"position\":1,\"name\":\"Home\",\"item\":\"https:\\\/\\\/www.organisator.ch\\\/\"},{\"@type\":\"ListItem\",\"position\":2,\"name\":\"Das ZID Bernapark l\u00e4dt zu Pitch Night, Workshops und Networking\"}]},{\"@type\":\"WebSite\",\"@id\":\"https:\\\/\\\/www.organisator.ch\\\/#website\",\"url\":\"https:\\\/\\\/www.organisator.ch\\\/\",\"name\":\"Organisator\",\"description\":\"Kompetent. Praxisnah. Der ORGANISATOR bereitet in 10 Ausgaben pro Jahr die wesentlichen Themen f\u00fcr F\u00fchrungskr\u00e4fte von KMU auf.\",\"publisher\":{\"@id\":\"https:\\\/\\\/www.organisator.ch\\\/#organization\"},\"potentialAction\":[{\"@type\":\"SearchAction\",\"target\":{\"@type\":\"EntryPoint\",\"urlTemplate\":\"https:\\\/\\\/www.organisator.ch\\\/?s={search_term_string}\"},\"query-input\":{\"@type\":\"PropertyValueSpecification\",\"valueRequired\":true,\"valueName\":\"search_term_string\"}}],\"inLanguage\":\"fr-FR\"},{\"@type\":\"Organization\",\"@id\":\"https:\\\/\\\/www.organisator.ch\\\/#organization\",\"name\":\"Organisator\",\"url\":\"https:\\\/\\\/www.organisator.ch\\\/\",\"logo\":{\"@type\":\"ImageObject\",\"inLanguage\":\"fr-FR\",\"@id\":\"https:\\\/\\\/www.organisator.ch\\\/#\\\/schema\\\/logo\\\/image\\\/\",\"url\":\"https:\\\/\\\/www.organisator.ch\\\/wp-content\\\/uploads\\\/2022\\\/01\\\/Logo_Organisator_Website.png\",\"contentUrl\":\"https:\\\/\\\/www.organisator.ch\\\/wp-content\\\/uploads\\\/2022\\\/01\\\/Logo_Organisator_Website.png\",\"width\":800,\"height\":77,\"caption\":\"Organisator\"},\"image\":{\"@id\":\"https:\\\/\\\/www.organisator.ch\\\/#\\\/schema\\\/logo\\\/image\\\/\"},\"sameAs\":[\"https:\\\/\\\/www.facebook.com\\\/OrganisatorFachmagazin\",\"https:\\\/\\\/www.linkedin.com\\\/showcase\\\/organisator-das-magazin-fr-kmu\",\"https:\\\/\\\/www.xing.com\\\/news\\\/pages\\\/organisator-ch-695\",\"https:\\\/\\\/www.youtube.com\\\/channel\\\/UCGP2Sq0iWaZwT3BdIAQFYpw\"]},{\"@type\":\"Person\",\"@id\":\"https:\\\/\\\/www.organisator.ch\\\/#\\\/schema\\\/person\\\/a9d0e0eff238db87a8f840f3b50359f0\",\"name\":\"n8n\",\"image\":{\"@type\":\"ImageObject\",\"inLanguage\":\"fr-FR\",\"@id\":\"https:\\\/\\\/secure.gravatar.com\\\/avatar\\\/5368fb9d03fd415a6f335cece4c15af2502d6ca8651efbd6e8f98427a9795400?s=96&d=mm&r=g\",\"url\":\"https:\\\/\\\/secure.gravatar.com\\\/avatar\\\/5368fb9d03fd415a6f335cece4c15af2502d6ca8651efbd6e8f98427a9795400?s=96&d=mm&r=g\",\"contentUrl\":\"https:\\\/\\\/secure.gravatar.com\\\/avatar\\\/5368fb9d03fd415a6f335cece4c15af2502d6ca8651efbd6e8f98427a9795400?s=96&d=mm&r=g\",\"caption\":\"n8n\"},\"url\":\"https:\\\/\\\/www.organisator.ch\\\/fr\\\/author\\\/n8n\\\/\"}]}<\/script>\n<!-- \/ Yoast SEO plugin. -->","yoast_head_json":{"title":"Le ZID Bernapark invite \u00e0 la Pitch Night, aux ateliers et au networking - Organisateur","description":"Le ZID Bernapark propose aux startups et aux PME des \u00e9v\u00e9nements de pitch, des ateliers sur le copilotage et la due diligence ainsi que des solutions de bureaux flexibles dans le Bernapark.","robots":{"index":"index","follow":"follow","max-snippet":"max-snippet:-1","max-image-preview":"max-image-preview:large","max-video-preview":"max-video-preview:-1"},"canonical":"https:\/\/www.organisator.ch\/fr\/gestion-2\/2026-02-18\/das-zid-bernapark-laedt-zu-pitch-night-workshops-und-networking\/","og_locale":"fr_FR","og_type":"article","og_title":"Das ZID Bernapark l\u00e4dt zu Pitch Night, Workshops und Networking","og_description":"Das ZID Bernapark bietet Startups und KMU Pitch Events, Workshops zu Copilot und Due Diligence sowie flexible B\u00fcrol\u00f6sungen im Bernapark.","og_url":"https:\/\/www.organisator.ch\/fr\/gestion-2\/2026-02-18\/das-zid-bernapark-laedt-zu-pitch-night-workshops-und-networking\/","og_site_name":"Organisator","article_publisher":"https:\/\/www.facebook.com\/OrganisatorFachmagazin","article_published_time":"2026-02-18T08:53:03+00:00","og_image":[{"width":680,"height":453,"url":"https:\/\/www.organisator.ch\/wp-content\/uploads\/2026\/02\/Das-ZID-Bernapark-laedt-zu-Pitch-Night-Workshops-und-Networking_Organisator.jpg","type":"image\/jpeg"}],"author":"n8n","twitter_card":"summary_large_image","twitter_title":"Das #ZID Bernapark l\u00e4dt zu Pitch Night, #Workshops und #Networking","twitter_description":"Das #ZID #Bernapark bietet #Startups und KMU Pitch Events, Workshops zu Copilot und Due Diligence sowie flexible B\u00fcrol\u00f6sungen im Bernapark.","twitter_image":"https:\/\/www.organisator.ch\/wp-content\/uploads\/2026\/02\/Das-ZID-Bernapark-laedt-zu-Pitch-Night-Workshops-und-Networking_Organisator.jpg","schema":{"@context":"https:\/\/schema.org","@graph":[{"@type":"Article","@id":"https:\/\/www.organisator.ch\/management\/2026-02-18\/das-zid-bernapark-laedt-zu-pitch-night-workshops-und-networking\/#article","isPartOf":{"@id":"https:\/\/www.organisator.ch\/management\/2026-02-18\/das-zid-bernapark-laedt-zu-pitch-night-workshops-und-networking\/"},"author":{"name":"n8n","@id":"https:\/\/www.organisator.ch\/#\/schema\/person\/a9d0e0eff238db87a8f840f3b50359f0"},"headline":"Das ZID Bernapark l\u00e4dt zu Pitch Night, Workshops und Networking","datePublished":"2026-02-18T08:53:03+00:00","mainEntityOfPage":{"@id":"https:\/\/www.organisator.ch\/management\/2026-02-18\/das-zid-bernapark-laedt-zu-pitch-night-workshops-und-networking\/"},"wordCount":533,"publisher":{"@id":"https:\/\/www.organisator.ch\/#organization"},"image":{"@id":"https:\/\/www.organisator.ch\/management\/2026-02-18\/das-zid-bernapark-laedt-zu-pitch-night-workshops-und-networking\/#primaryimage"},"thumbnailUrl":"https:\/\/www.organisator.ch\/wp-content\/uploads\/2026\/02\/Das-ZID-Bernapark-laedt-zu-Pitch-Night-Workshops-und-Networking_Organisator.jpg","keywords":["Bernapark","Fachkongress\/Fachmesse","Management und Unternehmensf\u00fchrung","Startups"],"articleSection":["MANAGEMENT"],"inLanguage":"fr-FR"},{"@type":"WebPage","@id":"https:\/\/www.organisator.ch\/management\/2026-02-18\/das-zid-bernapark-laedt-zu-pitch-night-workshops-und-networking\/","url":"https:\/\/www.organisator.ch\/management\/2026-02-18\/das-zid-bernapark-laedt-zu-pitch-night-workshops-und-networking\/","name":"Le ZID Bernapark invite \u00e0 la Pitch Night, aux ateliers et au networking - Organisateur","isPartOf":{"@id":"https:\/\/www.organisator.ch\/#website"},"primaryImageOfPage":{"@id":"https:\/\/www.organisator.ch\/management\/2026-02-18\/das-zid-bernapark-laedt-zu-pitch-night-workshops-und-networking\/#primaryimage"},"image":{"@id":"https:\/\/www.organisator.ch\/management\/2026-02-18\/das-zid-bernapark-laedt-zu-pitch-night-workshops-und-networking\/#primaryimage"},"thumbnailUrl":"https:\/\/www.organisator.ch\/wp-content\/uploads\/2026\/02\/Das-ZID-Bernapark-laedt-zu-Pitch-Night-Workshops-und-Networking_Organisator.jpg","datePublished":"2026-02-18T08:53:03+00:00","description":"Le ZID Bernapark propose aux startups et aux PME des \u00e9v\u00e9nements de pitch, des ateliers sur le copilotage et la due diligence ainsi que des solutions de bureaux flexibles dans le Bernapark.","breadcrumb":{"@id":"https:\/\/www.organisator.ch\/management\/2026-02-18\/das-zid-bernapark-laedt-zu-pitch-night-workshops-und-networking\/#breadcrumb"},"inLanguage":"fr-FR","potentialAction":[{"@type":"ReadAction","target":["https:\/\/www.organisator.ch\/management\/2026-02-18\/das-zid-bernapark-laedt-zu-pitch-night-workshops-und-networking\/"]}]},{"@type":"ImageObject","inLanguage":"fr-FR","@id":"https:\/\/www.organisator.ch\/management\/2026-02-18\/das-zid-bernapark-laedt-zu-pitch-night-workshops-und-networking\/#primaryimage","url":"https:\/\/www.organisator.ch\/wp-content\/uploads\/2026\/02\/Das-ZID-Bernapark-laedt-zu-Pitch-Night-Workshops-und-Networking_Organisator.jpg","contentUrl":"https:\/\/www.organisator.ch\/wp-content\/uploads\/2026\/02\/Das-ZID-Bernapark-laedt-zu-Pitch-Night-Workshops-und-Networking_Organisator.jpg","width":680,"height":453,"caption":"Die Eventhalle im Bernapark. (Bild: zVg \/ Bernapark)"},{"@type":"BreadcrumbList","@id":"https:\/\/www.organisator.ch\/management\/2026-02-18\/das-zid-bernapark-laedt-zu-pitch-night-workshops-und-networking\/#breadcrumb","itemListElement":[{"@type":"ListItem","position":1,"name":"Home","item":"https:\/\/www.organisator.ch\/"},{"@type":"ListItem","position":2,"name":"Das ZID Bernapark l\u00e4dt zu Pitch Night, Workshops und Networking"}]},{"@type":"WebSite","@id":"https:\/\/www.organisator.ch\/#website","url":"https:\/\/www.organisator.ch\/","name":"Organisateur","description":"Comp\u00e9tence et comp\u00e9tence. Proches de la pratique. L'ORGANISATEUR pr\u00e9pare 10 num\u00e9ros par an sur les th\u00e8mes essentiels pour les dirigeants de PME.","publisher":{"@id":"https:\/\/www.organisator.ch\/#organization"},"potentialAction":[{"@type":"SearchAction","target":{"@type":"EntryPoint","urlTemplate":"https:\/\/www.organisator.ch\/?s={search_term_string}"},"query-input":{"@type":"PropertyValueSpecification","valueRequired":true,"valueName":"search_term_string"}}],"inLanguage":"fr-FR"},{"@type":"Organization","@id":"https:\/\/www.organisator.ch\/#organization","name":"Organisateur","url":"https:\/\/www.organisator.ch\/","logo":{"@type":"ImageObject","inLanguage":"fr-FR","@id":"https:\/\/www.organisator.ch\/#\/schema\/logo\/image\/","url":"https:\/\/www.organisator.ch\/wp-content\/uploads\/2022\/01\/Logo_Organisator_Website.png","contentUrl":"https:\/\/www.organisator.ch\/wp-content\/uploads\/2022\/01\/Logo_Organisator_Website.png","width":800,"height":77,"caption":"Organisator"},"image":{"@id":"https:\/\/www.organisator.ch\/#\/schema\/logo\/image\/"},"sameAs":["https:\/\/www.facebook.com\/OrganisatorFachmagazin","https:\/\/www.linkedin.com\/showcase\/organisator-das-magazin-fr-kmu","https:\/\/www.xing.com\/news\/pages\/organisator-ch-695","https:\/\/www.youtube.com\/channel\/UCGP2Sq0iWaZwT3BdIAQFYpw"]},{"@type":"Person","@id":"https:\/\/www.organisator.ch\/#\/schema\/person\/a9d0e0eff238db87a8f840f3b50359f0","name":"n8n","image":{"@type":"ImageObject","inLanguage":"fr-FR","@id":"https:\/\/secure.gravatar.com\/avatar\/5368fb9d03fd415a6f335cece4c15af2502d6ca8651efbd6e8f98427a9795400?s=96&d=mm&r=g","url":"https:\/\/secure.gravatar.com\/avatar\/5368fb9d03fd415a6f335cece4c15af2502d6ca8651efbd6e8f98427a9795400?s=96&d=mm&r=g","contentUrl":"https:\/\/secure.gravatar.com\/avatar\/5368fb9d03fd415a6f335cece4c15af2502d6ca8651efbd6e8f98427a9795400?s=96&d=mm&r=g","caption":"n8n"},"url":"https:\/\/www.organisator.ch\/fr\/author\/n8n\/"}]}},"_links":{"self":[{"href":"https:\/\/www.organisator.ch\/fr\/wp-json\/wp\/v2\/posts\/44739","targetHints":{"allow":["GET"]}}],"collection":[{"href":"https:\/\/www.organisator.ch\/fr\/wp-json\/wp\/v2\/posts"}],"about":[{"href":"https:\/\/www.organisator.ch\/fr\/wp-json\/wp\/v2\/types\/post"}],"author":[{"embeddable":true,"href":"https:\/\/www.organisator.ch\/fr\/wp-json\/wp\/v2\/users\/107"}],"replies":[{"embeddable":true,"href":"https:\/\/www.organisator.ch\/fr\/wp-json\/wp\/v2\/comments?post=44739"}],"version-history":[{"count":3,"href":"https:\/\/www.organisator.ch\/fr\/wp-json\/wp\/v2\/posts\/44739\/revisions"}],"predecessor-version":[{"id":44784,"href":"https:\/\/www.organisator.ch\/fr\/wp-json\/wp\/v2\/posts\/44739\/revisions\/44784"}],"wp:featuredmedia":[{"embeddable":true,"href":"https:\/\/www.organisator.ch\/fr\/wp-json\/wp\/v2\/media\/44741"}],"wp:attachment":[{"href":"https:\/\/www.organisator.ch\/fr\/wp-json\/wp\/v2\/media?parent=44739"}],"wp:term":[{"taxonomy":"category","embeddable":true,"href":"https:\/\/www.organisator.ch\/fr\/wp-json\/wp\/v2\/categories?post=44739"},{"taxonomy":"post_tag","embeddable":true,"href":"https:\/\/www.organisator.ch\/fr\/wp-json\/wp\/v2\/tags?post=44739"}],"curies":[{"name":"wp","href":"https:\/\/api.w.org\/{rel}","templated":true}]}}