{"id":44755,"date":"2026-02-18T11:30:29","date_gmt":"2026-02-18T10:30:29","guid":{"rendered":"https:\/\/www.organisator.ch\/de\/?p=44755"},"modified":"2026-02-18T11:30:29","modified_gmt":"2026-02-18T10:30:29","slug":"dualis-erweitert-ganttplan-um-erp-anbindung-an-microsoft-dynamics-365","status":"publish","type":"post","link":"https:\/\/www.organisator.ch\/fr\/operational-excellence\/2026-02-18\/dualis-erweitert-ganttplan-um-erp-anbindung-an-microsoft-dynamics-365\/","title":{"rendered":"Dualis \u00e9tend Ganttplan avec une connexion ERP \u00e0 Microsoft Dynamics 365"},"content":{"rendered":"<figure>\n<figure style=\"width: 1400px\" class=\"wp-caption alignnone\"><img loading=\"lazy\" decoding=\"async\" src=\"https:\/\/www.organisator.ch\/wp-content\/uploads\/2026\/02\/GP_Bildschirm-Leitstand_Montage_c_Gorodenkoff_shutterstock_782843011-scaled.png\" alt=\"Utilisateurs du syst\u00e8me APS Ganttplan dans la planification de la production\" width=\"1400\" height=\"787\" \/><figcaption class=\"wp-caption-text\">Utilisateur du syst\u00e8me APS Ganttplan dans la planification de la production. Source : Composition de l'image Dualis IT Solution (Gorodenkoff_shutterstock_782843011)<\/figcaption><\/figure><br \/>\n<\/figure>\n<p>Dans de nombreuses PME, les donn\u00e9es des commandes sont certes structur\u00e9es dans le syst\u00e8me ERP, mais elles ne peuvent \u00eatre converties en une planification r\u00e9aliste de la production qu'au prix d'efforts manuels consid\u00e9rables. L'absence de continuit\u00e9 entre l'ERP, la pr\u00e9paration du travail et la production oblige les planificateurs \u00e0 proc\u00e9der \u00e0 des ajustements qui prennent beaucoup de temps, souvent au d\u00e9triment du respect des d\u00e9lais de livraison. Dualis s'attaque \u00e0 ce probl\u00e8me pratique avec une nouvelle solution d'int\u00e9gration certifi\u00e9e pour Microsoft Dynamics 365 Business Central. L'interface d\u00e9velopp\u00e9e par son partenaire Leannova est disponible sur le Microsoft Marketplace et ajoute une option de connexion standardis\u00e9e au portefeuille d'int\u00e9gration ERP existant de Ganttplan.<\/p>\n<p>Ganttplan est un syst\u00e8me Advanced Planning &amp; Scheduling (APS) pour la planification num\u00e9rique fine et l'optimisation des processus de production. Il sert de module compl\u00e9mentaire aux solutions ERP ou MES pour planifier les ressources, les capacit\u00e9s et les mat\u00e9riaux en temps r\u00e9el, am\u00e9liorer les d\u00e9lais de livraison et minimiser les temps de pr\u00e9paration.<\/p>\n<p>Les entreprises de production peuvent d\u00e8s \u00e0 pr\u00e9sent utiliser les donn\u00e9es de commandes ERP de Microsoft Dynamics 365 Business Central dans la planification \u00e0 court terme sans d\u00e9veloppement s\u00e9par\u00e9 d'interface ou de personnalisation. Les modifications de commandes ou les reports de d\u00e9lais dans l'ERP sont ainsi imm\u00e9diatement pris en compte dans Ganttplan et y sont disponibles pour une planification de la production bas\u00e9e sur les ressources.<\/p>\n<p>\u00abPour les entreprises de fabrication, il est crucial que l'ERP et la planification de la production fonctionnent ensemble sans rupture de syst\u00e8me\u00bb, explique le Dr Kirsten Hoffmann, chef de produit chez Dualis IT Solution. \u00abCe n'est que lorsque les donn\u00e9es des commandes passent \u00e0 la planification d\u00e9taill\u00e9e sans \u00e9tapes interm\u00e9diaires manuelles qu'il est possible de d\u00e9terminer des d\u00e9lais de production et de livraison r\u00e9alistes. L'interface d\u00e9velopp\u00e9e et certifi\u00e9e par notre partenaire Leannova \u00e9largit notre portefeuille de connexions \u00e0 un syst\u00e8me ERP tr\u00e8s r\u00e9pandu dans les PME\u00bb.\u00bb<\/p>\n<h3>Planification fine continue sur la base des donn\u00e9es de commande ERP<\/h3>\n<p>Dans la pratique, les syst\u00e8mes ERP tels que Microsoft Dynamics 365 Business Central sont con\u00e7us pour reproduire de mani\u00e8re fiable les processus commerciaux. Mais pour une planification de la production d\u00e9taill\u00e9e et bas\u00e9e sur les ressources, ces fonctions ne suffisent souvent pas. Les responsables de la production doivent pr\u00e9parer manuellement les donn\u00e9es des commandes, les classer par ordre de priorit\u00e9 ou les transf\u00e9rer vers des syst\u00e8mes de planification distincts.<\/p>\n<figure>\n<figure style=\"width: 1200px\" class=\"wp-caption alignnone\"><img loading=\"lazy\" decoding=\"async\" src=\"https:\/\/www.organisator.ch\/wp-content\/uploads\/2026\/02\/GP-als-Add-on-zum-ERP_PRINT.png\" alt=\"Int\u00e9gration id\u00e9ale d&#039;un syst\u00e8me APS tel que Ganttplan dans l&#039;informatique centrale de production\" width=\"1200\" height=\"599\" \/><figcaption class=\"wp-caption-text\">Int\u00e9gration id\u00e9ale d'un syst\u00e8me APS tel que Ganttplan dans l'informatique centrale de production. Source : Dualis IT Solution<\/figcaption><\/figure><br \/>\n<\/figure>\n<p>La solution d'int\u00e9gration relie Business Central \u00e0 Ganttplan et met \u00e0 disposition les donn\u00e9es des ordres ERP de mani\u00e8re structur\u00e9e dans la planification \u00e0 court terme. Elles peuvent y \u00eatre trait\u00e9es en tenant compte des capacit\u00e9s, des ressources et des d\u00e9pendances. Les ruptures de m\u00e9dias entre la planification commerciale et la production peuvent ainsi \u00eatre consid\u00e9rablement r\u00e9duites.<\/p>\n<p>De plus, les utilisateurs b\u00e9n\u00e9ficient d'une solution pouvant \u00eatre mise \u00e0 jour et ancr\u00e9e dans l'\u00e9cosyst\u00e8me Microsoft, qui s'int\u00e8gre sans complexit\u00e9 suppl\u00e9mentaire dans les environnements informatiques existants et facilite l'acc\u00e8s \u00e0 une planification fine de bout en bout.<\/p>\n<h3>Focalisation sur la s\u00e9curit\u00e9 de la planification dans les PME<\/h3>\n<p>Avec cette nouvelle connexion, Dualis s'attaque \u00e0 un probl\u00e8me pratique central de nombreuses entreprises de fabrication de taille moyenne : le passage de la saisie des ordres dans l'ERP \u00e0 une planification de la production r\u00e9aliste et fiable. L'objectif est de simplifier les processus de planification, de r\u00e9duire les efforts de coordination et d'\u00e9tablir des d\u00e9lais de livraison sur une base fiable - sans projets informatiques co\u00fbteux ni obstacles entre les syst\u00e8mes.<\/p>\n<p>Fond\u00e9e en 1990, Dualis IT Solution - une filiale d'iTAC Software et une partie du groupe D\u00fcrr - s'est sp\u00e9cialis\u00e9e dans le d\u00e9veloppement de logiciels et de services li\u00e9s \u00e0 la simulation, \u00e0 l'optimisation des processus et \u00e0 la planification de la production. La gamme de produits comprend le syst\u00e8me APS Ganttplan, la plateforme de simulation 3D Visual Components et l'outil de planification de halls Areaplan. Les produits de Dualis sont utilis\u00e9s dans de nombreuses entreprises de la grande industrie et de la PME industrielle.<\/p>\n<p><em>Plus d'informations : <a href=\"https:\/\/www.dualis-it.de\" target=\"_blank\" rel=\"noopener\">www.dualis-it.de<\/a><\/em><\/p>","protected":false},"excerpt":{"rendered":"<p>Dualis s'attaque \u00e0 un probl\u00e8me pratique central des entreprises de fabrication de taille moyenne : La nouvelle solution d'int\u00e9gration certifi\u00e9e pour Microsoft Dynamics 365 Business Central permet aux entreprises de production de transf\u00e9rer les donn\u00e9es des ordres ERP vers la planification de la production sans rupture de m\u00e9dia. L'interface d\u00e9velopp\u00e9e par le partenaire Leannova est disponible sur le Microsoft Marketplace.<\/p>","protected":false},"author":107,"featured_media":44754,"comment_status":"closed","ping_status":"closed","sticky":false,"template":"","format":"standard","meta":{"_acf_changed":false,"_yoast_wpseo_focuskw":"ERP-Anbindung","_yoast_wpseo_metadesc":"Dualis erweitert APS-System Ganttplan um eine ERP-Anbindung zu Microsoft Dynamics 365 Business Central f\u00fcr durchg\u00e4ngige Produktionsplanung.","articlekey":"","footnotes":""},"categories":[582],"tags":[4634,287,393],"class_list":["post-44755","post","type-post","status-publish","format-standard","has-post-thumbnail","hentry","category-operational-excellence","tag-erp-systeme","tag-itbusiness-software","tag-produkte"],"acf":[],"yoast_head":"<!-- This site is optimized with the Yoast SEO plugin v27.4 - https:\/\/yoast.com\/product\/yoast-seo-wordpress\/ -->\n<title>Dualis erweitert Ganttplan um ERP-Anbindung an Microsoft Dynamics 365 - Organisator<\/title>\n<meta name=\"description\" content=\"Dualis erweitert APS-System Ganttplan um eine ERP-Anbindung zu Microsoft Dynamics 365 Business Central f\u00fcr durchg\u00e4ngige Produktionsplanung.\" \/>\n<meta name=\"robots\" content=\"index, follow, max-snippet:-1, max-image-preview:large, max-video-preview:-1\" \/>\n<link rel=\"canonical\" href=\"https:\/\/www.organisator.ch\/fr\/excellence-operationnelle\/2026-02-18\/dualis-erweitert-ganttplan-um-erp-anbindung-an-microsoft-dynamics-365\/\" \/>\n<meta property=\"og:locale\" content=\"fr_FR\" \/>\n<meta property=\"og:type\" content=\"article\" \/>\n<meta property=\"og:title\" content=\"Dualis erweitert Ganttplan um ERP-Anbindung an Microsoft Dynamics 365\" \/>\n<meta property=\"og:description\" content=\"Dualis erweitert APS-System Ganttplan um eine ERP-Anbindung zu Microsoft Dynamics 365 Business Central f\u00fcr durchg\u00e4ngige Produktionsplanung.\" \/>\n<meta property=\"og:url\" content=\"https:\/\/www.organisator.ch\/fr\/excellence-operationnelle\/2026-02-18\/dualis-erweitert-ganttplan-um-erp-anbindung-an-microsoft-dynamics-365\/\" \/>\n<meta property=\"og:site_name\" content=\"Organisator\" \/>\n<meta property=\"article:publisher\" content=\"https:\/\/www.facebook.com\/OrganisatorFachmagazin\" \/>\n<meta property=\"article:published_time\" content=\"2026-02-18T10:30:29+00:00\" \/>\n<meta property=\"og:image\" content=\"https:\/\/www.organisator.ch\/wp-content\/uploads\/2026\/02\/GP_Bildschirm-Leitstand_Montage_c_Gorodenkoff_shutterstock_782843011-scaled.png\" \/>\n\t<meta property=\"og:image:width\" content=\"1400\" \/>\n\t<meta property=\"og:image:height\" content=\"787\" \/>\n\t<meta property=\"og:image:type\" content=\"image\/png\" \/>\n<meta name=\"author\" content=\"n8n\" \/>\n<meta name=\"twitter:card\" content=\"summary_large_image\" \/>\n<meta name=\"twitter:title\" content=\"Dualis erweitert #Ganttplan um #ERP-Anbindung an Microsoft Dynamics 365\" \/>\n<meta name=\"twitter:description\" content=\"Dualis erweitert APS-System #Ganttplan um eine #ERP-Anbindung zu Microsoft Dynamics 365 Business Central f\u00fcr durchg\u00e4ngige Produktionsplanung.\" \/>\n<meta name=\"twitter:image\" content=\"https:\/\/www.organisator.ch\/wp-content\/uploads\/2026\/02\/GP_Bildschirm-Leitstand_Montage_c_Gorodenkoff_shutterstock_782843011-scaled.png\" \/>\n<script type=\"application\/ld+json\" class=\"yoast-schema-graph\">{\"@context\":\"https:\\\/\\\/schema.org\",\"@graph\":[{\"@type\":\"Article\",\"@id\":\"https:\\\/\\\/www.organisator.ch\\\/operational-excellence\\\/2026-02-18\\\/dualis-erweitert-ganttplan-um-erp-anbindung-an-microsoft-dynamics-365\\\/#article\",\"isPartOf\":{\"@id\":\"https:\\\/\\\/www.organisator.ch\\\/operational-excellence\\\/2026-02-18\\\/dualis-erweitert-ganttplan-um-erp-anbindung-an-microsoft-dynamics-365\\\/\"},\"author\":{\"name\":\"n8n\",\"@id\":\"https:\\\/\\\/www.organisator.ch\\\/#\\\/schema\\\/person\\\/a9d0e0eff238db87a8f840f3b50359f0\"},\"headline\":\"Dualis erweitert Ganttplan um ERP-Anbindung an Microsoft Dynamics 365\",\"datePublished\":\"2026-02-18T10:30:29+00:00\",\"mainEntityOfPage\":{\"@id\":\"https:\\\/\\\/www.organisator.ch\\\/operational-excellence\\\/2026-02-18\\\/dualis-erweitert-ganttplan-um-erp-anbindung-an-microsoft-dynamics-365\\\/\"},\"wordCount\":533,\"publisher\":{\"@id\":\"https:\\\/\\\/www.organisator.ch\\\/#organization\"},\"image\":{\"@id\":\"https:\\\/\\\/www.organisator.ch\\\/operational-excellence\\\/2026-02-18\\\/dualis-erweitert-ganttplan-um-erp-anbindung-an-microsoft-dynamics-365\\\/#primaryimage\"},\"thumbnailUrl\":\"https:\\\/\\\/www.organisator.ch\\\/wp-content\\\/uploads\\\/2026\\\/02\\\/GP_Bildschirm-Leitstand_Montage_c_Gorodenkoff_shutterstock_782843011-scaled.png\",\"keywords\":[\"ERP-Systeme\",\"IT\u2009&amp;\u2009Business Software\",\"Produkte\"],\"articleSection\":[\"OPERATIONAL EXCELLENCE\"],\"inLanguage\":\"fr-FR\"},{\"@type\":\"WebPage\",\"@id\":\"https:\\\/\\\/www.organisator.ch\\\/operational-excellence\\\/2026-02-18\\\/dualis-erweitert-ganttplan-um-erp-anbindung-an-microsoft-dynamics-365\\\/\",\"url\":\"https:\\\/\\\/www.organisator.ch\\\/operational-excellence\\\/2026-02-18\\\/dualis-erweitert-ganttplan-um-erp-anbindung-an-microsoft-dynamics-365\\\/\",\"name\":\"Dualis erweitert Ganttplan um ERP-Anbindung an Microsoft Dynamics 365 - Organisator\",\"isPartOf\":{\"@id\":\"https:\\\/\\\/www.organisator.ch\\\/#website\"},\"primaryImageOfPage\":{\"@id\":\"https:\\\/\\\/www.organisator.ch\\\/operational-excellence\\\/2026-02-18\\\/dualis-erweitert-ganttplan-um-erp-anbindung-an-microsoft-dynamics-365\\\/#primaryimage\"},\"image\":{\"@id\":\"https:\\\/\\\/www.organisator.ch\\\/operational-excellence\\\/2026-02-18\\\/dualis-erweitert-ganttplan-um-erp-anbindung-an-microsoft-dynamics-365\\\/#primaryimage\"},\"thumbnailUrl\":\"https:\\\/\\\/www.organisator.ch\\\/wp-content\\\/uploads\\\/2026\\\/02\\\/GP_Bildschirm-Leitstand_Montage_c_Gorodenkoff_shutterstock_782843011-scaled.png\",\"datePublished\":\"2026-02-18T10:30:29+00:00\",\"description\":\"Dualis erweitert APS-System Ganttplan um eine ERP-Anbindung zu Microsoft Dynamics 365 Business Central f\u00fcr durchg\u00e4ngige Produktionsplanung.\",\"breadcrumb\":{\"@id\":\"https:\\\/\\\/www.organisator.ch\\\/operational-excellence\\\/2026-02-18\\\/dualis-erweitert-ganttplan-um-erp-anbindung-an-microsoft-dynamics-365\\\/#breadcrumb\"},\"inLanguage\":\"fr-FR\",\"potentialAction\":[{\"@type\":\"ReadAction\",\"target\":[\"https:\\\/\\\/www.organisator.ch\\\/operational-excellence\\\/2026-02-18\\\/dualis-erweitert-ganttplan-um-erp-anbindung-an-microsoft-dynamics-365\\\/\"]}]},{\"@type\":\"ImageObject\",\"inLanguage\":\"fr-FR\",\"@id\":\"https:\\\/\\\/www.organisator.ch\\\/operational-excellence\\\/2026-02-18\\\/dualis-erweitert-ganttplan-um-erp-anbindung-an-microsoft-dynamics-365\\\/#primaryimage\",\"url\":\"https:\\\/\\\/www.organisator.ch\\\/wp-content\\\/uploads\\\/2026\\\/02\\\/GP_Bildschirm-Leitstand_Montage_c_Gorodenkoff_shutterstock_782843011-scaled.png\",\"contentUrl\":\"https:\\\/\\\/www.organisator.ch\\\/wp-content\\\/uploads\\\/2026\\\/02\\\/GP_Bildschirm-Leitstand_Montage_c_Gorodenkoff_shutterstock_782843011-scaled.png\",\"width\":1400,\"height\":787},{\"@type\":\"BreadcrumbList\",\"@id\":\"https:\\\/\\\/www.organisator.ch\\\/operational-excellence\\\/2026-02-18\\\/dualis-erweitert-ganttplan-um-erp-anbindung-an-microsoft-dynamics-365\\\/#breadcrumb\",\"itemListElement\":[{\"@type\":\"ListItem\",\"position\":1,\"name\":\"Home\",\"item\":\"https:\\\/\\\/www.organisator.ch\\\/\"},{\"@type\":\"ListItem\",\"position\":2,\"name\":\"Dualis erweitert Ganttplan um ERP-Anbindung an Microsoft Dynamics 365\"}]},{\"@type\":\"WebSite\",\"@id\":\"https:\\\/\\\/www.organisator.ch\\\/#website\",\"url\":\"https:\\\/\\\/www.organisator.ch\\\/\",\"name\":\"Organisator\",\"description\":\"Kompetent. Praxisnah. Der ORGANISATOR bereitet in 10 Ausgaben pro Jahr die wesentlichen Themen f\u00fcr F\u00fchrungskr\u00e4fte von KMU auf.\",\"publisher\":{\"@id\":\"https:\\\/\\\/www.organisator.ch\\\/#organization\"},\"potentialAction\":[{\"@type\":\"SearchAction\",\"target\":{\"@type\":\"EntryPoint\",\"urlTemplate\":\"https:\\\/\\\/www.organisator.ch\\\/?s={search_term_string}\"},\"query-input\":{\"@type\":\"PropertyValueSpecification\",\"valueRequired\":true,\"valueName\":\"search_term_string\"}}],\"inLanguage\":\"fr-FR\"},{\"@type\":\"Organization\",\"@id\":\"https:\\\/\\\/www.organisator.ch\\\/#organization\",\"name\":\"Organisator\",\"url\":\"https:\\\/\\\/www.organisator.ch\\\/\",\"logo\":{\"@type\":\"ImageObject\",\"inLanguage\":\"fr-FR\",\"@id\":\"https:\\\/\\\/www.organisator.ch\\\/#\\\/schema\\\/logo\\\/image\\\/\",\"url\":\"https:\\\/\\\/www.organisator.ch\\\/wp-content\\\/uploads\\\/2022\\\/01\\\/Logo_Organisator_Website.png\",\"contentUrl\":\"https:\\\/\\\/www.organisator.ch\\\/wp-content\\\/uploads\\\/2022\\\/01\\\/Logo_Organisator_Website.png\",\"width\":800,\"height\":77,\"caption\":\"Organisator\"},\"image\":{\"@id\":\"https:\\\/\\\/www.organisator.ch\\\/#\\\/schema\\\/logo\\\/image\\\/\"},\"sameAs\":[\"https:\\\/\\\/www.facebook.com\\\/OrganisatorFachmagazin\",\"https:\\\/\\\/www.linkedin.com\\\/showcase\\\/organisator-das-magazin-fr-kmu\",\"https:\\\/\\\/www.xing.com\\\/news\\\/pages\\\/organisator-ch-695\",\"https:\\\/\\\/www.youtube.com\\\/channel\\\/UCGP2Sq0iWaZwT3BdIAQFYpw\"]},{\"@type\":\"Person\",\"@id\":\"https:\\\/\\\/www.organisator.ch\\\/#\\\/schema\\\/person\\\/a9d0e0eff238db87a8f840f3b50359f0\",\"name\":\"n8n\",\"image\":{\"@type\":\"ImageObject\",\"inLanguage\":\"fr-FR\",\"@id\":\"https:\\\/\\\/secure.gravatar.com\\\/avatar\\\/5368fb9d03fd415a6f335cece4c15af2502d6ca8651efbd6e8f98427a9795400?s=96&d=mm&r=g\",\"url\":\"https:\\\/\\\/secure.gravatar.com\\\/avatar\\\/5368fb9d03fd415a6f335cece4c15af2502d6ca8651efbd6e8f98427a9795400?s=96&d=mm&r=g\",\"contentUrl\":\"https:\\\/\\\/secure.gravatar.com\\\/avatar\\\/5368fb9d03fd415a6f335cece4c15af2502d6ca8651efbd6e8f98427a9795400?s=96&d=mm&r=g\",\"caption\":\"n8n\"},\"url\":\"https:\\\/\\\/www.organisator.ch\\\/fr\\\/author\\\/n8n\\\/\"}]}<\/script>\n<!-- \/ Yoast SEO plugin. -->","yoast_head_json":{"title":"Dualis \u00e9tend le Ganttplan avec une connexion ERP \u00e0 Microsoft Dynamics 365 - Organisator","description":"Dualis \u00e9tend le syst\u00e8me APS Ganttplan avec une connexion ERP \u00e0 Microsoft Dynamics 365 Business Central pour une planification de la production de bout en bout.","robots":{"index":"index","follow":"follow","max-snippet":"max-snippet:-1","max-image-preview":"max-image-preview:large","max-video-preview":"max-video-preview:-1"},"canonical":"https:\/\/www.organisator.ch\/fr\/excellence-operationnelle\/2026-02-18\/dualis-erweitert-ganttplan-um-erp-anbindung-an-microsoft-dynamics-365\/","og_locale":"fr_FR","og_type":"article","og_title":"Dualis erweitert Ganttplan um ERP-Anbindung an Microsoft Dynamics 365","og_description":"Dualis erweitert APS-System Ganttplan um eine ERP-Anbindung zu Microsoft Dynamics 365 Business Central f\u00fcr durchg\u00e4ngige Produktionsplanung.","og_url":"https:\/\/www.organisator.ch\/fr\/excellence-operationnelle\/2026-02-18\/dualis-erweitert-ganttplan-um-erp-anbindung-an-microsoft-dynamics-365\/","og_site_name":"Organisator","article_publisher":"https:\/\/www.facebook.com\/OrganisatorFachmagazin","article_published_time":"2026-02-18T10:30:29+00:00","og_image":[{"width":1400,"height":787,"url":"https:\/\/www.organisator.ch\/wp-content\/uploads\/2026\/02\/GP_Bildschirm-Leitstand_Montage_c_Gorodenkoff_shutterstock_782843011-scaled.png","type":"image\/png"}],"author":"n8n","twitter_card":"summary_large_image","twitter_title":"Dualis erweitert #Ganttplan um #ERP-Anbindung an Microsoft Dynamics 365","twitter_description":"Dualis erweitert APS-System #Ganttplan um eine #ERP-Anbindung zu Microsoft Dynamics 365 Business Central f\u00fcr durchg\u00e4ngige Produktionsplanung.","twitter_image":"https:\/\/www.organisator.ch\/wp-content\/uploads\/2026\/02\/GP_Bildschirm-Leitstand_Montage_c_Gorodenkoff_shutterstock_782843011-scaled.png","schema":{"@context":"https:\/\/schema.org","@graph":[{"@type":"Article","@id":"https:\/\/www.organisator.ch\/operational-excellence\/2026-02-18\/dualis-erweitert-ganttplan-um-erp-anbindung-an-microsoft-dynamics-365\/#article","isPartOf":{"@id":"https:\/\/www.organisator.ch\/operational-excellence\/2026-02-18\/dualis-erweitert-ganttplan-um-erp-anbindung-an-microsoft-dynamics-365\/"},"author":{"name":"n8n","@id":"https:\/\/www.organisator.ch\/#\/schema\/person\/a9d0e0eff238db87a8f840f3b50359f0"},"headline":"Dualis erweitert Ganttplan um ERP-Anbindung an Microsoft Dynamics 365","datePublished":"2026-02-18T10:30:29+00:00","mainEntityOfPage":{"@id":"https:\/\/www.organisator.ch\/operational-excellence\/2026-02-18\/dualis-erweitert-ganttplan-um-erp-anbindung-an-microsoft-dynamics-365\/"},"wordCount":533,"publisher":{"@id":"https:\/\/www.organisator.ch\/#organization"},"image":{"@id":"https:\/\/www.organisator.ch\/operational-excellence\/2026-02-18\/dualis-erweitert-ganttplan-um-erp-anbindung-an-microsoft-dynamics-365\/#primaryimage"},"thumbnailUrl":"https:\/\/www.organisator.ch\/wp-content\/uploads\/2026\/02\/GP_Bildschirm-Leitstand_Montage_c_Gorodenkoff_shutterstock_782843011-scaled.png","keywords":["ERP-Systeme","IT\u2009&amp;\u2009Business Software","Produkte"],"articleSection":["OPERATIONAL EXCELLENCE"],"inLanguage":"fr-FR"},{"@type":"WebPage","@id":"https:\/\/www.organisator.ch\/operational-excellence\/2026-02-18\/dualis-erweitert-ganttplan-um-erp-anbindung-an-microsoft-dynamics-365\/","url":"https:\/\/www.organisator.ch\/operational-excellence\/2026-02-18\/dualis-erweitert-ganttplan-um-erp-anbindung-an-microsoft-dynamics-365\/","name":"Dualis \u00e9tend le Ganttplan avec une connexion ERP \u00e0 Microsoft Dynamics 365 - Organisator","isPartOf":{"@id":"https:\/\/www.organisator.ch\/#website"},"primaryImageOfPage":{"@id":"https:\/\/www.organisator.ch\/operational-excellence\/2026-02-18\/dualis-erweitert-ganttplan-um-erp-anbindung-an-microsoft-dynamics-365\/#primaryimage"},"image":{"@id":"https:\/\/www.organisator.ch\/operational-excellence\/2026-02-18\/dualis-erweitert-ganttplan-um-erp-anbindung-an-microsoft-dynamics-365\/#primaryimage"},"thumbnailUrl":"https:\/\/www.organisator.ch\/wp-content\/uploads\/2026\/02\/GP_Bildschirm-Leitstand_Montage_c_Gorodenkoff_shutterstock_782843011-scaled.png","datePublished":"2026-02-18T10:30:29+00:00","description":"Dualis \u00e9tend le syst\u00e8me APS Ganttplan avec une connexion ERP \u00e0 Microsoft Dynamics 365 Business Central pour une planification de la production de bout en bout.","breadcrumb":{"@id":"https:\/\/www.organisator.ch\/operational-excellence\/2026-02-18\/dualis-erweitert-ganttplan-um-erp-anbindung-an-microsoft-dynamics-365\/#breadcrumb"},"inLanguage":"fr-FR","potentialAction":[{"@type":"ReadAction","target":["https:\/\/www.organisator.ch\/operational-excellence\/2026-02-18\/dualis-erweitert-ganttplan-um-erp-anbindung-an-microsoft-dynamics-365\/"]}]},{"@type":"ImageObject","inLanguage":"fr-FR","@id":"https:\/\/www.organisator.ch\/operational-excellence\/2026-02-18\/dualis-erweitert-ganttplan-um-erp-anbindung-an-microsoft-dynamics-365\/#primaryimage","url":"https:\/\/www.organisator.ch\/wp-content\/uploads\/2026\/02\/GP_Bildschirm-Leitstand_Montage_c_Gorodenkoff_shutterstock_782843011-scaled.png","contentUrl":"https:\/\/www.organisator.ch\/wp-content\/uploads\/2026\/02\/GP_Bildschirm-Leitstand_Montage_c_Gorodenkoff_shutterstock_782843011-scaled.png","width":1400,"height":787},{"@type":"BreadcrumbList","@id":"https:\/\/www.organisator.ch\/operational-excellence\/2026-02-18\/dualis-erweitert-ganttplan-um-erp-anbindung-an-microsoft-dynamics-365\/#breadcrumb","itemListElement":[{"@type":"ListItem","position":1,"name":"Home","item":"https:\/\/www.organisator.ch\/"},{"@type":"ListItem","position":2,"name":"Dualis erweitert Ganttplan um ERP-Anbindung an Microsoft Dynamics 365"}]},{"@type":"WebSite","@id":"https:\/\/www.organisator.ch\/#website","url":"https:\/\/www.organisator.ch\/","name":"Organisateur","description":"Comp\u00e9tence et comp\u00e9tence. Proches de la pratique. L'ORGANISATEUR pr\u00e9pare 10 num\u00e9ros par an sur les th\u00e8mes essentiels pour les dirigeants de PME.","publisher":{"@id":"https:\/\/www.organisator.ch\/#organization"},"potentialAction":[{"@type":"SearchAction","target":{"@type":"EntryPoint","urlTemplate":"https:\/\/www.organisator.ch\/?s={search_term_string}"},"query-input":{"@type":"PropertyValueSpecification","valueRequired":true,"valueName":"search_term_string"}}],"inLanguage":"fr-FR"},{"@type":"Organization","@id":"https:\/\/www.organisator.ch\/#organization","name":"Organisateur","url":"https:\/\/www.organisator.ch\/","logo":{"@type":"ImageObject","inLanguage":"fr-FR","@id":"https:\/\/www.organisator.ch\/#\/schema\/logo\/image\/","url":"https:\/\/www.organisator.ch\/wp-content\/uploads\/2022\/01\/Logo_Organisator_Website.png","contentUrl":"https:\/\/www.organisator.ch\/wp-content\/uploads\/2022\/01\/Logo_Organisator_Website.png","width":800,"height":77,"caption":"Organisator"},"image":{"@id":"https:\/\/www.organisator.ch\/#\/schema\/logo\/image\/"},"sameAs":["https:\/\/www.facebook.com\/OrganisatorFachmagazin","https:\/\/www.linkedin.com\/showcase\/organisator-das-magazin-fr-kmu","https:\/\/www.xing.com\/news\/pages\/organisator-ch-695","https:\/\/www.youtube.com\/channel\/UCGP2Sq0iWaZwT3BdIAQFYpw"]},{"@type":"Person","@id":"https:\/\/www.organisator.ch\/#\/schema\/person\/a9d0e0eff238db87a8f840f3b50359f0","name":"n8n","image":{"@type":"ImageObject","inLanguage":"fr-FR","@id":"https:\/\/secure.gravatar.com\/avatar\/5368fb9d03fd415a6f335cece4c15af2502d6ca8651efbd6e8f98427a9795400?s=96&d=mm&r=g","url":"https:\/\/secure.gravatar.com\/avatar\/5368fb9d03fd415a6f335cece4c15af2502d6ca8651efbd6e8f98427a9795400?s=96&d=mm&r=g","contentUrl":"https:\/\/secure.gravatar.com\/avatar\/5368fb9d03fd415a6f335cece4c15af2502d6ca8651efbd6e8f98427a9795400?s=96&d=mm&r=g","caption":"n8n"},"url":"https:\/\/www.organisator.ch\/fr\/author\/n8n\/"}]}},"_links":{"self":[{"href":"https:\/\/www.organisator.ch\/fr\/wp-json\/wp\/v2\/posts\/44755","targetHints":{"allow":["GET"]}}],"collection":[{"href":"https:\/\/www.organisator.ch\/fr\/wp-json\/wp\/v2\/posts"}],"about":[{"href":"https:\/\/www.organisator.ch\/fr\/wp-json\/wp\/v2\/types\/post"}],"author":[{"embeddable":true,"href":"https:\/\/www.organisator.ch\/fr\/wp-json\/wp\/v2\/users\/107"}],"replies":[{"embeddable":true,"href":"https:\/\/www.organisator.ch\/fr\/wp-json\/wp\/v2\/comments?post=44755"}],"version-history":[{"count":5,"href":"https:\/\/www.organisator.ch\/fr\/wp-json\/wp\/v2\/posts\/44755\/revisions"}],"predecessor-version":[{"id":44886,"href":"https:\/\/www.organisator.ch\/fr\/wp-json\/wp\/v2\/posts\/44755\/revisions\/44886"}],"wp:featuredmedia":[{"embeddable":true,"href":"https:\/\/www.organisator.ch\/fr\/wp-json\/wp\/v2\/media\/44754"}],"wp:attachment":[{"href":"https:\/\/www.organisator.ch\/fr\/wp-json\/wp\/v2\/media?parent=44755"}],"wp:term":[{"taxonomy":"category","embeddable":true,"href":"https:\/\/www.organisator.ch\/fr\/wp-json\/wp\/v2\/categories?post=44755"},{"taxonomy":"post_tag","embeddable":true,"href":"https:\/\/www.organisator.ch\/fr\/wp-json\/wp\/v2\/tags?post=44755"}],"curies":[{"name":"wp","href":"https:\/\/api.w.org\/{rel}","templated":true}]}}