{"id":44771,"date":"2026-02-19T07:43:27","date_gmt":"2026-02-19T06:43:27","guid":{"rendered":"https:\/\/www.organisator.ch\/de\/?p=44771"},"modified":"2026-02-18T16:48:00","modified_gmt":"2026-02-18T15:48:00","slug":"hr-festival-europe-2026-leuthard-lobo-und-martin-als-keynote-speaker","status":"publish","type":"post","link":"https:\/\/www.organisator.ch\/fr\/human-resources\/2026-02-19\/hr-festival-europe-2026-leuthard-lobo-und-martin-als-keynote-speaker\/","title":{"rendered":"HR Festival Europe 2026 : Leuthard, Lobo et Martin en tant que keynote speakers"},"content":{"rendered":"<figure id=\"attachment_44767\" aria-describedby=\"caption-attachment-44767\" style=\"width: 680px\" class=\"wp-caption alignnone\"><img loading=\"lazy\" decoding=\"async\" class=\"wp-image-44767 size-medium\" src=\"https:\/\/www.organisator.ch\/wp-content\/uploads\/2026\/02\/5a075085-b333-d872-94c4-b68107108909-680x227.jpg\" alt=\"\" width=\"680\" height=\"227\" srcset=\"https:\/\/www.organisator.ch\/wp-content\/uploads\/2026\/02\/5a075085-b333-d872-94c4-b68107108909-680x227.jpg 680w, https:\/\/www.organisator.ch\/wp-content\/uploads\/2026\/02\/5a075085-b333-d872-94c4-b68107108909-18x6.jpg 18w, https:\/\/www.organisator.ch\/wp-content\/uploads\/2026\/02\/5a075085-b333-d872-94c4-b68107108909-375x125.jpg 375w, https:\/\/www.organisator.ch\/wp-content\/uploads\/2026\/02\/5a075085-b333-d872-94c4-b68107108909.jpg 719w\" sizes=\"auto, (max-width: 680px) 100vw, 680px\" \/><figcaption id=\"caption-attachment-44767\" class=\"wp-caption-text\">Sascha Lobo, expert en num\u00e9risation et en IA, donne une conf\u00e9rence sur l'IA et l'avenir des RH. Source : zvg<\/figcaption><\/figure>\n<p>Le HR Festival Europe ouvrira ses portes dans un peu plus d'un mois. Les 24 et 25 mars 2026, les professionnels des RH et l'ensemble de la communaut\u00e9 RH suisse se retrouveront \u00e0 la Foire de Zurich. Avec plus de 6000 visiteurs et plus de 170 exposants innovants, l'\u00e9v\u00e9nement s'est impos\u00e9 comme le rendez-vous incontournable de la branche.<\/p>\n<h3>Des keynotes de haut niveau<\/h3>\n<p>Trois personnalit\u00e9s exceptionnelles occuperont cette ann\u00e9e la sc\u00e8ne principale. C'est Doris Leuthard qui ouvrira le bal le mardi 24 mars \u00e0 9h15. L'ancienne pr\u00e9sidente de la Conf\u00e9d\u00e9ration, avocate et vice-pr\u00e9sidente du groupe Coop s'exprimera sur le th\u00e8me \u00abAssumer ses responsabilit\u00e9s, fa\u00e7onner l'avenir - une perspective de leadership\u00bb.<\/p>\n<p>Le m\u00eame jour, Sascha Lobo, expert en num\u00e9risation et en IA, auteur et h\u00f4te de podcast, suivra \u00e0 14h15. Il se consacrera \u00e0 la question \u00abComment l'IA change le monde et ce que cela signifie pour l'avenir des RH\u00bb. Le mercredi 25 mars, \u00e0 9h15, Leo Martin prendra le relais. L'ex-agent secret, criminologue et auteur de best-sellers pour le magazine Spiegel donnera une conf\u00e9rence sur \u00abL'arme secr\u00e8te de la confiance - L'art de gagner les gens\u00bb.<\/p>\n<p>Aucune inscription suppl\u00e9mentaire n'est n\u00e9cessaire pour assister aux keynotes. Toutes les keynotes et les panels de la Main Stage seront traduits simultan\u00e9ment en allemand, fran\u00e7ais et anglais.<\/p>\n<h3>Swiss HR Award avec des pitchs en direct<\/h3>\n<p>L'un des points forts du festival sera la remise du Swiss HR Award 2026. Un jury sp\u00e9cialis\u00e9 de haut niveau, compos\u00e9 de plus de 20 experts, a nomin\u00e9 dix projets exceptionnels pour la shortlist dans les cat\u00e9gories Attracting Talents, Retaining Talents, Start-Up, Wild Card et Think Tank. Les projets finaux seront pr\u00e9sent\u00e9s le mercredi 25 mars \u00e0 15h00 lors de courts pitchs en direct. Ensuite, le public d\u00e9cidera des projets gagnants.<\/p>\n<p><em>Pour plus d'informations et un aper\u00e7u du programme, voir le <a href=\"https:\/\/www.hrfestival.ch\" target=\"_blank\" rel=\"noopener\">Site web du HR Festival Europe<\/a>.<\/em><\/p>","protected":false},"excerpt":{"rendered":"<p>Le HR Festival Europe aura lieu les 24 et 25 mars 2026 \u00e0 Messe Z\u00fcrich. Plus de 6000 visiteurs et plus de 170 exposants sont attendus. Avec Doris Leuthard, Sascha Lobo et Leo Martin, trois keynote speakers de haut niveau se produiront sur sc\u00e8ne.<\/p>","protected":false},"author":107,"featured_media":44767,"comment_status":"closed","ping_status":"closed","sticky":false,"template":"","format":"standard","meta":{"_acf_changed":false,"_yoast_wpseo_focuskw":"HR Festival Europe 2026","_yoast_wpseo_metadesc":"HR Festival Europe am 24.\/25. M\u00e4rz 2026: \u00dcber 6000 Besuchende, 170 Ausstellende und Keynotes von Doris Leuthard, Sascha Lobo und Leo Martin.","articlekey":"","footnotes":""},"categories":[579],"tags":[66,193,254],"class_list":["post-44771","post","type-post","status-publish","format-standard","has-post-thumbnail","hentry","category-human-resources","tag-awards","tag-fachkongressfachmesse","tag-hrm"],"acf":[],"yoast_head":"<!-- This site is optimized with the Yoast SEO plugin v27.5 - https:\/\/yoast.com\/product\/yoast-seo-wordpress\/ -->\n<title>HR Festival Europe 2026: Leuthard, Lobo und Martin als Keynote-Speaker - Organisator<\/title>\n<meta name=\"description\" content=\"HR Festival Europe am 24.\/25. M\u00e4rz 2026: \u00dcber 6000 Besuchende, 170 Ausstellende und Keynotes von Doris Leuthard, Sascha Lobo und Leo Martin.\" \/>\n<meta name=\"robots\" content=\"index, follow, max-snippet:-1, max-image-preview:large, max-video-preview:-1\" \/>\n<link rel=\"canonical\" href=\"https:\/\/www.organisator.ch\/fr\/ressources-humaines\/2026-02-19\/hr-festival-europe-2026-leuthard-lobo-und-martin-als-keynote-speaker\/\" \/>\n<meta property=\"og:locale\" content=\"fr_FR\" \/>\n<meta property=\"og:type\" content=\"article\" \/>\n<meta property=\"og:title\" content=\"HR Festival Europe 2026: Leuthard, Lobo und Martin als Keynote-Speaker\" \/>\n<meta property=\"og:description\" content=\"HR Festival Europe am 24.\/25. M\u00e4rz 2026: \u00dcber 6000 Besuchende, 170 Ausstellende und Keynotes von Doris Leuthard, Sascha Lobo und Leo Martin.\" \/>\n<meta property=\"og:url\" content=\"https:\/\/www.organisator.ch\/fr\/ressources-humaines\/2026-02-19\/hr-festival-europe-2026-leuthard-lobo-und-martin-als-keynote-speaker\/\" \/>\n<meta property=\"og:site_name\" content=\"Organisator\" \/>\n<meta property=\"article:publisher\" content=\"https:\/\/www.facebook.com\/OrganisatorFachmagazin\" \/>\n<meta property=\"article:published_time\" content=\"2026-02-19T06:43:27+00:00\" \/>\n<meta property=\"og:image\" content=\"https:\/\/www.organisator.ch\/wp-content\/uploads\/2026\/02\/5a075085-b333-d872-94c4-b68107108909.jpg\" \/>\n\t<meta property=\"og:image:width\" content=\"719\" \/>\n\t<meta property=\"og:image:height\" content=\"240\" \/>\n\t<meta property=\"og:image:type\" content=\"image\/jpeg\" \/>\n<meta name=\"author\" content=\"n8n\" \/>\n<meta name=\"twitter:card\" content=\"summary_large_image\" \/>\n<meta name=\"twitter:title\" content=\"HR Festival Europe 2026: #Leuthard, #Lobo und #Martin als #Keynote-Speaker\" \/>\n<meta name=\"twitter:description\" content=\"HR Festival Europe am 24.\/25. M\u00e4rz 2026: \u00dcber 6000 Besuchende, 170 Ausstellende und #Keynotes von Doris Leuthard, Sascha Lobo und Leo Martin.\" \/>\n<meta name=\"twitter:image\" content=\"https:\/\/www.organisator.ch\/wp-content\/uploads\/2026\/02\/5a075085-b333-d872-94c4-b68107108909.jpg\" \/>\n<script type=\"application\/ld+json\" class=\"yoast-schema-graph\">{\"@context\":\"https:\\\/\\\/schema.org\",\"@graph\":[{\"@type\":\"Article\",\"@id\":\"https:\\\/\\\/www.organisator.ch\\\/human-resources\\\/2026-02-19\\\/hr-festival-europe-2026-leuthard-lobo-und-martin-als-keynote-speaker\\\/#article\",\"isPartOf\":{\"@id\":\"https:\\\/\\\/www.organisator.ch\\\/human-resources\\\/2026-02-19\\\/hr-festival-europe-2026-leuthard-lobo-und-martin-als-keynote-speaker\\\/\"},\"author\":{\"name\":\"n8n\",\"@id\":\"https:\\\/\\\/www.organisator.ch\\\/#\\\/schema\\\/person\\\/a9d0e0eff238db87a8f840f3b50359f0\"},\"headline\":\"HR Festival Europe 2026: Leuthard, Lobo und Martin als Keynote-Speaker\",\"datePublished\":\"2026-02-19T06:43:27+00:00\",\"mainEntityOfPage\":{\"@id\":\"https:\\\/\\\/www.organisator.ch\\\/human-resources\\\/2026-02-19\\\/hr-festival-europe-2026-leuthard-lobo-und-martin-als-keynote-speaker\\\/\"},\"wordCount\":302,\"publisher\":{\"@id\":\"https:\\\/\\\/www.organisator.ch\\\/#organization\"},\"image\":{\"@id\":\"https:\\\/\\\/www.organisator.ch\\\/human-resources\\\/2026-02-19\\\/hr-festival-europe-2026-leuthard-lobo-und-martin-als-keynote-speaker\\\/#primaryimage\"},\"thumbnailUrl\":\"https:\\\/\\\/www.organisator.ch\\\/wp-content\\\/uploads\\\/2026\\\/02\\\/5a075085-b333-d872-94c4-b68107108909.jpg\",\"keywords\":[\"Awards\",\"Fachkongress\\\/Fachmesse\",\"HRM\"],\"articleSection\":[\"HUMAN RESOURCES\"],\"inLanguage\":\"fr-FR\"},{\"@type\":\"WebPage\",\"@id\":\"https:\\\/\\\/www.organisator.ch\\\/human-resources\\\/2026-02-19\\\/hr-festival-europe-2026-leuthard-lobo-und-martin-als-keynote-speaker\\\/\",\"url\":\"https:\\\/\\\/www.organisator.ch\\\/human-resources\\\/2026-02-19\\\/hr-festival-europe-2026-leuthard-lobo-und-martin-als-keynote-speaker\\\/\",\"name\":\"HR Festival Europe 2026: Leuthard, Lobo und Martin als Keynote-Speaker - Organisator\",\"isPartOf\":{\"@id\":\"https:\\\/\\\/www.organisator.ch\\\/#website\"},\"primaryImageOfPage\":{\"@id\":\"https:\\\/\\\/www.organisator.ch\\\/human-resources\\\/2026-02-19\\\/hr-festival-europe-2026-leuthard-lobo-und-martin-als-keynote-speaker\\\/#primaryimage\"},\"image\":{\"@id\":\"https:\\\/\\\/www.organisator.ch\\\/human-resources\\\/2026-02-19\\\/hr-festival-europe-2026-leuthard-lobo-und-martin-als-keynote-speaker\\\/#primaryimage\"},\"thumbnailUrl\":\"https:\\\/\\\/www.organisator.ch\\\/wp-content\\\/uploads\\\/2026\\\/02\\\/5a075085-b333-d872-94c4-b68107108909.jpg\",\"datePublished\":\"2026-02-19T06:43:27+00:00\",\"description\":\"HR Festival Europe am 24.\\\/25. M\u00e4rz 2026: \u00dcber 6000 Besuchende, 170 Ausstellende und Keynotes von Doris Leuthard, Sascha Lobo und Leo Martin.\",\"breadcrumb\":{\"@id\":\"https:\\\/\\\/www.organisator.ch\\\/human-resources\\\/2026-02-19\\\/hr-festival-europe-2026-leuthard-lobo-und-martin-als-keynote-speaker\\\/#breadcrumb\"},\"inLanguage\":\"fr-FR\",\"potentialAction\":[{\"@type\":\"ReadAction\",\"target\":[\"https:\\\/\\\/www.organisator.ch\\\/human-resources\\\/2026-02-19\\\/hr-festival-europe-2026-leuthard-lobo-und-martin-als-keynote-speaker\\\/\"]}]},{\"@type\":\"ImageObject\",\"inLanguage\":\"fr-FR\",\"@id\":\"https:\\\/\\\/www.organisator.ch\\\/human-resources\\\/2026-02-19\\\/hr-festival-europe-2026-leuthard-lobo-und-martin-als-keynote-speaker\\\/#primaryimage\",\"url\":\"https:\\\/\\\/www.organisator.ch\\\/wp-content\\\/uploads\\\/2026\\\/02\\\/5a075085-b333-d872-94c4-b68107108909.jpg\",\"contentUrl\":\"https:\\\/\\\/www.organisator.ch\\\/wp-content\\\/uploads\\\/2026\\\/02\\\/5a075085-b333-d872-94c4-b68107108909.jpg\",\"width\":719,\"height\":240},{\"@type\":\"BreadcrumbList\",\"@id\":\"https:\\\/\\\/www.organisator.ch\\\/human-resources\\\/2026-02-19\\\/hr-festival-europe-2026-leuthard-lobo-und-martin-als-keynote-speaker\\\/#breadcrumb\",\"itemListElement\":[{\"@type\":\"ListItem\",\"position\":1,\"name\":\"Home\",\"item\":\"https:\\\/\\\/www.organisator.ch\\\/\"},{\"@type\":\"ListItem\",\"position\":2,\"name\":\"HR Festival Europe 2026: Leuthard, Lobo und Martin als Keynote-Speaker\"}]},{\"@type\":\"WebSite\",\"@id\":\"https:\\\/\\\/www.organisator.ch\\\/#website\",\"url\":\"https:\\\/\\\/www.organisator.ch\\\/\",\"name\":\"Organisator\",\"description\":\"Kompetent. Praxisnah. Der ORGANISATOR bereitet in 10 Ausgaben pro Jahr die wesentlichen Themen f\u00fcr F\u00fchrungskr\u00e4fte von KMU auf.\",\"publisher\":{\"@id\":\"https:\\\/\\\/www.organisator.ch\\\/#organization\"},\"potentialAction\":[{\"@type\":\"SearchAction\",\"target\":{\"@type\":\"EntryPoint\",\"urlTemplate\":\"https:\\\/\\\/www.organisator.ch\\\/?s={search_term_string}\"},\"query-input\":{\"@type\":\"PropertyValueSpecification\",\"valueRequired\":true,\"valueName\":\"search_term_string\"}}],\"inLanguage\":\"fr-FR\"},{\"@type\":\"Organization\",\"@id\":\"https:\\\/\\\/www.organisator.ch\\\/#organization\",\"name\":\"Organisator\",\"url\":\"https:\\\/\\\/www.organisator.ch\\\/\",\"logo\":{\"@type\":\"ImageObject\",\"inLanguage\":\"fr-FR\",\"@id\":\"https:\\\/\\\/www.organisator.ch\\\/#\\\/schema\\\/logo\\\/image\\\/\",\"url\":\"https:\\\/\\\/www.organisator.ch\\\/wp-content\\\/uploads\\\/2022\\\/01\\\/Logo_Organisator_Website.png\",\"contentUrl\":\"https:\\\/\\\/www.organisator.ch\\\/wp-content\\\/uploads\\\/2022\\\/01\\\/Logo_Organisator_Website.png\",\"width\":800,\"height\":77,\"caption\":\"Organisator\"},\"image\":{\"@id\":\"https:\\\/\\\/www.organisator.ch\\\/#\\\/schema\\\/logo\\\/image\\\/\"},\"sameAs\":[\"https:\\\/\\\/www.facebook.com\\\/OrganisatorFachmagazin\",\"https:\\\/\\\/www.linkedin.com\\\/showcase\\\/organisator-das-magazin-fr-kmu\",\"https:\\\/\\\/www.xing.com\\\/news\\\/pages\\\/organisator-ch-695\",\"https:\\\/\\\/www.youtube.com\\\/channel\\\/UCGP2Sq0iWaZwT3BdIAQFYpw\"]},{\"@type\":\"Person\",\"@id\":\"https:\\\/\\\/www.organisator.ch\\\/#\\\/schema\\\/person\\\/a9d0e0eff238db87a8f840f3b50359f0\",\"name\":\"n8n\",\"image\":{\"@type\":\"ImageObject\",\"inLanguage\":\"fr-FR\",\"@id\":\"https:\\\/\\\/secure.gravatar.com\\\/avatar\\\/5368fb9d03fd415a6f335cece4c15af2502d6ca8651efbd6e8f98427a9795400?s=96&d=mm&r=g\",\"url\":\"https:\\\/\\\/secure.gravatar.com\\\/avatar\\\/5368fb9d03fd415a6f335cece4c15af2502d6ca8651efbd6e8f98427a9795400?s=96&d=mm&r=g\",\"contentUrl\":\"https:\\\/\\\/secure.gravatar.com\\\/avatar\\\/5368fb9d03fd415a6f335cece4c15af2502d6ca8651efbd6e8f98427a9795400?s=96&d=mm&r=g\",\"caption\":\"n8n\"},\"url\":\"https:\\\/\\\/www.organisator.ch\\\/fr\\\/author\\\/n8n\\\/\"}]}<\/script>\n<!-- \/ Yoast SEO plugin. -->","yoast_head_json":{"title":"HR Festival Europe 2026 : Leuthard, Lobo et Martin comme orateurs principaux - Organisateur","description":"HR Festival Europe les 24 et 25 mars 2026 : Plus de 6000 visiteurs, 170 exposants et des keynotes de Doris Leuthard, Sascha Lobo et Leo Martin.","robots":{"index":"index","follow":"follow","max-snippet":"max-snippet:-1","max-image-preview":"max-image-preview:large","max-video-preview":"max-video-preview:-1"},"canonical":"https:\/\/www.organisator.ch\/fr\/ressources-humaines\/2026-02-19\/hr-festival-europe-2026-leuthard-lobo-und-martin-als-keynote-speaker\/","og_locale":"fr_FR","og_type":"article","og_title":"HR Festival Europe 2026: Leuthard, Lobo und Martin als Keynote-Speaker","og_description":"HR Festival Europe am 24.\/25. M\u00e4rz 2026: \u00dcber 6000 Besuchende, 170 Ausstellende und Keynotes von Doris Leuthard, Sascha Lobo und Leo Martin.","og_url":"https:\/\/www.organisator.ch\/fr\/ressources-humaines\/2026-02-19\/hr-festival-europe-2026-leuthard-lobo-und-martin-als-keynote-speaker\/","og_site_name":"Organisator","article_publisher":"https:\/\/www.facebook.com\/OrganisatorFachmagazin","article_published_time":"2026-02-19T06:43:27+00:00","og_image":[{"width":719,"height":240,"url":"https:\/\/www.organisator.ch\/wp-content\/uploads\/2026\/02\/5a075085-b333-d872-94c4-b68107108909.jpg","type":"image\/jpeg"}],"author":"n8n","twitter_card":"summary_large_image","twitter_title":"HR Festival Europe 2026: #Leuthard, #Lobo und #Martin als #Keynote-Speaker","twitter_description":"HR Festival Europe am 24.\/25. M\u00e4rz 2026: \u00dcber 6000 Besuchende, 170 Ausstellende und #Keynotes von Doris Leuthard, Sascha Lobo und Leo Martin.","twitter_image":"https:\/\/www.organisator.ch\/wp-content\/uploads\/2026\/02\/5a075085-b333-d872-94c4-b68107108909.jpg","schema":{"@context":"https:\/\/schema.org","@graph":[{"@type":"Article","@id":"https:\/\/www.organisator.ch\/human-resources\/2026-02-19\/hr-festival-europe-2026-leuthard-lobo-und-martin-als-keynote-speaker\/#article","isPartOf":{"@id":"https:\/\/www.organisator.ch\/human-resources\/2026-02-19\/hr-festival-europe-2026-leuthard-lobo-und-martin-als-keynote-speaker\/"},"author":{"name":"n8n","@id":"https:\/\/www.organisator.ch\/#\/schema\/person\/a9d0e0eff238db87a8f840f3b50359f0"},"headline":"HR Festival Europe 2026: Leuthard, Lobo und Martin als Keynote-Speaker","datePublished":"2026-02-19T06:43:27+00:00","mainEntityOfPage":{"@id":"https:\/\/www.organisator.ch\/human-resources\/2026-02-19\/hr-festival-europe-2026-leuthard-lobo-und-martin-als-keynote-speaker\/"},"wordCount":302,"publisher":{"@id":"https:\/\/www.organisator.ch\/#organization"},"image":{"@id":"https:\/\/www.organisator.ch\/human-resources\/2026-02-19\/hr-festival-europe-2026-leuthard-lobo-und-martin-als-keynote-speaker\/#primaryimage"},"thumbnailUrl":"https:\/\/www.organisator.ch\/wp-content\/uploads\/2026\/02\/5a075085-b333-d872-94c4-b68107108909.jpg","keywords":["Awards","Fachkongress\/Fachmesse","HRM"],"articleSection":["HUMAN RESOURCES"],"inLanguage":"fr-FR"},{"@type":"WebPage","@id":"https:\/\/www.organisator.ch\/human-resources\/2026-02-19\/hr-festival-europe-2026-leuthard-lobo-und-martin-als-keynote-speaker\/","url":"https:\/\/www.organisator.ch\/human-resources\/2026-02-19\/hr-festival-europe-2026-leuthard-lobo-und-martin-als-keynote-speaker\/","name":"HR Festival Europe 2026 : Leuthard, Lobo et Martin comme orateurs principaux - Organisateur","isPartOf":{"@id":"https:\/\/www.organisator.ch\/#website"},"primaryImageOfPage":{"@id":"https:\/\/www.organisator.ch\/human-resources\/2026-02-19\/hr-festival-europe-2026-leuthard-lobo-und-martin-als-keynote-speaker\/#primaryimage"},"image":{"@id":"https:\/\/www.organisator.ch\/human-resources\/2026-02-19\/hr-festival-europe-2026-leuthard-lobo-und-martin-als-keynote-speaker\/#primaryimage"},"thumbnailUrl":"https:\/\/www.organisator.ch\/wp-content\/uploads\/2026\/02\/5a075085-b333-d872-94c4-b68107108909.jpg","datePublished":"2026-02-19T06:43:27+00:00","description":"HR Festival Europe les 24 et 25 mars 2026 : Plus de 6000 visiteurs, 170 exposants et des keynotes de Doris Leuthard, Sascha Lobo et Leo Martin.","breadcrumb":{"@id":"https:\/\/www.organisator.ch\/human-resources\/2026-02-19\/hr-festival-europe-2026-leuthard-lobo-und-martin-als-keynote-speaker\/#breadcrumb"},"inLanguage":"fr-FR","potentialAction":[{"@type":"ReadAction","target":["https:\/\/www.organisator.ch\/human-resources\/2026-02-19\/hr-festival-europe-2026-leuthard-lobo-und-martin-als-keynote-speaker\/"]}]},{"@type":"ImageObject","inLanguage":"fr-FR","@id":"https:\/\/www.organisator.ch\/human-resources\/2026-02-19\/hr-festival-europe-2026-leuthard-lobo-und-martin-als-keynote-speaker\/#primaryimage","url":"https:\/\/www.organisator.ch\/wp-content\/uploads\/2026\/02\/5a075085-b333-d872-94c4-b68107108909.jpg","contentUrl":"https:\/\/www.organisator.ch\/wp-content\/uploads\/2026\/02\/5a075085-b333-d872-94c4-b68107108909.jpg","width":719,"height":240},{"@type":"BreadcrumbList","@id":"https:\/\/www.organisator.ch\/human-resources\/2026-02-19\/hr-festival-europe-2026-leuthard-lobo-und-martin-als-keynote-speaker\/#breadcrumb","itemListElement":[{"@type":"ListItem","position":1,"name":"Home","item":"https:\/\/www.organisator.ch\/"},{"@type":"ListItem","position":2,"name":"HR Festival Europe 2026: Leuthard, Lobo und Martin als Keynote-Speaker"}]},{"@type":"WebSite","@id":"https:\/\/www.organisator.ch\/#website","url":"https:\/\/www.organisator.ch\/","name":"Organisateur","description":"Comp\u00e9tence et comp\u00e9tence. Proches de la pratique. L'ORGANISATEUR pr\u00e9pare 10 num\u00e9ros par an sur les th\u00e8mes essentiels pour les dirigeants de PME.","publisher":{"@id":"https:\/\/www.organisator.ch\/#organization"},"potentialAction":[{"@type":"SearchAction","target":{"@type":"EntryPoint","urlTemplate":"https:\/\/www.organisator.ch\/?s={search_term_string}"},"query-input":{"@type":"PropertyValueSpecification","valueRequired":true,"valueName":"search_term_string"}}],"inLanguage":"fr-FR"},{"@type":"Organization","@id":"https:\/\/www.organisator.ch\/#organization","name":"Organisateur","url":"https:\/\/www.organisator.ch\/","logo":{"@type":"ImageObject","inLanguage":"fr-FR","@id":"https:\/\/www.organisator.ch\/#\/schema\/logo\/image\/","url":"https:\/\/www.organisator.ch\/wp-content\/uploads\/2022\/01\/Logo_Organisator_Website.png","contentUrl":"https:\/\/www.organisator.ch\/wp-content\/uploads\/2022\/01\/Logo_Organisator_Website.png","width":800,"height":77,"caption":"Organisator"},"image":{"@id":"https:\/\/www.organisator.ch\/#\/schema\/logo\/image\/"},"sameAs":["https:\/\/www.facebook.com\/OrganisatorFachmagazin","https:\/\/www.linkedin.com\/showcase\/organisator-das-magazin-fr-kmu","https:\/\/www.xing.com\/news\/pages\/organisator-ch-695","https:\/\/www.youtube.com\/channel\/UCGP2Sq0iWaZwT3BdIAQFYpw"]},{"@type":"Person","@id":"https:\/\/www.organisator.ch\/#\/schema\/person\/a9d0e0eff238db87a8f840f3b50359f0","name":"n8n","image":{"@type":"ImageObject","inLanguage":"fr-FR","@id":"https:\/\/secure.gravatar.com\/avatar\/5368fb9d03fd415a6f335cece4c15af2502d6ca8651efbd6e8f98427a9795400?s=96&d=mm&r=g","url":"https:\/\/secure.gravatar.com\/avatar\/5368fb9d03fd415a6f335cece4c15af2502d6ca8651efbd6e8f98427a9795400?s=96&d=mm&r=g","contentUrl":"https:\/\/secure.gravatar.com\/avatar\/5368fb9d03fd415a6f335cece4c15af2502d6ca8651efbd6e8f98427a9795400?s=96&d=mm&r=g","caption":"n8n"},"url":"https:\/\/www.organisator.ch\/fr\/author\/n8n\/"}]}},"_links":{"self":[{"href":"https:\/\/www.organisator.ch\/fr\/wp-json\/wp\/v2\/posts\/44771","targetHints":{"allow":["GET"]}}],"collection":[{"href":"https:\/\/www.organisator.ch\/fr\/wp-json\/wp\/v2\/posts"}],"about":[{"href":"https:\/\/www.organisator.ch\/fr\/wp-json\/wp\/v2\/types\/post"}],"author":[{"embeddable":true,"href":"https:\/\/www.organisator.ch\/fr\/wp-json\/wp\/v2\/users\/107"}],"replies":[{"embeddable":true,"href":"https:\/\/www.organisator.ch\/fr\/wp-json\/wp\/v2\/comments?post=44771"}],"version-history":[{"count":4,"href":"https:\/\/www.organisator.ch\/fr\/wp-json\/wp\/v2\/posts\/44771\/revisions"}],"predecessor-version":[{"id":44885,"href":"https:\/\/www.organisator.ch\/fr\/wp-json\/wp\/v2\/posts\/44771\/revisions\/44885"}],"wp:featuredmedia":[{"embeddable":true,"href":"https:\/\/www.organisator.ch\/fr\/wp-json\/wp\/v2\/media\/44767"}],"wp:attachment":[{"href":"https:\/\/www.organisator.ch\/fr\/wp-json\/wp\/v2\/media?parent=44771"}],"wp:term":[{"taxonomy":"category","embeddable":true,"href":"https:\/\/www.organisator.ch\/fr\/wp-json\/wp\/v2\/categories?post=44771"},{"taxonomy":"post_tag","embeddable":true,"href":"https:\/\/www.organisator.ch\/fr\/wp-json\/wp\/v2\/tags?post=44771"}],"curies":[{"name":"wp","href":"https:\/\/api.w.org\/{rel}","templated":true}]}}