{"id":44850,"date":"2026-02-20T07:50:20","date_gmt":"2026-02-20T06:50:20","guid":{"rendered":"https:\/\/www.organisator.ch\/?p=44850"},"modified":"2026-02-20T07:50:20","modified_gmt":"2026-02-20T06:50:20","slug":"peoplefone-sandro-isteri-wird-neuer-country-manager-schweiz","status":"publish","type":"post","link":"https:\/\/www.organisator.ch\/fr\/management\/2026-02-20\/peoplefone-sandro-isteri-wird-neuer-country-manager-schweiz\/","title":{"rendered":"Peoplefone : Sandro Isteri devient le nouveau Country Manager Suisse"},"content":{"rendered":"<figure id=\"attachment_44851\" aria-describedby=\"caption-attachment-44851\" style=\"width: 680px\" class=\"wp-caption alignnone\"><img loading=\"lazy\" decoding=\"async\" class=\"size-full wp-image-44851\" src=\"https:\/\/www.organisator.ch\/wp-content\/uploads\/2026\/02\/Peoplefone-Sandro-Isteri-wird-neuer-Country-Manager-Schweiz_Organisator.jpg\" alt=\"\" width=\"680\" height=\"454\" srcset=\"https:\/\/www.organisator.ch\/wp-content\/uploads\/2026\/02\/Peoplefone-Sandro-Isteri-wird-neuer-Country-Manager-Schweiz_Organisator.jpg 680w, https:\/\/www.organisator.ch\/wp-content\/uploads\/2026\/02\/Peoplefone-Sandro-Isteri-wird-neuer-Country-Manager-Schweiz_Organisator-18x12.jpg 18w, https:\/\/www.organisator.ch\/wp-content\/uploads\/2026\/02\/Peoplefone-Sandro-Isteri-wird-neuer-Country-Manager-Schweiz_Organisator-375x250.jpg 375w, https:\/\/www.organisator.ch\/wp-content\/uploads\/2026\/02\/Peoplefone-Sandro-Isteri-wird-neuer-Country-Manager-Schweiz_Organisator-524x350.jpg 524w\" sizes=\"auto, (max-width: 680px) 100vw, 680px\" \/><figcaption id=\"caption-attachment-44851\" class=\"wp-caption-text\">Sandro Isteri, nouveau Country Manager Suisse chez peoplefone. (Image : zVg \/ peoplefone)<\/figcaption><\/figure>\n<p>En la personne de Sandro Isteri, peoplefone s'adjoint les services d'un expert chevronn\u00e9, fort de plus de 25 ans d'exp\u00e9rience dans le secteur des technologies et des t\u00e9l\u00e9communications. Dans son nouveau r\u00f4le, il devra faire avancer la strat\u00e9gie de croissance du sp\u00e9cialiste VoIP sur le march\u00e9 suisse et renforcer les activit\u00e9s des partenaires. Sandro Isteri succ\u00e8de \u00e0 Felix Ruppanner, qui a donn\u00e9 une nouvelle orientation \u00e0 sa carri\u00e8re.<\/p>\n<h3><strong>Focalisation sur le partenariat et l'innovation<\/strong><\/h3>\n<p>Chez peoplefone, le nouveau Country Manager Suisse dirigera et coachera une \u00e9quipe d'environ 15 collaborateurs. Ses t\u00e2ches principales comprennent la segmentation du march\u00e9, le ciblage et la surveillance des processus commerciaux centraux, de l'offre au contrat client. Il travaillera en \u00e9troite collaboration avec l'\u00e9quipe technique et la direction du groupe afin d'introduire avec succ\u00e8s de nouveaux produits et services sur le march\u00e9 suisse.<\/p>\n<p>\u00abSandro Isteri apporte la combinaison parfaite d'une profonde connaissance du march\u00e9, d'une exp\u00e9rience de direction et d'une vision strat\u00e9gique\u201c, commente Christophe Beaud, CEO du groupe peoplefone. Son pass\u00e9 dans l'environnement des PME et son exp\u00e9rience dans la collaboration avec les partenaires du channel font de lui la personne id\u00e9ale pour renforcer la position de peoplefone en tant que fournisseur leader orient\u00e9 vers les partenaires en Suisse\u00bb.\u00bb<\/p>\n<h3><strong>Longue exp\u00e9rience de direction dans le secteur des t\u00e9l\u00e9communications et de la technologie <\/strong><\/h3>\n<p>En dernier lieu, il a travaill\u00e9 pendant plus de six ans chez Sunrise, o\u00f9, en tant que Senior Director Business Mass Markets &amp; Employee Programmes, il \u00e9tait responsable de mani\u00e8re d\u00e9terminante du secteur des PME et des solutions de communication num\u00e9riques pour les entreprises.<\/p>\n<p>Auparavant, il a occup\u00e9 diff\u00e9rents postes de direction dans des entreprises internationales de renom. Chez Logitech, il a notamment occup\u00e9 le poste de Country Manager Suisse, puis de Regional Director pour la r\u00e9gion DACH. Il a \u00e9galement occup\u00e9 des postes de direction dans le domaine des ventes et du d\u00e9veloppement commercial chez OtterBox (EMEA) et Compaq\/HP. Sandro Isteri a \u00e9tudi\u00e9 le droit \u00e0 l'Universit\u00e9 de Berne.<\/p>\n<p><em>Source : <a href=\"http:\/\/www.peoplefone.com\">peoplefone<\/a><\/em><\/p>","protected":false},"excerpt":{"rendered":"<p>Le fournisseur suisse de t\u00e9l\u00e9communications peoplefone a nomm\u00e9 Sandro Isteri au poste de Country Manager Suisse. Dans cette fonction, il assume la responsabilit\u00e9 globale des activit\u00e9s op\u00e9rationnelles en Suisse, y compris les ventes, le marketing et le Customer Care. <\/p>","protected":false},"author":4,"featured_media":44851,"comment_status":"closed","ping_status":"closed","sticky":false,"template":"","format":"standard","meta":{"_acf_changed":false,"_yoast_wpseo_focuskw":"Sandro Isteri","_yoast_wpseo_metadesc":"Der Schweizer Telekom-Provider peoplefone hat Sandro Isteri zum neuen Country Manager Schweiz ernannt.","articlekey":"","footnotes":""},"categories":[28],"tags":[335,381,479,492],"class_list":["post-44850","post","type-post","status-publish","format-standard","has-post-thumbnail","hentry","category-management","tag-management-und-unternehmensfuehrung","tag-personalia","tag-telekommunikation","tag-unternehmen"],"acf":[],"yoast_head":"<!-- This site is optimized with the Yoast SEO plugin v27.4 - https:\/\/yoast.com\/product\/yoast-seo-wordpress\/ -->\n<title>Peoplefone: Sandro Isteri wird neuer Country Manager Schweiz - Organisator<\/title>\n<meta name=\"description\" content=\"Der Schweizer Telekom-Provider peoplefone hat Sandro Isteri zum neuen Country Manager Schweiz ernannt.\" \/>\n<meta name=\"robots\" content=\"index, follow, max-snippet:-1, max-image-preview:large, max-video-preview:-1\" \/>\n<link rel=\"canonical\" href=\"https:\/\/www.organisator.ch\/fr\/gestion-2\/2026-02-20\/peoplefone-sandro-isteri-wird-neuer-country-manager-schweiz\/\" \/>\n<meta property=\"og:locale\" content=\"fr_FR\" \/>\n<meta property=\"og:type\" content=\"article\" \/>\n<meta property=\"og:title\" content=\"Peoplefone: Sandro Isteri wird neuer Country Manager Schweiz\" \/>\n<meta property=\"og:description\" content=\"Der Schweizer Telekom-Provider peoplefone hat Sandro Isteri zum neuen Country Manager Schweiz ernannt.\" \/>\n<meta property=\"og:url\" content=\"https:\/\/www.organisator.ch\/fr\/gestion-2\/2026-02-20\/peoplefone-sandro-isteri-wird-neuer-country-manager-schweiz\/\" \/>\n<meta property=\"og:site_name\" content=\"Organisator\" \/>\n<meta property=\"article:publisher\" content=\"https:\/\/www.facebook.com\/OrganisatorFachmagazin\" \/>\n<meta property=\"article:published_time\" content=\"2026-02-20T06:50:20+00:00\" \/>\n<meta property=\"og:image\" content=\"https:\/\/www.organisator.ch\/wp-content\/uploads\/2026\/02\/Peoplefone-Sandro-Isteri-wird-neuer-Country-Manager-Schweiz_Organisator.jpg\" \/>\n\t<meta property=\"og:image:width\" content=\"680\" \/>\n\t<meta property=\"og:image:height\" content=\"454\" \/>\n\t<meta property=\"og:image:type\" content=\"image\/jpeg\" \/>\n<meta name=\"author\" content=\"thomas.berner\" \/>\n<meta name=\"twitter:card\" content=\"summary_large_image\" \/>\n<meta name=\"twitter:title\" content=\"#Peoplefone: Sandro #Isteri wird neuer Country Manager Schweiz\" \/>\n<meta name=\"twitter:description\" content=\"Der Schweizer #Telekom-Provider #peoplefone hat Sandro Isteri zum neuen Country Manager Schweiz ernannt.\" \/>\n<meta name=\"twitter:image\" content=\"https:\/\/www.organisator.ch\/wp-content\/uploads\/2026\/02\/Peoplefone-Sandro-Isteri-wird-neuer-Country-Manager-Schweiz_Organisator.jpg\" \/>\n<script type=\"application\/ld+json\" class=\"yoast-schema-graph\">{\"@context\":\"https:\\\/\\\/schema.org\",\"@graph\":[{\"@type\":\"Article\",\"@id\":\"https:\\\/\\\/www.organisator.ch\\\/management\\\/2026-02-20\\\/peoplefone-sandro-isteri-wird-neuer-country-manager-schweiz\\\/#article\",\"isPartOf\":{\"@id\":\"https:\\\/\\\/www.organisator.ch\\\/management\\\/2026-02-20\\\/peoplefone-sandro-isteri-wird-neuer-country-manager-schweiz\\\/\"},\"author\":{\"name\":\"thomas.berner\",\"@id\":\"https:\\\/\\\/www.organisator.ch\\\/#\\\/schema\\\/person\\\/6f650f90b2842cd4c0cc334b4e36f67e\"},\"headline\":\"Peoplefone: Sandro Isteri wird neuer Country Manager Schweiz\",\"datePublished\":\"2026-02-20T06:50:20+00:00\",\"mainEntityOfPage\":{\"@id\":\"https:\\\/\\\/www.organisator.ch\\\/management\\\/2026-02-20\\\/peoplefone-sandro-isteri-wird-neuer-country-manager-schweiz\\\/\"},\"wordCount\":295,\"publisher\":{\"@id\":\"https:\\\/\\\/www.organisator.ch\\\/#organization\"},\"image\":{\"@id\":\"https:\\\/\\\/www.organisator.ch\\\/management\\\/2026-02-20\\\/peoplefone-sandro-isteri-wird-neuer-country-manager-schweiz\\\/#primaryimage\"},\"thumbnailUrl\":\"https:\\\/\\\/www.organisator.ch\\\/wp-content\\\/uploads\\\/2026\\\/02\\\/Peoplefone-Sandro-Isteri-wird-neuer-Country-Manager-Schweiz_Organisator.jpg\",\"keywords\":[\"Management und Unternehmensf\u00fchrung\",\"Personalia\",\"Telekommunikation\",\"Unternehmen\"],\"articleSection\":[\"MANAGEMENT\"],\"inLanguage\":\"fr-FR\"},{\"@type\":\"WebPage\",\"@id\":\"https:\\\/\\\/www.organisator.ch\\\/management\\\/2026-02-20\\\/peoplefone-sandro-isteri-wird-neuer-country-manager-schweiz\\\/\",\"url\":\"https:\\\/\\\/www.organisator.ch\\\/management\\\/2026-02-20\\\/peoplefone-sandro-isteri-wird-neuer-country-manager-schweiz\\\/\",\"name\":\"Peoplefone: Sandro Isteri wird neuer Country Manager Schweiz - Organisator\",\"isPartOf\":{\"@id\":\"https:\\\/\\\/www.organisator.ch\\\/#website\"},\"primaryImageOfPage\":{\"@id\":\"https:\\\/\\\/www.organisator.ch\\\/management\\\/2026-02-20\\\/peoplefone-sandro-isteri-wird-neuer-country-manager-schweiz\\\/#primaryimage\"},\"image\":{\"@id\":\"https:\\\/\\\/www.organisator.ch\\\/management\\\/2026-02-20\\\/peoplefone-sandro-isteri-wird-neuer-country-manager-schweiz\\\/#primaryimage\"},\"thumbnailUrl\":\"https:\\\/\\\/www.organisator.ch\\\/wp-content\\\/uploads\\\/2026\\\/02\\\/Peoplefone-Sandro-Isteri-wird-neuer-Country-Manager-Schweiz_Organisator.jpg\",\"datePublished\":\"2026-02-20T06:50:20+00:00\",\"description\":\"Der Schweizer Telekom-Provider peoplefone hat Sandro Isteri zum neuen Country Manager Schweiz ernannt.\",\"breadcrumb\":{\"@id\":\"https:\\\/\\\/www.organisator.ch\\\/management\\\/2026-02-20\\\/peoplefone-sandro-isteri-wird-neuer-country-manager-schweiz\\\/#breadcrumb\"},\"inLanguage\":\"fr-FR\",\"potentialAction\":[{\"@type\":\"ReadAction\",\"target\":[\"https:\\\/\\\/www.organisator.ch\\\/management\\\/2026-02-20\\\/peoplefone-sandro-isteri-wird-neuer-country-manager-schweiz\\\/\"]}]},{\"@type\":\"ImageObject\",\"inLanguage\":\"fr-FR\",\"@id\":\"https:\\\/\\\/www.organisator.ch\\\/management\\\/2026-02-20\\\/peoplefone-sandro-isteri-wird-neuer-country-manager-schweiz\\\/#primaryimage\",\"url\":\"https:\\\/\\\/www.organisator.ch\\\/wp-content\\\/uploads\\\/2026\\\/02\\\/Peoplefone-Sandro-Isteri-wird-neuer-Country-Manager-Schweiz_Organisator.jpg\",\"contentUrl\":\"https:\\\/\\\/www.organisator.ch\\\/wp-content\\\/uploads\\\/2026\\\/02\\\/Peoplefone-Sandro-Isteri-wird-neuer-Country-Manager-Schweiz_Organisator.jpg\",\"width\":680,\"height\":454,\"caption\":\"Sandro Isteri, neuer Country Manager Schweiz bei peoplefone. (Bild: zVg \\\/ peoplefone)\"},{\"@type\":\"BreadcrumbList\",\"@id\":\"https:\\\/\\\/www.organisator.ch\\\/management\\\/2026-02-20\\\/peoplefone-sandro-isteri-wird-neuer-country-manager-schweiz\\\/#breadcrumb\",\"itemListElement\":[{\"@type\":\"ListItem\",\"position\":1,\"name\":\"Home\",\"item\":\"https:\\\/\\\/www.organisator.ch\\\/\"},{\"@type\":\"ListItem\",\"position\":2,\"name\":\"Peoplefone: Sandro Isteri wird neuer Country Manager Schweiz\"}]},{\"@type\":\"WebSite\",\"@id\":\"https:\\\/\\\/www.organisator.ch\\\/#website\",\"url\":\"https:\\\/\\\/www.organisator.ch\\\/\",\"name\":\"Organisator\",\"description\":\"Kompetent. Praxisnah. Der ORGANISATOR bereitet in 10 Ausgaben pro Jahr die wesentlichen Themen f\u00fcr F\u00fchrungskr\u00e4fte von KMU auf.\",\"publisher\":{\"@id\":\"https:\\\/\\\/www.organisator.ch\\\/#organization\"},\"potentialAction\":[{\"@type\":\"SearchAction\",\"target\":{\"@type\":\"EntryPoint\",\"urlTemplate\":\"https:\\\/\\\/www.organisator.ch\\\/?s={search_term_string}\"},\"query-input\":{\"@type\":\"PropertyValueSpecification\",\"valueRequired\":true,\"valueName\":\"search_term_string\"}}],\"inLanguage\":\"fr-FR\"},{\"@type\":\"Organization\",\"@id\":\"https:\\\/\\\/www.organisator.ch\\\/#organization\",\"name\":\"Organisator\",\"url\":\"https:\\\/\\\/www.organisator.ch\\\/\",\"logo\":{\"@type\":\"ImageObject\",\"inLanguage\":\"fr-FR\",\"@id\":\"https:\\\/\\\/www.organisator.ch\\\/#\\\/schema\\\/logo\\\/image\\\/\",\"url\":\"https:\\\/\\\/www.organisator.ch\\\/wp-content\\\/uploads\\\/2022\\\/01\\\/Logo_Organisator_Website.png\",\"contentUrl\":\"https:\\\/\\\/www.organisator.ch\\\/wp-content\\\/uploads\\\/2022\\\/01\\\/Logo_Organisator_Website.png\",\"width\":800,\"height\":77,\"caption\":\"Organisator\"},\"image\":{\"@id\":\"https:\\\/\\\/www.organisator.ch\\\/#\\\/schema\\\/logo\\\/image\\\/\"},\"sameAs\":[\"https:\\\/\\\/www.facebook.com\\\/OrganisatorFachmagazin\",\"https:\\\/\\\/www.linkedin.com\\\/showcase\\\/organisator-das-magazin-fr-kmu\",\"https:\\\/\\\/www.xing.com\\\/news\\\/pages\\\/organisator-ch-695\",\"https:\\\/\\\/www.youtube.com\\\/channel\\\/UCGP2Sq0iWaZwT3BdIAQFYpw\"]},{\"@type\":\"Person\",\"@id\":\"https:\\\/\\\/www.organisator.ch\\\/#\\\/schema\\\/person\\\/6f650f90b2842cd4c0cc334b4e36f67e\",\"name\":\"thomas.berner\",\"image\":{\"@type\":\"ImageObject\",\"inLanguage\":\"fr-FR\",\"@id\":\"https:\\\/\\\/secure.gravatar.com\\\/avatar\\\/ac5001d2a36cb6c6cd3e50789007ffca834b477b74a2144564522e944eabff61?s=96&d=mm&r=g\",\"url\":\"https:\\\/\\\/secure.gravatar.com\\\/avatar\\\/ac5001d2a36cb6c6cd3e50789007ffca834b477b74a2144564522e944eabff61?s=96&d=mm&r=g\",\"contentUrl\":\"https:\\\/\\\/secure.gravatar.com\\\/avatar\\\/ac5001d2a36cb6c6cd3e50789007ffca834b477b74a2144564522e944eabff61?s=96&d=mm&r=g\",\"caption\":\"thomas.berner\"},\"url\":\"https:\\\/\\\/www.organisator.ch\\\/fr\\\/author\\\/thomas-berner\\\/\"}]}<\/script>\n<!-- \/ Yoast SEO plugin. -->","yoast_head_json":{"title":"Peoplefone : Sandro Isteri devient le nouveau Country Manager Suisse - Organisateur","description":"Le fournisseur suisse de services de t\u00e9l\u00e9communications peoplefone a nomm\u00e9 Sandro Isteri au poste de Country Manager Suisse.","robots":{"index":"index","follow":"follow","max-snippet":"max-snippet:-1","max-image-preview":"max-image-preview:large","max-video-preview":"max-video-preview:-1"},"canonical":"https:\/\/www.organisator.ch\/fr\/gestion-2\/2026-02-20\/peoplefone-sandro-isteri-wird-neuer-country-manager-schweiz\/","og_locale":"fr_FR","og_type":"article","og_title":"Peoplefone: Sandro Isteri wird neuer Country Manager Schweiz","og_description":"Der Schweizer Telekom-Provider peoplefone hat Sandro Isteri zum neuen Country Manager Schweiz ernannt.","og_url":"https:\/\/www.organisator.ch\/fr\/gestion-2\/2026-02-20\/peoplefone-sandro-isteri-wird-neuer-country-manager-schweiz\/","og_site_name":"Organisator","article_publisher":"https:\/\/www.facebook.com\/OrganisatorFachmagazin","article_published_time":"2026-02-20T06:50:20+00:00","og_image":[{"width":680,"height":454,"url":"https:\/\/www.organisator.ch\/wp-content\/uploads\/2026\/02\/Peoplefone-Sandro-Isteri-wird-neuer-Country-Manager-Schweiz_Organisator.jpg","type":"image\/jpeg"}],"author":"thomas.berner","twitter_card":"summary_large_image","twitter_title":"#Peoplefone: Sandro #Isteri wird neuer Country Manager Schweiz","twitter_description":"Der Schweizer #Telekom-Provider #peoplefone hat Sandro Isteri zum neuen Country Manager Schweiz ernannt.","twitter_image":"https:\/\/www.organisator.ch\/wp-content\/uploads\/2026\/02\/Peoplefone-Sandro-Isteri-wird-neuer-Country-Manager-Schweiz_Organisator.jpg","schema":{"@context":"https:\/\/schema.org","@graph":[{"@type":"Article","@id":"https:\/\/www.organisator.ch\/management\/2026-02-20\/peoplefone-sandro-isteri-wird-neuer-country-manager-schweiz\/#article","isPartOf":{"@id":"https:\/\/www.organisator.ch\/management\/2026-02-20\/peoplefone-sandro-isteri-wird-neuer-country-manager-schweiz\/"},"author":{"name":"thomas.berner","@id":"https:\/\/www.organisator.ch\/#\/schema\/person\/6f650f90b2842cd4c0cc334b4e36f67e"},"headline":"Peoplefone: Sandro Isteri wird neuer Country Manager Schweiz","datePublished":"2026-02-20T06:50:20+00:00","mainEntityOfPage":{"@id":"https:\/\/www.organisator.ch\/management\/2026-02-20\/peoplefone-sandro-isteri-wird-neuer-country-manager-schweiz\/"},"wordCount":295,"publisher":{"@id":"https:\/\/www.organisator.ch\/#organization"},"image":{"@id":"https:\/\/www.organisator.ch\/management\/2026-02-20\/peoplefone-sandro-isteri-wird-neuer-country-manager-schweiz\/#primaryimage"},"thumbnailUrl":"https:\/\/www.organisator.ch\/wp-content\/uploads\/2026\/02\/Peoplefone-Sandro-Isteri-wird-neuer-Country-Manager-Schweiz_Organisator.jpg","keywords":["Management und Unternehmensf\u00fchrung","Personalia","Telekommunikation","Unternehmen"],"articleSection":["MANAGEMENT"],"inLanguage":"fr-FR"},{"@type":"WebPage","@id":"https:\/\/www.organisator.ch\/management\/2026-02-20\/peoplefone-sandro-isteri-wird-neuer-country-manager-schweiz\/","url":"https:\/\/www.organisator.ch\/management\/2026-02-20\/peoplefone-sandro-isteri-wird-neuer-country-manager-schweiz\/","name":"Peoplefone : Sandro Isteri devient le nouveau Country Manager Suisse - Organisateur","isPartOf":{"@id":"https:\/\/www.organisator.ch\/#website"},"primaryImageOfPage":{"@id":"https:\/\/www.organisator.ch\/management\/2026-02-20\/peoplefone-sandro-isteri-wird-neuer-country-manager-schweiz\/#primaryimage"},"image":{"@id":"https:\/\/www.organisator.ch\/management\/2026-02-20\/peoplefone-sandro-isteri-wird-neuer-country-manager-schweiz\/#primaryimage"},"thumbnailUrl":"https:\/\/www.organisator.ch\/wp-content\/uploads\/2026\/02\/Peoplefone-Sandro-Isteri-wird-neuer-Country-Manager-Schweiz_Organisator.jpg","datePublished":"2026-02-20T06:50:20+00:00","description":"Le fournisseur suisse de services de t\u00e9l\u00e9communications peoplefone a nomm\u00e9 Sandro Isteri au poste de Country Manager Suisse.","breadcrumb":{"@id":"https:\/\/www.organisator.ch\/management\/2026-02-20\/peoplefone-sandro-isteri-wird-neuer-country-manager-schweiz\/#breadcrumb"},"inLanguage":"fr-FR","potentialAction":[{"@type":"ReadAction","target":["https:\/\/www.organisator.ch\/management\/2026-02-20\/peoplefone-sandro-isteri-wird-neuer-country-manager-schweiz\/"]}]},{"@type":"ImageObject","inLanguage":"fr-FR","@id":"https:\/\/www.organisator.ch\/management\/2026-02-20\/peoplefone-sandro-isteri-wird-neuer-country-manager-schweiz\/#primaryimage","url":"https:\/\/www.organisator.ch\/wp-content\/uploads\/2026\/02\/Peoplefone-Sandro-Isteri-wird-neuer-Country-Manager-Schweiz_Organisator.jpg","contentUrl":"https:\/\/www.organisator.ch\/wp-content\/uploads\/2026\/02\/Peoplefone-Sandro-Isteri-wird-neuer-Country-Manager-Schweiz_Organisator.jpg","width":680,"height":454,"caption":"Sandro Isteri, neuer Country Manager Schweiz bei peoplefone. (Bild: zVg \/ peoplefone)"},{"@type":"BreadcrumbList","@id":"https:\/\/www.organisator.ch\/management\/2026-02-20\/peoplefone-sandro-isteri-wird-neuer-country-manager-schweiz\/#breadcrumb","itemListElement":[{"@type":"ListItem","position":1,"name":"Home","item":"https:\/\/www.organisator.ch\/"},{"@type":"ListItem","position":2,"name":"Peoplefone: Sandro Isteri wird neuer Country Manager Schweiz"}]},{"@type":"WebSite","@id":"https:\/\/www.organisator.ch\/#website","url":"https:\/\/www.organisator.ch\/","name":"Organisateur","description":"Comp\u00e9tence et comp\u00e9tence. Proches de la pratique. L'ORGANISATEUR pr\u00e9pare 10 num\u00e9ros par an sur les th\u00e8mes essentiels pour les dirigeants de PME.","publisher":{"@id":"https:\/\/www.organisator.ch\/#organization"},"potentialAction":[{"@type":"SearchAction","target":{"@type":"EntryPoint","urlTemplate":"https:\/\/www.organisator.ch\/?s={search_term_string}"},"query-input":{"@type":"PropertyValueSpecification","valueRequired":true,"valueName":"search_term_string"}}],"inLanguage":"fr-FR"},{"@type":"Organization","@id":"https:\/\/www.organisator.ch\/#organization","name":"Organisateur","url":"https:\/\/www.organisator.ch\/","logo":{"@type":"ImageObject","inLanguage":"fr-FR","@id":"https:\/\/www.organisator.ch\/#\/schema\/logo\/image\/","url":"https:\/\/www.organisator.ch\/wp-content\/uploads\/2022\/01\/Logo_Organisator_Website.png","contentUrl":"https:\/\/www.organisator.ch\/wp-content\/uploads\/2022\/01\/Logo_Organisator_Website.png","width":800,"height":77,"caption":"Organisator"},"image":{"@id":"https:\/\/www.organisator.ch\/#\/schema\/logo\/image\/"},"sameAs":["https:\/\/www.facebook.com\/OrganisatorFachmagazin","https:\/\/www.linkedin.com\/showcase\/organisator-das-magazin-fr-kmu","https:\/\/www.xing.com\/news\/pages\/organisator-ch-695","https:\/\/www.youtube.com\/channel\/UCGP2Sq0iWaZwT3BdIAQFYpw"]},{"@type":"Person","@id":"https:\/\/www.organisator.ch\/#\/schema\/person\/6f650f90b2842cd4c0cc334b4e36f67e","name":"thomas.berner","image":{"@type":"ImageObject","inLanguage":"fr-FR","@id":"https:\/\/secure.gravatar.com\/avatar\/ac5001d2a36cb6c6cd3e50789007ffca834b477b74a2144564522e944eabff61?s=96&d=mm&r=g","url":"https:\/\/secure.gravatar.com\/avatar\/ac5001d2a36cb6c6cd3e50789007ffca834b477b74a2144564522e944eabff61?s=96&d=mm&r=g","contentUrl":"https:\/\/secure.gravatar.com\/avatar\/ac5001d2a36cb6c6cd3e50789007ffca834b477b74a2144564522e944eabff61?s=96&d=mm&r=g","caption":"thomas.berner"},"url":"https:\/\/www.organisator.ch\/fr\/author\/thomas-berner\/"}]}},"_links":{"self":[{"href":"https:\/\/www.organisator.ch\/fr\/wp-json\/wp\/v2\/posts\/44850","targetHints":{"allow":["GET"]}}],"collection":[{"href":"https:\/\/www.organisator.ch\/fr\/wp-json\/wp\/v2\/posts"}],"about":[{"href":"https:\/\/www.organisator.ch\/fr\/wp-json\/wp\/v2\/types\/post"}],"author":[{"embeddable":true,"href":"https:\/\/www.organisator.ch\/fr\/wp-json\/wp\/v2\/users\/4"}],"replies":[{"embeddable":true,"href":"https:\/\/www.organisator.ch\/fr\/wp-json\/wp\/v2\/comments?post=44850"}],"version-history":[{"count":2,"href":"https:\/\/www.organisator.ch\/fr\/wp-json\/wp\/v2\/posts\/44850\/revisions"}],"predecessor-version":[{"id":44882,"href":"https:\/\/www.organisator.ch\/fr\/wp-json\/wp\/v2\/posts\/44850\/revisions\/44882"}],"wp:featuredmedia":[{"embeddable":true,"href":"https:\/\/www.organisator.ch\/fr\/wp-json\/wp\/v2\/media\/44851"}],"wp:attachment":[{"href":"https:\/\/www.organisator.ch\/fr\/wp-json\/wp\/v2\/media?parent=44850"}],"wp:term":[{"taxonomy":"category","embeddable":true,"href":"https:\/\/www.organisator.ch\/fr\/wp-json\/wp\/v2\/categories?post=44850"},{"taxonomy":"post_tag","embeddable":true,"href":"https:\/\/www.organisator.ch\/fr\/wp-json\/wp\/v2\/tags?post=44850"}],"curies":[{"name":"wp","href":"https:\/\/api.w.org\/{rel}","templated":true}]}}