{"id":44877,"date":"2026-02-20T13:52:11","date_gmt":"2026-02-20T12:52:11","guid":{"rendered":"https:\/\/www.m-q.ch\/?p=22500"},"modified":"2026-02-20T14:15:14","modified_gmt":"2026-02-20T13:15:14","slug":"protolabs-lanciert-ki-gestuetzte-fertigungsplattform-prodesk","status":"publish","type":"post","link":"https:\/\/www.organisator.ch\/fr\/operational-excellence\/2026-02-20\/protolabs-lanciert-ki-gestuetzte-fertigungsplattform-prodesk\/","title":{"rendered":"Protolabs lance ProDesk, une plateforme de fabrication bas\u00e9e sur l'IA"},"content":{"rendered":"<figure id=\"attachment_22501\" class=\"wp-caption alignnone\" style=\"width: 680px;\" aria-describedby=\"caption-attachment-22501\"><img class=\"size-full wp-image-22501\" src=\"https:\/\/www.m-q.ch\/wp-content\/uploads\/2026\/02\/Protolabs-lanciert-KI-gestuetzte-Fertigungsplattform-ProDesk_MQ.png\" sizes=\"(max-width: 680px) 100vw, 680px\" srcset=\"https:\/\/www.m-q.ch\/wp-content\/uploads\/2026\/02\/Protolabs-lanciert-KI-gestuetzte-Fertigungsplattform-ProDesk_MQ.png 680w, https:\/\/www.m-q.ch\/wp-content\/uploads\/2026\/02\/Protolabs-lanciert-KI-gestuetzte-Fertigungsplattform-ProDesk_MQ-16x12.png 16w, https:\/\/www.m-q.ch\/wp-content\/uploads\/2026\/02\/Protolabs-lanciert-KI-gestuetzte-Fertigungsplattform-ProDesk_MQ-375x277.png 375w, https:\/\/www.m-q.ch\/wp-content\/uploads\/2026\/02\/Protolabs-lanciert-KI-gestuetzte-Fertigungsplattform-ProDesk_MQ-474x350.png 474w\" alt=\"\" width=\"680\" height=\"502\" \/>\r\n<figcaption id=\"caption-attachment-22501\" class=\"wp-caption-text\">Vue de la plate-forme de fabrication assist\u00e9e par IA de Protolabs pour le prototypage. (Image : Protolabs)<\/figcaption>\r\n<\/figure>\r\n<p>Le fabricant num\u00e9rique Protolabs annonce le lancement de sa nouvelle plateforme tout-en-un ProDesk. L'environnement en ligne nouvellement lanc\u00e9 permet des offres en temps r\u00e9el bas\u00e9es sur l'IA, y compris l'analyse de faisabilit\u00e9 (DfM, Design for Manufacturability), une collaboration inter-\u00e9quipes transparente et une s\u00e9rie d'autres outils qui soutiennent les projets de prototypage et de production, augmentant ainsi la vitesse d'innovation des \u00e9quipes de d\u00e9veloppement de produits et d'approvisionnement.<\/p>\r\n<p>\u00abLe lancement de ProDesk en tant que ressource de fabrication innovante est essentiel pour nous permettre d'aider nos clients \u00e0 chaque \u00e9tape de leur projet, du prototypage \u00e0 la production\u00bb, explique Suresh Krishna, pr\u00e9sident et CEO de Protolabs. \u00abEn cons\u00e9quence, avec ce lancement, nous sommes heureux de pr\u00e9senter un environnement en ligne qui souligne l'ambition de Protolabs en tant que partenaire ax\u00e9 sur la technologie pour les pi\u00e8ces de haute qualit\u00e9\u00bb.\u00bb<\/p>\r\n<h3>Des services et des prestations complets<\/h3>\r\n<p>ProDesk offre une analyse DFM bas\u00e9e sur l'IA pour les services de moulage par injection, d'usinage CNC et d'impression 3D afin d'obtenir un feedback imm\u00e9diat sur les pi\u00e8ces avant m\u00eame qu'elles ne soient mises en production. La plateforme configurable comprend \u00e9galement la possibilit\u00e9 d'\u00e9tablir des devis en temps r\u00e9el pour des services et des prestations tels que les options de mat\u00e9riaux, les retouches et les traitements de surface. Il est \u00e9galement possible de d\u00e9finir des d\u00e9lais de livraison, ce qui permet aux utilisateurs d'adapter les offres en fonction du temps de traitement et du budget n\u00e9cessaires.<\/p>\r\n<p>ProDesk soutient l'ensemble du processus de d\u00e9veloppement de produits et offre en outre d'autres avantages : Dans la plateforme, les utilisateurs peuvent s\u00e9lectionner dans le catalogue de production des composants qui ont d\u00e9j\u00e0 \u00e9t\u00e9 valid\u00e9s pour la fabrication. Cela facilite consid\u00e9rablement la gestion, l'organisation et le r\u00e9approvisionnement ult\u00e9rieur des pi\u00e8ces.<\/p>\r\n<h3>Une plateforme collaborative pour plus d'efficacit\u00e9<\/h3>\r\n<p>ProDesk est con\u00e7u comme une plateforme collaborative pour tous les aspects du processus de commande. Toutes les offres et les commandes peuvent \u00eatre partag\u00e9es entre les \u00e9quipes afin de pouvoir suivre l'\u00e9tat des commandes et des envois de mani\u00e8re compr\u00e9hensible. Les catalogues de production peuvent \u00eatre partag\u00e9s entre les \u00e9quipes afin de visualiser les composants qu'ils contiennent et de passer des commandes suppl\u00e9mentaires si n\u00e9cessaire, ainsi que pour acc\u00e9der \u00e0 l'historique des commandes, \u00e0 la documentation et aux d\u00e9tails des pi\u00e8ces.<\/p>\r\n<p>Le centre de support de ProDesk sert de point de contact central pour toutes les questions relatives aux commandes, aux documents, aux factures et \u00e0 la documentation de qualit\u00e9. Il permet d'\u00e9tablir une communication directe avec l'\u00e9quipe exp\u00e9riment\u00e9e d'ing\u00e9nieurs d'application de Protolabs. La possibilit\u00e9 bien connue d'assistance \u00e0 la conception ainsi que les services sp\u00e9cifiques au service avec des informations suppl\u00e9mentaires sur l'analyse de faisabilit\u00e9 peuvent \u00eatre consult\u00e9s ici comme d'habitude.<\/p>\r\n<p>ProDesk r\u00e9unit toutes les fonctions mentionn\u00e9es dans un tableau de bord interactif avec des mises \u00e0 jour en temps r\u00e9el sur les commandes en cours et fournit ainsi les informations les plus importantes en un coup d'\u0153il, directement apr\u00e8s la connexion.<\/p>\r\n<h3>D\u00e9couvrir l'avenir de la fabrication d\u00e8s maintenant<\/h3>\r\n<p>\u00abDans l'ensemble du processus, il \u00e9tait essentiel pour nous de cr\u00e9er un environnement en ligne avec ProDesk qui r\u00e9volutionnerait la fa\u00e7on dont nos clients travaillent avec Protolabs et moderniserait les points cl\u00e9s\u00bb, explique Mark Flannery, directeur mondial des produits pour le commerce \u00e9lectronique chez Protolabs. \u00abPour les quelque 50 000 clients qui auront acc\u00e8s \u00e0 ProDesk cette ann\u00e9e, cela ne signifie pas seulement une nouvelle interface. Ils b\u00e9n\u00e9ficieront plut\u00f4t d'une exp\u00e9rience en ligne de premier plan dans l'industrie, qui constituera une aide essentielle pour r\u00e9duire les d\u00e9lais de d\u00e9veloppement des produits\u00bb.\u00bb<\/p>\r\n<p>Les d\u00e9veloppeurs de produits, les ing\u00e9nieurs et les \u00e9quipes d'approvisionnement peuvent d\u00e8s \u00e0 pr\u00e9sent acc\u00e9der \u00e0 ProDesk via le site Web de Protolabs et faire directement l'exp\u00e9rience de la nouvelle plate-forme tout-en-un.<\/p>\r\n<p><em>Plus d'informations : <a href=\"https:\/\/protolabs.com\/\" rel=\"noopener\">protolabs.com<\/a><\/em><\/p>\n<p class=\"syndicated-attribution\">Cet article est paru initialement sur m-q.ch - <a href=\"https:\/\/www.m-q.ch\/de\/protolabs-lanciert-ki-gestuetzte-fertigungsplattform-prodesk\/\" target=\"_blank\">https:\/\/www.m-q.ch\/de\/protolabs-lanciert-ki-gestuetzte-fertigungsplattform-prodesk\/<\/a><\/p>","protected":false},"excerpt":{"rendered":"<p>Le fabricant num\u00e9rique Protolabs lance ProDesk, une nouvelle plateforme tout-en-un. L'environnement en ligne permet des offres en temps r\u00e9el bas\u00e9es sur l'IA, y compris l'analyse de faisabilit\u00e9, une collaboration inter-\u00e9quipes transparente et de nombreux outils pour soutenir les projets de prototypage et de production.<\/p>","protected":false},"author":8,"featured_media":0,"comment_status":"closed","ping_status":"closed","sticky":false,"template":"","format":"standard","meta":{"_acf_changed":false,"_yoast_wpseo_focuskw":"Fertigungsplattform","_yoast_wpseo_metadesc":"Eine neue Fertigungsplattform von Protolabs erm\u00f6glicht KI-gest\u00fctzte Echtzeit-Angebote zur Unterst\u00fctzung von Prototyping.","articlekey":"","footnotes":""},"categories":[582],"tags":[393,605,5838],"class_list":["post-44877","post","type-post","status-publish","format-standard","hentry","category-operational-excellence","tag-produkte","tag-qualitaetsmanagement","tag-rapid-prototyping"],"acf":[],"yoast_head":"<!-- This site is optimized with the Yoast SEO plugin v27.5 - https:\/\/yoast.com\/product\/yoast-seo-wordpress\/ -->\n<title>Protolabs lanciert KI-gest\u00fctzte Fertigungsplattform ProDesk - Organisator<\/title>\n<meta name=\"description\" content=\"Eine neue Fertigungsplattform von Protolabs erm\u00f6glicht KI-gest\u00fctzte Echtzeit-Angebote zur Unterst\u00fctzung von Prototyping.\" \/>\n<meta name=\"robots\" content=\"index, follow, max-snippet:-1, max-image-preview:large, max-video-preview:-1\" \/>\n<link rel=\"canonical\" href=\"https:\/\/www.organisator.ch\/fr\/excellence-operationnelle\/2026-02-20\/protolabs-lanciert-ki-gestuetzte-fertigungsplattform-prodesk\/\" \/>\n<meta property=\"og:locale\" content=\"fr_FR\" \/>\n<meta property=\"og:type\" content=\"article\" \/>\n<meta property=\"og:title\" content=\"Protolabs lanciert KI-gest\u00fctzte Fertigungsplattform ProDesk - Organisator\" \/>\n<meta property=\"og:description\" content=\"Eine neue Fertigungsplattform von Protolabs erm\u00f6glicht KI-gest\u00fctzte Echtzeit-Angebote zur Unterst\u00fctzung von Prototyping.\" \/>\n<meta property=\"og:url\" content=\"https:\/\/www.organisator.ch\/fr\/excellence-operationnelle\/2026-02-20\/protolabs-lanciert-ki-gestuetzte-fertigungsplattform-prodesk\/\" \/>\n<meta property=\"og:site_name\" content=\"Organisator\" \/>\n<meta property=\"article:publisher\" content=\"https:\/\/www.facebook.com\/OrganisatorFachmagazin\" \/>\n<meta property=\"article:published_time\" content=\"2026-02-20T12:52:11+00:00\" \/>\n<meta property=\"article:modified_time\" content=\"2026-02-20T13:15:14+00:00\" \/>\n<meta name=\"author\" content=\"galledia\" \/>\n<meta name=\"twitter:card\" content=\"summary_large_image\" \/>\n<meta name=\"twitter:creator\" content=\"@admin\" \/>\n<script type=\"application\/ld+json\" class=\"yoast-schema-graph\">{\"@context\":\"https:\\\/\\\/schema.org\",\"@graph\":[{\"@type\":\"Article\",\"@id\":\"https:\\\/\\\/www.organisator.ch\\\/operational-excellence\\\/2026-02-20\\\/protolabs-lanciert-ki-gestuetzte-fertigungsplattform-prodesk\\\/#article\",\"isPartOf\":{\"@id\":\"https:\\\/\\\/www.organisator.ch\\\/operational-excellence\\\/2026-02-20\\\/protolabs-lanciert-ki-gestuetzte-fertigungsplattform-prodesk\\\/\"},\"author\":{\"name\":\"galledia\",\"@id\":\"https:\\\/\\\/www.organisator.ch\\\/#\\\/schema\\\/person\\\/4e51799071cd2dd1232ac003643ef5f0\"},\"headline\":\"Protolabs lanciert KI-gest\u00fctzte Fertigungsplattform ProDesk\",\"datePublished\":\"2026-02-20T12:52:11+00:00\",\"dateModified\":\"2026-02-20T13:15:14+00:00\",\"mainEntityOfPage\":{\"@id\":\"https:\\\/\\\/www.organisator.ch\\\/operational-excellence\\\/2026-02-20\\\/protolabs-lanciert-ki-gestuetzte-fertigungsplattform-prodesk\\\/\"},\"wordCount\":528,\"publisher\":{\"@id\":\"https:\\\/\\\/www.organisator.ch\\\/#organization\"},\"image\":{\"@id\":\"https:\\\/\\\/www.organisator.ch\\\/operational-excellence\\\/2026-02-20\\\/protolabs-lanciert-ki-gestuetzte-fertigungsplattform-prodesk\\\/#primaryimage\"},\"thumbnailUrl\":\"https:\\\/\\\/www.m-q.ch\\\/wp-content\\\/uploads\\\/2026\\\/02\\\/Protolabs-lanciert-KI-gestuetzte-Fertigungsplattform-ProDesk_MQ.png\",\"keywords\":[\"Produkte\",\"Qualit\u00e4tsmanagement\",\"Rapid Prototyping\"],\"articleSection\":[\"OPERATIONAL EXCELLENCE\"],\"inLanguage\":\"fr-FR\"},{\"@type\":\"WebPage\",\"@id\":\"https:\\\/\\\/www.organisator.ch\\\/operational-excellence\\\/2026-02-20\\\/protolabs-lanciert-ki-gestuetzte-fertigungsplattform-prodesk\\\/\",\"url\":\"https:\\\/\\\/www.organisator.ch\\\/operational-excellence\\\/2026-02-20\\\/protolabs-lanciert-ki-gestuetzte-fertigungsplattform-prodesk\\\/\",\"name\":\"Protolabs lanciert KI-gest\u00fctzte Fertigungsplattform ProDesk - Organisator\",\"isPartOf\":{\"@id\":\"https:\\\/\\\/www.organisator.ch\\\/#website\"},\"primaryImageOfPage\":{\"@id\":\"https:\\\/\\\/www.organisator.ch\\\/operational-excellence\\\/2026-02-20\\\/protolabs-lanciert-ki-gestuetzte-fertigungsplattform-prodesk\\\/#primaryimage\"},\"image\":{\"@id\":\"https:\\\/\\\/www.organisator.ch\\\/operational-excellence\\\/2026-02-20\\\/protolabs-lanciert-ki-gestuetzte-fertigungsplattform-prodesk\\\/#primaryimage\"},\"thumbnailUrl\":\"https:\\\/\\\/www.m-q.ch\\\/wp-content\\\/uploads\\\/2026\\\/02\\\/Protolabs-lanciert-KI-gestuetzte-Fertigungsplattform-ProDesk_MQ.png\",\"datePublished\":\"2026-02-20T12:52:11+00:00\",\"dateModified\":\"2026-02-20T13:15:14+00:00\",\"description\":\"Eine neue Fertigungsplattform von Protolabs erm\u00f6glicht KI-gest\u00fctzte Echtzeit-Angebote zur Unterst\u00fctzung von Prototyping.\",\"breadcrumb\":{\"@id\":\"https:\\\/\\\/www.organisator.ch\\\/operational-excellence\\\/2026-02-20\\\/protolabs-lanciert-ki-gestuetzte-fertigungsplattform-prodesk\\\/#breadcrumb\"},\"inLanguage\":\"fr-FR\",\"potentialAction\":[{\"@type\":\"ReadAction\",\"target\":[\"https:\\\/\\\/www.organisator.ch\\\/operational-excellence\\\/2026-02-20\\\/protolabs-lanciert-ki-gestuetzte-fertigungsplattform-prodesk\\\/\"]}]},{\"@type\":\"ImageObject\",\"inLanguage\":\"fr-FR\",\"@id\":\"https:\\\/\\\/www.organisator.ch\\\/operational-excellence\\\/2026-02-20\\\/protolabs-lanciert-ki-gestuetzte-fertigungsplattform-prodesk\\\/#primaryimage\",\"url\":\"https:\\\/\\\/www.m-q.ch\\\/wp-content\\\/uploads\\\/2026\\\/02\\\/Protolabs-lanciert-KI-gestuetzte-Fertigungsplattform-ProDesk_MQ.png\",\"contentUrl\":\"https:\\\/\\\/www.m-q.ch\\\/wp-content\\\/uploads\\\/2026\\\/02\\\/Protolabs-lanciert-KI-gestuetzte-Fertigungsplattform-ProDesk_MQ.png\"},{\"@type\":\"BreadcrumbList\",\"@id\":\"https:\\\/\\\/www.organisator.ch\\\/operational-excellence\\\/2026-02-20\\\/protolabs-lanciert-ki-gestuetzte-fertigungsplattform-prodesk\\\/#breadcrumb\",\"itemListElement\":[{\"@type\":\"ListItem\",\"position\":1,\"name\":\"Home\",\"item\":\"https:\\\/\\\/www.organisator.ch\\\/\"},{\"@type\":\"ListItem\",\"position\":2,\"name\":\"Protolabs lanciert KI-gest\u00fctzte Fertigungsplattform ProDesk\"}]},{\"@type\":\"WebSite\",\"@id\":\"https:\\\/\\\/www.organisator.ch\\\/#website\",\"url\":\"https:\\\/\\\/www.organisator.ch\\\/\",\"name\":\"Organisator\",\"description\":\"Kompetent. Praxisnah. Der ORGANISATOR bereitet in 10 Ausgaben pro Jahr die wesentlichen Themen f\u00fcr F\u00fchrungskr\u00e4fte von KMU auf.\",\"publisher\":{\"@id\":\"https:\\\/\\\/www.organisator.ch\\\/#organization\"},\"potentialAction\":[{\"@type\":\"SearchAction\",\"target\":{\"@type\":\"EntryPoint\",\"urlTemplate\":\"https:\\\/\\\/www.organisator.ch\\\/?s={search_term_string}\"},\"query-input\":{\"@type\":\"PropertyValueSpecification\",\"valueRequired\":true,\"valueName\":\"search_term_string\"}}],\"inLanguage\":\"fr-FR\"},{\"@type\":\"Organization\",\"@id\":\"https:\\\/\\\/www.organisator.ch\\\/#organization\",\"name\":\"Organisator\",\"url\":\"https:\\\/\\\/www.organisator.ch\\\/\",\"logo\":{\"@type\":\"ImageObject\",\"inLanguage\":\"fr-FR\",\"@id\":\"https:\\\/\\\/www.organisator.ch\\\/#\\\/schema\\\/logo\\\/image\\\/\",\"url\":\"https:\\\/\\\/www.organisator.ch\\\/wp-content\\\/uploads\\\/2022\\\/01\\\/Logo_Organisator_Website.png\",\"contentUrl\":\"https:\\\/\\\/www.organisator.ch\\\/wp-content\\\/uploads\\\/2022\\\/01\\\/Logo_Organisator_Website.png\",\"width\":800,\"height\":77,\"caption\":\"Organisator\"},\"image\":{\"@id\":\"https:\\\/\\\/www.organisator.ch\\\/#\\\/schema\\\/logo\\\/image\\\/\"},\"sameAs\":[\"https:\\\/\\\/www.facebook.com\\\/OrganisatorFachmagazin\",\"https:\\\/\\\/www.linkedin.com\\\/showcase\\\/organisator-das-magazin-fr-kmu\",\"https:\\\/\\\/www.xing.com\\\/news\\\/pages\\\/organisator-ch-695\",\"https:\\\/\\\/www.youtube.com\\\/channel\\\/UCGP2Sq0iWaZwT3BdIAQFYpw\"]},{\"@type\":\"Person\",\"@id\":\"https:\\\/\\\/www.organisator.ch\\\/#\\\/schema\\\/person\\\/4e51799071cd2dd1232ac003643ef5f0\",\"name\":\"galledia\",\"image\":{\"@type\":\"ImageObject\",\"inLanguage\":\"fr-FR\",\"@id\":\"https:\\\/\\\/secure.gravatar.com\\\/avatar\\\/78a7f90c01fc2bfc875782a0d4922b37cde2cf184ce347b91316d23cd7f69a36?s=96&d=mm&r=g\",\"url\":\"https:\\\/\\\/secure.gravatar.com\\\/avatar\\\/78a7f90c01fc2bfc875782a0d4922b37cde2cf184ce347b91316d23cd7f69a36?s=96&d=mm&r=g\",\"contentUrl\":\"https:\\\/\\\/secure.gravatar.com\\\/avatar\\\/78a7f90c01fc2bfc875782a0d4922b37cde2cf184ce347b91316d23cd7f69a36?s=96&d=mm&r=g\",\"caption\":\"galledia\"},\"sameAs\":[\"https:\\\/\\\/x.com\\\/admin\"],\"url\":\"https:\\\/\\\/www.organisator.ch\\\/fr\\\/author\\\/galledia\\\/\"}]}<\/script>\n<!-- \/ Yoast SEO plugin. -->","yoast_head_json":{"title":"Protolabs lance ProDesk, une plate-forme de fabrication bas\u00e9e sur l'IA - Organisateur","description":"Une nouvelle plateforme de fabrication de Protolabs permet des offres en temps r\u00e9el bas\u00e9es sur l'IA pour soutenir le prototypage.","robots":{"index":"index","follow":"follow","max-snippet":"max-snippet:-1","max-image-preview":"max-image-preview:large","max-video-preview":"max-video-preview:-1"},"canonical":"https:\/\/www.organisator.ch\/fr\/excellence-operationnelle\/2026-02-20\/protolabs-lanciert-ki-gestuetzte-fertigungsplattform-prodesk\/","og_locale":"fr_FR","og_type":"article","og_title":"Protolabs lanciert KI-gest\u00fctzte Fertigungsplattform ProDesk - Organisator","og_description":"Eine neue Fertigungsplattform von Protolabs erm\u00f6glicht KI-gest\u00fctzte Echtzeit-Angebote zur Unterst\u00fctzung von Prototyping.","og_url":"https:\/\/www.organisator.ch\/fr\/excellence-operationnelle\/2026-02-20\/protolabs-lanciert-ki-gestuetzte-fertigungsplattform-prodesk\/","og_site_name":"Organisator","article_publisher":"https:\/\/www.facebook.com\/OrganisatorFachmagazin","article_published_time":"2026-02-20T12:52:11+00:00","article_modified_time":"2026-02-20T13:15:14+00:00","author":"galledia","twitter_card":"summary_large_image","twitter_creator":"@admin","schema":{"@context":"https:\/\/schema.org","@graph":[{"@type":"Article","@id":"https:\/\/www.organisator.ch\/operational-excellence\/2026-02-20\/protolabs-lanciert-ki-gestuetzte-fertigungsplattform-prodesk\/#article","isPartOf":{"@id":"https:\/\/www.organisator.ch\/operational-excellence\/2026-02-20\/protolabs-lanciert-ki-gestuetzte-fertigungsplattform-prodesk\/"},"author":{"name":"galledia","@id":"https:\/\/www.organisator.ch\/#\/schema\/person\/4e51799071cd2dd1232ac003643ef5f0"},"headline":"Protolabs lanciert KI-gest\u00fctzte Fertigungsplattform ProDesk","datePublished":"2026-02-20T12:52:11+00:00","dateModified":"2026-02-20T13:15:14+00:00","mainEntityOfPage":{"@id":"https:\/\/www.organisator.ch\/operational-excellence\/2026-02-20\/protolabs-lanciert-ki-gestuetzte-fertigungsplattform-prodesk\/"},"wordCount":528,"publisher":{"@id":"https:\/\/www.organisator.ch\/#organization"},"image":{"@id":"https:\/\/www.organisator.ch\/operational-excellence\/2026-02-20\/protolabs-lanciert-ki-gestuetzte-fertigungsplattform-prodesk\/#primaryimage"},"thumbnailUrl":"https:\/\/www.m-q.ch\/wp-content\/uploads\/2026\/02\/Protolabs-lanciert-KI-gestuetzte-Fertigungsplattform-ProDesk_MQ.png","keywords":["Produkte","Qualit\u00e4tsmanagement","Rapid Prototyping"],"articleSection":["OPERATIONAL EXCELLENCE"],"inLanguage":"fr-FR"},{"@type":"WebPage","@id":"https:\/\/www.organisator.ch\/operational-excellence\/2026-02-20\/protolabs-lanciert-ki-gestuetzte-fertigungsplattform-prodesk\/","url":"https:\/\/www.organisator.ch\/operational-excellence\/2026-02-20\/protolabs-lanciert-ki-gestuetzte-fertigungsplattform-prodesk\/","name":"Protolabs lance ProDesk, une plate-forme de fabrication bas\u00e9e sur l'IA - Organisateur","isPartOf":{"@id":"https:\/\/www.organisator.ch\/#website"},"primaryImageOfPage":{"@id":"https:\/\/www.organisator.ch\/operational-excellence\/2026-02-20\/protolabs-lanciert-ki-gestuetzte-fertigungsplattform-prodesk\/#primaryimage"},"image":{"@id":"https:\/\/www.organisator.ch\/operational-excellence\/2026-02-20\/protolabs-lanciert-ki-gestuetzte-fertigungsplattform-prodesk\/#primaryimage"},"thumbnailUrl":"https:\/\/www.m-q.ch\/wp-content\/uploads\/2026\/02\/Protolabs-lanciert-KI-gestuetzte-Fertigungsplattform-ProDesk_MQ.png","datePublished":"2026-02-20T12:52:11+00:00","dateModified":"2026-02-20T13:15:14+00:00","description":"Une nouvelle plateforme de fabrication de Protolabs permet des offres en temps r\u00e9el bas\u00e9es sur l'IA pour soutenir le prototypage.","breadcrumb":{"@id":"https:\/\/www.organisator.ch\/operational-excellence\/2026-02-20\/protolabs-lanciert-ki-gestuetzte-fertigungsplattform-prodesk\/#breadcrumb"},"inLanguage":"fr-FR","potentialAction":[{"@type":"ReadAction","target":["https:\/\/www.organisator.ch\/operational-excellence\/2026-02-20\/protolabs-lanciert-ki-gestuetzte-fertigungsplattform-prodesk\/"]}]},{"@type":"ImageObject","inLanguage":"fr-FR","@id":"https:\/\/www.organisator.ch\/operational-excellence\/2026-02-20\/protolabs-lanciert-ki-gestuetzte-fertigungsplattform-prodesk\/#primaryimage","url":"https:\/\/www.m-q.ch\/wp-content\/uploads\/2026\/02\/Protolabs-lanciert-KI-gestuetzte-Fertigungsplattform-ProDesk_MQ.png","contentUrl":"https:\/\/www.m-q.ch\/wp-content\/uploads\/2026\/02\/Protolabs-lanciert-KI-gestuetzte-Fertigungsplattform-ProDesk_MQ.png"},{"@type":"BreadcrumbList","@id":"https:\/\/www.organisator.ch\/operational-excellence\/2026-02-20\/protolabs-lanciert-ki-gestuetzte-fertigungsplattform-prodesk\/#breadcrumb","itemListElement":[{"@type":"ListItem","position":1,"name":"Home","item":"https:\/\/www.organisator.ch\/"},{"@type":"ListItem","position":2,"name":"Protolabs lanciert KI-gest\u00fctzte Fertigungsplattform ProDesk"}]},{"@type":"WebSite","@id":"https:\/\/www.organisator.ch\/#website","url":"https:\/\/www.organisator.ch\/","name":"Organisateur","description":"Comp\u00e9tence et comp\u00e9tence. Proches de la pratique. L'ORGANISATEUR pr\u00e9pare 10 num\u00e9ros par an sur les th\u00e8mes essentiels pour les dirigeants de PME.","publisher":{"@id":"https:\/\/www.organisator.ch\/#organization"},"potentialAction":[{"@type":"SearchAction","target":{"@type":"EntryPoint","urlTemplate":"https:\/\/www.organisator.ch\/?s={search_term_string}"},"query-input":{"@type":"PropertyValueSpecification","valueRequired":true,"valueName":"search_term_string"}}],"inLanguage":"fr-FR"},{"@type":"Organization","@id":"https:\/\/www.organisator.ch\/#organization","name":"Organisateur","url":"https:\/\/www.organisator.ch\/","logo":{"@type":"ImageObject","inLanguage":"fr-FR","@id":"https:\/\/www.organisator.ch\/#\/schema\/logo\/image\/","url":"https:\/\/www.organisator.ch\/wp-content\/uploads\/2022\/01\/Logo_Organisator_Website.png","contentUrl":"https:\/\/www.organisator.ch\/wp-content\/uploads\/2022\/01\/Logo_Organisator_Website.png","width":800,"height":77,"caption":"Organisator"},"image":{"@id":"https:\/\/www.organisator.ch\/#\/schema\/logo\/image\/"},"sameAs":["https:\/\/www.facebook.com\/OrganisatorFachmagazin","https:\/\/www.linkedin.com\/showcase\/organisator-das-magazin-fr-kmu","https:\/\/www.xing.com\/news\/pages\/organisator-ch-695","https:\/\/www.youtube.com\/channel\/UCGP2Sq0iWaZwT3BdIAQFYpw"]},{"@type":"Person","@id":"https:\/\/www.organisator.ch\/#\/schema\/person\/4e51799071cd2dd1232ac003643ef5f0","name":"galledia","image":{"@type":"ImageObject","inLanguage":"fr-FR","@id":"https:\/\/secure.gravatar.com\/avatar\/78a7f90c01fc2bfc875782a0d4922b37cde2cf184ce347b91316d23cd7f69a36?s=96&d=mm&r=g","url":"https:\/\/secure.gravatar.com\/avatar\/78a7f90c01fc2bfc875782a0d4922b37cde2cf184ce347b91316d23cd7f69a36?s=96&d=mm&r=g","contentUrl":"https:\/\/secure.gravatar.com\/avatar\/78a7f90c01fc2bfc875782a0d4922b37cde2cf184ce347b91316d23cd7f69a36?s=96&d=mm&r=g","caption":"galledia"},"sameAs":["https:\/\/x.com\/admin"],"url":"https:\/\/www.organisator.ch\/fr\/author\/galledia\/"}]}},"_links":{"self":[{"href":"https:\/\/www.organisator.ch\/fr\/wp-json\/wp\/v2\/posts\/44877","targetHints":{"allow":["GET"]}}],"collection":[{"href":"https:\/\/www.organisator.ch\/fr\/wp-json\/wp\/v2\/posts"}],"about":[{"href":"https:\/\/www.organisator.ch\/fr\/wp-json\/wp\/v2\/types\/post"}],"author":[{"embeddable":true,"href":"https:\/\/www.organisator.ch\/fr\/wp-json\/wp\/v2\/users\/8"}],"replies":[{"embeddable":true,"href":"https:\/\/www.organisator.ch\/fr\/wp-json\/wp\/v2\/comments?post=44877"}],"version-history":[{"count":5,"href":"https:\/\/www.organisator.ch\/fr\/wp-json\/wp\/v2\/posts\/44877\/revisions"}],"predecessor-version":[{"id":44890,"href":"https:\/\/www.organisator.ch\/fr\/wp-json\/wp\/v2\/posts\/44877\/revisions\/44890"}],"wp:attachment":[{"href":"https:\/\/www.organisator.ch\/fr\/wp-json\/wp\/v2\/media?parent=44877"}],"wp:term":[{"taxonomy":"category","embeddable":true,"href":"https:\/\/www.organisator.ch\/fr\/wp-json\/wp\/v2\/categories?post=44877"},{"taxonomy":"post_tag","embeddable":true,"href":"https:\/\/www.organisator.ch\/fr\/wp-json\/wp\/v2\/tags?post=44877"}],"curies":[{"name":"wp","href":"https:\/\/api.w.org\/{rel}","templated":true}]}}