{"id":4488,"date":"2018-11-08T08:00:35","date_gmt":"2018-11-08T07:00:35","guid":{"rendered":"https:\/\/www.organisator.ch\/?p=4488"},"modified":"2018-11-08T08:00:35","modified_gmt":"2018-11-08T07:00:35","slug":"qui-sera-livre-a-letranger-comme-for-suisse","status":"publish","type":"post","link":"https:\/\/www.organisator.ch\/fr\/management\/finanzen_recht\/2018-11-08\/wer-ins-ausland-liefert-behaelt-als-gerichtsstand-die-schweiz\/","title":{"rendered":"Celui qui livre \u00e0 l'\u00e9tranger conserve la Suisse comme lieu de juridiction."},"content":{"rendered":"<figure id=\"attachment_4489\" aria-describedby=\"caption-attachment-4489\" style=\"width: 640px\" class=\"wp-caption alignnone\"><img loading=\"lazy\" decoding=\"async\" class=\"size-full wp-image-4489\" src=\"https:\/\/www.organisator.ch\/wp-content\/uploads\/2018\/11\/Wer-ins-Ausland-liefert-behaelt-als-Gerichtsstand-die-Schweiz_Organisator.jpg\" alt=\"\" width=\"640\" height=\"473\" srcset=\"https:\/\/www.organisator.ch\/wp-content\/uploads\/2018\/11\/Wer-ins-Ausland-liefert-behaelt-als-Gerichtsstand-die-Schweiz_Organisator.jpg 640w, https:\/\/www.organisator.ch\/wp-content\/uploads\/2018\/11\/Wer-ins-Ausland-liefert-behaelt-als-Gerichtsstand-die-Schweiz_Organisator-16x12.jpg 16w, https:\/\/www.organisator.ch\/wp-content\/uploads\/2018\/11\/Wer-ins-Ausland-liefert-behaelt-als-Gerichtsstand-die-Schweiz_Organisator-237x175.jpg 237w, https:\/\/www.organisator.ch\/wp-content\/uploads\/2018\/11\/Wer-ins-Ausland-liefert-behaelt-als-Gerichtsstand-die-Schweiz_Organisator-474x350.jpg 474w, https:\/\/www.organisator.ch\/wp-content\/uploads\/2018\/11\/Wer-ins-Ausland-liefert-behaelt-als-Gerichtsstand-die-Schweiz_Organisator-300x222.jpg 300w\" sizes=\"auto, (max-width: 640px) 100vw, 640px\" \/><figcaption id=\"caption-attachment-4489\" class=\"wp-caption-text\">Raoul Egeli : la formulation des conditions g\u00e9n\u00e9rales est compliqu\u00e9e et rel\u00e8ve g\u00e9n\u00e9ralement de la comp\u00e9tence d'avocats sp\u00e9cialis\u00e9s, afin d'exclure toute interpr\u00e9tation au d\u00e9triment de l'exposant. (Image : zVg)<\/figcaption><\/figure>\n<p>Consid\u00e9rez-le comme une loi d'airain lors de toute transaction commerciale avec un client \u00e9tranger : Le for juridique est en Suisse. Cela vaut \u00e9galement pour le commerce en ligne, qui gagne en importance \u00e0 un rythme effr\u00e9n\u00e9. Aux \u00c9tats-Unis, par exemple, il est d\u00e9j\u00e0 courant de pr\u00e9voir un for aux \u00c9tats-Unis, quel que soit le lieu o\u00f9 le client a son si\u00e8ge. En outre, il faudrait \u00e9galement pr\u00e9voir un assujettissement au droit local et, enfin, exclure l'application de la Convention de Vienne sur les contrats de vente internationale de marchandises. Ce trait\u00e9 international, auquel la plupart des pays industrialis\u00e9s, dont la Suisse, ont adh\u00e9r\u00e9, d\u00e9finit les r\u00e8gles applicables aux achats internationaux de marchandises et s'\u00e9carte en partie du droit national. Les clauses qui \u00e9cartent son applicabilit\u00e9 sont autoris\u00e9es. Dans certains cas, il faudrait v\u00e9rifier si le droit viennois de la vente pr\u00e9sente des avantages pour le vendeur. Dans ce cas, il faudrait renoncer \u00e0 une clause d'exclusion.<\/p>\n<h2>Conditions g\u00e9n\u00e9rales de vente : Toujours conserver une copie<\/h2>\n<p>Les conditions g\u00e9n\u00e9rales de vente ne sont valables que si elles sont accept\u00e9es par les deux parties. Dans le commerce en ligne, il est courant qu'une case \u00e0 cocher portant la mention \"J'ai lu et accept\u00e9 les conditions g\u00e9n\u00e9rales de vente\" s'affiche dans la boutique en ligne avant l'ex\u00e9cution de la commande. Celles-ci doivent bien entendu \u00eatre mises \u00e0 disposition pour lecture \u00e0 cette occasion. La r\u00e8gle suivante s'applique : plus la d\u00e9claration de volont\u00e9 du client est explicite, plus la probabilit\u00e9 qu'un tribunal accepte les conditions g\u00e9n\u00e9rales de vente en cas de litige est grande. En r\u00e8gle g\u00e9n\u00e9rale, les conditions g\u00e9n\u00e9rales sont r\u00e9guli\u00e8rement mises \u00e0 jour. C'est pourquoi il est recommand\u00e9 de conserver une copie de chaque version.<\/p>\n<h2>Ce qui doit figurer dans chaque CGV<\/h2>\n<p>La r\u00e9daction des CGV est compliqu\u00e9e et rel\u00e8ve g\u00e9n\u00e9ralement de la comp\u00e9tence d'avocats sp\u00e9cialis\u00e9s, afin d'exclure toute interpr\u00e9tation au d\u00e9triment de l'\u00e9metteur. Chaque CG doit contenir<\/p>\n<ul>\n<li>Garantie<\/li>\n<li>Garantie<\/li>\n<li>Protection des donn\u00e9es<\/li>\n<li>Commandes<\/li>\n<li>Conditions de facturation et de paiement<\/li>\n<li>Taxe sur la valeur ajout\u00e9e<\/li>\n<li>Livraison et d\u00e9lais de livraison<\/li>\n<li>Zones d'exp\u00e9dition<\/li>\n<li>Responsabilit\u00e9<\/li>\n<li>droit applicable et juridiction comp\u00e9tente<\/li>\n<\/ul>\n<p>Les d\u00e9clarations abusives telles que \"Le risque d'exp\u00e9dition est \u00e0 la charge de l'acheteur\" ne sont pas autoris\u00e9es. Les clauses qui impliquent un risque accru pour les acheteurs doivent \u00eatre clairement mises en \u00e9vidence.<\/p>\n<p>&nbsp;<\/p>\n<p><em><strong>Auteur : <\/strong><\/em><em>Raoul Egeli est pr\u00e9sident de l'Union suisse Creditreform depuis 2008, pr\u00e9sident de Creditreform International depuis 2014 et membre de la Chambre des m\u00e9tiers de l'USAM. Il est en outre directeur des soci\u00e9t\u00e9s Creditreform Egeli \u00e0 B\u00e2le, Saint-Gall et Zurich. De 2009 \u00e0 2013, il a \u00e9t\u00e9 pr\u00e9sident central de TREUHAND|SUISSE. Raoul Egeli est l'auteur de plusieurs ouvrages sp\u00e9cialis\u00e9s sur le th\u00e8me du cr\u00e9dit et de la gestion des cr\u00e9ances. <a href=\"http:\/\/www.creditreform.ch\">www.creditreform.ch<\/a><\/em><\/p>","protected":false},"excerpt":{"rendered":"<p>Betrachten Sie es als ehernes Gesetz bei jedem Gesch\u00e4ftsabschluss mit einem ausl\u00e4ndischen Kunden: Der Gerichtsstand liegt in der Schweiz. Das gilt uneingeschr\u00e4nkt auch im Onlinehandel, der in rasantem Tempo an Bedeutung gewinnt. In den Vereinigen Staaten ist es beispielsweise bereits jetzt g\u00e4ngige Praxis, einen Gerichtsstand in den USA vorzusehen, unabh\u00e4ngig davon, wo der Kunde seinen [&hellip;]<\/p>\n","protected":false},"author":4,"featured_media":4489,"comment_status":"open","ping_status":"open","sticky":false,"template":"","format":"standard","meta":{"_acf_changed":false,"_yoast_wpseo_focuskw":"Gerichtsstand","_yoast_wpseo_metadesc":"Die AGB m\u00fcssen klar und eindeutig formuliert sein, insbesondere, was den Gerichtsstand betrifft: Es ist in jedem Fall die Schweiz.","articlekey":"","footnotes":""},"categories":[24],"tags":[115,202,272,367],"class_list":["post-4488","post","type-post","status-publish","format-standard","has-post-thumbnail","hentry","category-finanzen_recht","tag-checklisten","tag-finanzenrecht","tag-inkasso","tag-online-handel"],"acf":[],"yoast_head":"<!-- This site is optimized with the Yoast SEO plugin v27.5 - https:\/\/yoast.com\/product\/yoast-seo-wordpress\/ -->\n<title>Wer ins Ausland liefert, beh\u00e4lt als Gerichtsstand die Schweiz - Organisator<\/title>\n<meta name=\"description\" content=\"Die AGB m\u00fcssen klar und eindeutig formuliert sein, insbesondere, was den Gerichtsstand betrifft: Es ist in jedem Fall die Schweiz.\" \/>\n<meta name=\"robots\" content=\"index, follow, max-snippet:-1, max-image-preview:large, max-video-preview:-1\" \/>\n<link rel=\"canonical\" href=\"https:\/\/www.organisator.ch\/fr\/gestion-2\/finanzen_recht\/2018-11-08\/qui-sera-livre-a-letranger-comme-for-suisse\/\" \/>\n<meta property=\"og:locale\" content=\"fr_FR\" \/>\n<meta property=\"og:type\" content=\"article\" \/>\n<meta property=\"og:title\" content=\"Wer ins Ausland liefert, beh\u00e4lt als Gerichtsstand die Schweiz\" \/>\n<meta property=\"og:description\" content=\"Experte Raoul Egeli: Die AGB m\u00fcssen klar und eindeutig formuliert sein, insbesondere, was den Gerichtsstand betrifft: Es ist in jedem Fall die Schweiz.\" \/>\n<meta property=\"og:url\" content=\"https:\/\/www.organisator.ch\/fr\/gestion-2\/finanzen_recht\/2018-11-08\/qui-sera-livre-a-letranger-comme-for-suisse\/\" \/>\n<meta property=\"og:site_name\" content=\"Organisator\" \/>\n<meta property=\"article:publisher\" content=\"https:\/\/www.facebook.com\/OrganisatorFachmagazin\" \/>\n<meta property=\"article:published_time\" content=\"2018-11-08T07:00:35+00:00\" \/>\n<meta property=\"og:image\" content=\"https:\/\/www.organisator.ch\/wp-content\/uploads\/2018\/11\/Wer-ins-Ausland-liefert-behaelt-als-Gerichtsstand-die-Schweiz_Organisator.jpg\" \/>\n\t<meta property=\"og:image:width\" content=\"640\" \/>\n\t<meta property=\"og:image:height\" content=\"473\" \/>\n\t<meta property=\"og:image:type\" content=\"image\/jpeg\" \/>\n<meta name=\"author\" content=\"thomas.berner\" \/>\n<meta name=\"twitter:card\" content=\"summary_large_image\" \/>\n<meta name=\"twitter:title\" content=\"Wer ins Ausland liefert, beh\u00e4lt als #Gerichtsstand die Schweiz\" \/>\n<meta name=\"twitter:description\" content=\"Experte Raoul #Egeli: Die AGB m\u00fcssen klar und eindeutig formuliert sein, insbesondere, was den #Gerichtsstand betrifft: Es ist in jedem Fall die Schweiz.\" \/>\n<meta name=\"twitter:image\" content=\"https:\/\/www.organisator.ch\/wp-content\/uploads\/2018\/11\/Wer-ins-Ausland-liefert-beh\u00e4lt-als-Gerichtsstand-die-Schweiz_Organisator.jpg\" \/>\n<script type=\"application\/ld+json\" class=\"yoast-schema-graph\">{\"@context\":\"https:\\\/\\\/schema.org\",\"@graph\":[{\"@type\":\"Article\",\"@id\":\"https:\\\/\\\/www.organisator.ch\\\/management\\\/finanzen_recht\\\/2018-11-08\\\/wer-ins-ausland-liefert-behaelt-als-gerichtsstand-die-schweiz\\\/#article\",\"isPartOf\":{\"@id\":\"https:\\\/\\\/www.organisator.ch\\\/management\\\/finanzen_recht\\\/2018-11-08\\\/wer-ins-ausland-liefert-behaelt-als-gerichtsstand-die-schweiz\\\/\"},\"author\":{\"name\":\"thomas.berner\",\"@id\":\"https:\\\/\\\/www.organisator.ch\\\/#\\\/schema\\\/person\\\/6f650f90b2842cd4c0cc334b4e36f67e\"},\"headline\":\"Wer ins Ausland liefert, beh\u00e4lt als Gerichtsstand die Schweiz\",\"datePublished\":\"2018-11-08T07:00:35+00:00\",\"mainEntityOfPage\":{\"@id\":\"https:\\\/\\\/www.organisator.ch\\\/management\\\/finanzen_recht\\\/2018-11-08\\\/wer-ins-ausland-liefert-behaelt-als-gerichtsstand-die-schweiz\\\/\"},\"wordCount\":461,\"commentCount\":0,\"publisher\":{\"@id\":\"https:\\\/\\\/www.organisator.ch\\\/#organization\"},\"image\":{\"@id\":\"https:\\\/\\\/www.organisator.ch\\\/management\\\/finanzen_recht\\\/2018-11-08\\\/wer-ins-ausland-liefert-behaelt-als-gerichtsstand-die-schweiz\\\/#primaryimage\"},\"thumbnailUrl\":\"https:\\\/\\\/www.organisator.ch\\\/wp-content\\\/uploads\\\/2018\\\/11\\\/Wer-ins-Ausland-liefert-behaelt-als-Gerichtsstand-die-Schweiz_Organisator.jpg\",\"keywords\":[\"Checklisten\",\"Finanzen\\\/Recht\",\"Inkasso\",\"Online-Handel\"],\"articleSection\":[\"FINANZEN\\\/RECHT\"],\"inLanguage\":\"fr-FR\"},{\"@type\":\"WebPage\",\"@id\":\"https:\\\/\\\/www.organisator.ch\\\/management\\\/finanzen_recht\\\/2018-11-08\\\/wer-ins-ausland-liefert-behaelt-als-gerichtsstand-die-schweiz\\\/\",\"url\":\"https:\\\/\\\/www.organisator.ch\\\/management\\\/finanzen_recht\\\/2018-11-08\\\/wer-ins-ausland-liefert-behaelt-als-gerichtsstand-die-schweiz\\\/\",\"name\":\"Wer ins Ausland liefert, beh\u00e4lt als Gerichtsstand die Schweiz - Organisator\",\"isPartOf\":{\"@id\":\"https:\\\/\\\/www.organisator.ch\\\/#website\"},\"primaryImageOfPage\":{\"@id\":\"https:\\\/\\\/www.organisator.ch\\\/management\\\/finanzen_recht\\\/2018-11-08\\\/wer-ins-ausland-liefert-behaelt-als-gerichtsstand-die-schweiz\\\/#primaryimage\"},\"image\":{\"@id\":\"https:\\\/\\\/www.organisator.ch\\\/management\\\/finanzen_recht\\\/2018-11-08\\\/wer-ins-ausland-liefert-behaelt-als-gerichtsstand-die-schweiz\\\/#primaryimage\"},\"thumbnailUrl\":\"https:\\\/\\\/www.organisator.ch\\\/wp-content\\\/uploads\\\/2018\\\/11\\\/Wer-ins-Ausland-liefert-behaelt-als-Gerichtsstand-die-Schweiz_Organisator.jpg\",\"datePublished\":\"2018-11-08T07:00:35+00:00\",\"description\":\"Die AGB m\u00fcssen klar und eindeutig formuliert sein, insbesondere, was den Gerichtsstand betrifft: Es ist in jedem Fall die Schweiz.\",\"breadcrumb\":{\"@id\":\"https:\\\/\\\/www.organisator.ch\\\/management\\\/finanzen_recht\\\/2018-11-08\\\/wer-ins-ausland-liefert-behaelt-als-gerichtsstand-die-schweiz\\\/#breadcrumb\"},\"inLanguage\":\"fr-FR\",\"potentialAction\":[{\"@type\":\"ReadAction\",\"target\":[\"https:\\\/\\\/www.organisator.ch\\\/management\\\/finanzen_recht\\\/2018-11-08\\\/wer-ins-ausland-liefert-behaelt-als-gerichtsstand-die-schweiz\\\/\"]}]},{\"@type\":\"ImageObject\",\"inLanguage\":\"fr-FR\",\"@id\":\"https:\\\/\\\/www.organisator.ch\\\/management\\\/finanzen_recht\\\/2018-11-08\\\/wer-ins-ausland-liefert-behaelt-als-gerichtsstand-die-schweiz\\\/#primaryimage\",\"url\":\"https:\\\/\\\/www.organisator.ch\\\/wp-content\\\/uploads\\\/2018\\\/11\\\/Wer-ins-Ausland-liefert-behaelt-als-Gerichtsstand-die-Schweiz_Organisator.jpg\",\"contentUrl\":\"https:\\\/\\\/www.organisator.ch\\\/wp-content\\\/uploads\\\/2018\\\/11\\\/Wer-ins-Ausland-liefert-behaelt-als-Gerichtsstand-die-Schweiz_Organisator.jpg\",\"width\":640,\"height\":473,\"caption\":\"Raoul Egeli: Das Ausformulieren der AGB ist kompliziert und meistens eine Sache f\u00fcr spezialisierte Anw\u00e4lte, damit eine Auslegung zulasten des Ausstellers ausgeschlossen werden kann. (Bild: zVg)\"},{\"@type\":\"BreadcrumbList\",\"@id\":\"https:\\\/\\\/www.organisator.ch\\\/management\\\/finanzen_recht\\\/2018-11-08\\\/wer-ins-ausland-liefert-behaelt-als-gerichtsstand-die-schweiz\\\/#breadcrumb\",\"itemListElement\":[{\"@type\":\"ListItem\",\"position\":1,\"name\":\"Home\",\"item\":\"https:\\\/\\\/www.organisator.ch\\\/\"},{\"@type\":\"ListItem\",\"position\":2,\"name\":\"Wer ins Ausland liefert, beh\u00e4lt als Gerichtsstand die Schweiz\"}]},{\"@type\":\"WebSite\",\"@id\":\"https:\\\/\\\/www.organisator.ch\\\/#website\",\"url\":\"https:\\\/\\\/www.organisator.ch\\\/\",\"name\":\"Organisator\",\"description\":\"Kompetent. Praxisnah. Der ORGANISATOR bereitet in 10 Ausgaben pro Jahr die wesentlichen Themen f\u00fcr F\u00fchrungskr\u00e4fte von KMU auf.\",\"publisher\":{\"@id\":\"https:\\\/\\\/www.organisator.ch\\\/#organization\"},\"potentialAction\":[{\"@type\":\"SearchAction\",\"target\":{\"@type\":\"EntryPoint\",\"urlTemplate\":\"https:\\\/\\\/www.organisator.ch\\\/?s={search_term_string}\"},\"query-input\":{\"@type\":\"PropertyValueSpecification\",\"valueRequired\":true,\"valueName\":\"search_term_string\"}}],\"inLanguage\":\"fr-FR\"},{\"@type\":\"Organization\",\"@id\":\"https:\\\/\\\/www.organisator.ch\\\/#organization\",\"name\":\"Organisator\",\"url\":\"https:\\\/\\\/www.organisator.ch\\\/\",\"logo\":{\"@type\":\"ImageObject\",\"inLanguage\":\"fr-FR\",\"@id\":\"https:\\\/\\\/www.organisator.ch\\\/#\\\/schema\\\/logo\\\/image\\\/\",\"url\":\"https:\\\/\\\/www.organisator.ch\\\/wp-content\\\/uploads\\\/2022\\\/01\\\/Logo_Organisator_Website.png\",\"contentUrl\":\"https:\\\/\\\/www.organisator.ch\\\/wp-content\\\/uploads\\\/2022\\\/01\\\/Logo_Organisator_Website.png\",\"width\":800,\"height\":77,\"caption\":\"Organisator\"},\"image\":{\"@id\":\"https:\\\/\\\/www.organisator.ch\\\/#\\\/schema\\\/logo\\\/image\\\/\"},\"sameAs\":[\"https:\\\/\\\/www.facebook.com\\\/OrganisatorFachmagazin\",\"https:\\\/\\\/www.linkedin.com\\\/showcase\\\/organisator-das-magazin-fr-kmu\",\"https:\\\/\\\/www.xing.com\\\/news\\\/pages\\\/organisator-ch-695\",\"https:\\\/\\\/www.youtube.com\\\/channel\\\/UCGP2Sq0iWaZwT3BdIAQFYpw\"]},{\"@type\":\"Person\",\"@id\":\"https:\\\/\\\/www.organisator.ch\\\/#\\\/schema\\\/person\\\/6f650f90b2842cd4c0cc334b4e36f67e\",\"name\":\"thomas.berner\",\"image\":{\"@type\":\"ImageObject\",\"inLanguage\":\"fr-FR\",\"@id\":\"https:\\\/\\\/secure.gravatar.com\\\/avatar\\\/ac5001d2a36cb6c6cd3e50789007ffca834b477b74a2144564522e944eabff61?s=96&d=mm&r=g\",\"url\":\"https:\\\/\\\/secure.gravatar.com\\\/avatar\\\/ac5001d2a36cb6c6cd3e50789007ffca834b477b74a2144564522e944eabff61?s=96&d=mm&r=g\",\"contentUrl\":\"https:\\\/\\\/secure.gravatar.com\\\/avatar\\\/ac5001d2a36cb6c6cd3e50789007ffca834b477b74a2144564522e944eabff61?s=96&d=mm&r=g\",\"caption\":\"thomas.berner\"},\"url\":\"https:\\\/\\\/www.organisator.ch\\\/fr\\\/author\\\/thomas-berner\\\/\"}]}<\/script>\n<!-- \/ Yoast SEO plugin. -->","yoast_head_json":{"title":"Celui qui livre \u00e0 l'\u00e9tranger conserve la Suisse comme lieu de juridiction - Organisateur","description":"Les CG doivent \u00eatre formul\u00e9es de mani\u00e8re claire et sans \u00e9quivoque, notamment en ce qui concerne le for juridique : il s'agit dans tous les cas de la Suisse.","robots":{"index":"index","follow":"follow","max-snippet":"max-snippet:-1","max-image-preview":"max-image-preview:large","max-video-preview":"max-video-preview:-1"},"canonical":"https:\/\/www.organisator.ch\/fr\/gestion-2\/finanzen_recht\/2018-11-08\/qui-sera-livre-a-letranger-comme-for-suisse\/","og_locale":"fr_FR","og_type":"article","og_title":"Wer ins Ausland liefert, beh\u00e4lt als Gerichtsstand die Schweiz","og_description":"Experte Raoul Egeli: Die AGB m\u00fcssen klar und eindeutig formuliert sein, insbesondere, was den Gerichtsstand betrifft: Es ist in jedem Fall die Schweiz.","og_url":"https:\/\/www.organisator.ch\/fr\/gestion-2\/finanzen_recht\/2018-11-08\/qui-sera-livre-a-letranger-comme-for-suisse\/","og_site_name":"Organisator","article_publisher":"https:\/\/www.facebook.com\/OrganisatorFachmagazin","article_published_time":"2018-11-08T07:00:35+00:00","og_image":[{"width":640,"height":473,"url":"https:\/\/www.organisator.ch\/wp-content\/uploads\/2018\/11\/Wer-ins-Ausland-liefert-behaelt-als-Gerichtsstand-die-Schweiz_Organisator.jpg","type":"image\/jpeg"}],"author":"thomas.berner","twitter_card":"summary_large_image","twitter_title":"Wer ins Ausland liefert, beh\u00e4lt als #Gerichtsstand die Schweiz","twitter_description":"Experte Raoul #Egeli: Die AGB m\u00fcssen klar und eindeutig formuliert sein, insbesondere, was den #Gerichtsstand betrifft: Es ist in jedem Fall die Schweiz.","twitter_image":"https:\/\/www.organisator.ch\/wp-content\/uploads\/2018\/11\/Wer-ins-Ausland-liefert-beh\u00e4lt-als-Gerichtsstand-die-Schweiz_Organisator.jpg","schema":{"@context":"https:\/\/schema.org","@graph":[{"@type":"Article","@id":"https:\/\/www.organisator.ch\/management\/finanzen_recht\/2018-11-08\/wer-ins-ausland-liefert-behaelt-als-gerichtsstand-die-schweiz\/#article","isPartOf":{"@id":"https:\/\/www.organisator.ch\/management\/finanzen_recht\/2018-11-08\/wer-ins-ausland-liefert-behaelt-als-gerichtsstand-die-schweiz\/"},"author":{"name":"thomas.berner","@id":"https:\/\/www.organisator.ch\/#\/schema\/person\/6f650f90b2842cd4c0cc334b4e36f67e"},"headline":"Wer ins Ausland liefert, beh\u00e4lt als Gerichtsstand die Schweiz","datePublished":"2018-11-08T07:00:35+00:00","mainEntityOfPage":{"@id":"https:\/\/www.organisator.ch\/management\/finanzen_recht\/2018-11-08\/wer-ins-ausland-liefert-behaelt-als-gerichtsstand-die-schweiz\/"},"wordCount":461,"commentCount":0,"publisher":{"@id":"https:\/\/www.organisator.ch\/#organization"},"image":{"@id":"https:\/\/www.organisator.ch\/management\/finanzen_recht\/2018-11-08\/wer-ins-ausland-liefert-behaelt-als-gerichtsstand-die-schweiz\/#primaryimage"},"thumbnailUrl":"https:\/\/www.organisator.ch\/wp-content\/uploads\/2018\/11\/Wer-ins-Ausland-liefert-behaelt-als-Gerichtsstand-die-Schweiz_Organisator.jpg","keywords":["Checklisten","Finanzen\/Recht","Inkasso","Online-Handel"],"articleSection":["FINANZEN\/RECHT"],"inLanguage":"fr-FR"},{"@type":"WebPage","@id":"https:\/\/www.organisator.ch\/management\/finanzen_recht\/2018-11-08\/wer-ins-ausland-liefert-behaelt-als-gerichtsstand-die-schweiz\/","url":"https:\/\/www.organisator.ch\/management\/finanzen_recht\/2018-11-08\/wer-ins-ausland-liefert-behaelt-als-gerichtsstand-die-schweiz\/","name":"Celui qui livre \u00e0 l'\u00e9tranger conserve la Suisse comme lieu de juridiction - Organisateur","isPartOf":{"@id":"https:\/\/www.organisator.ch\/#website"},"primaryImageOfPage":{"@id":"https:\/\/www.organisator.ch\/management\/finanzen_recht\/2018-11-08\/wer-ins-ausland-liefert-behaelt-als-gerichtsstand-die-schweiz\/#primaryimage"},"image":{"@id":"https:\/\/www.organisator.ch\/management\/finanzen_recht\/2018-11-08\/wer-ins-ausland-liefert-behaelt-als-gerichtsstand-die-schweiz\/#primaryimage"},"thumbnailUrl":"https:\/\/www.organisator.ch\/wp-content\/uploads\/2018\/11\/Wer-ins-Ausland-liefert-behaelt-als-Gerichtsstand-die-Schweiz_Organisator.jpg","datePublished":"2018-11-08T07:00:35+00:00","description":"Les CG doivent \u00eatre formul\u00e9es de mani\u00e8re claire et sans \u00e9quivoque, notamment en ce qui concerne le for juridique : il s'agit dans tous les cas de la Suisse.","breadcrumb":{"@id":"https:\/\/www.organisator.ch\/management\/finanzen_recht\/2018-11-08\/wer-ins-ausland-liefert-behaelt-als-gerichtsstand-die-schweiz\/#breadcrumb"},"inLanguage":"fr-FR","potentialAction":[{"@type":"ReadAction","target":["https:\/\/www.organisator.ch\/management\/finanzen_recht\/2018-11-08\/wer-ins-ausland-liefert-behaelt-als-gerichtsstand-die-schweiz\/"]}]},{"@type":"ImageObject","inLanguage":"fr-FR","@id":"https:\/\/www.organisator.ch\/management\/finanzen_recht\/2018-11-08\/wer-ins-ausland-liefert-behaelt-als-gerichtsstand-die-schweiz\/#primaryimage","url":"https:\/\/www.organisator.ch\/wp-content\/uploads\/2018\/11\/Wer-ins-Ausland-liefert-behaelt-als-Gerichtsstand-die-Schweiz_Organisator.jpg","contentUrl":"https:\/\/www.organisator.ch\/wp-content\/uploads\/2018\/11\/Wer-ins-Ausland-liefert-behaelt-als-Gerichtsstand-die-Schweiz_Organisator.jpg","width":640,"height":473,"caption":"Raoul Egeli: Das Ausformulieren der AGB ist kompliziert und meistens eine Sache f\u00fcr spezialisierte Anw\u00e4lte, damit eine Auslegung zulasten des Ausstellers ausgeschlossen werden kann. (Bild: zVg)"},{"@type":"BreadcrumbList","@id":"https:\/\/www.organisator.ch\/management\/finanzen_recht\/2018-11-08\/wer-ins-ausland-liefert-behaelt-als-gerichtsstand-die-schweiz\/#breadcrumb","itemListElement":[{"@type":"ListItem","position":1,"name":"Home","item":"https:\/\/www.organisator.ch\/"},{"@type":"ListItem","position":2,"name":"Wer ins Ausland liefert, beh\u00e4lt als Gerichtsstand die Schweiz"}]},{"@type":"WebSite","@id":"https:\/\/www.organisator.ch\/#website","url":"https:\/\/www.organisator.ch\/","name":"Organisateur","description":"Comp\u00e9tence et comp\u00e9tence. Proches de la pratique. L'ORGANISATEUR pr\u00e9pare 10 num\u00e9ros par an sur les th\u00e8mes essentiels pour les dirigeants de PME.","publisher":{"@id":"https:\/\/www.organisator.ch\/#organization"},"potentialAction":[{"@type":"SearchAction","target":{"@type":"EntryPoint","urlTemplate":"https:\/\/www.organisator.ch\/?s={search_term_string}"},"query-input":{"@type":"PropertyValueSpecification","valueRequired":true,"valueName":"search_term_string"}}],"inLanguage":"fr-FR"},{"@type":"Organization","@id":"https:\/\/www.organisator.ch\/#organization","name":"Organisateur","url":"https:\/\/www.organisator.ch\/","logo":{"@type":"ImageObject","inLanguage":"fr-FR","@id":"https:\/\/www.organisator.ch\/#\/schema\/logo\/image\/","url":"https:\/\/www.organisator.ch\/wp-content\/uploads\/2022\/01\/Logo_Organisator_Website.png","contentUrl":"https:\/\/www.organisator.ch\/wp-content\/uploads\/2022\/01\/Logo_Organisator_Website.png","width":800,"height":77,"caption":"Organisator"},"image":{"@id":"https:\/\/www.organisator.ch\/#\/schema\/logo\/image\/"},"sameAs":["https:\/\/www.facebook.com\/OrganisatorFachmagazin","https:\/\/www.linkedin.com\/showcase\/organisator-das-magazin-fr-kmu","https:\/\/www.xing.com\/news\/pages\/organisator-ch-695","https:\/\/www.youtube.com\/channel\/UCGP2Sq0iWaZwT3BdIAQFYpw"]},{"@type":"Person","@id":"https:\/\/www.organisator.ch\/#\/schema\/person\/6f650f90b2842cd4c0cc334b4e36f67e","name":"thomas.berner","image":{"@type":"ImageObject","inLanguage":"fr-FR","@id":"https:\/\/secure.gravatar.com\/avatar\/ac5001d2a36cb6c6cd3e50789007ffca834b477b74a2144564522e944eabff61?s=96&d=mm&r=g","url":"https:\/\/secure.gravatar.com\/avatar\/ac5001d2a36cb6c6cd3e50789007ffca834b477b74a2144564522e944eabff61?s=96&d=mm&r=g","contentUrl":"https:\/\/secure.gravatar.com\/avatar\/ac5001d2a36cb6c6cd3e50789007ffca834b477b74a2144564522e944eabff61?s=96&d=mm&r=g","caption":"thomas.berner"},"url":"https:\/\/www.organisator.ch\/fr\/author\/thomas-berner\/"}]}},"_links":{"self":[{"href":"https:\/\/www.organisator.ch\/fr\/wp-json\/wp\/v2\/posts\/4488","targetHints":{"allow":["GET"]}}],"collection":[{"href":"https:\/\/www.organisator.ch\/fr\/wp-json\/wp\/v2\/posts"}],"about":[{"href":"https:\/\/www.organisator.ch\/fr\/wp-json\/wp\/v2\/types\/post"}],"author":[{"embeddable":true,"href":"https:\/\/www.organisator.ch\/fr\/wp-json\/wp\/v2\/users\/4"}],"replies":[{"embeddable":true,"href":"https:\/\/www.organisator.ch\/fr\/wp-json\/wp\/v2\/comments?post=4488"}],"version-history":[{"count":0,"href":"https:\/\/www.organisator.ch\/fr\/wp-json\/wp\/v2\/posts\/4488\/revisions"}],"wp:featuredmedia":[{"embeddable":true,"href":"https:\/\/www.organisator.ch\/fr\/wp-json\/wp\/v2\/media\/4489"}],"wp:attachment":[{"href":"https:\/\/www.organisator.ch\/fr\/wp-json\/wp\/v2\/media?parent=4488"}],"wp:term":[{"taxonomy":"category","embeddable":true,"href":"https:\/\/www.organisator.ch\/fr\/wp-json\/wp\/v2\/categories?post=4488"},{"taxonomy":"post_tag","embeddable":true,"href":"https:\/\/www.organisator.ch\/fr\/wp-json\/wp\/v2\/tags?post=4488"}],"curies":[{"name":"wp","href":"https:\/\/api.w.org\/{rel}","templated":true}]}}