{"id":44928,"date":"2026-02-23T16:23:14","date_gmt":"2026-02-23T15:23:14","guid":{"rendered":"https:\/\/www.m-q.ch\/?p=22506"},"modified":"2026-02-24T08:01:57","modified_gmt":"2026-02-24T07:01:57","slug":"sergio-pradera-uebernimmt-verwaltungsratspraesidium-bei-centris","status":"publish","type":"post","link":"https:\/\/www.organisator.ch\/fr\/operational-excellence\/2026-02-23\/sergio-pradera-uebernimmt-verwaltungsratspraesidium-bei-centris\/","title":{"rendered":"Sergio Pradera reprend la pr\u00e9sidence du conseil d'administration de Centris"},"content":{"rendered":"<figure id=\"attachment_22507\" class=\"wp-caption alignnone\" style=\"width: 680px;\" aria-describedby=\"caption-attachment-22507\"><img class=\"size-full wp-image-22507\" src=\"https:\/\/www.m-q.ch\/wp-content\/uploads\/2026\/02\/Sergio-Pradera-uebernimmt-Verwaltungsratspraesidium-bei-Centris-1_MQ.jpg\" sizes=\"(max-width: 680px) 100vw, 680px\" srcset=\"https:\/\/www.m-q.ch\/wp-content\/uploads\/2026\/02\/Sergio-Pradera-uebernimmt-Verwaltungsratspraesidium-bei-Centris-1_MQ.jpg 680w, https:\/\/www.m-q.ch\/wp-content\/uploads\/2026\/02\/Sergio-Pradera-uebernimmt-Verwaltungsratspraesidium-bei-Centris-1_MQ-18x12.jpg 18w, https:\/\/www.m-q.ch\/wp-content\/uploads\/2026\/02\/Sergio-Pradera-uebernimmt-Verwaltungsratspraesidium-bei-Centris-1_MQ-375x250.jpg 375w, https:\/\/www.m-q.ch\/wp-content\/uploads\/2026\/02\/Sergio-Pradera-uebernimmt-Verwaltungsratspraesidium-bei-Centris-1_MQ-525x350.jpg 525w\" alt=\"\" width=\"680\" height=\"453\" \/>\r\n<figcaption id=\"caption-attachment-22507\" class=\"wp-caption-text\">Sergio Pradera reprend la pr\u00e9sidence du conseil d'administration de Centris SA au 1er mars 2026. (Source : Centris \/ zvg)<\/figcaption>\r\n<\/figure>\r\n<p>Sergio Pradera reprendra la pr\u00e9sidence du conseil d'administration de Centris SA au 1er mars 2026. Le CEO d'innova Assurances depuis de nombreuses ann\u00e9es apporte une vaste exp\u00e9rience dans le secteur de l'assurance maladie et accidents ainsi que dans la gestion d'entreprise et la gouvernance. Il fait partie du conseil d'administration de Centris depuis pr\u00e8s de trois ans et conna\u00eet parfaitement l'entreprise.<\/p>\r\n<h3>Schena a marqu\u00e9 le d\u00e9veloppement strat\u00e9gique<\/h3>\r\n<p>Stefan Schena termine son mandat le 28 f\u00e9vrier 2026. Durant son mandat, il a marqu\u00e9 de mani\u00e8re d\u00e9terminante le d\u00e9veloppement strat\u00e9gique de Centris. Sous sa direction, des structures agiles ont \u00e9t\u00e9 introduites, le portefeuille de produits a \u00e9t\u00e9 orient\u00e9 de mani\u00e8re cons\u00e9quente vers des solutions innovantes et orient\u00e9es vers le march\u00e9 et des bases centrales pour une croissance durable ont \u00e9t\u00e9 cr\u00e9\u00e9es. Aujourd'hui, l'entreprise se porte \u00e0 merveille avec des chiffres d'affaires stables, une base de capital solide et des perspectives strat\u00e9giques claires.<\/p>\r\n<h3>La transformation num\u00e9rique en point de mire<\/h3>\r\n<p>Avec l'\u00e9lection de Sergio Pradera, Centris mise sur la continuit\u00e9 dans la mise en \u0153uvre de la phase strat\u00e9gique 2026. Pradera continuera \u00e0 faire avancer la transformation num\u00e9rique du syst\u00e8me de sant\u00e9 suisse. Le d\u00e9veloppement du portefeuille de produits, l'automatisation des processus ainsi que l'ouverture de l'\u00e9cosyst\u00e8me \u00e0 de nouveaux partenaires font partie de ses priorit\u00e9s strat\u00e9giques. L'objectif est d'offrir aux assureurs et \u00e0 leurs clients des solutions plus efficaces, plus s\u00fbres et plus flexibles et de renforcer encore le r\u00f4le de Centris en tant que partenaire d'innovation.<\/p>\r\n<figure id=\"attachment_22508\" class=\"wp-caption alignnone\" style=\"width: 680px;\" aria-describedby=\"caption-attachment-22508\"><img class=\"size-full wp-image-22508\" src=\"https:\/\/www.m-q.ch\/wp-content\/uploads\/2026\/02\/Sergio-Pradera-uebernimmt-Verwaltungsratspraesidium-bei-Centris-2_MQ.jpg\" sizes=\"(max-width: 680px) 100vw, 680px\" srcset=\"https:\/\/www.m-q.ch\/wp-content\/uploads\/2026\/02\/Sergio-Pradera-uebernimmt-Verwaltungsratspraesidium-bei-Centris-2_MQ.jpg 680w, https:\/\/www.m-q.ch\/wp-content\/uploads\/2026\/02\/Sergio-Pradera-uebernimmt-Verwaltungsratspraesidium-bei-Centris-2_MQ-18x12.jpg 18w, https:\/\/www.m-q.ch\/wp-content\/uploads\/2026\/02\/Sergio-Pradera-uebernimmt-Verwaltungsratspraesidium-bei-Centris-2_MQ-375x250.jpg 375w, https:\/\/www.m-q.ch\/wp-content\/uploads\/2026\/02\/Sergio-Pradera-uebernimmt-Verwaltungsratspraesidium-bei-Centris-2_MQ-524x350.jpg 524w\" alt=\"\" width=\"680\" height=\"454\" \/>\r\n<figcaption id=\"caption-attachment-22508\" class=\"wp-caption-text\">Centris AG emploie sur son site de Soleure quelque 340 sp\u00e9cialistes de l'informatique et des assurances. (Source : Centris \/ zvg)<\/figcaption>\r\n<\/figure>\r\n<p>Le conseil d'administration, les actionnaires et la direction remercient Stefan Schena pour son grand engagement et son pr\u00e9cieux travail en faveur de Centris.<\/p>\r\n<p>Outre innova Assurances, les assureurs-maladie Aquilana, \u00d6KK, EGK et Swica comptent parmi les actionnaires de Centris AG. Ensemble, ils constituent une base solide pour le d\u00e9veloppement de l'entreprise et le renforcement du plus grand \u00e9cosyst\u00e8me de l'assurance sant\u00e9 en Suisse.<\/p>\r\n<p>Avec le plus grand \u00e9cosyst\u00e8me Health Insurance de Suisse, Centris soutient les assureurs-maladie et accidents suisses dans la num\u00e9risation de leurs affaires. L'offre comprend des solutions informatiques efficaces et s\u00fbres allant de l'application individuelle au syst\u00e8me global complet pour les affaires de la client\u00e8le commerciale et priv\u00e9e. Sur son site de Soleure, Centris emploie environ 340 sp\u00e9cialistes de l'informatique et de l'assurance. L'entreprise affiche une histoire de plus de 75 ans. Parmi ses clients, on trouve notamment Allianz Suisse, Aquilana, Assura, AXA, Baloise, EGK, Generali, Helsana, Helvetia, innova, La Mobili\u00e8re, \u00d6KK, Solida, Swica, Sympany, la Vaudoise Assurances et l'assureur allemand pour animaux Uelzener Versicherungen. Au total, les factures de pr\u00e8s de la moiti\u00e9 des assur\u00e9s du pays sont trait\u00e9es par les syst\u00e8mes de Centris.<\/p>\r\n<p><em>Plus d'informations : <a href=\"https:\/\/www.centrisag.ch\/\" rel=\"noopener\">www.centrisag.ch<\/a><\/em><\/p>\n<p class=\"syndicated-attribution\">Cet article est paru initialement sur m-q.ch - <a href=\"https:\/\/www.m-q.ch\/de\/sergio-pradera-uebernimmt-verwaltungsratspraesidium-bei-centris\/\" target=\"_blank\">https:\/\/www.m-q.ch\/de\/sergio-pradera-uebernimmt-verwaltungsratspraesidium-bei-centris\/<\/a><\/p>","protected":false},"excerpt":{"rendered":"<p>Sergio Pradera, CEO d'innova Assurances, reprendra la pr\u00e9sidence du conseil d'administration de Centris SA au 1er mars 2026. Il succ\u00e8de \u00e0 Stefan Schena, qui quitte son poste apr\u00e8s environ treize ans au sein du conseil d'administration. Avec ce changement, Centris mise sur la continuit\u00e9 dans la num\u00e9risation du syst\u00e8me de sant\u00e9 suisse.<\/p>","protected":false},"author":8,"featured_media":0,"comment_status":"closed","ping_status":"closed","sticky":false,"template":"","format":"standard","meta":{"_acf_changed":false,"_yoast_wpseo_focuskw":"Sergio Pradera","_yoast_wpseo_metadesc":"Sergio Pradera \u00fcbernimmt per 1. M\u00e4rz 2026 das Pr\u00e4sidium des Verwaltungsrats der Centris AG. Der CEO von innova folgt auf Stefan Schena.","articlekey":"","footnotes":""},"categories":[28,582],"tags":[2732,381,492,5650,513],"class_list":["post-44928","post","type-post","status-publish","format-standard","hentry","category-management","category-operational-excellence","tag-gesundheitswesen","tag-personalia","tag-unternehmen","tag-versicherungswirtschaft","tag-verwaltungsraete"],"acf":[],"yoast_head":"<!-- This site is optimized with the Yoast SEO plugin v27.4 - https:\/\/yoast.com\/product\/yoast-seo-wordpress\/ -->\n<title>Sergio Pradera \u00fcbernimmt Verwaltungsratspr\u00e4sidium bei Centris - Organisator<\/title>\n<meta name=\"description\" content=\"Sergio Pradera \u00fcbernimmt per 1. M\u00e4rz 2026 das Pr\u00e4sidium des Verwaltungsrats der Centris AG. Der CEO von innova folgt auf Stefan Schena.\" \/>\n<meta name=\"robots\" content=\"index, follow, max-snippet:-1, max-image-preview:large, max-video-preview:-1\" \/>\n<link rel=\"canonical\" href=\"https:\/\/www.organisator.ch\/fr\/excellence-operationnelle\/2026-02-23\/sergio-pradera-uebernimmt-verwaltungsratspraesidium-bei-centris\/\" \/>\n<meta property=\"og:locale\" content=\"fr_FR\" \/>\n<meta property=\"og:type\" content=\"article\" \/>\n<meta property=\"og:title\" content=\"Sergio Pradera \u00fcbernimmt Verwaltungsratspr\u00e4sidium bei Centris - Organisator\" \/>\n<meta property=\"og:description\" content=\"Sergio Pradera \u00fcbernimmt per 1. M\u00e4rz 2026 das Pr\u00e4sidium des Verwaltungsrats der Centris AG. Der CEO von innova folgt auf Stefan Schena.\" \/>\n<meta property=\"og:url\" content=\"https:\/\/www.organisator.ch\/fr\/excellence-operationnelle\/2026-02-23\/sergio-pradera-uebernimmt-verwaltungsratspraesidium-bei-centris\/\" \/>\n<meta property=\"og:site_name\" content=\"Organisator\" \/>\n<meta property=\"article:publisher\" content=\"https:\/\/www.facebook.com\/OrganisatorFachmagazin\" \/>\n<meta property=\"article:published_time\" content=\"2026-02-23T15:23:14+00:00\" \/>\n<meta property=\"article:modified_time\" content=\"2026-02-24T07:01:57+00:00\" \/>\n<meta property=\"og:image\" content=\"https:\/\/www.organisator.ch\/wp-content\/uploads\/2023\/10\/OpEx_Zimmermann_Autorenbild_organisator_67828.jpg\" \/>\n\t<meta property=\"og:image:width\" content=\"235\" \/>\n\t<meta property=\"og:image:height\" content=\"271\" \/>\n\t<meta property=\"og:image:type\" content=\"image\/jpeg\" \/>\n<meta name=\"author\" content=\"galledia\" \/>\n<meta name=\"twitter:card\" content=\"summary_large_image\" \/>\n<meta name=\"twitter:creator\" content=\"@admin\" \/>\n<script type=\"application\/ld+json\" class=\"yoast-schema-graph\">{\"@context\":\"https:\\\/\\\/schema.org\",\"@graph\":[{\"@type\":\"Article\",\"@id\":\"https:\\\/\\\/www.organisator.ch\\\/operational-excellence\\\/2026-02-23\\\/sergio-pradera-uebernimmt-verwaltungsratspraesidium-bei-centris\\\/#article\",\"isPartOf\":{\"@id\":\"https:\\\/\\\/www.organisator.ch\\\/operational-excellence\\\/2026-02-23\\\/sergio-pradera-uebernimmt-verwaltungsratspraesidium-bei-centris\\\/\"},\"author\":{\"name\":\"galledia\",\"@id\":\"https:\\\/\\\/www.organisator.ch\\\/#\\\/schema\\\/person\\\/4e51799071cd2dd1232ac003643ef5f0\"},\"headline\":\"Sergio Pradera \u00fcbernimmt Verwaltungsratspr\u00e4sidium bei Centris\",\"datePublished\":\"2026-02-23T15:23:14+00:00\",\"dateModified\":\"2026-02-24T07:01:57+00:00\",\"mainEntityOfPage\":{\"@id\":\"https:\\\/\\\/www.organisator.ch\\\/operational-excellence\\\/2026-02-23\\\/sergio-pradera-uebernimmt-verwaltungsratspraesidium-bei-centris\\\/\"},\"wordCount\":442,\"publisher\":{\"@id\":\"https:\\\/\\\/www.organisator.ch\\\/#organization\"},\"image\":{\"@id\":\"https:\\\/\\\/www.organisator.ch\\\/operational-excellence\\\/2026-02-23\\\/sergio-pradera-uebernimmt-verwaltungsratspraesidium-bei-centris\\\/#primaryimage\"},\"thumbnailUrl\":\"https:\\\/\\\/www.m-q.ch\\\/wp-content\\\/uploads\\\/2026\\\/02\\\/Sergio-Pradera-uebernimmt-Verwaltungsratspraesidium-bei-Centris-1_MQ.jpg\",\"keywords\":[\"Gesundheitswesen\",\"Personalia\",\"Unternehmen\",\"Versicherungswirtschaft\",\"Verwaltungsr\u00e4te\"],\"articleSection\":[\"MANAGEMENT\",\"OPERATIONAL EXCELLENCE\"],\"inLanguage\":\"fr-FR\"},{\"@type\":\"WebPage\",\"@id\":\"https:\\\/\\\/www.organisator.ch\\\/operational-excellence\\\/2026-02-23\\\/sergio-pradera-uebernimmt-verwaltungsratspraesidium-bei-centris\\\/\",\"url\":\"https:\\\/\\\/www.organisator.ch\\\/operational-excellence\\\/2026-02-23\\\/sergio-pradera-uebernimmt-verwaltungsratspraesidium-bei-centris\\\/\",\"name\":\"Sergio Pradera \u00fcbernimmt Verwaltungsratspr\u00e4sidium bei Centris - Organisator\",\"isPartOf\":{\"@id\":\"https:\\\/\\\/www.organisator.ch\\\/#website\"},\"primaryImageOfPage\":{\"@id\":\"https:\\\/\\\/www.organisator.ch\\\/operational-excellence\\\/2026-02-23\\\/sergio-pradera-uebernimmt-verwaltungsratspraesidium-bei-centris\\\/#primaryimage\"},\"image\":{\"@id\":\"https:\\\/\\\/www.organisator.ch\\\/operational-excellence\\\/2026-02-23\\\/sergio-pradera-uebernimmt-verwaltungsratspraesidium-bei-centris\\\/#primaryimage\"},\"thumbnailUrl\":\"https:\\\/\\\/www.m-q.ch\\\/wp-content\\\/uploads\\\/2026\\\/02\\\/Sergio-Pradera-uebernimmt-Verwaltungsratspraesidium-bei-Centris-1_MQ.jpg\",\"datePublished\":\"2026-02-23T15:23:14+00:00\",\"dateModified\":\"2026-02-24T07:01:57+00:00\",\"description\":\"Sergio Pradera \u00fcbernimmt per 1. M\u00e4rz 2026 das Pr\u00e4sidium des Verwaltungsrats der Centris AG. Der CEO von innova folgt auf Stefan Schena.\",\"breadcrumb\":{\"@id\":\"https:\\\/\\\/www.organisator.ch\\\/operational-excellence\\\/2026-02-23\\\/sergio-pradera-uebernimmt-verwaltungsratspraesidium-bei-centris\\\/#breadcrumb\"},\"inLanguage\":\"fr-FR\",\"potentialAction\":[{\"@type\":\"ReadAction\",\"target\":[\"https:\\\/\\\/www.organisator.ch\\\/operational-excellence\\\/2026-02-23\\\/sergio-pradera-uebernimmt-verwaltungsratspraesidium-bei-centris\\\/\"]}]},{\"@type\":\"ImageObject\",\"inLanguage\":\"fr-FR\",\"@id\":\"https:\\\/\\\/www.organisator.ch\\\/operational-excellence\\\/2026-02-23\\\/sergio-pradera-uebernimmt-verwaltungsratspraesidium-bei-centris\\\/#primaryimage\",\"url\":\"https:\\\/\\\/www.m-q.ch\\\/wp-content\\\/uploads\\\/2026\\\/02\\\/Sergio-Pradera-uebernimmt-Verwaltungsratspraesidium-bei-Centris-1_MQ.jpg\",\"contentUrl\":\"https:\\\/\\\/www.m-q.ch\\\/wp-content\\\/uploads\\\/2026\\\/02\\\/Sergio-Pradera-uebernimmt-Verwaltungsratspraesidium-bei-Centris-1_MQ.jpg\"},{\"@type\":\"BreadcrumbList\",\"@id\":\"https:\\\/\\\/www.organisator.ch\\\/operational-excellence\\\/2026-02-23\\\/sergio-pradera-uebernimmt-verwaltungsratspraesidium-bei-centris\\\/#breadcrumb\",\"itemListElement\":[{\"@type\":\"ListItem\",\"position\":1,\"name\":\"Home\",\"item\":\"https:\\\/\\\/www.organisator.ch\\\/\"},{\"@type\":\"ListItem\",\"position\":2,\"name\":\"Sergio Pradera \u00fcbernimmt Verwaltungsratspr\u00e4sidium bei Centris\"}]},{\"@type\":\"WebSite\",\"@id\":\"https:\\\/\\\/www.organisator.ch\\\/#website\",\"url\":\"https:\\\/\\\/www.organisator.ch\\\/\",\"name\":\"Organisator\",\"description\":\"Kompetent. Praxisnah. Der ORGANISATOR bereitet in 10 Ausgaben pro Jahr die wesentlichen Themen f\u00fcr F\u00fchrungskr\u00e4fte von KMU auf.\",\"publisher\":{\"@id\":\"https:\\\/\\\/www.organisator.ch\\\/#organization\"},\"potentialAction\":[{\"@type\":\"SearchAction\",\"target\":{\"@type\":\"EntryPoint\",\"urlTemplate\":\"https:\\\/\\\/www.organisator.ch\\\/?s={search_term_string}\"},\"query-input\":{\"@type\":\"PropertyValueSpecification\",\"valueRequired\":true,\"valueName\":\"search_term_string\"}}],\"inLanguage\":\"fr-FR\"},{\"@type\":\"Organization\",\"@id\":\"https:\\\/\\\/www.organisator.ch\\\/#organization\",\"name\":\"Organisator\",\"url\":\"https:\\\/\\\/www.organisator.ch\\\/\",\"logo\":{\"@type\":\"ImageObject\",\"inLanguage\":\"fr-FR\",\"@id\":\"https:\\\/\\\/www.organisator.ch\\\/#\\\/schema\\\/logo\\\/image\\\/\",\"url\":\"https:\\\/\\\/www.organisator.ch\\\/wp-content\\\/uploads\\\/2022\\\/01\\\/Logo_Organisator_Website.png\",\"contentUrl\":\"https:\\\/\\\/www.organisator.ch\\\/wp-content\\\/uploads\\\/2022\\\/01\\\/Logo_Organisator_Website.png\",\"width\":800,\"height\":77,\"caption\":\"Organisator\"},\"image\":{\"@id\":\"https:\\\/\\\/www.organisator.ch\\\/#\\\/schema\\\/logo\\\/image\\\/\"},\"sameAs\":[\"https:\\\/\\\/www.facebook.com\\\/OrganisatorFachmagazin\",\"https:\\\/\\\/www.linkedin.com\\\/showcase\\\/organisator-das-magazin-fr-kmu\",\"https:\\\/\\\/www.xing.com\\\/news\\\/pages\\\/organisator-ch-695\",\"https:\\\/\\\/www.youtube.com\\\/channel\\\/UCGP2Sq0iWaZwT3BdIAQFYpw\"]},{\"@type\":\"Person\",\"@id\":\"https:\\\/\\\/www.organisator.ch\\\/#\\\/schema\\\/person\\\/4e51799071cd2dd1232ac003643ef5f0\",\"name\":\"galledia\",\"image\":{\"@type\":\"ImageObject\",\"inLanguage\":\"fr-FR\",\"@id\":\"https:\\\/\\\/secure.gravatar.com\\\/avatar\\\/78a7f90c01fc2bfc875782a0d4922b37cde2cf184ce347b91316d23cd7f69a36?s=96&d=mm&r=g\",\"url\":\"https:\\\/\\\/secure.gravatar.com\\\/avatar\\\/78a7f90c01fc2bfc875782a0d4922b37cde2cf184ce347b91316d23cd7f69a36?s=96&d=mm&r=g\",\"contentUrl\":\"https:\\\/\\\/secure.gravatar.com\\\/avatar\\\/78a7f90c01fc2bfc875782a0d4922b37cde2cf184ce347b91316d23cd7f69a36?s=96&d=mm&r=g\",\"caption\":\"galledia\"},\"sameAs\":[\"https:\\\/\\\/x.com\\\/admin\"],\"url\":\"https:\\\/\\\/www.organisator.ch\\\/fr\\\/author\\\/galledia\\\/\"}]}<\/script>\n<!-- \/ Yoast SEO plugin. -->","yoast_head_json":{"title":"Sergio Pradera reprend la pr\u00e9sidence du conseil d'administration de Centris - Organisateur","description":"Sergio Pradera reprendra la pr\u00e9sidence du conseil d'administration de Centris SA au 1er mars 2026. Le CEO d'innova succ\u00e8de \u00e0 Stefan Schena.","robots":{"index":"index","follow":"follow","max-snippet":"max-snippet:-1","max-image-preview":"max-image-preview:large","max-video-preview":"max-video-preview:-1"},"canonical":"https:\/\/www.organisator.ch\/fr\/excellence-operationnelle\/2026-02-23\/sergio-pradera-uebernimmt-verwaltungsratspraesidium-bei-centris\/","og_locale":"fr_FR","og_type":"article","og_title":"Sergio Pradera \u00fcbernimmt Verwaltungsratspr\u00e4sidium bei Centris - Organisator","og_description":"Sergio Pradera \u00fcbernimmt per 1. M\u00e4rz 2026 das Pr\u00e4sidium des Verwaltungsrats der Centris AG. Der CEO von innova folgt auf Stefan Schena.","og_url":"https:\/\/www.organisator.ch\/fr\/excellence-operationnelle\/2026-02-23\/sergio-pradera-uebernimmt-verwaltungsratspraesidium-bei-centris\/","og_site_name":"Organisator","article_publisher":"https:\/\/www.facebook.com\/OrganisatorFachmagazin","article_published_time":"2026-02-23T15:23:14+00:00","article_modified_time":"2026-02-24T07:01:57+00:00","og_image":[{"width":235,"height":271,"url":"https:\/\/www.organisator.ch\/wp-content\/uploads\/2023\/10\/OpEx_Zimmermann_Autorenbild_organisator_67828.jpg","type":"image\/jpeg"}],"author":"galledia","twitter_card":"summary_large_image","twitter_creator":"@admin","schema":{"@context":"https:\/\/schema.org","@graph":[{"@type":"Article","@id":"https:\/\/www.organisator.ch\/operational-excellence\/2026-02-23\/sergio-pradera-uebernimmt-verwaltungsratspraesidium-bei-centris\/#article","isPartOf":{"@id":"https:\/\/www.organisator.ch\/operational-excellence\/2026-02-23\/sergio-pradera-uebernimmt-verwaltungsratspraesidium-bei-centris\/"},"author":{"name":"galledia","@id":"https:\/\/www.organisator.ch\/#\/schema\/person\/4e51799071cd2dd1232ac003643ef5f0"},"headline":"Sergio Pradera \u00fcbernimmt Verwaltungsratspr\u00e4sidium bei Centris","datePublished":"2026-02-23T15:23:14+00:00","dateModified":"2026-02-24T07:01:57+00:00","mainEntityOfPage":{"@id":"https:\/\/www.organisator.ch\/operational-excellence\/2026-02-23\/sergio-pradera-uebernimmt-verwaltungsratspraesidium-bei-centris\/"},"wordCount":442,"publisher":{"@id":"https:\/\/www.organisator.ch\/#organization"},"image":{"@id":"https:\/\/www.organisator.ch\/operational-excellence\/2026-02-23\/sergio-pradera-uebernimmt-verwaltungsratspraesidium-bei-centris\/#primaryimage"},"thumbnailUrl":"https:\/\/www.m-q.ch\/wp-content\/uploads\/2026\/02\/Sergio-Pradera-uebernimmt-Verwaltungsratspraesidium-bei-Centris-1_MQ.jpg","keywords":["Gesundheitswesen","Personalia","Unternehmen","Versicherungswirtschaft","Verwaltungsr\u00e4te"],"articleSection":["MANAGEMENT","OPERATIONAL EXCELLENCE"],"inLanguage":"fr-FR"},{"@type":"WebPage","@id":"https:\/\/www.organisator.ch\/operational-excellence\/2026-02-23\/sergio-pradera-uebernimmt-verwaltungsratspraesidium-bei-centris\/","url":"https:\/\/www.organisator.ch\/operational-excellence\/2026-02-23\/sergio-pradera-uebernimmt-verwaltungsratspraesidium-bei-centris\/","name":"Sergio Pradera reprend la pr\u00e9sidence du conseil d'administration de Centris - Organisateur","isPartOf":{"@id":"https:\/\/www.organisator.ch\/#website"},"primaryImageOfPage":{"@id":"https:\/\/www.organisator.ch\/operational-excellence\/2026-02-23\/sergio-pradera-uebernimmt-verwaltungsratspraesidium-bei-centris\/#primaryimage"},"image":{"@id":"https:\/\/www.organisator.ch\/operational-excellence\/2026-02-23\/sergio-pradera-uebernimmt-verwaltungsratspraesidium-bei-centris\/#primaryimage"},"thumbnailUrl":"https:\/\/www.m-q.ch\/wp-content\/uploads\/2026\/02\/Sergio-Pradera-uebernimmt-Verwaltungsratspraesidium-bei-Centris-1_MQ.jpg","datePublished":"2026-02-23T15:23:14+00:00","dateModified":"2026-02-24T07:01:57+00:00","description":"Sergio Pradera reprendra la pr\u00e9sidence du conseil d'administration de Centris SA au 1er mars 2026. Le CEO d'innova succ\u00e8de \u00e0 Stefan Schena.","breadcrumb":{"@id":"https:\/\/www.organisator.ch\/operational-excellence\/2026-02-23\/sergio-pradera-uebernimmt-verwaltungsratspraesidium-bei-centris\/#breadcrumb"},"inLanguage":"fr-FR","potentialAction":[{"@type":"ReadAction","target":["https:\/\/www.organisator.ch\/operational-excellence\/2026-02-23\/sergio-pradera-uebernimmt-verwaltungsratspraesidium-bei-centris\/"]}]},{"@type":"ImageObject","inLanguage":"fr-FR","@id":"https:\/\/www.organisator.ch\/operational-excellence\/2026-02-23\/sergio-pradera-uebernimmt-verwaltungsratspraesidium-bei-centris\/#primaryimage","url":"https:\/\/www.m-q.ch\/wp-content\/uploads\/2026\/02\/Sergio-Pradera-uebernimmt-Verwaltungsratspraesidium-bei-Centris-1_MQ.jpg","contentUrl":"https:\/\/www.m-q.ch\/wp-content\/uploads\/2026\/02\/Sergio-Pradera-uebernimmt-Verwaltungsratspraesidium-bei-Centris-1_MQ.jpg"},{"@type":"BreadcrumbList","@id":"https:\/\/www.organisator.ch\/operational-excellence\/2026-02-23\/sergio-pradera-uebernimmt-verwaltungsratspraesidium-bei-centris\/#breadcrumb","itemListElement":[{"@type":"ListItem","position":1,"name":"Home","item":"https:\/\/www.organisator.ch\/"},{"@type":"ListItem","position":2,"name":"Sergio Pradera \u00fcbernimmt Verwaltungsratspr\u00e4sidium bei Centris"}]},{"@type":"WebSite","@id":"https:\/\/www.organisator.ch\/#website","url":"https:\/\/www.organisator.ch\/","name":"Organisateur","description":"Comp\u00e9tence et comp\u00e9tence. Proches de la pratique. L'ORGANISATEUR pr\u00e9pare 10 num\u00e9ros par an sur les th\u00e8mes essentiels pour les dirigeants de PME.","publisher":{"@id":"https:\/\/www.organisator.ch\/#organization"},"potentialAction":[{"@type":"SearchAction","target":{"@type":"EntryPoint","urlTemplate":"https:\/\/www.organisator.ch\/?s={search_term_string}"},"query-input":{"@type":"PropertyValueSpecification","valueRequired":true,"valueName":"search_term_string"}}],"inLanguage":"fr-FR"},{"@type":"Organization","@id":"https:\/\/www.organisator.ch\/#organization","name":"Organisateur","url":"https:\/\/www.organisator.ch\/","logo":{"@type":"ImageObject","inLanguage":"fr-FR","@id":"https:\/\/www.organisator.ch\/#\/schema\/logo\/image\/","url":"https:\/\/www.organisator.ch\/wp-content\/uploads\/2022\/01\/Logo_Organisator_Website.png","contentUrl":"https:\/\/www.organisator.ch\/wp-content\/uploads\/2022\/01\/Logo_Organisator_Website.png","width":800,"height":77,"caption":"Organisator"},"image":{"@id":"https:\/\/www.organisator.ch\/#\/schema\/logo\/image\/"},"sameAs":["https:\/\/www.facebook.com\/OrganisatorFachmagazin","https:\/\/www.linkedin.com\/showcase\/organisator-das-magazin-fr-kmu","https:\/\/www.xing.com\/news\/pages\/organisator-ch-695","https:\/\/www.youtube.com\/channel\/UCGP2Sq0iWaZwT3BdIAQFYpw"]},{"@type":"Person","@id":"https:\/\/www.organisator.ch\/#\/schema\/person\/4e51799071cd2dd1232ac003643ef5f0","name":"galledia","image":{"@type":"ImageObject","inLanguage":"fr-FR","@id":"https:\/\/secure.gravatar.com\/avatar\/78a7f90c01fc2bfc875782a0d4922b37cde2cf184ce347b91316d23cd7f69a36?s=96&d=mm&r=g","url":"https:\/\/secure.gravatar.com\/avatar\/78a7f90c01fc2bfc875782a0d4922b37cde2cf184ce347b91316d23cd7f69a36?s=96&d=mm&r=g","contentUrl":"https:\/\/secure.gravatar.com\/avatar\/78a7f90c01fc2bfc875782a0d4922b37cde2cf184ce347b91316d23cd7f69a36?s=96&d=mm&r=g","caption":"galledia"},"sameAs":["https:\/\/x.com\/admin"],"url":"https:\/\/www.organisator.ch\/fr\/author\/galledia\/"}]}},"_links":{"self":[{"href":"https:\/\/www.organisator.ch\/fr\/wp-json\/wp\/v2\/posts\/44928","targetHints":{"allow":["GET"]}}],"collection":[{"href":"https:\/\/www.organisator.ch\/fr\/wp-json\/wp\/v2\/posts"}],"about":[{"href":"https:\/\/www.organisator.ch\/fr\/wp-json\/wp\/v2\/types\/post"}],"author":[{"embeddable":true,"href":"https:\/\/www.organisator.ch\/fr\/wp-json\/wp\/v2\/users\/8"}],"replies":[{"embeddable":true,"href":"https:\/\/www.organisator.ch\/fr\/wp-json\/wp\/v2\/comments?post=44928"}],"version-history":[{"count":5,"href":"https:\/\/www.organisator.ch\/fr\/wp-json\/wp\/v2\/posts\/44928\/revisions"}],"predecessor-version":[{"id":44936,"href":"https:\/\/www.organisator.ch\/fr\/wp-json\/wp\/v2\/posts\/44928\/revisions\/44936"}],"wp:attachment":[{"href":"https:\/\/www.organisator.ch\/fr\/wp-json\/wp\/v2\/media?parent=44928"}],"wp:term":[{"taxonomy":"category","embeddable":true,"href":"https:\/\/www.organisator.ch\/fr\/wp-json\/wp\/v2\/categories?post=44928"},{"taxonomy":"post_tag","embeddable":true,"href":"https:\/\/www.organisator.ch\/fr\/wp-json\/wp\/v2\/tags?post=44928"}],"curies":[{"name":"wp","href":"https:\/\/api.w.org\/{rel}","templated":true}]}}