{"id":44945,"date":"2026-02-24T08:30:07","date_gmt":"2026-02-24T07:30:07","guid":{"rendered":"https:\/\/www.organisator.ch\/de\/?p=44945"},"modified":"2026-02-24T08:30:07","modified_gmt":"2026-02-24T07:30:07","slug":"fachkraeftemangel-im-oeffentlichen-sektor-weniger-ausschreibungen-unterschiedliche-entwicklungen","status":"publish","type":"post","link":"https:\/\/www.organisator.ch\/fr\/human-resources\/2026-02-24\/fachkraeftemangel-im-oeffentlichen-sektor-weniger-ausschreibungen-unterschiedliche-entwicklungen\/","title":{"rendered":"P\u00e9nurie de personnel qualifi\u00e9 dans le secteur public : moins d'appels d'offres, \u00e9volutions diverses"},"content":{"rendered":"<figure id=\"attachment_44944\" aria-describedby=\"caption-attachment-44944\" style=\"width: 680px\" class=\"wp-caption alignnone\"><img loading=\"lazy\" decoding=\"async\" class=\"size-medium wp-image-44944\" src=\"https:\/\/www.organisator.ch\/wp-content\/uploads\/2026\/02\/publicjobs_job-jahr_stellenanzeigen_2025-e1771918003183-680x378.png\" alt=\"\" width=\"680\" height=\"378\" srcset=\"https:\/\/www.organisator.ch\/wp-content\/uploads\/2026\/02\/publicjobs_job-jahr_stellenanzeigen_2025-e1771918003183-680x378.png 680w, https:\/\/www.organisator.ch\/wp-content\/uploads\/2026\/02\/publicjobs_job-jahr_stellenanzeigen_2025-e1771918003183-1024x569.png 1024w, https:\/\/www.organisator.ch\/wp-content\/uploads\/2026\/02\/publicjobs_job-jahr_stellenanzeigen_2025-e1771918003183-768x427.png 768w, https:\/\/www.organisator.ch\/wp-content\/uploads\/2026\/02\/publicjobs_job-jahr_stellenanzeigen_2025-e1771918003183-18x10.png 18w, https:\/\/www.organisator.ch\/wp-content\/uploads\/2026\/02\/publicjobs_job-jahr_stellenanzeigen_2025-e1771918003183-375x208.png 375w, https:\/\/www.organisator.ch\/wp-content\/uploads\/2026\/02\/publicjobs_job-jahr_stellenanzeigen_2025-e1771918003183-630x350.png 630w, https:\/\/www.organisator.ch\/wp-content\/uploads\/2026\/02\/publicjobs_job-jahr_stellenanzeigen_2025-e1771918003183-1000x556.png 1000w, https:\/\/www.organisator.ch\/wp-content\/uploads\/2026\/02\/publicjobs_job-jahr_stellenanzeigen_2025-e1771918003183.png 1080w\" sizes=\"auto, (max-width: 680px) 100vw, 680px\" \/><figcaption id=\"caption-attachment-44944\" class=\"wp-caption-text\">Les principales tendances du march\u00e9 du travail dans le secteur public. (Image : zVg)<\/figcaption><\/figure>\n<p>L'ann\u00e9e 2025 a plac\u00e9 les organisations porteuses de sens en Suisse al\u00e9manique devant un champ de tensions bien connu : les mesures d'\u00e9conomie et les coupes budg\u00e9taires se sont heurt\u00e9es \u00e0 des besoins en personnel toujours \u00e9lev\u00e9s. Dans l'administration publique, l'\u00e9ducation et la sant\u00e9 en particulier, les organisations ont \u00e9t\u00e9 contraintes d'adapter leurs strat\u00e9gies de recrutement. Une \u00e9valuation de Publicjobs sur l'ensemble de l'ann\u00e9e de l'emploi 2025 le montre : Le march\u00e9 du travail dans le secteur porteur de sens n'a pas diminu\u00e9, mais est devenu plus s\u00e9lectif.<\/p>\n<h3>Baisse des signalements avec des diff\u00e9rences claires<\/h3>\n<p>Au total, 20\u2019811 offres d'emploi ont \u00e9t\u00e9 publi\u00e9es en 2025. Par rapport aux 22 273 annonces publi\u00e9es en 2024, cela correspond \u00e0 un recul de 6,5 pour cent. La baisse a \u00e9t\u00e9 particuli\u00e8rement marqu\u00e9e dans le segment de l'administration publique.<\/p>\n<p>Parall\u00e8lement, d'autres secteurs ont connu des \u00e9volutions contraires : Dans le secteur de l'\u00e9ducation, le volume des appels d'offres a augment\u00e9 de 3,4 % par rapport \u00e0 l'ann\u00e9e pr\u00e9c\u00e9dente, et m\u00eame de 13 % dans le secteur de la sant\u00e9. On observe \u00e9galement une l\u00e9g\u00e8re augmentation dans d'autres segments porteurs de sens comme l'approvisionnement en \u00e9nergie, les organisations sociales, les \u00e9glises ou les fondations.<\/p>\n<h3>Administration : des structures plus stables malgr\u00e9 une baisse des annonces<\/h3>\n<p>Dans le domaine de l'administration publique, on constate une \u00e9volution diff\u00e9renci\u00e9e. Certes, le nombre d'offres d'emploi publi\u00e9es a diminu\u00e9, mais le nombre d'organisations ayant publi\u00e9 au moins un poste est rest\u00e9 constant.<\/p>\n<p>Cela indique que les organisations se sont content\u00e9es de moins d'appels d'offres pour pourvoir les postes vacants. La p\u00e9nurie de personnel qualifi\u00e9 semble s'\u00eatre l\u00e9g\u00e8rement att\u00e9nu\u00e9e, du moins dans l'environnement de l'administration publique. Les donn\u00e9es disponibles indiquent que les postes vacants ont \u00e9t\u00e9 pourvus plus efficacement. Le recul des appels d'offres doit donc moins \u00eatre compris comme un retrait du march\u00e9 du travail que comme l'indice de structures de personnel plus stables ou de processus de recrutement adapt\u00e9s. Un autre aspect qui pourrait jouer un r\u00f4le ici est le d\u00e9sir de trouver des postes s\u00fbrs dans un environnement stable, alors que l'\u00e9conomie dans son ensemble a \u00e9t\u00e9 marqu\u00e9e par l'incertitude et les tensions g\u00e9opolitiques.<\/p>\n<h3>L'\u00e9ducation : Plus large, mais moins intense<\/h3>\n<p>Dans le domaine de l'\u00e9ducation, le nombre d'organisations ayant publi\u00e9 au moins un poste a augment\u00e9 de 19% par rapport \u00e0 2024. Dans le m\u00eame temps, le volume total des appels d'offres n'a augment\u00e9 que de 3,4 %.<\/p>\n<p>Cela montre que les organisations \u00e9ducatives ont certes \u00e9t\u00e9 plus nombreuses \u00e0 recruter, mais avec nettement moins d'appels d'offres par organisation. Le taux de fluctuation a donc \u00e9galement diminu\u00e9 dans le domaine de l'\u00e9ducation. Le recrutement a \u00e9t\u00e9 plus large, mais moins intensif. Ici aussi, la situation peut \u00eatre interpr\u00e9t\u00e9e comme suit : la p\u00e9nurie de personnel qualifi\u00e9 dans le domaine de l'\u00e9ducation est en l\u00e9ger recul, voire a d\u00e9pass\u00e9 son point culminant.<\/p>\n<h3>Le secteur de la sant\u00e9 : La p\u00e9nurie de personnel qualifi\u00e9 reste aigu\u00eb<\/h3>\n<p>La situation se pr\u00e9sente diff\u00e9remment dans le secteur de la sant\u00e9. Ici, le nombre d'organisations publiantes est rest\u00e9 pratiquement inchang\u00e9, tandis que le volume des appels d'offres a augment\u00e9 de 13% par rapport \u00e0 2024.<\/p>\n<p>Cette combinaison indique que la p\u00e9nurie de personnel qualifi\u00e9 reste aigu\u00eb. Les organisations existantes ont d\u00fb lancer plus souvent des appels d'offres pour couvrir leurs besoins en personnel. La pression sur le march\u00e9 du travail dans le secteur de la sant\u00e9 a donc eu tendance \u00e0 s'intensifier plut\u00f4t qu'\u00e0 s'att\u00e9nuer en 2025.<\/p>\n<h3>D\u00e9butants : stabilit\u00e9 malgr\u00e9 le d\u00e9bat sur l'IA<\/h3>\n<p>Contrairement au d\u00e9bat souvent men\u00e9 sur l'automatisation et la possible disparition des postes de d\u00e9butants, l'\u00e9valuation de Publicjobs montre une image stable : la part des postes pour d\u00e9butants est rest\u00e9e inchang\u00e9e en 2025 par rapport \u00e0 2024.<\/p>\n<p>L'\u00eatre humain reste au centre des pr\u00e9occupations, en particulier dans les segments porteurs de sens comme l'administration, l'\u00e9ducation et la sant\u00e9. L'intelligence artificielle modifie certes les processus, soutient les t\u00e2ches administratives et augmente l'efficacit\u00e9, mais elle ne remplace pas la responsabilit\u00e9 professionnelle, la compr\u00e9hension sociale et la proximit\u00e9 avec les citoyens, les patients ou les apprenants.<\/p>\n<p>Cette stabilit\u00e9 est un signal important, non seulement pour les employeurs, mais aussi et surtout pour les jeunes talents qui aspirent \u00e0 une carri\u00e8re ayant un impact sur la soci\u00e9t\u00e9.<\/p>\n<h3>Plus s\u00e9lectif plut\u00f4t que petit<\/h3>\n<p>L'ann\u00e9e de l'emploi 2025 ne montre pas un retrait g\u00e9n\u00e9ral du march\u00e9 du travail dans le secteur porteur de sens. Alors que la p\u00e9nurie de personnel qualifi\u00e9 s'est l\u00e9g\u00e8rement att\u00e9nu\u00e9e dans l'administration, elle reste un d\u00e9fi majeur dans le secteur de la sant\u00e9. La formation et d'autres segments ont davantage mis\u00e9 sur la stabilisation et le recrutement cibl\u00e9.<\/p>\n<p>Moins d'appels d'offres ne signifie pas moins de besoins - mais une utilisation plus consciente et plus s\u00e9lective des ressources en personnel.<\/p>\n<p><em><a href=\"https:\/\/www.publicjobs.ch\" target=\"_blank\" rel=\"noopener\">www.publicjobs.ch<\/a><\/em><\/p>","protected":false},"excerpt":{"rendered":"<p>Une analyse des offres d'emploi en 2025 le montre : Le march\u00e9 du travail dans le secteur porteur de sens devient plus s\u00e9lectif. Alors que la situation s'est l\u00e9g\u00e8rement d\u00e9tendue dans l'administration, la p\u00e9nurie de personnel qualifi\u00e9 s'est aggrav\u00e9e dans le secteur de la sant\u00e9. Le nombre de postes de d\u00e9butants est rest\u00e9 stable malgr\u00e9 le d\u00e9bat sur l'IA.<\/p>","protected":false},"author":107,"featured_media":44944,"comment_status":"closed","ping_status":"closed","sticky":false,"template":"","format":"standard","meta":{"_acf_changed":false,"_yoast_wpseo_focuskw":"Fachkr\u00e4ftemangel \u00f6ffentlicher Sektor","_yoast_wpseo_metadesc":"Analyse des Job-Jahres 2025: Entspannung in der Verwaltung, versch\u00e4rfte Lage im Gesundheitswesen. Einstiegspositionen bleiben stabil.","articlekey":"","footnotes":""},"categories":[579],"tags":[47,254,5641],"class_list":["post-44945","post","type-post","status-publish","format-standard","has-post-thumbnail","hentry","category-human-resources","tag-arbeitsmarkt","tag-hrm","tag-oeffentlicher-sektor"],"acf":[],"yoast_head":"<!-- This site is optimized with the Yoast SEO plugin v27.4 - https:\/\/yoast.com\/product\/yoast-seo-wordpress\/ -->\n<title>Fachkr\u00e4ftemangel im \u00f6ffentlichen Sektor: Weniger Ausschreibungen, unterschiedliche Entwicklungen - Organisator<\/title>\n<meta name=\"description\" content=\"Analyse des Job-Jahres 2025: Entspannung in der Verwaltung, versch\u00e4rfte Lage im Gesundheitswesen. Einstiegspositionen bleiben stabil.\" \/>\n<meta name=\"robots\" content=\"index, follow, max-snippet:-1, max-image-preview:large, max-video-preview:-1\" \/>\n<link rel=\"canonical\" href=\"https:\/\/www.organisator.ch\/fr\/ressources-humaines\/2026-02-24\/fachkraeftemangel-im-oeffentlichen-sektor-weniger-ausschreibungen-unterschiedliche-entwicklungen\/\" \/>\n<meta property=\"og:locale\" content=\"fr_FR\" \/>\n<meta property=\"og:type\" content=\"article\" \/>\n<meta property=\"og:title\" content=\"Fachkr\u00e4ftemangel im \u00f6ffentlichen Sektor: Weniger Ausschreibungen, unterschiedliche Entwicklungen\" \/>\n<meta property=\"og:description\" content=\"Analyse des Job-Jahres 2025: Entspannung in der Verwaltung, versch\u00e4rfte Lage im Gesundheitswesen. Einstiegspositionen bleiben stabil.\" \/>\n<meta property=\"og:url\" content=\"https:\/\/www.organisator.ch\/fr\/ressources-humaines\/2026-02-24\/fachkraeftemangel-im-oeffentlichen-sektor-weniger-ausschreibungen-unterschiedliche-entwicklungen\/\" \/>\n<meta property=\"og:site_name\" content=\"Organisator\" \/>\n<meta property=\"article:publisher\" content=\"https:\/\/www.facebook.com\/OrganisatorFachmagazin\" \/>\n<meta property=\"article:published_time\" content=\"2026-02-24T07:30:07+00:00\" \/>\n<meta property=\"og:image\" content=\"https:\/\/www.organisator.ch\/wp-content\/uploads\/2026\/02\/publicjobs_job-jahr_stellenanzeigen_2025-e1771918003183.png\" \/>\n\t<meta property=\"og:image:width\" content=\"1080\" \/>\n\t<meta property=\"og:image:height\" content=\"600\" \/>\n\t<meta property=\"og:image:type\" content=\"image\/png\" \/>\n<meta name=\"author\" content=\"n8n\" \/>\n<meta name=\"twitter:card\" content=\"summary_large_image\" \/>\n<meta name=\"twitter:title\" content=\"#Fachkr\u00e4ftemangel im \u00f6ffentlichen Sektor: Weniger #Ausschreibungen, unterschiedliche Entwicklungen\" \/>\n<meta name=\"twitter:description\" content=\"Analyse des Job-Jahres 2025: Entspannung in der #Verwaltung, versch\u00e4rfte Lage im #Gesundheitswesen. #Einstiegspositionen bleiben stabil.\" \/>\n<meta name=\"twitter:image\" content=\"https:\/\/www.organisator.ch\/wp-content\/uploads\/2026\/02\/publicjobs_job-jahr_stellenanzeigen_2025-e1771918003183.png\" \/>\n<script type=\"application\/ld+json\" class=\"yoast-schema-graph\">{\"@context\":\"https:\\\/\\\/schema.org\",\"@graph\":[{\"@type\":\"Article\",\"@id\":\"https:\\\/\\\/www.organisator.ch\\\/human-resources\\\/2026-02-24\\\/fachkraeftemangel-im-oeffentlichen-sektor-weniger-ausschreibungen-unterschiedliche-entwicklungen\\\/#article\",\"isPartOf\":{\"@id\":\"https:\\\/\\\/www.organisator.ch\\\/human-resources\\\/2026-02-24\\\/fachkraeftemangel-im-oeffentlichen-sektor-weniger-ausschreibungen-unterschiedliche-entwicklungen\\\/\"},\"author\":{\"name\":\"n8n\",\"@id\":\"https:\\\/\\\/www.organisator.ch\\\/#\\\/schema\\\/person\\\/a9d0e0eff238db87a8f840f3b50359f0\"},\"headline\":\"Fachkr\u00e4ftemangel im \u00f6ffentlichen Sektor: Weniger Ausschreibungen, unterschiedliche Entwicklungen\",\"datePublished\":\"2026-02-24T07:30:07+00:00\",\"mainEntityOfPage\":{\"@id\":\"https:\\\/\\\/www.organisator.ch\\\/human-resources\\\/2026-02-24\\\/fachkraeftemangel-im-oeffentlichen-sektor-weniger-ausschreibungen-unterschiedliche-entwicklungen\\\/\"},\"wordCount\":637,\"publisher\":{\"@id\":\"https:\\\/\\\/www.organisator.ch\\\/#organization\"},\"image\":{\"@id\":\"https:\\\/\\\/www.organisator.ch\\\/human-resources\\\/2026-02-24\\\/fachkraeftemangel-im-oeffentlichen-sektor-weniger-ausschreibungen-unterschiedliche-entwicklungen\\\/#primaryimage\"},\"thumbnailUrl\":\"https:\\\/\\\/www.organisator.ch\\\/wp-content\\\/uploads\\\/2026\\\/02\\\/publicjobs_job-jahr_stellenanzeigen_2025-e1771918003183.png\",\"keywords\":[\"Arbeitsmarkt\",\"HRM\",\"\u00f6ffentlicher Sektor\"],\"articleSection\":[\"HUMAN RESOURCES\"],\"inLanguage\":\"fr-FR\"},{\"@type\":\"WebPage\",\"@id\":\"https:\\\/\\\/www.organisator.ch\\\/human-resources\\\/2026-02-24\\\/fachkraeftemangel-im-oeffentlichen-sektor-weniger-ausschreibungen-unterschiedliche-entwicklungen\\\/\",\"url\":\"https:\\\/\\\/www.organisator.ch\\\/human-resources\\\/2026-02-24\\\/fachkraeftemangel-im-oeffentlichen-sektor-weniger-ausschreibungen-unterschiedliche-entwicklungen\\\/\",\"name\":\"Fachkr\u00e4ftemangel im \u00f6ffentlichen Sektor: Weniger Ausschreibungen, unterschiedliche Entwicklungen - Organisator\",\"isPartOf\":{\"@id\":\"https:\\\/\\\/www.organisator.ch\\\/#website\"},\"primaryImageOfPage\":{\"@id\":\"https:\\\/\\\/www.organisator.ch\\\/human-resources\\\/2026-02-24\\\/fachkraeftemangel-im-oeffentlichen-sektor-weniger-ausschreibungen-unterschiedliche-entwicklungen\\\/#primaryimage\"},\"image\":{\"@id\":\"https:\\\/\\\/www.organisator.ch\\\/human-resources\\\/2026-02-24\\\/fachkraeftemangel-im-oeffentlichen-sektor-weniger-ausschreibungen-unterschiedliche-entwicklungen\\\/#primaryimage\"},\"thumbnailUrl\":\"https:\\\/\\\/www.organisator.ch\\\/wp-content\\\/uploads\\\/2026\\\/02\\\/publicjobs_job-jahr_stellenanzeigen_2025-e1771918003183.png\",\"datePublished\":\"2026-02-24T07:30:07+00:00\",\"description\":\"Analyse des Job-Jahres 2025: Entspannung in der Verwaltung, versch\u00e4rfte Lage im Gesundheitswesen. Einstiegspositionen bleiben stabil.\",\"breadcrumb\":{\"@id\":\"https:\\\/\\\/www.organisator.ch\\\/human-resources\\\/2026-02-24\\\/fachkraeftemangel-im-oeffentlichen-sektor-weniger-ausschreibungen-unterschiedliche-entwicklungen\\\/#breadcrumb\"},\"inLanguage\":\"fr-FR\",\"potentialAction\":[{\"@type\":\"ReadAction\",\"target\":[\"https:\\\/\\\/www.organisator.ch\\\/human-resources\\\/2026-02-24\\\/fachkraeftemangel-im-oeffentlichen-sektor-weniger-ausschreibungen-unterschiedliche-entwicklungen\\\/\"]}]},{\"@type\":\"ImageObject\",\"inLanguage\":\"fr-FR\",\"@id\":\"https:\\\/\\\/www.organisator.ch\\\/human-resources\\\/2026-02-24\\\/fachkraeftemangel-im-oeffentlichen-sektor-weniger-ausschreibungen-unterschiedliche-entwicklungen\\\/#primaryimage\",\"url\":\"https:\\\/\\\/www.organisator.ch\\\/wp-content\\\/uploads\\\/2026\\\/02\\\/publicjobs_job-jahr_stellenanzeigen_2025-e1771918003183.png\",\"contentUrl\":\"https:\\\/\\\/www.organisator.ch\\\/wp-content\\\/uploads\\\/2026\\\/02\\\/publicjobs_job-jahr_stellenanzeigen_2025-e1771918003183.png\",\"width\":1080,\"height\":600,\"caption\":\"Die wichtigsten Arbeitsmarkttrends im \u00f6ffentlichen Sektor. (Bild: zVg)\"},{\"@type\":\"BreadcrumbList\",\"@id\":\"https:\\\/\\\/www.organisator.ch\\\/human-resources\\\/2026-02-24\\\/fachkraeftemangel-im-oeffentlichen-sektor-weniger-ausschreibungen-unterschiedliche-entwicklungen\\\/#breadcrumb\",\"itemListElement\":[{\"@type\":\"ListItem\",\"position\":1,\"name\":\"Home\",\"item\":\"https:\\\/\\\/www.organisator.ch\\\/\"},{\"@type\":\"ListItem\",\"position\":2,\"name\":\"Fachkr\u00e4ftemangel im \u00f6ffentlichen Sektor: Weniger Ausschreibungen, unterschiedliche Entwicklungen\"}]},{\"@type\":\"WebSite\",\"@id\":\"https:\\\/\\\/www.organisator.ch\\\/#website\",\"url\":\"https:\\\/\\\/www.organisator.ch\\\/\",\"name\":\"Organisator\",\"description\":\"Kompetent. Praxisnah. Der ORGANISATOR bereitet in 10 Ausgaben pro Jahr die wesentlichen Themen f\u00fcr F\u00fchrungskr\u00e4fte von KMU auf.\",\"publisher\":{\"@id\":\"https:\\\/\\\/www.organisator.ch\\\/#organization\"},\"potentialAction\":[{\"@type\":\"SearchAction\",\"target\":{\"@type\":\"EntryPoint\",\"urlTemplate\":\"https:\\\/\\\/www.organisator.ch\\\/?s={search_term_string}\"},\"query-input\":{\"@type\":\"PropertyValueSpecification\",\"valueRequired\":true,\"valueName\":\"search_term_string\"}}],\"inLanguage\":\"fr-FR\"},{\"@type\":\"Organization\",\"@id\":\"https:\\\/\\\/www.organisator.ch\\\/#organization\",\"name\":\"Organisator\",\"url\":\"https:\\\/\\\/www.organisator.ch\\\/\",\"logo\":{\"@type\":\"ImageObject\",\"inLanguage\":\"fr-FR\",\"@id\":\"https:\\\/\\\/www.organisator.ch\\\/#\\\/schema\\\/logo\\\/image\\\/\",\"url\":\"https:\\\/\\\/www.organisator.ch\\\/wp-content\\\/uploads\\\/2022\\\/01\\\/Logo_Organisator_Website.png\",\"contentUrl\":\"https:\\\/\\\/www.organisator.ch\\\/wp-content\\\/uploads\\\/2022\\\/01\\\/Logo_Organisator_Website.png\",\"width\":800,\"height\":77,\"caption\":\"Organisator\"},\"image\":{\"@id\":\"https:\\\/\\\/www.organisator.ch\\\/#\\\/schema\\\/logo\\\/image\\\/\"},\"sameAs\":[\"https:\\\/\\\/www.facebook.com\\\/OrganisatorFachmagazin\",\"https:\\\/\\\/www.linkedin.com\\\/showcase\\\/organisator-das-magazin-fr-kmu\",\"https:\\\/\\\/www.xing.com\\\/news\\\/pages\\\/organisator-ch-695\",\"https:\\\/\\\/www.youtube.com\\\/channel\\\/UCGP2Sq0iWaZwT3BdIAQFYpw\"]},{\"@type\":\"Person\",\"@id\":\"https:\\\/\\\/www.organisator.ch\\\/#\\\/schema\\\/person\\\/a9d0e0eff238db87a8f840f3b50359f0\",\"name\":\"n8n\",\"image\":{\"@type\":\"ImageObject\",\"inLanguage\":\"fr-FR\",\"@id\":\"https:\\\/\\\/secure.gravatar.com\\\/avatar\\\/5368fb9d03fd415a6f335cece4c15af2502d6ca8651efbd6e8f98427a9795400?s=96&d=mm&r=g\",\"url\":\"https:\\\/\\\/secure.gravatar.com\\\/avatar\\\/5368fb9d03fd415a6f335cece4c15af2502d6ca8651efbd6e8f98427a9795400?s=96&d=mm&r=g\",\"contentUrl\":\"https:\\\/\\\/secure.gravatar.com\\\/avatar\\\/5368fb9d03fd415a6f335cece4c15af2502d6ca8651efbd6e8f98427a9795400?s=96&d=mm&r=g\",\"caption\":\"n8n\"},\"url\":\"https:\\\/\\\/www.organisator.ch\\\/fr\\\/author\\\/n8n\\\/\"}]}<\/script>\n<!-- \/ Yoast SEO plugin. -->","yoast_head_json":{"title":"P\u00e9nurie de personnel qualifi\u00e9 dans le secteur public : moins d'appels d'offres, \u00e9volutions diverses - Organisateur","description":"Analyse de l'ann\u00e9e de l'emploi 2025 : d\u00e9tente dans l'administration, aggravation de la situation dans le secteur de la sant\u00e9. Les postes d'entr\u00e9e restent stables.","robots":{"index":"index","follow":"follow","max-snippet":"max-snippet:-1","max-image-preview":"max-image-preview:large","max-video-preview":"max-video-preview:-1"},"canonical":"https:\/\/www.organisator.ch\/fr\/ressources-humaines\/2026-02-24\/fachkraeftemangel-im-oeffentlichen-sektor-weniger-ausschreibungen-unterschiedliche-entwicklungen\/","og_locale":"fr_FR","og_type":"article","og_title":"Fachkr\u00e4ftemangel im \u00f6ffentlichen Sektor: Weniger Ausschreibungen, unterschiedliche Entwicklungen","og_description":"Analyse des Job-Jahres 2025: Entspannung in der Verwaltung, versch\u00e4rfte Lage im Gesundheitswesen. Einstiegspositionen bleiben stabil.","og_url":"https:\/\/www.organisator.ch\/fr\/ressources-humaines\/2026-02-24\/fachkraeftemangel-im-oeffentlichen-sektor-weniger-ausschreibungen-unterschiedliche-entwicklungen\/","og_site_name":"Organisator","article_publisher":"https:\/\/www.facebook.com\/OrganisatorFachmagazin","article_published_time":"2026-02-24T07:30:07+00:00","og_image":[{"width":1080,"height":600,"url":"https:\/\/www.organisator.ch\/wp-content\/uploads\/2026\/02\/publicjobs_job-jahr_stellenanzeigen_2025-e1771918003183.png","type":"image\/png"}],"author":"n8n","twitter_card":"summary_large_image","twitter_title":"#Fachkr\u00e4ftemangel im \u00f6ffentlichen Sektor: Weniger #Ausschreibungen, unterschiedliche Entwicklungen","twitter_description":"Analyse des Job-Jahres 2025: Entspannung in der #Verwaltung, versch\u00e4rfte Lage im #Gesundheitswesen. #Einstiegspositionen bleiben stabil.","twitter_image":"https:\/\/www.organisator.ch\/wp-content\/uploads\/2026\/02\/publicjobs_job-jahr_stellenanzeigen_2025-e1771918003183.png","schema":{"@context":"https:\/\/schema.org","@graph":[{"@type":"Article","@id":"https:\/\/www.organisator.ch\/human-resources\/2026-02-24\/fachkraeftemangel-im-oeffentlichen-sektor-weniger-ausschreibungen-unterschiedliche-entwicklungen\/#article","isPartOf":{"@id":"https:\/\/www.organisator.ch\/human-resources\/2026-02-24\/fachkraeftemangel-im-oeffentlichen-sektor-weniger-ausschreibungen-unterschiedliche-entwicklungen\/"},"author":{"name":"n8n","@id":"https:\/\/www.organisator.ch\/#\/schema\/person\/a9d0e0eff238db87a8f840f3b50359f0"},"headline":"Fachkr\u00e4ftemangel im \u00f6ffentlichen Sektor: Weniger Ausschreibungen, unterschiedliche Entwicklungen","datePublished":"2026-02-24T07:30:07+00:00","mainEntityOfPage":{"@id":"https:\/\/www.organisator.ch\/human-resources\/2026-02-24\/fachkraeftemangel-im-oeffentlichen-sektor-weniger-ausschreibungen-unterschiedliche-entwicklungen\/"},"wordCount":637,"publisher":{"@id":"https:\/\/www.organisator.ch\/#organization"},"image":{"@id":"https:\/\/www.organisator.ch\/human-resources\/2026-02-24\/fachkraeftemangel-im-oeffentlichen-sektor-weniger-ausschreibungen-unterschiedliche-entwicklungen\/#primaryimage"},"thumbnailUrl":"https:\/\/www.organisator.ch\/wp-content\/uploads\/2026\/02\/publicjobs_job-jahr_stellenanzeigen_2025-e1771918003183.png","keywords":["Arbeitsmarkt","HRM","\u00f6ffentlicher Sektor"],"articleSection":["HUMAN RESOURCES"],"inLanguage":"fr-FR"},{"@type":"WebPage","@id":"https:\/\/www.organisator.ch\/human-resources\/2026-02-24\/fachkraeftemangel-im-oeffentlichen-sektor-weniger-ausschreibungen-unterschiedliche-entwicklungen\/","url":"https:\/\/www.organisator.ch\/human-resources\/2026-02-24\/fachkraeftemangel-im-oeffentlichen-sektor-weniger-ausschreibungen-unterschiedliche-entwicklungen\/","name":"P\u00e9nurie de personnel qualifi\u00e9 dans le secteur public : moins d'appels d'offres, \u00e9volutions diverses - Organisateur","isPartOf":{"@id":"https:\/\/www.organisator.ch\/#website"},"primaryImageOfPage":{"@id":"https:\/\/www.organisator.ch\/human-resources\/2026-02-24\/fachkraeftemangel-im-oeffentlichen-sektor-weniger-ausschreibungen-unterschiedliche-entwicklungen\/#primaryimage"},"image":{"@id":"https:\/\/www.organisator.ch\/human-resources\/2026-02-24\/fachkraeftemangel-im-oeffentlichen-sektor-weniger-ausschreibungen-unterschiedliche-entwicklungen\/#primaryimage"},"thumbnailUrl":"https:\/\/www.organisator.ch\/wp-content\/uploads\/2026\/02\/publicjobs_job-jahr_stellenanzeigen_2025-e1771918003183.png","datePublished":"2026-02-24T07:30:07+00:00","description":"Analyse de l'ann\u00e9e de l'emploi 2025 : d\u00e9tente dans l'administration, aggravation de la situation dans le secteur de la sant\u00e9. Les postes d'entr\u00e9e restent stables.","breadcrumb":{"@id":"https:\/\/www.organisator.ch\/human-resources\/2026-02-24\/fachkraeftemangel-im-oeffentlichen-sektor-weniger-ausschreibungen-unterschiedliche-entwicklungen\/#breadcrumb"},"inLanguage":"fr-FR","potentialAction":[{"@type":"ReadAction","target":["https:\/\/www.organisator.ch\/human-resources\/2026-02-24\/fachkraeftemangel-im-oeffentlichen-sektor-weniger-ausschreibungen-unterschiedliche-entwicklungen\/"]}]},{"@type":"ImageObject","inLanguage":"fr-FR","@id":"https:\/\/www.organisator.ch\/human-resources\/2026-02-24\/fachkraeftemangel-im-oeffentlichen-sektor-weniger-ausschreibungen-unterschiedliche-entwicklungen\/#primaryimage","url":"https:\/\/www.organisator.ch\/wp-content\/uploads\/2026\/02\/publicjobs_job-jahr_stellenanzeigen_2025-e1771918003183.png","contentUrl":"https:\/\/www.organisator.ch\/wp-content\/uploads\/2026\/02\/publicjobs_job-jahr_stellenanzeigen_2025-e1771918003183.png","width":1080,"height":600,"caption":"Die wichtigsten Arbeitsmarkttrends im \u00f6ffentlichen Sektor. (Bild: zVg)"},{"@type":"BreadcrumbList","@id":"https:\/\/www.organisator.ch\/human-resources\/2026-02-24\/fachkraeftemangel-im-oeffentlichen-sektor-weniger-ausschreibungen-unterschiedliche-entwicklungen\/#breadcrumb","itemListElement":[{"@type":"ListItem","position":1,"name":"Home","item":"https:\/\/www.organisator.ch\/"},{"@type":"ListItem","position":2,"name":"Fachkr\u00e4ftemangel im \u00f6ffentlichen Sektor: Weniger Ausschreibungen, unterschiedliche Entwicklungen"}]},{"@type":"WebSite","@id":"https:\/\/www.organisator.ch\/#website","url":"https:\/\/www.organisator.ch\/","name":"Organisateur","description":"Comp\u00e9tence et comp\u00e9tence. Proches de la pratique. L'ORGANISATEUR pr\u00e9pare 10 num\u00e9ros par an sur les th\u00e8mes essentiels pour les dirigeants de PME.","publisher":{"@id":"https:\/\/www.organisator.ch\/#organization"},"potentialAction":[{"@type":"SearchAction","target":{"@type":"EntryPoint","urlTemplate":"https:\/\/www.organisator.ch\/?s={search_term_string}"},"query-input":{"@type":"PropertyValueSpecification","valueRequired":true,"valueName":"search_term_string"}}],"inLanguage":"fr-FR"},{"@type":"Organization","@id":"https:\/\/www.organisator.ch\/#organization","name":"Organisateur","url":"https:\/\/www.organisator.ch\/","logo":{"@type":"ImageObject","inLanguage":"fr-FR","@id":"https:\/\/www.organisator.ch\/#\/schema\/logo\/image\/","url":"https:\/\/www.organisator.ch\/wp-content\/uploads\/2022\/01\/Logo_Organisator_Website.png","contentUrl":"https:\/\/www.organisator.ch\/wp-content\/uploads\/2022\/01\/Logo_Organisator_Website.png","width":800,"height":77,"caption":"Organisator"},"image":{"@id":"https:\/\/www.organisator.ch\/#\/schema\/logo\/image\/"},"sameAs":["https:\/\/www.facebook.com\/OrganisatorFachmagazin","https:\/\/www.linkedin.com\/showcase\/organisator-das-magazin-fr-kmu","https:\/\/www.xing.com\/news\/pages\/organisator-ch-695","https:\/\/www.youtube.com\/channel\/UCGP2Sq0iWaZwT3BdIAQFYpw"]},{"@type":"Person","@id":"https:\/\/www.organisator.ch\/#\/schema\/person\/a9d0e0eff238db87a8f840f3b50359f0","name":"n8n","image":{"@type":"ImageObject","inLanguage":"fr-FR","@id":"https:\/\/secure.gravatar.com\/avatar\/5368fb9d03fd415a6f335cece4c15af2502d6ca8651efbd6e8f98427a9795400?s=96&d=mm&r=g","url":"https:\/\/secure.gravatar.com\/avatar\/5368fb9d03fd415a6f335cece4c15af2502d6ca8651efbd6e8f98427a9795400?s=96&d=mm&r=g","contentUrl":"https:\/\/secure.gravatar.com\/avatar\/5368fb9d03fd415a6f335cece4c15af2502d6ca8651efbd6e8f98427a9795400?s=96&d=mm&r=g","caption":"n8n"},"url":"https:\/\/www.organisator.ch\/fr\/author\/n8n\/"}]}},"_links":{"self":[{"href":"https:\/\/www.organisator.ch\/fr\/wp-json\/wp\/v2\/posts\/44945","targetHints":{"allow":["GET"]}}],"collection":[{"href":"https:\/\/www.organisator.ch\/fr\/wp-json\/wp\/v2\/posts"}],"about":[{"href":"https:\/\/www.organisator.ch\/fr\/wp-json\/wp\/v2\/types\/post"}],"author":[{"embeddable":true,"href":"https:\/\/www.organisator.ch\/fr\/wp-json\/wp\/v2\/users\/107"}],"replies":[{"embeddable":true,"href":"https:\/\/www.organisator.ch\/fr\/wp-json\/wp\/v2\/comments?post=44945"}],"version-history":[{"count":5,"href":"https:\/\/www.organisator.ch\/fr\/wp-json\/wp\/v2\/posts\/44945\/revisions"}],"predecessor-version":[{"id":45037,"href":"https:\/\/www.organisator.ch\/fr\/wp-json\/wp\/v2\/posts\/44945\/revisions\/45037"}],"wp:featuredmedia":[{"embeddable":true,"href":"https:\/\/www.organisator.ch\/fr\/wp-json\/wp\/v2\/media\/44944"}],"wp:attachment":[{"href":"https:\/\/www.organisator.ch\/fr\/wp-json\/wp\/v2\/media?parent=44945"}],"wp:term":[{"taxonomy":"category","embeddable":true,"href":"https:\/\/www.organisator.ch\/fr\/wp-json\/wp\/v2\/categories?post=44945"},{"taxonomy":"post_tag","embeddable":true,"href":"https:\/\/www.organisator.ch\/fr\/wp-json\/wp\/v2\/tags?post=44945"}],"curies":[{"name":"wp","href":"https:\/\/api.w.org\/{rel}","templated":true}]}}