{"id":44999,"date":"2026-02-25T08:43:22","date_gmt":"2026-02-25T07:43:22","guid":{"rendered":"https:\/\/www.organisator.ch\/de\/?p=44999"},"modified":"2026-02-25T08:43:22","modified_gmt":"2026-02-25T07:43:22","slug":"mem-kmu-kaempfen-weiter-gegen-gegenwind","status":"publish","type":"post","link":"https:\/\/www.organisator.ch\/fr\/management\/2026-02-25\/mem-kmu-kaempfen-weiter-gegen-gegenwind\/","title":{"rendered":"Les PME MEM continuent de lutter contre les vents contraires"},"content":{"rendered":"<figure>\n<figure id=\"attachment_44998\" aria-describedby=\"caption-attachment-44998\" style=\"width: 680px\" class=\"wp-caption alignnone\"><img loading=\"lazy\" decoding=\"async\" class=\"size-medium wp-image-44998\" src=\"https:\/\/www.organisator.ch\/wp-content\/uploads\/2026\/02\/2_DE-680x345.jpg\" alt=\"\" width=\"680\" height=\"345\" srcset=\"https:\/\/www.organisator.ch\/wp-content\/uploads\/2026\/02\/2_DE-680x345.jpg 680w, https:\/\/www.organisator.ch\/wp-content\/uploads\/2026\/02\/2_DE-1024x520.jpg 1024w, https:\/\/www.organisator.ch\/wp-content\/uploads\/2026\/02\/2_DE-768x390.jpg 768w, https:\/\/www.organisator.ch\/wp-content\/uploads\/2026\/02\/2_DE-1536x780.jpg 1536w, https:\/\/www.organisator.ch\/wp-content\/uploads\/2026\/02\/2_DE-2048x1040.jpg 2048w, https:\/\/www.organisator.ch\/wp-content\/uploads\/2026\/02\/2_DE-18x9.jpg 18w, https:\/\/www.organisator.ch\/wp-content\/uploads\/2026\/02\/2_DE-375x190.jpg 375w, https:\/\/www.organisator.ch\/wp-content\/uploads\/2026\/02\/2_DE-689x350.jpg 689w, https:\/\/www.organisator.ch\/wp-content\/uploads\/2026\/02\/2_DE-1000x508.jpg 1000w, https:\/\/www.organisator.ch\/wp-content\/uploads\/2026\/02\/2_DE-scaled.jpg 1400w\" sizes=\"auto, (max-width: 680px) 100vw, 680px\" \/><figcaption id=\"caption-attachment-44998\" class=\"wp-caption-text\">Utilisation des capacit\u00e9s de production (source : BAK Economics, enqu\u00eate trimestrielle Swissmechanic)<\/figcaption><\/figure><figcaption><\/figcaption><\/figure>\n<p>Le climat des affaires de l'industrie suisse reste pessimiste en ce d\u00e9but d'ann\u00e9e 2026. Environ 40% des entreprises ont enregistr\u00e9 au quatri\u00e8me trimestre 2025 un recul des entr\u00e9es de commandes et des chiffres d'affaires par rapport \u00e0 l'ann\u00e9e pr\u00e9c\u00e9dente. Pour 46% d'entre elles, les marges EBIT ont diminu\u00e9. Certes, certaines entreprises font \u00e9tat d'une l\u00e9g\u00e8re stabilisation, mais l'utilisation globale des capacit\u00e9s reste inf\u00e9rieure \u00e0 la moyenne \u00e0 long terme. Seules 18 % des entreprises disposent encore d'un carnet de commandes de plus de douze semaines.<\/p>\n<h3>Le carnet de commandes reste la principale pr\u00e9occupation<\/h3>\n<p>Avec 63 pour cent, le carnet de commandes reste la principale pr\u00e9occupation des entreprises. Les fluctuations des taux de change (37 pour cent) et la p\u00e9nurie de main-d'\u0153uvre qualifi\u00e9e (26 pour cent) p\u00e8sent \u00e9galement. 17 pour cent des entreprises ont actuellement recours au ch\u00f4mage partiel, un chiffre qui correspond \u00e0 la moyenne des trimestres pr\u00e9c\u00e9dents. Les commandes \u00e0 court terme restent assur\u00e9es pour la plupart des entreprises : sept entreprises sur dix disposent d'une production assur\u00e9e pendant au moins quatre semaines.<\/p>\n<figure>\n<figure style=\"width: 1200px\" class=\"wp-caption alignnone\"><img loading=\"lazy\" decoding=\"async\" src=\"https:\/\/www.organisator.ch\/wp-content\/uploads\/2026\/02\/1_DE.jpg\" alt=\"Indice du climat des affaires de Swissmechanic\" width=\"1200\" height=\"368\" \/><figcaption class=\"wp-caption-text\">Indice du climat des affaires de Swissmechanic pour les PME-MEM (source : BAK Economics, enqu\u00eate trimestrielle Swissmechanic)<\/figcaption><\/figure><br \/>\n<\/figure>\n<h3>Les droits de douane am\u00e9ricains n'apportent qu'un soulagement limit\u00e9<\/h3>\n<p>M\u00eame la r\u00e9duction des droits de douane am\u00e9ricains de 39 \u00e0 15 pour cent n'apporte qu'un soulagement limit\u00e9. Pour la majorit\u00e9 des entreprises, cela ne signifie pas un renversement de tendance, mais seulement une am\u00e9lioration mod\u00e9r\u00e9e des perspectives commerciales. Les adaptations strat\u00e9giques continuent de se concentrer sur l'optimisation des processus et des co\u00fbts, tandis que les d\u00e9localisations de la production ne sont que rarement pr\u00e9vues.<\/p>\n<h3>Des investissements sous pression<\/h3>\n<p>Les restrictions financi\u00e8res emp\u00eachent 26% des entreprises d'investir - une l\u00e9g\u00e8re augmentation par rapport \u00e0 l'automne 2025. La raison principale est le manque de fonds propres. Parall\u00e8lement, deux tiers des entreprises pr\u00e9voient de maintenir leurs capacit\u00e9s de production \u00e0 un niveau constant. La majorit\u00e9 des entreprises ont par ailleurs maintenu leurs effectifs \u00e0 un niveau constant, m\u00eame si pr\u00e8s d'une sur trois a d\u00fb r\u00e9duire son personnel.<\/p>\n<h3>L'environnement macro\u00e9conomique reste exigeant<\/h3>\n<p>La conjoncture mondiale perd l\u00e9g\u00e8rement de son dynamisme en 2026. Pour 2026, BAK pr\u00e9voit une croissance de 0,9 % du produit int\u00e9rieur brut suisse corrig\u00e9 des variations dues au sport. L'\u00e9volution dans l'UE se situe \u00e0 un niveau l\u00e9g\u00e8rement sup\u00e9rieur avec une croissance de 1,2 %. L'\u00e9conomie am\u00e9ricaine progresse plus fortement avec une croissance pr\u00e9vue de 2,8 %. Le franc suisse reste \u00e9galement fort en 2026, autour de 0,93 CHF\/euro ou environ 0,80 CHF\/USD.<\/p>\n<p>Le pr\u00e9sident de Swissmechanic, Nicola Tettamanti, d\u00e9clare : \u00abNos PME font preuve d'une grande pers\u00e9v\u00e9rance. Mais une stabilisation \u00e0 un bas niveau n'est pas encore une reprise. Il faut des conditions-cadres fiables et une stabilit\u00e9 politique qui permettent d'investir et de planifier en toute s\u00e9curit\u00e9\u00bb. Le directeur de Swissmechanic, Erich Sannemann, ajoute : \u00abLes entreprises r\u00e9agissent de mani\u00e8re pragmatique : elles optimisent les processus, assurent leurs liquidit\u00e9s et maintiennent autant que possible la stabilit\u00e9 de leurs effectifs. Cette capacit\u00e9 de r\u00e9sistance est impressionnante - mais elle ne doit pas \u00eatre consid\u00e9r\u00e9e comme allant de soi\u00bb.\u00bb<\/p>\n<p>Plus d'informations : <a href=\"https:\/\/www.swissmechanic.ch\" target=\"_blank\" rel=\"noopener\">www.swissmechanic.ch<\/a><\/p>","protected":false},"excerpt":{"rendered":"<p>En ce d\u00e9but d'ann\u00e9e 2026, l'indice du climat des affaires PME-MEM de Swissmechanic continue de montrer une situation tendue dans l'industrie des machines, des \u00e9quipements \u00e9lectriques et des m\u00e9taux. Avec environ -30 points, l'indice reste clairement dans la zone n\u00e9gative. Trois quarts des entreprises jugent leur situation commerciale actuelle d\u00e9favorable.<\/p>","protected":false},"author":107,"featured_media":44998,"comment_status":"closed","ping_status":"closed","sticky":false,"template":"","format":"standard","meta":{"_acf_changed":false,"_yoast_wpseo_focuskw":"MEM-Industrie","_yoast_wpseo_metadesc":"Der Swissmechanic KMU-MEM-Gesch\u00e4ftsklimaindex zeigt zu Jahresbeginn 2026 weiterhin eine angespannte Lage in der MEM-Industrie.","articlekey":"","footnotes":""},"categories":[28],"tags":[310,5506,3414,531],"class_list":["post-44999","post","type-post","status-publish","format-standard","has-post-thumbnail","hentry","category-management","tag-konjunktur","tag-mem-industrie","tag-swissmechanic","tag-wirtschaftspolitik"],"acf":[],"yoast_head":"<!-- This site is optimized with the Yoast SEO plugin v27.4 - https:\/\/yoast.com\/product\/yoast-seo-wordpress\/ -->\n<title>MEM-KMU k\u00e4mpfen weiter gegen Gegenwind - Organisator<\/title>\n<meta name=\"description\" content=\"Der Swissmechanic KMU-MEM-Gesch\u00e4ftsklimaindex zeigt zu Jahresbeginn 2026 weiterhin eine angespannte Lage in der MEM-Industrie.\" \/>\n<meta name=\"robots\" content=\"index, follow, max-snippet:-1, max-image-preview:large, max-video-preview:-1\" \/>\n<link rel=\"canonical\" href=\"https:\/\/www.organisator.ch\/fr\/gestion-2\/2026-02-25\/mem-kmu-kaempfen-weiter-gegen-gegenwind\/\" \/>\n<meta property=\"og:locale\" content=\"fr_FR\" \/>\n<meta property=\"og:type\" content=\"article\" \/>\n<meta property=\"og:title\" content=\"MEM-KMU k\u00e4mpfen weiter gegen Gegenwind\" \/>\n<meta property=\"og:description\" content=\"Der Swissmechanic KMU-MEM-Gesch\u00e4ftsklimaindex zeigt zu Jahresbeginn 2026 weiterhin eine angespannte Lage in der MEM-Industrie.\" \/>\n<meta property=\"og:url\" content=\"https:\/\/www.organisator.ch\/fr\/gestion-2\/2026-02-25\/mem-kmu-kaempfen-weiter-gegen-gegenwind\/\" \/>\n<meta property=\"og:site_name\" content=\"Organisator\" \/>\n<meta property=\"article:publisher\" content=\"https:\/\/www.facebook.com\/OrganisatorFachmagazin\" \/>\n<meta property=\"article:published_time\" content=\"2026-02-25T07:43:22+00:00\" \/>\n<meta property=\"og:image\" content=\"https:\/\/www.organisator.ch\/wp-content\/uploads\/2026\/02\/2_DE-scaled.jpg\" \/>\n\t<meta property=\"og:image:width\" content=\"1400\" \/>\n\t<meta property=\"og:image:height\" content=\"711\" \/>\n\t<meta property=\"og:image:type\" content=\"image\/jpeg\" \/>\n<meta name=\"author\" content=\"n8n\" \/>\n<meta name=\"twitter:card\" content=\"summary_large_image\" \/>\n<meta name=\"twitter:title\" content=\"#MEM-KMU k\u00e4mpfen weiter gegen Gegenwind\" \/>\n<meta name=\"twitter:description\" content=\"Der #Swissmechanic #KMU-MEM-Gesch\u00e4ftsklimaindex zeigt zu Jahresbeginn 2026 weiterhin eine angespannte Lage in der #MEM-Industrie.\" \/>\n<meta name=\"twitter:image\" content=\"https:\/\/www.organisator.ch\/wp-content\/uploads\/2026\/02\/2_DE-scaled.jpg\" \/>\n<script type=\"application\/ld+json\" class=\"yoast-schema-graph\">{\"@context\":\"https:\\\/\\\/schema.org\",\"@graph\":[{\"@type\":\"Article\",\"@id\":\"https:\\\/\\\/www.organisator.ch\\\/management\\\/2026-02-25\\\/mem-kmu-kaempfen-weiter-gegen-gegenwind\\\/#article\",\"isPartOf\":{\"@id\":\"https:\\\/\\\/www.organisator.ch\\\/management\\\/2026-02-25\\\/mem-kmu-kaempfen-weiter-gegen-gegenwind\\\/\"},\"author\":{\"name\":\"n8n\",\"@id\":\"https:\\\/\\\/www.organisator.ch\\\/#\\\/schema\\\/person\\\/a9d0e0eff238db87a8f840f3b50359f0\"},\"headline\":\"MEM-KMU k\u00e4mpfen weiter gegen Gegenwind\",\"datePublished\":\"2026-02-25T07:43:22+00:00\",\"mainEntityOfPage\":{\"@id\":\"https:\\\/\\\/www.organisator.ch\\\/management\\\/2026-02-25\\\/mem-kmu-kaempfen-weiter-gegen-gegenwind\\\/\"},\"wordCount\":427,\"publisher\":{\"@id\":\"https:\\\/\\\/www.organisator.ch\\\/#organization\"},\"image\":{\"@id\":\"https:\\\/\\\/www.organisator.ch\\\/management\\\/2026-02-25\\\/mem-kmu-kaempfen-weiter-gegen-gegenwind\\\/#primaryimage\"},\"thumbnailUrl\":\"https:\\\/\\\/www.organisator.ch\\\/wp-content\\\/uploads\\\/2026\\\/02\\\/2_DE-scaled.jpg\",\"keywords\":[\"Konjunktur\",\"MEM-Industrie\",\"Swissmechanic\",\"Wirtschaftspolitik\"],\"articleSection\":[\"MANAGEMENT\"],\"inLanguage\":\"fr-FR\"},{\"@type\":\"WebPage\",\"@id\":\"https:\\\/\\\/www.organisator.ch\\\/management\\\/2026-02-25\\\/mem-kmu-kaempfen-weiter-gegen-gegenwind\\\/\",\"url\":\"https:\\\/\\\/www.organisator.ch\\\/management\\\/2026-02-25\\\/mem-kmu-kaempfen-weiter-gegen-gegenwind\\\/\",\"name\":\"MEM-KMU k\u00e4mpfen weiter gegen Gegenwind - Organisator\",\"isPartOf\":{\"@id\":\"https:\\\/\\\/www.organisator.ch\\\/#website\"},\"primaryImageOfPage\":{\"@id\":\"https:\\\/\\\/www.organisator.ch\\\/management\\\/2026-02-25\\\/mem-kmu-kaempfen-weiter-gegen-gegenwind\\\/#primaryimage\"},\"image\":{\"@id\":\"https:\\\/\\\/www.organisator.ch\\\/management\\\/2026-02-25\\\/mem-kmu-kaempfen-weiter-gegen-gegenwind\\\/#primaryimage\"},\"thumbnailUrl\":\"https:\\\/\\\/www.organisator.ch\\\/wp-content\\\/uploads\\\/2026\\\/02\\\/2_DE-scaled.jpg\",\"datePublished\":\"2026-02-25T07:43:22+00:00\",\"description\":\"Der Swissmechanic KMU-MEM-Gesch\u00e4ftsklimaindex zeigt zu Jahresbeginn 2026 weiterhin eine angespannte Lage in der MEM-Industrie.\",\"breadcrumb\":{\"@id\":\"https:\\\/\\\/www.organisator.ch\\\/management\\\/2026-02-25\\\/mem-kmu-kaempfen-weiter-gegen-gegenwind\\\/#breadcrumb\"},\"inLanguage\":\"fr-FR\",\"potentialAction\":[{\"@type\":\"ReadAction\",\"target\":[\"https:\\\/\\\/www.organisator.ch\\\/management\\\/2026-02-25\\\/mem-kmu-kaempfen-weiter-gegen-gegenwind\\\/\"]}]},{\"@type\":\"ImageObject\",\"inLanguage\":\"fr-FR\",\"@id\":\"https:\\\/\\\/www.organisator.ch\\\/management\\\/2026-02-25\\\/mem-kmu-kaempfen-weiter-gegen-gegenwind\\\/#primaryimage\",\"url\":\"https:\\\/\\\/www.organisator.ch\\\/wp-content\\\/uploads\\\/2026\\\/02\\\/2_DE-scaled.jpg\",\"contentUrl\":\"https:\\\/\\\/www.organisator.ch\\\/wp-content\\\/uploads\\\/2026\\\/02\\\/2_DE-scaled.jpg\",\"width\":1400,\"height\":711,\"caption\":\"Auslastung der Produktionskapazit\u00e4ten (Quelle: BAK Economics, Swissmechanic Quartalsbefragung)\"},{\"@type\":\"BreadcrumbList\",\"@id\":\"https:\\\/\\\/www.organisator.ch\\\/management\\\/2026-02-25\\\/mem-kmu-kaempfen-weiter-gegen-gegenwind\\\/#breadcrumb\",\"itemListElement\":[{\"@type\":\"ListItem\",\"position\":1,\"name\":\"Home\",\"item\":\"https:\\\/\\\/www.organisator.ch\\\/\"},{\"@type\":\"ListItem\",\"position\":2,\"name\":\"MEM-KMU k\u00e4mpfen weiter gegen Gegenwind\"}]},{\"@type\":\"WebSite\",\"@id\":\"https:\\\/\\\/www.organisator.ch\\\/#website\",\"url\":\"https:\\\/\\\/www.organisator.ch\\\/\",\"name\":\"Organisator\",\"description\":\"Kompetent. Praxisnah. Der ORGANISATOR bereitet in 10 Ausgaben pro Jahr die wesentlichen Themen f\u00fcr F\u00fchrungskr\u00e4fte von KMU auf.\",\"publisher\":{\"@id\":\"https:\\\/\\\/www.organisator.ch\\\/#organization\"},\"potentialAction\":[{\"@type\":\"SearchAction\",\"target\":{\"@type\":\"EntryPoint\",\"urlTemplate\":\"https:\\\/\\\/www.organisator.ch\\\/?s={search_term_string}\"},\"query-input\":{\"@type\":\"PropertyValueSpecification\",\"valueRequired\":true,\"valueName\":\"search_term_string\"}}],\"inLanguage\":\"fr-FR\"},{\"@type\":\"Organization\",\"@id\":\"https:\\\/\\\/www.organisator.ch\\\/#organization\",\"name\":\"Organisator\",\"url\":\"https:\\\/\\\/www.organisator.ch\\\/\",\"logo\":{\"@type\":\"ImageObject\",\"inLanguage\":\"fr-FR\",\"@id\":\"https:\\\/\\\/www.organisator.ch\\\/#\\\/schema\\\/logo\\\/image\\\/\",\"url\":\"https:\\\/\\\/www.organisator.ch\\\/wp-content\\\/uploads\\\/2022\\\/01\\\/Logo_Organisator_Website.png\",\"contentUrl\":\"https:\\\/\\\/www.organisator.ch\\\/wp-content\\\/uploads\\\/2022\\\/01\\\/Logo_Organisator_Website.png\",\"width\":800,\"height\":77,\"caption\":\"Organisator\"},\"image\":{\"@id\":\"https:\\\/\\\/www.organisator.ch\\\/#\\\/schema\\\/logo\\\/image\\\/\"},\"sameAs\":[\"https:\\\/\\\/www.facebook.com\\\/OrganisatorFachmagazin\",\"https:\\\/\\\/www.linkedin.com\\\/showcase\\\/organisator-das-magazin-fr-kmu\",\"https:\\\/\\\/www.xing.com\\\/news\\\/pages\\\/organisator-ch-695\",\"https:\\\/\\\/www.youtube.com\\\/channel\\\/UCGP2Sq0iWaZwT3BdIAQFYpw\"]},{\"@type\":\"Person\",\"@id\":\"https:\\\/\\\/www.organisator.ch\\\/#\\\/schema\\\/person\\\/a9d0e0eff238db87a8f840f3b50359f0\",\"name\":\"n8n\",\"image\":{\"@type\":\"ImageObject\",\"inLanguage\":\"fr-FR\",\"@id\":\"https:\\\/\\\/secure.gravatar.com\\\/avatar\\\/5368fb9d03fd415a6f335cece4c15af2502d6ca8651efbd6e8f98427a9795400?s=96&d=mm&r=g\",\"url\":\"https:\\\/\\\/secure.gravatar.com\\\/avatar\\\/5368fb9d03fd415a6f335cece4c15af2502d6ca8651efbd6e8f98427a9795400?s=96&d=mm&r=g\",\"contentUrl\":\"https:\\\/\\\/secure.gravatar.com\\\/avatar\\\/5368fb9d03fd415a6f335cece4c15af2502d6ca8651efbd6e8f98427a9795400?s=96&d=mm&r=g\",\"caption\":\"n8n\"},\"url\":\"https:\\\/\\\/www.organisator.ch\\\/fr\\\/author\\\/n8n\\\/\"}]}<\/script>\n<!-- \/ Yoast SEO plugin. -->","yoast_head_json":{"title":"Les PME MEM continuent de lutter contre les vents contraires - Organisateur","description":"En ce d\u00e9but d'ann\u00e9e 2026, l'indice du climat des affaires PME-MEM de Swissmechanic continue de montrer une situation tendue dans l'industrie MEM.","robots":{"index":"index","follow":"follow","max-snippet":"max-snippet:-1","max-image-preview":"max-image-preview:large","max-video-preview":"max-video-preview:-1"},"canonical":"https:\/\/www.organisator.ch\/fr\/gestion-2\/2026-02-25\/mem-kmu-kaempfen-weiter-gegen-gegenwind\/","og_locale":"fr_FR","og_type":"article","og_title":"MEM-KMU k\u00e4mpfen weiter gegen Gegenwind","og_description":"Der Swissmechanic KMU-MEM-Gesch\u00e4ftsklimaindex zeigt zu Jahresbeginn 2026 weiterhin eine angespannte Lage in der MEM-Industrie.","og_url":"https:\/\/www.organisator.ch\/fr\/gestion-2\/2026-02-25\/mem-kmu-kaempfen-weiter-gegen-gegenwind\/","og_site_name":"Organisator","article_publisher":"https:\/\/www.facebook.com\/OrganisatorFachmagazin","article_published_time":"2026-02-25T07:43:22+00:00","og_image":[{"width":1400,"height":711,"url":"https:\/\/www.organisator.ch\/wp-content\/uploads\/2026\/02\/2_DE-scaled.jpg","type":"image\/jpeg"}],"author":"n8n","twitter_card":"summary_large_image","twitter_title":"#MEM-KMU k\u00e4mpfen weiter gegen Gegenwind","twitter_description":"Der #Swissmechanic #KMU-MEM-Gesch\u00e4ftsklimaindex zeigt zu Jahresbeginn 2026 weiterhin eine angespannte Lage in der #MEM-Industrie.","twitter_image":"https:\/\/www.organisator.ch\/wp-content\/uploads\/2026\/02\/2_DE-scaled.jpg","schema":{"@context":"https:\/\/schema.org","@graph":[{"@type":"Article","@id":"https:\/\/www.organisator.ch\/management\/2026-02-25\/mem-kmu-kaempfen-weiter-gegen-gegenwind\/#article","isPartOf":{"@id":"https:\/\/www.organisator.ch\/management\/2026-02-25\/mem-kmu-kaempfen-weiter-gegen-gegenwind\/"},"author":{"name":"n8n","@id":"https:\/\/www.organisator.ch\/#\/schema\/person\/a9d0e0eff238db87a8f840f3b50359f0"},"headline":"MEM-KMU k\u00e4mpfen weiter gegen Gegenwind","datePublished":"2026-02-25T07:43:22+00:00","mainEntityOfPage":{"@id":"https:\/\/www.organisator.ch\/management\/2026-02-25\/mem-kmu-kaempfen-weiter-gegen-gegenwind\/"},"wordCount":427,"publisher":{"@id":"https:\/\/www.organisator.ch\/#organization"},"image":{"@id":"https:\/\/www.organisator.ch\/management\/2026-02-25\/mem-kmu-kaempfen-weiter-gegen-gegenwind\/#primaryimage"},"thumbnailUrl":"https:\/\/www.organisator.ch\/wp-content\/uploads\/2026\/02\/2_DE-scaled.jpg","keywords":["Konjunktur","MEM-Industrie","Swissmechanic","Wirtschaftspolitik"],"articleSection":["MANAGEMENT"],"inLanguage":"fr-FR"},{"@type":"WebPage","@id":"https:\/\/www.organisator.ch\/management\/2026-02-25\/mem-kmu-kaempfen-weiter-gegen-gegenwind\/","url":"https:\/\/www.organisator.ch\/management\/2026-02-25\/mem-kmu-kaempfen-weiter-gegen-gegenwind\/","name":"Les PME MEM continuent de lutter contre les vents contraires - Organisateur","isPartOf":{"@id":"https:\/\/www.organisator.ch\/#website"},"primaryImageOfPage":{"@id":"https:\/\/www.organisator.ch\/management\/2026-02-25\/mem-kmu-kaempfen-weiter-gegen-gegenwind\/#primaryimage"},"image":{"@id":"https:\/\/www.organisator.ch\/management\/2026-02-25\/mem-kmu-kaempfen-weiter-gegen-gegenwind\/#primaryimage"},"thumbnailUrl":"https:\/\/www.organisator.ch\/wp-content\/uploads\/2026\/02\/2_DE-scaled.jpg","datePublished":"2026-02-25T07:43:22+00:00","description":"En ce d\u00e9but d'ann\u00e9e 2026, l'indice du climat des affaires PME-MEM de Swissmechanic continue de montrer une situation tendue dans l'industrie MEM.","breadcrumb":{"@id":"https:\/\/www.organisator.ch\/management\/2026-02-25\/mem-kmu-kaempfen-weiter-gegen-gegenwind\/#breadcrumb"},"inLanguage":"fr-FR","potentialAction":[{"@type":"ReadAction","target":["https:\/\/www.organisator.ch\/management\/2026-02-25\/mem-kmu-kaempfen-weiter-gegen-gegenwind\/"]}]},{"@type":"ImageObject","inLanguage":"fr-FR","@id":"https:\/\/www.organisator.ch\/management\/2026-02-25\/mem-kmu-kaempfen-weiter-gegen-gegenwind\/#primaryimage","url":"https:\/\/www.organisator.ch\/wp-content\/uploads\/2026\/02\/2_DE-scaled.jpg","contentUrl":"https:\/\/www.organisator.ch\/wp-content\/uploads\/2026\/02\/2_DE-scaled.jpg","width":1400,"height":711,"caption":"Auslastung der Produktionskapazit\u00e4ten (Quelle: BAK Economics, Swissmechanic Quartalsbefragung)"},{"@type":"BreadcrumbList","@id":"https:\/\/www.organisator.ch\/management\/2026-02-25\/mem-kmu-kaempfen-weiter-gegen-gegenwind\/#breadcrumb","itemListElement":[{"@type":"ListItem","position":1,"name":"Home","item":"https:\/\/www.organisator.ch\/"},{"@type":"ListItem","position":2,"name":"MEM-KMU k\u00e4mpfen weiter gegen Gegenwind"}]},{"@type":"WebSite","@id":"https:\/\/www.organisator.ch\/#website","url":"https:\/\/www.organisator.ch\/","name":"Organisateur","description":"Comp\u00e9tence et comp\u00e9tence. Proches de la pratique. L'ORGANISATEUR pr\u00e9pare 10 num\u00e9ros par an sur les th\u00e8mes essentiels pour les dirigeants de PME.","publisher":{"@id":"https:\/\/www.organisator.ch\/#organization"},"potentialAction":[{"@type":"SearchAction","target":{"@type":"EntryPoint","urlTemplate":"https:\/\/www.organisator.ch\/?s={search_term_string}"},"query-input":{"@type":"PropertyValueSpecification","valueRequired":true,"valueName":"search_term_string"}}],"inLanguage":"fr-FR"},{"@type":"Organization","@id":"https:\/\/www.organisator.ch\/#organization","name":"Organisateur","url":"https:\/\/www.organisator.ch\/","logo":{"@type":"ImageObject","inLanguage":"fr-FR","@id":"https:\/\/www.organisator.ch\/#\/schema\/logo\/image\/","url":"https:\/\/www.organisator.ch\/wp-content\/uploads\/2022\/01\/Logo_Organisator_Website.png","contentUrl":"https:\/\/www.organisator.ch\/wp-content\/uploads\/2022\/01\/Logo_Organisator_Website.png","width":800,"height":77,"caption":"Organisator"},"image":{"@id":"https:\/\/www.organisator.ch\/#\/schema\/logo\/image\/"},"sameAs":["https:\/\/www.facebook.com\/OrganisatorFachmagazin","https:\/\/www.linkedin.com\/showcase\/organisator-das-magazin-fr-kmu","https:\/\/www.xing.com\/news\/pages\/organisator-ch-695","https:\/\/www.youtube.com\/channel\/UCGP2Sq0iWaZwT3BdIAQFYpw"]},{"@type":"Person","@id":"https:\/\/www.organisator.ch\/#\/schema\/person\/a9d0e0eff238db87a8f840f3b50359f0","name":"n8n","image":{"@type":"ImageObject","inLanguage":"fr-FR","@id":"https:\/\/secure.gravatar.com\/avatar\/5368fb9d03fd415a6f335cece4c15af2502d6ca8651efbd6e8f98427a9795400?s=96&d=mm&r=g","url":"https:\/\/secure.gravatar.com\/avatar\/5368fb9d03fd415a6f335cece4c15af2502d6ca8651efbd6e8f98427a9795400?s=96&d=mm&r=g","contentUrl":"https:\/\/secure.gravatar.com\/avatar\/5368fb9d03fd415a6f335cece4c15af2502d6ca8651efbd6e8f98427a9795400?s=96&d=mm&r=g","caption":"n8n"},"url":"https:\/\/www.organisator.ch\/fr\/author\/n8n\/"}]}},"_links":{"self":[{"href":"https:\/\/www.organisator.ch\/fr\/wp-json\/wp\/v2\/posts\/44999","targetHints":{"allow":["GET"]}}],"collection":[{"href":"https:\/\/www.organisator.ch\/fr\/wp-json\/wp\/v2\/posts"}],"about":[{"href":"https:\/\/www.organisator.ch\/fr\/wp-json\/wp\/v2\/types\/post"}],"author":[{"embeddable":true,"href":"https:\/\/www.organisator.ch\/fr\/wp-json\/wp\/v2\/users\/107"}],"replies":[{"embeddable":true,"href":"https:\/\/www.organisator.ch\/fr\/wp-json\/wp\/v2\/comments?post=44999"}],"version-history":[{"count":4,"href":"https:\/\/www.organisator.ch\/fr\/wp-json\/wp\/v2\/posts\/44999\/revisions"}],"predecessor-version":[{"id":45098,"href":"https:\/\/www.organisator.ch\/fr\/wp-json\/wp\/v2\/posts\/44999\/revisions\/45098"}],"wp:featuredmedia":[{"embeddable":true,"href":"https:\/\/www.organisator.ch\/fr\/wp-json\/wp\/v2\/media\/44998"}],"wp:attachment":[{"href":"https:\/\/www.organisator.ch\/fr\/wp-json\/wp\/v2\/media?parent=44999"}],"wp:term":[{"taxonomy":"category","embeddable":true,"href":"https:\/\/www.organisator.ch\/fr\/wp-json\/wp\/v2\/categories?post=44999"},{"taxonomy":"post_tag","embeddable":true,"href":"https:\/\/www.organisator.ch\/fr\/wp-json\/wp\/v2\/tags?post=44999"}],"curies":[{"name":"wp","href":"https:\/\/api.w.org\/{rel}","templated":true}]}}