{"id":45026,"date":"2026-02-25T09:53:07","date_gmt":"2026-02-25T08:53:07","guid":{"rendered":"https:\/\/www.m-q.ch\/?p=22518"},"modified":"2026-02-25T10:41:35","modified_gmt":"2026-02-25T09:41:35","slug":"groupe-mutuel-fordert-spitalplanung-in-uebergreifenden-gesundheitsregionen","status":"publish","type":"post","link":"https:\/\/www.organisator.ch\/fr\/operational-excellence\/2026-02-25\/groupe-mutuel-fordert-spitalplanung-in-uebergreifenden-gesundheitsregionen\/","title":{"rendered":"Le Groupe Mutuel demande une planification hospitali\u00e8re dans des r\u00e9gions sanitaires transversales"},"content":{"rendered":"<figure id=\"attachment_22519\" class=\"wp-caption alignnone\" style=\"width: 680px;\" aria-describedby=\"caption-attachment-22519\"><img class=\"size-full wp-image-22519\" src=\"https:\/\/www.m-q.ch\/wp-content\/uploads\/2026\/02\/Groupe-Mutuel-fordert-Spitalplanung-in-regionalen-Gesundheitsregionen_MQ.jpg\" sizes=\"(max-width: 680px) 100vw, 680px\" srcset=\"https:\/\/www.m-q.ch\/wp-content\/uploads\/2026\/02\/Groupe-Mutuel-fordert-Spitalplanung-in-regionalen-Gesundheitsregionen_MQ.jpg 680w, https:\/\/www.m-q.ch\/wp-content\/uploads\/2026\/02\/Groupe-Mutuel-fordert-Spitalplanung-in-regionalen-Gesundheitsregionen_MQ-18x12.jpg 18w, https:\/\/www.m-q.ch\/wp-content\/uploads\/2026\/02\/Groupe-Mutuel-fordert-Spitalplanung-in-regionalen-Gesundheitsregionen_MQ-375x243.jpg 375w, https:\/\/www.m-q.ch\/wp-content\/uploads\/2026\/02\/Groupe-Mutuel-fordert-Spitalplanung-in-regionalen-Gesundheitsregionen_MQ-541x350.jpg 541w\" alt=\"\" width=\"680\" height=\"440\" \/>\r\n<figcaption id=\"caption-attachment-22519\" class=\"wp-caption-text\">Tout sauf claire : la planification hospitali\u00e8re en Suisse. (Image symbolique ; source : Depositphotos.com)<\/figcaption>\r\n<\/figure>\r\n<p>Les h\u00f4pitaux en Suisse sont confront\u00e9s \u00e0 des d\u00e9fis majeurs : des co\u00fbts en hausse, des \u00e9tablissements d\u00e9ficitaires, un manque de personnel et une ambulantisation croissante. Une planification hospitali\u00e8re bas\u00e9e sur les fronti\u00e8res cantonales commence \u00e0 atteindre ses limites. La n\u00e9cessit\u00e9 d'aborder le sujet a certes \u00e9t\u00e9 reconnue par le Parlement, la Conf\u00e9d\u00e9ration et la CDS, mais des propositions concr\u00e8tes et une r\u00e9flexion approfondie sur les r\u00e9alit\u00e9s du terrain font toujours d\u00e9faut.<\/p>\r\n<h3>Les patients s'orientent vers la qualit\u00e9, pas vers la proximit\u00e9<\/h3>\r\n<p>L'Universit\u00e9 de Saint-Gall a analys\u00e9 le paysage hospitalier de la Suisse sur mandat de la Fondation Groupe Mutuel. Elle montre que les limites de planification cantonales n'ont pas grand-chose \u00e0 voir avec la prise en charge r\u00e9elle pour de nombreux groupes de prestations. Dans une grande partie des r\u00e9gions \u00e9tudi\u00e9es, 25 \u00e0 50 pour cent de la population se fait soigner en dehors du canton. Dans certaines r\u00e9gions, comme par exemple Mesocco GR, cela repr\u00e9sente 95 pour cent des cas. Cela concerne aussi bien les traitements dans le domaine des soins de base hospitaliers que les interventions \u00e9lectives.<\/p>\r\n<p>Dans ce contexte, les patients extracantonaux acceptent syst\u00e9matiquement des trajets plus longs. Ils ne s'orientent donc pas en fonction de la proximit\u00e9 d'un h\u00f4pital, mais de sa qualit\u00e9, de son expertise et de sa langue, comme le montre l'\u00e9tude. \u00abLa prise en charge intercantonale n'est pas un th\u00e8me de niche de la m\u00e9decine hautement sp\u00e9cialis\u00e9e, mais la r\u00e9alit\u00e9 pour de nombreux traitements dans le cadre des soins de base. La planification devrait tenir compte de ces circonstances. En outre, les groupes de prestations devraient \u00eatre revus en termes d'urgence et de complexit\u00e9 et, sur cette base, les niveaux de planification devraient \u00eatre d\u00e9finis du local au national\u00bb, explique le professeur Alexander Geissler, professeur d'\u00e9conomie, de politique et de gestion de la sant\u00e9 et coauteur de l'\u00e9tude.<\/p>\r\n<h3>Chevauchements dans les mandats de prestations<\/h3>\r\n<p>Une analyse plus pouss\u00e9e du taux d'occupation des h\u00f4pitaux montre qu'il existe des chevauchements dans les mandats de prestations des cantons voisins. Dans la plupart des cantons, un tiers \u00e0 quatre cinqui\u00e8mes des h\u00f4pitaux fournissent 80 \u00e0 90% des traitements d'un groupe de prestations.<\/p>\r\n<p>\u00abLa r\u00e9alit\u00e9 des patients montre que l'image d'un \u00bbh\u00f4pital de soins' proche du domicile est d\u00e9pass\u00e9e. Dans la planification hospitali\u00e8re, nous devons nous \u00e9loigner des int\u00e9r\u00eats propres des cantons et placer ceux des patients au centre\", demande Thomas Boyer, CEO du Groupe Mutuel.<\/p>\r\n<h3>Cinq \u00e0 sept r\u00e9gions sanitaires r\u00e9gionales<\/h3>\r\n<p>Dans ce contexte, le Groupe Mutuel vise une planification globale des soins en mettant l'accent sur la qualit\u00e9. Comme le montre l'\u00e9tude, les groupes de prestations devraient \u00eatre attribu\u00e9s au niveau appropri\u00e9. Outre les niveaux de planification existants de la Conf\u00e9d\u00e9ration et des cantons, 5 \u00e0 7 r\u00e9gions sanitaires r\u00e9gionales pourraient assurer une meilleure efficacit\u00e9. En outre, des indicateurs de qualit\u00e9 au sens de Value-based Healthcare ainsi que des nombres minimaux de cas doivent \u00eatre pris en compte. Parall\u00e8lement, les soins ambulatoires de proximit\u00e9 devraient \u00e9galement \u00eatre pris en compte dans la planification.<\/p>\r\n<p>\u00abNous devons passer d'une planification hospitali\u00e8re \u00e0 une planification des soins. L'\u00e9tude montre qu'en plus de la m\u00e9decine hautement sp\u00e9cialis\u00e9e au niveau f\u00e9d\u00e9ral, c'est avec des r\u00e9gions sanitaires intercantonales que nous tenons le mieux compte des flux r\u00e9els de patients. Nous devons en outre int\u00e9grer les soins de base de proximit\u00e9 dans la planification\u00bb, explique Thomas Boyer.<\/p>\r\n<p><em>Plus d'informations : <a href=\"https:\/\/www.groupemutuel.ch\/\" rel=\"noopener\">www.groupemutuel.ch<\/a><\/em><\/p>\n<p class=\"syndicated-attribution\">Cet article est paru initialement sur m-q.ch - <a href=\"https:\/\/www.m-q.ch\/de\/groupe-mutuel-fordert-spitalplanung-in-uebergreifenden-gesundheitsregionen\/\" target=\"_blank\">https:\/\/www.m-q.ch\/de\/groupe-mutuel-fordert-spitalplanung-in-uebergreifenden-gesundheitsregionen\/<\/a><\/p>","protected":false},"excerpt":{"rendered":"<p>Une nouvelle \u00e9tude de l'Universit\u00e9 de Saint-Gall montre que 25 \u00e0 50 pour cent des patients se font d\u00e9j\u00e0 soigner hors canton et acceptent pour cela des trajets plus longs. Sur cette base, le Groupe Mutuel demande une planification globale des soins dans 5 \u00e0 7 r\u00e9gions sanitaires, en lieu et place de la planification hospitali\u00e8re cantonale actuelle.<\/p>","protected":false},"author":8,"featured_media":0,"comment_status":"closed","ping_status":"closed","sticky":false,"template":"","format":"standard","meta":{"_acf_changed":false,"_yoast_wpseo_focuskw":"Spitalplanung","_yoast_wpseo_metadesc":"Die Groupe Mutuel fordert auf Basis einer Studie eine gesamtheitliche Spitalplanung in 5 bis 7 Gesundheitsregionen statt in Kantonen.","articlekey":"","footnotes":""},"categories":[582],"tags":[586,2732,5844],"class_list":["post-45026","post","type-post","status-publish","format-standard","hentry","category-operational-excellence","tag-allgemein","tag-gesundheitswesen","tag-spitalplanung"],"acf":[],"yoast_head":"<!-- This site is optimized with the Yoast SEO plugin v27.5 - https:\/\/yoast.com\/product\/yoast-seo-wordpress\/ -->\n<title>Groupe Mutuel fordert Spitalplanung in \u00fcbergreifenden Gesundheitsregionen - Organisator<\/title>\n<meta name=\"description\" content=\"Die Groupe Mutuel fordert auf Basis einer Studie eine gesamtheitliche Spitalplanung in 5 bis 7 Gesundheitsregionen statt in Kantonen.\" \/>\n<meta name=\"robots\" content=\"index, follow, max-snippet:-1, max-image-preview:large, max-video-preview:-1\" \/>\n<link rel=\"canonical\" href=\"https:\/\/www.organisator.ch\/fr\/excellence-operationnelle\/2026-02-25\/groupe-mutuel-fordert-spitalplanung-in-uebergreifenden-gesundheitsregionen\/\" \/>\n<meta property=\"og:locale\" content=\"fr_FR\" \/>\n<meta property=\"og:type\" content=\"article\" \/>\n<meta property=\"og:title\" content=\"Groupe Mutuel fordert Spitalplanung in \u00fcbergreifenden Gesundheitsregionen - Organisator\" \/>\n<meta property=\"og:description\" content=\"Die Groupe Mutuel fordert auf Basis einer Studie eine gesamtheitliche Spitalplanung in 5 bis 7 Gesundheitsregionen statt in Kantonen.\" \/>\n<meta property=\"og:url\" content=\"https:\/\/www.organisator.ch\/fr\/excellence-operationnelle\/2026-02-25\/groupe-mutuel-fordert-spitalplanung-in-uebergreifenden-gesundheitsregionen\/\" \/>\n<meta property=\"og:site_name\" content=\"Organisator\" \/>\n<meta property=\"article:publisher\" content=\"https:\/\/www.facebook.com\/OrganisatorFachmagazin\" \/>\n<meta property=\"article:published_time\" content=\"2026-02-25T08:53:07+00:00\" \/>\n<meta property=\"article:modified_time\" content=\"2026-02-25T09:41:35+00:00\" \/>\n<meta property=\"og:image\" content=\"https:\/\/www.organisator.ch\/wp-content\/uploads\/2023\/10\/Warum-Sie-immer-wieder-falsch-liegen_Organisator.jpg\" \/>\n\t<meta property=\"og:image:width\" content=\"680\" \/>\n\t<meta property=\"og:image:height\" content=\"453\" \/>\n\t<meta property=\"og:image:type\" content=\"image\/jpeg\" \/>\n<meta name=\"author\" content=\"galledia\" \/>\n<meta name=\"twitter:card\" content=\"summary_large_image\" \/>\n<meta name=\"twitter:creator\" content=\"@admin\" \/>\n<script type=\"application\/ld+json\" class=\"yoast-schema-graph\">{\"@context\":\"https:\\\/\\\/schema.org\",\"@graph\":[{\"@type\":\"Article\",\"@id\":\"https:\\\/\\\/www.organisator.ch\\\/operational-excellence\\\/2026-02-25\\\/groupe-mutuel-fordert-spitalplanung-in-uebergreifenden-gesundheitsregionen\\\/#article\",\"isPartOf\":{\"@id\":\"https:\\\/\\\/www.organisator.ch\\\/operational-excellence\\\/2026-02-25\\\/groupe-mutuel-fordert-spitalplanung-in-uebergreifenden-gesundheitsregionen\\\/\"},\"author\":{\"name\":\"galledia\",\"@id\":\"https:\\\/\\\/www.organisator.ch\\\/#\\\/schema\\\/person\\\/4e51799071cd2dd1232ac003643ef5f0\"},\"headline\":\"Groupe Mutuel fordert Spitalplanung in \u00fcbergreifenden Gesundheitsregionen\",\"datePublished\":\"2026-02-25T08:53:07+00:00\",\"dateModified\":\"2026-02-25T09:41:35+00:00\",\"mainEntityOfPage\":{\"@id\":\"https:\\\/\\\/www.organisator.ch\\\/operational-excellence\\\/2026-02-25\\\/groupe-mutuel-fordert-spitalplanung-in-uebergreifenden-gesundheitsregionen\\\/\"},\"wordCount\":494,\"publisher\":{\"@id\":\"https:\\\/\\\/www.organisator.ch\\\/#organization\"},\"image\":{\"@id\":\"https:\\\/\\\/www.organisator.ch\\\/operational-excellence\\\/2026-02-25\\\/groupe-mutuel-fordert-spitalplanung-in-uebergreifenden-gesundheitsregionen\\\/#primaryimage\"},\"thumbnailUrl\":\"https:\\\/\\\/www.m-q.ch\\\/wp-content\\\/uploads\\\/2026\\\/02\\\/Groupe-Mutuel-fordert-Spitalplanung-in-regionalen-Gesundheitsregionen_MQ.jpg\",\"keywords\":[\"Allgemein\",\"Gesundheitswesen\",\"Spitalplanung\"],\"articleSection\":[\"OPERATIONAL EXCELLENCE\"],\"inLanguage\":\"fr-FR\"},{\"@type\":\"WebPage\",\"@id\":\"https:\\\/\\\/www.organisator.ch\\\/operational-excellence\\\/2026-02-25\\\/groupe-mutuel-fordert-spitalplanung-in-uebergreifenden-gesundheitsregionen\\\/\",\"url\":\"https:\\\/\\\/www.organisator.ch\\\/operational-excellence\\\/2026-02-25\\\/groupe-mutuel-fordert-spitalplanung-in-uebergreifenden-gesundheitsregionen\\\/\",\"name\":\"Groupe Mutuel fordert Spitalplanung in \u00fcbergreifenden Gesundheitsregionen - Organisator\",\"isPartOf\":{\"@id\":\"https:\\\/\\\/www.organisator.ch\\\/#website\"},\"primaryImageOfPage\":{\"@id\":\"https:\\\/\\\/www.organisator.ch\\\/operational-excellence\\\/2026-02-25\\\/groupe-mutuel-fordert-spitalplanung-in-uebergreifenden-gesundheitsregionen\\\/#primaryimage\"},\"image\":{\"@id\":\"https:\\\/\\\/www.organisator.ch\\\/operational-excellence\\\/2026-02-25\\\/groupe-mutuel-fordert-spitalplanung-in-uebergreifenden-gesundheitsregionen\\\/#primaryimage\"},\"thumbnailUrl\":\"https:\\\/\\\/www.m-q.ch\\\/wp-content\\\/uploads\\\/2026\\\/02\\\/Groupe-Mutuel-fordert-Spitalplanung-in-regionalen-Gesundheitsregionen_MQ.jpg\",\"datePublished\":\"2026-02-25T08:53:07+00:00\",\"dateModified\":\"2026-02-25T09:41:35+00:00\",\"description\":\"Die Groupe Mutuel fordert auf Basis einer Studie eine gesamtheitliche Spitalplanung in 5 bis 7 Gesundheitsregionen statt in Kantonen.\",\"breadcrumb\":{\"@id\":\"https:\\\/\\\/www.organisator.ch\\\/operational-excellence\\\/2026-02-25\\\/groupe-mutuel-fordert-spitalplanung-in-uebergreifenden-gesundheitsregionen\\\/#breadcrumb\"},\"inLanguage\":\"fr-FR\",\"potentialAction\":[{\"@type\":\"ReadAction\",\"target\":[\"https:\\\/\\\/www.organisator.ch\\\/operational-excellence\\\/2026-02-25\\\/groupe-mutuel-fordert-spitalplanung-in-uebergreifenden-gesundheitsregionen\\\/\"]}]},{\"@type\":\"ImageObject\",\"inLanguage\":\"fr-FR\",\"@id\":\"https:\\\/\\\/www.organisator.ch\\\/operational-excellence\\\/2026-02-25\\\/groupe-mutuel-fordert-spitalplanung-in-uebergreifenden-gesundheitsregionen\\\/#primaryimage\",\"url\":\"https:\\\/\\\/www.m-q.ch\\\/wp-content\\\/uploads\\\/2026\\\/02\\\/Groupe-Mutuel-fordert-Spitalplanung-in-regionalen-Gesundheitsregionen_MQ.jpg\",\"contentUrl\":\"https:\\\/\\\/www.m-q.ch\\\/wp-content\\\/uploads\\\/2026\\\/02\\\/Groupe-Mutuel-fordert-Spitalplanung-in-regionalen-Gesundheitsregionen_MQ.jpg\"},{\"@type\":\"BreadcrumbList\",\"@id\":\"https:\\\/\\\/www.organisator.ch\\\/operational-excellence\\\/2026-02-25\\\/groupe-mutuel-fordert-spitalplanung-in-uebergreifenden-gesundheitsregionen\\\/#breadcrumb\",\"itemListElement\":[{\"@type\":\"ListItem\",\"position\":1,\"name\":\"Home\",\"item\":\"https:\\\/\\\/www.organisator.ch\\\/\"},{\"@type\":\"ListItem\",\"position\":2,\"name\":\"Groupe Mutuel fordert Spitalplanung in \u00fcbergreifenden Gesundheitsregionen\"}]},{\"@type\":\"WebSite\",\"@id\":\"https:\\\/\\\/www.organisator.ch\\\/#website\",\"url\":\"https:\\\/\\\/www.organisator.ch\\\/\",\"name\":\"Organisator\",\"description\":\"Kompetent. Praxisnah. Der ORGANISATOR bereitet in 10 Ausgaben pro Jahr die wesentlichen Themen f\u00fcr F\u00fchrungskr\u00e4fte von KMU auf.\",\"publisher\":{\"@id\":\"https:\\\/\\\/www.organisator.ch\\\/#organization\"},\"potentialAction\":[{\"@type\":\"SearchAction\",\"target\":{\"@type\":\"EntryPoint\",\"urlTemplate\":\"https:\\\/\\\/www.organisator.ch\\\/?s={search_term_string}\"},\"query-input\":{\"@type\":\"PropertyValueSpecification\",\"valueRequired\":true,\"valueName\":\"search_term_string\"}}],\"inLanguage\":\"fr-FR\"},{\"@type\":\"Organization\",\"@id\":\"https:\\\/\\\/www.organisator.ch\\\/#organization\",\"name\":\"Organisator\",\"url\":\"https:\\\/\\\/www.organisator.ch\\\/\",\"logo\":{\"@type\":\"ImageObject\",\"inLanguage\":\"fr-FR\",\"@id\":\"https:\\\/\\\/www.organisator.ch\\\/#\\\/schema\\\/logo\\\/image\\\/\",\"url\":\"https:\\\/\\\/www.organisator.ch\\\/wp-content\\\/uploads\\\/2022\\\/01\\\/Logo_Organisator_Website.png\",\"contentUrl\":\"https:\\\/\\\/www.organisator.ch\\\/wp-content\\\/uploads\\\/2022\\\/01\\\/Logo_Organisator_Website.png\",\"width\":800,\"height\":77,\"caption\":\"Organisator\"},\"image\":{\"@id\":\"https:\\\/\\\/www.organisator.ch\\\/#\\\/schema\\\/logo\\\/image\\\/\"},\"sameAs\":[\"https:\\\/\\\/www.facebook.com\\\/OrganisatorFachmagazin\",\"https:\\\/\\\/www.linkedin.com\\\/showcase\\\/organisator-das-magazin-fr-kmu\",\"https:\\\/\\\/www.xing.com\\\/news\\\/pages\\\/organisator-ch-695\",\"https:\\\/\\\/www.youtube.com\\\/channel\\\/UCGP2Sq0iWaZwT3BdIAQFYpw\"]},{\"@type\":\"Person\",\"@id\":\"https:\\\/\\\/www.organisator.ch\\\/#\\\/schema\\\/person\\\/4e51799071cd2dd1232ac003643ef5f0\",\"name\":\"galledia\",\"image\":{\"@type\":\"ImageObject\",\"inLanguage\":\"fr-FR\",\"@id\":\"https:\\\/\\\/secure.gravatar.com\\\/avatar\\\/78a7f90c01fc2bfc875782a0d4922b37cde2cf184ce347b91316d23cd7f69a36?s=96&d=mm&r=g\",\"url\":\"https:\\\/\\\/secure.gravatar.com\\\/avatar\\\/78a7f90c01fc2bfc875782a0d4922b37cde2cf184ce347b91316d23cd7f69a36?s=96&d=mm&r=g\",\"contentUrl\":\"https:\\\/\\\/secure.gravatar.com\\\/avatar\\\/78a7f90c01fc2bfc875782a0d4922b37cde2cf184ce347b91316d23cd7f69a36?s=96&d=mm&r=g\",\"caption\":\"galledia\"},\"sameAs\":[\"https:\\\/\\\/x.com\\\/admin\"],\"url\":\"https:\\\/\\\/www.organisator.ch\\\/fr\\\/author\\\/galledia\\\/\"}]}<\/script>\n<!-- \/ Yoast SEO plugin. -->","yoast_head_json":{"title":"Le Groupe Mutuel demande une planification hospitali\u00e8re dans des r\u00e9gions sanitaires transversales - Organisateur","description":"Sur la base d'une \u00e9tude, le Groupe Mutuel demande une planification hospitali\u00e8re globale en 5 \u00e0 7 r\u00e9gions sanitaires plut\u00f4t qu'en cantons.","robots":{"index":"index","follow":"follow","max-snippet":"max-snippet:-1","max-image-preview":"max-image-preview:large","max-video-preview":"max-video-preview:-1"},"canonical":"https:\/\/www.organisator.ch\/fr\/excellence-operationnelle\/2026-02-25\/groupe-mutuel-fordert-spitalplanung-in-uebergreifenden-gesundheitsregionen\/","og_locale":"fr_FR","og_type":"article","og_title":"Groupe Mutuel fordert Spitalplanung in \u00fcbergreifenden Gesundheitsregionen - Organisator","og_description":"Die Groupe Mutuel fordert auf Basis einer Studie eine gesamtheitliche Spitalplanung in 5 bis 7 Gesundheitsregionen statt in Kantonen.","og_url":"https:\/\/www.organisator.ch\/fr\/excellence-operationnelle\/2026-02-25\/groupe-mutuel-fordert-spitalplanung-in-uebergreifenden-gesundheitsregionen\/","og_site_name":"Organisator","article_publisher":"https:\/\/www.facebook.com\/OrganisatorFachmagazin","article_published_time":"2026-02-25T08:53:07+00:00","article_modified_time":"2026-02-25T09:41:35+00:00","og_image":[{"width":680,"height":453,"url":"https:\/\/www.organisator.ch\/wp-content\/uploads\/2023\/10\/Warum-Sie-immer-wieder-falsch-liegen_Organisator.jpg","type":"image\/jpeg"}],"author":"galledia","twitter_card":"summary_large_image","twitter_creator":"@admin","schema":{"@context":"https:\/\/schema.org","@graph":[{"@type":"Article","@id":"https:\/\/www.organisator.ch\/operational-excellence\/2026-02-25\/groupe-mutuel-fordert-spitalplanung-in-uebergreifenden-gesundheitsregionen\/#article","isPartOf":{"@id":"https:\/\/www.organisator.ch\/operational-excellence\/2026-02-25\/groupe-mutuel-fordert-spitalplanung-in-uebergreifenden-gesundheitsregionen\/"},"author":{"name":"galledia","@id":"https:\/\/www.organisator.ch\/#\/schema\/person\/4e51799071cd2dd1232ac003643ef5f0"},"headline":"Groupe Mutuel fordert Spitalplanung in \u00fcbergreifenden Gesundheitsregionen","datePublished":"2026-02-25T08:53:07+00:00","dateModified":"2026-02-25T09:41:35+00:00","mainEntityOfPage":{"@id":"https:\/\/www.organisator.ch\/operational-excellence\/2026-02-25\/groupe-mutuel-fordert-spitalplanung-in-uebergreifenden-gesundheitsregionen\/"},"wordCount":494,"publisher":{"@id":"https:\/\/www.organisator.ch\/#organization"},"image":{"@id":"https:\/\/www.organisator.ch\/operational-excellence\/2026-02-25\/groupe-mutuel-fordert-spitalplanung-in-uebergreifenden-gesundheitsregionen\/#primaryimage"},"thumbnailUrl":"https:\/\/www.m-q.ch\/wp-content\/uploads\/2026\/02\/Groupe-Mutuel-fordert-Spitalplanung-in-regionalen-Gesundheitsregionen_MQ.jpg","keywords":["Allgemein","Gesundheitswesen","Spitalplanung"],"articleSection":["OPERATIONAL EXCELLENCE"],"inLanguage":"fr-FR"},{"@type":"WebPage","@id":"https:\/\/www.organisator.ch\/operational-excellence\/2026-02-25\/groupe-mutuel-fordert-spitalplanung-in-uebergreifenden-gesundheitsregionen\/","url":"https:\/\/www.organisator.ch\/operational-excellence\/2026-02-25\/groupe-mutuel-fordert-spitalplanung-in-uebergreifenden-gesundheitsregionen\/","name":"Le Groupe Mutuel demande une planification hospitali\u00e8re dans des r\u00e9gions sanitaires transversales - Organisateur","isPartOf":{"@id":"https:\/\/www.organisator.ch\/#website"},"primaryImageOfPage":{"@id":"https:\/\/www.organisator.ch\/operational-excellence\/2026-02-25\/groupe-mutuel-fordert-spitalplanung-in-uebergreifenden-gesundheitsregionen\/#primaryimage"},"image":{"@id":"https:\/\/www.organisator.ch\/operational-excellence\/2026-02-25\/groupe-mutuel-fordert-spitalplanung-in-uebergreifenden-gesundheitsregionen\/#primaryimage"},"thumbnailUrl":"https:\/\/www.m-q.ch\/wp-content\/uploads\/2026\/02\/Groupe-Mutuel-fordert-Spitalplanung-in-regionalen-Gesundheitsregionen_MQ.jpg","datePublished":"2026-02-25T08:53:07+00:00","dateModified":"2026-02-25T09:41:35+00:00","description":"Sur la base d'une \u00e9tude, le Groupe Mutuel demande une planification hospitali\u00e8re globale en 5 \u00e0 7 r\u00e9gions sanitaires plut\u00f4t qu'en cantons.","breadcrumb":{"@id":"https:\/\/www.organisator.ch\/operational-excellence\/2026-02-25\/groupe-mutuel-fordert-spitalplanung-in-uebergreifenden-gesundheitsregionen\/#breadcrumb"},"inLanguage":"fr-FR","potentialAction":[{"@type":"ReadAction","target":["https:\/\/www.organisator.ch\/operational-excellence\/2026-02-25\/groupe-mutuel-fordert-spitalplanung-in-uebergreifenden-gesundheitsregionen\/"]}]},{"@type":"ImageObject","inLanguage":"fr-FR","@id":"https:\/\/www.organisator.ch\/operational-excellence\/2026-02-25\/groupe-mutuel-fordert-spitalplanung-in-uebergreifenden-gesundheitsregionen\/#primaryimage","url":"https:\/\/www.m-q.ch\/wp-content\/uploads\/2026\/02\/Groupe-Mutuel-fordert-Spitalplanung-in-regionalen-Gesundheitsregionen_MQ.jpg","contentUrl":"https:\/\/www.m-q.ch\/wp-content\/uploads\/2026\/02\/Groupe-Mutuel-fordert-Spitalplanung-in-regionalen-Gesundheitsregionen_MQ.jpg"},{"@type":"BreadcrumbList","@id":"https:\/\/www.organisator.ch\/operational-excellence\/2026-02-25\/groupe-mutuel-fordert-spitalplanung-in-uebergreifenden-gesundheitsregionen\/#breadcrumb","itemListElement":[{"@type":"ListItem","position":1,"name":"Home","item":"https:\/\/www.organisator.ch\/"},{"@type":"ListItem","position":2,"name":"Groupe Mutuel fordert Spitalplanung in \u00fcbergreifenden Gesundheitsregionen"}]},{"@type":"WebSite","@id":"https:\/\/www.organisator.ch\/#website","url":"https:\/\/www.organisator.ch\/","name":"Organisateur","description":"Comp\u00e9tence et comp\u00e9tence. Proches de la pratique. L'ORGANISATEUR pr\u00e9pare 10 num\u00e9ros par an sur les th\u00e8mes essentiels pour les dirigeants de PME.","publisher":{"@id":"https:\/\/www.organisator.ch\/#organization"},"potentialAction":[{"@type":"SearchAction","target":{"@type":"EntryPoint","urlTemplate":"https:\/\/www.organisator.ch\/?s={search_term_string}"},"query-input":{"@type":"PropertyValueSpecification","valueRequired":true,"valueName":"search_term_string"}}],"inLanguage":"fr-FR"},{"@type":"Organization","@id":"https:\/\/www.organisator.ch\/#organization","name":"Organisateur","url":"https:\/\/www.organisator.ch\/","logo":{"@type":"ImageObject","inLanguage":"fr-FR","@id":"https:\/\/www.organisator.ch\/#\/schema\/logo\/image\/","url":"https:\/\/www.organisator.ch\/wp-content\/uploads\/2022\/01\/Logo_Organisator_Website.png","contentUrl":"https:\/\/www.organisator.ch\/wp-content\/uploads\/2022\/01\/Logo_Organisator_Website.png","width":800,"height":77,"caption":"Organisator"},"image":{"@id":"https:\/\/www.organisator.ch\/#\/schema\/logo\/image\/"},"sameAs":["https:\/\/www.facebook.com\/OrganisatorFachmagazin","https:\/\/www.linkedin.com\/showcase\/organisator-das-magazin-fr-kmu","https:\/\/www.xing.com\/news\/pages\/organisator-ch-695","https:\/\/www.youtube.com\/channel\/UCGP2Sq0iWaZwT3BdIAQFYpw"]},{"@type":"Person","@id":"https:\/\/www.organisator.ch\/#\/schema\/person\/4e51799071cd2dd1232ac003643ef5f0","name":"galledia","image":{"@type":"ImageObject","inLanguage":"fr-FR","@id":"https:\/\/secure.gravatar.com\/avatar\/78a7f90c01fc2bfc875782a0d4922b37cde2cf184ce347b91316d23cd7f69a36?s=96&d=mm&r=g","url":"https:\/\/secure.gravatar.com\/avatar\/78a7f90c01fc2bfc875782a0d4922b37cde2cf184ce347b91316d23cd7f69a36?s=96&d=mm&r=g","contentUrl":"https:\/\/secure.gravatar.com\/avatar\/78a7f90c01fc2bfc875782a0d4922b37cde2cf184ce347b91316d23cd7f69a36?s=96&d=mm&r=g","caption":"galledia"},"sameAs":["https:\/\/x.com\/admin"],"url":"https:\/\/www.organisator.ch\/fr\/author\/galledia\/"}]}},"_links":{"self":[{"href":"https:\/\/www.organisator.ch\/fr\/wp-json\/wp\/v2\/posts\/45026","targetHints":{"allow":["GET"]}}],"collection":[{"href":"https:\/\/www.organisator.ch\/fr\/wp-json\/wp\/v2\/posts"}],"about":[{"href":"https:\/\/www.organisator.ch\/fr\/wp-json\/wp\/v2\/types\/post"}],"author":[{"embeddable":true,"href":"https:\/\/www.organisator.ch\/fr\/wp-json\/wp\/v2\/users\/8"}],"replies":[{"embeddable":true,"href":"https:\/\/www.organisator.ch\/fr\/wp-json\/wp\/v2\/comments?post=45026"}],"version-history":[{"count":5,"href":"https:\/\/www.organisator.ch\/fr\/wp-json\/wp\/v2\/posts\/45026\/revisions"}],"predecessor-version":[{"id":45038,"href":"https:\/\/www.organisator.ch\/fr\/wp-json\/wp\/v2\/posts\/45026\/revisions\/45038"}],"wp:attachment":[{"href":"https:\/\/www.organisator.ch\/fr\/wp-json\/wp\/v2\/media?parent=45026"}],"wp:term":[{"taxonomy":"category","embeddable":true,"href":"https:\/\/www.organisator.ch\/fr\/wp-json\/wp\/v2\/categories?post=45026"},{"taxonomy":"post_tag","embeddable":true,"href":"https:\/\/www.organisator.ch\/fr\/wp-json\/wp\/v2\/tags?post=45026"}],"curies":[{"name":"wp","href":"https:\/\/api.w.org\/{rel}","templated":true}]}}