{"id":4509,"date":"2018-11-13T09:27:26","date_gmt":"2018-11-13T08:27:26","guid":{"rendered":"https:\/\/www.organisator.ch\/?p=4509"},"modified":"2018-11-13T09:27:26","modified_gmt":"2018-11-13T08:27:26","slug":"konjunkturaussichten-schweizer-wirtschaft-muss-sich-waermer-anziehen","status":"publish","type":"post","link":"https:\/\/www.organisator.ch\/fr\/management\/2018-11-13\/konjunkturaussichten-schweizer-wirtschaft-muss-sich-waermer-anziehen\/","title":{"rendered":"Perspectives conjoncturelles : L'\u00e9conomie suisse doit s'habiller plus chaudement"},"content":{"rendered":"<figure id=\"attachment_4510\" aria-describedby=\"caption-attachment-4510\" style=\"width: 680px\" class=\"wp-caption alignnone\"><img loading=\"lazy\" decoding=\"async\" class=\"size-medium wp-image-4510\" src=\"https:\/\/www.organisator.ch\/wp-content\/uploads\/2018\/11\/Konjunkturaussichten-Schweizer-Wirtschaft-muss-sich-waermer-anziehen-1_Organisator.jpg\" alt=\"\" width=\"680\" height=\"452\" srcset=\"https:\/\/www.organisator.ch\/wp-content\/uploads\/2018\/11\/Konjunkturaussichten-Schweizer-Wirtschaft-muss-sich-waermer-anziehen-1_Organisator.jpg 680w, https:\/\/www.organisator.ch\/wp-content\/uploads\/2018\/11\/Konjunkturaussichten-Schweizer-Wirtschaft-muss-sich-waermer-anziehen-1_Organisator-16x12.jpg 16w, https:\/\/www.organisator.ch\/wp-content\/uploads\/2018\/11\/Konjunkturaussichten-Schweizer-Wirtschaft-muss-sich-waermer-anziehen-1_Organisator-263x175.jpg 263w, https:\/\/www.organisator.ch\/wp-content\/uploads\/2018\/11\/Konjunkturaussichten-Schweizer-Wirtschaft-muss-sich-waermer-anziehen-1_Organisator-527x350.jpg 527w, https:\/\/www.organisator.ch\/wp-content\/uploads\/2018\/11\/Konjunkturaussichten-Schweizer-Wirtschaft-muss-sich-waermer-anziehen-1_Organisator-300x199.jpg 300w\" sizes=\"auto, (max-width: 680px) 100vw, 680px\" \/><figcaption id=\"caption-attachment-4510\" class=\"wp-caption-text\">Les perspectives conjoncturelles ne sont plus jug\u00e9es avec autant d'optimisme que par le pass\u00e9 par les CFO suisses. (Image : Fotolia.com)<\/figcaption><\/figure>\n<p>Le climat conjoncturel parmi les CFO suisses s'assombrit pour la premi\u00e8re fois depuis plus de trois ans. C'est l'un des principaux r\u00e9sultats de l'enqu\u00eate semestrielle men\u00e9e par Deloitte aupr\u00e8s des CFO depuis 2009. Au total, 109 CFO d'entreprises cot\u00e9es en bourse et de soci\u00e9t\u00e9s d\u00e9tenues par des particuliers ont particip\u00e9 \u00e0 l'enqu\u00eate actuelle, r\u00e9alis\u00e9e entre le 29 ao\u00fbt et le 24 septembre 2018.<\/p>\n<h2>Le grand boom est termin\u00e9<\/h2>\n<p>Il ne reste plus que 77% des plus de 100 directeurs financiers interrog\u00e9s dans notre pays qui sont positifs quant aux perspectives \u00e9conomiques. Cela correspond \u00e0 une baisse de 8 points de pourcentage par rapport au premier semestre 2018. La prudence est de mise. Apr\u00e8s les trois derniers changements d'humeur similaires, la situation s'est d\u00e9grad\u00e9e brusquement \u00e0 deux reprises, montre l'\u00e9tude. Le fait que le point culminant de la croissance semble avoir \u00e9t\u00e9 d\u00e9pass\u00e9 se refl\u00e8te \u00e9galement dans le fait qu'au cours des trois derniers mois, l'optimisme des directeurs financiers concernant les perspectives financi\u00e8res de leur propre entreprise a nettement diminu\u00e9. Le solde net (mentions optimistes moins pessimistes) est pass\u00e9 de 24% \u00e0 9%, un chiffre bas mais toujours positif. \"L'\u00e9conomie suisse est certes toujours robuste, mais le grand boom est termin\u00e9. Les querelles commerciales internationales persistantes d\u00e9teignent pour la premi\u00e8re fois sur la Suisse. Les agissements protectionnistes, qui \u00e9manent notamment des deux grandes puissances que sont les Etats-Unis et la Chine, alimentent l'incertitude de nos entreprises exportatrices\", commente Michael Grampp, \u00e9conomiste en chef chez Deloitte Suisse, \u00e0 propos des r\u00e9sultats de l'enqu\u00eate men\u00e9e aupr\u00e8s des CFO.<\/p>\n<figure id=\"attachment_4511\" aria-describedby=\"caption-attachment-4511\" style=\"width: 680px\" class=\"wp-caption alignnone\"><img loading=\"lazy\" decoding=\"async\" class=\"size-medium wp-image-4511\" src=\"https:\/\/www.organisator.ch\/wp-content\/uploads\/2018\/11\/Konjunkturaussichten-Schweizer-Wirtschaft-muss-sich-waermer-anziehen-2_Organisator.jpg\" alt=\"\" width=\"680\" height=\"354\" srcset=\"https:\/\/www.organisator.ch\/wp-content\/uploads\/2018\/11\/Konjunkturaussichten-Schweizer-Wirtschaft-muss-sich-waermer-anziehen-2_Organisator.jpg 2095w, https:\/\/www.organisator.ch\/wp-content\/uploads\/2018\/11\/Konjunkturaussichten-Schweizer-Wirtschaft-muss-sich-waermer-anziehen-2_Organisator-680x354.jpg 680w, https:\/\/www.organisator.ch\/wp-content\/uploads\/2018\/11\/Konjunkturaussichten-Schweizer-Wirtschaft-muss-sich-waermer-anziehen-2_Organisator-1024x534.jpg 1024w, https:\/\/www.organisator.ch\/wp-content\/uploads\/2018\/11\/Konjunkturaussichten-Schweizer-Wirtschaft-muss-sich-waermer-anziehen-2_Organisator-768x400.jpg 768w, https:\/\/www.organisator.ch\/wp-content\/uploads\/2018\/11\/Konjunkturaussichten-Schweizer-Wirtschaft-muss-sich-waermer-anziehen-2_Organisator-1536x801.jpg 1536w, https:\/\/www.organisator.ch\/wp-content\/uploads\/2018\/11\/Konjunkturaussichten-Schweizer-Wirtschaft-muss-sich-waermer-anziehen-2_Organisator-2048x1068.jpg 2048w, https:\/\/www.organisator.ch\/wp-content\/uploads\/2018\/11\/Konjunkturaussichten-Schweizer-Wirtschaft-muss-sich-waermer-anziehen-2_Organisator-16x8.jpg 16w, https:\/\/www.organisator.ch\/wp-content\/uploads\/2018\/11\/Konjunkturaussichten-Schweizer-Wirtschaft-muss-sich-waermer-anziehen-2_Organisator-336x175.jpg 336w, https:\/\/www.organisator.ch\/wp-content\/uploads\/2018\/11\/Konjunkturaussichten-Schweizer-Wirtschaft-muss-sich-waermer-anziehen-2_Organisator-671x350.jpg 671w, https:\/\/www.organisator.ch\/wp-content\/uploads\/2018\/11\/Konjunkturaussichten-Schweizer-Wirtschaft-muss-sich-waermer-anziehen-2_Organisator-1535x800.jpg 1535w, https:\/\/www.organisator.ch\/wp-content\/uploads\/2018\/11\/Konjunkturaussichten-Schweizer-Wirtschaft-muss-sich-waermer-anziehen-2_Organisator-920x480.jpg 920w, https:\/\/www.organisator.ch\/wp-content\/uploads\/2018\/11\/Konjunkturaussichten-Schweizer-Wirtschaft-muss-sich-waermer-anziehen-2_Organisator-1400x730.jpg 1400w, https:\/\/www.organisator.ch\/wp-content\/uploads\/2018\/11\/Konjunkturaussichten-Schweizer-Wirtschaft-muss-sich-waermer-anziehen-2_Organisator-300x156.jpg 300w\" sizes=\"auto, (max-width: 680px) 100vw, 680px\" \/><figcaption id=\"caption-attachment-4511\" class=\"wp-caption-text\">Solde net des CFO qui jugent positives\/n\u00e9gatives les perspectives conjoncturelles pour la Suisse dans les 12 prochains mois. (Graphique : Deloitte)<\/figcaption><\/figure>\n<h2>Les partenaires commerciaux signalent de plus en plus un manque de fiabilit\u00e9<\/h2>\n<p>Dans l'ensemble, seuls 40% des CFO estiment que le niveau d'incertitude \u00e9conomique et financi\u00e8re est \u00e9lev\u00e9 dans notre pays. Ce r\u00e9sultat peut \u00eatre consid\u00e9r\u00e9 comme optimiste. Mais ce sont les d\u00e9veloppements \u00e0 l'\u00e9tranger qui sont responsables de l'ins\u00e9curit\u00e9 des CFO. Pr\u00e8s de la moiti\u00e9 des entreprises suisses orient\u00e9es vers l'exportation (48%) voient de grandes incertitudes s'approcher d'elles. Ce sont surtout les incertitudes politiques croissantes chez les partenaires commerciaux traditionnels qui assombrissent les perspectives conjoncturelles. Par rapport au premier semestre, la perception des risques envers les partenaires \u00e9tablis que sont les \u00c9tats-Unis (plus 26% \u00e0 77%), l'Italie (plus 20% \u00e0 64%) et la Chine (plus 15% \u00e0 30%) augmente drastiquement au cours du semestre actuel. Sans surprise, la Grande-Bretagne, frapp\u00e9e par le Brexit, est \u00e9galement consid\u00e9r\u00e9e comme un partenaire commercial \u00e0 risque par 64% des CFO. Les relations avec les deux partenaires traditionnellement les plus importants, l'Allemagne (11%) et la France (7%), sont consid\u00e9r\u00e9es comme plus r\u00e9jouissantes. Dans les deux cas, le degr\u00e9 d'incertitude a diminu\u00e9 par rapport au premier semestre. Cependant : De nombreuses entreprises suisses ont actuellement d'autres priorit\u00e9s. \"Les incertitudes g\u00e9opolitiques et le protectionnisme sont certes tr\u00e8s importants dans la perception des risques des CFO suisses, mais les processus internes \u00e0 l'entreprise sont en t\u00eate de liste : Les \u00e9ventuels probl\u00e8mes internes sont pour la premi\u00e8re fois le principal risque. De nombreuses entreprises sont actuellement tr\u00e8s pr\u00e9occup\u00e9es par elles-m\u00eames et ne se concentrent pas pleinement sur les d\u00e9fis ext\u00e9rieurs. Ce serait pourtant n\u00e9cessaire\", analyse Alessandro Miolo, responsable du programme Partenaires CFO chez Deloitte, \u00e0 propos du champ de tensions dans lequel les CFO agissent actuellement.<\/p>\n<h2>Taux de change EUR\/CHF : 1,07 comme seuil de douleur<\/h2>\n<p>Compte tenu du d\u00e9fi que repr\u00e9sentent les affaires internationales, le taux de change CHF\/EUR est particuli\u00e8rement au centre des pr\u00e9occupations des entreprises suisses. Pour pr\u00e8s de 60% des CFO interrog\u00e9s, un franc plus fort aurait des cons\u00e9quences n\u00e9gatives directes pour leur entreprise. En moyenne, les CFO interrog\u00e9s indiquent un taux de change EUR\/CHF de 1,07 comme seuil de douleur.<br \/>\nAlessandro Miolo classe ce r\u00e9sultat de la mani\u00e8re suivante : \"Apr\u00e8s l'abolition du taux plancher en janvier 2015 et le choc initial, les entreprises se sont certes accommod\u00e9es de la situation de change. Mais le taux de change CHF\/EUR p\u00e8se aujourd'hui comme une \u00e9p\u00e9e de Damocl\u00e8s sur les entreprises. Il est surprenant de constater que seule un peu plus de la moiti\u00e9 des directeurs financiers suisses limitent le risque de change au moyen d'estimations de risque ou de couverture financi\u00e8re. Il ne faut pas rester inactif sur ce sujet\".<\/p>\n<h2>La p\u00e9nurie de main-d'\u0153uvre qualifi\u00e9e tient les entreprises en haleine<\/h2>\n<p>Malgr\u00e9 une tendance \u00e0 la baisse des perspectives positives, les entreprises restent enclines \u00e0 d\u00e9penser dans toute l'Europe, tant en termes d'investissements que d'embauches. 39% des CFO suisses s'attendent toujours \u00e0 une augmentation des investissements dans leurs perspectives \u00e0 12 mois. Cela correspond largement \u00e0 l'impression qui se d\u00e9gage \u00e9galement des <a href=\"https:\/\/www.organisator.ch\/kmu-monitor-2018-im-banne-von-digitalisierung-und-work-4-0\/\">Enqu\u00eate ORGANISATOR \"Moniteur PME<\/a> a mis en \u00e9vidence. En mati\u00e8re de propension \u00e0 investir, la Suisse se situe dans la moyenne europ\u00e9enne, selon Deloitte.<\/p>\n<p>42% des CFO suisses sont confiants dans leur capacit\u00e9 \u00e0 augmenter le nombre de collaborateurs au cours des 12 prochains mois. Ils consid\u00e8rent toutefois que l'acc\u00e8s \u00e0 du personnel qualifi\u00e9 constitue un risque croissant. Ils partagent presque sans exception ces pr\u00e9occupations avec les CFO des autres pays europ\u00e9ens. Chez nos voisins allemands et autrichiens, le manque de personnel qualifi\u00e9 est m\u00eame le risque le plus souvent cit\u00e9. M\u00eame dans le contexte de la pr\u00e9f\u00e9rence nationale suisse, il est fort possible que la \"guerre des talents\" continue de s'intensifier au sein des pays germanophones. Les personnes disposant de connaissances techniques et d'une exp\u00e9rience professionnelle ad\u00e9quates sont particuli\u00e8rement recherch\u00e9es.<\/p>\n<p>La Suisse mise davantage que la moyenne europ\u00e9enne sur le recrutement \u00e0 l'\u00e9tranger (33%) et moins souvent sur l'activation de groupes de travailleurs alternatifs (p. ex. personnes en r\u00e9insertion ou travailleurs \u00e2g\u00e9s, 20%). La priorit\u00e9 des travailleurs indig\u00e8nes, en vigueur depuis juillet 2018, ne semble donc pas avoir d'effet dans cette \u00e9tude, d'autant plus que les profils professionnels soumis \u00e0 l'obligation d'annonce pour la priorit\u00e9 des travailleurs indig\u00e8nes ne sont pas, pour la plupart, des sp\u00e9cialistes hautement qualifi\u00e9s.<\/p>\n<p><em>Source et informations compl\u00e9mentaires : <a href=\"http:\/\/www.deloitte.ch\">Deloitte<\/a><\/em><\/p>\n<p>\uf02d<\/p>","protected":false},"excerpt":{"rendered":"<p>Die Konjunkturstimmung unter den Schweizer CFOs tr\u00fcbt sich erstmals seit \u00fcber drei Jahren ein. Dies ist eines zentralen Ergebnisse der seit 2009 von Deloitte halbj\u00e4hrlich durchgef\u00fchrten CFO-Umfrage. An der aktuellen Befragung, die zwischen dem 29. August und 24. September 2018 durchgef\u00fchrt wurde, nahmen insgesamt 109 CFOs sowohl aus b\u00f6rsenkotierten Unternehmen als auch von privat gehaltenen [&hellip;]<\/p>\n","protected":false},"author":4,"featured_media":4510,"comment_status":"open","ping_status":"open","sticky":false,"template":"","format":"standard","meta":{"_acf_changed":false,"_yoast_wpseo_focuskw":"Konjunkturaussichten","_yoast_wpseo_metadesc":"Die Konjunkturaussichten der Schweizer CFOs sind erstmals seit \u00fcber drei Jahren r\u00fcckl\u00e4ufig. Diese Anzeichen stimmen im internationalen Kontext nachdenklich.","articlekey":"","footnotes":""},"categories":[28],"tags":[310,334,459,531],"class_list":["post-4509","post","type-post","status-publish","format-standard","has-post-thumbnail","hentry","category-management","tag-konjunktur","tag-management","tag-studie","tag-wirtschaftspolitik"],"acf":[],"yoast_head":"<!-- This site is optimized with the Yoast SEO plugin v27.5 - https:\/\/yoast.com\/product\/yoast-seo-wordpress\/ -->\n<title>Konjunkturaussichten: Schweizer Wirtschaft muss sich w\u00e4rmer anziehen - Organisator<\/title>\n<meta name=\"description\" content=\"Die Konjunkturaussichten der Schweizer CFOs sind erstmals seit \u00fcber drei Jahren r\u00fcckl\u00e4ufig. Diese Anzeichen stimmen im internationalen Kontext nachdenklich.\" \/>\n<meta name=\"robots\" content=\"index, follow, max-snippet:-1, max-image-preview:large, max-video-preview:-1\" \/>\n<link rel=\"canonical\" href=\"https:\/\/www.organisator.ch\/fr\/gestion-2\/2018-11-13\/konjunkturaussichten-schweizer-wirtschaft-muss-sich-waermer-anziehen\/\" \/>\n<meta property=\"og:locale\" content=\"fr_FR\" \/>\n<meta property=\"og:type\" content=\"article\" \/>\n<meta property=\"og:title\" content=\"Konjunkturaussichten: Schweizer Wirtschaft muss sich w\u00e4rmer anziehen\" \/>\n<meta property=\"og:description\" content=\"Die Konjunkturaussichten der Schweizer CFOs sind erstmals seit \u00fcber drei Jahren r\u00fcckl\u00e4ufig. Diese Anzeichen stimmen im internationalen Kontext nachdenklich.\" \/>\n<meta property=\"og:url\" content=\"https:\/\/www.organisator.ch\/fr\/gestion-2\/2018-11-13\/konjunkturaussichten-schweizer-wirtschaft-muss-sich-waermer-anziehen\/\" \/>\n<meta property=\"og:site_name\" content=\"Organisator\" \/>\n<meta property=\"article:publisher\" content=\"https:\/\/www.facebook.com\/OrganisatorFachmagazin\" \/>\n<meta property=\"article:published_time\" content=\"2018-11-13T08:27:26+00:00\" \/>\n<meta property=\"og:image\" content=\"https:\/\/www.organisator.ch\/wp-content\/uploads\/2018\/11\/Konjunkturaussichten-Schweizer-Wirtschaft-muss-sich-waermer-anziehen-1_Organisator.jpg\" \/>\n\t<meta property=\"og:image:width\" content=\"680\" \/>\n\t<meta property=\"og:image:height\" content=\"452\" \/>\n\t<meta property=\"og:image:type\" content=\"image\/jpeg\" \/>\n<meta name=\"author\" content=\"thomas.berner\" \/>\n<meta name=\"twitter:card\" content=\"summary_large_image\" \/>\n<meta name=\"twitter:title\" content=\"#Konjunkturaussichten: Schweizer Wirtschaft muss sich w\u00e4rmer anziehen\" \/>\n<meta name=\"twitter:description\" content=\"Die #Konjunkturaussichten der Schweizer CFOs sind erstmals seit \u00fcber drei Jahren r\u00fcckl\u00e4ufig. Diese Anzeichen stimmen im internationalen Kontext nachdenklich.\" \/>\n<meta name=\"twitter:image\" content=\"https:\/\/www.organisator.ch\/wp-content\/uploads\/2018\/11\/Konjunkturaussichten-Schweizer-Wirtschaft-muss-sich-w\u00e4rmer-anziehen-1_Organisator.jpg\" \/>\n<script type=\"application\/ld+json\" class=\"yoast-schema-graph\">{\"@context\":\"https:\\\/\\\/schema.org\",\"@graph\":[{\"@type\":\"Article\",\"@id\":\"https:\\\/\\\/www.organisator.ch\\\/management\\\/2018-11-13\\\/konjunkturaussichten-schweizer-wirtschaft-muss-sich-waermer-anziehen\\\/#article\",\"isPartOf\":{\"@id\":\"https:\\\/\\\/www.organisator.ch\\\/management\\\/2018-11-13\\\/konjunkturaussichten-schweizer-wirtschaft-muss-sich-waermer-anziehen\\\/\"},\"author\":{\"name\":\"thomas.berner\",\"@id\":\"https:\\\/\\\/www.organisator.ch\\\/#\\\/schema\\\/person\\\/6f650f90b2842cd4c0cc334b4e36f67e\"},\"headline\":\"Konjunkturaussichten: Schweizer Wirtschaft muss sich w\u00e4rmer anziehen\",\"datePublished\":\"2018-11-13T08:27:26+00:00\",\"mainEntityOfPage\":{\"@id\":\"https:\\\/\\\/www.organisator.ch\\\/management\\\/2018-11-13\\\/konjunkturaussichten-schweizer-wirtschaft-muss-sich-waermer-anziehen\\\/\"},\"wordCount\":867,\"commentCount\":0,\"publisher\":{\"@id\":\"https:\\\/\\\/www.organisator.ch\\\/#organization\"},\"image\":{\"@id\":\"https:\\\/\\\/www.organisator.ch\\\/management\\\/2018-11-13\\\/konjunkturaussichten-schweizer-wirtschaft-muss-sich-waermer-anziehen\\\/#primaryimage\"},\"thumbnailUrl\":\"https:\\\/\\\/www.organisator.ch\\\/wp-content\\\/uploads\\\/2018\\\/11\\\/Konjunkturaussichten-Schweizer-Wirtschaft-muss-sich-waermer-anziehen-1_Organisator.jpg\",\"keywords\":[\"Konjunktur\",\"Management\",\"Studie\",\"Wirtschaftspolitik\"],\"articleSection\":[\"MANAGEMENT\"],\"inLanguage\":\"fr-FR\"},{\"@type\":\"WebPage\",\"@id\":\"https:\\\/\\\/www.organisator.ch\\\/management\\\/2018-11-13\\\/konjunkturaussichten-schweizer-wirtschaft-muss-sich-waermer-anziehen\\\/\",\"url\":\"https:\\\/\\\/www.organisator.ch\\\/management\\\/2018-11-13\\\/konjunkturaussichten-schweizer-wirtschaft-muss-sich-waermer-anziehen\\\/\",\"name\":\"Konjunkturaussichten: Schweizer Wirtschaft muss sich w\u00e4rmer anziehen - Organisator\",\"isPartOf\":{\"@id\":\"https:\\\/\\\/www.organisator.ch\\\/#website\"},\"primaryImageOfPage\":{\"@id\":\"https:\\\/\\\/www.organisator.ch\\\/management\\\/2018-11-13\\\/konjunkturaussichten-schweizer-wirtschaft-muss-sich-waermer-anziehen\\\/#primaryimage\"},\"image\":{\"@id\":\"https:\\\/\\\/www.organisator.ch\\\/management\\\/2018-11-13\\\/konjunkturaussichten-schweizer-wirtschaft-muss-sich-waermer-anziehen\\\/#primaryimage\"},\"thumbnailUrl\":\"https:\\\/\\\/www.organisator.ch\\\/wp-content\\\/uploads\\\/2018\\\/11\\\/Konjunkturaussichten-Schweizer-Wirtschaft-muss-sich-waermer-anziehen-1_Organisator.jpg\",\"datePublished\":\"2018-11-13T08:27:26+00:00\",\"description\":\"Die Konjunkturaussichten der Schweizer CFOs sind erstmals seit \u00fcber drei Jahren r\u00fcckl\u00e4ufig. Diese Anzeichen stimmen im internationalen Kontext nachdenklich.\",\"breadcrumb\":{\"@id\":\"https:\\\/\\\/www.organisator.ch\\\/management\\\/2018-11-13\\\/konjunkturaussichten-schweizer-wirtschaft-muss-sich-waermer-anziehen\\\/#breadcrumb\"},\"inLanguage\":\"fr-FR\",\"potentialAction\":[{\"@type\":\"ReadAction\",\"target\":[\"https:\\\/\\\/www.organisator.ch\\\/management\\\/2018-11-13\\\/konjunkturaussichten-schweizer-wirtschaft-muss-sich-waermer-anziehen\\\/\"]}]},{\"@type\":\"ImageObject\",\"inLanguage\":\"fr-FR\",\"@id\":\"https:\\\/\\\/www.organisator.ch\\\/management\\\/2018-11-13\\\/konjunkturaussichten-schweizer-wirtschaft-muss-sich-waermer-anziehen\\\/#primaryimage\",\"url\":\"https:\\\/\\\/www.organisator.ch\\\/wp-content\\\/uploads\\\/2018\\\/11\\\/Konjunkturaussichten-Schweizer-Wirtschaft-muss-sich-waermer-anziehen-1_Organisator.jpg\",\"contentUrl\":\"https:\\\/\\\/www.organisator.ch\\\/wp-content\\\/uploads\\\/2018\\\/11\\\/Konjunkturaussichten-Schweizer-Wirtschaft-muss-sich-waermer-anziehen-1_Organisator.jpg\",\"width\":680,\"height\":452,\"caption\":\"Die Konjunkturaussichten werden von Schweizer CFOs nicht mehr so optimistisch beurteilt wie auch schon. (Bild: Fotolia.com)\"},{\"@type\":\"BreadcrumbList\",\"@id\":\"https:\\\/\\\/www.organisator.ch\\\/management\\\/2018-11-13\\\/konjunkturaussichten-schweizer-wirtschaft-muss-sich-waermer-anziehen\\\/#breadcrumb\",\"itemListElement\":[{\"@type\":\"ListItem\",\"position\":1,\"name\":\"Home\",\"item\":\"https:\\\/\\\/www.organisator.ch\\\/\"},{\"@type\":\"ListItem\",\"position\":2,\"name\":\"Konjunkturaussichten: Schweizer Wirtschaft muss sich w\u00e4rmer anziehen\"}]},{\"@type\":\"WebSite\",\"@id\":\"https:\\\/\\\/www.organisator.ch\\\/#website\",\"url\":\"https:\\\/\\\/www.organisator.ch\\\/\",\"name\":\"Organisator\",\"description\":\"Kompetent. Praxisnah. Der ORGANISATOR bereitet in 10 Ausgaben pro Jahr die wesentlichen Themen f\u00fcr F\u00fchrungskr\u00e4fte von KMU auf.\",\"publisher\":{\"@id\":\"https:\\\/\\\/www.organisator.ch\\\/#organization\"},\"potentialAction\":[{\"@type\":\"SearchAction\",\"target\":{\"@type\":\"EntryPoint\",\"urlTemplate\":\"https:\\\/\\\/www.organisator.ch\\\/?s={search_term_string}\"},\"query-input\":{\"@type\":\"PropertyValueSpecification\",\"valueRequired\":true,\"valueName\":\"search_term_string\"}}],\"inLanguage\":\"fr-FR\"},{\"@type\":\"Organization\",\"@id\":\"https:\\\/\\\/www.organisator.ch\\\/#organization\",\"name\":\"Organisator\",\"url\":\"https:\\\/\\\/www.organisator.ch\\\/\",\"logo\":{\"@type\":\"ImageObject\",\"inLanguage\":\"fr-FR\",\"@id\":\"https:\\\/\\\/www.organisator.ch\\\/#\\\/schema\\\/logo\\\/image\\\/\",\"url\":\"https:\\\/\\\/www.organisator.ch\\\/wp-content\\\/uploads\\\/2022\\\/01\\\/Logo_Organisator_Website.png\",\"contentUrl\":\"https:\\\/\\\/www.organisator.ch\\\/wp-content\\\/uploads\\\/2022\\\/01\\\/Logo_Organisator_Website.png\",\"width\":800,\"height\":77,\"caption\":\"Organisator\"},\"image\":{\"@id\":\"https:\\\/\\\/www.organisator.ch\\\/#\\\/schema\\\/logo\\\/image\\\/\"},\"sameAs\":[\"https:\\\/\\\/www.facebook.com\\\/OrganisatorFachmagazin\",\"https:\\\/\\\/www.linkedin.com\\\/showcase\\\/organisator-das-magazin-fr-kmu\",\"https:\\\/\\\/www.xing.com\\\/news\\\/pages\\\/organisator-ch-695\",\"https:\\\/\\\/www.youtube.com\\\/channel\\\/UCGP2Sq0iWaZwT3BdIAQFYpw\"]},{\"@type\":\"Person\",\"@id\":\"https:\\\/\\\/www.organisator.ch\\\/#\\\/schema\\\/person\\\/6f650f90b2842cd4c0cc334b4e36f67e\",\"name\":\"thomas.berner\",\"image\":{\"@type\":\"ImageObject\",\"inLanguage\":\"fr-FR\",\"@id\":\"https:\\\/\\\/secure.gravatar.com\\\/avatar\\\/ac5001d2a36cb6c6cd3e50789007ffca834b477b74a2144564522e944eabff61?s=96&d=mm&r=g\",\"url\":\"https:\\\/\\\/secure.gravatar.com\\\/avatar\\\/ac5001d2a36cb6c6cd3e50789007ffca834b477b74a2144564522e944eabff61?s=96&d=mm&r=g\",\"contentUrl\":\"https:\\\/\\\/secure.gravatar.com\\\/avatar\\\/ac5001d2a36cb6c6cd3e50789007ffca834b477b74a2144564522e944eabff61?s=96&d=mm&r=g\",\"caption\":\"thomas.berner\"},\"url\":\"https:\\\/\\\/www.organisator.ch\\\/fr\\\/author\\\/thomas-berner\\\/\"}]}<\/script>\n<!-- \/ Yoast SEO plugin. -->","yoast_head_json":{"title":"Perspectives conjoncturelles : L'\u00e9conomie suisse doit s'habiller plus chaudement - Organisateur","description":"Pour la premi\u00e8re fois depuis plus de trois ans, les perspectives conjoncturelles des CFO suisses sont \u00e0 la baisse. Dans le contexte international, ces signes laissent songeur.","robots":{"index":"index","follow":"follow","max-snippet":"max-snippet:-1","max-image-preview":"max-image-preview:large","max-video-preview":"max-video-preview:-1"},"canonical":"https:\/\/www.organisator.ch\/fr\/gestion-2\/2018-11-13\/konjunkturaussichten-schweizer-wirtschaft-muss-sich-waermer-anziehen\/","og_locale":"fr_FR","og_type":"article","og_title":"Konjunkturaussichten: Schweizer Wirtschaft muss sich w\u00e4rmer anziehen","og_description":"Die Konjunkturaussichten der Schweizer CFOs sind erstmals seit \u00fcber drei Jahren r\u00fcckl\u00e4ufig. Diese Anzeichen stimmen im internationalen Kontext nachdenklich.","og_url":"https:\/\/www.organisator.ch\/fr\/gestion-2\/2018-11-13\/konjunkturaussichten-schweizer-wirtschaft-muss-sich-waermer-anziehen\/","og_site_name":"Organisator","article_publisher":"https:\/\/www.facebook.com\/OrganisatorFachmagazin","article_published_time":"2018-11-13T08:27:26+00:00","og_image":[{"width":680,"height":452,"url":"https:\/\/www.organisator.ch\/wp-content\/uploads\/2018\/11\/Konjunkturaussichten-Schweizer-Wirtschaft-muss-sich-waermer-anziehen-1_Organisator.jpg","type":"image\/jpeg"}],"author":"thomas.berner","twitter_card":"summary_large_image","twitter_title":"#Konjunkturaussichten: Schweizer Wirtschaft muss sich w\u00e4rmer anziehen","twitter_description":"Die #Konjunkturaussichten der Schweizer CFOs sind erstmals seit \u00fcber drei Jahren r\u00fcckl\u00e4ufig. Diese Anzeichen stimmen im internationalen Kontext nachdenklich.","twitter_image":"https:\/\/www.organisator.ch\/wp-content\/uploads\/2018\/11\/Konjunkturaussichten-Schweizer-Wirtschaft-muss-sich-w\u00e4rmer-anziehen-1_Organisator.jpg","schema":{"@context":"https:\/\/schema.org","@graph":[{"@type":"Article","@id":"https:\/\/www.organisator.ch\/management\/2018-11-13\/konjunkturaussichten-schweizer-wirtschaft-muss-sich-waermer-anziehen\/#article","isPartOf":{"@id":"https:\/\/www.organisator.ch\/management\/2018-11-13\/konjunkturaussichten-schweizer-wirtschaft-muss-sich-waermer-anziehen\/"},"author":{"name":"thomas.berner","@id":"https:\/\/www.organisator.ch\/#\/schema\/person\/6f650f90b2842cd4c0cc334b4e36f67e"},"headline":"Konjunkturaussichten: Schweizer Wirtschaft muss sich w\u00e4rmer anziehen","datePublished":"2018-11-13T08:27:26+00:00","mainEntityOfPage":{"@id":"https:\/\/www.organisator.ch\/management\/2018-11-13\/konjunkturaussichten-schweizer-wirtschaft-muss-sich-waermer-anziehen\/"},"wordCount":867,"commentCount":0,"publisher":{"@id":"https:\/\/www.organisator.ch\/#organization"},"image":{"@id":"https:\/\/www.organisator.ch\/management\/2018-11-13\/konjunkturaussichten-schweizer-wirtschaft-muss-sich-waermer-anziehen\/#primaryimage"},"thumbnailUrl":"https:\/\/www.organisator.ch\/wp-content\/uploads\/2018\/11\/Konjunkturaussichten-Schweizer-Wirtschaft-muss-sich-waermer-anziehen-1_Organisator.jpg","keywords":["Konjunktur","Management","Studie","Wirtschaftspolitik"],"articleSection":["MANAGEMENT"],"inLanguage":"fr-FR"},{"@type":"WebPage","@id":"https:\/\/www.organisator.ch\/management\/2018-11-13\/konjunkturaussichten-schweizer-wirtschaft-muss-sich-waermer-anziehen\/","url":"https:\/\/www.organisator.ch\/management\/2018-11-13\/konjunkturaussichten-schweizer-wirtschaft-muss-sich-waermer-anziehen\/","name":"Perspectives conjoncturelles : L'\u00e9conomie suisse doit s'habiller plus chaudement - Organisateur","isPartOf":{"@id":"https:\/\/www.organisator.ch\/#website"},"primaryImageOfPage":{"@id":"https:\/\/www.organisator.ch\/management\/2018-11-13\/konjunkturaussichten-schweizer-wirtschaft-muss-sich-waermer-anziehen\/#primaryimage"},"image":{"@id":"https:\/\/www.organisator.ch\/management\/2018-11-13\/konjunkturaussichten-schweizer-wirtschaft-muss-sich-waermer-anziehen\/#primaryimage"},"thumbnailUrl":"https:\/\/www.organisator.ch\/wp-content\/uploads\/2018\/11\/Konjunkturaussichten-Schweizer-Wirtschaft-muss-sich-waermer-anziehen-1_Organisator.jpg","datePublished":"2018-11-13T08:27:26+00:00","description":"Pour la premi\u00e8re fois depuis plus de trois ans, les perspectives conjoncturelles des CFO suisses sont \u00e0 la baisse. Dans le contexte international, ces signes laissent songeur.","breadcrumb":{"@id":"https:\/\/www.organisator.ch\/management\/2018-11-13\/konjunkturaussichten-schweizer-wirtschaft-muss-sich-waermer-anziehen\/#breadcrumb"},"inLanguage":"fr-FR","potentialAction":[{"@type":"ReadAction","target":["https:\/\/www.organisator.ch\/management\/2018-11-13\/konjunkturaussichten-schweizer-wirtschaft-muss-sich-waermer-anziehen\/"]}]},{"@type":"ImageObject","inLanguage":"fr-FR","@id":"https:\/\/www.organisator.ch\/management\/2018-11-13\/konjunkturaussichten-schweizer-wirtschaft-muss-sich-waermer-anziehen\/#primaryimage","url":"https:\/\/www.organisator.ch\/wp-content\/uploads\/2018\/11\/Konjunkturaussichten-Schweizer-Wirtschaft-muss-sich-waermer-anziehen-1_Organisator.jpg","contentUrl":"https:\/\/www.organisator.ch\/wp-content\/uploads\/2018\/11\/Konjunkturaussichten-Schweizer-Wirtschaft-muss-sich-waermer-anziehen-1_Organisator.jpg","width":680,"height":452,"caption":"Die Konjunkturaussichten werden von Schweizer CFOs nicht mehr so optimistisch beurteilt wie auch schon. (Bild: Fotolia.com)"},{"@type":"BreadcrumbList","@id":"https:\/\/www.organisator.ch\/management\/2018-11-13\/konjunkturaussichten-schweizer-wirtschaft-muss-sich-waermer-anziehen\/#breadcrumb","itemListElement":[{"@type":"ListItem","position":1,"name":"Home","item":"https:\/\/www.organisator.ch\/"},{"@type":"ListItem","position":2,"name":"Konjunkturaussichten: Schweizer Wirtschaft muss sich w\u00e4rmer anziehen"}]},{"@type":"WebSite","@id":"https:\/\/www.organisator.ch\/#website","url":"https:\/\/www.organisator.ch\/","name":"Organisateur","description":"Comp\u00e9tence et comp\u00e9tence. Proches de la pratique. L'ORGANISATEUR pr\u00e9pare 10 num\u00e9ros par an sur les th\u00e8mes essentiels pour les dirigeants de PME.","publisher":{"@id":"https:\/\/www.organisator.ch\/#organization"},"potentialAction":[{"@type":"SearchAction","target":{"@type":"EntryPoint","urlTemplate":"https:\/\/www.organisator.ch\/?s={search_term_string}"},"query-input":{"@type":"PropertyValueSpecification","valueRequired":true,"valueName":"search_term_string"}}],"inLanguage":"fr-FR"},{"@type":"Organization","@id":"https:\/\/www.organisator.ch\/#organization","name":"Organisateur","url":"https:\/\/www.organisator.ch\/","logo":{"@type":"ImageObject","inLanguage":"fr-FR","@id":"https:\/\/www.organisator.ch\/#\/schema\/logo\/image\/","url":"https:\/\/www.organisator.ch\/wp-content\/uploads\/2022\/01\/Logo_Organisator_Website.png","contentUrl":"https:\/\/www.organisator.ch\/wp-content\/uploads\/2022\/01\/Logo_Organisator_Website.png","width":800,"height":77,"caption":"Organisator"},"image":{"@id":"https:\/\/www.organisator.ch\/#\/schema\/logo\/image\/"},"sameAs":["https:\/\/www.facebook.com\/OrganisatorFachmagazin","https:\/\/www.linkedin.com\/showcase\/organisator-das-magazin-fr-kmu","https:\/\/www.xing.com\/news\/pages\/organisator-ch-695","https:\/\/www.youtube.com\/channel\/UCGP2Sq0iWaZwT3BdIAQFYpw"]},{"@type":"Person","@id":"https:\/\/www.organisator.ch\/#\/schema\/person\/6f650f90b2842cd4c0cc334b4e36f67e","name":"thomas.berner","image":{"@type":"ImageObject","inLanguage":"fr-FR","@id":"https:\/\/secure.gravatar.com\/avatar\/ac5001d2a36cb6c6cd3e50789007ffca834b477b74a2144564522e944eabff61?s=96&d=mm&r=g","url":"https:\/\/secure.gravatar.com\/avatar\/ac5001d2a36cb6c6cd3e50789007ffca834b477b74a2144564522e944eabff61?s=96&d=mm&r=g","contentUrl":"https:\/\/secure.gravatar.com\/avatar\/ac5001d2a36cb6c6cd3e50789007ffca834b477b74a2144564522e944eabff61?s=96&d=mm&r=g","caption":"thomas.berner"},"url":"https:\/\/www.organisator.ch\/fr\/author\/thomas-berner\/"}]}},"_links":{"self":[{"href":"https:\/\/www.organisator.ch\/fr\/wp-json\/wp\/v2\/posts\/4509","targetHints":{"allow":["GET"]}}],"collection":[{"href":"https:\/\/www.organisator.ch\/fr\/wp-json\/wp\/v2\/posts"}],"about":[{"href":"https:\/\/www.organisator.ch\/fr\/wp-json\/wp\/v2\/types\/post"}],"author":[{"embeddable":true,"href":"https:\/\/www.organisator.ch\/fr\/wp-json\/wp\/v2\/users\/4"}],"replies":[{"embeddable":true,"href":"https:\/\/www.organisator.ch\/fr\/wp-json\/wp\/v2\/comments?post=4509"}],"version-history":[{"count":0,"href":"https:\/\/www.organisator.ch\/fr\/wp-json\/wp\/v2\/posts\/4509\/revisions"}],"wp:featuredmedia":[{"embeddable":true,"href":"https:\/\/www.organisator.ch\/fr\/wp-json\/wp\/v2\/media\/4510"}],"wp:attachment":[{"href":"https:\/\/www.organisator.ch\/fr\/wp-json\/wp\/v2\/media?parent=4509"}],"wp:term":[{"taxonomy":"category","embeddable":true,"href":"https:\/\/www.organisator.ch\/fr\/wp-json\/wp\/v2\/categories?post=4509"},{"taxonomy":"post_tag","embeddable":true,"href":"https:\/\/www.organisator.ch\/fr\/wp-json\/wp\/v2\/tags?post=4509"}],"curies":[{"name":"wp","href":"https:\/\/api.w.org\/{rel}","templated":true}]}}