{"id":4515,"date":"2021-07-08T08:03:45","date_gmt":"2021-07-08T06:03:45","guid":{"rendered":"https:\/\/www.umweltperspektiven.ch\/?p=4515"},"modified":"2022-02-09T11:09:52","modified_gmt":"2022-02-09T10:09:52","slug":"wie-schweizer-industriefirmen-die-co2-herausforderungen-meistern-koennen","status":"publish","type":"post","link":"https:\/\/www.organisator.ch\/fr\/sustainability\/2021-07-08\/wie-schweizer-industriefirmen-die-co2-herausforderungen-meistern-koennen\/","title":{"rendered":"Comment les entreprises industrielles suisses peuvent ma\u00eetriser la d\u00e9carbonisation"},"content":{"rendered":"<div>\n<figure id=\"attachment_4517\" aria-describedby=\"caption-attachment-4517\" style=\"width: 680px\" class=\"wp-caption aligncenter\"><img loading=\"lazy\" decoding=\"async\" class=\"size-medium wp-image-4517\" src=\"\/\/www.umweltperspektiven.ch\/wp-content\/uploads\/2021\/07\/Depositphotos_311501584_s-2019.jpg\" alt=\"\" width=\"680\" height=\"362\" \/><figcaption id=\"caption-attachment-4517\" class=\"wp-caption-text\">\u00a9 Depositphotos, oraziopuccio<\/figcaption><\/figure>\n<\/div>\n<section class=\"Intro Press Release container\" data-partialxcmsid=\"\">\n<div class=\"row IntroText\">\n<div class=\"col col-xs-12 col-sm-12 col-md-8 hidden-xs\">\n<div><\/div>\n<div class=\"IntroText\">\n<p>La d\u00e9carbonisation de l'\u00e9conomie et de la soci\u00e9t\u00e9 pose d'\u00e9normes d\u00e9fis \u00e0 l'industrie suisse. L'un des principaux moteurs de ce changement est la politique, exig\u00e9e par l'Accord de Paris au niveau mondial mais aussi national. Il appara\u00eet d'ores et d\u00e9j\u00e0 que les fondements de l'\u00e9conomie \u00e9nerg\u00e9tique sont concern\u00e9s. Toutes les entreprises, en particulier celles du secteur artisanal et industriel, doivent se pr\u00e9parer \u00e0 ces changements.<\/p>\n<\/div>\n<h2>Les risques augmentent continuellement<\/h2>\n<\/div>\n<\/div>\n<\/section>\n<section class=\"container Row\" data-partialxcmsid=\"\">\n<div class=\"row withcols\">\n<div class=\"Box box col-xs-12 col-sm-12 col-md-12 leftBox\" data-image=\"1\" data-child=\"2\" data-interaction=\"false\" data-pos=\"1\" data-maxlength=\"2\" data-mod=\"1\">\n<div class=\"row\">\n<div class=\"col-xs-12 col-sm-8 col-md-8 caption\">\n<div class=\"f-text\">\n<p>Siemens Suisse SA soutient la strat\u00e9gie \u00e9nerg\u00e9tique de la Conf\u00e9d\u00e9ration et se consid\u00e8re comme un pr\u00e9curseur dans la mise en \u0153uvre d'une politique climatique efficace en Suisse, \u00e9crit l'entreprise. Outre les aspects de la politique climatique, la d\u00e9centralisation du syst\u00e8me \u00e9nerg\u00e9tique et la num\u00e9risation sont deux autres piliers qui contribuent \u00e0 transformer le paysage \u00e9nerg\u00e9tique. En m\u00eame temps, ils rendraient la d\u00e9carbonisation techniquement possible. Ce changement et les nouvelles conditions-cadres impliquent un besoin d'action urgent pour toutes les entreprises. Les responsables des entreprises industrielles doivent \u00e9galement d\u00e9velopper des strat\u00e9gies et prendre des mesures pour r\u00e9duire les risques potentiels, selon le Siemens.<\/p>\n<p>Un livre blanc r\u00e9dig\u00e9 en collaboration avec Swisscleantech et l'entreprise de conseil Delta-EE montre que les risques pour les entreprises qui manquent l'occasion de se d\u00e9carboniser augmentent continuellement. Des mesures appropri\u00e9es permettraient toutefois de r\u00e9duire consid\u00e9rablement les risques. D'un autre c\u00f4t\u00e9, la d\u00e9carbonisation offre de grandes opportunit\u00e9s qui vont au-del\u00e0 des \u00e9conomies financi\u00e8res \u00e0 long terme : Une meilleure image de marque, la pr\u00e9f\u00e9rence des clients par rapport aux concurrents et l'attrait pour les investisseurs sont quelques-uns des avantages pour les entreprises qui vont de pair avec la d\u00e9carbonisation.<\/p>\n<p>Les strat\u00e9gies individuelles varient d'une entreprise \u00e0 l'autre, mais elles impliquent g\u00e9n\u00e9ralement des mesures concr\u00e8tes de la part de la direction, tant au niveau de la consommation d'\u00e9nergie que de l'approvisionnement en \u00e9nergie, de la propre marche des affaires, des produits et des fournisseurs. L'assistance d'entreprises sp\u00e9cialis\u00e9es est d'une valeur inestimable. Elles aident les responsables \u00e0 donner la priorit\u00e9 aux bonnes mesures dans toute l'entreprise. Une d\u00e9carbonisation effectu\u00e9e \u00e0 temps garantit une rentabilit\u00e9 \u00e0 long terme.<\/p>\n<p>Les recommandations d'action pr\u00e9sent\u00e9es dans le livre blanc vont des conseils pour la communication avec les collaborateurs \u00e0 la d\u00e9finition des principaux th\u00e8mes de focalisation en rapport avec la r\u00e9duction du CO2 dans l'entreprise, comme l'\u00e9crit l'entreprise technologique. La premi\u00e8re \u00e9tape de la mise en \u0153uvre consiste \u00e0 dresser un bilan complet des \u00e9missions. Cela permet de d\u00e9finir une voie de d\u00e9carbonisation optimale en termes de co\u00fbts.\u00a0 <em>(Source : Siemens)<\/em><\/p>\n<p><em>Le livre blanc de 26 pages se base sur des enqu\u00eates de march\u00e9 et des avis d'experts et peut \u00eatre t\u00e9l\u00e9charg\u00e9 ici :\u00a0<b><a href=\"https:\/\/new.siemens.com\/ch\/de\/unternehmen\/themenfelder\/dekarbonisierung\/whitepaper.html\" target=\"_blank\" rel=\"noopener\" data-href=\"\/\/new.siemens.com\/ch\/de\/unternehmen\/themenfelder\/dekarbonisierung\/whitepaper.html\">T\u00e9l\u00e9charger le livre blanc<\/a><\/b><\/em><\/p>\n<\/div>\n<\/div>\n<\/div>\n<\/div>\n<\/div>\n<\/section>","protected":false},"excerpt":{"rendered":"<p>Die Dekarbonisierung von Wirtschaft und Gesellschaft stellt die Schweizer Industrie vor enorme Herausforderungen. Ein wichtiger Treiber dieses Wandels ist die Politik, die durch das Pariser Abkommen auf globaler und auch nationaler Ebene gefordert wird. Bereits heute zeigt sich, dass die Grundlagen der Energiewirtschaft betroffen sind. Alle Unternehmen, insbesondere jene des gewerblichen und industriellen Sektors, m\u00fcssen [&hellip;]<\/p>\n","protected":false},"author":6,"featured_media":9817,"comment_status":"closed","ping_status":"closed","sticky":false,"template":"","format":"standard","meta":{"_acf_changed":false,"_yoast_wpseo_focuskw":"Dekarbonisierung","_yoast_wpseo_metadesc":"Ein neues Whitepaper zeigt auf, wie Schweizer Industriefirmen die Herausforderungen der Dekarbonisierung meistern k\u00f6nnen.","articlekey":"","footnotes":""},"categories":[580],"tags":[969,524],"class_list":["post-4515","post","type-post","status-publish","format-standard","has-post-thumbnail","hentry","category-sustainability","tag-dekarbonisierung","tag-whitepaper"],"acf":[],"yoast_head":"<!-- This site is optimized with the Yoast SEO plugin v27.4 - https:\/\/yoast.com\/product\/yoast-seo-wordpress\/ -->\n<title>Wie Schweizer Industriefirmen die Dekarbonisierung meistern\u00a0k\u00f6nnen - Organisator<\/title>\n<meta name=\"description\" content=\"Ein neues Whitepaper zeigt auf, wie Schweizer Industriefirmen die Herausforderungen der Dekarbonisierung meistern k\u00f6nnen.\" \/>\n<meta name=\"robots\" content=\"index, follow, max-snippet:-1, max-image-preview:large, max-video-preview:-1\" \/>\n<link rel=\"canonical\" href=\"https:\/\/www.organisator.ch\/fr\/sustainability\/2021-07-08\/wie-schweizer-industriefirmen-die-co2-herausforderungen-meistern-koennen\/\" \/>\n<meta property=\"og:locale\" content=\"fr_FR\" \/>\n<meta property=\"og:type\" content=\"article\" \/>\n<meta property=\"og:title\" content=\"Wie Schweizer Industriefirmen die Dekarbonisierung meistern\u00a0k\u00f6nnen - Organisator\" \/>\n<meta property=\"og:description\" content=\"Ein neues Whitepaper zeigt auf, wie Schweizer Industriefirmen die Herausforderungen der Dekarbonisierung meistern k\u00f6nnen.\" \/>\n<meta property=\"og:url\" content=\"https:\/\/www.organisator.ch\/fr\/sustainability\/2021-07-08\/wie-schweizer-industriefirmen-die-co2-herausforderungen-meistern-koennen\/\" \/>\n<meta property=\"og:site_name\" content=\"Organisator\" \/>\n<meta property=\"article:publisher\" content=\"https:\/\/www.facebook.com\/OrganisatorFachmagazin\" \/>\n<meta property=\"article:published_time\" content=\"2021-07-08T06:03:45+00:00\" \/>\n<meta property=\"article:modified_time\" content=\"2022-02-09T10:09:52+00:00\" \/>\n<meta property=\"og:image\" content=\"https:\/\/www.organisator.ch\/wp-content\/uploads\/2021\/07\/Depositphotos_311501584_s-2019.jpg\" \/>\n\t<meta property=\"og:image:width\" content=\"1000\" \/>\n\t<meta property=\"og:image:height\" content=\"532\" \/>\n\t<meta property=\"og:image:type\" content=\"image\/jpeg\" \/>\n<meta name=\"author\" content=\"roger.straessle\" \/>\n<meta name=\"twitter:card\" content=\"summary_large_image\" \/>\n<script type=\"application\/ld+json\" class=\"yoast-schema-graph\">{\"@context\":\"https:\\\/\\\/schema.org\",\"@graph\":[{\"@type\":\"Article\",\"@id\":\"https:\\\/\\\/www.organisator.ch\\\/sustainability\\\/2021-07-08\\\/wie-schweizer-industriefirmen-die-co2-herausforderungen-meistern-koennen\\\/#article\",\"isPartOf\":{\"@id\":\"https:\\\/\\\/www.organisator.ch\\\/sustainability\\\/2021-07-08\\\/wie-schweizer-industriefirmen-die-co2-herausforderungen-meistern-koennen\\\/\"},\"author\":{\"name\":\"roger.straessle\",\"@id\":\"https:\\\/\\\/www.organisator.ch\\\/#\\\/schema\\\/person\\\/a800b8c54e208b160517a7dcc323161d\"},\"headline\":\"Wie Schweizer Industriefirmen die Dekarbonisierung meistern\u00a0k\u00f6nnen\",\"datePublished\":\"2021-07-08T06:03:45+00:00\",\"dateModified\":\"2022-02-09T10:09:52+00:00\",\"mainEntityOfPage\":{\"@id\":\"https:\\\/\\\/www.organisator.ch\\\/sustainability\\\/2021-07-08\\\/wie-schweizer-industriefirmen-die-co2-herausforderungen-meistern-koennen\\\/\"},\"wordCount\":411,\"publisher\":{\"@id\":\"https:\\\/\\\/www.organisator.ch\\\/#organization\"},\"image\":{\"@id\":\"https:\\\/\\\/www.organisator.ch\\\/sustainability\\\/2021-07-08\\\/wie-schweizer-industriefirmen-die-co2-herausforderungen-meistern-koennen\\\/#primaryimage\"},\"thumbnailUrl\":\"https:\\\/\\\/www.organisator.ch\\\/wp-content\\\/uploads\\\/2021\\\/07\\\/Depositphotos_311501584_s-2019.jpg\",\"keywords\":[\"Dekarbonisierung\",\"Whitepaper\"],\"articleSection\":[\"SUSTAINABILITY\"],\"inLanguage\":\"fr-FR\"},{\"@type\":\"WebPage\",\"@id\":\"https:\\\/\\\/www.organisator.ch\\\/sustainability\\\/2021-07-08\\\/wie-schweizer-industriefirmen-die-co2-herausforderungen-meistern-koennen\\\/\",\"url\":\"https:\\\/\\\/www.organisator.ch\\\/sustainability\\\/2021-07-08\\\/wie-schweizer-industriefirmen-die-co2-herausforderungen-meistern-koennen\\\/\",\"name\":\"Wie Schweizer Industriefirmen die Dekarbonisierung meistern\u00a0k\u00f6nnen - Organisator\",\"isPartOf\":{\"@id\":\"https:\\\/\\\/www.organisator.ch\\\/#website\"},\"primaryImageOfPage\":{\"@id\":\"https:\\\/\\\/www.organisator.ch\\\/sustainability\\\/2021-07-08\\\/wie-schweizer-industriefirmen-die-co2-herausforderungen-meistern-koennen\\\/#primaryimage\"},\"image\":{\"@id\":\"https:\\\/\\\/www.organisator.ch\\\/sustainability\\\/2021-07-08\\\/wie-schweizer-industriefirmen-die-co2-herausforderungen-meistern-koennen\\\/#primaryimage\"},\"thumbnailUrl\":\"https:\\\/\\\/www.organisator.ch\\\/wp-content\\\/uploads\\\/2021\\\/07\\\/Depositphotos_311501584_s-2019.jpg\",\"datePublished\":\"2021-07-08T06:03:45+00:00\",\"dateModified\":\"2022-02-09T10:09:52+00:00\",\"description\":\"Ein neues Whitepaper zeigt auf, wie Schweizer Industriefirmen die Herausforderungen der Dekarbonisierung meistern k\u00f6nnen.\",\"breadcrumb\":{\"@id\":\"https:\\\/\\\/www.organisator.ch\\\/sustainability\\\/2021-07-08\\\/wie-schweizer-industriefirmen-die-co2-herausforderungen-meistern-koennen\\\/#breadcrumb\"},\"inLanguage\":\"fr-FR\",\"potentialAction\":[{\"@type\":\"ReadAction\",\"target\":[\"https:\\\/\\\/www.organisator.ch\\\/sustainability\\\/2021-07-08\\\/wie-schweizer-industriefirmen-die-co2-herausforderungen-meistern-koennen\\\/\"]}]},{\"@type\":\"ImageObject\",\"inLanguage\":\"fr-FR\",\"@id\":\"https:\\\/\\\/www.organisator.ch\\\/sustainability\\\/2021-07-08\\\/wie-schweizer-industriefirmen-die-co2-herausforderungen-meistern-koennen\\\/#primaryimage\",\"url\":\"https:\\\/\\\/www.organisator.ch\\\/wp-content\\\/uploads\\\/2021\\\/07\\\/Depositphotos_311501584_s-2019.jpg\",\"contentUrl\":\"https:\\\/\\\/www.organisator.ch\\\/wp-content\\\/uploads\\\/2021\\\/07\\\/Depositphotos_311501584_s-2019.jpg\",\"width\":1000,\"height\":532,\"caption\":\"\u00a9 Depositphotos, oraziopuccio\"},{\"@type\":\"BreadcrumbList\",\"@id\":\"https:\\\/\\\/www.organisator.ch\\\/sustainability\\\/2021-07-08\\\/wie-schweizer-industriefirmen-die-co2-herausforderungen-meistern-koennen\\\/#breadcrumb\",\"itemListElement\":[{\"@type\":\"ListItem\",\"position\":1,\"name\":\"Home\",\"item\":\"https:\\\/\\\/www.organisator.ch\\\/\"},{\"@type\":\"ListItem\",\"position\":2,\"name\":\"Wie Schweizer Industriefirmen die Dekarbonisierung meistern\u00a0k\u00f6nnen\"}]},{\"@type\":\"WebSite\",\"@id\":\"https:\\\/\\\/www.organisator.ch\\\/#website\",\"url\":\"https:\\\/\\\/www.organisator.ch\\\/\",\"name\":\"Organisator\",\"description\":\"Kompetent. Praxisnah. Der ORGANISATOR bereitet in 10 Ausgaben pro Jahr die wesentlichen Themen f\u00fcr F\u00fchrungskr\u00e4fte von KMU auf.\",\"publisher\":{\"@id\":\"https:\\\/\\\/www.organisator.ch\\\/#organization\"},\"potentialAction\":[{\"@type\":\"SearchAction\",\"target\":{\"@type\":\"EntryPoint\",\"urlTemplate\":\"https:\\\/\\\/www.organisator.ch\\\/?s={search_term_string}\"},\"query-input\":{\"@type\":\"PropertyValueSpecification\",\"valueRequired\":true,\"valueName\":\"search_term_string\"}}],\"inLanguage\":\"fr-FR\"},{\"@type\":\"Organization\",\"@id\":\"https:\\\/\\\/www.organisator.ch\\\/#organization\",\"name\":\"Organisator\",\"url\":\"https:\\\/\\\/www.organisator.ch\\\/\",\"logo\":{\"@type\":\"ImageObject\",\"inLanguage\":\"fr-FR\",\"@id\":\"https:\\\/\\\/www.organisator.ch\\\/#\\\/schema\\\/logo\\\/image\\\/\",\"url\":\"https:\\\/\\\/www.organisator.ch\\\/wp-content\\\/uploads\\\/2022\\\/01\\\/Logo_Organisator_Website.png\",\"contentUrl\":\"https:\\\/\\\/www.organisator.ch\\\/wp-content\\\/uploads\\\/2022\\\/01\\\/Logo_Organisator_Website.png\",\"width\":800,\"height\":77,\"caption\":\"Organisator\"},\"image\":{\"@id\":\"https:\\\/\\\/www.organisator.ch\\\/#\\\/schema\\\/logo\\\/image\\\/\"},\"sameAs\":[\"https:\\\/\\\/www.facebook.com\\\/OrganisatorFachmagazin\",\"https:\\\/\\\/www.linkedin.com\\\/showcase\\\/organisator-das-magazin-fr-kmu\",\"https:\\\/\\\/www.xing.com\\\/news\\\/pages\\\/organisator-ch-695\",\"https:\\\/\\\/www.youtube.com\\\/channel\\\/UCGP2Sq0iWaZwT3BdIAQFYpw\"]},{\"@type\":\"Person\",\"@id\":\"https:\\\/\\\/www.organisator.ch\\\/#\\\/schema\\\/person\\\/a800b8c54e208b160517a7dcc323161d\",\"name\":\"roger.straessle\",\"image\":{\"@type\":\"ImageObject\",\"inLanguage\":\"fr-FR\",\"@id\":\"https:\\\/\\\/secure.gravatar.com\\\/avatar\\\/?s=96&d=mm&r=g\",\"url\":\"https:\\\/\\\/secure.gravatar.com\\\/avatar\\\/?s=96&d=mm&r=g\",\"contentUrl\":\"https:\\\/\\\/secure.gravatar.com\\\/avatar\\\/?s=96&d=mm&r=g\",\"caption\":\"roger.straessle\"},\"url\":\"https:\\\/\\\/www.organisator.ch\\\/fr\\\/author\\\/roger-straessle\\\/\"}]}<\/script>\n<!-- \/ Yoast SEO plugin. -->","yoast_head_json":{"title":"Comment les entreprises industrielles suisses peuvent ma\u00eetriser la d\u00e9carbonisation - Organisateur","description":"Un nouveau livre blanc montre comment les entreprises industrielles suisses peuvent relever les d\u00e9fis de la d\u00e9carbonisation.","robots":{"index":"index","follow":"follow","max-snippet":"max-snippet:-1","max-image-preview":"max-image-preview:large","max-video-preview":"max-video-preview:-1"},"canonical":"https:\/\/www.organisator.ch\/fr\/sustainability\/2021-07-08\/wie-schweizer-industriefirmen-die-co2-herausforderungen-meistern-koennen\/","og_locale":"fr_FR","og_type":"article","og_title":"Wie Schweizer Industriefirmen die Dekarbonisierung meistern\u00a0k\u00f6nnen - Organisator","og_description":"Ein neues Whitepaper zeigt auf, wie Schweizer Industriefirmen die Herausforderungen der Dekarbonisierung meistern k\u00f6nnen.","og_url":"https:\/\/www.organisator.ch\/fr\/sustainability\/2021-07-08\/wie-schweizer-industriefirmen-die-co2-herausforderungen-meistern-koennen\/","og_site_name":"Organisator","article_publisher":"https:\/\/www.facebook.com\/OrganisatorFachmagazin","article_published_time":"2021-07-08T06:03:45+00:00","article_modified_time":"2022-02-09T10:09:52+00:00","og_image":[{"width":1000,"height":532,"url":"https:\/\/www.organisator.ch\/wp-content\/uploads\/2021\/07\/Depositphotos_311501584_s-2019.jpg","type":"image\/jpeg"}],"author":"roger.straessle","twitter_card":"summary_large_image","schema":{"@context":"https:\/\/schema.org","@graph":[{"@type":"Article","@id":"https:\/\/www.organisator.ch\/sustainability\/2021-07-08\/wie-schweizer-industriefirmen-die-co2-herausforderungen-meistern-koennen\/#article","isPartOf":{"@id":"https:\/\/www.organisator.ch\/sustainability\/2021-07-08\/wie-schweizer-industriefirmen-die-co2-herausforderungen-meistern-koennen\/"},"author":{"name":"roger.straessle","@id":"https:\/\/www.organisator.ch\/#\/schema\/person\/a800b8c54e208b160517a7dcc323161d"},"headline":"Wie Schweizer Industriefirmen die Dekarbonisierung meistern\u00a0k\u00f6nnen","datePublished":"2021-07-08T06:03:45+00:00","dateModified":"2022-02-09T10:09:52+00:00","mainEntityOfPage":{"@id":"https:\/\/www.organisator.ch\/sustainability\/2021-07-08\/wie-schweizer-industriefirmen-die-co2-herausforderungen-meistern-koennen\/"},"wordCount":411,"publisher":{"@id":"https:\/\/www.organisator.ch\/#organization"},"image":{"@id":"https:\/\/www.organisator.ch\/sustainability\/2021-07-08\/wie-schweizer-industriefirmen-die-co2-herausforderungen-meistern-koennen\/#primaryimage"},"thumbnailUrl":"https:\/\/www.organisator.ch\/wp-content\/uploads\/2021\/07\/Depositphotos_311501584_s-2019.jpg","keywords":["Dekarbonisierung","Whitepaper"],"articleSection":["SUSTAINABILITY"],"inLanguage":"fr-FR"},{"@type":"WebPage","@id":"https:\/\/www.organisator.ch\/sustainability\/2021-07-08\/wie-schweizer-industriefirmen-die-co2-herausforderungen-meistern-koennen\/","url":"https:\/\/www.organisator.ch\/sustainability\/2021-07-08\/wie-schweizer-industriefirmen-die-co2-herausforderungen-meistern-koennen\/","name":"Comment les entreprises industrielles suisses peuvent ma\u00eetriser la d\u00e9carbonisation - Organisateur","isPartOf":{"@id":"https:\/\/www.organisator.ch\/#website"},"primaryImageOfPage":{"@id":"https:\/\/www.organisator.ch\/sustainability\/2021-07-08\/wie-schweizer-industriefirmen-die-co2-herausforderungen-meistern-koennen\/#primaryimage"},"image":{"@id":"https:\/\/www.organisator.ch\/sustainability\/2021-07-08\/wie-schweizer-industriefirmen-die-co2-herausforderungen-meistern-koennen\/#primaryimage"},"thumbnailUrl":"https:\/\/www.organisator.ch\/wp-content\/uploads\/2021\/07\/Depositphotos_311501584_s-2019.jpg","datePublished":"2021-07-08T06:03:45+00:00","dateModified":"2022-02-09T10:09:52+00:00","description":"Un nouveau livre blanc montre comment les entreprises industrielles suisses peuvent relever les d\u00e9fis de la d\u00e9carbonisation.","breadcrumb":{"@id":"https:\/\/www.organisator.ch\/sustainability\/2021-07-08\/wie-schweizer-industriefirmen-die-co2-herausforderungen-meistern-koennen\/#breadcrumb"},"inLanguage":"fr-FR","potentialAction":[{"@type":"ReadAction","target":["https:\/\/www.organisator.ch\/sustainability\/2021-07-08\/wie-schweizer-industriefirmen-die-co2-herausforderungen-meistern-koennen\/"]}]},{"@type":"ImageObject","inLanguage":"fr-FR","@id":"https:\/\/www.organisator.ch\/sustainability\/2021-07-08\/wie-schweizer-industriefirmen-die-co2-herausforderungen-meistern-koennen\/#primaryimage","url":"https:\/\/www.organisator.ch\/wp-content\/uploads\/2021\/07\/Depositphotos_311501584_s-2019.jpg","contentUrl":"https:\/\/www.organisator.ch\/wp-content\/uploads\/2021\/07\/Depositphotos_311501584_s-2019.jpg","width":1000,"height":532,"caption":"\u00a9 Depositphotos, oraziopuccio"},{"@type":"BreadcrumbList","@id":"https:\/\/www.organisator.ch\/sustainability\/2021-07-08\/wie-schweizer-industriefirmen-die-co2-herausforderungen-meistern-koennen\/#breadcrumb","itemListElement":[{"@type":"ListItem","position":1,"name":"Home","item":"https:\/\/www.organisator.ch\/"},{"@type":"ListItem","position":2,"name":"Wie Schweizer Industriefirmen die Dekarbonisierung meistern\u00a0k\u00f6nnen"}]},{"@type":"WebSite","@id":"https:\/\/www.organisator.ch\/#website","url":"https:\/\/www.organisator.ch\/","name":"Organisateur","description":"Comp\u00e9tence et comp\u00e9tence. Proches de la pratique. L'ORGANISATEUR pr\u00e9pare 10 num\u00e9ros par an sur les th\u00e8mes essentiels pour les dirigeants de PME.","publisher":{"@id":"https:\/\/www.organisator.ch\/#organization"},"potentialAction":[{"@type":"SearchAction","target":{"@type":"EntryPoint","urlTemplate":"https:\/\/www.organisator.ch\/?s={search_term_string}"},"query-input":{"@type":"PropertyValueSpecification","valueRequired":true,"valueName":"search_term_string"}}],"inLanguage":"fr-FR"},{"@type":"Organization","@id":"https:\/\/www.organisator.ch\/#organization","name":"Organisateur","url":"https:\/\/www.organisator.ch\/","logo":{"@type":"ImageObject","inLanguage":"fr-FR","@id":"https:\/\/www.organisator.ch\/#\/schema\/logo\/image\/","url":"https:\/\/www.organisator.ch\/wp-content\/uploads\/2022\/01\/Logo_Organisator_Website.png","contentUrl":"https:\/\/www.organisator.ch\/wp-content\/uploads\/2022\/01\/Logo_Organisator_Website.png","width":800,"height":77,"caption":"Organisator"},"image":{"@id":"https:\/\/www.organisator.ch\/#\/schema\/logo\/image\/"},"sameAs":["https:\/\/www.facebook.com\/OrganisatorFachmagazin","https:\/\/www.linkedin.com\/showcase\/organisator-das-magazin-fr-kmu","https:\/\/www.xing.com\/news\/pages\/organisator-ch-695","https:\/\/www.youtube.com\/channel\/UCGP2Sq0iWaZwT3BdIAQFYpw"]},{"@type":"Person","@id":"https:\/\/www.organisator.ch\/#\/schema\/person\/a800b8c54e208b160517a7dcc323161d","name":"roger.straessle","image":{"@type":"ImageObject","inLanguage":"fr-FR","@id":"https:\/\/secure.gravatar.com\/avatar\/?s=96&d=mm&r=g","url":"https:\/\/secure.gravatar.com\/avatar\/?s=96&d=mm&r=g","contentUrl":"https:\/\/secure.gravatar.com\/avatar\/?s=96&d=mm&r=g","caption":"roger.straessle"},"url":"https:\/\/www.organisator.ch\/fr\/author\/roger-straessle\/"}]}},"_links":{"self":[{"href":"https:\/\/www.organisator.ch\/fr\/wp-json\/wp\/v2\/posts\/4515","targetHints":{"allow":["GET"]}}],"collection":[{"href":"https:\/\/www.organisator.ch\/fr\/wp-json\/wp\/v2\/posts"}],"about":[{"href":"https:\/\/www.organisator.ch\/fr\/wp-json\/wp\/v2\/types\/post"}],"author":[{"embeddable":true,"href":"https:\/\/www.organisator.ch\/fr\/wp-json\/wp\/v2\/users\/6"}],"replies":[{"embeddable":true,"href":"https:\/\/www.organisator.ch\/fr\/wp-json\/wp\/v2\/comments?post=4515"}],"version-history":[{"count":1,"href":"https:\/\/www.organisator.ch\/fr\/wp-json\/wp\/v2\/posts\/4515\/revisions"}],"predecessor-version":[{"id":10793,"href":"https:\/\/www.organisator.ch\/fr\/wp-json\/wp\/v2\/posts\/4515\/revisions\/10793"}],"wp:featuredmedia":[{"embeddable":true,"href":"https:\/\/www.organisator.ch\/fr\/wp-json\/wp\/v2\/media\/9817"}],"wp:attachment":[{"href":"https:\/\/www.organisator.ch\/fr\/wp-json\/wp\/v2\/media?parent=4515"}],"wp:term":[{"taxonomy":"category","embeddable":true,"href":"https:\/\/www.organisator.ch\/fr\/wp-json\/wp\/v2\/categories?post=4515"},{"taxonomy":"post_tag","embeddable":true,"href":"https:\/\/www.organisator.ch\/fr\/wp-json\/wp\/v2\/tags?post=4515"}],"curies":[{"name":"wp","href":"https:\/\/api.w.org\/{rel}","templated":true}]}}