{"id":45211,"date":"2026-03-02T22:35:06","date_gmt":"2026-03-02T21:35:06","guid":{"rendered":"https:\/\/www.organisator.ch\/de\/?p=45211"},"modified":"2026-02-27T08:12:56","modified_gmt":"2026-02-27T07:12:56","slug":"lkw-immer-haeufiger-strom-statt-diesel","status":"publish","type":"post","link":"https:\/\/www.organisator.ch\/fr\/sustainability\/2026-03-02\/lkw-immer-haeufiger-strom-statt-diesel\/","title":{"rendered":"Camions : de plus en plus souvent de l'\u00e9lectricit\u00e9 au lieu du diesel"},"content":{"rendered":"<div class=\"swpm-post-not-logged-in-msg\">Vous devez \u00eatre connect\u00e9 pour voir ce contenu. Veuillez <a class=\"swpm-login-link\" href=\"https:\/\/www.organisator.ch\/login\/\">Se connecter<\/a>. Pas un membre ? <a href=\"https:\/\/www.organisator.ch\/shop\/\">Nous Rejoindre<\/a><\/div>","protected":false},"excerpt":{"rendered":"<p>De plus en plus de logisticiens suisses misent sur les camions \u00e9lectriques pour le transport longue distance - non pas comme un projet de prestige co\u00fbteux, mais comme des outils de travail \u00e0 part enti\u00e8re dans les dures op\u00e9rations quotidiennes. Pour que cela fonctionne, il faut toutefois que les conditions-cadres soient ad\u00e9quates.<\/p>","protected":false},"author":107,"featured_media":45208,"comment_status":"closed","ping_status":"closed","sticky":false,"template":"","format":"standard","meta":{"_acf_changed":false,"_yoast_wpseo_focuskw":"Lkw","_yoast_wpseo_metadesc":"Schweizer Logistiker setzen auf Elektro-Lkw im Schwerlastverkehr. Hugelshofer und Sch\u00f6ni zeigen, wie der Erfolg gelingt.","articlekey":"","footnotes":""},"categories":[578,580],"tags":[1038,328,358],"class_list":["post-45211","post","type-post","status-publish","format-standard","has-post-thumbnail","hentry","category-abo","category-sustainability","tag-elektromobilitaet","tag-logistik","tag-nachhaltige-wirtschaft"],"acf":[],"yoast_head":"<!-- This site is optimized with the Yoast SEO plugin v27.4 - https:\/\/yoast.com\/product\/yoast-seo-wordpress\/ -->\n<title>Lkw: Immer h\u00e4ufiger Strom statt Diesel - Organisator<\/title>\n<meta name=\"description\" content=\"Schweizer Logistiker setzen auf Elektro-Lkw im Schwerlastverkehr. Hugelshofer und Sch\u00f6ni zeigen, wie der Erfolg gelingt.\" \/>\n<meta name=\"robots\" content=\"index, follow, max-snippet:-1, max-image-preview:large, max-video-preview:-1\" \/>\n<link rel=\"canonical\" href=\"https:\/\/www.organisator.ch\/fr\/sustainability\/2026-03-02\/lkw-immer-haeufiger-strom-statt-diesel\/\" \/>\n<meta property=\"og:locale\" content=\"fr_FR\" \/>\n<meta property=\"og:type\" content=\"article\" \/>\n<meta property=\"og:title\" content=\"Lkw: Immer h\u00e4ufiger Strom statt Diesel - Organisator\" \/>\n<meta property=\"og:description\" content=\"Schweizer Logistiker setzen auf Elektro-Lkw im Schwerlastverkehr. Hugelshofer und Sch\u00f6ni zeigen, wie der Erfolg gelingt.\" \/>\n<meta property=\"og:url\" content=\"https:\/\/www.organisator.ch\/fr\/sustainability\/2026-03-02\/lkw-immer-haeufiger-strom-statt-diesel\/\" \/>\n<meta property=\"og:site_name\" content=\"Organisator\" \/>\n<meta property=\"article:publisher\" content=\"https:\/\/www.facebook.com\/OrganisatorFachmagazin\" \/>\n<meta property=\"article:published_time\" content=\"2026-03-02T21:35:06+00:00\" \/>\n<meta property=\"og:image\" content=\"https:\/\/www.organisator.ch\/wp-content\/uploads\/2026\/02\/Sustainability_LKW-Flotten_Bild1_organisator_222177-scaled.jpg\" \/>\n\t<meta property=\"og:image:width\" content=\"1400\" \/>\n\t<meta property=\"og:image:height\" content=\"1039\" \/>\n\t<meta property=\"og:image:type\" content=\"image\/jpeg\" \/>\n<meta name=\"author\" content=\"n8n\" \/>\n<meta name=\"twitter:card\" content=\"summary_large_image\" \/>\n<script type=\"application\/ld+json\" class=\"yoast-schema-graph\">{\"@context\":\"https:\\\/\\\/schema.org\",\"@graph\":[{\"@type\":\"Article\",\"@id\":\"https:\\\/\\\/www.organisator.ch\\\/sustainability\\\/2026-03-02\\\/lkw-immer-haeufiger-strom-statt-diesel\\\/#article\",\"isPartOf\":{\"@id\":\"https:\\\/\\\/www.organisator.ch\\\/sustainability\\\/2026-03-02\\\/lkw-immer-haeufiger-strom-statt-diesel\\\/\"},\"author\":{\"name\":\"n8n\",\"@id\":\"https:\\\/\\\/www.organisator.ch\\\/#\\\/schema\\\/person\\\/a9d0e0eff238db87a8f840f3b50359f0\"},\"headline\":\"Lkw: Immer h\u00e4ufiger Strom statt Diesel\",\"datePublished\":\"2026-03-02T21:35:06+00:00\",\"mainEntityOfPage\":{\"@id\":\"https:\\\/\\\/www.organisator.ch\\\/sustainability\\\/2026-03-02\\\/lkw-immer-haeufiger-strom-statt-diesel\\\/\"},\"wordCount\":777,\"publisher\":{\"@id\":\"https:\\\/\\\/www.organisator.ch\\\/#organization\"},\"image\":{\"@id\":\"https:\\\/\\\/www.organisator.ch\\\/sustainability\\\/2026-03-02\\\/lkw-immer-haeufiger-strom-statt-diesel\\\/#primaryimage\"},\"thumbnailUrl\":\"https:\\\/\\\/www.organisator.ch\\\/wp-content\\\/uploads\\\/2026\\\/02\\\/Sustainability_LKW-Flotten_Bild1_organisator_222177-scaled.jpg\",\"keywords\":[\"Elektromobilit\u00e4t\",\"Logistik\",\"Nachhaltige Wirtschaft\"],\"articleSection\":[\"ABO+\",\"SUSTAINABILITY\"],\"inLanguage\":\"fr-FR\"},{\"@type\":\"WebPage\",\"@id\":\"https:\\\/\\\/www.organisator.ch\\\/sustainability\\\/2026-03-02\\\/lkw-immer-haeufiger-strom-statt-diesel\\\/\",\"url\":\"https:\\\/\\\/www.organisator.ch\\\/sustainability\\\/2026-03-02\\\/lkw-immer-haeufiger-strom-statt-diesel\\\/\",\"name\":\"Lkw: Immer h\u00e4ufiger Strom statt Diesel - Organisator\",\"isPartOf\":{\"@id\":\"https:\\\/\\\/www.organisator.ch\\\/#website\"},\"primaryImageOfPage\":{\"@id\":\"https:\\\/\\\/www.organisator.ch\\\/sustainability\\\/2026-03-02\\\/lkw-immer-haeufiger-strom-statt-diesel\\\/#primaryimage\"},\"image\":{\"@id\":\"https:\\\/\\\/www.organisator.ch\\\/sustainability\\\/2026-03-02\\\/lkw-immer-haeufiger-strom-statt-diesel\\\/#primaryimage\"},\"thumbnailUrl\":\"https:\\\/\\\/www.organisator.ch\\\/wp-content\\\/uploads\\\/2026\\\/02\\\/Sustainability_LKW-Flotten_Bild1_organisator_222177-scaled.jpg\",\"datePublished\":\"2026-03-02T21:35:06+00:00\",\"description\":\"Schweizer Logistiker setzen auf Elektro-Lkw im Schwerlastverkehr. Hugelshofer und Sch\u00f6ni zeigen, wie der Erfolg gelingt.\",\"breadcrumb\":{\"@id\":\"https:\\\/\\\/www.organisator.ch\\\/sustainability\\\/2026-03-02\\\/lkw-immer-haeufiger-strom-statt-diesel\\\/#breadcrumb\"},\"inLanguage\":\"fr-FR\",\"potentialAction\":[{\"@type\":\"ReadAction\",\"target\":[\"https:\\\/\\\/www.organisator.ch\\\/sustainability\\\/2026-03-02\\\/lkw-immer-haeufiger-strom-statt-diesel\\\/\"]}]},{\"@type\":\"ImageObject\",\"inLanguage\":\"fr-FR\",\"@id\":\"https:\\\/\\\/www.organisator.ch\\\/sustainability\\\/2026-03-02\\\/lkw-immer-haeufiger-strom-statt-diesel\\\/#primaryimage\",\"url\":\"https:\\\/\\\/www.organisator.ch\\\/wp-content\\\/uploads\\\/2026\\\/02\\\/Sustainability_LKW-Flotten_Bild1_organisator_222177-scaled.jpg\",\"contentUrl\":\"https:\\\/\\\/www.organisator.ch\\\/wp-content\\\/uploads\\\/2026\\\/02\\\/Sustainability_LKW-Flotten_Bild1_organisator_222177-scaled.jpg\",\"width\":1400,\"height\":1039,\"caption\":\"Das Thurgauer Transportunternehmen Hugelshofer Logistik setzt inzwischen 80 elektrisch betriebene Lkw ein. \u00a9 Renault Trucks \\\/ Hugelshofer Logistik\"},{\"@type\":\"BreadcrumbList\",\"@id\":\"https:\\\/\\\/www.organisator.ch\\\/sustainability\\\/2026-03-02\\\/lkw-immer-haeufiger-strom-statt-diesel\\\/#breadcrumb\",\"itemListElement\":[{\"@type\":\"ListItem\",\"position\":1,\"name\":\"Home\",\"item\":\"https:\\\/\\\/www.organisator.ch\\\/\"},{\"@type\":\"ListItem\",\"position\":2,\"name\":\"Lkw: Immer h\u00e4ufiger Strom statt Diesel\"}]},{\"@type\":\"WebSite\",\"@id\":\"https:\\\/\\\/www.organisator.ch\\\/#website\",\"url\":\"https:\\\/\\\/www.organisator.ch\\\/\",\"name\":\"Organisator\",\"description\":\"Kompetent. Praxisnah. Der ORGANISATOR bereitet in 10 Ausgaben pro Jahr die wesentlichen Themen f\u00fcr F\u00fchrungskr\u00e4fte von KMU auf.\",\"publisher\":{\"@id\":\"https:\\\/\\\/www.organisator.ch\\\/#organization\"},\"potentialAction\":[{\"@type\":\"SearchAction\",\"target\":{\"@type\":\"EntryPoint\",\"urlTemplate\":\"https:\\\/\\\/www.organisator.ch\\\/?s={search_term_string}\"},\"query-input\":{\"@type\":\"PropertyValueSpecification\",\"valueRequired\":true,\"valueName\":\"search_term_string\"}}],\"inLanguage\":\"fr-FR\"},{\"@type\":\"Organization\",\"@id\":\"https:\\\/\\\/www.organisator.ch\\\/#organization\",\"name\":\"Organisator\",\"url\":\"https:\\\/\\\/www.organisator.ch\\\/\",\"logo\":{\"@type\":\"ImageObject\",\"inLanguage\":\"fr-FR\",\"@id\":\"https:\\\/\\\/www.organisator.ch\\\/#\\\/schema\\\/logo\\\/image\\\/\",\"url\":\"https:\\\/\\\/www.organisator.ch\\\/wp-content\\\/uploads\\\/2022\\\/01\\\/Logo_Organisator_Website.png\",\"contentUrl\":\"https:\\\/\\\/www.organisator.ch\\\/wp-content\\\/uploads\\\/2022\\\/01\\\/Logo_Organisator_Website.png\",\"width\":800,\"height\":77,\"caption\":\"Organisator\"},\"image\":{\"@id\":\"https:\\\/\\\/www.organisator.ch\\\/#\\\/schema\\\/logo\\\/image\\\/\"},\"sameAs\":[\"https:\\\/\\\/www.facebook.com\\\/OrganisatorFachmagazin\",\"https:\\\/\\\/www.linkedin.com\\\/showcase\\\/organisator-das-magazin-fr-kmu\",\"https:\\\/\\\/www.xing.com\\\/news\\\/pages\\\/organisator-ch-695\",\"https:\\\/\\\/www.youtube.com\\\/channel\\\/UCGP2Sq0iWaZwT3BdIAQFYpw\"]},{\"@type\":\"Person\",\"@id\":\"https:\\\/\\\/www.organisator.ch\\\/#\\\/schema\\\/person\\\/a9d0e0eff238db87a8f840f3b50359f0\",\"name\":\"n8n\",\"image\":{\"@type\":\"ImageObject\",\"inLanguage\":\"fr-FR\",\"@id\":\"https:\\\/\\\/secure.gravatar.com\\\/avatar\\\/5368fb9d03fd415a6f335cece4c15af2502d6ca8651efbd6e8f98427a9795400?s=96&d=mm&r=g\",\"url\":\"https:\\\/\\\/secure.gravatar.com\\\/avatar\\\/5368fb9d03fd415a6f335cece4c15af2502d6ca8651efbd6e8f98427a9795400?s=96&d=mm&r=g\",\"contentUrl\":\"https:\\\/\\\/secure.gravatar.com\\\/avatar\\\/5368fb9d03fd415a6f335cece4c15af2502d6ca8651efbd6e8f98427a9795400?s=96&d=mm&r=g\",\"caption\":\"n8n\"},\"url\":\"https:\\\/\\\/www.organisator.ch\\\/fr\\\/author\\\/n8n\\\/\"}]}<\/script>\n<!-- \/ Yoast SEO plugin. -->","yoast_head_json":{"title":"Camions : de plus en plus souvent de l'\u00e9lectricit\u00e9 au lieu du diesel - Organisateur","description":"Les logisticiens suisses misent sur les camions \u00e9lectriques pour le transport lourd. Hugelshofer et Sch\u00f6ni montrent comment r\u00e9ussir.","robots":{"index":"index","follow":"follow","max-snippet":"max-snippet:-1","max-image-preview":"max-image-preview:large","max-video-preview":"max-video-preview:-1"},"canonical":"https:\/\/www.organisator.ch\/fr\/sustainability\/2026-03-02\/lkw-immer-haeufiger-strom-statt-diesel\/","og_locale":"fr_FR","og_type":"article","og_title":"Lkw: Immer h\u00e4ufiger Strom statt Diesel - Organisator","og_description":"Schweizer Logistiker setzen auf Elektro-Lkw im Schwerlastverkehr. Hugelshofer und Sch\u00f6ni zeigen, wie der Erfolg gelingt.","og_url":"https:\/\/www.organisator.ch\/fr\/sustainability\/2026-03-02\/lkw-immer-haeufiger-strom-statt-diesel\/","og_site_name":"Organisator","article_publisher":"https:\/\/www.facebook.com\/OrganisatorFachmagazin","article_published_time":"2026-03-02T21:35:06+00:00","og_image":[{"width":1400,"height":1039,"url":"https:\/\/www.organisator.ch\/wp-content\/uploads\/2026\/02\/Sustainability_LKW-Flotten_Bild1_organisator_222177-scaled.jpg","type":"image\/jpeg"}],"author":"n8n","twitter_card":"summary_large_image","schema":{"@context":"https:\/\/schema.org","@graph":[{"@type":"Article","@id":"https:\/\/www.organisator.ch\/sustainability\/2026-03-02\/lkw-immer-haeufiger-strom-statt-diesel\/#article","isPartOf":{"@id":"https:\/\/www.organisator.ch\/sustainability\/2026-03-02\/lkw-immer-haeufiger-strom-statt-diesel\/"},"author":{"name":"n8n","@id":"https:\/\/www.organisator.ch\/#\/schema\/person\/a9d0e0eff238db87a8f840f3b50359f0"},"headline":"Lkw: Immer h\u00e4ufiger Strom statt Diesel","datePublished":"2026-03-02T21:35:06+00:00","mainEntityOfPage":{"@id":"https:\/\/www.organisator.ch\/sustainability\/2026-03-02\/lkw-immer-haeufiger-strom-statt-diesel\/"},"wordCount":777,"publisher":{"@id":"https:\/\/www.organisator.ch\/#organization"},"image":{"@id":"https:\/\/www.organisator.ch\/sustainability\/2026-03-02\/lkw-immer-haeufiger-strom-statt-diesel\/#primaryimage"},"thumbnailUrl":"https:\/\/www.organisator.ch\/wp-content\/uploads\/2026\/02\/Sustainability_LKW-Flotten_Bild1_organisator_222177-scaled.jpg","keywords":["Elektromobilit\u00e4t","Logistik","Nachhaltige Wirtschaft"],"articleSection":["ABO+","SUSTAINABILITY"],"inLanguage":"fr-FR"},{"@type":"WebPage","@id":"https:\/\/www.organisator.ch\/sustainability\/2026-03-02\/lkw-immer-haeufiger-strom-statt-diesel\/","url":"https:\/\/www.organisator.ch\/sustainability\/2026-03-02\/lkw-immer-haeufiger-strom-statt-diesel\/","name":"Camions : de plus en plus souvent de l'\u00e9lectricit\u00e9 au lieu du diesel - Organisateur","isPartOf":{"@id":"https:\/\/www.organisator.ch\/#website"},"primaryImageOfPage":{"@id":"https:\/\/www.organisator.ch\/sustainability\/2026-03-02\/lkw-immer-haeufiger-strom-statt-diesel\/#primaryimage"},"image":{"@id":"https:\/\/www.organisator.ch\/sustainability\/2026-03-02\/lkw-immer-haeufiger-strom-statt-diesel\/#primaryimage"},"thumbnailUrl":"https:\/\/www.organisator.ch\/wp-content\/uploads\/2026\/02\/Sustainability_LKW-Flotten_Bild1_organisator_222177-scaled.jpg","datePublished":"2026-03-02T21:35:06+00:00","description":"Les logisticiens suisses misent sur les camions \u00e9lectriques pour le transport lourd. Hugelshofer et Sch\u00f6ni montrent comment r\u00e9ussir.","breadcrumb":{"@id":"https:\/\/www.organisator.ch\/sustainability\/2026-03-02\/lkw-immer-haeufiger-strom-statt-diesel\/#breadcrumb"},"inLanguage":"fr-FR","potentialAction":[{"@type":"ReadAction","target":["https:\/\/www.organisator.ch\/sustainability\/2026-03-02\/lkw-immer-haeufiger-strom-statt-diesel\/"]}]},{"@type":"ImageObject","inLanguage":"fr-FR","@id":"https:\/\/www.organisator.ch\/sustainability\/2026-03-02\/lkw-immer-haeufiger-strom-statt-diesel\/#primaryimage","url":"https:\/\/www.organisator.ch\/wp-content\/uploads\/2026\/02\/Sustainability_LKW-Flotten_Bild1_organisator_222177-scaled.jpg","contentUrl":"https:\/\/www.organisator.ch\/wp-content\/uploads\/2026\/02\/Sustainability_LKW-Flotten_Bild1_organisator_222177-scaled.jpg","width":1400,"height":1039,"caption":"Das Thurgauer Transportunternehmen Hugelshofer Logistik setzt inzwischen 80 elektrisch betriebene Lkw ein. \u00a9 Renault Trucks \/ Hugelshofer Logistik"},{"@type":"BreadcrumbList","@id":"https:\/\/www.organisator.ch\/sustainability\/2026-03-02\/lkw-immer-haeufiger-strom-statt-diesel\/#breadcrumb","itemListElement":[{"@type":"ListItem","position":1,"name":"Home","item":"https:\/\/www.organisator.ch\/"},{"@type":"ListItem","position":2,"name":"Lkw: Immer h\u00e4ufiger Strom statt Diesel"}]},{"@type":"WebSite","@id":"https:\/\/www.organisator.ch\/#website","url":"https:\/\/www.organisator.ch\/","name":"Organisateur","description":"Comp\u00e9tence et comp\u00e9tence. Proches de la pratique. L'ORGANISATEUR pr\u00e9pare 10 num\u00e9ros par an sur les th\u00e8mes essentiels pour les dirigeants de PME.","publisher":{"@id":"https:\/\/www.organisator.ch\/#organization"},"potentialAction":[{"@type":"SearchAction","target":{"@type":"EntryPoint","urlTemplate":"https:\/\/www.organisator.ch\/?s={search_term_string}"},"query-input":{"@type":"PropertyValueSpecification","valueRequired":true,"valueName":"search_term_string"}}],"inLanguage":"fr-FR"},{"@type":"Organization","@id":"https:\/\/www.organisator.ch\/#organization","name":"Organisateur","url":"https:\/\/www.organisator.ch\/","logo":{"@type":"ImageObject","inLanguage":"fr-FR","@id":"https:\/\/www.organisator.ch\/#\/schema\/logo\/image\/","url":"https:\/\/www.organisator.ch\/wp-content\/uploads\/2022\/01\/Logo_Organisator_Website.png","contentUrl":"https:\/\/www.organisator.ch\/wp-content\/uploads\/2022\/01\/Logo_Organisator_Website.png","width":800,"height":77,"caption":"Organisator"},"image":{"@id":"https:\/\/www.organisator.ch\/#\/schema\/logo\/image\/"},"sameAs":["https:\/\/www.facebook.com\/OrganisatorFachmagazin","https:\/\/www.linkedin.com\/showcase\/organisator-das-magazin-fr-kmu","https:\/\/www.xing.com\/news\/pages\/organisator-ch-695","https:\/\/www.youtube.com\/channel\/UCGP2Sq0iWaZwT3BdIAQFYpw"]},{"@type":"Person","@id":"https:\/\/www.organisator.ch\/#\/schema\/person\/a9d0e0eff238db87a8f840f3b50359f0","name":"n8n","image":{"@type":"ImageObject","inLanguage":"fr-FR","@id":"https:\/\/secure.gravatar.com\/avatar\/5368fb9d03fd415a6f335cece4c15af2502d6ca8651efbd6e8f98427a9795400?s=96&d=mm&r=g","url":"https:\/\/secure.gravatar.com\/avatar\/5368fb9d03fd415a6f335cece4c15af2502d6ca8651efbd6e8f98427a9795400?s=96&d=mm&r=g","contentUrl":"https:\/\/secure.gravatar.com\/avatar\/5368fb9d03fd415a6f335cece4c15af2502d6ca8651efbd6e8f98427a9795400?s=96&d=mm&r=g","caption":"n8n"},"url":"https:\/\/www.organisator.ch\/fr\/author\/n8n\/"}]}},"_links":{"self":[{"href":"https:\/\/www.organisator.ch\/fr\/wp-json\/wp\/v2\/posts\/45211","targetHints":{"allow":["GET"]}}],"collection":[{"href":"https:\/\/www.organisator.ch\/fr\/wp-json\/wp\/v2\/posts"}],"about":[{"href":"https:\/\/www.organisator.ch\/fr\/wp-json\/wp\/v2\/types\/post"}],"author":[{"embeddable":true,"href":"https:\/\/www.organisator.ch\/fr\/wp-json\/wp\/v2\/users\/107"}],"replies":[{"embeddable":true,"href":"https:\/\/www.organisator.ch\/fr\/wp-json\/wp\/v2\/comments?post=45211"}],"version-history":[{"count":3,"href":"https:\/\/www.organisator.ch\/fr\/wp-json\/wp\/v2\/posts\/45211\/revisions"}],"predecessor-version":[{"id":45278,"href":"https:\/\/www.organisator.ch\/fr\/wp-json\/wp\/v2\/posts\/45211\/revisions\/45278"}],"wp:featuredmedia":[{"embeddable":true,"href":"https:\/\/www.organisator.ch\/fr\/wp-json\/wp\/v2\/media\/45208"}],"wp:attachment":[{"href":"https:\/\/www.organisator.ch\/fr\/wp-json\/wp\/v2\/media?parent=45211"}],"wp:term":[{"taxonomy":"category","embeddable":true,"href":"https:\/\/www.organisator.ch\/fr\/wp-json\/wp\/v2\/categories?post=45211"},{"taxonomy":"post_tag","embeddable":true,"href":"https:\/\/www.organisator.ch\/fr\/wp-json\/wp\/v2\/tags?post=45211"}],"curies":[{"name":"wp","href":"https:\/\/api.w.org\/{rel}","templated":true}]}}