{"id":4522,"date":"2018-11-15T08:06:38","date_gmt":"2018-11-15T07:06:38","guid":{"rendered":"https:\/\/www.organisator.ch\/?p=4522"},"modified":"2018-11-15T08:06:38","modified_gmt":"2018-11-15T07:06:38","slug":"neues-buch-von-edith-karl-digitalisierter-mut","status":"publish","type":"post","link":"https:\/\/www.organisator.ch\/fr\/human-resources\/fit_im_job\/2018-11-15\/neues-buch-von-edith-karl-digitalisierter-mut\/","title":{"rendered":"Nouveau livre d'Edith Karl : \"Digitalisierter Mut\" (Le courage num\u00e9ris\u00e9)"},"content":{"rendered":"<figure id=\"attachment_4524\" aria-describedby=\"caption-attachment-4524\" style=\"width: 300px\" class=\"wp-caption alignnone\"><img loading=\"lazy\" decoding=\"async\" class=\"size-full wp-image-4524\" src=\"https:\/\/www.organisator.ch\/wp-content\/uploads\/2018\/11\/Neues-Buch-von-Edith-Karl-Digitalisierter-Mut_Organisator.jpg\" alt=\"\" width=\"300\" height=\"433\" srcset=\"https:\/\/www.organisator.ch\/wp-content\/uploads\/2018\/11\/Neues-Buch-von-Edith-Karl-Digitalisierter-Mut_Organisator.jpg 300w, https:\/\/www.organisator.ch\/wp-content\/uploads\/2018\/11\/Neues-Buch-von-Edith-Karl-Digitalisierter-Mut_Organisator-8x12.jpg 8w, https:\/\/www.organisator.ch\/wp-content\/uploads\/2018\/11\/Neues-Buch-von-Edith-Karl-Digitalisierter-Mut_Organisator-121x175.jpg 121w, https:\/\/www.organisator.ch\/wp-content\/uploads\/2018\/11\/Neues-Buch-von-Edith-Karl-Digitalisierter-Mut_Organisator-242x350.jpg 242w\" sizes=\"auto, (max-width: 300px) 100vw, 300px\" \/><figcaption id=\"caption-attachment-4524\" class=\"wp-caption-text\">Le nouveau livre de la formatrice et coach mentale Edith Karl : \"Digitalisierter Mut\" (photo : zVg)<\/figcaption><\/figure>\n<p>Une chose est s\u00fbre : l'\u00eatre humain reste le facteur le plus important dans les \u00e9v\u00e9nements. Cela vaut surtout pour les personnes qui ma\u00eetrisent les comp\u00e9tences sociales cl\u00e9s. Gr\u00e2ce \u00e0 ce livre, les lecteurs se rendent compte des portes que leur ouvre leur curiosit\u00e9 retrouv\u00e9e. Ils se focalisent inexorablement sur leurs objectifs. Mais c'est la discipline reine des courageux qui montre \u00e0 quel point les hommes peuvent cr\u00e9er avec d'autres de mani\u00e8re puissante.<\/p>\n<p>Edith Karl aborde de nombreux th\u00e8mes importants et propose des conclusions et une sagesse aussi bien connues que moins connues. La multitude d'exemples pr\u00e9sent\u00e9s est directement tir\u00e9e de la vie et donc facilement compr\u00e9hensible. Ce surcro\u00eet de s\u00e9r\u00e9nit\u00e9 et de force permet aux gens de trouver leur voie personnelle \u00e0 travers l'immense offre de Big Data et d'intelligence artificielle. Ils reconnaissent de plus en plus clairement leurs possibilit\u00e9s. Lib\u00e9r\u00e9s des travaux physiques p\u00e9nibles et de la routine ennuyeuse, les individus peuvent se tourner vers des activit\u00e9s exigeantes et faire ce qui correspond \u00e0 leur personnalit\u00e9.<\/p>\n<p>Nous pouvons depuis longtemps sortir de la roue du hamster qui nous enferme. La vie professionnelle se diversifie. Dans de nombreuses entreprises, trois g\u00e9n\u00e9rations collaborent d\u00e9j\u00e0 au-del\u00e0 des fronti\u00e8res professionnelles et souvent nationales. Les \"digital natives\" soutiennent les \"digital immigrants\" en ce qui concerne les nouvelles m\u00e9thodes de travail et le rythme. En contrepartie, ils veulent communiquer d'\u00e9gal \u00e0 \u00e9gal et grandir en relevant des d\u00e9fis utiles.<\/p>\n<p>Enfin, Edith Karl montre comment les lecteurs peuvent m\u00eame num\u00e9riser leur propre courage. Les sciences actuelles telles que la recherche sur le cerveau, la m\u00e9decine, la biologie cellulaire, l'\u00e9pig\u00e9n\u00e9tique et la physique quantique prouvent actuellement l'efficacit\u00e9 de ce que les sages d'Orient et d'Occident pratiquent depuis longtemps. Les connaissances et les exp\u00e9riences scientifiques aident les gens \u00e0 cr\u00e9er et \u00e0 r\u00e9aliser leur propre projet de vie. Ce chemin est d\u00e9crit de mani\u00e8re facile \u00e0 lire et \u00e0 comprendre.  Ce livre peut servir d'impulsion pr\u00e9cieuse pour envisager la num\u00e9risation sous d'autres angles que les points de vue habituels.<\/p>\n<p><em>Pour plus d'informations et de commentaires de lecteurs sur le livre, voir\u00a0<a href=\"http:\/\/www.digitalisierter-mut.com\">www.digitalisierter-mut.com<\/a><\/em><\/p>","protected":false},"excerpt":{"rendered":"<p>Eines steht fest: Der Mensch bleibt der wichtigste Faktor im Geschehen. Das gilt vor allem f\u00fcr jene Menschen, welche die sozialen Kernkompetenzen beherrschen. Mit diesem Buch erkennen die Leserinnen und Leser, welche Tore ihnen die wieder entdeckte Neugierde \u00f6ffnet. Sie fokussieren sich unaufhaltsam auf ihre Ziele. Doch erst die K\u00f6nigsdisziplin der Mutigen zeigt auf, wie [&hellip;]<\/p>\n","protected":false},"author":4,"featured_media":4524,"comment_status":"open","ping_status":"open","sticky":false,"template":"","format":"standard","meta":{"_acf_changed":false,"_yoast_wpseo_focuskw":"Edith Karl","_yoast_wpseo_metadesc":"Verdr\u00e4ngt die Digitalisierung den Menschen oder unterst\u00fctzt sie ihn sogar? Beides trifft zu, wei\u00df die Autorin Edith Karl in ihrem neuen Buch.","articlekey":"","footnotes":""},"categories":[25],"tags":[92,95,156,208,429],"class_list":["post-4522","post","type-post","status-publish","format-standard","has-post-thumbnail","hentry","category-fit_im_job","tag-buch","tag-buchtipps","tag-digitalisierung","tag-fit-im-job","tag-selbstmanagement"],"acf":[],"yoast_head":"<!-- This site is optimized with the Yoast SEO plugin v27.5 - https:\/\/yoast.com\/product\/yoast-seo-wordpress\/ -->\n<title>Neues Buch von Edith Karl: &quot;Digitalisierter Mut&quot; - Organisator<\/title>\n<meta name=\"description\" content=\"Verdr\u00e4ngt die Digitalisierung den Menschen oder unterst\u00fctzt sie ihn sogar? Beides trifft zu, wei\u00df die Autorin Edith Karl in ihrem neuen Buch.\" \/>\n<meta name=\"robots\" content=\"index, follow, max-snippet:-1, max-image-preview:large, max-video-preview:-1\" \/>\n<link rel=\"canonical\" href=\"https:\/\/www.organisator.ch\/fr\/ressources-humaines\/fit_im_job\/2018-11-15\/neues-buch-von-edith-karl-digitalisierter-mut\/\" \/>\n<meta property=\"og:locale\" content=\"fr_FR\" \/>\n<meta property=\"og:type\" content=\"article\" \/>\n<meta property=\"og:title\" content=\"Neues Buch von Edith Karl: &quot;Digitalisierter Mut&quot;\" \/>\n<meta property=\"og:description\" content=\"Verdr\u00e4ngt die Digitalisierung den Menschen oder unterst\u00fctzt sie ihn sogar? Beides trifft zu, wei\u00df die Autorin Edith Karl in ihrem neuen Buch.\" \/>\n<meta property=\"og:url\" content=\"https:\/\/www.organisator.ch\/fr\/ressources-humaines\/fit_im_job\/2018-11-15\/neues-buch-von-edith-karl-digitalisierter-mut\/\" \/>\n<meta property=\"og:site_name\" content=\"Organisator\" \/>\n<meta property=\"article:publisher\" content=\"https:\/\/www.facebook.com\/OrganisatorFachmagazin\" \/>\n<meta property=\"article:published_time\" content=\"2018-11-15T07:06:38+00:00\" \/>\n<meta property=\"og:image\" content=\"https:\/\/www.organisator.ch\/wp-content\/uploads\/2018\/11\/Neues-Buch-von-Edith-Karl-Digitalisierter-Mut_Organisator.jpg\" \/>\n\t<meta property=\"og:image:width\" content=\"300\" \/>\n\t<meta property=\"og:image:height\" content=\"433\" \/>\n\t<meta property=\"og:image:type\" content=\"image\/jpeg\" \/>\n<meta name=\"author\" content=\"thomas.berner\" \/>\n<meta name=\"twitter:card\" content=\"summary_large_image\" \/>\n<meta name=\"twitter:title\" content=\"Neues Buch von #EdithKarl: &quot;Digitalisierter Mut&quot;\" \/>\n<meta name=\"twitter:description\" content=\"Verdr\u00e4ngt die Digitalisierung den Menschen oder unterst\u00fctzt sie ihn sogar? Beides trifft zu, wei\u00df die Autorin #EdithKarl in ihrem neuen Buch.\" \/>\n<meta name=\"twitter:image\" content=\"https:\/\/www.organisator.ch\/wp-content\/uploads\/2018\/11\/Neues-Buch-von-Edith-Karl-Digitalisierter-Mut_Organisator.jpg\" \/>\n<script type=\"application\/ld+json\" class=\"yoast-schema-graph\">{\"@context\":\"https:\\\/\\\/schema.org\",\"@graph\":[{\"@type\":\"Article\",\"@id\":\"https:\\\/\\\/www.organisator.ch\\\/human-resources\\\/fit_im_job\\\/2018-11-15\\\/neues-buch-von-edith-karl-digitalisierter-mut\\\/#article\",\"isPartOf\":{\"@id\":\"https:\\\/\\\/www.organisator.ch\\\/human-resources\\\/fit_im_job\\\/2018-11-15\\\/neues-buch-von-edith-karl-digitalisierter-mut\\\/\"},\"author\":{\"name\":\"thomas.berner\",\"@id\":\"https:\\\/\\\/www.organisator.ch\\\/#\\\/schema\\\/person\\\/6f650f90b2842cd4c0cc334b4e36f67e\"},\"headline\":\"Neues Buch von Edith Karl: &#8222;Digitalisierter Mut&#8220;\",\"datePublished\":\"2018-11-15T07:06:38+00:00\",\"mainEntityOfPage\":{\"@id\":\"https:\\\/\\\/www.organisator.ch\\\/human-resources\\\/fit_im_job\\\/2018-11-15\\\/neues-buch-von-edith-karl-digitalisierter-mut\\\/\"},\"wordCount\":345,\"commentCount\":0,\"publisher\":{\"@id\":\"https:\\\/\\\/www.organisator.ch\\\/#organization\"},\"image\":{\"@id\":\"https:\\\/\\\/www.organisator.ch\\\/human-resources\\\/fit_im_job\\\/2018-11-15\\\/neues-buch-von-edith-karl-digitalisierter-mut\\\/#primaryimage\"},\"thumbnailUrl\":\"https:\\\/\\\/www.organisator.ch\\\/wp-content\\\/uploads\\\/2018\\\/11\\\/Neues-Buch-von-Edith-Karl-Digitalisierter-Mut_Organisator.jpg\",\"keywords\":[\"Buch\",\"Buchtipps\",\"Digitalisierung\",\"Fit im Job\",\"Selbstmanagement\"],\"articleSection\":[\"FIT IM JOB\"],\"inLanguage\":\"fr-FR\"},{\"@type\":\"WebPage\",\"@id\":\"https:\\\/\\\/www.organisator.ch\\\/human-resources\\\/fit_im_job\\\/2018-11-15\\\/neues-buch-von-edith-karl-digitalisierter-mut\\\/\",\"url\":\"https:\\\/\\\/www.organisator.ch\\\/human-resources\\\/fit_im_job\\\/2018-11-15\\\/neues-buch-von-edith-karl-digitalisierter-mut\\\/\",\"name\":\"Neues Buch von Edith Karl: \\\"Digitalisierter Mut\\\" - Organisator\",\"isPartOf\":{\"@id\":\"https:\\\/\\\/www.organisator.ch\\\/#website\"},\"primaryImageOfPage\":{\"@id\":\"https:\\\/\\\/www.organisator.ch\\\/human-resources\\\/fit_im_job\\\/2018-11-15\\\/neues-buch-von-edith-karl-digitalisierter-mut\\\/#primaryimage\"},\"image\":{\"@id\":\"https:\\\/\\\/www.organisator.ch\\\/human-resources\\\/fit_im_job\\\/2018-11-15\\\/neues-buch-von-edith-karl-digitalisierter-mut\\\/#primaryimage\"},\"thumbnailUrl\":\"https:\\\/\\\/www.organisator.ch\\\/wp-content\\\/uploads\\\/2018\\\/11\\\/Neues-Buch-von-Edith-Karl-Digitalisierter-Mut_Organisator.jpg\",\"datePublished\":\"2018-11-15T07:06:38+00:00\",\"description\":\"Verdr\u00e4ngt die Digitalisierung den Menschen oder unterst\u00fctzt sie ihn sogar? Beides trifft zu, wei\u00df die Autorin Edith Karl in ihrem neuen Buch.\",\"breadcrumb\":{\"@id\":\"https:\\\/\\\/www.organisator.ch\\\/human-resources\\\/fit_im_job\\\/2018-11-15\\\/neues-buch-von-edith-karl-digitalisierter-mut\\\/#breadcrumb\"},\"inLanguage\":\"fr-FR\",\"potentialAction\":[{\"@type\":\"ReadAction\",\"target\":[\"https:\\\/\\\/www.organisator.ch\\\/human-resources\\\/fit_im_job\\\/2018-11-15\\\/neues-buch-von-edith-karl-digitalisierter-mut\\\/\"]}]},{\"@type\":\"ImageObject\",\"inLanguage\":\"fr-FR\",\"@id\":\"https:\\\/\\\/www.organisator.ch\\\/human-resources\\\/fit_im_job\\\/2018-11-15\\\/neues-buch-von-edith-karl-digitalisierter-mut\\\/#primaryimage\",\"url\":\"https:\\\/\\\/www.organisator.ch\\\/wp-content\\\/uploads\\\/2018\\\/11\\\/Neues-Buch-von-Edith-Karl-Digitalisierter-Mut_Organisator.jpg\",\"contentUrl\":\"https:\\\/\\\/www.organisator.ch\\\/wp-content\\\/uploads\\\/2018\\\/11\\\/Neues-Buch-von-Edith-Karl-Digitalisierter-Mut_Organisator.jpg\",\"width\":300,\"height\":433,\"caption\":\"Das neue Buch von Edith Karl: \\\"Digitalisierter Mut\\\" (Bild: zVg)\"},{\"@type\":\"BreadcrumbList\",\"@id\":\"https:\\\/\\\/www.organisator.ch\\\/human-resources\\\/fit_im_job\\\/2018-11-15\\\/neues-buch-von-edith-karl-digitalisierter-mut\\\/#breadcrumb\",\"itemListElement\":[{\"@type\":\"ListItem\",\"position\":1,\"name\":\"Home\",\"item\":\"https:\\\/\\\/www.organisator.ch\\\/\"},{\"@type\":\"ListItem\",\"position\":2,\"name\":\"Neues Buch von Edith Karl: &#8222;Digitalisierter Mut&#8220;\"}]},{\"@type\":\"WebSite\",\"@id\":\"https:\\\/\\\/www.organisator.ch\\\/#website\",\"url\":\"https:\\\/\\\/www.organisator.ch\\\/\",\"name\":\"Organisator\",\"description\":\"Kompetent. Praxisnah. Der ORGANISATOR bereitet in 10 Ausgaben pro Jahr die wesentlichen Themen f\u00fcr F\u00fchrungskr\u00e4fte von KMU auf.\",\"publisher\":{\"@id\":\"https:\\\/\\\/www.organisator.ch\\\/#organization\"},\"potentialAction\":[{\"@type\":\"SearchAction\",\"target\":{\"@type\":\"EntryPoint\",\"urlTemplate\":\"https:\\\/\\\/www.organisator.ch\\\/?s={search_term_string}\"},\"query-input\":{\"@type\":\"PropertyValueSpecification\",\"valueRequired\":true,\"valueName\":\"search_term_string\"}}],\"inLanguage\":\"fr-FR\"},{\"@type\":\"Organization\",\"@id\":\"https:\\\/\\\/www.organisator.ch\\\/#organization\",\"name\":\"Organisator\",\"url\":\"https:\\\/\\\/www.organisator.ch\\\/\",\"logo\":{\"@type\":\"ImageObject\",\"inLanguage\":\"fr-FR\",\"@id\":\"https:\\\/\\\/www.organisator.ch\\\/#\\\/schema\\\/logo\\\/image\\\/\",\"url\":\"https:\\\/\\\/www.organisator.ch\\\/wp-content\\\/uploads\\\/2022\\\/01\\\/Logo_Organisator_Website.png\",\"contentUrl\":\"https:\\\/\\\/www.organisator.ch\\\/wp-content\\\/uploads\\\/2022\\\/01\\\/Logo_Organisator_Website.png\",\"width\":800,\"height\":77,\"caption\":\"Organisator\"},\"image\":{\"@id\":\"https:\\\/\\\/www.organisator.ch\\\/#\\\/schema\\\/logo\\\/image\\\/\"},\"sameAs\":[\"https:\\\/\\\/www.facebook.com\\\/OrganisatorFachmagazin\",\"https:\\\/\\\/www.linkedin.com\\\/showcase\\\/organisator-das-magazin-fr-kmu\",\"https:\\\/\\\/www.xing.com\\\/news\\\/pages\\\/organisator-ch-695\",\"https:\\\/\\\/www.youtube.com\\\/channel\\\/UCGP2Sq0iWaZwT3BdIAQFYpw\"]},{\"@type\":\"Person\",\"@id\":\"https:\\\/\\\/www.organisator.ch\\\/#\\\/schema\\\/person\\\/6f650f90b2842cd4c0cc334b4e36f67e\",\"name\":\"thomas.berner\",\"image\":{\"@type\":\"ImageObject\",\"inLanguage\":\"fr-FR\",\"@id\":\"https:\\\/\\\/secure.gravatar.com\\\/avatar\\\/ac5001d2a36cb6c6cd3e50789007ffca834b477b74a2144564522e944eabff61?s=96&d=mm&r=g\",\"url\":\"https:\\\/\\\/secure.gravatar.com\\\/avatar\\\/ac5001d2a36cb6c6cd3e50789007ffca834b477b74a2144564522e944eabff61?s=96&d=mm&r=g\",\"contentUrl\":\"https:\\\/\\\/secure.gravatar.com\\\/avatar\\\/ac5001d2a36cb6c6cd3e50789007ffca834b477b74a2144564522e944eabff61?s=96&d=mm&r=g\",\"caption\":\"thomas.berner\"},\"url\":\"https:\\\/\\\/www.organisator.ch\\\/fr\\\/author\\\/thomas-berner\\\/\"}]}<\/script>\n<!-- \/ Yoast SEO plugin. -->","yoast_head_json":{"title":"Nouveau livre d'Edith Karl : \"Le courage num\u00e9ris\u00e9\" - Organisateur","description":"La num\u00e9risation supplante-t-elle l'homme ou le soutient-elle m\u00eame ? Les deux sont vrais, sait l'auteur Edith Karl dans son nouveau livre.","robots":{"index":"index","follow":"follow","max-snippet":"max-snippet:-1","max-image-preview":"max-image-preview:large","max-video-preview":"max-video-preview:-1"},"canonical":"https:\/\/www.organisator.ch\/fr\/ressources-humaines\/fit_im_job\/2018-11-15\/neues-buch-von-edith-karl-digitalisierter-mut\/","og_locale":"fr_FR","og_type":"article","og_title":"Neues Buch von Edith Karl: \"Digitalisierter Mut\"","og_description":"Verdr\u00e4ngt die Digitalisierung den Menschen oder unterst\u00fctzt sie ihn sogar? Beides trifft zu, wei\u00df die Autorin Edith Karl in ihrem neuen Buch.","og_url":"https:\/\/www.organisator.ch\/fr\/ressources-humaines\/fit_im_job\/2018-11-15\/neues-buch-von-edith-karl-digitalisierter-mut\/","og_site_name":"Organisator","article_publisher":"https:\/\/www.facebook.com\/OrganisatorFachmagazin","article_published_time":"2018-11-15T07:06:38+00:00","og_image":[{"width":300,"height":433,"url":"https:\/\/www.organisator.ch\/wp-content\/uploads\/2018\/11\/Neues-Buch-von-Edith-Karl-Digitalisierter-Mut_Organisator.jpg","type":"image\/jpeg"}],"author":"thomas.berner","twitter_card":"summary_large_image","twitter_title":"Neues Buch von #EdithKarl: \"Digitalisierter Mut\"","twitter_description":"Verdr\u00e4ngt die Digitalisierung den Menschen oder unterst\u00fctzt sie ihn sogar? Beides trifft zu, wei\u00df die Autorin #EdithKarl in ihrem neuen Buch.","twitter_image":"https:\/\/www.organisator.ch\/wp-content\/uploads\/2018\/11\/Neues-Buch-von-Edith-Karl-Digitalisierter-Mut_Organisator.jpg","schema":{"@context":"https:\/\/schema.org","@graph":[{"@type":"Article","@id":"https:\/\/www.organisator.ch\/human-resources\/fit_im_job\/2018-11-15\/neues-buch-von-edith-karl-digitalisierter-mut\/#article","isPartOf":{"@id":"https:\/\/www.organisator.ch\/human-resources\/fit_im_job\/2018-11-15\/neues-buch-von-edith-karl-digitalisierter-mut\/"},"author":{"name":"thomas.berner","@id":"https:\/\/www.organisator.ch\/#\/schema\/person\/6f650f90b2842cd4c0cc334b4e36f67e"},"headline":"Neues Buch von Edith Karl: &#8222;Digitalisierter Mut&#8220;","datePublished":"2018-11-15T07:06:38+00:00","mainEntityOfPage":{"@id":"https:\/\/www.organisator.ch\/human-resources\/fit_im_job\/2018-11-15\/neues-buch-von-edith-karl-digitalisierter-mut\/"},"wordCount":345,"commentCount":0,"publisher":{"@id":"https:\/\/www.organisator.ch\/#organization"},"image":{"@id":"https:\/\/www.organisator.ch\/human-resources\/fit_im_job\/2018-11-15\/neues-buch-von-edith-karl-digitalisierter-mut\/#primaryimage"},"thumbnailUrl":"https:\/\/www.organisator.ch\/wp-content\/uploads\/2018\/11\/Neues-Buch-von-Edith-Karl-Digitalisierter-Mut_Organisator.jpg","keywords":["Buch","Buchtipps","Digitalisierung","Fit im Job","Selbstmanagement"],"articleSection":["FIT IM JOB"],"inLanguage":"fr-FR"},{"@type":"WebPage","@id":"https:\/\/www.organisator.ch\/human-resources\/fit_im_job\/2018-11-15\/neues-buch-von-edith-karl-digitalisierter-mut\/","url":"https:\/\/www.organisator.ch\/human-resources\/fit_im_job\/2018-11-15\/neues-buch-von-edith-karl-digitalisierter-mut\/","name":"Nouveau livre d'Edith Karl : \"Le courage num\u00e9ris\u00e9\" - Organisateur","isPartOf":{"@id":"https:\/\/www.organisator.ch\/#website"},"primaryImageOfPage":{"@id":"https:\/\/www.organisator.ch\/human-resources\/fit_im_job\/2018-11-15\/neues-buch-von-edith-karl-digitalisierter-mut\/#primaryimage"},"image":{"@id":"https:\/\/www.organisator.ch\/human-resources\/fit_im_job\/2018-11-15\/neues-buch-von-edith-karl-digitalisierter-mut\/#primaryimage"},"thumbnailUrl":"https:\/\/www.organisator.ch\/wp-content\/uploads\/2018\/11\/Neues-Buch-von-Edith-Karl-Digitalisierter-Mut_Organisator.jpg","datePublished":"2018-11-15T07:06:38+00:00","description":"La num\u00e9risation supplante-t-elle l'homme ou le soutient-elle m\u00eame ? Les deux sont vrais, sait l'auteur Edith Karl dans son nouveau livre.","breadcrumb":{"@id":"https:\/\/www.organisator.ch\/human-resources\/fit_im_job\/2018-11-15\/neues-buch-von-edith-karl-digitalisierter-mut\/#breadcrumb"},"inLanguage":"fr-FR","potentialAction":[{"@type":"ReadAction","target":["https:\/\/www.organisator.ch\/human-resources\/fit_im_job\/2018-11-15\/neues-buch-von-edith-karl-digitalisierter-mut\/"]}]},{"@type":"ImageObject","inLanguage":"fr-FR","@id":"https:\/\/www.organisator.ch\/human-resources\/fit_im_job\/2018-11-15\/neues-buch-von-edith-karl-digitalisierter-mut\/#primaryimage","url":"https:\/\/www.organisator.ch\/wp-content\/uploads\/2018\/11\/Neues-Buch-von-Edith-Karl-Digitalisierter-Mut_Organisator.jpg","contentUrl":"https:\/\/www.organisator.ch\/wp-content\/uploads\/2018\/11\/Neues-Buch-von-Edith-Karl-Digitalisierter-Mut_Organisator.jpg","width":300,"height":433,"caption":"Das neue Buch von Edith Karl: \"Digitalisierter Mut\" (Bild: zVg)"},{"@type":"BreadcrumbList","@id":"https:\/\/www.organisator.ch\/human-resources\/fit_im_job\/2018-11-15\/neues-buch-von-edith-karl-digitalisierter-mut\/#breadcrumb","itemListElement":[{"@type":"ListItem","position":1,"name":"Home","item":"https:\/\/www.organisator.ch\/"},{"@type":"ListItem","position":2,"name":"Neues Buch von Edith Karl: &#8222;Digitalisierter Mut&#8220;"}]},{"@type":"WebSite","@id":"https:\/\/www.organisator.ch\/#website","url":"https:\/\/www.organisator.ch\/","name":"Organisateur","description":"Comp\u00e9tence et comp\u00e9tence. Proches de la pratique. L'ORGANISATEUR pr\u00e9pare 10 num\u00e9ros par an sur les th\u00e8mes essentiels pour les dirigeants de PME.","publisher":{"@id":"https:\/\/www.organisator.ch\/#organization"},"potentialAction":[{"@type":"SearchAction","target":{"@type":"EntryPoint","urlTemplate":"https:\/\/www.organisator.ch\/?s={search_term_string}"},"query-input":{"@type":"PropertyValueSpecification","valueRequired":true,"valueName":"search_term_string"}}],"inLanguage":"fr-FR"},{"@type":"Organization","@id":"https:\/\/www.organisator.ch\/#organization","name":"Organisateur","url":"https:\/\/www.organisator.ch\/","logo":{"@type":"ImageObject","inLanguage":"fr-FR","@id":"https:\/\/www.organisator.ch\/#\/schema\/logo\/image\/","url":"https:\/\/www.organisator.ch\/wp-content\/uploads\/2022\/01\/Logo_Organisator_Website.png","contentUrl":"https:\/\/www.organisator.ch\/wp-content\/uploads\/2022\/01\/Logo_Organisator_Website.png","width":800,"height":77,"caption":"Organisator"},"image":{"@id":"https:\/\/www.organisator.ch\/#\/schema\/logo\/image\/"},"sameAs":["https:\/\/www.facebook.com\/OrganisatorFachmagazin","https:\/\/www.linkedin.com\/showcase\/organisator-das-magazin-fr-kmu","https:\/\/www.xing.com\/news\/pages\/organisator-ch-695","https:\/\/www.youtube.com\/channel\/UCGP2Sq0iWaZwT3BdIAQFYpw"]},{"@type":"Person","@id":"https:\/\/www.organisator.ch\/#\/schema\/person\/6f650f90b2842cd4c0cc334b4e36f67e","name":"thomas.berner","image":{"@type":"ImageObject","inLanguage":"fr-FR","@id":"https:\/\/secure.gravatar.com\/avatar\/ac5001d2a36cb6c6cd3e50789007ffca834b477b74a2144564522e944eabff61?s=96&d=mm&r=g","url":"https:\/\/secure.gravatar.com\/avatar\/ac5001d2a36cb6c6cd3e50789007ffca834b477b74a2144564522e944eabff61?s=96&d=mm&r=g","contentUrl":"https:\/\/secure.gravatar.com\/avatar\/ac5001d2a36cb6c6cd3e50789007ffca834b477b74a2144564522e944eabff61?s=96&d=mm&r=g","caption":"thomas.berner"},"url":"https:\/\/www.organisator.ch\/fr\/author\/thomas-berner\/"}]}},"_links":{"self":[{"href":"https:\/\/www.organisator.ch\/fr\/wp-json\/wp\/v2\/posts\/4522","targetHints":{"allow":["GET"]}}],"collection":[{"href":"https:\/\/www.organisator.ch\/fr\/wp-json\/wp\/v2\/posts"}],"about":[{"href":"https:\/\/www.organisator.ch\/fr\/wp-json\/wp\/v2\/types\/post"}],"author":[{"embeddable":true,"href":"https:\/\/www.organisator.ch\/fr\/wp-json\/wp\/v2\/users\/4"}],"replies":[{"embeddable":true,"href":"https:\/\/www.organisator.ch\/fr\/wp-json\/wp\/v2\/comments?post=4522"}],"version-history":[{"count":0,"href":"https:\/\/www.organisator.ch\/fr\/wp-json\/wp\/v2\/posts\/4522\/revisions"}],"wp:featuredmedia":[{"embeddable":true,"href":"https:\/\/www.organisator.ch\/fr\/wp-json\/wp\/v2\/media\/4524"}],"wp:attachment":[{"href":"https:\/\/www.organisator.ch\/fr\/wp-json\/wp\/v2\/media?parent=4522"}],"wp:term":[{"taxonomy":"category","embeddable":true,"href":"https:\/\/www.organisator.ch\/fr\/wp-json\/wp\/v2\/categories?post=4522"},{"taxonomy":"post_tag","embeddable":true,"href":"https:\/\/www.organisator.ch\/fr\/wp-json\/wp\/v2\/tags?post=4522"}],"curies":[{"name":"wp","href":"https:\/\/api.w.org\/{rel}","templated":true}]}}