{"id":45259,"date":"2026-03-02T18:01:41","date_gmt":"2026-03-02T17:01:41","guid":{"rendered":"https:\/\/www.organisator.ch\/de\/?p=45259"},"modified":"2026-03-20T10:18:30","modified_gmt":"2026-03-20T09:18:30","slug":"emch-aufzuege-erfolgreiche-nischenstrategie","status":"publish","type":"post","link":"https:\/\/www.organisator.ch\/fr\/management\/2026-03-02\/emch-aufzuege-erfolgreiche-nischenstrategie\/","title":{"rendered":"Les ascenseurs EMCH : Une strat\u00e9gie de niche r\u00e9ussie"},"content":{"rendered":"<figure id=\"attachment_45257\" aria-describedby=\"caption-attachment-45257\" style=\"width: 1200px\" class=\"wp-caption alignnone\"><img loading=\"lazy\" decoding=\"async\" class=\"size-full wp-image-45257\" src=\"https:\/\/www.organisator.ch\/wp-content\/uploads\/2026\/02\/Management_Zoppet-Emch_Bild1_NEU_organisator_224409-1-scaled.jpg\" alt=\"Ascenseur rooftop dans un immeuble de l&#039;avenue Kl\u00e9ber \u00e0 Paris. L&#039;astuce : l&#039;ascenseur acc\u00e8de \u00e0 l&#039;ext\u00e9rieur par une trappe dans le toit (\u00e0 droite). \u00a9 EMCH Ascenseurs\" width=\"1200\" height=\"673\" srcset=\"https:\/\/www.organisator.ch\/wp-content\/uploads\/2026\/02\/Management_Zoppet-Emch_Bild1_NEU_organisator_224409-1-scaled.jpg 1400w, https:\/\/www.organisator.ch\/wp-content\/uploads\/2026\/02\/Management_Zoppet-Emch_Bild1_NEU_organisator_224409-1-680x381.jpg 680w, https:\/\/www.organisator.ch\/wp-content\/uploads\/2026\/02\/Management_Zoppet-Emch_Bild1_NEU_organisator_224409-1-1024x574.jpg 1024w, https:\/\/www.organisator.ch\/wp-content\/uploads\/2026\/02\/Management_Zoppet-Emch_Bild1_NEU_organisator_224409-1-768x430.jpg 768w, https:\/\/www.organisator.ch\/wp-content\/uploads\/2026\/02\/Management_Zoppet-Emch_Bild1_NEU_organisator_224409-1-1536x861.jpg 1536w, https:\/\/www.organisator.ch\/wp-content\/uploads\/2026\/02\/Management_Zoppet-Emch_Bild1_NEU_organisator_224409-1-2048x1148.jpg 2048w, https:\/\/www.organisator.ch\/wp-content\/uploads\/2026\/02\/Management_Zoppet-Emch_Bild1_NEU_organisator_224409-1-18x10.jpg 18w, https:\/\/www.organisator.ch\/wp-content\/uploads\/2026\/02\/Management_Zoppet-Emch_Bild1_NEU_organisator_224409-1-375x210.jpg 375w, https:\/\/www.organisator.ch\/wp-content\/uploads\/2026\/02\/Management_Zoppet-Emch_Bild1_NEU_organisator_224409-1-625x350.jpg 625w, https:\/\/www.organisator.ch\/wp-content\/uploads\/2026\/02\/Management_Zoppet-Emch_Bild1_NEU_organisator_224409-1-1000x560.jpg 1000w\" sizes=\"auto, (max-width: 1200px) 100vw, 1200px\" \/><figcaption id=\"caption-attachment-45257\" class=\"wp-caption-text\">Ascenseur rooftop dans un immeuble de l'avenue Kl\u00e9ber \u00e0 Paris. L'astuce : l'ascenseur acc\u00e8de \u00e0 l'ext\u00e9rieur par une trappe dans le toit (\u00e0 droite). \u00a9 EMCH Ascenseurs<\/figcaption><\/figure>\n<p>Qui ne conna\u00eet pas l'imposant ascenseur inclin\u00e9 de la gare centrale de Zurich ? Peu de gens savent qu'il s'agit d'un ascenseur enti\u00e8rement fabriqu\u00e9 en Suisse. Nous entrons dans l'histoire de la soci\u00e9t\u00e9 EMCH Ascenseurs SA, dirig\u00e9e depuis quatre g\u00e9n\u00e9rations par la m\u00eame famille. Gr\u00e2ce \u00e0 sa vision de l'innovation, l'entreprise est devenue le leader national et europ\u00e9en de la fabrication d'ascenseurs sur mesure.<\/p>\n<h3>Bient\u00f4t 150 ans de tradition d'entreprise<\/h3>\n<p>A l'occasion du 50e anniversaire de son site actuel de Berne-B\u00fcmpliz en 2018, EMCH Ascenseurs SA a r\u00e9dig\u00e9 un ouvrage technique et sp\u00e9cialis\u00e9 particulier et l'a publi\u00e9 aux \u00e9ditions St\u00e4mpfli \u00e0 Berne : \u00abLiftfahrt - eine Zeitreise\u00bb. Les personnes int\u00e9ress\u00e9es par la technique ne sont pas les seules \u00e0 d\u00e9couvrir la diversit\u00e9 de la desserte verticale et le fonctionnement d'\u00e9l\u00e9ments tels que les engrenages \u00e0 vis sans fin, les entra\u00eenements \u00e0 courroie et hydrauliques dans les ascenseurs et les \u00e9l\u00e9vateurs. Il est ind\u00e9niable que les ascenseurs EMCH se distinguent par leur \u00e9l\u00e9gance et leur esth\u00e9tique intemporelle, gr\u00e2ce auxquelles l'entreprise de la ville de Berne fait \u0153uvre de pionnier depuis 146 ans.<\/p>\n<p>Le d\u00e9m\u00e9nagement \u00e0 Berne B\u00fcmpliz en 1968 marque le d\u00e9but d'une nouvelle \u00e8re pour l'entreprise. La fabrication est d\u00e9sormais d\u00e9velopp\u00e9e dans des conditions plus favorables et avec un parc de machines enti\u00e8rement renouvel\u00e9. J\u00fcrg Emch se fixe pour objectif d'\u00e9quiper tous les ascenseurs de personnes de portes automatiques de cabine et de cage. Les diff\u00e9rentes hauteurs d'\u00e9tage n\u00e9cessitent une commande sp\u00e9ciale des diff\u00e9rents acc\u00e8s. Lors de la sur\u00e9l\u00e9vation ult\u00e9rieure de deux \u00e9tages de l'immeuble de bureaux, le plan de l'ascenseur domestique est agrandi avec une construction en verre et des portes en verre. L'ascenseur \u00e9tait d\u00e9sormais \u00e9galement accessible aux fauteuils roulants et le b\u00e2timent \u00e9tait accessible aux personnes handicap\u00e9es.<\/p>\n<h3>\u00abAgir de mani\u00e8re agile et sur mesure\u00bb<\/h3>\n<p>Monsieur Emch, les d\u00e9buts des grosses commandes remontent \u00e0 1970, soit peu avant que votre p\u00e8re J\u00fcrg ne reprenne l'entreprise \u00e0 36 ans. La m\u00eame ann\u00e9e, EMCH Ascenseurs a \u00e9galement install\u00e9 son 1000e ascenseur. Quelles sont les autres comp\u00e9tences, r\u00e9alisations et \u00e9tapes exceptionnelles de votre p\u00e8re ? Bernhard Emch : Notre p\u00e8re n'a pas seulement pos\u00e9 des jalons en tant que directeur, mais aussi en tant qu'homme et ing\u00e9nieur. Nos parents nous ont transmis d\u00e8s notre plus jeune \u00e2ge des valeurs telles que le respect, l'honn\u00eatet\u00e9, la pers\u00e9v\u00e9rance, l'autodiscipline, l'assiduit\u00e9 et le courage - et c'est pr\u00e9cis\u00e9ment ces principes que notre p\u00e8re a syst\u00e9matiquement int\u00e9gr\u00e9s dans l'entreprise. En tant qu'ing\u00e9nieur hors pair, il \u00e9tait souvent en avance sur son temps et a d\u00e9velopp\u00e9 tr\u00e8s t\u00f4t des solutions innovantes pour les ascenseurs qui n'existaient pas encore.<\/p>\n<p>Il y a 24 ans, vous avez repris, avec l'aide de votre fr\u00e8re Hansj\u00fcrg, l'entreprise familiale de votre p\u00e8re J\u00fcrg. Malgr\u00e9 le ralentissement de la conjoncture nationale, vous avez r\u00e9ussi \u00e0 augmenter le chiffre d'affaires de plus de 50 pour cent et \u00e0 cr\u00e9er 100 emplois suppl\u00e9mentaires. Quelles ont \u00e9t\u00e9 les bases et les raisons de ce bon d\u00e9part et de la p\u00e9riode tr\u00e8s fructueuse qui a suivi jusqu'\u00e0 aujourd'hui ?<\/p>\n<figure id=\"attachment_45258\" aria-describedby=\"caption-attachment-45258\" style=\"width: 987px\" class=\"wp-caption alignnone\"><img loading=\"lazy\" decoding=\"async\" class=\"size-full wp-image-45258\" src=\"https:\/\/www.organisator.ch\/wp-content\/uploads\/2026\/02\/Mangement_Zoppet-Emch_Bild2_nochmalsNEU_organisator_224989-1-scaled.jpg\" alt=\"Les t\u00eates pensantes derri\u00e8re EMCH Ascenseurs : Bernhard Emch (\u00e0 gauche) et Hansj\u00fcrg Emch. \u00a9 EMCH Ascenseurs\" width=\"987\" height=\"1200\" srcset=\"https:\/\/www.organisator.ch\/wp-content\/uploads\/2026\/02\/Mangement_Zoppet-Emch_Bild2_nochmalsNEU_organisator_224989-1-scaled.jpg 1151w, https:\/\/www.organisator.ch\/wp-content\/uploads\/2026\/02\/Mangement_Zoppet-Emch_Bild2_nochmalsNEU_organisator_224989-1-680x827.jpg 680w, https:\/\/www.organisator.ch\/wp-content\/uploads\/2026\/02\/Mangement_Zoppet-Emch_Bild2_nochmalsNEU_organisator_224989-1-842x1024.jpg 842w, https:\/\/www.organisator.ch\/wp-content\/uploads\/2026\/02\/Mangement_Zoppet-Emch_Bild2_nochmalsNEU_organisator_224989-1-768x934.jpg 768w, https:\/\/www.organisator.ch\/wp-content\/uploads\/2026\/02\/Mangement_Zoppet-Emch_Bild2_nochmalsNEU_organisator_224989-1-10x12.jpg 10w, https:\/\/www.organisator.ch\/wp-content\/uploads\/2026\/02\/Mangement_Zoppet-Emch_Bild2_nochmalsNEU_organisator_224989-1-247x300.jpg 247w, https:\/\/www.organisator.ch\/wp-content\/uploads\/2026\/02\/Mangement_Zoppet-Emch_Bild2_nochmalsNEU_organisator_224989-1-288x350.jpg 288w, https:\/\/www.organisator.ch\/wp-content\/uploads\/2026\/02\/Mangement_Zoppet-Emch_Bild2_nochmalsNEU_organisator_224989-1-658x800.jpg 658w\" sizes=\"auto, (max-width: 987px) 100vw, 987px\" \/><figcaption id=\"caption-attachment-45258\" class=\"wp-caption-text\">Les t\u00eates pensantes derri\u00e8re EMCH Ascenseurs : Bernhard Emch (\u00e0 gauche) et Hansj\u00fcrg Emch. \u00a9 EMCH Ascenseurs<\/figcaption><\/figure>\n<p>Bernhard Emch : Un facteur d\u00e9cisif a certainement \u00e9t\u00e9 le fait que nous avons poursuivi la strat\u00e9gie \u00e9tablie par notre p\u00e8re en nous concentrant syst\u00e9matiquement sur le march\u00e9 de niche avec la qualit\u00e9 d'une production suisse. Cela nous a permis de nous d\u00e9marquer clairement de la concurrence existante et d'adresser de mani\u00e8re cibl\u00e9e les besoins sp\u00e9cifiques des clients. Cette sp\u00e9cialisation nous a \u00e9galement permis d'\u00e9largir notre zone de march\u00e9 - d'abord de Berne \u00e0 toute la Suisse, puis de plus en plus souvent \u00e0 l'\u00e9tranger. Quels sont les points forts de EMCH Ascenseurs ? Et : l'activit\u00e9 de niche implique-t-elle certainement aussi des d\u00e9fis particuliers en mati\u00e8re de planification, de processus et de proc\u00e9dures ? Notre force est d'avoir toute la valeur ajout\u00e9e sur place, \u00e0 Berne. Cela nous donne la flexibilit\u00e9 n\u00e9cessaire pour r\u00e9pondre individuellement \u00e0 tous les souhaits des clients. Dans le secteur de niche, cette proximit\u00e9 avec le d\u00e9veloppement, la production et les clients est un avantage d\u00e9cisif. Nous pouvons ainsi proposer des solutions innovantes et agir avec agilit\u00e9 et sur mesure, m\u00eame dans le cas de projets complexes. La vente d'installations individuelles exige \u00e9galement un savoir-faire sp\u00e9cifique, que nous avons acquis depuis bient\u00f4t 150 ans maintenant.<\/p>\n<h3>De B\u00fcmpliz au monde entier<\/h3>\n<p>Les ascenseurs EMCH remplissent jusqu'\u00e0 aujourd'hui une niche typiquement suisse dans l'espace \u00e9conomique international, \u00e0 savoir celle du partenaire fiable avec des nouveaut\u00e9s toujours innovantes. Le patron Bernhard Emch : \u00abNous sommes devenus une entreprise internationale qui continue \u00e0 tout produire ici, \u00e0 la Fellerstrasse \u00e0 Berne-B\u00fcmpliz. Donc de B\u00fcmpliz vers le vaste monde\u00bb. L'ancrage local et l'orientation internationale se fondent ainsi en une entreprise moderne aux valeurs traditionnelles. Le CEO souligne : \u00abNous ne misons pas seulement sur la qualit\u00e9, les gens sont tout aussi importants pour nous. Cela commence en premier lieu par les collaborateurs, leur formation et leur perfectionnement, et donc aussi par le syst\u00e8me de formation en alternance. Donc : des personnes au lieu d'un management pur - de l'humanit\u00e9 au lieu d'un rapport de force unilat\u00e9ral\u00bb.\u00bb<\/p>\n<h3>La formation des employ\u00e9s minimise la p\u00e9nurie de main-d'\u0153uvre qualifi\u00e9e<\/h3>\n<p>Et en ce qui concerne le manque de personnel qualifi\u00e9, Bernhard Emch est clair : \u00abUne entreprise doit former et offrir des opportunit\u00e9s. Nous faisons face \u00e0 la p\u00e9nurie de main-d'\u0153uvre qualifi\u00e9e avec nos propres approches et solutions\u00bb. Et celles-ci ont de l'allure : \u00abNous organisons r\u00e9guli\u00e8rement des manifestations pour les parents, au cours desquelles nous ne nous pr\u00e9sentons pas seulement, mais montrons aussi ce que nous savons faire et ce que nous formons. De nombreux parents pensent encore que seules des \u00e9tudes sup\u00e9rieures permettront \u00e0 leur enfant de bien vivre. Je leur demande alors combien de nos 250 collaborateurs ont obtenu un dipl\u00f4me universitaire. Les r\u00e9ponses se situent toujours entre 25 et 30. Les parents s'\u00e9tonnent alors lorsque je leur dis qu'ils ne sont que quatre\u00bb. Il s'agit pour Emch de montrer et de faire comprendre que le syst\u00e8me suisse d'enseignement et de formation est de premi\u00e8re classe internationale. Bernhard Emch conclut son plaidoyer en faveur de la r\u00e9ussite de la voie professionnelle suisse, qu'il convient de pr\u00e9server et d'entretenir, par ces mots : \u00abSans ce syst\u00e8me de formation dual, qui a encore aujourd'hui du succ\u00e8s, notre entreprise ne serait pas l\u00e0 o\u00f9 elle est aujourd'hui\u00bb.\u00bb<\/p>\n<p>Comme nous l'avons d\u00e9j\u00e0 mentionn\u00e9, l'internationalisation ne s'est pas arr\u00eat\u00e9e l\u00e0 pour EMCH. Le chef d'entreprise est particuli\u00e8rement attir\u00e9 par la Suisse romande et la France. Ainsi, on entend souvent parler fran\u00e7ais au si\u00e8ge de l'entreprise \u00e0 B\u00fcmpliz. EMCH pourrait probablement vendre deux fois plus en France, si la capacit\u00e9 le permettait. Bernhard Emch sait pourquoi : \u00abEn France, il n'y a presque plus que des grands groupes. On y cherche en vain des entreprises sp\u00e9cialis\u00e9es qui proposent des solutions individuelles. C'est pourquoi beaucoup misent sur nous\u00bb. En pleine p\u00e9riode de pand\u00e9mie, EMCH Ascenseurs a pris une voie courageuse en ouvrant une filiale \u00e0 Paris. L'\u00e9l\u00e9ment d\u00e9clencheur a notamment \u00e9t\u00e9 la commande d'un ascenseur spectaculaire dans le 16e arrondissement de Paris - l\u00e0 o\u00f9 l'ascenseur rooftop continue tout simplement sa course, perce la surface du toit et s'arr\u00eate en plein air. Avec une vue unique sur la ville, un peu comme \u201asur les toits de Paris\u2018.<\/p>\n<h3>Des march\u00e9s internationaux et deux ascenseurs particuliers<\/h3>\n<p>Dix kilom\u00e8tres au sud de Berne, dans un paysage vallonn\u00e9, se trouve \u00e0 pr\u00e8s de 1000 m\u00e8tres d'altitude l'observatoire \u00abSpace Eye\u00bb construit il y a trois ans, avec sa remarquable tour elliptique de 12 m\u00e8tres de haut - con\u00e7ue par Mario Botta. Des \u00e9l\u00e9ments en b\u00e9ton blanc, dentel\u00e9s horizontalement, entourent la tour visible de loin avec sa sph\u00e8re plan\u00e9tarium sur le toit, qui contient le plus grand t\u00e9lescope de Suisse. Ici aussi, l'Observatoire de l'espace et de l'environnement, ouvert au public, est \u00e9quip\u00e9 d'un ascenseur tr\u00e8s sp\u00e9cial de la maison EMCH : un ascenseur escamotable qui apporte lui-m\u00eame la gaine. Bernhard Emch \u00e0 propos des deux ascenseurs hors du commun de Paris et du Space Eye : \u00abL'un des d\u00e9fis particuliers de ces projets \u00e9tait de construire un ascenseur dont la cage d'ascenseur tout en haut n'existe que temporairement. Afin que celle-ci n'entrave pas la vue - en particulier pour l'observatoire \u201aSpace Eye\u2018 de Botta, o\u00f9 une vue panoramique illimit\u00e9e est essentielle pour le t\u00e9lescope. Nous avons trouv\u00e9 une solution innovante dans laquelle l'ascenseur reste invisible lorsqu'il est rentr\u00e9\u00bb.\u00bb<\/p>\n<h3>\u00abLe sang des ing\u00e9nieurs coule dans nos veines\u00bb.\u00bb<\/h3>\n<p>Dans toute entreprise familiale, la question se pose t\u00f4t ou tard : la g\u00e9n\u00e9ration suivante va-t-elle continuer ? Bernhard Emch savait d\u00e9j\u00e0 pendant ses \u00e9tudes qu'il prendrait un jour la succession de son p\u00e8re J\u00fcrg. Et vous, Hansj\u00fcrg Emch, comment cela s'est-il pass\u00e9 ? Hansj\u00fcrg Emch : Mon fr\u00e8re Bernhard et moi sommes tous deux devenus ing\u00e9nieurs, et ce n'est pas un hasard. Le sang des ing\u00e9nieurs coule dans nos veines depuis des g\u00e9n\u00e9rations. J'ai \u00e9tudi\u00e9 diff\u00e9rentes disciplines : Histoire et Philosophie. Puis j'ai lu \u00abHomo faber\u00bb de Max Frisch et j'ai trouv\u00e9 fascinant de devenir ing\u00e9nieur. On peut voyager dans le monde entier et r\u00e9soudre des probl\u00e8mes. De plus, je devais aller \u00e0 Zurich pour mes \u00e9tudes, je quittais donc la maison.<\/p>\n<p>Une raison souvent entendue pour expliquer l'\u00e9chec des successions familiales est que le successeur choisi ou s\u00e9lectionn\u00e9 est souvent d\u00e9pass\u00e9 par son r\u00f4le de chef. Comment cela s'est-il pass\u00e9 pour vous, Bernhard Emch ? Bernhard Emch : J'ai \u00e9t\u00e9 prudent et je me suis approch\u00e9 progressivement de cette nouvelle t\u00e2che importante. J'ai d'abord mis en place la gestion de projet et, pendant un certain temps, j'ai encore travaill\u00e9 aux c\u00f4t\u00e9s de mon p\u00e8re. C'\u00e9tait un test pour voir si j'\u00e9tais apte \u00e0 reprendre l'entreprise avec succ\u00e8s. Un autre avantage \u00e9tait que je connaissais d\u00e9j\u00e0 de nombreux collaborateurs.<\/p>\n<p>Si l'on regarde la photo de famille dans le volume anniversaire, il n'y a donc pas lieu de s'inqui\u00e9ter de la succession \u00e0 la cinqui\u00e8me g\u00e9n\u00e9ration, n'est-ce pas ? Bernhard Emch : Nous verrons bien. De la quatri\u00e8me g\u00e9n\u00e9ration, il y a en tout dix enfants. Reste \u00e0 savoir qui en aura envie et qui remplira les conditions n\u00e9cessaires.<\/p>\n<p>&nbsp;<\/p>\n<blockquote>\n<p><strong>Livre conseill\u00e9 : <\/strong><\/p>\n<p>\u00abLiftfahrt - eine Zeitreise\u00bb de Simone Bammatter, \u00e9ditions St\u00e4mpfli Berne, 59 francs, ou directement chez EMCH Aufz\u00fcge AG, Berne-B\u00fcmpliz.<\/p>\n<p>&nbsp;<\/p>\n<\/blockquote>\n<p><em><strong>Auteur <\/strong><\/em><\/p>\n<p><em>Angelo Zoppet-Betschart est journaliste ind\u00e9pendant sp\u00e9cialis\u00e9 dans les th\u00e8mes de la construction et de l'architecture.<\/em><\/p>","protected":false},"excerpt":{"rendered":"<p>Les ascenseurs EMCH : Depuis 150 ans, cette entreprise suisse de tradition r\u00e9volutionne la construction d'ascenseurs. Le succ\u00e8s ? Strat\u00e9gie de niche, qualit\u00e9 de pointe et humanit\u00e9 !<\/p>","protected":false},"author":107,"featured_media":45257,"comment_status":"closed","ping_status":"closed","sticky":false,"template":"","format":"standard","meta":{"_acf_changed":false,"_yoast_wpseo_focuskw":"EMCH Aufz\u00fcge","_yoast_wpseo_metadesc":"Die Erfolgsgeschichte der EMCH Aufz\u00fcge AG, dem Schweizer Spezialisten f\u00fcr massgeschneiderte und innovative Liftl\u00f6sungen.","articlekey":"","footnotes":""},"categories":[578,28],"tags":[196,207,335,492],"class_list":["post-45259","post","type-post","status-publish","format-standard","has-post-thumbnail","hentry","category-abo","category-management","tag-familienunternehmen","tag-firmennachfolge","tag-management-und-unternehmensfuehrung","tag-unternehmen"],"acf":[],"yoast_head":"<!-- This site is optimized with the Yoast SEO plugin v27.5 - https:\/\/yoast.com\/product\/yoast-seo-wordpress\/ -->\n<title>EMCH Aufz\u00fcge: Erfolgreiche Nischenstrategie - Organisator<\/title>\n<meta name=\"description\" content=\"Die Erfolgsgeschichte der EMCH Aufz\u00fcge AG, dem Schweizer Spezialisten f\u00fcr massgeschneiderte und innovative Liftl\u00f6sungen.\" \/>\n<meta name=\"robots\" content=\"index, follow, max-snippet:-1, max-image-preview:large, max-video-preview:-1\" \/>\n<link rel=\"canonical\" href=\"https:\/\/www.organisator.ch\/fr\/gestion-2\/2026-03-02\/emch-aufzuege-erfolgreiche-nischenstrategie\/\" \/>\n<meta property=\"og:locale\" content=\"fr_FR\" \/>\n<meta property=\"og:type\" content=\"article\" \/>\n<meta property=\"og:title\" content=\"EMCH Aufz\u00fcge: Erfolgreiche Nischenstrategie - Organisator\" \/>\n<meta property=\"og:description\" content=\"Die Erfolgsgeschichte der EMCH Aufz\u00fcge AG, dem Schweizer Spezialisten f\u00fcr massgeschneiderte und innovative Liftl\u00f6sungen.\" \/>\n<meta property=\"og:url\" content=\"https:\/\/www.organisator.ch\/fr\/gestion-2\/2026-03-02\/emch-aufzuege-erfolgreiche-nischenstrategie\/\" \/>\n<meta property=\"og:site_name\" content=\"Organisator\" \/>\n<meta property=\"article:publisher\" content=\"https:\/\/www.facebook.com\/OrganisatorFachmagazin\" \/>\n<meta property=\"article:published_time\" content=\"2026-03-02T17:01:41+00:00\" \/>\n<meta property=\"article:modified_time\" content=\"2026-03-20T09:18:30+00:00\" \/>\n<meta property=\"og:image\" content=\"https:\/\/www.organisator.ch\/wp-content\/uploads\/2026\/02\/Management_Zoppet-Emch_Bild1_NEU_organisator_224409-1-scaled.jpg\" \/>\n\t<meta property=\"og:image:width\" content=\"1400\" \/>\n\t<meta property=\"og:image:height\" content=\"785\" \/>\n\t<meta property=\"og:image:type\" content=\"image\/jpeg\" \/>\n<meta name=\"author\" content=\"n8n\" \/>\n<meta name=\"twitter:card\" content=\"summary_large_image\" \/>\n<script type=\"application\/ld+json\" class=\"yoast-schema-graph\">{\"@context\":\"https:\\\/\\\/schema.org\",\"@graph\":[{\"@type\":\"Article\",\"@id\":\"https:\\\/\\\/www.organisator.ch\\\/management\\\/2026-03-02\\\/emch-aufzuege-erfolgreiche-nischenstrategie\\\/#article\",\"isPartOf\":{\"@id\":\"https:\\\/\\\/www.organisator.ch\\\/management\\\/2026-03-02\\\/emch-aufzuege-erfolgreiche-nischenstrategie\\\/\"},\"author\":{\"name\":\"n8n\",\"@id\":\"https:\\\/\\\/www.organisator.ch\\\/#\\\/schema\\\/person\\\/a9d0e0eff238db87a8f840f3b50359f0\"},\"headline\":\"EMCH Aufz\u00fcge: Erfolgreiche Nischenstrategie\",\"datePublished\":\"2026-03-02T17:01:41+00:00\",\"dateModified\":\"2026-03-20T09:18:30+00:00\",\"mainEntityOfPage\":{\"@id\":\"https:\\\/\\\/www.organisator.ch\\\/management\\\/2026-03-02\\\/emch-aufzuege-erfolgreiche-nischenstrategie\\\/\"},\"wordCount\":1592,\"publisher\":{\"@id\":\"https:\\\/\\\/www.organisator.ch\\\/#organization\"},\"image\":{\"@id\":\"https:\\\/\\\/www.organisator.ch\\\/management\\\/2026-03-02\\\/emch-aufzuege-erfolgreiche-nischenstrategie\\\/#primaryimage\"},\"thumbnailUrl\":\"https:\\\/\\\/www.organisator.ch\\\/wp-content\\\/uploads\\\/2026\\\/02\\\/Management_Zoppet-Emch_Bild1_NEU_organisator_224409-1-scaled.jpg\",\"keywords\":[\"Familienunternehmen\",\"Firmennachfolge\",\"Management und Unternehmensf\u00fchrung\",\"Unternehmen\"],\"articleSection\":[\"ABO+\",\"MANAGEMENT\"],\"inLanguage\":\"fr-FR\"},{\"@type\":\"WebPage\",\"@id\":\"https:\\\/\\\/www.organisator.ch\\\/management\\\/2026-03-02\\\/emch-aufzuege-erfolgreiche-nischenstrategie\\\/\",\"url\":\"https:\\\/\\\/www.organisator.ch\\\/management\\\/2026-03-02\\\/emch-aufzuege-erfolgreiche-nischenstrategie\\\/\",\"name\":\"EMCH Aufz\u00fcge: Erfolgreiche Nischenstrategie - Organisator\",\"isPartOf\":{\"@id\":\"https:\\\/\\\/www.organisator.ch\\\/#website\"},\"primaryImageOfPage\":{\"@id\":\"https:\\\/\\\/www.organisator.ch\\\/management\\\/2026-03-02\\\/emch-aufzuege-erfolgreiche-nischenstrategie\\\/#primaryimage\"},\"image\":{\"@id\":\"https:\\\/\\\/www.organisator.ch\\\/management\\\/2026-03-02\\\/emch-aufzuege-erfolgreiche-nischenstrategie\\\/#primaryimage\"},\"thumbnailUrl\":\"https:\\\/\\\/www.organisator.ch\\\/wp-content\\\/uploads\\\/2026\\\/02\\\/Management_Zoppet-Emch_Bild1_NEU_organisator_224409-1-scaled.jpg\",\"datePublished\":\"2026-03-02T17:01:41+00:00\",\"dateModified\":\"2026-03-20T09:18:30+00:00\",\"description\":\"Die Erfolgsgeschichte der EMCH Aufz\u00fcge AG, dem Schweizer Spezialisten f\u00fcr massgeschneiderte und innovative Liftl\u00f6sungen.\",\"breadcrumb\":{\"@id\":\"https:\\\/\\\/www.organisator.ch\\\/management\\\/2026-03-02\\\/emch-aufzuege-erfolgreiche-nischenstrategie\\\/#breadcrumb\"},\"inLanguage\":\"fr-FR\",\"potentialAction\":[{\"@type\":\"ReadAction\",\"target\":[\"https:\\\/\\\/www.organisator.ch\\\/management\\\/2026-03-02\\\/emch-aufzuege-erfolgreiche-nischenstrategie\\\/\"]}]},{\"@type\":\"ImageObject\",\"inLanguage\":\"fr-FR\",\"@id\":\"https:\\\/\\\/www.organisator.ch\\\/management\\\/2026-03-02\\\/emch-aufzuege-erfolgreiche-nischenstrategie\\\/#primaryimage\",\"url\":\"https:\\\/\\\/www.organisator.ch\\\/wp-content\\\/uploads\\\/2026\\\/02\\\/Management_Zoppet-Emch_Bild1_NEU_organisator_224409-1-scaled.jpg\",\"contentUrl\":\"https:\\\/\\\/www.organisator.ch\\\/wp-content\\\/uploads\\\/2026\\\/02\\\/Management_Zoppet-Emch_Bild1_NEU_organisator_224409-1-scaled.jpg\",\"width\":1400,\"height\":785,\"caption\":\"Rooftop-Lift in einem Geb\u00e4ude an der Avenue Kl\u00e9ber in Paris. Der Clou: Der Fahrstuhl gelangt durch eine Klappe im Dach ins Freie (rechts). \u00a9 EMCH Aufz\u00fcge\"},{\"@type\":\"BreadcrumbList\",\"@id\":\"https:\\\/\\\/www.organisator.ch\\\/management\\\/2026-03-02\\\/emch-aufzuege-erfolgreiche-nischenstrategie\\\/#breadcrumb\",\"itemListElement\":[{\"@type\":\"ListItem\",\"position\":1,\"name\":\"Home\",\"item\":\"https:\\\/\\\/www.organisator.ch\\\/\"},{\"@type\":\"ListItem\",\"position\":2,\"name\":\"EMCH Aufz\u00fcge: Erfolgreiche Nischenstrategie\"}]},{\"@type\":\"WebSite\",\"@id\":\"https:\\\/\\\/www.organisator.ch\\\/#website\",\"url\":\"https:\\\/\\\/www.organisator.ch\\\/\",\"name\":\"Organisator\",\"description\":\"Kompetent. Praxisnah. Der ORGANISATOR bereitet in 10 Ausgaben pro Jahr die wesentlichen Themen f\u00fcr F\u00fchrungskr\u00e4fte von KMU auf.\",\"publisher\":{\"@id\":\"https:\\\/\\\/www.organisator.ch\\\/#organization\"},\"potentialAction\":[{\"@type\":\"SearchAction\",\"target\":{\"@type\":\"EntryPoint\",\"urlTemplate\":\"https:\\\/\\\/www.organisator.ch\\\/?s={search_term_string}\"},\"query-input\":{\"@type\":\"PropertyValueSpecification\",\"valueRequired\":true,\"valueName\":\"search_term_string\"}}],\"inLanguage\":\"fr-FR\"},{\"@type\":\"Organization\",\"@id\":\"https:\\\/\\\/www.organisator.ch\\\/#organization\",\"name\":\"Organisator\",\"url\":\"https:\\\/\\\/www.organisator.ch\\\/\",\"logo\":{\"@type\":\"ImageObject\",\"inLanguage\":\"fr-FR\",\"@id\":\"https:\\\/\\\/www.organisator.ch\\\/#\\\/schema\\\/logo\\\/image\\\/\",\"url\":\"https:\\\/\\\/www.organisator.ch\\\/wp-content\\\/uploads\\\/2022\\\/01\\\/Logo_Organisator_Website.png\",\"contentUrl\":\"https:\\\/\\\/www.organisator.ch\\\/wp-content\\\/uploads\\\/2022\\\/01\\\/Logo_Organisator_Website.png\",\"width\":800,\"height\":77,\"caption\":\"Organisator\"},\"image\":{\"@id\":\"https:\\\/\\\/www.organisator.ch\\\/#\\\/schema\\\/logo\\\/image\\\/\"},\"sameAs\":[\"https:\\\/\\\/www.facebook.com\\\/OrganisatorFachmagazin\",\"https:\\\/\\\/www.linkedin.com\\\/showcase\\\/organisator-das-magazin-fr-kmu\",\"https:\\\/\\\/www.xing.com\\\/news\\\/pages\\\/organisator-ch-695\",\"https:\\\/\\\/www.youtube.com\\\/channel\\\/UCGP2Sq0iWaZwT3BdIAQFYpw\"]},{\"@type\":\"Person\",\"@id\":\"https:\\\/\\\/www.organisator.ch\\\/#\\\/schema\\\/person\\\/a9d0e0eff238db87a8f840f3b50359f0\",\"name\":\"n8n\",\"image\":{\"@type\":\"ImageObject\",\"inLanguage\":\"fr-FR\",\"@id\":\"https:\\\/\\\/secure.gravatar.com\\\/avatar\\\/5368fb9d03fd415a6f335cece4c15af2502d6ca8651efbd6e8f98427a9795400?s=96&d=mm&r=g\",\"url\":\"https:\\\/\\\/secure.gravatar.com\\\/avatar\\\/5368fb9d03fd415a6f335cece4c15af2502d6ca8651efbd6e8f98427a9795400?s=96&d=mm&r=g\",\"contentUrl\":\"https:\\\/\\\/secure.gravatar.com\\\/avatar\\\/5368fb9d03fd415a6f335cece4c15af2502d6ca8651efbd6e8f98427a9795400?s=96&d=mm&r=g\",\"caption\":\"n8n\"},\"url\":\"https:\\\/\\\/www.organisator.ch\\\/fr\\\/author\\\/n8n\\\/\"}]}<\/script>\n<!-- \/ Yoast SEO plugin. -->","yoast_head_json":{"title":"Les ascenseurs EMCH : Une strat\u00e9gie de niche r\u00e9ussie - Organisateur","description":"L'histoire du succ\u00e8s de EMCH Ascenseurs SA, le sp\u00e9cialiste suisse des solutions d'ascenseurs sur mesure et innovantes.","robots":{"index":"index","follow":"follow","max-snippet":"max-snippet:-1","max-image-preview":"max-image-preview:large","max-video-preview":"max-video-preview:-1"},"canonical":"https:\/\/www.organisator.ch\/fr\/gestion-2\/2026-03-02\/emch-aufzuege-erfolgreiche-nischenstrategie\/","og_locale":"fr_FR","og_type":"article","og_title":"EMCH Aufz\u00fcge: Erfolgreiche Nischenstrategie - Organisator","og_description":"Die Erfolgsgeschichte der EMCH Aufz\u00fcge AG, dem Schweizer Spezialisten f\u00fcr massgeschneiderte und innovative Liftl\u00f6sungen.","og_url":"https:\/\/www.organisator.ch\/fr\/gestion-2\/2026-03-02\/emch-aufzuege-erfolgreiche-nischenstrategie\/","og_site_name":"Organisator","article_publisher":"https:\/\/www.facebook.com\/OrganisatorFachmagazin","article_published_time":"2026-03-02T17:01:41+00:00","article_modified_time":"2026-03-20T09:18:30+00:00","og_image":[{"width":1400,"height":785,"url":"https:\/\/www.organisator.ch\/wp-content\/uploads\/2026\/02\/Management_Zoppet-Emch_Bild1_NEU_organisator_224409-1-scaled.jpg","type":"image\/jpeg"}],"author":"n8n","twitter_card":"summary_large_image","schema":{"@context":"https:\/\/schema.org","@graph":[{"@type":"Article","@id":"https:\/\/www.organisator.ch\/management\/2026-03-02\/emch-aufzuege-erfolgreiche-nischenstrategie\/#article","isPartOf":{"@id":"https:\/\/www.organisator.ch\/management\/2026-03-02\/emch-aufzuege-erfolgreiche-nischenstrategie\/"},"author":{"name":"n8n","@id":"https:\/\/www.organisator.ch\/#\/schema\/person\/a9d0e0eff238db87a8f840f3b50359f0"},"headline":"EMCH Aufz\u00fcge: Erfolgreiche Nischenstrategie","datePublished":"2026-03-02T17:01:41+00:00","dateModified":"2026-03-20T09:18:30+00:00","mainEntityOfPage":{"@id":"https:\/\/www.organisator.ch\/management\/2026-03-02\/emch-aufzuege-erfolgreiche-nischenstrategie\/"},"wordCount":1592,"publisher":{"@id":"https:\/\/www.organisator.ch\/#organization"},"image":{"@id":"https:\/\/www.organisator.ch\/management\/2026-03-02\/emch-aufzuege-erfolgreiche-nischenstrategie\/#primaryimage"},"thumbnailUrl":"https:\/\/www.organisator.ch\/wp-content\/uploads\/2026\/02\/Management_Zoppet-Emch_Bild1_NEU_organisator_224409-1-scaled.jpg","keywords":["Familienunternehmen","Firmennachfolge","Management und Unternehmensf\u00fchrung","Unternehmen"],"articleSection":["ABO+","MANAGEMENT"],"inLanguage":"fr-FR"},{"@type":"WebPage","@id":"https:\/\/www.organisator.ch\/management\/2026-03-02\/emch-aufzuege-erfolgreiche-nischenstrategie\/","url":"https:\/\/www.organisator.ch\/management\/2026-03-02\/emch-aufzuege-erfolgreiche-nischenstrategie\/","name":"Les ascenseurs EMCH : Une strat\u00e9gie de niche r\u00e9ussie - Organisateur","isPartOf":{"@id":"https:\/\/www.organisator.ch\/#website"},"primaryImageOfPage":{"@id":"https:\/\/www.organisator.ch\/management\/2026-03-02\/emch-aufzuege-erfolgreiche-nischenstrategie\/#primaryimage"},"image":{"@id":"https:\/\/www.organisator.ch\/management\/2026-03-02\/emch-aufzuege-erfolgreiche-nischenstrategie\/#primaryimage"},"thumbnailUrl":"https:\/\/www.organisator.ch\/wp-content\/uploads\/2026\/02\/Management_Zoppet-Emch_Bild1_NEU_organisator_224409-1-scaled.jpg","datePublished":"2026-03-02T17:01:41+00:00","dateModified":"2026-03-20T09:18:30+00:00","description":"L'histoire du succ\u00e8s de EMCH Ascenseurs SA, le sp\u00e9cialiste suisse des solutions d'ascenseurs sur mesure et innovantes.","breadcrumb":{"@id":"https:\/\/www.organisator.ch\/management\/2026-03-02\/emch-aufzuege-erfolgreiche-nischenstrategie\/#breadcrumb"},"inLanguage":"fr-FR","potentialAction":[{"@type":"ReadAction","target":["https:\/\/www.organisator.ch\/management\/2026-03-02\/emch-aufzuege-erfolgreiche-nischenstrategie\/"]}]},{"@type":"ImageObject","inLanguage":"fr-FR","@id":"https:\/\/www.organisator.ch\/management\/2026-03-02\/emch-aufzuege-erfolgreiche-nischenstrategie\/#primaryimage","url":"https:\/\/www.organisator.ch\/wp-content\/uploads\/2026\/02\/Management_Zoppet-Emch_Bild1_NEU_organisator_224409-1-scaled.jpg","contentUrl":"https:\/\/www.organisator.ch\/wp-content\/uploads\/2026\/02\/Management_Zoppet-Emch_Bild1_NEU_organisator_224409-1-scaled.jpg","width":1400,"height":785,"caption":"Rooftop-Lift in einem Geb\u00e4ude an der Avenue Kl\u00e9ber in Paris. Der Clou: Der Fahrstuhl gelangt durch eine Klappe im Dach ins Freie (rechts). \u00a9 EMCH Aufz\u00fcge"},{"@type":"BreadcrumbList","@id":"https:\/\/www.organisator.ch\/management\/2026-03-02\/emch-aufzuege-erfolgreiche-nischenstrategie\/#breadcrumb","itemListElement":[{"@type":"ListItem","position":1,"name":"Home","item":"https:\/\/www.organisator.ch\/"},{"@type":"ListItem","position":2,"name":"EMCH Aufz\u00fcge: Erfolgreiche Nischenstrategie"}]},{"@type":"WebSite","@id":"https:\/\/www.organisator.ch\/#website","url":"https:\/\/www.organisator.ch\/","name":"Organisateur","description":"Comp\u00e9tence et comp\u00e9tence. Proches de la pratique. L'ORGANISATEUR pr\u00e9pare 10 num\u00e9ros par an sur les th\u00e8mes essentiels pour les dirigeants de PME.","publisher":{"@id":"https:\/\/www.organisator.ch\/#organization"},"potentialAction":[{"@type":"SearchAction","target":{"@type":"EntryPoint","urlTemplate":"https:\/\/www.organisator.ch\/?s={search_term_string}"},"query-input":{"@type":"PropertyValueSpecification","valueRequired":true,"valueName":"search_term_string"}}],"inLanguage":"fr-FR"},{"@type":"Organization","@id":"https:\/\/www.organisator.ch\/#organization","name":"Organisateur","url":"https:\/\/www.organisator.ch\/","logo":{"@type":"ImageObject","inLanguage":"fr-FR","@id":"https:\/\/www.organisator.ch\/#\/schema\/logo\/image\/","url":"https:\/\/www.organisator.ch\/wp-content\/uploads\/2022\/01\/Logo_Organisator_Website.png","contentUrl":"https:\/\/www.organisator.ch\/wp-content\/uploads\/2022\/01\/Logo_Organisator_Website.png","width":800,"height":77,"caption":"Organisator"},"image":{"@id":"https:\/\/www.organisator.ch\/#\/schema\/logo\/image\/"},"sameAs":["https:\/\/www.facebook.com\/OrganisatorFachmagazin","https:\/\/www.linkedin.com\/showcase\/organisator-das-magazin-fr-kmu","https:\/\/www.xing.com\/news\/pages\/organisator-ch-695","https:\/\/www.youtube.com\/channel\/UCGP2Sq0iWaZwT3BdIAQFYpw"]},{"@type":"Person","@id":"https:\/\/www.organisator.ch\/#\/schema\/person\/a9d0e0eff238db87a8f840f3b50359f0","name":"n8n","image":{"@type":"ImageObject","inLanguage":"fr-FR","@id":"https:\/\/secure.gravatar.com\/avatar\/5368fb9d03fd415a6f335cece4c15af2502d6ca8651efbd6e8f98427a9795400?s=96&d=mm&r=g","url":"https:\/\/secure.gravatar.com\/avatar\/5368fb9d03fd415a6f335cece4c15af2502d6ca8651efbd6e8f98427a9795400?s=96&d=mm&r=g","contentUrl":"https:\/\/secure.gravatar.com\/avatar\/5368fb9d03fd415a6f335cece4c15af2502d6ca8651efbd6e8f98427a9795400?s=96&d=mm&r=g","caption":"n8n"},"url":"https:\/\/www.organisator.ch\/fr\/author\/n8n\/"}]}},"_links":{"self":[{"href":"https:\/\/www.organisator.ch\/fr\/wp-json\/wp\/v2\/posts\/45259","targetHints":{"allow":["GET"]}}],"collection":[{"href":"https:\/\/www.organisator.ch\/fr\/wp-json\/wp\/v2\/posts"}],"about":[{"href":"https:\/\/www.organisator.ch\/fr\/wp-json\/wp\/v2\/types\/post"}],"author":[{"embeddable":true,"href":"https:\/\/www.organisator.ch\/fr\/wp-json\/wp\/v2\/users\/107"}],"replies":[{"embeddable":true,"href":"https:\/\/www.organisator.ch\/fr\/wp-json\/wp\/v2\/comments?post=45259"}],"version-history":[{"count":2,"href":"https:\/\/www.organisator.ch\/fr\/wp-json\/wp\/v2\/posts\/45259\/revisions"}],"predecessor-version":[{"id":45405,"href":"https:\/\/www.organisator.ch\/fr\/wp-json\/wp\/v2\/posts\/45259\/revisions\/45405"}],"wp:featuredmedia":[{"embeddable":true,"href":"https:\/\/www.organisator.ch\/fr\/wp-json\/wp\/v2\/media\/45257"}],"wp:attachment":[{"href":"https:\/\/www.organisator.ch\/fr\/wp-json\/wp\/v2\/media?parent=45259"}],"wp:term":[{"taxonomy":"category","embeddable":true,"href":"https:\/\/www.organisator.ch\/fr\/wp-json\/wp\/v2\/categories?post=45259"},{"taxonomy":"post_tag","embeddable":true,"href":"https:\/\/www.organisator.ch\/fr\/wp-json\/wp\/v2\/tags?post=45259"}],"curies":[{"name":"wp","href":"https:\/\/api.w.org\/{rel}","templated":true}]}}