{"id":4545,"date":"2021-08-18T07:21:45","date_gmt":"2021-08-18T05:21:45","guid":{"rendered":"https:\/\/www.umweltperspektiven.ch\/?p=4545"},"modified":"2021-08-18T07:21:45","modified_gmt":"2021-08-18T05:21:45","slug":"revolutionaeres-messsystem","status":"publish","type":"post","link":"https:\/\/www.organisator.ch\/fr\/allgemein\/2021-08-18\/revolutionaeres-messsystem\/","title":{"rendered":"Un syst\u00e8me de mesure r\u00e9volutionnaire"},"content":{"rendered":"<p>&nbsp;<\/p>\n<figure id=\"attachment_4547\" aria-describedby=\"caption-attachment-4547\" style=\"width: 680px\" class=\"wp-caption aligncenter\"><img loading=\"lazy\" decoding=\"async\" class=\"size-medium wp-image-4547\" src=\"\/\/www.umweltperspektiven.ch\/wp-content\/uploads\/2021\/07\/flying_radiometer_sky.jpg\" alt=\"Radiom\u00e8tre\" width=\"680\" height=\"453\" srcset=\"https:\/\/www.organisator.ch\/wp-content\/uploads\/2021\/07\/flying_radiometer_sky.jpg 2400w, https:\/\/www.organisator.ch\/wp-content\/uploads\/2021\/07\/flying_radiometer_sky-680x453.jpg 680w, https:\/\/www.organisator.ch\/wp-content\/uploads\/2021\/07\/flying_radiometer_sky-1024x683.jpg 1024w, https:\/\/www.organisator.ch\/wp-content\/uploads\/2021\/07\/flying_radiometer_sky-768x512.jpg 768w, https:\/\/www.organisator.ch\/wp-content\/uploads\/2021\/07\/flying_radiometer_sky-1536x1024.jpg 1536w, https:\/\/www.organisator.ch\/wp-content\/uploads\/2021\/07\/flying_radiometer_sky-2048x1365.jpg 2048w, https:\/\/www.organisator.ch\/wp-content\/uploads\/2021\/07\/flying_radiometer_sky-18x12.jpg 18w, https:\/\/www.organisator.ch\/wp-content\/uploads\/2021\/07\/flying_radiometer_sky-263x175.jpg 263w, https:\/\/www.organisator.ch\/wp-content\/uploads\/2021\/07\/flying_radiometer_sky-525x350.jpg 525w, https:\/\/www.organisator.ch\/wp-content\/uploads\/2021\/07\/flying_radiometer_sky-1200x800.jpg 1200w, https:\/\/www.organisator.ch\/wp-content\/uploads\/2021\/07\/flying_radiometer_sky-920x613.jpg 920w, https:\/\/www.organisator.ch\/wp-content\/uploads\/2021\/07\/flying_radiometer_sky-1400x933.jpg 1400w, https:\/\/www.organisator.ch\/wp-content\/uploads\/2021\/07\/flying_radiometer_sky-300x200.jpg 300w\" sizes=\"auto, (max-width: 680px) 100vw, 680px\" \/><figcaption id=\"caption-attachment-4547\" class=\"wp-caption-text\">Le premier radiom\u00e8tre WSL adapt\u00e9 \u00e0 un drone. \u00a9 WSL<\/figcaption><\/figure>\n<p>Qu'il s'agisse de terres agricoles qui s'ass\u00e8chent, de glaciers qui fondent, d'incendies de for\u00eat de plus en plus fr\u00e9quents ou de villes c\u00f4ti\u00e8res menac\u00e9es par la mont\u00e9e du niveau de la mer, une question importante se pose : comment comprendre les changements dans les quantit\u00e9s d'eau disponibles dans une r\u00e9gion et trouver des strat\u00e9gies pour limiter les d\u00e9g\u00e2ts ?<\/p>\n<h2><strong>Premi\u00e8re entreprise spin-off du WSL<\/strong><\/h2>\n<p>Une \u00e9quipe de l'Institut f\u00e9d\u00e9ral de recherches sur la for\u00eat, la neige et le paysage (WSL) a mis au point un appareil embarqu\u00e9 sur drone qui fournit \u00e0 moindre co\u00fbt des donn\u00e9es haute r\u00e9solution sur les terres arables, les glaciers, les incendies de for\u00eat et les infrastructures c\u00f4ti\u00e8res, pour lesquels l'eau joue un r\u00f4le direct. Bien que les technologies d'observation de la Terre par satellite soient d'une grande aide pour surveiller notre plan\u00e8te en mutation, les conclusions que l'on peut tirer des donn\u00e9es collect\u00e9es \u00e0 plus de 500 kilom\u00e8tres de distance sont limit\u00e9es. De m\u00eame, les capteurs ponctuels au sol ne peuvent fournir qu'une quantit\u00e9 limit\u00e9e de donn\u00e9es, car ils ne sont pas en mesure de collecter des informations spatiales. Ce dernier est d\u00e9sormais utilis\u00e9 par la soci\u00e9t\u00e9 nouvellement cr\u00e9\u00e9e\u00a0<a href=\"\/\/terraradtech.com\/\">TerraRad Tech AG<\/a>\u00a0a continu\u00e9 \u00e0 \u00eatre d\u00e9velopp\u00e9 et distribu\u00e9.<\/p>\n<h2><strong>Un radiom\u00e8tre \u00e0 micro-ondes port\u00e9 par un drone<\/strong><\/h2>\n<p>La fr\u00e9quence \u00e9lectromagn\u00e9tique sp\u00e9cifique de la bande L, d'une longueur d'onde de 21 centim\u00e8tres, est tr\u00e8s sensible \u00e0 l'eau liquide. Les radiom\u00e8tres permettent aux sp\u00e9cialistes de d\u00e9tecter l'eau en profondeur dans le sol, la neige et la glace. Le groupe de recherche sur la t\u00e9l\u00e9d\u00e9tection par micro-ondes de l'Institut f\u00e9d\u00e9ral de recherches sur la for\u00eat, la neige et le paysage WSL d\u00e9veloppe et am\u00e9liore les radiom\u00e8tres depuis 1995. Gr\u00e2ce \u00e0 leurs\u00a0<a href=\"\/\/www.wsl.ch\/de\/projekte\/microvegsnow-1.html\">les gros appareils stationn\u00e9s au sol<\/a>\u00a0les ing\u00e9nieurs du WSL ont tout d'abord aid\u00e9 \u00e0 d\u00e9finir, dans le cadre du\u00a0<a href=\"\/\/www.esa.int\/Applications\/Observing_the_Earth\/SMOS\">Projet SMOS<\/a>\u00a0d'\u00e9valuer les donn\u00e9es de mesure des satellites de la NASA et de l'ESA. En 2019, ils ont mis au point une version plus compacte du radiom\u00e8tre, qui a \u00e9t\u00e9 utilis\u00e9e pendant le\u00a0<a href=\"\/\/www.wsl.ch\/de\/projekte\/elbara-radiometer-in-mosaic-expedition-1.html\">Exp\u00e9dition MOSAiC dans l'oc\u00e9an Arctique<\/a>\u00a0\u00e9tait exploit\u00e9. Finalement, le groupe a r\u00e9ussi \u00e0 miniaturiser l'appareil jusqu'\u00e0 ce qu'il soit suffisamment l\u00e9ger et petit pour \u00eatre transport\u00e9 par un drone.<\/p>\n<h2><strong>Possibilit\u00e9s d'application<\/strong><\/h2>\n<p>Parmi les applications possibles de ce capteur, on peut citer l'optimisation de l'irrigation et les pr\u00e9visions de rendement dans l'agriculture, la surveillance de l'hydrologie des glaciers, la cartographie et l'\u00e9valuation des risques d'incendies de for\u00eat et l'identification des fuites dans les digues et les barrages.<\/p>\n<p><em>\u00a0<\/em><em>Communiqu\u00e9 de presse du WSL<\/em><\/p>","protected":false},"excerpt":{"rendered":"<p>&nbsp; Ganz gleich, ob es um austrocknendes Ackerland, schmelzende Gletscher, immer h\u00e4ufiger auftretende Waldbr\u00e4nde oder vom Anstieg des Meeresspiegels bedrohte K\u00fcstenst\u00e4dte geht \u2013 eine wichtige Frage lautet: Wie k\u00f6nnen wir Ver\u00e4nderungen der in einem Gebiet zur Verf\u00fcgung stehenden Wassermengen verstehen und Strategien zur Schadensbegrenzung finden? Erstes Spin-off-Unternehmen der WSL Ein Team der Eidg. Forschungsanstalt f\u00fcr [&hellip;]<\/p>\n","protected":false},"author":6,"featured_media":4547,"comment_status":"closed","ping_status":"closed","sticky":false,"template":"","format":"standard","meta":{"_acf_changed":false,"_yoast_wpseo_focuskw":"Radiometer","_yoast_wpseo_metadesc":"Die WSL hat ein von einer Drohne getragenes Messsystem als kosteng\u00fcnstige Alternative zu satelliten- und bodengest\u00fctzten Feuchtigkeitsmessungen entwickelt.","articlekey":"","footnotes":""},"categories":[1],"tags":[1972,2583],"class_list":["post-4545","post","type-post","status-publish","format-standard","has-post-thumbnail","hentry","category-allgemein","tag-radiometer","tag-wsl"],"acf":[],"yoast_head":"<!-- This site is optimized with the Yoast SEO plugin v27.4 - https:\/\/yoast.com\/product\/yoast-seo-wordpress\/ -->\n<title>Revolution\u00e4res Messsystem - Organisator<\/title>\n<meta name=\"description\" content=\"Die WSL hat ein von einer Drohne getragenes Messsystem als kosteng\u00fcnstige Alternative zu satelliten- und bodengest\u00fctzten Feuchtigkeitsmessungen entwickelt.\" \/>\n<meta name=\"robots\" content=\"index, follow, max-snippet:-1, max-image-preview:large, max-video-preview:-1\" \/>\n<link rel=\"canonical\" href=\"https:\/\/www.organisator.ch\/fr\/general\/2021-08-18\/revolutionaeres-messsystem\/\" \/>\n<meta property=\"og:locale\" content=\"fr_FR\" \/>\n<meta property=\"og:type\" content=\"article\" \/>\n<meta property=\"og:title\" content=\"Revolution\u00e4res Messsystem - Organisator\" \/>\n<meta property=\"og:description\" content=\"Die WSL hat ein von einer Drohne getragenes Messsystem als kosteng\u00fcnstige Alternative zu satelliten- und bodengest\u00fctzten Feuchtigkeitsmessungen entwickelt.\" \/>\n<meta property=\"og:url\" content=\"https:\/\/www.organisator.ch\/fr\/general\/2021-08-18\/revolutionaeres-messsystem\/\" \/>\n<meta property=\"og:site_name\" content=\"Organisator\" \/>\n<meta property=\"article:publisher\" content=\"https:\/\/www.facebook.com\/OrganisatorFachmagazin\" \/>\n<meta property=\"article:published_time\" content=\"2021-08-18T05:21:45+00:00\" \/>\n<meta property=\"og:image\" content=\"https:\/\/www.organisator.ch\/wp-content\/uploads\/2021\/07\/flying_radiometer_sky.jpg\" \/>\n\t<meta property=\"og:image:width\" content=\"2400\" \/>\n\t<meta property=\"og:image:height\" content=\"1600\" \/>\n\t<meta property=\"og:image:type\" content=\"image\/jpeg\" \/>\n<meta name=\"author\" content=\"roger.straessle\" \/>\n<meta name=\"twitter:card\" content=\"summary_large_image\" \/>\n<script type=\"application\/ld+json\" class=\"yoast-schema-graph\">{\"@context\":\"https:\\\/\\\/schema.org\",\"@graph\":[{\"@type\":\"Article\",\"@id\":\"https:\\\/\\\/www.organisator.ch\\\/en\\\/general\\\/2021-08-18\\\/revolutionaeres-messsystem\\\/#article\",\"isPartOf\":{\"@id\":\"https:\\\/\\\/www.organisator.ch\\\/en\\\/general\\\/2021-08-18\\\/revolutionaeres-messsystem\\\/\"},\"author\":{\"name\":\"roger.straessle\",\"@id\":\"https:\\\/\\\/www.organisator.ch\\\/#\\\/schema\\\/person\\\/a800b8c54e208b160517a7dcc323161d\"},\"headline\":\"Revolution\u00e4res Messsystem\",\"datePublished\":\"2021-08-18T05:21:45+00:00\",\"mainEntityOfPage\":{\"@id\":\"https:\\\/\\\/www.organisator.ch\\\/en\\\/general\\\/2021-08-18\\\/revolutionaeres-messsystem\\\/\"},\"wordCount\":372,\"publisher\":{\"@id\":\"https:\\\/\\\/www.organisator.ch\\\/#organization\"},\"image\":{\"@id\":\"https:\\\/\\\/www.organisator.ch\\\/en\\\/general\\\/2021-08-18\\\/revolutionaeres-messsystem\\\/#primaryimage\"},\"thumbnailUrl\":\"https:\\\/\\\/www.organisator.ch\\\/wp-content\\\/uploads\\\/2021\\\/07\\\/flying_radiometer_sky.jpg\",\"keywords\":[\"Radiometer\",\"WSL\"],\"articleSection\":[\"Allgemein\"],\"inLanguage\":\"fr-FR\"},{\"@type\":\"WebPage\",\"@id\":\"https:\\\/\\\/www.organisator.ch\\\/en\\\/general\\\/2021-08-18\\\/revolutionaeres-messsystem\\\/\",\"url\":\"https:\\\/\\\/www.organisator.ch\\\/en\\\/general\\\/2021-08-18\\\/revolutionaeres-messsystem\\\/\",\"name\":\"Revolution\u00e4res Messsystem - Organisator\",\"isPartOf\":{\"@id\":\"https:\\\/\\\/www.organisator.ch\\\/#website\"},\"primaryImageOfPage\":{\"@id\":\"https:\\\/\\\/www.organisator.ch\\\/en\\\/general\\\/2021-08-18\\\/revolutionaeres-messsystem\\\/#primaryimage\"},\"image\":{\"@id\":\"https:\\\/\\\/www.organisator.ch\\\/en\\\/general\\\/2021-08-18\\\/revolutionaeres-messsystem\\\/#primaryimage\"},\"thumbnailUrl\":\"https:\\\/\\\/www.organisator.ch\\\/wp-content\\\/uploads\\\/2021\\\/07\\\/flying_radiometer_sky.jpg\",\"datePublished\":\"2021-08-18T05:21:45+00:00\",\"description\":\"Die WSL hat ein von einer Drohne getragenes Messsystem als kosteng\u00fcnstige Alternative zu satelliten- und bodengest\u00fctzten Feuchtigkeitsmessungen entwickelt.\",\"breadcrumb\":{\"@id\":\"https:\\\/\\\/www.organisator.ch\\\/en\\\/general\\\/2021-08-18\\\/revolutionaeres-messsystem\\\/#breadcrumb\"},\"inLanguage\":\"fr-FR\",\"potentialAction\":[{\"@type\":\"ReadAction\",\"target\":[\"https:\\\/\\\/www.organisator.ch\\\/en\\\/general\\\/2021-08-18\\\/revolutionaeres-messsystem\\\/\"]}]},{\"@type\":\"ImageObject\",\"inLanguage\":\"fr-FR\",\"@id\":\"https:\\\/\\\/www.organisator.ch\\\/en\\\/general\\\/2021-08-18\\\/revolutionaeres-messsystem\\\/#primaryimage\",\"url\":\"https:\\\/\\\/www.organisator.ch\\\/wp-content\\\/uploads\\\/2021\\\/07\\\/flying_radiometer_sky.jpg\",\"contentUrl\":\"https:\\\/\\\/www.organisator.ch\\\/wp-content\\\/uploads\\\/2021\\\/07\\\/flying_radiometer_sky.jpg\",\"width\":2400,\"height\":1600,\"caption\":\"Das erste WSL-Radiometer, das an eine Drohne passt. \u00a9 WSL\"},{\"@type\":\"BreadcrumbList\",\"@id\":\"https:\\\/\\\/www.organisator.ch\\\/en\\\/general\\\/2021-08-18\\\/revolutionaeres-messsystem\\\/#breadcrumb\",\"itemListElement\":[{\"@type\":\"ListItem\",\"position\":1,\"name\":\"Home\",\"item\":\"https:\\\/\\\/www.organisator.ch\\\/\"},{\"@type\":\"ListItem\",\"position\":2,\"name\":\"Revolution\u00e4res Messsystem\"}]},{\"@type\":\"WebSite\",\"@id\":\"https:\\\/\\\/www.organisator.ch\\\/#website\",\"url\":\"https:\\\/\\\/www.organisator.ch\\\/\",\"name\":\"Organisator\",\"description\":\"Kompetent. Praxisnah. Der ORGANISATOR bereitet in 10 Ausgaben pro Jahr die wesentlichen Themen f\u00fcr F\u00fchrungskr\u00e4fte von KMU auf.\",\"publisher\":{\"@id\":\"https:\\\/\\\/www.organisator.ch\\\/#organization\"},\"potentialAction\":[{\"@type\":\"SearchAction\",\"target\":{\"@type\":\"EntryPoint\",\"urlTemplate\":\"https:\\\/\\\/www.organisator.ch\\\/?s={search_term_string}\"},\"query-input\":{\"@type\":\"PropertyValueSpecification\",\"valueRequired\":true,\"valueName\":\"search_term_string\"}}],\"inLanguage\":\"fr-FR\"},{\"@type\":\"Organization\",\"@id\":\"https:\\\/\\\/www.organisator.ch\\\/#organization\",\"name\":\"Organisator\",\"url\":\"https:\\\/\\\/www.organisator.ch\\\/\",\"logo\":{\"@type\":\"ImageObject\",\"inLanguage\":\"fr-FR\",\"@id\":\"https:\\\/\\\/www.organisator.ch\\\/#\\\/schema\\\/logo\\\/image\\\/\",\"url\":\"https:\\\/\\\/www.organisator.ch\\\/wp-content\\\/uploads\\\/2022\\\/01\\\/Logo_Organisator_Website.png\",\"contentUrl\":\"https:\\\/\\\/www.organisator.ch\\\/wp-content\\\/uploads\\\/2022\\\/01\\\/Logo_Organisator_Website.png\",\"width\":800,\"height\":77,\"caption\":\"Organisator\"},\"image\":{\"@id\":\"https:\\\/\\\/www.organisator.ch\\\/#\\\/schema\\\/logo\\\/image\\\/\"},\"sameAs\":[\"https:\\\/\\\/www.facebook.com\\\/OrganisatorFachmagazin\",\"https:\\\/\\\/www.linkedin.com\\\/showcase\\\/organisator-das-magazin-fr-kmu\",\"https:\\\/\\\/www.xing.com\\\/news\\\/pages\\\/organisator-ch-695\",\"https:\\\/\\\/www.youtube.com\\\/channel\\\/UCGP2Sq0iWaZwT3BdIAQFYpw\"]},{\"@type\":\"Person\",\"@id\":\"https:\\\/\\\/www.organisator.ch\\\/#\\\/schema\\\/person\\\/a800b8c54e208b160517a7dcc323161d\",\"name\":\"roger.straessle\",\"image\":{\"@type\":\"ImageObject\",\"inLanguage\":\"fr-FR\",\"@id\":\"https:\\\/\\\/secure.gravatar.com\\\/avatar\\\/?s=96&d=mm&r=g\",\"url\":\"https:\\\/\\\/secure.gravatar.com\\\/avatar\\\/?s=96&d=mm&r=g\",\"contentUrl\":\"https:\\\/\\\/secure.gravatar.com\\\/avatar\\\/?s=96&d=mm&r=g\",\"caption\":\"roger.straessle\"},\"url\":\"https:\\\/\\\/www.organisator.ch\\\/fr\\\/author\\\/roger-straessle\\\/\"}]}<\/script>\n<!-- \/ Yoast SEO plugin. -->","yoast_head_json":{"title":"Syst\u00e8me de mesure r\u00e9volutionnaire - Organisateur","description":"Le WSL a d\u00e9velopp\u00e9 un syst\u00e8me de mesure port\u00e9 par un drone comme alternative \u00e9conomique aux mesures d'humidit\u00e9 par satellite et au sol.","robots":{"index":"index","follow":"follow","max-snippet":"max-snippet:-1","max-image-preview":"max-image-preview:large","max-video-preview":"max-video-preview:-1"},"canonical":"https:\/\/www.organisator.ch\/fr\/general\/2021-08-18\/revolutionaeres-messsystem\/","og_locale":"fr_FR","og_type":"article","og_title":"Revolution\u00e4res Messsystem - Organisator","og_description":"Die WSL hat ein von einer Drohne getragenes Messsystem als kosteng\u00fcnstige Alternative zu satelliten- und bodengest\u00fctzten Feuchtigkeitsmessungen entwickelt.","og_url":"https:\/\/www.organisator.ch\/fr\/general\/2021-08-18\/revolutionaeres-messsystem\/","og_site_name":"Organisator","article_publisher":"https:\/\/www.facebook.com\/OrganisatorFachmagazin","article_published_time":"2021-08-18T05:21:45+00:00","og_image":[{"width":2400,"height":1600,"url":"https:\/\/www.organisator.ch\/wp-content\/uploads\/2021\/07\/flying_radiometer_sky.jpg","type":"image\/jpeg"}],"author":"roger.straessle","twitter_card":"summary_large_image","schema":{"@context":"https:\/\/schema.org","@graph":[{"@type":"Article","@id":"https:\/\/www.organisator.ch\/en\/general\/2021-08-18\/revolutionaeres-messsystem\/#article","isPartOf":{"@id":"https:\/\/www.organisator.ch\/en\/general\/2021-08-18\/revolutionaeres-messsystem\/"},"author":{"name":"roger.straessle","@id":"https:\/\/www.organisator.ch\/#\/schema\/person\/a800b8c54e208b160517a7dcc323161d"},"headline":"Revolution\u00e4res Messsystem","datePublished":"2021-08-18T05:21:45+00:00","mainEntityOfPage":{"@id":"https:\/\/www.organisator.ch\/en\/general\/2021-08-18\/revolutionaeres-messsystem\/"},"wordCount":372,"publisher":{"@id":"https:\/\/www.organisator.ch\/#organization"},"image":{"@id":"https:\/\/www.organisator.ch\/en\/general\/2021-08-18\/revolutionaeres-messsystem\/#primaryimage"},"thumbnailUrl":"https:\/\/www.organisator.ch\/wp-content\/uploads\/2021\/07\/flying_radiometer_sky.jpg","keywords":["Radiometer","WSL"],"articleSection":["Allgemein"],"inLanguage":"fr-FR"},{"@type":"WebPage","@id":"https:\/\/www.organisator.ch\/en\/general\/2021-08-18\/revolutionaeres-messsystem\/","url":"https:\/\/www.organisator.ch\/en\/general\/2021-08-18\/revolutionaeres-messsystem\/","name":"Syst\u00e8me de mesure r\u00e9volutionnaire - Organisateur","isPartOf":{"@id":"https:\/\/www.organisator.ch\/#website"},"primaryImageOfPage":{"@id":"https:\/\/www.organisator.ch\/en\/general\/2021-08-18\/revolutionaeres-messsystem\/#primaryimage"},"image":{"@id":"https:\/\/www.organisator.ch\/en\/general\/2021-08-18\/revolutionaeres-messsystem\/#primaryimage"},"thumbnailUrl":"https:\/\/www.organisator.ch\/wp-content\/uploads\/2021\/07\/flying_radiometer_sky.jpg","datePublished":"2021-08-18T05:21:45+00:00","description":"Le WSL a d\u00e9velopp\u00e9 un syst\u00e8me de mesure port\u00e9 par un drone comme alternative \u00e9conomique aux mesures d'humidit\u00e9 par satellite et au sol.","breadcrumb":{"@id":"https:\/\/www.organisator.ch\/en\/general\/2021-08-18\/revolutionaeres-messsystem\/#breadcrumb"},"inLanguage":"fr-FR","potentialAction":[{"@type":"ReadAction","target":["https:\/\/www.organisator.ch\/en\/general\/2021-08-18\/revolutionaeres-messsystem\/"]}]},{"@type":"ImageObject","inLanguage":"fr-FR","@id":"https:\/\/www.organisator.ch\/en\/general\/2021-08-18\/revolutionaeres-messsystem\/#primaryimage","url":"https:\/\/www.organisator.ch\/wp-content\/uploads\/2021\/07\/flying_radiometer_sky.jpg","contentUrl":"https:\/\/www.organisator.ch\/wp-content\/uploads\/2021\/07\/flying_radiometer_sky.jpg","width":2400,"height":1600,"caption":"Das erste WSL-Radiometer, das an eine Drohne passt. \u00a9 WSL"},{"@type":"BreadcrumbList","@id":"https:\/\/www.organisator.ch\/en\/general\/2021-08-18\/revolutionaeres-messsystem\/#breadcrumb","itemListElement":[{"@type":"ListItem","position":1,"name":"Home","item":"https:\/\/www.organisator.ch\/"},{"@type":"ListItem","position":2,"name":"Revolution\u00e4res Messsystem"}]},{"@type":"WebSite","@id":"https:\/\/www.organisator.ch\/#website","url":"https:\/\/www.organisator.ch\/","name":"Organisateur","description":"Comp\u00e9tence et comp\u00e9tence. Proches de la pratique. L'ORGANISATEUR pr\u00e9pare 10 num\u00e9ros par an sur les th\u00e8mes essentiels pour les dirigeants de PME.","publisher":{"@id":"https:\/\/www.organisator.ch\/#organization"},"potentialAction":[{"@type":"SearchAction","target":{"@type":"EntryPoint","urlTemplate":"https:\/\/www.organisator.ch\/?s={search_term_string}"},"query-input":{"@type":"PropertyValueSpecification","valueRequired":true,"valueName":"search_term_string"}}],"inLanguage":"fr-FR"},{"@type":"Organization","@id":"https:\/\/www.organisator.ch\/#organization","name":"Organisateur","url":"https:\/\/www.organisator.ch\/","logo":{"@type":"ImageObject","inLanguage":"fr-FR","@id":"https:\/\/www.organisator.ch\/#\/schema\/logo\/image\/","url":"https:\/\/www.organisator.ch\/wp-content\/uploads\/2022\/01\/Logo_Organisator_Website.png","contentUrl":"https:\/\/www.organisator.ch\/wp-content\/uploads\/2022\/01\/Logo_Organisator_Website.png","width":800,"height":77,"caption":"Organisator"},"image":{"@id":"https:\/\/www.organisator.ch\/#\/schema\/logo\/image\/"},"sameAs":["https:\/\/www.facebook.com\/OrganisatorFachmagazin","https:\/\/www.linkedin.com\/showcase\/organisator-das-magazin-fr-kmu","https:\/\/www.xing.com\/news\/pages\/organisator-ch-695","https:\/\/www.youtube.com\/channel\/UCGP2Sq0iWaZwT3BdIAQFYpw"]},{"@type":"Person","@id":"https:\/\/www.organisator.ch\/#\/schema\/person\/a800b8c54e208b160517a7dcc323161d","name":"roger.straessle","image":{"@type":"ImageObject","inLanguage":"fr-FR","@id":"https:\/\/secure.gravatar.com\/avatar\/?s=96&d=mm&r=g","url":"https:\/\/secure.gravatar.com\/avatar\/?s=96&d=mm&r=g","contentUrl":"https:\/\/secure.gravatar.com\/avatar\/?s=96&d=mm&r=g","caption":"roger.straessle"},"url":"https:\/\/www.organisator.ch\/fr\/author\/roger-straessle\/"}]}},"_links":{"self":[{"href":"https:\/\/www.organisator.ch\/fr\/wp-json\/wp\/v2\/posts\/4545","targetHints":{"allow":["GET"]}}],"collection":[{"href":"https:\/\/www.organisator.ch\/fr\/wp-json\/wp\/v2\/posts"}],"about":[{"href":"https:\/\/www.organisator.ch\/fr\/wp-json\/wp\/v2\/types\/post"}],"author":[{"embeddable":true,"href":"https:\/\/www.organisator.ch\/fr\/wp-json\/wp\/v2\/users\/6"}],"replies":[{"embeddable":true,"href":"https:\/\/www.organisator.ch\/fr\/wp-json\/wp\/v2\/comments?post=4545"}],"version-history":[{"count":0,"href":"https:\/\/www.organisator.ch\/fr\/wp-json\/wp\/v2\/posts\/4545\/revisions"}],"wp:featuredmedia":[{"embeddable":true,"href":"https:\/\/www.organisator.ch\/fr\/wp-json\/wp\/v2\/media\/4547"}],"wp:attachment":[{"href":"https:\/\/www.organisator.ch\/fr\/wp-json\/wp\/v2\/media?parent=4545"}],"wp:term":[{"taxonomy":"category","embeddable":true,"href":"https:\/\/www.organisator.ch\/fr\/wp-json\/wp\/v2\/categories?post=4545"},{"taxonomy":"post_tag","embeddable":true,"href":"https:\/\/www.organisator.ch\/fr\/wp-json\/wp\/v2\/tags?post=4545"}],"curies":[{"name":"wp","href":"https:\/\/api.w.org\/{rel}","templated":true}]}}