{"id":45561,"date":"2026-03-04T10:46:21","date_gmt":"2026-03-04T09:46:21","guid":{"rendered":"https:\/\/www.organisator.ch\/?p=45561"},"modified":"2026-03-18T17:06:54","modified_gmt":"2026-03-18T16:06:54","slug":"zum-weltfrauentag-warum-immer-noch-so-wenige-frauen-in-fuehrungspositionen","status":"publish","type":"post","link":"https:\/\/www.organisator.ch\/fr\/human-resources\/2026-03-04\/zum-weltfrauentag-warum-immer-noch-so-wenige-frauen-in-fuehrungspositionen\/","title":{"rendered":"A l'occasion de la Journ\u00e9e internationale de la femme : pourquoi les femmes sont-elles encore si peu nombreuses \u00e0 occuper des postes \u00e0 responsabilit\u00e9 ?"},"content":{"rendered":"<figure id=\"attachment_45574\" aria-describedby=\"caption-attachment-45574\" style=\"width: 680px\" class=\"wp-caption alignnone\"><img loading=\"lazy\" decoding=\"async\" class=\"size-full wp-image-45574\" src=\"https:\/\/www.organisator.ch\/wp-content\/uploads\/2026\/03\/Zum-Weltfrauentag-Warum-immer-noch-so-wenige-Frauen-in-Fuehrungspositionen_Organisator.png\" alt=\"\" width=\"680\" height=\"463\" srcset=\"https:\/\/www.organisator.ch\/wp-content\/uploads\/2026\/03\/Zum-Weltfrauentag-Warum-immer-noch-so-wenige-Frauen-in-Fuehrungspositionen_Organisator.png 680w, https:\/\/www.organisator.ch\/wp-content\/uploads\/2026\/03\/Zum-Weltfrauentag-Warum-immer-noch-so-wenige-Frauen-in-Fuehrungspositionen_Organisator-18x12.png 18w, https:\/\/www.organisator.ch\/wp-content\/uploads\/2026\/03\/Zum-Weltfrauentag-Warum-immer-noch-so-wenige-Frauen-in-Fuehrungspositionen_Organisator-375x255.png 375w, https:\/\/www.organisator.ch\/wp-content\/uploads\/2026\/03\/Zum-Weltfrauentag-Warum-immer-noch-so-wenige-Frauen-in-Fuehrungspositionen_Organisator-514x350.png 514w\" sizes=\"auto, (max-width: 680px) 100vw, 680px\" \/><figcaption id=\"caption-attachment-45574\" class=\"wp-caption-text\">A l'occasion de la Journ\u00e9e internationale de la femme, la question se pose \u00e0 nouveau : pourquoi les femmes sont-elles encore si peu nombreuses \u00e0 gravir les \u00e9chelons ? (Image : zVg \/ Hogan Assessments)<\/figcaption><\/figure>\n<p>Des \u00e9tudes men\u00e9es par Hogan Assessment, un acteur international majeur dans le domaine de l'\u00e9valuation de la personnalit\u00e9 sur le lieu de travail et du conseil en leadership, montrent que les hommes et les femmes occupant des postes de direction pr\u00e9sentent des caract\u00e9ristiques similaires qui contribuent \u00e0 un leadership efficace. Cela peut \u00eatre consid\u00e9r\u00e9 comme une preuve claire que les id\u00e9es longtemps entretenues sur la meilleure personnalit\u00e9 de leader sont d\u00e9pass\u00e9es.<\/p>\n<p>\u00abLorsque nous analysons des d\u00e9cennies de donn\u00e9es sur la personnalit\u00e9 et les performances, nous ne voyons pas de diff\u00e9rences significatives entre les hommes et les femmes en ce qui concerne les facteurs qui d\u00e9finissent r\u00e9ellement une gestion d'entreprise r\u00e9ussie\u00bb, a d\u00e9clar\u00e9 Allison Howell, PDG de Hogan Assessments. \u00abCe que nous voyons tr\u00e8s bien, en revanche, c'est que de nombreuses entreprises s'appuient encore sur des id\u00e9es d\u00e9pass\u00e9es d'un potentiel qui ne peut pas \u00eatre \u00e9tay\u00e9 par des faits\u00bb.\u00bb<\/p>\n<p>Cet \u00e9cart entre les perceptions et les faits se refl\u00e8te encore plus clairement dans les pipelines des dirigeants mondiaux : selon le <em>Rapport mondial sur l'\u00e9cart entre les sexes 2024<\/em> du Forum \u00e9conomique mondial, les femmes n'occupent que 32,2 % des postes de direction les plus \u00e9lev\u00e9s dans le monde, bien que le niveau d'\u00e9ducation soit presque \u00e9gal dans la plupart des r\u00e9gions. En Suisse aussi, la proportion de femmes occupant des postes de direction stagne, <a href=\"https:\/\/www.organisator.ch\/de\/human-resources\/2026-02-26\/schweizer-fuehrungsgremien-im-wandel-aelter-internationaler-und-tech-affiner\/\">comme le prouve le dernier rapport sur le schilling<\/a>.<\/p>\n<h3><strong>Les crit\u00e8res du potentiel de leadership ne correspondent pas aux faits<\/strong><\/h3>\n<p>Dans la pratique, le potentiel de leadership est souvent associ\u00e9 \u00e0 des signes visibles de confiance en soi, de domination ou de pr\u00e9sentation de soi. Les \u00e9tudes de Hogan indiquent que ces signaux sont souvent surestim\u00e9s, alors que des caract\u00e9ristiques de leadership tout aussi significatives, telles que le jugement, l'autor\u00e9gulation, la capacit\u00e9 d'apprentissage et l'orientation de la motivation, re\u00e7oivent moins d'attention, bien qu'elles soient des signes forts d'efficacit\u00e9 \u00e0 long terme.<\/p>\n<p>Pour de nombreuses femmes, le d\u00e9fi r\u00e9side donc moins dans la volont\u00e9 que dans l'acc\u00e8s. Les d\u00e9cisions pr\u00e9coces en mati\u00e8re de promotion et de d\u00e9veloppement sont souvent influenc\u00e9es par des jugements informels qui, dans l'ombre, d\u00e9terminent qui sera encourag\u00e9, soutenu et promu pendant des ann\u00e9es - bien avant que les r\u00f4les de direction ne se profilent effectivement \u00e0 l'horizon.<\/p>\n<p>Cette phase pr\u00e9coce est parfaitement document\u00e9e : Le rapport \u00ab<em>Les femmes dans le monde du travail\u00bb<\/em> de McKinsey &amp; Company et LeanIn.Org de 2023 indique que pour 100 hommes promus managers, \u00e0 peine 87 femmes gravissent un \u00ab\u00e9chelon cass\u00e9\u00bb de l'\u00e9chelle de carri\u00e8re, ce qui aggrave les in\u00e9galit\u00e9s \u00e0 chaque niveau suppl\u00e9mentaire.<\/p>\n<h3><strong>Le mythe de l'ambition en baisse<\/strong><\/h3>\n<p>Une autre explication courante de la sous-repr\u00e9sentation des femmes dans la direction des entreprises est la perception d'un \u00ab\u00e9cart d'ambition\u00bb. Les donn\u00e9es de Hogan parlent un autre langage : la motivation et l'ambition restent pr\u00e9sentes de mani\u00e8re r\u00e9guli\u00e8re au cours de la carri\u00e8re des femmes, mais sont largement influenc\u00e9es par le contexte entrepreneurial.<\/p>\n<p>\u00abLes femmes ne sont pas moins ambitieuses que les hommes\u00bb, explique Howell. \u00abCe qui change en revanche, c'est la mani\u00e8re dont les personnes r\u00e9agissent aux environnements dans lesquels les possibilit\u00e9s d'\u00e9volution sont peu claires ou instables. Faire un pas en arri\u00e8re est souvent une d\u00e9cision strat\u00e9gique, pas le signe d'un manque d'aspiration\u00bb.\u00bb<\/p>\n<p>En fait, l'ambition reste \u00e9lev\u00e9e, m\u00eame si la repr\u00e9sentation diminue : des \u00e9tudes montrent continuellement que les objectifs de carri\u00e8re des femmes et des hommes sont comparables en d\u00e9but de carri\u00e8re. Toutefois, la repr\u00e9sentation diminue \u00e0 chaque niveau de direction successif - et ce en raison de barri\u00e8res structurelles et non d'un manque de motivation. <em>(Source : McKinsey &amp; Company &amp; LeanIn.Org, Women in the Workplace 2023)<\/em><\/p>\n<p>Dans un tel environnement, les femmes prennent des d\u00e9cisions r\u00e9fl\u00e9chies quant au moment - et \u00e0 l'opportunit\u00e9 - de franchir la prochaine \u00e9tape de leur carri\u00e8re et r\u00e9agissent de mani\u00e8re rationnelle aux syst\u00e8mes qui ne r\u00e9compensent pas toujours comme il se doit leur style de leadership.<\/p>\n<h3><strong>O\u00f9 se situent r\u00e9ellement les obstacles<\/strong><\/h3>\n<p>L'\u00e9tude de Hogan sur le mythe de la femme dans la direction d'entreprise montre que les diff\u00e9rences entre les hommes et les femmes disparaissent en grande partie au niveau de la direction sup\u00e9rieure. Malgr\u00e9 cela, les femmes restent sous-repr\u00e9sent\u00e9es au niveau des conseils d'administration, car les obstacles les plus importants surviennent d\u00e8s le d\u00e9but de la carri\u00e8re, lors du recrutement, des promotions en cours de carri\u00e8re et des d\u00e9cisions de soutien, lorsque les jugements subjectifs sont souvent plus importants qu'une \u00e9valuation objective.<\/p>\n<p>\u00abUne grande partie de cette in\u00e9galit\u00e9 en mati\u00e8re de leadership se produit bien avant que les r\u00f4les de leadership ne soient mis sur la table\u00bb, explique Howell. \u00abCes premi\u00e8res \u00e9tapes d\u00e9terminent secr\u00e8tement qui est visible, qui est soutenu et qui a acc\u00e8s \u00e0 des opportunit\u00e9s qui favorisent la carri\u00e8re\u00bb.\u00bb<\/p>\n<p>Cet effet cumulatif est \u00e9galement visible au niveau des plus hauts dirigeants en Europe : selon l'Institut europ\u00e9en pour l'\u00e9galit\u00e9 entre les hommes et les femmes (2024), les femmes occupent 34 % des postes de direction les plus \u00e9lev\u00e9s dans l'UE, mais seulement 8 % des postes de PDG dans les plus grandes soci\u00e9t\u00e9s cot\u00e9es en bourse.<\/p>\n<h3><strong>Une voie plus objective vers l'avenir<\/strong><\/h3>\n<p>Pour Hogan, la Journ\u00e9e mondiale de la femme du 8 mars 2026 ne consiste pas seulement \u00e0 prescrire des solutions simples \u00e0 un probl\u00e8me, mais \u00e0 encourager la r\u00e9flexion - au niveau de l'entreprise mais aussi au niveau personnel. En tant que femme cadre dans une entreprise internationale, Howell souligne l'importance de remettre en question les id\u00e9es re\u00e7ues persistantes sur la gestion d'entreprise et d'encourager les femmes \u00e0 comprendre et \u00e0 utiliser leurs propres atouts en toute connaissance de cause.<\/p>\n<p>L'argument est \u00e9vident : selon l'\u00e9tude McKinsey de 2023, \u00abDiversity Matters Even More\u00bb, les entreprises qui sont \u00e0 la pointe en mati\u00e8re de diversit\u00e9 des genres dans les \u00e9quipes de direction ont 39 % de chances suppl\u00e9mentaires d'obtenir de meilleurs r\u00e9sultats financiers que les entreprises \u00e0 la tra\u00eene dans ce domaine.<\/p>\n<p>\u00abEn tant que femmes, nous sommes encore trop souvent mesur\u00e9es selon des crit\u00e8res qui n'ont jamais \u00e9t\u00e9 cr\u00e9\u00e9s pour nous\u00bb, explique Howell. \u00abLa science prouve que ces distinctions ne correspondent pas \u00e0 la r\u00e9alit\u00e9. Savoir comment je dirige, ce qui me motive et ce en quoi je suis le plus efficace peut \u00eatre une source de force importante - m\u00eame si les moulins du syst\u00e8me ne tournent que lentement\u00bb.\u00bb<\/p>\n<p>En mati\u00e8re de gestion d'entreprise, il n'est pas n\u00e9cessaire de rentrer dans un moule particulier, ajoute-t-elle. \u00abIl faut rester visible, faire preuve d'un engagement continu et adopter un style de direction authentique qui refl\u00e8te sa personnalit\u00e9 - m\u00eame si la reconnaissance intervient plus tard qu'elle ne le devrait\u00bb.\u00bb<\/p>\n<p><em>Source : <a href=\"https:\/\/www.hoganassessments.com\/\">\u00c9valuations Hogan<\/a><\/em><\/p>","protected":false},"excerpt":{"rendered":"<p>Aujourd'hui, les femmes n'occupent que 10 % des postes de CEO dans les entreprises du Fortune 500 - un \u00e9cart qui persiste malgr\u00e9 une \u00e9ducation, une exp\u00e9rience et des performances comparables. A l'occasion de la Journ\u00e9e internationale de la femme de cette ann\u00e9e, Hogan Assessments se penche sur les raisons de cette situation.<\/p>","protected":false},"author":4,"featured_media":45574,"comment_status":"closed","ping_status":"closed","sticky":false,"template":"","format":"standard","meta":{"_acf_changed":false,"_yoast_wpseo_focuskw":"Weltfrauentag","_yoast_wpseo_metadesc":"Hogan Assessments geht zum diesj\u00e4hrigen Weltfrauentag der Frage nach, weshalb immer noch so wenig Frauen F\u00fchrungspositionen bekleiden.","articlekey":"","footnotes":""},"categories":[579],"tags":[5865,254,294,335,519],"class_list":["post-45561","post","type-post","status-publish","format-standard","has-post-thumbnail","hentry","category-human-resources","tag-frauen-in-fuehrungspositionen","tag-hrm","tag-karriere","tag-management-und-unternehmensfuehrung","tag-weltfrauentag"],"acf":[],"yoast_head":"<!-- This site is optimized with the Yoast SEO plugin v27.4 - https:\/\/yoast.com\/product\/yoast-seo-wordpress\/ -->\n<title>Zum Weltfrauentag: Warum immer noch so wenige Frauen in F\u00fchrungspositionen? - Organisator<\/title>\n<meta name=\"description\" content=\"Hogan Assessments geht zum diesj\u00e4hrigen Weltfrauentag der Frage nach, weshalb immer noch so wenig Frauen F\u00fchrungspositionen bekleiden.\" \/>\n<meta name=\"robots\" content=\"index, follow, max-snippet:-1, max-image-preview:large, max-video-preview:-1\" \/>\n<link rel=\"canonical\" href=\"https:\/\/www.organisator.ch\/fr\/ressources-humaines\/2026-03-04\/zum-weltfrauentag-warum-immer-noch-so-wenige-frauen-in-fuehrungspositionen\/\" \/>\n<meta property=\"og:locale\" content=\"fr_FR\" \/>\n<meta property=\"og:type\" content=\"article\" \/>\n<meta property=\"og:title\" content=\"Zum Weltfrauentag: Warum immer noch so wenige Frauen in F\u00fchrungspositionen?\" \/>\n<meta property=\"og:description\" content=\"Hogan Assessments geht zum diesj\u00e4hrigen Weltfrauentag der Frage nach, weshalb immer noch so wenig Frauen F\u00fchrungspositionen bekleiden.\" \/>\n<meta property=\"og:url\" content=\"https:\/\/www.organisator.ch\/fr\/ressources-humaines\/2026-03-04\/zum-weltfrauentag-warum-immer-noch-so-wenige-frauen-in-fuehrungspositionen\/\" \/>\n<meta property=\"og:site_name\" content=\"Organisator\" \/>\n<meta property=\"article:publisher\" content=\"https:\/\/www.facebook.com\/OrganisatorFachmagazin\" \/>\n<meta property=\"article:published_time\" content=\"2026-03-04T09:46:21+00:00\" \/>\n<meta property=\"article:modified_time\" content=\"2026-03-18T16:06:54+00:00\" \/>\n<meta property=\"og:image\" content=\"https:\/\/www.organisator.ch\/wp-content\/uploads\/2026\/03\/Zum-Weltfrauentag-Warum-immer-noch-so-wenige-Frauen-in-Fuehrungspositionen_Organisator.png\" \/>\n\t<meta property=\"og:image:width\" content=\"680\" \/>\n\t<meta property=\"og:image:height\" content=\"463\" \/>\n\t<meta property=\"og:image:type\" content=\"image\/png\" \/>\n<meta name=\"author\" content=\"thomas.berner\" \/>\n<meta name=\"twitter:card\" content=\"summary_large_image\" \/>\n<meta name=\"twitter:title\" content=\"Zum #Weltfrauentag: Warum immer noch so wenige #Frauen in F\u00fchrungspositionen?\" \/>\n<meta name=\"twitter:description\" content=\"#Hogan Assessments geht zum diesj\u00e4hrigen #Weltfrauentag der Frage nach, weshalb immer noch so wenig Frauen #F\u00fchrungspositionen bekleiden.\" \/>\n<meta name=\"twitter:image\" content=\"https:\/\/www.organisator.ch\/wp-content\/uploads\/2026\/03\/Zum-Weltfrauentag-Warum-immer-noch-so-wenige-Frauen-in-Fuehrungspositionen_Organisator.png\" \/>\n<script type=\"application\/ld+json\" class=\"yoast-schema-graph\">{\"@context\":\"https:\\\/\\\/schema.org\",\"@graph\":[{\"@type\":\"Article\",\"@id\":\"https:\\\/\\\/www.organisator.ch\\\/human-resources\\\/2026-03-04\\\/zum-weltfrauentag-warum-immer-noch-so-wenige-frauen-in-fuehrungspositionen\\\/#article\",\"isPartOf\":{\"@id\":\"https:\\\/\\\/www.organisator.ch\\\/human-resources\\\/2026-03-04\\\/zum-weltfrauentag-warum-immer-noch-so-wenige-frauen-in-fuehrungspositionen\\\/\"},\"author\":{\"name\":\"thomas.berner\",\"@id\":\"https:\\\/\\\/www.organisator.ch\\\/#\\\/schema\\\/person\\\/6f650f90b2842cd4c0cc334b4e36f67e\"},\"headline\":\"Zum Weltfrauentag: Warum immer noch so wenige Frauen in F\u00fchrungspositionen?\",\"datePublished\":\"2026-03-04T09:46:21+00:00\",\"dateModified\":\"2026-03-18T16:06:54+00:00\",\"mainEntityOfPage\":{\"@id\":\"https:\\\/\\\/www.organisator.ch\\\/human-resources\\\/2026-03-04\\\/zum-weltfrauentag-warum-immer-noch-so-wenige-frauen-in-fuehrungspositionen\\\/\"},\"wordCount\":980,\"publisher\":{\"@id\":\"https:\\\/\\\/www.organisator.ch\\\/#organization\"},\"image\":{\"@id\":\"https:\\\/\\\/www.organisator.ch\\\/human-resources\\\/2026-03-04\\\/zum-weltfrauentag-warum-immer-noch-so-wenige-frauen-in-fuehrungspositionen\\\/#primaryimage\"},\"thumbnailUrl\":\"https:\\\/\\\/www.organisator.ch\\\/wp-content\\\/uploads\\\/2026\\\/03\\\/Zum-Weltfrauentag-Warum-immer-noch-so-wenige-Frauen-in-Fuehrungspositionen_Organisator.png\",\"keywords\":[\"Frauen in F\u00fchrungspositionen\",\"HRM\",\"Karriere\",\"Management und Unternehmensf\u00fchrung\",\"Weltfrauentag\"],\"articleSection\":[\"HUMAN RESOURCES\"],\"inLanguage\":\"fr-FR\"},{\"@type\":\"WebPage\",\"@id\":\"https:\\\/\\\/www.organisator.ch\\\/human-resources\\\/2026-03-04\\\/zum-weltfrauentag-warum-immer-noch-so-wenige-frauen-in-fuehrungspositionen\\\/\",\"url\":\"https:\\\/\\\/www.organisator.ch\\\/human-resources\\\/2026-03-04\\\/zum-weltfrauentag-warum-immer-noch-so-wenige-frauen-in-fuehrungspositionen\\\/\",\"name\":\"Zum Weltfrauentag: Warum immer noch so wenige Frauen in F\u00fchrungspositionen? - Organisator\",\"isPartOf\":{\"@id\":\"https:\\\/\\\/www.organisator.ch\\\/#website\"},\"primaryImageOfPage\":{\"@id\":\"https:\\\/\\\/www.organisator.ch\\\/human-resources\\\/2026-03-04\\\/zum-weltfrauentag-warum-immer-noch-so-wenige-frauen-in-fuehrungspositionen\\\/#primaryimage\"},\"image\":{\"@id\":\"https:\\\/\\\/www.organisator.ch\\\/human-resources\\\/2026-03-04\\\/zum-weltfrauentag-warum-immer-noch-so-wenige-frauen-in-fuehrungspositionen\\\/#primaryimage\"},\"thumbnailUrl\":\"https:\\\/\\\/www.organisator.ch\\\/wp-content\\\/uploads\\\/2026\\\/03\\\/Zum-Weltfrauentag-Warum-immer-noch-so-wenige-Frauen-in-Fuehrungspositionen_Organisator.png\",\"datePublished\":\"2026-03-04T09:46:21+00:00\",\"dateModified\":\"2026-03-18T16:06:54+00:00\",\"description\":\"Hogan Assessments geht zum diesj\u00e4hrigen Weltfrauentag der Frage nach, weshalb immer noch so wenig Frauen F\u00fchrungspositionen bekleiden.\",\"breadcrumb\":{\"@id\":\"https:\\\/\\\/www.organisator.ch\\\/human-resources\\\/2026-03-04\\\/zum-weltfrauentag-warum-immer-noch-so-wenige-frauen-in-fuehrungspositionen\\\/#breadcrumb\"},\"inLanguage\":\"fr-FR\",\"potentialAction\":[{\"@type\":\"ReadAction\",\"target\":[\"https:\\\/\\\/www.organisator.ch\\\/human-resources\\\/2026-03-04\\\/zum-weltfrauentag-warum-immer-noch-so-wenige-frauen-in-fuehrungspositionen\\\/\"]}]},{\"@type\":\"ImageObject\",\"inLanguage\":\"fr-FR\",\"@id\":\"https:\\\/\\\/www.organisator.ch\\\/human-resources\\\/2026-03-04\\\/zum-weltfrauentag-warum-immer-noch-so-wenige-frauen-in-fuehrungspositionen\\\/#primaryimage\",\"url\":\"https:\\\/\\\/www.organisator.ch\\\/wp-content\\\/uploads\\\/2026\\\/03\\\/Zum-Weltfrauentag-Warum-immer-noch-so-wenige-Frauen-in-Fuehrungspositionen_Organisator.png\",\"contentUrl\":\"https:\\\/\\\/www.organisator.ch\\\/wp-content\\\/uploads\\\/2026\\\/03\\\/Zum-Weltfrauentag-Warum-immer-noch-so-wenige-Frauen-in-Fuehrungspositionen_Organisator.png\",\"width\":680,\"height\":463,\"caption\":\"Zum Weltfrauentag stellt sich erneut die Frage: Weshalb steigen immer noch so wenige Frauen die Karriereleiter hoch? (Bild: zVg \\\/ Hogan Assessments)\"},{\"@type\":\"BreadcrumbList\",\"@id\":\"https:\\\/\\\/www.organisator.ch\\\/human-resources\\\/2026-03-04\\\/zum-weltfrauentag-warum-immer-noch-so-wenige-frauen-in-fuehrungspositionen\\\/#breadcrumb\",\"itemListElement\":[{\"@type\":\"ListItem\",\"position\":1,\"name\":\"Home\",\"item\":\"https:\\\/\\\/www.organisator.ch\\\/\"},{\"@type\":\"ListItem\",\"position\":2,\"name\":\"Zum Weltfrauentag: Warum immer noch so wenige Frauen in F\u00fchrungspositionen?\"}]},{\"@type\":\"WebSite\",\"@id\":\"https:\\\/\\\/www.organisator.ch\\\/#website\",\"url\":\"https:\\\/\\\/www.organisator.ch\\\/\",\"name\":\"Organisator\",\"description\":\"Kompetent. Praxisnah. Der ORGANISATOR bereitet in 10 Ausgaben pro Jahr die wesentlichen Themen f\u00fcr F\u00fchrungskr\u00e4fte von KMU auf.\",\"publisher\":{\"@id\":\"https:\\\/\\\/www.organisator.ch\\\/#organization\"},\"potentialAction\":[{\"@type\":\"SearchAction\",\"target\":{\"@type\":\"EntryPoint\",\"urlTemplate\":\"https:\\\/\\\/www.organisator.ch\\\/?s={search_term_string}\"},\"query-input\":{\"@type\":\"PropertyValueSpecification\",\"valueRequired\":true,\"valueName\":\"search_term_string\"}}],\"inLanguage\":\"fr-FR\"},{\"@type\":\"Organization\",\"@id\":\"https:\\\/\\\/www.organisator.ch\\\/#organization\",\"name\":\"Organisator\",\"url\":\"https:\\\/\\\/www.organisator.ch\\\/\",\"logo\":{\"@type\":\"ImageObject\",\"inLanguage\":\"fr-FR\",\"@id\":\"https:\\\/\\\/www.organisator.ch\\\/#\\\/schema\\\/logo\\\/image\\\/\",\"url\":\"https:\\\/\\\/www.organisator.ch\\\/wp-content\\\/uploads\\\/2022\\\/01\\\/Logo_Organisator_Website.png\",\"contentUrl\":\"https:\\\/\\\/www.organisator.ch\\\/wp-content\\\/uploads\\\/2022\\\/01\\\/Logo_Organisator_Website.png\",\"width\":800,\"height\":77,\"caption\":\"Organisator\"},\"image\":{\"@id\":\"https:\\\/\\\/www.organisator.ch\\\/#\\\/schema\\\/logo\\\/image\\\/\"},\"sameAs\":[\"https:\\\/\\\/www.facebook.com\\\/OrganisatorFachmagazin\",\"https:\\\/\\\/www.linkedin.com\\\/showcase\\\/organisator-das-magazin-fr-kmu\",\"https:\\\/\\\/www.xing.com\\\/news\\\/pages\\\/organisator-ch-695\",\"https:\\\/\\\/www.youtube.com\\\/channel\\\/UCGP2Sq0iWaZwT3BdIAQFYpw\"]},{\"@type\":\"Person\",\"@id\":\"https:\\\/\\\/www.organisator.ch\\\/#\\\/schema\\\/person\\\/6f650f90b2842cd4c0cc334b4e36f67e\",\"name\":\"thomas.berner\",\"image\":{\"@type\":\"ImageObject\",\"inLanguage\":\"fr-FR\",\"@id\":\"https:\\\/\\\/secure.gravatar.com\\\/avatar\\\/ac5001d2a36cb6c6cd3e50789007ffca834b477b74a2144564522e944eabff61?s=96&d=mm&r=g\",\"url\":\"https:\\\/\\\/secure.gravatar.com\\\/avatar\\\/ac5001d2a36cb6c6cd3e50789007ffca834b477b74a2144564522e944eabff61?s=96&d=mm&r=g\",\"contentUrl\":\"https:\\\/\\\/secure.gravatar.com\\\/avatar\\\/ac5001d2a36cb6c6cd3e50789007ffca834b477b74a2144564522e944eabff61?s=96&d=mm&r=g\",\"caption\":\"thomas.berner\"},\"url\":\"https:\\\/\\\/www.organisator.ch\\\/fr\\\/author\\\/thomas-berner\\\/\"}]}<\/script>\n<!-- \/ Yoast SEO plugin. -->","yoast_head_json":{"title":"\u00c0 l'occasion de la Journ\u00e9e internationale de la femme : pourquoi toujours aussi peu de femmes occupent-elles des postes \u00e0 responsabilit\u00e9 ? - Organisateur","description":"A l'occasion de la Journ\u00e9e internationale de la femme, Hogan Assessments se penche sur la question de savoir pourquoi les femmes sont encore si peu nombreuses \u00e0 occuper des postes de direction.","robots":{"index":"index","follow":"follow","max-snippet":"max-snippet:-1","max-image-preview":"max-image-preview:large","max-video-preview":"max-video-preview:-1"},"canonical":"https:\/\/www.organisator.ch\/fr\/ressources-humaines\/2026-03-04\/zum-weltfrauentag-warum-immer-noch-so-wenige-frauen-in-fuehrungspositionen\/","og_locale":"fr_FR","og_type":"article","og_title":"Zum Weltfrauentag: Warum immer noch so wenige Frauen in F\u00fchrungspositionen?","og_description":"Hogan Assessments geht zum diesj\u00e4hrigen Weltfrauentag der Frage nach, weshalb immer noch so wenig Frauen F\u00fchrungspositionen bekleiden.","og_url":"https:\/\/www.organisator.ch\/fr\/ressources-humaines\/2026-03-04\/zum-weltfrauentag-warum-immer-noch-so-wenige-frauen-in-fuehrungspositionen\/","og_site_name":"Organisator","article_publisher":"https:\/\/www.facebook.com\/OrganisatorFachmagazin","article_published_time":"2026-03-04T09:46:21+00:00","article_modified_time":"2026-03-18T16:06:54+00:00","og_image":[{"width":680,"height":463,"url":"https:\/\/www.organisator.ch\/wp-content\/uploads\/2026\/03\/Zum-Weltfrauentag-Warum-immer-noch-so-wenige-Frauen-in-Fuehrungspositionen_Organisator.png","type":"image\/png"}],"author":"thomas.berner","twitter_card":"summary_large_image","twitter_title":"Zum #Weltfrauentag: Warum immer noch so wenige #Frauen in F\u00fchrungspositionen?","twitter_description":"#Hogan Assessments geht zum diesj\u00e4hrigen #Weltfrauentag der Frage nach, weshalb immer noch so wenig Frauen #F\u00fchrungspositionen bekleiden.","twitter_image":"https:\/\/www.organisator.ch\/wp-content\/uploads\/2026\/03\/Zum-Weltfrauentag-Warum-immer-noch-so-wenige-Frauen-in-Fuehrungspositionen_Organisator.png","schema":{"@context":"https:\/\/schema.org","@graph":[{"@type":"Article","@id":"https:\/\/www.organisator.ch\/human-resources\/2026-03-04\/zum-weltfrauentag-warum-immer-noch-so-wenige-frauen-in-fuehrungspositionen\/#article","isPartOf":{"@id":"https:\/\/www.organisator.ch\/human-resources\/2026-03-04\/zum-weltfrauentag-warum-immer-noch-so-wenige-frauen-in-fuehrungspositionen\/"},"author":{"name":"thomas.berner","@id":"https:\/\/www.organisator.ch\/#\/schema\/person\/6f650f90b2842cd4c0cc334b4e36f67e"},"headline":"Zum Weltfrauentag: Warum immer noch so wenige Frauen in F\u00fchrungspositionen?","datePublished":"2026-03-04T09:46:21+00:00","dateModified":"2026-03-18T16:06:54+00:00","mainEntityOfPage":{"@id":"https:\/\/www.organisator.ch\/human-resources\/2026-03-04\/zum-weltfrauentag-warum-immer-noch-so-wenige-frauen-in-fuehrungspositionen\/"},"wordCount":980,"publisher":{"@id":"https:\/\/www.organisator.ch\/#organization"},"image":{"@id":"https:\/\/www.organisator.ch\/human-resources\/2026-03-04\/zum-weltfrauentag-warum-immer-noch-so-wenige-frauen-in-fuehrungspositionen\/#primaryimage"},"thumbnailUrl":"https:\/\/www.organisator.ch\/wp-content\/uploads\/2026\/03\/Zum-Weltfrauentag-Warum-immer-noch-so-wenige-Frauen-in-Fuehrungspositionen_Organisator.png","keywords":["Frauen in F\u00fchrungspositionen","HRM","Karriere","Management und Unternehmensf\u00fchrung","Weltfrauentag"],"articleSection":["HUMAN RESOURCES"],"inLanguage":"fr-FR"},{"@type":"WebPage","@id":"https:\/\/www.organisator.ch\/human-resources\/2026-03-04\/zum-weltfrauentag-warum-immer-noch-so-wenige-frauen-in-fuehrungspositionen\/","url":"https:\/\/www.organisator.ch\/human-resources\/2026-03-04\/zum-weltfrauentag-warum-immer-noch-so-wenige-frauen-in-fuehrungspositionen\/","name":"\u00c0 l'occasion de la Journ\u00e9e internationale de la femme : pourquoi toujours aussi peu de femmes occupent-elles des postes \u00e0 responsabilit\u00e9 ? - Organisateur","isPartOf":{"@id":"https:\/\/www.organisator.ch\/#website"},"primaryImageOfPage":{"@id":"https:\/\/www.organisator.ch\/human-resources\/2026-03-04\/zum-weltfrauentag-warum-immer-noch-so-wenige-frauen-in-fuehrungspositionen\/#primaryimage"},"image":{"@id":"https:\/\/www.organisator.ch\/human-resources\/2026-03-04\/zum-weltfrauentag-warum-immer-noch-so-wenige-frauen-in-fuehrungspositionen\/#primaryimage"},"thumbnailUrl":"https:\/\/www.organisator.ch\/wp-content\/uploads\/2026\/03\/Zum-Weltfrauentag-Warum-immer-noch-so-wenige-Frauen-in-Fuehrungspositionen_Organisator.png","datePublished":"2026-03-04T09:46:21+00:00","dateModified":"2026-03-18T16:06:54+00:00","description":"A l'occasion de la Journ\u00e9e internationale de la femme, Hogan Assessments se penche sur la question de savoir pourquoi les femmes sont encore si peu nombreuses \u00e0 occuper des postes de direction.","breadcrumb":{"@id":"https:\/\/www.organisator.ch\/human-resources\/2026-03-04\/zum-weltfrauentag-warum-immer-noch-so-wenige-frauen-in-fuehrungspositionen\/#breadcrumb"},"inLanguage":"fr-FR","potentialAction":[{"@type":"ReadAction","target":["https:\/\/www.organisator.ch\/human-resources\/2026-03-04\/zum-weltfrauentag-warum-immer-noch-so-wenige-frauen-in-fuehrungspositionen\/"]}]},{"@type":"ImageObject","inLanguage":"fr-FR","@id":"https:\/\/www.organisator.ch\/human-resources\/2026-03-04\/zum-weltfrauentag-warum-immer-noch-so-wenige-frauen-in-fuehrungspositionen\/#primaryimage","url":"https:\/\/www.organisator.ch\/wp-content\/uploads\/2026\/03\/Zum-Weltfrauentag-Warum-immer-noch-so-wenige-Frauen-in-Fuehrungspositionen_Organisator.png","contentUrl":"https:\/\/www.organisator.ch\/wp-content\/uploads\/2026\/03\/Zum-Weltfrauentag-Warum-immer-noch-so-wenige-Frauen-in-Fuehrungspositionen_Organisator.png","width":680,"height":463,"caption":"Zum Weltfrauentag stellt sich erneut die Frage: Weshalb steigen immer noch so wenige Frauen die Karriereleiter hoch? (Bild: zVg \/ Hogan Assessments)"},{"@type":"BreadcrumbList","@id":"https:\/\/www.organisator.ch\/human-resources\/2026-03-04\/zum-weltfrauentag-warum-immer-noch-so-wenige-frauen-in-fuehrungspositionen\/#breadcrumb","itemListElement":[{"@type":"ListItem","position":1,"name":"Home","item":"https:\/\/www.organisator.ch\/"},{"@type":"ListItem","position":2,"name":"Zum Weltfrauentag: Warum immer noch so wenige Frauen in F\u00fchrungspositionen?"}]},{"@type":"WebSite","@id":"https:\/\/www.organisator.ch\/#website","url":"https:\/\/www.organisator.ch\/","name":"Organisateur","description":"Comp\u00e9tence et comp\u00e9tence. Proches de la pratique. L'ORGANISATEUR pr\u00e9pare 10 num\u00e9ros par an sur les th\u00e8mes essentiels pour les dirigeants de PME.","publisher":{"@id":"https:\/\/www.organisator.ch\/#organization"},"potentialAction":[{"@type":"SearchAction","target":{"@type":"EntryPoint","urlTemplate":"https:\/\/www.organisator.ch\/?s={search_term_string}"},"query-input":{"@type":"PropertyValueSpecification","valueRequired":true,"valueName":"search_term_string"}}],"inLanguage":"fr-FR"},{"@type":"Organization","@id":"https:\/\/www.organisator.ch\/#organization","name":"Organisateur","url":"https:\/\/www.organisator.ch\/","logo":{"@type":"ImageObject","inLanguage":"fr-FR","@id":"https:\/\/www.organisator.ch\/#\/schema\/logo\/image\/","url":"https:\/\/www.organisator.ch\/wp-content\/uploads\/2022\/01\/Logo_Organisator_Website.png","contentUrl":"https:\/\/www.organisator.ch\/wp-content\/uploads\/2022\/01\/Logo_Organisator_Website.png","width":800,"height":77,"caption":"Organisator"},"image":{"@id":"https:\/\/www.organisator.ch\/#\/schema\/logo\/image\/"},"sameAs":["https:\/\/www.facebook.com\/OrganisatorFachmagazin","https:\/\/www.linkedin.com\/showcase\/organisator-das-magazin-fr-kmu","https:\/\/www.xing.com\/news\/pages\/organisator-ch-695","https:\/\/www.youtube.com\/channel\/UCGP2Sq0iWaZwT3BdIAQFYpw"]},{"@type":"Person","@id":"https:\/\/www.organisator.ch\/#\/schema\/person\/6f650f90b2842cd4c0cc334b4e36f67e","name":"thomas.berner","image":{"@type":"ImageObject","inLanguage":"fr-FR","@id":"https:\/\/secure.gravatar.com\/avatar\/ac5001d2a36cb6c6cd3e50789007ffca834b477b74a2144564522e944eabff61?s=96&d=mm&r=g","url":"https:\/\/secure.gravatar.com\/avatar\/ac5001d2a36cb6c6cd3e50789007ffca834b477b74a2144564522e944eabff61?s=96&d=mm&r=g","contentUrl":"https:\/\/secure.gravatar.com\/avatar\/ac5001d2a36cb6c6cd3e50789007ffca834b477b74a2144564522e944eabff61?s=96&d=mm&r=g","caption":"thomas.berner"},"url":"https:\/\/www.organisator.ch\/fr\/author\/thomas-berner\/"}]}},"_links":{"self":[{"href":"https:\/\/www.organisator.ch\/fr\/wp-json\/wp\/v2\/posts\/45561","targetHints":{"allow":["GET"]}}],"collection":[{"href":"https:\/\/www.organisator.ch\/fr\/wp-json\/wp\/v2\/posts"}],"about":[{"href":"https:\/\/www.organisator.ch\/fr\/wp-json\/wp\/v2\/types\/post"}],"author":[{"embeddable":true,"href":"https:\/\/www.organisator.ch\/fr\/wp-json\/wp\/v2\/users\/4"}],"replies":[{"embeddable":true,"href":"https:\/\/www.organisator.ch\/fr\/wp-json\/wp\/v2\/comments?post=45561"}],"version-history":[{"count":4,"href":"https:\/\/www.organisator.ch\/fr\/wp-json\/wp\/v2\/posts\/45561\/revisions"}],"predecessor-version":[{"id":45747,"href":"https:\/\/www.organisator.ch\/fr\/wp-json\/wp\/v2\/posts\/45561\/revisions\/45747"}],"wp:featuredmedia":[{"embeddable":true,"href":"https:\/\/www.organisator.ch\/fr\/wp-json\/wp\/v2\/media\/45574"}],"wp:attachment":[{"href":"https:\/\/www.organisator.ch\/fr\/wp-json\/wp\/v2\/media?parent=45561"}],"wp:term":[{"taxonomy":"category","embeddable":true,"href":"https:\/\/www.organisator.ch\/fr\/wp-json\/wp\/v2\/categories?post=45561"},{"taxonomy":"post_tag","embeddable":true,"href":"https:\/\/www.organisator.ch\/fr\/wp-json\/wp\/v2\/tags?post=45561"}],"curies":[{"name":"wp","href":"https:\/\/api.w.org\/{rel}","templated":true}]}}