{"id":45656,"date":"2026-03-06T09:09:44","date_gmt":"2026-03-06T08:09:44","guid":{"rendered":"https:\/\/www.organisator.ch\/de\/?p=45656"},"modified":"2026-03-06T09:09:44","modified_gmt":"2026-03-06T08:09:44","slug":"erste-national-conference-of-engineers-buendelt-kraefte-gegen-fachkraeftemangel","status":"publish","type":"post","link":"https:\/\/www.organisator.ch\/fr\/weiterbildung\/2026-03-06\/erste-national-conference-of-engineers-buendelt-kraefte-gegen-fachkraeftemangel\/","title":{"rendered":"La premi\u00e8re Conf\u00e9rence nationale des ing\u00e9nieurs unit ses forces contre la p\u00e9nurie de main-d'\u0153uvre qualifi\u00e9e"},"content":{"rendered":"<figure id=\"attachment_45654\" aria-describedby=\"caption-attachment-45654\" style=\"width: 1400px\" class=\"wp-caption alignnone\"><img loading=\"lazy\" decoding=\"async\" class=\"size-full wp-image-45654\" src=\"https:\/\/www.organisator.ch\/wp-content\/uploads\/2026\/03\/6c00d65a-9a7b-80c1-8e6f-d99808b22117.jpeg\" alt=\"\" width=\"1400\" height=\"788\" srcset=\"https:\/\/www.organisator.ch\/wp-content\/uploads\/2026\/03\/6c00d65a-9a7b-80c1-8e6f-d99808b22117.jpeg 1400w, https:\/\/www.organisator.ch\/wp-content\/uploads\/2026\/03\/6c00d65a-9a7b-80c1-8e6f-d99808b22117-680x383.jpeg 680w, https:\/\/www.organisator.ch\/wp-content\/uploads\/2026\/03\/6c00d65a-9a7b-80c1-8e6f-d99808b22117-1024x576.jpeg 1024w, https:\/\/www.organisator.ch\/wp-content\/uploads\/2026\/03\/6c00d65a-9a7b-80c1-8e6f-d99808b22117-768x432.jpeg 768w, https:\/\/www.organisator.ch\/wp-content\/uploads\/2026\/03\/6c00d65a-9a7b-80c1-8e6f-d99808b22117-18x10.jpeg 18w, https:\/\/www.organisator.ch\/wp-content\/uploads\/2026\/03\/6c00d65a-9a7b-80c1-8e6f-d99808b22117-375x211.jpeg 375w, https:\/\/www.organisator.ch\/wp-content\/uploads\/2026\/03\/6c00d65a-9a7b-80c1-8e6f-d99808b22117-622x350.jpeg 622w, https:\/\/www.organisator.ch\/wp-content\/uploads\/2026\/03\/6c00d65a-9a7b-80c1-8e6f-d99808b22117-1000x563.jpeg 1000w\" sizes=\"auto, (max-width: 1400px) 100vw, 1400px\" \/><figcaption id=\"caption-attachment-45654\" class=\"wp-caption-text\">La HSLU invite \u00e0 la National Conference of Engineers. Source : zvg<\/figcaption><\/figure>\n<p>Le 4 mars 2026, la premi\u00e8re National Conference of Engineers s'est tenue \u00e0 la Haute \u00e9cole de Lucerne (HSLU). Une quarantaine de sp\u00e9cialistes issus de l'\u00e9conomie, des sciences, de l'administration, des associations et du corps estudiantin se sont r\u00e9unis pour d\u00e9velopper ensemble des strat\u00e9gies de promotion de la rel\u00e8ve dans le domaine de l'ing\u00e9nierie. La conclusion de la conf\u00e9rence est claire : pour relever les grands d\u00e9fis sociaux, technologiques et \u00e9cologiques, il faut une action coordonn\u00e9e de tous les acteurs concern\u00e9s.<\/p>\n<h3>De nombreuses initiatives, un manque de coordination<\/h3>\n<p>La conf\u00e9rence avait pour but d'obtenir une vue d'ensemble des initiatives de promotion existantes dans le domaine de l'ing\u00e9nierie et de rassembler les forces pour les mesures futures. Il en est ressorti que les offres ne manquent pas en Suisse - rien que sur la plateforme <a href=\"https:\/\/educamint.ch\" target=\"_blank\" rel=\"noopener\">educamint.ch<\/a> au moins 860 initiatives sont r\u00e9pertori\u00e9es. Le v\u00e9ritable d\u00e9fi r\u00e9side dans la coordination, le financement et une meilleure visibilit\u00e9 de ces initiatives.<\/p>\n<figure id=\"attachment_45655\" aria-describedby=\"caption-attachment-45655\" style=\"width: 1400px\" class=\"wp-caption alignnone\"><img loading=\"lazy\" decoding=\"async\" class=\"size-full wp-image-45655\" src=\"https:\/\/www.organisator.ch\/wp-content\/uploads\/2026\/03\/9ee5d44c-713a-5018-6426-1899c8ce828a.jpeg\" alt=\"\" width=\"1400\" height=\"746\" srcset=\"https:\/\/www.organisator.ch\/wp-content\/uploads\/2026\/03\/9ee5d44c-713a-5018-6426-1899c8ce828a.jpeg 1400w, https:\/\/www.organisator.ch\/wp-content\/uploads\/2026\/03\/9ee5d44c-713a-5018-6426-1899c8ce828a-680x362.jpeg 680w, https:\/\/www.organisator.ch\/wp-content\/uploads\/2026\/03\/9ee5d44c-713a-5018-6426-1899c8ce828a-1024x546.jpeg 1024w, https:\/\/www.organisator.ch\/wp-content\/uploads\/2026\/03\/9ee5d44c-713a-5018-6426-1899c8ce828a-768x409.jpeg 768w, https:\/\/www.organisator.ch\/wp-content\/uploads\/2026\/03\/9ee5d44c-713a-5018-6426-1899c8ce828a-18x10.jpeg 18w, https:\/\/www.organisator.ch\/wp-content\/uploads\/2026\/03\/9ee5d44c-713a-5018-6426-1899c8ce828a-375x200.jpeg 375w, https:\/\/www.organisator.ch\/wp-content\/uploads\/2026\/03\/9ee5d44c-713a-5018-6426-1899c8ce828a-657x350.jpeg 657w, https:\/\/www.organisator.ch\/wp-content\/uploads\/2026\/03\/9ee5d44c-713a-5018-6426-1899c8ce828a-1000x533.jpeg 1000w\" sizes=\"auto, (max-width: 1400px) 100vw, 1400px\" \/><figcaption id=\"caption-attachment-45655\" class=\"wp-caption-text\">Les collaborateurs s'engagent dans l'atelier commun. Source : zvg<\/figcaption><\/figure>\n<p>Ensemble, ils ont discut\u00e9 de strat\u00e9gies visant \u00e0 attirer davantage de jeunes - en particulier des femmes - vers les m\u00e9tiers de l'ing\u00e9nierie, des MINT et de la technologie. La conf\u00e9rence a \u00e9t\u00e9 organis\u00e9e par l'Engineers\u2018 Day et la Haute \u00e9cole de Lucerne.<\/p>\n<h3>Les ing\u00e9nieurs comme solutionneurs de probl\u00e8mes<\/h3>\n<p>Face aux d\u00e9fis mondiaux tels que la mobilit\u00e9, le changement climatique et la num\u00e9risation, les ing\u00e9nieurs ont un r\u00f4le central \u00e0 jouer. Ils d\u00e9veloppent des solutions innovantes pour des syst\u00e8mes d'\u00e9nergie renouvelable, des infrastructures r\u00e9silientes, des concepts de mobilit\u00e9 intelligents, des technologies num\u00e9riques, des applications bas\u00e9es sur les donn\u00e9es et des processus de production durables. Ils apportent ainsi une contribution indispensable \u00e0 la qualit\u00e9 de vie, au d\u00e9veloppement durable de la soci\u00e9t\u00e9 et \u00e0 la r\u00e9alisation des Objectifs de d\u00e9veloppement durable des Nations unies.<\/p>\n<p>Parall\u00e8lement, les professions d'ing\u00e9nieur, MINT et Tech sont sous pression depuis des ann\u00e9es : la p\u00e9nurie de main-d'\u0153uvre qualifi\u00e9e est prononc\u00e9e et les femmes restent nettement sous-repr\u00e9sent\u00e9es.<\/p>\n<h3>Des ateliers interdisciplinaires d\u00e9veloppent des mesures<\/h3>\n<figure id=\"attachment_45653\" aria-describedby=\"caption-attachment-45653\" style=\"width: 1400px\" class=\"wp-caption alignnone\"><img loading=\"lazy\" decoding=\"async\" class=\"size-full wp-image-45653\" src=\"https:\/\/www.organisator.ch\/wp-content\/uploads\/2026\/03\/b019c3a3-3bba-f1e3-c143-f3b157475391.jpg\" alt=\"\" width=\"1400\" height=\"788\" srcset=\"https:\/\/www.organisator.ch\/wp-content\/uploads\/2026\/03\/b019c3a3-3bba-f1e3-c143-f3b157475391.jpg 1400w, https:\/\/www.organisator.ch\/wp-content\/uploads\/2026\/03\/b019c3a3-3bba-f1e3-c143-f3b157475391-680x383.jpg 680w, https:\/\/www.organisator.ch\/wp-content\/uploads\/2026\/03\/b019c3a3-3bba-f1e3-c143-f3b157475391-1024x576.jpg 1024w, https:\/\/www.organisator.ch\/wp-content\/uploads\/2026\/03\/b019c3a3-3bba-f1e3-c143-f3b157475391-768x432.jpg 768w, https:\/\/www.organisator.ch\/wp-content\/uploads\/2026\/03\/b019c3a3-3bba-f1e3-c143-f3b157475391-18x10.jpg 18w, https:\/\/www.organisator.ch\/wp-content\/uploads\/2026\/03\/b019c3a3-3bba-f1e3-c143-f3b157475391-375x211.jpg 375w, https:\/\/www.organisator.ch\/wp-content\/uploads\/2026\/03\/b019c3a3-3bba-f1e3-c143-f3b157475391-622x350.jpg 622w, https:\/\/www.organisator.ch\/wp-content\/uploads\/2026\/03\/b019c3a3-3bba-f1e3-c143-f3b157475391-1000x563.jpg 1000w\" sizes=\"auto, (max-width: 1400px) 100vw, 1400px\" \/><figcaption id=\"caption-attachment-45653\" class=\"wp-caption-text\">Nouvelles impulsions lors d'un atelier strat\u00e9gique pour le d\u00e9veloppement de l'entreprise. Source : zvg<\/figcaption><\/figure>\n<p>Dans le cadre d'ateliers th\u00e9matiques, les participants ont d\u00e9velopp\u00e9 ensemble des mesures concr\u00e8tes qui ont ensuite \u00e9t\u00e9 r\u00e9fl\u00e9chies, affin\u00e9es et compl\u00e9t\u00e9es. La collaboration interdisciplinaire et l'implication active des \u00e9tudiants, qui ont apport\u00e9 de nouvelles perspectives et des impulsions pratiques, se sont r\u00e9v\u00e9l\u00e9es particuli\u00e8rement pr\u00e9cieuses.<\/p>\n<h3>Feuille de route pour une action coordonn\u00e9e<\/h3>\n<p>Lors des ateliers et de la table ronde, les participants ont \u00e9labor\u00e9 cinq orientations centrales qui serviront de base \u00e0 une feuille de route commune. L'ing\u00e9nierie assure l'avenir de la Suisse, car les comp\u00e9tences des ing\u00e9nieurs sont une base centrale pour l'innovation, la comp\u00e9titivit\u00e9 et la prosp\u00e9rit\u00e9.<\/p>\n<p>L'image de la profession doit \u00eatre racont\u00e9e diff\u00e9remment - davantage comme une contribution socialement pertinente \u00e0 la r\u00e9solution de probl\u00e8mes complexes, compr\u00e9hensible, proche et au-del\u00e0 des clich\u00e9s. La visibilit\u00e9 passe par des exemples concrets : Des projets concrets et des exemples de la vie quotidienne montrent les avantages que l'ing\u00e9nierie cr\u00e9e pour la soci\u00e9t\u00e9 et l'\u00e9conomie.<\/p>\n<p>La rel\u00e8ve doit \u00eatre enthousiasm\u00e9e tr\u00e8s t\u00f4t. Les enfants et les jeunes doivent d\u00e9couvrir tr\u00e8s t\u00f4t \u00e0 quel point l'ing\u00e9nierie peut \u00eatre passionnante et utile - par le biais des \u00e9coles, de divers mod\u00e8les et d'un aper\u00e7u pratique de projets r\u00e9els. Pour renforcer l'ing\u00e9nierie \u00e0 long terme, il faut une mise en r\u00e9seau nationale, des activit\u00e9s coordonn\u00e9es et un \u00e9change continu entre la formation, l'\u00e9conomie, les associations et la politique.<\/p>\n<h3>Coup d'envoi de l'engagement durable<\/h3>\n<p>La premi\u00e8re National Conference of Engineers a donn\u00e9 un signal fort et pos\u00e9 la premi\u00e8re pierre d'un engagement commun et durable pour le renforcement de la rel\u00e8ve et des professions d'ing\u00e9nieur, MINT et Tech en Suisse. L'engagement clair des participants : Les initiatives existantes doivent \u00eatre renforc\u00e9es, les synergies syst\u00e9matiquement exploit\u00e9es et un plus grand impact doit \u00eatre obtenu en commun.<\/p>\n<p>C'est avec un grand engagement que le coup d'envoi d'une collaboration coordonn\u00e9e a \u00e9t\u00e9 donn\u00e9 - avec un objectif d'\u00e9tape clair en vue : la grande National Conference of Engineers du 4 mars 2027, lors de laquelle une d\u00e9claration nationale doit \u00eatre adopt\u00e9e.<\/p>\n<h3>\u00c0 propos de l'Engineers\u2018 Day<\/h3>\n<p>La 40e Conf\u00e9rence g\u00e9n\u00e9rale de l'UNESCO a d\u00e9cid\u00e9 en novembre 2019, \u00e0 l'initiative de la F\u00e9d\u00e9ration mondiale des organisations d'ing\u00e9nieurs (WFEO), de d\u00e9clarer le 4 mars de chaque ann\u00e9e Journ\u00e9e mondiale de l'ing\u00e9nierie. D'innombrables manifestations sont organis\u00e9es dans le monde entier. Lors de l'Engineers\u2018 Day, de nombreuses entreprises et institutions offrent un aper\u00e7u approfondi du vaste champ professionnel de l'ing\u00e9nierie et des professions MINT.<\/p>\n<p>L'Engineers\u2018 Day en Suisse a d\u00e9j\u00e0 \u00e9t\u00e9 port\u00e9 sur les fonts baptismaux en 2018 et est soutenu par les associations responsables suisse.ing, Swiss Engineering STV UTS ATS, la Soci\u00e9t\u00e9 suisse des ing\u00e9nieurs et des architectes sia, l'Acad\u00e9mie suisse des sciences techniques SATW, IngCH MINT for our future, l'Association suisse des femmes ing\u00e9nieurs ASFI, Ing\u00e9nieurs-G\u00e9om\u00e8tres Suisse IGS et IAESTE Switzerland.<\/p>\n<p>Plus d'informations : <a href=\"https:\/\/www.worldengineeringday.net\" target=\"_blank\" rel=\"noopener\">www.worldengineeringday.net<\/a> et <a href=\"https:\/\/www.engineersday.ch\" target=\"_blank\" rel=\"noopener\">www.engineersday.ch<\/a><\/p>","protected":false},"excerpt":{"rendered":"<p>Une quarantaine d'experts de l'\u00e9conomie, de la science et de la politique se sont r\u00e9unis \u00e0 la Haute \u00e9cole de Lucerne pour renforcer la promotion de la rel\u00e8ve dans le domaine de l'ing\u00e9nierie. Le d\u00e9fi ne r\u00e9side pas dans le manque d'initiatives, mais dans leur coordination et leur visibilit\u00e9.<\/p>","protected":false},"author":107,"featured_media":45654,"comment_status":"closed","ping_status":"closed","sticky":false,"template":"","format":"standard","meta":{"_acf_changed":false,"_yoast_wpseo_focuskw":"National Conference of Engineers","_yoast_wpseo_metadesc":"Erste National Conference of Engineers in Luzern b\u00fcndelt Kr\u00e4fte gegen Fachkr\u00e4ftemangel. 40 Experten entwickeln Roadmap f\u00fcr Nachwuchsf\u00f6rderung.","articlekey":"","footnotes":""},"categories":[30],"tags":[62,1099,192,194,5813],"class_list":["post-45656","post","type-post","status-publish","format-standard","has-post-thumbnail","hentry","category-weiterbildung","tag-aus-weiterbildung","tag-engineering","tag-fachhochschulen","tag-fachkraeftemangel","tag-fachveranstaltung"],"acf":[],"yoast_head":"<!-- This site is optimized with the Yoast SEO plugin v27.4 - https:\/\/yoast.com\/product\/yoast-seo-wordpress\/ -->\n<title>Erste National Conference of Engineers b\u00fcndelt Kr\u00e4fte gegen Fachkr\u00e4ftemangel - Organisator<\/title>\n<meta name=\"description\" content=\"Erste National Conference of Engineers in Luzern b\u00fcndelt Kr\u00e4fte gegen Fachkr\u00e4ftemangel. 40 Experten entwickeln Roadmap f\u00fcr Nachwuchsf\u00f6rderung.\" \/>\n<meta name=\"robots\" content=\"index, follow, max-snippet:-1, max-image-preview:large, max-video-preview:-1\" \/>\n<link rel=\"canonical\" href=\"https:\/\/www.organisator.ch\/fr\/formation-continue-2\/2026-03-06\/erste-national-conference-of-engineers-buendelt-kraefte-gegen-fachkraeftemangel\/\" \/>\n<meta property=\"og:locale\" content=\"fr_FR\" \/>\n<meta property=\"og:type\" content=\"article\" \/>\n<meta property=\"og:title\" content=\"Erste National Conference of Engineers b\u00fcndelt Kr\u00e4fte gegen Fachkr\u00e4ftemangel - Organisator\" \/>\n<meta property=\"og:description\" content=\"Erste National Conference of Engineers in Luzern b\u00fcndelt Kr\u00e4fte gegen Fachkr\u00e4ftemangel. 40 Experten entwickeln Roadmap f\u00fcr Nachwuchsf\u00f6rderung.\" \/>\n<meta property=\"og:url\" content=\"https:\/\/www.organisator.ch\/fr\/formation-continue-2\/2026-03-06\/erste-national-conference-of-engineers-buendelt-kraefte-gegen-fachkraeftemangel\/\" \/>\n<meta property=\"og:site_name\" content=\"Organisator\" \/>\n<meta property=\"article:publisher\" content=\"https:\/\/www.facebook.com\/OrganisatorFachmagazin\" \/>\n<meta property=\"article:published_time\" content=\"2026-03-06T08:09:44+00:00\" \/>\n<meta property=\"og:image\" content=\"https:\/\/www.organisator.ch\/wp-content\/uploads\/2026\/03\/6c00d65a-9a7b-80c1-8e6f-d99808b22117.jpeg\" \/>\n\t<meta property=\"og:image:width\" content=\"1400\" \/>\n\t<meta property=\"og:image:height\" content=\"788\" \/>\n\t<meta property=\"og:image:type\" content=\"image\/jpeg\" \/>\n<meta name=\"author\" content=\"n8n\" \/>\n<meta name=\"twitter:card\" content=\"summary_large_image\" \/>\n<script type=\"application\/ld+json\" class=\"yoast-schema-graph\">{\"@context\":\"https:\\\/\\\/schema.org\",\"@graph\":[{\"@type\":\"Article\",\"@id\":\"https:\\\/\\\/www.organisator.ch\\\/weiterbildung\\\/2026-03-06\\\/erste-national-conference-of-engineers-buendelt-kraefte-gegen-fachkraeftemangel\\\/#article\",\"isPartOf\":{\"@id\":\"https:\\\/\\\/www.organisator.ch\\\/weiterbildung\\\/2026-03-06\\\/erste-national-conference-of-engineers-buendelt-kraefte-gegen-fachkraeftemangel\\\/\"},\"author\":{\"name\":\"n8n\",\"@id\":\"https:\\\/\\\/www.organisator.ch\\\/#\\\/schema\\\/person\\\/a9d0e0eff238db87a8f840f3b50359f0\"},\"headline\":\"Erste National Conference of Engineers b\u00fcndelt Kr\u00e4fte gegen Fachkr\u00e4ftemangel\",\"datePublished\":\"2026-03-06T08:09:44+00:00\",\"mainEntityOfPage\":{\"@id\":\"https:\\\/\\\/www.organisator.ch\\\/weiterbildung\\\/2026-03-06\\\/erste-national-conference-of-engineers-buendelt-kraefte-gegen-fachkraeftemangel\\\/\"},\"wordCount\":727,\"publisher\":{\"@id\":\"https:\\\/\\\/www.organisator.ch\\\/#organization\"},\"image\":{\"@id\":\"https:\\\/\\\/www.organisator.ch\\\/weiterbildung\\\/2026-03-06\\\/erste-national-conference-of-engineers-buendelt-kraefte-gegen-fachkraeftemangel\\\/#primaryimage\"},\"thumbnailUrl\":\"https:\\\/\\\/www.organisator.ch\\\/wp-content\\\/uploads\\\/2026\\\/03\\\/6c00d65a-9a7b-80c1-8e6f-d99808b22117.jpeg\",\"keywords\":[\"Aus-\\\/Weiterbildung\",\"Engineering\",\"Fachhochschulen\",\"Fachkr\u00e4ftemangel\",\"Fachveranstaltung\"],\"articleSection\":[\"WEITERBILDUNG\"],\"inLanguage\":\"fr-FR\"},{\"@type\":\"WebPage\",\"@id\":\"https:\\\/\\\/www.organisator.ch\\\/weiterbildung\\\/2026-03-06\\\/erste-national-conference-of-engineers-buendelt-kraefte-gegen-fachkraeftemangel\\\/\",\"url\":\"https:\\\/\\\/www.organisator.ch\\\/weiterbildung\\\/2026-03-06\\\/erste-national-conference-of-engineers-buendelt-kraefte-gegen-fachkraeftemangel\\\/\",\"name\":\"Erste National Conference of Engineers b\u00fcndelt Kr\u00e4fte gegen Fachkr\u00e4ftemangel - Organisator\",\"isPartOf\":{\"@id\":\"https:\\\/\\\/www.organisator.ch\\\/#website\"},\"primaryImageOfPage\":{\"@id\":\"https:\\\/\\\/www.organisator.ch\\\/weiterbildung\\\/2026-03-06\\\/erste-national-conference-of-engineers-buendelt-kraefte-gegen-fachkraeftemangel\\\/#primaryimage\"},\"image\":{\"@id\":\"https:\\\/\\\/www.organisator.ch\\\/weiterbildung\\\/2026-03-06\\\/erste-national-conference-of-engineers-buendelt-kraefte-gegen-fachkraeftemangel\\\/#primaryimage\"},\"thumbnailUrl\":\"https:\\\/\\\/www.organisator.ch\\\/wp-content\\\/uploads\\\/2026\\\/03\\\/6c00d65a-9a7b-80c1-8e6f-d99808b22117.jpeg\",\"datePublished\":\"2026-03-06T08:09:44+00:00\",\"description\":\"Erste National Conference of Engineers in Luzern b\u00fcndelt Kr\u00e4fte gegen Fachkr\u00e4ftemangel. 40 Experten entwickeln Roadmap f\u00fcr Nachwuchsf\u00f6rderung.\",\"breadcrumb\":{\"@id\":\"https:\\\/\\\/www.organisator.ch\\\/weiterbildung\\\/2026-03-06\\\/erste-national-conference-of-engineers-buendelt-kraefte-gegen-fachkraeftemangel\\\/#breadcrumb\"},\"inLanguage\":\"fr-FR\",\"potentialAction\":[{\"@type\":\"ReadAction\",\"target\":[\"https:\\\/\\\/www.organisator.ch\\\/weiterbildung\\\/2026-03-06\\\/erste-national-conference-of-engineers-buendelt-kraefte-gegen-fachkraeftemangel\\\/\"]}]},{\"@type\":\"ImageObject\",\"inLanguage\":\"fr-FR\",\"@id\":\"https:\\\/\\\/www.organisator.ch\\\/weiterbildung\\\/2026-03-06\\\/erste-national-conference-of-engineers-buendelt-kraefte-gegen-fachkraeftemangel\\\/#primaryimage\",\"url\":\"https:\\\/\\\/www.organisator.ch\\\/wp-content\\\/uploads\\\/2026\\\/03\\\/6c00d65a-9a7b-80c1-8e6f-d99808b22117.jpeg\",\"contentUrl\":\"https:\\\/\\\/www.organisator.ch\\\/wp-content\\\/uploads\\\/2026\\\/03\\\/6c00d65a-9a7b-80c1-8e6f-d99808b22117.jpeg\",\"width\":1400,\"height\":788,\"caption\":\"HSLU l\u00e4dt zur National Conference of Engineers. Quelle: zvg\"},{\"@type\":\"BreadcrumbList\",\"@id\":\"https:\\\/\\\/www.organisator.ch\\\/weiterbildung\\\/2026-03-06\\\/erste-national-conference-of-engineers-buendelt-kraefte-gegen-fachkraeftemangel\\\/#breadcrumb\",\"itemListElement\":[{\"@type\":\"ListItem\",\"position\":1,\"name\":\"Home\",\"item\":\"https:\\\/\\\/www.organisator.ch\\\/\"},{\"@type\":\"ListItem\",\"position\":2,\"name\":\"Erste National Conference of Engineers b\u00fcndelt Kr\u00e4fte gegen Fachkr\u00e4ftemangel\"}]},{\"@type\":\"WebSite\",\"@id\":\"https:\\\/\\\/www.organisator.ch\\\/#website\",\"url\":\"https:\\\/\\\/www.organisator.ch\\\/\",\"name\":\"Organisator\",\"description\":\"Kompetent. Praxisnah. Der ORGANISATOR bereitet in 10 Ausgaben pro Jahr die wesentlichen Themen f\u00fcr F\u00fchrungskr\u00e4fte von KMU auf.\",\"publisher\":{\"@id\":\"https:\\\/\\\/www.organisator.ch\\\/#organization\"},\"potentialAction\":[{\"@type\":\"SearchAction\",\"target\":{\"@type\":\"EntryPoint\",\"urlTemplate\":\"https:\\\/\\\/www.organisator.ch\\\/?s={search_term_string}\"},\"query-input\":{\"@type\":\"PropertyValueSpecification\",\"valueRequired\":true,\"valueName\":\"search_term_string\"}}],\"inLanguage\":\"fr-FR\"},{\"@type\":\"Organization\",\"@id\":\"https:\\\/\\\/www.organisator.ch\\\/#organization\",\"name\":\"Organisator\",\"url\":\"https:\\\/\\\/www.organisator.ch\\\/\",\"logo\":{\"@type\":\"ImageObject\",\"inLanguage\":\"fr-FR\",\"@id\":\"https:\\\/\\\/www.organisator.ch\\\/#\\\/schema\\\/logo\\\/image\\\/\",\"url\":\"https:\\\/\\\/www.organisator.ch\\\/wp-content\\\/uploads\\\/2022\\\/01\\\/Logo_Organisator_Website.png\",\"contentUrl\":\"https:\\\/\\\/www.organisator.ch\\\/wp-content\\\/uploads\\\/2022\\\/01\\\/Logo_Organisator_Website.png\",\"width\":800,\"height\":77,\"caption\":\"Organisator\"},\"image\":{\"@id\":\"https:\\\/\\\/www.organisator.ch\\\/#\\\/schema\\\/logo\\\/image\\\/\"},\"sameAs\":[\"https:\\\/\\\/www.facebook.com\\\/OrganisatorFachmagazin\",\"https:\\\/\\\/www.linkedin.com\\\/showcase\\\/organisator-das-magazin-fr-kmu\",\"https:\\\/\\\/www.xing.com\\\/news\\\/pages\\\/organisator-ch-695\",\"https:\\\/\\\/www.youtube.com\\\/channel\\\/UCGP2Sq0iWaZwT3BdIAQFYpw\"]},{\"@type\":\"Person\",\"@id\":\"https:\\\/\\\/www.organisator.ch\\\/#\\\/schema\\\/person\\\/a9d0e0eff238db87a8f840f3b50359f0\",\"name\":\"n8n\",\"image\":{\"@type\":\"ImageObject\",\"inLanguage\":\"fr-FR\",\"@id\":\"https:\\\/\\\/secure.gravatar.com\\\/avatar\\\/5368fb9d03fd415a6f335cece4c15af2502d6ca8651efbd6e8f98427a9795400?s=96&d=mm&r=g\",\"url\":\"https:\\\/\\\/secure.gravatar.com\\\/avatar\\\/5368fb9d03fd415a6f335cece4c15af2502d6ca8651efbd6e8f98427a9795400?s=96&d=mm&r=g\",\"contentUrl\":\"https:\\\/\\\/secure.gravatar.com\\\/avatar\\\/5368fb9d03fd415a6f335cece4c15af2502d6ca8651efbd6e8f98427a9795400?s=96&d=mm&r=g\",\"caption\":\"n8n\"},\"url\":\"https:\\\/\\\/www.organisator.ch\\\/fr\\\/author\\\/n8n\\\/\"}]}<\/script>\n<!-- \/ Yoast SEO plugin. -->","yoast_head_json":{"title":"La premi\u00e8re Conf\u00e9rence nationale des ing\u00e9nieurs unit ses forces contre la p\u00e9nurie de main-d'\u0153uvre qualifi\u00e9e - Organisateur","description":"La premi\u00e8re National Conference of Engineers \u00e0 Lucerne rassemble les forces contre la p\u00e9nurie de main-d'\u0153uvre qualifi\u00e9e. 40 experts d\u00e9veloppent une feuille de route pour la promotion de la rel\u00e8ve.","robots":{"index":"index","follow":"follow","max-snippet":"max-snippet:-1","max-image-preview":"max-image-preview:large","max-video-preview":"max-video-preview:-1"},"canonical":"https:\/\/www.organisator.ch\/fr\/formation-continue-2\/2026-03-06\/erste-national-conference-of-engineers-buendelt-kraefte-gegen-fachkraeftemangel\/","og_locale":"fr_FR","og_type":"article","og_title":"Erste National Conference of Engineers b\u00fcndelt Kr\u00e4fte gegen Fachkr\u00e4ftemangel - Organisator","og_description":"Erste National Conference of Engineers in Luzern b\u00fcndelt Kr\u00e4fte gegen Fachkr\u00e4ftemangel. 40 Experten entwickeln Roadmap f\u00fcr Nachwuchsf\u00f6rderung.","og_url":"https:\/\/www.organisator.ch\/fr\/formation-continue-2\/2026-03-06\/erste-national-conference-of-engineers-buendelt-kraefte-gegen-fachkraeftemangel\/","og_site_name":"Organisator","article_publisher":"https:\/\/www.facebook.com\/OrganisatorFachmagazin","article_published_time":"2026-03-06T08:09:44+00:00","og_image":[{"width":1400,"height":788,"url":"https:\/\/www.organisator.ch\/wp-content\/uploads\/2026\/03\/6c00d65a-9a7b-80c1-8e6f-d99808b22117.jpeg","type":"image\/jpeg"}],"author":"n8n","twitter_card":"summary_large_image","schema":{"@context":"https:\/\/schema.org","@graph":[{"@type":"Article","@id":"https:\/\/www.organisator.ch\/weiterbildung\/2026-03-06\/erste-national-conference-of-engineers-buendelt-kraefte-gegen-fachkraeftemangel\/#article","isPartOf":{"@id":"https:\/\/www.organisator.ch\/weiterbildung\/2026-03-06\/erste-national-conference-of-engineers-buendelt-kraefte-gegen-fachkraeftemangel\/"},"author":{"name":"n8n","@id":"https:\/\/www.organisator.ch\/#\/schema\/person\/a9d0e0eff238db87a8f840f3b50359f0"},"headline":"Erste National Conference of Engineers b\u00fcndelt Kr\u00e4fte gegen Fachkr\u00e4ftemangel","datePublished":"2026-03-06T08:09:44+00:00","mainEntityOfPage":{"@id":"https:\/\/www.organisator.ch\/weiterbildung\/2026-03-06\/erste-national-conference-of-engineers-buendelt-kraefte-gegen-fachkraeftemangel\/"},"wordCount":727,"publisher":{"@id":"https:\/\/www.organisator.ch\/#organization"},"image":{"@id":"https:\/\/www.organisator.ch\/weiterbildung\/2026-03-06\/erste-national-conference-of-engineers-buendelt-kraefte-gegen-fachkraeftemangel\/#primaryimage"},"thumbnailUrl":"https:\/\/www.organisator.ch\/wp-content\/uploads\/2026\/03\/6c00d65a-9a7b-80c1-8e6f-d99808b22117.jpeg","keywords":["Aus-\/Weiterbildung","Engineering","Fachhochschulen","Fachkr\u00e4ftemangel","Fachveranstaltung"],"articleSection":["WEITERBILDUNG"],"inLanguage":"fr-FR"},{"@type":"WebPage","@id":"https:\/\/www.organisator.ch\/weiterbildung\/2026-03-06\/erste-national-conference-of-engineers-buendelt-kraefte-gegen-fachkraeftemangel\/","url":"https:\/\/www.organisator.ch\/weiterbildung\/2026-03-06\/erste-national-conference-of-engineers-buendelt-kraefte-gegen-fachkraeftemangel\/","name":"La premi\u00e8re Conf\u00e9rence nationale des ing\u00e9nieurs unit ses forces contre la p\u00e9nurie de main-d'\u0153uvre qualifi\u00e9e - Organisateur","isPartOf":{"@id":"https:\/\/www.organisator.ch\/#website"},"primaryImageOfPage":{"@id":"https:\/\/www.organisator.ch\/weiterbildung\/2026-03-06\/erste-national-conference-of-engineers-buendelt-kraefte-gegen-fachkraeftemangel\/#primaryimage"},"image":{"@id":"https:\/\/www.organisator.ch\/weiterbildung\/2026-03-06\/erste-national-conference-of-engineers-buendelt-kraefte-gegen-fachkraeftemangel\/#primaryimage"},"thumbnailUrl":"https:\/\/www.organisator.ch\/wp-content\/uploads\/2026\/03\/6c00d65a-9a7b-80c1-8e6f-d99808b22117.jpeg","datePublished":"2026-03-06T08:09:44+00:00","description":"La premi\u00e8re National Conference of Engineers \u00e0 Lucerne rassemble les forces contre la p\u00e9nurie de main-d'\u0153uvre qualifi\u00e9e. 40 experts d\u00e9veloppent une feuille de route pour la promotion de la rel\u00e8ve.","breadcrumb":{"@id":"https:\/\/www.organisator.ch\/weiterbildung\/2026-03-06\/erste-national-conference-of-engineers-buendelt-kraefte-gegen-fachkraeftemangel\/#breadcrumb"},"inLanguage":"fr-FR","potentialAction":[{"@type":"ReadAction","target":["https:\/\/www.organisator.ch\/weiterbildung\/2026-03-06\/erste-national-conference-of-engineers-buendelt-kraefte-gegen-fachkraeftemangel\/"]}]},{"@type":"ImageObject","inLanguage":"fr-FR","@id":"https:\/\/www.organisator.ch\/weiterbildung\/2026-03-06\/erste-national-conference-of-engineers-buendelt-kraefte-gegen-fachkraeftemangel\/#primaryimage","url":"https:\/\/www.organisator.ch\/wp-content\/uploads\/2026\/03\/6c00d65a-9a7b-80c1-8e6f-d99808b22117.jpeg","contentUrl":"https:\/\/www.organisator.ch\/wp-content\/uploads\/2026\/03\/6c00d65a-9a7b-80c1-8e6f-d99808b22117.jpeg","width":1400,"height":788,"caption":"HSLU l\u00e4dt zur National Conference of Engineers. Quelle: zvg"},{"@type":"BreadcrumbList","@id":"https:\/\/www.organisator.ch\/weiterbildung\/2026-03-06\/erste-national-conference-of-engineers-buendelt-kraefte-gegen-fachkraeftemangel\/#breadcrumb","itemListElement":[{"@type":"ListItem","position":1,"name":"Home","item":"https:\/\/www.organisator.ch\/"},{"@type":"ListItem","position":2,"name":"Erste National Conference of Engineers b\u00fcndelt Kr\u00e4fte gegen Fachkr\u00e4ftemangel"}]},{"@type":"WebSite","@id":"https:\/\/www.organisator.ch\/#website","url":"https:\/\/www.organisator.ch\/","name":"Organisateur","description":"Comp\u00e9tence et comp\u00e9tence. Proches de la pratique. L'ORGANISATEUR pr\u00e9pare 10 num\u00e9ros par an sur les th\u00e8mes essentiels pour les dirigeants de PME.","publisher":{"@id":"https:\/\/www.organisator.ch\/#organization"},"potentialAction":[{"@type":"SearchAction","target":{"@type":"EntryPoint","urlTemplate":"https:\/\/www.organisator.ch\/?s={search_term_string}"},"query-input":{"@type":"PropertyValueSpecification","valueRequired":true,"valueName":"search_term_string"}}],"inLanguage":"fr-FR"},{"@type":"Organization","@id":"https:\/\/www.organisator.ch\/#organization","name":"Organisateur","url":"https:\/\/www.organisator.ch\/","logo":{"@type":"ImageObject","inLanguage":"fr-FR","@id":"https:\/\/www.organisator.ch\/#\/schema\/logo\/image\/","url":"https:\/\/www.organisator.ch\/wp-content\/uploads\/2022\/01\/Logo_Organisator_Website.png","contentUrl":"https:\/\/www.organisator.ch\/wp-content\/uploads\/2022\/01\/Logo_Organisator_Website.png","width":800,"height":77,"caption":"Organisator"},"image":{"@id":"https:\/\/www.organisator.ch\/#\/schema\/logo\/image\/"},"sameAs":["https:\/\/www.facebook.com\/OrganisatorFachmagazin","https:\/\/www.linkedin.com\/showcase\/organisator-das-magazin-fr-kmu","https:\/\/www.xing.com\/news\/pages\/organisator-ch-695","https:\/\/www.youtube.com\/channel\/UCGP2Sq0iWaZwT3BdIAQFYpw"]},{"@type":"Person","@id":"https:\/\/www.organisator.ch\/#\/schema\/person\/a9d0e0eff238db87a8f840f3b50359f0","name":"n8n","image":{"@type":"ImageObject","inLanguage":"fr-FR","@id":"https:\/\/secure.gravatar.com\/avatar\/5368fb9d03fd415a6f335cece4c15af2502d6ca8651efbd6e8f98427a9795400?s=96&d=mm&r=g","url":"https:\/\/secure.gravatar.com\/avatar\/5368fb9d03fd415a6f335cece4c15af2502d6ca8651efbd6e8f98427a9795400?s=96&d=mm&r=g","contentUrl":"https:\/\/secure.gravatar.com\/avatar\/5368fb9d03fd415a6f335cece4c15af2502d6ca8651efbd6e8f98427a9795400?s=96&d=mm&r=g","caption":"n8n"},"url":"https:\/\/www.organisator.ch\/fr\/author\/n8n\/"}]}},"_links":{"self":[{"href":"https:\/\/www.organisator.ch\/fr\/wp-json\/wp\/v2\/posts\/45656","targetHints":{"allow":["GET"]}}],"collection":[{"href":"https:\/\/www.organisator.ch\/fr\/wp-json\/wp\/v2\/posts"}],"about":[{"href":"https:\/\/www.organisator.ch\/fr\/wp-json\/wp\/v2\/types\/post"}],"author":[{"embeddable":true,"href":"https:\/\/www.organisator.ch\/fr\/wp-json\/wp\/v2\/users\/107"}],"replies":[{"embeddable":true,"href":"https:\/\/www.organisator.ch\/fr\/wp-json\/wp\/v2\/comments?post=45656"}],"version-history":[{"count":4,"href":"https:\/\/www.organisator.ch\/fr\/wp-json\/wp\/v2\/posts\/45656\/revisions"}],"predecessor-version":[{"id":45761,"href":"https:\/\/www.organisator.ch\/fr\/wp-json\/wp\/v2\/posts\/45656\/revisions\/45761"}],"wp:featuredmedia":[{"embeddable":true,"href":"https:\/\/www.organisator.ch\/fr\/wp-json\/wp\/v2\/media\/45654"}],"wp:attachment":[{"href":"https:\/\/www.organisator.ch\/fr\/wp-json\/wp\/v2\/media?parent=45656"}],"wp:term":[{"taxonomy":"category","embeddable":true,"href":"https:\/\/www.organisator.ch\/fr\/wp-json\/wp\/v2\/categories?post=45656"},{"taxonomy":"post_tag","embeddable":true,"href":"https:\/\/www.organisator.ch\/fr\/wp-json\/wp\/v2\/tags?post=45656"}],"curies":[{"name":"wp","href":"https:\/\/api.w.org\/{rel}","templated":true}]}}