{"id":4566,"date":"2018-11-22T08:13:44","date_gmt":"2018-11-22T07:13:44","guid":{"rendered":"https:\/\/www.organisator.ch\/?p=4566"},"modified":"2018-11-22T08:13:44","modified_gmt":"2018-11-22T07:13:44","slug":"mit-ihrer-kultur-stimmt-etwas-nicht","status":"publish","type":"post","link":"https:\/\/www.organisator.ch\/fr\/management\/2018-11-22\/mit-ihrer-kultur-stimmt-etwas-nicht\/","title":{"rendered":"Quelque chose ne va pas dans votre culture !"},"content":{"rendered":"<figure id=\"attachment_4568\" aria-describedby=\"caption-attachment-4568\" style=\"width: 680px\" class=\"wp-caption alignnone\"><img loading=\"lazy\" decoding=\"async\" class=\"size-medium wp-image-4568\" src=\"https:\/\/www.organisator.ch\/wp-content\/uploads\/2018\/11\/Mit-Ihrer-Kultur-stimmt-etwas-nicht_Organisator.jpg\" alt=\"\" width=\"680\" height=\"452\" srcset=\"https:\/\/www.organisator.ch\/wp-content\/uploads\/2018\/11\/Mit-Ihrer-Kultur-stimmt-etwas-nicht_Organisator.jpg 680w, https:\/\/www.organisator.ch\/wp-content\/uploads\/2018\/11\/Mit-Ihrer-Kultur-stimmt-etwas-nicht_Organisator-16x12.jpg 16w, https:\/\/www.organisator.ch\/wp-content\/uploads\/2018\/11\/Mit-Ihrer-Kultur-stimmt-etwas-nicht_Organisator-263x175.jpg 263w, https:\/\/www.organisator.ch\/wp-content\/uploads\/2018\/11\/Mit-Ihrer-Kultur-stimmt-etwas-nicht_Organisator-527x350.jpg 527w, https:\/\/www.organisator.ch\/wp-content\/uploads\/2018\/11\/Mit-Ihrer-Kultur-stimmt-etwas-nicht_Organisator-300x199.jpg 300w\" sizes=\"auto, (max-width: 680px) 100vw, 680px\" \/><figcaption id=\"caption-attachment-4568\" class=\"wp-caption-text\">Plaisir et confiance dans les autres : Les bases d'une bonne culture d'entreprise. (Image : Fotolia.com)<\/figcaption><\/figure>\n<p>L'autre jour, je suis tomb\u00e9 sur une <a href=\"https:\/\/www.economist.com\/business\/2018\/07\/26\/open-offices-can-lead-to-closed-minds\">\u00c9tude<\/a> d'Ethan Bernstein et Stephen Turban - deux universitaires de la Harvard Business School - qui ont conclu que la communication ouverte est moins fr\u00e9quente dans les bureaux paysagers que dans les structures \u00e0 petits bureaux (et qu'elle se fait davantage par e-mail). La raison semble claire : les gens ne veulent pas s'exposer aux autres en s'exprimant.<\/p>\n<p>Voici mon diagnostic : si vous remarquez ce sympt\u00f4me - \u00e0 savoir que les gens ont peur de s'ouvrir \u00e0 leurs coll\u00e8gues - nous avons un vrai probl\u00e8me avec votre culture. Et les bureaux paysagers le r\u00e9v\u00e8lent tout simplement (de la m\u00eame mani\u00e8re que la r\u00e9duction des stocks r\u00e9v\u00e8le des probl\u00e8mes dans la production).<\/p>\n<p>Au lieu de s'attaquer aux sympt\u00f4mes, nous devrions plut\u00f4t nous attaquer aux causes fondamentales. Voici les trois principales raisons pour lesquelles vos collaborateurs se cachent et ne communiquent pas ouvertement (quelle que soit la structure de bureau) :<\/p>\n<ol>\n<li><strong>Pas de confiance dans les autres.<\/strong> En tant que dirigeant, vous savez que lorsque les gens parlent dans le dos des autres ou pr\u00e9f\u00e8rent envoyer des e-mails plut\u00f4t que d'aborder ouvertement les probl\u00e8mes, nous n'avons pas un probl\u00e8me de communication, mais de confiance. Aucune \u00e9quipe ne peut \u00eatre performante sans confiance mutuelle. Travaillez sur ce point, de pr\u00e9f\u00e9rence avec un coach. La bonne nouvelle : la confiance peut \u00eatre \u00e9tablie de mani\u00e8re cibl\u00e9e.<\/li>\n<li><strong>Pas d'amusement.<\/strong> J'en ai fait moi-m\u00eame l'exp\u00e9rience pendant des ann\u00e9es (chez SAP, l'un des meilleurs employeurs d'Allemagne et de Suisse) : en s'amusant, on en fait deux fois plus dans le m\u00eame temps : m\u00eame si on perd parfois du temps \u00e0 faire des blagues et des folies, on est finalement beaucoup plus productif. Dans quelle mesure vos collaborateurs s'amusent-ils au travail ?<\/li>\n<li><strong>Pas de confiance en soi.<\/strong> Ceux qui se cachent dans la communication ont souvent une faible confiance en eux. Il est possible de travailler sur ce point. C'est aussi la responsabilit\u00e9 du dirigeant. D'ailleurs, le manque de confiance en soi est aussi une raison importante pour laquelle les vendeurs vendent moins.   En augmentant la confiance en soi de l'\u00e9quipe de vente, vous pouvez augmenter assez directement le nombre de commandes.<\/li>\n<\/ol>\n<p>Une chose est s\u00fbre : travailler sur votre culture en vaut la peine. Les cons\u00e9quences en sont une productivit\u00e9 accrue, de meilleurs r\u00e9sultats et, ne l'oublions pas, plus de plaisir.<\/p>\n<p><i>Vers l'auteur :<br \/>\n<\/i><em>Volkmar V\u00f6lzke est un maximisateur de succ\u00e8s. Auteur de livres. Conseiller et consultant. Coach de formation. Orateur. <a href=\"http:\/\/www.volkmarvoelzke.ch\/\">www.volkmarvoelzke.ch<\/a><\/em><\/p>\n<p>&nbsp;<\/p>","protected":false},"excerpt":{"rendered":"<p>Neulich bin ich \u00fcber eine Studie von Ethan Bernstein and Stephen Turban \u2013 zwei Akademikern von der Harvard Business School \u2013 gestolpert, die zur Schlussfolgerung kamen, dass in Grossraumb\u00fcros weniger offen kommuniziert wird als in Strukturen mit Kleinb\u00fcros (und stattdessen mehr per Email). Der Grund scheint klar: Menschen wollen sich nicht vor anderen mit Ihren [&hellip;]<\/p>\n","protected":false},"author":4,"featured_media":4568,"comment_status":"open","ping_status":"open","sticky":false,"template":"","format":"standard","meta":{"_acf_changed":false,"_yoast_wpseo_focuskw":"Kultur","_yoast_wpseo_metadesc":"Mit Studien ist es ja so eine Sache: Man muss immer den Kontext verstehen, bevor man Schlussfolgerungen zieht. Ein Kommentar mit weiteren Erfolgs-Impulsen.","articlekey":"","footnotes":""},"categories":[28],"tags":[115,177,306,335],"class_list":["post-4566","post","type-post","status-publish","format-standard","has-post-thumbnail","hentry","category-management","tag-checklisten","tag-erfolgs-impuls","tag-kolumne","tag-management-und-unternehmensfuehrung"],"acf":[],"yoast_head":"<!-- This site is optimized with the Yoast SEO plugin v27.5 - https:\/\/yoast.com\/product\/yoast-seo-wordpress\/ -->\n<title>Mit Ihrer Kultur stimmt etwas nicht! - Organisator<\/title>\n<meta name=\"description\" content=\"Mit Studien ist es ja so eine Sache: Man muss immer den Kontext verstehen, bevor man Schlussfolgerungen zieht. Ein Kommentar mit weiteren Erfolgs-Impulsen.\" \/>\n<meta name=\"robots\" content=\"index, follow, max-snippet:-1, max-image-preview:large, max-video-preview:-1\" \/>\n<link rel=\"canonical\" href=\"https:\/\/www.organisator.ch\/fr\/gestion-2\/2018-11-22\/mit-ihrer-kultur-stimmt-etwas-nicht\/\" \/>\n<meta property=\"og:locale\" content=\"fr_FR\" \/>\n<meta property=\"og:type\" content=\"article\" \/>\n<meta property=\"og:title\" content=\"Mit Ihrer Kultur stimmt etwas nicht!\" \/>\n<meta property=\"og:description\" content=\"Mit Studien ist es ja so eine Sache: Man muss immer den Kontext verstehen, bevor man Schlussfolgerungen zieht. Ein Kommentar mit weiteren Erfolgs-Impulsen.\" \/>\n<meta property=\"og:url\" content=\"https:\/\/www.organisator.ch\/fr\/gestion-2\/2018-11-22\/mit-ihrer-kultur-stimmt-etwas-nicht\/\" \/>\n<meta property=\"og:site_name\" content=\"Organisator\" \/>\n<meta property=\"article:publisher\" content=\"https:\/\/www.facebook.com\/OrganisatorFachmagazin\" \/>\n<meta property=\"article:published_time\" content=\"2018-11-22T07:13:44+00:00\" \/>\n<meta property=\"og:image\" content=\"https:\/\/www.organisator.ch\/wp-content\/uploads\/2018\/11\/Mit-Ihrer-Kultur-stimmt-etwas-nicht_Organisator.jpg\" \/>\n\t<meta property=\"og:image:width\" content=\"680\" \/>\n\t<meta property=\"og:image:height\" content=\"452\" \/>\n\t<meta property=\"og:image:type\" content=\"image\/jpeg\" \/>\n<meta name=\"author\" content=\"thomas.berner\" \/>\n<meta name=\"twitter:card\" content=\"summary_large_image\" \/>\n<meta name=\"twitter:title\" content=\"Mit Ihrer #Kultur stimmt etwas nicht!\" \/>\n<meta name=\"twitter:description\" content=\"Mit Studien ist es ja so eine Sache: Man muss immer den Kontext verstehen, bevor man Schlussfolgerungen zieht. Ein Kommentar mit weiteren Erfolgs-Impulsen.\" \/>\n<meta name=\"twitter:image\" content=\"https:\/\/www.organisator.ch\/wp-content\/uploads\/2018\/11\/Mit-Ihrer-Kultur-stimmt-etwas-nicht_Organisator.jpg\" \/>\n<script type=\"application\/ld+json\" class=\"yoast-schema-graph\">{\"@context\":\"https:\\\/\\\/schema.org\",\"@graph\":[{\"@type\":\"Article\",\"@id\":\"https:\\\/\\\/www.organisator.ch\\\/management\\\/2018-11-22\\\/mit-ihrer-kultur-stimmt-etwas-nicht\\\/#article\",\"isPartOf\":{\"@id\":\"https:\\\/\\\/www.organisator.ch\\\/management\\\/2018-11-22\\\/mit-ihrer-kultur-stimmt-etwas-nicht\\\/\"},\"author\":{\"name\":\"thomas.berner\",\"@id\":\"https:\\\/\\\/www.organisator.ch\\\/#\\\/schema\\\/person\\\/6f650f90b2842cd4c0cc334b4e36f67e\"},\"headline\":\"Mit Ihrer Kultur stimmt etwas nicht!\",\"datePublished\":\"2018-11-22T07:13:44+00:00\",\"mainEntityOfPage\":{\"@id\":\"https:\\\/\\\/www.organisator.ch\\\/management\\\/2018-11-22\\\/mit-ihrer-kultur-stimmt-etwas-nicht\\\/\"},\"wordCount\":376,\"commentCount\":0,\"publisher\":{\"@id\":\"https:\\\/\\\/www.organisator.ch\\\/#organization\"},\"image\":{\"@id\":\"https:\\\/\\\/www.organisator.ch\\\/management\\\/2018-11-22\\\/mit-ihrer-kultur-stimmt-etwas-nicht\\\/#primaryimage\"},\"thumbnailUrl\":\"https:\\\/\\\/www.organisator.ch\\\/wp-content\\\/uploads\\\/2018\\\/11\\\/Mit-Ihrer-Kultur-stimmt-etwas-nicht_Organisator.jpg\",\"keywords\":[\"Checklisten\",\"Erfolgs-Impuls\",\"Kolumne\",\"Management und Unternehmensf\u00fchrung\"],\"articleSection\":[\"MANAGEMENT\"],\"inLanguage\":\"fr-FR\"},{\"@type\":\"WebPage\",\"@id\":\"https:\\\/\\\/www.organisator.ch\\\/management\\\/2018-11-22\\\/mit-ihrer-kultur-stimmt-etwas-nicht\\\/\",\"url\":\"https:\\\/\\\/www.organisator.ch\\\/management\\\/2018-11-22\\\/mit-ihrer-kultur-stimmt-etwas-nicht\\\/\",\"name\":\"Mit Ihrer Kultur stimmt etwas nicht! - Organisator\",\"isPartOf\":{\"@id\":\"https:\\\/\\\/www.organisator.ch\\\/#website\"},\"primaryImageOfPage\":{\"@id\":\"https:\\\/\\\/www.organisator.ch\\\/management\\\/2018-11-22\\\/mit-ihrer-kultur-stimmt-etwas-nicht\\\/#primaryimage\"},\"image\":{\"@id\":\"https:\\\/\\\/www.organisator.ch\\\/management\\\/2018-11-22\\\/mit-ihrer-kultur-stimmt-etwas-nicht\\\/#primaryimage\"},\"thumbnailUrl\":\"https:\\\/\\\/www.organisator.ch\\\/wp-content\\\/uploads\\\/2018\\\/11\\\/Mit-Ihrer-Kultur-stimmt-etwas-nicht_Organisator.jpg\",\"datePublished\":\"2018-11-22T07:13:44+00:00\",\"description\":\"Mit Studien ist es ja so eine Sache: Man muss immer den Kontext verstehen, bevor man Schlussfolgerungen zieht. Ein Kommentar mit weiteren Erfolgs-Impulsen.\",\"breadcrumb\":{\"@id\":\"https:\\\/\\\/www.organisator.ch\\\/management\\\/2018-11-22\\\/mit-ihrer-kultur-stimmt-etwas-nicht\\\/#breadcrumb\"},\"inLanguage\":\"fr-FR\",\"potentialAction\":[{\"@type\":\"ReadAction\",\"target\":[\"https:\\\/\\\/www.organisator.ch\\\/management\\\/2018-11-22\\\/mit-ihrer-kultur-stimmt-etwas-nicht\\\/\"]}]},{\"@type\":\"ImageObject\",\"inLanguage\":\"fr-FR\",\"@id\":\"https:\\\/\\\/www.organisator.ch\\\/management\\\/2018-11-22\\\/mit-ihrer-kultur-stimmt-etwas-nicht\\\/#primaryimage\",\"url\":\"https:\\\/\\\/www.organisator.ch\\\/wp-content\\\/uploads\\\/2018\\\/11\\\/Mit-Ihrer-Kultur-stimmt-etwas-nicht_Organisator.jpg\",\"contentUrl\":\"https:\\\/\\\/www.organisator.ch\\\/wp-content\\\/uploads\\\/2018\\\/11\\\/Mit-Ihrer-Kultur-stimmt-etwas-nicht_Organisator.jpg\",\"width\":680,\"height\":452,\"caption\":\"Spass und Vertrauen in andere: Grundlagen f\u00fcr eine gute Kultur in Unternehmen. (Bild: Fotolia.com)\"},{\"@type\":\"BreadcrumbList\",\"@id\":\"https:\\\/\\\/www.organisator.ch\\\/management\\\/2018-11-22\\\/mit-ihrer-kultur-stimmt-etwas-nicht\\\/#breadcrumb\",\"itemListElement\":[{\"@type\":\"ListItem\",\"position\":1,\"name\":\"Home\",\"item\":\"https:\\\/\\\/www.organisator.ch\\\/\"},{\"@type\":\"ListItem\",\"position\":2,\"name\":\"Mit Ihrer Kultur stimmt etwas nicht!\"}]},{\"@type\":\"WebSite\",\"@id\":\"https:\\\/\\\/www.organisator.ch\\\/#website\",\"url\":\"https:\\\/\\\/www.organisator.ch\\\/\",\"name\":\"Organisator\",\"description\":\"Kompetent. Praxisnah. Der ORGANISATOR bereitet in 10 Ausgaben pro Jahr die wesentlichen Themen f\u00fcr F\u00fchrungskr\u00e4fte von KMU auf.\",\"publisher\":{\"@id\":\"https:\\\/\\\/www.organisator.ch\\\/#organization\"},\"potentialAction\":[{\"@type\":\"SearchAction\",\"target\":{\"@type\":\"EntryPoint\",\"urlTemplate\":\"https:\\\/\\\/www.organisator.ch\\\/?s={search_term_string}\"},\"query-input\":{\"@type\":\"PropertyValueSpecification\",\"valueRequired\":true,\"valueName\":\"search_term_string\"}}],\"inLanguage\":\"fr-FR\"},{\"@type\":\"Organization\",\"@id\":\"https:\\\/\\\/www.organisator.ch\\\/#organization\",\"name\":\"Organisator\",\"url\":\"https:\\\/\\\/www.organisator.ch\\\/\",\"logo\":{\"@type\":\"ImageObject\",\"inLanguage\":\"fr-FR\",\"@id\":\"https:\\\/\\\/www.organisator.ch\\\/#\\\/schema\\\/logo\\\/image\\\/\",\"url\":\"https:\\\/\\\/www.organisator.ch\\\/wp-content\\\/uploads\\\/2022\\\/01\\\/Logo_Organisator_Website.png\",\"contentUrl\":\"https:\\\/\\\/www.organisator.ch\\\/wp-content\\\/uploads\\\/2022\\\/01\\\/Logo_Organisator_Website.png\",\"width\":800,\"height\":77,\"caption\":\"Organisator\"},\"image\":{\"@id\":\"https:\\\/\\\/www.organisator.ch\\\/#\\\/schema\\\/logo\\\/image\\\/\"},\"sameAs\":[\"https:\\\/\\\/www.facebook.com\\\/OrganisatorFachmagazin\",\"https:\\\/\\\/www.linkedin.com\\\/showcase\\\/organisator-das-magazin-fr-kmu\",\"https:\\\/\\\/www.xing.com\\\/news\\\/pages\\\/organisator-ch-695\",\"https:\\\/\\\/www.youtube.com\\\/channel\\\/UCGP2Sq0iWaZwT3BdIAQFYpw\"]},{\"@type\":\"Person\",\"@id\":\"https:\\\/\\\/www.organisator.ch\\\/#\\\/schema\\\/person\\\/6f650f90b2842cd4c0cc334b4e36f67e\",\"name\":\"thomas.berner\",\"image\":{\"@type\":\"ImageObject\",\"inLanguage\":\"fr-FR\",\"@id\":\"https:\\\/\\\/secure.gravatar.com\\\/avatar\\\/ac5001d2a36cb6c6cd3e50789007ffca834b477b74a2144564522e944eabff61?s=96&d=mm&r=g\",\"url\":\"https:\\\/\\\/secure.gravatar.com\\\/avatar\\\/ac5001d2a36cb6c6cd3e50789007ffca834b477b74a2144564522e944eabff61?s=96&d=mm&r=g\",\"contentUrl\":\"https:\\\/\\\/secure.gravatar.com\\\/avatar\\\/ac5001d2a36cb6c6cd3e50789007ffca834b477b74a2144564522e944eabff61?s=96&d=mm&r=g\",\"caption\":\"thomas.berner\"},\"url\":\"https:\\\/\\\/www.organisator.ch\\\/fr\\\/author\\\/thomas-berner\\\/\"}]}<\/script>\n<!-- \/ Yoast SEO plugin. -->","yoast_head_json":{"title":"Quelque chose ne va pas dans votre culture ! - Organisateur","description":"Les \u00e9tudes sont une chose : il faut toujours comprendre le contexte avant de tirer des conclusions. Un commentaire avec d'autres impulsions de succ\u00e8s.","robots":{"index":"index","follow":"follow","max-snippet":"max-snippet:-1","max-image-preview":"max-image-preview:large","max-video-preview":"max-video-preview:-1"},"canonical":"https:\/\/www.organisator.ch\/fr\/gestion-2\/2018-11-22\/mit-ihrer-kultur-stimmt-etwas-nicht\/","og_locale":"fr_FR","og_type":"article","og_title":"Mit Ihrer Kultur stimmt etwas nicht!","og_description":"Mit Studien ist es ja so eine Sache: Man muss immer den Kontext verstehen, bevor man Schlussfolgerungen zieht. Ein Kommentar mit weiteren Erfolgs-Impulsen.","og_url":"https:\/\/www.organisator.ch\/fr\/gestion-2\/2018-11-22\/mit-ihrer-kultur-stimmt-etwas-nicht\/","og_site_name":"Organisator","article_publisher":"https:\/\/www.facebook.com\/OrganisatorFachmagazin","article_published_time":"2018-11-22T07:13:44+00:00","og_image":[{"width":680,"height":452,"url":"https:\/\/www.organisator.ch\/wp-content\/uploads\/2018\/11\/Mit-Ihrer-Kultur-stimmt-etwas-nicht_Organisator.jpg","type":"image\/jpeg"}],"author":"thomas.berner","twitter_card":"summary_large_image","twitter_title":"Mit Ihrer #Kultur stimmt etwas nicht!","twitter_description":"Mit Studien ist es ja so eine Sache: Man muss immer den Kontext verstehen, bevor man Schlussfolgerungen zieht. Ein Kommentar mit weiteren Erfolgs-Impulsen.","twitter_image":"https:\/\/www.organisator.ch\/wp-content\/uploads\/2018\/11\/Mit-Ihrer-Kultur-stimmt-etwas-nicht_Organisator.jpg","schema":{"@context":"https:\/\/schema.org","@graph":[{"@type":"Article","@id":"https:\/\/www.organisator.ch\/management\/2018-11-22\/mit-ihrer-kultur-stimmt-etwas-nicht\/#article","isPartOf":{"@id":"https:\/\/www.organisator.ch\/management\/2018-11-22\/mit-ihrer-kultur-stimmt-etwas-nicht\/"},"author":{"name":"thomas.berner","@id":"https:\/\/www.organisator.ch\/#\/schema\/person\/6f650f90b2842cd4c0cc334b4e36f67e"},"headline":"Mit Ihrer Kultur stimmt etwas nicht!","datePublished":"2018-11-22T07:13:44+00:00","mainEntityOfPage":{"@id":"https:\/\/www.organisator.ch\/management\/2018-11-22\/mit-ihrer-kultur-stimmt-etwas-nicht\/"},"wordCount":376,"commentCount":0,"publisher":{"@id":"https:\/\/www.organisator.ch\/#organization"},"image":{"@id":"https:\/\/www.organisator.ch\/management\/2018-11-22\/mit-ihrer-kultur-stimmt-etwas-nicht\/#primaryimage"},"thumbnailUrl":"https:\/\/www.organisator.ch\/wp-content\/uploads\/2018\/11\/Mit-Ihrer-Kultur-stimmt-etwas-nicht_Organisator.jpg","keywords":["Checklisten","Erfolgs-Impuls","Kolumne","Management und Unternehmensf\u00fchrung"],"articleSection":["MANAGEMENT"],"inLanguage":"fr-FR"},{"@type":"WebPage","@id":"https:\/\/www.organisator.ch\/management\/2018-11-22\/mit-ihrer-kultur-stimmt-etwas-nicht\/","url":"https:\/\/www.organisator.ch\/management\/2018-11-22\/mit-ihrer-kultur-stimmt-etwas-nicht\/","name":"Quelque chose ne va pas dans votre culture ! - Organisateur","isPartOf":{"@id":"https:\/\/www.organisator.ch\/#website"},"primaryImageOfPage":{"@id":"https:\/\/www.organisator.ch\/management\/2018-11-22\/mit-ihrer-kultur-stimmt-etwas-nicht\/#primaryimage"},"image":{"@id":"https:\/\/www.organisator.ch\/management\/2018-11-22\/mit-ihrer-kultur-stimmt-etwas-nicht\/#primaryimage"},"thumbnailUrl":"https:\/\/www.organisator.ch\/wp-content\/uploads\/2018\/11\/Mit-Ihrer-Kultur-stimmt-etwas-nicht_Organisator.jpg","datePublished":"2018-11-22T07:13:44+00:00","description":"Les \u00e9tudes sont une chose : il faut toujours comprendre le contexte avant de tirer des conclusions. Un commentaire avec d'autres impulsions de succ\u00e8s.","breadcrumb":{"@id":"https:\/\/www.organisator.ch\/management\/2018-11-22\/mit-ihrer-kultur-stimmt-etwas-nicht\/#breadcrumb"},"inLanguage":"fr-FR","potentialAction":[{"@type":"ReadAction","target":["https:\/\/www.organisator.ch\/management\/2018-11-22\/mit-ihrer-kultur-stimmt-etwas-nicht\/"]}]},{"@type":"ImageObject","inLanguage":"fr-FR","@id":"https:\/\/www.organisator.ch\/management\/2018-11-22\/mit-ihrer-kultur-stimmt-etwas-nicht\/#primaryimage","url":"https:\/\/www.organisator.ch\/wp-content\/uploads\/2018\/11\/Mit-Ihrer-Kultur-stimmt-etwas-nicht_Organisator.jpg","contentUrl":"https:\/\/www.organisator.ch\/wp-content\/uploads\/2018\/11\/Mit-Ihrer-Kultur-stimmt-etwas-nicht_Organisator.jpg","width":680,"height":452,"caption":"Spass und Vertrauen in andere: Grundlagen f\u00fcr eine gute Kultur in Unternehmen. (Bild: Fotolia.com)"},{"@type":"BreadcrumbList","@id":"https:\/\/www.organisator.ch\/management\/2018-11-22\/mit-ihrer-kultur-stimmt-etwas-nicht\/#breadcrumb","itemListElement":[{"@type":"ListItem","position":1,"name":"Home","item":"https:\/\/www.organisator.ch\/"},{"@type":"ListItem","position":2,"name":"Mit Ihrer Kultur stimmt etwas nicht!"}]},{"@type":"WebSite","@id":"https:\/\/www.organisator.ch\/#website","url":"https:\/\/www.organisator.ch\/","name":"Organisateur","description":"Comp\u00e9tence et comp\u00e9tence. Proches de la pratique. L'ORGANISATEUR pr\u00e9pare 10 num\u00e9ros par an sur les th\u00e8mes essentiels pour les dirigeants de PME.","publisher":{"@id":"https:\/\/www.organisator.ch\/#organization"},"potentialAction":[{"@type":"SearchAction","target":{"@type":"EntryPoint","urlTemplate":"https:\/\/www.organisator.ch\/?s={search_term_string}"},"query-input":{"@type":"PropertyValueSpecification","valueRequired":true,"valueName":"search_term_string"}}],"inLanguage":"fr-FR"},{"@type":"Organization","@id":"https:\/\/www.organisator.ch\/#organization","name":"Organisateur","url":"https:\/\/www.organisator.ch\/","logo":{"@type":"ImageObject","inLanguage":"fr-FR","@id":"https:\/\/www.organisator.ch\/#\/schema\/logo\/image\/","url":"https:\/\/www.organisator.ch\/wp-content\/uploads\/2022\/01\/Logo_Organisator_Website.png","contentUrl":"https:\/\/www.organisator.ch\/wp-content\/uploads\/2022\/01\/Logo_Organisator_Website.png","width":800,"height":77,"caption":"Organisator"},"image":{"@id":"https:\/\/www.organisator.ch\/#\/schema\/logo\/image\/"},"sameAs":["https:\/\/www.facebook.com\/OrganisatorFachmagazin","https:\/\/www.linkedin.com\/showcase\/organisator-das-magazin-fr-kmu","https:\/\/www.xing.com\/news\/pages\/organisator-ch-695","https:\/\/www.youtube.com\/channel\/UCGP2Sq0iWaZwT3BdIAQFYpw"]},{"@type":"Person","@id":"https:\/\/www.organisator.ch\/#\/schema\/person\/6f650f90b2842cd4c0cc334b4e36f67e","name":"thomas.berner","image":{"@type":"ImageObject","inLanguage":"fr-FR","@id":"https:\/\/secure.gravatar.com\/avatar\/ac5001d2a36cb6c6cd3e50789007ffca834b477b74a2144564522e944eabff61?s=96&d=mm&r=g","url":"https:\/\/secure.gravatar.com\/avatar\/ac5001d2a36cb6c6cd3e50789007ffca834b477b74a2144564522e944eabff61?s=96&d=mm&r=g","contentUrl":"https:\/\/secure.gravatar.com\/avatar\/ac5001d2a36cb6c6cd3e50789007ffca834b477b74a2144564522e944eabff61?s=96&d=mm&r=g","caption":"thomas.berner"},"url":"https:\/\/www.organisator.ch\/fr\/author\/thomas-berner\/"}]}},"_links":{"self":[{"href":"https:\/\/www.organisator.ch\/fr\/wp-json\/wp\/v2\/posts\/4566","targetHints":{"allow":["GET"]}}],"collection":[{"href":"https:\/\/www.organisator.ch\/fr\/wp-json\/wp\/v2\/posts"}],"about":[{"href":"https:\/\/www.organisator.ch\/fr\/wp-json\/wp\/v2\/types\/post"}],"author":[{"embeddable":true,"href":"https:\/\/www.organisator.ch\/fr\/wp-json\/wp\/v2\/users\/4"}],"replies":[{"embeddable":true,"href":"https:\/\/www.organisator.ch\/fr\/wp-json\/wp\/v2\/comments?post=4566"}],"version-history":[{"count":0,"href":"https:\/\/www.organisator.ch\/fr\/wp-json\/wp\/v2\/posts\/4566\/revisions"}],"wp:featuredmedia":[{"embeddable":true,"href":"https:\/\/www.organisator.ch\/fr\/wp-json\/wp\/v2\/media\/4568"}],"wp:attachment":[{"href":"https:\/\/www.organisator.ch\/fr\/wp-json\/wp\/v2\/media?parent=4566"}],"wp:term":[{"taxonomy":"category","embeddable":true,"href":"https:\/\/www.organisator.ch\/fr\/wp-json\/wp\/v2\/categories?post=4566"},{"taxonomy":"post_tag","embeddable":true,"href":"https:\/\/www.organisator.ch\/fr\/wp-json\/wp\/v2\/tags?post=4566"}],"curies":[{"name":"wp","href":"https:\/\/api.w.org\/{rel}","templated":true}]}}