{"id":45687,"date":"2026-03-06T10:10:01","date_gmt":"2026-03-06T09:10:01","guid":{"rendered":"https:\/\/www.organisator.ch\/de\/?p=45687"},"modified":"2026-03-06T10:10:01","modified_gmt":"2026-03-06T09:10:01","slug":"mediarent-und-screenpro-buendeln-vertrieb-unter-neuer-leitung","status":"publish","type":"post","link":"https:\/\/www.organisator.ch\/fr\/marketing\/2026-03-06\/mediarent-und-screenpro-buendeln-vertrieb-unter-neuer-leitung\/","title":{"rendered":"Mediarent et Screenpro regroupent leurs ventes sous une nouvelle direction"},"content":{"rendered":"<figure id=\"attachment_45686\" aria-describedby=\"caption-attachment-45686\" style=\"width: 1400px\" class=\"wp-caption alignnone\"><img loading=\"lazy\" decoding=\"async\" class=\"size-full wp-image-45686\" src=\"https:\/\/www.organisator.ch\/wp-content\/uploads\/2026\/03\/Tobi_Reithmaier_HighRes-250319-scaled.jpg\" alt=\"\" width=\"1400\" height=\"1050\" srcset=\"https:\/\/www.organisator.ch\/wp-content\/uploads\/2026\/03\/Tobi_Reithmaier_HighRes-250319-scaled.jpg 1400w, https:\/\/www.organisator.ch\/wp-content\/uploads\/2026\/03\/Tobi_Reithmaier_HighRes-250319-680x510.jpg 680w, https:\/\/www.organisator.ch\/wp-content\/uploads\/2026\/03\/Tobi_Reithmaier_HighRes-250319-1024x768.jpg 1024w, https:\/\/www.organisator.ch\/wp-content\/uploads\/2026\/03\/Tobi_Reithmaier_HighRes-250319-768x576.jpg 768w, https:\/\/www.organisator.ch\/wp-content\/uploads\/2026\/03\/Tobi_Reithmaier_HighRes-250319-1536x1152.jpg 1536w, https:\/\/www.organisator.ch\/wp-content\/uploads\/2026\/03\/Tobi_Reithmaier_HighRes-250319-2048x1536.jpg 2048w, https:\/\/www.organisator.ch\/wp-content\/uploads\/2026\/03\/Tobi_Reithmaier_HighRes-250319-16x12.jpg 16w, https:\/\/www.organisator.ch\/wp-content\/uploads\/2026\/03\/Tobi_Reithmaier_HighRes-250319-375x281.jpg 375w, https:\/\/www.organisator.ch\/wp-content\/uploads\/2026\/03\/Tobi_Reithmaier_HighRes-250319-467x350.jpg 467w, https:\/\/www.organisator.ch\/wp-content\/uploads\/2026\/03\/Tobi_Reithmaier_HighRes-250319-1000x750.jpg 1000w\" sizes=\"auto, (max-width: 1400px) 100vw, 1400px\" \/><figcaption id=\"caption-attachment-45686\" class=\"wp-caption-text\">Tobias Reithmaier prend la direction des ventes pour Mediarent et Screenpro. Source : zvg<\/figcaption><\/figure>\n<p>Les soci\u00e9t\u00e9s Dr. W.A. G\u00fcnther Media Rent AG (Mediarent) et Screenpro AG regroupent leurs activit\u00e9s de distribution : Tobias Reithmaier prend d\u00e8s \u00e0 pr\u00e9sent la fonction de Head of Sales pour les deux soci\u00e9t\u00e9s.<\/p>\n<h3>Longue exp\u00e9rience dans le conseil \u00e0 la client\u00e8le<\/h3>\n<p>Tobias Reithmaier travaillait jusqu'\u00e0 pr\u00e9sent pour Screenpro et dispose d'une longue exp\u00e9rience dans le conseil \u00e0 la client\u00e8le. Dans sa nouvelle fonction, il sera responsable du d\u00e9veloppement des activit\u00e9s de vente des deux entreprises et d\u00e9veloppera continuellement les relations avec les clients et les partenaires.<\/p>\n<p>Le rapprochement strat\u00e9gique de Screenpro et Mediarent permet de regrouper les comp\u00e9tences et les ressources de mani\u00e8re encore plus cibl\u00e9e et d'exploiter les synergies. Les clients b\u00e9n\u00e9ficient ainsi d'une offre de services performante et fiable dans les domaines de la vente et de l'int\u00e9gration de syst\u00e8mes de solutions d'affichage, de LED et d'affichage num\u00e9rique ainsi que de la location de mat\u00e9riel audiovisuel \u00e9v\u00e9nementiel de qualit\u00e9.<\/p>\n<h3>R\u00e9aliser des projets passionnants en collaboration avec l'\u00e9quipe<\/h3>\n<p>A propos de ses d\u00e9buts dans sa nouvelle fonction, Tobias Reithmaier d\u00e9clare : \u00abJe me r\u00e9jouis beaucoup d'approfondir la collaboration avec nos clientes et clients et de mettre en \u0153uvre des projets passionnants avec notre \u00e9quipe\u00bb.\u00bb<\/p>\n<p>La soci\u00e9t\u00e9 Dr. W.A. G\u00fcnther Media Rent AG fait partie des principaux fournisseurs de technique \u00e9v\u00e9nementielle professionnelle en Suisse. Gr\u00e2ce \u00e0 des techniques audio, vid\u00e9o, d'\u00e9clairage et de projection ultramodernes, Mediarent cr\u00e9e des mondes d'exp\u00e9rience impressionnants - de la planification technique \u00e0 la r\u00e9alisation sur place. Plus de 90 ans d'exp\u00e9rience sont synonymes de qualit\u00e9, de fiabilit\u00e9 et de solutions sur mesure pour les manifestations de toutes tailles.<\/p>\n<p>Screenpro AG compte parmi les principaux fournisseurs de solutions professionnelles d'affichage, de LED et de signal\u00e9tique num\u00e9rique en Suisse et est synonyme de technologies innovantes, de qualit\u00e9 de service \u00e9lev\u00e9e et de concepts de syst\u00e8mes sur mesure. Les deux entreprises font partie du groupe Messerli, le groupe suisse leader dans le domaine de la Live Experience.<\/p>\n<p><a href=\"https:\/\/www.mediarent.ch\" target=\"_blank\" rel=\"noopener\">https:\/\/www.mediarent.ch<\/a><\/p>","protected":false},"excerpt":{"rendered":"<p>Les soci\u00e9t\u00e9s Dr. W.A. G\u00fcnther Media Rent AG et Screenpro AG fusionnent leurs activit\u00e9s de distribution. Tobias Reithmaier assume d\u00e8s \u00e0 pr\u00e9sent la fonction de Head of Sales pour les deux entreprises. Ce rapprochement strat\u00e9gique permet de regrouper les comp\u00e9tences de mani\u00e8re plus cibl\u00e9e et d'exploiter les synergies.<\/p>","protected":false},"author":107,"featured_media":45686,"comment_status":"closed","ping_status":"closed","sticky":false,"template":"","format":"standard","meta":{"_acf_changed":false,"_yoast_wpseo_focuskw":"Mediarent Screenpro Vertrieb","_yoast_wpseo_metadesc":"Mediarent und Screenpro b\u00fcndeln Vertrieb: Tobias Reithmaier \u00fcbernimmt Head of Sales f\u00fcr beide Unternehmen der Messerli Group.","articlekey":"","footnotes":""},"categories":[29],"tags":[5872,4343,492],"class_list":["post-45687","post","type-post","status-publish","format-standard","has-post-thumbnail","hentry","category-marketing","tag-live-communications","tag-markom","tag-unternehmen"],"acf":[],"yoast_head":"<!-- This site is optimized with the Yoast SEO plugin v27.5 - https:\/\/yoast.com\/product\/yoast-seo-wordpress\/ -->\n<title>Mediarent und Screenpro b\u00fcndeln Vertrieb unter neuer Leitung - Organisator<\/title>\n<meta name=\"description\" content=\"Mediarent und Screenpro b\u00fcndeln Vertrieb: Tobias Reithmaier \u00fcbernimmt Head of Sales f\u00fcr beide Unternehmen der Messerli Group.\" \/>\n<meta name=\"robots\" content=\"index, follow, max-snippet:-1, max-image-preview:large, max-video-preview:-1\" \/>\n<link rel=\"canonical\" href=\"https:\/\/www.organisator.ch\/fr\/marketing\/2026-03-06\/mediarent-und-screenpro-buendeln-vertrieb-unter-neuer-leitung\/\" \/>\n<meta property=\"og:locale\" content=\"fr_FR\" \/>\n<meta property=\"og:type\" content=\"article\" \/>\n<meta property=\"og:title\" content=\"Mediarent und Screenpro b\u00fcndeln Vertrieb unter neuer Leitung\" \/>\n<meta property=\"og:description\" content=\"Mediarent und Screenpro b\u00fcndeln Vertrieb: Tobias Reithmaier \u00fcbernimmt Head of Sales f\u00fcr beide Unternehmen der Messerli Group.\" \/>\n<meta property=\"og:url\" content=\"https:\/\/www.organisator.ch\/fr\/marketing\/2026-03-06\/mediarent-und-screenpro-buendeln-vertrieb-unter-neuer-leitung\/\" \/>\n<meta property=\"og:site_name\" content=\"Organisator\" \/>\n<meta property=\"article:publisher\" content=\"https:\/\/www.facebook.com\/OrganisatorFachmagazin\" \/>\n<meta property=\"article:published_time\" content=\"2026-03-06T09:10:01+00:00\" \/>\n<meta property=\"og:image\" content=\"https:\/\/www.organisator.ch\/wp-content\/uploads\/2026\/03\/Tobi_Reithmaier_HighRes-250319-scaled.jpg\" \/>\n\t<meta property=\"og:image:width\" content=\"1400\" \/>\n\t<meta property=\"og:image:height\" content=\"1050\" \/>\n\t<meta property=\"og:image:type\" content=\"image\/jpeg\" \/>\n<meta name=\"author\" content=\"n8n\" \/>\n<meta name=\"twitter:card\" content=\"summary_large_image\" \/>\n<meta name=\"twitter:title\" content=\"#Mediarent und #Screenpro b\u00fcndeln Vertrieb unter neuer Leitung\" \/>\n<meta name=\"twitter:description\" content=\"#Mediarent und #Screenpro b\u00fcndeln Vertrieb: Tobias #Reithmaier \u00fcbernimmt Head of Sales f\u00fcr beide Unternehmen der Messerli Group.\" \/>\n<meta name=\"twitter:image\" content=\"https:\/\/www.organisator.ch\/wp-content\/uploads\/2026\/03\/Tobi_Reithmaier_HighRes-250319-scaled.jpg\" \/>\n<script type=\"application\/ld+json\" class=\"yoast-schema-graph\">{\"@context\":\"https:\\\/\\\/schema.org\",\"@graph\":[{\"@type\":\"Article\",\"@id\":\"https:\\\/\\\/www.organisator.ch\\\/marketing\\\/2026-03-06\\\/mediarent-und-screenpro-buendeln-vertrieb-unter-neuer-leitung\\\/#article\",\"isPartOf\":{\"@id\":\"https:\\\/\\\/www.organisator.ch\\\/marketing\\\/2026-03-06\\\/mediarent-und-screenpro-buendeln-vertrieb-unter-neuer-leitung\\\/\"},\"author\":{\"name\":\"n8n\",\"@id\":\"https:\\\/\\\/www.organisator.ch\\\/#\\\/schema\\\/person\\\/a9d0e0eff238db87a8f840f3b50359f0\"},\"headline\":\"Mediarent und Screenpro b\u00fcndeln Vertrieb unter neuer Leitung\",\"datePublished\":\"2026-03-06T09:10:01+00:00\",\"mainEntityOfPage\":{\"@id\":\"https:\\\/\\\/www.organisator.ch\\\/marketing\\\/2026-03-06\\\/mediarent-und-screenpro-buendeln-vertrieb-unter-neuer-leitung\\\/\"},\"wordCount\":318,\"publisher\":{\"@id\":\"https:\\\/\\\/www.organisator.ch\\\/#organization\"},\"image\":{\"@id\":\"https:\\\/\\\/www.organisator.ch\\\/marketing\\\/2026-03-06\\\/mediarent-und-screenpro-buendeln-vertrieb-unter-neuer-leitung\\\/#primaryimage\"},\"thumbnailUrl\":\"https:\\\/\\\/www.organisator.ch\\\/wp-content\\\/uploads\\\/2026\\\/03\\\/Tobi_Reithmaier_HighRes-250319-scaled.jpg\",\"keywords\":[\"Live Communications\",\"MarKom\",\"Unternehmen\"],\"articleSection\":[\"MARKETING\"],\"inLanguage\":\"fr-FR\"},{\"@type\":\"WebPage\",\"@id\":\"https:\\\/\\\/www.organisator.ch\\\/marketing\\\/2026-03-06\\\/mediarent-und-screenpro-buendeln-vertrieb-unter-neuer-leitung\\\/\",\"url\":\"https:\\\/\\\/www.organisator.ch\\\/marketing\\\/2026-03-06\\\/mediarent-und-screenpro-buendeln-vertrieb-unter-neuer-leitung\\\/\",\"name\":\"Mediarent und Screenpro b\u00fcndeln Vertrieb unter neuer Leitung - Organisator\",\"isPartOf\":{\"@id\":\"https:\\\/\\\/www.organisator.ch\\\/#website\"},\"primaryImageOfPage\":{\"@id\":\"https:\\\/\\\/www.organisator.ch\\\/marketing\\\/2026-03-06\\\/mediarent-und-screenpro-buendeln-vertrieb-unter-neuer-leitung\\\/#primaryimage\"},\"image\":{\"@id\":\"https:\\\/\\\/www.organisator.ch\\\/marketing\\\/2026-03-06\\\/mediarent-und-screenpro-buendeln-vertrieb-unter-neuer-leitung\\\/#primaryimage\"},\"thumbnailUrl\":\"https:\\\/\\\/www.organisator.ch\\\/wp-content\\\/uploads\\\/2026\\\/03\\\/Tobi_Reithmaier_HighRes-250319-scaled.jpg\",\"datePublished\":\"2026-03-06T09:10:01+00:00\",\"description\":\"Mediarent und Screenpro b\u00fcndeln Vertrieb: Tobias Reithmaier \u00fcbernimmt Head of Sales f\u00fcr beide Unternehmen der Messerli Group.\",\"breadcrumb\":{\"@id\":\"https:\\\/\\\/www.organisator.ch\\\/marketing\\\/2026-03-06\\\/mediarent-und-screenpro-buendeln-vertrieb-unter-neuer-leitung\\\/#breadcrumb\"},\"inLanguage\":\"fr-FR\",\"potentialAction\":[{\"@type\":\"ReadAction\",\"target\":[\"https:\\\/\\\/www.organisator.ch\\\/marketing\\\/2026-03-06\\\/mediarent-und-screenpro-buendeln-vertrieb-unter-neuer-leitung\\\/\"]}]},{\"@type\":\"ImageObject\",\"inLanguage\":\"fr-FR\",\"@id\":\"https:\\\/\\\/www.organisator.ch\\\/marketing\\\/2026-03-06\\\/mediarent-und-screenpro-buendeln-vertrieb-unter-neuer-leitung\\\/#primaryimage\",\"url\":\"https:\\\/\\\/www.organisator.ch\\\/wp-content\\\/uploads\\\/2026\\\/03\\\/Tobi_Reithmaier_HighRes-250319-scaled.jpg\",\"contentUrl\":\"https:\\\/\\\/www.organisator.ch\\\/wp-content\\\/uploads\\\/2026\\\/03\\\/Tobi_Reithmaier_HighRes-250319-scaled.jpg\",\"width\":1400,\"height\":1050,\"caption\":\"Tobi Reithmaier \u00e4ussert sich zu neuen Strategien. Quelle: zvg\"},{\"@type\":\"BreadcrumbList\",\"@id\":\"https:\\\/\\\/www.organisator.ch\\\/marketing\\\/2026-03-06\\\/mediarent-und-screenpro-buendeln-vertrieb-unter-neuer-leitung\\\/#breadcrumb\",\"itemListElement\":[{\"@type\":\"ListItem\",\"position\":1,\"name\":\"Home\",\"item\":\"https:\\\/\\\/www.organisator.ch\\\/\"},{\"@type\":\"ListItem\",\"position\":2,\"name\":\"Mediarent und Screenpro b\u00fcndeln Vertrieb unter neuer Leitung\"}]},{\"@type\":\"WebSite\",\"@id\":\"https:\\\/\\\/www.organisator.ch\\\/#website\",\"url\":\"https:\\\/\\\/www.organisator.ch\\\/\",\"name\":\"Organisator\",\"description\":\"Kompetent. Praxisnah. Der ORGANISATOR bereitet in 10 Ausgaben pro Jahr die wesentlichen Themen f\u00fcr F\u00fchrungskr\u00e4fte von KMU auf.\",\"publisher\":{\"@id\":\"https:\\\/\\\/www.organisator.ch\\\/#organization\"},\"potentialAction\":[{\"@type\":\"SearchAction\",\"target\":{\"@type\":\"EntryPoint\",\"urlTemplate\":\"https:\\\/\\\/www.organisator.ch\\\/?s={search_term_string}\"},\"query-input\":{\"@type\":\"PropertyValueSpecification\",\"valueRequired\":true,\"valueName\":\"search_term_string\"}}],\"inLanguage\":\"fr-FR\"},{\"@type\":\"Organization\",\"@id\":\"https:\\\/\\\/www.organisator.ch\\\/#organization\",\"name\":\"Organisator\",\"url\":\"https:\\\/\\\/www.organisator.ch\\\/\",\"logo\":{\"@type\":\"ImageObject\",\"inLanguage\":\"fr-FR\",\"@id\":\"https:\\\/\\\/www.organisator.ch\\\/#\\\/schema\\\/logo\\\/image\\\/\",\"url\":\"https:\\\/\\\/www.organisator.ch\\\/wp-content\\\/uploads\\\/2022\\\/01\\\/Logo_Organisator_Website.png\",\"contentUrl\":\"https:\\\/\\\/www.organisator.ch\\\/wp-content\\\/uploads\\\/2022\\\/01\\\/Logo_Organisator_Website.png\",\"width\":800,\"height\":77,\"caption\":\"Organisator\"},\"image\":{\"@id\":\"https:\\\/\\\/www.organisator.ch\\\/#\\\/schema\\\/logo\\\/image\\\/\"},\"sameAs\":[\"https:\\\/\\\/www.facebook.com\\\/OrganisatorFachmagazin\",\"https:\\\/\\\/www.linkedin.com\\\/showcase\\\/organisator-das-magazin-fr-kmu\",\"https:\\\/\\\/www.xing.com\\\/news\\\/pages\\\/organisator-ch-695\",\"https:\\\/\\\/www.youtube.com\\\/channel\\\/UCGP2Sq0iWaZwT3BdIAQFYpw\"]},{\"@type\":\"Person\",\"@id\":\"https:\\\/\\\/www.organisator.ch\\\/#\\\/schema\\\/person\\\/a9d0e0eff238db87a8f840f3b50359f0\",\"name\":\"n8n\",\"image\":{\"@type\":\"ImageObject\",\"inLanguage\":\"fr-FR\",\"@id\":\"https:\\\/\\\/secure.gravatar.com\\\/avatar\\\/5368fb9d03fd415a6f335cece4c15af2502d6ca8651efbd6e8f98427a9795400?s=96&d=mm&r=g\",\"url\":\"https:\\\/\\\/secure.gravatar.com\\\/avatar\\\/5368fb9d03fd415a6f335cece4c15af2502d6ca8651efbd6e8f98427a9795400?s=96&d=mm&r=g\",\"contentUrl\":\"https:\\\/\\\/secure.gravatar.com\\\/avatar\\\/5368fb9d03fd415a6f335cece4c15af2502d6ca8651efbd6e8f98427a9795400?s=96&d=mm&r=g\",\"caption\":\"n8n\"},\"url\":\"https:\\\/\\\/www.organisator.ch\\\/fr\\\/author\\\/n8n\\\/\"}]}<\/script>\n<!-- \/ Yoast SEO plugin. -->","yoast_head_json":{"title":"Mediarent et Screenpro regroupent leurs ventes sous une nouvelle direction - Organisateur","description":"Mediarent et Screenpro regroupent leurs forces de vente : Tobias Reithmaier devient Head of Sales pour les deux entreprises du groupe Messerli.","robots":{"index":"index","follow":"follow","max-snippet":"max-snippet:-1","max-image-preview":"max-image-preview:large","max-video-preview":"max-video-preview:-1"},"canonical":"https:\/\/www.organisator.ch\/fr\/marketing\/2026-03-06\/mediarent-und-screenpro-buendeln-vertrieb-unter-neuer-leitung\/","og_locale":"fr_FR","og_type":"article","og_title":"Mediarent und Screenpro b\u00fcndeln Vertrieb unter neuer Leitung","og_description":"Mediarent und Screenpro b\u00fcndeln Vertrieb: Tobias Reithmaier \u00fcbernimmt Head of Sales f\u00fcr beide Unternehmen der Messerli Group.","og_url":"https:\/\/www.organisator.ch\/fr\/marketing\/2026-03-06\/mediarent-und-screenpro-buendeln-vertrieb-unter-neuer-leitung\/","og_site_name":"Organisator","article_publisher":"https:\/\/www.facebook.com\/OrganisatorFachmagazin","article_published_time":"2026-03-06T09:10:01+00:00","og_image":[{"width":1400,"height":1050,"url":"https:\/\/www.organisator.ch\/wp-content\/uploads\/2026\/03\/Tobi_Reithmaier_HighRes-250319-scaled.jpg","type":"image\/jpeg"}],"author":"n8n","twitter_card":"summary_large_image","twitter_title":"#Mediarent und #Screenpro b\u00fcndeln Vertrieb unter neuer Leitung","twitter_description":"#Mediarent und #Screenpro b\u00fcndeln Vertrieb: Tobias #Reithmaier \u00fcbernimmt Head of Sales f\u00fcr beide Unternehmen der Messerli Group.","twitter_image":"https:\/\/www.organisator.ch\/wp-content\/uploads\/2026\/03\/Tobi_Reithmaier_HighRes-250319-scaled.jpg","schema":{"@context":"https:\/\/schema.org","@graph":[{"@type":"Article","@id":"https:\/\/www.organisator.ch\/marketing\/2026-03-06\/mediarent-und-screenpro-buendeln-vertrieb-unter-neuer-leitung\/#article","isPartOf":{"@id":"https:\/\/www.organisator.ch\/marketing\/2026-03-06\/mediarent-und-screenpro-buendeln-vertrieb-unter-neuer-leitung\/"},"author":{"name":"n8n","@id":"https:\/\/www.organisator.ch\/#\/schema\/person\/a9d0e0eff238db87a8f840f3b50359f0"},"headline":"Mediarent und Screenpro b\u00fcndeln Vertrieb unter neuer Leitung","datePublished":"2026-03-06T09:10:01+00:00","mainEntityOfPage":{"@id":"https:\/\/www.organisator.ch\/marketing\/2026-03-06\/mediarent-und-screenpro-buendeln-vertrieb-unter-neuer-leitung\/"},"wordCount":318,"publisher":{"@id":"https:\/\/www.organisator.ch\/#organization"},"image":{"@id":"https:\/\/www.organisator.ch\/marketing\/2026-03-06\/mediarent-und-screenpro-buendeln-vertrieb-unter-neuer-leitung\/#primaryimage"},"thumbnailUrl":"https:\/\/www.organisator.ch\/wp-content\/uploads\/2026\/03\/Tobi_Reithmaier_HighRes-250319-scaled.jpg","keywords":["Live Communications","MarKom","Unternehmen"],"articleSection":["MARKETING"],"inLanguage":"fr-FR"},{"@type":"WebPage","@id":"https:\/\/www.organisator.ch\/marketing\/2026-03-06\/mediarent-und-screenpro-buendeln-vertrieb-unter-neuer-leitung\/","url":"https:\/\/www.organisator.ch\/marketing\/2026-03-06\/mediarent-und-screenpro-buendeln-vertrieb-unter-neuer-leitung\/","name":"Mediarent et Screenpro regroupent leurs ventes sous une nouvelle direction - Organisateur","isPartOf":{"@id":"https:\/\/www.organisator.ch\/#website"},"primaryImageOfPage":{"@id":"https:\/\/www.organisator.ch\/marketing\/2026-03-06\/mediarent-und-screenpro-buendeln-vertrieb-unter-neuer-leitung\/#primaryimage"},"image":{"@id":"https:\/\/www.organisator.ch\/marketing\/2026-03-06\/mediarent-und-screenpro-buendeln-vertrieb-unter-neuer-leitung\/#primaryimage"},"thumbnailUrl":"https:\/\/www.organisator.ch\/wp-content\/uploads\/2026\/03\/Tobi_Reithmaier_HighRes-250319-scaled.jpg","datePublished":"2026-03-06T09:10:01+00:00","description":"Mediarent et Screenpro regroupent leurs forces de vente : Tobias Reithmaier devient Head of Sales pour les deux entreprises du groupe Messerli.","breadcrumb":{"@id":"https:\/\/www.organisator.ch\/marketing\/2026-03-06\/mediarent-und-screenpro-buendeln-vertrieb-unter-neuer-leitung\/#breadcrumb"},"inLanguage":"fr-FR","potentialAction":[{"@type":"ReadAction","target":["https:\/\/www.organisator.ch\/marketing\/2026-03-06\/mediarent-und-screenpro-buendeln-vertrieb-unter-neuer-leitung\/"]}]},{"@type":"ImageObject","inLanguage":"fr-FR","@id":"https:\/\/www.organisator.ch\/marketing\/2026-03-06\/mediarent-und-screenpro-buendeln-vertrieb-unter-neuer-leitung\/#primaryimage","url":"https:\/\/www.organisator.ch\/wp-content\/uploads\/2026\/03\/Tobi_Reithmaier_HighRes-250319-scaled.jpg","contentUrl":"https:\/\/www.organisator.ch\/wp-content\/uploads\/2026\/03\/Tobi_Reithmaier_HighRes-250319-scaled.jpg","width":1400,"height":1050,"caption":"Tobi Reithmaier \u00e4ussert sich zu neuen Strategien. Quelle: zvg"},{"@type":"BreadcrumbList","@id":"https:\/\/www.organisator.ch\/marketing\/2026-03-06\/mediarent-und-screenpro-buendeln-vertrieb-unter-neuer-leitung\/#breadcrumb","itemListElement":[{"@type":"ListItem","position":1,"name":"Home","item":"https:\/\/www.organisator.ch\/"},{"@type":"ListItem","position":2,"name":"Mediarent und Screenpro b\u00fcndeln Vertrieb unter neuer Leitung"}]},{"@type":"WebSite","@id":"https:\/\/www.organisator.ch\/#website","url":"https:\/\/www.organisator.ch\/","name":"Organisateur","description":"Comp\u00e9tence et comp\u00e9tence. Proches de la pratique. L'ORGANISATEUR pr\u00e9pare 10 num\u00e9ros par an sur les th\u00e8mes essentiels pour les dirigeants de PME.","publisher":{"@id":"https:\/\/www.organisator.ch\/#organization"},"potentialAction":[{"@type":"SearchAction","target":{"@type":"EntryPoint","urlTemplate":"https:\/\/www.organisator.ch\/?s={search_term_string}"},"query-input":{"@type":"PropertyValueSpecification","valueRequired":true,"valueName":"search_term_string"}}],"inLanguage":"fr-FR"},{"@type":"Organization","@id":"https:\/\/www.organisator.ch\/#organization","name":"Organisateur","url":"https:\/\/www.organisator.ch\/","logo":{"@type":"ImageObject","inLanguage":"fr-FR","@id":"https:\/\/www.organisator.ch\/#\/schema\/logo\/image\/","url":"https:\/\/www.organisator.ch\/wp-content\/uploads\/2022\/01\/Logo_Organisator_Website.png","contentUrl":"https:\/\/www.organisator.ch\/wp-content\/uploads\/2022\/01\/Logo_Organisator_Website.png","width":800,"height":77,"caption":"Organisator"},"image":{"@id":"https:\/\/www.organisator.ch\/#\/schema\/logo\/image\/"},"sameAs":["https:\/\/www.facebook.com\/OrganisatorFachmagazin","https:\/\/www.linkedin.com\/showcase\/organisator-das-magazin-fr-kmu","https:\/\/www.xing.com\/news\/pages\/organisator-ch-695","https:\/\/www.youtube.com\/channel\/UCGP2Sq0iWaZwT3BdIAQFYpw"]},{"@type":"Person","@id":"https:\/\/www.organisator.ch\/#\/schema\/person\/a9d0e0eff238db87a8f840f3b50359f0","name":"n8n","image":{"@type":"ImageObject","inLanguage":"fr-FR","@id":"https:\/\/secure.gravatar.com\/avatar\/5368fb9d03fd415a6f335cece4c15af2502d6ca8651efbd6e8f98427a9795400?s=96&d=mm&r=g","url":"https:\/\/secure.gravatar.com\/avatar\/5368fb9d03fd415a6f335cece4c15af2502d6ca8651efbd6e8f98427a9795400?s=96&d=mm&r=g","contentUrl":"https:\/\/secure.gravatar.com\/avatar\/5368fb9d03fd415a6f335cece4c15af2502d6ca8651efbd6e8f98427a9795400?s=96&d=mm&r=g","caption":"n8n"},"url":"https:\/\/www.organisator.ch\/fr\/author\/n8n\/"}]}},"_links":{"self":[{"href":"https:\/\/www.organisator.ch\/fr\/wp-json\/wp\/v2\/posts\/45687","targetHints":{"allow":["GET"]}}],"collection":[{"href":"https:\/\/www.organisator.ch\/fr\/wp-json\/wp\/v2\/posts"}],"about":[{"href":"https:\/\/www.organisator.ch\/fr\/wp-json\/wp\/v2\/types\/post"}],"author":[{"embeddable":true,"href":"https:\/\/www.organisator.ch\/fr\/wp-json\/wp\/v2\/users\/107"}],"replies":[{"embeddable":true,"href":"https:\/\/www.organisator.ch\/fr\/wp-json\/wp\/v2\/comments?post=45687"}],"version-history":[{"count":4,"href":"https:\/\/www.organisator.ch\/fr\/wp-json\/wp\/v2\/posts\/45687\/revisions"}],"predecessor-version":[{"id":45759,"href":"https:\/\/www.organisator.ch\/fr\/wp-json\/wp\/v2\/posts\/45687\/revisions\/45759"}],"wp:featuredmedia":[{"embeddable":true,"href":"https:\/\/www.organisator.ch\/fr\/wp-json\/wp\/v2\/media\/45686"}],"wp:attachment":[{"href":"https:\/\/www.organisator.ch\/fr\/wp-json\/wp\/v2\/media?parent=45687"}],"wp:term":[{"taxonomy":"category","embeddable":true,"href":"https:\/\/www.organisator.ch\/fr\/wp-json\/wp\/v2\/categories?post=45687"},{"taxonomy":"post_tag","embeddable":true,"href":"https:\/\/www.organisator.ch\/fr\/wp-json\/wp\/v2\/tags?post=45687"}],"curies":[{"name":"wp","href":"https:\/\/api.w.org\/{rel}","templated":true}]}}