{"id":45752,"date":"2026-03-06T15:18:27","date_gmt":"2026-03-06T14:18:27","guid":{"rendered":"https:\/\/www.markt-kom.com\/de\/?p=252062"},"modified":"2026-03-09T16:22:33","modified_gmt":"2026-03-09T15:22:33","slug":"thenewnow-future-summit-bringt-business-vordenker-nach-zuerich","status":"publish","type":"post","link":"https:\/\/www.organisator.ch\/fr\/marketing\/2026-03-06\/thenewnow-future-summit-bringt-business-vordenker-nach-zuerich\/","title":{"rendered":"TheNewNow Future Summit r\u00e9unit des penseurs du monde des affaires \u00e0 Zurich"},"content":{"rendered":"<figure id=\"attachment_252060\" class=\"wp-caption alignnone\" style=\"width: 1016px;\" aria-describedby=\"caption-attachment-252060\"><img class=\"size-full wp-image-252060\" src=\"https:\/\/www.markt-kom.com\/wp-content\/uploads\/2026\/03\/Felicitas-Morhart%C2%A9Elena-Steness-scaled.jpg\" sizes=\"(max-width: 1016px) 100vw, 1016px\" srcset=\"https:\/\/www.markt-kom.com\/wp-content\/uploads\/2026\/03\/Felicitas-Morhart\u00a9Elena-Steness-scaled.jpg 726w, https:\/\/www.markt-kom.com\/wp-content\/uploads\/2026\/03\/Felicitas-Morhart\u00a9Elena-Steness-436x600.jpg 436w, https:\/\/www.markt-kom.com\/wp-content\/uploads\/2026\/03\/Felicitas-Morhart\u00a9Elena-Steness-1115x1536.jpg 1115w, https:\/\/www.markt-kom.com\/wp-content\/uploads\/2026\/03\/Felicitas-Morhart\u00a9Elena-Steness-1487x2048.jpg 1487w, https:\/\/www.markt-kom.com\/wp-content\/uploads\/2026\/03\/Felicitas-Morhart\u00a9Elena-Steness-9x12.jpg 9w, https:\/\/www.markt-kom.com\/wp-content\/uploads\/2026\/03\/Felicitas-Morhart\u00a9Elena-Steness-127x175.jpg 127w, https:\/\/www.markt-kom.com\/wp-content\/uploads\/2026\/03\/Felicitas-Morhart\u00a9Elena-Steness-254x350.jpg 254w, https:\/\/www.markt-kom.com\/wp-content\/uploads\/2026\/03\/Felicitas-Morhart\u00a9Elena-Steness-581x800.jpg 581w\" alt=\"\" width=\"1016\" height=\"1400\" \/>\r\n<figcaption id=\"caption-attachment-252060\" class=\"wp-caption-text\">Le professeur Felicitas Morhart fait partie des orateurs principaux. Source : zvg<\/figcaption>\r\n<\/figure>\r\n<p>Le 22 avril 2026, le si\u00e8ge de Zurich deviendra le lieu de rencontre des d\u00e9cideurs et des pr\u00e9curseurs du monde des affaires, de la communication et des industries cr\u00e9atives. TheNewNow est un format qui offre une orientation par l'acc\u00e8s au savoir et l'\u00e9change \u00e0 une \u00e9poque o\u00f9 la communication, le leadership et la technologie \u00e9voluent plus rapidement que jamais.<\/p>\r\n<h3>Du sommet exclusif au format intersectoriel<\/h3>\r\n<p>TheNewNow est le d\u00e9veloppement logique du Swiss Deluxe Hotels Media Summit, qui a pos\u00e9 des jalons pendant plusieurs ann\u00e9es en tant que format exclusif de la branche. Avec ce nouveau lancement, le format s'ouvre d\u00e9sormais \u00e0 toutes les branches. \u00abNous nous consacrons \u00e0 toutes les influences qui marqueront la vie professionnelle \u00e0 l'avenir. Apr\u00e8s avoir constat\u00e9 \u00e0 quel point un \u00e9change intensif de connaissances sur un pied d'\u00e9galit\u00e9 peut \u00eatre pr\u00e9cieux, nous passons maintenant \u00e0 l'\u00e9tape suivante et nous adressons \u00e0 l'ensemble de l'industrie suisse du luxe\u00bb, explique Evelyn Gorgos, l'initiatrice de cette nouvelle orientation.<\/p>\r\n<figure id=\"attachment_252061\" class=\"wp-caption alignnone\" style=\"width: 939px;\" aria-describedby=\"caption-attachment-252061\"><img class=\"size-full wp-image-252061\" src=\"https:\/\/www.markt-kom.com\/wp-content\/uploads\/2026\/03\/Evelyn-Gorgos%C2%A9Elena-Steness-scaled.jpg\" sizes=\"(max-width: 939px) 100vw, 939px\" srcset=\"https:\/\/www.markt-kom.com\/wp-content\/uploads\/2026\/03\/Evelyn-Gorgos\u00a9Elena-Steness-scaled.jpg 671w, https:\/\/www.markt-kom.com\/wp-content\/uploads\/2026\/03\/Evelyn-Gorgos\u00a9Elena-Steness-402x600.jpg 402w, https:\/\/www.markt-kom.com\/wp-content\/uploads\/2026\/03\/Evelyn-Gorgos\u00a9Elena-Steness-1030x1536.jpg 1030w, https:\/\/www.markt-kom.com\/wp-content\/uploads\/2026\/03\/Evelyn-Gorgos\u00a9Elena-Steness-1374x2048.jpg 1374w, https:\/\/www.markt-kom.com\/wp-content\/uploads\/2026\/03\/Evelyn-Gorgos\u00a9Elena-Steness-8x12.jpg 8w, https:\/\/www.markt-kom.com\/wp-content\/uploads\/2026\/03\/Evelyn-Gorgos\u00a9Elena-Steness-117x175.jpg 117w, https:\/\/www.markt-kom.com\/wp-content\/uploads\/2026\/03\/Evelyn-Gorgos\u00a9Elena-Steness-235x350.jpg 235w, https:\/\/www.markt-kom.com\/wp-content\/uploads\/2026\/03\/Evelyn-Gorgos\u00a9Elena-Steness-537x800.jpg 537w\" alt=\"\" width=\"939\" height=\"1400\" \/>\r\n<figcaption id=\"caption-attachment-252061\" class=\"wp-caption-text\">L'initiatrice Evelyn Gorgos est responsable de la nouvelle orientation. Source : zvg<\/figcaption>\r\n<\/figure>\r\n<h3>Plus de 100 sessions et des intervenants de haut niveau<\/h3>\r\n<p>Cinq keynotes ainsi que de nombreux ateliers, panels et sessions en direct offriront des connaissances pratiques d'experts dans les domaines des m\u00e9dias, du business, de l'IA et du new work. Les quelque 350 participants pourront choisir parmi plus de 100 sessions et d\u00e9finir leurs propres priorit\u00e9s lors de la composition du programme de la journ\u00e9e. Felicitas Morhart, l'expert en IA S\u00e9bastien F\u00e9lix, le coach d'affaires allemand Jens Alsleben, le photographe Oliver Rust et le professionnel des m\u00e9dias Gaudenz Looser feront partie des temps forts. Plus de dix agences de m\u00e9dias internationales pr\u00e9senteront des sc\u00e9narios d'avenir sur la transformation du monde de la communication.<\/p>\r\n<figure id=\"attachment_252057\" class=\"wp-caption alignnone\" style=\"width: 1400px;\" aria-describedby=\"caption-attachment-252057\"><img class=\"size-full wp-image-252057\" src=\"https:\/\/www.markt-kom.com\/wp-content\/uploads\/2026\/03\/Headsquarter-Stockerstrasse-allink_H8A1757-scaled.jpg\" sizes=\"(max-width: 1400px) 100vw, 1400px\" srcset=\"https:\/\/www.markt-kom.com\/wp-content\/uploads\/2026\/03\/Headsquarter-Stockerstrasse-allink_H8A1757-scaled.jpg 1300w, https:\/\/www.markt-kom.com\/wp-content\/uploads\/2026\/03\/Headsquarter-Stockerstrasse-allink_H8A1757-600x400.jpg 600w, https:\/\/www.markt-kom.com\/wp-content\/uploads\/2026\/03\/Headsquarter-Stockerstrasse-allink_H8A1757-1024x683.jpg 1024w, https:\/\/www.markt-kom.com\/wp-content\/uploads\/2026\/03\/Headsquarter-Stockerstrasse-allink_H8A1757-768x512.jpg 768w, https:\/\/www.markt-kom.com\/wp-content\/uploads\/2026\/03\/Headsquarter-Stockerstrasse-allink_H8A1757-1536x1025.jpg 1536w, https:\/\/www.markt-kom.com\/wp-content\/uploads\/2026\/03\/Headsquarter-Stockerstrasse-allink_H8A1757-2048x1366.jpg 2048w, https:\/\/www.markt-kom.com\/wp-content\/uploads\/2026\/03\/Headsquarter-Stockerstrasse-allink_H8A1757-18x12.jpg 18w, https:\/\/www.markt-kom.com\/wp-content\/uploads\/2026\/03\/Headsquarter-Stockerstrasse-allink_H8A1757-262x175.jpg 262w, https:\/\/www.markt-kom.com\/wp-content\/uploads\/2026\/03\/Headsquarter-Stockerstrasse-allink_H8A1757-525x350.jpg 525w, https:\/\/www.markt-kom.com\/wp-content\/uploads\/2026\/03\/Headsquarter-Stockerstrasse-allink_H8A1757-1000x667.jpg 1000w\" alt=\"\" width=\"1400\" height=\"934\" \/>\r\n<figcaption id=\"caption-attachment-252057\" class=\"wp-caption-text\">Le si\u00e8ge social de la Stockerstrasse sert de l'un des deux lieux. Source : zvg<\/figcaption>\r\n<\/figure>\r\n<h3>Deux lieux avec des espaces vari\u00e9s<\/h3>\r\n<p>Les 15 espaces de co-working ainsi que les espaces communautaires des deux sites de la Stockerstrasse et de la Beethovenstrasse se trouvent \u00e0 distance de marche et offrent un cadre parfait pour ce format moderne. Dans le studio de podcast du Headsquarter, des contributions s\u00e9lectionn\u00e9es sont enregistr\u00e9es et dans les salles de fitness, tout tourne autour de la sant\u00e9 mentale, de l'alimentation et de la r\u00e9silience. La cuisine de l'usine sert \u00e0 l'auteur de livres de cuisine et au journaliste Claudio Del Principe pour un atelier de p\u00e2tes pour un team building interactif. Les Swiss Deluxe Hotels restent pr\u00e9sents lors de cette nouvelle \u00e9dition en tant que partenaires d'accueil et avec une s\u00e9rie de conf\u00e9rences sp\u00e9cialement organis\u00e9e.<\/p>\r\n<p>\u00abTheNewNow est exactement le format qui a sa place dans nos locaux. Il r\u00e9unit des personnes curieuses et d\u00e9sireuses d'apprendre les unes des autres. Il compl\u00e8te ainsi notre communaut\u00e9 curat\u00e9e et notre compr\u00e9hension d'une culture de travail contemporaine\u00bb, se r\u00e9jouit Anil Varghese, CEO Headsquarter.<\/p>\r\n<h3>R\u00e9seautage jusqu'au bout de la nuit<\/h3>\r\n<p>Le soir, le programme se transforme en after-show-party et offre l'occasion de discuter avec un DJ, des cocktails et une vue sur les toits de Zurich, ce que l'on n'a pas eu le temps de faire pendant la journ\u00e9e. Les billets sont disponibles au prix de 390 CHF (Early Bird 330 CHF). Toutes les conf\u00e9rences auront lieu en anglais.<\/p>\r\n<p>Plus d'informations : <a href=\"https:\/\/www.newnow.work\/\" rel=\"noopener\">www.newnow.work<\/a><\/p>","protected":false},"excerpt":{"rendered":"<p>Le 22 avril 2026, le Headsquarter de Zurich accueillera le TheNewNow Future Summit. L'\u00e9v\u00e9nement est le d\u00e9veloppement du Swiss Deluxe Hotels Media Summit et s'adresse d\u00e9sormais \u00e0 toutes les branches. Cinq keynotes et plus de 100 sessions sur les m\u00e9dias, le business, l'IA et le new work attendent quelque 350 participants.<\/p>","protected":false},"author":107,"featured_media":0,"comment_status":"closed","ping_status":"closed","sticky":false,"template":"","format":"standard","meta":{"_acf_changed":false,"_yoast_wpseo_focuskw":"TheNewNow Future Summit","_yoast_wpseo_metadesc":"Am 22. April 2026 findet im Headsquarter Z\u00fcrich der TheNewNow Future Summit statt. 350 Teilnehmende werden erwartet.","articlekey":"","footnotes":""},"categories":[29],"tags":[4345,186,4343,363],"class_list":["post-45752","post","type-post","status-publish","format-standard","hentry","category-marketing","tag-business","tag-event","tag-markom","tag-new-work"],"acf":[],"yoast_head":"<!-- This site is optimized with the Yoast SEO plugin v27.5 - https:\/\/yoast.com\/product\/yoast-seo-wordpress\/ -->\n<title>TheNewNow Future Summit bringt Business-Vordenker nach Z\u00fcrich - Organisator<\/title>\n<meta name=\"description\" content=\"Am 22. April 2026 findet im Headsquarter Z\u00fcrich der TheNewNow Future Summit statt. 350 Teilnehmende werden erwartet.\" \/>\n<meta name=\"robots\" content=\"index, follow, max-snippet:-1, max-image-preview:large, max-video-preview:-1\" \/>\n<link rel=\"canonical\" href=\"https:\/\/www.organisator.ch\/fr\/marketing\/2026-03-06\/thenewnow-future-summit-bringt-business-vordenker-nach-zuerich\/\" \/>\n<meta property=\"og:locale\" content=\"fr_FR\" \/>\n<meta property=\"og:type\" content=\"article\" \/>\n<meta property=\"og:title\" content=\"TheNewNow Future Summit bringt Business-Vordenker nach Z\u00fcrich - Organisator\" \/>\n<meta property=\"og:description\" content=\"Am 22. April 2026 findet im Headsquarter Z\u00fcrich der TheNewNow Future Summit statt. 350 Teilnehmende werden erwartet.\" \/>\n<meta property=\"og:url\" content=\"https:\/\/www.organisator.ch\/fr\/marketing\/2026-03-06\/thenewnow-future-summit-bringt-business-vordenker-nach-zuerich\/\" \/>\n<meta property=\"og:site_name\" content=\"Organisator\" \/>\n<meta property=\"article:publisher\" content=\"https:\/\/www.facebook.com\/OrganisatorFachmagazin\" \/>\n<meta property=\"article:published_time\" content=\"2026-03-06T14:18:27+00:00\" \/>\n<meta property=\"article:modified_time\" content=\"2026-03-09T15:22:33+00:00\" \/>\n<meta name=\"author\" content=\"n8n\" \/>\n<meta name=\"twitter:card\" content=\"summary_large_image\" \/>\n<script type=\"application\/ld+json\" class=\"yoast-schema-graph\">{\"@context\":\"https:\\\/\\\/schema.org\",\"@graph\":[{\"@type\":\"Article\",\"@id\":\"https:\\\/\\\/www.organisator.ch\\\/marketing\\\/2026-03-06\\\/thenewnow-future-summit-bringt-business-vordenker-nach-zuerich\\\/#article\",\"isPartOf\":{\"@id\":\"https:\\\/\\\/www.organisator.ch\\\/marketing\\\/2026-03-06\\\/thenewnow-future-summit-bringt-business-vordenker-nach-zuerich\\\/\"},\"author\":{\"name\":\"n8n\",\"@id\":\"https:\\\/\\\/www.organisator.ch\\\/#\\\/schema\\\/person\\\/a9d0e0eff238db87a8f840f3b50359f0\"},\"headline\":\"TheNewNow Future Summit bringt Business-Vordenker nach Z\u00fcrich\",\"datePublished\":\"2026-03-06T14:18:27+00:00\",\"dateModified\":\"2026-03-09T15:22:33+00:00\",\"mainEntityOfPage\":{\"@id\":\"https:\\\/\\\/www.organisator.ch\\\/marketing\\\/2026-03-06\\\/thenewnow-future-summit-bringt-business-vordenker-nach-zuerich\\\/\"},\"wordCount\":467,\"publisher\":{\"@id\":\"https:\\\/\\\/www.organisator.ch\\\/#organization\"},\"image\":{\"@id\":\"https:\\\/\\\/www.organisator.ch\\\/marketing\\\/2026-03-06\\\/thenewnow-future-summit-bringt-business-vordenker-nach-zuerich\\\/#primaryimage\"},\"thumbnailUrl\":\"https:\\\/\\\/www.markt-kom.com\\\/wp-content\\\/uploads\\\/2026\\\/03\\\/Felicitas-Morhart%C2%A9Elena-Steness-scaled.jpg\",\"keywords\":[\"Business\",\"Event\",\"MarKom\",\"New Work\"],\"articleSection\":[\"MARKETING\"],\"inLanguage\":\"fr-FR\"},{\"@type\":\"WebPage\",\"@id\":\"https:\\\/\\\/www.organisator.ch\\\/marketing\\\/2026-03-06\\\/thenewnow-future-summit-bringt-business-vordenker-nach-zuerich\\\/\",\"url\":\"https:\\\/\\\/www.organisator.ch\\\/marketing\\\/2026-03-06\\\/thenewnow-future-summit-bringt-business-vordenker-nach-zuerich\\\/\",\"name\":\"TheNewNow Future Summit bringt Business-Vordenker nach Z\u00fcrich - Organisator\",\"isPartOf\":{\"@id\":\"https:\\\/\\\/www.organisator.ch\\\/#website\"},\"primaryImageOfPage\":{\"@id\":\"https:\\\/\\\/www.organisator.ch\\\/marketing\\\/2026-03-06\\\/thenewnow-future-summit-bringt-business-vordenker-nach-zuerich\\\/#primaryimage\"},\"image\":{\"@id\":\"https:\\\/\\\/www.organisator.ch\\\/marketing\\\/2026-03-06\\\/thenewnow-future-summit-bringt-business-vordenker-nach-zuerich\\\/#primaryimage\"},\"thumbnailUrl\":\"https:\\\/\\\/www.markt-kom.com\\\/wp-content\\\/uploads\\\/2026\\\/03\\\/Felicitas-Morhart%C2%A9Elena-Steness-scaled.jpg\",\"datePublished\":\"2026-03-06T14:18:27+00:00\",\"dateModified\":\"2026-03-09T15:22:33+00:00\",\"description\":\"Am 22. April 2026 findet im Headsquarter Z\u00fcrich der TheNewNow Future Summit statt. 350 Teilnehmende werden erwartet.\",\"breadcrumb\":{\"@id\":\"https:\\\/\\\/www.organisator.ch\\\/marketing\\\/2026-03-06\\\/thenewnow-future-summit-bringt-business-vordenker-nach-zuerich\\\/#breadcrumb\"},\"inLanguage\":\"fr-FR\",\"potentialAction\":[{\"@type\":\"ReadAction\",\"target\":[\"https:\\\/\\\/www.organisator.ch\\\/marketing\\\/2026-03-06\\\/thenewnow-future-summit-bringt-business-vordenker-nach-zuerich\\\/\"]}]},{\"@type\":\"ImageObject\",\"inLanguage\":\"fr-FR\",\"@id\":\"https:\\\/\\\/www.organisator.ch\\\/marketing\\\/2026-03-06\\\/thenewnow-future-summit-bringt-business-vordenker-nach-zuerich\\\/#primaryimage\",\"url\":\"https:\\\/\\\/www.markt-kom.com\\\/wp-content\\\/uploads\\\/2026\\\/03\\\/Felicitas-Morhart%C2%A9Elena-Steness-scaled.jpg\",\"contentUrl\":\"https:\\\/\\\/www.markt-kom.com\\\/wp-content\\\/uploads\\\/2026\\\/03\\\/Felicitas-Morhart%C2%A9Elena-Steness-scaled.jpg\"},{\"@type\":\"BreadcrumbList\",\"@id\":\"https:\\\/\\\/www.organisator.ch\\\/marketing\\\/2026-03-06\\\/thenewnow-future-summit-bringt-business-vordenker-nach-zuerich\\\/#breadcrumb\",\"itemListElement\":[{\"@type\":\"ListItem\",\"position\":1,\"name\":\"Home\",\"item\":\"https:\\\/\\\/www.organisator.ch\\\/\"},{\"@type\":\"ListItem\",\"position\":2,\"name\":\"TheNewNow Future Summit bringt Business-Vordenker nach Z\u00fcrich\"}]},{\"@type\":\"WebSite\",\"@id\":\"https:\\\/\\\/www.organisator.ch\\\/#website\",\"url\":\"https:\\\/\\\/www.organisator.ch\\\/\",\"name\":\"Organisator\",\"description\":\"Kompetent. Praxisnah. Der ORGANISATOR bereitet in 10 Ausgaben pro Jahr die wesentlichen Themen f\u00fcr F\u00fchrungskr\u00e4fte von KMU auf.\",\"publisher\":{\"@id\":\"https:\\\/\\\/www.organisator.ch\\\/#organization\"},\"potentialAction\":[{\"@type\":\"SearchAction\",\"target\":{\"@type\":\"EntryPoint\",\"urlTemplate\":\"https:\\\/\\\/www.organisator.ch\\\/?s={search_term_string}\"},\"query-input\":{\"@type\":\"PropertyValueSpecification\",\"valueRequired\":true,\"valueName\":\"search_term_string\"}}],\"inLanguage\":\"fr-FR\"},{\"@type\":\"Organization\",\"@id\":\"https:\\\/\\\/www.organisator.ch\\\/#organization\",\"name\":\"Organisator\",\"url\":\"https:\\\/\\\/www.organisator.ch\\\/\",\"logo\":{\"@type\":\"ImageObject\",\"inLanguage\":\"fr-FR\",\"@id\":\"https:\\\/\\\/www.organisator.ch\\\/#\\\/schema\\\/logo\\\/image\\\/\",\"url\":\"https:\\\/\\\/www.organisator.ch\\\/wp-content\\\/uploads\\\/2022\\\/01\\\/Logo_Organisator_Website.png\",\"contentUrl\":\"https:\\\/\\\/www.organisator.ch\\\/wp-content\\\/uploads\\\/2022\\\/01\\\/Logo_Organisator_Website.png\",\"width\":800,\"height\":77,\"caption\":\"Organisator\"},\"image\":{\"@id\":\"https:\\\/\\\/www.organisator.ch\\\/#\\\/schema\\\/logo\\\/image\\\/\"},\"sameAs\":[\"https:\\\/\\\/www.facebook.com\\\/OrganisatorFachmagazin\",\"https:\\\/\\\/www.linkedin.com\\\/showcase\\\/organisator-das-magazin-fr-kmu\",\"https:\\\/\\\/www.xing.com\\\/news\\\/pages\\\/organisator-ch-695\",\"https:\\\/\\\/www.youtube.com\\\/channel\\\/UCGP2Sq0iWaZwT3BdIAQFYpw\"]},{\"@type\":\"Person\",\"@id\":\"https:\\\/\\\/www.organisator.ch\\\/#\\\/schema\\\/person\\\/a9d0e0eff238db87a8f840f3b50359f0\",\"name\":\"n8n\",\"image\":{\"@type\":\"ImageObject\",\"inLanguage\":\"fr-FR\",\"@id\":\"https:\\\/\\\/secure.gravatar.com\\\/avatar\\\/5368fb9d03fd415a6f335cece4c15af2502d6ca8651efbd6e8f98427a9795400?s=96&d=mm&r=g\",\"url\":\"https:\\\/\\\/secure.gravatar.com\\\/avatar\\\/5368fb9d03fd415a6f335cece4c15af2502d6ca8651efbd6e8f98427a9795400?s=96&d=mm&r=g\",\"contentUrl\":\"https:\\\/\\\/secure.gravatar.com\\\/avatar\\\/5368fb9d03fd415a6f335cece4c15af2502d6ca8651efbd6e8f98427a9795400?s=96&d=mm&r=g\",\"caption\":\"n8n\"},\"url\":\"https:\\\/\\\/www.organisator.ch\\\/fr\\\/author\\\/n8n\\\/\"}]}<\/script>\n<!-- \/ Yoast SEO plugin. -->","yoast_head_json":{"title":"TheNewNow Future Summit r\u00e9unit des penseurs du monde des affaires \u00e0 Zurich - Organisateur","description":"Le 22 avril 2026, le Headsquarter de Zurich accueillera le TheNewNow Future Summit. 350 participants sont attendus.","robots":{"index":"index","follow":"follow","max-snippet":"max-snippet:-1","max-image-preview":"max-image-preview:large","max-video-preview":"max-video-preview:-1"},"canonical":"https:\/\/www.organisator.ch\/fr\/marketing\/2026-03-06\/thenewnow-future-summit-bringt-business-vordenker-nach-zuerich\/","og_locale":"fr_FR","og_type":"article","og_title":"TheNewNow Future Summit bringt Business-Vordenker nach Z\u00fcrich - Organisator","og_description":"Am 22. April 2026 findet im Headsquarter Z\u00fcrich der TheNewNow Future Summit statt. 350 Teilnehmende werden erwartet.","og_url":"https:\/\/www.organisator.ch\/fr\/marketing\/2026-03-06\/thenewnow-future-summit-bringt-business-vordenker-nach-zuerich\/","og_site_name":"Organisator","article_publisher":"https:\/\/www.facebook.com\/OrganisatorFachmagazin","article_published_time":"2026-03-06T14:18:27+00:00","article_modified_time":"2026-03-09T15:22:33+00:00","author":"n8n","twitter_card":"summary_large_image","schema":{"@context":"https:\/\/schema.org","@graph":[{"@type":"Article","@id":"https:\/\/www.organisator.ch\/marketing\/2026-03-06\/thenewnow-future-summit-bringt-business-vordenker-nach-zuerich\/#article","isPartOf":{"@id":"https:\/\/www.organisator.ch\/marketing\/2026-03-06\/thenewnow-future-summit-bringt-business-vordenker-nach-zuerich\/"},"author":{"name":"n8n","@id":"https:\/\/www.organisator.ch\/#\/schema\/person\/a9d0e0eff238db87a8f840f3b50359f0"},"headline":"TheNewNow Future Summit bringt Business-Vordenker nach Z\u00fcrich","datePublished":"2026-03-06T14:18:27+00:00","dateModified":"2026-03-09T15:22:33+00:00","mainEntityOfPage":{"@id":"https:\/\/www.organisator.ch\/marketing\/2026-03-06\/thenewnow-future-summit-bringt-business-vordenker-nach-zuerich\/"},"wordCount":467,"publisher":{"@id":"https:\/\/www.organisator.ch\/#organization"},"image":{"@id":"https:\/\/www.organisator.ch\/marketing\/2026-03-06\/thenewnow-future-summit-bringt-business-vordenker-nach-zuerich\/#primaryimage"},"thumbnailUrl":"https:\/\/www.markt-kom.com\/wp-content\/uploads\/2026\/03\/Felicitas-Morhart%C2%A9Elena-Steness-scaled.jpg","keywords":["Business","Event","MarKom","New Work"],"articleSection":["MARKETING"],"inLanguage":"fr-FR"},{"@type":"WebPage","@id":"https:\/\/www.organisator.ch\/marketing\/2026-03-06\/thenewnow-future-summit-bringt-business-vordenker-nach-zuerich\/","url":"https:\/\/www.organisator.ch\/marketing\/2026-03-06\/thenewnow-future-summit-bringt-business-vordenker-nach-zuerich\/","name":"TheNewNow Future Summit r\u00e9unit des penseurs du monde des affaires \u00e0 Zurich - Organisateur","isPartOf":{"@id":"https:\/\/www.organisator.ch\/#website"},"primaryImageOfPage":{"@id":"https:\/\/www.organisator.ch\/marketing\/2026-03-06\/thenewnow-future-summit-bringt-business-vordenker-nach-zuerich\/#primaryimage"},"image":{"@id":"https:\/\/www.organisator.ch\/marketing\/2026-03-06\/thenewnow-future-summit-bringt-business-vordenker-nach-zuerich\/#primaryimage"},"thumbnailUrl":"https:\/\/www.markt-kom.com\/wp-content\/uploads\/2026\/03\/Felicitas-Morhart%C2%A9Elena-Steness-scaled.jpg","datePublished":"2026-03-06T14:18:27+00:00","dateModified":"2026-03-09T15:22:33+00:00","description":"Le 22 avril 2026, le Headsquarter de Zurich accueillera le TheNewNow Future Summit. 350 participants sont attendus.","breadcrumb":{"@id":"https:\/\/www.organisator.ch\/marketing\/2026-03-06\/thenewnow-future-summit-bringt-business-vordenker-nach-zuerich\/#breadcrumb"},"inLanguage":"fr-FR","potentialAction":[{"@type":"ReadAction","target":["https:\/\/www.organisator.ch\/marketing\/2026-03-06\/thenewnow-future-summit-bringt-business-vordenker-nach-zuerich\/"]}]},{"@type":"ImageObject","inLanguage":"fr-FR","@id":"https:\/\/www.organisator.ch\/marketing\/2026-03-06\/thenewnow-future-summit-bringt-business-vordenker-nach-zuerich\/#primaryimage","url":"https:\/\/www.markt-kom.com\/wp-content\/uploads\/2026\/03\/Felicitas-Morhart%C2%A9Elena-Steness-scaled.jpg","contentUrl":"https:\/\/www.markt-kom.com\/wp-content\/uploads\/2026\/03\/Felicitas-Morhart%C2%A9Elena-Steness-scaled.jpg"},{"@type":"BreadcrumbList","@id":"https:\/\/www.organisator.ch\/marketing\/2026-03-06\/thenewnow-future-summit-bringt-business-vordenker-nach-zuerich\/#breadcrumb","itemListElement":[{"@type":"ListItem","position":1,"name":"Home","item":"https:\/\/www.organisator.ch\/"},{"@type":"ListItem","position":2,"name":"TheNewNow Future Summit bringt Business-Vordenker nach Z\u00fcrich"}]},{"@type":"WebSite","@id":"https:\/\/www.organisator.ch\/#website","url":"https:\/\/www.organisator.ch\/","name":"Organisateur","description":"Comp\u00e9tence et comp\u00e9tence. Proches de la pratique. L'ORGANISATEUR pr\u00e9pare 10 num\u00e9ros par an sur les th\u00e8mes essentiels pour les dirigeants de PME.","publisher":{"@id":"https:\/\/www.organisator.ch\/#organization"},"potentialAction":[{"@type":"SearchAction","target":{"@type":"EntryPoint","urlTemplate":"https:\/\/www.organisator.ch\/?s={search_term_string}"},"query-input":{"@type":"PropertyValueSpecification","valueRequired":true,"valueName":"search_term_string"}}],"inLanguage":"fr-FR"},{"@type":"Organization","@id":"https:\/\/www.organisator.ch\/#organization","name":"Organisateur","url":"https:\/\/www.organisator.ch\/","logo":{"@type":"ImageObject","inLanguage":"fr-FR","@id":"https:\/\/www.organisator.ch\/#\/schema\/logo\/image\/","url":"https:\/\/www.organisator.ch\/wp-content\/uploads\/2022\/01\/Logo_Organisator_Website.png","contentUrl":"https:\/\/www.organisator.ch\/wp-content\/uploads\/2022\/01\/Logo_Organisator_Website.png","width":800,"height":77,"caption":"Organisator"},"image":{"@id":"https:\/\/www.organisator.ch\/#\/schema\/logo\/image\/"},"sameAs":["https:\/\/www.facebook.com\/OrganisatorFachmagazin","https:\/\/www.linkedin.com\/showcase\/organisator-das-magazin-fr-kmu","https:\/\/www.xing.com\/news\/pages\/organisator-ch-695","https:\/\/www.youtube.com\/channel\/UCGP2Sq0iWaZwT3BdIAQFYpw"]},{"@type":"Person","@id":"https:\/\/www.organisator.ch\/#\/schema\/person\/a9d0e0eff238db87a8f840f3b50359f0","name":"n8n","image":{"@type":"ImageObject","inLanguage":"fr-FR","@id":"https:\/\/secure.gravatar.com\/avatar\/5368fb9d03fd415a6f335cece4c15af2502d6ca8651efbd6e8f98427a9795400?s=96&d=mm&r=g","url":"https:\/\/secure.gravatar.com\/avatar\/5368fb9d03fd415a6f335cece4c15af2502d6ca8651efbd6e8f98427a9795400?s=96&d=mm&r=g","contentUrl":"https:\/\/secure.gravatar.com\/avatar\/5368fb9d03fd415a6f335cece4c15af2502d6ca8651efbd6e8f98427a9795400?s=96&d=mm&r=g","caption":"n8n"},"url":"https:\/\/www.organisator.ch\/fr\/author\/n8n\/"}]}},"_links":{"self":[{"href":"https:\/\/www.organisator.ch\/fr\/wp-json\/wp\/v2\/posts\/45752","targetHints":{"allow":["GET"]}}],"collection":[{"href":"https:\/\/www.organisator.ch\/fr\/wp-json\/wp\/v2\/posts"}],"about":[{"href":"https:\/\/www.organisator.ch\/fr\/wp-json\/wp\/v2\/types\/post"}],"author":[{"embeddable":true,"href":"https:\/\/www.organisator.ch\/fr\/wp-json\/wp\/v2\/users\/107"}],"replies":[{"embeddable":true,"href":"https:\/\/www.organisator.ch\/fr\/wp-json\/wp\/v2\/comments?post=45752"}],"version-history":[{"count":4,"href":"https:\/\/www.organisator.ch\/fr\/wp-json\/wp\/v2\/posts\/45752\/revisions"}],"predecessor-version":[{"id":45826,"href":"https:\/\/www.organisator.ch\/fr\/wp-json\/wp\/v2\/posts\/45752\/revisions\/45826"}],"wp:attachment":[{"href":"https:\/\/www.organisator.ch\/fr\/wp-json\/wp\/v2\/media?parent=45752"}],"wp:term":[{"taxonomy":"category","embeddable":true,"href":"https:\/\/www.organisator.ch\/fr\/wp-json\/wp\/v2\/categories?post=45752"},{"taxonomy":"post_tag","embeddable":true,"href":"https:\/\/www.organisator.ch\/fr\/wp-json\/wp\/v2\/tags?post=45752"}],"curies":[{"name":"wp","href":"https:\/\/api.w.org\/{rel}","templated":true}]}}