{"id":45786,"date":"2026-03-09T10:45:24","date_gmt":"2026-03-09T09:45:24","guid":{"rendered":"https:\/\/www.organisator.ch\/de\/?p=45786"},"modified":"2026-03-09T10:45:24","modified_gmt":"2026-03-09T09:45:24","slug":"moevenpick-wein-uebernimmt-liquid-grape","status":"publish","type":"post","link":"https:\/\/www.organisator.ch\/fr\/management\/2026-03-09\/moevenpick-wein-uebernimmt-liquid-grape\/","title":{"rendered":"M\u00f6venpick Wein acquiert Liquid Grape"},"content":{"rendered":"<figure id=\"attachment_45785\" aria-describedby=\"caption-attachment-45785\" style=\"width: 1400px\" class=\"wp-caption alignnone\"><img loading=\"lazy\" decoding=\"async\" class=\"size-full wp-image-45785\" src=\"https:\/\/www.organisator.ch\/wp-content\/uploads\/2026\/03\/Annie-Doerfelt-und-Henrik-Maass-die-beiden-Geschaeftsfuehrer-und-Gruender-von-Liquid-Grape.-Bild-Anna-Mutter-scaled.jpg\" alt=\"\" width=\"1400\" height=\"928\" srcset=\"https:\/\/www.organisator.ch\/wp-content\/uploads\/2026\/03\/Annie-Doerfelt-und-Henrik-Maass-die-beiden-Geschaeftsfuehrer-und-Gruender-von-Liquid-Grape.-Bild-Anna-Mutter-scaled.jpg 1400w, https:\/\/www.organisator.ch\/wp-content\/uploads\/2026\/03\/Annie-Doerfelt-und-Henrik-Maass-die-beiden-Geschaeftsfuehrer-und-Gruender-von-Liquid-Grape.-Bild-Anna-Mutter-680x451.jpg 680w, https:\/\/www.organisator.ch\/wp-content\/uploads\/2026\/03\/Annie-Doerfelt-und-Henrik-Maass-die-beiden-Geschaeftsfuehrer-und-Gruender-von-Liquid-Grape.-Bild-Anna-Mutter-1024x679.jpg 1024w, https:\/\/www.organisator.ch\/wp-content\/uploads\/2026\/03\/Annie-Doerfelt-und-Henrik-Maass-die-beiden-Geschaeftsfuehrer-und-Gruender-von-Liquid-Grape.-Bild-Anna-Mutter-768x509.jpg 768w, https:\/\/www.organisator.ch\/wp-content\/uploads\/2026\/03\/Annie-Doerfelt-und-Henrik-Maass-die-beiden-Geschaeftsfuehrer-und-Gruender-von-Liquid-Grape.-Bild-Anna-Mutter-1536x1018.jpg 1536w, https:\/\/www.organisator.ch\/wp-content\/uploads\/2026\/03\/Annie-Doerfelt-und-Henrik-Maass-die-beiden-Geschaeftsfuehrer-und-Gruender-von-Liquid-Grape.-Bild-Anna-Mutter-2048x1357.jpg 2048w, https:\/\/www.organisator.ch\/wp-content\/uploads\/2026\/03\/Annie-Doerfelt-und-Henrik-Maass-die-beiden-Geschaeftsfuehrer-und-Gruender-von-Liquid-Grape.-Bild-Anna-Mutter-18x12.jpg 18w, https:\/\/www.organisator.ch\/wp-content\/uploads\/2026\/03\/Annie-Doerfelt-und-Henrik-Maass-die-beiden-Geschaeftsfuehrer-und-Gruender-von-Liquid-Grape.-Bild-Anna-Mutter-375x249.jpg 375w, https:\/\/www.organisator.ch\/wp-content\/uploads\/2026\/03\/Annie-Doerfelt-und-Henrik-Maass-die-beiden-Geschaeftsfuehrer-und-Gruender-von-Liquid-Grape.-Bild-Anna-Mutter-528x350.jpg 528w, https:\/\/www.organisator.ch\/wp-content\/uploads\/2026\/03\/Annie-Doerfelt-und-Henrik-Maass-die-beiden-Geschaeftsfuehrer-und-Gruender-von-Liquid-Grape.-Bild-Anna-Mutter-1000x663.jpg 1000w\" sizes=\"auto, (max-width: 1400px) 100vw, 1400px\" \/><figcaption id=\"caption-attachment-45785\" class=\"wp-caption-text\">Annie D\u00f6rfelt et Henrik Maa\u00df, fondateurs de Liquid Grape. Source : zvg<\/figcaption><\/figure>\n<p>Avec l'acquisition du fournisseur allemand d'investissements dans le vin Liquid Grape, M\u00f6venpick Wein poursuit la transformation de son mod\u00e8le commercial. L'acquisition vise \u00e0 int\u00e9grer plus \u00e9troitement le commerce stationnaire, les services num\u00e9riques et les solutions d'investissement bas\u00e9es sur les donn\u00e9es. Liquid Grape a \u00e9t\u00e9 fond\u00e9 en 2019 et s'est sp\u00e9cialis\u00e9 dans l'acquisition, la gestion et le n\u00e9goce de Fine Wines en tant que forme d'investissement.<\/p>\n<p>Les clients peuvent g\u00e9rer leurs collections de vin et suivre l'\u00e9volution de la valeur de leurs portefeuilles de vin via des applications prot\u00e9g\u00e9es par une plateforme. L'offre est compl\u00e9t\u00e9e par un conseil personnalis\u00e9, des paquets d'investissement structur\u00e9s ainsi que des options de n\u00e9goce et de rachat. Les fondateurs de Liquid Grape, Annie D\u00f6rfelt et Henrik Maa\u00df, restent \u00e0 bord et continuent d'\u00eatre responsables du d\u00e9veloppement strat\u00e9gique de la plateforme. M\u00f6venpick Wein assure ainsi la continuit\u00e9 du personnel, une comp\u00e9tence maximale en mati\u00e8re de conseil et l'entretien de relations personnelles avec les clients.<\/p>\n<h3>2026, une ann\u00e9e cl\u00e9 pour les investissements dans le vin<\/h3>\n<p>Avec cette acquisition, M\u00f6venpick Wein r\u00e9agit \u00e0 de profonds changements dans le commerce du vin en Suisse et en Allemagne. Les vins nobles ne sont pas seulement consid\u00e9r\u00e9s comme des objets de plaisir, mais de plus en plus comme une forme d'investissement alternative avec un potentiel de plus-value \u00e0 long terme. En raison des tendances du march\u00e9 et du changement de comportement des acheteurs, 2026 est consid\u00e9r\u00e9e par les sp\u00e9cialistes comme une ann\u00e9e cl\u00e9 pour les investissements dans le vin.<\/p>\n<figure id=\"attachment_45784\" aria-describedby=\"caption-attachment-45784\" style=\"width: 933px\" class=\"wp-caption alignnone\"><img loading=\"lazy\" decoding=\"async\" class=\"size-full wp-image-45784\" src=\"https:\/\/www.organisator.ch\/wp-content\/uploads\/2026\/03\/Nikolas-von-Haugwitz_CEO-Moevenpick-Wein-scaled.jpg\" alt=\"\" width=\"933\" height=\"1400\" srcset=\"https:\/\/www.organisator.ch\/wp-content\/uploads\/2026\/03\/Nikolas-von-Haugwitz_CEO-Moevenpick-Wein-scaled.jpg 933w, https:\/\/www.organisator.ch\/wp-content\/uploads\/2026\/03\/Nikolas-von-Haugwitz_CEO-Moevenpick-Wein-667x1000.jpg 667w, https:\/\/www.organisator.ch\/wp-content\/uploads\/2026\/03\/Nikolas-von-Haugwitz_CEO-Moevenpick-Wein-683x1024.jpg 683w, https:\/\/www.organisator.ch\/wp-content\/uploads\/2026\/03\/Nikolas-von-Haugwitz_CEO-Moevenpick-Wein-768x1152.jpg 768w, https:\/\/www.organisator.ch\/wp-content\/uploads\/2026\/03\/Nikolas-von-Haugwitz_CEO-Moevenpick-Wein-1024x1536.jpg 1024w, https:\/\/www.organisator.ch\/wp-content\/uploads\/2026\/03\/Nikolas-von-Haugwitz_CEO-Moevenpick-Wein-1365x2048.jpg 1365w, https:\/\/www.organisator.ch\/wp-content\/uploads\/2026\/03\/Nikolas-von-Haugwitz_CEO-Moevenpick-Wein-8x12.jpg 8w, https:\/\/www.organisator.ch\/wp-content\/uploads\/2026\/03\/Nikolas-von-Haugwitz_CEO-Moevenpick-Wein-200x300.jpg 200w, https:\/\/www.organisator.ch\/wp-content\/uploads\/2026\/03\/Nikolas-von-Haugwitz_CEO-Moevenpick-Wein-233x350.jpg 233w, https:\/\/www.organisator.ch\/wp-content\/uploads\/2026\/03\/Nikolas-von-Haugwitz_CEO-Moevenpick-Wein-533x800.jpg 533w\" sizes=\"auto, (max-width: 933px) 100vw, 933px\" \/><figcaption id=\"caption-attachment-45784\" class=\"wp-caption-text\">Nikolas von Haugwitz, CEO de M\u00f6venpick Wein. Source : zvg<\/figcaption><\/figure>\n<p>\u00abLes vins de grande qualit\u00e9 sont des actifs tangibles dont l'\u00e9volution est stable et qui peuvent g\u00e9n\u00e9rer des r\u00e9sultats attrayants par rapport aux classes d'actifs classiques\u00bb, explique Nikolas von Haugwitz. \u00abEn tant qu'actif tangible, le vin offre une base solide pour des investissements \u00e0 long terme en raison des disponibilit\u00e9s limit\u00e9es, de la baisse de l'offre due \u00e0 la consommation et de la croissance de la demande mondiale\u00bb.<\/p>\n<h3>La num\u00e9risation rencontre la culture du vin<\/h3>\n<p>Avec l'int\u00e9gration de Liquid Grape, M\u00f6venpick Wein r\u00e9pond aux attentes croissantes d'une client\u00e8le f\u00e9rue de technologie. La plateforme compl\u00e8te le portefeuille existant avec des outils bas\u00e9s sur des donn\u00e9es et des exp\u00e9riences utilisateurs num\u00e9riques qui vont au-del\u00e0 du simple conseil et du commerce physique. Gr\u00e2ce \u00e0 l'utilisation d'applications bas\u00e9es sur la technologie et de services de portefeuille en ligne, l'acc\u00e8s aux investissements dans le vin doit \u00eatre facilit\u00e9 - du premier contact \u00e0 l'analyse de portefeuille et au d\u00e9roulement des processus commerciaux.<\/p>\n<p>\u00abLe march\u00e9 du vin \u00e9volue rapidement - en mettant de plus en plus l'accent sur les donn\u00e9es, les processus d'information en r\u00e9seau et les nouvelles formes d'investissement\u00bb, explique Nikolas von Haugwitz. \u00abAvec Liquid Grape, nous \u00e9largissons nos comp\u00e9tences num\u00e9riques dans le domaine des investissements dans le vin fin et cr\u00e9ons des valeurs ajout\u00e9es suppl\u00e9mentaires pour une client\u00e8le exigeante\u00bb.\u00bb<\/p>\n<h3>Le commerce stationnaire rencontre l'avenir en r\u00e9seau<\/h3>\n<p>M\u00f6venpick Wein veut combiner sa longue expertise dans le commerce stationnaire avec des services en ligne d'avant-garde afin de cr\u00e9er une exp\u00e9rience client int\u00e9gr\u00e9e et sans faille. L'objectif est d'associer une pr\u00e9sence physique dans plus de 40 sites en Suisse et en Allemagne \u00e0 des services num\u00e9riques tels que le suivi de portefeuille, le reporting d'investissement et le conseil en ligne.<\/p>\n<p>L'acquisition de Liquid Grape renforce le mod\u00e8le d'entreprise existant dans des domaines strat\u00e9giquement importants et marque une nouvelle \u00e9tape dans la transformation de l'entreprise : d'un fournisseur principalement stationnaire \u00e0 un acteur en r\u00e9seau bas\u00e9 sur la technologie sur le march\u00e9 du vin fin et de l'investissement.<\/p>\n<p>\u00abDans la perspective de 2026, nous jetons les bases d'un mod\u00e8le d'entreprise int\u00e9gr\u00e9 qui associe syst\u00e9matiquement pr\u00e9sence physique, plateformes num\u00e9riques et solutions d'investissement\u00bb, explique von Haugwitz. \u00abNous consolidons ainsi notre position d'interlocuteur favorable \u00e0 l'innovation pour les Fine Wines et les investissements dans le vin dans la r\u00e9gion DACH\u00bb.\u00bb<\/p>\n<p><em>Plus d'informations : <a href=\"https:\/\/www.moevenpick-wein.ch\" target=\"_blank\" rel=\"noopener\">www.moevenpick-wein.ch<\/a><\/em><\/p>","protected":false},"excerpt":{"rendered":"<p>Avec l'acquisition de Liquid Grape, M\u00f6venpick Wein renforce son activit\u00e9 num\u00e9rique Fine Wine en Suisse et en Allemagne. Cette acquisition s'inscrit dans le cadre de la r\u00e9orientation strat\u00e9gique men\u00e9e par le CEO Nikolas von Haugwitz et associe le commerce stationnaire \u00e0 des solutions d'investissement bas\u00e9es sur les donn\u00e9es. Les fondateurs de Liquid Grape restent \u00e0 bord et sont responsables du d\u00e9veloppement strat\u00e9gique de la plateforme.<\/p>","protected":false},"author":107,"featured_media":45785,"comment_status":"closed","ping_status":"closed","sticky":false,"template":"","format":"standard","meta":{"_acf_changed":false,"_yoast_wpseo_focuskw":"M\u00f6venpick Wein Liquid Grape","_yoast_wpseo_metadesc":"M\u00f6venpick Wein \u00fcbernimmt Liquid Grape und st\u00e4rkt damit sein digitales Fine-Wine-Investment-Gesch\u00e4ft im DACH-Raum.","articlekey":"","footnotes":""},"categories":[28],"tags":[35,492,5879,5880],"class_list":["post-45786","post","type-post","status-publish","format-standard","has-post-thumbnail","hentry","category-management","tag-akquisition","tag-unternehmen","tag-weinhandel","tag-wertanlagen"],"acf":[],"yoast_head":"<!-- This site is optimized with the Yoast SEO plugin v27.4 - https:\/\/yoast.com\/product\/yoast-seo-wordpress\/ -->\n<title>M\u00f6venpick Wein \u00fcbernimmt Liquid Grape - Organisator<\/title>\n<meta name=\"description\" content=\"M\u00f6venpick Wein \u00fcbernimmt Liquid Grape und st\u00e4rkt damit sein digitales Fine-Wine-Investment-Gesch\u00e4ft im DACH-Raum.\" \/>\n<meta name=\"robots\" content=\"index, follow, max-snippet:-1, max-image-preview:large, max-video-preview:-1\" \/>\n<link rel=\"canonical\" href=\"https:\/\/www.organisator.ch\/fr\/gestion-2\/2026-03-09\/moevenpick-wein-uebernimmt-liquid-grape\/\" \/>\n<meta property=\"og:locale\" content=\"fr_FR\" \/>\n<meta property=\"og:type\" content=\"article\" \/>\n<meta property=\"og:title\" content=\"M\u00f6venpick Wein \u00fcbernimmt Liquid Grape\" \/>\n<meta property=\"og:description\" content=\"M\u00f6venpick Wein \u00fcbernimmt Liquid Grape und st\u00e4rkt damit sein digitales Fine-Wine-Investment-Gesch\u00e4ft im DACH-Raum.\" \/>\n<meta property=\"og:url\" content=\"https:\/\/www.organisator.ch\/fr\/gestion-2\/2026-03-09\/moevenpick-wein-uebernimmt-liquid-grape\/\" \/>\n<meta property=\"og:site_name\" content=\"Organisator\" \/>\n<meta property=\"article:publisher\" content=\"https:\/\/www.facebook.com\/OrganisatorFachmagazin\" \/>\n<meta property=\"article:published_time\" content=\"2026-03-09T09:45:24+00:00\" \/>\n<meta property=\"og:image\" content=\"https:\/\/www.organisator.ch\/wp-content\/uploads\/2026\/03\/Annie-Doerfelt-und-Henrik-Maass-die-beiden-Geschaeftsfuehrer-und-Gruender-von-Liquid-Grape.-Bild-Anna-Mutter-scaled.jpg\" \/>\n\t<meta property=\"og:image:width\" content=\"1400\" \/>\n\t<meta property=\"og:image:height\" content=\"928\" \/>\n\t<meta property=\"og:image:type\" content=\"image\/jpeg\" \/>\n<meta name=\"author\" content=\"n8n\" \/>\n<meta name=\"twitter:card\" content=\"summary_large_image\" \/>\n<meta name=\"twitter:title\" content=\"#M\u00f6venpick Wein \u00fcbernimmt Liquid Grape\" \/>\n<meta name=\"twitter:description\" content=\"#M\u00f6venpick Wein \u00fcbernimmt Liquid Grape #LiquidGrape und st\u00e4rkt damit sein digitales #Fine-Wine-Investment-Gesch\u00e4ft im DACH-Raum.\" \/>\n<meta name=\"twitter:image\" content=\"https:\/\/www.organisator.ch\/wp-content\/uploads\/2026\/03\/Annie-Doerfelt-und-Henrik-Maass-die-beiden-Geschaeftsfuehrer-und-Gruender-von-Liquid-Grape.-Bild-Anna-Mutter-scaled.jpg\" \/>\n<script type=\"application\/ld+json\" class=\"yoast-schema-graph\">{\"@context\":\"https:\\\/\\\/schema.org\",\"@graph\":[{\"@type\":\"Article\",\"@id\":\"https:\\\/\\\/www.organisator.ch\\\/management\\\/2026-03-09\\\/moevenpick-wein-uebernimmt-liquid-grape\\\/#article\",\"isPartOf\":{\"@id\":\"https:\\\/\\\/www.organisator.ch\\\/management\\\/2026-03-09\\\/moevenpick-wein-uebernimmt-liquid-grape\\\/\"},\"author\":{\"name\":\"n8n\",\"@id\":\"https:\\\/\\\/www.organisator.ch\\\/#\\\/schema\\\/person\\\/a9d0e0eff238db87a8f840f3b50359f0\"},\"headline\":\"M\u00f6venpick Wein \u00fcbernimmt Liquid Grape\",\"datePublished\":\"2026-03-09T09:45:24+00:00\",\"mainEntityOfPage\":{\"@id\":\"https:\\\/\\\/www.organisator.ch\\\/management\\\/2026-03-09\\\/moevenpick-wein-uebernimmt-liquid-grape\\\/\"},\"wordCount\":537,\"publisher\":{\"@id\":\"https:\\\/\\\/www.organisator.ch\\\/#organization\"},\"image\":{\"@id\":\"https:\\\/\\\/www.organisator.ch\\\/management\\\/2026-03-09\\\/moevenpick-wein-uebernimmt-liquid-grape\\\/#primaryimage\"},\"thumbnailUrl\":\"https:\\\/\\\/www.organisator.ch\\\/wp-content\\\/uploads\\\/2026\\\/03\\\/Annie-Doerfelt-und-Henrik-Maass-die-beiden-Geschaeftsfuehrer-und-Gruender-von-Liquid-Grape.-Bild-Anna-Mutter-scaled.jpg\",\"keywords\":[\"Akquisition\",\"Unternehmen\",\"Weinhandel\",\"Wertanlagen\"],\"articleSection\":[\"MANAGEMENT\"],\"inLanguage\":\"fr-FR\"},{\"@type\":\"WebPage\",\"@id\":\"https:\\\/\\\/www.organisator.ch\\\/management\\\/2026-03-09\\\/moevenpick-wein-uebernimmt-liquid-grape\\\/\",\"url\":\"https:\\\/\\\/www.organisator.ch\\\/management\\\/2026-03-09\\\/moevenpick-wein-uebernimmt-liquid-grape\\\/\",\"name\":\"M\u00f6venpick Wein \u00fcbernimmt Liquid Grape - Organisator\",\"isPartOf\":{\"@id\":\"https:\\\/\\\/www.organisator.ch\\\/#website\"},\"primaryImageOfPage\":{\"@id\":\"https:\\\/\\\/www.organisator.ch\\\/management\\\/2026-03-09\\\/moevenpick-wein-uebernimmt-liquid-grape\\\/#primaryimage\"},\"image\":{\"@id\":\"https:\\\/\\\/www.organisator.ch\\\/management\\\/2026-03-09\\\/moevenpick-wein-uebernimmt-liquid-grape\\\/#primaryimage\"},\"thumbnailUrl\":\"https:\\\/\\\/www.organisator.ch\\\/wp-content\\\/uploads\\\/2026\\\/03\\\/Annie-Doerfelt-und-Henrik-Maass-die-beiden-Geschaeftsfuehrer-und-Gruender-von-Liquid-Grape.-Bild-Anna-Mutter-scaled.jpg\",\"datePublished\":\"2026-03-09T09:45:24+00:00\",\"description\":\"M\u00f6venpick Wein \u00fcbernimmt Liquid Grape und st\u00e4rkt damit sein digitales Fine-Wine-Investment-Gesch\u00e4ft im DACH-Raum.\",\"breadcrumb\":{\"@id\":\"https:\\\/\\\/www.organisator.ch\\\/management\\\/2026-03-09\\\/moevenpick-wein-uebernimmt-liquid-grape\\\/#breadcrumb\"},\"inLanguage\":\"fr-FR\",\"potentialAction\":[{\"@type\":\"ReadAction\",\"target\":[\"https:\\\/\\\/www.organisator.ch\\\/management\\\/2026-03-09\\\/moevenpick-wein-uebernimmt-liquid-grape\\\/\"]}]},{\"@type\":\"ImageObject\",\"inLanguage\":\"fr-FR\",\"@id\":\"https:\\\/\\\/www.organisator.ch\\\/management\\\/2026-03-09\\\/moevenpick-wein-uebernimmt-liquid-grape\\\/#primaryimage\",\"url\":\"https:\\\/\\\/www.organisator.ch\\\/wp-content\\\/uploads\\\/2026\\\/03\\\/Annie-Doerfelt-und-Henrik-Maass-die-beiden-Geschaeftsfuehrer-und-Gruender-von-Liquid-Grape.-Bild-Anna-Mutter-scaled.jpg\",\"contentUrl\":\"https:\\\/\\\/www.organisator.ch\\\/wp-content\\\/uploads\\\/2026\\\/03\\\/Annie-Doerfelt-und-Henrik-Maass-die-beiden-Geschaeftsfuehrer-und-Gruender-von-Liquid-Grape.-Bild-Anna-Mutter-scaled.jpg\",\"width\":1400,\"height\":928,\"caption\":\"Annie D\u00f6rfelt und Henrik Maa\u00df, Gr\u00fcnder von Liquid Grape. Quelle: zvg\"},{\"@type\":\"BreadcrumbList\",\"@id\":\"https:\\\/\\\/www.organisator.ch\\\/management\\\/2026-03-09\\\/moevenpick-wein-uebernimmt-liquid-grape\\\/#breadcrumb\",\"itemListElement\":[{\"@type\":\"ListItem\",\"position\":1,\"name\":\"Home\",\"item\":\"https:\\\/\\\/www.organisator.ch\\\/\"},{\"@type\":\"ListItem\",\"position\":2,\"name\":\"M\u00f6venpick Wein \u00fcbernimmt Liquid Grape\"}]},{\"@type\":\"WebSite\",\"@id\":\"https:\\\/\\\/www.organisator.ch\\\/#website\",\"url\":\"https:\\\/\\\/www.organisator.ch\\\/\",\"name\":\"Organisator\",\"description\":\"Kompetent. Praxisnah. Der ORGANISATOR bereitet in 10 Ausgaben pro Jahr die wesentlichen Themen f\u00fcr F\u00fchrungskr\u00e4fte von KMU auf.\",\"publisher\":{\"@id\":\"https:\\\/\\\/www.organisator.ch\\\/#organization\"},\"potentialAction\":[{\"@type\":\"SearchAction\",\"target\":{\"@type\":\"EntryPoint\",\"urlTemplate\":\"https:\\\/\\\/www.organisator.ch\\\/?s={search_term_string}\"},\"query-input\":{\"@type\":\"PropertyValueSpecification\",\"valueRequired\":true,\"valueName\":\"search_term_string\"}}],\"inLanguage\":\"fr-FR\"},{\"@type\":\"Organization\",\"@id\":\"https:\\\/\\\/www.organisator.ch\\\/#organization\",\"name\":\"Organisator\",\"url\":\"https:\\\/\\\/www.organisator.ch\\\/\",\"logo\":{\"@type\":\"ImageObject\",\"inLanguage\":\"fr-FR\",\"@id\":\"https:\\\/\\\/www.organisator.ch\\\/#\\\/schema\\\/logo\\\/image\\\/\",\"url\":\"https:\\\/\\\/www.organisator.ch\\\/wp-content\\\/uploads\\\/2022\\\/01\\\/Logo_Organisator_Website.png\",\"contentUrl\":\"https:\\\/\\\/www.organisator.ch\\\/wp-content\\\/uploads\\\/2022\\\/01\\\/Logo_Organisator_Website.png\",\"width\":800,\"height\":77,\"caption\":\"Organisator\"},\"image\":{\"@id\":\"https:\\\/\\\/www.organisator.ch\\\/#\\\/schema\\\/logo\\\/image\\\/\"},\"sameAs\":[\"https:\\\/\\\/www.facebook.com\\\/OrganisatorFachmagazin\",\"https:\\\/\\\/www.linkedin.com\\\/showcase\\\/organisator-das-magazin-fr-kmu\",\"https:\\\/\\\/www.xing.com\\\/news\\\/pages\\\/organisator-ch-695\",\"https:\\\/\\\/www.youtube.com\\\/channel\\\/UCGP2Sq0iWaZwT3BdIAQFYpw\"]},{\"@type\":\"Person\",\"@id\":\"https:\\\/\\\/www.organisator.ch\\\/#\\\/schema\\\/person\\\/a9d0e0eff238db87a8f840f3b50359f0\",\"name\":\"n8n\",\"image\":{\"@type\":\"ImageObject\",\"inLanguage\":\"fr-FR\",\"@id\":\"https:\\\/\\\/secure.gravatar.com\\\/avatar\\\/5368fb9d03fd415a6f335cece4c15af2502d6ca8651efbd6e8f98427a9795400?s=96&d=mm&r=g\",\"url\":\"https:\\\/\\\/secure.gravatar.com\\\/avatar\\\/5368fb9d03fd415a6f335cece4c15af2502d6ca8651efbd6e8f98427a9795400?s=96&d=mm&r=g\",\"contentUrl\":\"https:\\\/\\\/secure.gravatar.com\\\/avatar\\\/5368fb9d03fd415a6f335cece4c15af2502d6ca8651efbd6e8f98427a9795400?s=96&d=mm&r=g\",\"caption\":\"n8n\"},\"url\":\"https:\\\/\\\/www.organisator.ch\\\/fr\\\/author\\\/n8n\\\/\"}]}<\/script>\n<!-- \/ Yoast SEO plugin. -->","yoast_head_json":{"title":"Le vin M\u00f6venpick reprend Liquid Grape - organisateur","description":"M\u00f6venpick Wein acquiert Liquid Grape et renforce ainsi son activit\u00e9 num\u00e9rique d'investissement dans le vin fin dans la r\u00e9gion DACH.","robots":{"index":"index","follow":"follow","max-snippet":"max-snippet:-1","max-image-preview":"max-image-preview:large","max-video-preview":"max-video-preview:-1"},"canonical":"https:\/\/www.organisator.ch\/fr\/gestion-2\/2026-03-09\/moevenpick-wein-uebernimmt-liquid-grape\/","og_locale":"fr_FR","og_type":"article","og_title":"M\u00f6venpick Wein \u00fcbernimmt Liquid Grape","og_description":"M\u00f6venpick Wein \u00fcbernimmt Liquid Grape und st\u00e4rkt damit sein digitales Fine-Wine-Investment-Gesch\u00e4ft im DACH-Raum.","og_url":"https:\/\/www.organisator.ch\/fr\/gestion-2\/2026-03-09\/moevenpick-wein-uebernimmt-liquid-grape\/","og_site_name":"Organisator","article_publisher":"https:\/\/www.facebook.com\/OrganisatorFachmagazin","article_published_time":"2026-03-09T09:45:24+00:00","og_image":[{"width":1400,"height":928,"url":"https:\/\/www.organisator.ch\/wp-content\/uploads\/2026\/03\/Annie-Doerfelt-und-Henrik-Maass-die-beiden-Geschaeftsfuehrer-und-Gruender-von-Liquid-Grape.-Bild-Anna-Mutter-scaled.jpg","type":"image\/jpeg"}],"author":"n8n","twitter_card":"summary_large_image","twitter_title":"#M\u00f6venpick Wein \u00fcbernimmt Liquid Grape","twitter_description":"#M\u00f6venpick Wein \u00fcbernimmt Liquid Grape #LiquidGrape und st\u00e4rkt damit sein digitales #Fine-Wine-Investment-Gesch\u00e4ft im DACH-Raum.","twitter_image":"https:\/\/www.organisator.ch\/wp-content\/uploads\/2026\/03\/Annie-Doerfelt-und-Henrik-Maass-die-beiden-Geschaeftsfuehrer-und-Gruender-von-Liquid-Grape.-Bild-Anna-Mutter-scaled.jpg","schema":{"@context":"https:\/\/schema.org","@graph":[{"@type":"Article","@id":"https:\/\/www.organisator.ch\/management\/2026-03-09\/moevenpick-wein-uebernimmt-liquid-grape\/#article","isPartOf":{"@id":"https:\/\/www.organisator.ch\/management\/2026-03-09\/moevenpick-wein-uebernimmt-liquid-grape\/"},"author":{"name":"n8n","@id":"https:\/\/www.organisator.ch\/#\/schema\/person\/a9d0e0eff238db87a8f840f3b50359f0"},"headline":"M\u00f6venpick Wein \u00fcbernimmt Liquid Grape","datePublished":"2026-03-09T09:45:24+00:00","mainEntityOfPage":{"@id":"https:\/\/www.organisator.ch\/management\/2026-03-09\/moevenpick-wein-uebernimmt-liquid-grape\/"},"wordCount":537,"publisher":{"@id":"https:\/\/www.organisator.ch\/#organization"},"image":{"@id":"https:\/\/www.organisator.ch\/management\/2026-03-09\/moevenpick-wein-uebernimmt-liquid-grape\/#primaryimage"},"thumbnailUrl":"https:\/\/www.organisator.ch\/wp-content\/uploads\/2026\/03\/Annie-Doerfelt-und-Henrik-Maass-die-beiden-Geschaeftsfuehrer-und-Gruender-von-Liquid-Grape.-Bild-Anna-Mutter-scaled.jpg","keywords":["Akquisition","Unternehmen","Weinhandel","Wertanlagen"],"articleSection":["MANAGEMENT"],"inLanguage":"fr-FR"},{"@type":"WebPage","@id":"https:\/\/www.organisator.ch\/management\/2026-03-09\/moevenpick-wein-uebernimmt-liquid-grape\/","url":"https:\/\/www.organisator.ch\/management\/2026-03-09\/moevenpick-wein-uebernimmt-liquid-grape\/","name":"Le vin M\u00f6venpick reprend Liquid Grape - organisateur","isPartOf":{"@id":"https:\/\/www.organisator.ch\/#website"},"primaryImageOfPage":{"@id":"https:\/\/www.organisator.ch\/management\/2026-03-09\/moevenpick-wein-uebernimmt-liquid-grape\/#primaryimage"},"image":{"@id":"https:\/\/www.organisator.ch\/management\/2026-03-09\/moevenpick-wein-uebernimmt-liquid-grape\/#primaryimage"},"thumbnailUrl":"https:\/\/www.organisator.ch\/wp-content\/uploads\/2026\/03\/Annie-Doerfelt-und-Henrik-Maass-die-beiden-Geschaeftsfuehrer-und-Gruender-von-Liquid-Grape.-Bild-Anna-Mutter-scaled.jpg","datePublished":"2026-03-09T09:45:24+00:00","description":"M\u00f6venpick Wein acquiert Liquid Grape et renforce ainsi son activit\u00e9 num\u00e9rique d'investissement dans le vin fin dans la r\u00e9gion DACH.","breadcrumb":{"@id":"https:\/\/www.organisator.ch\/management\/2026-03-09\/moevenpick-wein-uebernimmt-liquid-grape\/#breadcrumb"},"inLanguage":"fr-FR","potentialAction":[{"@type":"ReadAction","target":["https:\/\/www.organisator.ch\/management\/2026-03-09\/moevenpick-wein-uebernimmt-liquid-grape\/"]}]},{"@type":"ImageObject","inLanguage":"fr-FR","@id":"https:\/\/www.organisator.ch\/management\/2026-03-09\/moevenpick-wein-uebernimmt-liquid-grape\/#primaryimage","url":"https:\/\/www.organisator.ch\/wp-content\/uploads\/2026\/03\/Annie-Doerfelt-und-Henrik-Maass-die-beiden-Geschaeftsfuehrer-und-Gruender-von-Liquid-Grape.-Bild-Anna-Mutter-scaled.jpg","contentUrl":"https:\/\/www.organisator.ch\/wp-content\/uploads\/2026\/03\/Annie-Doerfelt-und-Henrik-Maass-die-beiden-Geschaeftsfuehrer-und-Gruender-von-Liquid-Grape.-Bild-Anna-Mutter-scaled.jpg","width":1400,"height":928,"caption":"Annie D\u00f6rfelt und Henrik Maa\u00df, Gr\u00fcnder von Liquid Grape. Quelle: zvg"},{"@type":"BreadcrumbList","@id":"https:\/\/www.organisator.ch\/management\/2026-03-09\/moevenpick-wein-uebernimmt-liquid-grape\/#breadcrumb","itemListElement":[{"@type":"ListItem","position":1,"name":"Home","item":"https:\/\/www.organisator.ch\/"},{"@type":"ListItem","position":2,"name":"M\u00f6venpick Wein \u00fcbernimmt Liquid Grape"}]},{"@type":"WebSite","@id":"https:\/\/www.organisator.ch\/#website","url":"https:\/\/www.organisator.ch\/","name":"Organisateur","description":"Comp\u00e9tence et comp\u00e9tence. Proches de la pratique. L'ORGANISATEUR pr\u00e9pare 10 num\u00e9ros par an sur les th\u00e8mes essentiels pour les dirigeants de PME.","publisher":{"@id":"https:\/\/www.organisator.ch\/#organization"},"potentialAction":[{"@type":"SearchAction","target":{"@type":"EntryPoint","urlTemplate":"https:\/\/www.organisator.ch\/?s={search_term_string}"},"query-input":{"@type":"PropertyValueSpecification","valueRequired":true,"valueName":"search_term_string"}}],"inLanguage":"fr-FR"},{"@type":"Organization","@id":"https:\/\/www.organisator.ch\/#organization","name":"Organisateur","url":"https:\/\/www.organisator.ch\/","logo":{"@type":"ImageObject","inLanguage":"fr-FR","@id":"https:\/\/www.organisator.ch\/#\/schema\/logo\/image\/","url":"https:\/\/www.organisator.ch\/wp-content\/uploads\/2022\/01\/Logo_Organisator_Website.png","contentUrl":"https:\/\/www.organisator.ch\/wp-content\/uploads\/2022\/01\/Logo_Organisator_Website.png","width":800,"height":77,"caption":"Organisator"},"image":{"@id":"https:\/\/www.organisator.ch\/#\/schema\/logo\/image\/"},"sameAs":["https:\/\/www.facebook.com\/OrganisatorFachmagazin","https:\/\/www.linkedin.com\/showcase\/organisator-das-magazin-fr-kmu","https:\/\/www.xing.com\/news\/pages\/organisator-ch-695","https:\/\/www.youtube.com\/channel\/UCGP2Sq0iWaZwT3BdIAQFYpw"]},{"@type":"Person","@id":"https:\/\/www.organisator.ch\/#\/schema\/person\/a9d0e0eff238db87a8f840f3b50359f0","name":"n8n","image":{"@type":"ImageObject","inLanguage":"fr-FR","@id":"https:\/\/secure.gravatar.com\/avatar\/5368fb9d03fd415a6f335cece4c15af2502d6ca8651efbd6e8f98427a9795400?s=96&d=mm&r=g","url":"https:\/\/secure.gravatar.com\/avatar\/5368fb9d03fd415a6f335cece4c15af2502d6ca8651efbd6e8f98427a9795400?s=96&d=mm&r=g","contentUrl":"https:\/\/secure.gravatar.com\/avatar\/5368fb9d03fd415a6f335cece4c15af2502d6ca8651efbd6e8f98427a9795400?s=96&d=mm&r=g","caption":"n8n"},"url":"https:\/\/www.organisator.ch\/fr\/author\/n8n\/"}]}},"_links":{"self":[{"href":"https:\/\/www.organisator.ch\/fr\/wp-json\/wp\/v2\/posts\/45786","targetHints":{"allow":["GET"]}}],"collection":[{"href":"https:\/\/www.organisator.ch\/fr\/wp-json\/wp\/v2\/posts"}],"about":[{"href":"https:\/\/www.organisator.ch\/fr\/wp-json\/wp\/v2\/types\/post"}],"author":[{"embeddable":true,"href":"https:\/\/www.organisator.ch\/fr\/wp-json\/wp\/v2\/users\/107"}],"replies":[{"embeddable":true,"href":"https:\/\/www.organisator.ch\/fr\/wp-json\/wp\/v2\/comments?post=45786"}],"version-history":[{"count":4,"href":"https:\/\/www.organisator.ch\/fr\/wp-json\/wp\/v2\/posts\/45786\/revisions"}],"predecessor-version":[{"id":45833,"href":"https:\/\/www.organisator.ch\/fr\/wp-json\/wp\/v2\/posts\/45786\/revisions\/45833"}],"wp:featuredmedia":[{"embeddable":true,"href":"https:\/\/www.organisator.ch\/fr\/wp-json\/wp\/v2\/media\/45785"}],"wp:attachment":[{"href":"https:\/\/www.organisator.ch\/fr\/wp-json\/wp\/v2\/media?parent=45786"}],"wp:term":[{"taxonomy":"category","embeddable":true,"href":"https:\/\/www.organisator.ch\/fr\/wp-json\/wp\/v2\/categories?post=45786"},{"taxonomy":"post_tag","embeddable":true,"href":"https:\/\/www.organisator.ch\/fr\/wp-json\/wp\/v2\/tags?post=45786"}],"curies":[{"name":"wp","href":"https:\/\/api.w.org\/{rel}","templated":true}]}}