{"id":45819,"date":"2026-03-09T16:18:52","date_gmt":"2026-03-09T15:18:52","guid":{"rendered":"https:\/\/www.organisator.ch\/de\/?p=45819"},"modified":"2026-03-09T16:18:52","modified_gmt":"2026-03-09T15:18:52","slug":"nahost-krieg-als-bewaehrungsprobe-fuer-lieferketten","status":"publish","type":"post","link":"https:\/\/www.organisator.ch\/fr\/operational-excellence\/2026-03-09\/nahost-krieg-als-bewaehrungsprobe-fuer-lieferketten\/","title":{"rendered":"La guerre au Moyen-Orient, un test pour les cha\u00eenes d'approvisionnement"},"content":{"rendered":"<figure id=\"attachment_45818\" aria-describedby=\"caption-attachment-45818\" style=\"width: 1220px\" class=\"wp-caption alignnone\"><img loading=\"lazy\" decoding=\"async\" class=\"wp-image-45818 size-full\" src=\"https:\/\/www.organisator.ch\/wp-content\/uploads\/2026\/03\/Jane20Enny20van20Lambalgen_2-1-scaled.jpeg\" alt=\"\" width=\"1220\" height=\"1400\" \/><figcaption id=\"caption-attachment-45818\" class=\"wp-caption-text\">Jane Enny van Lambalgen s'exprime sur les d\u00e9fis actuels pour les cha\u00eenes d'approvisionnement suite \u00e0 la guerre au Proche-Orient. Source : zvg<\/figcaption><\/figure>\n<p>La guerre au Moyen-Orient constitue un test pour la r\u00e9silience des cha\u00eenes d'approvisionnement industrielles, explique Jane Enny van Lambalgen, PDG de la soci\u00e9t\u00e9 de conseil et de gestion Planet Industrial Excellence. Apr\u00e8s la pand\u00e9mie de Corona, de nombreuses entreprises industrielles se sont tourn\u00e9es vers l'approvisionnement local afin de r\u00e9duire leur d\u00e9pendance vis-\u00e0-vis des fournisseurs d'outre-mer. Lors du chaos douanier trumpien, nombre de ces entreprises ont d\u00e9j\u00e0 profit\u00e9 de cette r\u00e9orientation. \u00abMais c'est la guerre au Proche-Orient qui constitue le test d\u00e9cisif pour savoir dans quelle mesure la r\u00e9gionalisation des structures d'approvisionnement a r\u00e9ellement r\u00e9ussi\u00bb, explique l'experte en management.<\/p>\n<h3>Voies maritimes bloqu\u00e9es entre l'Asie et l'Europe<\/h3>\n<p>L'experte en gestion indique que pratiquement toutes les voies maritimes pertinentes entre l'Asie et l'Europe sont actuellement bloqu\u00e9es : le d\u00e9troit d'Ormuz, le golfe Persique, le golfe d'Oman, la mer Rouge, y compris Bab al-Mandab comme seul acc\u00e8s sud au canal de Suez, et le canal de Suez lui-m\u00eame. Le d\u00e9tour par le Cap de Bonne Esp\u00e9rance implique un temps de transit plus long de dix jours \u00e0 deux semaines. Il faut s'attendre \u00e0 des augmentations de 30 \u00e0 60 pour cent des taux de fret, y compris dans le secteur du fret a\u00e9rien, qui a \u00e9galement \u00e9t\u00e9 fortement touch\u00e9.<\/p>\n<p>\u00abOutre des co\u00fbts plus \u00e9lev\u00e9s et des retards significatifs, la congestion des ports constitue un \u00e9norme probl\u00e8me\u00bb, explique Jane Enny van Lambalgen. Elle parle d'un \u00abchaos de la cha\u00eene d'approvisionnement qui entra\u00eenera des arr\u00eats de production et des prix plus \u00e9lev\u00e9s pour le consommateur final de nombreux produits\u00bb. Elle cite comme exemple les pi\u00e8ces industrielles, l'\u00e9lectronique et les biens de consommation en tout genre.<\/p>\n<h3>Un appel au r\u00e9veil pour l'Europe<\/h3>\n<p>Pour la politique europ\u00e9enne, la guerre au Proche-Orient devrait \u00eatre un appel au r\u00e9veil pour r\u00e9duire la d\u00e9pendance \u00e9nerg\u00e9tique intercontinentale. \u00abTout comme le r\u00f4le de Starlink dans la guerre en Ukraine a \u00e9t\u00e9 un signal de r\u00e9veil pour le secteur europ\u00e9en des satellites et de l'espace, l'embrasement actuel du Proche-Orient devrait \u00eatre un appel au r\u00e9veil pour l'approvisionnement \u00e9nerg\u00e9tique et la production industrielle europ\u00e9ens\u00bb, d\u00e9clare Jane Enny van Lambalgen. Dans ce contexte, outre le d\u00e9veloppement des \u00e9nergies renouvelables, un retour au nucl\u00e9aire ne devrait pas \u00eatre exclu, conseille-t-elle aux politiques, notamment en Allemagne.<\/p>\n<p>Pour la production industrielle des entreprises, elle a surtout un conseil \u00e0 donner : \u00abLocal Sourcing\u00bb. Se tourner vers des fournisseurs locaux, ou en tout cas sur son propre continent, permet non seulement d'augmenter la r\u00e9silience face aux perturbations g\u00e9opolitiques, mais aussi de r\u00e9duire les co\u00fbts. De plus, l'approvisionnement local est bon pour l'environnement. La conseill\u00e8re en management recommande donc \u00e0 toutes les entreprises industrielles d'organiser leurs cha\u00eenes d'approvisionnement de mani\u00e8re plus r\u00e9gionale.<\/p>\n<h3>La re-r\u00e9gionalisation comme voie strat\u00e9gique<\/h3>\n<p>Selon Corona, Planet Industrial Excellence a re\u00e7u plusieurs demandes de la part de PME industrielles concernant la diversification et la r\u00e9gionalisation des cha\u00eenes d'approvisionnement. \u00abMalheureusement, seule une partie des entreprises pour lesquelles nous avions d\u00e9velopp\u00e9 des concepts correspondants les ont mis en \u0153uvre\u00bb, rapporte la CEO. La raison : pour de nombreuses entreprises de taille moyenne, souvent profond\u00e9ment ancr\u00e9es dans des march\u00e9s de niche mondiaux, \u00e9tablir de nouvelles relations avec les fournisseurs et m\u00eame, dans certaines circonstances, d\u00e9localiser leurs propres sites de production peut s'av\u00e9rer un processus long et co\u00fbteux.<\/p>\n<p>N\u00e9anmoins, la conseill\u00e8re en management classe la \u00abre-r\u00e9gionalisation des cha\u00eenes d'approvisionnement\u00bb comme \u00able meilleur moyen strat\u00e9gique de s'assurer une plus grande ind\u00e9pendance vis-\u00e0-vis des incertitudes g\u00e9opolitiques\u00bb. Selon elle, \u00ables entreprises devraient \u00e9viter autant que possible les d\u00e9pendances intercontinentales\u00bb.\u00bb<\/p>\n<h3>Le jumeau num\u00e9rique comme base de d\u00e9cision<\/h3>\n<p>La deuxi\u00e8me le\u00e7on importante de Corona, qui \u00abs'est malheureusement v\u00e9rifi\u00e9e\u00bb au vu de la guerre actuelle au Proche-Orient, est la mise en place de ce que l'on appelle un \u00abjumeau num\u00e9rique\u00bb. Il s'agit d'une simulation num\u00e9rique 1:1 de la production et de la cha\u00eene d'approvisionnement. Jane Enny van Lambalgen explique : \u00ab\u00c0 l'aide d'un jumeau num\u00e9rique, il est possible de simuler \u00e0 tout moment les cons\u00e9quences concr\u00e8tes des crises actuelles, des droits de douane aux guerres, sur la situation d'approvisionnement et la production. La direction de l'entreprise obtient ainsi en tr\u00e8s peu de temps des donn\u00e9es fiables qui lui permettent de prendre des d\u00e9cisions bas\u00e9es sur des faits\u00bb.\u00bb<\/p>\n<p>Jane Enny van Lambalgen d\u00e9clare : \u00abL'\u00e9volution actuelle au Moyen-Orient montre une fois de plus que la r\u00e9silience dans les cha\u00eenes d'approvisionnement n'est pas seulement un \u00bbnice-to-have\", mais une n\u00e9cessit\u00e9 absolue. L'industrie allemande est confront\u00e9e \u00e0 la t\u00e2che de continuer \u00e0 profiter des avantages de son r\u00e9seau mondial, tout en r\u00e9duisant les d\u00e9pendances strat\u00e9giques\".\u00bb<\/p>\n<p>Jane Enny van Lambalgen est partenaire fondateur et directrice de la soci\u00e9t\u00e9 Planet Industrial Excellence. Elle est \u00e9galement membre de United Interim, la principale communaut\u00e9 de managers par int\u00e9rim dans les pays germanophones, et du Diplomatic Council, un groupe de r\u00e9flexion mondial ayant le statut de conseiller aupr\u00e8s des Nations unies (ONU). Elle travaille pour des entreprises en tant que manager int\u00e9rimaire pour la strat\u00e9gie, l'excellence op\u00e9rationnelle, le redressement, la gestion de la cha\u00eene d'approvisionnement et la transformation num\u00e9rique. En tant que manager temporaire, elle occupe des postes de CEO, Managing Director, COO, d\u00e9l\u00e9gu\u00e9e du conseil d'administration, conseil de surveillance et conseil consultatif dans des entreprises de taille moyenne. Ses activit\u00e9s se concentrent sur des missions op\u00e9rationnelles internationales ax\u00e9es sur la production, la cha\u00eene d'approvisionnement et la logistique. Jane Enny van Lambalgen a \u00e9t\u00e9 \u00e9lue \u00abTop Interim Manager de l'ann\u00e9e\u00bb en 2025 et 2026.<\/p>\n<p><em>Plus d'informations : <a href=\"https:\/\/www.planetie.ch\" target=\"_blank\" rel=\"noopener\">www.planetie.ch<\/a><\/em><\/p>","protected":false},"excerpt":{"rendered":"<p>L'experte en management Jane Enny van Lambalgen voit dans la guerre au Proche-Orient une \u00abmise \u00e0 l'\u00e9preuve des cha\u00eenes d'approvisionnement r\u00e9silientes\u00bb. Elle recommande aux entreprises de r\u00e9duire les d\u00e9pendances intercontinentales et de miser sur l'approvisionnement local. Les jumeaux num\u00e9riques doivent aider \u00e0 prendre des d\u00e9cisions bas\u00e9es sur des faits.<\/p>","protected":false},"author":107,"featured_media":45818,"comment_status":"closed","ping_status":"closed","sticky":false,"template":"","format":"standard","meta":{"_acf_changed":false,"_yoast_wpseo_focuskw":"Lieferketten Resilienz","_yoast_wpseo_metadesc":"Management-Expertin Jane Enny van Lambalgen sieht im Nahost-Krieg eine Bew\u00e4hrungsprobe f\u00fcr Lieferketten. Ihre Empfehlung: Local Sourcing.","articlekey":"","footnotes":""},"categories":[582],"tags":[2689,335,5882],"class_list":["post-45819","post","type-post","status-publish","format-standard","has-post-thumbnail","hentry","category-operational-excellence","tag-lieferketten","tag-management-und-unternehmensfuehrung","tag-nahost-krieg"],"acf":[],"yoast_head":"<!-- This site is optimized with the Yoast SEO plugin v27.5 - https:\/\/yoast.com\/product\/yoast-seo-wordpress\/ -->\n<title>Nahost-Krieg als Bew\u00e4hrungsprobe f\u00fcr Lieferketten - Organisator<\/title>\n<meta name=\"description\" content=\"Management-Expertin Jane Enny van Lambalgen sieht im Nahost-Krieg eine Bew\u00e4hrungsprobe f\u00fcr Lieferketten. Ihre Empfehlung: Local Sourcing.\" \/>\n<meta name=\"robots\" content=\"index, follow, max-snippet:-1, max-image-preview:large, max-video-preview:-1\" \/>\n<link rel=\"canonical\" href=\"https:\/\/www.organisator.ch\/fr\/excellence-operationnelle\/2026-03-09\/nahost-krieg-als-bewaehrungsprobe-fuer-lieferketten\/\" \/>\n<meta property=\"og:locale\" content=\"fr_FR\" \/>\n<meta property=\"og:type\" content=\"article\" \/>\n<meta property=\"og:title\" content=\"Nahost-Krieg als Bew\u00e4hrungsprobe f\u00fcr Lieferketten\" \/>\n<meta property=\"og:description\" content=\"Management-Expertin Jane Enny van Lambalgen sieht im Nahost-Krieg eine Bew\u00e4hrungsprobe f\u00fcr Lieferketten. Ihre Empfehlung: Local Sourcing.\" \/>\n<meta property=\"og:url\" content=\"https:\/\/www.organisator.ch\/fr\/excellence-operationnelle\/2026-03-09\/nahost-krieg-als-bewaehrungsprobe-fuer-lieferketten\/\" \/>\n<meta property=\"og:site_name\" content=\"Organisator\" \/>\n<meta property=\"article:publisher\" content=\"https:\/\/www.facebook.com\/OrganisatorFachmagazin\" \/>\n<meta property=\"article:published_time\" content=\"2026-03-09T15:18:52+00:00\" \/>\n<meta property=\"og:image\" content=\"https:\/\/www.organisator.ch\/wp-content\/uploads\/2026\/03\/Jane20Enny20van20Lambalgen_2-1-scaled-e1773069367296.jpeg\" \/>\n\t<meta property=\"og:image:width\" content=\"1220\" \/>\n\t<meta property=\"og:image:height\" content=\"847\" \/>\n\t<meta property=\"og:image:type\" content=\"image\/jpeg\" \/>\n<meta name=\"author\" content=\"n8n\" \/>\n<meta name=\"twitter:card\" content=\"summary_large_image\" \/>\n<meta name=\"twitter:title\" content=\"#Nahost-Krieg als Bew\u00e4hrungsprobe f\u00fcr #Lieferketten\" \/>\n<meta name=\"twitter:description\" content=\"#Management-Expertin Jane Enny van Lambalgen sieht im #Nahost-Krieg eine Bew\u00e4hrungsprobe f\u00fcr #Lieferketten. Ihre Empfehlung: Local Sourcing.\" \/>\n<meta name=\"twitter:image\" content=\"https:\/\/www.organisator.ch\/wp-content\/uploads\/2026\/03\/Jane20Enny20van20Lambalgen_2-1-scaled-e1773069367296.jpeg\" \/>\n<script type=\"application\/ld+json\" class=\"yoast-schema-graph\">{\"@context\":\"https:\\\/\\\/schema.org\",\"@graph\":[{\"@type\":\"Article\",\"@id\":\"https:\\\/\\\/www.organisator.ch\\\/operational-excellence\\\/2026-03-09\\\/nahost-krieg-als-bewaehrungsprobe-fuer-lieferketten\\\/#article\",\"isPartOf\":{\"@id\":\"https:\\\/\\\/www.organisator.ch\\\/operational-excellence\\\/2026-03-09\\\/nahost-krieg-als-bewaehrungsprobe-fuer-lieferketten\\\/\"},\"author\":{\"name\":\"n8n\",\"@id\":\"https:\\\/\\\/www.organisator.ch\\\/#\\\/schema\\\/person\\\/a9d0e0eff238db87a8f840f3b50359f0\"},\"headline\":\"Nahost-Krieg als Bew\u00e4hrungsprobe f\u00fcr Lieferketten\",\"datePublished\":\"2026-03-09T15:18:52+00:00\",\"mainEntityOfPage\":{\"@id\":\"https:\\\/\\\/www.organisator.ch\\\/operational-excellence\\\/2026-03-09\\\/nahost-krieg-als-bewaehrungsprobe-fuer-lieferketten\\\/\"},\"wordCount\":801,\"publisher\":{\"@id\":\"https:\\\/\\\/www.organisator.ch\\\/#organization\"},\"image\":{\"@id\":\"https:\\\/\\\/www.organisator.ch\\\/operational-excellence\\\/2026-03-09\\\/nahost-krieg-als-bewaehrungsprobe-fuer-lieferketten\\\/#primaryimage\"},\"thumbnailUrl\":\"https:\\\/\\\/www.organisator.ch\\\/wp-content\\\/uploads\\\/2026\\\/03\\\/Jane20Enny20van20Lambalgen_2-1-scaled-e1773069367296.jpeg\",\"keywords\":[\"Lieferketten\",\"Management und Unternehmensf\u00fchrung\",\"Nahost-Krieg\"],\"articleSection\":[\"OPERATIONAL EXCELLENCE\"],\"inLanguage\":\"fr-FR\"},{\"@type\":\"WebPage\",\"@id\":\"https:\\\/\\\/www.organisator.ch\\\/operational-excellence\\\/2026-03-09\\\/nahost-krieg-als-bewaehrungsprobe-fuer-lieferketten\\\/\",\"url\":\"https:\\\/\\\/www.organisator.ch\\\/operational-excellence\\\/2026-03-09\\\/nahost-krieg-als-bewaehrungsprobe-fuer-lieferketten\\\/\",\"name\":\"Nahost-Krieg als Bew\u00e4hrungsprobe f\u00fcr Lieferketten - Organisator\",\"isPartOf\":{\"@id\":\"https:\\\/\\\/www.organisator.ch\\\/#website\"},\"primaryImageOfPage\":{\"@id\":\"https:\\\/\\\/www.organisator.ch\\\/operational-excellence\\\/2026-03-09\\\/nahost-krieg-als-bewaehrungsprobe-fuer-lieferketten\\\/#primaryimage\"},\"image\":{\"@id\":\"https:\\\/\\\/www.organisator.ch\\\/operational-excellence\\\/2026-03-09\\\/nahost-krieg-als-bewaehrungsprobe-fuer-lieferketten\\\/#primaryimage\"},\"thumbnailUrl\":\"https:\\\/\\\/www.organisator.ch\\\/wp-content\\\/uploads\\\/2026\\\/03\\\/Jane20Enny20van20Lambalgen_2-1-scaled-e1773069367296.jpeg\",\"datePublished\":\"2026-03-09T15:18:52+00:00\",\"description\":\"Management-Expertin Jane Enny van Lambalgen sieht im Nahost-Krieg eine Bew\u00e4hrungsprobe f\u00fcr Lieferketten. Ihre Empfehlung: Local Sourcing.\",\"breadcrumb\":{\"@id\":\"https:\\\/\\\/www.organisator.ch\\\/operational-excellence\\\/2026-03-09\\\/nahost-krieg-als-bewaehrungsprobe-fuer-lieferketten\\\/#breadcrumb\"},\"inLanguage\":\"fr-FR\",\"potentialAction\":[{\"@type\":\"ReadAction\",\"target\":[\"https:\\\/\\\/www.organisator.ch\\\/operational-excellence\\\/2026-03-09\\\/nahost-krieg-als-bewaehrungsprobe-fuer-lieferketten\\\/\"]}]},{\"@type\":\"ImageObject\",\"inLanguage\":\"fr-FR\",\"@id\":\"https:\\\/\\\/www.organisator.ch\\\/operational-excellence\\\/2026-03-09\\\/nahost-krieg-als-bewaehrungsprobe-fuer-lieferketten\\\/#primaryimage\",\"url\":\"https:\\\/\\\/www.organisator.ch\\\/wp-content\\\/uploads\\\/2026\\\/03\\\/Jane20Enny20van20Lambalgen_2-1-scaled-e1773069367296.jpeg\",\"contentUrl\":\"https:\\\/\\\/www.organisator.ch\\\/wp-content\\\/uploads\\\/2026\\\/03\\\/Jane20Enny20van20Lambalgen_2-1-scaled-e1773069367296.jpeg\",\"width\":1220,\"height\":847,\"caption\":\"Jane Enny van Lambalgen im Rahmen der Pressemitteilung. Quelle: zvg\"},{\"@type\":\"BreadcrumbList\",\"@id\":\"https:\\\/\\\/www.organisator.ch\\\/operational-excellence\\\/2026-03-09\\\/nahost-krieg-als-bewaehrungsprobe-fuer-lieferketten\\\/#breadcrumb\",\"itemListElement\":[{\"@type\":\"ListItem\",\"position\":1,\"name\":\"Home\",\"item\":\"https:\\\/\\\/www.organisator.ch\\\/\"},{\"@type\":\"ListItem\",\"position\":2,\"name\":\"Nahost-Krieg als Bew\u00e4hrungsprobe f\u00fcr Lieferketten\"}]},{\"@type\":\"WebSite\",\"@id\":\"https:\\\/\\\/www.organisator.ch\\\/#website\",\"url\":\"https:\\\/\\\/www.organisator.ch\\\/\",\"name\":\"Organisator\",\"description\":\"Kompetent. Praxisnah. Der ORGANISATOR bereitet in 10 Ausgaben pro Jahr die wesentlichen Themen f\u00fcr F\u00fchrungskr\u00e4fte von KMU auf.\",\"publisher\":{\"@id\":\"https:\\\/\\\/www.organisator.ch\\\/#organization\"},\"potentialAction\":[{\"@type\":\"SearchAction\",\"target\":{\"@type\":\"EntryPoint\",\"urlTemplate\":\"https:\\\/\\\/www.organisator.ch\\\/?s={search_term_string}\"},\"query-input\":{\"@type\":\"PropertyValueSpecification\",\"valueRequired\":true,\"valueName\":\"search_term_string\"}}],\"inLanguage\":\"fr-FR\"},{\"@type\":\"Organization\",\"@id\":\"https:\\\/\\\/www.organisator.ch\\\/#organization\",\"name\":\"Organisator\",\"url\":\"https:\\\/\\\/www.organisator.ch\\\/\",\"logo\":{\"@type\":\"ImageObject\",\"inLanguage\":\"fr-FR\",\"@id\":\"https:\\\/\\\/www.organisator.ch\\\/#\\\/schema\\\/logo\\\/image\\\/\",\"url\":\"https:\\\/\\\/www.organisator.ch\\\/wp-content\\\/uploads\\\/2022\\\/01\\\/Logo_Organisator_Website.png\",\"contentUrl\":\"https:\\\/\\\/www.organisator.ch\\\/wp-content\\\/uploads\\\/2022\\\/01\\\/Logo_Organisator_Website.png\",\"width\":800,\"height\":77,\"caption\":\"Organisator\"},\"image\":{\"@id\":\"https:\\\/\\\/www.organisator.ch\\\/#\\\/schema\\\/logo\\\/image\\\/\"},\"sameAs\":[\"https:\\\/\\\/www.facebook.com\\\/OrganisatorFachmagazin\",\"https:\\\/\\\/www.linkedin.com\\\/showcase\\\/organisator-das-magazin-fr-kmu\",\"https:\\\/\\\/www.xing.com\\\/news\\\/pages\\\/organisator-ch-695\",\"https:\\\/\\\/www.youtube.com\\\/channel\\\/UCGP2Sq0iWaZwT3BdIAQFYpw\"]},{\"@type\":\"Person\",\"@id\":\"https:\\\/\\\/www.organisator.ch\\\/#\\\/schema\\\/person\\\/a9d0e0eff238db87a8f840f3b50359f0\",\"name\":\"n8n\",\"image\":{\"@type\":\"ImageObject\",\"inLanguage\":\"fr-FR\",\"@id\":\"https:\\\/\\\/secure.gravatar.com\\\/avatar\\\/5368fb9d03fd415a6f335cece4c15af2502d6ca8651efbd6e8f98427a9795400?s=96&d=mm&r=g\",\"url\":\"https:\\\/\\\/secure.gravatar.com\\\/avatar\\\/5368fb9d03fd415a6f335cece4c15af2502d6ca8651efbd6e8f98427a9795400?s=96&d=mm&r=g\",\"contentUrl\":\"https:\\\/\\\/secure.gravatar.com\\\/avatar\\\/5368fb9d03fd415a6f335cece4c15af2502d6ca8651efbd6e8f98427a9795400?s=96&d=mm&r=g\",\"caption\":\"n8n\"},\"url\":\"https:\\\/\\\/www.organisator.ch\\\/fr\\\/author\\\/n8n\\\/\"}]}<\/script>\n<!-- \/ Yoast SEO plugin. -->","yoast_head_json":{"title":"La guerre au Moyen-Orient, un test pour les cha\u00eenes d'approvisionnement - Organisateur","description":"L'experte en management Jane Enny van Lambalgen voit dans la guerre au Proche-Orient une mise \u00e0 l'\u00e9preuve des cha\u00eenes d'approvisionnement. Sa recommandation : le sourcing local.","robots":{"index":"index","follow":"follow","max-snippet":"max-snippet:-1","max-image-preview":"max-image-preview:large","max-video-preview":"max-video-preview:-1"},"canonical":"https:\/\/www.organisator.ch\/fr\/excellence-operationnelle\/2026-03-09\/nahost-krieg-als-bewaehrungsprobe-fuer-lieferketten\/","og_locale":"fr_FR","og_type":"article","og_title":"Nahost-Krieg als Bew\u00e4hrungsprobe f\u00fcr Lieferketten","og_description":"Management-Expertin Jane Enny van Lambalgen sieht im Nahost-Krieg eine Bew\u00e4hrungsprobe f\u00fcr Lieferketten. Ihre Empfehlung: Local Sourcing.","og_url":"https:\/\/www.organisator.ch\/fr\/excellence-operationnelle\/2026-03-09\/nahost-krieg-als-bewaehrungsprobe-fuer-lieferketten\/","og_site_name":"Organisator","article_publisher":"https:\/\/www.facebook.com\/OrganisatorFachmagazin","article_published_time":"2026-03-09T15:18:52+00:00","og_image":[{"width":1220,"height":847,"url":"https:\/\/www.organisator.ch\/wp-content\/uploads\/2026\/03\/Jane20Enny20van20Lambalgen_2-1-scaled-e1773069367296.jpeg","type":"image\/jpeg"}],"author":"n8n","twitter_card":"summary_large_image","twitter_title":"#Nahost-Krieg als Bew\u00e4hrungsprobe f\u00fcr #Lieferketten","twitter_description":"#Management-Expertin Jane Enny van Lambalgen sieht im #Nahost-Krieg eine Bew\u00e4hrungsprobe f\u00fcr #Lieferketten. Ihre Empfehlung: Local Sourcing.","twitter_image":"https:\/\/www.organisator.ch\/wp-content\/uploads\/2026\/03\/Jane20Enny20van20Lambalgen_2-1-scaled-e1773069367296.jpeg","schema":{"@context":"https:\/\/schema.org","@graph":[{"@type":"Article","@id":"https:\/\/www.organisator.ch\/operational-excellence\/2026-03-09\/nahost-krieg-als-bewaehrungsprobe-fuer-lieferketten\/#article","isPartOf":{"@id":"https:\/\/www.organisator.ch\/operational-excellence\/2026-03-09\/nahost-krieg-als-bewaehrungsprobe-fuer-lieferketten\/"},"author":{"name":"n8n","@id":"https:\/\/www.organisator.ch\/#\/schema\/person\/a9d0e0eff238db87a8f840f3b50359f0"},"headline":"Nahost-Krieg als Bew\u00e4hrungsprobe f\u00fcr Lieferketten","datePublished":"2026-03-09T15:18:52+00:00","mainEntityOfPage":{"@id":"https:\/\/www.organisator.ch\/operational-excellence\/2026-03-09\/nahost-krieg-als-bewaehrungsprobe-fuer-lieferketten\/"},"wordCount":801,"publisher":{"@id":"https:\/\/www.organisator.ch\/#organization"},"image":{"@id":"https:\/\/www.organisator.ch\/operational-excellence\/2026-03-09\/nahost-krieg-als-bewaehrungsprobe-fuer-lieferketten\/#primaryimage"},"thumbnailUrl":"https:\/\/www.organisator.ch\/wp-content\/uploads\/2026\/03\/Jane20Enny20van20Lambalgen_2-1-scaled-e1773069367296.jpeg","keywords":["Lieferketten","Management und Unternehmensf\u00fchrung","Nahost-Krieg"],"articleSection":["OPERATIONAL EXCELLENCE"],"inLanguage":"fr-FR"},{"@type":"WebPage","@id":"https:\/\/www.organisator.ch\/operational-excellence\/2026-03-09\/nahost-krieg-als-bewaehrungsprobe-fuer-lieferketten\/","url":"https:\/\/www.organisator.ch\/operational-excellence\/2026-03-09\/nahost-krieg-als-bewaehrungsprobe-fuer-lieferketten\/","name":"La guerre au Moyen-Orient, un test pour les cha\u00eenes d'approvisionnement - Organisateur","isPartOf":{"@id":"https:\/\/www.organisator.ch\/#website"},"primaryImageOfPage":{"@id":"https:\/\/www.organisator.ch\/operational-excellence\/2026-03-09\/nahost-krieg-als-bewaehrungsprobe-fuer-lieferketten\/#primaryimage"},"image":{"@id":"https:\/\/www.organisator.ch\/operational-excellence\/2026-03-09\/nahost-krieg-als-bewaehrungsprobe-fuer-lieferketten\/#primaryimage"},"thumbnailUrl":"https:\/\/www.organisator.ch\/wp-content\/uploads\/2026\/03\/Jane20Enny20van20Lambalgen_2-1-scaled-e1773069367296.jpeg","datePublished":"2026-03-09T15:18:52+00:00","description":"L'experte en management Jane Enny van Lambalgen voit dans la guerre au Proche-Orient une mise \u00e0 l'\u00e9preuve des cha\u00eenes d'approvisionnement. Sa recommandation : le sourcing local.","breadcrumb":{"@id":"https:\/\/www.organisator.ch\/operational-excellence\/2026-03-09\/nahost-krieg-als-bewaehrungsprobe-fuer-lieferketten\/#breadcrumb"},"inLanguage":"fr-FR","potentialAction":[{"@type":"ReadAction","target":["https:\/\/www.organisator.ch\/operational-excellence\/2026-03-09\/nahost-krieg-als-bewaehrungsprobe-fuer-lieferketten\/"]}]},{"@type":"ImageObject","inLanguage":"fr-FR","@id":"https:\/\/www.organisator.ch\/operational-excellence\/2026-03-09\/nahost-krieg-als-bewaehrungsprobe-fuer-lieferketten\/#primaryimage","url":"https:\/\/www.organisator.ch\/wp-content\/uploads\/2026\/03\/Jane20Enny20van20Lambalgen_2-1-scaled-e1773069367296.jpeg","contentUrl":"https:\/\/www.organisator.ch\/wp-content\/uploads\/2026\/03\/Jane20Enny20van20Lambalgen_2-1-scaled-e1773069367296.jpeg","width":1220,"height":847,"caption":"Jane Enny van Lambalgen im Rahmen der Pressemitteilung. Quelle: zvg"},{"@type":"BreadcrumbList","@id":"https:\/\/www.organisator.ch\/operational-excellence\/2026-03-09\/nahost-krieg-als-bewaehrungsprobe-fuer-lieferketten\/#breadcrumb","itemListElement":[{"@type":"ListItem","position":1,"name":"Home","item":"https:\/\/www.organisator.ch\/"},{"@type":"ListItem","position":2,"name":"Nahost-Krieg als Bew\u00e4hrungsprobe f\u00fcr Lieferketten"}]},{"@type":"WebSite","@id":"https:\/\/www.organisator.ch\/#website","url":"https:\/\/www.organisator.ch\/","name":"Organisateur","description":"Comp\u00e9tence et comp\u00e9tence. Proches de la pratique. L'ORGANISATEUR pr\u00e9pare 10 num\u00e9ros par an sur les th\u00e8mes essentiels pour les dirigeants de PME.","publisher":{"@id":"https:\/\/www.organisator.ch\/#organization"},"potentialAction":[{"@type":"SearchAction","target":{"@type":"EntryPoint","urlTemplate":"https:\/\/www.organisator.ch\/?s={search_term_string}"},"query-input":{"@type":"PropertyValueSpecification","valueRequired":true,"valueName":"search_term_string"}}],"inLanguage":"fr-FR"},{"@type":"Organization","@id":"https:\/\/www.organisator.ch\/#organization","name":"Organisateur","url":"https:\/\/www.organisator.ch\/","logo":{"@type":"ImageObject","inLanguage":"fr-FR","@id":"https:\/\/www.organisator.ch\/#\/schema\/logo\/image\/","url":"https:\/\/www.organisator.ch\/wp-content\/uploads\/2022\/01\/Logo_Organisator_Website.png","contentUrl":"https:\/\/www.organisator.ch\/wp-content\/uploads\/2022\/01\/Logo_Organisator_Website.png","width":800,"height":77,"caption":"Organisator"},"image":{"@id":"https:\/\/www.organisator.ch\/#\/schema\/logo\/image\/"},"sameAs":["https:\/\/www.facebook.com\/OrganisatorFachmagazin","https:\/\/www.linkedin.com\/showcase\/organisator-das-magazin-fr-kmu","https:\/\/www.xing.com\/news\/pages\/organisator-ch-695","https:\/\/www.youtube.com\/channel\/UCGP2Sq0iWaZwT3BdIAQFYpw"]},{"@type":"Person","@id":"https:\/\/www.organisator.ch\/#\/schema\/person\/a9d0e0eff238db87a8f840f3b50359f0","name":"n8n","image":{"@type":"ImageObject","inLanguage":"fr-FR","@id":"https:\/\/secure.gravatar.com\/avatar\/5368fb9d03fd415a6f335cece4c15af2502d6ca8651efbd6e8f98427a9795400?s=96&d=mm&r=g","url":"https:\/\/secure.gravatar.com\/avatar\/5368fb9d03fd415a6f335cece4c15af2502d6ca8651efbd6e8f98427a9795400?s=96&d=mm&r=g","contentUrl":"https:\/\/secure.gravatar.com\/avatar\/5368fb9d03fd415a6f335cece4c15af2502d6ca8651efbd6e8f98427a9795400?s=96&d=mm&r=g","caption":"n8n"},"url":"https:\/\/www.organisator.ch\/fr\/author\/n8n\/"}]}},"_links":{"self":[{"href":"https:\/\/www.organisator.ch\/fr\/wp-json\/wp\/v2\/posts\/45819","targetHints":{"allow":["GET"]}}],"collection":[{"href":"https:\/\/www.organisator.ch\/fr\/wp-json\/wp\/v2\/posts"}],"about":[{"href":"https:\/\/www.organisator.ch\/fr\/wp-json\/wp\/v2\/types\/post"}],"author":[{"embeddable":true,"href":"https:\/\/www.organisator.ch\/fr\/wp-json\/wp\/v2\/users\/107"}],"replies":[{"embeddable":true,"href":"https:\/\/www.organisator.ch\/fr\/wp-json\/wp\/v2\/comments?post=45819"}],"version-history":[{"count":5,"href":"https:\/\/www.organisator.ch\/fr\/wp-json\/wp\/v2\/posts\/45819\/revisions"}],"predecessor-version":[{"id":45879,"href":"https:\/\/www.organisator.ch\/fr\/wp-json\/wp\/v2\/posts\/45819\/revisions\/45879"}],"wp:featuredmedia":[{"embeddable":true,"href":"https:\/\/www.organisator.ch\/fr\/wp-json\/wp\/v2\/media\/45818"}],"wp:attachment":[{"href":"https:\/\/www.organisator.ch\/fr\/wp-json\/wp\/v2\/media?parent=45819"}],"wp:term":[{"taxonomy":"category","embeddable":true,"href":"https:\/\/www.organisator.ch\/fr\/wp-json\/wp\/v2\/categories?post=45819"},{"taxonomy":"post_tag","embeddable":true,"href":"https:\/\/www.organisator.ch\/fr\/wp-json\/wp\/v2\/tags?post=45819"}],"curies":[{"name":"wp","href":"https:\/\/api.w.org\/{rel}","templated":true}]}}