{"id":4583,"date":"2018-11-28T10:07:14","date_gmt":"2018-11-28T09:07:14","guid":{"rendered":"https:\/\/www.organisator.ch\/?p=4583"},"modified":"2018-11-28T10:07:14","modified_gmt":"2018-11-28T09:07:14","slug":"wenn-verwaltungsraetinnen-und-verwaltungsraete-wieder-die-schulbank-druecken","status":"publish","type":"post","link":"https:\/\/www.organisator.ch\/fr\/management\/2018-11-28\/wenn-verwaltungsraetinnen-und-verwaltungsraete-wieder-die-schulbank-druecken\/","title":{"rendered":"Quand les membres du conseil d'administration retournent sur les bancs de l'\u00e9cole"},"content":{"rendered":"<figure id=\"attachment_4586\" aria-describedby=\"caption-attachment-4586\" style=\"width: 680px\" class=\"wp-caption alignnone\"><img loading=\"lazy\" decoding=\"async\" class=\"size-medium wp-image-4586\" src=\"https:\/\/www.organisator.ch\/wp-content\/uploads\/2018\/11\/Wenn-Verwaltungsraetinnen-und-Verwaltungsraete-wieder-die-Schulbank-druecken-2_Organisator.jpg\" alt=\"\" width=\"680\" height=\"454\" srcset=\"https:\/\/www.organisator.ch\/wp-content\/uploads\/2018\/11\/Wenn-Verwaltungsraetinnen-und-Verwaltungsraete-wieder-die-Schulbank-druecken-2_Organisator.jpg 1018w, https:\/\/www.organisator.ch\/wp-content\/uploads\/2018\/11\/Wenn-Verwaltungsraetinnen-und-Verwaltungsraete-wieder-die-Schulbank-druecken-2_Organisator-680x454.jpg 680w, https:\/\/www.organisator.ch\/wp-content\/uploads\/2018\/11\/Wenn-Verwaltungsraetinnen-und-Verwaltungsraete-wieder-die-Schulbank-druecken-2_Organisator-768x512.jpg 768w, https:\/\/www.organisator.ch\/wp-content\/uploads\/2018\/11\/Wenn-Verwaltungsraetinnen-und-Verwaltungsraete-wieder-die-Schulbank-druecken-2_Organisator-16x12.jpg 16w, https:\/\/www.organisator.ch\/wp-content\/uploads\/2018\/11\/Wenn-Verwaltungsraetinnen-und-Verwaltungsraete-wieder-die-Schulbank-druecken-2_Organisator-262x175.jpg 262w, https:\/\/www.organisator.ch\/wp-content\/uploads\/2018\/11\/Wenn-Verwaltungsraetinnen-und-Verwaltungsraete-wieder-die-Schulbank-druecken-2_Organisator-525x350.jpg 525w, https:\/\/www.organisator.ch\/wp-content\/uploads\/2018\/11\/Wenn-Verwaltungsraetinnen-und-Verwaltungsraete-wieder-die-Schulbank-druecken-2_Organisator-920x614.jpg 920w, https:\/\/www.organisator.ch\/wp-content\/uploads\/2018\/11\/Wenn-Verwaltungsraetinnen-und-Verwaltungsraete-wieder-die-Schulbank-druecken-2_Organisator-300x200.jpg 300w\" sizes=\"auto, (max-width: 680px) 100vw, 680px\" \/><figcaption id=\"caption-attachment-4586\" class=\"wp-caption-text\">Transmettre un savoir-faire num\u00e9rique pour les conseils d'administration : Dominic L\u00fcthi (\u00e0 gauche) et Maurice Nyffeler avec leur Digital Board Academy. (Image : zVg)<\/figcaption><\/figure>\n<p>De nombreuses entreprises manquent de comp\u00e9tences num\u00e9riques non seulement au niveau de la direction, mais aussi et surtout au niveau du conseil d'administration. C'est justement \u00e0 ce niveau que le choix de personnes pensant \"digital first\" est tr\u00e8s restreint, voire inexistant. Avec la \"Digital Board Academy\" nouvellement lanc\u00e9e, les membres du conseil d'administration doivent pouvoir se perfectionner en deux modules du soir sur des th\u00e8mes num\u00e9riques tels que l'\u00e9change de donn\u00e9es, le big data, la strat\u00e9gie num\u00e9rique, les cybermenaces et le d\u00e9veloppement de la technologie des smartphones. Le cours sera propos\u00e9 dans un premier temps \u00e0 Zurich, Berne et B\u00e2le.<\/p>\n<h2>La num\u00e9risation, un sujet br\u00fblant<\/h2>\n<p>Le programme a \u00e9t\u00e9 lanc\u00e9 par Maurice Nyffeler et Dominic L\u00fcthi. Nyffeler est un expert en transformation qui se concentre sur les affaires et la culture. L\u00fcthi a initi\u00e9 en Suisse la premi\u00e8re plateforme num\u00e9rique de mise en relation pour les conseils d'administration, les conseils de fondation et les conseils consultatifs (f\/m). Partant de ce background professionnel, ils ont reconnu que la num\u00e9risation\/transformation num\u00e9rique est un sujet br\u00fblant pour la plupart des PME, mais qu'il est souvent n\u00e9glig\u00e9 par ignorance ou incompr\u00e9hension et peut, dans le pire des cas, avoir des r\u00e9percussions n\u00e9gatives sur les perspectives d'avenir d'une entreprise.<\/p>\n<p>Dominic L\u00fcthi : \"Notre objectif \u00e9tait de d\u00e9velopper un cours qui donne aux membres du conseil d'administration le savoir-faire suffisant pour int\u00e9grer la num\u00e9risation dans le d\u00e9veloppement de la strat\u00e9gie \u00e0 long terme de l'entreprise. Avec ces connaissances, les membres du conseil d'administration deviennent en outre plus efficaces pour les entreprises et plus attractifs pour le march\u00e9\". Maurice Nyffeler souligne encore un autre point : \"La transformation num\u00e9rique n'entra\u00eene pas seulement des d\u00e9fis technologiques, mais exige aussi, d'un point de vue culturel, un d\u00e9veloppement global. C'est un grand d\u00e9fi pour de nombreux responsables d'entreprise, que nous abordons \u00e9galement dans Digital Board Academy\".<\/p>\n<h2>Les conseils d'administration ne doivent pas rater le coche<\/h2>\n<p>La transformation num\u00e9rique peut justement offrir de grandes opportunit\u00e9s aux PME, c'est pourquoi il est important qu'elles ne ratent pas le coche de l'avenir num\u00e9rique. En effet, la transformation num\u00e9rique est plus qu'une simple \"num\u00e9risation\" : elle concerne non seulement la technologie, mais aussi l'organisation et le business. Elle est n\u00e9e de la rencontre de trois \u00e9volutions appel\u00e9es SoLoMo, o\u00f9 So signifie social, Lo signifie local et Mo signifie mobile. Par social, on entend la possibilit\u00e9 d'\u00e9changer de grandes quantit\u00e9s de donn\u00e9es en temps r\u00e9el, ind\u00e9pendamment du lieu et de l'heure. Par local, on entend non seulement le GPS, les puces RFID, etc., mais aussi l'immersion dans de grandes quantit\u00e9s de donn\u00e9es (\"big data\"), tandis que mobile se rapporte au d\u00e9veloppement \u00e9poustouflant des smartphones.<\/p>\n<p>Les premiers modules de la Digital Board Academy ont d\u00e9j\u00e0 \u00e9t\u00e9 organis\u00e9s. Les excellents retours montrent que si de nombreuses entreprises se pr\u00e9occupent de la num\u00e9risation, le sujet n'a pas encore \u00e9t\u00e9 abord\u00e9 partout au niveau du conseil d'administration.<\/p>\n<p><em>Plus d'informations :\u00a0<\/em><em><span lang=\"EN-US\"><a href=\"http:\/\/www.digitalboardacademy.com\/\">www.digitalboardacademy.com<\/a><\/span><\/em><\/p>","protected":false},"excerpt":{"rendered":"<p>Vielen Unternehmen fehlt die Digitalkompetenz nicht nur auf Ebene der Gesch\u00e4ftsleitung, sondern vor allem auch auf der Verwaltungsrats-Ebene. Gerade dort ist die Auswahl an \u201edigital first\u201c-Denkenden sehr klein bis nicht existent. Mit der neu lancierten \u00abDigital Board Academy\u00bb sollen sich Mitglieder des Verwaltungsrates in zwei Abendmodulen in Digital-Themen wie Datenaustausch, Big Data, digitale Strategie, Cyberbedrohungen [&hellip;]<\/p>\n","protected":false},"author":4,"featured_media":4586,"comment_status":"open","ping_status":"open","sticky":false,"template":"","format":"standard","meta":{"_acf_changed":false,"_yoast_wpseo_focuskw":"Verwaltungsr\u00e4te","_yoast_wpseo_metadesc":"Die neu lancierte Digital Board Academy vermittelt in zwei Abendmodulen Verwaltungsr\u00e4tinnen und Verwaltungsr\u00e4ten kompaktes Know-how.","articlekey":"","footnotes":""},"categories":[28],"tags":[62,496,513],"class_list":["post-4583","post","type-post","status-publish","format-standard","has-post-thumbnail","hentry","category-management","tag-aus-weiterbildung","tag-unternehmensfuehrung","tag-verwaltungsraete"],"acf":[],"yoast_head":"<!-- This site is optimized with the Yoast SEO plugin v27.4 - https:\/\/yoast.com\/product\/yoast-seo-wordpress\/ -->\n<title>Wenn Verwaltungsr\u00e4tinnen und Verwaltungsr\u00e4te wieder die Schulbank dr\u00fccken - Organisator<\/title>\n<meta name=\"description\" content=\"Die neu lancierte Digital Board Academy vermittelt in zwei Abendmodulen Verwaltungsr\u00e4tinnen und Verwaltungsr\u00e4ten kompaktes Know-how.\" \/>\n<meta name=\"robots\" content=\"index, follow, max-snippet:-1, max-image-preview:large, max-video-preview:-1\" \/>\n<link rel=\"canonical\" href=\"https:\/\/www.organisator.ch\/fr\/gestion-2\/2018-11-28\/wenn-verwaltungsraetinnen-und-verwaltungsraete-wieder-die-schulbank-druecken\/\" \/>\n<meta property=\"og:locale\" content=\"fr_FR\" \/>\n<meta property=\"og:type\" content=\"article\" \/>\n<meta property=\"og:title\" content=\"Wenn Verwaltungsr\u00e4tinnen und Verwaltungsr\u00e4te wieder die Schulbank dr\u00fccken\" \/>\n<meta property=\"og:description\" content=\"Die neu lancierte Digital Board Academy vermittelt in zwei Abendmodulen Verwaltungsr\u00e4tinnen und Verwaltungsr\u00e4ten kompaktes Know-how.\" \/>\n<meta property=\"og:url\" content=\"https:\/\/www.organisator.ch\/fr\/gestion-2\/2018-11-28\/wenn-verwaltungsraetinnen-und-verwaltungsraete-wieder-die-schulbank-druecken\/\" \/>\n<meta property=\"og:site_name\" content=\"Organisator\" \/>\n<meta property=\"article:publisher\" content=\"https:\/\/www.facebook.com\/OrganisatorFachmagazin\" \/>\n<meta property=\"article:published_time\" content=\"2018-11-28T09:07:14+00:00\" \/>\n<meta property=\"og:image\" content=\"https:\/\/www.organisator.ch\/wp-content\/uploads\/2018\/11\/Wenn-Verwaltungsraetinnen-und-Verwaltungsraete-wieder-die-Schulbank-druecken_Organisator.jpg\" \/>\n\t<meta property=\"og:image:width\" content=\"680\" \/>\n\t<meta property=\"og:image:height\" content=\"478\" \/>\n\t<meta property=\"og:image:type\" content=\"image\/jpeg\" \/>\n<meta name=\"author\" content=\"thomas.berner\" \/>\n<meta name=\"twitter:card\" content=\"summary_large_image\" \/>\n<meta name=\"twitter:title\" content=\"Wenn Verwaltungsr\u00e4tinnen und #Verwaltungsr\u00e4te wieder die Schulbank dr\u00fccken\" \/>\n<meta name=\"twitter:description\" content=\"Die neu lancierte Digital Board Academy vermittelt in zwei Abendmodulen Verwaltungsr\u00e4tinnen und Verwaltungsr\u00e4ten kompaktes Know-how.\" \/>\n<meta name=\"twitter:image\" content=\"https:\/\/www.organisator.ch\/wp-content\/uploads\/2018\/11\/Wenn-Verwaltungsr\u00e4tinnen-und-Verwaltungsr\u00e4te-wieder-die-Schulbank-dr\u00fccken_Organisator.jpg\" \/>\n<script type=\"application\/ld+json\" class=\"yoast-schema-graph\">{\"@context\":\"https:\\\/\\\/schema.org\",\"@graph\":[{\"@type\":\"Article\",\"@id\":\"https:\\\/\\\/www.organisator.ch\\\/management\\\/2018-11-28\\\/wenn-verwaltungsraetinnen-und-verwaltungsraete-wieder-die-schulbank-druecken\\\/#article\",\"isPartOf\":{\"@id\":\"https:\\\/\\\/www.organisator.ch\\\/management\\\/2018-11-28\\\/wenn-verwaltungsraetinnen-und-verwaltungsraete-wieder-die-schulbank-druecken\\\/\"},\"author\":{\"name\":\"thomas.berner\",\"@id\":\"https:\\\/\\\/www.organisator.ch\\\/#\\\/schema\\\/person\\\/6f650f90b2842cd4c0cc334b4e36f67e\"},\"headline\":\"Wenn Verwaltungsr\u00e4tinnen und Verwaltungsr\u00e4te wieder die Schulbank dr\u00fccken\",\"datePublished\":\"2018-11-28T09:07:14+00:00\",\"mainEntityOfPage\":{\"@id\":\"https:\\\/\\\/www.organisator.ch\\\/management\\\/2018-11-28\\\/wenn-verwaltungsraetinnen-und-verwaltungsraete-wieder-die-schulbank-druecken\\\/\"},\"wordCount\":461,\"commentCount\":0,\"publisher\":{\"@id\":\"https:\\\/\\\/www.organisator.ch\\\/#organization\"},\"image\":{\"@id\":\"https:\\\/\\\/www.organisator.ch\\\/management\\\/2018-11-28\\\/wenn-verwaltungsraetinnen-und-verwaltungsraete-wieder-die-schulbank-druecken\\\/#primaryimage\"},\"thumbnailUrl\":\"https:\\\/\\\/www.organisator.ch\\\/wp-content\\\/uploads\\\/2018\\\/11\\\/Wenn-Verwaltungsraetinnen-und-Verwaltungsraete-wieder-die-Schulbank-druecken-2_Organisator.jpg\",\"keywords\":[\"Aus-\\\/Weiterbildung\",\"Unternehmensf\u00fchrung\",\"Verwaltungsr\u00e4te\"],\"articleSection\":[\"MANAGEMENT\"],\"inLanguage\":\"fr-FR\"},{\"@type\":\"WebPage\",\"@id\":\"https:\\\/\\\/www.organisator.ch\\\/management\\\/2018-11-28\\\/wenn-verwaltungsraetinnen-und-verwaltungsraete-wieder-die-schulbank-druecken\\\/\",\"url\":\"https:\\\/\\\/www.organisator.ch\\\/management\\\/2018-11-28\\\/wenn-verwaltungsraetinnen-und-verwaltungsraete-wieder-die-schulbank-druecken\\\/\",\"name\":\"Wenn Verwaltungsr\u00e4tinnen und Verwaltungsr\u00e4te wieder die Schulbank dr\u00fccken - Organisator\",\"isPartOf\":{\"@id\":\"https:\\\/\\\/www.organisator.ch\\\/#website\"},\"primaryImageOfPage\":{\"@id\":\"https:\\\/\\\/www.organisator.ch\\\/management\\\/2018-11-28\\\/wenn-verwaltungsraetinnen-und-verwaltungsraete-wieder-die-schulbank-druecken\\\/#primaryimage\"},\"image\":{\"@id\":\"https:\\\/\\\/www.organisator.ch\\\/management\\\/2018-11-28\\\/wenn-verwaltungsraetinnen-und-verwaltungsraete-wieder-die-schulbank-druecken\\\/#primaryimage\"},\"thumbnailUrl\":\"https:\\\/\\\/www.organisator.ch\\\/wp-content\\\/uploads\\\/2018\\\/11\\\/Wenn-Verwaltungsraetinnen-und-Verwaltungsraete-wieder-die-Schulbank-druecken-2_Organisator.jpg\",\"datePublished\":\"2018-11-28T09:07:14+00:00\",\"description\":\"Die neu lancierte Digital Board Academy vermittelt in zwei Abendmodulen Verwaltungsr\u00e4tinnen und Verwaltungsr\u00e4ten kompaktes Know-how.\",\"breadcrumb\":{\"@id\":\"https:\\\/\\\/www.organisator.ch\\\/management\\\/2018-11-28\\\/wenn-verwaltungsraetinnen-und-verwaltungsraete-wieder-die-schulbank-druecken\\\/#breadcrumb\"},\"inLanguage\":\"fr-FR\",\"potentialAction\":[{\"@type\":\"ReadAction\",\"target\":[\"https:\\\/\\\/www.organisator.ch\\\/management\\\/2018-11-28\\\/wenn-verwaltungsraetinnen-und-verwaltungsraete-wieder-die-schulbank-druecken\\\/\"]}]},{\"@type\":\"ImageObject\",\"inLanguage\":\"fr-FR\",\"@id\":\"https:\\\/\\\/www.organisator.ch\\\/management\\\/2018-11-28\\\/wenn-verwaltungsraetinnen-und-verwaltungsraete-wieder-die-schulbank-druecken\\\/#primaryimage\",\"url\":\"https:\\\/\\\/www.organisator.ch\\\/wp-content\\\/uploads\\\/2018\\\/11\\\/Wenn-Verwaltungsraetinnen-und-Verwaltungsraete-wieder-die-Schulbank-druecken-2_Organisator.jpg\",\"contentUrl\":\"https:\\\/\\\/www.organisator.ch\\\/wp-content\\\/uploads\\\/2018\\\/11\\\/Wenn-Verwaltungsraetinnen-und-Verwaltungsraete-wieder-die-Schulbank-druecken-2_Organisator.jpg\",\"width\":1018,\"height\":679,\"caption\":\"Vermitteln digitales Know-how f\u00fcr Verwaltungsr\u00e4te: Dominic L\u00fcthi (links) und Maurice Nyffeler mit ihrer Digital Board Academy. (Bild: zVg)\"},{\"@type\":\"BreadcrumbList\",\"@id\":\"https:\\\/\\\/www.organisator.ch\\\/management\\\/2018-11-28\\\/wenn-verwaltungsraetinnen-und-verwaltungsraete-wieder-die-schulbank-druecken\\\/#breadcrumb\",\"itemListElement\":[{\"@type\":\"ListItem\",\"position\":1,\"name\":\"Home\",\"item\":\"https:\\\/\\\/www.organisator.ch\\\/\"},{\"@type\":\"ListItem\",\"position\":2,\"name\":\"Wenn Verwaltungsr\u00e4tinnen und Verwaltungsr\u00e4te wieder die Schulbank dr\u00fccken\"}]},{\"@type\":\"WebSite\",\"@id\":\"https:\\\/\\\/www.organisator.ch\\\/#website\",\"url\":\"https:\\\/\\\/www.organisator.ch\\\/\",\"name\":\"Organisator\",\"description\":\"Kompetent. Praxisnah. Der ORGANISATOR bereitet in 10 Ausgaben pro Jahr die wesentlichen Themen f\u00fcr F\u00fchrungskr\u00e4fte von KMU auf.\",\"publisher\":{\"@id\":\"https:\\\/\\\/www.organisator.ch\\\/#organization\"},\"potentialAction\":[{\"@type\":\"SearchAction\",\"target\":{\"@type\":\"EntryPoint\",\"urlTemplate\":\"https:\\\/\\\/www.organisator.ch\\\/?s={search_term_string}\"},\"query-input\":{\"@type\":\"PropertyValueSpecification\",\"valueRequired\":true,\"valueName\":\"search_term_string\"}}],\"inLanguage\":\"fr-FR\"},{\"@type\":\"Organization\",\"@id\":\"https:\\\/\\\/www.organisator.ch\\\/#organization\",\"name\":\"Organisator\",\"url\":\"https:\\\/\\\/www.organisator.ch\\\/\",\"logo\":{\"@type\":\"ImageObject\",\"inLanguage\":\"fr-FR\",\"@id\":\"https:\\\/\\\/www.organisator.ch\\\/#\\\/schema\\\/logo\\\/image\\\/\",\"url\":\"https:\\\/\\\/www.organisator.ch\\\/wp-content\\\/uploads\\\/2022\\\/01\\\/Logo_Organisator_Website.png\",\"contentUrl\":\"https:\\\/\\\/www.organisator.ch\\\/wp-content\\\/uploads\\\/2022\\\/01\\\/Logo_Organisator_Website.png\",\"width\":800,\"height\":77,\"caption\":\"Organisator\"},\"image\":{\"@id\":\"https:\\\/\\\/www.organisator.ch\\\/#\\\/schema\\\/logo\\\/image\\\/\"},\"sameAs\":[\"https:\\\/\\\/www.facebook.com\\\/OrganisatorFachmagazin\",\"https:\\\/\\\/www.linkedin.com\\\/showcase\\\/organisator-das-magazin-fr-kmu\",\"https:\\\/\\\/www.xing.com\\\/news\\\/pages\\\/organisator-ch-695\",\"https:\\\/\\\/www.youtube.com\\\/channel\\\/UCGP2Sq0iWaZwT3BdIAQFYpw\"]},{\"@type\":\"Person\",\"@id\":\"https:\\\/\\\/www.organisator.ch\\\/#\\\/schema\\\/person\\\/6f650f90b2842cd4c0cc334b4e36f67e\",\"name\":\"thomas.berner\",\"image\":{\"@type\":\"ImageObject\",\"inLanguage\":\"fr-FR\",\"@id\":\"https:\\\/\\\/secure.gravatar.com\\\/avatar\\\/ac5001d2a36cb6c6cd3e50789007ffca834b477b74a2144564522e944eabff61?s=96&d=mm&r=g\",\"url\":\"https:\\\/\\\/secure.gravatar.com\\\/avatar\\\/ac5001d2a36cb6c6cd3e50789007ffca834b477b74a2144564522e944eabff61?s=96&d=mm&r=g\",\"contentUrl\":\"https:\\\/\\\/secure.gravatar.com\\\/avatar\\\/ac5001d2a36cb6c6cd3e50789007ffca834b477b74a2144564522e944eabff61?s=96&d=mm&r=g\",\"caption\":\"thomas.berner\"},\"url\":\"https:\\\/\\\/www.organisator.ch\\\/fr\\\/author\\\/thomas-berner\\\/\"}]}<\/script>\n<!-- \/ Yoast SEO plugin. -->","yoast_head_json":{"title":"Quand les membres du conseil d'administration retournent sur les bancs de l'\u00e9cole - Organisateur","description":"La Digital Board Academy, qui vient d'\u00eatre lanc\u00e9e, transmet en deux modules du soir un savoir-faire compact aux membres des conseils d'administration.","robots":{"index":"index","follow":"follow","max-snippet":"max-snippet:-1","max-image-preview":"max-image-preview:large","max-video-preview":"max-video-preview:-1"},"canonical":"https:\/\/www.organisator.ch\/fr\/gestion-2\/2018-11-28\/wenn-verwaltungsraetinnen-und-verwaltungsraete-wieder-die-schulbank-druecken\/","og_locale":"fr_FR","og_type":"article","og_title":"Wenn Verwaltungsr\u00e4tinnen und Verwaltungsr\u00e4te wieder die Schulbank dr\u00fccken","og_description":"Die neu lancierte Digital Board Academy vermittelt in zwei Abendmodulen Verwaltungsr\u00e4tinnen und Verwaltungsr\u00e4ten kompaktes Know-how.","og_url":"https:\/\/www.organisator.ch\/fr\/gestion-2\/2018-11-28\/wenn-verwaltungsraetinnen-und-verwaltungsraete-wieder-die-schulbank-druecken\/","og_site_name":"Organisator","article_publisher":"https:\/\/www.facebook.com\/OrganisatorFachmagazin","article_published_time":"2018-11-28T09:07:14+00:00","og_image":[{"width":680,"height":478,"url":"https:\/\/www.organisator.ch\/wp-content\/uploads\/2018\/11\/Wenn-Verwaltungsraetinnen-und-Verwaltungsraete-wieder-die-Schulbank-druecken_Organisator.jpg","type":"image\/jpeg"}],"author":"thomas.berner","twitter_card":"summary_large_image","twitter_title":"Wenn Verwaltungsr\u00e4tinnen und #Verwaltungsr\u00e4te wieder die Schulbank dr\u00fccken","twitter_description":"Die neu lancierte Digital Board Academy vermittelt in zwei Abendmodulen Verwaltungsr\u00e4tinnen und Verwaltungsr\u00e4ten kompaktes Know-how.","twitter_image":"https:\/\/www.organisator.ch\/wp-content\/uploads\/2018\/11\/Wenn-Verwaltungsr\u00e4tinnen-und-Verwaltungsr\u00e4te-wieder-die-Schulbank-dr\u00fccken_Organisator.jpg","schema":{"@context":"https:\/\/schema.org","@graph":[{"@type":"Article","@id":"https:\/\/www.organisator.ch\/management\/2018-11-28\/wenn-verwaltungsraetinnen-und-verwaltungsraete-wieder-die-schulbank-druecken\/#article","isPartOf":{"@id":"https:\/\/www.organisator.ch\/management\/2018-11-28\/wenn-verwaltungsraetinnen-und-verwaltungsraete-wieder-die-schulbank-druecken\/"},"author":{"name":"thomas.berner","@id":"https:\/\/www.organisator.ch\/#\/schema\/person\/6f650f90b2842cd4c0cc334b4e36f67e"},"headline":"Wenn Verwaltungsr\u00e4tinnen und Verwaltungsr\u00e4te wieder die Schulbank dr\u00fccken","datePublished":"2018-11-28T09:07:14+00:00","mainEntityOfPage":{"@id":"https:\/\/www.organisator.ch\/management\/2018-11-28\/wenn-verwaltungsraetinnen-und-verwaltungsraete-wieder-die-schulbank-druecken\/"},"wordCount":461,"commentCount":0,"publisher":{"@id":"https:\/\/www.organisator.ch\/#organization"},"image":{"@id":"https:\/\/www.organisator.ch\/management\/2018-11-28\/wenn-verwaltungsraetinnen-und-verwaltungsraete-wieder-die-schulbank-druecken\/#primaryimage"},"thumbnailUrl":"https:\/\/www.organisator.ch\/wp-content\/uploads\/2018\/11\/Wenn-Verwaltungsraetinnen-und-Verwaltungsraete-wieder-die-Schulbank-druecken-2_Organisator.jpg","keywords":["Aus-\/Weiterbildung","Unternehmensf\u00fchrung","Verwaltungsr\u00e4te"],"articleSection":["MANAGEMENT"],"inLanguage":"fr-FR"},{"@type":"WebPage","@id":"https:\/\/www.organisator.ch\/management\/2018-11-28\/wenn-verwaltungsraetinnen-und-verwaltungsraete-wieder-die-schulbank-druecken\/","url":"https:\/\/www.organisator.ch\/management\/2018-11-28\/wenn-verwaltungsraetinnen-und-verwaltungsraete-wieder-die-schulbank-druecken\/","name":"Quand les membres du conseil d'administration retournent sur les bancs de l'\u00e9cole - Organisateur","isPartOf":{"@id":"https:\/\/www.organisator.ch\/#website"},"primaryImageOfPage":{"@id":"https:\/\/www.organisator.ch\/management\/2018-11-28\/wenn-verwaltungsraetinnen-und-verwaltungsraete-wieder-die-schulbank-druecken\/#primaryimage"},"image":{"@id":"https:\/\/www.organisator.ch\/management\/2018-11-28\/wenn-verwaltungsraetinnen-und-verwaltungsraete-wieder-die-schulbank-druecken\/#primaryimage"},"thumbnailUrl":"https:\/\/www.organisator.ch\/wp-content\/uploads\/2018\/11\/Wenn-Verwaltungsraetinnen-und-Verwaltungsraete-wieder-die-Schulbank-druecken-2_Organisator.jpg","datePublished":"2018-11-28T09:07:14+00:00","description":"La Digital Board Academy, qui vient d'\u00eatre lanc\u00e9e, transmet en deux modules du soir un savoir-faire compact aux membres des conseils d'administration.","breadcrumb":{"@id":"https:\/\/www.organisator.ch\/management\/2018-11-28\/wenn-verwaltungsraetinnen-und-verwaltungsraete-wieder-die-schulbank-druecken\/#breadcrumb"},"inLanguage":"fr-FR","potentialAction":[{"@type":"ReadAction","target":["https:\/\/www.organisator.ch\/management\/2018-11-28\/wenn-verwaltungsraetinnen-und-verwaltungsraete-wieder-die-schulbank-druecken\/"]}]},{"@type":"ImageObject","inLanguage":"fr-FR","@id":"https:\/\/www.organisator.ch\/management\/2018-11-28\/wenn-verwaltungsraetinnen-und-verwaltungsraete-wieder-die-schulbank-druecken\/#primaryimage","url":"https:\/\/www.organisator.ch\/wp-content\/uploads\/2018\/11\/Wenn-Verwaltungsraetinnen-und-Verwaltungsraete-wieder-die-Schulbank-druecken-2_Organisator.jpg","contentUrl":"https:\/\/www.organisator.ch\/wp-content\/uploads\/2018\/11\/Wenn-Verwaltungsraetinnen-und-Verwaltungsraete-wieder-die-Schulbank-druecken-2_Organisator.jpg","width":1018,"height":679,"caption":"Vermitteln digitales Know-how f\u00fcr Verwaltungsr\u00e4te: Dominic L\u00fcthi (links) und Maurice Nyffeler mit ihrer Digital Board Academy. (Bild: zVg)"},{"@type":"BreadcrumbList","@id":"https:\/\/www.organisator.ch\/management\/2018-11-28\/wenn-verwaltungsraetinnen-und-verwaltungsraete-wieder-die-schulbank-druecken\/#breadcrumb","itemListElement":[{"@type":"ListItem","position":1,"name":"Home","item":"https:\/\/www.organisator.ch\/"},{"@type":"ListItem","position":2,"name":"Wenn Verwaltungsr\u00e4tinnen und Verwaltungsr\u00e4te wieder die Schulbank dr\u00fccken"}]},{"@type":"WebSite","@id":"https:\/\/www.organisator.ch\/#website","url":"https:\/\/www.organisator.ch\/","name":"Organisateur","description":"Comp\u00e9tence et comp\u00e9tence. Proches de la pratique. L'ORGANISATEUR pr\u00e9pare 10 num\u00e9ros par an sur les th\u00e8mes essentiels pour les dirigeants de PME.","publisher":{"@id":"https:\/\/www.organisator.ch\/#organization"},"potentialAction":[{"@type":"SearchAction","target":{"@type":"EntryPoint","urlTemplate":"https:\/\/www.organisator.ch\/?s={search_term_string}"},"query-input":{"@type":"PropertyValueSpecification","valueRequired":true,"valueName":"search_term_string"}}],"inLanguage":"fr-FR"},{"@type":"Organization","@id":"https:\/\/www.organisator.ch\/#organization","name":"Organisateur","url":"https:\/\/www.organisator.ch\/","logo":{"@type":"ImageObject","inLanguage":"fr-FR","@id":"https:\/\/www.organisator.ch\/#\/schema\/logo\/image\/","url":"https:\/\/www.organisator.ch\/wp-content\/uploads\/2022\/01\/Logo_Organisator_Website.png","contentUrl":"https:\/\/www.organisator.ch\/wp-content\/uploads\/2022\/01\/Logo_Organisator_Website.png","width":800,"height":77,"caption":"Organisator"},"image":{"@id":"https:\/\/www.organisator.ch\/#\/schema\/logo\/image\/"},"sameAs":["https:\/\/www.facebook.com\/OrganisatorFachmagazin","https:\/\/www.linkedin.com\/showcase\/organisator-das-magazin-fr-kmu","https:\/\/www.xing.com\/news\/pages\/organisator-ch-695","https:\/\/www.youtube.com\/channel\/UCGP2Sq0iWaZwT3BdIAQFYpw"]},{"@type":"Person","@id":"https:\/\/www.organisator.ch\/#\/schema\/person\/6f650f90b2842cd4c0cc334b4e36f67e","name":"thomas.berner","image":{"@type":"ImageObject","inLanguage":"fr-FR","@id":"https:\/\/secure.gravatar.com\/avatar\/ac5001d2a36cb6c6cd3e50789007ffca834b477b74a2144564522e944eabff61?s=96&d=mm&r=g","url":"https:\/\/secure.gravatar.com\/avatar\/ac5001d2a36cb6c6cd3e50789007ffca834b477b74a2144564522e944eabff61?s=96&d=mm&r=g","contentUrl":"https:\/\/secure.gravatar.com\/avatar\/ac5001d2a36cb6c6cd3e50789007ffca834b477b74a2144564522e944eabff61?s=96&d=mm&r=g","caption":"thomas.berner"},"url":"https:\/\/www.organisator.ch\/fr\/author\/thomas-berner\/"}]}},"_links":{"self":[{"href":"https:\/\/www.organisator.ch\/fr\/wp-json\/wp\/v2\/posts\/4583","targetHints":{"allow":["GET"]}}],"collection":[{"href":"https:\/\/www.organisator.ch\/fr\/wp-json\/wp\/v2\/posts"}],"about":[{"href":"https:\/\/www.organisator.ch\/fr\/wp-json\/wp\/v2\/types\/post"}],"author":[{"embeddable":true,"href":"https:\/\/www.organisator.ch\/fr\/wp-json\/wp\/v2\/users\/4"}],"replies":[{"embeddable":true,"href":"https:\/\/www.organisator.ch\/fr\/wp-json\/wp\/v2\/comments?post=4583"}],"version-history":[{"count":0,"href":"https:\/\/www.organisator.ch\/fr\/wp-json\/wp\/v2\/posts\/4583\/revisions"}],"wp:featuredmedia":[{"embeddable":true,"href":"https:\/\/www.organisator.ch\/fr\/wp-json\/wp\/v2\/media\/4586"}],"wp:attachment":[{"href":"https:\/\/www.organisator.ch\/fr\/wp-json\/wp\/v2\/media?parent=4583"}],"wp:term":[{"taxonomy":"category","embeddable":true,"href":"https:\/\/www.organisator.ch\/fr\/wp-json\/wp\/v2\/categories?post=4583"},{"taxonomy":"post_tag","embeddable":true,"href":"https:\/\/www.organisator.ch\/fr\/wp-json\/wp\/v2\/tags?post=4583"}],"curies":[{"name":"wp","href":"https:\/\/api.w.org\/{rel}","templated":true}]}}