{"id":45859,"date":"2026-03-10T11:49:43","date_gmt":"2026-03-10T10:49:43","guid":{"rendered":"https:\/\/www.organisator.ch\/?p=45859"},"modified":"2026-03-10T11:49:43","modified_gmt":"2026-03-10T10:49:43","slug":"prix-svc-espace-mittelland-wird-neu-prix-svc-wirtschaftsraum-bern","status":"publish","type":"post","link":"https:\/\/www.organisator.ch\/fr\/management\/2026-03-10\/prix-svc-espace-mittelland-wird-neu-prix-svc-wirtschaftsraum-bern\/","title":{"rendered":"Le Prix SVC Espace Mittelland devient le Prix SVC Espace \u00e9conomique Berne"},"content":{"rendered":"<figure id=\"attachment_45860\" aria-describedby=\"caption-attachment-45860\" style=\"width: 680px\" class=\"wp-caption alignnone\"><img loading=\"lazy\" decoding=\"async\" class=\"size-full wp-image-45860\" src=\"https:\/\/www.organisator.ch\/wp-content\/uploads\/2026\/03\/Prix-SVC-Espace-Mittelland-wird-neu-Prix-SVC-Wirtschaftsraum-Bern_Organisator.jpg\" alt=\"\" width=\"680\" height=\"598\" srcset=\"https:\/\/www.organisator.ch\/wp-content\/uploads\/2026\/03\/Prix-SVC-Espace-Mittelland-wird-neu-Prix-SVC-Wirtschaftsraum-Bern_Organisator.jpg 680w, https:\/\/www.organisator.ch\/wp-content\/uploads\/2026\/03\/Prix-SVC-Espace-Mittelland-wird-neu-Prix-SVC-Wirtschaftsraum-Bern_Organisator-14x12.jpg 14w, https:\/\/www.organisator.ch\/wp-content\/uploads\/2026\/03\/Prix-SVC-Espace-Mittelland-wird-neu-Prix-SVC-Wirtschaftsraum-Bern_Organisator-341x300.jpg 341w, https:\/\/www.organisator.ch\/wp-content\/uploads\/2026\/03\/Prix-SVC-Espace-Mittelland-wird-neu-Prix-SVC-Wirtschaftsraum-Bern_Organisator-398x350.jpg 398w\" sizes=\"auto, (max-width: 680px) 100vw, 680px\" \/><figcaption id=\"caption-attachment-45860\" class=\"wp-caption-text\">A partir de 2027, sous le nouveau nom de Prix SVC Wirtschaftsraum Bern. (Source : SVC)<\/figcaption><\/figure>\n<p>Depuis 25 ans, le SVC s'engage en faveur de l'entrepreneuriat des PME en Suisse. Les c\u00e9r\u00e9monies de remise du c\u00e9l\u00e8bre Prix SVC sont devenues des \u00e9v\u00e9nements \u00e9tablis dans toute la Suisse et sont organis\u00e9es r\u00e9guli\u00e8rement dans toutes les r\u00e9gions \u00e9conomiques et linguistiques du pays.<\/p>\n<p>\u00c0 partir de 2026, le nouveau <a href=\"https:\/\/www.organisator.ch\/de\/management\/2026-01-16\/fuenf-kmu-im-finale-des-prix-svc-aargau-solothurn-2026\/\">Prix SVC Argovie Soleure<\/a> une autre remise de prix viendra s'ajouter. Le 30 avril 2026, le Prix SVC sera d\u00e9cern\u00e9 pour la premi\u00e8re fois dans cette nouvelle r\u00e9gion \u00e9conomique - dans les locaux d'Emil Frey Classics AG \u00e0 Safenwil.<\/p>\n<p>Les entreprises du canton de Soleure, qui faisaient jusqu'\u00e0 pr\u00e9sent partie de la zone de chalandise du Prix SVC Espace Mittelland, seront reprises par la nouvelle r\u00e9gion du Prix. Le SVC a donc d\u00e9cid\u00e9 de changer le nom du prix d\u00e9cern\u00e9 \u00e0 Berne. Il se pr\u00e9sentera d\u00e9sormais sous le label \u00abPrix SVC Espace \u00e9conomique Berne\u00bb et nominera des entreprises du canton de Berne.<\/p>\n<p>La s\u00e9lection des entreprises nomin\u00e9es pour le Prix SVC et l'\u00e9valuation qui s'ensuit sur la base des crit\u00e8res SVC valables dans toute la Suisse sont assur\u00e9es par un jury de 18 experts sous la direction de J\u00fcrg Schwarzenbach. La composition du jury reste inchang\u00e9e, \u00e0 l'exception de Wolf R\u00f6cken, r\u00e9dacteur en chef de la Berner Zeitung BZ, qui a repris le si\u00e8ge de Simon B\u00e4rtschi. Reto Portmann, Head Corporate &amp; Real Estate Banking Region Bern chez UBS, dirige le comit\u00e9 d'organisation en tant que pr\u00e9sident.<\/p>\n<p>Le jury a d\u00e9j\u00e0 commenc\u00e9 sa t\u00e2che. L'annonce des cinq finalistes du Prix SVC Wirtschaftsraum Bern aura lieu en automne 2026.<\/p>\n<p><em>Source et informations compl\u00e9mentaires : <a href=\"https:\/\/svc.swiss\/de\">www.svc.swiss<\/a><\/em><\/p>","protected":false},"excerpt":{"rendered":"<p>La prochaine remise r\u00e9gionale du Prix SVC aura lieu le 10 mars 2027 au Kursaal de Berne. Dans le cadre de la r\u00e9organisation des r\u00e9gions de prix SVC, le nom du c\u00e9l\u00e8bre prix PME sera modifi\u00e9. L'ancien Prix SVC Espace Mittelland s'appellera d\u00e9sormais Prix SVC Espace \u00e9conomique Berne. <\/p>","protected":false},"author":4,"featured_media":45860,"comment_status":"closed","ping_status":"closed","sticky":false,"template":"","format":"standard","meta":{"_acf_changed":false,"_yoast_wpseo_focuskw":"Prix SVC Wirtschaftsraum Bern","_yoast_wpseo_metadesc":"Der SVC \u00e4ndert den Namen f\u00fcr den KMU-Preis in Bern: Aus dem Prix SVC Espace Mittelland wird neu der Prix SVC Wirtschaftsraum Bern.","articlekey":"","footnotes":""},"categories":[28],"tags":[66,339,390],"class_list":["post-45859","post","type-post","status-publish","format-standard","has-post-thumbnail","hentry","category-management","tag-awards","tag-marketing","tag-prix-svc"],"acf":[],"yoast_head":"<!-- This site is optimized with the Yoast SEO plugin v27.4 - https:\/\/yoast.com\/product\/yoast-seo-wordpress\/ -->\n<title>Prix SVC Espace Mittelland wird neu Prix SVC Wirtschaftsraum Bern - Organisator<\/title>\n<meta name=\"description\" content=\"Der SVC \u00e4ndert den Namen f\u00fcr den KMU-Preis in Bern: Aus dem Prix SVC Espace Mittelland wird neu der Prix SVC Wirtschaftsraum Bern.\" \/>\n<meta name=\"robots\" content=\"index, follow, max-snippet:-1, max-image-preview:large, max-video-preview:-1\" \/>\n<link rel=\"canonical\" href=\"https:\/\/www.organisator.ch\/fr\/gestion-2\/2026-03-10\/prix-svc-espace-mittelland-wird-neu-prix-svc-wirtschaftsraum-bern\/\" \/>\n<meta property=\"og:locale\" content=\"fr_FR\" \/>\n<meta property=\"og:type\" content=\"article\" \/>\n<meta property=\"og:title\" content=\"Prix SVC Espace Mittelland wird neu Prix SVC Wirtschaftsraum Bern\" \/>\n<meta property=\"og:description\" content=\"Der SVC \u00e4ndert den Namen f\u00fcr den KMU-Preis in Bern: Aus dem Prix SVC Espace Mittelland wird neu der Prix SVC Wirtschaftsraum Bern.\" \/>\n<meta property=\"og:url\" content=\"https:\/\/www.organisator.ch\/fr\/gestion-2\/2026-03-10\/prix-svc-espace-mittelland-wird-neu-prix-svc-wirtschaftsraum-bern\/\" \/>\n<meta property=\"og:site_name\" content=\"Organisator\" \/>\n<meta property=\"article:publisher\" content=\"https:\/\/www.facebook.com\/OrganisatorFachmagazin\" \/>\n<meta property=\"article:published_time\" content=\"2026-03-10T10:49:43+00:00\" \/>\n<meta property=\"og:image\" content=\"https:\/\/www.organisator.ch\/wp-content\/uploads\/2026\/03\/Prix-SVC-Espace-Mittelland-wird-neu-Prix-SVC-Wirtschaftsraum-Bern_Organisator.jpg\" \/>\n\t<meta property=\"og:image:width\" content=\"680\" \/>\n\t<meta property=\"og:image:height\" content=\"598\" \/>\n\t<meta property=\"og:image:type\" content=\"image\/jpeg\" \/>\n<meta name=\"author\" content=\"thomas.berner\" \/>\n<meta name=\"twitter:card\" content=\"summary_large_image\" \/>\n<meta name=\"twitter:title\" content=\"Prix #SVC Espace Mittelland wird neu Prix SVC #Wirtschaftsraum Bern\" \/>\n<meta name=\"twitter:description\" content=\"Der #SVC \u00e4ndert den Namen f\u00fcr den #KMU-Preis in Bern: Aus dem Prix SVC Espace #Mittelland wird neu der Prix SVC Wirtschaftsraum #Bern.\" \/>\n<meta name=\"twitter:image\" content=\"https:\/\/www.organisator.ch\/wp-content\/uploads\/2026\/03\/Prix-SVC-Espace-Mittelland-wird-neu-Prix-SVC-Wirtschaftsraum-Bern_Organisator.jpg\" \/>\n<script type=\"application\/ld+json\" class=\"yoast-schema-graph\">{\"@context\":\"https:\\\/\\\/schema.org\",\"@graph\":[{\"@type\":\"Article\",\"@id\":\"https:\\\/\\\/www.organisator.ch\\\/management\\\/2026-03-10\\\/prix-svc-espace-mittelland-wird-neu-prix-svc-wirtschaftsraum-bern\\\/#article\",\"isPartOf\":{\"@id\":\"https:\\\/\\\/www.organisator.ch\\\/management\\\/2026-03-10\\\/prix-svc-espace-mittelland-wird-neu-prix-svc-wirtschaftsraum-bern\\\/\"},\"author\":{\"name\":\"thomas.berner\",\"@id\":\"https:\\\/\\\/www.organisator.ch\\\/#\\\/schema\\\/person\\\/6f650f90b2842cd4c0cc334b4e36f67e\"},\"headline\":\"Prix SVC Espace Mittelland wird neu Prix SVC Wirtschaftsraum Bern\",\"datePublished\":\"2026-03-10T10:49:43+00:00\",\"mainEntityOfPage\":{\"@id\":\"https:\\\/\\\/www.organisator.ch\\\/management\\\/2026-03-10\\\/prix-svc-espace-mittelland-wird-neu-prix-svc-wirtschaftsraum-bern\\\/\"},\"wordCount\":259,\"publisher\":{\"@id\":\"https:\\\/\\\/www.organisator.ch\\\/#organization\"},\"image\":{\"@id\":\"https:\\\/\\\/www.organisator.ch\\\/management\\\/2026-03-10\\\/prix-svc-espace-mittelland-wird-neu-prix-svc-wirtschaftsraum-bern\\\/#primaryimage\"},\"thumbnailUrl\":\"https:\\\/\\\/www.organisator.ch\\\/wp-content\\\/uploads\\\/2026\\\/03\\\/Prix-SVC-Espace-Mittelland-wird-neu-Prix-SVC-Wirtschaftsraum-Bern_Organisator.jpg\",\"keywords\":[\"Awards\",\"Marketing\",\"Prix SVC\"],\"articleSection\":[\"MANAGEMENT\"],\"inLanguage\":\"fr-FR\"},{\"@type\":\"WebPage\",\"@id\":\"https:\\\/\\\/www.organisator.ch\\\/management\\\/2026-03-10\\\/prix-svc-espace-mittelland-wird-neu-prix-svc-wirtschaftsraum-bern\\\/\",\"url\":\"https:\\\/\\\/www.organisator.ch\\\/management\\\/2026-03-10\\\/prix-svc-espace-mittelland-wird-neu-prix-svc-wirtschaftsraum-bern\\\/\",\"name\":\"Prix SVC Espace Mittelland wird neu Prix SVC Wirtschaftsraum Bern - Organisator\",\"isPartOf\":{\"@id\":\"https:\\\/\\\/www.organisator.ch\\\/#website\"},\"primaryImageOfPage\":{\"@id\":\"https:\\\/\\\/www.organisator.ch\\\/management\\\/2026-03-10\\\/prix-svc-espace-mittelland-wird-neu-prix-svc-wirtschaftsraum-bern\\\/#primaryimage\"},\"image\":{\"@id\":\"https:\\\/\\\/www.organisator.ch\\\/management\\\/2026-03-10\\\/prix-svc-espace-mittelland-wird-neu-prix-svc-wirtschaftsraum-bern\\\/#primaryimage\"},\"thumbnailUrl\":\"https:\\\/\\\/www.organisator.ch\\\/wp-content\\\/uploads\\\/2026\\\/03\\\/Prix-SVC-Espace-Mittelland-wird-neu-Prix-SVC-Wirtschaftsraum-Bern_Organisator.jpg\",\"datePublished\":\"2026-03-10T10:49:43+00:00\",\"description\":\"Der SVC \u00e4ndert den Namen f\u00fcr den KMU-Preis in Bern: Aus dem Prix SVC Espace Mittelland wird neu der Prix SVC Wirtschaftsraum Bern.\",\"breadcrumb\":{\"@id\":\"https:\\\/\\\/www.organisator.ch\\\/management\\\/2026-03-10\\\/prix-svc-espace-mittelland-wird-neu-prix-svc-wirtschaftsraum-bern\\\/#breadcrumb\"},\"inLanguage\":\"fr-FR\",\"potentialAction\":[{\"@type\":\"ReadAction\",\"target\":[\"https:\\\/\\\/www.organisator.ch\\\/management\\\/2026-03-10\\\/prix-svc-espace-mittelland-wird-neu-prix-svc-wirtschaftsraum-bern\\\/\"]}]},{\"@type\":\"ImageObject\",\"inLanguage\":\"fr-FR\",\"@id\":\"https:\\\/\\\/www.organisator.ch\\\/management\\\/2026-03-10\\\/prix-svc-espace-mittelland-wird-neu-prix-svc-wirtschaftsraum-bern\\\/#primaryimage\",\"url\":\"https:\\\/\\\/www.organisator.ch\\\/wp-content\\\/uploads\\\/2026\\\/03\\\/Prix-SVC-Espace-Mittelland-wird-neu-Prix-SVC-Wirtschaftsraum-Bern_Organisator.jpg\",\"contentUrl\":\"https:\\\/\\\/www.organisator.ch\\\/wp-content\\\/uploads\\\/2026\\\/03\\\/Prix-SVC-Espace-Mittelland-wird-neu-Prix-SVC-Wirtschaftsraum-Bern_Organisator.jpg\",\"width\":680,\"height\":598,\"caption\":\"Ab 2027 unter dem neuen Namen Prix SVC Wirtschaftsraum Bern. (Quelle: SVC)\"},{\"@type\":\"BreadcrumbList\",\"@id\":\"https:\\\/\\\/www.organisator.ch\\\/management\\\/2026-03-10\\\/prix-svc-espace-mittelland-wird-neu-prix-svc-wirtschaftsraum-bern\\\/#breadcrumb\",\"itemListElement\":[{\"@type\":\"ListItem\",\"position\":1,\"name\":\"Home\",\"item\":\"https:\\\/\\\/www.organisator.ch\\\/\"},{\"@type\":\"ListItem\",\"position\":2,\"name\":\"Prix SVC Espace Mittelland wird neu Prix SVC Wirtschaftsraum Bern\"}]},{\"@type\":\"WebSite\",\"@id\":\"https:\\\/\\\/www.organisator.ch\\\/#website\",\"url\":\"https:\\\/\\\/www.organisator.ch\\\/\",\"name\":\"Organisator\",\"description\":\"Kompetent. Praxisnah. Der ORGANISATOR bereitet in 10 Ausgaben pro Jahr die wesentlichen Themen f\u00fcr F\u00fchrungskr\u00e4fte von KMU auf.\",\"publisher\":{\"@id\":\"https:\\\/\\\/www.organisator.ch\\\/#organization\"},\"potentialAction\":[{\"@type\":\"SearchAction\",\"target\":{\"@type\":\"EntryPoint\",\"urlTemplate\":\"https:\\\/\\\/www.organisator.ch\\\/?s={search_term_string}\"},\"query-input\":{\"@type\":\"PropertyValueSpecification\",\"valueRequired\":true,\"valueName\":\"search_term_string\"}}],\"inLanguage\":\"fr-FR\"},{\"@type\":\"Organization\",\"@id\":\"https:\\\/\\\/www.organisator.ch\\\/#organization\",\"name\":\"Organisator\",\"url\":\"https:\\\/\\\/www.organisator.ch\\\/\",\"logo\":{\"@type\":\"ImageObject\",\"inLanguage\":\"fr-FR\",\"@id\":\"https:\\\/\\\/www.organisator.ch\\\/#\\\/schema\\\/logo\\\/image\\\/\",\"url\":\"https:\\\/\\\/www.organisator.ch\\\/wp-content\\\/uploads\\\/2022\\\/01\\\/Logo_Organisator_Website.png\",\"contentUrl\":\"https:\\\/\\\/www.organisator.ch\\\/wp-content\\\/uploads\\\/2022\\\/01\\\/Logo_Organisator_Website.png\",\"width\":800,\"height\":77,\"caption\":\"Organisator\"},\"image\":{\"@id\":\"https:\\\/\\\/www.organisator.ch\\\/#\\\/schema\\\/logo\\\/image\\\/\"},\"sameAs\":[\"https:\\\/\\\/www.facebook.com\\\/OrganisatorFachmagazin\",\"https:\\\/\\\/www.linkedin.com\\\/showcase\\\/organisator-das-magazin-fr-kmu\",\"https:\\\/\\\/www.xing.com\\\/news\\\/pages\\\/organisator-ch-695\",\"https:\\\/\\\/www.youtube.com\\\/channel\\\/UCGP2Sq0iWaZwT3BdIAQFYpw\"]},{\"@type\":\"Person\",\"@id\":\"https:\\\/\\\/www.organisator.ch\\\/#\\\/schema\\\/person\\\/6f650f90b2842cd4c0cc334b4e36f67e\",\"name\":\"thomas.berner\",\"image\":{\"@type\":\"ImageObject\",\"inLanguage\":\"fr-FR\",\"@id\":\"https:\\\/\\\/secure.gravatar.com\\\/avatar\\\/ac5001d2a36cb6c6cd3e50789007ffca834b477b74a2144564522e944eabff61?s=96&d=mm&r=g\",\"url\":\"https:\\\/\\\/secure.gravatar.com\\\/avatar\\\/ac5001d2a36cb6c6cd3e50789007ffca834b477b74a2144564522e944eabff61?s=96&d=mm&r=g\",\"contentUrl\":\"https:\\\/\\\/secure.gravatar.com\\\/avatar\\\/ac5001d2a36cb6c6cd3e50789007ffca834b477b74a2144564522e944eabff61?s=96&d=mm&r=g\",\"caption\":\"thomas.berner\"},\"url\":\"https:\\\/\\\/www.organisator.ch\\\/fr\\\/author\\\/thomas-berner\\\/\"}]}<\/script>\n<!-- \/ Yoast SEO plugin. -->","yoast_head_json":{"title":"Le Prix SVC Espace Mittelland devient le Prix SVC Wirtschaftsraum Bern - Organisateur","description":"Le SVC change le nom de son Prix PME \u00e0 Berne : le Prix SVC Espace Mittelland devient le Prix SVC Wirtschaftsraum Bern.","robots":{"index":"index","follow":"follow","max-snippet":"max-snippet:-1","max-image-preview":"max-image-preview:large","max-video-preview":"max-video-preview:-1"},"canonical":"https:\/\/www.organisator.ch\/fr\/gestion-2\/2026-03-10\/prix-svc-espace-mittelland-wird-neu-prix-svc-wirtschaftsraum-bern\/","og_locale":"fr_FR","og_type":"article","og_title":"Prix SVC Espace Mittelland wird neu Prix SVC Wirtschaftsraum Bern","og_description":"Der SVC \u00e4ndert den Namen f\u00fcr den KMU-Preis in Bern: Aus dem Prix SVC Espace Mittelland wird neu der Prix SVC Wirtschaftsraum Bern.","og_url":"https:\/\/www.organisator.ch\/fr\/gestion-2\/2026-03-10\/prix-svc-espace-mittelland-wird-neu-prix-svc-wirtschaftsraum-bern\/","og_site_name":"Organisator","article_publisher":"https:\/\/www.facebook.com\/OrganisatorFachmagazin","article_published_time":"2026-03-10T10:49:43+00:00","og_image":[{"width":680,"height":598,"url":"https:\/\/www.organisator.ch\/wp-content\/uploads\/2026\/03\/Prix-SVC-Espace-Mittelland-wird-neu-Prix-SVC-Wirtschaftsraum-Bern_Organisator.jpg","type":"image\/jpeg"}],"author":"thomas.berner","twitter_card":"summary_large_image","twitter_title":"Prix #SVC Espace Mittelland wird neu Prix SVC #Wirtschaftsraum Bern","twitter_description":"Der #SVC \u00e4ndert den Namen f\u00fcr den #KMU-Preis in Bern: Aus dem Prix SVC Espace #Mittelland wird neu der Prix SVC Wirtschaftsraum #Bern.","twitter_image":"https:\/\/www.organisator.ch\/wp-content\/uploads\/2026\/03\/Prix-SVC-Espace-Mittelland-wird-neu-Prix-SVC-Wirtschaftsraum-Bern_Organisator.jpg","schema":{"@context":"https:\/\/schema.org","@graph":[{"@type":"Article","@id":"https:\/\/www.organisator.ch\/management\/2026-03-10\/prix-svc-espace-mittelland-wird-neu-prix-svc-wirtschaftsraum-bern\/#article","isPartOf":{"@id":"https:\/\/www.organisator.ch\/management\/2026-03-10\/prix-svc-espace-mittelland-wird-neu-prix-svc-wirtschaftsraum-bern\/"},"author":{"name":"thomas.berner","@id":"https:\/\/www.organisator.ch\/#\/schema\/person\/6f650f90b2842cd4c0cc334b4e36f67e"},"headline":"Prix SVC Espace Mittelland wird neu Prix SVC Wirtschaftsraum Bern","datePublished":"2026-03-10T10:49:43+00:00","mainEntityOfPage":{"@id":"https:\/\/www.organisator.ch\/management\/2026-03-10\/prix-svc-espace-mittelland-wird-neu-prix-svc-wirtschaftsraum-bern\/"},"wordCount":259,"publisher":{"@id":"https:\/\/www.organisator.ch\/#organization"},"image":{"@id":"https:\/\/www.organisator.ch\/management\/2026-03-10\/prix-svc-espace-mittelland-wird-neu-prix-svc-wirtschaftsraum-bern\/#primaryimage"},"thumbnailUrl":"https:\/\/www.organisator.ch\/wp-content\/uploads\/2026\/03\/Prix-SVC-Espace-Mittelland-wird-neu-Prix-SVC-Wirtschaftsraum-Bern_Organisator.jpg","keywords":["Awards","Marketing","Prix SVC"],"articleSection":["MANAGEMENT"],"inLanguage":"fr-FR"},{"@type":"WebPage","@id":"https:\/\/www.organisator.ch\/management\/2026-03-10\/prix-svc-espace-mittelland-wird-neu-prix-svc-wirtschaftsraum-bern\/","url":"https:\/\/www.organisator.ch\/management\/2026-03-10\/prix-svc-espace-mittelland-wird-neu-prix-svc-wirtschaftsraum-bern\/","name":"Le Prix SVC Espace Mittelland devient le Prix SVC Wirtschaftsraum Bern - Organisateur","isPartOf":{"@id":"https:\/\/www.organisator.ch\/#website"},"primaryImageOfPage":{"@id":"https:\/\/www.organisator.ch\/management\/2026-03-10\/prix-svc-espace-mittelland-wird-neu-prix-svc-wirtschaftsraum-bern\/#primaryimage"},"image":{"@id":"https:\/\/www.organisator.ch\/management\/2026-03-10\/prix-svc-espace-mittelland-wird-neu-prix-svc-wirtschaftsraum-bern\/#primaryimage"},"thumbnailUrl":"https:\/\/www.organisator.ch\/wp-content\/uploads\/2026\/03\/Prix-SVC-Espace-Mittelland-wird-neu-Prix-SVC-Wirtschaftsraum-Bern_Organisator.jpg","datePublished":"2026-03-10T10:49:43+00:00","description":"Le SVC change le nom de son Prix PME \u00e0 Berne : le Prix SVC Espace Mittelland devient le Prix SVC Wirtschaftsraum Bern.","breadcrumb":{"@id":"https:\/\/www.organisator.ch\/management\/2026-03-10\/prix-svc-espace-mittelland-wird-neu-prix-svc-wirtschaftsraum-bern\/#breadcrumb"},"inLanguage":"fr-FR","potentialAction":[{"@type":"ReadAction","target":["https:\/\/www.organisator.ch\/management\/2026-03-10\/prix-svc-espace-mittelland-wird-neu-prix-svc-wirtschaftsraum-bern\/"]}]},{"@type":"ImageObject","inLanguage":"fr-FR","@id":"https:\/\/www.organisator.ch\/management\/2026-03-10\/prix-svc-espace-mittelland-wird-neu-prix-svc-wirtschaftsraum-bern\/#primaryimage","url":"https:\/\/www.organisator.ch\/wp-content\/uploads\/2026\/03\/Prix-SVC-Espace-Mittelland-wird-neu-Prix-SVC-Wirtschaftsraum-Bern_Organisator.jpg","contentUrl":"https:\/\/www.organisator.ch\/wp-content\/uploads\/2026\/03\/Prix-SVC-Espace-Mittelland-wird-neu-Prix-SVC-Wirtschaftsraum-Bern_Organisator.jpg","width":680,"height":598,"caption":"Ab 2027 unter dem neuen Namen Prix SVC Wirtschaftsraum Bern. (Quelle: SVC)"},{"@type":"BreadcrumbList","@id":"https:\/\/www.organisator.ch\/management\/2026-03-10\/prix-svc-espace-mittelland-wird-neu-prix-svc-wirtschaftsraum-bern\/#breadcrumb","itemListElement":[{"@type":"ListItem","position":1,"name":"Home","item":"https:\/\/www.organisator.ch\/"},{"@type":"ListItem","position":2,"name":"Prix SVC Espace Mittelland wird neu Prix SVC Wirtschaftsraum Bern"}]},{"@type":"WebSite","@id":"https:\/\/www.organisator.ch\/#website","url":"https:\/\/www.organisator.ch\/","name":"Organisateur","description":"Comp\u00e9tence et comp\u00e9tence. Proches de la pratique. L'ORGANISATEUR pr\u00e9pare 10 num\u00e9ros par an sur les th\u00e8mes essentiels pour les dirigeants de PME.","publisher":{"@id":"https:\/\/www.organisator.ch\/#organization"},"potentialAction":[{"@type":"SearchAction","target":{"@type":"EntryPoint","urlTemplate":"https:\/\/www.organisator.ch\/?s={search_term_string}"},"query-input":{"@type":"PropertyValueSpecification","valueRequired":true,"valueName":"search_term_string"}}],"inLanguage":"fr-FR"},{"@type":"Organization","@id":"https:\/\/www.organisator.ch\/#organization","name":"Organisateur","url":"https:\/\/www.organisator.ch\/","logo":{"@type":"ImageObject","inLanguage":"fr-FR","@id":"https:\/\/www.organisator.ch\/#\/schema\/logo\/image\/","url":"https:\/\/www.organisator.ch\/wp-content\/uploads\/2022\/01\/Logo_Organisator_Website.png","contentUrl":"https:\/\/www.organisator.ch\/wp-content\/uploads\/2022\/01\/Logo_Organisator_Website.png","width":800,"height":77,"caption":"Organisator"},"image":{"@id":"https:\/\/www.organisator.ch\/#\/schema\/logo\/image\/"},"sameAs":["https:\/\/www.facebook.com\/OrganisatorFachmagazin","https:\/\/www.linkedin.com\/showcase\/organisator-das-magazin-fr-kmu","https:\/\/www.xing.com\/news\/pages\/organisator-ch-695","https:\/\/www.youtube.com\/channel\/UCGP2Sq0iWaZwT3BdIAQFYpw"]},{"@type":"Person","@id":"https:\/\/www.organisator.ch\/#\/schema\/person\/6f650f90b2842cd4c0cc334b4e36f67e","name":"thomas.berner","image":{"@type":"ImageObject","inLanguage":"fr-FR","@id":"https:\/\/secure.gravatar.com\/avatar\/ac5001d2a36cb6c6cd3e50789007ffca834b477b74a2144564522e944eabff61?s=96&d=mm&r=g","url":"https:\/\/secure.gravatar.com\/avatar\/ac5001d2a36cb6c6cd3e50789007ffca834b477b74a2144564522e944eabff61?s=96&d=mm&r=g","contentUrl":"https:\/\/secure.gravatar.com\/avatar\/ac5001d2a36cb6c6cd3e50789007ffca834b477b74a2144564522e944eabff61?s=96&d=mm&r=g","caption":"thomas.berner"},"url":"https:\/\/www.organisator.ch\/fr\/author\/thomas-berner\/"}]}},"_links":{"self":[{"href":"https:\/\/www.organisator.ch\/fr\/wp-json\/wp\/v2\/posts\/45859","targetHints":{"allow":["GET"]}}],"collection":[{"href":"https:\/\/www.organisator.ch\/fr\/wp-json\/wp\/v2\/posts"}],"about":[{"href":"https:\/\/www.organisator.ch\/fr\/wp-json\/wp\/v2\/types\/post"}],"author":[{"embeddable":true,"href":"https:\/\/www.organisator.ch\/fr\/wp-json\/wp\/v2\/users\/4"}],"replies":[{"embeddable":true,"href":"https:\/\/www.organisator.ch\/fr\/wp-json\/wp\/v2\/comments?post=45859"}],"version-history":[{"count":3,"href":"https:\/\/www.organisator.ch\/fr\/wp-json\/wp\/v2\/posts\/45859\/revisions"}],"predecessor-version":[{"id":45984,"href":"https:\/\/www.organisator.ch\/fr\/wp-json\/wp\/v2\/posts\/45859\/revisions\/45984"}],"wp:featuredmedia":[{"embeddable":true,"href":"https:\/\/www.organisator.ch\/fr\/wp-json\/wp\/v2\/media\/45860"}],"wp:attachment":[{"href":"https:\/\/www.organisator.ch\/fr\/wp-json\/wp\/v2\/media?parent=45859"}],"wp:term":[{"taxonomy":"category","embeddable":true,"href":"https:\/\/www.organisator.ch\/fr\/wp-json\/wp\/v2\/categories?post=45859"},{"taxonomy":"post_tag","embeddable":true,"href":"https:\/\/www.organisator.ch\/fr\/wp-json\/wp\/v2\/tags?post=45859"}],"curies":[{"name":"wp","href":"https:\/\/api.w.org\/{rel}","templated":true}]}}