{"id":4588,"date":"2018-11-29T09:17:11","date_gmt":"2018-11-29T08:17:11","guid":{"rendered":"https:\/\/www.organisator.ch\/?p=4588"},"modified":"2018-11-29T09:17:11","modified_gmt":"2018-11-29T08:17:11","slug":"nicht-alle-unternehmen-brauchen-zwingend-blockchain-technologie","status":"publish","type":"post","link":"https:\/\/www.organisator.ch\/fr\/management\/2018-11-29\/nicht-alle-unternehmen-brauchen-zwingend-blockchain-technologie\/","title":{"rendered":"\"Toutes les entreprises n'ont pas n\u00e9cessairement besoin de la technologie blockchain\"."},"content":{"rendered":"<figure id=\"attachment_4589\" aria-describedby=\"caption-attachment-4589\" style=\"width: 680px\" class=\"wp-caption alignnone\"><img loading=\"lazy\" decoding=\"async\" class=\"size-medium wp-image-4589\" src=\"https:\/\/www.organisator.ch\/wp-content\/uploads\/2018\/11\/Nicht-alle-Unternehmen-brauchen-zwingend-Blockchain-Technologie-1_Organisator.jpg\" alt=\"\" width=\"680\" height=\"453\" srcset=\"https:\/\/www.organisator.ch\/wp-content\/uploads\/2018\/11\/Nicht-alle-Unternehmen-brauchen-zwingend-Blockchain-Technologie-1_Organisator.jpg 680w, https:\/\/www.organisator.ch\/wp-content\/uploads\/2018\/11\/Nicht-alle-Unternehmen-brauchen-zwingend-Blockchain-Technologie-1_Organisator-16x12.jpg 16w, https:\/\/www.organisator.ch\/wp-content\/uploads\/2018\/11\/Nicht-alle-Unternehmen-brauchen-zwingend-Blockchain-Technologie-1_Organisator-263x175.jpg 263w, https:\/\/www.organisator.ch\/wp-content\/uploads\/2018\/11\/Nicht-alle-Unternehmen-brauchen-zwingend-Blockchain-Technologie-1_Organisator-525x350.jpg 525w, https:\/\/www.organisator.ch\/wp-content\/uploads\/2018\/11\/Nicht-alle-Unternehmen-brauchen-zwingend-Blockchain-Technologie-1_Organisator-300x200.jpg 300w\" sizes=\"auto, (max-width: 680px) 100vw, 680px\" \/><figcaption id=\"caption-attachment-4589\" class=\"wp-caption-text\">Toutes les entreprises ont-elles besoin de la technologie blockchain ? Le journaliste de t\u00e9l\u00e9vision Reto Brennwald dirige la table ronde au Forum Blockchain for Business de la FHSG. (Image : zVg \/ FHSG)<\/figcaption><\/figure>\n<p>On parle beaucoup de la blockchain, et pas seulement dans les milieux sp\u00e9cialis\u00e9s. De plus en plus d'entreprises s'int\u00e9ressent \u00e0 cette technologie num\u00e9rique et travaillent sur les premi\u00e8res applications. Pour les experts, la technologie blockchain a un potentiel aussi r\u00e9volutionnaire que celui d'Internet. Mais qu'est-ce que la blockchain exactement ? A quoi une entreprise doit-elle faire attention lors de la mise en \u0153uvre d'une application blockchain et comment fonctionne le financement par Initial Coin Offering (ICO) ? Ces questions et d'autres \u00e9taient au centre du forum Blockchain for Business (B4B) qui s'est tenu jeudi dernier, le 22 novembre, \u00e0 Saint-Gall. Des intervenants issus de la science et de la pratique ont fait part \u00e0 plus de 100 participants de leurs exp\u00e9riences avec cette \"technologie du futur\" prometteuse et ont donn\u00e9 des conseils pour une \u00e9ventuelle mise en \u0153uvre. L'\u00e9v\u00e9nement \u00e9tait anim\u00e9 par le journaliste de t\u00e9l\u00e9vision Reto Brennwald et organis\u00e9 par l'Institut pour la gestion d'entreprise de la Haute \u00e9cole sp\u00e9cialis\u00e9e de Saint-Gall IFU-FHS.<\/p>\n<h2><strong>Les caract\u00e9ristiques peuvent inspirer confiance<\/strong><\/h2>\n<p>\"La blockchain peut \u00eatre d\u00e9crite comme une base de donn\u00e9es de transactions distribu\u00e9es\", a d\u00e9clar\u00e9 le professeur Ernesto Turnes, directeur du centre de comp\u00e9tence pour la banque et la finance de la FHS, dans son discours d'introduction. Il a d\u00e9crit la disponibilit\u00e9, la protection de la propri\u00e9t\u00e9, l'inalt\u00e9rabilit\u00e9, la v\u00e9rifiabilit\u00e9 et l'\u00e9volutivit\u00e9 comme les cinq exigences d'un syst\u00e8me de transaction. Ces exigences et la mani\u00e8re dont elles sont satisfaites, par exemple par la cryptographie ou le hachage, permettent d'instaurer la confiance. En ce qui concerne les tokens, c'est-\u00e0-dire les jetons vendus dans les ICO, Ernesto Turnes voit surtout un \"\u00e9norme potentiel\" dans les tokens d'investissement, c'est-\u00e0-dire les tokens d'actifs ou de s\u00e9curit\u00e9. Ils repr\u00e9sentent des valeurs patrimoniales telles que des actions, des obligations ou des biens immobiliers.<\/p>\n<p>Roger Bigger, cofondateur de Crowdli AG, une plateforme de crowd-investissement immobilier, et propri\u00e9taire g\u00e9rant du groupe Azemos, a exprim\u00e9 le m\u00eame avis. \"Les jetons de s\u00e9curit\u00e9 peuvent r\u00e9volutionner fondamentalement le monde des fonds\", a-t-il d\u00e9clar\u00e9. \"Ils cr\u00e9ent des concepts d'investissement totalement nouveaux : une participation am\u00e9lior\u00e9e, une plus grande flexibilit\u00e9 et des co\u00fbts r\u00e9duits\". Mais, a-t-il ajout\u00e9, ils sont aussi beaucoup plus complexes \u00e0 comprendre. Et c'est l\u00e0 que Roger Bigger voit le grand d\u00e9fi : \"Expliquer cela au plus grand nombre est difficile\".<\/p>\n<p>L'avocat Thomas M\u00fcller de Walder Wyss Rechtsanw\u00e4lte \u00e0 Zurich a class\u00e9 la qualification juridique des tokens, ce qui est assez complexe et varie quelque peu selon le token. Il a qualifi\u00e9 le march\u00e9 secondaire de gros probl\u00e8me : les tokens ne pourraient \u00eatre utilis\u00e9s en partie que de mani\u00e8re limit\u00e9e et la Banque nationale n'aurait actuellement \"aucun int\u00e9r\u00eat\" pour un franc num\u00e9rique.<\/p>\n<h2><strong>Optimiser les processus, r\u00e9duire les co\u00fbts<\/strong><\/h2>\n<p>La soci\u00e9t\u00e9 n'cloud.swiss AG, un fournisseur de solutions de cloud computing, a mis\u00e9 sur la blockchain d\u00e9but 2018 et a organis\u00e9 une ICO. L'ICO suivante devrait suivre d\u00e8s l'ann\u00e9e prochaine... Selon le Chief Marketing Officer Pascal Dossenbach, la blockchain convient aux \"entreprises qui veulent proposer un produit ou un service pour lequel il existe un march\u00e9\". Pour lui, il est important d'avoir une \"planification s\u00e9rieuse avec des objectifs r\u00e9alistes\" et un \"livre blanc ICO qui se pr\u00e9sente comme un business plan pour convaincre les investisseurs\".<\/p>\n<figure id=\"attachment_4590\" aria-describedby=\"caption-attachment-4590\" style=\"width: 680px\" class=\"wp-caption alignnone\"><img loading=\"lazy\" decoding=\"async\" class=\"size-medium wp-image-4590\" src=\"https:\/\/www.organisator.ch\/wp-content\/uploads\/2018\/11\/Nicht-alle-Unternehmen-brauchen-zwingend-Blockchain-Technologie-2_Organisator.jpg\" alt=\"\" width=\"680\" height=\"453\" srcset=\"https:\/\/www.organisator.ch\/wp-content\/uploads\/2018\/11\/Nicht-alle-Unternehmen-brauchen-zwingend-Blockchain-Technologie-2_Organisator.jpg 680w, https:\/\/www.organisator.ch\/wp-content\/uploads\/2018\/11\/Nicht-alle-Unternehmen-brauchen-zwingend-Blockchain-Technologie-2_Organisator-16x12.jpg 16w, https:\/\/www.organisator.ch\/wp-content\/uploads\/2018\/11\/Nicht-alle-Unternehmen-brauchen-zwingend-Blockchain-Technologie-2_Organisator-263x175.jpg 263w, https:\/\/www.organisator.ch\/wp-content\/uploads\/2018\/11\/Nicht-alle-Unternehmen-brauchen-zwingend-Blockchain-Technologie-2_Organisator-525x350.jpg 525w, https:\/\/www.organisator.ch\/wp-content\/uploads\/2018\/11\/Nicht-alle-Unternehmen-brauchen-zwingend-Blockchain-Technologie-2_Organisator-300x200.jpg 300w\" sizes=\"auto, (max-width: 680px) 100vw, 680px\" \/><figcaption id=\"caption-attachment-4590\" class=\"wp-caption-text\">L'organisateur de l'\u00e9v\u00e9nement et auteur Pascal Egloff de la FHS St. Gallen classe les possibilit\u00e9s de la technologie blockchain au Forum Blockchain for Business. (Image : zVg \/ FHSG)<\/figcaption><\/figure>\n<p>Pour Pascal Egloff, enseignant et chef de projet au centre de comp\u00e9tence pour la banque et la finance de la FHS, \"<em>a besoin de<\/em> toutes les entreprises n'ont pas forc\u00e9ment besoin d'une blockchain, elles ont pu s'en passer jusqu'\u00e0 pr\u00e9sent\". Mais presque toutes les entreprises <em>pourrait<\/em> utiliser la technologie. \"La question est de savoir si cela en vaut la peine\", a-t-il d\u00e9clar\u00e9. Selon lui, la blockchain sert souvent de catalyseur pour r\u00e9fl\u00e9chir \u00e0 la num\u00e9risation. Ulrich Schimpel, CTO Europe Team &amp; IBM Research, Zurich, est du m\u00eame avis : la solution blockchain n'apporte quelque chose que l\u00e0 o\u00f9 elle est meilleure que le processus existant. Mais si la nouvelle technologie est utilis\u00e9e, les processus peuvent \u00eatre optimis\u00e9s et les co\u00fbts r\u00e9duits. Aujourd'hui, la blockchain n'est pas seulement utilis\u00e9e dans le secteur bancaire, mais aussi dans le domaine de la sant\u00e9, des assurances, de la logistique et de la vente.<\/p>\n<h2><strong>Une technologie sous-estim\u00e9e<\/strong><\/h2>\n<p>Vitus Ammann a pass\u00e9 des ann\u00e9es dans la Crypto Valley zougoise et est maintenant conseiller en transformation num\u00e9rique des CFF. Dans le panel d'experts, il a d\u00e9clar\u00e9 : \"Nous en sommes encore au tout d\u00e9but de la technologie blockchain, \u00e0 peu pr\u00e8s l\u00e0 o\u00f9 nous en \u00e9tions avec Internet en 1995\". Il estime que cette technologie a des chances d'avoir des effets comparables \u00e0 ceux d'Internet sur l'\u00e9conomie et la soci\u00e9t\u00e9. Nick Beglinger, CEO de la fondation Cleantech21, et Roman Schnider, responsable de l'examen des clients blockchain chez PwC Suisse, sont du m\u00eame avis. \"La blockchain est encore largement sous-estim\u00e9e aujourd'hui\", a d\u00e9clar\u00e9 Nick Beglinger et Vitus Ammann pense que dans dix ans, les titres seront d\u00e9j\u00e0 en grande partie n\u00e9goci\u00e9s via des tokens et non plus via les syst\u00e8mes existants. Les banques existeront-elles encore \u00e0 ce moment-l\u00e0 ? \"Je pense que oui\", a d\u00e9clar\u00e9 Roman Schnider, \"mais leur domaine d'activit\u00e9 devrait se d\u00e9placer\". Pour Stefan Jeker, directeur du laboratoire d'innovation de Raiffeisen St-Gall, l'un des grands d\u00e9fis de l'avenir est de penser en termes d'\u00e9cosyst\u00e8mes et au-del\u00e0 des processus. \"La technologie blockchain va changer notre vie, et nous pourrons ainsi nous concentrer sur ce qui fait que notre vie vaut la peine d'\u00eatre v\u00e9cue\".<\/p>\n<p><em><a href=\"http:\/\/www.fhsg.ch\">www.fhsg.ch<\/a><\/em><\/p>\n<p><em><strong>Plus d'informations :<br \/>\n<\/strong>Avec tous les d\u00e9veloppements autour de la blockchain, il est difficile de garder une vue d'ensemble. C'est pourquoi Ernesto Turnes et Pascal Egloff de l'Institut f\u00fcr Unternehmensf\u00fchrung IFU-FHS ont r\u00e9dig\u00e9 un manuel intitul\u00e9 \"Blockchain f\u00fcr die Praxis. Crypto-monnaies, smart contracts, ICOs et tokens\". Parall\u00e8lement, ils proposent des conf\u00e9rences sur mesure ainsi que des ateliers sp\u00e9cifiques aux entreprises et ont organis\u00e9 le Forum Blockchain for Business (B4B).<\/em><\/p>","protected":false},"excerpt":{"rendered":"<p>\u00dcber Blockchain wird viel diskutiert und das nicht nur in Fachkreisen. Immer mehr Unternehmen besch\u00e4ftigen sich mit der digitalen Technologie und arbeiten an ersten Anwendungen. F\u00fcr Expertinnen und Experten hat die Blockchain-Technologie ein \u00e4hnlich revolution\u00e4res Potenzial wie das Internet. Doch was genau ist Blockchain? Worauf muss ein Unternehmen bei der Umsetzung einer Blockchain-Anwendung achten und [&hellip;]<\/p>\n","protected":false},"author":4,"featured_media":4589,"comment_status":"open","ping_status":"open","sticky":false,"template":"","format":"standard","meta":{"_acf_changed":false,"_yoast_wpseo_focuskw":"Blockchain-Technologie","_yoast_wpseo_metadesc":"Am Forum Blockchain for Business (B4B) der Fachhochschule St.Gallen diskutierten Experten aus Wissenschaft und Praxis mit Unternehmerinnen und Unternehmern.","articlekey":"","footnotes":""},"categories":[28],"tags":[85,156,193,286],"class_list":["post-4588","post","type-post","status-publish","format-standard","has-post-thumbnail","hentry","category-management","tag-blockchain","tag-digitalisierung","tag-fachkongressfachmesse","tag-it"],"acf":[],"yoast_head":"<!-- This site is optimized with the Yoast SEO plugin v27.5 - https:\/\/yoast.com\/product\/yoast-seo-wordpress\/ -->\n<title>\u00abNicht alle Unternehmen brauchen zwingend Blockchain-Technologie\u00bb - Organisator<\/title>\n<meta name=\"description\" content=\"Am Forum Blockchain for Business (B4B) der Fachhochschule St.Gallen diskutierten Experten aus Wissenschaft und Praxis mit Unternehmerinnen und Unternehmern.\" \/>\n<meta name=\"robots\" content=\"index, follow, max-snippet:-1, max-image-preview:large, max-video-preview:-1\" \/>\n<link rel=\"canonical\" href=\"https:\/\/www.organisator.ch\/fr\/gestion-2\/2018-11-29\/nicht-alle-unternehmen-brauchen-zwingend-blockchain-technologie\/\" \/>\n<meta property=\"og:locale\" content=\"fr_FR\" \/>\n<meta property=\"og:type\" content=\"article\" \/>\n<meta property=\"og:title\" content=\"\u00abNicht alle Unternehmen brauchen zwingend Blockchain-Technologie\u00bb\" \/>\n<meta property=\"og:description\" content=\"Am Forum Blockchain for Business (B4B) der Fachhochschule St.Gallen diskutierten Experten aus Wissenschaft und Praxis mit Unternehmerinnen und Unternehmern.\" \/>\n<meta property=\"og:url\" content=\"https:\/\/www.organisator.ch\/fr\/gestion-2\/2018-11-29\/nicht-alle-unternehmen-brauchen-zwingend-blockchain-technologie\/\" \/>\n<meta property=\"og:site_name\" content=\"Organisator\" \/>\n<meta property=\"article:publisher\" content=\"https:\/\/www.facebook.com\/OrganisatorFachmagazin\" \/>\n<meta property=\"article:published_time\" content=\"2018-11-29T08:17:11+00:00\" \/>\n<meta property=\"og:image\" content=\"https:\/\/www.organisator.ch\/wp-content\/uploads\/2018\/11\/Nicht-alle-Unternehmen-brauchen-zwingend-Blockchain-Technologie-1_Organisator.jpg\" \/>\n\t<meta property=\"og:image:width\" content=\"680\" \/>\n\t<meta property=\"og:image:height\" content=\"453\" \/>\n\t<meta property=\"og:image:type\" content=\"image\/jpeg\" \/>\n<meta name=\"author\" content=\"thomas.berner\" \/>\n<meta name=\"twitter:card\" content=\"summary_large_image\" \/>\n<meta name=\"twitter:title\" content=\"\u00abNicht alle Unternehmen brauchen zwingend #Blockchain-Technologie\u00bb\" \/>\n<meta name=\"twitter:description\" content=\"Am Forum #Blockchain for Business (#B4B) der Fachhochschule St.Gallen diskutierten Experten aus Wissenschaft und Praxis mit Unternehmerinnen und Unternehmern.\" \/>\n<meta name=\"twitter:image\" content=\"https:\/\/www.organisator.ch\/wp-content\/uploads\/2018\/11\/Nicht-alle-Unternehmen-brauchen-zwingend-Blockchain-Technologie-1_Organisator.jpg\" \/>\n<script type=\"application\/ld+json\" class=\"yoast-schema-graph\">{\"@context\":\"https:\\\/\\\/schema.org\",\"@graph\":[{\"@type\":\"Article\",\"@id\":\"https:\\\/\\\/www.organisator.ch\\\/management\\\/2018-11-29\\\/nicht-alle-unternehmen-brauchen-zwingend-blockchain-technologie\\\/#article\",\"isPartOf\":{\"@id\":\"https:\\\/\\\/www.organisator.ch\\\/management\\\/2018-11-29\\\/nicht-alle-unternehmen-brauchen-zwingend-blockchain-technologie\\\/\"},\"author\":{\"name\":\"thomas.berner\",\"@id\":\"https:\\\/\\\/www.organisator.ch\\\/#\\\/schema\\\/person\\\/6f650f90b2842cd4c0cc334b4e36f67e\"},\"headline\":\"\u00abNicht alle Unternehmen brauchen zwingend Blockchain-Technologie\u00bb\",\"datePublished\":\"2018-11-29T08:17:11+00:00\",\"mainEntityOfPage\":{\"@id\":\"https:\\\/\\\/www.organisator.ch\\\/management\\\/2018-11-29\\\/nicht-alle-unternehmen-brauchen-zwingend-blockchain-technologie\\\/\"},\"wordCount\":909,\"commentCount\":0,\"publisher\":{\"@id\":\"https:\\\/\\\/www.organisator.ch\\\/#organization\"},\"image\":{\"@id\":\"https:\\\/\\\/www.organisator.ch\\\/management\\\/2018-11-29\\\/nicht-alle-unternehmen-brauchen-zwingend-blockchain-technologie\\\/#primaryimage\"},\"thumbnailUrl\":\"https:\\\/\\\/www.organisator.ch\\\/wp-content\\\/uploads\\\/2018\\\/11\\\/Nicht-alle-Unternehmen-brauchen-zwingend-Blockchain-Technologie-1_Organisator.jpg\",\"keywords\":[\"Blockchain\",\"Digitalisierung\",\"Fachkongress\\\/Fachmesse\",\"IT\"],\"articleSection\":[\"MANAGEMENT\"],\"inLanguage\":\"fr-FR\"},{\"@type\":\"WebPage\",\"@id\":\"https:\\\/\\\/www.organisator.ch\\\/management\\\/2018-11-29\\\/nicht-alle-unternehmen-brauchen-zwingend-blockchain-technologie\\\/\",\"url\":\"https:\\\/\\\/www.organisator.ch\\\/management\\\/2018-11-29\\\/nicht-alle-unternehmen-brauchen-zwingend-blockchain-technologie\\\/\",\"name\":\"\u00abNicht alle Unternehmen brauchen zwingend Blockchain-Technologie\u00bb - Organisator\",\"isPartOf\":{\"@id\":\"https:\\\/\\\/www.organisator.ch\\\/#website\"},\"primaryImageOfPage\":{\"@id\":\"https:\\\/\\\/www.organisator.ch\\\/management\\\/2018-11-29\\\/nicht-alle-unternehmen-brauchen-zwingend-blockchain-technologie\\\/#primaryimage\"},\"image\":{\"@id\":\"https:\\\/\\\/www.organisator.ch\\\/management\\\/2018-11-29\\\/nicht-alle-unternehmen-brauchen-zwingend-blockchain-technologie\\\/#primaryimage\"},\"thumbnailUrl\":\"https:\\\/\\\/www.organisator.ch\\\/wp-content\\\/uploads\\\/2018\\\/11\\\/Nicht-alle-Unternehmen-brauchen-zwingend-Blockchain-Technologie-1_Organisator.jpg\",\"datePublished\":\"2018-11-29T08:17:11+00:00\",\"description\":\"Am Forum Blockchain for Business (B4B) der Fachhochschule St.Gallen diskutierten Experten aus Wissenschaft und Praxis mit Unternehmerinnen und Unternehmern.\",\"breadcrumb\":{\"@id\":\"https:\\\/\\\/www.organisator.ch\\\/management\\\/2018-11-29\\\/nicht-alle-unternehmen-brauchen-zwingend-blockchain-technologie\\\/#breadcrumb\"},\"inLanguage\":\"fr-FR\",\"potentialAction\":[{\"@type\":\"ReadAction\",\"target\":[\"https:\\\/\\\/www.organisator.ch\\\/management\\\/2018-11-29\\\/nicht-alle-unternehmen-brauchen-zwingend-blockchain-technologie\\\/\"]}]},{\"@type\":\"ImageObject\",\"inLanguage\":\"fr-FR\",\"@id\":\"https:\\\/\\\/www.organisator.ch\\\/management\\\/2018-11-29\\\/nicht-alle-unternehmen-brauchen-zwingend-blockchain-technologie\\\/#primaryimage\",\"url\":\"https:\\\/\\\/www.organisator.ch\\\/wp-content\\\/uploads\\\/2018\\\/11\\\/Nicht-alle-Unternehmen-brauchen-zwingend-Blockchain-Technologie-1_Organisator.jpg\",\"contentUrl\":\"https:\\\/\\\/www.organisator.ch\\\/wp-content\\\/uploads\\\/2018\\\/11\\\/Nicht-alle-Unternehmen-brauchen-zwingend-Blockchain-Technologie-1_Organisator.jpg\",\"width\":680,\"height\":453,\"caption\":\"Brauchen alle Unternehmen Blockchain-Technologie? Fernsehjournalist Reto Brennwald leitet die Podiumsdiskussion am Forum Blockchain for Business der FHSG. (Bild: zVg \\\/ FHSG)\"},{\"@type\":\"BreadcrumbList\",\"@id\":\"https:\\\/\\\/www.organisator.ch\\\/management\\\/2018-11-29\\\/nicht-alle-unternehmen-brauchen-zwingend-blockchain-technologie\\\/#breadcrumb\",\"itemListElement\":[{\"@type\":\"ListItem\",\"position\":1,\"name\":\"Home\",\"item\":\"https:\\\/\\\/www.organisator.ch\\\/\"},{\"@type\":\"ListItem\",\"position\":2,\"name\":\"\u00abNicht alle Unternehmen brauchen zwingend Blockchain-Technologie\u00bb\"}]},{\"@type\":\"WebSite\",\"@id\":\"https:\\\/\\\/www.organisator.ch\\\/#website\",\"url\":\"https:\\\/\\\/www.organisator.ch\\\/\",\"name\":\"Organisator\",\"description\":\"Kompetent. Praxisnah. Der ORGANISATOR bereitet in 10 Ausgaben pro Jahr die wesentlichen Themen f\u00fcr F\u00fchrungskr\u00e4fte von KMU auf.\",\"publisher\":{\"@id\":\"https:\\\/\\\/www.organisator.ch\\\/#organization\"},\"potentialAction\":[{\"@type\":\"SearchAction\",\"target\":{\"@type\":\"EntryPoint\",\"urlTemplate\":\"https:\\\/\\\/www.organisator.ch\\\/?s={search_term_string}\"},\"query-input\":{\"@type\":\"PropertyValueSpecification\",\"valueRequired\":true,\"valueName\":\"search_term_string\"}}],\"inLanguage\":\"fr-FR\"},{\"@type\":\"Organization\",\"@id\":\"https:\\\/\\\/www.organisator.ch\\\/#organization\",\"name\":\"Organisator\",\"url\":\"https:\\\/\\\/www.organisator.ch\\\/\",\"logo\":{\"@type\":\"ImageObject\",\"inLanguage\":\"fr-FR\",\"@id\":\"https:\\\/\\\/www.organisator.ch\\\/#\\\/schema\\\/logo\\\/image\\\/\",\"url\":\"https:\\\/\\\/www.organisator.ch\\\/wp-content\\\/uploads\\\/2022\\\/01\\\/Logo_Organisator_Website.png\",\"contentUrl\":\"https:\\\/\\\/www.organisator.ch\\\/wp-content\\\/uploads\\\/2022\\\/01\\\/Logo_Organisator_Website.png\",\"width\":800,\"height\":77,\"caption\":\"Organisator\"},\"image\":{\"@id\":\"https:\\\/\\\/www.organisator.ch\\\/#\\\/schema\\\/logo\\\/image\\\/\"},\"sameAs\":[\"https:\\\/\\\/www.facebook.com\\\/OrganisatorFachmagazin\",\"https:\\\/\\\/www.linkedin.com\\\/showcase\\\/organisator-das-magazin-fr-kmu\",\"https:\\\/\\\/www.xing.com\\\/news\\\/pages\\\/organisator-ch-695\",\"https:\\\/\\\/www.youtube.com\\\/channel\\\/UCGP2Sq0iWaZwT3BdIAQFYpw\"]},{\"@type\":\"Person\",\"@id\":\"https:\\\/\\\/www.organisator.ch\\\/#\\\/schema\\\/person\\\/6f650f90b2842cd4c0cc334b4e36f67e\",\"name\":\"thomas.berner\",\"image\":{\"@type\":\"ImageObject\",\"inLanguage\":\"fr-FR\",\"@id\":\"https:\\\/\\\/secure.gravatar.com\\\/avatar\\\/ac5001d2a36cb6c6cd3e50789007ffca834b477b74a2144564522e944eabff61?s=96&d=mm&r=g\",\"url\":\"https:\\\/\\\/secure.gravatar.com\\\/avatar\\\/ac5001d2a36cb6c6cd3e50789007ffca834b477b74a2144564522e944eabff61?s=96&d=mm&r=g\",\"contentUrl\":\"https:\\\/\\\/secure.gravatar.com\\\/avatar\\\/ac5001d2a36cb6c6cd3e50789007ffca834b477b74a2144564522e944eabff61?s=96&d=mm&r=g\",\"caption\":\"thomas.berner\"},\"url\":\"https:\\\/\\\/www.organisator.ch\\\/fr\\\/author\\\/thomas-berner\\\/\"}]}<\/script>\n<!-- \/ Yoast SEO plugin. -->","yoast_head_json":{"title":"\"Toutes les entreprises n'ont pas n\u00e9cessairement besoin de la technologie blockchain\" - organisateur","description":"Lors du Forum Blockchain for Business (B4B) de la Haute \u00e9cole sp\u00e9cialis\u00e9e de Saint-Gall, des experts scientifiques et pratiques ont discut\u00e9 avec des entrepreneurs.","robots":{"index":"index","follow":"follow","max-snippet":"max-snippet:-1","max-image-preview":"max-image-preview:large","max-video-preview":"max-video-preview:-1"},"canonical":"https:\/\/www.organisator.ch\/fr\/gestion-2\/2018-11-29\/nicht-alle-unternehmen-brauchen-zwingend-blockchain-technologie\/","og_locale":"fr_FR","og_type":"article","og_title":"\u00abNicht alle Unternehmen brauchen zwingend Blockchain-Technologie\u00bb","og_description":"Am Forum Blockchain for Business (B4B) der Fachhochschule St.Gallen diskutierten Experten aus Wissenschaft und Praxis mit Unternehmerinnen und Unternehmern.","og_url":"https:\/\/www.organisator.ch\/fr\/gestion-2\/2018-11-29\/nicht-alle-unternehmen-brauchen-zwingend-blockchain-technologie\/","og_site_name":"Organisator","article_publisher":"https:\/\/www.facebook.com\/OrganisatorFachmagazin","article_published_time":"2018-11-29T08:17:11+00:00","og_image":[{"width":680,"height":453,"url":"https:\/\/www.organisator.ch\/wp-content\/uploads\/2018\/11\/Nicht-alle-Unternehmen-brauchen-zwingend-Blockchain-Technologie-1_Organisator.jpg","type":"image\/jpeg"}],"author":"thomas.berner","twitter_card":"summary_large_image","twitter_title":"\u00abNicht alle Unternehmen brauchen zwingend #Blockchain-Technologie\u00bb","twitter_description":"Am Forum #Blockchain for Business (#B4B) der Fachhochschule St.Gallen diskutierten Experten aus Wissenschaft und Praxis mit Unternehmerinnen und Unternehmern.","twitter_image":"https:\/\/www.organisator.ch\/wp-content\/uploads\/2018\/11\/Nicht-alle-Unternehmen-brauchen-zwingend-Blockchain-Technologie-1_Organisator.jpg","schema":{"@context":"https:\/\/schema.org","@graph":[{"@type":"Article","@id":"https:\/\/www.organisator.ch\/management\/2018-11-29\/nicht-alle-unternehmen-brauchen-zwingend-blockchain-technologie\/#article","isPartOf":{"@id":"https:\/\/www.organisator.ch\/management\/2018-11-29\/nicht-alle-unternehmen-brauchen-zwingend-blockchain-technologie\/"},"author":{"name":"thomas.berner","@id":"https:\/\/www.organisator.ch\/#\/schema\/person\/6f650f90b2842cd4c0cc334b4e36f67e"},"headline":"\u00abNicht alle Unternehmen brauchen zwingend Blockchain-Technologie\u00bb","datePublished":"2018-11-29T08:17:11+00:00","mainEntityOfPage":{"@id":"https:\/\/www.organisator.ch\/management\/2018-11-29\/nicht-alle-unternehmen-brauchen-zwingend-blockchain-technologie\/"},"wordCount":909,"commentCount":0,"publisher":{"@id":"https:\/\/www.organisator.ch\/#organization"},"image":{"@id":"https:\/\/www.organisator.ch\/management\/2018-11-29\/nicht-alle-unternehmen-brauchen-zwingend-blockchain-technologie\/#primaryimage"},"thumbnailUrl":"https:\/\/www.organisator.ch\/wp-content\/uploads\/2018\/11\/Nicht-alle-Unternehmen-brauchen-zwingend-Blockchain-Technologie-1_Organisator.jpg","keywords":["Blockchain","Digitalisierung","Fachkongress\/Fachmesse","IT"],"articleSection":["MANAGEMENT"],"inLanguage":"fr-FR"},{"@type":"WebPage","@id":"https:\/\/www.organisator.ch\/management\/2018-11-29\/nicht-alle-unternehmen-brauchen-zwingend-blockchain-technologie\/","url":"https:\/\/www.organisator.ch\/management\/2018-11-29\/nicht-alle-unternehmen-brauchen-zwingend-blockchain-technologie\/","name":"\"Toutes les entreprises n'ont pas n\u00e9cessairement besoin de la technologie blockchain\" - organisateur","isPartOf":{"@id":"https:\/\/www.organisator.ch\/#website"},"primaryImageOfPage":{"@id":"https:\/\/www.organisator.ch\/management\/2018-11-29\/nicht-alle-unternehmen-brauchen-zwingend-blockchain-technologie\/#primaryimage"},"image":{"@id":"https:\/\/www.organisator.ch\/management\/2018-11-29\/nicht-alle-unternehmen-brauchen-zwingend-blockchain-technologie\/#primaryimage"},"thumbnailUrl":"https:\/\/www.organisator.ch\/wp-content\/uploads\/2018\/11\/Nicht-alle-Unternehmen-brauchen-zwingend-Blockchain-Technologie-1_Organisator.jpg","datePublished":"2018-11-29T08:17:11+00:00","description":"Lors du Forum Blockchain for Business (B4B) de la Haute \u00e9cole sp\u00e9cialis\u00e9e de Saint-Gall, des experts scientifiques et pratiques ont discut\u00e9 avec des entrepreneurs.","breadcrumb":{"@id":"https:\/\/www.organisator.ch\/management\/2018-11-29\/nicht-alle-unternehmen-brauchen-zwingend-blockchain-technologie\/#breadcrumb"},"inLanguage":"fr-FR","potentialAction":[{"@type":"ReadAction","target":["https:\/\/www.organisator.ch\/management\/2018-11-29\/nicht-alle-unternehmen-brauchen-zwingend-blockchain-technologie\/"]}]},{"@type":"ImageObject","inLanguage":"fr-FR","@id":"https:\/\/www.organisator.ch\/management\/2018-11-29\/nicht-alle-unternehmen-brauchen-zwingend-blockchain-technologie\/#primaryimage","url":"https:\/\/www.organisator.ch\/wp-content\/uploads\/2018\/11\/Nicht-alle-Unternehmen-brauchen-zwingend-Blockchain-Technologie-1_Organisator.jpg","contentUrl":"https:\/\/www.organisator.ch\/wp-content\/uploads\/2018\/11\/Nicht-alle-Unternehmen-brauchen-zwingend-Blockchain-Technologie-1_Organisator.jpg","width":680,"height":453,"caption":"Brauchen alle Unternehmen Blockchain-Technologie? Fernsehjournalist Reto Brennwald leitet die Podiumsdiskussion am Forum Blockchain for Business der FHSG. (Bild: zVg \/ FHSG)"},{"@type":"BreadcrumbList","@id":"https:\/\/www.organisator.ch\/management\/2018-11-29\/nicht-alle-unternehmen-brauchen-zwingend-blockchain-technologie\/#breadcrumb","itemListElement":[{"@type":"ListItem","position":1,"name":"Home","item":"https:\/\/www.organisator.ch\/"},{"@type":"ListItem","position":2,"name":"\u00abNicht alle Unternehmen brauchen zwingend Blockchain-Technologie\u00bb"}]},{"@type":"WebSite","@id":"https:\/\/www.organisator.ch\/#website","url":"https:\/\/www.organisator.ch\/","name":"Organisateur","description":"Comp\u00e9tence et comp\u00e9tence. Proches de la pratique. L'ORGANISATEUR pr\u00e9pare 10 num\u00e9ros par an sur les th\u00e8mes essentiels pour les dirigeants de PME.","publisher":{"@id":"https:\/\/www.organisator.ch\/#organization"},"potentialAction":[{"@type":"SearchAction","target":{"@type":"EntryPoint","urlTemplate":"https:\/\/www.organisator.ch\/?s={search_term_string}"},"query-input":{"@type":"PropertyValueSpecification","valueRequired":true,"valueName":"search_term_string"}}],"inLanguage":"fr-FR"},{"@type":"Organization","@id":"https:\/\/www.organisator.ch\/#organization","name":"Organisateur","url":"https:\/\/www.organisator.ch\/","logo":{"@type":"ImageObject","inLanguage":"fr-FR","@id":"https:\/\/www.organisator.ch\/#\/schema\/logo\/image\/","url":"https:\/\/www.organisator.ch\/wp-content\/uploads\/2022\/01\/Logo_Organisator_Website.png","contentUrl":"https:\/\/www.organisator.ch\/wp-content\/uploads\/2022\/01\/Logo_Organisator_Website.png","width":800,"height":77,"caption":"Organisator"},"image":{"@id":"https:\/\/www.organisator.ch\/#\/schema\/logo\/image\/"},"sameAs":["https:\/\/www.facebook.com\/OrganisatorFachmagazin","https:\/\/www.linkedin.com\/showcase\/organisator-das-magazin-fr-kmu","https:\/\/www.xing.com\/news\/pages\/organisator-ch-695","https:\/\/www.youtube.com\/channel\/UCGP2Sq0iWaZwT3BdIAQFYpw"]},{"@type":"Person","@id":"https:\/\/www.organisator.ch\/#\/schema\/person\/6f650f90b2842cd4c0cc334b4e36f67e","name":"thomas.berner","image":{"@type":"ImageObject","inLanguage":"fr-FR","@id":"https:\/\/secure.gravatar.com\/avatar\/ac5001d2a36cb6c6cd3e50789007ffca834b477b74a2144564522e944eabff61?s=96&d=mm&r=g","url":"https:\/\/secure.gravatar.com\/avatar\/ac5001d2a36cb6c6cd3e50789007ffca834b477b74a2144564522e944eabff61?s=96&d=mm&r=g","contentUrl":"https:\/\/secure.gravatar.com\/avatar\/ac5001d2a36cb6c6cd3e50789007ffca834b477b74a2144564522e944eabff61?s=96&d=mm&r=g","caption":"thomas.berner"},"url":"https:\/\/www.organisator.ch\/fr\/author\/thomas-berner\/"}]}},"_links":{"self":[{"href":"https:\/\/www.organisator.ch\/fr\/wp-json\/wp\/v2\/posts\/4588","targetHints":{"allow":["GET"]}}],"collection":[{"href":"https:\/\/www.organisator.ch\/fr\/wp-json\/wp\/v2\/posts"}],"about":[{"href":"https:\/\/www.organisator.ch\/fr\/wp-json\/wp\/v2\/types\/post"}],"author":[{"embeddable":true,"href":"https:\/\/www.organisator.ch\/fr\/wp-json\/wp\/v2\/users\/4"}],"replies":[{"embeddable":true,"href":"https:\/\/www.organisator.ch\/fr\/wp-json\/wp\/v2\/comments?post=4588"}],"version-history":[{"count":0,"href":"https:\/\/www.organisator.ch\/fr\/wp-json\/wp\/v2\/posts\/4588\/revisions"}],"wp:featuredmedia":[{"embeddable":true,"href":"https:\/\/www.organisator.ch\/fr\/wp-json\/wp\/v2\/media\/4589"}],"wp:attachment":[{"href":"https:\/\/www.organisator.ch\/fr\/wp-json\/wp\/v2\/media?parent=4588"}],"wp:term":[{"taxonomy":"category","embeddable":true,"href":"https:\/\/www.organisator.ch\/fr\/wp-json\/wp\/v2\/categories?post=4588"},{"taxonomy":"post_tag","embeddable":true,"href":"https:\/\/www.organisator.ch\/fr\/wp-json\/wp\/v2\/tags?post=4588"}],"curies":[{"name":"wp","href":"https:\/\/api.w.org\/{rel}","templated":true}]}}