{"id":45881,"date":"2026-03-10T16:19:27","date_gmt":"2026-03-10T15:19:27","guid":{"rendered":"https:\/\/www.m-q.ch\/?p=22555"},"modified":"2026-03-11T14:09:58","modified_gmt":"2026-03-11T13:09:58","slug":"neue-versicherung-fuer-veranstalter-eventunfall","status":"publish","type":"post","link":"https:\/\/www.organisator.ch\/fr\/operational-excellence\/2026-03-10\/neue-versicherung-fuer-veranstalter-eventunfall\/","title":{"rendered":"Nouvelle assurance pour les organisateurs : Accident \u00e9v\u00e9nementiel"},"content":{"rendered":"<figure id=\"attachment_22556\" class=\"wp-caption alignnone\" style=\"width: 680px;\" aria-describedby=\"caption-attachment-22556\"><img class=\"size-full wp-image-22556\" src=\"https:\/\/www.m-q.ch\/wp-content\/uploads\/2026\/03\/Neue-Versicherung-fuer-Veranstalter-Eventunfall_MQ.jpg\" sizes=\"(max-width: 680px) 100vw, 680px\" srcset=\"https:\/\/www.m-q.ch\/wp-content\/uploads\/2026\/03\/Neue-Versicherung-fuer-Veranstalter-Eventunfall_MQ.jpg 680w, https:\/\/www.m-q.ch\/wp-content\/uploads\/2026\/03\/Neue-Versicherung-fuer-Veranstalter-Eventunfall_MQ-18x12.jpg 18w, https:\/\/www.m-q.ch\/wp-content\/uploads\/2026\/03\/Neue-Versicherung-fuer-Veranstalter-Eventunfall_MQ-375x229.jpg 375w, https:\/\/www.m-q.ch\/wp-content\/uploads\/2026\/03\/Neue-Versicherung-fuer-Veranstalter-Eventunfall_MQ-573x350.jpg 573w\" alt=\"\" width=\"680\" height=\"415\" \/>\r\n<figcaption id=\"caption-attachment-22556\" class=\"wp-caption-text\">Une nouvelle assurance-accidents \u00e9v\u00e9nementielle prot\u00e8ge les organisateurs des cons\u00e9quences financi\u00e8res en cas d'accident lors d'un \u00e9v\u00e9nement. (Image : Unsplash.com)<\/figcaption>\r\n<\/figure>\r\n<p>Les manifestations comportent toujours des risques, c'est pourquoi une couverture d'assurance adapt\u00e9e est essentielle pour les organisateurs. La nouvelle assurance ERV couvre les organisateurs contre le risque qu'un visiteur se blesse lors de la manifestation et ne soit pas suffisamment assur\u00e9 pour supporter les frais d'accident. Dans de tels cas, ERV prend en charge la diff\u00e9rence entre les frais couverts et le montant r\u00e9ellement d\u00fb pour les frais de sant\u00e9. Cette assurance est particuli\u00e8rement indispensable \u00e0 une \u00e9poque o\u00f9 le public est souvent international. En effet, les h\u00f4tes internationaux pr\u00e9sentent souvent le risque de lacunes d'assurance individuelles.<\/p>\r\n<h3>Organisation de l'aide d'urgence<\/h3>\r\n<p>Pour les organisateurs, un accident lors d'une manifestation n'est pas seulement synonyme de charges financi\u00e8res, mais aussi d'un grand travail d'organisation. Pour soulager les organisateurs dans de telles situations, l'assurance accident \u00e9v\u00e9nementiel comprend \u00e9galement l'organisation des secours d'urgence. En cas d'urgence, la centrale d'urgence de l'ERV coordonne les forces d'intervention qui s'occupent sur place des personnes concern\u00e9es. Cela comprend \u00e9galement le soutien pour une \u00e9ventuelle prise en charge psychologique apr\u00e8s un accident.<\/p>\r\n<p>La nouvelle assurance accident \u00e9v\u00e9nementielle de l'ERV comprend les \u00e9l\u00e9ments suivants :<\/p>\r\n<ul>\r\n\t<li>Pour les \u00e9v\u00e9nements tels que les \u00e9v\u00e9nements d'entreprise, les \u00e9v\u00e9nements sportifs, les concerts, etc.<\/li>\r\n\t<li>Co-assurance des b\u00e9n\u00e9voles et d'autres groupes de personnes<\/li>\r\n\t<li>Une protection compl\u00e8te contre les risques d'accident<\/li>\r\n\t<li>Prestations de service y compris centrale d'appel d'urgence 24 heures sur 24<\/li>\r\n\t<li>Incl. aide psychologique d'urgence<\/li>\r\n\t<li>Protection contre d'\u00e9ventuelles atteintes \u00e0 la r\u00e9putation gr\u00e2ce \u00e0 un soutien en mati\u00e8re de communication de crise<\/li>\r\n<\/ul>\r\n<h3>Assurance individuelle pour les h\u00f4tes de l'\u00e9tranger<\/h3>\r\n<p>Afin que les h\u00f4tes internationaux ne souffrent d'aucune lacune de couverture lors de manifestations en Suisse, l'ERV propose en outre l'assurance pour h\u00f4tes. Elle prot\u00e8ge les visiteurs \u00e9trangers contre les frais d'accident et de maladie et constitue m\u00eame une condition pr\u00e9alable \u00e0 l'obtention d'un visa pour la Suisse et les Etats Schengen pour les personnes originaires de certains pays. L'assurance pour h\u00f4tes a \u00e9t\u00e9 remani\u00e9e au d\u00e9but de l'ann\u00e9e. Les nouveaut\u00e9s sont les suivantes<\/p>\r\n<ul>\r\n\t<li>Suppression de l'\u00e2ge maximal : l'assurance est d\u00e9sormais disponible pour tous les groupes d'\u00e2ge.<\/li>\r\n\t<li>Augmentation des montants de couverture : Une plus grande s\u00e9curit\u00e9 financi\u00e8re pour les assur\u00e9s.<\/li>\r\n\t<li>Extension de la couverture : validit\u00e9 dans tous les \u00c9tats Schengen.<\/li>\r\n<\/ul>\r\n<p><em>Source et informations compl\u00e9mentaires : <a href=\"http:\/\/www.erv.ch\/\">Assurance voyage europ\u00e9enne<\/a><\/em><\/p>\n<p class=\"syndicated-attribution\">Cet article est paru initialement sur m-q.ch - <a href=\"https:\/\/www.m-q.ch\/de\/neue-versicherung-fuer-veranstalter-eventunfall\/\" target=\"_blank\">https:\/\/www.m-q.ch\/de\/neue-versicherung-fuer-veranstalter-eventunfall\/<\/a><\/p>","protected":false},"excerpt":{"rendered":"<p>L'assurance voyage europ\u00e9enne ERV lance un nouveau produit pour les organisateurs : l'assurance accidents \u00e9v\u00e9nementiels. Cette assurance prot\u00e8ge les organisateurs d'\u00e9v\u00e9nements des cons\u00e9quences financi\u00e8res en cas d'accident de leurs participants \u00e0 l'\u00e9v\u00e9nement. Le risque que les lacunes d'assurance des visiteurs co\u00fbtent cher aux organisateurs augmente, en particulier lors de manifestations avec un public international. C'est pr\u00e9cis\u00e9ment l\u00e0 qu'intervient la nouvelle assurance accidents \u00e9v\u00e9nementiels de l'ERV.<\/p>","protected":false},"author":8,"featured_media":0,"comment_status":"closed","ping_status":"closed","sticky":false,"template":"","format":"standard","meta":{"_acf_changed":false,"_yoast_wpseo_focuskw":"Eventunfall","_yoast_wpseo_metadesc":"Eine neue Versicherung sch\u00fctzt Eventveranstalter vor finanziellen Folgen im Falle eines Unfalls von ihren Event-Besuchenden.","articlekey":"","footnotes":""},"categories":[582],"tags":[188,393,418,609,511],"class_list":["post-45881","post","type-post","status-publish","format-standard","hentry","category-operational-excellence","tag-events","tag-produkte","tag-risikomanagement","tag-risk-management","tag-versicherungen"],"acf":[],"yoast_head":"<!-- This site is optimized with the Yoast SEO plugin v27.5 - https:\/\/yoast.com\/product\/yoast-seo-wordpress\/ -->\n<title>Neue Versicherung f\u00fcr Veranstalter: Eventunfall - Organisator<\/title>\n<meta name=\"description\" content=\"Eine neue Versicherung sch\u00fctzt Eventveranstalter vor finanziellen Folgen im Falle eines Unfalls von ihren Event-Besuchenden.\" \/>\n<meta name=\"robots\" content=\"index, follow, max-snippet:-1, max-image-preview:large, max-video-preview:-1\" \/>\n<link rel=\"canonical\" href=\"https:\/\/www.organisator.ch\/fr\/excellence-operationnelle\/2026-03-10\/neue-versicherung-fuer-veranstalter-eventunfall\/\" \/>\n<meta property=\"og:locale\" content=\"fr_FR\" \/>\n<meta property=\"og:type\" content=\"article\" \/>\n<meta property=\"og:title\" content=\"Neue Versicherung f\u00fcr Veranstalter: Eventunfall - Organisator\" \/>\n<meta property=\"og:description\" content=\"Eine neue Versicherung sch\u00fctzt Eventveranstalter vor finanziellen Folgen im Falle eines Unfalls von ihren Event-Besuchenden.\" \/>\n<meta property=\"og:url\" content=\"https:\/\/www.organisator.ch\/fr\/excellence-operationnelle\/2026-03-10\/neue-versicherung-fuer-veranstalter-eventunfall\/\" \/>\n<meta property=\"og:site_name\" content=\"Organisator\" \/>\n<meta property=\"article:publisher\" content=\"https:\/\/www.facebook.com\/OrganisatorFachmagazin\" \/>\n<meta property=\"article:published_time\" content=\"2026-03-10T15:19:27+00:00\" \/>\n<meta property=\"article:modified_time\" content=\"2026-03-11T13:09:58+00:00\" \/>\n<meta property=\"og:image\" content=\"https:\/\/www.organisator.ch\/wp-content\/uploads\/2023\/10\/Management_Auftakt_Bild1_HIGH_organisator_68436-scaled.jpg\" \/>\n\t<meta property=\"og:image:width\" content=\"1043\" \/>\n\t<meta property=\"og:image:height\" content=\"1400\" \/>\n\t<meta property=\"og:image:type\" content=\"image\/jpeg\" \/>\n<meta name=\"author\" content=\"galledia\" \/>\n<meta name=\"twitter:card\" content=\"summary_large_image\" \/>\n<meta name=\"twitter:creator\" content=\"@admin\" \/>\n<script type=\"application\/ld+json\" class=\"yoast-schema-graph\">{\"@context\":\"https:\\\/\\\/schema.org\",\"@graph\":[{\"@type\":\"Article\",\"@id\":\"https:\\\/\\\/www.organisator.ch\\\/operational-excellence\\\/2026-03-10\\\/neue-versicherung-fuer-veranstalter-eventunfall\\\/#article\",\"isPartOf\":{\"@id\":\"https:\\\/\\\/www.organisator.ch\\\/operational-excellence\\\/2026-03-10\\\/neue-versicherung-fuer-veranstalter-eventunfall\\\/\"},\"author\":{\"name\":\"galledia\",\"@id\":\"https:\\\/\\\/www.organisator.ch\\\/#\\\/schema\\\/person\\\/4e51799071cd2dd1232ac003643ef5f0\"},\"headline\":\"Neue Versicherung f\u00fcr Veranstalter: Eventunfall\",\"datePublished\":\"2026-03-10T15:19:27+00:00\",\"dateModified\":\"2026-03-11T13:09:58+00:00\",\"mainEntityOfPage\":{\"@id\":\"https:\\\/\\\/www.organisator.ch\\\/operational-excellence\\\/2026-03-10\\\/neue-versicherung-fuer-veranstalter-eventunfall\\\/\"},\"wordCount\":355,\"publisher\":{\"@id\":\"https:\\\/\\\/www.organisator.ch\\\/#organization\"},\"image\":{\"@id\":\"https:\\\/\\\/www.organisator.ch\\\/operational-excellence\\\/2026-03-10\\\/neue-versicherung-fuer-veranstalter-eventunfall\\\/#primaryimage\"},\"thumbnailUrl\":\"https:\\\/\\\/www.m-q.ch\\\/wp-content\\\/uploads\\\/2026\\\/03\\\/Neue-Versicherung-fuer-Veranstalter-Eventunfall_MQ.jpg\",\"keywords\":[\"Events\",\"Produkte\",\"Risikomanagement\",\"Risk Management\",\"Versicherungen\"],\"articleSection\":[\"OPERATIONAL EXCELLENCE\"],\"inLanguage\":\"fr-FR\"},{\"@type\":\"WebPage\",\"@id\":\"https:\\\/\\\/www.organisator.ch\\\/operational-excellence\\\/2026-03-10\\\/neue-versicherung-fuer-veranstalter-eventunfall\\\/\",\"url\":\"https:\\\/\\\/www.organisator.ch\\\/operational-excellence\\\/2026-03-10\\\/neue-versicherung-fuer-veranstalter-eventunfall\\\/\",\"name\":\"Neue Versicherung f\u00fcr Veranstalter: Eventunfall - Organisator\",\"isPartOf\":{\"@id\":\"https:\\\/\\\/www.organisator.ch\\\/#website\"},\"primaryImageOfPage\":{\"@id\":\"https:\\\/\\\/www.organisator.ch\\\/operational-excellence\\\/2026-03-10\\\/neue-versicherung-fuer-veranstalter-eventunfall\\\/#primaryimage\"},\"image\":{\"@id\":\"https:\\\/\\\/www.organisator.ch\\\/operational-excellence\\\/2026-03-10\\\/neue-versicherung-fuer-veranstalter-eventunfall\\\/#primaryimage\"},\"thumbnailUrl\":\"https:\\\/\\\/www.m-q.ch\\\/wp-content\\\/uploads\\\/2026\\\/03\\\/Neue-Versicherung-fuer-Veranstalter-Eventunfall_MQ.jpg\",\"datePublished\":\"2026-03-10T15:19:27+00:00\",\"dateModified\":\"2026-03-11T13:09:58+00:00\",\"description\":\"Eine neue Versicherung sch\u00fctzt Eventveranstalter vor finanziellen Folgen im Falle eines Unfalls von ihren Event-Besuchenden.\",\"breadcrumb\":{\"@id\":\"https:\\\/\\\/www.organisator.ch\\\/operational-excellence\\\/2026-03-10\\\/neue-versicherung-fuer-veranstalter-eventunfall\\\/#breadcrumb\"},\"inLanguage\":\"fr-FR\",\"potentialAction\":[{\"@type\":\"ReadAction\",\"target\":[\"https:\\\/\\\/www.organisator.ch\\\/operational-excellence\\\/2026-03-10\\\/neue-versicherung-fuer-veranstalter-eventunfall\\\/\"]}]},{\"@type\":\"ImageObject\",\"inLanguage\":\"fr-FR\",\"@id\":\"https:\\\/\\\/www.organisator.ch\\\/operational-excellence\\\/2026-03-10\\\/neue-versicherung-fuer-veranstalter-eventunfall\\\/#primaryimage\",\"url\":\"https:\\\/\\\/www.m-q.ch\\\/wp-content\\\/uploads\\\/2026\\\/03\\\/Neue-Versicherung-fuer-Veranstalter-Eventunfall_MQ.jpg\",\"contentUrl\":\"https:\\\/\\\/www.m-q.ch\\\/wp-content\\\/uploads\\\/2026\\\/03\\\/Neue-Versicherung-fuer-Veranstalter-Eventunfall_MQ.jpg\"},{\"@type\":\"BreadcrumbList\",\"@id\":\"https:\\\/\\\/www.organisator.ch\\\/operational-excellence\\\/2026-03-10\\\/neue-versicherung-fuer-veranstalter-eventunfall\\\/#breadcrumb\",\"itemListElement\":[{\"@type\":\"ListItem\",\"position\":1,\"name\":\"Home\",\"item\":\"https:\\\/\\\/www.organisator.ch\\\/\"},{\"@type\":\"ListItem\",\"position\":2,\"name\":\"Neue Versicherung f\u00fcr Veranstalter: Eventunfall\"}]},{\"@type\":\"WebSite\",\"@id\":\"https:\\\/\\\/www.organisator.ch\\\/#website\",\"url\":\"https:\\\/\\\/www.organisator.ch\\\/\",\"name\":\"Organisator\",\"description\":\"Kompetent. Praxisnah. Der ORGANISATOR bereitet in 10 Ausgaben pro Jahr die wesentlichen Themen f\u00fcr F\u00fchrungskr\u00e4fte von KMU auf.\",\"publisher\":{\"@id\":\"https:\\\/\\\/www.organisator.ch\\\/#organization\"},\"potentialAction\":[{\"@type\":\"SearchAction\",\"target\":{\"@type\":\"EntryPoint\",\"urlTemplate\":\"https:\\\/\\\/www.organisator.ch\\\/?s={search_term_string}\"},\"query-input\":{\"@type\":\"PropertyValueSpecification\",\"valueRequired\":true,\"valueName\":\"search_term_string\"}}],\"inLanguage\":\"fr-FR\"},{\"@type\":\"Organization\",\"@id\":\"https:\\\/\\\/www.organisator.ch\\\/#organization\",\"name\":\"Organisator\",\"url\":\"https:\\\/\\\/www.organisator.ch\\\/\",\"logo\":{\"@type\":\"ImageObject\",\"inLanguage\":\"fr-FR\",\"@id\":\"https:\\\/\\\/www.organisator.ch\\\/#\\\/schema\\\/logo\\\/image\\\/\",\"url\":\"https:\\\/\\\/www.organisator.ch\\\/wp-content\\\/uploads\\\/2022\\\/01\\\/Logo_Organisator_Website.png\",\"contentUrl\":\"https:\\\/\\\/www.organisator.ch\\\/wp-content\\\/uploads\\\/2022\\\/01\\\/Logo_Organisator_Website.png\",\"width\":800,\"height\":77,\"caption\":\"Organisator\"},\"image\":{\"@id\":\"https:\\\/\\\/www.organisator.ch\\\/#\\\/schema\\\/logo\\\/image\\\/\"},\"sameAs\":[\"https:\\\/\\\/www.facebook.com\\\/OrganisatorFachmagazin\",\"https:\\\/\\\/www.linkedin.com\\\/showcase\\\/organisator-das-magazin-fr-kmu\",\"https:\\\/\\\/www.xing.com\\\/news\\\/pages\\\/organisator-ch-695\",\"https:\\\/\\\/www.youtube.com\\\/channel\\\/UCGP2Sq0iWaZwT3BdIAQFYpw\"]},{\"@type\":\"Person\",\"@id\":\"https:\\\/\\\/www.organisator.ch\\\/#\\\/schema\\\/person\\\/4e51799071cd2dd1232ac003643ef5f0\",\"name\":\"galledia\",\"image\":{\"@type\":\"ImageObject\",\"inLanguage\":\"fr-FR\",\"@id\":\"https:\\\/\\\/secure.gravatar.com\\\/avatar\\\/78a7f90c01fc2bfc875782a0d4922b37cde2cf184ce347b91316d23cd7f69a36?s=96&d=mm&r=g\",\"url\":\"https:\\\/\\\/secure.gravatar.com\\\/avatar\\\/78a7f90c01fc2bfc875782a0d4922b37cde2cf184ce347b91316d23cd7f69a36?s=96&d=mm&r=g\",\"contentUrl\":\"https:\\\/\\\/secure.gravatar.com\\\/avatar\\\/78a7f90c01fc2bfc875782a0d4922b37cde2cf184ce347b91316d23cd7f69a36?s=96&d=mm&r=g\",\"caption\":\"galledia\"},\"sameAs\":[\"https:\\\/\\\/x.com\\\/admin\"],\"url\":\"https:\\\/\\\/www.organisator.ch\\\/fr\\\/author\\\/galledia\\\/\"}]}<\/script>\n<!-- \/ Yoast SEO plugin. -->","yoast_head_json":{"title":"Nouvelle assurance pour les organisateurs : Accident \u00e9v\u00e9nementiel - Organisateur","description":"Une nouvelle assurance prot\u00e8ge les organisateurs d'\u00e9v\u00e9nements contre les cons\u00e9quences financi\u00e8res en cas d'accident des participants \u00e0 leurs \u00e9v\u00e9nements.","robots":{"index":"index","follow":"follow","max-snippet":"max-snippet:-1","max-image-preview":"max-image-preview:large","max-video-preview":"max-video-preview:-1"},"canonical":"https:\/\/www.organisator.ch\/fr\/excellence-operationnelle\/2026-03-10\/neue-versicherung-fuer-veranstalter-eventunfall\/","og_locale":"fr_FR","og_type":"article","og_title":"Neue Versicherung f\u00fcr Veranstalter: Eventunfall - Organisator","og_description":"Eine neue Versicherung sch\u00fctzt Eventveranstalter vor finanziellen Folgen im Falle eines Unfalls von ihren Event-Besuchenden.","og_url":"https:\/\/www.organisator.ch\/fr\/excellence-operationnelle\/2026-03-10\/neue-versicherung-fuer-veranstalter-eventunfall\/","og_site_name":"Organisator","article_publisher":"https:\/\/www.facebook.com\/OrganisatorFachmagazin","article_published_time":"2026-03-10T15:19:27+00:00","article_modified_time":"2026-03-11T13:09:58+00:00","og_image":[{"width":1043,"height":1400,"url":"https:\/\/www.organisator.ch\/wp-content\/uploads\/2023\/10\/Management_Auftakt_Bild1_HIGH_organisator_68436-scaled.jpg","type":"image\/jpeg"}],"author":"galledia","twitter_card":"summary_large_image","twitter_creator":"@admin","schema":{"@context":"https:\/\/schema.org","@graph":[{"@type":"Article","@id":"https:\/\/www.organisator.ch\/operational-excellence\/2026-03-10\/neue-versicherung-fuer-veranstalter-eventunfall\/#article","isPartOf":{"@id":"https:\/\/www.organisator.ch\/operational-excellence\/2026-03-10\/neue-versicherung-fuer-veranstalter-eventunfall\/"},"author":{"name":"galledia","@id":"https:\/\/www.organisator.ch\/#\/schema\/person\/4e51799071cd2dd1232ac003643ef5f0"},"headline":"Neue Versicherung f\u00fcr Veranstalter: Eventunfall","datePublished":"2026-03-10T15:19:27+00:00","dateModified":"2026-03-11T13:09:58+00:00","mainEntityOfPage":{"@id":"https:\/\/www.organisator.ch\/operational-excellence\/2026-03-10\/neue-versicherung-fuer-veranstalter-eventunfall\/"},"wordCount":355,"publisher":{"@id":"https:\/\/www.organisator.ch\/#organization"},"image":{"@id":"https:\/\/www.organisator.ch\/operational-excellence\/2026-03-10\/neue-versicherung-fuer-veranstalter-eventunfall\/#primaryimage"},"thumbnailUrl":"https:\/\/www.m-q.ch\/wp-content\/uploads\/2026\/03\/Neue-Versicherung-fuer-Veranstalter-Eventunfall_MQ.jpg","keywords":["Events","Produkte","Risikomanagement","Risk Management","Versicherungen"],"articleSection":["OPERATIONAL EXCELLENCE"],"inLanguage":"fr-FR"},{"@type":"WebPage","@id":"https:\/\/www.organisator.ch\/operational-excellence\/2026-03-10\/neue-versicherung-fuer-veranstalter-eventunfall\/","url":"https:\/\/www.organisator.ch\/operational-excellence\/2026-03-10\/neue-versicherung-fuer-veranstalter-eventunfall\/","name":"Nouvelle assurance pour les organisateurs : Accident \u00e9v\u00e9nementiel - Organisateur","isPartOf":{"@id":"https:\/\/www.organisator.ch\/#website"},"primaryImageOfPage":{"@id":"https:\/\/www.organisator.ch\/operational-excellence\/2026-03-10\/neue-versicherung-fuer-veranstalter-eventunfall\/#primaryimage"},"image":{"@id":"https:\/\/www.organisator.ch\/operational-excellence\/2026-03-10\/neue-versicherung-fuer-veranstalter-eventunfall\/#primaryimage"},"thumbnailUrl":"https:\/\/www.m-q.ch\/wp-content\/uploads\/2026\/03\/Neue-Versicherung-fuer-Veranstalter-Eventunfall_MQ.jpg","datePublished":"2026-03-10T15:19:27+00:00","dateModified":"2026-03-11T13:09:58+00:00","description":"Une nouvelle assurance prot\u00e8ge les organisateurs d'\u00e9v\u00e9nements contre les cons\u00e9quences financi\u00e8res en cas d'accident des participants \u00e0 leurs \u00e9v\u00e9nements.","breadcrumb":{"@id":"https:\/\/www.organisator.ch\/operational-excellence\/2026-03-10\/neue-versicherung-fuer-veranstalter-eventunfall\/#breadcrumb"},"inLanguage":"fr-FR","potentialAction":[{"@type":"ReadAction","target":["https:\/\/www.organisator.ch\/operational-excellence\/2026-03-10\/neue-versicherung-fuer-veranstalter-eventunfall\/"]}]},{"@type":"ImageObject","inLanguage":"fr-FR","@id":"https:\/\/www.organisator.ch\/operational-excellence\/2026-03-10\/neue-versicherung-fuer-veranstalter-eventunfall\/#primaryimage","url":"https:\/\/www.m-q.ch\/wp-content\/uploads\/2026\/03\/Neue-Versicherung-fuer-Veranstalter-Eventunfall_MQ.jpg","contentUrl":"https:\/\/www.m-q.ch\/wp-content\/uploads\/2026\/03\/Neue-Versicherung-fuer-Veranstalter-Eventunfall_MQ.jpg"},{"@type":"BreadcrumbList","@id":"https:\/\/www.organisator.ch\/operational-excellence\/2026-03-10\/neue-versicherung-fuer-veranstalter-eventunfall\/#breadcrumb","itemListElement":[{"@type":"ListItem","position":1,"name":"Home","item":"https:\/\/www.organisator.ch\/"},{"@type":"ListItem","position":2,"name":"Neue Versicherung f\u00fcr Veranstalter: Eventunfall"}]},{"@type":"WebSite","@id":"https:\/\/www.organisator.ch\/#website","url":"https:\/\/www.organisator.ch\/","name":"Organisateur","description":"Comp\u00e9tence et comp\u00e9tence. Proches de la pratique. L'ORGANISATEUR pr\u00e9pare 10 num\u00e9ros par an sur les th\u00e8mes essentiels pour les dirigeants de PME.","publisher":{"@id":"https:\/\/www.organisator.ch\/#organization"},"potentialAction":[{"@type":"SearchAction","target":{"@type":"EntryPoint","urlTemplate":"https:\/\/www.organisator.ch\/?s={search_term_string}"},"query-input":{"@type":"PropertyValueSpecification","valueRequired":true,"valueName":"search_term_string"}}],"inLanguage":"fr-FR"},{"@type":"Organization","@id":"https:\/\/www.organisator.ch\/#organization","name":"Organisateur","url":"https:\/\/www.organisator.ch\/","logo":{"@type":"ImageObject","inLanguage":"fr-FR","@id":"https:\/\/www.organisator.ch\/#\/schema\/logo\/image\/","url":"https:\/\/www.organisator.ch\/wp-content\/uploads\/2022\/01\/Logo_Organisator_Website.png","contentUrl":"https:\/\/www.organisator.ch\/wp-content\/uploads\/2022\/01\/Logo_Organisator_Website.png","width":800,"height":77,"caption":"Organisator"},"image":{"@id":"https:\/\/www.organisator.ch\/#\/schema\/logo\/image\/"},"sameAs":["https:\/\/www.facebook.com\/OrganisatorFachmagazin","https:\/\/www.linkedin.com\/showcase\/organisator-das-magazin-fr-kmu","https:\/\/www.xing.com\/news\/pages\/organisator-ch-695","https:\/\/www.youtube.com\/channel\/UCGP2Sq0iWaZwT3BdIAQFYpw"]},{"@type":"Person","@id":"https:\/\/www.organisator.ch\/#\/schema\/person\/4e51799071cd2dd1232ac003643ef5f0","name":"galledia","image":{"@type":"ImageObject","inLanguage":"fr-FR","@id":"https:\/\/secure.gravatar.com\/avatar\/78a7f90c01fc2bfc875782a0d4922b37cde2cf184ce347b91316d23cd7f69a36?s=96&d=mm&r=g","url":"https:\/\/secure.gravatar.com\/avatar\/78a7f90c01fc2bfc875782a0d4922b37cde2cf184ce347b91316d23cd7f69a36?s=96&d=mm&r=g","contentUrl":"https:\/\/secure.gravatar.com\/avatar\/78a7f90c01fc2bfc875782a0d4922b37cde2cf184ce347b91316d23cd7f69a36?s=96&d=mm&r=g","caption":"galledia"},"sameAs":["https:\/\/x.com\/admin"],"url":"https:\/\/www.organisator.ch\/fr\/author\/galledia\/"}]}},"_links":{"self":[{"href":"https:\/\/www.organisator.ch\/fr\/wp-json\/wp\/v2\/posts\/45881","targetHints":{"allow":["GET"]}}],"collection":[{"href":"https:\/\/www.organisator.ch\/fr\/wp-json\/wp\/v2\/posts"}],"about":[{"href":"https:\/\/www.organisator.ch\/fr\/wp-json\/wp\/v2\/types\/post"}],"author":[{"embeddable":true,"href":"https:\/\/www.organisator.ch\/fr\/wp-json\/wp\/v2\/users\/8"}],"replies":[{"embeddable":true,"href":"https:\/\/www.organisator.ch\/fr\/wp-json\/wp\/v2\/comments?post=45881"}],"version-history":[{"count":5,"href":"https:\/\/www.organisator.ch\/fr\/wp-json\/wp\/v2\/posts\/45881\/revisions"}],"predecessor-version":[{"id":45978,"href":"https:\/\/www.organisator.ch\/fr\/wp-json\/wp\/v2\/posts\/45881\/revisions\/45978"}],"wp:attachment":[{"href":"https:\/\/www.organisator.ch\/fr\/wp-json\/wp\/v2\/media?parent=45881"}],"wp:term":[{"taxonomy":"category","embeddable":true,"href":"https:\/\/www.organisator.ch\/fr\/wp-json\/wp\/v2\/categories?post=45881"},{"taxonomy":"post_tag","embeddable":true,"href":"https:\/\/www.organisator.ch\/fr\/wp-json\/wp\/v2\/tags?post=45881"}],"curies":[{"name":"wp","href":"https:\/\/api.w.org\/{rel}","templated":true}]}}