{"id":459,"date":"2016-08-17T17:02:16","date_gmt":"2016-08-17T15:02:16","guid":{"rendered":"https:\/\/dev.umweltperspektiven.ch\/?p=459"},"modified":"2016-08-17T17:02:16","modified_gmt":"2016-08-17T15:02:16","slug":"wald-soll-besser-geschuetzt-werden","status":"publish","type":"post","link":"https:\/\/www.organisator.ch\/fr\/allgemein\/2016-08-17\/wald-soll-besser-geschuetzt-werden\/","title":{"rendered":"Les for\u00eats doivent \u00eatre mieux prot\u00e9g\u00e9es"},"content":{"rendered":"<figure id=\"attachment_460\" aria-describedby=\"caption-attachment-460\" style=\"width: 680px\" class=\"wp-caption alignnone\"><a href=\"\/\/dev.umweltperspektiven.ch\/wp-content\/uploads\/2016\/12\/Wald-soll-besser-gesch\u00fctzt-werden-umweltperspektiven.jpg\"><img loading=\"lazy\" decoding=\"async\" class=\"size-medium wp-image-460\" src=\"\/\/dev.umweltperspektiven.ch\/wp-content\/uploads\/2016\/12\/Wald-soll-besser-gesch\u00fctzt-werden-umweltperspektiven.jpg\" alt=\"La Conf\u00e9d\u00e9ration veut prot\u00e9ger la for\u00eat contre les esp\u00e8ces invasives et le changement climatique\" width=\"680\" height=\"468\" \/><\/a><figcaption id=\"caption-attachment-460\" class=\"wp-caption-text\">La Conf\u00e9d\u00e9ration veut prot\u00e9ger la for\u00eat contre les esp\u00e8ces invasives et le changement climatique<\/figcaption><\/figure>\n<p>Le Conseil f\u00e9d\u00e9ral a approuv\u00e9 la r\u00e9vision de l'ordonnance sur les for\u00eats. Les nouvelles dispositions ont pour but de mieux prot\u00e9ger \u00e0 l'avenir la for\u00eat contre les organismes nuisibles, de l'armer pour faire face aux d\u00e9fis du changement climatique et de renforcer l'exploitation du bois ainsi que la s\u00e9curit\u00e9 du travail lors de la r\u00e9colte du bois.<\/p>\n<p><strong>Lutter contre les nuisibles invasifs<\/strong><\/p>\n<p>Les modifications relatives \u00e0 la pr\u00e9vention et \u00e0 la lutte contre les organismes nuisibles permettent de combler les lacunes r\u00e9glementaires existantes. La menace que repr\u00e9sentent les agents pathog\u00e8nes, les champignons et les insectes pour la for\u00eat en est la raison. En particulier, les organismes nuisibles invasifs tels que le capricorne asiatique, le gaulis ou la maladie fongique du fl\u00e9trissement du fr\u00eane arrivent de plus en plus souvent en Suisse en raison de la mondialisation et menacent la sant\u00e9 des for\u00eats.<\/p>\n<p>Les modifications permettent au Conseil f\u00e9d\u00e9ral d'interdire ou de limiter l'utilisation de certains organismes, plantes et marchandises et d'introduire des obligations d'autorisation, de notification, d'enregistrement et de documentation afin de se prot\u00e9ger contre les organismes nuisibles.<\/p>\n<p><strong>Adaptation au changement climatique<\/strong><\/p>\n<p>La for\u00eat est largement touch\u00e9e par le changement climatique. La Conf\u00e9d\u00e9ration s'attend \u00e0 ce que, outre la hausse des temp\u00e9ratures moyennes, les \u00e9v\u00e9nements extr\u00eames tels que les p\u00e9riodes de s\u00e9cheresse ou les temp\u00eates soient plus fr\u00e9quents. Les dangers tels que les incendies de for\u00eat ou les attaques d'organismes nuisibles devraient augmenter. L'\u00e9volution des conditions locales pourrait mettre en p\u00e9ril les fonctions de la for\u00eat. C'est pourquoi la promotion de la r\u00e9g\u00e9n\u00e9ration des for\u00eats, les soins cibl\u00e9s aux jeunes for\u00eats ou la production de mat\u00e9riel forestier de reproduction doivent permettre aux peuplements forestiers de r\u00e9sister et de s'adapter aux changements climatiques attendus.<\/p>\n<p>Un nouvel article permet \u00e0 la Conf\u00e9d\u00e9ration et aux cantons de prendre des mesures en ce sens et de les soutenir par des aides financi\u00e8res.<\/p>\n<p><strong>Renforcer l'utilisation du bois<\/strong><\/p>\n<p>Depuis des d\u00e9cennies, la for\u00eat suisse exploite moins de bois qu'elle n'en produit. La Conf\u00e9d\u00e9ration estime qu'une exploitation plus importante est judicieuse et souhaitable, car le bois pr\u00e9sente d'excellentes propri\u00e9t\u00e9s, notamment comme mat\u00e9riau de construction (par exemple pour les constructions denses), son utilisation permet de stocker du CO2 et il peut en m\u00eame temps remplacer des mat\u00e9riaux de construction gourmands en \u00e9nergie comme l'acier ou le b\u00e9ton.<\/p>\n<p>En tant que mati\u00e8re premi\u00e8re pour la production de chaleur et d'\u00e9lectricit\u00e9, le bois est neutre en termes de CO2, contrairement aux combustibles fossiles. Le bois issu des for\u00eats suisses peut donc apporter une contribution importante aux objectifs politiques en mati\u00e8re de climat et d'\u00e9nergie, mais aussi \u00e0 l'efficacit\u00e9 des ressources et \u00e0 la densification des constructions.<\/p>\n<p>La loi sur les for\u00eats contient donc un nouvel article sur la promotion du bois et un autre sur l'utilisation du bois dans les constructions et installations de la Conf\u00e9d\u00e9ration. La Conf\u00e9d\u00e9ration cr\u00e9e ainsi une meilleure base pour promouvoir l'\u00e9coulement et la valorisation du bois produit de mani\u00e8re durable - en g\u00e9n\u00e9ral et dans les constructions et installations de la Conf\u00e9d\u00e9ration en particulier.<\/p>\n<p>La loi r\u00e9vis\u00e9e sur les for\u00eats et les modifications de l'ordonnance sur les for\u00eats entreront en vigueur le 1er janvier 2017.<\/p>","protected":false},"excerpt":{"rendered":"<p>Der Bundesrat hat\u00a0die Revision der Waldverordnung genehmigt. Die neuen Bestimmungen haben zum Ziel, den Wald k\u00fcnftig besser vor Schadorganismen zu sch\u00fctzen, ihn f\u00fcr die Herausforderungen des Klimawandels zu wappnen und die Holznutzung sowie die Arbeitssicherheit bei der Holzernte zu st\u00e4rken. Invasive Sch\u00e4dlinge bek\u00e4mpfen Mit den \u00c4nderungen zur Pr\u00e4vention und Bek\u00e4mpfung von Schadoragnismen werden vorhandene Regelungsl\u00fccken [&hellip;]<\/p>\n","protected":false},"author":1,"featured_media":9405,"comment_status":"open","ping_status":"open","sticky":false,"template":"","format":"standard","meta":{"_acf_changed":false,"_yoast_wpseo_focuskw":"Wald","_yoast_wpseo_metadesc":"Der Schweizer Wald soll k\u00fcnftig besser vor Sch\u00e4dlingen gesch\u00fctzt und f\u00fcr den Klimawandel gewappnet werden. Dies besagt die Revision des Waldgesetzes, die eben vom Bundesrat abgesegnet wurde.","articlekey":"","footnotes":""},"categories":[1],"tags":[883,2068,2501,2502],"class_list":["post-459","post","type-post","status-publish","format-standard","has-post-thumbnail","hentry","category-allgemein","tag-bund","tag-schutz","tag-waldgesetz","tag-waldverordnung"],"acf":[],"yoast_head":"<!-- This site is optimized with the Yoast SEO plugin v27.4 - https:\/\/yoast.com\/product\/yoast-seo-wordpress\/ -->\n<title>Wald soll besser gesch\u00fctzt werden - Organisator<\/title>\n<meta name=\"description\" content=\"Der Schweizer Wald soll k\u00fcnftig besser vor Sch\u00e4dlingen gesch\u00fctzt und f\u00fcr den Klimawandel gewappnet werden. Dies besagt die Revision des Waldgesetzes, die eben vom Bundesrat abgesegnet wurde.\" \/>\n<meta name=\"robots\" content=\"index, follow, max-snippet:-1, max-image-preview:large, max-video-preview:-1\" \/>\n<link rel=\"canonical\" href=\"https:\/\/www.organisator.ch\/fr\/general\/2016-08-17\/wald-soll-besser-geschuetzt-werden\/\" \/>\n<meta property=\"og:locale\" content=\"fr_FR\" \/>\n<meta property=\"og:type\" content=\"article\" \/>\n<meta property=\"og:title\" content=\"Wald soll besser gesch\u00fctzt werden - Organisator\" \/>\n<meta property=\"og:description\" content=\"Der Schweizer Wald soll k\u00fcnftig besser vor Sch\u00e4dlingen gesch\u00fctzt und f\u00fcr den Klimawandel gewappnet werden. Dies besagt die Revision des Waldgesetzes, die eben vom Bundesrat abgesegnet wurde.\" \/>\n<meta property=\"og:url\" content=\"https:\/\/www.organisator.ch\/fr\/general\/2016-08-17\/wald-soll-besser-geschuetzt-werden\/\" \/>\n<meta property=\"og:site_name\" content=\"Organisator\" \/>\n<meta property=\"article:publisher\" content=\"https:\/\/www.facebook.com\/OrganisatorFachmagazin\" \/>\n<meta property=\"article:published_time\" content=\"2016-08-17T15:02:16+00:00\" \/>\n<meta property=\"og:image\" content=\"https:\/\/www.organisator.ch\/wp-content\/uploads\/2016\/12\/Wald-soll-besser-geschuetzt-werden-umweltperspektiven-1024x704.jpg\" \/>\n\t<meta property=\"og:image:width\" content=\"1024\" \/>\n\t<meta property=\"og:image:height\" content=\"704\" \/>\n\t<meta property=\"og:image:type\" content=\"image\/jpeg\" \/>\n<meta name=\"author\" content=\"admin\" \/>\n<meta name=\"twitter:card\" content=\"summary_large_image\" \/>\n<script type=\"application\/ld+json\" class=\"yoast-schema-graph\">{\"@context\":\"https:\\\/\\\/schema.org\",\"@graph\":[{\"@type\":\"Article\",\"@id\":\"https:\\\/\\\/www.organisator.ch\\\/de\\\/allgemein\\\/2016-08-17\\\/wald-soll-besser-geschuetzt-werden\\\/#article\",\"isPartOf\":{\"@id\":\"https:\\\/\\\/www.organisator.ch\\\/de\\\/allgemein\\\/2016-08-17\\\/wald-soll-besser-geschuetzt-werden\\\/\"},\"author\":{\"name\":\"admin\",\"@id\":\"https:\\\/\\\/www.organisator.ch\\\/#\\\/schema\\\/person\\\/aa2bace6c5c5aad60102004a50c4eb1c\"},\"headline\":\"Wald soll besser gesch\u00fctzt werden\",\"datePublished\":\"2016-08-17T15:02:16+00:00\",\"mainEntityOfPage\":{\"@id\":\"https:\\\/\\\/www.organisator.ch\\\/de\\\/allgemein\\\/2016-08-17\\\/wald-soll-besser-geschuetzt-werden\\\/\"},\"wordCount\":441,\"commentCount\":0,\"publisher\":{\"@id\":\"https:\\\/\\\/www.organisator.ch\\\/#organization\"},\"image\":{\"@id\":\"https:\\\/\\\/www.organisator.ch\\\/de\\\/allgemein\\\/2016-08-17\\\/wald-soll-besser-geschuetzt-werden\\\/#primaryimage\"},\"thumbnailUrl\":\"https:\\\/\\\/www.organisator.ch\\\/wp-content\\\/uploads\\\/2016\\\/12\\\/Wald-soll-besser-geschuetzt-werden-umweltperspektiven.jpg\",\"keywords\":[\"Bund\",\"Schutz\",\"Waldgesetz\",\"Waldverordnung\"],\"articleSection\":[\"Allgemein\"],\"inLanguage\":\"fr-FR\"},{\"@type\":\"WebPage\",\"@id\":\"https:\\\/\\\/www.organisator.ch\\\/de\\\/allgemein\\\/2016-08-17\\\/wald-soll-besser-geschuetzt-werden\\\/\",\"url\":\"https:\\\/\\\/www.organisator.ch\\\/de\\\/allgemein\\\/2016-08-17\\\/wald-soll-besser-geschuetzt-werden\\\/\",\"name\":\"Wald soll besser gesch\u00fctzt werden - Organisator\",\"isPartOf\":{\"@id\":\"https:\\\/\\\/www.organisator.ch\\\/#website\"},\"primaryImageOfPage\":{\"@id\":\"https:\\\/\\\/www.organisator.ch\\\/de\\\/allgemein\\\/2016-08-17\\\/wald-soll-besser-geschuetzt-werden\\\/#primaryimage\"},\"image\":{\"@id\":\"https:\\\/\\\/www.organisator.ch\\\/de\\\/allgemein\\\/2016-08-17\\\/wald-soll-besser-geschuetzt-werden\\\/#primaryimage\"},\"thumbnailUrl\":\"https:\\\/\\\/www.organisator.ch\\\/wp-content\\\/uploads\\\/2016\\\/12\\\/Wald-soll-besser-geschuetzt-werden-umweltperspektiven.jpg\",\"datePublished\":\"2016-08-17T15:02:16+00:00\",\"description\":\"Der Schweizer Wald soll k\u00fcnftig besser vor Sch\u00e4dlingen gesch\u00fctzt und f\u00fcr den Klimawandel gewappnet werden. Dies besagt die Revision des Waldgesetzes, die eben vom Bundesrat abgesegnet wurde.\",\"breadcrumb\":{\"@id\":\"https:\\\/\\\/www.organisator.ch\\\/de\\\/allgemein\\\/2016-08-17\\\/wald-soll-besser-geschuetzt-werden\\\/#breadcrumb\"},\"inLanguage\":\"fr-FR\",\"potentialAction\":[{\"@type\":\"ReadAction\",\"target\":[\"https:\\\/\\\/www.organisator.ch\\\/de\\\/allgemein\\\/2016-08-17\\\/wald-soll-besser-geschuetzt-werden\\\/\"]}]},{\"@type\":\"ImageObject\",\"inLanguage\":\"fr-FR\",\"@id\":\"https:\\\/\\\/www.organisator.ch\\\/de\\\/allgemein\\\/2016-08-17\\\/wald-soll-besser-geschuetzt-werden\\\/#primaryimage\",\"url\":\"https:\\\/\\\/www.organisator.ch\\\/wp-content\\\/uploads\\\/2016\\\/12\\\/Wald-soll-besser-geschuetzt-werden-umweltperspektiven.jpg\",\"contentUrl\":\"https:\\\/\\\/www.organisator.ch\\\/wp-content\\\/uploads\\\/2016\\\/12\\\/Wald-soll-besser-geschuetzt-werden-umweltperspektiven.jpg\",\"width\":1999,\"height\":1375,\"caption\":\"Der Bund will den Wald vor invasiven Arten und dem Klimawandel sch\u00fctzen\"},{\"@type\":\"BreadcrumbList\",\"@id\":\"https:\\\/\\\/www.organisator.ch\\\/de\\\/allgemein\\\/2016-08-17\\\/wald-soll-besser-geschuetzt-werden\\\/#breadcrumb\",\"itemListElement\":[{\"@type\":\"ListItem\",\"position\":1,\"name\":\"Home\",\"item\":\"https:\\\/\\\/www.organisator.ch\\\/\"},{\"@type\":\"ListItem\",\"position\":2,\"name\":\"Wald soll besser gesch\u00fctzt werden\"}]},{\"@type\":\"WebSite\",\"@id\":\"https:\\\/\\\/www.organisator.ch\\\/#website\",\"url\":\"https:\\\/\\\/www.organisator.ch\\\/\",\"name\":\"Organisator\",\"description\":\"Kompetent. Praxisnah. Der ORGANISATOR bereitet in 10 Ausgaben pro Jahr die wesentlichen Themen f\u00fcr F\u00fchrungskr\u00e4fte von KMU auf.\",\"publisher\":{\"@id\":\"https:\\\/\\\/www.organisator.ch\\\/#organization\"},\"potentialAction\":[{\"@type\":\"SearchAction\",\"target\":{\"@type\":\"EntryPoint\",\"urlTemplate\":\"https:\\\/\\\/www.organisator.ch\\\/?s={search_term_string}\"},\"query-input\":{\"@type\":\"PropertyValueSpecification\",\"valueRequired\":true,\"valueName\":\"search_term_string\"}}],\"inLanguage\":\"fr-FR\"},{\"@type\":\"Organization\",\"@id\":\"https:\\\/\\\/www.organisator.ch\\\/#organization\",\"name\":\"Organisator\",\"url\":\"https:\\\/\\\/www.organisator.ch\\\/\",\"logo\":{\"@type\":\"ImageObject\",\"inLanguage\":\"fr-FR\",\"@id\":\"https:\\\/\\\/www.organisator.ch\\\/#\\\/schema\\\/logo\\\/image\\\/\",\"url\":\"https:\\\/\\\/www.organisator.ch\\\/wp-content\\\/uploads\\\/2022\\\/01\\\/Logo_Organisator_Website.png\",\"contentUrl\":\"https:\\\/\\\/www.organisator.ch\\\/wp-content\\\/uploads\\\/2022\\\/01\\\/Logo_Organisator_Website.png\",\"width\":800,\"height\":77,\"caption\":\"Organisator\"},\"image\":{\"@id\":\"https:\\\/\\\/www.organisator.ch\\\/#\\\/schema\\\/logo\\\/image\\\/\"},\"sameAs\":[\"https:\\\/\\\/www.facebook.com\\\/OrganisatorFachmagazin\",\"https:\\\/\\\/www.linkedin.com\\\/showcase\\\/organisator-das-magazin-fr-kmu\",\"https:\\\/\\\/www.xing.com\\\/news\\\/pages\\\/organisator-ch-695\",\"https:\\\/\\\/www.youtube.com\\\/channel\\\/UCGP2Sq0iWaZwT3BdIAQFYpw\"]},{\"@type\":\"Person\",\"@id\":\"https:\\\/\\\/www.organisator.ch\\\/#\\\/schema\\\/person\\\/aa2bace6c5c5aad60102004a50c4eb1c\",\"name\":\"admin\",\"image\":{\"@type\":\"ImageObject\",\"inLanguage\":\"fr-FR\",\"@id\":\"https:\\\/\\\/secure.gravatar.com\\\/avatar\\\/ae2f4d718e6c49043e314ce431e7e645d646302a24a5ef5a8bc8e3f5a032e319?s=96&d=mm&r=g\",\"url\":\"https:\\\/\\\/secure.gravatar.com\\\/avatar\\\/ae2f4d718e6c49043e314ce431e7e645d646302a24a5ef5a8bc8e3f5a032e319?s=96&d=mm&r=g\",\"contentUrl\":\"https:\\\/\\\/secure.gravatar.com\\\/avatar\\\/ae2f4d718e6c49043e314ce431e7e645d646302a24a5ef5a8bc8e3f5a032e319?s=96&d=mm&r=g\",\"caption\":\"admin\"},\"sameAs\":[\"https:\\\/\\\/www.organisator.ch\"],\"url\":\"https:\\\/\\\/www.organisator.ch\\\/fr\\\/author\\\/admin\\\/\"}]}<\/script>\n<!-- \/ Yoast SEO plugin. -->","yoast_head_json":{"title":"La for\u00eat doit \u00eatre mieux prot\u00e9g\u00e9e - Organisateur","description":"La for\u00eat suisse doit \u00e0 l'avenir \u00eatre mieux prot\u00e9g\u00e9e contre les parasites et mieux arm\u00e9e pour faire face au changement climatique. C'est ce que pr\u00e9voit la r\u00e9vision de la loi sur les for\u00eats, qui vient d'\u00eatre approuv\u00e9e par le Conseil f\u00e9d\u00e9ral.","robots":{"index":"index","follow":"follow","max-snippet":"max-snippet:-1","max-image-preview":"max-image-preview:large","max-video-preview":"max-video-preview:-1"},"canonical":"https:\/\/www.organisator.ch\/fr\/general\/2016-08-17\/wald-soll-besser-geschuetzt-werden\/","og_locale":"fr_FR","og_type":"article","og_title":"Wald soll besser gesch\u00fctzt werden - Organisator","og_description":"Der Schweizer Wald soll k\u00fcnftig besser vor Sch\u00e4dlingen gesch\u00fctzt und f\u00fcr den Klimawandel gewappnet werden. Dies besagt die Revision des Waldgesetzes, die eben vom Bundesrat abgesegnet wurde.","og_url":"https:\/\/www.organisator.ch\/fr\/general\/2016-08-17\/wald-soll-besser-geschuetzt-werden\/","og_site_name":"Organisator","article_publisher":"https:\/\/www.facebook.com\/OrganisatorFachmagazin","article_published_time":"2016-08-17T15:02:16+00:00","og_image":[{"width":1024,"height":704,"url":"https:\/\/www.organisator.ch\/wp-content\/uploads\/2016\/12\/Wald-soll-besser-geschuetzt-werden-umweltperspektiven-1024x704.jpg","type":"image\/jpeg"}],"author":"admin","twitter_card":"summary_large_image","schema":{"@context":"https:\/\/schema.org","@graph":[{"@type":"Article","@id":"https:\/\/www.organisator.ch\/de\/allgemein\/2016-08-17\/wald-soll-besser-geschuetzt-werden\/#article","isPartOf":{"@id":"https:\/\/www.organisator.ch\/de\/allgemein\/2016-08-17\/wald-soll-besser-geschuetzt-werden\/"},"author":{"name":"admin","@id":"https:\/\/www.organisator.ch\/#\/schema\/person\/aa2bace6c5c5aad60102004a50c4eb1c"},"headline":"Wald soll besser gesch\u00fctzt werden","datePublished":"2016-08-17T15:02:16+00:00","mainEntityOfPage":{"@id":"https:\/\/www.organisator.ch\/de\/allgemein\/2016-08-17\/wald-soll-besser-geschuetzt-werden\/"},"wordCount":441,"commentCount":0,"publisher":{"@id":"https:\/\/www.organisator.ch\/#organization"},"image":{"@id":"https:\/\/www.organisator.ch\/de\/allgemein\/2016-08-17\/wald-soll-besser-geschuetzt-werden\/#primaryimage"},"thumbnailUrl":"https:\/\/www.organisator.ch\/wp-content\/uploads\/2016\/12\/Wald-soll-besser-geschuetzt-werden-umweltperspektiven.jpg","keywords":["Bund","Schutz","Waldgesetz","Waldverordnung"],"articleSection":["Allgemein"],"inLanguage":"fr-FR"},{"@type":"WebPage","@id":"https:\/\/www.organisator.ch\/de\/allgemein\/2016-08-17\/wald-soll-besser-geschuetzt-werden\/","url":"https:\/\/www.organisator.ch\/de\/allgemein\/2016-08-17\/wald-soll-besser-geschuetzt-werden\/","name":"La for\u00eat doit \u00eatre mieux prot\u00e9g\u00e9e - Organisateur","isPartOf":{"@id":"https:\/\/www.organisator.ch\/#website"},"primaryImageOfPage":{"@id":"https:\/\/www.organisator.ch\/de\/allgemein\/2016-08-17\/wald-soll-besser-geschuetzt-werden\/#primaryimage"},"image":{"@id":"https:\/\/www.organisator.ch\/de\/allgemein\/2016-08-17\/wald-soll-besser-geschuetzt-werden\/#primaryimage"},"thumbnailUrl":"https:\/\/www.organisator.ch\/wp-content\/uploads\/2016\/12\/Wald-soll-besser-geschuetzt-werden-umweltperspektiven.jpg","datePublished":"2016-08-17T15:02:16+00:00","description":"La for\u00eat suisse doit \u00e0 l'avenir \u00eatre mieux prot\u00e9g\u00e9e contre les parasites et mieux arm\u00e9e pour faire face au changement climatique. C'est ce que pr\u00e9voit la r\u00e9vision de la loi sur les for\u00eats, qui vient d'\u00eatre approuv\u00e9e par le Conseil f\u00e9d\u00e9ral.","breadcrumb":{"@id":"https:\/\/www.organisator.ch\/de\/allgemein\/2016-08-17\/wald-soll-besser-geschuetzt-werden\/#breadcrumb"},"inLanguage":"fr-FR","potentialAction":[{"@type":"ReadAction","target":["https:\/\/www.organisator.ch\/de\/allgemein\/2016-08-17\/wald-soll-besser-geschuetzt-werden\/"]}]},{"@type":"ImageObject","inLanguage":"fr-FR","@id":"https:\/\/www.organisator.ch\/de\/allgemein\/2016-08-17\/wald-soll-besser-geschuetzt-werden\/#primaryimage","url":"https:\/\/www.organisator.ch\/wp-content\/uploads\/2016\/12\/Wald-soll-besser-geschuetzt-werden-umweltperspektiven.jpg","contentUrl":"https:\/\/www.organisator.ch\/wp-content\/uploads\/2016\/12\/Wald-soll-besser-geschuetzt-werden-umweltperspektiven.jpg","width":1999,"height":1375,"caption":"Der Bund will den Wald vor invasiven Arten und dem Klimawandel sch\u00fctzen"},{"@type":"BreadcrumbList","@id":"https:\/\/www.organisator.ch\/de\/allgemein\/2016-08-17\/wald-soll-besser-geschuetzt-werden\/#breadcrumb","itemListElement":[{"@type":"ListItem","position":1,"name":"Home","item":"https:\/\/www.organisator.ch\/"},{"@type":"ListItem","position":2,"name":"Wald soll besser gesch\u00fctzt werden"}]},{"@type":"WebSite","@id":"https:\/\/www.organisator.ch\/#website","url":"https:\/\/www.organisator.ch\/","name":"Organisateur","description":"Comp\u00e9tence et comp\u00e9tence. Proches de la pratique. L'ORGANISATEUR pr\u00e9pare 10 num\u00e9ros par an sur les th\u00e8mes essentiels pour les dirigeants de PME.","publisher":{"@id":"https:\/\/www.organisator.ch\/#organization"},"potentialAction":[{"@type":"SearchAction","target":{"@type":"EntryPoint","urlTemplate":"https:\/\/www.organisator.ch\/?s={search_term_string}"},"query-input":{"@type":"PropertyValueSpecification","valueRequired":true,"valueName":"search_term_string"}}],"inLanguage":"fr-FR"},{"@type":"Organization","@id":"https:\/\/www.organisator.ch\/#organization","name":"Organisateur","url":"https:\/\/www.organisator.ch\/","logo":{"@type":"ImageObject","inLanguage":"fr-FR","@id":"https:\/\/www.organisator.ch\/#\/schema\/logo\/image\/","url":"https:\/\/www.organisator.ch\/wp-content\/uploads\/2022\/01\/Logo_Organisator_Website.png","contentUrl":"https:\/\/www.organisator.ch\/wp-content\/uploads\/2022\/01\/Logo_Organisator_Website.png","width":800,"height":77,"caption":"Organisator"},"image":{"@id":"https:\/\/www.organisator.ch\/#\/schema\/logo\/image\/"},"sameAs":["https:\/\/www.facebook.com\/OrganisatorFachmagazin","https:\/\/www.linkedin.com\/showcase\/organisator-das-magazin-fr-kmu","https:\/\/www.xing.com\/news\/pages\/organisator-ch-695","https:\/\/www.youtube.com\/channel\/UCGP2Sq0iWaZwT3BdIAQFYpw"]},{"@type":"Person","@id":"https:\/\/www.organisator.ch\/#\/schema\/person\/aa2bace6c5c5aad60102004a50c4eb1c","name":"admin","image":{"@type":"ImageObject","inLanguage":"fr-FR","@id":"https:\/\/secure.gravatar.com\/avatar\/ae2f4d718e6c49043e314ce431e7e645d646302a24a5ef5a8bc8e3f5a032e319?s=96&d=mm&r=g","url":"https:\/\/secure.gravatar.com\/avatar\/ae2f4d718e6c49043e314ce431e7e645d646302a24a5ef5a8bc8e3f5a032e319?s=96&d=mm&r=g","contentUrl":"https:\/\/secure.gravatar.com\/avatar\/ae2f4d718e6c49043e314ce431e7e645d646302a24a5ef5a8bc8e3f5a032e319?s=96&d=mm&r=g","caption":"admin"},"sameAs":["https:\/\/www.organisator.ch"],"url":"https:\/\/www.organisator.ch\/fr\/author\/admin\/"}]}},"_links":{"self":[{"href":"https:\/\/www.organisator.ch\/fr\/wp-json\/wp\/v2\/posts\/459","targetHints":{"allow":["GET"]}}],"collection":[{"href":"https:\/\/www.organisator.ch\/fr\/wp-json\/wp\/v2\/posts"}],"about":[{"href":"https:\/\/www.organisator.ch\/fr\/wp-json\/wp\/v2\/types\/post"}],"author":[{"embeddable":true,"href":"https:\/\/www.organisator.ch\/fr\/wp-json\/wp\/v2\/users\/1"}],"replies":[{"embeddable":true,"href":"https:\/\/www.organisator.ch\/fr\/wp-json\/wp\/v2\/comments?post=459"}],"version-history":[{"count":0,"href":"https:\/\/www.organisator.ch\/fr\/wp-json\/wp\/v2\/posts\/459\/revisions"}],"wp:featuredmedia":[{"embeddable":true,"href":"https:\/\/www.organisator.ch\/fr\/wp-json\/wp\/v2\/media\/9405"}],"wp:attachment":[{"href":"https:\/\/www.organisator.ch\/fr\/wp-json\/wp\/v2\/media?parent=459"}],"wp:term":[{"taxonomy":"category","embeddable":true,"href":"https:\/\/www.organisator.ch\/fr\/wp-json\/wp\/v2\/categories?post=459"},{"taxonomy":"post_tag","embeddable":true,"href":"https:\/\/www.organisator.ch\/fr\/wp-json\/wp\/v2\/tags?post=459"}],"curies":[{"name":"wp","href":"https:\/\/api.w.org\/{rel}","templated":true}]}}