{"id":460,"date":"2016-05-03T09:49:34","date_gmt":"2016-05-03T07:49:34","guid":{"rendered":"http:\/\/dev.organisator.ch\/?p=460"},"modified":"2016-05-03T09:49:34","modified_gmt":"2016-05-03T07:49:34","slug":"neue-mitglieder-in-schweizerische-pruefungskommission-fuer-ict-berufe-gewaehlt","status":"publish","type":"post","link":"https:\/\/www.organisator.ch\/fr\/human-resources\/hrm\/2016-05-03\/neue-mitglieder-in-schweizerische-pruefungskommission-fuer-ict-berufe-gewaehlt\/","title":{"rendered":"Nouveaux membres \u00e9lus \u00e0 la Commission suisse des examens pour les professions ICT"},"content":{"rendered":"<figure id=\"attachment_461\" aria-describedby=\"caption-attachment-461\" style=\"width: 680px\" class=\"wp-caption alignnone\"><img loading=\"lazy\" decoding=\"async\" class=\"size-medium wp-image-461\" src=\"https:\/\/organisator.ch\/wp-content\/uploads\/2016\/12\/Neue-Mitglieder-in-Schweizerische-Pr\u00fcfungskommission-f\u00fcr-ICT-Berufe-gew\u00e4hlt-organisator.jpg\" alt=\"\" width=\"680\" height=\"454\" \/><figcaption id=\"caption-attachment-461\" class=\"wp-caption-text\">Peut-\u00eatre une future informaticienne ? Cette photo a \u00e9t\u00e9 prise lors du championnat r\u00e9gional de la formation professionnelle de Suisse romande.<\/figcaption><\/figure>\n<p>Trois nouveaux membres ont \u00e9t\u00e9 \u00e9lus \u00e0 la commission nationale d'examen de la formation professionnelle sup\u00e9rieure en informatique et en m\u00e9diamatique. Le comit\u00e9 de Formation professionnelle TIC Suisse a \u00e9lu Stefan Bryner, Head of Human Resources OIZ de la ville de Zurich, Sibylle Hug, HR-Business Partner chez IT CFF, Daniel J\u00e4ggli, CEO Leuchter IT Solutions AG et Lukas Ruggli, responsable du personnel chez IT Post, au sein de la commission responsable des examens professionnels f\u00e9d\u00e9raux et des examens professionnels f\u00e9d\u00e9raux sup\u00e9rieurs.<\/p>\n<p>La commission d'examen est responsable du contenu, de la qualit\u00e9 et du niveau d'exigence des examens f\u00e9d\u00e9raux de brevet en d\u00e9veloppement d'applications, en technique des syst\u00e8mes et des r\u00e9seaux, en informatique de gestion et en m\u00e9diamatique, ainsi que de l'examen f\u00e9d\u00e9ral de dipl\u00f4me pour informaticiens (ICT-Manager avec dipl\u00f4me f\u00e9d\u00e9ral). Probablement \u00e0 partir de 2018, l'examen de dipl\u00f4me f\u00e9d\u00e9ral \"ICT Security Expert\" viendra compl\u00e9ter l'offre.<\/p>\n<p><strong>Les personnalit\u00e9s suivantes ont \u00e9t\u00e9 r\u00e9\u00e9lues ou nouvellement \u00e9lues au sein de la commission d'examen en mars 2016 :<\/strong><\/p>\n<p>Nouveau : Stefan Bryner ; Head of Human Resources OIZ, Ville de Zurich<\/p>\n<p>Nouveau : Sibylle Hug ; HR Business Partner IT, CFF<\/p>\n<p>Nouveau : Daniel J\u00e4ggli ; CEO, Leuchter IT Solutions AG<\/p>\n<p>Nouveau : Lukas Ruggli ; responsable du personnel IT, Poste<\/p>\n<p>Jusqu'\u00e0 pr\u00e9sent : J\u00f6rg Aebischer ; directeur Formation professionnelle TIC Suisse<\/p>\n<p>Jusqu'\u00e0 pr\u00e9sent : Philipp Engel ; BEELEGAL, avocat<\/p>\n<p>Jusqu'\u00e0 pr\u00e9sent : Gabriela Keller ; CEO d\u00e9sign\u00e9e, Ergon Informatik AG<\/p>\n<p>Pr\u00e9c\u00e9demment : Matteo Marini ; Head of Run IT, B-Source SA<\/p>\n<p>Jusqu'\u00e0 pr\u00e9sent : Jean-Philippe Trabichet ; professeur, Haute \u00c9cole Sp\u00e9cialis\u00e9e de Suisse occidentale<\/p>\n<p>Formation professionnelle TIC Suisse est l'organisation nationale du monde du travail pour le domaine professionnel en forte croissance des technologies de l'information et de la communication (TIC). L'association est responsable de tous les dipl\u00f4mes professionnels f\u00e9d\u00e9raux en informatique et en m\u00e9diamatique et est l'instance d'examen pour les brevets et les dipl\u00f4mes f\u00e9d\u00e9raux en d\u00e9veloppement d'applications, en technique des syst\u00e8mes, en informatique de gestion et en m\u00e9diamatique, ainsi que pour le dipl\u00f4me f\u00e9d\u00e9ral d'ICT-Manager et le dipl\u00f4me pr\u00e9vu d'ICT Security Expert.<\/p>\n<p><a href=\"http:\/\/www.ict-berufsbildung.ch\" target=\"_blank\" data-cke-saved-href=\"http:\/\/www.ict-berufsbildung.ch\" rel=\"noopener\">http:\/\/www.ict-berufsbildung.ch<\/a><\/p>\n<p>&nbsp;<\/p>","protected":false},"excerpt":{"rendered":"<p>In die nationale Pr\u00fcfungskommission der H\u00f6heren Berufsbildung f\u00fcr Informatik und Mediamatik wurden drei neue Mitglieder gew\u00e4hlt. Der Vorstand von ICT-Berufsbildung Schweiz w\u00e4hlte Stefan Bryner, Head of Human Resources OIZ der Stadt Z\u00fcrich, Sibylle Hug, HR-Business Partner bei IT SBB, Daniel J\u00e4ggli, CEO Leuchter IT Solutions AG und Lukas Ruggli, Leiter Personal bei IT Post, in [&hellip;]<\/p>\n","protected":false},"author":1,"featured_media":461,"comment_status":"open","ping_status":"open","sticky":false,"template":"","format":"standard","meta":{"_acf_changed":false,"_yoast_wpseo_focuskw":"ICT Berufe","_yoast_wpseo_metadesc":"In die nationale Pr\u00fcfungskommission der H\u00f6heren Berufsbildung f\u00fcr Informatik und Mediamatik (ICT Berufe) wurden drei neue Mitglieder gew\u00e4hlt.","articlekey":"","footnotes":""},"categories":[26],"tags":[62,254],"class_list":["post-460","post","type-post","status-publish","format-standard","has-post-thumbnail","hentry","category-hrm","tag-aus-weiterbildung","tag-hrm"],"acf":[],"yoast_head":"<!-- This site is optimized with the Yoast SEO plugin v27.5 - https:\/\/yoast.com\/product\/yoast-seo-wordpress\/ -->\n<title>Neue Mitglieder in Schweizerische Pr\u00fcfungskommission f\u00fcr ICT-Berufe gew\u00e4hlt - Organisator<\/title>\n<meta name=\"description\" content=\"In die nationale Pr\u00fcfungskommission der H\u00f6heren Berufsbildung f\u00fcr Informatik und Mediamatik (ICT Berufe) wurden drei neue Mitglieder gew\u00e4hlt.\" \/>\n<meta name=\"robots\" content=\"index, follow, max-snippet:-1, max-image-preview:large, max-video-preview:-1\" \/>\n<link rel=\"canonical\" href=\"https:\/\/www.organisator.ch\/fr\/ressources-humaines\/hrm\/2016-05-03\/neue-mitglieder-in-schweizerische-pruefungskommission-fuer-ict-berufe-gewaehlt\/\" \/>\n<meta property=\"og:locale\" content=\"fr_FR\" \/>\n<meta property=\"og:type\" content=\"article\" \/>\n<meta property=\"og:title\" content=\"Neue Mitglieder in Schweizerische Pr\u00fcfungskommission f\u00fcr ICT-Berufe gew\u00e4hlt\" \/>\n<meta property=\"og:description\" content=\"In die nationale Pr\u00fcfungskommission der H\u00f6heren Berufsbildung f\u00fcr Informatik und Mediamatik (ICT Berufe) wurden drei neue Mitglieder gew\u00e4hlt.\" \/>\n<meta property=\"og:url\" content=\"https:\/\/www.organisator.ch\/fr\/ressources-humaines\/hrm\/2016-05-03\/neue-mitglieder-in-schweizerische-pruefungskommission-fuer-ict-berufe-gewaehlt\/\" \/>\n<meta property=\"og:site_name\" content=\"Organisator\" \/>\n<meta property=\"article:publisher\" content=\"https:\/\/www.facebook.com\/OrganisatorFachmagazin\" \/>\n<meta property=\"article:published_time\" content=\"2016-05-03T07:49:34+00:00\" \/>\n<meta name=\"author\" content=\"admin\" \/>\n<meta name=\"twitter:card\" content=\"summary_large_image\" \/>\n<meta name=\"twitter:image\" content=\"https:\/\/www.organisator.ch\/wp-content\/uploads\/2016\/12\/Neue-Mitglieder-in-Schweizerische-Pruefungskommission-fuer-ICT-Berufe-gewaehlt-organisator.jpg\" \/>\n<script type=\"application\/ld+json\" class=\"yoast-schema-graph\">{\"@context\":\"https:\\\/\\\/schema.org\",\"@graph\":[{\"@type\":\"Article\",\"@id\":\"https:\\\/\\\/www.organisator.ch\\\/human-resources\\\/hrm\\\/2016-05-03\\\/neue-mitglieder-in-schweizerische-pruefungskommission-fuer-ict-berufe-gewaehlt\\\/#article\",\"isPartOf\":{\"@id\":\"https:\\\/\\\/www.organisator.ch\\\/human-resources\\\/hrm\\\/2016-05-03\\\/neue-mitglieder-in-schweizerische-pruefungskommission-fuer-ict-berufe-gewaehlt\\\/\"},\"author\":{\"name\":\"admin\",\"@id\":\"https:\\\/\\\/www.organisator.ch\\\/#\\\/schema\\\/person\\\/aa2bace6c5c5aad60102004a50c4eb1c\"},\"headline\":\"Neue Mitglieder in Schweizerische Pr\u00fcfungskommission f\u00fcr ICT-Berufe gew\u00e4hlt\",\"datePublished\":\"2016-05-03T07:49:34+00:00\",\"mainEntityOfPage\":{\"@id\":\"https:\\\/\\\/www.organisator.ch\\\/human-resources\\\/hrm\\\/2016-05-03\\\/neue-mitglieder-in-schweizerische-pruefungskommission-fuer-ict-berufe-gewaehlt\\\/\"},\"wordCount\":333,\"commentCount\":0,\"publisher\":{\"@id\":\"https:\\\/\\\/www.organisator.ch\\\/#organization\"},\"image\":{\"@id\":\"https:\\\/\\\/www.organisator.ch\\\/human-resources\\\/hrm\\\/2016-05-03\\\/neue-mitglieder-in-schweizerische-pruefungskommission-fuer-ict-berufe-gewaehlt\\\/#primaryimage\"},\"thumbnailUrl\":\"https:\\\/\\\/www.organisator.ch\\\/wp-content\\\/uploads\\\/2016\\\/12\\\/Neue-Mitglieder-in-Schweizerische-Pruefungskommission-fuer-ICT-Berufe-gewaehlt-organisator.jpg\",\"keywords\":[\"Aus-\\\/Weiterbildung\",\"HRM\"],\"articleSection\":[\"HRM\"],\"inLanguage\":\"fr-FR\"},{\"@type\":\"WebPage\",\"@id\":\"https:\\\/\\\/www.organisator.ch\\\/human-resources\\\/hrm\\\/2016-05-03\\\/neue-mitglieder-in-schweizerische-pruefungskommission-fuer-ict-berufe-gewaehlt\\\/\",\"url\":\"https:\\\/\\\/www.organisator.ch\\\/human-resources\\\/hrm\\\/2016-05-03\\\/neue-mitglieder-in-schweizerische-pruefungskommission-fuer-ict-berufe-gewaehlt\\\/\",\"name\":\"Neue Mitglieder in Schweizerische Pr\u00fcfungskommission f\u00fcr ICT-Berufe gew\u00e4hlt - Organisator\",\"isPartOf\":{\"@id\":\"https:\\\/\\\/www.organisator.ch\\\/#website\"},\"primaryImageOfPage\":{\"@id\":\"https:\\\/\\\/www.organisator.ch\\\/human-resources\\\/hrm\\\/2016-05-03\\\/neue-mitglieder-in-schweizerische-pruefungskommission-fuer-ict-berufe-gewaehlt\\\/#primaryimage\"},\"image\":{\"@id\":\"https:\\\/\\\/www.organisator.ch\\\/human-resources\\\/hrm\\\/2016-05-03\\\/neue-mitglieder-in-schweizerische-pruefungskommission-fuer-ict-berufe-gewaehlt\\\/#primaryimage\"},\"thumbnailUrl\":\"https:\\\/\\\/www.organisator.ch\\\/wp-content\\\/uploads\\\/2016\\\/12\\\/Neue-Mitglieder-in-Schweizerische-Pruefungskommission-fuer-ICT-Berufe-gewaehlt-organisator.jpg\",\"datePublished\":\"2016-05-03T07:49:34+00:00\",\"description\":\"In die nationale Pr\u00fcfungskommission der H\u00f6heren Berufsbildung f\u00fcr Informatik und Mediamatik (ICT Berufe) wurden drei neue Mitglieder gew\u00e4hlt.\",\"breadcrumb\":{\"@id\":\"https:\\\/\\\/www.organisator.ch\\\/human-resources\\\/hrm\\\/2016-05-03\\\/neue-mitglieder-in-schweizerische-pruefungskommission-fuer-ict-berufe-gewaehlt\\\/#breadcrumb\"},\"inLanguage\":\"fr-FR\",\"potentialAction\":[{\"@type\":\"ReadAction\",\"target\":[\"https:\\\/\\\/www.organisator.ch\\\/human-resources\\\/hrm\\\/2016-05-03\\\/neue-mitglieder-in-schweizerische-pruefungskommission-fuer-ict-berufe-gewaehlt\\\/\"]}]},{\"@type\":\"ImageObject\",\"inLanguage\":\"fr-FR\",\"@id\":\"https:\\\/\\\/www.organisator.ch\\\/human-resources\\\/hrm\\\/2016-05-03\\\/neue-mitglieder-in-schweizerische-pruefungskommission-fuer-ict-berufe-gewaehlt\\\/#primaryimage\",\"url\":\"https:\\\/\\\/www.organisator.ch\\\/wp-content\\\/uploads\\\/2016\\\/12\\\/Neue-Mitglieder-in-Schweizerische-Pruefungskommission-fuer-ICT-Berufe-gewaehlt-organisator.jpg\",\"contentUrl\":\"https:\\\/\\\/www.organisator.ch\\\/wp-content\\\/uploads\\\/2016\\\/12\\\/Neue-Mitglieder-in-Schweizerische-Pruefungskommission-fuer-ICT-Berufe-gewaehlt-organisator.jpg\",\"width\":800,\"height\":534,\"caption\":\"Vielleicht eine werdende Informatikerin? Die Aufnahme stammt von der Regionalmeisterschaft der Berufbildung Romandie.\"},{\"@type\":\"BreadcrumbList\",\"@id\":\"https:\\\/\\\/www.organisator.ch\\\/human-resources\\\/hrm\\\/2016-05-03\\\/neue-mitglieder-in-schweizerische-pruefungskommission-fuer-ict-berufe-gewaehlt\\\/#breadcrumb\",\"itemListElement\":[{\"@type\":\"ListItem\",\"position\":1,\"name\":\"Home\",\"item\":\"https:\\\/\\\/www.organisator.ch\\\/\"},{\"@type\":\"ListItem\",\"position\":2,\"name\":\"Neue Mitglieder in Schweizerische Pr\u00fcfungskommission f\u00fcr ICT-Berufe gew\u00e4hlt\"}]},{\"@type\":\"WebSite\",\"@id\":\"https:\\\/\\\/www.organisator.ch\\\/#website\",\"url\":\"https:\\\/\\\/www.organisator.ch\\\/\",\"name\":\"Organisator\",\"description\":\"Kompetent. Praxisnah. Der ORGANISATOR bereitet in 10 Ausgaben pro Jahr die wesentlichen Themen f\u00fcr F\u00fchrungskr\u00e4fte von KMU auf.\",\"publisher\":{\"@id\":\"https:\\\/\\\/www.organisator.ch\\\/#organization\"},\"potentialAction\":[{\"@type\":\"SearchAction\",\"target\":{\"@type\":\"EntryPoint\",\"urlTemplate\":\"https:\\\/\\\/www.organisator.ch\\\/?s={search_term_string}\"},\"query-input\":{\"@type\":\"PropertyValueSpecification\",\"valueRequired\":true,\"valueName\":\"search_term_string\"}}],\"inLanguage\":\"fr-FR\"},{\"@type\":\"Organization\",\"@id\":\"https:\\\/\\\/www.organisator.ch\\\/#organization\",\"name\":\"Organisator\",\"url\":\"https:\\\/\\\/www.organisator.ch\\\/\",\"logo\":{\"@type\":\"ImageObject\",\"inLanguage\":\"fr-FR\",\"@id\":\"https:\\\/\\\/www.organisator.ch\\\/#\\\/schema\\\/logo\\\/image\\\/\",\"url\":\"https:\\\/\\\/www.organisator.ch\\\/wp-content\\\/uploads\\\/2022\\\/01\\\/Logo_Organisator_Website.png\",\"contentUrl\":\"https:\\\/\\\/www.organisator.ch\\\/wp-content\\\/uploads\\\/2022\\\/01\\\/Logo_Organisator_Website.png\",\"width\":800,\"height\":77,\"caption\":\"Organisator\"},\"image\":{\"@id\":\"https:\\\/\\\/www.organisator.ch\\\/#\\\/schema\\\/logo\\\/image\\\/\"},\"sameAs\":[\"https:\\\/\\\/www.facebook.com\\\/OrganisatorFachmagazin\",\"https:\\\/\\\/www.linkedin.com\\\/showcase\\\/organisator-das-magazin-fr-kmu\",\"https:\\\/\\\/www.xing.com\\\/news\\\/pages\\\/organisator-ch-695\",\"https:\\\/\\\/www.youtube.com\\\/channel\\\/UCGP2Sq0iWaZwT3BdIAQFYpw\"]},{\"@type\":\"Person\",\"@id\":\"https:\\\/\\\/www.organisator.ch\\\/#\\\/schema\\\/person\\\/aa2bace6c5c5aad60102004a50c4eb1c\",\"name\":\"admin\",\"image\":{\"@type\":\"ImageObject\",\"inLanguage\":\"fr-FR\",\"@id\":\"https:\\\/\\\/secure.gravatar.com\\\/avatar\\\/ae2f4d718e6c49043e314ce431e7e645d646302a24a5ef5a8bc8e3f5a032e319?s=96&d=mm&r=g\",\"url\":\"https:\\\/\\\/secure.gravatar.com\\\/avatar\\\/ae2f4d718e6c49043e314ce431e7e645d646302a24a5ef5a8bc8e3f5a032e319?s=96&d=mm&r=g\",\"contentUrl\":\"https:\\\/\\\/secure.gravatar.com\\\/avatar\\\/ae2f4d718e6c49043e314ce431e7e645d646302a24a5ef5a8bc8e3f5a032e319?s=96&d=mm&r=g\",\"caption\":\"admin\"},\"sameAs\":[\"https:\\\/\\\/www.organisator.ch\"],\"url\":\"https:\\\/\\\/www.organisator.ch\\\/fr\\\/author\\\/admin\\\/\"}]}<\/script>\n<!-- \/ Yoast SEO plugin. -->","yoast_head_json":{"title":"Nouveaux membres \u00e9lus \u00e0 la Commission suisse des examens pour les professions TIC - Organisateur","description":"Trois nouveaux membres ont \u00e9t\u00e9 \u00e9lus \u00e0 la commission nationale d'examen de la formation professionnelle sup\u00e9rieure en informatique et en m\u00e9diamatique (professions TIC).","robots":{"index":"index","follow":"follow","max-snippet":"max-snippet:-1","max-image-preview":"max-image-preview:large","max-video-preview":"max-video-preview:-1"},"canonical":"https:\/\/www.organisator.ch\/fr\/ressources-humaines\/hrm\/2016-05-03\/neue-mitglieder-in-schweizerische-pruefungskommission-fuer-ict-berufe-gewaehlt\/","og_locale":"fr_FR","og_type":"article","og_title":"Neue Mitglieder in Schweizerische Pr\u00fcfungskommission f\u00fcr ICT-Berufe gew\u00e4hlt","og_description":"In die nationale Pr\u00fcfungskommission der H\u00f6heren Berufsbildung f\u00fcr Informatik und Mediamatik (ICT Berufe) wurden drei neue Mitglieder gew\u00e4hlt.","og_url":"https:\/\/www.organisator.ch\/fr\/ressources-humaines\/hrm\/2016-05-03\/neue-mitglieder-in-schweizerische-pruefungskommission-fuer-ict-berufe-gewaehlt\/","og_site_name":"Organisator","article_publisher":"https:\/\/www.facebook.com\/OrganisatorFachmagazin","article_published_time":"2016-05-03T07:49:34+00:00","author":"admin","twitter_card":"summary_large_image","twitter_image":"https:\/\/www.organisator.ch\/wp-content\/uploads\/2016\/12\/Neue-Mitglieder-in-Schweizerische-Pruefungskommission-fuer-ICT-Berufe-gewaehlt-organisator.jpg","schema":{"@context":"https:\/\/schema.org","@graph":[{"@type":"Article","@id":"https:\/\/www.organisator.ch\/human-resources\/hrm\/2016-05-03\/neue-mitglieder-in-schweizerische-pruefungskommission-fuer-ict-berufe-gewaehlt\/#article","isPartOf":{"@id":"https:\/\/www.organisator.ch\/human-resources\/hrm\/2016-05-03\/neue-mitglieder-in-schweizerische-pruefungskommission-fuer-ict-berufe-gewaehlt\/"},"author":{"name":"admin","@id":"https:\/\/www.organisator.ch\/#\/schema\/person\/aa2bace6c5c5aad60102004a50c4eb1c"},"headline":"Neue Mitglieder in Schweizerische Pr\u00fcfungskommission f\u00fcr ICT-Berufe gew\u00e4hlt","datePublished":"2016-05-03T07:49:34+00:00","mainEntityOfPage":{"@id":"https:\/\/www.organisator.ch\/human-resources\/hrm\/2016-05-03\/neue-mitglieder-in-schweizerische-pruefungskommission-fuer-ict-berufe-gewaehlt\/"},"wordCount":333,"commentCount":0,"publisher":{"@id":"https:\/\/www.organisator.ch\/#organization"},"image":{"@id":"https:\/\/www.organisator.ch\/human-resources\/hrm\/2016-05-03\/neue-mitglieder-in-schweizerische-pruefungskommission-fuer-ict-berufe-gewaehlt\/#primaryimage"},"thumbnailUrl":"https:\/\/www.organisator.ch\/wp-content\/uploads\/2016\/12\/Neue-Mitglieder-in-Schweizerische-Pruefungskommission-fuer-ICT-Berufe-gewaehlt-organisator.jpg","keywords":["Aus-\/Weiterbildung","HRM"],"articleSection":["HRM"],"inLanguage":"fr-FR"},{"@type":"WebPage","@id":"https:\/\/www.organisator.ch\/human-resources\/hrm\/2016-05-03\/neue-mitglieder-in-schweizerische-pruefungskommission-fuer-ict-berufe-gewaehlt\/","url":"https:\/\/www.organisator.ch\/human-resources\/hrm\/2016-05-03\/neue-mitglieder-in-schweizerische-pruefungskommission-fuer-ict-berufe-gewaehlt\/","name":"Nouveaux membres \u00e9lus \u00e0 la Commission suisse des examens pour les professions TIC - Organisateur","isPartOf":{"@id":"https:\/\/www.organisator.ch\/#website"},"primaryImageOfPage":{"@id":"https:\/\/www.organisator.ch\/human-resources\/hrm\/2016-05-03\/neue-mitglieder-in-schweizerische-pruefungskommission-fuer-ict-berufe-gewaehlt\/#primaryimage"},"image":{"@id":"https:\/\/www.organisator.ch\/human-resources\/hrm\/2016-05-03\/neue-mitglieder-in-schweizerische-pruefungskommission-fuer-ict-berufe-gewaehlt\/#primaryimage"},"thumbnailUrl":"https:\/\/www.organisator.ch\/wp-content\/uploads\/2016\/12\/Neue-Mitglieder-in-Schweizerische-Pruefungskommission-fuer-ICT-Berufe-gewaehlt-organisator.jpg","datePublished":"2016-05-03T07:49:34+00:00","description":"Trois nouveaux membres ont \u00e9t\u00e9 \u00e9lus \u00e0 la commission nationale d'examen de la formation professionnelle sup\u00e9rieure en informatique et en m\u00e9diamatique (professions TIC).","breadcrumb":{"@id":"https:\/\/www.organisator.ch\/human-resources\/hrm\/2016-05-03\/neue-mitglieder-in-schweizerische-pruefungskommission-fuer-ict-berufe-gewaehlt\/#breadcrumb"},"inLanguage":"fr-FR","potentialAction":[{"@type":"ReadAction","target":["https:\/\/www.organisator.ch\/human-resources\/hrm\/2016-05-03\/neue-mitglieder-in-schweizerische-pruefungskommission-fuer-ict-berufe-gewaehlt\/"]}]},{"@type":"ImageObject","inLanguage":"fr-FR","@id":"https:\/\/www.organisator.ch\/human-resources\/hrm\/2016-05-03\/neue-mitglieder-in-schweizerische-pruefungskommission-fuer-ict-berufe-gewaehlt\/#primaryimage","url":"https:\/\/www.organisator.ch\/wp-content\/uploads\/2016\/12\/Neue-Mitglieder-in-Schweizerische-Pruefungskommission-fuer-ICT-Berufe-gewaehlt-organisator.jpg","contentUrl":"https:\/\/www.organisator.ch\/wp-content\/uploads\/2016\/12\/Neue-Mitglieder-in-Schweizerische-Pruefungskommission-fuer-ICT-Berufe-gewaehlt-organisator.jpg","width":800,"height":534,"caption":"Vielleicht eine werdende Informatikerin? Die Aufnahme stammt von der Regionalmeisterschaft der Berufbildung Romandie."},{"@type":"BreadcrumbList","@id":"https:\/\/www.organisator.ch\/human-resources\/hrm\/2016-05-03\/neue-mitglieder-in-schweizerische-pruefungskommission-fuer-ict-berufe-gewaehlt\/#breadcrumb","itemListElement":[{"@type":"ListItem","position":1,"name":"Home","item":"https:\/\/www.organisator.ch\/"},{"@type":"ListItem","position":2,"name":"Neue Mitglieder in Schweizerische Pr\u00fcfungskommission f\u00fcr ICT-Berufe gew\u00e4hlt"}]},{"@type":"WebSite","@id":"https:\/\/www.organisator.ch\/#website","url":"https:\/\/www.organisator.ch\/","name":"Organisateur","description":"Comp\u00e9tence et comp\u00e9tence. Proches de la pratique. L'ORGANISATEUR pr\u00e9pare 10 num\u00e9ros par an sur les th\u00e8mes essentiels pour les dirigeants de PME.","publisher":{"@id":"https:\/\/www.organisator.ch\/#organization"},"potentialAction":[{"@type":"SearchAction","target":{"@type":"EntryPoint","urlTemplate":"https:\/\/www.organisator.ch\/?s={search_term_string}"},"query-input":{"@type":"PropertyValueSpecification","valueRequired":true,"valueName":"search_term_string"}}],"inLanguage":"fr-FR"},{"@type":"Organization","@id":"https:\/\/www.organisator.ch\/#organization","name":"Organisateur","url":"https:\/\/www.organisator.ch\/","logo":{"@type":"ImageObject","inLanguage":"fr-FR","@id":"https:\/\/www.organisator.ch\/#\/schema\/logo\/image\/","url":"https:\/\/www.organisator.ch\/wp-content\/uploads\/2022\/01\/Logo_Organisator_Website.png","contentUrl":"https:\/\/www.organisator.ch\/wp-content\/uploads\/2022\/01\/Logo_Organisator_Website.png","width":800,"height":77,"caption":"Organisator"},"image":{"@id":"https:\/\/www.organisator.ch\/#\/schema\/logo\/image\/"},"sameAs":["https:\/\/www.facebook.com\/OrganisatorFachmagazin","https:\/\/www.linkedin.com\/showcase\/organisator-das-magazin-fr-kmu","https:\/\/www.xing.com\/news\/pages\/organisator-ch-695","https:\/\/www.youtube.com\/channel\/UCGP2Sq0iWaZwT3BdIAQFYpw"]},{"@type":"Person","@id":"https:\/\/www.organisator.ch\/#\/schema\/person\/aa2bace6c5c5aad60102004a50c4eb1c","name":"admin","image":{"@type":"ImageObject","inLanguage":"fr-FR","@id":"https:\/\/secure.gravatar.com\/avatar\/ae2f4d718e6c49043e314ce431e7e645d646302a24a5ef5a8bc8e3f5a032e319?s=96&d=mm&r=g","url":"https:\/\/secure.gravatar.com\/avatar\/ae2f4d718e6c49043e314ce431e7e645d646302a24a5ef5a8bc8e3f5a032e319?s=96&d=mm&r=g","contentUrl":"https:\/\/secure.gravatar.com\/avatar\/ae2f4d718e6c49043e314ce431e7e645d646302a24a5ef5a8bc8e3f5a032e319?s=96&d=mm&r=g","caption":"admin"},"sameAs":["https:\/\/www.organisator.ch"],"url":"https:\/\/www.organisator.ch\/fr\/author\/admin\/"}]}},"_links":{"self":[{"href":"https:\/\/www.organisator.ch\/fr\/wp-json\/wp\/v2\/posts\/460","targetHints":{"allow":["GET"]}}],"collection":[{"href":"https:\/\/www.organisator.ch\/fr\/wp-json\/wp\/v2\/posts"}],"about":[{"href":"https:\/\/www.organisator.ch\/fr\/wp-json\/wp\/v2\/types\/post"}],"author":[{"embeddable":true,"href":"https:\/\/www.organisator.ch\/fr\/wp-json\/wp\/v2\/users\/1"}],"replies":[{"embeddable":true,"href":"https:\/\/www.organisator.ch\/fr\/wp-json\/wp\/v2\/comments?post=460"}],"version-history":[{"count":0,"href":"https:\/\/www.organisator.ch\/fr\/wp-json\/wp\/v2\/posts\/460\/revisions"}],"wp:featuredmedia":[{"embeddable":true,"href":"https:\/\/www.organisator.ch\/fr\/wp-json\/wp\/v2\/media\/461"}],"wp:attachment":[{"href":"https:\/\/www.organisator.ch\/fr\/wp-json\/wp\/v2\/media?parent=460"}],"wp:term":[{"taxonomy":"category","embeddable":true,"href":"https:\/\/www.organisator.ch\/fr\/wp-json\/wp\/v2\/categories?post=460"},{"taxonomy":"post_tag","embeddable":true,"href":"https:\/\/www.organisator.ch\/fr\/wp-json\/wp\/v2\/tags?post=460"}],"curies":[{"name":"wp","href":"https:\/\/api.w.org\/{rel}","templated":true}]}}