{"id":46054,"date":"2026-03-13T09:17:09","date_gmt":"2026-03-13T08:17:09","guid":{"rendered":"https:\/\/www.m-q.ch\/?p=22562"},"modified":"2026-03-13T11:35:39","modified_gmt":"2026-03-13T10:35:39","slug":"uebermuedet-im-job-unfallrisiko-fast-doppelt-so-hoch","status":"publish","type":"post","link":"https:\/\/www.organisator.ch\/fr\/operational-excellence\/2026-03-13\/uebermuedet-im-job-unfallrisiko-fast-doppelt-so-hoch\/","title":{"rendered":"Fatigue au travail : le risque d'accident est presque doubl\u00e9"},"content":{"rendered":"<figure id=\"attachment_22563\" class=\"wp-caption alignnone\" style=\"width: 680px;\" aria-describedby=\"caption-attachment-22563\"><img class=\"size-full wp-image-22563\" src=\"https:\/\/www.m-q.ch\/wp-content\/uploads\/2026\/03\/Uebermuedet-im-Job-Unfallrisiko-fast-doppelt-so-hoch_MQ.jpg\" sizes=\"(max-width: 680px) 100vw, 680px\" srcset=\"https:\/\/www.m-q.ch\/wp-content\/uploads\/2026\/03\/Uebermuedet-im-Job-Unfallrisiko-fast-doppelt-so-hoch_MQ.jpg 680w, https:\/\/www.m-q.ch\/wp-content\/uploads\/2026\/03\/Uebermuedet-im-Job-Unfallrisiko-fast-doppelt-so-hoch_MQ-18x12.jpg 18w, https:\/\/www.m-q.ch\/wp-content\/uploads\/2026\/03\/Uebermuedet-im-Job-Unfallrisiko-fast-doppelt-so-hoch_MQ-375x250.jpg 375w, https:\/\/www.m-q.ch\/wp-content\/uploads\/2026\/03\/Uebermuedet-im-Job-Unfallrisiko-fast-doppelt-so-hoch_MQ-524x350.jpg 524w\" alt=\"\" width=\"680\" height=\"454\" \/>\r\n<figcaption id=\"caption-attachment-22563\" class=\"wp-caption-text\">\u00dcberm\u00fcdung erh\u00f6ht das Unfallrisiko rapide \u2013 ein kurzer Power-Nap kann helfen. (Bild: Depositphotos.com)<\/figcaption>\r\n<\/figure>\r\n<p class=\"my-2 [&amp;+p]:mt-4 [&amp;_strong:has(+br)]:inline-block [&amp;_strong:has(+br)]:pb-2\">Zum <em>World Sleep Day<\/em> vom 13. M\u00e4rz 2026 warnt die Suva vor den gravierenden Folgen von Schlafmangel am Arbeitsplatz. Gem\u00e4ss der Schweizer Unfallversicherung schl\u00e4ft rund jede dritte Person schlecht, jede zehnte leidet sogar an einer chronischen Schlafst\u00f6rung \u2013 mit sp\u00fcrbaren Auswirkungen auf Sicherheit und Gesundheit.<\/p>\r\n<p class=\"my-2 [&amp;+p]:mt-4 [&amp;_strong:has(+br)]:inline-block [&amp;_strong:has(+br)]:pb-2\">\u00abSchlafmangel ist f\u00fcr die Sicherheit am Arbeitsplatz gravierend\u00bb, sagt Inglina Keller, Pr\u00e4ventionsberaterin und Gesundheitsspezialistin bei der Suva. M\u00fcdigkeit schr\u00e4nkt Reaktionsf\u00e4higkeit, Konzentration und Motorik ein. Menschen mit chronischer Insomnie haben laut Studien ein zwei- bis zweieinhalbfach erh\u00f6htes Risiko f\u00fcr Arbeitsfehler und Unf\u00e4lle. Besonders in Berufen mit hohem Gefahrenpotenzial k\u00f6nnen kurze Aufmerksamkeitsl\u00fccken schwerwiegende Folgen haben. \u00dcberm\u00fcdete Mitarbeitende verunfallen fast doppelt so h\u00e4ufig \u2013 im Strassenverkehr steigt das Risiko sogar auf das Sieben- bis Achtfache.<\/p>\r\n<p class=\"my-2 [&amp;+p]:mt-4 [&amp;_strong:has(+br)]:inline-block [&amp;_strong:has(+br)]:pb-2\">Auch volkswirtschaftlich ist Schlafmangel teuer: Wer weniger als sechs Stunden pro Nacht schl\u00e4ft, verliert im Schnitt sieben Arbeitstage pro Jahr durch Krankheit oder reduzierte Leistungsf\u00e4higkeit. Selbst leichte Schlafdefizite f\u00fchren zu deutlich mehr Ausfalltagen. Langfristig erh\u00f6ht chronischer Schlafmangel zudem das Risiko f\u00fcr psychische und Herz-Kreislauf-Erkrankungen.<\/p>\r\n<p class=\"my-2 [&amp;+p]:mt-4 [&amp;_strong:has(+br)]:inline-block [&amp;_strong:has(+br)]:pb-2\">Um die Schlafgesundheit zu f\u00f6rdern, r\u00e4t die Suva Betrieben, Erreichbarkeit und \u00dcberzeit klar zu regeln, flexible Arbeitszeiten zu erm\u00f6glichen und Pausen sowie kurze Power-Naps zu f\u00f6rdern. Weiter helfen Schulungen zu Stressbew\u00e4ltigung und Schlafhygiene. Individuell empfiehlt sich ein regelm\u00e4ssiger Schlafrhythmus, Verzicht auf Bildschirme und Koffein vor dem Zubettgehen sowie ein ruhiges, dunkles und k\u00fchles Schlafzimmer.<\/p>\r\n<p class=\"my-2 [&amp;+p]:mt-4 [&amp;_strong:has(+br)]:inline-block [&amp;_strong:has(+br)]:pb-2\">Denn guter Schlaf ist nicht nur privat wichtig \u2013 er tr\u00e4gt entscheidend zur Sicherheit und Leistungsf\u00e4higkeit im Berufsalltag bei.<\/p>\r\n<p><em>Quelle und weitere Informationen: <a href=\"http:\/\/www.suva.ch\/\">www.suva.ch<\/a><\/em><\/p>\n<p class=\"syndicated-attribution\">Dieser Beitrag erschien urspr\u00fcnglich auf m-q.ch - <a href=\"https:\/\/www.m-q.ch\/de\/uebermuedet-im-job-unfallrisiko-fast-doppelt-so-hoch\/\" target=\"_blank\">https:\/\/www.m-q.ch\/de\/uebermuedet-im-job-unfallrisiko-fast-doppelt-so-hoch\/<\/a><\/p>","protected":false},"excerpt":{"rendered":"<p>Le 13 mars est la \u00abJourn\u00e9e mondiale du sommeil\u00bb. La Suva rappelle l'importance d'un bon sommeil pour la s\u00e9curit\u00e9 au travail.<\/p>","protected":false},"author":8,"featured_media":0,"comment_status":"closed","ping_status":"closed","sticky":false,"template":"","format":"standard","meta":{"_acf_changed":false,"_yoast_wpseo_focuskw":"\u00dcberm\u00fcdet","_yoast_wpseo_metadesc":"\u00dcberm\u00fcdet im Job? Die Suva ruft in Erinnerung, wie wichtig guter Schlaf f\u00fcr die Sicherheit am Arbeitsplatz ist.","articlekey":"","footnotes":""},"categories":[582],"tags":[53,77,418,463],"class_list":["post-46054","post","type-post","status-publish","format-standard","hentry","category-operational-excellence","tag-arbeitssicherheit","tag-betriebliches-gesundheitsmanagement","tag-risikomanagement","tag-suva"],"acf":[],"yoast_head":"<!-- This site is optimized with the Yoast SEO plugin v27.4 - https:\/\/yoast.com\/product\/yoast-seo-wordpress\/ -->\n<title>\u00dcberm\u00fcdet im Job: Unfallrisiko fast doppelt so hoch - Organisator<\/title>\n<meta name=\"description\" content=\"\u00dcberm\u00fcdet im Job? Die Suva ruft in Erinnerung, wie wichtig guter Schlaf f\u00fcr die Sicherheit am Arbeitsplatz ist.\" \/>\n<meta name=\"robots\" content=\"index, follow, max-snippet:-1, max-image-preview:large, max-video-preview:-1\" \/>\n<link rel=\"canonical\" href=\"https:\/\/www.organisator.ch\/fr\/excellence-operationnelle\/2026-03-13\/uebermuedet-im-job-unfallrisiko-fast-doppelt-so-hoch\/\" \/>\n<meta property=\"og:locale\" content=\"fr_FR\" \/>\n<meta property=\"og:type\" content=\"article\" \/>\n<meta property=\"og:title\" content=\"\u00dcberm\u00fcdet im Job: Unfallrisiko fast doppelt so hoch - Organisator\" \/>\n<meta property=\"og:description\" content=\"\u00dcberm\u00fcdet im Job? Die Suva ruft in Erinnerung, wie wichtig guter Schlaf f\u00fcr die Sicherheit am Arbeitsplatz ist.\" \/>\n<meta property=\"og:url\" content=\"https:\/\/www.organisator.ch\/fr\/excellence-operationnelle\/2026-03-13\/uebermuedet-im-job-unfallrisiko-fast-doppelt-so-hoch\/\" \/>\n<meta property=\"og:site_name\" content=\"Organisator\" \/>\n<meta property=\"article:publisher\" content=\"https:\/\/www.facebook.com\/OrganisatorFachmagazin\" \/>\n<meta property=\"article:published_time\" content=\"2026-03-13T08:17:09+00:00\" \/>\n<meta property=\"article:modified_time\" content=\"2026-03-13T10:35:39+00:00\" \/>\n<meta property=\"og:image\" content=\"https:\/\/www.organisator.ch\/wp-content\/uploads\/2023\/10\/OpEx_Lachapelle_Autorenbild-Lachapelle_organisator_67682.jpg\" \/>\n\t<meta property=\"og:image:width\" content=\"235\" \/>\n\t<meta property=\"og:image:height\" content=\"271\" \/>\n\t<meta property=\"og:image:type\" content=\"image\/jpeg\" \/>\n<meta name=\"author\" content=\"galledia\" \/>\n<meta name=\"twitter:card\" content=\"summary_large_image\" \/>\n<meta name=\"twitter:creator\" content=\"@admin\" \/>\n<script type=\"application\/ld+json\" class=\"yoast-schema-graph\">{\"@context\":\"https:\\\/\\\/schema.org\",\"@graph\":[{\"@type\":\"Article\",\"@id\":\"https:\\\/\\\/www.organisator.ch\\\/operational-excellence\\\/2026-03-13\\\/uebermuedet-im-job-unfallrisiko-fast-doppelt-so-hoch\\\/#article\",\"isPartOf\":{\"@id\":\"https:\\\/\\\/www.organisator.ch\\\/operational-excellence\\\/2026-03-13\\\/uebermuedet-im-job-unfallrisiko-fast-doppelt-so-hoch\\\/\"},\"author\":{\"name\":\"galledia\",\"@id\":\"https:\\\/\\\/www.organisator.ch\\\/#\\\/schema\\\/person\\\/4e51799071cd2dd1232ac003643ef5f0\"},\"headline\":\"\u00dcberm\u00fcdet im Job: Unfallrisiko fast doppelt so hoch\",\"datePublished\":\"2026-03-13T08:17:09+00:00\",\"dateModified\":\"2026-03-13T10:35:39+00:00\",\"mainEntityOfPage\":{\"@id\":\"https:\\\/\\\/www.organisator.ch\\\/operational-excellence\\\/2026-03-13\\\/uebermuedet-im-job-unfallrisiko-fast-doppelt-so-hoch\\\/\"},\"wordCount\":291,\"publisher\":{\"@id\":\"https:\\\/\\\/www.organisator.ch\\\/#organization\"},\"image\":{\"@id\":\"https:\\\/\\\/www.organisator.ch\\\/operational-excellence\\\/2026-03-13\\\/uebermuedet-im-job-unfallrisiko-fast-doppelt-so-hoch\\\/#primaryimage\"},\"thumbnailUrl\":\"https:\\\/\\\/www.m-q.ch\\\/wp-content\\\/uploads\\\/2026\\\/03\\\/Uebermuedet-im-Job-Unfallrisiko-fast-doppelt-so-hoch_MQ.jpg\",\"keywords\":[\"Arbeitssicherheit\",\"Betriebliches Gesundheitsmanagement\",\"Risikomanagement\",\"SUVA\"],\"articleSection\":[\"OPERATIONAL EXCELLENCE\"],\"inLanguage\":\"fr-FR\"},{\"@type\":\"WebPage\",\"@id\":\"https:\\\/\\\/www.organisator.ch\\\/operational-excellence\\\/2026-03-13\\\/uebermuedet-im-job-unfallrisiko-fast-doppelt-so-hoch\\\/\",\"url\":\"https:\\\/\\\/www.organisator.ch\\\/operational-excellence\\\/2026-03-13\\\/uebermuedet-im-job-unfallrisiko-fast-doppelt-so-hoch\\\/\",\"name\":\"\u00dcberm\u00fcdet im Job: Unfallrisiko fast doppelt so hoch - Organisator\",\"isPartOf\":{\"@id\":\"https:\\\/\\\/www.organisator.ch\\\/#website\"},\"primaryImageOfPage\":{\"@id\":\"https:\\\/\\\/www.organisator.ch\\\/operational-excellence\\\/2026-03-13\\\/uebermuedet-im-job-unfallrisiko-fast-doppelt-so-hoch\\\/#primaryimage\"},\"image\":{\"@id\":\"https:\\\/\\\/www.organisator.ch\\\/operational-excellence\\\/2026-03-13\\\/uebermuedet-im-job-unfallrisiko-fast-doppelt-so-hoch\\\/#primaryimage\"},\"thumbnailUrl\":\"https:\\\/\\\/www.m-q.ch\\\/wp-content\\\/uploads\\\/2026\\\/03\\\/Uebermuedet-im-Job-Unfallrisiko-fast-doppelt-so-hoch_MQ.jpg\",\"datePublished\":\"2026-03-13T08:17:09+00:00\",\"dateModified\":\"2026-03-13T10:35:39+00:00\",\"description\":\"\u00dcberm\u00fcdet im Job? Die Suva ruft in Erinnerung, wie wichtig guter Schlaf f\u00fcr die Sicherheit am Arbeitsplatz ist.\",\"breadcrumb\":{\"@id\":\"https:\\\/\\\/www.organisator.ch\\\/operational-excellence\\\/2026-03-13\\\/uebermuedet-im-job-unfallrisiko-fast-doppelt-so-hoch\\\/#breadcrumb\"},\"inLanguage\":\"fr-FR\",\"potentialAction\":[{\"@type\":\"ReadAction\",\"target\":[\"https:\\\/\\\/www.organisator.ch\\\/operational-excellence\\\/2026-03-13\\\/uebermuedet-im-job-unfallrisiko-fast-doppelt-so-hoch\\\/\"]}]},{\"@type\":\"ImageObject\",\"inLanguage\":\"fr-FR\",\"@id\":\"https:\\\/\\\/www.organisator.ch\\\/operational-excellence\\\/2026-03-13\\\/uebermuedet-im-job-unfallrisiko-fast-doppelt-so-hoch\\\/#primaryimage\",\"url\":\"https:\\\/\\\/www.m-q.ch\\\/wp-content\\\/uploads\\\/2026\\\/03\\\/Uebermuedet-im-Job-Unfallrisiko-fast-doppelt-so-hoch_MQ.jpg\",\"contentUrl\":\"https:\\\/\\\/www.m-q.ch\\\/wp-content\\\/uploads\\\/2026\\\/03\\\/Uebermuedet-im-Job-Unfallrisiko-fast-doppelt-so-hoch_MQ.jpg\"},{\"@type\":\"BreadcrumbList\",\"@id\":\"https:\\\/\\\/www.organisator.ch\\\/operational-excellence\\\/2026-03-13\\\/uebermuedet-im-job-unfallrisiko-fast-doppelt-so-hoch\\\/#breadcrumb\",\"itemListElement\":[{\"@type\":\"ListItem\",\"position\":1,\"name\":\"Home\",\"item\":\"https:\\\/\\\/www.organisator.ch\\\/\"},{\"@type\":\"ListItem\",\"position\":2,\"name\":\"\u00dcberm\u00fcdet im Job: Unfallrisiko fast doppelt so hoch\"}]},{\"@type\":\"WebSite\",\"@id\":\"https:\\\/\\\/www.organisator.ch\\\/#website\",\"url\":\"https:\\\/\\\/www.organisator.ch\\\/\",\"name\":\"Organisator\",\"description\":\"Kompetent. Praxisnah. Der ORGANISATOR bereitet in 10 Ausgaben pro Jahr die wesentlichen Themen f\u00fcr F\u00fchrungskr\u00e4fte von KMU auf.\",\"publisher\":{\"@id\":\"https:\\\/\\\/www.organisator.ch\\\/#organization\"},\"potentialAction\":[{\"@type\":\"SearchAction\",\"target\":{\"@type\":\"EntryPoint\",\"urlTemplate\":\"https:\\\/\\\/www.organisator.ch\\\/?s={search_term_string}\"},\"query-input\":{\"@type\":\"PropertyValueSpecification\",\"valueRequired\":true,\"valueName\":\"search_term_string\"}}],\"inLanguage\":\"fr-FR\"},{\"@type\":\"Organization\",\"@id\":\"https:\\\/\\\/www.organisator.ch\\\/#organization\",\"name\":\"Organisator\",\"url\":\"https:\\\/\\\/www.organisator.ch\\\/\",\"logo\":{\"@type\":\"ImageObject\",\"inLanguage\":\"fr-FR\",\"@id\":\"https:\\\/\\\/www.organisator.ch\\\/#\\\/schema\\\/logo\\\/image\\\/\",\"url\":\"https:\\\/\\\/www.organisator.ch\\\/wp-content\\\/uploads\\\/2022\\\/01\\\/Logo_Organisator_Website.png\",\"contentUrl\":\"https:\\\/\\\/www.organisator.ch\\\/wp-content\\\/uploads\\\/2022\\\/01\\\/Logo_Organisator_Website.png\",\"width\":800,\"height\":77,\"caption\":\"Organisator\"},\"image\":{\"@id\":\"https:\\\/\\\/www.organisator.ch\\\/#\\\/schema\\\/logo\\\/image\\\/\"},\"sameAs\":[\"https:\\\/\\\/www.facebook.com\\\/OrganisatorFachmagazin\",\"https:\\\/\\\/www.linkedin.com\\\/showcase\\\/organisator-das-magazin-fr-kmu\",\"https:\\\/\\\/www.xing.com\\\/news\\\/pages\\\/organisator-ch-695\",\"https:\\\/\\\/www.youtube.com\\\/channel\\\/UCGP2Sq0iWaZwT3BdIAQFYpw\"]},{\"@type\":\"Person\",\"@id\":\"https:\\\/\\\/www.organisator.ch\\\/#\\\/schema\\\/person\\\/4e51799071cd2dd1232ac003643ef5f0\",\"name\":\"galledia\",\"image\":{\"@type\":\"ImageObject\",\"inLanguage\":\"fr-FR\",\"@id\":\"https:\\\/\\\/secure.gravatar.com\\\/avatar\\\/78a7f90c01fc2bfc875782a0d4922b37cde2cf184ce347b91316d23cd7f69a36?s=96&d=mm&r=g\",\"url\":\"https:\\\/\\\/secure.gravatar.com\\\/avatar\\\/78a7f90c01fc2bfc875782a0d4922b37cde2cf184ce347b91316d23cd7f69a36?s=96&d=mm&r=g\",\"contentUrl\":\"https:\\\/\\\/secure.gravatar.com\\\/avatar\\\/78a7f90c01fc2bfc875782a0d4922b37cde2cf184ce347b91316d23cd7f69a36?s=96&d=mm&r=g\",\"caption\":\"galledia\"},\"sameAs\":[\"https:\\\/\\\/x.com\\\/admin\"],\"url\":\"https:\\\/\\\/www.organisator.ch\\\/fr\\\/author\\\/galledia\\\/\"}]}<\/script>\n<!-- \/ Yoast SEO plugin. -->","yoast_head_json":{"title":"Fatigue au travail : le risque d'accident est presque doubl\u00e9 - Organisateur","description":"Fatigu\u00e9 au travail ? La Suva rappelle l'importance d'un bon sommeil pour la s\u00e9curit\u00e9 au travail.","robots":{"index":"index","follow":"follow","max-snippet":"max-snippet:-1","max-image-preview":"max-image-preview:large","max-video-preview":"max-video-preview:-1"},"canonical":"https:\/\/www.organisator.ch\/fr\/excellence-operationnelle\/2026-03-13\/uebermuedet-im-job-unfallrisiko-fast-doppelt-so-hoch\/","og_locale":"fr_FR","og_type":"article","og_title":"\u00dcberm\u00fcdet im Job: Unfallrisiko fast doppelt so hoch - Organisator","og_description":"\u00dcberm\u00fcdet im Job? Die Suva ruft in Erinnerung, wie wichtig guter Schlaf f\u00fcr die Sicherheit am Arbeitsplatz ist.","og_url":"https:\/\/www.organisator.ch\/fr\/excellence-operationnelle\/2026-03-13\/uebermuedet-im-job-unfallrisiko-fast-doppelt-so-hoch\/","og_site_name":"Organisator","article_publisher":"https:\/\/www.facebook.com\/OrganisatorFachmagazin","article_published_time":"2026-03-13T08:17:09+00:00","article_modified_time":"2026-03-13T10:35:39+00:00","og_image":[{"width":235,"height":271,"url":"https:\/\/www.organisator.ch\/wp-content\/uploads\/2023\/10\/OpEx_Lachapelle_Autorenbild-Lachapelle_organisator_67682.jpg","type":"image\/jpeg"}],"author":"galledia","twitter_card":"summary_large_image","twitter_creator":"@admin","schema":{"@context":"https:\/\/schema.org","@graph":[{"@type":"Article","@id":"https:\/\/www.organisator.ch\/operational-excellence\/2026-03-13\/uebermuedet-im-job-unfallrisiko-fast-doppelt-so-hoch\/#article","isPartOf":{"@id":"https:\/\/www.organisator.ch\/operational-excellence\/2026-03-13\/uebermuedet-im-job-unfallrisiko-fast-doppelt-so-hoch\/"},"author":{"name":"galledia","@id":"https:\/\/www.organisator.ch\/#\/schema\/person\/4e51799071cd2dd1232ac003643ef5f0"},"headline":"\u00dcberm\u00fcdet im Job: Unfallrisiko fast doppelt so hoch","datePublished":"2026-03-13T08:17:09+00:00","dateModified":"2026-03-13T10:35:39+00:00","mainEntityOfPage":{"@id":"https:\/\/www.organisator.ch\/operational-excellence\/2026-03-13\/uebermuedet-im-job-unfallrisiko-fast-doppelt-so-hoch\/"},"wordCount":291,"publisher":{"@id":"https:\/\/www.organisator.ch\/#organization"},"image":{"@id":"https:\/\/www.organisator.ch\/operational-excellence\/2026-03-13\/uebermuedet-im-job-unfallrisiko-fast-doppelt-so-hoch\/#primaryimage"},"thumbnailUrl":"https:\/\/www.m-q.ch\/wp-content\/uploads\/2026\/03\/Uebermuedet-im-Job-Unfallrisiko-fast-doppelt-so-hoch_MQ.jpg","keywords":["Arbeitssicherheit","Betriebliches Gesundheitsmanagement","Risikomanagement","SUVA"],"articleSection":["OPERATIONAL EXCELLENCE"],"inLanguage":"fr-FR"},{"@type":"WebPage","@id":"https:\/\/www.organisator.ch\/operational-excellence\/2026-03-13\/uebermuedet-im-job-unfallrisiko-fast-doppelt-so-hoch\/","url":"https:\/\/www.organisator.ch\/operational-excellence\/2026-03-13\/uebermuedet-im-job-unfallrisiko-fast-doppelt-so-hoch\/","name":"Fatigue au travail : le risque d'accident est presque doubl\u00e9 - Organisateur","isPartOf":{"@id":"https:\/\/www.organisator.ch\/#website"},"primaryImageOfPage":{"@id":"https:\/\/www.organisator.ch\/operational-excellence\/2026-03-13\/uebermuedet-im-job-unfallrisiko-fast-doppelt-so-hoch\/#primaryimage"},"image":{"@id":"https:\/\/www.organisator.ch\/operational-excellence\/2026-03-13\/uebermuedet-im-job-unfallrisiko-fast-doppelt-so-hoch\/#primaryimage"},"thumbnailUrl":"https:\/\/www.m-q.ch\/wp-content\/uploads\/2026\/03\/Uebermuedet-im-Job-Unfallrisiko-fast-doppelt-so-hoch_MQ.jpg","datePublished":"2026-03-13T08:17:09+00:00","dateModified":"2026-03-13T10:35:39+00:00","description":"Fatigu\u00e9 au travail ? La Suva rappelle l'importance d'un bon sommeil pour la s\u00e9curit\u00e9 au travail.","breadcrumb":{"@id":"https:\/\/www.organisator.ch\/operational-excellence\/2026-03-13\/uebermuedet-im-job-unfallrisiko-fast-doppelt-so-hoch\/#breadcrumb"},"inLanguage":"fr-FR","potentialAction":[{"@type":"ReadAction","target":["https:\/\/www.organisator.ch\/operational-excellence\/2026-03-13\/uebermuedet-im-job-unfallrisiko-fast-doppelt-so-hoch\/"]}]},{"@type":"ImageObject","inLanguage":"fr-FR","@id":"https:\/\/www.organisator.ch\/operational-excellence\/2026-03-13\/uebermuedet-im-job-unfallrisiko-fast-doppelt-so-hoch\/#primaryimage","url":"https:\/\/www.m-q.ch\/wp-content\/uploads\/2026\/03\/Uebermuedet-im-Job-Unfallrisiko-fast-doppelt-so-hoch_MQ.jpg","contentUrl":"https:\/\/www.m-q.ch\/wp-content\/uploads\/2026\/03\/Uebermuedet-im-Job-Unfallrisiko-fast-doppelt-so-hoch_MQ.jpg"},{"@type":"BreadcrumbList","@id":"https:\/\/www.organisator.ch\/operational-excellence\/2026-03-13\/uebermuedet-im-job-unfallrisiko-fast-doppelt-so-hoch\/#breadcrumb","itemListElement":[{"@type":"ListItem","position":1,"name":"Home","item":"https:\/\/www.organisator.ch\/"},{"@type":"ListItem","position":2,"name":"\u00dcberm\u00fcdet im Job: Unfallrisiko fast doppelt so hoch"}]},{"@type":"WebSite","@id":"https:\/\/www.organisator.ch\/#website","url":"https:\/\/www.organisator.ch\/","name":"Organisateur","description":"Comp\u00e9tence et comp\u00e9tence. Proches de la pratique. L'ORGANISATEUR pr\u00e9pare 10 num\u00e9ros par an sur les th\u00e8mes essentiels pour les dirigeants de PME.","publisher":{"@id":"https:\/\/www.organisator.ch\/#organization"},"potentialAction":[{"@type":"SearchAction","target":{"@type":"EntryPoint","urlTemplate":"https:\/\/www.organisator.ch\/?s={search_term_string}"},"query-input":{"@type":"PropertyValueSpecification","valueRequired":true,"valueName":"search_term_string"}}],"inLanguage":"fr-FR"},{"@type":"Organization","@id":"https:\/\/www.organisator.ch\/#organization","name":"Organisateur","url":"https:\/\/www.organisator.ch\/","logo":{"@type":"ImageObject","inLanguage":"fr-FR","@id":"https:\/\/www.organisator.ch\/#\/schema\/logo\/image\/","url":"https:\/\/www.organisator.ch\/wp-content\/uploads\/2022\/01\/Logo_Organisator_Website.png","contentUrl":"https:\/\/www.organisator.ch\/wp-content\/uploads\/2022\/01\/Logo_Organisator_Website.png","width":800,"height":77,"caption":"Organisator"},"image":{"@id":"https:\/\/www.organisator.ch\/#\/schema\/logo\/image\/"},"sameAs":["https:\/\/www.facebook.com\/OrganisatorFachmagazin","https:\/\/www.linkedin.com\/showcase\/organisator-das-magazin-fr-kmu","https:\/\/www.xing.com\/news\/pages\/organisator-ch-695","https:\/\/www.youtube.com\/channel\/UCGP2Sq0iWaZwT3BdIAQFYpw"]},{"@type":"Person","@id":"https:\/\/www.organisator.ch\/#\/schema\/person\/4e51799071cd2dd1232ac003643ef5f0","name":"galledia","image":{"@type":"ImageObject","inLanguage":"fr-FR","@id":"https:\/\/secure.gravatar.com\/avatar\/78a7f90c01fc2bfc875782a0d4922b37cde2cf184ce347b91316d23cd7f69a36?s=96&d=mm&r=g","url":"https:\/\/secure.gravatar.com\/avatar\/78a7f90c01fc2bfc875782a0d4922b37cde2cf184ce347b91316d23cd7f69a36?s=96&d=mm&r=g","contentUrl":"https:\/\/secure.gravatar.com\/avatar\/78a7f90c01fc2bfc875782a0d4922b37cde2cf184ce347b91316d23cd7f69a36?s=96&d=mm&r=g","caption":"galledia"},"sameAs":["https:\/\/x.com\/admin"],"url":"https:\/\/www.organisator.ch\/fr\/author\/galledia\/"}]}},"_links":{"self":[{"href":"https:\/\/www.organisator.ch\/fr\/wp-json\/wp\/v2\/posts\/46054","targetHints":{"allow":["GET"]}}],"collection":[{"href":"https:\/\/www.organisator.ch\/fr\/wp-json\/wp\/v2\/posts"}],"about":[{"href":"https:\/\/www.organisator.ch\/fr\/wp-json\/wp\/v2\/types\/post"}],"author":[{"embeddable":true,"href":"https:\/\/www.organisator.ch\/fr\/wp-json\/wp\/v2\/users\/8"}],"replies":[{"embeddable":true,"href":"https:\/\/www.organisator.ch\/fr\/wp-json\/wp\/v2\/comments?post=46054"}],"version-history":[{"count":6,"href":"https:\/\/www.organisator.ch\/fr\/wp-json\/wp\/v2\/posts\/46054\/revisions"}],"predecessor-version":[{"id":46063,"href":"https:\/\/www.organisator.ch\/fr\/wp-json\/wp\/v2\/posts\/46054\/revisions\/46063"}],"wp:attachment":[{"href":"https:\/\/www.organisator.ch\/fr\/wp-json\/wp\/v2\/media?parent=46054"}],"wp:term":[{"taxonomy":"category","embeddable":true,"href":"https:\/\/www.organisator.ch\/fr\/wp-json\/wp\/v2\/categories?post=46054"},{"taxonomy":"post_tag","embeddable":true,"href":"https:\/\/www.organisator.ch\/fr\/wp-json\/wp\/v2\/tags?post=46054"}],"curies":[{"name":"wp","href":"https:\/\/api.w.org\/{rel}","templated":true}]}}