{"id":46104,"date":"2026-03-16T13:21:19","date_gmt":"2026-03-16T12:21:19","guid":{"rendered":"https:\/\/www.m-q.ch\/?p=22565"},"modified":"2026-03-16T15:10:51","modified_gmt":"2026-03-16T14:10:51","slug":"vorschau-hannover-messe-entscheidungsintelligenz-in-der-fabrik","status":"publish","type":"post","link":"https:\/\/www.organisator.ch\/fr\/operational-excellence\/2026-03-16\/vorschau-hannover-messe-entscheidungsintelligenz-in-der-fabrik\/","title":{"rendered":"Aper\u00e7u de la foire de Hanovre : L'intelligence d\u00e9cisionnelle dans l'usine"},"content":{"rendered":"<figure id=\"attachment_22566\" class=\"wp-caption alignnone\" style=\"width: 680px;\" aria-describedby=\"caption-attachment-22566\"><img class=\"size-full wp-image-22566\" src=\"https:\/\/www.m-q.ch\/wp-content\/uploads\/2026\/03\/Vorschau-Hannover-Messe-Entscheidungsintelligenz-in-der-Fabrik_MQ.jpg\" sizes=\"(max-width: 680px) 100vw, 680px\" srcset=\"https:\/\/www.m-q.ch\/wp-content\/uploads\/2026\/03\/Vorschau-Hannover-Messe-Entscheidungsintelligenz-in-der-Fabrik_MQ.jpg 680w, https:\/\/www.m-q.ch\/wp-content\/uploads\/2026\/03\/Vorschau-Hannover-Messe-Entscheidungsintelligenz-in-der-Fabrik_MQ-18x9.jpg 18w, https:\/\/www.m-q.ch\/wp-content\/uploads\/2026\/03\/Vorschau-Hannover-Messe-Entscheidungsintelligenz-in-der-Fabrik_MQ-375x188.jpg 375w\" alt=\"\" width=\"680\" height=\"340\" \/>\r\n<figcaption id=\"caption-attachment-22566\" class=\"wp-caption-text\">Gr\u00e2ce \u00e0 l'IA, iTAC apporte l'intelligence d\u00e9cisionnelle dans l'usine. Source de l'image : iTAC Software AG (g\u00e9n\u00e9r\u00e9e par l'IA)<\/figcaption>\r\n<\/figure>\r\n<p>Les entreprises de production disposent aujourd'hui d'\u00e9normes quantit\u00e9s de donn\u00e9es et d'un vaste savoir empirique. Pourtant, beaucoup de ces informations restent inexploit\u00e9es dans le quotidien de la production : Les machines fournissent des donn\u00e9es en continu, mais il manque souvent le contexte qui permettrait d'en tirer rapidement les bonnes conclusions. Parall\u00e8lement, de pr\u00e9cieuses connaissances en mati\u00e8re de production se trouvent dans des documentations, des syst\u00e8mes informatiques ou dans la t\u00eate des collaborateurs - souvent fragment\u00e9es et non imm\u00e9diatement disponibles.<\/p>\r\n<p>Lors de la Hannover Messe 2026, iTAC (hall 15, stand E18) montrera comment l'intelligence artificielle permet de combler cette lacune. La particularit\u00e9 : iTAC relie les donn\u00e9es de production et les sources de connaissances en une base de d\u00e9cision commune - et permet des analyses IA directement dans l'usine, sans d\u00e9pendance du cloud.<\/p>\r\n<h3>Combiner l'analyse des donn\u00e9es et la gestion des connaissances<\/h3>\r\n<p>La pression augmente pour que les d\u00e9cisions de production soient prises plus rapidement et de mani\u00e8re plus fond\u00e9e. Dans l'id\u00e9al, les donn\u00e9es de production devraient permettre de tirer imm\u00e9diatement des conclusions pertinentes pour l'action. Parall\u00e8lement, il s'agit de sauvegarder un pr\u00e9cieux savoir de production. Une grande partie de ce savoir-faire se trouve dans les valeurs empiriques des collaborateurs ou dans des documentations dispers\u00e9es. Si ce savoir n'est pas syst\u00e9matiquement mis \u00e0 disposition, il se perd avec les changements de personnel ou les modifications organisationnelles.<\/p>\r\n<p>iTAC montre sur le salon comment les donn\u00e9es de production peuvent \u00eatre \u00e9valu\u00e9es en temps r\u00e9el et utilis\u00e9es pour prendre des d\u00e9cisions fond\u00e9es. L'iTAC.Asset.Analyzer, qui rassemble et analyse les donn\u00e9es des machines et des processus de l'ensemble de l'environnement de production, joue un r\u00f4le central dans ce contexte.<\/p>\r\n<h3>Transparence sur les machines, les processus et les performances<\/h3>\r\n<p>La solution permet des analyses en temps r\u00e9el et historiques au niveau des machines, des lignes et des usines. Les responsables obtiennent ainsi un aper\u00e7u complet de l'\u00e9tat et de l'\u00e9volution des performances de la production. Les \u00e9carts ou les probl\u00e8mes de qualit\u00e9 peuvent \u00eatre d\u00e9tect\u00e9s \u00e0 un stade pr\u00e9coce et analys\u00e9s de mani\u00e8re cibl\u00e9e.<\/p>\r\n<p>Des algorithmes bas\u00e9s sur l'IA soutiennent l'\u00e9valuation de grandes quantit\u00e9s de donn\u00e9es et identifient automatiquement les anomalies dans les processus de production. Les r\u00e9sultats sont visualis\u00e9s dans des tableaux de bord clairs et cr\u00e9ent une base transparente pour les d\u00e9cisions bas\u00e9es sur les donn\u00e9es.<\/p>\r\n<p>Un avantage particulier r\u00e9side dans l'int\u00e9gration flexible des installations les plus diverses. Les machines peuvent \u00eatre connect\u00e9es rapidement, ind\u00e9pendamment du fabricant ou de la standardisation - m\u00eame les installations anciennes ou h\u00e9t\u00e9rog\u00e8nes. On obtient ainsi une image globale de l'ensemble de l'environnement de fabrication - sans projets d'int\u00e9gration fastidieux ou infrastructures cloud suppl\u00e9mentaires.<\/p>\r\n<h3>Utilisation pratique chez le fabricant d'\u00e9lectronique Fideltronik<\/h3>\r\n<p>L'utilisation par le fabricant d'\u00e9lectronique Fideltronik montre comment les entreprises peuvent profiter de cette transparence. L'entreprise utilise iTAC.Asset.Analyzer pour regrouper les donn\u00e9es de production de diff\u00e9rentes installations et mieux analyser les performances de sa fabrication.<\/p>\r\n<p>\u00abPour nous, en tant que prestataire de services EMS, la transparence en temps r\u00e9el est cruciale. Depuis l'introduction d'iTAC.Asset.Analyzer, nous avons atteint un niveau de contr\u00f4le sur l'\u00e9tat de notre fabrication qui n'\u00e9tait pas possible auparavant. Nous avons \u00e9t\u00e9 particuli\u00e8rement impressionn\u00e9s par la rapidit\u00e9 avec laquelle les installations peuvent \u00eatre connect\u00e9es - m\u00eame les stations non standardis\u00e9es comme les installations de test ou de peinture\u00bb, explique Marcin Wn\u0119k, COO de Fideltronik.<\/p>\r\n<p>Des tableaux de bord configurables individuellement aident l'entreprise \u00e0 standardiser les processus, \u00e0 am\u00e9liorer les temps de cycle et \u00e0 r\u00e9duire les arr\u00eats non planifi\u00e9s.<\/p>\r\n<h3>Acc\u00e8s bas\u00e9 sur l'IA aux connaissances en mati\u00e8re de production et d'exp\u00e9rience<\/h3>\r\n<p>Outre l'analyse des donn\u00e9es, l'acc\u00e8s structur\u00e9 aux connaissances en mati\u00e8re de production prend de plus en plus d'importance. Avec iTAC.CATi (Context Agent for Technical Insight), iTAC pr\u00e9sente une plateforme bas\u00e9e sur l'IA qui relie les documentations, les instructions et, en perspective, les donn\u00e9es de production.<\/p>\r\n<p>Le chatbot met ces connaissances \u00e0 disposition directement dans la production et en temps r\u00e9el. Les collaborateurs peuvent poser des questions en langage naturel et obtenir des r\u00e9ponses pr\u00e9cises et contextuelles sur la base des informations disponibles.<\/p>\r\n<p>\u00abDans de nombreuses entreprises, les connaissances en mati\u00e8re de production existent, mais ne sont pas disponibles \u00e0 tout moment et de mani\u00e8re centralis\u00e9e. Avec CATi, nous les apportons directement sur le terrain. Nous fournissons un contexte de connaissances commun \u00e0 partir duquel les collaborateurs peuvent imm\u00e9diatement trouver des r\u00e9ponses et des recommandations d'action\u00bb, explique Andreas Zerfas, VP Product Management chez iTAC. \u00abNotre approche se distingue de beaucoup d'autres par le fait que nous combinons les donn\u00e9es de production et les sources de connaissances en une base d\u00e9cisionnelle commune - et ce, avec une souverainet\u00e9 totale des donn\u00e9es\u00bb.\u00bb<\/p>\r\n<p>La plateforme utilise des mod\u00e8les d'IA exploit\u00e9s localement, des graphes de connaissances et l'Edge-Computing, de sorte que les analyses peuvent \u00eatre effectu\u00e9es directement dans l'environnement de production et que la souverainet\u00e9 sur les donn\u00e9es est pr\u00e9serv\u00e9e.<\/p>\r\n<h3>Portefeuille int\u00e9gr\u00e9 pour la production pilot\u00e9e par les donn\u00e9es<\/h3>\r\n<p>Les solutions pr\u00e9sent\u00e9es font partie du portefeuille int\u00e9gr\u00e9 d'iTAC pour la fabrication num\u00e9rique. La iTAC.MOM.Suite aide les entreprises \u00e0 planifier, contr\u00f4ler et surveiller les processus de production en temps r\u00e9el.<\/p>\r\n<p>En collaboration avec ses filiales Dualis et Accevo, iTAC montrera \u00e0 la Foire de Hanovre comment la planification de la production, l'analyse et le contr\u00f4le des processus interagissent de mani\u00e8re transparente et permettent ensemble des processus num\u00e9riques continus - pour plus de transparence, une efficacit\u00e9 accrue et une production orient\u00e9e vers l'avenir et les donn\u00e9es. Les trois entreprises pr\u00e9senteront leurs solutions du 20 au 24 avril 2026 dans le hall 15, stand E18.<\/p>\r\n<p><em>Source : <a href=\"https:\/\/www.itacsoftware.com\/\" rel=\"noopener\">https:\/\/www.itacsoftware.com<\/a><\/em><\/p>\n<p class=\"syndicated-attribution\">Cet article est paru initialement sur m-q.ch - <a href=\"https:\/\/www.m-q.ch\/de\/vorschau-hannover-messe-entscheidungsintelligenz-in-der-fabrik\/\" target=\"_blank\">https:\/\/www.m-q.ch\/de\/vorschau-hannover-messe-entscheidungsintelligenz-in-der-fabrik\/<\/a><\/p>","protected":false},"excerpt":{"rendered":"<p>\u00c0 la Hannover Messe 2026, l'\u00e9diteur de logiciels iTAC montrera comment l'intelligence artificielle combine les donn\u00e9es de production et les connaissances empiriques. Gr\u00e2ce \u00e0 l'iTAC.Asset.Analyzer et au chatbot iTAC.CATi bas\u00e9 sur l'IA, les entreprises peuvent prendre plus rapidement des d\u00e9cisions fond\u00e9es - directement dans l'usine, sans d\u00e9pendre du cloud.<\/p>","protected":false},"author":8,"featured_media":0,"comment_status":"closed","ping_status":"closed","sticky":false,"template":"","format":"standard","meta":{"_acf_changed":false,"_yoast_wpseo_focuskw":"Entscheidungsintelligenz","_yoast_wpseo_metadesc":"Auf der Hannover Messe 2026 iTAC die Verkn\u00fcpfung von Produktionsdaten und Erfahrungswissen zu Entscheidungsintelligenz.","articlekey":"","footnotes":""},"categories":[582],"tags":[5896,393,605,440,606],"class_list":["post-46104","post","type-post","status-publish","format-standard","hentry","category-operational-excellence","tag-hannover-messe","tag-produkte","tag-qualitaetsmanagement","tag-software","tag-unkategorisiert"],"acf":[],"yoast_head":"<!-- This site is optimized with the Yoast SEO plugin v27.5 - https:\/\/yoast.com\/product\/yoast-seo-wordpress\/ -->\n<title>Vorschau Hannover Messe: Entscheidungsintelligenz in der Fabrik - Organisator<\/title>\n<meta name=\"description\" content=\"Auf der Hannover Messe 2026 iTAC die Verkn\u00fcpfung von Produktionsdaten und Erfahrungswissen zu Entscheidungsintelligenz.\" \/>\n<meta name=\"robots\" content=\"index, follow, max-snippet:-1, max-image-preview:large, max-video-preview:-1\" \/>\n<link rel=\"canonical\" href=\"https:\/\/www.organisator.ch\/fr\/excellence-operationnelle\/2026-03-16\/vorschau-hannover-messe-entscheidungsintelligenz-in-der-fabrik\/\" \/>\n<meta property=\"og:locale\" content=\"fr_FR\" \/>\n<meta property=\"og:type\" content=\"article\" \/>\n<meta property=\"og:title\" content=\"Vorschau Hannover Messe: Entscheidungsintelligenz in der Fabrik - Organisator\" \/>\n<meta property=\"og:description\" content=\"Auf der Hannover Messe 2026 iTAC die Verkn\u00fcpfung von Produktionsdaten und Erfahrungswissen zu Entscheidungsintelligenz.\" \/>\n<meta property=\"og:url\" content=\"https:\/\/www.organisator.ch\/fr\/excellence-operationnelle\/2026-03-16\/vorschau-hannover-messe-entscheidungsintelligenz-in-der-fabrik\/\" \/>\n<meta property=\"og:site_name\" content=\"Organisator\" \/>\n<meta property=\"article:publisher\" content=\"https:\/\/www.facebook.com\/OrganisatorFachmagazin\" \/>\n<meta property=\"article:published_time\" content=\"2026-03-16T12:21:19+00:00\" \/>\n<meta property=\"article:modified_time\" content=\"2026-03-16T14:10:51+00:00\" \/>\n<meta name=\"author\" content=\"galledia\" \/>\n<meta name=\"twitter:card\" content=\"summary_large_image\" \/>\n<meta name=\"twitter:creator\" content=\"@admin\" \/>\n<script type=\"application\/ld+json\" class=\"yoast-schema-graph\">{\"@context\":\"https:\\\/\\\/schema.org\",\"@graph\":[{\"@type\":\"Article\",\"@id\":\"https:\\\/\\\/www.organisator.ch\\\/operational-excellence\\\/2026-03-16\\\/vorschau-hannover-messe-entscheidungsintelligenz-in-der-fabrik\\\/#article\",\"isPartOf\":{\"@id\":\"https:\\\/\\\/www.organisator.ch\\\/operational-excellence\\\/2026-03-16\\\/vorschau-hannover-messe-entscheidungsintelligenz-in-der-fabrik\\\/\"},\"author\":{\"name\":\"galledia\",\"@id\":\"https:\\\/\\\/www.organisator.ch\\\/#\\\/schema\\\/person\\\/4e51799071cd2dd1232ac003643ef5f0\"},\"headline\":\"Vorschau Hannover Messe: Entscheidungsintelligenz in der Fabrik\",\"datePublished\":\"2026-03-16T12:21:19+00:00\",\"dateModified\":\"2026-03-16T14:10:51+00:00\",\"mainEntityOfPage\":{\"@id\":\"https:\\\/\\\/www.organisator.ch\\\/operational-excellence\\\/2026-03-16\\\/vorschau-hannover-messe-entscheidungsintelligenz-in-der-fabrik\\\/\"},\"wordCount\":738,\"publisher\":{\"@id\":\"https:\\\/\\\/www.organisator.ch\\\/#organization\"},\"image\":{\"@id\":\"https:\\\/\\\/www.organisator.ch\\\/operational-excellence\\\/2026-03-16\\\/vorschau-hannover-messe-entscheidungsintelligenz-in-der-fabrik\\\/#primaryimage\"},\"thumbnailUrl\":\"https:\\\/\\\/www.m-q.ch\\\/wp-content\\\/uploads\\\/2026\\\/03\\\/Vorschau-Hannover-Messe-Entscheidungsintelligenz-in-der-Fabrik_MQ.jpg\",\"keywords\":[\"Hannover Messe\",\"Produkte\",\"Qualit\u00e4tsmanagement\",\"Software\",\"Unkategorisiert\"],\"articleSection\":[\"OPERATIONAL EXCELLENCE\"],\"inLanguage\":\"fr-FR\"},{\"@type\":\"WebPage\",\"@id\":\"https:\\\/\\\/www.organisator.ch\\\/operational-excellence\\\/2026-03-16\\\/vorschau-hannover-messe-entscheidungsintelligenz-in-der-fabrik\\\/\",\"url\":\"https:\\\/\\\/www.organisator.ch\\\/operational-excellence\\\/2026-03-16\\\/vorschau-hannover-messe-entscheidungsintelligenz-in-der-fabrik\\\/\",\"name\":\"Vorschau Hannover Messe: Entscheidungsintelligenz in der Fabrik - Organisator\",\"isPartOf\":{\"@id\":\"https:\\\/\\\/www.organisator.ch\\\/#website\"},\"primaryImageOfPage\":{\"@id\":\"https:\\\/\\\/www.organisator.ch\\\/operational-excellence\\\/2026-03-16\\\/vorschau-hannover-messe-entscheidungsintelligenz-in-der-fabrik\\\/#primaryimage\"},\"image\":{\"@id\":\"https:\\\/\\\/www.organisator.ch\\\/operational-excellence\\\/2026-03-16\\\/vorschau-hannover-messe-entscheidungsintelligenz-in-der-fabrik\\\/#primaryimage\"},\"thumbnailUrl\":\"https:\\\/\\\/www.m-q.ch\\\/wp-content\\\/uploads\\\/2026\\\/03\\\/Vorschau-Hannover-Messe-Entscheidungsintelligenz-in-der-Fabrik_MQ.jpg\",\"datePublished\":\"2026-03-16T12:21:19+00:00\",\"dateModified\":\"2026-03-16T14:10:51+00:00\",\"description\":\"Auf der Hannover Messe 2026 iTAC die Verkn\u00fcpfung von Produktionsdaten und Erfahrungswissen zu Entscheidungsintelligenz.\",\"breadcrumb\":{\"@id\":\"https:\\\/\\\/www.organisator.ch\\\/operational-excellence\\\/2026-03-16\\\/vorschau-hannover-messe-entscheidungsintelligenz-in-der-fabrik\\\/#breadcrumb\"},\"inLanguage\":\"fr-FR\",\"potentialAction\":[{\"@type\":\"ReadAction\",\"target\":[\"https:\\\/\\\/www.organisator.ch\\\/operational-excellence\\\/2026-03-16\\\/vorschau-hannover-messe-entscheidungsintelligenz-in-der-fabrik\\\/\"]}]},{\"@type\":\"ImageObject\",\"inLanguage\":\"fr-FR\",\"@id\":\"https:\\\/\\\/www.organisator.ch\\\/operational-excellence\\\/2026-03-16\\\/vorschau-hannover-messe-entscheidungsintelligenz-in-der-fabrik\\\/#primaryimage\",\"url\":\"https:\\\/\\\/www.m-q.ch\\\/wp-content\\\/uploads\\\/2026\\\/03\\\/Vorschau-Hannover-Messe-Entscheidungsintelligenz-in-der-Fabrik_MQ.jpg\",\"contentUrl\":\"https:\\\/\\\/www.m-q.ch\\\/wp-content\\\/uploads\\\/2026\\\/03\\\/Vorschau-Hannover-Messe-Entscheidungsintelligenz-in-der-Fabrik_MQ.jpg\"},{\"@type\":\"BreadcrumbList\",\"@id\":\"https:\\\/\\\/www.organisator.ch\\\/operational-excellence\\\/2026-03-16\\\/vorschau-hannover-messe-entscheidungsintelligenz-in-der-fabrik\\\/#breadcrumb\",\"itemListElement\":[{\"@type\":\"ListItem\",\"position\":1,\"name\":\"Home\",\"item\":\"https:\\\/\\\/www.organisator.ch\\\/\"},{\"@type\":\"ListItem\",\"position\":2,\"name\":\"Vorschau Hannover Messe: Entscheidungsintelligenz in der Fabrik\"}]},{\"@type\":\"WebSite\",\"@id\":\"https:\\\/\\\/www.organisator.ch\\\/#website\",\"url\":\"https:\\\/\\\/www.organisator.ch\\\/\",\"name\":\"Organisator\",\"description\":\"Kompetent. Praxisnah. Der ORGANISATOR bereitet in 10 Ausgaben pro Jahr die wesentlichen Themen f\u00fcr F\u00fchrungskr\u00e4fte von KMU auf.\",\"publisher\":{\"@id\":\"https:\\\/\\\/www.organisator.ch\\\/#organization\"},\"potentialAction\":[{\"@type\":\"SearchAction\",\"target\":{\"@type\":\"EntryPoint\",\"urlTemplate\":\"https:\\\/\\\/www.organisator.ch\\\/?s={search_term_string}\"},\"query-input\":{\"@type\":\"PropertyValueSpecification\",\"valueRequired\":true,\"valueName\":\"search_term_string\"}}],\"inLanguage\":\"fr-FR\"},{\"@type\":\"Organization\",\"@id\":\"https:\\\/\\\/www.organisator.ch\\\/#organization\",\"name\":\"Organisator\",\"url\":\"https:\\\/\\\/www.organisator.ch\\\/\",\"logo\":{\"@type\":\"ImageObject\",\"inLanguage\":\"fr-FR\",\"@id\":\"https:\\\/\\\/www.organisator.ch\\\/#\\\/schema\\\/logo\\\/image\\\/\",\"url\":\"https:\\\/\\\/www.organisator.ch\\\/wp-content\\\/uploads\\\/2022\\\/01\\\/Logo_Organisator_Website.png\",\"contentUrl\":\"https:\\\/\\\/www.organisator.ch\\\/wp-content\\\/uploads\\\/2022\\\/01\\\/Logo_Organisator_Website.png\",\"width\":800,\"height\":77,\"caption\":\"Organisator\"},\"image\":{\"@id\":\"https:\\\/\\\/www.organisator.ch\\\/#\\\/schema\\\/logo\\\/image\\\/\"},\"sameAs\":[\"https:\\\/\\\/www.facebook.com\\\/OrganisatorFachmagazin\",\"https:\\\/\\\/www.linkedin.com\\\/showcase\\\/organisator-das-magazin-fr-kmu\",\"https:\\\/\\\/www.xing.com\\\/news\\\/pages\\\/organisator-ch-695\",\"https:\\\/\\\/www.youtube.com\\\/channel\\\/UCGP2Sq0iWaZwT3BdIAQFYpw\"]},{\"@type\":\"Person\",\"@id\":\"https:\\\/\\\/www.organisator.ch\\\/#\\\/schema\\\/person\\\/4e51799071cd2dd1232ac003643ef5f0\",\"name\":\"galledia\",\"image\":{\"@type\":\"ImageObject\",\"inLanguage\":\"fr-FR\",\"@id\":\"https:\\\/\\\/secure.gravatar.com\\\/avatar\\\/78a7f90c01fc2bfc875782a0d4922b37cde2cf184ce347b91316d23cd7f69a36?s=96&d=mm&r=g\",\"url\":\"https:\\\/\\\/secure.gravatar.com\\\/avatar\\\/78a7f90c01fc2bfc875782a0d4922b37cde2cf184ce347b91316d23cd7f69a36?s=96&d=mm&r=g\",\"contentUrl\":\"https:\\\/\\\/secure.gravatar.com\\\/avatar\\\/78a7f90c01fc2bfc875782a0d4922b37cde2cf184ce347b91316d23cd7f69a36?s=96&d=mm&r=g\",\"caption\":\"galledia\"},\"sameAs\":[\"https:\\\/\\\/x.com\\\/admin\"],\"url\":\"https:\\\/\\\/www.organisator.ch\\\/fr\\\/author\\\/galledia\\\/\"}]}<\/script>\n<!-- \/ Yoast SEO plugin. -->","yoast_head_json":{"title":"Aper\u00e7u de la foire de Hanovre : L'intelligence d\u00e9cisionnelle dans l'usine - Organisateur","description":"\u00c0 la foire de Hanovre 2026 iTAC combine les donn\u00e9es de production et les connaissances empiriques en intelligence d\u00e9cisionnelle.","robots":{"index":"index","follow":"follow","max-snippet":"max-snippet:-1","max-image-preview":"max-image-preview:large","max-video-preview":"max-video-preview:-1"},"canonical":"https:\/\/www.organisator.ch\/fr\/excellence-operationnelle\/2026-03-16\/vorschau-hannover-messe-entscheidungsintelligenz-in-der-fabrik\/","og_locale":"fr_FR","og_type":"article","og_title":"Vorschau Hannover Messe: Entscheidungsintelligenz in der Fabrik - Organisator","og_description":"Auf der Hannover Messe 2026 iTAC die Verkn\u00fcpfung von Produktionsdaten und Erfahrungswissen zu Entscheidungsintelligenz.","og_url":"https:\/\/www.organisator.ch\/fr\/excellence-operationnelle\/2026-03-16\/vorschau-hannover-messe-entscheidungsintelligenz-in-der-fabrik\/","og_site_name":"Organisator","article_publisher":"https:\/\/www.facebook.com\/OrganisatorFachmagazin","article_published_time":"2026-03-16T12:21:19+00:00","article_modified_time":"2026-03-16T14:10:51+00:00","author":"galledia","twitter_card":"summary_large_image","twitter_creator":"@admin","schema":{"@context":"https:\/\/schema.org","@graph":[{"@type":"Article","@id":"https:\/\/www.organisator.ch\/operational-excellence\/2026-03-16\/vorschau-hannover-messe-entscheidungsintelligenz-in-der-fabrik\/#article","isPartOf":{"@id":"https:\/\/www.organisator.ch\/operational-excellence\/2026-03-16\/vorschau-hannover-messe-entscheidungsintelligenz-in-der-fabrik\/"},"author":{"name":"galledia","@id":"https:\/\/www.organisator.ch\/#\/schema\/person\/4e51799071cd2dd1232ac003643ef5f0"},"headline":"Vorschau Hannover Messe: Entscheidungsintelligenz in der Fabrik","datePublished":"2026-03-16T12:21:19+00:00","dateModified":"2026-03-16T14:10:51+00:00","mainEntityOfPage":{"@id":"https:\/\/www.organisator.ch\/operational-excellence\/2026-03-16\/vorschau-hannover-messe-entscheidungsintelligenz-in-der-fabrik\/"},"wordCount":738,"publisher":{"@id":"https:\/\/www.organisator.ch\/#organization"},"image":{"@id":"https:\/\/www.organisator.ch\/operational-excellence\/2026-03-16\/vorschau-hannover-messe-entscheidungsintelligenz-in-der-fabrik\/#primaryimage"},"thumbnailUrl":"https:\/\/www.m-q.ch\/wp-content\/uploads\/2026\/03\/Vorschau-Hannover-Messe-Entscheidungsintelligenz-in-der-Fabrik_MQ.jpg","keywords":["Hannover Messe","Produkte","Qualit\u00e4tsmanagement","Software","Unkategorisiert"],"articleSection":["OPERATIONAL EXCELLENCE"],"inLanguage":"fr-FR"},{"@type":"WebPage","@id":"https:\/\/www.organisator.ch\/operational-excellence\/2026-03-16\/vorschau-hannover-messe-entscheidungsintelligenz-in-der-fabrik\/","url":"https:\/\/www.organisator.ch\/operational-excellence\/2026-03-16\/vorschau-hannover-messe-entscheidungsintelligenz-in-der-fabrik\/","name":"Aper\u00e7u de la foire de Hanovre : L'intelligence d\u00e9cisionnelle dans l'usine - Organisateur","isPartOf":{"@id":"https:\/\/www.organisator.ch\/#website"},"primaryImageOfPage":{"@id":"https:\/\/www.organisator.ch\/operational-excellence\/2026-03-16\/vorschau-hannover-messe-entscheidungsintelligenz-in-der-fabrik\/#primaryimage"},"image":{"@id":"https:\/\/www.organisator.ch\/operational-excellence\/2026-03-16\/vorschau-hannover-messe-entscheidungsintelligenz-in-der-fabrik\/#primaryimage"},"thumbnailUrl":"https:\/\/www.m-q.ch\/wp-content\/uploads\/2026\/03\/Vorschau-Hannover-Messe-Entscheidungsintelligenz-in-der-Fabrik_MQ.jpg","datePublished":"2026-03-16T12:21:19+00:00","dateModified":"2026-03-16T14:10:51+00:00","description":"\u00c0 la foire de Hanovre 2026 iTAC combine les donn\u00e9es de production et les connaissances empiriques en intelligence d\u00e9cisionnelle.","breadcrumb":{"@id":"https:\/\/www.organisator.ch\/operational-excellence\/2026-03-16\/vorschau-hannover-messe-entscheidungsintelligenz-in-der-fabrik\/#breadcrumb"},"inLanguage":"fr-FR","potentialAction":[{"@type":"ReadAction","target":["https:\/\/www.organisator.ch\/operational-excellence\/2026-03-16\/vorschau-hannover-messe-entscheidungsintelligenz-in-der-fabrik\/"]}]},{"@type":"ImageObject","inLanguage":"fr-FR","@id":"https:\/\/www.organisator.ch\/operational-excellence\/2026-03-16\/vorschau-hannover-messe-entscheidungsintelligenz-in-der-fabrik\/#primaryimage","url":"https:\/\/www.m-q.ch\/wp-content\/uploads\/2026\/03\/Vorschau-Hannover-Messe-Entscheidungsintelligenz-in-der-Fabrik_MQ.jpg","contentUrl":"https:\/\/www.m-q.ch\/wp-content\/uploads\/2026\/03\/Vorschau-Hannover-Messe-Entscheidungsintelligenz-in-der-Fabrik_MQ.jpg"},{"@type":"BreadcrumbList","@id":"https:\/\/www.organisator.ch\/operational-excellence\/2026-03-16\/vorschau-hannover-messe-entscheidungsintelligenz-in-der-fabrik\/#breadcrumb","itemListElement":[{"@type":"ListItem","position":1,"name":"Home","item":"https:\/\/www.organisator.ch\/"},{"@type":"ListItem","position":2,"name":"Vorschau Hannover Messe: Entscheidungsintelligenz in der Fabrik"}]},{"@type":"WebSite","@id":"https:\/\/www.organisator.ch\/#website","url":"https:\/\/www.organisator.ch\/","name":"Organisateur","description":"Comp\u00e9tence et comp\u00e9tence. Proches de la pratique. L'ORGANISATEUR pr\u00e9pare 10 num\u00e9ros par an sur les th\u00e8mes essentiels pour les dirigeants de PME.","publisher":{"@id":"https:\/\/www.organisator.ch\/#organization"},"potentialAction":[{"@type":"SearchAction","target":{"@type":"EntryPoint","urlTemplate":"https:\/\/www.organisator.ch\/?s={search_term_string}"},"query-input":{"@type":"PropertyValueSpecification","valueRequired":true,"valueName":"search_term_string"}}],"inLanguage":"fr-FR"},{"@type":"Organization","@id":"https:\/\/www.organisator.ch\/#organization","name":"Organisateur","url":"https:\/\/www.organisator.ch\/","logo":{"@type":"ImageObject","inLanguage":"fr-FR","@id":"https:\/\/www.organisator.ch\/#\/schema\/logo\/image\/","url":"https:\/\/www.organisator.ch\/wp-content\/uploads\/2022\/01\/Logo_Organisator_Website.png","contentUrl":"https:\/\/www.organisator.ch\/wp-content\/uploads\/2022\/01\/Logo_Organisator_Website.png","width":800,"height":77,"caption":"Organisator"},"image":{"@id":"https:\/\/www.organisator.ch\/#\/schema\/logo\/image\/"},"sameAs":["https:\/\/www.facebook.com\/OrganisatorFachmagazin","https:\/\/www.linkedin.com\/showcase\/organisator-das-magazin-fr-kmu","https:\/\/www.xing.com\/news\/pages\/organisator-ch-695","https:\/\/www.youtube.com\/channel\/UCGP2Sq0iWaZwT3BdIAQFYpw"]},{"@type":"Person","@id":"https:\/\/www.organisator.ch\/#\/schema\/person\/4e51799071cd2dd1232ac003643ef5f0","name":"galledia","image":{"@type":"ImageObject","inLanguage":"fr-FR","@id":"https:\/\/secure.gravatar.com\/avatar\/78a7f90c01fc2bfc875782a0d4922b37cde2cf184ce347b91316d23cd7f69a36?s=96&d=mm&r=g","url":"https:\/\/secure.gravatar.com\/avatar\/78a7f90c01fc2bfc875782a0d4922b37cde2cf184ce347b91316d23cd7f69a36?s=96&d=mm&r=g","contentUrl":"https:\/\/secure.gravatar.com\/avatar\/78a7f90c01fc2bfc875782a0d4922b37cde2cf184ce347b91316d23cd7f69a36?s=96&d=mm&r=g","caption":"galledia"},"sameAs":["https:\/\/x.com\/admin"],"url":"https:\/\/www.organisator.ch\/fr\/author\/galledia\/"}]}},"_links":{"self":[{"href":"https:\/\/www.organisator.ch\/fr\/wp-json\/wp\/v2\/posts\/46104","targetHints":{"allow":["GET"]}}],"collection":[{"href":"https:\/\/www.organisator.ch\/fr\/wp-json\/wp\/v2\/posts"}],"about":[{"href":"https:\/\/www.organisator.ch\/fr\/wp-json\/wp\/v2\/types\/post"}],"author":[{"embeddable":true,"href":"https:\/\/www.organisator.ch\/fr\/wp-json\/wp\/v2\/users\/8"}],"replies":[{"embeddable":true,"href":"https:\/\/www.organisator.ch\/fr\/wp-json\/wp\/v2\/comments?post=46104"}],"version-history":[{"count":2,"href":"https:\/\/www.organisator.ch\/fr\/wp-json\/wp\/v2\/posts\/46104\/revisions"}],"predecessor-version":[{"id":46111,"href":"https:\/\/www.organisator.ch\/fr\/wp-json\/wp\/v2\/posts\/46104\/revisions\/46111"}],"wp:attachment":[{"href":"https:\/\/www.organisator.ch\/fr\/wp-json\/wp\/v2\/media?parent=46104"}],"wp:term":[{"taxonomy":"category","embeddable":true,"href":"https:\/\/www.organisator.ch\/fr\/wp-json\/wp\/v2\/categories?post=46104"},{"taxonomy":"post_tag","embeddable":true,"href":"https:\/\/www.organisator.ch\/fr\/wp-json\/wp\/v2\/tags?post=46104"}],"curies":[{"name":"wp","href":"https:\/\/api.w.org\/{rel}","templated":true}]}}