{"id":462,"date":"2016-08-18T17:04:31","date_gmt":"2016-08-18T15:04:31","guid":{"rendered":"https:\/\/dev.umweltperspektiven.ch\/?p=462"},"modified":"2016-08-18T17:04:31","modified_gmt":"2016-08-18T15:04:31","slug":"pilotprojekt-will-see-von-invasiven-arten-freihalten","status":"publish","type":"post","link":"https:\/\/www.organisator.ch\/fr\/allgemein\/2016-08-18\/pilotprojekt-will-see-von-invasiven-arten-freihalten\/","title":{"rendered":"Un projet pilote vise \u00e0 pr\u00e9server le lac des esp\u00e8ces envahissantes"},"content":{"rendered":"<figure id=\"attachment_463\" aria-describedby=\"caption-attachment-463\" style=\"width: 680px\" class=\"wp-caption alignnone\"><a href=\"\/\/dev.umweltperspektiven.ch\/wp-content\/uploads\/2016\/12\/Pilotprojekt-will-See-von-invasiven-Arten-freihalten-umweltperspektiven.jpg\"><img loading=\"lazy\" decoding=\"async\" class=\"size-medium wp-image-463\" src=\"\/\/dev.umweltperspektiven.ch\/wp-content\/uploads\/2016\/12\/Pilotprojekt-will-See-von-invasiven-Arten-freihalten-umweltperspektiven.jpg\" alt=\"Le gobie \u00e0 t\u00e2ches noires a d\u00e9j\u00e0 fortement colonis\u00e9 le Rhin ; \u00e0 B\u00e2le, il repr\u00e9sente d\u00e9j\u00e0 environ 70 % des captures de poissons. Les poissons forment des densit\u00e9s \u00e9lev\u00e9es et r\u00e9ussissent \u00e0 la fois comme concurrents alimentaires et spatiaux et comme pr\u00e9dateurs. (Photo : Philipp Hirsch)\" width=\"680\" height=\"411\" srcset=\"https:\/\/www.organisator.ch\/wp-content\/uploads\/2016\/12\/Pilotprojekt-will-See-von-invasiven-Arten-freihalten-umweltperspektiven.jpg 2362w, https:\/\/www.organisator.ch\/wp-content\/uploads\/2016\/12\/Pilotprojekt-will-See-von-invasiven-Arten-freihalten-umweltperspektiven-680x411.jpg 680w, https:\/\/www.organisator.ch\/wp-content\/uploads\/2016\/12\/Pilotprojekt-will-See-von-invasiven-Arten-freihalten-umweltperspektiven-1024x620.jpg 1024w, https:\/\/www.organisator.ch\/wp-content\/uploads\/2016\/12\/Pilotprojekt-will-See-von-invasiven-Arten-freihalten-umweltperspektiven-768x465.jpg 768w, https:\/\/www.organisator.ch\/wp-content\/uploads\/2016\/12\/Pilotprojekt-will-See-von-invasiven-Arten-freihalten-umweltperspektiven-1536x929.jpg 1536w, https:\/\/www.organisator.ch\/wp-content\/uploads\/2016\/12\/Pilotprojekt-will-See-von-invasiven-Arten-freihalten-umweltperspektiven-2048x1239.jpg 2048w, https:\/\/www.organisator.ch\/wp-content\/uploads\/2016\/12\/Pilotprojekt-will-See-von-invasiven-Arten-freihalten-umweltperspektiven-18x12.jpg 18w, https:\/\/www.organisator.ch\/wp-content\/uploads\/2016\/12\/Pilotprojekt-will-See-von-invasiven-Arten-freihalten-umweltperspektiven-289x175.jpg 289w, https:\/\/www.organisator.ch\/wp-content\/uploads\/2016\/12\/Pilotprojekt-will-See-von-invasiven-Arten-freihalten-umweltperspektiven-579x350.jpg 579w, https:\/\/www.organisator.ch\/wp-content\/uploads\/2016\/12\/Pilotprojekt-will-See-von-invasiven-Arten-freihalten-umweltperspektiven-1322x800.jpg 1322w, https:\/\/www.organisator.ch\/wp-content\/uploads\/2016\/12\/Pilotprojekt-will-See-von-invasiven-Arten-freihalten-umweltperspektiven-920x557.jpg 920w, https:\/\/www.organisator.ch\/wp-content\/uploads\/2016\/12\/Pilotprojekt-will-See-von-invasiven-Arten-freihalten-umweltperspektiven-1400x847.jpg 1400w, https:\/\/www.organisator.ch\/wp-content\/uploads\/2016\/12\/Pilotprojekt-will-See-von-invasiven-Arten-freihalten-umweltperspektiven-300x181.jpg 300w\" sizes=\"auto, (max-width: 680px) 100vw, 680px\" \/><\/a><figcaption id=\"caption-attachment-463\" class=\"wp-caption-text\">Le gobie \u00e0 t\u00e2ches noires a d\u00e9j\u00e0 fortement colonis\u00e9 le Rhin ; \u00e0 B\u00e2le, il repr\u00e9sente d\u00e9j\u00e0 environ 70 % des captures de poissons. Les poissons forment des densit\u00e9s \u00e9lev\u00e9es et r\u00e9ussissent \u00e0 la fois comme concurrents alimentaires et spatiaux et comme pr\u00e9dateurs. (Photo : Philipp Hirsch)<\/figcaption><\/figure>\n<p>Les esp\u00e8ces exotiques - appel\u00e9es n\u00e9obiotes - se r\u00e9pandent de plus en plus en Suisse. Ces animaux et plantes introduits ou immigr\u00e9s peuvent causer des dommages consid\u00e9rables \u00e0 l'homme, aux animaux, aux infrastructures et \u00e0 l'environnement. Elles peuvent \u00e9galement poser des probl\u00e8mes dans les cours d'eau, en se propageant fortement et en \u00e9vin\u00e7ant par exemple les esp\u00e8ces indig\u00e8nes. La biodiversit\u00e9 s'en trouve consid\u00e9rablement menac\u00e9e.<\/p>\n<p>En transmettant la peste de l'\u00e9crevisse, les grandes \u00e9crevisses am\u00e9ricaines ont par exemple d\u00e9j\u00e0 provoqu\u00e9 localement l'extinction des \u00e9crevisses indig\u00e8nes. D'autres n\u00e9obiotes, comme les gobies de la mer Noire, \u00e9vincent les esp\u00e8ces de poissons indig\u00e8nes de leurs fray\u00e8res et de leurs zones d'alimentation. Quant aux moules \u00e9trang\u00e8res \u00e0 la r\u00e9gion, comme la moule \u00e0 panier ou la moule quagga, elles obstruent les syst\u00e8mes de canalisation.<\/p>\n<p><strong>Le lac de Pf\u00e4ffikon, une zone test id\u00e9ale pour un projet pilote<\/strong><\/p>\n<p>Le lac de Pf\u00e4ffikon, dans l'Oberland zurichois, est une zone de d\u00e9tente de proximit\u00e9 tr\u00e8s appr\u00e9ci\u00e9e. Il constitue aujourd'hui un \u00e9cosyst\u00e8me fonctionnel et offre un habitat \u00e0 de nombreuses plantes et animaux rares et menac\u00e9s. Heureusement, il n'a pratiquement pas \u00e9t\u00e9 colonis\u00e9 par des esp\u00e8ces exog\u00e8nes jusqu'\u00e0 aujourd'hui.<\/p>\n<p>Comme le Greifensee et le lac de Zurich tout proches sont d\u00e9j\u00e0 infest\u00e9s par quelques n\u00e9obiontes invasifs, il faut s'attendre \u00e0 ce que de nouvelles esp\u00e8ces apparaissent \u00e9galement dans le lac de Pf\u00e4ffikon. Pour \u00e9viter cela, l'Office des d\u00e9chets, de l'eau, de l'\u00e9nergie et de l'air (AWEL) met en \u0153uvre le projet pilote \"Zone libre de n\u00e9obiotes du lac de Pf\u00e4ffikon\" en concertation avec les communes et les associations locales.<\/p>\n<p>L'objectif du projet est de maintenir le lac aussi exempt que possible d'esp\u00e8ces exotiques nuisibles et de pr\u00e9server le pr\u00e9cieux \u00e9cosyst\u00e8me actuel. En effet, une fois qu'elles se sont \u00e9tablies, il est quasiment impossible de les \u00e9liminer.<\/p>\n<p><strong>Sensibiliser et montrer le bon comportement<\/strong><\/p>\n<p>La sensibilisation des p\u00eacheurs, des propri\u00e9taires de bateaux et des amateurs de sports nautiques joue un r\u00f4le important dans le projet pilote. Ils peuvent introduire involontairement des esp\u00e8ces invasives provenant d'autres eaux, car les n\u00e9obiotes peuvent adh\u00e9rer aux bateaux, \u00e0 d'autres objets flottants et \u00e0 des pi\u00e8ces d'\u00e9quipement ou \u00eatre transport\u00e9s dans l'eau de cale - l'eau r\u00e9siduelle dans la partie inf\u00e9rieure de la coque du bateau - ou dans des r\u00e9sidus d'eau dans l'\u00e9quipement. C'est pourquoi les bateaux doivent \u00eatre soigneusement nettoy\u00e9s avant d'\u00eatre mis \u00e0 l'eau dans le lac de Pf\u00e4ffikon, et il en va de m\u00eame pour le reste du mat\u00e9riel. En outre, les poissons d'app\u00e2t vivants ne doivent pas \u00eatre introduits dans le lac de Pf\u00e4ffikon \u00e0 partir d'autres lacs.<\/p>\n<p>En outre, le public local sera sensibilis\u00e9 au th\u00e8me des n\u00e9obiotes et aux cons\u00e9quences des l\u00e2chers ill\u00e9gaux d'habitants d'aquariums et de bassins de jardin. Les mesures seront mises en \u0153uvre de 2016 \u00e0 2018, adapt\u00e9es si n\u00e9cessaire et \u00e9valu\u00e9es. En 2019, un bilan sera dress\u00e9 et il sera d\u00e9cid\u00e9 si les mesures doivent \u00eatre poursuivies et \u00e9ventuellement \u00e9tendues \u00e0 d'autres cours d'eau du canton de Zurich. Le projet pilote men\u00e9 sur le lac de Pf\u00e4ffikon fournit des informations importantes pour la strat\u00e9gie cantonale en mati\u00e8re de n\u00e9obiotes, qui pourront \u00e9galement \u00eatre utilis\u00e9es \u00e0 l'\u00e9chelle nationale.<\/p>","protected":false},"excerpt":{"rendered":"<p>In der Schweiz verbreiten sich zunehmend gebietsfremde Arten \u2013 sogenannte Neobiota. Diese eingeschleppten oder eingewanderten Tiere und Pflanzen k\u00f6nnen Mensch, Tiere, Infrastrukturanlagen und die Umwelt erheblich sch\u00e4digen. Auch in Gew\u00e4ssern k\u00f6nnen sie Probleme bereiten, indem sie sich stark ausbreiten und etwa einheimische Arten verdr\u00e4ngen. Dies gef\u00e4hrdet die Artenvielfalt in erheblichem Masse. Durch \u00dcbertragung der Krebspest [&hellip;]<\/p>\n","protected":false},"author":1,"featured_media":463,"comment_status":"open","ping_status":"open","sticky":false,"template":"","format":"standard","meta":{"_acf_changed":false,"_yoast_wpseo_focuskw":"Arten","_yoast_wpseo_metadesc":"Arten, die nicht in der Schweiz heimisch sind, k\u00f6nnen sich stark ausbreiten und Probleme verursachen - und sind kaum wieder zu entfernen.","articlekey":"","footnotes":""},"categories":[1],"tags":[730,756,1474,1819,1899],"class_list":["post-462","post","type-post","status-publish","format-standard","has-post-thumbnail","hentry","category-allgemein","tag-artenschutz","tag-awel","tag-kanton-zuerich","tag-neobioten","tag-pfaeffikersee"],"acf":[],"yoast_head":"<!-- This site is optimized with the Yoast SEO plugin v27.5 - https:\/\/yoast.com\/product\/yoast-seo-wordpress\/ -->\n<title>Pilotprojekt will See von invasiven Arten freihalten - Organisator<\/title>\n<meta name=\"description\" content=\"Arten, die nicht in der Schweiz heimisch sind, k\u00f6nnen sich stark ausbreiten und Probleme verursachen - und sind kaum wieder zu entfernen.\" \/>\n<meta name=\"robots\" content=\"index, follow, max-snippet:-1, max-image-preview:large, max-video-preview:-1\" \/>\n<link rel=\"canonical\" href=\"https:\/\/www.organisator.ch\/fr\/general\/2016-08-18\/pilotprojekt-will-see-von-invasiven-arten-freihalten\/\" \/>\n<meta property=\"og:locale\" content=\"fr_FR\" \/>\n<meta property=\"og:type\" content=\"article\" \/>\n<meta property=\"og:title\" content=\"Pilotprojekt will See von invasiven Arten freihalten - Organisator\" \/>\n<meta property=\"og:description\" content=\"Arten, die nicht in der Schweiz heimisch sind, k\u00f6nnen sich stark ausbreiten und Probleme verursachen - und sind kaum wieder zu entfernen.\" \/>\n<meta property=\"og:url\" content=\"https:\/\/www.organisator.ch\/fr\/general\/2016-08-18\/pilotprojekt-will-see-von-invasiven-arten-freihalten\/\" \/>\n<meta property=\"og:site_name\" content=\"Organisator\" \/>\n<meta property=\"article:publisher\" content=\"https:\/\/www.facebook.com\/OrganisatorFachmagazin\" \/>\n<meta property=\"article:published_time\" content=\"2016-08-18T15:04:31+00:00\" \/>\n<meta property=\"og:image\" content=\"https:\/\/www.organisator.ch\/wp-content\/uploads\/2016\/12\/Pilotprojekt-will-See-von-invasiven-Arten-freihalten-umweltperspektiven.jpg\" \/>\n\t<meta property=\"og:image:width\" content=\"2362\" \/>\n\t<meta property=\"og:image:height\" content=\"1429\" \/>\n\t<meta property=\"og:image:type\" content=\"image\/jpeg\" \/>\n<meta name=\"author\" content=\"admin\" \/>\n<meta name=\"twitter:card\" content=\"summary_large_image\" \/>\n<script type=\"application\/ld+json\" class=\"yoast-schema-graph\">{\"@context\":\"https:\\\/\\\/schema.org\",\"@graph\":[{\"@type\":\"Article\",\"@id\":\"https:\\\/\\\/www.organisator.ch\\\/en\\\/general\\\/2016-08-18\\\/pilotprojekt-will-see-von-invasiven-arten-freihalten\\\/#article\",\"isPartOf\":{\"@id\":\"https:\\\/\\\/www.organisator.ch\\\/en\\\/general\\\/2016-08-18\\\/pilotprojekt-will-see-von-invasiven-arten-freihalten\\\/\"},\"author\":{\"name\":\"admin\",\"@id\":\"https:\\\/\\\/www.organisator.ch\\\/#\\\/schema\\\/person\\\/aa2bace6c5c5aad60102004a50c4eb1c\"},\"headline\":\"Pilotprojekt will See von invasiven Arten freihalten\",\"datePublished\":\"2016-08-18T15:04:31+00:00\",\"mainEntityOfPage\":{\"@id\":\"https:\\\/\\\/www.organisator.ch\\\/en\\\/general\\\/2016-08-18\\\/pilotprojekt-will-see-von-invasiven-arten-freihalten\\\/\"},\"wordCount\":464,\"commentCount\":0,\"publisher\":{\"@id\":\"https:\\\/\\\/www.organisator.ch\\\/#organization\"},\"image\":{\"@id\":\"https:\\\/\\\/www.organisator.ch\\\/en\\\/general\\\/2016-08-18\\\/pilotprojekt-will-see-von-invasiven-arten-freihalten\\\/#primaryimage\"},\"thumbnailUrl\":\"https:\\\/\\\/www.organisator.ch\\\/wp-content\\\/uploads\\\/2016\\\/12\\\/Pilotprojekt-will-See-von-invasiven-Arten-freihalten-umweltperspektiven.jpg\",\"keywords\":[\"Artenschutz\",\"AWEL\",\"Kanton Z\u00fcrich\",\"Neobioten\",\"Pf\u00e4ffikersee\"],\"articleSection\":[\"Allgemein\"],\"inLanguage\":\"fr-FR\"},{\"@type\":\"WebPage\",\"@id\":\"https:\\\/\\\/www.organisator.ch\\\/en\\\/general\\\/2016-08-18\\\/pilotprojekt-will-see-von-invasiven-arten-freihalten\\\/\",\"url\":\"https:\\\/\\\/www.organisator.ch\\\/en\\\/general\\\/2016-08-18\\\/pilotprojekt-will-see-von-invasiven-arten-freihalten\\\/\",\"name\":\"Pilotprojekt will See von invasiven Arten freihalten - Organisator\",\"isPartOf\":{\"@id\":\"https:\\\/\\\/www.organisator.ch\\\/#website\"},\"primaryImageOfPage\":{\"@id\":\"https:\\\/\\\/www.organisator.ch\\\/en\\\/general\\\/2016-08-18\\\/pilotprojekt-will-see-von-invasiven-arten-freihalten\\\/#primaryimage\"},\"image\":{\"@id\":\"https:\\\/\\\/www.organisator.ch\\\/en\\\/general\\\/2016-08-18\\\/pilotprojekt-will-see-von-invasiven-arten-freihalten\\\/#primaryimage\"},\"thumbnailUrl\":\"https:\\\/\\\/www.organisator.ch\\\/wp-content\\\/uploads\\\/2016\\\/12\\\/Pilotprojekt-will-See-von-invasiven-Arten-freihalten-umweltperspektiven.jpg\",\"datePublished\":\"2016-08-18T15:04:31+00:00\",\"description\":\"Arten, die nicht in der Schweiz heimisch sind, k\u00f6nnen sich stark ausbreiten und Probleme verursachen - und sind kaum wieder zu entfernen.\",\"breadcrumb\":{\"@id\":\"https:\\\/\\\/www.organisator.ch\\\/en\\\/general\\\/2016-08-18\\\/pilotprojekt-will-see-von-invasiven-arten-freihalten\\\/#breadcrumb\"},\"inLanguage\":\"fr-FR\",\"potentialAction\":[{\"@type\":\"ReadAction\",\"target\":[\"https:\\\/\\\/www.organisator.ch\\\/en\\\/general\\\/2016-08-18\\\/pilotprojekt-will-see-von-invasiven-arten-freihalten\\\/\"]}]},{\"@type\":\"ImageObject\",\"inLanguage\":\"fr-FR\",\"@id\":\"https:\\\/\\\/www.organisator.ch\\\/en\\\/general\\\/2016-08-18\\\/pilotprojekt-will-see-von-invasiven-arten-freihalten\\\/#primaryimage\",\"url\":\"https:\\\/\\\/www.organisator.ch\\\/wp-content\\\/uploads\\\/2016\\\/12\\\/Pilotprojekt-will-See-von-invasiven-Arten-freihalten-umweltperspektiven.jpg\",\"contentUrl\":\"https:\\\/\\\/www.organisator.ch\\\/wp-content\\\/uploads\\\/2016\\\/12\\\/Pilotprojekt-will-See-von-invasiven-Arten-freihalten-umweltperspektiven.jpg\",\"width\":2362,\"height\":1429,\"caption\":\"Die Schwarzmundgrundel hat den Rhein bereits stark besiedelt, in Basel macht sie bereits rund 70 % des Fischfangs aus. Die Fische bilden hohe Dichten und sind sowohl als Nahrungs- als auch Raumkonkurrenten und R\u00e4uber erfolgreich. (Bild: Philipp Hirsch)\"},{\"@type\":\"BreadcrumbList\",\"@id\":\"https:\\\/\\\/www.organisator.ch\\\/en\\\/general\\\/2016-08-18\\\/pilotprojekt-will-see-von-invasiven-arten-freihalten\\\/#breadcrumb\",\"itemListElement\":[{\"@type\":\"ListItem\",\"position\":1,\"name\":\"Home\",\"item\":\"https:\\\/\\\/www.organisator.ch\\\/\"},{\"@type\":\"ListItem\",\"position\":2,\"name\":\"Pilotprojekt will See von invasiven Arten freihalten\"}]},{\"@type\":\"WebSite\",\"@id\":\"https:\\\/\\\/www.organisator.ch\\\/#website\",\"url\":\"https:\\\/\\\/www.organisator.ch\\\/\",\"name\":\"Organisator\",\"description\":\"Kompetent. Praxisnah. Der ORGANISATOR bereitet in 10 Ausgaben pro Jahr die wesentlichen Themen f\u00fcr F\u00fchrungskr\u00e4fte von KMU auf.\",\"publisher\":{\"@id\":\"https:\\\/\\\/www.organisator.ch\\\/#organization\"},\"potentialAction\":[{\"@type\":\"SearchAction\",\"target\":{\"@type\":\"EntryPoint\",\"urlTemplate\":\"https:\\\/\\\/www.organisator.ch\\\/?s={search_term_string}\"},\"query-input\":{\"@type\":\"PropertyValueSpecification\",\"valueRequired\":true,\"valueName\":\"search_term_string\"}}],\"inLanguage\":\"fr-FR\"},{\"@type\":\"Organization\",\"@id\":\"https:\\\/\\\/www.organisator.ch\\\/#organization\",\"name\":\"Organisator\",\"url\":\"https:\\\/\\\/www.organisator.ch\\\/\",\"logo\":{\"@type\":\"ImageObject\",\"inLanguage\":\"fr-FR\",\"@id\":\"https:\\\/\\\/www.organisator.ch\\\/#\\\/schema\\\/logo\\\/image\\\/\",\"url\":\"https:\\\/\\\/www.organisator.ch\\\/wp-content\\\/uploads\\\/2022\\\/01\\\/Logo_Organisator_Website.png\",\"contentUrl\":\"https:\\\/\\\/www.organisator.ch\\\/wp-content\\\/uploads\\\/2022\\\/01\\\/Logo_Organisator_Website.png\",\"width\":800,\"height\":77,\"caption\":\"Organisator\"},\"image\":{\"@id\":\"https:\\\/\\\/www.organisator.ch\\\/#\\\/schema\\\/logo\\\/image\\\/\"},\"sameAs\":[\"https:\\\/\\\/www.facebook.com\\\/OrganisatorFachmagazin\",\"https:\\\/\\\/www.linkedin.com\\\/showcase\\\/organisator-das-magazin-fr-kmu\",\"https:\\\/\\\/www.xing.com\\\/news\\\/pages\\\/organisator-ch-695\",\"https:\\\/\\\/www.youtube.com\\\/channel\\\/UCGP2Sq0iWaZwT3BdIAQFYpw\"]},{\"@type\":\"Person\",\"@id\":\"https:\\\/\\\/www.organisator.ch\\\/#\\\/schema\\\/person\\\/aa2bace6c5c5aad60102004a50c4eb1c\",\"name\":\"admin\",\"image\":{\"@type\":\"ImageObject\",\"inLanguage\":\"fr-FR\",\"@id\":\"https:\\\/\\\/secure.gravatar.com\\\/avatar\\\/ae2f4d718e6c49043e314ce431e7e645d646302a24a5ef5a8bc8e3f5a032e319?s=96&d=mm&r=g\",\"url\":\"https:\\\/\\\/secure.gravatar.com\\\/avatar\\\/ae2f4d718e6c49043e314ce431e7e645d646302a24a5ef5a8bc8e3f5a032e319?s=96&d=mm&r=g\",\"contentUrl\":\"https:\\\/\\\/secure.gravatar.com\\\/avatar\\\/ae2f4d718e6c49043e314ce431e7e645d646302a24a5ef5a8bc8e3f5a032e319?s=96&d=mm&r=g\",\"caption\":\"admin\"},\"sameAs\":[\"https:\\\/\\\/www.organisator.ch\"],\"url\":\"https:\\\/\\\/www.organisator.ch\\\/fr\\\/author\\\/admin\\\/\"}]}<\/script>\n<!-- \/ Yoast SEO plugin. -->","yoast_head_json":{"title":"Un projet pilote vise \u00e0 pr\u00e9server le lac des esp\u00e8ces envahissantes - Organisateur","description":"Les esp\u00e8ces qui ne sont pas indig\u00e8nes \u00e0 la Suisse peuvent se propager fortement et causer des probl\u00e8mes - et il est pratiquement impossible de les \u00e9liminer.","robots":{"index":"index","follow":"follow","max-snippet":"max-snippet:-1","max-image-preview":"max-image-preview:large","max-video-preview":"max-video-preview:-1"},"canonical":"https:\/\/www.organisator.ch\/fr\/general\/2016-08-18\/pilotprojekt-will-see-von-invasiven-arten-freihalten\/","og_locale":"fr_FR","og_type":"article","og_title":"Pilotprojekt will See von invasiven Arten freihalten - Organisator","og_description":"Arten, die nicht in der Schweiz heimisch sind, k\u00f6nnen sich stark ausbreiten und Probleme verursachen - und sind kaum wieder zu entfernen.","og_url":"https:\/\/www.organisator.ch\/fr\/general\/2016-08-18\/pilotprojekt-will-see-von-invasiven-arten-freihalten\/","og_site_name":"Organisator","article_publisher":"https:\/\/www.facebook.com\/OrganisatorFachmagazin","article_published_time":"2016-08-18T15:04:31+00:00","og_image":[{"width":2362,"height":1429,"url":"https:\/\/www.organisator.ch\/wp-content\/uploads\/2016\/12\/Pilotprojekt-will-See-von-invasiven-Arten-freihalten-umweltperspektiven.jpg","type":"image\/jpeg"}],"author":"admin","twitter_card":"summary_large_image","schema":{"@context":"https:\/\/schema.org","@graph":[{"@type":"Article","@id":"https:\/\/www.organisator.ch\/en\/general\/2016-08-18\/pilotprojekt-will-see-von-invasiven-arten-freihalten\/#article","isPartOf":{"@id":"https:\/\/www.organisator.ch\/en\/general\/2016-08-18\/pilotprojekt-will-see-von-invasiven-arten-freihalten\/"},"author":{"name":"admin","@id":"https:\/\/www.organisator.ch\/#\/schema\/person\/aa2bace6c5c5aad60102004a50c4eb1c"},"headline":"Pilotprojekt will See von invasiven Arten freihalten","datePublished":"2016-08-18T15:04:31+00:00","mainEntityOfPage":{"@id":"https:\/\/www.organisator.ch\/en\/general\/2016-08-18\/pilotprojekt-will-see-von-invasiven-arten-freihalten\/"},"wordCount":464,"commentCount":0,"publisher":{"@id":"https:\/\/www.organisator.ch\/#organization"},"image":{"@id":"https:\/\/www.organisator.ch\/en\/general\/2016-08-18\/pilotprojekt-will-see-von-invasiven-arten-freihalten\/#primaryimage"},"thumbnailUrl":"https:\/\/www.organisator.ch\/wp-content\/uploads\/2016\/12\/Pilotprojekt-will-See-von-invasiven-Arten-freihalten-umweltperspektiven.jpg","keywords":["Artenschutz","AWEL","Kanton Z\u00fcrich","Neobioten","Pf\u00e4ffikersee"],"articleSection":["Allgemein"],"inLanguage":"fr-FR"},{"@type":"WebPage","@id":"https:\/\/www.organisator.ch\/en\/general\/2016-08-18\/pilotprojekt-will-see-von-invasiven-arten-freihalten\/","url":"https:\/\/www.organisator.ch\/en\/general\/2016-08-18\/pilotprojekt-will-see-von-invasiven-arten-freihalten\/","name":"Un projet pilote vise \u00e0 pr\u00e9server le lac des esp\u00e8ces envahissantes - Organisateur","isPartOf":{"@id":"https:\/\/www.organisator.ch\/#website"},"primaryImageOfPage":{"@id":"https:\/\/www.organisator.ch\/en\/general\/2016-08-18\/pilotprojekt-will-see-von-invasiven-arten-freihalten\/#primaryimage"},"image":{"@id":"https:\/\/www.organisator.ch\/en\/general\/2016-08-18\/pilotprojekt-will-see-von-invasiven-arten-freihalten\/#primaryimage"},"thumbnailUrl":"https:\/\/www.organisator.ch\/wp-content\/uploads\/2016\/12\/Pilotprojekt-will-See-von-invasiven-Arten-freihalten-umweltperspektiven.jpg","datePublished":"2016-08-18T15:04:31+00:00","description":"Les esp\u00e8ces qui ne sont pas indig\u00e8nes \u00e0 la Suisse peuvent se propager fortement et causer des probl\u00e8mes - et il est pratiquement impossible de les \u00e9liminer.","breadcrumb":{"@id":"https:\/\/www.organisator.ch\/en\/general\/2016-08-18\/pilotprojekt-will-see-von-invasiven-arten-freihalten\/#breadcrumb"},"inLanguage":"fr-FR","potentialAction":[{"@type":"ReadAction","target":["https:\/\/www.organisator.ch\/en\/general\/2016-08-18\/pilotprojekt-will-see-von-invasiven-arten-freihalten\/"]}]},{"@type":"ImageObject","inLanguage":"fr-FR","@id":"https:\/\/www.organisator.ch\/en\/general\/2016-08-18\/pilotprojekt-will-see-von-invasiven-arten-freihalten\/#primaryimage","url":"https:\/\/www.organisator.ch\/wp-content\/uploads\/2016\/12\/Pilotprojekt-will-See-von-invasiven-Arten-freihalten-umweltperspektiven.jpg","contentUrl":"https:\/\/www.organisator.ch\/wp-content\/uploads\/2016\/12\/Pilotprojekt-will-See-von-invasiven-Arten-freihalten-umweltperspektiven.jpg","width":2362,"height":1429,"caption":"Die Schwarzmundgrundel hat den Rhein bereits stark besiedelt, in Basel macht sie bereits rund 70 % des Fischfangs aus. Die Fische bilden hohe Dichten und sind sowohl als Nahrungs- als auch Raumkonkurrenten und R\u00e4uber erfolgreich. (Bild: Philipp Hirsch)"},{"@type":"BreadcrumbList","@id":"https:\/\/www.organisator.ch\/en\/general\/2016-08-18\/pilotprojekt-will-see-von-invasiven-arten-freihalten\/#breadcrumb","itemListElement":[{"@type":"ListItem","position":1,"name":"Home","item":"https:\/\/www.organisator.ch\/"},{"@type":"ListItem","position":2,"name":"Pilotprojekt will See von invasiven Arten freihalten"}]},{"@type":"WebSite","@id":"https:\/\/www.organisator.ch\/#website","url":"https:\/\/www.organisator.ch\/","name":"Organisateur","description":"Comp\u00e9tence et comp\u00e9tence. Proches de la pratique. L'ORGANISATEUR pr\u00e9pare 10 num\u00e9ros par an sur les th\u00e8mes essentiels pour les dirigeants de PME.","publisher":{"@id":"https:\/\/www.organisator.ch\/#organization"},"potentialAction":[{"@type":"SearchAction","target":{"@type":"EntryPoint","urlTemplate":"https:\/\/www.organisator.ch\/?s={search_term_string}"},"query-input":{"@type":"PropertyValueSpecification","valueRequired":true,"valueName":"search_term_string"}}],"inLanguage":"fr-FR"},{"@type":"Organization","@id":"https:\/\/www.organisator.ch\/#organization","name":"Organisateur","url":"https:\/\/www.organisator.ch\/","logo":{"@type":"ImageObject","inLanguage":"fr-FR","@id":"https:\/\/www.organisator.ch\/#\/schema\/logo\/image\/","url":"https:\/\/www.organisator.ch\/wp-content\/uploads\/2022\/01\/Logo_Organisator_Website.png","contentUrl":"https:\/\/www.organisator.ch\/wp-content\/uploads\/2022\/01\/Logo_Organisator_Website.png","width":800,"height":77,"caption":"Organisator"},"image":{"@id":"https:\/\/www.organisator.ch\/#\/schema\/logo\/image\/"},"sameAs":["https:\/\/www.facebook.com\/OrganisatorFachmagazin","https:\/\/www.linkedin.com\/showcase\/organisator-das-magazin-fr-kmu","https:\/\/www.xing.com\/news\/pages\/organisator-ch-695","https:\/\/www.youtube.com\/channel\/UCGP2Sq0iWaZwT3BdIAQFYpw"]},{"@type":"Person","@id":"https:\/\/www.organisator.ch\/#\/schema\/person\/aa2bace6c5c5aad60102004a50c4eb1c","name":"admin","image":{"@type":"ImageObject","inLanguage":"fr-FR","@id":"https:\/\/secure.gravatar.com\/avatar\/ae2f4d718e6c49043e314ce431e7e645d646302a24a5ef5a8bc8e3f5a032e319?s=96&d=mm&r=g","url":"https:\/\/secure.gravatar.com\/avatar\/ae2f4d718e6c49043e314ce431e7e645d646302a24a5ef5a8bc8e3f5a032e319?s=96&d=mm&r=g","contentUrl":"https:\/\/secure.gravatar.com\/avatar\/ae2f4d718e6c49043e314ce431e7e645d646302a24a5ef5a8bc8e3f5a032e319?s=96&d=mm&r=g","caption":"admin"},"sameAs":["https:\/\/www.organisator.ch"],"url":"https:\/\/www.organisator.ch\/fr\/author\/admin\/"}]}},"_links":{"self":[{"href":"https:\/\/www.organisator.ch\/fr\/wp-json\/wp\/v2\/posts\/462","targetHints":{"allow":["GET"]}}],"collection":[{"href":"https:\/\/www.organisator.ch\/fr\/wp-json\/wp\/v2\/posts"}],"about":[{"href":"https:\/\/www.organisator.ch\/fr\/wp-json\/wp\/v2\/types\/post"}],"author":[{"embeddable":true,"href":"https:\/\/www.organisator.ch\/fr\/wp-json\/wp\/v2\/users\/1"}],"replies":[{"embeddable":true,"href":"https:\/\/www.organisator.ch\/fr\/wp-json\/wp\/v2\/comments?post=462"}],"version-history":[{"count":0,"href":"https:\/\/www.organisator.ch\/fr\/wp-json\/wp\/v2\/posts\/462\/revisions"}],"wp:featuredmedia":[{"embeddable":true,"href":"https:\/\/www.organisator.ch\/fr\/wp-json\/wp\/v2\/media\/463"}],"wp:attachment":[{"href":"https:\/\/www.organisator.ch\/fr\/wp-json\/wp\/v2\/media?parent=462"}],"wp:term":[{"taxonomy":"category","embeddable":true,"href":"https:\/\/www.organisator.ch\/fr\/wp-json\/wp\/v2\/categories?post=462"},{"taxonomy":"post_tag","embeddable":true,"href":"https:\/\/www.organisator.ch\/fr\/wp-json\/wp\/v2\/tags?post=462"}],"curies":[{"name":"wp","href":"https:\/\/api.w.org\/{rel}","templated":true}]}}