{"id":4629,"date":"2018-12-06T10:07:59","date_gmt":"2018-12-06T09:07:59","guid":{"rendered":"https:\/\/www.organisator.ch\/?p=4629"},"modified":"2018-12-06T10:07:59","modified_gmt":"2018-12-06T09:07:59","slug":"volkswirtschaftliche-verantwortung-zu-uebernehmen-lohnt-sich","status":"publish","type":"post","link":"https:\/\/www.organisator.ch\/fr\/management\/2018-12-06\/volkswirtschaftliche-verantwortung-zu-uebernehmen-lohnt-sich\/","title":{"rendered":"Assumer une \"responsabilit\u00e9 \u00e9conomique\" est payant"},"content":{"rendered":"<figure id=\"attachment_4630\" aria-describedby=\"caption-attachment-4630\" style=\"width: 680px\" class=\"wp-caption alignnone\"><img loading=\"lazy\" decoding=\"async\" class=\"size-medium wp-image-4630\" src=\"https:\/\/www.organisator.ch\/wp-content\/uploads\/2018\/12\/Volkswirtschaftliche-Verantwortung-zu-uebernehmen-lohnt-sich-1_Organisator.jpg\" alt=\"\" width=\"680\" height=\"572\" srcset=\"https:\/\/www.organisator.ch\/wp-content\/uploads\/2018\/12\/Volkswirtschaftliche-Verantwortung-zu-uebernehmen-lohnt-sich-1_Organisator.jpg 680w, https:\/\/www.organisator.ch\/wp-content\/uploads\/2018\/12\/Volkswirtschaftliche-Verantwortung-zu-uebernehmen-lohnt-sich-1_Organisator-14x12.jpg 14w, https:\/\/www.organisator.ch\/wp-content\/uploads\/2018\/12\/Volkswirtschaftliche-Verantwortung-zu-uebernehmen-lohnt-sich-1_Organisator-208x175.jpg 208w, https:\/\/www.organisator.ch\/wp-content\/uploads\/2018\/12\/Volkswirtschaftliche-Verantwortung-zu-uebernehmen-lohnt-sich-1_Organisator-416x350.jpg 416w, https:\/\/www.organisator.ch\/wp-content\/uploads\/2018\/12\/Volkswirtschaftliche-Verantwortung-zu-uebernehmen-lohnt-sich-1_Organisator-300x252.jpg 300w\" sizes=\"auto, (max-width: 680px) 100vw, 680px\" \/><figcaption id=\"caption-attachment-4630\" class=\"wp-caption-text\">Une \u00e9tude publi\u00e9e par la Suva montre qu'il vaut la peine pour les entreprises d'assumer leur responsabilit\u00e9 \u00e9conomique. (Image : zVg Suva)<\/figcaption><\/figure>\n<p>Depuis la crise des march\u00e9s financiers de 2007\/2008, les attentes de la soci\u00e9t\u00e9 vis-\u00e0-vis de la \"responsabilit\u00e9 d'entreprise\" ou de la responsabilit\u00e9 des acteurs \u00e9conomiques ont fondamentalement chang\u00e9. Depuis lors, le public juge de plus en plus les entreprises et les secteurs \u00e9conomiques en fonction de la mesure dans laquelle ils assument leur responsabilit\u00e9 \u00e9conomique.<\/p>\n<h2>La r\u00e9putation comme facteur de cr\u00e9ation de valeur<\/h2>\n<p>Dans une premi\u00e8re partie, l'\u00e9tude se penche sur l'\u00e9volution de la confiance du public dans l'\u00e9conomie suisse et dans ses entreprises. En mettant en relation l'\u00e9volution de la r\u00e9putation avec les chiffres \u00e9conomiques des entreprises cot\u00e9es en bourse, elle montre qu'une r\u00e9putation sup\u00e9rieure \u00e0 la moyenne est aussi un facteur de cr\u00e9ation de valeur. La perception publique, v\u00e9hicul\u00e9e par les m\u00e9dias, joue donc un r\u00f4le central aussi bien pour la construction et la destruction de la r\u00e9putation que pour le succ\u00e8s \u00e9conomique d'une entreprise.<\/p>\n<figure id=\"attachment_4631\" aria-describedby=\"caption-attachment-4631\" style=\"width: 680px\" class=\"wp-caption alignnone\"><img loading=\"lazy\" decoding=\"async\" class=\"size-medium wp-image-4631\" src=\"https:\/\/www.organisator.ch\/wp-content\/uploads\/2018\/12\/Volkswirtschaftliche-Verantwortung-zu-uebernehmen-lohnt-sich-2_Organisator.jpg\" alt=\"\" width=\"680\" height=\"458\" srcset=\"https:\/\/www.organisator.ch\/wp-content\/uploads\/2018\/12\/Volkswirtschaftliche-Verantwortung-zu-uebernehmen-lohnt-sich-2_Organisator.jpg 680w, https:\/\/www.organisator.ch\/wp-content\/uploads\/2018\/12\/Volkswirtschaftliche-Verantwortung-zu-uebernehmen-lohnt-sich-2_Organisator-16x12.jpg 16w, https:\/\/www.organisator.ch\/wp-content\/uploads\/2018\/12\/Volkswirtschaftliche-Verantwortung-zu-uebernehmen-lohnt-sich-2_Organisator-260x175.jpg 260w, https:\/\/www.organisator.ch\/wp-content\/uploads\/2018\/12\/Volkswirtschaftliche-Verantwortung-zu-uebernehmen-lohnt-sich-2_Organisator-520x350.jpg 520w, https:\/\/www.organisator.ch\/wp-content\/uploads\/2018\/12\/Volkswirtschaftliche-Verantwortung-zu-uebernehmen-lohnt-sich-2_Organisator-300x202.jpg 300w\" sizes=\"auto, (max-width: 680px) 100vw, 680px\" \/><figcaption id=\"caption-attachment-4631\" class=\"wp-caption-text\">Le graphique montre l'\u00e9volution de la r\u00e9putation de l'\u00e9conomie suisse et de certaines (m\u00e9ta)branches entre 2007 et 2009. Pour chaque semestre, l'axe des x indique les \u00e9v\u00e9nements de communication qui ont \u00e9t\u00e9 les plus marquants pour la perception des entreprises suisses durant cette p\u00e9riode. (Graphique tir\u00e9 de l'\u00e9tude \"Volkswirtschaftliche Verantwortung als Wertsch\u00f6pfungsfaktor\", p. 21)<\/figcaption><\/figure>\n<p>La r\u00e9putation est l'expression d'attentes sociales satisfaites. La deuxi\u00e8me partie de l'\u00e9tude examine quelles formes de repr\u00e9sentation ont gagn\u00e9 ou perdu de l'importance dans les comptes rendus m\u00e9diatiques entre 2005 et juin 2018. Alors qu'au d\u00e9but de cette p\u00e9riode, c'\u00e9tait principalement le succ\u00e8s \u00e9conomique et la responsabilit\u00e9 vis-\u00e0-vis des actionnaires qui \u00e9taient importants, au cours de la crise, le public se focalise de plus en plus sur la \"responsabilit\u00e9 \u00e9conomique\" comme crit\u00e8re de distinction central.<\/p>\n<h2>La \"responsabilit\u00e9 \u00e9conomique\" est payante \u00e0 plus d'un titre<\/h2>\n<p>L'\u00e9tude conclut que la prise de responsabilit\u00e9 \u00e9conomique est significativement payante pour les diff\u00e9rentes entreprises et branches, tant sur le plan immat\u00e9riel (effets de r\u00e9putation) que mat\u00e9riel (effets \u00e9conomiques). Les entreprises consid\u00e9r\u00e9es par l'opinion publique comme responsables sur le plan \u00e9conomique disposent d'un plus grand pouvoir de d\u00e9finition dans la communication publique. Elles sont donc mieux \u00e0 m\u00eame de participer \u00e0 l'\u00e9laboration de leur positionnement public avec leurs propres messages. De plus, ces entreprises b\u00e9n\u00e9ficient d'une plus grande confiance dans leur direction.<\/p>\n<h2>La Suva est l'\u00e9diteur de l'\u00e9tude<\/h2>\n<p>A l'occasion de son \"centenaire\", la Suva a soutenu la pr\u00e9sente \u00e9tude sur l'\u00e9conomie suisse. Avec son mod\u00e8le d'affaires con\u00e7u depuis toujours pour associer activit\u00e9s sociales et \u00e9conomiques, la Suva se pr\u00e9sente comme un acteur \u00e9conomiquement responsable. Felix Weber, pr\u00e9sident de la direction de la Suva, le confirme : \"Par son engagement en faveur de la s\u00e9curit\u00e9 des personnes, la Suva a non seulement apport\u00e9 une contribution importante \u00e0 la paix sociale au cours des 100 derni\u00e8res ann\u00e9es, mais elle a \u00e9galement contribu\u00e9 \u00e0 la prosp\u00e9rit\u00e9 \u00e9conomique de la Suisse. Nous sommes pr\u00eats \u00e0 continuer \u00e0 remplir ces missions au cours des 100 prochaines ann\u00e9es\".<\/p>\n<p><em>Plus d'informations :\u00a0<a class=\"a-link a-link--reference\" href=\"https:\/\/www.commslab.com\/\" target=\"_blank\" rel=\"noopener noreferrer\">www.commslab.com<\/a>, <a class=\"a-link a-link--reference\" href=\"https:\/\/www.foeg.uzh.ch\/\" target=\"_blank\" rel=\"noopener noreferrer\">www.foeg.uzh.ch\u00a0<\/a><\/em><\/p>","protected":false},"excerpt":{"rendered":"<p>Seit der Finanzmarktkrise von 2007\/2008 haben sich die Erwartungen der Gesellschaft an die \u00abCorporate Responsibility\u00bb bzw. Unternehmensverantwortung von wirtschaftlichen Akteuren grundlegend gewandelt. Die \u00d6ffentlichkeit beurteilt Unternehmen und Wirtschaftsbranchen seither verst\u00e4rkt danach, inwieweit sie ihre volkswirtschaftliche Verantwortung wahrnehmen. Reputation als Wertsch\u00f6pfungsfaktor In einem ersten Teil befasst sich die Studie mit der Entwicklung des \u00f6ffentlichen Vertrauens in [&hellip;]<\/p>\n","protected":false},"author":4,"featured_media":4630,"comment_status":"open","ping_status":"open","sticky":false,"template":"","format":"standard","meta":{"_acf_changed":false,"_yoast_wpseo_focuskw":"Volkswirtschaftliche Verantwortung","_yoast_wpseo_metadesc":"Eine neue Studie belegt, dass es sich f\u00fcr Unternehmen auszahlt, \u00abvolkswirtschaftliche Verantwortung\u00bb zu \u00fcbernehmen.","articlekey":"","footnotes":""},"categories":[28],"tags":[459,492,531],"class_list":["post-4629","post","type-post","status-publish","format-standard","has-post-thumbnail","hentry","category-management","tag-studie","tag-unternehmen","tag-wirtschaftspolitik"],"acf":[],"yoast_head":"<!-- This site is optimized with the Yoast SEO plugin v27.4 - https:\/\/yoast.com\/product\/yoast-seo-wordpress\/ -->\n<title>&quot;Volkswirtschaftliche Verantwortung&quot; zu \u00fcbernehmen lohnt sich - Organisator<\/title>\n<meta name=\"description\" content=\"Eine neue Studie belegt, dass es sich f\u00fcr Unternehmen auszahlt, \u00abvolkswirtschaftliche Verantwortung\u00bb zu \u00fcbernehmen.\" \/>\n<meta name=\"robots\" content=\"index, follow, max-snippet:-1, max-image-preview:large, max-video-preview:-1\" \/>\n<link rel=\"canonical\" href=\"https:\/\/www.organisator.ch\/fr\/gestion-2\/2018-12-06\/volkswirtschaftliche-verantwortung-zu-uebernehmen-lohnt-sich\/\" \/>\n<meta property=\"og:locale\" content=\"fr_FR\" \/>\n<meta property=\"og:type\" content=\"article\" \/>\n<meta property=\"og:title\" content=\"&quot;Volkswirtschaftliche Verantwortung&quot; zu \u00fcbernehmen lohnt sich\" \/>\n<meta property=\"og:description\" content=\"Eine neue Studie belegt, dass es sich f\u00fcr Unternehmen auszahlt, \u00abvolkswirtschaftliche Verantwortung\u00bb zu \u00fcbernehmen.\" \/>\n<meta property=\"og:url\" content=\"https:\/\/www.organisator.ch\/fr\/gestion-2\/2018-12-06\/volkswirtschaftliche-verantwortung-zu-uebernehmen-lohnt-sich\/\" \/>\n<meta property=\"og:site_name\" content=\"Organisator\" \/>\n<meta property=\"article:publisher\" content=\"https:\/\/www.facebook.com\/OrganisatorFachmagazin\" \/>\n<meta property=\"article:published_time\" content=\"2018-12-06T09:07:59+00:00\" \/>\n<meta property=\"og:image\" content=\"https:\/\/www.organisator.ch\/wp-content\/uploads\/2018\/12\/Volkswirtschaftliche-Verantwortung-zu-uebernehmen-lohnt-sich-1_Organisator.jpg\" \/>\n\t<meta property=\"og:image:width\" content=\"680\" \/>\n\t<meta property=\"og:image:height\" content=\"572\" \/>\n\t<meta property=\"og:image:type\" content=\"image\/jpeg\" \/>\n<meta name=\"author\" content=\"thomas.berner\" \/>\n<meta name=\"twitter:card\" content=\"summary_large_image\" \/>\n<meta name=\"twitter:title\" content=\"&quot;Volkswirtschaftliche Verantwortung&quot; zu \u00fcbernehmen lohnt sich\" \/>\n<meta name=\"twitter:description\" content=\"Eine neue Studie belegt, dass es sich f\u00fcr Unternehmen auszahlt, \u00abvolkswirtschaftliche Verantwortung\u00bb zu \u00fcbernehmen.\" \/>\n<meta name=\"twitter:image\" content=\"https:\/\/www.organisator.ch\/wp-content\/uploads\/2018\/12\/Volkswirtschaftliche-Verantwortung-zu-\u00fcbernehmen-lohnt-sich-1_Organisator.jpg\" \/>\n<script type=\"application\/ld+json\" class=\"yoast-schema-graph\">{\"@context\":\"https:\\\/\\\/schema.org\",\"@graph\":[{\"@type\":\"Article\",\"@id\":\"https:\\\/\\\/www.organisator.ch\\\/management\\\/2018-12-06\\\/volkswirtschaftliche-verantwortung-zu-uebernehmen-lohnt-sich\\\/#article\",\"isPartOf\":{\"@id\":\"https:\\\/\\\/www.organisator.ch\\\/management\\\/2018-12-06\\\/volkswirtschaftliche-verantwortung-zu-uebernehmen-lohnt-sich\\\/\"},\"author\":{\"name\":\"thomas.berner\",\"@id\":\"https:\\\/\\\/www.organisator.ch\\\/#\\\/schema\\\/person\\\/6f650f90b2842cd4c0cc334b4e36f67e\"},\"headline\":\"&#8222;Volkswirtschaftliche Verantwortung&#8220; zu \u00fcbernehmen lohnt sich\",\"datePublished\":\"2018-12-06T09:07:59+00:00\",\"mainEntityOfPage\":{\"@id\":\"https:\\\/\\\/www.organisator.ch\\\/management\\\/2018-12-06\\\/volkswirtschaftliche-verantwortung-zu-uebernehmen-lohnt-sich\\\/\"},\"wordCount\":472,\"commentCount\":0,\"publisher\":{\"@id\":\"https:\\\/\\\/www.organisator.ch\\\/#organization\"},\"image\":{\"@id\":\"https:\\\/\\\/www.organisator.ch\\\/management\\\/2018-12-06\\\/volkswirtschaftliche-verantwortung-zu-uebernehmen-lohnt-sich\\\/#primaryimage\"},\"thumbnailUrl\":\"https:\\\/\\\/www.organisator.ch\\\/wp-content\\\/uploads\\\/2018\\\/12\\\/Volkswirtschaftliche-Verantwortung-zu-uebernehmen-lohnt-sich-1_Organisator.jpg\",\"keywords\":[\"Studie\",\"Unternehmen\",\"Wirtschaftspolitik\"],\"articleSection\":[\"MANAGEMENT\"],\"inLanguage\":\"fr-FR\"},{\"@type\":\"WebPage\",\"@id\":\"https:\\\/\\\/www.organisator.ch\\\/management\\\/2018-12-06\\\/volkswirtschaftliche-verantwortung-zu-uebernehmen-lohnt-sich\\\/\",\"url\":\"https:\\\/\\\/www.organisator.ch\\\/management\\\/2018-12-06\\\/volkswirtschaftliche-verantwortung-zu-uebernehmen-lohnt-sich\\\/\",\"name\":\"\\\"Volkswirtschaftliche Verantwortung\\\" zu \u00fcbernehmen lohnt sich - Organisator\",\"isPartOf\":{\"@id\":\"https:\\\/\\\/www.organisator.ch\\\/#website\"},\"primaryImageOfPage\":{\"@id\":\"https:\\\/\\\/www.organisator.ch\\\/management\\\/2018-12-06\\\/volkswirtschaftliche-verantwortung-zu-uebernehmen-lohnt-sich\\\/#primaryimage\"},\"image\":{\"@id\":\"https:\\\/\\\/www.organisator.ch\\\/management\\\/2018-12-06\\\/volkswirtschaftliche-verantwortung-zu-uebernehmen-lohnt-sich\\\/#primaryimage\"},\"thumbnailUrl\":\"https:\\\/\\\/www.organisator.ch\\\/wp-content\\\/uploads\\\/2018\\\/12\\\/Volkswirtschaftliche-Verantwortung-zu-uebernehmen-lohnt-sich-1_Organisator.jpg\",\"datePublished\":\"2018-12-06T09:07:59+00:00\",\"description\":\"Eine neue Studie belegt, dass es sich f\u00fcr Unternehmen auszahlt, \u00abvolkswirtschaftliche Verantwortung\u00bb zu \u00fcbernehmen.\",\"breadcrumb\":{\"@id\":\"https:\\\/\\\/www.organisator.ch\\\/management\\\/2018-12-06\\\/volkswirtschaftliche-verantwortung-zu-uebernehmen-lohnt-sich\\\/#breadcrumb\"},\"inLanguage\":\"fr-FR\",\"potentialAction\":[{\"@type\":\"ReadAction\",\"target\":[\"https:\\\/\\\/www.organisator.ch\\\/management\\\/2018-12-06\\\/volkswirtschaftliche-verantwortung-zu-uebernehmen-lohnt-sich\\\/\"]}]},{\"@type\":\"ImageObject\",\"inLanguage\":\"fr-FR\",\"@id\":\"https:\\\/\\\/www.organisator.ch\\\/management\\\/2018-12-06\\\/volkswirtschaftliche-verantwortung-zu-uebernehmen-lohnt-sich\\\/#primaryimage\",\"url\":\"https:\\\/\\\/www.organisator.ch\\\/wp-content\\\/uploads\\\/2018\\\/12\\\/Volkswirtschaftliche-Verantwortung-zu-uebernehmen-lohnt-sich-1_Organisator.jpg\",\"contentUrl\":\"https:\\\/\\\/www.organisator.ch\\\/wp-content\\\/uploads\\\/2018\\\/12\\\/Volkswirtschaftliche-Verantwortung-zu-uebernehmen-lohnt-sich-1_Organisator.jpg\",\"width\":680,\"height\":572,\"caption\":\"Volkwirtschaftliche Verantwortung zu \u00fcbernehmen lohnt sich f\u00fcr Unternehmen, zeigt eine von der Suva herausgegebene Studie. (Bild: zVg Suva)\"},{\"@type\":\"BreadcrumbList\",\"@id\":\"https:\\\/\\\/www.organisator.ch\\\/management\\\/2018-12-06\\\/volkswirtschaftliche-verantwortung-zu-uebernehmen-lohnt-sich\\\/#breadcrumb\",\"itemListElement\":[{\"@type\":\"ListItem\",\"position\":1,\"name\":\"Home\",\"item\":\"https:\\\/\\\/www.organisator.ch\\\/\"},{\"@type\":\"ListItem\",\"position\":2,\"name\":\"&#8222;Volkswirtschaftliche Verantwortung&#8220; zu \u00fcbernehmen lohnt sich\"}]},{\"@type\":\"WebSite\",\"@id\":\"https:\\\/\\\/www.organisator.ch\\\/#website\",\"url\":\"https:\\\/\\\/www.organisator.ch\\\/\",\"name\":\"Organisator\",\"description\":\"Kompetent. Praxisnah. Der ORGANISATOR bereitet in 10 Ausgaben pro Jahr die wesentlichen Themen f\u00fcr F\u00fchrungskr\u00e4fte von KMU auf.\",\"publisher\":{\"@id\":\"https:\\\/\\\/www.organisator.ch\\\/#organization\"},\"potentialAction\":[{\"@type\":\"SearchAction\",\"target\":{\"@type\":\"EntryPoint\",\"urlTemplate\":\"https:\\\/\\\/www.organisator.ch\\\/?s={search_term_string}\"},\"query-input\":{\"@type\":\"PropertyValueSpecification\",\"valueRequired\":true,\"valueName\":\"search_term_string\"}}],\"inLanguage\":\"fr-FR\"},{\"@type\":\"Organization\",\"@id\":\"https:\\\/\\\/www.organisator.ch\\\/#organization\",\"name\":\"Organisator\",\"url\":\"https:\\\/\\\/www.organisator.ch\\\/\",\"logo\":{\"@type\":\"ImageObject\",\"inLanguage\":\"fr-FR\",\"@id\":\"https:\\\/\\\/www.organisator.ch\\\/#\\\/schema\\\/logo\\\/image\\\/\",\"url\":\"https:\\\/\\\/www.organisator.ch\\\/wp-content\\\/uploads\\\/2022\\\/01\\\/Logo_Organisator_Website.png\",\"contentUrl\":\"https:\\\/\\\/www.organisator.ch\\\/wp-content\\\/uploads\\\/2022\\\/01\\\/Logo_Organisator_Website.png\",\"width\":800,\"height\":77,\"caption\":\"Organisator\"},\"image\":{\"@id\":\"https:\\\/\\\/www.organisator.ch\\\/#\\\/schema\\\/logo\\\/image\\\/\"},\"sameAs\":[\"https:\\\/\\\/www.facebook.com\\\/OrganisatorFachmagazin\",\"https:\\\/\\\/www.linkedin.com\\\/showcase\\\/organisator-das-magazin-fr-kmu\",\"https:\\\/\\\/www.xing.com\\\/news\\\/pages\\\/organisator-ch-695\",\"https:\\\/\\\/www.youtube.com\\\/channel\\\/UCGP2Sq0iWaZwT3BdIAQFYpw\"]},{\"@type\":\"Person\",\"@id\":\"https:\\\/\\\/www.organisator.ch\\\/#\\\/schema\\\/person\\\/6f650f90b2842cd4c0cc334b4e36f67e\",\"name\":\"thomas.berner\",\"image\":{\"@type\":\"ImageObject\",\"inLanguage\":\"fr-FR\",\"@id\":\"https:\\\/\\\/secure.gravatar.com\\\/avatar\\\/ac5001d2a36cb6c6cd3e50789007ffca834b477b74a2144564522e944eabff61?s=96&d=mm&r=g\",\"url\":\"https:\\\/\\\/secure.gravatar.com\\\/avatar\\\/ac5001d2a36cb6c6cd3e50789007ffca834b477b74a2144564522e944eabff61?s=96&d=mm&r=g\",\"contentUrl\":\"https:\\\/\\\/secure.gravatar.com\\\/avatar\\\/ac5001d2a36cb6c6cd3e50789007ffca834b477b74a2144564522e944eabff61?s=96&d=mm&r=g\",\"caption\":\"thomas.berner\"},\"url\":\"https:\\\/\\\/www.organisator.ch\\\/fr\\\/author\\\/thomas-berner\\\/\"}]}<\/script>\n<!-- \/ Yoast SEO plugin. -->","yoast_head_json":{"title":"Assumer une \"responsabilit\u00e9 \u00e9conomique\" est payant - Organisateur","description":"Une nouvelle \u00e9tude d\u00e9montre qu'il est payant pour les entreprises d'assumer une \"responsabilit\u00e9 macro\u00e9conomique\".","robots":{"index":"index","follow":"follow","max-snippet":"max-snippet:-1","max-image-preview":"max-image-preview:large","max-video-preview":"max-video-preview:-1"},"canonical":"https:\/\/www.organisator.ch\/fr\/gestion-2\/2018-12-06\/volkswirtschaftliche-verantwortung-zu-uebernehmen-lohnt-sich\/","og_locale":"fr_FR","og_type":"article","og_title":"\"Volkswirtschaftliche Verantwortung\" zu \u00fcbernehmen lohnt sich","og_description":"Eine neue Studie belegt, dass es sich f\u00fcr Unternehmen auszahlt, \u00abvolkswirtschaftliche Verantwortung\u00bb zu \u00fcbernehmen.","og_url":"https:\/\/www.organisator.ch\/fr\/gestion-2\/2018-12-06\/volkswirtschaftliche-verantwortung-zu-uebernehmen-lohnt-sich\/","og_site_name":"Organisator","article_publisher":"https:\/\/www.facebook.com\/OrganisatorFachmagazin","article_published_time":"2018-12-06T09:07:59+00:00","og_image":[{"width":680,"height":572,"url":"https:\/\/www.organisator.ch\/wp-content\/uploads\/2018\/12\/Volkswirtschaftliche-Verantwortung-zu-uebernehmen-lohnt-sich-1_Organisator.jpg","type":"image\/jpeg"}],"author":"thomas.berner","twitter_card":"summary_large_image","twitter_title":"\"Volkswirtschaftliche Verantwortung\" zu \u00fcbernehmen lohnt sich","twitter_description":"Eine neue Studie belegt, dass es sich f\u00fcr Unternehmen auszahlt, \u00abvolkswirtschaftliche Verantwortung\u00bb zu \u00fcbernehmen.","twitter_image":"https:\/\/www.organisator.ch\/wp-content\/uploads\/2018\/12\/Volkswirtschaftliche-Verantwortung-zu-\u00fcbernehmen-lohnt-sich-1_Organisator.jpg","schema":{"@context":"https:\/\/schema.org","@graph":[{"@type":"Article","@id":"https:\/\/www.organisator.ch\/management\/2018-12-06\/volkswirtschaftliche-verantwortung-zu-uebernehmen-lohnt-sich\/#article","isPartOf":{"@id":"https:\/\/www.organisator.ch\/management\/2018-12-06\/volkswirtschaftliche-verantwortung-zu-uebernehmen-lohnt-sich\/"},"author":{"name":"thomas.berner","@id":"https:\/\/www.organisator.ch\/#\/schema\/person\/6f650f90b2842cd4c0cc334b4e36f67e"},"headline":"&#8222;Volkswirtschaftliche Verantwortung&#8220; zu \u00fcbernehmen lohnt sich","datePublished":"2018-12-06T09:07:59+00:00","mainEntityOfPage":{"@id":"https:\/\/www.organisator.ch\/management\/2018-12-06\/volkswirtschaftliche-verantwortung-zu-uebernehmen-lohnt-sich\/"},"wordCount":472,"commentCount":0,"publisher":{"@id":"https:\/\/www.organisator.ch\/#organization"},"image":{"@id":"https:\/\/www.organisator.ch\/management\/2018-12-06\/volkswirtschaftliche-verantwortung-zu-uebernehmen-lohnt-sich\/#primaryimage"},"thumbnailUrl":"https:\/\/www.organisator.ch\/wp-content\/uploads\/2018\/12\/Volkswirtschaftliche-Verantwortung-zu-uebernehmen-lohnt-sich-1_Organisator.jpg","keywords":["Studie","Unternehmen","Wirtschaftspolitik"],"articleSection":["MANAGEMENT"],"inLanguage":"fr-FR"},{"@type":"WebPage","@id":"https:\/\/www.organisator.ch\/management\/2018-12-06\/volkswirtschaftliche-verantwortung-zu-uebernehmen-lohnt-sich\/","url":"https:\/\/www.organisator.ch\/management\/2018-12-06\/volkswirtschaftliche-verantwortung-zu-uebernehmen-lohnt-sich\/","name":"Assumer une \"responsabilit\u00e9 \u00e9conomique\" est payant - Organisateur","isPartOf":{"@id":"https:\/\/www.organisator.ch\/#website"},"primaryImageOfPage":{"@id":"https:\/\/www.organisator.ch\/management\/2018-12-06\/volkswirtschaftliche-verantwortung-zu-uebernehmen-lohnt-sich\/#primaryimage"},"image":{"@id":"https:\/\/www.organisator.ch\/management\/2018-12-06\/volkswirtschaftliche-verantwortung-zu-uebernehmen-lohnt-sich\/#primaryimage"},"thumbnailUrl":"https:\/\/www.organisator.ch\/wp-content\/uploads\/2018\/12\/Volkswirtschaftliche-Verantwortung-zu-uebernehmen-lohnt-sich-1_Organisator.jpg","datePublished":"2018-12-06T09:07:59+00:00","description":"Une nouvelle \u00e9tude d\u00e9montre qu'il est payant pour les entreprises d'assumer une \"responsabilit\u00e9 macro\u00e9conomique\".","breadcrumb":{"@id":"https:\/\/www.organisator.ch\/management\/2018-12-06\/volkswirtschaftliche-verantwortung-zu-uebernehmen-lohnt-sich\/#breadcrumb"},"inLanguage":"fr-FR","potentialAction":[{"@type":"ReadAction","target":["https:\/\/www.organisator.ch\/management\/2018-12-06\/volkswirtschaftliche-verantwortung-zu-uebernehmen-lohnt-sich\/"]}]},{"@type":"ImageObject","inLanguage":"fr-FR","@id":"https:\/\/www.organisator.ch\/management\/2018-12-06\/volkswirtschaftliche-verantwortung-zu-uebernehmen-lohnt-sich\/#primaryimage","url":"https:\/\/www.organisator.ch\/wp-content\/uploads\/2018\/12\/Volkswirtschaftliche-Verantwortung-zu-uebernehmen-lohnt-sich-1_Organisator.jpg","contentUrl":"https:\/\/www.organisator.ch\/wp-content\/uploads\/2018\/12\/Volkswirtschaftliche-Verantwortung-zu-uebernehmen-lohnt-sich-1_Organisator.jpg","width":680,"height":572,"caption":"Volkwirtschaftliche Verantwortung zu \u00fcbernehmen lohnt sich f\u00fcr Unternehmen, zeigt eine von der Suva herausgegebene Studie. (Bild: zVg Suva)"},{"@type":"BreadcrumbList","@id":"https:\/\/www.organisator.ch\/management\/2018-12-06\/volkswirtschaftliche-verantwortung-zu-uebernehmen-lohnt-sich\/#breadcrumb","itemListElement":[{"@type":"ListItem","position":1,"name":"Home","item":"https:\/\/www.organisator.ch\/"},{"@type":"ListItem","position":2,"name":"&#8222;Volkswirtschaftliche Verantwortung&#8220; zu \u00fcbernehmen lohnt sich"}]},{"@type":"WebSite","@id":"https:\/\/www.organisator.ch\/#website","url":"https:\/\/www.organisator.ch\/","name":"Organisateur","description":"Comp\u00e9tence et comp\u00e9tence. Proches de la pratique. L'ORGANISATEUR pr\u00e9pare 10 num\u00e9ros par an sur les th\u00e8mes essentiels pour les dirigeants de PME.","publisher":{"@id":"https:\/\/www.organisator.ch\/#organization"},"potentialAction":[{"@type":"SearchAction","target":{"@type":"EntryPoint","urlTemplate":"https:\/\/www.organisator.ch\/?s={search_term_string}"},"query-input":{"@type":"PropertyValueSpecification","valueRequired":true,"valueName":"search_term_string"}}],"inLanguage":"fr-FR"},{"@type":"Organization","@id":"https:\/\/www.organisator.ch\/#organization","name":"Organisateur","url":"https:\/\/www.organisator.ch\/","logo":{"@type":"ImageObject","inLanguage":"fr-FR","@id":"https:\/\/www.organisator.ch\/#\/schema\/logo\/image\/","url":"https:\/\/www.organisator.ch\/wp-content\/uploads\/2022\/01\/Logo_Organisator_Website.png","contentUrl":"https:\/\/www.organisator.ch\/wp-content\/uploads\/2022\/01\/Logo_Organisator_Website.png","width":800,"height":77,"caption":"Organisator"},"image":{"@id":"https:\/\/www.organisator.ch\/#\/schema\/logo\/image\/"},"sameAs":["https:\/\/www.facebook.com\/OrganisatorFachmagazin","https:\/\/www.linkedin.com\/showcase\/organisator-das-magazin-fr-kmu","https:\/\/www.xing.com\/news\/pages\/organisator-ch-695","https:\/\/www.youtube.com\/channel\/UCGP2Sq0iWaZwT3BdIAQFYpw"]},{"@type":"Person","@id":"https:\/\/www.organisator.ch\/#\/schema\/person\/6f650f90b2842cd4c0cc334b4e36f67e","name":"thomas.berner","image":{"@type":"ImageObject","inLanguage":"fr-FR","@id":"https:\/\/secure.gravatar.com\/avatar\/ac5001d2a36cb6c6cd3e50789007ffca834b477b74a2144564522e944eabff61?s=96&d=mm&r=g","url":"https:\/\/secure.gravatar.com\/avatar\/ac5001d2a36cb6c6cd3e50789007ffca834b477b74a2144564522e944eabff61?s=96&d=mm&r=g","contentUrl":"https:\/\/secure.gravatar.com\/avatar\/ac5001d2a36cb6c6cd3e50789007ffca834b477b74a2144564522e944eabff61?s=96&d=mm&r=g","caption":"thomas.berner"},"url":"https:\/\/www.organisator.ch\/fr\/author\/thomas-berner\/"}]}},"_links":{"self":[{"href":"https:\/\/www.organisator.ch\/fr\/wp-json\/wp\/v2\/posts\/4629","targetHints":{"allow":["GET"]}}],"collection":[{"href":"https:\/\/www.organisator.ch\/fr\/wp-json\/wp\/v2\/posts"}],"about":[{"href":"https:\/\/www.organisator.ch\/fr\/wp-json\/wp\/v2\/types\/post"}],"author":[{"embeddable":true,"href":"https:\/\/www.organisator.ch\/fr\/wp-json\/wp\/v2\/users\/4"}],"replies":[{"embeddable":true,"href":"https:\/\/www.organisator.ch\/fr\/wp-json\/wp\/v2\/comments?post=4629"}],"version-history":[{"count":0,"href":"https:\/\/www.organisator.ch\/fr\/wp-json\/wp\/v2\/posts\/4629\/revisions"}],"wp:featuredmedia":[{"embeddable":true,"href":"https:\/\/www.organisator.ch\/fr\/wp-json\/wp\/v2\/media\/4630"}],"wp:attachment":[{"href":"https:\/\/www.organisator.ch\/fr\/wp-json\/wp\/v2\/media?parent=4629"}],"wp:term":[{"taxonomy":"category","embeddable":true,"href":"https:\/\/www.organisator.ch\/fr\/wp-json\/wp\/v2\/categories?post=4629"},{"taxonomy":"post_tag","embeddable":true,"href":"https:\/\/www.organisator.ch\/fr\/wp-json\/wp\/v2\/tags?post=4629"}],"curies":[{"name":"wp","href":"https:\/\/api.w.org\/{rel}","templated":true}]}}