{"id":46386,"date":"2026-03-20T10:19:24","date_gmt":"2026-03-20T09:19:24","guid":{"rendered":"https:\/\/www.organisator.ch\/?p=46386"},"modified":"2026-04-28T15:31:28","modified_gmt":"2026-04-28T13:31:28","slug":"kmu-swiss-symposium-in-baden-signale-der-industriellen-revolution","status":"publish","type":"post","link":"https:\/\/www.organisator.ch\/fr\/management\/2026-03-20\/kmu-swiss-symposium-in-baden-signale-der-industriellen-revolution\/","title":{"rendered":"Symposium PME suisse \u00e0 Baden : Les signaux de la r\u00e9volution industrielle"},"content":{"rendered":"<figure id=\"attachment_46387\" aria-describedby=\"caption-attachment-46387\" style=\"width: 680px\" class=\"wp-caption alignnone\"><img loading=\"lazy\" decoding=\"async\" class=\"wp-image-46387 size-full\" src=\"https:\/\/www.organisator.ch\/wp-content\/uploads\/2026\/03\/KMU-Swiss-Symposium-in-Baden-Signale-der-Industriellen-Revolution-1_Organisator.jpg\" alt=\"\" width=\"680\" height=\"452\" srcset=\"https:\/\/www.organisator.ch\/wp-content\/uploads\/2026\/03\/KMU-Swiss-Symposium-in-Baden-Signale-der-Industriellen-Revolution-1_Organisator.jpg 680w, https:\/\/www.organisator.ch\/wp-content\/uploads\/2026\/03\/KMU-Swiss-Symposium-in-Baden-Signale-der-Industriellen-Revolution-1_Organisator-18x12.jpg 18w, https:\/\/www.organisator.ch\/wp-content\/uploads\/2026\/03\/KMU-Swiss-Symposium-in-Baden-Signale-der-Industriellen-Revolution-1_Organisator-375x249.jpg 375w, https:\/\/www.organisator.ch\/wp-content\/uploads\/2026\/03\/KMU-Swiss-Symposium-in-Baden-Signale-der-Industriellen-Revolution-1_Organisator-527x350.jpg 527w\" sizes=\"auto, (max-width: 680px) 100vw, 680px\" \/><figcaption id=\"caption-attachment-46387\" class=\"wp-caption-text\">Touche internationale au KMU Swiss Symposium : Dr Steve S.W. Wang, d\u00e9l\u00e9gu\u00e9 de Taiwan en Suisse (\u00e0 gauche), et Raymond Albert H. Batac, repr\u00e9sentant de l'OMC des Philippines en Suisse (\u00e0 droite), en discussion avec le mod\u00e9rateur Hugo Bigi. (Photo : Thomas Berner)<\/figcaption><\/figure>\n<p>A premi\u00e8re vue, le th\u00e8me de la conf\u00e9rence n'a pas l'air tr\u00e8s actuel. Pourtant, il a mis l'accent sur la question de savoir comment r\u00e9volutionner les march\u00e9s de mani\u00e8re cibl\u00e9e et en tirer des avantages concurrentiels durables - une question \u00e0 laquelle les entreprises doivent constamment faire face. \u00abCelui qui arrive en retard a son moment Nokia\u00bb, a d\u00e9clar\u00e9 le mod\u00e9rateur Hugo Bigi dans son introduction au th\u00e8me.<\/p>\n<h3>Lire correctement les signaux<\/h3>\n<p>Le premier orateur de l'apr\u00e8s-midi a \u00e9t\u00e9 Michael B\u00f6ni, pionnier de la num\u00e9risation, fondateur de Boeni Industries et auteur du livre \u00abSignals of Change : Decoding Tomorrow\u00bb. B\u00f6ni a montr\u00e9 le mod\u00e8le selon lequel les nouveaux d\u00e9veloppements se d\u00e9roulent g\u00e9n\u00e9ralement : Une goutte d'eau, c'est-\u00e0-dire un premier signal, donne naissance \u00e0 une vague qui peut finalement se transformer en tsunami. C'est ce qui s'est pass\u00e9 avec l'IA g\u00e9n\u00e9rative : des premi\u00e8res mentions \u00e0 la perc\u00e9e avec GPT-3, DALL-E, etc. jusqu'\u00e0 la p\u00e9n\u00e9tration actuelle du monde du travail par des agents IA, le nombre d'utilisateurs augmente rapidement. Reconna\u00eetre les premiers signaux et savoir les lire correctement est une condition pr\u00e9alable \u00e0 un succ\u00e8s durable, peut se r\u00e9sumer l'expos\u00e9 de B\u00f6ni. Mais il a \u00e9galement soulign\u00e9 qu'il ne fallait pas confondre un battage m\u00e9diatique avec un signal. Le risque est plut\u00f4t de n\u00e9gliger les signaux faibles parce qu'ils ne correspondent pas au mod\u00e8le commercial. Il a donn\u00e9 comme conseils aux entrepreneurs de faire chaque jour un bref \u00abscan de signaux\u00bb, d'int\u00e9grer diff\u00e9rentes perspectives dans les \u00e9quipes et d'identifier consciemment une fois par trimestre un signal faible et de le soumettre \u00e0 un examen plus approfondi. \u00abLes signaux permettent de gagner du temps pour g\u00e9n\u00e9rer de l'innovation\u00bb, explique B\u00f6ni. Et : \u00abL'avenir appartient \u00e0 ceux qui le voient venir\u00bb.\u00bb<\/p>\n<p><img loading=\"lazy\" decoding=\"async\" class=\"alignnone size-full wp-image-46388\" src=\"https:\/\/www.organisator.ch\/wp-content\/uploads\/2026\/03\/KMU-Swiss-Symposium-in-Baden-Signale-der-Industriellen-Revolution-2_Organisator.jpg\" alt=\"Aude Pugin a montr\u00e9 la contribution de l&#039;industrie suisse dans le domaine spatial. (Image : Thomas Berner)\" width=\"680\" height=\"461\" srcset=\"https:\/\/www.organisator.ch\/wp-content\/uploads\/2026\/03\/KMU-Swiss-Symposium-in-Baden-Signale-der-Industriellen-Revolution-2_Organisator.jpg 680w, https:\/\/www.organisator.ch\/wp-content\/uploads\/2026\/03\/KMU-Swiss-Symposium-in-Baden-Signale-der-Industriellen-Revolution-2_Organisator-18x12.jpg 18w, https:\/\/www.organisator.ch\/wp-content\/uploads\/2026\/03\/KMU-Swiss-Symposium-in-Baden-Signale-der-Industriellen-Revolution-2_Organisator-375x254.jpg 375w, https:\/\/www.organisator.ch\/wp-content\/uploads\/2026\/03\/KMU-Swiss-Symposium-in-Baden-Signale-der-Industriellen-Revolution-2_Organisator-516x350.jpg 516w\" sizes=\"auto, (max-width: 680px) 100vw, 680px\" \/><\/p>\n<p>Une partie de cet avenir se trouve hors de notre terre, c'est-\u00e0-dire dans l'espace. L'espace devient de plus en plus une partie de notre infrastructure - navigation, observation, communication sont des mots-cl\u00e9s importants - et donc un facteur \u00e9conomique. Aude Pugin, CEO d'APCO Technologies \u00e0 Aigle, a montr\u00e9 dans son intervention le r\u00f4le - sous-estim\u00e9 - que jouent d\u00e9j\u00e0 les entreprises et la recherche suisses dans ce domaine. Son entreprise fabrique des pi\u00e8ces pour le lanceur Ariane 6 et participe au d\u00e9veloppement de satellites. L'entreprise occupe \u00e9galement une position de leader dans la construction de centrales \u00e9lectriques - APCO a jou\u00e9 un r\u00f4le important dans la construction de 49 des 56 centrales nucl\u00e9aires en France - et dans la construction navale. Dans le contexte de l'espace, l'entreprise est un exemple de la mani\u00e8re dont l'industrie suisse peut continuer \u00e0 s'occuper de projets r\u00e9volutionnaires. Les coop\u00e9rations transfrontali\u00e8res sont toutefois d\u00e9terminantes \u00e0 cet \u00e9gard.<\/p>\n<h3>L'humour - et l'attractivit\u00e9 des march\u00e9s d'Asie du Sud-Est<\/h3>\n<p>Malgr\u00e9 une situation mondiale difficile, l'humour ne doit pas \u00eatre n\u00e9glig\u00e9. Tel \u00e9tait le th\u00e8me de Rob Spence. Le standup comedian australo-suisse et coach en humour a montr\u00e9 que nous avons plus que jamais besoin d'humour. Il a expliqu\u00e9 l'importance du rire pour l'\u00eatre humain, en le ponctuant de punchlines bien rod\u00e9es. C'est en tant qu'enfants que nous rions le plus. Mais l'\u00e9cole et le travail nous \u00abapprennent\u00bb \u00e0 ne pas avoir d'humour et \u00e0 \u00eatre cr\u00e9atifs. En tant que petit enfant, nous rions plusieurs centaines de fois par jour, alors qu'\u00e0 l'\u00e2ge adulte, nous rions encore huit \u00e0 dix fois - les femmes riant toujours plus souvent que les hommes. Cependant, l'effet positif de l'humour sur la sant\u00e9 mentale est scientifiquement prouv\u00e9. Une raison suffisante pour c\u00e9l\u00e9brer l'humour sur le lieu de travail \u00e9galement. M\u00eame le rire artificiel est efficace, selon Rob Spence.<\/p>\n<figure id=\"attachment_46389\" aria-describedby=\"caption-attachment-46389\" style=\"width: 680px\" class=\"wp-caption alignnone\"><img loading=\"lazy\" decoding=\"async\" class=\"size-full wp-image-46389\" src=\"https:\/\/www.organisator.ch\/wp-content\/uploads\/2026\/03\/KMU-Swiss-Symposium-in-Baden-Signale-der-Industriellen-Revolution-3_Organisator.jpg\" alt=\"\" width=\"680\" height=\"438\" srcset=\"https:\/\/www.organisator.ch\/wp-content\/uploads\/2026\/03\/KMU-Swiss-Symposium-in-Baden-Signale-der-Industriellen-Revolution-3_Organisator.jpg 680w, https:\/\/www.organisator.ch\/wp-content\/uploads\/2026\/03\/KMU-Swiss-Symposium-in-Baden-Signale-der-Industriellen-Revolution-3_Organisator-18x12.jpg 18w, https:\/\/www.organisator.ch\/wp-content\/uploads\/2026\/03\/KMU-Swiss-Symposium-in-Baden-Signale-der-Industriellen-Revolution-3_Organisator-375x242.jpg 375w, https:\/\/www.organisator.ch\/wp-content\/uploads\/2026\/03\/KMU-Swiss-Symposium-in-Baden-Signale-der-Industriellen-Revolution-3_Organisator-543x350.jpg 543w\" sizes=\"auto, (max-width: 680px) 100vw, 680px\" \/><figcaption id=\"caption-attachment-46389\" class=\"wp-caption-text\">Rob Spence, com\u00e9dien de standup et coach en humour. (Image : Thomas Berner)<\/figcaption><\/figure>\n<p>Steve S.W. Wang, d\u00e9l\u00e9gu\u00e9 de Taiwan en Suisse, et Raymond Albert H. Batac, repr\u00e9sentant des Philippines aupr\u00e8s de l'OMC, ont ensuite abord\u00e9 la question de la p\u00e9n\u00e9tration cibl\u00e9e de nouveaux march\u00e9s par les entreprises. Les deux hommes ont expliqu\u00e9 les opportunit\u00e9s pour les entreprises suisses d'\u00eatre actives \u00e9conomiquement dans leurs pays. Dans ce contexte, les deux hommes ont soulign\u00e9 que les \u00c9tats d'Asie du Sud-Est pouvaient constituer une alternative int\u00e9ressante \u00e0 la Chine et n'\u00e9taient pas seulement des destinations touristiques. Ta\u00efwan est surtout attractive pour les secteurs orient\u00e9s vers la technologie, \u00e9galement en tant que march\u00e9 test pour \u00eatre actif plus tard en Chine continentale. Les Philippines pr\u00e9sentent quant \u00e0 elles des avantages culturels, notamment en raison de la grande diffusion de la langue anglaise. Les deux pays sont ouverts \u00e0 tous les secteurs. Il y aurait tout au plus des restrictions pour le secteur de la finance et des assurances, qui est fortement r\u00e9glement\u00e9 \u00e0 Taiwan, comme l'a expliqu\u00e9 Steven Wang. Les deux interlocuteurs ont en outre soulign\u00e9 l'importance de collaborer avec des partenaires locaux. L'\u00e9tablissement d'une relation de confiance constitue la base de la r\u00e9ussite des affaires. Un horizon de planification \u00e0 long terme est \u00e9galement d\u00e9cisif.<\/p>\n<h3>Le KMU Swiss Award, un digne point final<\/h3>\n<p>La remise du KMU SWISS Award a constitu\u00e9 le point final de la manifestation. A l'issue d'un processus de s\u00e9lection en plusieurs \u00e9tapes, le jury a choisi le laur\u00e9at parmi plusieurs nominations. <a href=\"https:\/\/www.organisator.ch\/de\/management\/2026-03-02\/emch-aufzuege-erfolgreiche-nischenstrategie\/\">EMCH Ascenseurs SA de Berne<\/a> a r\u00e9compens\u00e9 une entreprise qui, gr\u00e2ce \u00e0 son courage, sa pers\u00e9v\u00e9rance et sa responsabilit\u00e9, montre de mani\u00e8re impressionnante comment un succ\u00e8s durable peut \u00eatre construit et assur\u00e9 sur plusieurs ann\u00e9es et g\u00e9n\u00e9rations. Sa contribution au maintien de la place industrielle suisse - la fabrication des ascenseurs se fait enti\u00e8rement en Suisse - et son engagement en faveur de la responsabilit\u00e9 sociale ont \u00e9t\u00e9 particuli\u00e8rement appr\u00e9ci\u00e9s. Ainsi, EMCH Ascenseurs contribue \u00e0 la r\u00e9insertion de ch\u00f4meurs de longue dur\u00e9e sur le march\u00e9 du travail.<\/p>\n<figure id=\"attachment_46390\" aria-describedby=\"caption-attachment-46390\" style=\"width: 680px\" class=\"wp-caption alignnone\"><img loading=\"lazy\" decoding=\"async\" class=\"size-full wp-image-46390\" src=\"https:\/\/www.organisator.ch\/wp-content\/uploads\/2026\/03\/KMU-Swiss-Symposium-in-Baden-Signale-der-Industriellen-Revolution-4_Organisator.jpg\" alt=\"\" width=\"680\" height=\"452\" srcset=\"https:\/\/www.organisator.ch\/wp-content\/uploads\/2026\/03\/KMU-Swiss-Symposium-in-Baden-Signale-der-Industriellen-Revolution-4_Organisator.jpg 680w, https:\/\/www.organisator.ch\/wp-content\/uploads\/2026\/03\/KMU-Swiss-Symposium-in-Baden-Signale-der-Industriellen-Revolution-4_Organisator-18x12.jpg 18w, https:\/\/www.organisator.ch\/wp-content\/uploads\/2026\/03\/KMU-Swiss-Symposium-in-Baden-Signale-der-Industriellen-Revolution-4_Organisator-375x249.jpg 375w, https:\/\/www.organisator.ch\/wp-content\/uploads\/2026\/03\/KMU-Swiss-Symposium-in-Baden-Signale-der-Industriellen-Revolution-4_Organisator-527x350.jpg 527w\" sizes=\"auto, (max-width: 680px) 100vw, 680px\" \/><figcaption id=\"caption-attachment-46390\" class=\"wp-caption-text\">Markus Kramer, membre du jury, rend hommage aux gagnants du KMU Swiss Award Bernhard et Hansj\u00fcrg Emch (de gauche \u00e0 droite) de EMCH Aufz\u00fcge AG. (Photo : Thomas Berner)<\/figcaption><\/figure>\n<p>Le prochain symposium PME suisse aura lieu le 15 octobre 2026 \u00e0 Brugg. Le th\u00e8me sera alors : \u00abThink greater again\u00bb.<\/p>\n<p><em>Plus d'informations : <a href=\"http:\/\/www.kmuswiss.ch\">www.kmuswiss.ch<\/a><\/em><\/p>","protected":false},"excerpt":{"rendered":"<p>Le 19 mars 2026, de nombreux entrepreneurs se sont r\u00e9unis pour une nouvelle \u00e9dition du KMU Swiss Symposium. Cette fois-ci, le th\u00e8me \u00e9tait \u00abR\u00e9volution industrielle 2026\u00bb. <\/p>","protected":false},"author":4,"featured_media":46387,"comment_status":"closed","ping_status":"closed","sticky":false,"template":"","format":"standard","meta":{"_acf_changed":false,"_yoast_wpseo_focuskw":"Signale","_yoast_wpseo_metadesc":"Das KMU Swiss Symposium vom 19. M\u00e4rz 2026 in Baden stand im Zeichen der Industriellen Revolution 2026 und deren Signale.","articlekey":"","footnotes":""},"categories":[28],"tags":[66,4467,492,503],"class_list":["post-46386","post","type-post","status-publish","format-standard","has-post-thumbnail","hentry","category-management","tag-awards","tag-kmu-swiss-symposium","tag-unternehmen","tag-verbaende"],"acf":[],"yoast_head":"<!-- This site is optimized with the Yoast SEO plugin v27.4 - https:\/\/yoast.com\/product\/yoast-seo-wordpress\/ -->\n<title>KMU Swiss Symposium in Baden: Signale der Industriellen Revolution - Organisator<\/title>\n<meta name=\"description\" content=\"Das KMU Swiss Symposium vom 19. M\u00e4rz 2026 in Baden stand im Zeichen der Industriellen Revolution 2026 und deren Signale.\" \/>\n<meta name=\"robots\" content=\"index, follow, max-snippet:-1, max-image-preview:large, max-video-preview:-1\" \/>\n<link rel=\"canonical\" href=\"https:\/\/www.organisator.ch\/fr\/gestion-2\/2026-03-20\/kmu-swiss-symposium-in-baden-signale-der-industriellen-revolution\/\" \/>\n<meta property=\"og:locale\" content=\"fr_FR\" \/>\n<meta property=\"og:type\" content=\"article\" \/>\n<meta property=\"og:title\" content=\"KMU Swiss Symposium in Baden: Signale der Industriellen Revolution\" \/>\n<meta property=\"og:description\" content=\"Das KMU Swiss Symposium vom 19. M\u00e4rz 2026 in Baden stand im Zeichen der Industriellen Revolution 2026 und deren Signale.\" \/>\n<meta property=\"og:url\" content=\"https:\/\/www.organisator.ch\/fr\/gestion-2\/2026-03-20\/kmu-swiss-symposium-in-baden-signale-der-industriellen-revolution\/\" \/>\n<meta property=\"og:site_name\" content=\"Organisator\" \/>\n<meta property=\"article:publisher\" content=\"https:\/\/www.facebook.com\/OrganisatorFachmagazin\" \/>\n<meta property=\"article:published_time\" content=\"2026-03-20T09:19:24+00:00\" \/>\n<meta property=\"article:modified_time\" content=\"2026-04-28T13:31:28+00:00\" \/>\n<meta property=\"og:image\" content=\"https:\/\/www.organisator.ch\/wp-content\/uploads\/2026\/03\/KMU-Swiss-Symposium-in-Baden-Signale-der-Industriellen-Revolution-1_Organisator.jpg\" \/>\n\t<meta property=\"og:image:width\" content=\"680\" \/>\n\t<meta property=\"og:image:height\" content=\"452\" \/>\n\t<meta property=\"og:image:type\" content=\"image\/jpeg\" \/>\n<meta name=\"author\" content=\"thomas.berner\" \/>\n<meta name=\"twitter:card\" content=\"summary_large_image\" \/>\n<meta name=\"twitter:title\" content=\"KMU Swiss #Symposium in Baden: Signale der Industriellen Revolution\" \/>\n<meta name=\"twitter:description\" content=\"Das #KMU Swiss Symposium vom 19. M\u00e4rz 2026 in Baden stand im Zeichen der Industriellen #Revolution 2026 und deren Signale.\" \/>\n<meta name=\"twitter:image\" content=\"https:\/\/www.organisator.ch\/wp-content\/uploads\/2026\/03\/KMU-Swiss-Symposium-in-Baden-Signale-der-Industriellen-Revolution-1_Organisator.jpg\" \/>\n<script type=\"application\/ld+json\" class=\"yoast-schema-graph\">{\"@context\":\"https:\\\/\\\/schema.org\",\"@graph\":[{\"@type\":\"Article\",\"@id\":\"https:\\\/\\\/www.organisator.ch\\\/management\\\/2026-03-20\\\/kmu-swiss-symposium-in-baden-signale-der-industriellen-revolution\\\/#article\",\"isPartOf\":{\"@id\":\"https:\\\/\\\/www.organisator.ch\\\/management\\\/2026-03-20\\\/kmu-swiss-symposium-in-baden-signale-der-industriellen-revolution\\\/\"},\"author\":{\"name\":\"thomas.berner\",\"@id\":\"https:\\\/\\\/www.organisator.ch\\\/#\\\/schema\\\/person\\\/6f650f90b2842cd4c0cc334b4e36f67e\"},\"headline\":\"KMU Swiss Symposium in Baden: Signale der Industriellen Revolution\",\"datePublished\":\"2026-03-20T09:19:24+00:00\",\"dateModified\":\"2026-04-28T13:31:28+00:00\",\"mainEntityOfPage\":{\"@id\":\"https:\\\/\\\/www.organisator.ch\\\/management\\\/2026-03-20\\\/kmu-swiss-symposium-in-baden-signale-der-industriellen-revolution\\\/\"},\"wordCount\":972,\"publisher\":{\"@id\":\"https:\\\/\\\/www.organisator.ch\\\/#organization\"},\"image\":{\"@id\":\"https:\\\/\\\/www.organisator.ch\\\/management\\\/2026-03-20\\\/kmu-swiss-symposium-in-baden-signale-der-industriellen-revolution\\\/#primaryimage\"},\"thumbnailUrl\":\"https:\\\/\\\/www.organisator.ch\\\/wp-content\\\/uploads\\\/2026\\\/03\\\/KMU-Swiss-Symposium-in-Baden-Signale-der-Industriellen-Revolution-1_Organisator.jpg\",\"keywords\":[\"Awards\",\"KMU Swiss Symposium\",\"Unternehmen\",\"Verb\u00e4nde\"],\"articleSection\":[\"MANAGEMENT\"],\"inLanguage\":\"fr-FR\"},{\"@type\":\"WebPage\",\"@id\":\"https:\\\/\\\/www.organisator.ch\\\/management\\\/2026-03-20\\\/kmu-swiss-symposium-in-baden-signale-der-industriellen-revolution\\\/\",\"url\":\"https:\\\/\\\/www.organisator.ch\\\/management\\\/2026-03-20\\\/kmu-swiss-symposium-in-baden-signale-der-industriellen-revolution\\\/\",\"name\":\"KMU Swiss Symposium in Baden: Signale der Industriellen Revolution - Organisator\",\"isPartOf\":{\"@id\":\"https:\\\/\\\/www.organisator.ch\\\/#website\"},\"primaryImageOfPage\":{\"@id\":\"https:\\\/\\\/www.organisator.ch\\\/management\\\/2026-03-20\\\/kmu-swiss-symposium-in-baden-signale-der-industriellen-revolution\\\/#primaryimage\"},\"image\":{\"@id\":\"https:\\\/\\\/www.organisator.ch\\\/management\\\/2026-03-20\\\/kmu-swiss-symposium-in-baden-signale-der-industriellen-revolution\\\/#primaryimage\"},\"thumbnailUrl\":\"https:\\\/\\\/www.organisator.ch\\\/wp-content\\\/uploads\\\/2026\\\/03\\\/KMU-Swiss-Symposium-in-Baden-Signale-der-Industriellen-Revolution-1_Organisator.jpg\",\"datePublished\":\"2026-03-20T09:19:24+00:00\",\"dateModified\":\"2026-04-28T13:31:28+00:00\",\"description\":\"Das KMU Swiss Symposium vom 19. M\u00e4rz 2026 in Baden stand im Zeichen der Industriellen Revolution 2026 und deren Signale.\",\"breadcrumb\":{\"@id\":\"https:\\\/\\\/www.organisator.ch\\\/management\\\/2026-03-20\\\/kmu-swiss-symposium-in-baden-signale-der-industriellen-revolution\\\/#breadcrumb\"},\"inLanguage\":\"fr-FR\",\"potentialAction\":[{\"@type\":\"ReadAction\",\"target\":[\"https:\\\/\\\/www.organisator.ch\\\/management\\\/2026-03-20\\\/kmu-swiss-symposium-in-baden-signale-der-industriellen-revolution\\\/\"]}]},{\"@type\":\"ImageObject\",\"inLanguage\":\"fr-FR\",\"@id\":\"https:\\\/\\\/www.organisator.ch\\\/management\\\/2026-03-20\\\/kmu-swiss-symposium-in-baden-signale-der-industriellen-revolution\\\/#primaryimage\",\"url\":\"https:\\\/\\\/www.organisator.ch\\\/wp-content\\\/uploads\\\/2026\\\/03\\\/KMU-Swiss-Symposium-in-Baden-Signale-der-Industriellen-Revolution-1_Organisator.jpg\",\"contentUrl\":\"https:\\\/\\\/www.organisator.ch\\\/wp-content\\\/uploads\\\/2026\\\/03\\\/KMU-Swiss-Symposium-in-Baden-Signale-der-Industriellen-Revolution-1_Organisator.jpg\",\"width\":680,\"height\":452,\"caption\":\"Internationaler Touch am KMU Swiss Symposium: Dr. Steve S.W. Wang, Delegierter von Taiwan in der Schweiz, und Raymond Albert H. Batac, WTO-Vetreter der Philippinen im Gespr\u00e4ch mit Moderator Hugo Bigi. (Bild: Thomas Berner)\"},{\"@type\":\"BreadcrumbList\",\"@id\":\"https:\\\/\\\/www.organisator.ch\\\/management\\\/2026-03-20\\\/kmu-swiss-symposium-in-baden-signale-der-industriellen-revolution\\\/#breadcrumb\",\"itemListElement\":[{\"@type\":\"ListItem\",\"position\":1,\"name\":\"Home\",\"item\":\"https:\\\/\\\/www.organisator.ch\\\/\"},{\"@type\":\"ListItem\",\"position\":2,\"name\":\"KMU Swiss Symposium in Baden: Signale der Industriellen Revolution\"}]},{\"@type\":\"WebSite\",\"@id\":\"https:\\\/\\\/www.organisator.ch\\\/#website\",\"url\":\"https:\\\/\\\/www.organisator.ch\\\/\",\"name\":\"Organisator\",\"description\":\"Kompetent. Praxisnah. Der ORGANISATOR bereitet in 10 Ausgaben pro Jahr die wesentlichen Themen f\u00fcr F\u00fchrungskr\u00e4fte von KMU auf.\",\"publisher\":{\"@id\":\"https:\\\/\\\/www.organisator.ch\\\/#organization\"},\"potentialAction\":[{\"@type\":\"SearchAction\",\"target\":{\"@type\":\"EntryPoint\",\"urlTemplate\":\"https:\\\/\\\/www.organisator.ch\\\/?s={search_term_string}\"},\"query-input\":{\"@type\":\"PropertyValueSpecification\",\"valueRequired\":true,\"valueName\":\"search_term_string\"}}],\"inLanguage\":\"fr-FR\"},{\"@type\":\"Organization\",\"@id\":\"https:\\\/\\\/www.organisator.ch\\\/#organization\",\"name\":\"Organisator\",\"url\":\"https:\\\/\\\/www.organisator.ch\\\/\",\"logo\":{\"@type\":\"ImageObject\",\"inLanguage\":\"fr-FR\",\"@id\":\"https:\\\/\\\/www.organisator.ch\\\/#\\\/schema\\\/logo\\\/image\\\/\",\"url\":\"https:\\\/\\\/www.organisator.ch\\\/wp-content\\\/uploads\\\/2022\\\/01\\\/Logo_Organisator_Website.png\",\"contentUrl\":\"https:\\\/\\\/www.organisator.ch\\\/wp-content\\\/uploads\\\/2022\\\/01\\\/Logo_Organisator_Website.png\",\"width\":800,\"height\":77,\"caption\":\"Organisator\"},\"image\":{\"@id\":\"https:\\\/\\\/www.organisator.ch\\\/#\\\/schema\\\/logo\\\/image\\\/\"},\"sameAs\":[\"https:\\\/\\\/www.facebook.com\\\/OrganisatorFachmagazin\",\"https:\\\/\\\/www.linkedin.com\\\/showcase\\\/organisator-das-magazin-fr-kmu\",\"https:\\\/\\\/www.xing.com\\\/news\\\/pages\\\/organisator-ch-695\",\"https:\\\/\\\/www.youtube.com\\\/channel\\\/UCGP2Sq0iWaZwT3BdIAQFYpw\"]},{\"@type\":\"Person\",\"@id\":\"https:\\\/\\\/www.organisator.ch\\\/#\\\/schema\\\/person\\\/6f650f90b2842cd4c0cc334b4e36f67e\",\"name\":\"thomas.berner\",\"image\":{\"@type\":\"ImageObject\",\"inLanguage\":\"fr-FR\",\"@id\":\"https:\\\/\\\/secure.gravatar.com\\\/avatar\\\/ac5001d2a36cb6c6cd3e50789007ffca834b477b74a2144564522e944eabff61?s=96&d=mm&r=g\",\"url\":\"https:\\\/\\\/secure.gravatar.com\\\/avatar\\\/ac5001d2a36cb6c6cd3e50789007ffca834b477b74a2144564522e944eabff61?s=96&d=mm&r=g\",\"contentUrl\":\"https:\\\/\\\/secure.gravatar.com\\\/avatar\\\/ac5001d2a36cb6c6cd3e50789007ffca834b477b74a2144564522e944eabff61?s=96&d=mm&r=g\",\"caption\":\"thomas.berner\"},\"url\":\"https:\\\/\\\/www.organisator.ch\\\/fr\\\/author\\\/thomas-berner\\\/\"}]}<\/script>\n<!-- \/ Yoast SEO plugin. -->","yoast_head_json":{"title":"Symposium PME suisse \u00e0 Baden : Les signaux de la r\u00e9volution industrielle - Organisateur","description":"Le Symposium PME Suisse du 19 mars 2026 \u00e0 Baden \u00e9tait plac\u00e9 sous le signe de la R\u00e9volution industrielle 2026 et de ses signaux.","robots":{"index":"index","follow":"follow","max-snippet":"max-snippet:-1","max-image-preview":"max-image-preview:large","max-video-preview":"max-video-preview:-1"},"canonical":"https:\/\/www.organisator.ch\/fr\/gestion-2\/2026-03-20\/kmu-swiss-symposium-in-baden-signale-der-industriellen-revolution\/","og_locale":"fr_FR","og_type":"article","og_title":"KMU Swiss Symposium in Baden: Signale der Industriellen Revolution","og_description":"Das KMU Swiss Symposium vom 19. M\u00e4rz 2026 in Baden stand im Zeichen der Industriellen Revolution 2026 und deren Signale.","og_url":"https:\/\/www.organisator.ch\/fr\/gestion-2\/2026-03-20\/kmu-swiss-symposium-in-baden-signale-der-industriellen-revolution\/","og_site_name":"Organisator","article_publisher":"https:\/\/www.facebook.com\/OrganisatorFachmagazin","article_published_time":"2026-03-20T09:19:24+00:00","article_modified_time":"2026-04-28T13:31:28+00:00","og_image":[{"width":680,"height":452,"url":"https:\/\/www.organisator.ch\/wp-content\/uploads\/2026\/03\/KMU-Swiss-Symposium-in-Baden-Signale-der-Industriellen-Revolution-1_Organisator.jpg","type":"image\/jpeg"}],"author":"thomas.berner","twitter_card":"summary_large_image","twitter_title":"KMU Swiss #Symposium in Baden: Signale der Industriellen Revolution","twitter_description":"Das #KMU Swiss Symposium vom 19. M\u00e4rz 2026 in Baden stand im Zeichen der Industriellen #Revolution 2026 und deren Signale.","twitter_image":"https:\/\/www.organisator.ch\/wp-content\/uploads\/2026\/03\/KMU-Swiss-Symposium-in-Baden-Signale-der-Industriellen-Revolution-1_Organisator.jpg","schema":{"@context":"https:\/\/schema.org","@graph":[{"@type":"Article","@id":"https:\/\/www.organisator.ch\/management\/2026-03-20\/kmu-swiss-symposium-in-baden-signale-der-industriellen-revolution\/#article","isPartOf":{"@id":"https:\/\/www.organisator.ch\/management\/2026-03-20\/kmu-swiss-symposium-in-baden-signale-der-industriellen-revolution\/"},"author":{"name":"thomas.berner","@id":"https:\/\/www.organisator.ch\/#\/schema\/person\/6f650f90b2842cd4c0cc334b4e36f67e"},"headline":"KMU Swiss Symposium in Baden: Signale der Industriellen Revolution","datePublished":"2026-03-20T09:19:24+00:00","dateModified":"2026-04-28T13:31:28+00:00","mainEntityOfPage":{"@id":"https:\/\/www.organisator.ch\/management\/2026-03-20\/kmu-swiss-symposium-in-baden-signale-der-industriellen-revolution\/"},"wordCount":972,"publisher":{"@id":"https:\/\/www.organisator.ch\/#organization"},"image":{"@id":"https:\/\/www.organisator.ch\/management\/2026-03-20\/kmu-swiss-symposium-in-baden-signale-der-industriellen-revolution\/#primaryimage"},"thumbnailUrl":"https:\/\/www.organisator.ch\/wp-content\/uploads\/2026\/03\/KMU-Swiss-Symposium-in-Baden-Signale-der-Industriellen-Revolution-1_Organisator.jpg","keywords":["Awards","KMU Swiss Symposium","Unternehmen","Verb\u00e4nde"],"articleSection":["MANAGEMENT"],"inLanguage":"fr-FR"},{"@type":"WebPage","@id":"https:\/\/www.organisator.ch\/management\/2026-03-20\/kmu-swiss-symposium-in-baden-signale-der-industriellen-revolution\/","url":"https:\/\/www.organisator.ch\/management\/2026-03-20\/kmu-swiss-symposium-in-baden-signale-der-industriellen-revolution\/","name":"Symposium PME suisse \u00e0 Baden : Les signaux de la r\u00e9volution industrielle - Organisateur","isPartOf":{"@id":"https:\/\/www.organisator.ch\/#website"},"primaryImageOfPage":{"@id":"https:\/\/www.organisator.ch\/management\/2026-03-20\/kmu-swiss-symposium-in-baden-signale-der-industriellen-revolution\/#primaryimage"},"image":{"@id":"https:\/\/www.organisator.ch\/management\/2026-03-20\/kmu-swiss-symposium-in-baden-signale-der-industriellen-revolution\/#primaryimage"},"thumbnailUrl":"https:\/\/www.organisator.ch\/wp-content\/uploads\/2026\/03\/KMU-Swiss-Symposium-in-Baden-Signale-der-Industriellen-Revolution-1_Organisator.jpg","datePublished":"2026-03-20T09:19:24+00:00","dateModified":"2026-04-28T13:31:28+00:00","description":"Le Symposium PME Suisse du 19 mars 2026 \u00e0 Baden \u00e9tait plac\u00e9 sous le signe de la R\u00e9volution industrielle 2026 et de ses signaux.","breadcrumb":{"@id":"https:\/\/www.organisator.ch\/management\/2026-03-20\/kmu-swiss-symposium-in-baden-signale-der-industriellen-revolution\/#breadcrumb"},"inLanguage":"fr-FR","potentialAction":[{"@type":"ReadAction","target":["https:\/\/www.organisator.ch\/management\/2026-03-20\/kmu-swiss-symposium-in-baden-signale-der-industriellen-revolution\/"]}]},{"@type":"ImageObject","inLanguage":"fr-FR","@id":"https:\/\/www.organisator.ch\/management\/2026-03-20\/kmu-swiss-symposium-in-baden-signale-der-industriellen-revolution\/#primaryimage","url":"https:\/\/www.organisator.ch\/wp-content\/uploads\/2026\/03\/KMU-Swiss-Symposium-in-Baden-Signale-der-Industriellen-Revolution-1_Organisator.jpg","contentUrl":"https:\/\/www.organisator.ch\/wp-content\/uploads\/2026\/03\/KMU-Swiss-Symposium-in-Baden-Signale-der-Industriellen-Revolution-1_Organisator.jpg","width":680,"height":452,"caption":"Internationaler Touch am KMU Swiss Symposium: Dr. Steve S.W. Wang, Delegierter von Taiwan in der Schweiz, und Raymond Albert H. Batac, WTO-Vetreter der Philippinen im Gespr\u00e4ch mit Moderator Hugo Bigi. (Bild: Thomas Berner)"},{"@type":"BreadcrumbList","@id":"https:\/\/www.organisator.ch\/management\/2026-03-20\/kmu-swiss-symposium-in-baden-signale-der-industriellen-revolution\/#breadcrumb","itemListElement":[{"@type":"ListItem","position":1,"name":"Home","item":"https:\/\/www.organisator.ch\/"},{"@type":"ListItem","position":2,"name":"KMU Swiss Symposium in Baden: Signale der Industriellen Revolution"}]},{"@type":"WebSite","@id":"https:\/\/www.organisator.ch\/#website","url":"https:\/\/www.organisator.ch\/","name":"Organisateur","description":"Comp\u00e9tence et comp\u00e9tence. Proches de la pratique. L'ORGANISATEUR pr\u00e9pare 10 num\u00e9ros par an sur les th\u00e8mes essentiels pour les dirigeants de PME.","publisher":{"@id":"https:\/\/www.organisator.ch\/#organization"},"potentialAction":[{"@type":"SearchAction","target":{"@type":"EntryPoint","urlTemplate":"https:\/\/www.organisator.ch\/?s={search_term_string}"},"query-input":{"@type":"PropertyValueSpecification","valueRequired":true,"valueName":"search_term_string"}}],"inLanguage":"fr-FR"},{"@type":"Organization","@id":"https:\/\/www.organisator.ch\/#organization","name":"Organisateur","url":"https:\/\/www.organisator.ch\/","logo":{"@type":"ImageObject","inLanguage":"fr-FR","@id":"https:\/\/www.organisator.ch\/#\/schema\/logo\/image\/","url":"https:\/\/www.organisator.ch\/wp-content\/uploads\/2022\/01\/Logo_Organisator_Website.png","contentUrl":"https:\/\/www.organisator.ch\/wp-content\/uploads\/2022\/01\/Logo_Organisator_Website.png","width":800,"height":77,"caption":"Organisator"},"image":{"@id":"https:\/\/www.organisator.ch\/#\/schema\/logo\/image\/"},"sameAs":["https:\/\/www.facebook.com\/OrganisatorFachmagazin","https:\/\/www.linkedin.com\/showcase\/organisator-das-magazin-fr-kmu","https:\/\/www.xing.com\/news\/pages\/organisator-ch-695","https:\/\/www.youtube.com\/channel\/UCGP2Sq0iWaZwT3BdIAQFYpw"]},{"@type":"Person","@id":"https:\/\/www.organisator.ch\/#\/schema\/person\/6f650f90b2842cd4c0cc334b4e36f67e","name":"thomas.berner","image":{"@type":"ImageObject","inLanguage":"fr-FR","@id":"https:\/\/secure.gravatar.com\/avatar\/ac5001d2a36cb6c6cd3e50789007ffca834b477b74a2144564522e944eabff61?s=96&d=mm&r=g","url":"https:\/\/secure.gravatar.com\/avatar\/ac5001d2a36cb6c6cd3e50789007ffca834b477b74a2144564522e944eabff61?s=96&d=mm&r=g","contentUrl":"https:\/\/secure.gravatar.com\/avatar\/ac5001d2a36cb6c6cd3e50789007ffca834b477b74a2144564522e944eabff61?s=96&d=mm&r=g","caption":"thomas.berner"},"url":"https:\/\/www.organisator.ch\/fr\/author\/thomas-berner\/"}]}},"_links":{"self":[{"href":"https:\/\/www.organisator.ch\/fr\/wp-json\/wp\/v2\/posts\/46386","targetHints":{"allow":["GET"]}}],"collection":[{"href":"https:\/\/www.organisator.ch\/fr\/wp-json\/wp\/v2\/posts"}],"about":[{"href":"https:\/\/www.organisator.ch\/fr\/wp-json\/wp\/v2\/types\/post"}],"author":[{"embeddable":true,"href":"https:\/\/www.organisator.ch\/fr\/wp-json\/wp\/v2\/users\/4"}],"replies":[{"embeddable":true,"href":"https:\/\/www.organisator.ch\/fr\/wp-json\/wp\/v2\/comments?post=46386"}],"version-history":[{"count":5,"href":"https:\/\/www.organisator.ch\/fr\/wp-json\/wp\/v2\/posts\/46386\/revisions"}],"predecessor-version":[{"id":48149,"href":"https:\/\/www.organisator.ch\/fr\/wp-json\/wp\/v2\/posts\/46386\/revisions\/48149"}],"wp:featuredmedia":[{"embeddable":true,"href":"https:\/\/www.organisator.ch\/fr\/wp-json\/wp\/v2\/media\/46387"}],"wp:attachment":[{"href":"https:\/\/www.organisator.ch\/fr\/wp-json\/wp\/v2\/media?parent=46386"}],"wp:term":[{"taxonomy":"category","embeddable":true,"href":"https:\/\/www.organisator.ch\/fr\/wp-json\/wp\/v2\/categories?post=46386"},{"taxonomy":"post_tag","embeddable":true,"href":"https:\/\/www.organisator.ch\/fr\/wp-json\/wp\/v2\/tags?post=46386"}],"curies":[{"name":"wp","href":"https:\/\/api.w.org\/{rel}","templated":true}]}}