{"id":464,"date":"2016-05-04T09:51:35","date_gmt":"2016-05-04T07:51:35","guid":{"rendered":"http:\/\/dev.organisator.ch\/?p=464"},"modified":"2016-05-04T09:51:35","modified_gmt":"2016-05-04T07:51:35","slug":"biella-startet-gut-ins-jahr-2016","status":"publish","type":"post","link":"https:\/\/www.organisator.ch\/fr\/allgemein\/2016-05-04\/biella-startet-gut-ins-jahr-2016\/","title":{"rendered":"Biella d\u00e9marre bien l'ann\u00e9e 2016"},"content":{"rendered":"<p><a href=\"https:\/\/www.youtube.com\/watch?v=Mic_K3LCz9g\">https:\/\/www.youtube.com\/watch?v=Mic_K3LCz9g<\/a><\/p>\n<blockquote><p>\"Il est difficile de se projeter dans l'avenir, notamment parce que l'\u00e9volution macro\u00e9conomique est incertaine. Malgr\u00e9 tout, nous sommes confiants dans la r\u00e9alisation des objectifs fix\u00e9s\".<\/p><\/blockquote>\n<p>Lors de la 116e assembl\u00e9e g\u00e9n\u00e9rale qui s'est tenue au si\u00e8ge de la soci\u00e9t\u00e9 \u00e0 Br\u00fcgg\/Bienne, le Dr Erica Dubach Spiegler, qui dispose d'une grande exp\u00e9rience dans le domaine de la num\u00e9risation, a \u00e9t\u00e9 \u00e9lue au conseil d'administration. Pour des raisons d'\u00e2ge, Stephan Neher, membre du conseil d'administration depuis 1988, ne s'est pas repr\u00e9sent\u00e9 pour une r\u00e9\u00e9lection. Conform\u00e9ment aux statuts, le pr\u00e9sident du conseil d'administration, Rolf U. Sutter, et tous les autres membres actuels du conseil d'administration ont \u00e9t\u00e9 r\u00e9\u00e9lus pour un mandat d'un an, jusqu'\u00e0 la prochaine assembl\u00e9e g\u00e9n\u00e9rale.<\/p>\n<p><strong>Premier trimestre conforme aux pr\u00e9visions<\/strong><\/p>\n<p>L'\u00e9volution du chiffre d'affaires de Biella Group au premier trimestre 2016 a \u00e9t\u00e9 conforme aux attentes, indique l'entreprise. Des ventes plus faibles en Suisse ont \u00e9t\u00e9 compens\u00e9es par un d\u00e9veloppement des affaires meilleur que pr\u00e9vu \u00e0 l'\u00e9tranger, poursuit le communiqu\u00e9. C'est surtout en Allemagne, de loin le plus grand march\u00e9 du groupe, que les attentes ont \u00e9t\u00e9 d\u00e9pass\u00e9es. Outre la mise en \u0153uvre de nouvelles am\u00e9liorations de l'efficacit\u00e9, le groupe travaille avec une grande intensit\u00e9 \u00e0 la commercialisation de nouvelles offres de prestations innovantes.<\/p>\n<p><strong>Lancement de Biella SimplyFind<\/strong><\/p>\n<p>Au premier trimestre 2016, Biella a lanc\u00e9 SimplyFind. Sous la devise \"Trouver avec syst\u00e8me\", des solutions faciles \u00e0 utiliser et s\u00fbres - qui jettent un pont entre le monde physique et le monde num\u00e9rique - sont ici d\u00e9velopp\u00e9es. Les premi\u00e8res offres, Biella SimplyFind Archive et Scan, trouvent un bon \u00e9cho sur le march\u00e9 et seront compl\u00e9t\u00e9es par d'autres modules num\u00e9riques dans le courant de l'ann\u00e9e. En outre, pour les produits personnalis\u00e9s, Biella lancera prochainement sa propre boutique en ligne et la nouvelle technologie Web2Print.<\/p>\n<p><strong>Objectif 2016 : nouvelle augmentation de la marge EBIT<\/strong><\/p>\n<p>Compte tenu de l'environnement difficile du secteur et notamment du caract\u00e8re pionnier des nouvelles offres num\u00e9riques, il serait tr\u00e8s difficile de faire des pr\u00e9visions pr\u00e9cises pour l'ensemble de l'ann\u00e9e 2016. Biella poursuit toutefois l'objectif d'am\u00e9liorer encore sa marge EBIT en 2016.<\/p>\n<p><em>Plus d'informations : <a href=\"http:\/\/www.biellagroup.com\" target=\"_blank\" data-cke-saved-href=\"http:\/\/www.biellagroup.com\" rel=\"noopener\">www.biellagroup.com<\/a> \u00a0<\/em><\/p>","protected":false},"excerpt":{"rendered":"<p>\u00abDer Blick in die Zukunft ist schwierig, auch weil die gesamtwirtschaftliche Entwicklung unsicher ist. Trotzdem sind wir zuversichtlich die gesteckten Ziele zu erreichen.\u00bb An der 116. Generalversammlung am Sitz der Gesellschaft in Br\u00fcgg\/Biel wurde Dr. Erica Dubach Spiegler, die \u00fcber grosse Erfahrungen im Bereich der Digitalisierung verf\u00fcgt, neu in den Verwaltungsrat gew\u00e4hlt. Aus Altersgr\u00fcnden\u00a0trat Stephan [&hellip;]<\/p>\n","protected":false},"author":1,"featured_media":0,"comment_status":"open","ping_status":"open","sticky":false,"template":"","format":"standard","meta":{"_acf_changed":false,"_yoast_wpseo_focuskw":"Biella","_yoast_wpseo_metadesc":"Am 2. Mai 2016 fand die Generalversammlung der Biella-Neher Holding AG statt. Alle Traktanden wurden im Sinne des Verwaltungsrates gutgeheissen.","articlekey":"","footnotes":""},"categories":[1],"tags":[492],"class_list":["post-464","post","type-post","status-publish","format-standard","hentry","category-allgemein","tag-unternehmen"],"acf":[],"yoast_head":"<!-- This site is optimized with the Yoast SEO plugin v27.4 - https:\/\/yoast.com\/product\/yoast-seo-wordpress\/ -->\n<title>Biella startet gut ins Jahr 2016 - Organisator<\/title>\n<meta name=\"description\" content=\"Am 2. Mai 2016 fand die Generalversammlung der Biella-Neher Holding AG statt. Alle Traktanden wurden im Sinne des Verwaltungsrates gutgeheissen.\" \/>\n<meta name=\"robots\" content=\"index, follow, max-snippet:-1, max-image-preview:large, max-video-preview:-1\" \/>\n<link rel=\"canonical\" href=\"https:\/\/www.organisator.ch\/fr\/general\/2016-05-04\/biella-startet-gut-ins-jahr-2016\/\" \/>\n<meta property=\"og:locale\" content=\"fr_FR\" \/>\n<meta property=\"og:type\" content=\"article\" \/>\n<meta property=\"og:title\" content=\"Biella startet gut ins Jahr 2016\" \/>\n<meta property=\"og:description\" content=\"Am 2. Mai 2016 fand die Generalversammlung der Biella-Neher Holding AG statt. Alle Traktanden wurden im Sinne des Verwaltungsrates gutgeheissen. Neu in den Verwaltungsrat wurde Dr. Erica Dubach Spiegler gew\u00e4hlt. Trotz des anhaltend schwierigen Branchenumfeldes konnte Biella im ersten Quartal 2016 ihre Umsatzziele erreichen. Der Fokus liegt unver\u00e4ndert auf der Steigerung der Kosteneffizienz und auf neuen, innovativen Leistungsangeboten. Ein wichtiges Ereignis im Bereich der Digitalisierung war der Marktstart von Biella SimplyFind.\" \/>\n<meta property=\"og:url\" content=\"https:\/\/www.organisator.ch\/fr\/general\/2016-05-04\/biella-startet-gut-ins-jahr-2016\/\" \/>\n<meta property=\"og:site_name\" content=\"Organisator\" \/>\n<meta property=\"article:publisher\" content=\"https:\/\/www.facebook.com\/OrganisatorFachmagazin\" \/>\n<meta property=\"article:published_time\" content=\"2016-05-04T07:51:35+00:00\" \/>\n<meta name=\"author\" content=\"admin\" \/>\n<meta name=\"twitter:card\" content=\"summary_large_image\" \/>\n<script type=\"application\/ld+json\" class=\"yoast-schema-graph\">{\"@context\":\"https:\\\/\\\/schema.org\",\"@graph\":[{\"@type\":\"Article\",\"@id\":\"https:\\\/\\\/www.organisator.ch\\\/en\\\/general\\\/2016-05-04\\\/biella-startet-gut-ins-jahr-2016\\\/#article\",\"isPartOf\":{\"@id\":\"https:\\\/\\\/www.organisator.ch\\\/en\\\/general\\\/2016-05-04\\\/biella-startet-gut-ins-jahr-2016\\\/\"},\"author\":{\"name\":\"admin\",\"@id\":\"https:\\\/\\\/www.organisator.ch\\\/#\\\/schema\\\/person\\\/aa2bace6c5c5aad60102004a50c4eb1c\"},\"headline\":\"Biella startet gut ins Jahr 2016\",\"datePublished\":\"2016-05-04T07:51:35+00:00\",\"mainEntityOfPage\":{\"@id\":\"https:\\\/\\\/www.organisator.ch\\\/en\\\/general\\\/2016-05-04\\\/biella-startet-gut-ins-jahr-2016\\\/\"},\"wordCount\":329,\"commentCount\":0,\"publisher\":{\"@id\":\"https:\\\/\\\/www.organisator.ch\\\/#organization\"},\"keywords\":[\"Unternehmen\"],\"articleSection\":[\"Allgemein\"],\"inLanguage\":\"fr-FR\"},{\"@type\":\"WebPage\",\"@id\":\"https:\\\/\\\/www.organisator.ch\\\/en\\\/general\\\/2016-05-04\\\/biella-startet-gut-ins-jahr-2016\\\/\",\"url\":\"https:\\\/\\\/www.organisator.ch\\\/en\\\/general\\\/2016-05-04\\\/biella-startet-gut-ins-jahr-2016\\\/\",\"name\":\"Biella startet gut ins Jahr 2016 - Organisator\",\"isPartOf\":{\"@id\":\"https:\\\/\\\/www.organisator.ch\\\/#website\"},\"datePublished\":\"2016-05-04T07:51:35+00:00\",\"description\":\"Am 2. Mai 2016 fand die Generalversammlung der Biella-Neher Holding AG statt. Alle Traktanden wurden im Sinne des Verwaltungsrates gutgeheissen.\",\"breadcrumb\":{\"@id\":\"https:\\\/\\\/www.organisator.ch\\\/en\\\/general\\\/2016-05-04\\\/biella-startet-gut-ins-jahr-2016\\\/#breadcrumb\"},\"inLanguage\":\"fr-FR\",\"potentialAction\":[{\"@type\":\"ReadAction\",\"target\":[\"https:\\\/\\\/www.organisator.ch\\\/en\\\/general\\\/2016-05-04\\\/biella-startet-gut-ins-jahr-2016\\\/\"]}]},{\"@type\":\"BreadcrumbList\",\"@id\":\"https:\\\/\\\/www.organisator.ch\\\/en\\\/general\\\/2016-05-04\\\/biella-startet-gut-ins-jahr-2016\\\/#breadcrumb\",\"itemListElement\":[{\"@type\":\"ListItem\",\"position\":1,\"name\":\"Home\",\"item\":\"https:\\\/\\\/www.organisator.ch\\\/\"},{\"@type\":\"ListItem\",\"position\":2,\"name\":\"Biella startet gut ins Jahr 2016\"}]},{\"@type\":\"WebSite\",\"@id\":\"https:\\\/\\\/www.organisator.ch\\\/#website\",\"url\":\"https:\\\/\\\/www.organisator.ch\\\/\",\"name\":\"Organisator\",\"description\":\"Kompetent. Praxisnah. Der ORGANISATOR bereitet in 10 Ausgaben pro Jahr die wesentlichen Themen f\u00fcr F\u00fchrungskr\u00e4fte von KMU auf.\",\"publisher\":{\"@id\":\"https:\\\/\\\/www.organisator.ch\\\/#organization\"},\"potentialAction\":[{\"@type\":\"SearchAction\",\"target\":{\"@type\":\"EntryPoint\",\"urlTemplate\":\"https:\\\/\\\/www.organisator.ch\\\/?s={search_term_string}\"},\"query-input\":{\"@type\":\"PropertyValueSpecification\",\"valueRequired\":true,\"valueName\":\"search_term_string\"}}],\"inLanguage\":\"fr-FR\"},{\"@type\":\"Organization\",\"@id\":\"https:\\\/\\\/www.organisator.ch\\\/#organization\",\"name\":\"Organisator\",\"url\":\"https:\\\/\\\/www.organisator.ch\\\/\",\"logo\":{\"@type\":\"ImageObject\",\"inLanguage\":\"fr-FR\",\"@id\":\"https:\\\/\\\/www.organisator.ch\\\/#\\\/schema\\\/logo\\\/image\\\/\",\"url\":\"https:\\\/\\\/www.organisator.ch\\\/wp-content\\\/uploads\\\/2022\\\/01\\\/Logo_Organisator_Website.png\",\"contentUrl\":\"https:\\\/\\\/www.organisator.ch\\\/wp-content\\\/uploads\\\/2022\\\/01\\\/Logo_Organisator_Website.png\",\"width\":800,\"height\":77,\"caption\":\"Organisator\"},\"image\":{\"@id\":\"https:\\\/\\\/www.organisator.ch\\\/#\\\/schema\\\/logo\\\/image\\\/\"},\"sameAs\":[\"https:\\\/\\\/www.facebook.com\\\/OrganisatorFachmagazin\",\"https:\\\/\\\/www.linkedin.com\\\/showcase\\\/organisator-das-magazin-fr-kmu\",\"https:\\\/\\\/www.xing.com\\\/news\\\/pages\\\/organisator-ch-695\",\"https:\\\/\\\/www.youtube.com\\\/channel\\\/UCGP2Sq0iWaZwT3BdIAQFYpw\"]},{\"@type\":\"Person\",\"@id\":\"https:\\\/\\\/www.organisator.ch\\\/#\\\/schema\\\/person\\\/aa2bace6c5c5aad60102004a50c4eb1c\",\"name\":\"admin\",\"image\":{\"@type\":\"ImageObject\",\"inLanguage\":\"fr-FR\",\"@id\":\"https:\\\/\\\/secure.gravatar.com\\\/avatar\\\/ae2f4d718e6c49043e314ce431e7e645d646302a24a5ef5a8bc8e3f5a032e319?s=96&d=mm&r=g\",\"url\":\"https:\\\/\\\/secure.gravatar.com\\\/avatar\\\/ae2f4d718e6c49043e314ce431e7e645d646302a24a5ef5a8bc8e3f5a032e319?s=96&d=mm&r=g\",\"contentUrl\":\"https:\\\/\\\/secure.gravatar.com\\\/avatar\\\/ae2f4d718e6c49043e314ce431e7e645d646302a24a5ef5a8bc8e3f5a032e319?s=96&d=mm&r=g\",\"caption\":\"admin\"},\"sameAs\":[\"https:\\\/\\\/www.organisator.ch\"],\"url\":\"https:\\\/\\\/www.organisator.ch\\\/fr\\\/author\\\/admin\\\/\"}]}<\/script>\n<!-- \/ Yoast SEO plugin. -->","yoast_head_json":{"title":"Biella d\u00e9marre bien l'ann\u00e9e 2016 - Organisateur","description":"L'assembl\u00e9e g\u00e9n\u00e9rale de Biella-Neher Holding AG a eu lieu le 2 mai 2016. Tous les points \u00e0 l'ordre du jour ont \u00e9t\u00e9 approuv\u00e9s dans le sens souhait\u00e9 par le conseil d'administration.","robots":{"index":"index","follow":"follow","max-snippet":"max-snippet:-1","max-image-preview":"max-image-preview:large","max-video-preview":"max-video-preview:-1"},"canonical":"https:\/\/www.organisator.ch\/fr\/general\/2016-05-04\/biella-startet-gut-ins-jahr-2016\/","og_locale":"fr_FR","og_type":"article","og_title":"Biella startet gut ins Jahr 2016","og_description":"Am 2. Mai 2016 fand die Generalversammlung der Biella-Neher Holding AG statt. Alle Traktanden wurden im Sinne des Verwaltungsrates gutgeheissen. Neu in den Verwaltungsrat wurde Dr. Erica Dubach Spiegler gew\u00e4hlt. Trotz des anhaltend schwierigen Branchenumfeldes konnte Biella im ersten Quartal 2016 ihre Umsatzziele erreichen. Der Fokus liegt unver\u00e4ndert auf der Steigerung der Kosteneffizienz und auf neuen, innovativen Leistungsangeboten. Ein wichtiges Ereignis im Bereich der Digitalisierung war der Marktstart von Biella SimplyFind.","og_url":"https:\/\/www.organisator.ch\/fr\/general\/2016-05-04\/biella-startet-gut-ins-jahr-2016\/","og_site_name":"Organisator","article_publisher":"https:\/\/www.facebook.com\/OrganisatorFachmagazin","article_published_time":"2016-05-04T07:51:35+00:00","author":"admin","twitter_card":"summary_large_image","schema":{"@context":"https:\/\/schema.org","@graph":[{"@type":"Article","@id":"https:\/\/www.organisator.ch\/en\/general\/2016-05-04\/biella-startet-gut-ins-jahr-2016\/#article","isPartOf":{"@id":"https:\/\/www.organisator.ch\/en\/general\/2016-05-04\/biella-startet-gut-ins-jahr-2016\/"},"author":{"name":"admin","@id":"https:\/\/www.organisator.ch\/#\/schema\/person\/aa2bace6c5c5aad60102004a50c4eb1c"},"headline":"Biella startet gut ins Jahr 2016","datePublished":"2016-05-04T07:51:35+00:00","mainEntityOfPage":{"@id":"https:\/\/www.organisator.ch\/en\/general\/2016-05-04\/biella-startet-gut-ins-jahr-2016\/"},"wordCount":329,"commentCount":0,"publisher":{"@id":"https:\/\/www.organisator.ch\/#organization"},"keywords":["Unternehmen"],"articleSection":["Allgemein"],"inLanguage":"fr-FR"},{"@type":"WebPage","@id":"https:\/\/www.organisator.ch\/en\/general\/2016-05-04\/biella-startet-gut-ins-jahr-2016\/","url":"https:\/\/www.organisator.ch\/en\/general\/2016-05-04\/biella-startet-gut-ins-jahr-2016\/","name":"Biella d\u00e9marre bien l'ann\u00e9e 2016 - Organisateur","isPartOf":{"@id":"https:\/\/www.organisator.ch\/#website"},"datePublished":"2016-05-04T07:51:35+00:00","description":"L'assembl\u00e9e g\u00e9n\u00e9rale de Biella-Neher Holding AG a eu lieu le 2 mai 2016. Tous les points \u00e0 l'ordre du jour ont \u00e9t\u00e9 approuv\u00e9s dans le sens souhait\u00e9 par le conseil d'administration.","breadcrumb":{"@id":"https:\/\/www.organisator.ch\/en\/general\/2016-05-04\/biella-startet-gut-ins-jahr-2016\/#breadcrumb"},"inLanguage":"fr-FR","potentialAction":[{"@type":"ReadAction","target":["https:\/\/www.organisator.ch\/en\/general\/2016-05-04\/biella-startet-gut-ins-jahr-2016\/"]}]},{"@type":"BreadcrumbList","@id":"https:\/\/www.organisator.ch\/en\/general\/2016-05-04\/biella-startet-gut-ins-jahr-2016\/#breadcrumb","itemListElement":[{"@type":"ListItem","position":1,"name":"Home","item":"https:\/\/www.organisator.ch\/"},{"@type":"ListItem","position":2,"name":"Biella startet gut ins Jahr 2016"}]},{"@type":"WebSite","@id":"https:\/\/www.organisator.ch\/#website","url":"https:\/\/www.organisator.ch\/","name":"Organisateur","description":"Comp\u00e9tence et comp\u00e9tence. Proches de la pratique. L'ORGANISATEUR pr\u00e9pare 10 num\u00e9ros par an sur les th\u00e8mes essentiels pour les dirigeants de PME.","publisher":{"@id":"https:\/\/www.organisator.ch\/#organization"},"potentialAction":[{"@type":"SearchAction","target":{"@type":"EntryPoint","urlTemplate":"https:\/\/www.organisator.ch\/?s={search_term_string}"},"query-input":{"@type":"PropertyValueSpecification","valueRequired":true,"valueName":"search_term_string"}}],"inLanguage":"fr-FR"},{"@type":"Organization","@id":"https:\/\/www.organisator.ch\/#organization","name":"Organisateur","url":"https:\/\/www.organisator.ch\/","logo":{"@type":"ImageObject","inLanguage":"fr-FR","@id":"https:\/\/www.organisator.ch\/#\/schema\/logo\/image\/","url":"https:\/\/www.organisator.ch\/wp-content\/uploads\/2022\/01\/Logo_Organisator_Website.png","contentUrl":"https:\/\/www.organisator.ch\/wp-content\/uploads\/2022\/01\/Logo_Organisator_Website.png","width":800,"height":77,"caption":"Organisator"},"image":{"@id":"https:\/\/www.organisator.ch\/#\/schema\/logo\/image\/"},"sameAs":["https:\/\/www.facebook.com\/OrganisatorFachmagazin","https:\/\/www.linkedin.com\/showcase\/organisator-das-magazin-fr-kmu","https:\/\/www.xing.com\/news\/pages\/organisator-ch-695","https:\/\/www.youtube.com\/channel\/UCGP2Sq0iWaZwT3BdIAQFYpw"]},{"@type":"Person","@id":"https:\/\/www.organisator.ch\/#\/schema\/person\/aa2bace6c5c5aad60102004a50c4eb1c","name":"admin","image":{"@type":"ImageObject","inLanguage":"fr-FR","@id":"https:\/\/secure.gravatar.com\/avatar\/ae2f4d718e6c49043e314ce431e7e645d646302a24a5ef5a8bc8e3f5a032e319?s=96&d=mm&r=g","url":"https:\/\/secure.gravatar.com\/avatar\/ae2f4d718e6c49043e314ce431e7e645d646302a24a5ef5a8bc8e3f5a032e319?s=96&d=mm&r=g","contentUrl":"https:\/\/secure.gravatar.com\/avatar\/ae2f4d718e6c49043e314ce431e7e645d646302a24a5ef5a8bc8e3f5a032e319?s=96&d=mm&r=g","caption":"admin"},"sameAs":["https:\/\/www.organisator.ch"],"url":"https:\/\/www.organisator.ch\/fr\/author\/admin\/"}]}},"_links":{"self":[{"href":"https:\/\/www.organisator.ch\/fr\/wp-json\/wp\/v2\/posts\/464","targetHints":{"allow":["GET"]}}],"collection":[{"href":"https:\/\/www.organisator.ch\/fr\/wp-json\/wp\/v2\/posts"}],"about":[{"href":"https:\/\/www.organisator.ch\/fr\/wp-json\/wp\/v2\/types\/post"}],"author":[{"embeddable":true,"href":"https:\/\/www.organisator.ch\/fr\/wp-json\/wp\/v2\/users\/1"}],"replies":[{"embeddable":true,"href":"https:\/\/www.organisator.ch\/fr\/wp-json\/wp\/v2\/comments?post=464"}],"version-history":[{"count":0,"href":"https:\/\/www.organisator.ch\/fr\/wp-json\/wp\/v2\/posts\/464\/revisions"}],"wp:attachment":[{"href":"https:\/\/www.organisator.ch\/fr\/wp-json\/wp\/v2\/media?parent=464"}],"wp:term":[{"taxonomy":"category","embeddable":true,"href":"https:\/\/www.organisator.ch\/fr\/wp-json\/wp\/v2\/categories?post=464"},{"taxonomy":"post_tag","embeddable":true,"href":"https:\/\/www.organisator.ch\/fr\/wp-json\/wp\/v2\/tags?post=464"}],"curies":[{"name":"wp","href":"https:\/\/api.w.org\/{rel}","templated":true}]}}