{"id":4645,"date":"2018-12-10T16:10:32","date_gmt":"2018-12-10T15:10:32","guid":{"rendered":"https:\/\/www.organisator.ch\/?p=4645"},"modified":"2018-12-10T16:10:32","modified_gmt":"2018-12-10T15:10:32","slug":"trends-2019-fuenf-empfehlungen-fuer-it-entscheider","status":"publish","type":"post","link":"https:\/\/www.organisator.ch\/fr\/management\/it\/2018-12-10\/trends-2019-fuenf-empfehlungen-fuer-it-entscheider\/","title":{"rendered":"Tendances 2019 : cinq recommandations pour les d\u00e9cideurs informatiques"},"content":{"rendered":"<figure id=\"attachment_4646\" aria-describedby=\"caption-attachment-4646\" style=\"width: 680px\" class=\"wp-caption alignnone\"><img loading=\"lazy\" decoding=\"async\" class=\"size-medium wp-image-4646\" src=\"https:\/\/www.organisator.ch\/wp-content\/uploads\/2018\/12\/Trends-2019-Fuenf-Empfehlungen-fuer-IT-Entscheider_Organisator.jpg\" alt=\"\" width=\"680\" height=\"431\" srcset=\"https:\/\/www.organisator.ch\/wp-content\/uploads\/2018\/12\/Trends-2019-Fuenf-Empfehlungen-fuer-IT-Entscheider_Organisator.jpg 680w, https:\/\/www.organisator.ch\/wp-content\/uploads\/2018\/12\/Trends-2019-Fuenf-Empfehlungen-fuer-IT-Entscheider_Organisator-16x10.jpg 16w, https:\/\/www.organisator.ch\/wp-content\/uploads\/2018\/12\/Trends-2019-Fuenf-Empfehlungen-fuer-IT-Entscheider_Organisator-276x175.jpg 276w, https:\/\/www.organisator.ch\/wp-content\/uploads\/2018\/12\/Trends-2019-Fuenf-Empfehlungen-fuer-IT-Entscheider_Organisator-552x350.jpg 552w, https:\/\/www.organisator.ch\/wp-content\/uploads\/2018\/12\/Trends-2019-Fuenf-Empfehlungen-fuer-IT-Entscheider_Organisator-300x190.jpg 300w\" sizes=\"auto, (max-width: 680px) 100vw, 680px\" \/><figcaption id=\"caption-attachment-4646\" class=\"wp-caption-text\">La gestion des donn\u00e9es occupera beaucoup les d\u00e9cideurs informatiques en 2019. (Image : Fotolia.com)<\/figcaption><\/figure>\n<p><span lang=\"DE\">Les processus commerciaux deviennent plus flexibles gr\u00e2ce \u00e0 la num\u00e9risation et l'efficacit\u00e9 op\u00e9rationnelle augmente. Si les entreprises veulent rester comp\u00e9titives \u00e0 l'avenir et offrir \u00e0 leurs clients des services fiables et innovants, une gestion intelligente des donn\u00e9es devient indispensable. <\/span><span lang=\"DE\">Dave Russell, vice-pr\u00e9sident de la strat\u00e9gie produits chez Veeam, a identifi\u00e9 cinq tendances que les d\u00e9cideurs informatiques devraient prendre en compte en 2019 :<\/span><\/p>\n<h2><span lang=\"DE\">Le multi-cloud s'impose<\/span><\/h2>\n<p><span lang=\"DE\">La mondialisation, les processus commerciaux transfrontaliers et la num\u00e9risation rendent l'utilisation d'infrastructures multi-cloud presque in\u00e9vitable. Les analystes pr\u00e9voient une croissance annuelle d'environ 10 % dans le domaine du cloud dans les ann\u00e9es \u00e0 venir. Les solutions sur site ne seront donc pas superflues, mais on assistera de plus en plus \u00e0 l'\u00e9mergence d'un m\u00e9lange de solutions sur site, SaaS, IaaS, clouds g\u00e9r\u00e9s et clouds priv\u00e9s. <\/span><\/p>\n<h2><span lang=\"DE\">Utilisation accrue de m\u00e9moires flash<\/span><\/h2>\n<p><span lang=\"DE\"><a href=\"https:\/\/www.gartner.com\/doc\/3892097\/forecast-analysis-nand-flash-worldwide\">Gartner<\/a><\/span><span lang=\"DE\"> pr\u00e9voit que l'offre de m\u00e9moire flash se r\u00e9duira quelque peu \u00e0 la mi-2019, mais que les prix resteront stables. Nous nous attendons \u00e0 une utilisation accrue de la m\u00e9moire flash pour la restauration op\u00e9rationnelle, o\u00f9 sont g\u00e9n\u00e9ralement conserv\u00e9es les donn\u00e9es de sauvegarde et les r\u00e9pliques des quinze derniers jours. En raison de la diffusion de la Flash, nous nous attendons \u00e9galement \u00e0 une utilisation accrue de la restauration imm\u00e9diate de machines virtuelles compl\u00e8tes (ou gestion des donn\u00e9es de copie). <\/span><\/p>\n<p><span lang=\"DE\">Les syst\u00e8mes dot\u00e9s de la fonctionnalit\u00e9 Copy Data Management offrent une valeur ajout\u00e9e compl\u00e9mentaire qui va au-del\u00e0 de la simple disponibilit\u00e9 : des exemples d'utilisation suppl\u00e9mentaire des donn\u00e9es de sauvegarde et de r\u00e9plique sont par exemple DevOps, DevSecOps et DevTest ainsi que Patch Testing, Analytics et Reporting. <\/span><\/p>\n<h2><span lang=\"DE\">L'analyse pr\u00e9dictive a le vent en poupe<\/span><\/h2>\n<p><span lang=\"DE\">Selon les pr\u00e9visions, le march\u00e9 de l'analyse pr\u00e9dictive augmentera de 272% d'ici 2022 par rapport \u00e0 2017, soit une croissance annuelle d'environ 22%. Les analyses pr\u00e9dictives bas\u00e9es sur des donn\u00e9es t\u00e9l\u00e9m\u00e9triques pour des pr\u00e9dictions et des recommandations bas\u00e9es sur l'apprentissage automatique (ML) sont les plus susceptibles de s'imposer \u00e0 grande \u00e9chelle. <\/span><\/p>\n<p><span lang=\"DE\">P<\/span><span lang=\"DE\">Les analyses et les diagnostics pertinents contribuent au bon fonctionnement de l'informatique et r\u00e9duisent les efforts d'optimisation du syst\u00e8me. Ils deviennent essentiels dans le contexte d'infrastructures de plus en plus complexes, avec davantage de donn\u00e9es et des exigences de performance plus \u00e9lev\u00e9es. <\/span><span lang=\"DE\">Les SLE, Service Level Expectations, vont continuer \u00e0 augmenter, c'est pourquoi l'IT a besoin de plus de donn\u00e9es et de projections sur les performances. <\/span><\/p>\n<h2><span lang=\"DE\">Les g\u00e9n\u00e9ralistes de l'informatique sont tr\u00e8s demand\u00e9s<\/span><\/h2>\n<p><span lang=\"DE\">IA ou pas, le centre de donn\u00e9es du futur ne pourra pas non plus se passer des hommes.  La p\u00e9nurie de personnel qualifi\u00e9, combin\u00e9e \u00e0 des infrastructures de plus en plus hybrides, exige un \"g\u00e9n\u00e9raliste de l'informatique\" disposant de connaissances et d'une exp\u00e9rience dans diff\u00e9rents domaines sp\u00e9cialis\u00e9s ainsi que d'une compr\u00e9hension de la gestion d'entreprise. La standardisation, l'orchestration et l'automatisation vont acc\u00e9l\u00e9rer cette tendance : En raison de l'\"intelligence propre\" croissante des syst\u00e8mes, ce n'est pas tant la sp\u00e9cialisation qui est requise qu'un large savoir de base.<\/span><\/p>\n<p><span lang=\"DE\">Bien s\u00fbr, les connaissances sp\u00e9cialis\u00e9es restent importantes, notamment en ce qui concerne le cloud. Mais plus l'informatique devient une partie de la cha\u00eene de valeur de l'entreprise, plus il est important que les professionnels de l'informatique comprennent \u00e9galement l'environnement commercial afin de cr\u00e9er de la valeur ajout\u00e9e. <\/span><\/p>\n<h2><span lang=\"DE\">La 5G offre de nouvelles opportunit\u00e9s pour le secteur<\/span><\/h2>\n<p><span lang=\"DE\">D\u00e9but 2019, les premiers t\u00e9l\u00e9phones mobiles compatibles 5G seront mis sur le march\u00e9. Dans le contexte de l'industrie 4.0 et de l'Internet des objets (IoT), ce sont justement les entreprises qui s'int\u00e9ressent de pr\u00e8s \u00e0 cette technique de transmission, y compris pour leurs propres r\u00e9seaux r\u00e9gionaux. N\u00e9anmoins, en 2019, il s'agira en premier lieu de cr\u00e9er les conditions d'une large utilisation afin que l'Europe puisse devenir une \"soci\u00e9t\u00e9 gigabit\". <\/span><\/p>\n<p><span lang=\"DE\">\u00c0 moyen terme, la 5G offre de nouvelles opportunit\u00e9s de revenus aux commer\u00e7ants et aux fournisseurs de services en nuage. Le traitement de plus grandes quantit\u00e9s de donn\u00e9es en temps r\u00e9el, les nouvelles exigences en mati\u00e8re de mat\u00e9riel et d'appareils ainsi que les nouvelles applications pour la gestion des donn\u00e9es ouvrent de multiples possibilit\u00e9s et favoriseront \u00e9galement le d\u00e9bat sur l'Edge Computing. <\/span><\/p>\n<p><em>Source : <a href=\"http:\/\/www.veeam.com\/de\">Veeam<\/a><\/em><\/p>","protected":false},"excerpt":{"rendered":"<p>Gesch\u00e4ftsprozesse werden durch Digitalisierung flexibler, die betriebliche Effizienz steigt. Wollen Unternehmen in Zukunft wettbewerbsf\u00e4hig bleiben und ihren Kunden zuverl\u00e4ssige sowie innovative Serviceleistungen anbieten, wird intelligentes Datenmanagement unverzichtbar. Dave Russell, Vizepr\u00e4sident f\u00fcr Produktstrategie bei Veeam, hat dazu f\u00fcnf Trends ausgemacht, die IT-Entscheider im Jahr 2019 ber\u00fccksichtigen sollten: Multi-Cloud setzt sich durch Globalisierung, grenz\u00fcberschreitende Gesch\u00e4ftsprozesse und Digitalisierung [&hellip;]<\/p>\n","protected":false},"author":4,"featured_media":4646,"comment_status":"open","ping_status":"open","sticky":false,"template":"","format":"standard","meta":{"_acf_changed":false,"_yoast_wpseo_focuskw":"IT-Entscheider","_yoast_wpseo_metadesc":"Gesch\u00e4ftsprozesse, Arbeit von Mitarbeitern, Interaktion mit Kunden, all dies hinterl\u00e4sst Datenspuren. Worauf sollten IT-Entscheider besonders Wert legen?","articlekey":"","footnotes":""},"categories":[27],"tags":[156,286,335,485],"class_list":["post-4645","post","type-post","status-publish","format-standard","has-post-thumbnail","hentry","category-it","tag-digitalisierung","tag-it","tag-management-und-unternehmensfuehrung","tag-trends"],"acf":[],"yoast_head":"<!-- This site is optimized with the Yoast SEO plugin v27.5 - https:\/\/yoast.com\/product\/yoast-seo-wordpress\/ -->\n<title>Trends 2019: F\u00fcnf Empfehlungen f\u00fcr IT-Entscheider - Organisator<\/title>\n<meta name=\"description\" content=\"Gesch\u00e4ftsprozesse, Arbeit von Mitarbeitern, Interaktion mit Kunden, all dies hinterl\u00e4sst Datenspuren. Worauf sollten IT-Entscheider besonders Wert legen?\" \/>\n<meta name=\"robots\" content=\"index, follow, max-snippet:-1, max-image-preview:large, max-video-preview:-1\" \/>\n<link rel=\"canonical\" href=\"https:\/\/www.organisator.ch\/fr\/gestion-2\/it\/2018-12-10\/trends-2019-fuenf-empfehlungen-fuer-it-entscheider\/\" \/>\n<meta property=\"og:locale\" content=\"fr_FR\" \/>\n<meta property=\"og:type\" content=\"article\" \/>\n<meta property=\"og:title\" content=\"Trends 2019: F\u00fcnf Empfehlungen f\u00fcr IT-Entscheider\" \/>\n<meta property=\"og:description\" content=\"Gesch\u00e4ftsprozesse, Arbeit von Mitarbeitern, Interaktion mit Kunden, all dies hinterl\u00e4sst Datenspuren. Worauf sollten IT-Entscheider besonders Wert legen?\" \/>\n<meta property=\"og:url\" content=\"https:\/\/www.organisator.ch\/fr\/gestion-2\/it\/2018-12-10\/trends-2019-fuenf-empfehlungen-fuer-it-entscheider\/\" \/>\n<meta property=\"og:site_name\" content=\"Organisator\" \/>\n<meta property=\"article:publisher\" content=\"https:\/\/www.facebook.com\/OrganisatorFachmagazin\" \/>\n<meta property=\"article:published_time\" content=\"2018-12-10T15:10:32+00:00\" \/>\n<meta property=\"og:image\" content=\"https:\/\/www.organisator.ch\/wp-content\/uploads\/2018\/12\/Trends-2019-Fuenf-Empfehlungen-fuer-IT-Entscheider_Organisator.jpg\" \/>\n\t<meta property=\"og:image:width\" content=\"680\" \/>\n\t<meta property=\"og:image:height\" content=\"431\" \/>\n\t<meta property=\"og:image:type\" content=\"image\/jpeg\" \/>\n<meta name=\"author\" content=\"thomas.berner\" \/>\n<meta name=\"twitter:card\" content=\"summary_large_image\" \/>\n<meta name=\"twitter:title\" content=\"Trends 2019: F\u00fcnf Empfehlungen f\u00fcr #IT-Entscheider\" \/>\n<meta name=\"twitter:description\" content=\"Gesch\u00e4ftsprozesse, Arbeit von Mitarbeitern, Interaktion mit Kunden, all dies hinterl\u00e4sst Datenspuren. Worauf sollten #IT-Entscheider besonders Wert legen?\" \/>\n<meta name=\"twitter:image\" content=\"https:\/\/www.organisator.ch\/wp-content\/uploads\/2018\/12\/Trends-2019-F\u00fcnf-Empfehlungen-f\u00fcr-IT-Entscheider_Organisator.jpg\" \/>\n<script type=\"application\/ld+json\" class=\"yoast-schema-graph\">{\"@context\":\"https:\\\/\\\/schema.org\",\"@graph\":[{\"@type\":\"Article\",\"@id\":\"https:\\\/\\\/www.organisator.ch\\\/management\\\/it\\\/2018-12-10\\\/trends-2019-fuenf-empfehlungen-fuer-it-entscheider\\\/#article\",\"isPartOf\":{\"@id\":\"https:\\\/\\\/www.organisator.ch\\\/management\\\/it\\\/2018-12-10\\\/trends-2019-fuenf-empfehlungen-fuer-it-entscheider\\\/\"},\"author\":{\"name\":\"thomas.berner\",\"@id\":\"https:\\\/\\\/www.organisator.ch\\\/#\\\/schema\\\/person\\\/6f650f90b2842cd4c0cc334b4e36f67e\"},\"headline\":\"Trends 2019: F\u00fcnf Empfehlungen f\u00fcr IT-Entscheider\",\"datePublished\":\"2018-12-10T15:10:32+00:00\",\"mainEntityOfPage\":{\"@id\":\"https:\\\/\\\/www.organisator.ch\\\/management\\\/it\\\/2018-12-10\\\/trends-2019-fuenf-empfehlungen-fuer-it-entscheider\\\/\"},\"wordCount\":559,\"commentCount\":1,\"publisher\":{\"@id\":\"https:\\\/\\\/www.organisator.ch\\\/#organization\"},\"image\":{\"@id\":\"https:\\\/\\\/www.organisator.ch\\\/management\\\/it\\\/2018-12-10\\\/trends-2019-fuenf-empfehlungen-fuer-it-entscheider\\\/#primaryimage\"},\"thumbnailUrl\":\"https:\\\/\\\/www.organisator.ch\\\/wp-content\\\/uploads\\\/2018\\\/12\\\/Trends-2019-Fuenf-Empfehlungen-fuer-IT-Entscheider_Organisator.jpg\",\"keywords\":[\"Digitalisierung\",\"IT\",\"Management und Unternehmensf\u00fchrung\",\"Trends\"],\"articleSection\":[\"IT\"],\"inLanguage\":\"fr-FR\"},{\"@type\":\"WebPage\",\"@id\":\"https:\\\/\\\/www.organisator.ch\\\/management\\\/it\\\/2018-12-10\\\/trends-2019-fuenf-empfehlungen-fuer-it-entscheider\\\/\",\"url\":\"https:\\\/\\\/www.organisator.ch\\\/management\\\/it\\\/2018-12-10\\\/trends-2019-fuenf-empfehlungen-fuer-it-entscheider\\\/\",\"name\":\"Trends 2019: F\u00fcnf Empfehlungen f\u00fcr IT-Entscheider - Organisator\",\"isPartOf\":{\"@id\":\"https:\\\/\\\/www.organisator.ch\\\/#website\"},\"primaryImageOfPage\":{\"@id\":\"https:\\\/\\\/www.organisator.ch\\\/management\\\/it\\\/2018-12-10\\\/trends-2019-fuenf-empfehlungen-fuer-it-entscheider\\\/#primaryimage\"},\"image\":{\"@id\":\"https:\\\/\\\/www.organisator.ch\\\/management\\\/it\\\/2018-12-10\\\/trends-2019-fuenf-empfehlungen-fuer-it-entscheider\\\/#primaryimage\"},\"thumbnailUrl\":\"https:\\\/\\\/www.organisator.ch\\\/wp-content\\\/uploads\\\/2018\\\/12\\\/Trends-2019-Fuenf-Empfehlungen-fuer-IT-Entscheider_Organisator.jpg\",\"datePublished\":\"2018-12-10T15:10:32+00:00\",\"description\":\"Gesch\u00e4ftsprozesse, Arbeit von Mitarbeitern, Interaktion mit Kunden, all dies hinterl\u00e4sst Datenspuren. Worauf sollten IT-Entscheider besonders Wert legen?\",\"breadcrumb\":{\"@id\":\"https:\\\/\\\/www.organisator.ch\\\/management\\\/it\\\/2018-12-10\\\/trends-2019-fuenf-empfehlungen-fuer-it-entscheider\\\/#breadcrumb\"},\"inLanguage\":\"fr-FR\",\"potentialAction\":[{\"@type\":\"ReadAction\",\"target\":[\"https:\\\/\\\/www.organisator.ch\\\/management\\\/it\\\/2018-12-10\\\/trends-2019-fuenf-empfehlungen-fuer-it-entscheider\\\/\"]}]},{\"@type\":\"ImageObject\",\"inLanguage\":\"fr-FR\",\"@id\":\"https:\\\/\\\/www.organisator.ch\\\/management\\\/it\\\/2018-12-10\\\/trends-2019-fuenf-empfehlungen-fuer-it-entscheider\\\/#primaryimage\",\"url\":\"https:\\\/\\\/www.organisator.ch\\\/wp-content\\\/uploads\\\/2018\\\/12\\\/Trends-2019-Fuenf-Empfehlungen-fuer-IT-Entscheider_Organisator.jpg\",\"contentUrl\":\"https:\\\/\\\/www.organisator.ch\\\/wp-content\\\/uploads\\\/2018\\\/12\\\/Trends-2019-Fuenf-Empfehlungen-fuer-IT-Entscheider_Organisator.jpg\",\"width\":680,\"height\":431,\"caption\":\"Das Datenmanagement wird 2019 die IT-Entscheider stark besch\u00e4ftigen. (Bild: Fotolia.com)\"},{\"@type\":\"BreadcrumbList\",\"@id\":\"https:\\\/\\\/www.organisator.ch\\\/management\\\/it\\\/2018-12-10\\\/trends-2019-fuenf-empfehlungen-fuer-it-entscheider\\\/#breadcrumb\",\"itemListElement\":[{\"@type\":\"ListItem\",\"position\":1,\"name\":\"Home\",\"item\":\"https:\\\/\\\/www.organisator.ch\\\/\"},{\"@type\":\"ListItem\",\"position\":2,\"name\":\"Trends 2019: F\u00fcnf Empfehlungen f\u00fcr IT-Entscheider\"}]},{\"@type\":\"WebSite\",\"@id\":\"https:\\\/\\\/www.organisator.ch\\\/#website\",\"url\":\"https:\\\/\\\/www.organisator.ch\\\/\",\"name\":\"Organisator\",\"description\":\"Kompetent. Praxisnah. Der ORGANISATOR bereitet in 10 Ausgaben pro Jahr die wesentlichen Themen f\u00fcr F\u00fchrungskr\u00e4fte von KMU auf.\",\"publisher\":{\"@id\":\"https:\\\/\\\/www.organisator.ch\\\/#organization\"},\"potentialAction\":[{\"@type\":\"SearchAction\",\"target\":{\"@type\":\"EntryPoint\",\"urlTemplate\":\"https:\\\/\\\/www.organisator.ch\\\/?s={search_term_string}\"},\"query-input\":{\"@type\":\"PropertyValueSpecification\",\"valueRequired\":true,\"valueName\":\"search_term_string\"}}],\"inLanguage\":\"fr-FR\"},{\"@type\":\"Organization\",\"@id\":\"https:\\\/\\\/www.organisator.ch\\\/#organization\",\"name\":\"Organisator\",\"url\":\"https:\\\/\\\/www.organisator.ch\\\/\",\"logo\":{\"@type\":\"ImageObject\",\"inLanguage\":\"fr-FR\",\"@id\":\"https:\\\/\\\/www.organisator.ch\\\/#\\\/schema\\\/logo\\\/image\\\/\",\"url\":\"https:\\\/\\\/www.organisator.ch\\\/wp-content\\\/uploads\\\/2022\\\/01\\\/Logo_Organisator_Website.png\",\"contentUrl\":\"https:\\\/\\\/www.organisator.ch\\\/wp-content\\\/uploads\\\/2022\\\/01\\\/Logo_Organisator_Website.png\",\"width\":800,\"height\":77,\"caption\":\"Organisator\"},\"image\":{\"@id\":\"https:\\\/\\\/www.organisator.ch\\\/#\\\/schema\\\/logo\\\/image\\\/\"},\"sameAs\":[\"https:\\\/\\\/www.facebook.com\\\/OrganisatorFachmagazin\",\"https:\\\/\\\/www.linkedin.com\\\/showcase\\\/organisator-das-magazin-fr-kmu\",\"https:\\\/\\\/www.xing.com\\\/news\\\/pages\\\/organisator-ch-695\",\"https:\\\/\\\/www.youtube.com\\\/channel\\\/UCGP2Sq0iWaZwT3BdIAQFYpw\"]},{\"@type\":\"Person\",\"@id\":\"https:\\\/\\\/www.organisator.ch\\\/#\\\/schema\\\/person\\\/6f650f90b2842cd4c0cc334b4e36f67e\",\"name\":\"thomas.berner\",\"image\":{\"@type\":\"ImageObject\",\"inLanguage\":\"fr-FR\",\"@id\":\"https:\\\/\\\/secure.gravatar.com\\\/avatar\\\/ac5001d2a36cb6c6cd3e50789007ffca834b477b74a2144564522e944eabff61?s=96&d=mm&r=g\",\"url\":\"https:\\\/\\\/secure.gravatar.com\\\/avatar\\\/ac5001d2a36cb6c6cd3e50789007ffca834b477b74a2144564522e944eabff61?s=96&d=mm&r=g\",\"contentUrl\":\"https:\\\/\\\/secure.gravatar.com\\\/avatar\\\/ac5001d2a36cb6c6cd3e50789007ffca834b477b74a2144564522e944eabff61?s=96&d=mm&r=g\",\"caption\":\"thomas.berner\"},\"url\":\"https:\\\/\\\/www.organisator.ch\\\/fr\\\/author\\\/thomas-berner\\\/\"}]}<\/script>\n<!-- \/ Yoast SEO plugin. -->","yoast_head_json":{"title":"Tendances 2019 : cinq recommandations pour les d\u00e9cideurs informatiques - Organisateur","description":"Les processus commerciaux, le travail des collaborateurs, l'interaction avec les clients, tout cela laisse des traces de donn\u00e9es. \u00c0 quoi les d\u00e9cideurs informatiques doivent-ils accorder une attention particuli\u00e8re ?","robots":{"index":"index","follow":"follow","max-snippet":"max-snippet:-1","max-image-preview":"max-image-preview:large","max-video-preview":"max-video-preview:-1"},"canonical":"https:\/\/www.organisator.ch\/fr\/gestion-2\/it\/2018-12-10\/trends-2019-fuenf-empfehlungen-fuer-it-entscheider\/","og_locale":"fr_FR","og_type":"article","og_title":"Trends 2019: F\u00fcnf Empfehlungen f\u00fcr IT-Entscheider","og_description":"Gesch\u00e4ftsprozesse, Arbeit von Mitarbeitern, Interaktion mit Kunden, all dies hinterl\u00e4sst Datenspuren. Worauf sollten IT-Entscheider besonders Wert legen?","og_url":"https:\/\/www.organisator.ch\/fr\/gestion-2\/it\/2018-12-10\/trends-2019-fuenf-empfehlungen-fuer-it-entscheider\/","og_site_name":"Organisator","article_publisher":"https:\/\/www.facebook.com\/OrganisatorFachmagazin","article_published_time":"2018-12-10T15:10:32+00:00","og_image":[{"width":680,"height":431,"url":"https:\/\/www.organisator.ch\/wp-content\/uploads\/2018\/12\/Trends-2019-Fuenf-Empfehlungen-fuer-IT-Entscheider_Organisator.jpg","type":"image\/jpeg"}],"author":"thomas.berner","twitter_card":"summary_large_image","twitter_title":"Trends 2019: F\u00fcnf Empfehlungen f\u00fcr #IT-Entscheider","twitter_description":"Gesch\u00e4ftsprozesse, Arbeit von Mitarbeitern, Interaktion mit Kunden, all dies hinterl\u00e4sst Datenspuren. Worauf sollten #IT-Entscheider besonders Wert legen?","twitter_image":"https:\/\/www.organisator.ch\/wp-content\/uploads\/2018\/12\/Trends-2019-F\u00fcnf-Empfehlungen-f\u00fcr-IT-Entscheider_Organisator.jpg","schema":{"@context":"https:\/\/schema.org","@graph":[{"@type":"Article","@id":"https:\/\/www.organisator.ch\/management\/it\/2018-12-10\/trends-2019-fuenf-empfehlungen-fuer-it-entscheider\/#article","isPartOf":{"@id":"https:\/\/www.organisator.ch\/management\/it\/2018-12-10\/trends-2019-fuenf-empfehlungen-fuer-it-entscheider\/"},"author":{"name":"thomas.berner","@id":"https:\/\/www.organisator.ch\/#\/schema\/person\/6f650f90b2842cd4c0cc334b4e36f67e"},"headline":"Trends 2019: F\u00fcnf Empfehlungen f\u00fcr IT-Entscheider","datePublished":"2018-12-10T15:10:32+00:00","mainEntityOfPage":{"@id":"https:\/\/www.organisator.ch\/management\/it\/2018-12-10\/trends-2019-fuenf-empfehlungen-fuer-it-entscheider\/"},"wordCount":559,"commentCount":1,"publisher":{"@id":"https:\/\/www.organisator.ch\/#organization"},"image":{"@id":"https:\/\/www.organisator.ch\/management\/it\/2018-12-10\/trends-2019-fuenf-empfehlungen-fuer-it-entscheider\/#primaryimage"},"thumbnailUrl":"https:\/\/www.organisator.ch\/wp-content\/uploads\/2018\/12\/Trends-2019-Fuenf-Empfehlungen-fuer-IT-Entscheider_Organisator.jpg","keywords":["Digitalisierung","IT","Management und Unternehmensf\u00fchrung","Trends"],"articleSection":["IT"],"inLanguage":"fr-FR"},{"@type":"WebPage","@id":"https:\/\/www.organisator.ch\/management\/it\/2018-12-10\/trends-2019-fuenf-empfehlungen-fuer-it-entscheider\/","url":"https:\/\/www.organisator.ch\/management\/it\/2018-12-10\/trends-2019-fuenf-empfehlungen-fuer-it-entscheider\/","name":"Tendances 2019 : cinq recommandations pour les d\u00e9cideurs informatiques - Organisateur","isPartOf":{"@id":"https:\/\/www.organisator.ch\/#website"},"primaryImageOfPage":{"@id":"https:\/\/www.organisator.ch\/management\/it\/2018-12-10\/trends-2019-fuenf-empfehlungen-fuer-it-entscheider\/#primaryimage"},"image":{"@id":"https:\/\/www.organisator.ch\/management\/it\/2018-12-10\/trends-2019-fuenf-empfehlungen-fuer-it-entscheider\/#primaryimage"},"thumbnailUrl":"https:\/\/www.organisator.ch\/wp-content\/uploads\/2018\/12\/Trends-2019-Fuenf-Empfehlungen-fuer-IT-Entscheider_Organisator.jpg","datePublished":"2018-12-10T15:10:32+00:00","description":"Les processus commerciaux, le travail des collaborateurs, l'interaction avec les clients, tout cela laisse des traces de donn\u00e9es. \u00c0 quoi les d\u00e9cideurs informatiques doivent-ils accorder une attention particuli\u00e8re ?","breadcrumb":{"@id":"https:\/\/www.organisator.ch\/management\/it\/2018-12-10\/trends-2019-fuenf-empfehlungen-fuer-it-entscheider\/#breadcrumb"},"inLanguage":"fr-FR","potentialAction":[{"@type":"ReadAction","target":["https:\/\/www.organisator.ch\/management\/it\/2018-12-10\/trends-2019-fuenf-empfehlungen-fuer-it-entscheider\/"]}]},{"@type":"ImageObject","inLanguage":"fr-FR","@id":"https:\/\/www.organisator.ch\/management\/it\/2018-12-10\/trends-2019-fuenf-empfehlungen-fuer-it-entscheider\/#primaryimage","url":"https:\/\/www.organisator.ch\/wp-content\/uploads\/2018\/12\/Trends-2019-Fuenf-Empfehlungen-fuer-IT-Entscheider_Organisator.jpg","contentUrl":"https:\/\/www.organisator.ch\/wp-content\/uploads\/2018\/12\/Trends-2019-Fuenf-Empfehlungen-fuer-IT-Entscheider_Organisator.jpg","width":680,"height":431,"caption":"Das Datenmanagement wird 2019 die IT-Entscheider stark besch\u00e4ftigen. (Bild: Fotolia.com)"},{"@type":"BreadcrumbList","@id":"https:\/\/www.organisator.ch\/management\/it\/2018-12-10\/trends-2019-fuenf-empfehlungen-fuer-it-entscheider\/#breadcrumb","itemListElement":[{"@type":"ListItem","position":1,"name":"Home","item":"https:\/\/www.organisator.ch\/"},{"@type":"ListItem","position":2,"name":"Trends 2019: F\u00fcnf Empfehlungen f\u00fcr IT-Entscheider"}]},{"@type":"WebSite","@id":"https:\/\/www.organisator.ch\/#website","url":"https:\/\/www.organisator.ch\/","name":"Organisateur","description":"Comp\u00e9tence et comp\u00e9tence. Proches de la pratique. L'ORGANISATEUR pr\u00e9pare 10 num\u00e9ros par an sur les th\u00e8mes essentiels pour les dirigeants de PME.","publisher":{"@id":"https:\/\/www.organisator.ch\/#organization"},"potentialAction":[{"@type":"SearchAction","target":{"@type":"EntryPoint","urlTemplate":"https:\/\/www.organisator.ch\/?s={search_term_string}"},"query-input":{"@type":"PropertyValueSpecification","valueRequired":true,"valueName":"search_term_string"}}],"inLanguage":"fr-FR"},{"@type":"Organization","@id":"https:\/\/www.organisator.ch\/#organization","name":"Organisateur","url":"https:\/\/www.organisator.ch\/","logo":{"@type":"ImageObject","inLanguage":"fr-FR","@id":"https:\/\/www.organisator.ch\/#\/schema\/logo\/image\/","url":"https:\/\/www.organisator.ch\/wp-content\/uploads\/2022\/01\/Logo_Organisator_Website.png","contentUrl":"https:\/\/www.organisator.ch\/wp-content\/uploads\/2022\/01\/Logo_Organisator_Website.png","width":800,"height":77,"caption":"Organisator"},"image":{"@id":"https:\/\/www.organisator.ch\/#\/schema\/logo\/image\/"},"sameAs":["https:\/\/www.facebook.com\/OrganisatorFachmagazin","https:\/\/www.linkedin.com\/showcase\/organisator-das-magazin-fr-kmu","https:\/\/www.xing.com\/news\/pages\/organisator-ch-695","https:\/\/www.youtube.com\/channel\/UCGP2Sq0iWaZwT3BdIAQFYpw"]},{"@type":"Person","@id":"https:\/\/www.organisator.ch\/#\/schema\/person\/6f650f90b2842cd4c0cc334b4e36f67e","name":"thomas.berner","image":{"@type":"ImageObject","inLanguage":"fr-FR","@id":"https:\/\/secure.gravatar.com\/avatar\/ac5001d2a36cb6c6cd3e50789007ffca834b477b74a2144564522e944eabff61?s=96&d=mm&r=g","url":"https:\/\/secure.gravatar.com\/avatar\/ac5001d2a36cb6c6cd3e50789007ffca834b477b74a2144564522e944eabff61?s=96&d=mm&r=g","contentUrl":"https:\/\/secure.gravatar.com\/avatar\/ac5001d2a36cb6c6cd3e50789007ffca834b477b74a2144564522e944eabff61?s=96&d=mm&r=g","caption":"thomas.berner"},"url":"https:\/\/www.organisator.ch\/fr\/author\/thomas-berner\/"}]}},"_links":{"self":[{"href":"https:\/\/www.organisator.ch\/fr\/wp-json\/wp\/v2\/posts\/4645","targetHints":{"allow":["GET"]}}],"collection":[{"href":"https:\/\/www.organisator.ch\/fr\/wp-json\/wp\/v2\/posts"}],"about":[{"href":"https:\/\/www.organisator.ch\/fr\/wp-json\/wp\/v2\/types\/post"}],"author":[{"embeddable":true,"href":"https:\/\/www.organisator.ch\/fr\/wp-json\/wp\/v2\/users\/4"}],"replies":[{"embeddable":true,"href":"https:\/\/www.organisator.ch\/fr\/wp-json\/wp\/v2\/comments?post=4645"}],"version-history":[{"count":0,"href":"https:\/\/www.organisator.ch\/fr\/wp-json\/wp\/v2\/posts\/4645\/revisions"}],"wp:featuredmedia":[{"embeddable":true,"href":"https:\/\/www.organisator.ch\/fr\/wp-json\/wp\/v2\/media\/4646"}],"wp:attachment":[{"href":"https:\/\/www.organisator.ch\/fr\/wp-json\/wp\/v2\/media?parent=4645"}],"wp:term":[{"taxonomy":"category","embeddable":true,"href":"https:\/\/www.organisator.ch\/fr\/wp-json\/wp\/v2\/categories?post=4645"},{"taxonomy":"post_tag","embeddable":true,"href":"https:\/\/www.organisator.ch\/fr\/wp-json\/wp\/v2\/tags?post=4645"}],"curies":[{"name":"wp","href":"https:\/\/api.w.org\/{rel}","templated":true}]}}