{"id":4656,"date":"2018-12-11T15:01:04","date_gmt":"2018-12-11T14:01:04","guid":{"rendered":"https:\/\/www.organisator.ch\/?p=4656"},"modified":"2018-12-11T15:01:04","modified_gmt":"2018-12-11T14:01:04","slug":"arbeitskraeftemangel-aeltere-arbeitskraefte-sind-hochmotiviert","status":"publish","type":"post","link":"https:\/\/www.organisator.ch\/fr\/management\/2018-12-11\/arbeitskraeftemangel-aeltere-arbeitskraefte-sind-hochmotiviert\/","title":{"rendered":"P\u00e9nurie de main-d'\u0153uvre : les travailleurs \u00e2g\u00e9s sont tr\u00e8s motiv\u00e9s..."},"content":{"rendered":"<figure id=\"attachment_4657\" aria-describedby=\"caption-attachment-4657\" style=\"width: 680px\" class=\"wp-caption alignnone\"><img loading=\"lazy\" decoding=\"async\" class=\"size-medium wp-image-4657\" src=\"https:\/\/www.organisator.ch\/wp-content\/uploads\/2018\/12\/Arbeitskraeftemangel-Aeltere-Arbeitskraefte-sind-hochmotiviert-1_Organisator.jpg\" alt=\"\" width=\"680\" height=\"452\" srcset=\"https:\/\/www.organisator.ch\/wp-content\/uploads\/2018\/12\/Arbeitskraeftemangel-Aeltere-Arbeitskraefte-sind-hochmotiviert-1_Organisator.jpg 680w, https:\/\/www.organisator.ch\/wp-content\/uploads\/2018\/12\/Arbeitskraeftemangel-Aeltere-Arbeitskraefte-sind-hochmotiviert-1_Organisator-16x12.jpg 16w, https:\/\/www.organisator.ch\/wp-content\/uploads\/2018\/12\/Arbeitskraeftemangel-Aeltere-Arbeitskraefte-sind-hochmotiviert-1_Organisator-263x175.jpg 263w, https:\/\/www.organisator.ch\/wp-content\/uploads\/2018\/12\/Arbeitskraeftemangel-Aeltere-Arbeitskraefte-sind-hochmotiviert-1_Organisator-527x350.jpg 527w, https:\/\/www.organisator.ch\/wp-content\/uploads\/2018\/12\/Arbeitskraeftemangel-Aeltere-Arbeitskraefte-sind-hochmotiviert-1_Organisator-300x199.jpg 300w\" sizes=\"auto, (max-width: 680px) 100vw, 680px\" \/><figcaption id=\"caption-attachment-4657\" class=\"wp-caption-text\">La g\u00e9n\u00e9ration 50+ ne fait pas seulement preuve de vitalit\u00e9 en mati\u00e8re de loisirs : en tant que travailleurs \u00e2g\u00e9s, ils sont \u00e9galement tr\u00e8s motiv\u00e9s. L'\u00e9conomie devrait mieux exploiter ce potentiel. (Image : Fotolia.com)<\/figcaption><\/figure>\n<p>Un faible taux de ch\u00f4mage, des salaires \u00e9lev\u00e9s et une main-d'\u0153uvre qualifi\u00e9e : le march\u00e9 du travail suisse se porte bien. Toutefois, il reste encore quelques \u00e9preuves \u00e0 surmonter. La num\u00e9risation exigera davantage de comp\u00e9tences diff\u00e9rentes et nouvelles de la part d'une grande majorit\u00e9 des actifs. La demande de travailleurs disposant de comp\u00e9tences marqu\u00e9es dans le domaine de la cr\u00e9ativit\u00e9, de l'intelligence sociale et de l'utilisation des technologies num\u00e9riques augmente. Aujourd'hui d\u00e9j\u00e0, certains secteurs comme les TIC ou la sant\u00e9 ont des difficult\u00e9s \u00e0 trouver du personnel. En outre, le vieillissement de la population active rendra in\u00e9vitable une meilleure exploitation des potentiels de main-d'\u0153uvre jusqu'ici inexploit\u00e9s. \"En 2016, pour la premi\u00e8re fois en Suisse, le nombre de travailleurs nationaux quittant le march\u00e9 du travail a \u00e9t\u00e9 sup\u00e9rieur \u00e0 celui des personnes arrivant sur le march\u00e9 du travail. Si cela continue, nous aurons une p\u00e9nurie d'environ un demi-million de travailleurs d'ici 2030. Les entreprises doivent commencer \u00e0 r\u00e9fl\u00e9chir non seulement \u00e0 la mani\u00e8re de trouver les travailleurs correctement form\u00e9s, mais aussi \u00e0 la mani\u00e8re de trouver suffisamment de travailleurs \u00e0 l'avenir. Une strat\u00e9gie centrale consiste \u00e0 mieux exploiter les pools de main-d'\u0153uvre existants, mais sous-utilis\u00e9s. Il y a beaucoup de potentiel chez les femmes, les travailleurs \u00e2g\u00e9s et les employ\u00e9s \u00e0 temps partiel\", explique Myriam Denk, directrice de Future of Work chez Deloitte Suisse.<\/p>\n<h2>Les travailleurs \u00e2g\u00e9s, les femmes et les travailleurs \u00e0 temps partiel<\/h2>\n<p>Diff\u00e9rentes options pour faire face \u00e0 la menace de p\u00e9nurie de main-d'\u0153uvre ont d\u00e9j\u00e0 \u00e9t\u00e9 d\u00e9battues : L'allongement du temps de travail ne semble pas \u00eatre une solution appropri\u00e9e et le rel\u00e8vement de l'\u00e2ge de la retraite semble impossible \u00e0 court terme. Une augmentation de l'immigration de main-d'\u0153uvre qualifi\u00e9e ne semble pas non plus susceptible de r\u00e9unir une majorit\u00e9 politique \u00e0 l'heure actuelle. L'automatisation croissante d\u00e9clenchera certes un changement structurel sur le march\u00e9 du travail. Il est toutefois peu probable que l'automatisation puisse compenser enti\u00e8rement les effets du changement d\u00e9mographique.<\/p>\n<p>Alors, comment pouvons-nous faire face \u00e0 la future p\u00e9nurie de main-d'\u0153uvre ? \"Nous voyons un \u00e9norme potentiel dans le r\u00e9servoir de main-d'\u0153uvre existant mais sous-utilis\u00e9. Celui-ci se trouve principalement dans la 'r\u00e9serve silencieuse' et parmi les actifs qui travaillent \u00e0 temps partiel et pourraient augmenter leur taux d'occupation. Les femmes et les travailleurs \u00e2g\u00e9s de 55 ans et plus en constituent une grande partie\", explique Michael Grampp, \u00e9conomiste en chef chez Deloitte Suisse et auteur de la nouvelle \u00e9tude. <a href=\"https:\/\/www2.deloitte.com\/ch\/de\/pages\/innovation\/articles\/voice-of-workforce-switzerland.html\">Etude Deloitte \"Motiv\u00e9s, optimistes et oublieux de leur devoir\".<\/a>. \"Beaucoup sont d\u00e9j\u00e0 \u00e0 la retraite (anticip\u00e9e), de sorte qu'ils ne sont pas activement \u00e0 la recherche d'un emploi - mais ils pourraient tout \u00e0 fait envisager de travailler. Toutefois, pour maintenir l'employabilit\u00e9 des travailleurs \u00e2g\u00e9s \u00e0 un niveau \u00e9lev\u00e9, il est essentiel qu'ils soient flexibles en termes d'attentes salariales et d'horaires de travail\".<\/p>\n<h2>Les entreprises doivent repenser la question de l'\u00e2ge<\/h2>\n<p>Selon l'enqu\u00eate Deloitte, 27% des plus de 50 ans en Suisse souhaitent continuer \u00e0 travailler au-del\u00e0 de l'\u00e2ge de la retraite - les travailleurs hautement qualifi\u00e9s \u00e9tant fortement surrepr\u00e9sent\u00e9s. En outre, 85% des plus de 55 ans d\u00e9clarent \u00eatre motiv\u00e9s au travail, 89% aiment leur travail et 81% pensent que leur travail est valoris\u00e9 - des chiffres nettement plus \u00e9lev\u00e9s que pour tous les autres groupes d'\u00e2ge.<\/p>\n<p><img loading=\"lazy\" decoding=\"async\" class=\"alignnone size-medium wp-image-4658\" src=\"https:\/\/www.organisator.ch\/wp-content\/uploads\/2018\/12\/Arbeitskraeftemangel-Aeltere-Arbeitskraefte-sind-hochmotiviert-2_Organisator.jpg\" alt=\"\" width=\"680\" height=\"185\" srcset=\"https:\/\/www.organisator.ch\/wp-content\/uploads\/2018\/12\/Arbeitskraeftemangel-Aeltere-Arbeitskraefte-sind-hochmotiviert-2_Organisator.jpg 680w, https:\/\/www.organisator.ch\/wp-content\/uploads\/2018\/12\/Arbeitskraeftemangel-Aeltere-Arbeitskraefte-sind-hochmotiviert-2_Organisator-16x4.jpg 16w, https:\/\/www.organisator.ch\/wp-content\/uploads\/2018\/12\/Arbeitskraeftemangel-Aeltere-Arbeitskraefte-sind-hochmotiviert-2_Organisator-375x102.jpg 375w, https:\/\/www.organisator.ch\/wp-content\/uploads\/2018\/12\/Arbeitskraeftemangel-Aeltere-Arbeitskraefte-sind-hochmotiviert-2_Organisator-300x82.jpg 300w\" sizes=\"auto, (max-width: 680px) 100vw, 680px\" \/><\/p>\n<p>\"Plus assez qualifi\u00e9s, pas assez motiv\u00e9s, pas assez flexibles - les pr\u00e9jug\u00e9s de nombreux employeurs \u00e0 l'\u00e9gard des travailleurs \u00e2g\u00e9s sont infond\u00e9s. Les entreprises doivent absolument repenser leur attitude vis-\u00e0-vis de ce groupe d\u00e9mographique. Celles qui continuent \u00e0 percevoir les actifs \u00e2g\u00e9s comme un d\u00e9savantage et qui se focalisent exclusivement sur les plus jeunes lors du recrutement commettent une erreur strat\u00e9gique\", analyse Myriam Denk.<\/p>\n<p>Pour de nombreuses entreprises suisses, les travailleurs \u00e2g\u00e9s ne sont actuellement pas consid\u00e9r\u00e9s comme une ressource pr\u00e9cieuse. Selon les <a href=\"https:\/\/www2.deloitte.com\/ch\/de\/pages\/human-capital\/articles\/swiss-human-capital-trends.html\">Tendances du capital humain 2018 de Deloitte<\/a> un tiers des entreprises suisses consid\u00e8rent les travailleurs \u00e2g\u00e9s comme un d\u00e9savantage concurrentiel. Ce chiffre est nettement sup\u00e9rieur \u00e0 la moyenne internationale de 20%. De plus, selon la <a href=\"https:\/\/www2.deloitte.com\/ch\/de\/pages\/finance\/articles\/cfo-survey.html\">enqu\u00eate r\u00e9cente de Deloitte sur les directeurs financiers<\/a> Seules 20% des entreprises suisses recourent au recrutement conscient de travailleurs \u00e2g\u00e9s et d'autres groupes alternatifs pour pallier la p\u00e9nurie de main-d'\u0153uvre qualifi\u00e9e.<\/p>\n<h2>Des mod\u00e8les de carri\u00e8re plus flexibles sont n\u00e9cessaires<\/h2>\n<p>Sur les 27% des plus de 50 ans en Suisse qui souhaitent continuer \u00e0 travailler au-del\u00e0 de l'\u00e2ge de la retraite, 51% veulent travailler comme avant, tandis que 35% veulent seulement r\u00e9duire leur temps de travail. S'ils avaient le libre choix, 27% des plus de 55 ans pr\u00e9f\u00e9reraient un emploi \u00e0 temps partiel, 15% le freelancing, 10% le travail ind\u00e9pendant et 18% une carri\u00e8re de portefeuille, c'est-\u00e0-dire une r\u00e9partition du temps de travail entre diff\u00e9rentes activit\u00e9s et\/ou projets. Il est donc d\u00e9cisif pour les entreprises de r\u00e9am\u00e9nager les mod\u00e8les de travail traditionnels afin de devenir plus attrayantes pour d'autres groupes de travail. \"Les entreprises doivent proposer davantage de mod\u00e8les de carri\u00e8re qui permettent aux collaborateurs de travailler plus longtemps et de mani\u00e8re plus flexible. Elles doivent \u00e9galement adapter leur strat\u00e9gie en mati\u00e8re de ressources humaines afin de permettre une vie professionnelle plus longue et de r\u00e9duire les pr\u00e9jug\u00e9s inconscients lors du processus de recrutement\", conclut Myriam Denk.<\/p>\n<p>Parmi les mod\u00e8les de carri\u00e8re alternatifs pour les plus de 55 ans, on trouve les \"carri\u00e8res en arc\" - dans lesquelles la charge de travail, les responsabilit\u00e9s et la r\u00e9mun\u00e9ration sont progressivement r\u00e9duites -, le partage de poste avec des successeurs plus jeunes pour le transfert de connaissances ou les r\u00f4les de coach ou de mentor. Il serait \u00e9galement envisageable de constituer un pool de travailleurs retrait\u00e9s int\u00e9ress\u00e9s afin de faire revenir leur savoir-faire dans l'entreprise en fonction des besoins (\"gig basis\").<\/p>\n<p><em>Source : <a href=\"http:\/\/www.deloitte.ch\">Deloitte<\/a><\/em><\/p>","protected":false},"excerpt":{"rendered":"<p>Tiefe Arbeitslosigkeit, hohe L\u00f6hne und qualifizierte Arbeitskr\u00e4fte: Der Schweizer Arbeitsmarkt ist in guter Verfassung. Allerdings stehen noch einige Bew\u00e4hrungsproben an. Die Digitalisierung wird von einer grossen Mehrheit der Erwerbst\u00e4tigen verst\u00e4rkt andere und neue Kompetenzen erfordern. Die Nachfrage nach Besch\u00e4ftigten mit ausgepr\u00e4gten Kompetenzen im Bereich Kreativit\u00e4t, sozialer Intelligenz sowie im Umgang mit digitalen Technologien steigt. Schon [&hellip;]<\/p>\n","protected":false},"author":4,"featured_media":4657,"comment_status":"open","ping_status":"open","sticky":false,"template":"","format":"standard","meta":{"_acf_changed":false,"_yoast_wpseo_focuskw":"\u00e4ltere Arbeitskr\u00e4fte","_yoast_wpseo_metadesc":"Viele Unternehmen sehen \u00e4ltere Arbeitskr\u00e4fte als Wettbewerbsnachteil. Eine neue Studie zeigt aber, dass sie qualifizierter, motivierter und flexibler sind.","articlekey":"","footnotes":""},"categories":[28],"tags":[31,254,294,407,459],"class_list":["post-4656","post","type-post","status-publish","format-standard","has-post-thumbnail","hentry","category-management","tag-31","tag-hrm","tag-karriere","tag-recruiting","tag-studie"],"acf":[],"yoast_head":"<!-- This site is optimized with the Yoast SEO plugin v27.4 - https:\/\/yoast.com\/product\/yoast-seo-wordpress\/ -->\n<title>Arbeitskr\u00e4ftemangel: \u00c4ltere Arbeitskr\u00e4fte sind hochmotiviert... - Organisator<\/title>\n<meta name=\"description\" content=\"Viele Unternehmen sehen \u00e4ltere Arbeitskr\u00e4fte als Wettbewerbsnachteil. Eine neue Studie zeigt aber, dass sie qualifizierter, motivierter und flexibler sind.\" \/>\n<meta name=\"robots\" content=\"index, follow, max-snippet:-1, max-image-preview:large, max-video-preview:-1\" \/>\n<link rel=\"canonical\" href=\"https:\/\/www.organisator.ch\/fr\/gestion-2\/2018-12-11\/arbeitskraeftemangel-aeltere-arbeitskraefte-sind-hochmotiviert\/\" \/>\n<meta property=\"og:locale\" content=\"fr_FR\" \/>\n<meta property=\"og:type\" content=\"article\" \/>\n<meta property=\"og:title\" content=\"Arbeitskr\u00e4ftemangel: \u00c4ltere Arbeitskr\u00e4fte sind hochmotiviert...\" \/>\n<meta property=\"og:description\" content=\"Viele Unternehmen sehen \u00e4ltere Arbeitskr\u00e4fte als Wettbewerbsnachteil. Eine neue Studie zeigt aber, dass sie qualifizierter, motivierter und flexibler sind.\" \/>\n<meta property=\"og:url\" content=\"https:\/\/www.organisator.ch\/fr\/gestion-2\/2018-12-11\/arbeitskraeftemangel-aeltere-arbeitskraefte-sind-hochmotiviert\/\" \/>\n<meta property=\"og:site_name\" content=\"Organisator\" \/>\n<meta property=\"article:publisher\" content=\"https:\/\/www.facebook.com\/OrganisatorFachmagazin\" \/>\n<meta property=\"article:published_time\" content=\"2018-12-11T14:01:04+00:00\" \/>\n<meta property=\"og:image\" content=\"https:\/\/www.organisator.ch\/wp-content\/uploads\/2018\/12\/Arbeitskraeftemangel-Aeltere-Arbeitskraefte-sind-hochmotiviert-1_Organisator.jpg\" \/>\n\t<meta property=\"og:image:width\" content=\"680\" \/>\n\t<meta property=\"og:image:height\" content=\"452\" \/>\n\t<meta property=\"og:image:type\" content=\"image\/jpeg\" \/>\n<meta name=\"author\" content=\"thomas.berner\" \/>\n<meta name=\"twitter:card\" content=\"summary_large_image\" \/>\n<meta name=\"twitter:title\" content=\"#Arbeitskr\u00e4ftemangel: \u00c4ltere Arbeitskr\u00e4fte sind hochmotiviert...\" \/>\n<meta name=\"twitter:description\" content=\"Viele Unternehmen sehen \u00e4ltere #Arbeitskr\u00e4fte als Wettbewerbsnachteil. Eine neue Studie zeigt aber, dass sie qualifizierter, motivierter und flexibler sind.\" \/>\n<meta name=\"twitter:image\" content=\"https:\/\/www.organisator.ch\/wp-content\/uploads\/2018\/12\/Arbeitskr\u00e4ftemangel-\u00c4ltere-Arbeitskr\u00e4fte-sind-hochmotiviert-1_Organisator.jpg\" \/>\n<script type=\"application\/ld+json\" class=\"yoast-schema-graph\">{\"@context\":\"https:\\\/\\\/schema.org\",\"@graph\":[{\"@type\":\"Article\",\"@id\":\"https:\\\/\\\/www.organisator.ch\\\/management\\\/2018-12-11\\\/arbeitskraeftemangel-aeltere-arbeitskraefte-sind-hochmotiviert\\\/#article\",\"isPartOf\":{\"@id\":\"https:\\\/\\\/www.organisator.ch\\\/management\\\/2018-12-11\\\/arbeitskraeftemangel-aeltere-arbeitskraefte-sind-hochmotiviert\\\/\"},\"author\":{\"name\":\"thomas.berner\",\"@id\":\"https:\\\/\\\/www.organisator.ch\\\/#\\\/schema\\\/person\\\/6f650f90b2842cd4c0cc334b4e36f67e\"},\"headline\":\"Arbeitskr\u00e4ftemangel: \u00c4ltere Arbeitskr\u00e4fte sind hochmotiviert&#8230;\",\"datePublished\":\"2018-12-11T14:01:04+00:00\",\"mainEntityOfPage\":{\"@id\":\"https:\\\/\\\/www.organisator.ch\\\/management\\\/2018-12-11\\\/arbeitskraeftemangel-aeltere-arbeitskraefte-sind-hochmotiviert\\\/\"},\"wordCount\":830,\"commentCount\":2,\"publisher\":{\"@id\":\"https:\\\/\\\/www.organisator.ch\\\/#organization\"},\"image\":{\"@id\":\"https:\\\/\\\/www.organisator.ch\\\/management\\\/2018-12-11\\\/arbeitskraeftemangel-aeltere-arbeitskraefte-sind-hochmotiviert\\\/#primaryimage\"},\"thumbnailUrl\":\"https:\\\/\\\/www.organisator.ch\\\/wp-content\\\/uploads\\\/2018\\\/12\\\/Arbeitskraeftemangel-Aeltere-Arbeitskraefte-sind-hochmotiviert-1_Organisator.jpg\",\"keywords\":[\"50+\",\"HRM\",\"Karriere\",\"Recruiting\",\"Studie\"],\"articleSection\":[\"MANAGEMENT\"],\"inLanguage\":\"fr-FR\"},{\"@type\":\"WebPage\",\"@id\":\"https:\\\/\\\/www.organisator.ch\\\/management\\\/2018-12-11\\\/arbeitskraeftemangel-aeltere-arbeitskraefte-sind-hochmotiviert\\\/\",\"url\":\"https:\\\/\\\/www.organisator.ch\\\/management\\\/2018-12-11\\\/arbeitskraeftemangel-aeltere-arbeitskraefte-sind-hochmotiviert\\\/\",\"name\":\"Arbeitskr\u00e4ftemangel: \u00c4ltere Arbeitskr\u00e4fte sind hochmotiviert... - Organisator\",\"isPartOf\":{\"@id\":\"https:\\\/\\\/www.organisator.ch\\\/#website\"},\"primaryImageOfPage\":{\"@id\":\"https:\\\/\\\/www.organisator.ch\\\/management\\\/2018-12-11\\\/arbeitskraeftemangel-aeltere-arbeitskraefte-sind-hochmotiviert\\\/#primaryimage\"},\"image\":{\"@id\":\"https:\\\/\\\/www.organisator.ch\\\/management\\\/2018-12-11\\\/arbeitskraeftemangel-aeltere-arbeitskraefte-sind-hochmotiviert\\\/#primaryimage\"},\"thumbnailUrl\":\"https:\\\/\\\/www.organisator.ch\\\/wp-content\\\/uploads\\\/2018\\\/12\\\/Arbeitskraeftemangel-Aeltere-Arbeitskraefte-sind-hochmotiviert-1_Organisator.jpg\",\"datePublished\":\"2018-12-11T14:01:04+00:00\",\"description\":\"Viele Unternehmen sehen \u00e4ltere Arbeitskr\u00e4fte als Wettbewerbsnachteil. Eine neue Studie zeigt aber, dass sie qualifizierter, motivierter und flexibler sind.\",\"breadcrumb\":{\"@id\":\"https:\\\/\\\/www.organisator.ch\\\/management\\\/2018-12-11\\\/arbeitskraeftemangel-aeltere-arbeitskraefte-sind-hochmotiviert\\\/#breadcrumb\"},\"inLanguage\":\"fr-FR\",\"potentialAction\":[{\"@type\":\"ReadAction\",\"target\":[\"https:\\\/\\\/www.organisator.ch\\\/management\\\/2018-12-11\\\/arbeitskraeftemangel-aeltere-arbeitskraefte-sind-hochmotiviert\\\/\"]}]},{\"@type\":\"ImageObject\",\"inLanguage\":\"fr-FR\",\"@id\":\"https:\\\/\\\/www.organisator.ch\\\/management\\\/2018-12-11\\\/arbeitskraeftemangel-aeltere-arbeitskraefte-sind-hochmotiviert\\\/#primaryimage\",\"url\":\"https:\\\/\\\/www.organisator.ch\\\/wp-content\\\/uploads\\\/2018\\\/12\\\/Arbeitskraeftemangel-Aeltere-Arbeitskraefte-sind-hochmotiviert-1_Organisator.jpg\",\"contentUrl\":\"https:\\\/\\\/www.organisator.ch\\\/wp-content\\\/uploads\\\/2018\\\/12\\\/Arbeitskraeftemangel-Aeltere-Arbeitskraefte-sind-hochmotiviert-1_Organisator.jpg\",\"width\":680,\"height\":452,\"caption\":\"Die Generation 50+ zeigt sich nicht nur in Sachen Freizeit vital: auch als \u00e4ltere Arbeitskr\u00e4fte sind sie hoch motiviert. Die Wirtschaft sollte dieses Potenzial besser aussch\u00f6pfen. (Bild: Fotolia.com)\"},{\"@type\":\"BreadcrumbList\",\"@id\":\"https:\\\/\\\/www.organisator.ch\\\/management\\\/2018-12-11\\\/arbeitskraeftemangel-aeltere-arbeitskraefte-sind-hochmotiviert\\\/#breadcrumb\",\"itemListElement\":[{\"@type\":\"ListItem\",\"position\":1,\"name\":\"Home\",\"item\":\"https:\\\/\\\/www.organisator.ch\\\/\"},{\"@type\":\"ListItem\",\"position\":2,\"name\":\"Arbeitskr\u00e4ftemangel: \u00c4ltere Arbeitskr\u00e4fte sind hochmotiviert&#8230;\"}]},{\"@type\":\"WebSite\",\"@id\":\"https:\\\/\\\/www.organisator.ch\\\/#website\",\"url\":\"https:\\\/\\\/www.organisator.ch\\\/\",\"name\":\"Organisator\",\"description\":\"Kompetent. Praxisnah. Der ORGANISATOR bereitet in 10 Ausgaben pro Jahr die wesentlichen Themen f\u00fcr F\u00fchrungskr\u00e4fte von KMU auf.\",\"publisher\":{\"@id\":\"https:\\\/\\\/www.organisator.ch\\\/#organization\"},\"potentialAction\":[{\"@type\":\"SearchAction\",\"target\":{\"@type\":\"EntryPoint\",\"urlTemplate\":\"https:\\\/\\\/www.organisator.ch\\\/?s={search_term_string}\"},\"query-input\":{\"@type\":\"PropertyValueSpecification\",\"valueRequired\":true,\"valueName\":\"search_term_string\"}}],\"inLanguage\":\"fr-FR\"},{\"@type\":\"Organization\",\"@id\":\"https:\\\/\\\/www.organisator.ch\\\/#organization\",\"name\":\"Organisator\",\"url\":\"https:\\\/\\\/www.organisator.ch\\\/\",\"logo\":{\"@type\":\"ImageObject\",\"inLanguage\":\"fr-FR\",\"@id\":\"https:\\\/\\\/www.organisator.ch\\\/#\\\/schema\\\/logo\\\/image\\\/\",\"url\":\"https:\\\/\\\/www.organisator.ch\\\/wp-content\\\/uploads\\\/2022\\\/01\\\/Logo_Organisator_Website.png\",\"contentUrl\":\"https:\\\/\\\/www.organisator.ch\\\/wp-content\\\/uploads\\\/2022\\\/01\\\/Logo_Organisator_Website.png\",\"width\":800,\"height\":77,\"caption\":\"Organisator\"},\"image\":{\"@id\":\"https:\\\/\\\/www.organisator.ch\\\/#\\\/schema\\\/logo\\\/image\\\/\"},\"sameAs\":[\"https:\\\/\\\/www.facebook.com\\\/OrganisatorFachmagazin\",\"https:\\\/\\\/www.linkedin.com\\\/showcase\\\/organisator-das-magazin-fr-kmu\",\"https:\\\/\\\/www.xing.com\\\/news\\\/pages\\\/organisator-ch-695\",\"https:\\\/\\\/www.youtube.com\\\/channel\\\/UCGP2Sq0iWaZwT3BdIAQFYpw\"]},{\"@type\":\"Person\",\"@id\":\"https:\\\/\\\/www.organisator.ch\\\/#\\\/schema\\\/person\\\/6f650f90b2842cd4c0cc334b4e36f67e\",\"name\":\"thomas.berner\",\"image\":{\"@type\":\"ImageObject\",\"inLanguage\":\"fr-FR\",\"@id\":\"https:\\\/\\\/secure.gravatar.com\\\/avatar\\\/ac5001d2a36cb6c6cd3e50789007ffca834b477b74a2144564522e944eabff61?s=96&d=mm&r=g\",\"url\":\"https:\\\/\\\/secure.gravatar.com\\\/avatar\\\/ac5001d2a36cb6c6cd3e50789007ffca834b477b74a2144564522e944eabff61?s=96&d=mm&r=g\",\"contentUrl\":\"https:\\\/\\\/secure.gravatar.com\\\/avatar\\\/ac5001d2a36cb6c6cd3e50789007ffca834b477b74a2144564522e944eabff61?s=96&d=mm&r=g\",\"caption\":\"thomas.berner\"},\"url\":\"https:\\\/\\\/www.organisator.ch\\\/fr\\\/author\\\/thomas-berner\\\/\"}]}<\/script>\n<!-- \/ Yoast SEO plugin. -->","yoast_head_json":{"title":"P\u00e9nurie de main-d'\u0153uvre : les travailleurs \u00e2g\u00e9s sont tr\u00e8s motiv\u00e9s... - Organisateur","description":"De nombreuses entreprises consid\u00e8rent les travailleurs \u00e2g\u00e9s comme un d\u00e9savantage concurrentiel. Une nouvelle \u00e9tude montre pourtant qu'ils sont plus qualifi\u00e9s, plus motiv\u00e9s et plus flexibles.","robots":{"index":"index","follow":"follow","max-snippet":"max-snippet:-1","max-image-preview":"max-image-preview:large","max-video-preview":"max-video-preview:-1"},"canonical":"https:\/\/www.organisator.ch\/fr\/gestion-2\/2018-12-11\/arbeitskraeftemangel-aeltere-arbeitskraefte-sind-hochmotiviert\/","og_locale":"fr_FR","og_type":"article","og_title":"Arbeitskr\u00e4ftemangel: \u00c4ltere Arbeitskr\u00e4fte sind hochmotiviert...","og_description":"Viele Unternehmen sehen \u00e4ltere Arbeitskr\u00e4fte als Wettbewerbsnachteil. Eine neue Studie zeigt aber, dass sie qualifizierter, motivierter und flexibler sind.","og_url":"https:\/\/www.organisator.ch\/fr\/gestion-2\/2018-12-11\/arbeitskraeftemangel-aeltere-arbeitskraefte-sind-hochmotiviert\/","og_site_name":"Organisator","article_publisher":"https:\/\/www.facebook.com\/OrganisatorFachmagazin","article_published_time":"2018-12-11T14:01:04+00:00","og_image":[{"width":680,"height":452,"url":"https:\/\/www.organisator.ch\/wp-content\/uploads\/2018\/12\/Arbeitskraeftemangel-Aeltere-Arbeitskraefte-sind-hochmotiviert-1_Organisator.jpg","type":"image\/jpeg"}],"author":"thomas.berner","twitter_card":"summary_large_image","twitter_title":"#Arbeitskr\u00e4ftemangel: \u00c4ltere Arbeitskr\u00e4fte sind hochmotiviert...","twitter_description":"Viele Unternehmen sehen \u00e4ltere #Arbeitskr\u00e4fte als Wettbewerbsnachteil. Eine neue Studie zeigt aber, dass sie qualifizierter, motivierter und flexibler sind.","twitter_image":"https:\/\/www.organisator.ch\/wp-content\/uploads\/2018\/12\/Arbeitskr\u00e4ftemangel-\u00c4ltere-Arbeitskr\u00e4fte-sind-hochmotiviert-1_Organisator.jpg","schema":{"@context":"https:\/\/schema.org","@graph":[{"@type":"Article","@id":"https:\/\/www.organisator.ch\/management\/2018-12-11\/arbeitskraeftemangel-aeltere-arbeitskraefte-sind-hochmotiviert\/#article","isPartOf":{"@id":"https:\/\/www.organisator.ch\/management\/2018-12-11\/arbeitskraeftemangel-aeltere-arbeitskraefte-sind-hochmotiviert\/"},"author":{"name":"thomas.berner","@id":"https:\/\/www.organisator.ch\/#\/schema\/person\/6f650f90b2842cd4c0cc334b4e36f67e"},"headline":"Arbeitskr\u00e4ftemangel: \u00c4ltere Arbeitskr\u00e4fte sind hochmotiviert&#8230;","datePublished":"2018-12-11T14:01:04+00:00","mainEntityOfPage":{"@id":"https:\/\/www.organisator.ch\/management\/2018-12-11\/arbeitskraeftemangel-aeltere-arbeitskraefte-sind-hochmotiviert\/"},"wordCount":830,"commentCount":2,"publisher":{"@id":"https:\/\/www.organisator.ch\/#organization"},"image":{"@id":"https:\/\/www.organisator.ch\/management\/2018-12-11\/arbeitskraeftemangel-aeltere-arbeitskraefte-sind-hochmotiviert\/#primaryimage"},"thumbnailUrl":"https:\/\/www.organisator.ch\/wp-content\/uploads\/2018\/12\/Arbeitskraeftemangel-Aeltere-Arbeitskraefte-sind-hochmotiviert-1_Organisator.jpg","keywords":["50+","HRM","Karriere","Recruiting","Studie"],"articleSection":["MANAGEMENT"],"inLanguage":"fr-FR"},{"@type":"WebPage","@id":"https:\/\/www.organisator.ch\/management\/2018-12-11\/arbeitskraeftemangel-aeltere-arbeitskraefte-sind-hochmotiviert\/","url":"https:\/\/www.organisator.ch\/management\/2018-12-11\/arbeitskraeftemangel-aeltere-arbeitskraefte-sind-hochmotiviert\/","name":"P\u00e9nurie de main-d'\u0153uvre : les travailleurs \u00e2g\u00e9s sont tr\u00e8s motiv\u00e9s... - Organisateur","isPartOf":{"@id":"https:\/\/www.organisator.ch\/#website"},"primaryImageOfPage":{"@id":"https:\/\/www.organisator.ch\/management\/2018-12-11\/arbeitskraeftemangel-aeltere-arbeitskraefte-sind-hochmotiviert\/#primaryimage"},"image":{"@id":"https:\/\/www.organisator.ch\/management\/2018-12-11\/arbeitskraeftemangel-aeltere-arbeitskraefte-sind-hochmotiviert\/#primaryimage"},"thumbnailUrl":"https:\/\/www.organisator.ch\/wp-content\/uploads\/2018\/12\/Arbeitskraeftemangel-Aeltere-Arbeitskraefte-sind-hochmotiviert-1_Organisator.jpg","datePublished":"2018-12-11T14:01:04+00:00","description":"De nombreuses entreprises consid\u00e8rent les travailleurs \u00e2g\u00e9s comme un d\u00e9savantage concurrentiel. Une nouvelle \u00e9tude montre pourtant qu'ils sont plus qualifi\u00e9s, plus motiv\u00e9s et plus flexibles.","breadcrumb":{"@id":"https:\/\/www.organisator.ch\/management\/2018-12-11\/arbeitskraeftemangel-aeltere-arbeitskraefte-sind-hochmotiviert\/#breadcrumb"},"inLanguage":"fr-FR","potentialAction":[{"@type":"ReadAction","target":["https:\/\/www.organisator.ch\/management\/2018-12-11\/arbeitskraeftemangel-aeltere-arbeitskraefte-sind-hochmotiviert\/"]}]},{"@type":"ImageObject","inLanguage":"fr-FR","@id":"https:\/\/www.organisator.ch\/management\/2018-12-11\/arbeitskraeftemangel-aeltere-arbeitskraefte-sind-hochmotiviert\/#primaryimage","url":"https:\/\/www.organisator.ch\/wp-content\/uploads\/2018\/12\/Arbeitskraeftemangel-Aeltere-Arbeitskraefte-sind-hochmotiviert-1_Organisator.jpg","contentUrl":"https:\/\/www.organisator.ch\/wp-content\/uploads\/2018\/12\/Arbeitskraeftemangel-Aeltere-Arbeitskraefte-sind-hochmotiviert-1_Organisator.jpg","width":680,"height":452,"caption":"Die Generation 50+ zeigt sich nicht nur in Sachen Freizeit vital: auch als \u00e4ltere Arbeitskr\u00e4fte sind sie hoch motiviert. Die Wirtschaft sollte dieses Potenzial besser aussch\u00f6pfen. (Bild: Fotolia.com)"},{"@type":"BreadcrumbList","@id":"https:\/\/www.organisator.ch\/management\/2018-12-11\/arbeitskraeftemangel-aeltere-arbeitskraefte-sind-hochmotiviert\/#breadcrumb","itemListElement":[{"@type":"ListItem","position":1,"name":"Home","item":"https:\/\/www.organisator.ch\/"},{"@type":"ListItem","position":2,"name":"Arbeitskr\u00e4ftemangel: \u00c4ltere Arbeitskr\u00e4fte sind hochmotiviert&#8230;"}]},{"@type":"WebSite","@id":"https:\/\/www.organisator.ch\/#website","url":"https:\/\/www.organisator.ch\/","name":"Organisateur","description":"Comp\u00e9tence et comp\u00e9tence. Proches de la pratique. L'ORGANISATEUR pr\u00e9pare 10 num\u00e9ros par an sur les th\u00e8mes essentiels pour les dirigeants de PME.","publisher":{"@id":"https:\/\/www.organisator.ch\/#organization"},"potentialAction":[{"@type":"SearchAction","target":{"@type":"EntryPoint","urlTemplate":"https:\/\/www.organisator.ch\/?s={search_term_string}"},"query-input":{"@type":"PropertyValueSpecification","valueRequired":true,"valueName":"search_term_string"}}],"inLanguage":"fr-FR"},{"@type":"Organization","@id":"https:\/\/www.organisator.ch\/#organization","name":"Organisateur","url":"https:\/\/www.organisator.ch\/","logo":{"@type":"ImageObject","inLanguage":"fr-FR","@id":"https:\/\/www.organisator.ch\/#\/schema\/logo\/image\/","url":"https:\/\/www.organisator.ch\/wp-content\/uploads\/2022\/01\/Logo_Organisator_Website.png","contentUrl":"https:\/\/www.organisator.ch\/wp-content\/uploads\/2022\/01\/Logo_Organisator_Website.png","width":800,"height":77,"caption":"Organisator"},"image":{"@id":"https:\/\/www.organisator.ch\/#\/schema\/logo\/image\/"},"sameAs":["https:\/\/www.facebook.com\/OrganisatorFachmagazin","https:\/\/www.linkedin.com\/showcase\/organisator-das-magazin-fr-kmu","https:\/\/www.xing.com\/news\/pages\/organisator-ch-695","https:\/\/www.youtube.com\/channel\/UCGP2Sq0iWaZwT3BdIAQFYpw"]},{"@type":"Person","@id":"https:\/\/www.organisator.ch\/#\/schema\/person\/6f650f90b2842cd4c0cc334b4e36f67e","name":"thomas.berner","image":{"@type":"ImageObject","inLanguage":"fr-FR","@id":"https:\/\/secure.gravatar.com\/avatar\/ac5001d2a36cb6c6cd3e50789007ffca834b477b74a2144564522e944eabff61?s=96&d=mm&r=g","url":"https:\/\/secure.gravatar.com\/avatar\/ac5001d2a36cb6c6cd3e50789007ffca834b477b74a2144564522e944eabff61?s=96&d=mm&r=g","contentUrl":"https:\/\/secure.gravatar.com\/avatar\/ac5001d2a36cb6c6cd3e50789007ffca834b477b74a2144564522e944eabff61?s=96&d=mm&r=g","caption":"thomas.berner"},"url":"https:\/\/www.organisator.ch\/fr\/author\/thomas-berner\/"}]}},"_links":{"self":[{"href":"https:\/\/www.organisator.ch\/fr\/wp-json\/wp\/v2\/posts\/4656","targetHints":{"allow":["GET"]}}],"collection":[{"href":"https:\/\/www.organisator.ch\/fr\/wp-json\/wp\/v2\/posts"}],"about":[{"href":"https:\/\/www.organisator.ch\/fr\/wp-json\/wp\/v2\/types\/post"}],"author":[{"embeddable":true,"href":"https:\/\/www.organisator.ch\/fr\/wp-json\/wp\/v2\/users\/4"}],"replies":[{"embeddable":true,"href":"https:\/\/www.organisator.ch\/fr\/wp-json\/wp\/v2\/comments?post=4656"}],"version-history":[{"count":0,"href":"https:\/\/www.organisator.ch\/fr\/wp-json\/wp\/v2\/posts\/4656\/revisions"}],"wp:featuredmedia":[{"embeddable":true,"href":"https:\/\/www.organisator.ch\/fr\/wp-json\/wp\/v2\/media\/4657"}],"wp:attachment":[{"href":"https:\/\/www.organisator.ch\/fr\/wp-json\/wp\/v2\/media?parent=4656"}],"wp:term":[{"taxonomy":"category","embeddable":true,"href":"https:\/\/www.organisator.ch\/fr\/wp-json\/wp\/v2\/categories?post=4656"},{"taxonomy":"post_tag","embeddable":true,"href":"https:\/\/www.organisator.ch\/fr\/wp-json\/wp\/v2\/tags?post=4656"}],"curies":[{"name":"wp","href":"https:\/\/api.w.org\/{rel}","templated":true}]}}