{"id":46662,"date":"2026-03-26T14:45:14","date_gmt":"2026-03-26T13:45:14","guid":{"rendered":"https:\/\/www.organisator.ch\/de\/?p=46662"},"modified":"2026-03-26T14:45:14","modified_gmt":"2026-03-26T13:45:14","slug":"prix-svc-expandiert-ins-wallis","status":"publish","type":"post","link":"https:\/\/www.organisator.ch\/fr\/management\/2026-03-26\/prix-svc-expandiert-ins-wallis\/","title":{"rendered":"Le Prix SVC s'\u00e9tend au Valais"},"content":{"rendered":"<figure id=\"attachment_46660\" aria-describedby=\"caption-attachment-46660\" style=\"width: 548px\" class=\"wp-caption alignnone\"><img loading=\"lazy\" decoding=\"async\" class=\"size-full wp-image-46660\" src=\"https:\/\/www.organisator.ch\/wp-content\/uploads\/2026\/03\/SVC_Prix_Valais-Wallis_F_D.jpg\" alt=\"\" width=\"548\" height=\"439\" srcset=\"https:\/\/www.organisator.ch\/wp-content\/uploads\/2026\/03\/SVC_Prix_Valais-Wallis_F_D.jpg 548w, https:\/\/www.organisator.ch\/wp-content\/uploads\/2026\/03\/SVC_Prix_Valais-Wallis_F_D-15x12.jpg 15w, https:\/\/www.organisator.ch\/wp-content\/uploads\/2026\/03\/SVC_Prix_Valais-Wallis_F_D-375x300.jpg 375w, https:\/\/www.organisator.ch\/wp-content\/uploads\/2026\/03\/SVC_Prix_Valais-Wallis_F_D-437x350.jpg 437w\" sizes=\"auto, (max-width: 548px) 100vw, 548px\" \/><figcaption id=\"caption-attachment-46660\" class=\"wp-caption-text\">Le PRIX SVC VALAIS-WALLIS distingue des entreprises. Source : zvg<\/figcaption><\/figure>\n<p>Avec la cr\u00e9ation du Prix SVC Valais-Wallis, le SVC offre aux petites et moyennes entreprises du canton du Valais une plateforme attractive et valorisante pour rendre visibles leurs performances et leur esprit d'innovation. L'actuel Prix de l'Entreprise Valaisan, le \u00abPrix Sommet UBS\u00bb, sera int\u00e9gr\u00e9 au Prix SVC Valais-Wallis d\u00e8s 2027.<\/p>\n<h3>Engagement pour les PME suisses<\/h3>\n<p>Depuis 25 ans, le SVC s'engage en faveur de l'entrepreneuriat des PME en Suisse et depuis 2025, UBS est Presenting Partner du SVC. Les c\u00e9r\u00e9monies de remise des prix du SVC, qui refl\u00e8tent cet engagement, se sont impos\u00e9es comme des \u00e9v\u00e9nements phares au niveau national. \u00abPouvoir annoncer, en cette ann\u00e9e de jubil\u00e9, que les r\u00e9gions laur\u00e9ates du SVC s'enrichissent d'une dixi\u00e8me r\u00e9gion, le Valais, et pouvoir ainsi r\u00e9compenser \u00e9galement l'excellence \u00e9conomique valaisanne par le prestigieux Prix SVC, c'est merveilleux\u00bb, se r\u00e9jouit Franziska B\u00fcrki, directrice du SVC.<\/p>\n<p>L'int\u00e9gration du \u00abPrix Sommet UBS\u00bb dans les remises de prix du SVC renforcera encore la visibilit\u00e9 et la port\u00e9e de la manifestation, au b\u00e9n\u00e9fice des PME valaisannes. \u00abEn rejoignant cette plateforme \u00e9tablie au niveau national, les entreprises valaisannes b\u00e9n\u00e9ficieront d'un rayonnement plus large, d'une meilleure mise en r\u00e9seau et d'un positionnement encore plus fort\u00bb, ajoute Iwan Willisch, directeur r\u00e9gional Valais d'UBS.<\/p>\n<p>De plus, cette int\u00e9gration permet de profiter de la notori\u00e9t\u00e9 et de l'expertise du SVC dans le domaine des PME, tout en assurant une continuit\u00e9 pour l'entrepreneuriat r\u00e9gional en Valais.<\/p>\n<h3>Premi\u00e8re \u00e9dition pr\u00e9vue pour fin 2027<\/h3>\n<p>UBS partage avec le SVC la passion de l'entrepreneuriat. En tant que partenaire solide de l'ensemble de l'\u00e9conomie suisse, UBS accompagne les entreprises de tous les secteurs et de toutes les tailles \u00e0 chaque phase de leur d\u00e9veloppement - des start-up et de la cr\u00e9ation \u00e0 l'accompagnement des entr\u00e9es en bourse et des r\u00e8glements de succession, en passant par la croissance et la maturit\u00e9.<\/p>\n<p>Le SVC et tous ses partenaires se r\u00e9jouissent de la premi\u00e8re \u00e9dition du Prix SVC Valais-Wallis. De plus amples informations sur la proc\u00e9dure de nomination, le jury et la remise des prix suivront environ un an avant le Prix, c'est-\u00e0-dire \u00e0 la fin de l'automne 2026.<\/p>\n<p>En outre, une manifestation marquant la transition entre le \u00abPrix Sommet UBS\u00bb et le Prix SVC Valais-Wallis aura lieu cet automne en Valais et sera consacr\u00e9e \u00e0 l'entrepreneuriat. De plus amples informations seront communiqu\u00e9es ult\u00e9rieurement.<\/p>\n<h3>Informations de fond sur le CVS<\/h3>\n<p>L'organisme responsable et l'initiateur du Prix SVC est le SVC, une association ind\u00e9pendante \u00e0 but non lucratif. Son objectif est de rendre visible et de promouvoir les PME en tant que force motrice de l'\u00e9conomie suisse. Le SVC est soutenu par le Presenting Partner UBS ainsi que par les Gold Partners Emil Frey, Forvis Mazars, IWB, la Mobili\u00e8re et Swisscom, ainsi que par de nombreux autres partenaires nationaux et sponsors r\u00e9gionaux.<\/p>\n<p>Le SVC a \u00e9t\u00e9 fond\u00e9 en 2001 \u00e0 Berne et distingue depuis 2003 les meilleures PME de toutes les r\u00e9gions \u00e9conomiques et linguistiques de Suisse. Lors des 82 c\u00e9r\u00e9monies du Prix SVC qui ont eu lieu jusqu'\u00e0 pr\u00e9sent, 478 entreprises au total ont \u00e9t\u00e9 honor\u00e9es pour leur \u00abBusiness Excellence\u00bb en tant que laur\u00e9ates du Prix SVC.<\/p>\n<p>Plus d'informations : <a href=\"https:\/\/www.svc.swiss\" target=\"_blank\" rel=\"noopener\">www.svc.swiss<\/a><\/p>","protected":false},"excerpt":{"rendered":"<p>Le r\u00e9seau de PME SVC \u00e9tend sa pr\u00e9sence. D\u00e8s 2027, le Valais deviendra la dixi\u00e8me r\u00e9gion \u00e9conomique \u00e0 recevoir le Prix SVC. Le Prix SVC Valais-Wallis perp\u00e9tue la tradition du \u00abPrix Sommet UBS\u00bb, d\u00e9cern\u00e9 jusqu'ici dans la r\u00e9gion.<\/p>","protected":false},"author":107,"featured_media":46660,"comment_status":"closed","ping_status":"closed","sticky":false,"template":"","format":"standard","meta":{"_acf_changed":false,"_yoast_wpseo_focuskw":"Prix SVC Valais-Wallis","_yoast_wpseo_metadesc":"Der Prix SVC expandiert ins Wallis. Ab 2027 wird der renommierte Unternehmerpreis als zehnte Wirtschaftsregion im Kanton vergeben.","articlekey":"","footnotes":""},"categories":[28],"tags":[66,390],"class_list":["post-46662","post","type-post","status-publish","format-standard","has-post-thumbnail","hentry","category-management","tag-awards","tag-prix-svc"],"acf":[],"yoast_head":"<!-- This site is optimized with the Yoast SEO plugin v27.5 - https:\/\/yoast.com\/product\/yoast-seo-wordpress\/ -->\n<title>Prix SVC expandiert ins Wallis - Organisator<\/title>\n<meta name=\"description\" content=\"Der Prix SVC expandiert ins Wallis. Ab 2027 wird der renommierte Unternehmerpreis als zehnte Wirtschaftsregion im Kanton vergeben.\" \/>\n<meta name=\"robots\" content=\"index, follow, max-snippet:-1, max-image-preview:large, max-video-preview:-1\" \/>\n<link rel=\"canonical\" href=\"https:\/\/www.organisator.ch\/fr\/gestion-2\/2026-03-26\/prix-svc-expandiert-ins-wallis\/\" \/>\n<meta property=\"og:locale\" content=\"fr_FR\" \/>\n<meta property=\"og:type\" content=\"article\" \/>\n<meta property=\"og:title\" content=\"Prix SVC expandiert ins Wallis\" \/>\n<meta property=\"og:description\" content=\"Der Prix SVC expandiert ins Wallis. Ab 2027 wird der renommierte Unternehmerpreis als zehnte Wirtschaftsregion im Kanton vergeben.\" \/>\n<meta property=\"og:url\" content=\"https:\/\/www.organisator.ch\/fr\/gestion-2\/2026-03-26\/prix-svc-expandiert-ins-wallis\/\" \/>\n<meta property=\"og:site_name\" content=\"Organisator\" \/>\n<meta property=\"article:publisher\" content=\"https:\/\/www.facebook.com\/OrganisatorFachmagazin\" \/>\n<meta property=\"article:published_time\" content=\"2026-03-26T13:45:14+00:00\" \/>\n<meta property=\"og:image\" content=\"https:\/\/www.organisator.ch\/wp-content\/uploads\/2026\/03\/SVC_Prix_Valais-Wallis_F_D.jpg\" \/>\n\t<meta property=\"og:image:width\" content=\"548\" \/>\n\t<meta property=\"og:image:height\" content=\"439\" \/>\n\t<meta property=\"og:image:type\" content=\"image\/jpeg\" \/>\n<meta name=\"author\" content=\"n8n\" \/>\n<meta name=\"twitter:card\" content=\"summary_large_image\" \/>\n<meta name=\"twitter:title\" content=\"Prix #SVC expandiert ins #Wallis\" \/>\n<meta name=\"twitter:description\" content=\"Der Prix #SVC expandiert ins #Wallis. Ab 2027 wird der renommierte Unternehmerpreis als zehnte #Wirtschaftsregion im Kanton vergeben.\" \/>\n<meta name=\"twitter:image\" content=\"https:\/\/www.organisator.ch\/wp-content\/uploads\/2026\/03\/SVC_Prix_Valais-Wallis_F_D.jpg\" \/>\n<script type=\"application\/ld+json\" class=\"yoast-schema-graph\">{\"@context\":\"https:\\\/\\\/schema.org\",\"@graph\":[{\"@type\":\"Article\",\"@id\":\"https:\\\/\\\/www.organisator.ch\\\/management\\\/2026-03-26\\\/prix-svc-expandiert-ins-wallis\\\/#article\",\"isPartOf\":{\"@id\":\"https:\\\/\\\/www.organisator.ch\\\/management\\\/2026-03-26\\\/prix-svc-expandiert-ins-wallis\\\/\"},\"author\":{\"name\":\"n8n\",\"@id\":\"https:\\\/\\\/www.organisator.ch\\\/#\\\/schema\\\/person\\\/a9d0e0eff238db87a8f840f3b50359f0\"},\"headline\":\"Prix SVC expandiert ins Wallis\",\"datePublished\":\"2026-03-26T13:45:14+00:00\",\"mainEntityOfPage\":{\"@id\":\"https:\\\/\\\/www.organisator.ch\\\/management\\\/2026-03-26\\\/prix-svc-expandiert-ins-wallis\\\/\"},\"wordCount\":487,\"publisher\":{\"@id\":\"https:\\\/\\\/www.organisator.ch\\\/#organization\"},\"image\":{\"@id\":\"https:\\\/\\\/www.organisator.ch\\\/management\\\/2026-03-26\\\/prix-svc-expandiert-ins-wallis\\\/#primaryimage\"},\"thumbnailUrl\":\"https:\\\/\\\/www.organisator.ch\\\/wp-content\\\/uploads\\\/2026\\\/03\\\/SVC_Prix_Valais-Wallis_F_D.jpg\",\"keywords\":[\"Awards\",\"Prix SVC\"],\"articleSection\":[\"MANAGEMENT\"],\"inLanguage\":\"fr-FR\"},{\"@type\":\"WebPage\",\"@id\":\"https:\\\/\\\/www.organisator.ch\\\/management\\\/2026-03-26\\\/prix-svc-expandiert-ins-wallis\\\/\",\"url\":\"https:\\\/\\\/www.organisator.ch\\\/management\\\/2026-03-26\\\/prix-svc-expandiert-ins-wallis\\\/\",\"name\":\"Prix SVC expandiert ins Wallis - Organisator\",\"isPartOf\":{\"@id\":\"https:\\\/\\\/www.organisator.ch\\\/#website\"},\"primaryImageOfPage\":{\"@id\":\"https:\\\/\\\/www.organisator.ch\\\/management\\\/2026-03-26\\\/prix-svc-expandiert-ins-wallis\\\/#primaryimage\"},\"image\":{\"@id\":\"https:\\\/\\\/www.organisator.ch\\\/management\\\/2026-03-26\\\/prix-svc-expandiert-ins-wallis\\\/#primaryimage\"},\"thumbnailUrl\":\"https:\\\/\\\/www.organisator.ch\\\/wp-content\\\/uploads\\\/2026\\\/03\\\/SVC_Prix_Valais-Wallis_F_D.jpg\",\"datePublished\":\"2026-03-26T13:45:14+00:00\",\"description\":\"Der Prix SVC expandiert ins Wallis. Ab 2027 wird der renommierte Unternehmerpreis als zehnte Wirtschaftsregion im Kanton vergeben.\",\"breadcrumb\":{\"@id\":\"https:\\\/\\\/www.organisator.ch\\\/management\\\/2026-03-26\\\/prix-svc-expandiert-ins-wallis\\\/#breadcrumb\"},\"inLanguage\":\"fr-FR\",\"potentialAction\":[{\"@type\":\"ReadAction\",\"target\":[\"https:\\\/\\\/www.organisator.ch\\\/management\\\/2026-03-26\\\/prix-svc-expandiert-ins-wallis\\\/\"]}]},{\"@type\":\"ImageObject\",\"inLanguage\":\"fr-FR\",\"@id\":\"https:\\\/\\\/www.organisator.ch\\\/management\\\/2026-03-26\\\/prix-svc-expandiert-ins-wallis\\\/#primaryimage\",\"url\":\"https:\\\/\\\/www.organisator.ch\\\/wp-content\\\/uploads\\\/2026\\\/03\\\/SVC_Prix_Valais-Wallis_F_D.jpg\",\"contentUrl\":\"https:\\\/\\\/www.organisator.ch\\\/wp-content\\\/uploads\\\/2026\\\/03\\\/SVC_Prix_Valais-Wallis_F_D.jpg\",\"width\":548,\"height\":439,\"caption\":\"PRIX SVC VALAIS-WALLIS zeichnet Unternehmen aus. Quelle: zvg\"},{\"@type\":\"BreadcrumbList\",\"@id\":\"https:\\\/\\\/www.organisator.ch\\\/management\\\/2026-03-26\\\/prix-svc-expandiert-ins-wallis\\\/#breadcrumb\",\"itemListElement\":[{\"@type\":\"ListItem\",\"position\":1,\"name\":\"Home\",\"item\":\"https:\\\/\\\/www.organisator.ch\\\/\"},{\"@type\":\"ListItem\",\"position\":2,\"name\":\"Prix SVC expandiert ins Wallis\"}]},{\"@type\":\"WebSite\",\"@id\":\"https:\\\/\\\/www.organisator.ch\\\/#website\",\"url\":\"https:\\\/\\\/www.organisator.ch\\\/\",\"name\":\"Organisator\",\"description\":\"Kompetent. Praxisnah. Der ORGANISATOR bereitet in 10 Ausgaben pro Jahr die wesentlichen Themen f\u00fcr F\u00fchrungskr\u00e4fte von KMU auf.\",\"publisher\":{\"@id\":\"https:\\\/\\\/www.organisator.ch\\\/#organization\"},\"potentialAction\":[{\"@type\":\"SearchAction\",\"target\":{\"@type\":\"EntryPoint\",\"urlTemplate\":\"https:\\\/\\\/www.organisator.ch\\\/?s={search_term_string}\"},\"query-input\":{\"@type\":\"PropertyValueSpecification\",\"valueRequired\":true,\"valueName\":\"search_term_string\"}}],\"inLanguage\":\"fr-FR\"},{\"@type\":\"Organization\",\"@id\":\"https:\\\/\\\/www.organisator.ch\\\/#organization\",\"name\":\"Organisator\",\"url\":\"https:\\\/\\\/www.organisator.ch\\\/\",\"logo\":{\"@type\":\"ImageObject\",\"inLanguage\":\"fr-FR\",\"@id\":\"https:\\\/\\\/www.organisator.ch\\\/#\\\/schema\\\/logo\\\/image\\\/\",\"url\":\"https:\\\/\\\/www.organisator.ch\\\/wp-content\\\/uploads\\\/2022\\\/01\\\/Logo_Organisator_Website.png\",\"contentUrl\":\"https:\\\/\\\/www.organisator.ch\\\/wp-content\\\/uploads\\\/2022\\\/01\\\/Logo_Organisator_Website.png\",\"width\":800,\"height\":77,\"caption\":\"Organisator\"},\"image\":{\"@id\":\"https:\\\/\\\/www.organisator.ch\\\/#\\\/schema\\\/logo\\\/image\\\/\"},\"sameAs\":[\"https:\\\/\\\/www.facebook.com\\\/OrganisatorFachmagazin\",\"https:\\\/\\\/www.linkedin.com\\\/showcase\\\/organisator-das-magazin-fr-kmu\",\"https:\\\/\\\/www.xing.com\\\/news\\\/pages\\\/organisator-ch-695\",\"https:\\\/\\\/www.youtube.com\\\/channel\\\/UCGP2Sq0iWaZwT3BdIAQFYpw\"]},{\"@type\":\"Person\",\"@id\":\"https:\\\/\\\/www.organisator.ch\\\/#\\\/schema\\\/person\\\/a9d0e0eff238db87a8f840f3b50359f0\",\"name\":\"n8n\",\"image\":{\"@type\":\"ImageObject\",\"inLanguage\":\"fr-FR\",\"@id\":\"https:\\\/\\\/secure.gravatar.com\\\/avatar\\\/5368fb9d03fd415a6f335cece4c15af2502d6ca8651efbd6e8f98427a9795400?s=96&d=mm&r=g\",\"url\":\"https:\\\/\\\/secure.gravatar.com\\\/avatar\\\/5368fb9d03fd415a6f335cece4c15af2502d6ca8651efbd6e8f98427a9795400?s=96&d=mm&r=g\",\"contentUrl\":\"https:\\\/\\\/secure.gravatar.com\\\/avatar\\\/5368fb9d03fd415a6f335cece4c15af2502d6ca8651efbd6e8f98427a9795400?s=96&d=mm&r=g\",\"caption\":\"n8n\"},\"url\":\"https:\\\/\\\/www.organisator.ch\\\/fr\\\/author\\\/n8n\\\/\"}]}<\/script>\n<!-- \/ Yoast SEO plugin. -->","yoast_head_json":{"title":"Le Prix SVC s'\u00e9tend au Valais - Organisateur","description":"Le Prix SVC s'\u00e9tend au Valais. D\u00e8s 2027, le c\u00e9l\u00e8bre prix de l'entrepreneur deviendra la dixi\u00e8me r\u00e9gion \u00e9conomique du canton.","robots":{"index":"index","follow":"follow","max-snippet":"max-snippet:-1","max-image-preview":"max-image-preview:large","max-video-preview":"max-video-preview:-1"},"canonical":"https:\/\/www.organisator.ch\/fr\/gestion-2\/2026-03-26\/prix-svc-expandiert-ins-wallis\/","og_locale":"fr_FR","og_type":"article","og_title":"Prix SVC expandiert ins Wallis","og_description":"Der Prix SVC expandiert ins Wallis. Ab 2027 wird der renommierte Unternehmerpreis als zehnte Wirtschaftsregion im Kanton vergeben.","og_url":"https:\/\/www.organisator.ch\/fr\/gestion-2\/2026-03-26\/prix-svc-expandiert-ins-wallis\/","og_site_name":"Organisator","article_publisher":"https:\/\/www.facebook.com\/OrganisatorFachmagazin","article_published_time":"2026-03-26T13:45:14+00:00","og_image":[{"width":548,"height":439,"url":"https:\/\/www.organisator.ch\/wp-content\/uploads\/2026\/03\/SVC_Prix_Valais-Wallis_F_D.jpg","type":"image\/jpeg"}],"author":"n8n","twitter_card":"summary_large_image","twitter_title":"Prix #SVC expandiert ins #Wallis","twitter_description":"Der Prix #SVC expandiert ins #Wallis. Ab 2027 wird der renommierte Unternehmerpreis als zehnte #Wirtschaftsregion im Kanton vergeben.","twitter_image":"https:\/\/www.organisator.ch\/wp-content\/uploads\/2026\/03\/SVC_Prix_Valais-Wallis_F_D.jpg","schema":{"@context":"https:\/\/schema.org","@graph":[{"@type":"Article","@id":"https:\/\/www.organisator.ch\/management\/2026-03-26\/prix-svc-expandiert-ins-wallis\/#article","isPartOf":{"@id":"https:\/\/www.organisator.ch\/management\/2026-03-26\/prix-svc-expandiert-ins-wallis\/"},"author":{"name":"n8n","@id":"https:\/\/www.organisator.ch\/#\/schema\/person\/a9d0e0eff238db87a8f840f3b50359f0"},"headline":"Prix SVC expandiert ins Wallis","datePublished":"2026-03-26T13:45:14+00:00","mainEntityOfPage":{"@id":"https:\/\/www.organisator.ch\/management\/2026-03-26\/prix-svc-expandiert-ins-wallis\/"},"wordCount":487,"publisher":{"@id":"https:\/\/www.organisator.ch\/#organization"},"image":{"@id":"https:\/\/www.organisator.ch\/management\/2026-03-26\/prix-svc-expandiert-ins-wallis\/#primaryimage"},"thumbnailUrl":"https:\/\/www.organisator.ch\/wp-content\/uploads\/2026\/03\/SVC_Prix_Valais-Wallis_F_D.jpg","keywords":["Awards","Prix SVC"],"articleSection":["MANAGEMENT"],"inLanguage":"fr-FR"},{"@type":"WebPage","@id":"https:\/\/www.organisator.ch\/management\/2026-03-26\/prix-svc-expandiert-ins-wallis\/","url":"https:\/\/www.organisator.ch\/management\/2026-03-26\/prix-svc-expandiert-ins-wallis\/","name":"Le Prix SVC s'\u00e9tend au Valais - Organisateur","isPartOf":{"@id":"https:\/\/www.organisator.ch\/#website"},"primaryImageOfPage":{"@id":"https:\/\/www.organisator.ch\/management\/2026-03-26\/prix-svc-expandiert-ins-wallis\/#primaryimage"},"image":{"@id":"https:\/\/www.organisator.ch\/management\/2026-03-26\/prix-svc-expandiert-ins-wallis\/#primaryimage"},"thumbnailUrl":"https:\/\/www.organisator.ch\/wp-content\/uploads\/2026\/03\/SVC_Prix_Valais-Wallis_F_D.jpg","datePublished":"2026-03-26T13:45:14+00:00","description":"Le Prix SVC s'\u00e9tend au Valais. D\u00e8s 2027, le c\u00e9l\u00e8bre prix de l'entrepreneur deviendra la dixi\u00e8me r\u00e9gion \u00e9conomique du canton.","breadcrumb":{"@id":"https:\/\/www.organisator.ch\/management\/2026-03-26\/prix-svc-expandiert-ins-wallis\/#breadcrumb"},"inLanguage":"fr-FR","potentialAction":[{"@type":"ReadAction","target":["https:\/\/www.organisator.ch\/management\/2026-03-26\/prix-svc-expandiert-ins-wallis\/"]}]},{"@type":"ImageObject","inLanguage":"fr-FR","@id":"https:\/\/www.organisator.ch\/management\/2026-03-26\/prix-svc-expandiert-ins-wallis\/#primaryimage","url":"https:\/\/www.organisator.ch\/wp-content\/uploads\/2026\/03\/SVC_Prix_Valais-Wallis_F_D.jpg","contentUrl":"https:\/\/www.organisator.ch\/wp-content\/uploads\/2026\/03\/SVC_Prix_Valais-Wallis_F_D.jpg","width":548,"height":439,"caption":"PRIX SVC VALAIS-WALLIS zeichnet Unternehmen aus. Quelle: zvg"},{"@type":"BreadcrumbList","@id":"https:\/\/www.organisator.ch\/management\/2026-03-26\/prix-svc-expandiert-ins-wallis\/#breadcrumb","itemListElement":[{"@type":"ListItem","position":1,"name":"Home","item":"https:\/\/www.organisator.ch\/"},{"@type":"ListItem","position":2,"name":"Prix SVC expandiert ins Wallis"}]},{"@type":"WebSite","@id":"https:\/\/www.organisator.ch\/#website","url":"https:\/\/www.organisator.ch\/","name":"Organisateur","description":"Comp\u00e9tence et comp\u00e9tence. Proches de la pratique. L'ORGANISATEUR pr\u00e9pare 10 num\u00e9ros par an sur les th\u00e8mes essentiels pour les dirigeants de PME.","publisher":{"@id":"https:\/\/www.organisator.ch\/#organization"},"potentialAction":[{"@type":"SearchAction","target":{"@type":"EntryPoint","urlTemplate":"https:\/\/www.organisator.ch\/?s={search_term_string}"},"query-input":{"@type":"PropertyValueSpecification","valueRequired":true,"valueName":"search_term_string"}}],"inLanguage":"fr-FR"},{"@type":"Organization","@id":"https:\/\/www.organisator.ch\/#organization","name":"Organisateur","url":"https:\/\/www.organisator.ch\/","logo":{"@type":"ImageObject","inLanguage":"fr-FR","@id":"https:\/\/www.organisator.ch\/#\/schema\/logo\/image\/","url":"https:\/\/www.organisator.ch\/wp-content\/uploads\/2022\/01\/Logo_Organisator_Website.png","contentUrl":"https:\/\/www.organisator.ch\/wp-content\/uploads\/2022\/01\/Logo_Organisator_Website.png","width":800,"height":77,"caption":"Organisator"},"image":{"@id":"https:\/\/www.organisator.ch\/#\/schema\/logo\/image\/"},"sameAs":["https:\/\/www.facebook.com\/OrganisatorFachmagazin","https:\/\/www.linkedin.com\/showcase\/organisator-das-magazin-fr-kmu","https:\/\/www.xing.com\/news\/pages\/organisator-ch-695","https:\/\/www.youtube.com\/channel\/UCGP2Sq0iWaZwT3BdIAQFYpw"]},{"@type":"Person","@id":"https:\/\/www.organisator.ch\/#\/schema\/person\/a9d0e0eff238db87a8f840f3b50359f0","name":"n8n","image":{"@type":"ImageObject","inLanguage":"fr-FR","@id":"https:\/\/secure.gravatar.com\/avatar\/5368fb9d03fd415a6f335cece4c15af2502d6ca8651efbd6e8f98427a9795400?s=96&d=mm&r=g","url":"https:\/\/secure.gravatar.com\/avatar\/5368fb9d03fd415a6f335cece4c15af2502d6ca8651efbd6e8f98427a9795400?s=96&d=mm&r=g","contentUrl":"https:\/\/secure.gravatar.com\/avatar\/5368fb9d03fd415a6f335cece4c15af2502d6ca8651efbd6e8f98427a9795400?s=96&d=mm&r=g","caption":"n8n"},"url":"https:\/\/www.organisator.ch\/fr\/author\/n8n\/"}]}},"_links":{"self":[{"href":"https:\/\/www.organisator.ch\/fr\/wp-json\/wp\/v2\/posts\/46662","targetHints":{"allow":["GET"]}}],"collection":[{"href":"https:\/\/www.organisator.ch\/fr\/wp-json\/wp\/v2\/posts"}],"about":[{"href":"https:\/\/www.organisator.ch\/fr\/wp-json\/wp\/v2\/types\/post"}],"author":[{"embeddable":true,"href":"https:\/\/www.organisator.ch\/fr\/wp-json\/wp\/v2\/users\/107"}],"replies":[{"embeddable":true,"href":"https:\/\/www.organisator.ch\/fr\/wp-json\/wp\/v2\/comments?post=46662"}],"version-history":[{"count":3,"href":"https:\/\/www.organisator.ch\/fr\/wp-json\/wp\/v2\/posts\/46662\/revisions"}],"predecessor-version":[{"id":46678,"href":"https:\/\/www.organisator.ch\/fr\/wp-json\/wp\/v2\/posts\/46662\/revisions\/46678"}],"wp:featuredmedia":[{"embeddable":true,"href":"https:\/\/www.organisator.ch\/fr\/wp-json\/wp\/v2\/media\/46660"}],"wp:attachment":[{"href":"https:\/\/www.organisator.ch\/fr\/wp-json\/wp\/v2\/media?parent=46662"}],"wp:term":[{"taxonomy":"category","embeddable":true,"href":"https:\/\/www.organisator.ch\/fr\/wp-json\/wp\/v2\/categories?post=46662"},{"taxonomy":"post_tag","embeddable":true,"href":"https:\/\/www.organisator.ch\/fr\/wp-json\/wp\/v2\/tags?post=46662"}],"curies":[{"name":"wp","href":"https:\/\/api.w.org\/{rel}","templated":true}]}}