{"id":46706,"date":"2026-03-27T10:44:14","date_gmt":"2026-03-27T09:44:14","guid":{"rendered":"https:\/\/www.markt-kom.com\/de\/?p=253084"},"modified":"2026-03-30T07:34:39","modified_gmt":"2026-03-30T05:34:39","slug":"diversity-ist-gesetzt-inclusion-eine-entscheidung-das-war-der-gisler-gipfel-2026","status":"publish","type":"post","link":"https:\/\/www.organisator.ch\/fr\/human-resources\/2026-03-27\/diversity-ist-gesetzt-inclusion-eine-entscheidung-das-war-der-gisler-gipfel-2026\/","title":{"rendered":"La diversit\u00e9 est un principe, l'inclusion une d\u00e9cision : C'\u00e9tait le sommet Gisler 2026"},"content":{"rendered":"<figure><img src=\"https:\/\/www.markt-kom.com\/wp-content\/uploads\/2026\/03\/260326170510_lej-scaled.jpg\" alt=\"SUISSE SOMMET GISLER PROTOCOLE GISLER\" \/>\r\n<figcaption>Source : zvg<\/figcaption>\r\n<\/figure>\r\n<p>Le quatri\u00e8me sommet du protocole Gisler s'est tenu le jeudi 26 mars \u00e0 Zurich. Environ 120 participants ont rempli le restaurant Daizy jusqu'\u00e0 la derni\u00e8re place pour se laisser inspirer et f\u00eater les 5 ans du protocole Gisler. Outre l'activiste et auteur Markus Theunert et le professeur Gudrun Sander de la HSG, Senad Gafuri, Annette H\u00e4cki et Serafina Kuster sont mont\u00e9s sur sc\u00e8ne pour discuter de la repr\u00e9sentation des personnes handicap\u00e9es dans la publicit\u00e9 suisse.<\/p>\r\n<p>L'assembl\u00e9e g\u00e9n\u00e9rale du Gislerprotokoll s'est en outre tenue avant le sommet. Le comit\u00e9 directeur a \u00e9t\u00e9 r\u00e9\u00e9lu dans sa quasi-totalit\u00e9. Flavio dal Din, membre du comit\u00e9, avait d\u00e9cid\u00e9 au pr\u00e9alable de quitter le comit\u00e9 apr\u00e8s quatre ans et de se consacrer \u00e0 de nouvelles t\u00e2ches. Il a \u00e9t\u00e9 remerci\u00e9 par l'ensemble de l'association pour son engagement important et marquant au cours des quatre derni\u00e8res ann\u00e9es.<\/p>\r\n<h3>5 ans, beaucoup de souvenirs, un grand merci<\/h3>\r\n<p>C'est la pr\u00e9sidente de l'association, Nina Bieli, qui a ouvert le sommet Gisler. A l'occasion de l'anniversaire, elle est revenue sur les points forts des cinq derni\u00e8res ann\u00e9es et a pr\u00e9sent\u00e9 plusieurs sp\u00e9ciaux anniversaire : \u00abShift happens\u00bb, un ensemble de cartes de r\u00e9flexion avec 36 questions autour du processus de conception et de cr\u00e9ation, un t-shirt anniversaire de plantes en pot ainsi que le nouveau site Internet du Protocole Gisler. \u00abPour l'anniversaire, nous voulions cr\u00e9er quelque chose qui fixe le contenu du protocole Gisler sous une forme qui puisse \u00eatre utilis\u00e9e au quotidien. Nous voulions en outre rendre un hommage m\u00e9rit\u00e9 \u00e0 notre plante en pot devenue presque culte. C'est ainsi que sont n\u00e9es les cartes de r\u00e9flexion et le t-shirt. Nous sommes d'autant plus heureux de pouvoir pr\u00e9senter aujourd'hui notre nouveau site Internet\u00bb, explique Nina Bieli.<\/p>\r\n<p>Bieli a \u00e9galement mentionn\u00e9 en particulier sa co-initiatrice Annette H\u00e4cki, qui est \u00e9galement mont\u00e9e sur sc\u00e8ne au cours de l'\u00e9v\u00e9nement. \u00abLe protocole Gisler \u00e9tait un projet qui nous tenait \u00e0 c\u0153ur \u00e0 Annette et \u00e0 moi, et il l'est toujours aujourd'hui. M\u00eame si Annette participe d\u00e9sormais plut\u00f4t de mani\u00e8re marginale - entre autres en tant que membre avec son agence Day Partners - elle reste pour moi une sparring-partner incroyablement importante et pr\u00e9cieuse\u00bb, a d\u00e9clar\u00e9 Nina Bieli.<\/p>\r\n<p>Nina Bieli a ensuite pr\u00e9sent\u00e9 les r\u00e9sultats de l'analyse des st\u00e9r\u00e9otypes 2025. Un r\u00e9sultat particuli\u00e8rement frappant a servi de base \u00e0 la table ronde qui a suivi : les personnes handicap\u00e9es sont pratiquement invisibles dans la publicit\u00e9 suisse.<\/p>\r\n<h3>Handicap et repr\u00e9sentation dans la publicit\u00e9 suisse<\/h3>\r\n<p>Annette H\u00e4cki, qui a plusieurs ann\u00e9es d'exp\u00e9rience en tant que cr\u00e9atrice dans la conception et la r\u00e9alisation de campagnes sur le th\u00e8me du handicap, Senad Gafuri, directeur de l'organisation Reporters sans fronti\u00e8res, et Serafina Kuster, experte en ressources humaines et en fauteuil roulant depuis l'\u00e2ge de 12 ans, ont particip\u00e9 \u00e0 la table ronde. Ensemble, ils ont discut\u00e9 de ce qu'il faut pour que les personnes handicap\u00e9es soient plus visibles dans la communication suisse, de ce \u00e0 quoi il faut faire attention - notamment sur le plan linguistique - et de ce que les personnes concern\u00e9es elles-m\u00eames souhaitent voir figurer dans leur repr\u00e9sentation.<\/p>\r\n<p>Apr\u00e8s la table ronde, l'activiste et auteur Markus Theunert a offert un aper\u00e7u de la manosph\u00e8re et de la radicalisation id\u00e9ologique de la masculinit\u00e9. Il a abord\u00e9 le th\u00e8me de la simultan\u00e9it\u00e9 contradictoire \u00e0 laquelle les jeunes hommes doivent faire face de nos jours et le fait que les hommes sont aujourd'hui trop souvent laiss\u00e9s seuls face \u00e0 cette t\u00e2che. Selon Theunert, la droite politique tire de plus en plus profit de ce vide d'orientation.<\/p>\r\n<h3>La diversit\u00e9 est un fait - l'inclusion est une d\u00e9cision<\/h3>\r\n<p>Dr. Gudrun Sander, professeur et charg\u00e9e de cours en gestion d'entreprise \u00e0 la HSG, sp\u00e9cialis\u00e9e dans la gestion de la diversit\u00e9, a cl\u00f4tur\u00e9 la journ\u00e9e. Sander a parl\u00e9 du Woke Backlash et de ses effets d\u00e9j\u00e0 perceptibles dans l'\u00e9conomie suisse. Mais elle a \u00e9galement montr\u00e9 des pistes pour sortir de ce recul et a soulign\u00e9 dans ce contexte la pertinence de l'inclusion. \u00abDiversity is a given, Inclusion is a choice for high-performance cultures\u00bb, a d\u00e9clar\u00e9 Sander.<\/p>\r\n<figure id=\"attachment_253086\" class=\"wp-caption alignnone\" style=\"width: 1300px;\" aria-describedby=\"caption-attachment-253086\"><img class=\"size-full wp-image-253086\" src=\"https:\/\/www.markt-kom.com\/wp-content\/uploads\/2026\/03\/260326154520_lej-scaled.jpg\" sizes=\"(max-width: 1300px) 100vw, 1300px\" srcset=\"https:\/\/www.markt-kom.com\/wp-content\/uploads\/2026\/03\/260326154520_lej-scaled.jpg 1300w, https:\/\/www.markt-kom.com\/wp-content\/uploads\/2026\/03\/260326154520_lej-600x400.jpg 600w, https:\/\/www.markt-kom.com\/wp-content\/uploads\/2026\/03\/260326154520_lej-1024x683.jpg 1024w, https:\/\/www.markt-kom.com\/wp-content\/uploads\/2026\/03\/260326154520_lej-768x512.jpg 768w, https:\/\/www.markt-kom.com\/wp-content\/uploads\/2026\/03\/260326154520_lej-1536x1024.jpg 1536w, https:\/\/www.markt-kom.com\/wp-content\/uploads\/2026\/03\/260326154520_lej-2048x1366.jpg 2048w, https:\/\/www.markt-kom.com\/wp-content\/uploads\/2026\/03\/260326154520_lej-18x12.jpg 18w, https:\/\/www.markt-kom.com\/wp-content\/uploads\/2026\/03\/260326154520_lej-262x175.jpg 262w, https:\/\/www.markt-kom.com\/wp-content\/uploads\/2026\/03\/260326154520_lej-525x350.jpg 525w, https:\/\/www.markt-kom.com\/wp-content\/uploads\/2026\/03\/260326154520_lej-1000x667.jpg 1000w\" alt=\"\" width=\"1300\" height=\"866\" \/>\r\n<figcaption id=\"caption-attachment-253086\" class=\"wp-caption-text\">Sommet de Gisler du protocole de Gisler photographi\u00e9 le jeudi 26 mars 2026 \u00e0 Zurich. (VOLLTOLL \/ Jana Leu)<\/figcaption>\r\n<\/figure>\r\n<figure id=\"attachment_253087\" class=\"wp-caption alignnone\" style=\"width: 1300px;\" aria-describedby=\"caption-attachment-253087\"><img class=\"size-full wp-image-253087\" src=\"https:\/\/www.markt-kom.com\/wp-content\/uploads\/2026\/03\/260326195315_lej-scaled.jpg\" sizes=\"(max-width: 1300px) 100vw, 1300px\" srcset=\"https:\/\/www.markt-kom.com\/wp-content\/uploads\/2026\/03\/260326195315_lej-scaled.jpg 1300w, https:\/\/www.markt-kom.com\/wp-content\/uploads\/2026\/03\/260326195315_lej-600x400.jpg 600w, https:\/\/www.markt-kom.com\/wp-content\/uploads\/2026\/03\/260326195315_lej-1024x683.jpg 1024w, https:\/\/www.markt-kom.com\/wp-content\/uploads\/2026\/03\/260326195315_lej-768x512.jpg 768w, https:\/\/www.markt-kom.com\/wp-content\/uploads\/2026\/03\/260326195315_lej-1536x1024.jpg 1536w, https:\/\/www.markt-kom.com\/wp-content\/uploads\/2026\/03\/260326195315_lej-2048x1366.jpg 2048w, https:\/\/www.markt-kom.com\/wp-content\/uploads\/2026\/03\/260326195315_lej-18x12.jpg 18w, https:\/\/www.markt-kom.com\/wp-content\/uploads\/2026\/03\/260326195315_lej-262x175.jpg 262w, https:\/\/www.markt-kom.com\/wp-content\/uploads\/2026\/03\/260326195315_lej-525x350.jpg 525w, https:\/\/www.markt-kom.com\/wp-content\/uploads\/2026\/03\/260326195315_lej-1000x667.jpg 1000w\" alt=\"\" width=\"1300\" height=\"866\" \/>\r\n<figcaption id=\"caption-attachment-253087\" class=\"wp-caption-text\">Sommet de Gisler du protocole de Gisler photographi\u00e9 le jeudi 26 mars 2026 \u00e0 Zurich. (VOLLTOLL \/ Jana Leu)<\/figcaption>\r\n<\/figure>\r\n<figure id=\"attachment_253088\" class=\"wp-caption alignnone\" style=\"width: 1300px;\" aria-describedby=\"caption-attachment-253088\"><img class=\"size-full wp-image-253088\" src=\"https:\/\/www.markt-kom.com\/wp-content\/uploads\/2026\/03\/260326200639_lej-scaled.jpg\" sizes=\"(max-width: 1300px) 100vw, 1300px\" srcset=\"https:\/\/www.markt-kom.com\/wp-content\/uploads\/2026\/03\/260326200639_lej-scaled.jpg 1300w, https:\/\/www.markt-kom.com\/wp-content\/uploads\/2026\/03\/260326200639_lej-600x400.jpg 600w, https:\/\/www.markt-kom.com\/wp-content\/uploads\/2026\/03\/260326200639_lej-1024x683.jpg 1024w, https:\/\/www.markt-kom.com\/wp-content\/uploads\/2026\/03\/260326200639_lej-768x512.jpg 768w, https:\/\/www.markt-kom.com\/wp-content\/uploads\/2026\/03\/260326200639_lej-1536x1024.jpg 1536w, https:\/\/www.markt-kom.com\/wp-content\/uploads\/2026\/03\/260326200639_lej-2048x1366.jpg 2048w, https:\/\/www.markt-kom.com\/wp-content\/uploads\/2026\/03\/260326200639_lej-18x12.jpg 18w, https:\/\/www.markt-kom.com\/wp-content\/uploads\/2026\/03\/260326200639_lej-262x175.jpg 262w, https:\/\/www.markt-kom.com\/wp-content\/uploads\/2026\/03\/260326200639_lej-525x350.jpg 525w, https:\/\/www.markt-kom.com\/wp-content\/uploads\/2026\/03\/260326200639_lej-1000x667.jpg 1000w\" alt=\"\" width=\"1300\" height=\"866\" \/>\r\n<figcaption id=\"caption-attachment-253088\" class=\"wp-caption-text\">Sommet de Gisler du protocole de Gisler photographi\u00e9 le jeudi 26 mars 2026 \u00e0 Zurich. (VOLLTOLL \/ Jana Leu)<\/figcaption>\r\n<\/figure>\r\n<figure id=\"attachment_253089\" class=\"wp-caption alignnone\" style=\"width: 1300px;\" aria-describedby=\"caption-attachment-253089\"><img class=\"size-full wp-image-253089\" src=\"https:\/\/www.markt-kom.com\/wp-content\/uploads\/2026\/03\/260326171014_lej-scaled.jpg\" sizes=\"(max-width: 1300px) 100vw, 1300px\" srcset=\"https:\/\/www.markt-kom.com\/wp-content\/uploads\/2026\/03\/260326171014_lej-scaled.jpg 1300w, https:\/\/www.markt-kom.com\/wp-content\/uploads\/2026\/03\/260326171014_lej-600x400.jpg 600w, https:\/\/www.markt-kom.com\/wp-content\/uploads\/2026\/03\/260326171014_lej-1024x683.jpg 1024w, https:\/\/www.markt-kom.com\/wp-content\/uploads\/2026\/03\/260326171014_lej-768x512.jpg 768w, https:\/\/www.markt-kom.com\/wp-content\/uploads\/2026\/03\/260326171014_lej-1536x1024.jpg 1536w, https:\/\/www.markt-kom.com\/wp-content\/uploads\/2026\/03\/260326171014_lej-2048x1366.jpg 2048w, https:\/\/www.markt-kom.com\/wp-content\/uploads\/2026\/03\/260326171014_lej-18x12.jpg 18w, https:\/\/www.markt-kom.com\/wp-content\/uploads\/2026\/03\/260326171014_lej-262x175.jpg 262w, https:\/\/www.markt-kom.com\/wp-content\/uploads\/2026\/03\/260326171014_lej-525x350.jpg 525w, https:\/\/www.markt-kom.com\/wp-content\/uploads\/2026\/03\/260326171014_lej-1000x667.jpg 1000w\" alt=\"\" width=\"1300\" height=\"866\" \/>\r\n<figcaption id=\"caption-attachment-253089\" class=\"wp-caption-text\">Sommet de Gisler du protocole de Gisler photographi\u00e9 le jeudi 26 mars 2026 \u00e0 Zurich. (VOLLTOLL \/ Jana Leu)<\/figcaption>\r\n<\/figure>\r\n<figure id=\"attachment_253090\" class=\"wp-caption alignnone\" style=\"width: 666px;\" aria-describedby=\"caption-attachment-253090\"><img class=\"size-full wp-image-253090\" src=\"https:\/\/www.markt-kom.com\/wp-content\/uploads\/2026\/03\/Annette-Haecki_Nina-Bieli_lej-scaled.jpg\" sizes=\"(max-width: 666px) 100vw, 666px\" srcset=\"https:\/\/www.markt-kom.com\/wp-content\/uploads\/2026\/03\/Annette-Haecki_Nina-Bieli_lej-scaled.jpg 666w, https:\/\/www.markt-kom.com\/wp-content\/uploads\/2026\/03\/Annette-Haecki_Nina-Bieli_lej-400x600.jpg 400w, https:\/\/www.markt-kom.com\/wp-content\/uploads\/2026\/03\/Annette-Haecki_Nina-Bieli_lej-768x1152.jpg 667w, https:\/\/www.markt-kom.com\/wp-content\/uploads\/2026\/03\/Annette-Haecki_Nina-Bieli_lej-1024x1536.jpg 1024w, https:\/\/www.markt-kom.com\/wp-content\/uploads\/2026\/03\/Annette-Haecki_Nina-Bieli_lej-1366x2048.jpg 1366w, https:\/\/www.markt-kom.com\/wp-content\/uploads\/2026\/03\/Annette-Haecki_Nina-Bieli_lej-8x12.jpg 8w, https:\/\/www.markt-kom.com\/wp-content\/uploads\/2026\/03\/Annette-Haecki_Nina-Bieli_lej-117x175.jpg 117w, https:\/\/www.markt-kom.com\/wp-content\/uploads\/2026\/03\/Annette-Haecki_Nina-Bieli_lej-233x350.jpg 233w, https:\/\/www.markt-kom.com\/wp-content\/uploads\/2026\/03\/Annette-Haecki_Nina-Bieli_lej-533x800.jpg 533w\" alt=\"\" width=\"666\" height=\"1000\" \/>\r\n<figcaption id=\"caption-attachment-253090\" class=\"wp-caption-text\">Sommet de Gisler du protocole de Gisler photographi\u00e9 le jeudi 26 mars 2026 \u00e0 Zurich. (VOLLTOLL \/ Jana Leu)<\/figcaption>\r\n<\/figure>\r\n<figure id=\"attachment_253091\" class=\"wp-caption alignnone\" style=\"width: 1300px;\" aria-describedby=\"caption-attachment-253091\"><img class=\"size-full wp-image-253091\" src=\"https:\/\/www.markt-kom.com\/wp-content\/uploads\/2026\/03\/Gafuri-Haecki-Kuster-2_lej-scaled.jpg\" sizes=\"(max-width: 1300px) 100vw, 1300px\" srcset=\"https:\/\/www.markt-kom.com\/wp-content\/uploads\/2026\/03\/Gafuri-Haecki-Kuster-2_lej-scaled.jpg 1300w, https:\/\/www.markt-kom.com\/wp-content\/uploads\/2026\/03\/Gafuri-Haecki-Kuster-2_lej-600x400.jpg 600w, https:\/\/www.markt-kom.com\/wp-content\/uploads\/2026\/03\/Gafuri-Haecki-Kuster-2_lej-1024x683.jpg 1024w, https:\/\/www.markt-kom.com\/wp-content\/uploads\/2026\/03\/Gafuri-Haecki-Kuster-2_lej-768x512.jpg 768w, https:\/\/www.markt-kom.com\/wp-content\/uploads\/2026\/03\/Gafuri-Haecki-Kuster-2_lej-1536x1024.jpg 1536w, https:\/\/www.markt-kom.com\/wp-content\/uploads\/2026\/03\/Gafuri-Haecki-Kuster-2_lej-2048x1366.jpg 2048w, https:\/\/www.markt-kom.com\/wp-content\/uploads\/2026\/03\/Gafuri-Haecki-Kuster-2_lej-18x12.jpg 18w, https:\/\/www.markt-kom.com\/wp-content\/uploads\/2026\/03\/Gafuri-Haecki-Kuster-2_lej-262x175.jpg 262w, https:\/\/www.markt-kom.com\/wp-content\/uploads\/2026\/03\/Gafuri-Haecki-Kuster-2_lej-525x350.jpg 525w, https:\/\/www.markt-kom.com\/wp-content\/uploads\/2026\/03\/Gafuri-Haecki-Kuster-2_lej-1000x667.jpg 1000w\" alt=\"\" width=\"1300\" height=\"866\" \/>\r\n<figcaption id=\"caption-attachment-253091\" class=\"wp-caption-text\">Sommet de Gisler du protocole de Gisler photographi\u00e9 le jeudi 26 mars 2026 \u00e0 Zurich. (VOLLTOLL \/ Jana Leu)<\/figcaption>\r\n<\/figure>\r\n<figure id=\"attachment_253092\" class=\"wp-caption alignnone\" style=\"width: 1300px;\" aria-describedby=\"caption-attachment-253092\"><img class=\"size-full wp-image-253092\" src=\"https:\/\/www.markt-kom.com\/wp-content\/uploads\/2026\/03\/Gudrun-Sander-2_lej-scaled.jpg\" sizes=\"(max-width: 1300px) 100vw, 1300px\" srcset=\"https:\/\/www.markt-kom.com\/wp-content\/uploads\/2026\/03\/Gudrun-Sander-2_lej-scaled.jpg 1300w, https:\/\/www.markt-kom.com\/wp-content\/uploads\/2026\/03\/Gudrun-Sander-2_lej-600x400.jpg 600w, https:\/\/www.markt-kom.com\/wp-content\/uploads\/2026\/03\/Gudrun-Sander-2_lej-1024x683.jpg 1024w, https:\/\/www.markt-kom.com\/wp-content\/uploads\/2026\/03\/Gudrun-Sander-2_lej-768x512.jpg 768w, https:\/\/www.markt-kom.com\/wp-content\/uploads\/2026\/03\/Gudrun-Sander-2_lej-1536x1024.jpg 1536w, https:\/\/www.markt-kom.com\/wp-content\/uploads\/2026\/03\/Gudrun-Sander-2_lej-2048x1366.jpg 2048w, https:\/\/www.markt-kom.com\/wp-content\/uploads\/2026\/03\/Gudrun-Sander-2_lej-18x12.jpg 18w, https:\/\/www.markt-kom.com\/wp-content\/uploads\/2026\/03\/Gudrun-Sander-2_lej-262x175.jpg 262w, https:\/\/www.markt-kom.com\/wp-content\/uploads\/2026\/03\/Gudrun-Sander-2_lej-525x350.jpg 525w, https:\/\/www.markt-kom.com\/wp-content\/uploads\/2026\/03\/Gudrun-Sander-2_lej-1000x667.jpg 1000w\" alt=\"\" width=\"1300\" height=\"866\" \/>\r\n<figcaption id=\"caption-attachment-253092\" class=\"wp-caption-text\">Sommet de Gisler du protocole de Gisler photographi\u00e9 le jeudi 26 mars 2026 \u00e0 Zurich. (VOLLTOLL \/ Jana Leu)<\/figcaption>\r\n<\/figure>\r\n<figure id=\"attachment_253093\" class=\"wp-caption alignnone\" style=\"width: 1300px;\" aria-describedby=\"caption-attachment-253093\"><img class=\"size-full wp-image-253093\" src=\"https:\/\/www.markt-kom.com\/wp-content\/uploads\/2026\/03\/Markus-Theunert-1_lej-scaled.jpg\" sizes=\"(max-width: 1300px) 100vw, 1300px\" srcset=\"https:\/\/www.markt-kom.com\/wp-content\/uploads\/2026\/03\/Markus-Theunert-1_lej-scaled.jpg 1300w, https:\/\/www.markt-kom.com\/wp-content\/uploads\/2026\/03\/Markus-Theunert-1_lej-600x400.jpg 600w, https:\/\/www.markt-kom.com\/wp-content\/uploads\/2026\/03\/Markus-Theunert-1_lej-1024x683.jpg 1024w, https:\/\/www.markt-kom.com\/wp-content\/uploads\/2026\/03\/Markus-Theunert-1_lej-768x512.jpg 768w, https:\/\/www.markt-kom.com\/wp-content\/uploads\/2026\/03\/Markus-Theunert-1_lej-1536x1024.jpg 1536w, https:\/\/www.markt-kom.com\/wp-content\/uploads\/2026\/03\/Markus-Theunert-1_lej-2048x1366.jpg 2048w, https:\/\/www.markt-kom.com\/wp-content\/uploads\/2026\/03\/Markus-Theunert-1_lej-18x12.jpg 18w, https:\/\/www.markt-kom.com\/wp-content\/uploads\/2026\/03\/Markus-Theunert-1_lej-262x175.jpg 262w, https:\/\/www.markt-kom.com\/wp-content\/uploads\/2026\/03\/Markus-Theunert-1_lej-525x350.jpg 525w, https:\/\/www.markt-kom.com\/wp-content\/uploads\/2026\/03\/Markus-Theunert-1_lej-1000x667.jpg 1000w\" alt=\"\" width=\"1300\" height=\"866\" \/>\r\n<figcaption id=\"caption-attachment-253093\" class=\"wp-caption-text\">Sommet de Gisler du protocole de Gisler photographi\u00e9 le jeudi 26 mars 2026 \u00e0 Zurich. (VOLLTOLL \/ Jana Leu)<\/figcaption>\r\n<\/figure>\r\n<figure id=\"attachment_253094\" class=\"wp-caption alignnone\" style=\"width: 1300px;\" aria-describedby=\"caption-attachment-253094\"><img class=\"size-full wp-image-253094\" src=\"https:\/\/www.markt-kom.com\/wp-content\/uploads\/2026\/03\/260326162204_lej-scaled.jpg\" sizes=\"(max-width: 1300px) 100vw, 1300px\" srcset=\"https:\/\/www.markt-kom.com\/wp-content\/uploads\/2026\/03\/260326162204_lej-scaled.jpg 1300w, https:\/\/www.markt-kom.com\/wp-content\/uploads\/2026\/03\/260326162204_lej-600x400.jpg 600w, https:\/\/www.markt-kom.com\/wp-content\/uploads\/2026\/03\/260326162204_lej-1024x683.jpg 1024w, https:\/\/www.markt-kom.com\/wp-content\/uploads\/2026\/03\/260326162204_lej-768x512.jpg 768w, https:\/\/www.markt-kom.com\/wp-content\/uploads\/2026\/03\/260326162204_lej-1536x1024.jpg 1536w, https:\/\/www.markt-kom.com\/wp-content\/uploads\/2026\/03\/260326162204_lej-2048x1366.jpg 2048w, https:\/\/www.markt-kom.com\/wp-content\/uploads\/2026\/03\/260326162204_lej-18x12.jpg 18w, https:\/\/www.markt-kom.com\/wp-content\/uploads\/2026\/03\/260326162204_lej-262x175.jpg 262w, https:\/\/www.markt-kom.com\/wp-content\/uploads\/2026\/03\/260326162204_lej-525x350.jpg 525w, https:\/\/www.markt-kom.com\/wp-content\/uploads\/2026\/03\/260326162204_lej-1000x667.jpg 1000w\" alt=\"\" width=\"1300\" height=\"866\" \/>\r\n<figcaption id=\"caption-attachment-253094\" class=\"wp-caption-text\">Sommet de Gisler du protocole de Gisler photographi\u00e9 le jeudi 26 mars 2026 \u00e0 Zurich. (VOLLTOLL \/ Jana Leu)<\/figcaption>\r\n<\/figure>","protected":false},"excerpt":{"rendered":"<p>Le 26 mars, le quatri\u00e8me sommet Gisler s'est tenu \u00e0 Zurich. Environ 120 participants ont f\u00eat\u00e9 le cinqui\u00e8me anniversaire du protocole Gisler. Sur la sc\u00e8ne, l'activiste Markus Theunert, le professeur Dr Gudrun Sander ainsi que d'autres experts ont discut\u00e9 de la repr\u00e9sentation des personnes handicap\u00e9es dans la publicit\u00e9 suisse. Nous montrons les meilleures images du sommet.<\/p>","protected":false},"author":107,"featured_media":0,"comment_status":"closed","ping_status":"closed","sticky":false,"template":"","format":"standard","meta":{"_acf_changed":false,"_yoast_wpseo_focuskw":"Diversity","_yoast_wpseo_metadesc":"Am 26. M\u00e4rz fand der vierte Gisler-Gipfel in Z\u00fcrich statt. Rund 120 Teilnehmende feierten das 5-j\u00e4hrige Jubil\u00e4um des Gislerprotokolls.","articlekey":"","footnotes":""},"categories":[579],"tags":[3383,5222,4343],"class_list":["post-46706","post","type-post","status-publish","format-standard","hentry","category-human-resources","tag-diversity-and-inclusion-management","tag-gisler-gipfel","tag-markom"],"acf":[],"yoast_head":"<!-- This site is optimized with the Yoast SEO plugin v27.5 - https:\/\/yoast.com\/product\/yoast-seo-wordpress\/ -->\n<title>Diversity ist gesetzt, Inclusion eine Entscheidung: Das war der Gisler-Gipfel 2026 - Organisator<\/title>\n<meta name=\"description\" content=\"Am 26. M\u00e4rz fand der vierte Gisler-Gipfel in Z\u00fcrich statt. Rund 120 Teilnehmende feierten das 5-j\u00e4hrige Jubil\u00e4um des Gislerprotokolls.\" \/>\n<meta name=\"robots\" content=\"index, follow, max-snippet:-1, max-image-preview:large, max-video-preview:-1\" \/>\n<link rel=\"canonical\" href=\"https:\/\/www.organisator.ch\/fr\/ressources-humaines\/2026-03-27\/diversity-ist-gesetzt-inclusion-eine-entscheidung-das-war-der-gisler-gipfel-2026\/\" \/>\n<meta property=\"og:locale\" content=\"fr_FR\" \/>\n<meta property=\"og:type\" content=\"article\" \/>\n<meta property=\"og:title\" content=\"Diversity ist gesetzt, Inclusion eine Entscheidung: Das war der Gisler-Gipfel 2026 - Organisator\" \/>\n<meta property=\"og:description\" content=\"Am 26. M\u00e4rz fand der vierte Gisler-Gipfel in Z\u00fcrich statt. Rund 120 Teilnehmende feierten das 5-j\u00e4hrige Jubil\u00e4um des Gislerprotokolls.\" \/>\n<meta property=\"og:url\" content=\"https:\/\/www.organisator.ch\/fr\/ressources-humaines\/2026-03-27\/diversity-ist-gesetzt-inclusion-eine-entscheidung-das-war-der-gisler-gipfel-2026\/\" \/>\n<meta property=\"og:site_name\" content=\"Organisator\" \/>\n<meta property=\"article:publisher\" content=\"https:\/\/www.facebook.com\/OrganisatorFachmagazin\" \/>\n<meta property=\"article:published_time\" content=\"2026-03-27T09:44:14+00:00\" \/>\n<meta property=\"article:modified_time\" content=\"2026-03-30T05:34:39+00:00\" \/>\n<meta property=\"og:image\" content=\"https:\/\/www.markt-kom.com\/wp-content\/uploads\/2026\/03\/260326170510_lej-scaled.jpg\" \/>\n<meta name=\"author\" content=\"n8n\" \/>\n<meta name=\"twitter:card\" content=\"summary_large_image\" \/>\n<script type=\"application\/ld+json\" class=\"yoast-schema-graph\">{\"@context\":\"https:\\\/\\\/schema.org\",\"@graph\":[{\"@type\":\"Article\",\"@id\":\"https:\\\/\\\/www.organisator.ch\\\/human-resources\\\/2026-03-27\\\/diversity-ist-gesetzt-inclusion-eine-entscheidung-das-war-der-gisler-gipfel-2026\\\/#article\",\"isPartOf\":{\"@id\":\"https:\\\/\\\/www.organisator.ch\\\/human-resources\\\/2026-03-27\\\/diversity-ist-gesetzt-inclusion-eine-entscheidung-das-war-der-gisler-gipfel-2026\\\/\"},\"author\":{\"name\":\"n8n\",\"@id\":\"https:\\\/\\\/www.organisator.ch\\\/#\\\/schema\\\/person\\\/a9d0e0eff238db87a8f840f3b50359f0\"},\"headline\":\"Diversity ist gesetzt, Inclusion eine Entscheidung: Das war der Gisler-Gipfel 2026\",\"datePublished\":\"2026-03-27T09:44:14+00:00\",\"dateModified\":\"2026-03-30T05:34:39+00:00\",\"mainEntityOfPage\":{\"@id\":\"https:\\\/\\\/www.organisator.ch\\\/human-resources\\\/2026-03-27\\\/diversity-ist-gesetzt-inclusion-eine-entscheidung-das-war-der-gisler-gipfel-2026\\\/\"},\"wordCount\":711,\"publisher\":{\"@id\":\"https:\\\/\\\/www.organisator.ch\\\/#organization\"},\"image\":{\"@id\":\"https:\\\/\\\/www.organisator.ch\\\/human-resources\\\/2026-03-27\\\/diversity-ist-gesetzt-inclusion-eine-entscheidung-das-war-der-gisler-gipfel-2026\\\/#primaryimage\"},\"thumbnailUrl\":\"https:\\\/\\\/www.markt-kom.com\\\/wp-content\\\/uploads\\\/2026\\\/03\\\/260326170510_lej-scaled.jpg\",\"keywords\":[\"Diversity and Inclusion Management\",\"Gisler Gipfel\",\"MarKom\"],\"articleSection\":[\"HUMAN RESOURCES\"],\"inLanguage\":\"fr-FR\"},{\"@type\":\"WebPage\",\"@id\":\"https:\\\/\\\/www.organisator.ch\\\/human-resources\\\/2026-03-27\\\/diversity-ist-gesetzt-inclusion-eine-entscheidung-das-war-der-gisler-gipfel-2026\\\/\",\"url\":\"https:\\\/\\\/www.organisator.ch\\\/human-resources\\\/2026-03-27\\\/diversity-ist-gesetzt-inclusion-eine-entscheidung-das-war-der-gisler-gipfel-2026\\\/\",\"name\":\"Diversity ist gesetzt, Inclusion eine Entscheidung: Das war der Gisler-Gipfel 2026 - Organisator\",\"isPartOf\":{\"@id\":\"https:\\\/\\\/www.organisator.ch\\\/#website\"},\"primaryImageOfPage\":{\"@id\":\"https:\\\/\\\/www.organisator.ch\\\/human-resources\\\/2026-03-27\\\/diversity-ist-gesetzt-inclusion-eine-entscheidung-das-war-der-gisler-gipfel-2026\\\/#primaryimage\"},\"image\":{\"@id\":\"https:\\\/\\\/www.organisator.ch\\\/human-resources\\\/2026-03-27\\\/diversity-ist-gesetzt-inclusion-eine-entscheidung-das-war-der-gisler-gipfel-2026\\\/#primaryimage\"},\"thumbnailUrl\":\"https:\\\/\\\/www.markt-kom.com\\\/wp-content\\\/uploads\\\/2026\\\/03\\\/260326170510_lej-scaled.jpg\",\"datePublished\":\"2026-03-27T09:44:14+00:00\",\"dateModified\":\"2026-03-30T05:34:39+00:00\",\"description\":\"Am 26. M\u00e4rz fand der vierte Gisler-Gipfel in Z\u00fcrich statt. Rund 120 Teilnehmende feierten das 5-j\u00e4hrige Jubil\u00e4um des Gislerprotokolls.\",\"breadcrumb\":{\"@id\":\"https:\\\/\\\/www.organisator.ch\\\/human-resources\\\/2026-03-27\\\/diversity-ist-gesetzt-inclusion-eine-entscheidung-das-war-der-gisler-gipfel-2026\\\/#breadcrumb\"},\"inLanguage\":\"fr-FR\",\"potentialAction\":[{\"@type\":\"ReadAction\",\"target\":[\"https:\\\/\\\/www.organisator.ch\\\/human-resources\\\/2026-03-27\\\/diversity-ist-gesetzt-inclusion-eine-entscheidung-das-war-der-gisler-gipfel-2026\\\/\"]}]},{\"@type\":\"ImageObject\",\"inLanguage\":\"fr-FR\",\"@id\":\"https:\\\/\\\/www.organisator.ch\\\/human-resources\\\/2026-03-27\\\/diversity-ist-gesetzt-inclusion-eine-entscheidung-das-war-der-gisler-gipfel-2026\\\/#primaryimage\",\"url\":\"https:\\\/\\\/www.markt-kom.com\\\/wp-content\\\/uploads\\\/2026\\\/03\\\/260326170510_lej-scaled.jpg\",\"contentUrl\":\"https:\\\/\\\/www.markt-kom.com\\\/wp-content\\\/uploads\\\/2026\\\/03\\\/260326170510_lej-scaled.jpg\"},{\"@type\":\"BreadcrumbList\",\"@id\":\"https:\\\/\\\/www.organisator.ch\\\/human-resources\\\/2026-03-27\\\/diversity-ist-gesetzt-inclusion-eine-entscheidung-das-war-der-gisler-gipfel-2026\\\/#breadcrumb\",\"itemListElement\":[{\"@type\":\"ListItem\",\"position\":1,\"name\":\"Home\",\"item\":\"https:\\\/\\\/www.organisator.ch\\\/\"},{\"@type\":\"ListItem\",\"position\":2,\"name\":\"Diversity ist gesetzt, Inclusion eine Entscheidung: Das war der Gisler-Gipfel 2026\"}]},{\"@type\":\"WebSite\",\"@id\":\"https:\\\/\\\/www.organisator.ch\\\/#website\",\"url\":\"https:\\\/\\\/www.organisator.ch\\\/\",\"name\":\"Organisator\",\"description\":\"Kompetent. Praxisnah. Der ORGANISATOR bereitet in 10 Ausgaben pro Jahr die wesentlichen Themen f\u00fcr F\u00fchrungskr\u00e4fte von KMU auf.\",\"publisher\":{\"@id\":\"https:\\\/\\\/www.organisator.ch\\\/#organization\"},\"potentialAction\":[{\"@type\":\"SearchAction\",\"target\":{\"@type\":\"EntryPoint\",\"urlTemplate\":\"https:\\\/\\\/www.organisator.ch\\\/?s={search_term_string}\"},\"query-input\":{\"@type\":\"PropertyValueSpecification\",\"valueRequired\":true,\"valueName\":\"search_term_string\"}}],\"inLanguage\":\"fr-FR\"},{\"@type\":\"Organization\",\"@id\":\"https:\\\/\\\/www.organisator.ch\\\/#organization\",\"name\":\"Organisator\",\"url\":\"https:\\\/\\\/www.organisator.ch\\\/\",\"logo\":{\"@type\":\"ImageObject\",\"inLanguage\":\"fr-FR\",\"@id\":\"https:\\\/\\\/www.organisator.ch\\\/#\\\/schema\\\/logo\\\/image\\\/\",\"url\":\"https:\\\/\\\/www.organisator.ch\\\/wp-content\\\/uploads\\\/2022\\\/01\\\/Logo_Organisator_Website.png\",\"contentUrl\":\"https:\\\/\\\/www.organisator.ch\\\/wp-content\\\/uploads\\\/2022\\\/01\\\/Logo_Organisator_Website.png\",\"width\":800,\"height\":77,\"caption\":\"Organisator\"},\"image\":{\"@id\":\"https:\\\/\\\/www.organisator.ch\\\/#\\\/schema\\\/logo\\\/image\\\/\"},\"sameAs\":[\"https:\\\/\\\/www.facebook.com\\\/OrganisatorFachmagazin\",\"https:\\\/\\\/www.linkedin.com\\\/showcase\\\/organisator-das-magazin-fr-kmu\",\"https:\\\/\\\/www.xing.com\\\/news\\\/pages\\\/organisator-ch-695\",\"https:\\\/\\\/www.youtube.com\\\/channel\\\/UCGP2Sq0iWaZwT3BdIAQFYpw\"]},{\"@type\":\"Person\",\"@id\":\"https:\\\/\\\/www.organisator.ch\\\/#\\\/schema\\\/person\\\/a9d0e0eff238db87a8f840f3b50359f0\",\"name\":\"n8n\",\"image\":{\"@type\":\"ImageObject\",\"inLanguage\":\"fr-FR\",\"@id\":\"https:\\\/\\\/secure.gravatar.com\\\/avatar\\\/5368fb9d03fd415a6f335cece4c15af2502d6ca8651efbd6e8f98427a9795400?s=96&d=mm&r=g\",\"url\":\"https:\\\/\\\/secure.gravatar.com\\\/avatar\\\/5368fb9d03fd415a6f335cece4c15af2502d6ca8651efbd6e8f98427a9795400?s=96&d=mm&r=g\",\"contentUrl\":\"https:\\\/\\\/secure.gravatar.com\\\/avatar\\\/5368fb9d03fd415a6f335cece4c15af2502d6ca8651efbd6e8f98427a9795400?s=96&d=mm&r=g\",\"caption\":\"n8n\"},\"url\":\"https:\\\/\\\/www.organisator.ch\\\/fr\\\/author\\\/n8n\\\/\"}]}<\/script>\n<!-- \/ Yoast SEO plugin. -->","yoast_head_json":{"title":"La diversit\u00e9 est un principe, l'inclusion une d\u00e9cision : C'\u00e9tait le Sommet Gisler 2026 - Organisateur","description":"Le 26 mars, le quatri\u00e8me sommet Gisler s'est tenu \u00e0 Zurich. Environ 120 participants ont f\u00eat\u00e9 les 5 ans du protocole Gisler.","robots":{"index":"index","follow":"follow","max-snippet":"max-snippet:-1","max-image-preview":"max-image-preview:large","max-video-preview":"max-video-preview:-1"},"canonical":"https:\/\/www.organisator.ch\/fr\/ressources-humaines\/2026-03-27\/diversity-ist-gesetzt-inclusion-eine-entscheidung-das-war-der-gisler-gipfel-2026\/","og_locale":"fr_FR","og_type":"article","og_title":"Diversity ist gesetzt, Inclusion eine Entscheidung: Das war der Gisler-Gipfel 2026 - Organisator","og_description":"Am 26. M\u00e4rz fand der vierte Gisler-Gipfel in Z\u00fcrich statt. Rund 120 Teilnehmende feierten das 5-j\u00e4hrige Jubil\u00e4um des Gislerprotokolls.","og_url":"https:\/\/www.organisator.ch\/fr\/ressources-humaines\/2026-03-27\/diversity-ist-gesetzt-inclusion-eine-entscheidung-das-war-der-gisler-gipfel-2026\/","og_site_name":"Organisator","article_publisher":"https:\/\/www.facebook.com\/OrganisatorFachmagazin","article_published_time":"2026-03-27T09:44:14+00:00","article_modified_time":"2026-03-30T05:34:39+00:00","og_image":[{"url":"https:\/\/www.markt-kom.com\/wp-content\/uploads\/2026\/03\/260326170510_lej-scaled.jpg","type":"","width":"","height":""}],"author":"n8n","twitter_card":"summary_large_image","schema":{"@context":"https:\/\/schema.org","@graph":[{"@type":"Article","@id":"https:\/\/www.organisator.ch\/human-resources\/2026-03-27\/diversity-ist-gesetzt-inclusion-eine-entscheidung-das-war-der-gisler-gipfel-2026\/#article","isPartOf":{"@id":"https:\/\/www.organisator.ch\/human-resources\/2026-03-27\/diversity-ist-gesetzt-inclusion-eine-entscheidung-das-war-der-gisler-gipfel-2026\/"},"author":{"name":"n8n","@id":"https:\/\/www.organisator.ch\/#\/schema\/person\/a9d0e0eff238db87a8f840f3b50359f0"},"headline":"Diversity ist gesetzt, Inclusion eine Entscheidung: Das war der Gisler-Gipfel 2026","datePublished":"2026-03-27T09:44:14+00:00","dateModified":"2026-03-30T05:34:39+00:00","mainEntityOfPage":{"@id":"https:\/\/www.organisator.ch\/human-resources\/2026-03-27\/diversity-ist-gesetzt-inclusion-eine-entscheidung-das-war-der-gisler-gipfel-2026\/"},"wordCount":711,"publisher":{"@id":"https:\/\/www.organisator.ch\/#organization"},"image":{"@id":"https:\/\/www.organisator.ch\/human-resources\/2026-03-27\/diversity-ist-gesetzt-inclusion-eine-entscheidung-das-war-der-gisler-gipfel-2026\/#primaryimage"},"thumbnailUrl":"https:\/\/www.markt-kom.com\/wp-content\/uploads\/2026\/03\/260326170510_lej-scaled.jpg","keywords":["Diversity and Inclusion Management","Gisler Gipfel","MarKom"],"articleSection":["HUMAN RESOURCES"],"inLanguage":"fr-FR"},{"@type":"WebPage","@id":"https:\/\/www.organisator.ch\/human-resources\/2026-03-27\/diversity-ist-gesetzt-inclusion-eine-entscheidung-das-war-der-gisler-gipfel-2026\/","url":"https:\/\/www.organisator.ch\/human-resources\/2026-03-27\/diversity-ist-gesetzt-inclusion-eine-entscheidung-das-war-der-gisler-gipfel-2026\/","name":"La diversit\u00e9 est un principe, l'inclusion une d\u00e9cision : C'\u00e9tait le Sommet Gisler 2026 - Organisateur","isPartOf":{"@id":"https:\/\/www.organisator.ch\/#website"},"primaryImageOfPage":{"@id":"https:\/\/www.organisator.ch\/human-resources\/2026-03-27\/diversity-ist-gesetzt-inclusion-eine-entscheidung-das-war-der-gisler-gipfel-2026\/#primaryimage"},"image":{"@id":"https:\/\/www.organisator.ch\/human-resources\/2026-03-27\/diversity-ist-gesetzt-inclusion-eine-entscheidung-das-war-der-gisler-gipfel-2026\/#primaryimage"},"thumbnailUrl":"https:\/\/www.markt-kom.com\/wp-content\/uploads\/2026\/03\/260326170510_lej-scaled.jpg","datePublished":"2026-03-27T09:44:14+00:00","dateModified":"2026-03-30T05:34:39+00:00","description":"Le 26 mars, le quatri\u00e8me sommet Gisler s'est tenu \u00e0 Zurich. Environ 120 participants ont f\u00eat\u00e9 les 5 ans du protocole Gisler.","breadcrumb":{"@id":"https:\/\/www.organisator.ch\/human-resources\/2026-03-27\/diversity-ist-gesetzt-inclusion-eine-entscheidung-das-war-der-gisler-gipfel-2026\/#breadcrumb"},"inLanguage":"fr-FR","potentialAction":[{"@type":"ReadAction","target":["https:\/\/www.organisator.ch\/human-resources\/2026-03-27\/diversity-ist-gesetzt-inclusion-eine-entscheidung-das-war-der-gisler-gipfel-2026\/"]}]},{"@type":"ImageObject","inLanguage":"fr-FR","@id":"https:\/\/www.organisator.ch\/human-resources\/2026-03-27\/diversity-ist-gesetzt-inclusion-eine-entscheidung-das-war-der-gisler-gipfel-2026\/#primaryimage","url":"https:\/\/www.markt-kom.com\/wp-content\/uploads\/2026\/03\/260326170510_lej-scaled.jpg","contentUrl":"https:\/\/www.markt-kom.com\/wp-content\/uploads\/2026\/03\/260326170510_lej-scaled.jpg"},{"@type":"BreadcrumbList","@id":"https:\/\/www.organisator.ch\/human-resources\/2026-03-27\/diversity-ist-gesetzt-inclusion-eine-entscheidung-das-war-der-gisler-gipfel-2026\/#breadcrumb","itemListElement":[{"@type":"ListItem","position":1,"name":"Home","item":"https:\/\/www.organisator.ch\/"},{"@type":"ListItem","position":2,"name":"Diversity ist gesetzt, Inclusion eine Entscheidung: Das war der Gisler-Gipfel 2026"}]},{"@type":"WebSite","@id":"https:\/\/www.organisator.ch\/#website","url":"https:\/\/www.organisator.ch\/","name":"Organisateur","description":"Comp\u00e9tence et comp\u00e9tence. Proches de la pratique. L'ORGANISATEUR pr\u00e9pare 10 num\u00e9ros par an sur les th\u00e8mes essentiels pour les dirigeants de PME.","publisher":{"@id":"https:\/\/www.organisator.ch\/#organization"},"potentialAction":[{"@type":"SearchAction","target":{"@type":"EntryPoint","urlTemplate":"https:\/\/www.organisator.ch\/?s={search_term_string}"},"query-input":{"@type":"PropertyValueSpecification","valueRequired":true,"valueName":"search_term_string"}}],"inLanguage":"fr-FR"},{"@type":"Organization","@id":"https:\/\/www.organisator.ch\/#organization","name":"Organisateur","url":"https:\/\/www.organisator.ch\/","logo":{"@type":"ImageObject","inLanguage":"fr-FR","@id":"https:\/\/www.organisator.ch\/#\/schema\/logo\/image\/","url":"https:\/\/www.organisator.ch\/wp-content\/uploads\/2022\/01\/Logo_Organisator_Website.png","contentUrl":"https:\/\/www.organisator.ch\/wp-content\/uploads\/2022\/01\/Logo_Organisator_Website.png","width":800,"height":77,"caption":"Organisator"},"image":{"@id":"https:\/\/www.organisator.ch\/#\/schema\/logo\/image\/"},"sameAs":["https:\/\/www.facebook.com\/OrganisatorFachmagazin","https:\/\/www.linkedin.com\/showcase\/organisator-das-magazin-fr-kmu","https:\/\/www.xing.com\/news\/pages\/organisator-ch-695","https:\/\/www.youtube.com\/channel\/UCGP2Sq0iWaZwT3BdIAQFYpw"]},{"@type":"Person","@id":"https:\/\/www.organisator.ch\/#\/schema\/person\/a9d0e0eff238db87a8f840f3b50359f0","name":"n8n","image":{"@type":"ImageObject","inLanguage":"fr-FR","@id":"https:\/\/secure.gravatar.com\/avatar\/5368fb9d03fd415a6f335cece4c15af2502d6ca8651efbd6e8f98427a9795400?s=96&d=mm&r=g","url":"https:\/\/secure.gravatar.com\/avatar\/5368fb9d03fd415a6f335cece4c15af2502d6ca8651efbd6e8f98427a9795400?s=96&d=mm&r=g","contentUrl":"https:\/\/secure.gravatar.com\/avatar\/5368fb9d03fd415a6f335cece4c15af2502d6ca8651efbd6e8f98427a9795400?s=96&d=mm&r=g","caption":"n8n"},"url":"https:\/\/www.organisator.ch\/fr\/author\/n8n\/"}]}},"_links":{"self":[{"href":"https:\/\/www.organisator.ch\/fr\/wp-json\/wp\/v2\/posts\/46706","targetHints":{"allow":["GET"]}}],"collection":[{"href":"https:\/\/www.organisator.ch\/fr\/wp-json\/wp\/v2\/posts"}],"about":[{"href":"https:\/\/www.organisator.ch\/fr\/wp-json\/wp\/v2\/types\/post"}],"author":[{"embeddable":true,"href":"https:\/\/www.organisator.ch\/fr\/wp-json\/wp\/v2\/users\/107"}],"replies":[{"embeddable":true,"href":"https:\/\/www.organisator.ch\/fr\/wp-json\/wp\/v2\/comments?post=46706"}],"version-history":[{"count":6,"href":"https:\/\/www.organisator.ch\/fr\/wp-json\/wp\/v2\/posts\/46706\/revisions"}],"predecessor-version":[{"id":46733,"href":"https:\/\/www.organisator.ch\/fr\/wp-json\/wp\/v2\/posts\/46706\/revisions\/46733"}],"wp:attachment":[{"href":"https:\/\/www.organisator.ch\/fr\/wp-json\/wp\/v2\/media?parent=46706"}],"wp:term":[{"taxonomy":"category","embeddable":true,"href":"https:\/\/www.organisator.ch\/fr\/wp-json\/wp\/v2\/categories?post=46706"},{"taxonomy":"post_tag","embeddable":true,"href":"https:\/\/www.organisator.ch\/fr\/wp-json\/wp\/v2\/tags?post=46706"}],"curies":[{"name":"wp","href":"https:\/\/api.w.org\/{rel}","templated":true}]}}