{"id":46711,"date":"2026-03-27T12:16:20","date_gmt":"2026-03-27T11:16:20","guid":{"rendered":"https:\/\/www.markt-kom.com\/de\/?p=253111"},"modified":"2026-03-27T13:31:12","modified_gmt":"2026-03-27T12:31:12","slug":"gfs-zuerich-mit-neuer-co-leitung","status":"publish","type":"post","link":"https:\/\/www.organisator.ch\/fr\/marketing\/2026-03-27\/gfs-zuerich-mit-neuer-co-leitung\/","title":{"rendered":"Gfs-z\u00fcrich avec une nouvelle codirection"},"content":{"rendered":"<figure id=\"attachment_253110\" class=\"wp-caption alignnone\" style=\"width: 1200px;\" aria-describedby=\"caption-attachment-253110\"><img class=\"size-full wp-image-253110\" src=\"https:\/\/www.markt-kom.com\/wp-content\/uploads\/2026\/03\/AndreaundStefan1200.jpg\" sizes=\"(max-width: 1200px) 100vw, 1200px\" srcset=\"https:\/\/www.markt-kom.com\/wp-content\/uploads\/2026\/03\/AndreaundStefan1200.jpg 1200w, https:\/\/www.markt-kom.com\/wp-content\/uploads\/2026\/03\/AndreaundStefan1200-600x400.jpg 600w, https:\/\/www.markt-kom.com\/wp-content\/uploads\/2026\/03\/AndreaundStefan1200-1024x683.jpg 1024w, https:\/\/www.markt-kom.com\/wp-content\/uploads\/2026\/03\/AndreaundStefan1200-768x512.jpg 768w, https:\/\/www.markt-kom.com\/wp-content\/uploads\/2026\/03\/AndreaundStefan1200-18x12.jpg 18w, https:\/\/www.markt-kom.com\/wp-content\/uploads\/2026\/03\/AndreaundStefan1200-263x175.jpg 263w, https:\/\/www.markt-kom.com\/wp-content\/uploads\/2026\/03\/AndreaundStefan1200-525x350.jpg 525w, https:\/\/www.markt-kom.com\/wp-content\/uploads\/2026\/03\/AndreaundStefan1200-1000x667.jpg 1000w\" alt=\"\" width=\"1200\" height=\"800\" \/>\r\n<figcaption id=\"caption-attachment-253110\" class=\"wp-caption-text\">La nouvelle codirection de gfs-z\u00fcrich : Stefan Keller et Dr. Andrea Umbricht. Source : zvg<\/figcaption>\r\n<\/figure>\r\n<p>L'institut de recherche zurichois gfs-z\u00fcrich mise sur la continuit\u00e9 et de nouvelles impulsions : avec Stefan Keller et Dr. Andrea Umbricht, c'est une codirection exp\u00e9riment\u00e9e qui reprend la direction de l'entreprise. Tous deux sont d\u00e9j\u00e0 fermement li\u00e9s \u00e0 gfs-z\u00fcrich depuis plus d'une d\u00e9cennie et connaissent parfaitement l'entreprise et ses clients. Ils font partie de la direction depuis 2024 et sont d\u00e9sormais responsables de l'orientation strat\u00e9gique en tant que nouveaux propri\u00e9taires.<\/p>\r\n<h3>Passage de t\u00e9moin r\u00e9glement\u00e9 avec le Dr Andreas Schaub<\/h3>\r\n<p>Dr. Andreas Schaub, l'ancien propri\u00e9taire et directeur, se retire de la direction op\u00e9rationnelle, mais reste \u00e0 la disposition de gfs-z\u00fcrich pour trois ann\u00e9es suppl\u00e9mentaires en tant que chef de projet senior. Il continuera \u00e0 apporter sa vaste expertise aux projets et assurera ainsi une transition en douceur vers la nouvelle codirection. Cette continuit\u00e9 doit donner de la s\u00e9curit\u00e9 aux clients.<\/p>\r\n<h3>Stefan Keller : d'analyste de donn\u00e9es \u00e0 co-directeur g\u00e9n\u00e9ral<\/h3>\r\n<p>Stefan Keller, n\u00e9 le 11 d\u00e9cembre 1982, a rejoint l'entreprise en 2013 en tant que collaborateur de projet et analyste de donn\u00e9es. Apr\u00e8s une formation commerciale initiale et trois ans d'exp\u00e9rience professionnelle dans la comptabilit\u00e9 financi\u00e8re, il a \u00e9tudi\u00e9 la sociologie aux universit\u00e9s de Zurich et de Constance. En 2016, il a pris une fonction de chef de projet chez gfs-z\u00fcrich. Ce p\u00e8re de trois enfants vit avec sa famille \u00e0 Mettlen TG.<\/p>\r\n<h3>Dr. Andrea Umbricht : L'expertise scientifique rencontre l'exp\u00e9rience pratique<\/h3>\r\n<p>Dr. Andrea Umbricht, n\u00e9e le 26 novembre 1981, a rejoint gfs-z\u00fcrich en 2015 en tant que responsable de projet. Elle a \u00e9tudi\u00e9 les sciences de la communication et la recherche sur les m\u00e9dias, avec des mati\u00e8res secondaires comme la politologie et la sociologie. Elle a ensuite \u00e9t\u00e9 assistante scientifique et charg\u00e9e de cours \u00e0 l'IKMZ de l'universit\u00e9 de Zurich. En 2014, elle a obtenu un doctorat sur le journalisme politique. Andrea Umbricht est m\u00e8re de trois enfants et vit avec sa famille \u00e0 Zurich.<\/p>\r\n<p>La nouvelle codirection doit encore renforcer gfs-z\u00fcrich. Selon les indications de l'entreprise, l'engagement pour une qualit\u00e9 maximale et la satisfaction des clients reste inchang\u00e9. Avec cette double direction, l'institut de recherche mise sur une large expertise dans les domaines des \u00e9tudes de march\u00e9 et des \u00e9tudes sociales.<\/p>\r\n<p><em>Plus d'informations : <a href=\"https:\/\/www.gfs-zh.ch\/\" rel=\"noopener\">https:\/\/www.gfs-zh.ch<\/a><\/em><\/p>","protected":false},"excerpt":{"rendered":"<p>L'institut de recherche gfs-z\u00fcrich a un nouveau propri\u00e9taire et une nouvelle codirection : Stefan Keller et Dr. Andrea Umbricht reprennent ensemble la direction. Tous deux travaillent dans l'entreprise depuis plus de dix ans et faisaient partie de la direction depuis 2024. L'ancien propri\u00e9taire, le Dr Andreas Schaub, reste dans l'entreprise pour trois ans en tant que chef de projet senior.<\/p>","protected":false},"author":107,"featured_media":0,"comment_status":"closed","ping_status":"closed","sticky":false,"template":"","format":"standard","meta":{"_acf_changed":false,"_yoast_wpseo_focuskw":"Gfs-z\u00fcrich","_yoast_wpseo_metadesc":"Das Forschungsinstitut gfs-z\u00fcrich hat eine neue Eigent\u00fcmerschaft: Stefan Keller und Dr. Andrea Umbricht \u00fcbernehmen gemeinsam die F\u00fchrung.","articlekey":"","footnotes":""},"categories":[29],"tags":[4343,341],"class_list":["post-46711","post","type-post","status-publish","format-standard","hentry","category-marketing","tag-markom","tag-marktforschung"],"acf":[],"yoast_head":"<!-- This site is optimized with the Yoast SEO plugin v27.5 - https:\/\/yoast.com\/product\/yoast-seo-wordpress\/ -->\n<title>Gfs-z\u00fcrich mit neuer Co-Leitung - Organisator<\/title>\n<meta name=\"description\" content=\"Das Forschungsinstitut gfs-z\u00fcrich hat eine neue Eigent\u00fcmerschaft: Stefan Keller und Dr. Andrea Umbricht \u00fcbernehmen gemeinsam die F\u00fchrung.\" \/>\n<meta name=\"robots\" content=\"index, follow, max-snippet:-1, max-image-preview:large, max-video-preview:-1\" \/>\n<link rel=\"canonical\" href=\"https:\/\/www.organisator.ch\/fr\/marketing\/2026-03-27\/gfs-zuerich-mit-neuer-co-leitung\/\" \/>\n<meta property=\"og:locale\" content=\"fr_FR\" \/>\n<meta property=\"og:type\" content=\"article\" \/>\n<meta property=\"og:title\" content=\"Gfs-z\u00fcrich mit neuer Co-Leitung - Organisator\" \/>\n<meta property=\"og:description\" content=\"Das Forschungsinstitut gfs-z\u00fcrich hat eine neue Eigent\u00fcmerschaft: Stefan Keller und Dr. Andrea Umbricht \u00fcbernehmen gemeinsam die F\u00fchrung.\" \/>\n<meta property=\"og:url\" content=\"https:\/\/www.organisator.ch\/fr\/marketing\/2026-03-27\/gfs-zuerich-mit-neuer-co-leitung\/\" \/>\n<meta property=\"og:site_name\" content=\"Organisator\" \/>\n<meta property=\"article:publisher\" content=\"https:\/\/www.facebook.com\/OrganisatorFachmagazin\" \/>\n<meta property=\"article:published_time\" content=\"2026-03-27T11:16:20+00:00\" \/>\n<meta property=\"article:modified_time\" content=\"2026-03-27T12:31:12+00:00\" \/>\n<meta name=\"author\" content=\"n8n\" \/>\n<meta name=\"twitter:card\" content=\"summary_large_image\" \/>\n<script type=\"application\/ld+json\" class=\"yoast-schema-graph\">{\"@context\":\"https:\\\/\\\/schema.org\",\"@graph\":[{\"@type\":\"Article\",\"@id\":\"https:\\\/\\\/www.organisator.ch\\\/marketing\\\/2026-03-27\\\/gfs-zuerich-mit-neuer-co-leitung\\\/#article\",\"isPartOf\":{\"@id\":\"https:\\\/\\\/www.organisator.ch\\\/marketing\\\/2026-03-27\\\/gfs-zuerich-mit-neuer-co-leitung\\\/\"},\"author\":{\"name\":\"n8n\",\"@id\":\"https:\\\/\\\/www.organisator.ch\\\/#\\\/schema\\\/person\\\/a9d0e0eff238db87a8f840f3b50359f0\"},\"headline\":\"Gfs-z\u00fcrich mit neuer Co-Leitung\",\"datePublished\":\"2026-03-27T11:16:20+00:00\",\"dateModified\":\"2026-03-27T12:31:12+00:00\",\"mainEntityOfPage\":{\"@id\":\"https:\\\/\\\/www.organisator.ch\\\/marketing\\\/2026-03-27\\\/gfs-zuerich-mit-neuer-co-leitung\\\/\"},\"wordCount\":332,\"publisher\":{\"@id\":\"https:\\\/\\\/www.organisator.ch\\\/#organization\"},\"image\":{\"@id\":\"https:\\\/\\\/www.organisator.ch\\\/marketing\\\/2026-03-27\\\/gfs-zuerich-mit-neuer-co-leitung\\\/#primaryimage\"},\"thumbnailUrl\":\"https:\\\/\\\/www.markt-kom.com\\\/wp-content\\\/uploads\\\/2026\\\/03\\\/AndreaundStefan1200.jpg\",\"keywords\":[\"MarKom\",\"Marktforschung\"],\"articleSection\":[\"MARKETING\"],\"inLanguage\":\"fr-FR\"},{\"@type\":\"WebPage\",\"@id\":\"https:\\\/\\\/www.organisator.ch\\\/marketing\\\/2026-03-27\\\/gfs-zuerich-mit-neuer-co-leitung\\\/\",\"url\":\"https:\\\/\\\/www.organisator.ch\\\/marketing\\\/2026-03-27\\\/gfs-zuerich-mit-neuer-co-leitung\\\/\",\"name\":\"Gfs-z\u00fcrich mit neuer Co-Leitung - Organisator\",\"isPartOf\":{\"@id\":\"https:\\\/\\\/www.organisator.ch\\\/#website\"},\"primaryImageOfPage\":{\"@id\":\"https:\\\/\\\/www.organisator.ch\\\/marketing\\\/2026-03-27\\\/gfs-zuerich-mit-neuer-co-leitung\\\/#primaryimage\"},\"image\":{\"@id\":\"https:\\\/\\\/www.organisator.ch\\\/marketing\\\/2026-03-27\\\/gfs-zuerich-mit-neuer-co-leitung\\\/#primaryimage\"},\"thumbnailUrl\":\"https:\\\/\\\/www.markt-kom.com\\\/wp-content\\\/uploads\\\/2026\\\/03\\\/AndreaundStefan1200.jpg\",\"datePublished\":\"2026-03-27T11:16:20+00:00\",\"dateModified\":\"2026-03-27T12:31:12+00:00\",\"description\":\"Das Forschungsinstitut gfs-z\u00fcrich hat eine neue Eigent\u00fcmerschaft: Stefan Keller und Dr. Andrea Umbricht \u00fcbernehmen gemeinsam die F\u00fchrung.\",\"breadcrumb\":{\"@id\":\"https:\\\/\\\/www.organisator.ch\\\/marketing\\\/2026-03-27\\\/gfs-zuerich-mit-neuer-co-leitung\\\/#breadcrumb\"},\"inLanguage\":\"fr-FR\",\"potentialAction\":[{\"@type\":\"ReadAction\",\"target\":[\"https:\\\/\\\/www.organisator.ch\\\/marketing\\\/2026-03-27\\\/gfs-zuerich-mit-neuer-co-leitung\\\/\"]}]},{\"@type\":\"ImageObject\",\"inLanguage\":\"fr-FR\",\"@id\":\"https:\\\/\\\/www.organisator.ch\\\/marketing\\\/2026-03-27\\\/gfs-zuerich-mit-neuer-co-leitung\\\/#primaryimage\",\"url\":\"https:\\\/\\\/www.markt-kom.com\\\/wp-content\\\/uploads\\\/2026\\\/03\\\/AndreaundStefan1200.jpg\",\"contentUrl\":\"https:\\\/\\\/www.markt-kom.com\\\/wp-content\\\/uploads\\\/2026\\\/03\\\/AndreaundStefan1200.jpg\"},{\"@type\":\"BreadcrumbList\",\"@id\":\"https:\\\/\\\/www.organisator.ch\\\/marketing\\\/2026-03-27\\\/gfs-zuerich-mit-neuer-co-leitung\\\/#breadcrumb\",\"itemListElement\":[{\"@type\":\"ListItem\",\"position\":1,\"name\":\"Home\",\"item\":\"https:\\\/\\\/www.organisator.ch\\\/\"},{\"@type\":\"ListItem\",\"position\":2,\"name\":\"Gfs-z\u00fcrich mit neuer Co-Leitung\"}]},{\"@type\":\"WebSite\",\"@id\":\"https:\\\/\\\/www.organisator.ch\\\/#website\",\"url\":\"https:\\\/\\\/www.organisator.ch\\\/\",\"name\":\"Organisator\",\"description\":\"Kompetent. Praxisnah. Der ORGANISATOR bereitet in 10 Ausgaben pro Jahr die wesentlichen Themen f\u00fcr F\u00fchrungskr\u00e4fte von KMU auf.\",\"publisher\":{\"@id\":\"https:\\\/\\\/www.organisator.ch\\\/#organization\"},\"potentialAction\":[{\"@type\":\"SearchAction\",\"target\":{\"@type\":\"EntryPoint\",\"urlTemplate\":\"https:\\\/\\\/www.organisator.ch\\\/?s={search_term_string}\"},\"query-input\":{\"@type\":\"PropertyValueSpecification\",\"valueRequired\":true,\"valueName\":\"search_term_string\"}}],\"inLanguage\":\"fr-FR\"},{\"@type\":\"Organization\",\"@id\":\"https:\\\/\\\/www.organisator.ch\\\/#organization\",\"name\":\"Organisator\",\"url\":\"https:\\\/\\\/www.organisator.ch\\\/\",\"logo\":{\"@type\":\"ImageObject\",\"inLanguage\":\"fr-FR\",\"@id\":\"https:\\\/\\\/www.organisator.ch\\\/#\\\/schema\\\/logo\\\/image\\\/\",\"url\":\"https:\\\/\\\/www.organisator.ch\\\/wp-content\\\/uploads\\\/2022\\\/01\\\/Logo_Organisator_Website.png\",\"contentUrl\":\"https:\\\/\\\/www.organisator.ch\\\/wp-content\\\/uploads\\\/2022\\\/01\\\/Logo_Organisator_Website.png\",\"width\":800,\"height\":77,\"caption\":\"Organisator\"},\"image\":{\"@id\":\"https:\\\/\\\/www.organisator.ch\\\/#\\\/schema\\\/logo\\\/image\\\/\"},\"sameAs\":[\"https:\\\/\\\/www.facebook.com\\\/OrganisatorFachmagazin\",\"https:\\\/\\\/www.linkedin.com\\\/showcase\\\/organisator-das-magazin-fr-kmu\",\"https:\\\/\\\/www.xing.com\\\/news\\\/pages\\\/organisator-ch-695\",\"https:\\\/\\\/www.youtube.com\\\/channel\\\/UCGP2Sq0iWaZwT3BdIAQFYpw\"]},{\"@type\":\"Person\",\"@id\":\"https:\\\/\\\/www.organisator.ch\\\/#\\\/schema\\\/person\\\/a9d0e0eff238db87a8f840f3b50359f0\",\"name\":\"n8n\",\"image\":{\"@type\":\"ImageObject\",\"inLanguage\":\"fr-FR\",\"@id\":\"https:\\\/\\\/secure.gravatar.com\\\/avatar\\\/5368fb9d03fd415a6f335cece4c15af2502d6ca8651efbd6e8f98427a9795400?s=96&d=mm&r=g\",\"url\":\"https:\\\/\\\/secure.gravatar.com\\\/avatar\\\/5368fb9d03fd415a6f335cece4c15af2502d6ca8651efbd6e8f98427a9795400?s=96&d=mm&r=g\",\"contentUrl\":\"https:\\\/\\\/secure.gravatar.com\\\/avatar\\\/5368fb9d03fd415a6f335cece4c15af2502d6ca8651efbd6e8f98427a9795400?s=96&d=mm&r=g\",\"caption\":\"n8n\"},\"url\":\"https:\\\/\\\/www.organisator.ch\\\/fr\\\/author\\\/n8n\\\/\"}]}<\/script>\n<!-- \/ Yoast SEO plugin. -->","yoast_head_json":{"title":"Gfs-z\u00fcrich avec une nouvelle codirection - Organisateur","description":"L'institut de recherche gfs-z\u00fcrich a un nouveau propri\u00e9taire : Stefan Keller et Dr. Andrea Umbricht reprennent ensemble la direction.","robots":{"index":"index","follow":"follow","max-snippet":"max-snippet:-1","max-image-preview":"max-image-preview:large","max-video-preview":"max-video-preview:-1"},"canonical":"https:\/\/www.organisator.ch\/fr\/marketing\/2026-03-27\/gfs-zuerich-mit-neuer-co-leitung\/","og_locale":"fr_FR","og_type":"article","og_title":"Gfs-z\u00fcrich mit neuer Co-Leitung - Organisator","og_description":"Das Forschungsinstitut gfs-z\u00fcrich hat eine neue Eigent\u00fcmerschaft: Stefan Keller und Dr. Andrea Umbricht \u00fcbernehmen gemeinsam die F\u00fchrung.","og_url":"https:\/\/www.organisator.ch\/fr\/marketing\/2026-03-27\/gfs-zuerich-mit-neuer-co-leitung\/","og_site_name":"Organisator","article_publisher":"https:\/\/www.facebook.com\/OrganisatorFachmagazin","article_published_time":"2026-03-27T11:16:20+00:00","article_modified_time":"2026-03-27T12:31:12+00:00","author":"n8n","twitter_card":"summary_large_image","schema":{"@context":"https:\/\/schema.org","@graph":[{"@type":"Article","@id":"https:\/\/www.organisator.ch\/marketing\/2026-03-27\/gfs-zuerich-mit-neuer-co-leitung\/#article","isPartOf":{"@id":"https:\/\/www.organisator.ch\/marketing\/2026-03-27\/gfs-zuerich-mit-neuer-co-leitung\/"},"author":{"name":"n8n","@id":"https:\/\/www.organisator.ch\/#\/schema\/person\/a9d0e0eff238db87a8f840f3b50359f0"},"headline":"Gfs-z\u00fcrich mit neuer Co-Leitung","datePublished":"2026-03-27T11:16:20+00:00","dateModified":"2026-03-27T12:31:12+00:00","mainEntityOfPage":{"@id":"https:\/\/www.organisator.ch\/marketing\/2026-03-27\/gfs-zuerich-mit-neuer-co-leitung\/"},"wordCount":332,"publisher":{"@id":"https:\/\/www.organisator.ch\/#organization"},"image":{"@id":"https:\/\/www.organisator.ch\/marketing\/2026-03-27\/gfs-zuerich-mit-neuer-co-leitung\/#primaryimage"},"thumbnailUrl":"https:\/\/www.markt-kom.com\/wp-content\/uploads\/2026\/03\/AndreaundStefan1200.jpg","keywords":["MarKom","Marktforschung"],"articleSection":["MARKETING"],"inLanguage":"fr-FR"},{"@type":"WebPage","@id":"https:\/\/www.organisator.ch\/marketing\/2026-03-27\/gfs-zuerich-mit-neuer-co-leitung\/","url":"https:\/\/www.organisator.ch\/marketing\/2026-03-27\/gfs-zuerich-mit-neuer-co-leitung\/","name":"Gfs-z\u00fcrich avec une nouvelle codirection - Organisateur","isPartOf":{"@id":"https:\/\/www.organisator.ch\/#website"},"primaryImageOfPage":{"@id":"https:\/\/www.organisator.ch\/marketing\/2026-03-27\/gfs-zuerich-mit-neuer-co-leitung\/#primaryimage"},"image":{"@id":"https:\/\/www.organisator.ch\/marketing\/2026-03-27\/gfs-zuerich-mit-neuer-co-leitung\/#primaryimage"},"thumbnailUrl":"https:\/\/www.markt-kom.com\/wp-content\/uploads\/2026\/03\/AndreaundStefan1200.jpg","datePublished":"2026-03-27T11:16:20+00:00","dateModified":"2026-03-27T12:31:12+00:00","description":"L'institut de recherche gfs-z\u00fcrich a un nouveau propri\u00e9taire : Stefan Keller et Dr. Andrea Umbricht reprennent ensemble la direction.","breadcrumb":{"@id":"https:\/\/www.organisator.ch\/marketing\/2026-03-27\/gfs-zuerich-mit-neuer-co-leitung\/#breadcrumb"},"inLanguage":"fr-FR","potentialAction":[{"@type":"ReadAction","target":["https:\/\/www.organisator.ch\/marketing\/2026-03-27\/gfs-zuerich-mit-neuer-co-leitung\/"]}]},{"@type":"ImageObject","inLanguage":"fr-FR","@id":"https:\/\/www.organisator.ch\/marketing\/2026-03-27\/gfs-zuerich-mit-neuer-co-leitung\/#primaryimage","url":"https:\/\/www.markt-kom.com\/wp-content\/uploads\/2026\/03\/AndreaundStefan1200.jpg","contentUrl":"https:\/\/www.markt-kom.com\/wp-content\/uploads\/2026\/03\/AndreaundStefan1200.jpg"},{"@type":"BreadcrumbList","@id":"https:\/\/www.organisator.ch\/marketing\/2026-03-27\/gfs-zuerich-mit-neuer-co-leitung\/#breadcrumb","itemListElement":[{"@type":"ListItem","position":1,"name":"Home","item":"https:\/\/www.organisator.ch\/"},{"@type":"ListItem","position":2,"name":"Gfs-z\u00fcrich mit neuer Co-Leitung"}]},{"@type":"WebSite","@id":"https:\/\/www.organisator.ch\/#website","url":"https:\/\/www.organisator.ch\/","name":"Organisateur","description":"Comp\u00e9tence et comp\u00e9tence. Proches de la pratique. L'ORGANISATEUR pr\u00e9pare 10 num\u00e9ros par an sur les th\u00e8mes essentiels pour les dirigeants de PME.","publisher":{"@id":"https:\/\/www.organisator.ch\/#organization"},"potentialAction":[{"@type":"SearchAction","target":{"@type":"EntryPoint","urlTemplate":"https:\/\/www.organisator.ch\/?s={search_term_string}"},"query-input":{"@type":"PropertyValueSpecification","valueRequired":true,"valueName":"search_term_string"}}],"inLanguage":"fr-FR"},{"@type":"Organization","@id":"https:\/\/www.organisator.ch\/#organization","name":"Organisateur","url":"https:\/\/www.organisator.ch\/","logo":{"@type":"ImageObject","inLanguage":"fr-FR","@id":"https:\/\/www.organisator.ch\/#\/schema\/logo\/image\/","url":"https:\/\/www.organisator.ch\/wp-content\/uploads\/2022\/01\/Logo_Organisator_Website.png","contentUrl":"https:\/\/www.organisator.ch\/wp-content\/uploads\/2022\/01\/Logo_Organisator_Website.png","width":800,"height":77,"caption":"Organisator"},"image":{"@id":"https:\/\/www.organisator.ch\/#\/schema\/logo\/image\/"},"sameAs":["https:\/\/www.facebook.com\/OrganisatorFachmagazin","https:\/\/www.linkedin.com\/showcase\/organisator-das-magazin-fr-kmu","https:\/\/www.xing.com\/news\/pages\/organisator-ch-695","https:\/\/www.youtube.com\/channel\/UCGP2Sq0iWaZwT3BdIAQFYpw"]},{"@type":"Person","@id":"https:\/\/www.organisator.ch\/#\/schema\/person\/a9d0e0eff238db87a8f840f3b50359f0","name":"n8n","image":{"@type":"ImageObject","inLanguage":"fr-FR","@id":"https:\/\/secure.gravatar.com\/avatar\/5368fb9d03fd415a6f335cece4c15af2502d6ca8651efbd6e8f98427a9795400?s=96&d=mm&r=g","url":"https:\/\/secure.gravatar.com\/avatar\/5368fb9d03fd415a6f335cece4c15af2502d6ca8651efbd6e8f98427a9795400?s=96&d=mm&r=g","contentUrl":"https:\/\/secure.gravatar.com\/avatar\/5368fb9d03fd415a6f335cece4c15af2502d6ca8651efbd6e8f98427a9795400?s=96&d=mm&r=g","caption":"n8n"},"url":"https:\/\/www.organisator.ch\/fr\/author\/n8n\/"}]}},"_links":{"self":[{"href":"https:\/\/www.organisator.ch\/fr\/wp-json\/wp\/v2\/posts\/46711","targetHints":{"allow":["GET"]}}],"collection":[{"href":"https:\/\/www.organisator.ch\/fr\/wp-json\/wp\/v2\/posts"}],"about":[{"href":"https:\/\/www.organisator.ch\/fr\/wp-json\/wp\/v2\/types\/post"}],"author":[{"embeddable":true,"href":"https:\/\/www.organisator.ch\/fr\/wp-json\/wp\/v2\/users\/107"}],"replies":[{"embeddable":true,"href":"https:\/\/www.organisator.ch\/fr\/wp-json\/wp\/v2\/comments?post=46711"}],"version-history":[{"count":3,"href":"https:\/\/www.organisator.ch\/fr\/wp-json\/wp\/v2\/posts\/46711\/revisions"}],"predecessor-version":[{"id":46719,"href":"https:\/\/www.organisator.ch\/fr\/wp-json\/wp\/v2\/posts\/46711\/revisions\/46719"}],"wp:attachment":[{"href":"https:\/\/www.organisator.ch\/fr\/wp-json\/wp\/v2\/media?parent=46711"}],"wp:term":[{"taxonomy":"category","embeddable":true,"href":"https:\/\/www.organisator.ch\/fr\/wp-json\/wp\/v2\/categories?post=46711"},{"taxonomy":"post_tag","embeddable":true,"href":"https:\/\/www.organisator.ch\/fr\/wp-json\/wp\/v2\/tags?post=46711"}],"curies":[{"name":"wp","href":"https:\/\/api.w.org\/{rel}","templated":true}]}}