{"id":4676,"date":"2018-12-13T09:23:41","date_gmt":"2018-12-13T08:23:41","guid":{"rendered":"https:\/\/www.organisator.ch\/?p=4676"},"modified":"2018-12-13T09:23:41","modified_gmt":"2018-12-13T08:23:41","slug":"drei-erp-trends-fuer-2019-die-kmu-beachten-sollten","status":"publish","type":"post","link":"https:\/\/www.organisator.ch\/fr\/management\/it\/2018-12-13\/drei-erp-trends-fuer-2019-die-kmu-beachten-sollten\/","title":{"rendered":"Trois tendances ERP pour 2019 auxquelles les PME doivent pr\u00eater attention"},"content":{"rendered":"<figure id=\"attachment_4677\" aria-describedby=\"caption-attachment-4677\" style=\"width: 333px\" class=\"wp-caption alignnone\"><img loading=\"lazy\" decoding=\"async\" class=\"size-full wp-image-4677\" src=\"https:\/\/www.organisator.ch\/wp-content\/uploads\/2018\/12\/Drei-ERP-Trends-fuer-2019-die-KMU-beachten-sollten_Organisator.jpg\" alt=\"\" width=\"333\" height=\"358\" srcset=\"https:\/\/www.organisator.ch\/wp-content\/uploads\/2018\/12\/Drei-ERP-Trends-fuer-2019-die-KMU-beachten-sollten_Organisator.jpg 333w, https:\/\/www.organisator.ch\/wp-content\/uploads\/2018\/12\/Drei-ERP-Trends-fuer-2019-die-KMU-beachten-sollten_Organisator-11x12.jpg 11w, https:\/\/www.organisator.ch\/wp-content\/uploads\/2018\/12\/Drei-ERP-Trends-fuer-2019-die-KMU-beachten-sollten_Organisator-163x175.jpg 163w, https:\/\/www.organisator.ch\/wp-content\/uploads\/2018\/12\/Drei-ERP-Trends-fuer-2019-die-KMU-beachten-sollten_Organisator-326x350.jpg 326w, https:\/\/www.organisator.ch\/wp-content\/uploads\/2018\/12\/Drei-ERP-Trends-fuer-2019-die-KMU-beachten-sollten_Organisator-300x323.jpg 300w\" sizes=\"auto, (max-width: 333px) 100vw, 333px\" \/><figcaption id=\"caption-attachment-4677\" class=\"wp-caption-text\">David Lauchenauer, directeur et associ\u00e9 du groupe Myfactory, s'exprime sur les tendances ERP pour 2019. (Source : Myfactory)<\/figcaption><\/figure>\n<p>David Lauchenauer - directeur et associ\u00e9 du groupe Myfactory - r\u00e9sume ainsi les \u00e9volutions que les PME ne doivent pas manquer :<\/p>\n<h2>Le couple parfait : ERP et IIOT<\/h2>\n<p>L'ann\u00e9e prochaine \u00e9galement, de plus en plus d'appareils, de capteurs et de produits seront connect\u00e9s \u00e0 Internet. La plateforme centrale pour les donn\u00e9es collect\u00e9es est le syst\u00e8me ERP du cloud. Une fois enregistr\u00e9es dans le logiciel et mises en r\u00e9seau de mani\u00e8re judicieuse, les petites et moyennes entreprises (PME) en particulier b\u00e9n\u00e9ficient d'un \u00e9norme avantage concurrentiel : qu'il s'agisse d'am\u00e9liorer les cha\u00eenes d'approvisionnement, les processus de support ou les capteurs robotis\u00e9s dans l'atelier de fabrication, les <a href=\"https:\/\/erp-hero.agency\/iiot-ready-myfactory-ermoeglicht-automatisierung-im-support\/\">Fusion de l'IIoT et de l'ERP<\/a> automatise les processus commerciaux et aide \u00e0 la prise de d\u00e9cision. Pour y parvenir, les PME doivent toutefois se poser les questions suivantes :<\/p>\n<ul>\n<li>Objectif : pourquoi ai-je besoin des donn\u00e9es, que souhaite-je optimiser ?<\/li>\n<li>La source : De quelles donn\u00e9es ai-je besoin et d'o\u00f9 proviennent-elles ?<\/li>\n<li>l'interface : Comment int\u00e9grer les donn\u00e9es dans mon syst\u00e8me ERP ?<\/li>\n<li>R\u00e9sultat : comment puis-je automatiser des processus sur la base des donn\u00e9es ?<\/li>\n<li>Responsabilit\u00e9 : qui est responsable de l'analyse globale des donn\u00e9es dans l'entreprise ?<\/li>\n<\/ul>\n<p>Une fois ces questions r\u00e9solues, il est possible de choisir le syst\u00e8me ERP en cons\u00e9quence ou d'adapter le syst\u00e8me existant. L'important est avant tout la disponibilit\u00e9, l'\u00e9volutivit\u00e9 et la flexibilit\u00e9 de la solution, afin de r\u00e9pondre aux exigences individuelles actuelles et futures.<\/p>\n<h2>L'\u00e9tape suivante : ERP et marketing num\u00e9rique<\/h2>\n<p>Les utilisateurs des m\u00e9dias sociaux seront de plus en plus nombreux dans les ann\u00e9es \u00e0 venir. Cela a d'immenses cons\u00e9quences, surtout pour le marketing, mais aussi pour les ventes et le support. Les syst\u00e8mes ERP doivent donc \u00eatre en mesure d'int\u00e9grer le marketing direct sur plusieurs canaux de m\u00e9dias sociaux. C'est la seule fa\u00e7on pour les petites et moyennes entreprises de rester comp\u00e9titives. Ainsi, les ERP en nuage ne seront plus seulement ax\u00e9s sur les activit\u00e9s op\u00e9rationnelles, mais aussi de plus en plus sur le marketing.<\/p>\n<p>Le web social n'est pas seulement pertinent pour les professionnels de la vente et du marketing. Il gagne \u00e9galement en importance pour d'autres disciplines. Dans le domaine des ressources humaines, par exemple, de plus en plus de recruteurs recherchent des candidats et des collaborateurs potentiels directement sur les canaux sociaux. Cette \u00e9volution doit \u00eatre repr\u00e9sent\u00e9e dans l'ERP ou le CRM.<\/p>\n<h2>La compl\u00e9mentarit\u00e9 id\u00e9ale : ERP et intelligence artificielle<\/h2>\n<p>L'objectif de l'intelligence artificielle (IA) est de laisser les machines prendre des d\u00e9cisions. Qu'il s'agisse de l'\u00e9vitement en cas de conduite autonome ou de l'arr\u00eat d'une machine en cas de surchauffe. Le syst\u00e8me ERP du futur adoptera une autre approche : Il ne s'agira plus \u00e0 l'avenir de prendre en charge les d\u00e9cisions humaines, mais de les compl\u00e9ter. L'accent est donc mis sur le soutien technologique de l'utilisateur. Le r\u00e9sultat se traduit par exemple par des syst\u00e8mes avec lesquels l'utilisateur interagit - par exemple, le <a href=\"https:\/\/erp-hero.agency\/myfactory-setzt-auf-robotic-process-automation\/\">Chatbot<\/a>. Il est d'abord aliment\u00e9 par les questions et les r\u00e9ponses les plus importantes. Ensuite, le syst\u00e8me apprend de mani\u00e8re autonome sur la base des informations saisies en mode r\u00e9el. L'utilisateur est ainsi assist\u00e9 sans trop d'efforts et \u00e0 toute heure du jour et de la nuit, surtout lorsqu'il s'agit de logiciels qui m\u00e9ritent d'\u00eatre expliqu\u00e9s.<\/p>\n<p><em>Source et informations compl\u00e9mentaires sur les tendances ERP : <a href=\"https:\/\/www.myfactoryschweiz.ch\/\">Myfactory Software Suisse SA<\/a><\/em><\/p>","protected":false},"excerpt":{"rendered":"<p>Welche Entwicklungen KMU nicht verpassen d\u00fcrfen, fasst David Lauchenauer \u2013 Gesch\u00e4ftsf\u00fchrer und Gesellschafter der Myfactory Gruppe \u2013 wie folgt zusammen: Das perfekte Paar: ERP und IIOT Auch im n\u00e4chsten Jahr werden immer mehr Ger\u00e4te, Sensoren und Produkte mit dem Internet vernetzt. Die zentrale Plattform f\u00fcr die erhobenen Daten ist das ERP-System aus der Cloud. Einmal [&hellip;]<\/p>\n","protected":false},"author":4,"featured_media":4677,"comment_status":"open","ping_status":"open","sticky":false,"template":"","format":"standard","meta":{"_acf_changed":false,"_yoast_wpseo_focuskw":"ERP-Trends","_yoast_wpseo_metadesc":"In wenigen Wochen ist es soweit: Das neue Jahr bricht heran und bringt wieder neue Entwicklungen mit. Das gilt auch f\u00fcr die ERP-Branche.","articlekey":"","footnotes":""},"categories":[27],"tags":[123,286,288,393,485],"class_list":["post-4676","post","type-post","status-publish","format-standard","has-post-thumbnail","hentry","category-it","tag-cloud-computing","tag-it","tag-it-business-software","tag-produkte","tag-trends"],"acf":[],"yoast_head":"<!-- This site is optimized with the Yoast SEO plugin v27.5 - https:\/\/yoast.com\/product\/yoast-seo-wordpress\/ -->\n<title>Drei ERP-Trends f\u00fcr 2019, die KMU beachten sollten - Organisator<\/title>\n<meta name=\"description\" content=\"In wenigen Wochen ist es soweit: Das neue Jahr bricht heran und bringt wieder neue Entwicklungen mit. Das gilt auch f\u00fcr die ERP-Branche.\" \/>\n<meta name=\"robots\" content=\"index, follow, max-snippet:-1, max-image-preview:large, max-video-preview:-1\" \/>\n<link rel=\"canonical\" href=\"https:\/\/www.organisator.ch\/fr\/gestion-2\/it\/2018-12-13\/drei-erp-trends-fuer-2019-die-kmu-beachten-sollten\/\" \/>\n<meta property=\"og:locale\" content=\"fr_FR\" \/>\n<meta property=\"og:type\" content=\"article\" \/>\n<meta property=\"og:title\" content=\"Drei ERP-Trends f\u00fcr 2019, die KMU beachten sollten\" \/>\n<meta property=\"og:description\" content=\"In wenigen Wochen ist es soweit: Das neue Jahr bricht heran und bringt wieder neue Entwicklungen mit. Das gilt auch f\u00fcr die ERP-Branche.\" \/>\n<meta property=\"og:url\" content=\"https:\/\/www.organisator.ch\/fr\/gestion-2\/it\/2018-12-13\/drei-erp-trends-fuer-2019-die-kmu-beachten-sollten\/\" \/>\n<meta property=\"og:site_name\" content=\"Organisator\" \/>\n<meta property=\"article:publisher\" content=\"https:\/\/www.facebook.com\/OrganisatorFachmagazin\" \/>\n<meta property=\"article:published_time\" content=\"2018-12-13T08:23:41+00:00\" \/>\n<meta property=\"og:image\" content=\"https:\/\/www.organisator.ch\/wp-content\/uploads\/2018\/12\/Drei-ERP-Trends-fuer-2019-die-KMU-beachten-sollten_Organisator.jpg\" \/>\n\t<meta property=\"og:image:width\" content=\"333\" \/>\n\t<meta property=\"og:image:height\" content=\"358\" \/>\n\t<meta property=\"og:image:type\" content=\"image\/jpeg\" \/>\n<meta name=\"author\" content=\"thomas.berner\" \/>\n<meta name=\"twitter:card\" content=\"summary_large_image\" \/>\n<meta name=\"twitter:title\" content=\"Drei #ERP-Trends f\u00fcr 2019, die KMU beachten sollten\" \/>\n<meta name=\"twitter:description\" content=\"In wenigen Wochen ist es soweit: Das neue Jahr bricht heran und bringt wieder neue Entwicklungen mit. Das gilt auch f\u00fcr die ERP-Branche.\" \/>\n<meta name=\"twitter:image\" content=\"https:\/\/www.organisator.ch\/wp-content\/uploads\/2018\/12\/Drei-ERP-Trends-f\u00fcr-2019-die-KMU-beachten-sollten_Organisator.jpg\" \/>\n<script type=\"application\/ld+json\" class=\"yoast-schema-graph\">{\"@context\":\"https:\\\/\\\/schema.org\",\"@graph\":[{\"@type\":\"Article\",\"@id\":\"https:\\\/\\\/www.organisator.ch\\\/management\\\/it\\\/2018-12-13\\\/drei-erp-trends-fuer-2019-die-kmu-beachten-sollten\\\/#article\",\"isPartOf\":{\"@id\":\"https:\\\/\\\/www.organisator.ch\\\/management\\\/it\\\/2018-12-13\\\/drei-erp-trends-fuer-2019-die-kmu-beachten-sollten\\\/\"},\"author\":{\"name\":\"thomas.berner\",\"@id\":\"https:\\\/\\\/www.organisator.ch\\\/#\\\/schema\\\/person\\\/6f650f90b2842cd4c0cc334b4e36f67e\"},\"headline\":\"Drei ERP-Trends f\u00fcr 2019, die KMU beachten sollten\",\"datePublished\":\"2018-12-13T08:23:41+00:00\",\"mainEntityOfPage\":{\"@id\":\"https:\\\/\\\/www.organisator.ch\\\/management\\\/it\\\/2018-12-13\\\/drei-erp-trends-fuer-2019-die-kmu-beachten-sollten\\\/\"},\"wordCount\":528,\"commentCount\":0,\"publisher\":{\"@id\":\"https:\\\/\\\/www.organisator.ch\\\/#organization\"},\"image\":{\"@id\":\"https:\\\/\\\/www.organisator.ch\\\/management\\\/it\\\/2018-12-13\\\/drei-erp-trends-fuer-2019-die-kmu-beachten-sollten\\\/#primaryimage\"},\"thumbnailUrl\":\"https:\\\/\\\/www.organisator.ch\\\/wp-content\\\/uploads\\\/2018\\\/12\\\/Drei-ERP-Trends-fuer-2019-die-KMU-beachten-sollten_Organisator.jpg\",\"keywords\":[\"Cloud Computing\",\"IT\",\"IT &amp; Business Software\",\"Produkte\",\"Trends\"],\"articleSection\":[\"IT\"],\"inLanguage\":\"fr-FR\"},{\"@type\":\"WebPage\",\"@id\":\"https:\\\/\\\/www.organisator.ch\\\/management\\\/it\\\/2018-12-13\\\/drei-erp-trends-fuer-2019-die-kmu-beachten-sollten\\\/\",\"url\":\"https:\\\/\\\/www.organisator.ch\\\/management\\\/it\\\/2018-12-13\\\/drei-erp-trends-fuer-2019-die-kmu-beachten-sollten\\\/\",\"name\":\"Drei ERP-Trends f\u00fcr 2019, die KMU beachten sollten - Organisator\",\"isPartOf\":{\"@id\":\"https:\\\/\\\/www.organisator.ch\\\/#website\"},\"primaryImageOfPage\":{\"@id\":\"https:\\\/\\\/www.organisator.ch\\\/management\\\/it\\\/2018-12-13\\\/drei-erp-trends-fuer-2019-die-kmu-beachten-sollten\\\/#primaryimage\"},\"image\":{\"@id\":\"https:\\\/\\\/www.organisator.ch\\\/management\\\/it\\\/2018-12-13\\\/drei-erp-trends-fuer-2019-die-kmu-beachten-sollten\\\/#primaryimage\"},\"thumbnailUrl\":\"https:\\\/\\\/www.organisator.ch\\\/wp-content\\\/uploads\\\/2018\\\/12\\\/Drei-ERP-Trends-fuer-2019-die-KMU-beachten-sollten_Organisator.jpg\",\"datePublished\":\"2018-12-13T08:23:41+00:00\",\"description\":\"In wenigen Wochen ist es soweit: Das neue Jahr bricht heran und bringt wieder neue Entwicklungen mit. Das gilt auch f\u00fcr die ERP-Branche.\",\"breadcrumb\":{\"@id\":\"https:\\\/\\\/www.organisator.ch\\\/management\\\/it\\\/2018-12-13\\\/drei-erp-trends-fuer-2019-die-kmu-beachten-sollten\\\/#breadcrumb\"},\"inLanguage\":\"fr-FR\",\"potentialAction\":[{\"@type\":\"ReadAction\",\"target\":[\"https:\\\/\\\/www.organisator.ch\\\/management\\\/it\\\/2018-12-13\\\/drei-erp-trends-fuer-2019-die-kmu-beachten-sollten\\\/\"]}]},{\"@type\":\"ImageObject\",\"inLanguage\":\"fr-FR\",\"@id\":\"https:\\\/\\\/www.organisator.ch\\\/management\\\/it\\\/2018-12-13\\\/drei-erp-trends-fuer-2019-die-kmu-beachten-sollten\\\/#primaryimage\",\"url\":\"https:\\\/\\\/www.organisator.ch\\\/wp-content\\\/uploads\\\/2018\\\/12\\\/Drei-ERP-Trends-fuer-2019-die-KMU-beachten-sollten_Organisator.jpg\",\"contentUrl\":\"https:\\\/\\\/www.organisator.ch\\\/wp-content\\\/uploads\\\/2018\\\/12\\\/Drei-ERP-Trends-fuer-2019-die-KMU-beachten-sollten_Organisator.jpg\",\"width\":333,\"height\":358,\"caption\":\"David Lauchenauer, Gesch\u00e4ftsf\u00fchrer und Gesellschafter der Myfactory Gruppe. (Quelle: Myfactory)\"},{\"@type\":\"BreadcrumbList\",\"@id\":\"https:\\\/\\\/www.organisator.ch\\\/management\\\/it\\\/2018-12-13\\\/drei-erp-trends-fuer-2019-die-kmu-beachten-sollten\\\/#breadcrumb\",\"itemListElement\":[{\"@type\":\"ListItem\",\"position\":1,\"name\":\"Home\",\"item\":\"https:\\\/\\\/www.organisator.ch\\\/\"},{\"@type\":\"ListItem\",\"position\":2,\"name\":\"Drei ERP-Trends f\u00fcr 2019, die KMU beachten sollten\"}]},{\"@type\":\"WebSite\",\"@id\":\"https:\\\/\\\/www.organisator.ch\\\/#website\",\"url\":\"https:\\\/\\\/www.organisator.ch\\\/\",\"name\":\"Organisator\",\"description\":\"Kompetent. Praxisnah. Der ORGANISATOR bereitet in 10 Ausgaben pro Jahr die wesentlichen Themen f\u00fcr F\u00fchrungskr\u00e4fte von KMU auf.\",\"publisher\":{\"@id\":\"https:\\\/\\\/www.organisator.ch\\\/#organization\"},\"potentialAction\":[{\"@type\":\"SearchAction\",\"target\":{\"@type\":\"EntryPoint\",\"urlTemplate\":\"https:\\\/\\\/www.organisator.ch\\\/?s={search_term_string}\"},\"query-input\":{\"@type\":\"PropertyValueSpecification\",\"valueRequired\":true,\"valueName\":\"search_term_string\"}}],\"inLanguage\":\"fr-FR\"},{\"@type\":\"Organization\",\"@id\":\"https:\\\/\\\/www.organisator.ch\\\/#organization\",\"name\":\"Organisator\",\"url\":\"https:\\\/\\\/www.organisator.ch\\\/\",\"logo\":{\"@type\":\"ImageObject\",\"inLanguage\":\"fr-FR\",\"@id\":\"https:\\\/\\\/www.organisator.ch\\\/#\\\/schema\\\/logo\\\/image\\\/\",\"url\":\"https:\\\/\\\/www.organisator.ch\\\/wp-content\\\/uploads\\\/2022\\\/01\\\/Logo_Organisator_Website.png\",\"contentUrl\":\"https:\\\/\\\/www.organisator.ch\\\/wp-content\\\/uploads\\\/2022\\\/01\\\/Logo_Organisator_Website.png\",\"width\":800,\"height\":77,\"caption\":\"Organisator\"},\"image\":{\"@id\":\"https:\\\/\\\/www.organisator.ch\\\/#\\\/schema\\\/logo\\\/image\\\/\"},\"sameAs\":[\"https:\\\/\\\/www.facebook.com\\\/OrganisatorFachmagazin\",\"https:\\\/\\\/www.linkedin.com\\\/showcase\\\/organisator-das-magazin-fr-kmu\",\"https:\\\/\\\/www.xing.com\\\/news\\\/pages\\\/organisator-ch-695\",\"https:\\\/\\\/www.youtube.com\\\/channel\\\/UCGP2Sq0iWaZwT3BdIAQFYpw\"]},{\"@type\":\"Person\",\"@id\":\"https:\\\/\\\/www.organisator.ch\\\/#\\\/schema\\\/person\\\/6f650f90b2842cd4c0cc334b4e36f67e\",\"name\":\"thomas.berner\",\"image\":{\"@type\":\"ImageObject\",\"inLanguage\":\"fr-FR\",\"@id\":\"https:\\\/\\\/secure.gravatar.com\\\/avatar\\\/ac5001d2a36cb6c6cd3e50789007ffca834b477b74a2144564522e944eabff61?s=96&d=mm&r=g\",\"url\":\"https:\\\/\\\/secure.gravatar.com\\\/avatar\\\/ac5001d2a36cb6c6cd3e50789007ffca834b477b74a2144564522e944eabff61?s=96&d=mm&r=g\",\"contentUrl\":\"https:\\\/\\\/secure.gravatar.com\\\/avatar\\\/ac5001d2a36cb6c6cd3e50789007ffca834b477b74a2144564522e944eabff61?s=96&d=mm&r=g\",\"caption\":\"thomas.berner\"},\"url\":\"https:\\\/\\\/www.organisator.ch\\\/fr\\\/author\\\/thomas-berner\\\/\"}]}<\/script>\n<!-- \/ Yoast SEO plugin. -->","yoast_head_json":{"title":"Trois tendances ERP pour 2019 que les PME doivent prendre en compte - Organisateur","description":"Dans quelques semaines, la nouvelle ann\u00e9e s'ouvrira et apportera \u00e0 nouveau son lot de nouveaut\u00e9s. Cela vaut \u00e9galement pour le secteur ERP.","robots":{"index":"index","follow":"follow","max-snippet":"max-snippet:-1","max-image-preview":"max-image-preview:large","max-video-preview":"max-video-preview:-1"},"canonical":"https:\/\/www.organisator.ch\/fr\/gestion-2\/it\/2018-12-13\/drei-erp-trends-fuer-2019-die-kmu-beachten-sollten\/","og_locale":"fr_FR","og_type":"article","og_title":"Drei ERP-Trends f\u00fcr 2019, die KMU beachten sollten","og_description":"In wenigen Wochen ist es soweit: Das neue Jahr bricht heran und bringt wieder neue Entwicklungen mit. Das gilt auch f\u00fcr die ERP-Branche.","og_url":"https:\/\/www.organisator.ch\/fr\/gestion-2\/it\/2018-12-13\/drei-erp-trends-fuer-2019-die-kmu-beachten-sollten\/","og_site_name":"Organisator","article_publisher":"https:\/\/www.facebook.com\/OrganisatorFachmagazin","article_published_time":"2018-12-13T08:23:41+00:00","og_image":[{"width":333,"height":358,"url":"https:\/\/www.organisator.ch\/wp-content\/uploads\/2018\/12\/Drei-ERP-Trends-fuer-2019-die-KMU-beachten-sollten_Organisator.jpg","type":"image\/jpeg"}],"author":"thomas.berner","twitter_card":"summary_large_image","twitter_title":"Drei #ERP-Trends f\u00fcr 2019, die KMU beachten sollten","twitter_description":"In wenigen Wochen ist es soweit: Das neue Jahr bricht heran und bringt wieder neue Entwicklungen mit. Das gilt auch f\u00fcr die ERP-Branche.","twitter_image":"https:\/\/www.organisator.ch\/wp-content\/uploads\/2018\/12\/Drei-ERP-Trends-f\u00fcr-2019-die-KMU-beachten-sollten_Organisator.jpg","schema":{"@context":"https:\/\/schema.org","@graph":[{"@type":"Article","@id":"https:\/\/www.organisator.ch\/management\/it\/2018-12-13\/drei-erp-trends-fuer-2019-die-kmu-beachten-sollten\/#article","isPartOf":{"@id":"https:\/\/www.organisator.ch\/management\/it\/2018-12-13\/drei-erp-trends-fuer-2019-die-kmu-beachten-sollten\/"},"author":{"name":"thomas.berner","@id":"https:\/\/www.organisator.ch\/#\/schema\/person\/6f650f90b2842cd4c0cc334b4e36f67e"},"headline":"Drei ERP-Trends f\u00fcr 2019, die KMU beachten sollten","datePublished":"2018-12-13T08:23:41+00:00","mainEntityOfPage":{"@id":"https:\/\/www.organisator.ch\/management\/it\/2018-12-13\/drei-erp-trends-fuer-2019-die-kmu-beachten-sollten\/"},"wordCount":528,"commentCount":0,"publisher":{"@id":"https:\/\/www.organisator.ch\/#organization"},"image":{"@id":"https:\/\/www.organisator.ch\/management\/it\/2018-12-13\/drei-erp-trends-fuer-2019-die-kmu-beachten-sollten\/#primaryimage"},"thumbnailUrl":"https:\/\/www.organisator.ch\/wp-content\/uploads\/2018\/12\/Drei-ERP-Trends-fuer-2019-die-KMU-beachten-sollten_Organisator.jpg","keywords":["Cloud Computing","IT","IT &amp; Business Software","Produkte","Trends"],"articleSection":["IT"],"inLanguage":"fr-FR"},{"@type":"WebPage","@id":"https:\/\/www.organisator.ch\/management\/it\/2018-12-13\/drei-erp-trends-fuer-2019-die-kmu-beachten-sollten\/","url":"https:\/\/www.organisator.ch\/management\/it\/2018-12-13\/drei-erp-trends-fuer-2019-die-kmu-beachten-sollten\/","name":"Trois tendances ERP pour 2019 que les PME doivent prendre en compte - Organisateur","isPartOf":{"@id":"https:\/\/www.organisator.ch\/#website"},"primaryImageOfPage":{"@id":"https:\/\/www.organisator.ch\/management\/it\/2018-12-13\/drei-erp-trends-fuer-2019-die-kmu-beachten-sollten\/#primaryimage"},"image":{"@id":"https:\/\/www.organisator.ch\/management\/it\/2018-12-13\/drei-erp-trends-fuer-2019-die-kmu-beachten-sollten\/#primaryimage"},"thumbnailUrl":"https:\/\/www.organisator.ch\/wp-content\/uploads\/2018\/12\/Drei-ERP-Trends-fuer-2019-die-KMU-beachten-sollten_Organisator.jpg","datePublished":"2018-12-13T08:23:41+00:00","description":"Dans quelques semaines, la nouvelle ann\u00e9e s'ouvrira et apportera \u00e0 nouveau son lot de nouveaut\u00e9s. Cela vaut \u00e9galement pour le secteur ERP.","breadcrumb":{"@id":"https:\/\/www.organisator.ch\/management\/it\/2018-12-13\/drei-erp-trends-fuer-2019-die-kmu-beachten-sollten\/#breadcrumb"},"inLanguage":"fr-FR","potentialAction":[{"@type":"ReadAction","target":["https:\/\/www.organisator.ch\/management\/it\/2018-12-13\/drei-erp-trends-fuer-2019-die-kmu-beachten-sollten\/"]}]},{"@type":"ImageObject","inLanguage":"fr-FR","@id":"https:\/\/www.organisator.ch\/management\/it\/2018-12-13\/drei-erp-trends-fuer-2019-die-kmu-beachten-sollten\/#primaryimage","url":"https:\/\/www.organisator.ch\/wp-content\/uploads\/2018\/12\/Drei-ERP-Trends-fuer-2019-die-KMU-beachten-sollten_Organisator.jpg","contentUrl":"https:\/\/www.organisator.ch\/wp-content\/uploads\/2018\/12\/Drei-ERP-Trends-fuer-2019-die-KMU-beachten-sollten_Organisator.jpg","width":333,"height":358,"caption":"David Lauchenauer, Gesch\u00e4ftsf\u00fchrer und Gesellschafter der Myfactory Gruppe. (Quelle: Myfactory)"},{"@type":"BreadcrumbList","@id":"https:\/\/www.organisator.ch\/management\/it\/2018-12-13\/drei-erp-trends-fuer-2019-die-kmu-beachten-sollten\/#breadcrumb","itemListElement":[{"@type":"ListItem","position":1,"name":"Home","item":"https:\/\/www.organisator.ch\/"},{"@type":"ListItem","position":2,"name":"Drei ERP-Trends f\u00fcr 2019, die KMU beachten sollten"}]},{"@type":"WebSite","@id":"https:\/\/www.organisator.ch\/#website","url":"https:\/\/www.organisator.ch\/","name":"Organisateur","description":"Comp\u00e9tence et comp\u00e9tence. Proches de la pratique. L'ORGANISATEUR pr\u00e9pare 10 num\u00e9ros par an sur les th\u00e8mes essentiels pour les dirigeants de PME.","publisher":{"@id":"https:\/\/www.organisator.ch\/#organization"},"potentialAction":[{"@type":"SearchAction","target":{"@type":"EntryPoint","urlTemplate":"https:\/\/www.organisator.ch\/?s={search_term_string}"},"query-input":{"@type":"PropertyValueSpecification","valueRequired":true,"valueName":"search_term_string"}}],"inLanguage":"fr-FR"},{"@type":"Organization","@id":"https:\/\/www.organisator.ch\/#organization","name":"Organisateur","url":"https:\/\/www.organisator.ch\/","logo":{"@type":"ImageObject","inLanguage":"fr-FR","@id":"https:\/\/www.organisator.ch\/#\/schema\/logo\/image\/","url":"https:\/\/www.organisator.ch\/wp-content\/uploads\/2022\/01\/Logo_Organisator_Website.png","contentUrl":"https:\/\/www.organisator.ch\/wp-content\/uploads\/2022\/01\/Logo_Organisator_Website.png","width":800,"height":77,"caption":"Organisator"},"image":{"@id":"https:\/\/www.organisator.ch\/#\/schema\/logo\/image\/"},"sameAs":["https:\/\/www.facebook.com\/OrganisatorFachmagazin","https:\/\/www.linkedin.com\/showcase\/organisator-das-magazin-fr-kmu","https:\/\/www.xing.com\/news\/pages\/organisator-ch-695","https:\/\/www.youtube.com\/channel\/UCGP2Sq0iWaZwT3BdIAQFYpw"]},{"@type":"Person","@id":"https:\/\/www.organisator.ch\/#\/schema\/person\/6f650f90b2842cd4c0cc334b4e36f67e","name":"thomas.berner","image":{"@type":"ImageObject","inLanguage":"fr-FR","@id":"https:\/\/secure.gravatar.com\/avatar\/ac5001d2a36cb6c6cd3e50789007ffca834b477b74a2144564522e944eabff61?s=96&d=mm&r=g","url":"https:\/\/secure.gravatar.com\/avatar\/ac5001d2a36cb6c6cd3e50789007ffca834b477b74a2144564522e944eabff61?s=96&d=mm&r=g","contentUrl":"https:\/\/secure.gravatar.com\/avatar\/ac5001d2a36cb6c6cd3e50789007ffca834b477b74a2144564522e944eabff61?s=96&d=mm&r=g","caption":"thomas.berner"},"url":"https:\/\/www.organisator.ch\/fr\/author\/thomas-berner\/"}]}},"_links":{"self":[{"href":"https:\/\/www.organisator.ch\/fr\/wp-json\/wp\/v2\/posts\/4676","targetHints":{"allow":["GET"]}}],"collection":[{"href":"https:\/\/www.organisator.ch\/fr\/wp-json\/wp\/v2\/posts"}],"about":[{"href":"https:\/\/www.organisator.ch\/fr\/wp-json\/wp\/v2\/types\/post"}],"author":[{"embeddable":true,"href":"https:\/\/www.organisator.ch\/fr\/wp-json\/wp\/v2\/users\/4"}],"replies":[{"embeddable":true,"href":"https:\/\/www.organisator.ch\/fr\/wp-json\/wp\/v2\/comments?post=4676"}],"version-history":[{"count":0,"href":"https:\/\/www.organisator.ch\/fr\/wp-json\/wp\/v2\/posts\/4676\/revisions"}],"wp:featuredmedia":[{"embeddable":true,"href":"https:\/\/www.organisator.ch\/fr\/wp-json\/wp\/v2\/media\/4677"}],"wp:attachment":[{"href":"https:\/\/www.organisator.ch\/fr\/wp-json\/wp\/v2\/media?parent=4676"}],"wp:term":[{"taxonomy":"category","embeddable":true,"href":"https:\/\/www.organisator.ch\/fr\/wp-json\/wp\/v2\/categories?post=4676"},{"taxonomy":"post_tag","embeddable":true,"href":"https:\/\/www.organisator.ch\/fr\/wp-json\/wp\/v2\/tags?post=4676"}],"curies":[{"name":"wp","href":"https:\/\/api.w.org\/{rel}","templated":true}]}}